{"id":22332,"date":"2025-04-24T17:00:00","date_gmt":"2025-04-24T20:00:00","guid":{"rendered":"https:\/\/sergiolapegue.com\/site\/?p=22332"},"modified":"2025-04-29T18:29:30","modified_gmt":"2025-04-29T21:29:30","slug":"sone-con-ellas-2","status":"publish","type":"post","link":"https:\/\/sergiolapegue.com\/site\/2025\/04\/24\/sone-con-ellas-2\/","title":{"rendered":"\u201cSO\u00d1\u00c9 CON ELLAS\u201d"},"content":{"rendered":"\n<p>El Dramaturgo, Director Teatral y Doctor en Investigaci\u00f3n en Ciencias Sociales (UBA), Gustavo Moscona, reestrena \u201cSo\u00f1\u00e9 con ellas\u201d, una comprometida obra sobre la violencia hacia las mujeres, con una dramaturgia sensible, respetuosa y sin golpes bajos donde se recuerda, en este segundo ciclo, las historias de Marita Ver\u00f3n, Mar\u00eda Cash y Micaela Garc\u00eda.<\/p>\n\n\n\n<p>Las funciones ser\u00e1n los S\u00e1bados 21 hs en La Gloria Espacio Teatral (Yatay 890). Ojal\u00e1 puedan verla.&nbsp;<\/p>\n\n\n\n<p>Premiada en el XXII Festival Iberoamericano de Teatro, Cumbre de las Am\u00e9ricas \u201cMujeres que cuentan\u201d:<\/p>\n\n\n\n<p>-Premio mejor obra (por Jurado y por p\u00fablico)<\/p>\n\n\n\n<p>&#8211; Premio mejor direcci\u00f3n Gustavo Moscona<\/p>\n\n\n\n<p>&#8211; Premio mejor actriz coprotag\u00f3nica Laura Moretti<\/p>\n\n\n\n<p>&#8211; Menci\u00f3n especial a la creaci\u00f3n en ejercicio de la memoria<\/p>\n\n\n\n<p><strong>SINOPSIS<\/strong><strong><\/strong><\/p>\n\n\n\n<p>\u00bfQu\u00e9 pas\u00f3 con Marita Ver\u00f3n, con Mar\u00eda Cash y Micaela Garc\u00eda? \u00bfPueden seguir desapareciendo mujeres en democracia? \u00bfPueden ser asesinadas mujeres en la Argentina de hoy? \u00bfQu\u00e9 significan las palabras \u201cfemicidio\u201d o \u201ctrata de personas\u201d en esta realidad tan deshumanizada?<\/p>\n\n\n\n<p>Las escenas se suceden y se relacionan de manera ilusoria, sin contar una historia lineal sino fragmentos de historias de cada una de las protagonistas que se entremezclan en una \u00fanica noche que compartir\u00e1n juntas.<\/p>\n\n\n\n<p><strong>PALABRAS DEL AUTOR <\/strong><\/p>\n\n\n\n<p>Me interesa problematizar el tema de las mujeres v\u00edctimas de femicidios o trata de personas por su dolorosa vigencia. En este segundo ciclo sigo haciendo las mismas preguntas inc\u00f3modas que nos interpelan en forma individual y como sociedad, aunque se trata de otras historias, de otras vidas, de otras mujeres, de otras actrices. Las tres protagonistas contar\u00e1n fragmentos de su vida y de lo ocurrido, que se mezcla inevitablemente con su rutina de ser j\u00f3venes y de ser mujeres. Es as\u00ed como constantemente escenas tr\u00e1gicas se fusiona con momentos luminosos de sus vidas, utilizando la met\u00e1fora y la poes\u00eda para narrar sin caer en \u201cgolpes bajos\u201d. Desde un teatro documental que no acepta esta realidad con resignaci\u00f3n, que no naturaliza y se presenta profundamente pol\u00edtico, intentamos con esta obra hacer un ejercicio de memoria y una reflexi\u00f3n de cara a nuestro presente, que nos acerque a un futuro mejor sin violencias patriarcales hacia las mujeres.<\/p>\n\n\n\n<figure class=\"wp-block-image size-large\"><img loading=\"lazy\" decoding=\"async\" width=\"1024\" height=\"683\" src=\"https:\/\/sergiolapegue.com\/site\/wp-content\/uploads\/2025\/04\/Sone-con-ellas-1-1024x683.jpg\" alt=\"\" class=\"wp-image-22333\" srcset=\"https:\/\/sergiolapegue.com\/site\/wp-content\/uploads\/2025\/04\/Sone-con-ellas-1-1024x683.jpg 1024w, https:\/\/sergiolapegue.com\/site\/wp-content\/uploads\/2025\/04\/Sone-con-ellas-1-300x200.jpg 300w, https:\/\/sergiolapegue.com\/site\/wp-content\/uploads\/2025\/04\/Sone-con-ellas-1-768x512.jpg 768w, https:\/\/sergiolapegue.com\/site\/wp-content\/uploads\/2025\/04\/Sone-con-ellas-1-1536x1024.jpg 1536w, https:\/\/sergiolapegue.com\/site\/wp-content\/uploads\/2025\/04\/Sone-con-ellas-1-2048x1365.jpg 2048w, https:\/\/sergiolapegue.com\/site\/wp-content\/uploads\/2025\/04\/Sone-con-ellas-1-630x420.jpg 630w, https:\/\/sergiolapegue.com\/site\/wp-content\/uploads\/2025\/04\/Sone-con-ellas-1-696x464.jpg 696w, https:\/\/sergiolapegue.com\/site\/wp-content\/uploads\/2025\/04\/Sone-con-ellas-1-1068x712.jpg 1068w, https:\/\/sergiolapegue.com\/site\/wp-content\/uploads\/2025\/04\/Sone-con-ellas-1-1920x1280.jpg 1920w\" sizes=\"auto, (max-width: 1024px) 100vw, 1024px\" \/><\/figure>\n\n\n\n<p><strong>FICHA T\u00c9CNICO ART\u00cdSTICA<\/strong><strong><\/strong><\/p>\n\n\n\n<p><strong>Dramaturgia:<\/strong>&nbsp;Gustavo Moscona<\/p>\n\n\n\n<p><strong>Actuaci\u00f3n:<\/strong>&nbsp;Laura Moretti&nbsp;(Marita Ver\u00f3n),&nbsp;Paz Vel\u00e1zquez&nbsp;(Micaela Garc\u00eda),&nbsp;Yanina Manfredi&nbsp;(Mar\u00eda Cash)<\/p>\n\n\n\n<p><strong>Fotograf\u00eda:<\/strong>&nbsp;Mario Carrasco<\/p>\n\n\n\n<p><strong>Dise\u00f1o gr\u00e1fico:<\/strong>&nbsp;Graciela Pieresko<\/p>\n\n\n\n<p><strong>Prensa:<\/strong>&nbsp;Valeria Franchi<\/p>\n\n\n\n<p><strong>Asistencia de direcci\u00f3n:<\/strong>&nbsp;Graciela Pieresko<\/p>\n\n\n\n<p><strong>Producci\u00f3n:<\/strong>&nbsp;Graciela Pieresko<\/p>\n\n\n\n<p><strong>Direcci\u00f3n:<\/strong>&nbsp;Gustavo Moscona<\/p>\n\n\n\n<p><strong>Redes sociales:<\/strong>&nbsp;@sone_con_ellas<\/p>\n\n\n\n<p><strong>Duraci\u00f3n:<\/strong>&nbsp;50 minutos<\/p>\n\n\n\n<p><strong>Clasificaci\u00f3n:<\/strong> Teatro \u2013 Presencial \u2013 Adultos<\/p>\n\n\n\n<p><strong>LA GLORIA ESPACIO TEATRAL <\/strong><strong><\/strong><\/p>\n\n\n\n<p>Yatay 890 \u2013 Capital Federal \u2013 Buenos Aires \u2013 Argentina<\/p>\n\n\n\n<p>Web: <a href=\"http:\/\/www.lagloriateatral.com\">http:\/\/www.lagloriateatral.com<\/a><\/p>\n\n\n\n<p>Entradas: $ 12.000 \u2013 en boleter\u00eda del teatro o por Alternativa Teatral \u2013 Link:<\/p>\n\n\n\n<p><a href=\"https:\/\/publico.alternativateatral.com\/entradas78743-sone-con-ellas?o=14\">https:\/\/publico.alternativateatral.com\/entradas78743-sone-con-ellas?o=14<\/a><\/p>\n\n\n\n<p>Funciones: S\u00e1bados 21:00 horas \u2013 Del 03\/05\/2025 al 28\/06\/2025<\/p>\n\n\n\n<p>Gracias Valeria Franchi por acercarnos la gacetilla de prensa del reestreno de este espect\u00e1culo.<\/p>\n\n\n\n<p><strong>SOBRE GUSTAVO MOSCONA <\/strong><strong><\/strong><\/p>\n\n\n\n<p>Naci\u00f3 en 1967. Es Dramaturgo y Director de Teatro. Escritor. Doctor en Investigaci\u00f3n en Ciencias Sociales (UBA) Mag\u00edster en Cultura y Comunicaci\u00f3n, Licenciado en Sociolog\u00eda y en Ciencias Pol\u00edticas (UBA) y Profesor de Historia.<\/p>\n\n\n\n<p>Realiz\u00f3 la dramaturgia y direcci\u00f3n de las siguientes obras: \u201cEl Edificio\u201d (2023-2024), \u201cSo\u00f1\u00e9 con ellas\u201d (2022-2023), \u201cLa \u00faltima Receta\u201d (2022-2023), \u201cAquel s\u00e9ptimo del 79\u201d (2019), \u201cMudanzas\u201d (2018), \u201cAquel Rancho de Cabo Polonio\u201d (2017 \u2013 2018), \u201cTantas payasas sean necesarias\u201d (2017), \u201cEl Cementerio\u201d (2016- 2017- 2018), \u201cTenemos que hablar con las chicas\u201d (2015-2016), \u201cPolic\u00eda para ratas\u201d (2015-2016-2019), \u201cEl Locutorio\u201d (2014- 2015), \u201cEl Escape\u201d (2011- 2012-2013 -2014),&nbsp; \u201cSupongamos que tuvimos SIDA\u201d (2014 -2015), \u201cRecordares\u201d (2012- 2013-2014), \u201cBarriletes en Tempestad\u201d (2012-2013- 2014),&nbsp; \u201cPostales del 2002\u201d (2011- 2018), \u201cDelivery\u201d (2010). \u201cOficio Terrestre Taxista\u201d (2009).<\/p>\n\n\n\n<p>Escribi\u00f3 y dirigi\u00f3 las obras breves \u201cApunten al Natural (2016), \u201cEl Rojo carne, una pasi\u00f3n argenta (2012), \u201cEl Ultimo recreo\u201d (2013), \u201cHasta en el \u00faltimo rinc\u00f3n\u201d (2013).<\/p>\n\n\n\n<p>Dirigi\u00f3 teatro comunitario en Virrey del Pino, La Matanza entre los a\u00f1os 1995 y 2009 con el grupo \u201cVeladas Paquetas\u201d. Form\u00f3 parte del grupo de dramaturgos \u201cNo hay drama\u201d&nbsp; entre los a\u00f1os 2009 y 2010. En la Facultad Ciencias Sociales (UBA), durante los a\u00f1os 2007, 2008 y 2009, organiz\u00f3 tres happenings: \u201cLa Asamblea\u201d, \u201cLa Beca\u201d y \u201cEl Velatorio\u201d. En la Universidad General Sarmiento realiz\u00f3 en 2014 la Instalaci\u00f3n Teatral \u201cTrelew, la patria fusilada\u201d, \u201cQue nadie saquee nuestra memoria\u201d (2015). En el a\u00f1o 2016 presento en el IMPA la Instalaci\u00f3n Teatral \u201cAcerca de los fusilamientos de Jos\u00e9 Le\u00f3n Suarez\u201d. Present\u00f3 La instalaci\u00f3n Teatral \u201cCroma\u00f1\u00f3n nos pas\u00f3 a todos\u201d (2018- 2019). La Instalaci\u00f3n fue declarada en diciembre del 2019 de Inter\u00e9s Cultural por la Legislatura Porte\u00f1a.<\/p>\n\n\n\n<p>Se form\u00f3 en Direcci\u00f3n y Puesta en escena con Jos\u00e9 Mar\u00eda Muscari, In\u00e9s Saavedra, Pompeyo Audivert, Luciano Suardi, Cristian Drutt, Bernardo Cappa y David Amit\u00edn. Y en Actuaci\u00f3n con Virginia Lombardo, N\u00e9stor Sabattini, Irina Alonso, Cristina Armada, Marina Quesada, el grupo Krapp y Ana Yovino.<\/p>\n\n\n\n<p>Realiz\u00f3 seminarios de Dramaturgia con Cecilia Propato y de Escritura con Alberto Laisseca, Pablo P\u00e9rez, Fabi\u00e1n Casas, Marcelo Guerrieri, Mariana Enr\u00edquez y Maruja Bustamante.<\/p>\n\n\n\n<p>Escribi\u00f3 cinco libros de cuentos: \u201cLa primera novia de Luis Miguel\u201d (2013), \u201cEl Brujo que traicion\u00f3 a Boca\u201d (2014), \u201cEsa Toper blanca y otros cuentos\u201d (2018), \u201cMochilas\u201d (2022), \u201cEl amigo de los&nbsp;rugbiers\u201d&nbsp;(2025). Y tres libros de ensayo \u201cNueve tiros\u201d Ensayos sobre cultura y pol\u00edtica en los a\u00f1os 60.<\/p>\n\n\n\n<p>Compilador&nbsp; (2020), \u201cUn coctel explosivo\u201d Ensayos sobre Teatro y Pol\u00edtica (2021), Censura y Represi\u00f3n. Ensayos sobre cultura en los a\u00f1os 1976-1983, Compilador. (2023).<\/p>\n\n\n\n<p><\/p>\n","protected":false},"excerpt":{"rendered":"<p>El Dramaturgo, Director Teatral y Doctor en Investigaci\u00f3n en Ciencias Sociales (UBA), Gustavo Moscona, reestrena \u201cSo\u00f1\u00e9 con ellas\u201d, una comprometida obra sobre la violencia hacia las mujeres, con una dramaturgia sensible, respetuosa y sin golpes bajos donde se recuerda, en este segundo ciclo, las historias de Marita Ver\u00f3n, Mar\u00eda Cash y Micaela Garc\u00eda. Las funciones [&hellip;]<\/p>\n","protected":false},"author":3,"featured_media":22337,"comment_status":"open","ping_status":"closed","sticky":false,"template":"","format":"standard","meta":{"footnotes":""},"categories":[34,35],"tags":[],"class_list":{"0":"post-22332","1":"post","2":"type-post","3":"status-publish","4":"format-standard","5":"has-post-thumbnail","7":"category-arte","8":"category-teatro"},"yoast_head":"<!-- This site is optimized with the Yoast SEO plugin v27.5 - https:\/\/yoast.com\/product\/yoast-seo-wordpress\/ -->\n<title>\u201cSO\u00d1\u00c9 CON ELLAS\u201d - Sergio Lapegue<\/title>\n<meta name=\"robots\" content=\"index, follow, max-snippet:-1, max-image-preview:large, max-video-preview:-1\" \/>\n<link rel=\"canonical\" href=\"https:\/\/sergiolapegue.com\/site\/2025\/04\/24\/sone-con-ellas-2\/\" \/>\n<meta property=\"og:locale\" content=\"es_ES\" \/>\n<meta property=\"og:type\" content=\"article\" \/>\n<meta property=\"og:title\" content=\"\u201cSO\u00d1\u00c9 CON ELLAS\u201d - Sergio Lapegue\" \/>\n<meta property=\"og:description\" content=\"El Dramaturgo, Director Teatral y Doctor en Investigaci\u00f3n en Ciencias Sociales (UBA), Gustavo Moscona, reestrena \u201cSo\u00f1\u00e9 con ellas\u201d, una comprometida obra sobre la violencia hacia las mujeres, con una dramaturgia sensible, respetuosa y sin golpes bajos donde se recuerda, en este segundo ciclo, las historias de Marita Ver\u00f3n, Mar\u00eda Cash y Micaela Garc\u00eda. Las funciones [&hellip;]\" \/>\n<meta property=\"og:url\" content=\"https:\/\/sergiolapegue.com\/site\/2025\/04\/24\/sone-con-ellas-2\/\" \/>\n<meta property=\"og:site_name\" content=\"Sergio Lapegue\" \/>\n<meta property=\"article:publisher\" content=\"https:\/\/facebook.com\/sergiolapegue\" \/>\n<meta property=\"article:author\" content=\"https:\/\/facebook.com\/danielernesto.montana\" \/>\n<meta property=\"article:published_time\" content=\"2025-04-24T20:00:00+00:00\" \/>\n<meta property=\"article:modified_time\" content=\"2025-04-29T21:29:30+00:00\" \/>\n<meta property=\"og:image\" content=\"https:\/\/sergiolapegue.com\/site\/wp-content\/uploads\/2025\/04\/Sone-con-ellas.jpeg\" \/>\n\t<meta property=\"og:image:width\" content=\"1080\" \/>\n\t<meta property=\"og:image:height\" content=\"1350\" \/>\n\t<meta property=\"og:image:type\" content=\"image\/jpeg\" \/>\n<meta name=\"author\" content=\"Daniel E. Monta\u00f1a\" \/>\n<meta name=\"twitter:card\" content=\"summary_large_image\" \/>\n<meta name=\"twitter:creator\" content=\"@https:\/\/twitter.com\/daner_004\" \/>\n<meta name=\"twitter:site\" content=\"@sergiolapegue\" \/>\n<meta name=\"twitter:label1\" content=\"Escrito por\" \/>\n\t<meta name=\"twitter:data1\" content=\"Daniel E. Monta\u00f1a\" \/>\n\t<meta name=\"twitter:label2\" content=\"Tiempo de lectura\" \/>\n\t<meta name=\"twitter:data2\" content=\"5 minutos\" \/>\n<script type=\"application\/ld+json\" class=\"yoast-schema-graph\">{\"@context\":\"https:\\\/\\\/schema.org\",\"@graph\":[{\"@type\":\"Article\",\"@id\":\"https:\\\/\\\/sergiolapegue.com\\\/site\\\/2025\\\/04\\\/24\\\/sone-con-ellas-2\\\/#article\",\"isPartOf\":{\"@id\":\"https:\\\/\\\/sergiolapegue.com\\\/site\\\/2025\\\/04\\\/24\\\/sone-con-ellas-2\\\/\"},\"author\":{\"name\":\"Daniel E. Monta\u00f1a\",\"@id\":\"https:\\\/\\\/sergiolapegue.com\\\/site\\\/#\\\/schema\\\/person\\\/9198e7dbab43c6d74d0fd5399af7c3cd\"},\"headline\":\"\u201cSO\u00d1\u00c9 CON ELLAS\u201d\",\"datePublished\":\"2025-04-24T20:00:00+00:00\",\"dateModified\":\"2025-04-29T21:29:30+00:00\",\"mainEntityOfPage\":{\"@id\":\"https:\\\/\\\/sergiolapegue.com\\\/site\\\/2025\\\/04\\\/24\\\/sone-con-ellas-2\\\/\"},\"wordCount\":937,\"commentCount\":0,\"publisher\":{\"@id\":\"https:\\\/\\\/sergiolapegue.com\\\/site\\\/#\\\/schema\\\/person\\\/083aeceeb0734cd166779ea6c0551a37\"},\"image\":{\"@id\":\"https:\\\/\\\/sergiolapegue.com\\\/site\\\/2025\\\/04\\\/24\\\/sone-con-ellas-2\\\/#primaryimage\"},\"thumbnailUrl\":\"https:\\\/\\\/sergiolapegue.com\\\/site\\\/wp-content\\\/uploads\\\/2025\\\/04\\\/Sone-con-ellas.jpeg\",\"articleSection\":[\"Arte\",\"Teatro\"],\"inLanguage\":\"es-AR\",\"potentialAction\":[{\"@type\":\"CommentAction\",\"name\":\"Comment\",\"target\":[\"https:\\\/\\\/sergiolapegue.com\\\/site\\\/2025\\\/04\\\/24\\\/sone-con-ellas-2\\\/#respond\"]}]},{\"@type\":\"WebPage\",\"@id\":\"https:\\\/\\\/sergiolapegue.com\\\/site\\\/2025\\\/04\\\/24\\\/sone-con-ellas-2\\\/\",\"url\":\"https:\\\/\\\/sergiolapegue.com\\\/site\\\/2025\\\/04\\\/24\\\/sone-con-ellas-2\\\/\",\"name\":\"\u201cSO\u00d1\u00c9 CON ELLAS\u201d - Sergio Lapegue\",\"isPartOf\":{\"@id\":\"https:\\\/\\\/sergiolapegue.com\\\/site\\\/#website\"},\"primaryImageOfPage\":{\"@id\":\"https:\\\/\\\/sergiolapegue.com\\\/site\\\/2025\\\/04\\\/24\\\/sone-con-ellas-2\\\/#primaryimage\"},\"image\":{\"@id\":\"https:\\\/\\\/sergiolapegue.com\\\/site\\\/2025\\\/04\\\/24\\\/sone-con-ellas-2\\\/#primaryimage\"},\"thumbnailUrl\":\"https:\\\/\\\/sergiolapegue.com\\\/site\\\/wp-content\\\/uploads\\\/2025\\\/04\\\/Sone-con-ellas.jpeg\",\"datePublished\":\"2025-04-24T20:00:00+00:00\",\"dateModified\":\"2025-04-29T21:29:30+00:00\",\"breadcrumb\":{\"@id\":\"https:\\\/\\\/sergiolapegue.com\\\/site\\\/2025\\\/04\\\/24\\\/sone-con-ellas-2\\\/#breadcrumb\"},\"inLanguage\":\"es-AR\",\"potentialAction\":[{\"@type\":\"ReadAction\",\"target\":[\"https:\\\/\\\/sergiolapegue.com\\\/site\\\/2025\\\/04\\\/24\\\/sone-con-ellas-2\\\/\"]}]},{\"@type\":\"ImageObject\",\"inLanguage\":\"es-AR\",\"@id\":\"https:\\\/\\\/sergiolapegue.com\\\/site\\\/2025\\\/04\\\/24\\\/sone-con-ellas-2\\\/#primaryimage\",\"url\":\"https:\\\/\\\/sergiolapegue.com\\\/site\\\/wp-content\\\/uploads\\\/2025\\\/04\\\/Sone-con-ellas.jpeg\",\"contentUrl\":\"https:\\\/\\\/sergiolapegue.com\\\/site\\\/wp-content\\\/uploads\\\/2025\\\/04\\\/Sone-con-ellas.jpeg\",\"width\":1080,\"height\":1350},{\"@type\":\"BreadcrumbList\",\"@id\":\"https:\\\/\\\/sergiolapegue.com\\\/site\\\/2025\\\/04\\\/24\\\/sone-con-ellas-2\\\/#breadcrumb\",\"itemListElement\":[{\"@type\":\"ListItem\",\"position\":1,\"name\":\"Inicio\",\"item\":\"https:\\\/\\\/sergiolapegue.com\\\/site\\\/\"},{\"@type\":\"ListItem\",\"position\":2,\"name\":\"\u201cSO\u00d1\u00c9 CON ELLAS\u201d\"}]},{\"@type\":\"WebSite\",\"@id\":\"https:\\\/\\\/sergiolapegue.com\\\/site\\\/#website\",\"url\":\"https:\\\/\\\/sergiolapegue.com\\\/site\\\/\",\"name\":\"Sergio Lapegue\",\"description\":\"Periodista\",\"publisher\":{\"@id\":\"https:\\\/\\\/sergiolapegue.com\\\/site\\\/#\\\/schema\\\/person\\\/083aeceeb0734cd166779ea6c0551a37\"},\"potentialAction\":[{\"@type\":\"SearchAction\",\"target\":{\"@type\":\"EntryPoint\",\"urlTemplate\":\"https:\\\/\\\/sergiolapegue.com\\\/site\\\/?s={search_term_string}\"},\"query-input\":{\"@type\":\"PropertyValueSpecification\",\"valueRequired\":true,\"valueName\":\"search_term_string\"}}],\"inLanguage\":\"es-AR\"},{\"@type\":[\"Person\",\"Organization\"],\"@id\":\"https:\\\/\\\/sergiolapegue.com\\\/site\\\/#\\\/schema\\\/person\\\/083aeceeb0734cd166779ea6c0551a37\",\"name\":\"Sergio Lapegue\",\"image\":{\"@type\":\"ImageObject\",\"inLanguage\":\"es-AR\",\"@id\":\"https:\\\/\\\/sergiolapegue.com\\\/site\\\/wp-content\\\/uploads\\\/2021\\\/04\\\/logo_header-1.png\",\"url\":\"https:\\\/\\\/sergiolapegue.com\\\/site\\\/wp-content\\\/uploads\\\/2021\\\/04\\\/logo_header-1.png\",\"contentUrl\":\"https:\\\/\\\/sergiolapegue.com\\\/site\\\/wp-content\\\/uploads\\\/2021\\\/04\\\/logo_header-1.png\",\"width\":272,\"height\":90,\"caption\":\"Sergio Lapegue\"},\"logo\":{\"@id\":\"https:\\\/\\\/sergiolapegue.com\\\/site\\\/wp-content\\\/uploads\\\/2021\\\/04\\\/logo_header-1.png\"},\"sameAs\":[\"https:\\\/\\\/facebook.com\\\/sergiolapegue\",\"https:\\\/\\\/instagram.com\\\/sergiolapegue\",\"https:\\\/\\\/x.com\\\/https:\\\/\\\/twitter.com\\\/sergiolapegue\"]},{\"@type\":\"Person\",\"@id\":\"https:\\\/\\\/sergiolapegue.com\\\/site\\\/#\\\/schema\\\/person\\\/9198e7dbab43c6d74d0fd5399af7c3cd\",\"name\":\"Daniel E. Monta\u00f1a\",\"image\":{\"@type\":\"ImageObject\",\"inLanguage\":\"es-AR\",\"@id\":\"https:\\\/\\\/sergiolapegue.com\\\/site\\\/wp-content\\\/uploads\\\/2021\\\/04\\\/sl_avatar_Daniel-150x150.jpg\",\"url\":\"https:\\\/\\\/sergiolapegue.com\\\/site\\\/wp-content\\\/uploads\\\/2021\\\/04\\\/sl_avatar_Daniel-150x150.jpg\",\"contentUrl\":\"https:\\\/\\\/sergiolapegue.com\\\/site\\\/wp-content\\\/uploads\\\/2021\\\/04\\\/sl_avatar_Daniel-150x150.jpg\",\"caption\":\"Daniel E. Monta\u00f1a\"},\"sameAs\":[\"https:\\\/\\\/facebook.com\\\/danielernesto.montana\",\"https:\\\/\\\/instagram.com\\\/daniel_montana1961\",\"https:\\\/\\\/x.com\\\/https:\\\/\\\/twitter.com\\\/daner_004\"],\"url\":\"https:\\\/\\\/sergiolapegue.com\\\/site\\\/author\\\/daniel\\\/\"}]}<\/script>\n<!-- \/ Yoast SEO plugin. -->","yoast_head_json":{"title":"\u201cSO\u00d1\u00c9 CON ELLAS\u201d - Sergio Lapegue","robots":{"index":"index","follow":"follow","max-snippet":"max-snippet:-1","max-image-preview":"max-image-preview:large","max-video-preview":"max-video-preview:-1"},"canonical":"https:\/\/sergiolapegue.com\/site\/2025\/04\/24\/sone-con-ellas-2\/","og_locale":"es_ES","og_type":"article","og_title":"\u201cSO\u00d1\u00c9 CON ELLAS\u201d - Sergio Lapegue","og_description":"El Dramaturgo, Director Teatral y Doctor en Investigaci\u00f3n en Ciencias Sociales (UBA), Gustavo Moscona, reestrena \u201cSo\u00f1\u00e9 con ellas\u201d, una comprometida obra sobre la violencia hacia las mujeres, con una dramaturgia sensible, respetuosa y sin golpes bajos donde se recuerda, en este segundo ciclo, las historias de Marita Ver\u00f3n, Mar\u00eda Cash y Micaela Garc\u00eda. Las funciones [&hellip;]","og_url":"https:\/\/sergiolapegue.com\/site\/2025\/04\/24\/sone-con-ellas-2\/","og_site_name":"Sergio Lapegue","article_publisher":"https:\/\/facebook.com\/sergiolapegue","article_author":"https:\/\/facebook.com\/danielernesto.montana","article_published_time":"2025-04-24T20:00:00+00:00","article_modified_time":"2025-04-29T21:29:30+00:00","og_image":[{"width":1080,"height":1350,"url":"https:\/\/sergiolapegue.com\/site\/wp-content\/uploads\/2025\/04\/Sone-con-ellas.jpeg","type":"image\/jpeg"}],"author":"Daniel E. Monta\u00f1a","twitter_card":"summary_large_image","twitter_creator":"@https:\/\/twitter.com\/daner_004","twitter_site":"@sergiolapegue","twitter_misc":{"Escrito por":"Daniel E. Monta\u00f1a","Tiempo de lectura":"5 minutos"},"schema":{"@context":"https:\/\/schema.org","@graph":[{"@type":"Article","@id":"https:\/\/sergiolapegue.com\/site\/2025\/04\/24\/sone-con-ellas-2\/#article","isPartOf":{"@id":"https:\/\/sergiolapegue.com\/site\/2025\/04\/24\/sone-con-ellas-2\/"},"author":{"name":"Daniel E. Monta\u00f1a","@id":"https:\/\/sergiolapegue.com\/site\/#\/schema\/person\/9198e7dbab43c6d74d0fd5399af7c3cd"},"headline":"\u201cSO\u00d1\u00c9 CON ELLAS\u201d","datePublished":"2025-04-24T20:00:00+00:00","dateModified":"2025-04-29T21:29:30+00:00","mainEntityOfPage":{"@id":"https:\/\/sergiolapegue.com\/site\/2025\/04\/24\/sone-con-ellas-2\/"},"wordCount":937,"commentCount":0,"publisher":{"@id":"https:\/\/sergiolapegue.com\/site\/#\/schema\/person\/083aeceeb0734cd166779ea6c0551a37"},"image":{"@id":"https:\/\/sergiolapegue.com\/site\/2025\/04\/24\/sone-con-ellas-2\/#primaryimage"},"thumbnailUrl":"https:\/\/sergiolapegue.com\/site\/wp-content\/uploads\/2025\/04\/Sone-con-ellas.jpeg","articleSection":["Arte","Teatro"],"inLanguage":"es-AR","potentialAction":[{"@type":"CommentAction","name":"Comment","target":["https:\/\/sergiolapegue.com\/site\/2025\/04\/24\/sone-con-ellas-2\/#respond"]}]},{"@type":"WebPage","@id":"https:\/\/sergiolapegue.com\/site\/2025\/04\/24\/sone-con-ellas-2\/","url":"https:\/\/sergiolapegue.com\/site\/2025\/04\/24\/sone-con-ellas-2\/","name":"\u201cSO\u00d1\u00c9 CON ELLAS\u201d - Sergio Lapegue","isPartOf":{"@id":"https:\/\/sergiolapegue.com\/site\/#website"},"primaryImageOfPage":{"@id":"https:\/\/sergiolapegue.com\/site\/2025\/04\/24\/sone-con-ellas-2\/#primaryimage"},"image":{"@id":"https:\/\/sergiolapegue.com\/site\/2025\/04\/24\/sone-con-ellas-2\/#primaryimage"},"thumbnailUrl":"https:\/\/sergiolapegue.com\/site\/wp-content\/uploads\/2025\/04\/Sone-con-ellas.jpeg","datePublished":"2025-04-24T20:00:00+00:00","dateModified":"2025-04-29T21:29:30+00:00","breadcrumb":{"@id":"https:\/\/sergiolapegue.com\/site\/2025\/04\/24\/sone-con-ellas-2\/#breadcrumb"},"inLanguage":"es-AR","potentialAction":[{"@type":"ReadAction","target":["https:\/\/sergiolapegue.com\/site\/2025\/04\/24\/sone-con-ellas-2\/"]}]},{"@type":"ImageObject","inLanguage":"es-AR","@id":"https:\/\/sergiolapegue.com\/site\/2025\/04\/24\/sone-con-ellas-2\/#primaryimage","url":"https:\/\/sergiolapegue.com\/site\/wp-content\/uploads\/2025\/04\/Sone-con-ellas.jpeg","contentUrl":"https:\/\/sergiolapegue.com\/site\/wp-content\/uploads\/2025\/04\/Sone-con-ellas.jpeg","width":1080,"height":1350},{"@type":"BreadcrumbList","@id":"https:\/\/sergiolapegue.com\/site\/2025\/04\/24\/sone-con-ellas-2\/#breadcrumb","itemListElement":[{"@type":"ListItem","position":1,"name":"Inicio","item":"https:\/\/sergiolapegue.com\/site\/"},{"@type":"ListItem","position":2,"name":"\u201cSO\u00d1\u00c9 CON ELLAS\u201d"}]},{"@type":"WebSite","@id":"https:\/\/sergiolapegue.com\/site\/#website","url":"https:\/\/sergiolapegue.com\/site\/","name":"Sergio Lapegue","description":"Periodista","publisher":{"@id":"https:\/\/sergiolapegue.com\/site\/#\/schema\/person\/083aeceeb0734cd166779ea6c0551a37"},"potentialAction":[{"@type":"SearchAction","target":{"@type":"EntryPoint","urlTemplate":"https:\/\/sergiolapegue.com\/site\/?s={search_term_string}"},"query-input":{"@type":"PropertyValueSpecification","valueRequired":true,"valueName":"search_term_string"}}],"inLanguage":"es-AR"},{"@type":["Person","Organization"],"@id":"https:\/\/sergiolapegue.com\/site\/#\/schema\/person\/083aeceeb0734cd166779ea6c0551a37","name":"Sergio Lapegue","image":{"@type":"ImageObject","inLanguage":"es-AR","@id":"https:\/\/sergiolapegue.com\/site\/wp-content\/uploads\/2021\/04\/logo_header-1.png","url":"https:\/\/sergiolapegue.com\/site\/wp-content\/uploads\/2021\/04\/logo_header-1.png","contentUrl":"https:\/\/sergiolapegue.com\/site\/wp-content\/uploads\/2021\/04\/logo_header-1.png","width":272,"height":90,"caption":"Sergio Lapegue"},"logo":{"@id":"https:\/\/sergiolapegue.com\/site\/wp-content\/uploads\/2021\/04\/logo_header-1.png"},"sameAs":["https:\/\/facebook.com\/sergiolapegue","https:\/\/instagram.com\/sergiolapegue","https:\/\/x.com\/https:\/\/twitter.com\/sergiolapegue"]},{"@type":"Person","@id":"https:\/\/sergiolapegue.com\/site\/#\/schema\/person\/9198e7dbab43c6d74d0fd5399af7c3cd","name":"Daniel E. Monta\u00f1a","image":{"@type":"ImageObject","inLanguage":"es-AR","@id":"https:\/\/sergiolapegue.com\/site\/wp-content\/uploads\/2021\/04\/sl_avatar_Daniel-150x150.jpg","url":"https:\/\/sergiolapegue.com\/site\/wp-content\/uploads\/2021\/04\/sl_avatar_Daniel-150x150.jpg","contentUrl":"https:\/\/sergiolapegue.com\/site\/wp-content\/uploads\/2021\/04\/sl_avatar_Daniel-150x150.jpg","caption":"Daniel E. Monta\u00f1a"},"sameAs":["https:\/\/facebook.com\/danielernesto.montana","https:\/\/instagram.com\/daniel_montana1961","https:\/\/x.com\/https:\/\/twitter.com\/daner_004"],"url":"https:\/\/sergiolapegue.com\/site\/author\/daniel\/"}]}},"_links":{"self":[{"href":"https:\/\/sergiolapegue.com\/site\/wp-json\/wp\/v2\/posts\/22332","targetHints":{"allow":["GET"]}}],"collection":[{"href":"https:\/\/sergiolapegue.com\/site\/wp-json\/wp\/v2\/posts"}],"about":[{"href":"https:\/\/sergiolapegue.com\/site\/wp-json\/wp\/v2\/types\/post"}],"author":[{"embeddable":true,"href":"https:\/\/sergiolapegue.com\/site\/wp-json\/wp\/v2\/users\/3"}],"replies":[{"embeddable":true,"href":"https:\/\/sergiolapegue.com\/site\/wp-json\/wp\/v2\/comments?post=22332"}],"version-history":[{"count":2,"href":"https:\/\/sergiolapegue.com\/site\/wp-json\/wp\/v2\/posts\/22332\/revisions"}],"predecessor-version":[{"id":22462,"href":"https:\/\/sergiolapegue.com\/site\/wp-json\/wp\/v2\/posts\/22332\/revisions\/22462"}],"wp:featuredmedia":[{"embeddable":true,"href":"https:\/\/sergiolapegue.com\/site\/wp-json\/wp\/v2\/media\/22337"}],"wp:attachment":[{"href":"https:\/\/sergiolapegue.com\/site\/wp-json\/wp\/v2\/media?parent=22332"}],"wp:term":[{"taxonomy":"category","embeddable":true,"href":"https:\/\/sergiolapegue.com\/site\/wp-json\/wp\/v2\/categories?post=22332"},{"taxonomy":"post_tag","embeddable":true,"href":"https:\/\/sergiolapegue.com\/site\/wp-json\/wp\/v2\/tags?post=22332"}],"curies":[{"name":"wp","href":"https:\/\/api.w.org\/{rel}","templated":true}]}}