{"id":22285,"date":"2025-04-30T09:00:00","date_gmt":"2025-04-30T12:00:00","guid":{"rendered":"https:\/\/sergiolapegue.com\/site\/?p=22285"},"modified":"2025-04-21T18:04:11","modified_gmt":"2025-04-21T21:04:11","slug":"un-estudio-revela-que-366-c-ya-no-es-la-temperatura-corporal-promedio","status":"publish","type":"post","link":"https:\/\/sergiolapegue.com\/site\/2025\/04\/30\/un-estudio-revela-que-366-c-ya-no-es-la-temperatura-corporal-promedio\/","title":{"rendered":"Un estudio revela que 36,6 \u00b0C ya no es la temperatura corporal promedio"},"content":{"rendered":"\n<p>Un nuevo estudio realizado por la Universidad de Stanford revel\u00f3 que la temperatura corporal promedio humana est\u00e1 disminuyendo, desafiando el est\u00e1ndar establecido en el siglo XIX. Liderada por la Dra. Julie Parsonnet, experta en enfermedades infecciosas, la investigaci\u00f3n analiz\u00f3 datos que abarcan casi dos siglos y concluy\u00f3 que la temperatura promedio com\u00fanmente aceptada de 36.6 grados Celsius es incorrecta.<\/p>\n\n\n\n<p>El equipo de la Dra. Parsonnet en la Universidad de Stanford trabaj\u00f3 con 618,306 mediciones de temperatura oral de pacientes adultos tomadas entre 2008 y 2017. Utilizando algoritmos de aprendizaje autom\u00e1tico para eliminar datos afectados por enfermedades, los investigadores realizaron un extenso an\u00e1lisis de las tendencias de la temperatura corporal a lo largo del tiempo. El estudio fue publicado en la revista cient\u00edfica eLife.<\/p>\n\n\n\n<p>El estudio encontr\u00f3 que la temperatura corporal humana normal var\u00eda naturalmente entre 36.2\u00b0C y 36.8\u00b0C (97.3\u00b0F y 98.2\u00b0F), lo que sugiere que el valor com\u00fanmente aceptado puede ser demasiado alto. &#8220;La mayor\u00eda de las personas, incluidos muchos m\u00e9dicos, todav\u00eda piensan que la temperatura normal de todos es de 36.6 grados. De hecho, lo normal depende de cada persona y la situaci\u00f3n; rara vez es de 36.6 grados&#8221;, afirm\u00f3 Parsonnet, profesora de medicina y epidemiolog\u00eda en la Universidad de Stanford.<\/p>\n\n\n\n<p>Parsonnet y su equipo descubrieron que cada d\u00e9cada desde el siglo XIX, la temperatura corporal promedio de las personas en EE. UU. disminuy\u00f3 al menos 0.05 grados Celsius, atribuido a mejoras en las condiciones de vida y la salud general de la poblaci\u00f3n. &#8220;Fisiol\u00f3gicamente, simplemente somos diferentes de lo que \u00e9ramos en el pasado&#8221;, declar\u00f3 la Dra. Parsonnet.<\/p>\n\n\n\n<p>La disminuci\u00f3n en la temperatura corporal promedio podr\u00eda estar relacionada con mejoras en la salud p\u00fablica y una menor incidencia de infecciones cr\u00f3nicas en comparaci\u00f3n con el siglo XIX, as\u00ed como avances en la atenci\u00f3n m\u00e9dica que han reducido la degradaci\u00f3n cr\u00f3nica en los individuos, report\u00f3 El Universal. &#8220;En lugar de pensar en una distribuci\u00f3n de temperaturas, que es lo que mostr\u00f3 el estudio inicial, tomamos un promedio de 36.6 grados y lo usamos como un valor de corte&#8221;, explic\u00f3 Catherine Ley, autora principal de la investigaci\u00f3n de la Universidad de Stanford, seg\u00fan La Naci\u00f3n.<\/p>\n\n\n\n<p>Esta modificaci\u00f3n en la temperatura corporal promedio tiene implicaciones para diagnosticar condiciones como la fiebre, que pueden variar dependiendo del rango de temperatura normal de cada individuo. La medici\u00f3n individualizada de la temperatura corporal podr\u00eda identificar desviaciones que podr\u00edan indicar el inicio de una enfermedad antes de que aparezcan otros s\u00edntomas, seg\u00fan Infobae.<\/p>\n\n\n\n<figure class=\"wp-block-image size-full\"><img loading=\"lazy\" decoding=\"async\" width=\"976\" height=\"549\" src=\"https:\/\/sergiolapegue.com\/site\/wp-content\/uploads\/2025\/04\/Temperatura01.jpg\" alt=\"\" class=\"wp-image-22286\" srcset=\"https:\/\/sergiolapegue.com\/site\/wp-content\/uploads\/2025\/04\/Temperatura01.jpg 976w, https:\/\/sergiolapegue.com\/site\/wp-content\/uploads\/2025\/04\/Temperatura01-300x169.jpg 300w, https:\/\/sergiolapegue.com\/site\/wp-content\/uploads\/2025\/04\/Temperatura01-768x432.jpg 768w, https:\/\/sergiolapegue.com\/site\/wp-content\/uploads\/2025\/04\/Temperatura01-747x420.jpg 747w, https:\/\/sergiolapegue.com\/site\/wp-content\/uploads\/2025\/04\/Temperatura01-696x392.jpg 696w\" sizes=\"auto, (max-width: 976px) 100vw, 976px\" \/><\/figure>\n\n\n\n<p>La temperatura corporal var\u00eda a lo largo del d\u00eda y puede fluctuar por unos d\u00e9cimas de grado, influenciada por factores como la edad, peso, altura, sexo y hora del d\u00eda, seg\u00fan reporta OK Diario. La temperatura corporal tiende a disminuir con la edad, con los adultos mayores experimentando temperaturas ligeramente m\u00e1s bajas posiblemente debido a menos masa muscular y cambios en el metabolismo, de acuerdo con Infobae. &#8220;Las personas se est\u00e1n enfriando&#8221;, sugiri\u00f3 Parsonnet, seg\u00fan La Voz del Interior.<\/p>\n\n\n\n<p>Las mujeres, debido a cambios hormonales como los que ocurren durante el ciclo menstrual, tienen una temperatura corporal ligeramente m\u00e1s alta que los hombres. Desviaciones persistentes fuera del rango saludable de temperatura corporal pueden ser signos de condiciones m\u00e9dicas como infecciones o problemas metab\u00f3licos, seg\u00fan OK Diario.<\/p>\n\n\n\n<p>Este art\u00edculo fue escrito en colaboraci\u00f3n con la empresa de inteligencia artificial generativa Alchemiq.<\/p>\n","protected":false},"excerpt":{"rendered":"<p>Un nuevo estudio realizado por la Universidad de Stanford revel\u00f3 que la temperatura corporal promedio humana est\u00e1 disminuyendo, desafiando el est\u00e1ndar establecido en el siglo XIX. Liderada por la Dra. Julie Parsonnet, experta en enfermedades infecciosas, la investigaci\u00f3n analiz\u00f3 datos que abarcan casi dos siglos y concluy\u00f3 que la temperatura promedio com\u00fanmente aceptada de 36.6 [&hellip;]<\/p>\n","protected":false},"author":4,"featured_media":22287,"comment_status":"closed","ping_status":"closed","sticky":false,"template":"","format":"standard","meta":{"footnotes":""},"categories":[38],"tags":[335,121,362,2441,1260,1594,908],"class_list":{"0":"post-22285","1":"post","2":"type-post","3":"status-publish","4":"format-standard","5":"has-post-thumbnail","7":"category-actualidad","8":"tag-calor","9":"tag-cuerpo","10":"tag-estudio","11":"tag-fiebre","12":"tag-frio","13":"tag-humano","14":"tag-temperatura"},"yoast_head":"<!-- This site is optimized with the Yoast SEO plugin v27.5 - https:\/\/yoast.com\/product\/yoast-seo-wordpress\/ -->\n<title>Un estudio revela que 36,6 \u00b0C ya no es la temperatura corporal promedio - Sergio Lapegue<\/title>\n<meta name=\"robots\" content=\"index, follow, max-snippet:-1, max-image-preview:large, max-video-preview:-1\" \/>\n<link rel=\"canonical\" href=\"https:\/\/sergiolapegue.com\/site\/2025\/04\/30\/un-estudio-revela-que-366-c-ya-no-es-la-temperatura-corporal-promedio\/\" \/>\n<meta property=\"og:locale\" content=\"es_ES\" \/>\n<meta property=\"og:type\" content=\"article\" \/>\n<meta property=\"og:title\" content=\"Un estudio revela que 36,6 \u00b0C ya no es la temperatura corporal promedio - Sergio Lapegue\" \/>\n<meta property=\"og:description\" content=\"Un nuevo estudio realizado por la Universidad de Stanford revel\u00f3 que la temperatura corporal promedio humana est\u00e1 disminuyendo, desafiando el est\u00e1ndar establecido en el siglo XIX. Liderada por la Dra. Julie Parsonnet, experta en enfermedades infecciosas, la investigaci\u00f3n analiz\u00f3 datos que abarcan casi dos siglos y concluy\u00f3 que la temperatura promedio com\u00fanmente aceptada de 36.6 [&hellip;]\" \/>\n<meta property=\"og:url\" content=\"https:\/\/sergiolapegue.com\/site\/2025\/04\/30\/un-estudio-revela-que-366-c-ya-no-es-la-temperatura-corporal-promedio\/\" \/>\n<meta property=\"og:site_name\" content=\"Sergio Lapegue\" \/>\n<meta property=\"article:publisher\" content=\"https:\/\/facebook.com\/sergiolapegue\" \/>\n<meta property=\"article:published_time\" content=\"2025-04-30T12:00:00+00:00\" \/>\n<meta property=\"og:image\" content=\"https:\/\/sergiolapegue.com\/site\/wp-content\/uploads\/2025\/04\/Temperatura02.webp\" \/>\n\t<meta property=\"og:image:width\" content=\"750\" \/>\n\t<meta property=\"og:image:height\" content=\"375\" \/>\n\t<meta property=\"og:image:type\" content=\"image\/webp\" \/>\n<meta name=\"author\" content=\"Leonardo Monta\u00f1a\" \/>\n<meta name=\"twitter:card\" content=\"summary_large_image\" \/>\n<meta name=\"twitter:creator\" content=\"@https:\/\/twitter.com\/soytoto81\" \/>\n<meta name=\"twitter:site\" content=\"@sergiolapegue\" \/>\n<meta name=\"twitter:label1\" content=\"Escrito por\" \/>\n\t<meta name=\"twitter:data1\" content=\"Leonardo Monta\u00f1a\" \/>\n\t<meta name=\"twitter:label2\" content=\"Tiempo de lectura\" \/>\n\t<meta name=\"twitter:data2\" content=\"3 minutos\" \/>\n<script type=\"application\/ld+json\" class=\"yoast-schema-graph\">{\"@context\":\"https:\\\/\\\/schema.org\",\"@graph\":[{\"@type\":\"Article\",\"@id\":\"https:\\\/\\\/sergiolapegue.com\\\/site\\\/2025\\\/04\\\/30\\\/un-estudio-revela-que-366-c-ya-no-es-la-temperatura-corporal-promedio\\\/#article\",\"isPartOf\":{\"@id\":\"https:\\\/\\\/sergiolapegue.com\\\/site\\\/2025\\\/04\\\/30\\\/un-estudio-revela-que-366-c-ya-no-es-la-temperatura-corporal-promedio\\\/\"},\"author\":{\"name\":\"Leonardo Monta\u00f1a\",\"@id\":\"https:\\\/\\\/sergiolapegue.com\\\/site\\\/#\\\/schema\\\/person\\\/00adf937d010c7f79a180dc4916a40e0\"},\"headline\":\"Un estudio revela que 36,6 \u00b0C ya no es la temperatura corporal promedio\",\"datePublished\":\"2025-04-30T12:00:00+00:00\",\"mainEntityOfPage\":{\"@id\":\"https:\\\/\\\/sergiolapegue.com\\\/site\\\/2025\\\/04\\\/30\\\/un-estudio-revela-que-366-c-ya-no-es-la-temperatura-corporal-promedio\\\/\"},\"wordCount\":601,\"publisher\":{\"@id\":\"https:\\\/\\\/sergiolapegue.com\\\/site\\\/#\\\/schema\\\/person\\\/083aeceeb0734cd166779ea6c0551a37\"},\"image\":{\"@id\":\"https:\\\/\\\/sergiolapegue.com\\\/site\\\/2025\\\/04\\\/30\\\/un-estudio-revela-que-366-c-ya-no-es-la-temperatura-corporal-promedio\\\/#primaryimage\"},\"thumbnailUrl\":\"https:\\\/\\\/sergiolapegue.com\\\/site\\\/wp-content\\\/uploads\\\/2025\\\/04\\\/Temperatura02.webp\",\"keywords\":[\"calor\",\"cuerpo\",\"estudio\",\"fiebre\",\"frio\",\"humano\",\"temperatura\"],\"articleSection\":[\"Actualidad\"],\"inLanguage\":\"es-AR\"},{\"@type\":\"WebPage\",\"@id\":\"https:\\\/\\\/sergiolapegue.com\\\/site\\\/2025\\\/04\\\/30\\\/un-estudio-revela-que-366-c-ya-no-es-la-temperatura-corporal-promedio\\\/\",\"url\":\"https:\\\/\\\/sergiolapegue.com\\\/site\\\/2025\\\/04\\\/30\\\/un-estudio-revela-que-366-c-ya-no-es-la-temperatura-corporal-promedio\\\/\",\"name\":\"Un estudio revela que 36,6 \u00b0C ya no es la temperatura corporal promedio - Sergio Lapegue\",\"isPartOf\":{\"@id\":\"https:\\\/\\\/sergiolapegue.com\\\/site\\\/#website\"},\"primaryImageOfPage\":{\"@id\":\"https:\\\/\\\/sergiolapegue.com\\\/site\\\/2025\\\/04\\\/30\\\/un-estudio-revela-que-366-c-ya-no-es-la-temperatura-corporal-promedio\\\/#primaryimage\"},\"image\":{\"@id\":\"https:\\\/\\\/sergiolapegue.com\\\/site\\\/2025\\\/04\\\/30\\\/un-estudio-revela-que-366-c-ya-no-es-la-temperatura-corporal-promedio\\\/#primaryimage\"},\"thumbnailUrl\":\"https:\\\/\\\/sergiolapegue.com\\\/site\\\/wp-content\\\/uploads\\\/2025\\\/04\\\/Temperatura02.webp\",\"datePublished\":\"2025-04-30T12:00:00+00:00\",\"breadcrumb\":{\"@id\":\"https:\\\/\\\/sergiolapegue.com\\\/site\\\/2025\\\/04\\\/30\\\/un-estudio-revela-que-366-c-ya-no-es-la-temperatura-corporal-promedio\\\/#breadcrumb\"},\"inLanguage\":\"es-AR\",\"potentialAction\":[{\"@type\":\"ReadAction\",\"target\":[\"https:\\\/\\\/sergiolapegue.com\\\/site\\\/2025\\\/04\\\/30\\\/un-estudio-revela-que-366-c-ya-no-es-la-temperatura-corporal-promedio\\\/\"]}]},{\"@type\":\"ImageObject\",\"inLanguage\":\"es-AR\",\"@id\":\"https:\\\/\\\/sergiolapegue.com\\\/site\\\/2025\\\/04\\\/30\\\/un-estudio-revela-que-366-c-ya-no-es-la-temperatura-corporal-promedio\\\/#primaryimage\",\"url\":\"https:\\\/\\\/sergiolapegue.com\\\/site\\\/wp-content\\\/uploads\\\/2025\\\/04\\\/Temperatura02.webp\",\"contentUrl\":\"https:\\\/\\\/sergiolapegue.com\\\/site\\\/wp-content\\\/uploads\\\/2025\\\/04\\\/Temperatura02.webp\",\"width\":750,\"height\":375},{\"@type\":\"BreadcrumbList\",\"@id\":\"https:\\\/\\\/sergiolapegue.com\\\/site\\\/2025\\\/04\\\/30\\\/un-estudio-revela-que-366-c-ya-no-es-la-temperatura-corporal-promedio\\\/#breadcrumb\",\"itemListElement\":[{\"@type\":\"ListItem\",\"position\":1,\"name\":\"Inicio\",\"item\":\"https:\\\/\\\/sergiolapegue.com\\\/site\\\/\"},{\"@type\":\"ListItem\",\"position\":2,\"name\":\"Un estudio revela que 36,6 \u00b0C ya no es la temperatura corporal promedio\"}]},{\"@type\":\"WebSite\",\"@id\":\"https:\\\/\\\/sergiolapegue.com\\\/site\\\/#website\",\"url\":\"https:\\\/\\\/sergiolapegue.com\\\/site\\\/\",\"name\":\"Sergio Lapegue\",\"description\":\"Periodista\",\"publisher\":{\"@id\":\"https:\\\/\\\/sergiolapegue.com\\\/site\\\/#\\\/schema\\\/person\\\/083aeceeb0734cd166779ea6c0551a37\"},\"potentialAction\":[{\"@type\":\"SearchAction\",\"target\":{\"@type\":\"EntryPoint\",\"urlTemplate\":\"https:\\\/\\\/sergiolapegue.com\\\/site\\\/?s={search_term_string}\"},\"query-input\":{\"@type\":\"PropertyValueSpecification\",\"valueRequired\":true,\"valueName\":\"search_term_string\"}}],\"inLanguage\":\"es-AR\"},{\"@type\":[\"Person\",\"Organization\"],\"@id\":\"https:\\\/\\\/sergiolapegue.com\\\/site\\\/#\\\/schema\\\/person\\\/083aeceeb0734cd166779ea6c0551a37\",\"name\":\"Sergio Lapegue\",\"image\":{\"@type\":\"ImageObject\",\"inLanguage\":\"es-AR\",\"@id\":\"https:\\\/\\\/sergiolapegue.com\\\/site\\\/wp-content\\\/uploads\\\/2021\\\/04\\\/logo_header-1.png\",\"url\":\"https:\\\/\\\/sergiolapegue.com\\\/site\\\/wp-content\\\/uploads\\\/2021\\\/04\\\/logo_header-1.png\",\"contentUrl\":\"https:\\\/\\\/sergiolapegue.com\\\/site\\\/wp-content\\\/uploads\\\/2021\\\/04\\\/logo_header-1.png\",\"width\":272,\"height\":90,\"caption\":\"Sergio Lapegue\"},\"logo\":{\"@id\":\"https:\\\/\\\/sergiolapegue.com\\\/site\\\/wp-content\\\/uploads\\\/2021\\\/04\\\/logo_header-1.png\"},\"sameAs\":[\"https:\\\/\\\/facebook.com\\\/sergiolapegue\",\"https:\\\/\\\/instagram.com\\\/sergiolapegue\",\"https:\\\/\\\/x.com\\\/https:\\\/\\\/twitter.com\\\/sergiolapegue\"]},{\"@type\":\"Person\",\"@id\":\"https:\\\/\\\/sergiolapegue.com\\\/site\\\/#\\\/schema\\\/person\\\/00adf937d010c7f79a180dc4916a40e0\",\"name\":\"Leonardo Monta\u00f1a\",\"image\":{\"@type\":\"ImageObject\",\"inLanguage\":\"es-AR\",\"@id\":\"https:\\\/\\\/sergiolapegue.com\\\/site\\\/wp-content\\\/uploads\\\/2021\\\/04\\\/sl_avatar_Leonardo-150x150.jpg\",\"url\":\"https:\\\/\\\/sergiolapegue.com\\\/site\\\/wp-content\\\/uploads\\\/2021\\\/04\\\/sl_avatar_Leonardo-150x150.jpg\",\"contentUrl\":\"https:\\\/\\\/sergiolapegue.com\\\/site\\\/wp-content\\\/uploads\\\/2021\\\/04\\\/sl_avatar_Leonardo-150x150.jpg\",\"caption\":\"Leonardo Monta\u00f1a\"},\"sameAs\":[\"https:\\\/\\\/x.com\\\/https:\\\/\\\/twitter.com\\\/soytoto81\"],\"url\":\"https:\\\/\\\/sergiolapegue.com\\\/site\\\/author\\\/leonardo\\\/\"}]}<\/script>\n<!-- \/ Yoast SEO plugin. -->","yoast_head_json":{"title":"Un estudio revela que 36,6 \u00b0C ya no es la temperatura corporal promedio - Sergio Lapegue","robots":{"index":"index","follow":"follow","max-snippet":"max-snippet:-1","max-image-preview":"max-image-preview:large","max-video-preview":"max-video-preview:-1"},"canonical":"https:\/\/sergiolapegue.com\/site\/2025\/04\/30\/un-estudio-revela-que-366-c-ya-no-es-la-temperatura-corporal-promedio\/","og_locale":"es_ES","og_type":"article","og_title":"Un estudio revela que 36,6 \u00b0C ya no es la temperatura corporal promedio - Sergio Lapegue","og_description":"Un nuevo estudio realizado por la Universidad de Stanford revel\u00f3 que la temperatura corporal promedio humana est\u00e1 disminuyendo, desafiando el est\u00e1ndar establecido en el siglo XIX. Liderada por la Dra. Julie Parsonnet, experta en enfermedades infecciosas, la investigaci\u00f3n analiz\u00f3 datos que abarcan casi dos siglos y concluy\u00f3 que la temperatura promedio com\u00fanmente aceptada de 36.6 [&hellip;]","og_url":"https:\/\/sergiolapegue.com\/site\/2025\/04\/30\/un-estudio-revela-que-366-c-ya-no-es-la-temperatura-corporal-promedio\/","og_site_name":"Sergio Lapegue","article_publisher":"https:\/\/facebook.com\/sergiolapegue","article_published_time":"2025-04-30T12:00:00+00:00","og_image":[{"width":750,"height":375,"url":"https:\/\/sergiolapegue.com\/site\/wp-content\/uploads\/2025\/04\/Temperatura02.webp","type":"image\/webp"}],"author":"Leonardo Monta\u00f1a","twitter_card":"summary_large_image","twitter_creator":"@https:\/\/twitter.com\/soytoto81","twitter_site":"@sergiolapegue","twitter_misc":{"Escrito por":"Leonardo Monta\u00f1a","Tiempo de lectura":"3 minutos"},"schema":{"@context":"https:\/\/schema.org","@graph":[{"@type":"Article","@id":"https:\/\/sergiolapegue.com\/site\/2025\/04\/30\/un-estudio-revela-que-366-c-ya-no-es-la-temperatura-corporal-promedio\/#article","isPartOf":{"@id":"https:\/\/sergiolapegue.com\/site\/2025\/04\/30\/un-estudio-revela-que-366-c-ya-no-es-la-temperatura-corporal-promedio\/"},"author":{"name":"Leonardo Monta\u00f1a","@id":"https:\/\/sergiolapegue.com\/site\/#\/schema\/person\/00adf937d010c7f79a180dc4916a40e0"},"headline":"Un estudio revela que 36,6 \u00b0C ya no es la temperatura corporal promedio","datePublished":"2025-04-30T12:00:00+00:00","mainEntityOfPage":{"@id":"https:\/\/sergiolapegue.com\/site\/2025\/04\/30\/un-estudio-revela-que-366-c-ya-no-es-la-temperatura-corporal-promedio\/"},"wordCount":601,"publisher":{"@id":"https:\/\/sergiolapegue.com\/site\/#\/schema\/person\/083aeceeb0734cd166779ea6c0551a37"},"image":{"@id":"https:\/\/sergiolapegue.com\/site\/2025\/04\/30\/un-estudio-revela-que-366-c-ya-no-es-la-temperatura-corporal-promedio\/#primaryimage"},"thumbnailUrl":"https:\/\/sergiolapegue.com\/site\/wp-content\/uploads\/2025\/04\/Temperatura02.webp","keywords":["calor","cuerpo","estudio","fiebre","frio","humano","temperatura"],"articleSection":["Actualidad"],"inLanguage":"es-AR"},{"@type":"WebPage","@id":"https:\/\/sergiolapegue.com\/site\/2025\/04\/30\/un-estudio-revela-que-366-c-ya-no-es-la-temperatura-corporal-promedio\/","url":"https:\/\/sergiolapegue.com\/site\/2025\/04\/30\/un-estudio-revela-que-366-c-ya-no-es-la-temperatura-corporal-promedio\/","name":"Un estudio revela que 36,6 \u00b0C ya no es la temperatura corporal promedio - Sergio Lapegue","isPartOf":{"@id":"https:\/\/sergiolapegue.com\/site\/#website"},"primaryImageOfPage":{"@id":"https:\/\/sergiolapegue.com\/site\/2025\/04\/30\/un-estudio-revela-que-366-c-ya-no-es-la-temperatura-corporal-promedio\/#primaryimage"},"image":{"@id":"https:\/\/sergiolapegue.com\/site\/2025\/04\/30\/un-estudio-revela-que-366-c-ya-no-es-la-temperatura-corporal-promedio\/#primaryimage"},"thumbnailUrl":"https:\/\/sergiolapegue.com\/site\/wp-content\/uploads\/2025\/04\/Temperatura02.webp","datePublished":"2025-04-30T12:00:00+00:00","breadcrumb":{"@id":"https:\/\/sergiolapegue.com\/site\/2025\/04\/30\/un-estudio-revela-que-366-c-ya-no-es-la-temperatura-corporal-promedio\/#breadcrumb"},"inLanguage":"es-AR","potentialAction":[{"@type":"ReadAction","target":["https:\/\/sergiolapegue.com\/site\/2025\/04\/30\/un-estudio-revela-que-366-c-ya-no-es-la-temperatura-corporal-promedio\/"]}]},{"@type":"ImageObject","inLanguage":"es-AR","@id":"https:\/\/sergiolapegue.com\/site\/2025\/04\/30\/un-estudio-revela-que-366-c-ya-no-es-la-temperatura-corporal-promedio\/#primaryimage","url":"https:\/\/sergiolapegue.com\/site\/wp-content\/uploads\/2025\/04\/Temperatura02.webp","contentUrl":"https:\/\/sergiolapegue.com\/site\/wp-content\/uploads\/2025\/04\/Temperatura02.webp","width":750,"height":375},{"@type":"BreadcrumbList","@id":"https:\/\/sergiolapegue.com\/site\/2025\/04\/30\/un-estudio-revela-que-366-c-ya-no-es-la-temperatura-corporal-promedio\/#breadcrumb","itemListElement":[{"@type":"ListItem","position":1,"name":"Inicio","item":"https:\/\/sergiolapegue.com\/site\/"},{"@type":"ListItem","position":2,"name":"Un estudio revela que 36,6 \u00b0C ya no es la temperatura corporal promedio"}]},{"@type":"WebSite","@id":"https:\/\/sergiolapegue.com\/site\/#website","url":"https:\/\/sergiolapegue.com\/site\/","name":"Sergio Lapegue","description":"Periodista","publisher":{"@id":"https:\/\/sergiolapegue.com\/site\/#\/schema\/person\/083aeceeb0734cd166779ea6c0551a37"},"potentialAction":[{"@type":"SearchAction","target":{"@type":"EntryPoint","urlTemplate":"https:\/\/sergiolapegue.com\/site\/?s={search_term_string}"},"query-input":{"@type":"PropertyValueSpecification","valueRequired":true,"valueName":"search_term_string"}}],"inLanguage":"es-AR"},{"@type":["Person","Organization"],"@id":"https:\/\/sergiolapegue.com\/site\/#\/schema\/person\/083aeceeb0734cd166779ea6c0551a37","name":"Sergio Lapegue","image":{"@type":"ImageObject","inLanguage":"es-AR","@id":"https:\/\/sergiolapegue.com\/site\/wp-content\/uploads\/2021\/04\/logo_header-1.png","url":"https:\/\/sergiolapegue.com\/site\/wp-content\/uploads\/2021\/04\/logo_header-1.png","contentUrl":"https:\/\/sergiolapegue.com\/site\/wp-content\/uploads\/2021\/04\/logo_header-1.png","width":272,"height":90,"caption":"Sergio Lapegue"},"logo":{"@id":"https:\/\/sergiolapegue.com\/site\/wp-content\/uploads\/2021\/04\/logo_header-1.png"},"sameAs":["https:\/\/facebook.com\/sergiolapegue","https:\/\/instagram.com\/sergiolapegue","https:\/\/x.com\/https:\/\/twitter.com\/sergiolapegue"]},{"@type":"Person","@id":"https:\/\/sergiolapegue.com\/site\/#\/schema\/person\/00adf937d010c7f79a180dc4916a40e0","name":"Leonardo Monta\u00f1a","image":{"@type":"ImageObject","inLanguage":"es-AR","@id":"https:\/\/sergiolapegue.com\/site\/wp-content\/uploads\/2021\/04\/sl_avatar_Leonardo-150x150.jpg","url":"https:\/\/sergiolapegue.com\/site\/wp-content\/uploads\/2021\/04\/sl_avatar_Leonardo-150x150.jpg","contentUrl":"https:\/\/sergiolapegue.com\/site\/wp-content\/uploads\/2021\/04\/sl_avatar_Leonardo-150x150.jpg","caption":"Leonardo Monta\u00f1a"},"sameAs":["https:\/\/x.com\/https:\/\/twitter.com\/soytoto81"],"url":"https:\/\/sergiolapegue.com\/site\/author\/leonardo\/"}]}},"_links":{"self":[{"href":"https:\/\/sergiolapegue.com\/site\/wp-json\/wp\/v2\/posts\/22285","targetHints":{"allow":["GET"]}}],"collection":[{"href":"https:\/\/sergiolapegue.com\/site\/wp-json\/wp\/v2\/posts"}],"about":[{"href":"https:\/\/sergiolapegue.com\/site\/wp-json\/wp\/v2\/types\/post"}],"author":[{"embeddable":true,"href":"https:\/\/sergiolapegue.com\/site\/wp-json\/wp\/v2\/users\/4"}],"replies":[{"embeddable":true,"href":"https:\/\/sergiolapegue.com\/site\/wp-json\/wp\/v2\/comments?post=22285"}],"version-history":[{"count":1,"href":"https:\/\/sergiolapegue.com\/site\/wp-json\/wp\/v2\/posts\/22285\/revisions"}],"predecessor-version":[{"id":22288,"href":"https:\/\/sergiolapegue.com\/site\/wp-json\/wp\/v2\/posts\/22285\/revisions\/22288"}],"wp:featuredmedia":[{"embeddable":true,"href":"https:\/\/sergiolapegue.com\/site\/wp-json\/wp\/v2\/media\/22287"}],"wp:attachment":[{"href":"https:\/\/sergiolapegue.com\/site\/wp-json\/wp\/v2\/media?parent=22285"}],"wp:term":[{"taxonomy":"category","embeddable":true,"href":"https:\/\/sergiolapegue.com\/site\/wp-json\/wp\/v2\/categories?post=22285"},{"taxonomy":"post_tag","embeddable":true,"href":"https:\/\/sergiolapegue.com\/site\/wp-json\/wp\/v2\/tags?post=22285"}],"curies":[{"name":"wp","href":"https:\/\/api.w.org\/{rel}","templated":true}]}}