{"id":22262,"date":"2025-04-22T01:00:00","date_gmt":"2025-04-22T04:00:00","guid":{"rendered":"https:\/\/sergiolapegue.com\/site\/?p=22262"},"modified":"2025-04-21T17:42:55","modified_gmt":"2025-04-21T20:42:55","slug":"mi-corazon-no-es-de-piedra-ni-madera-2","status":"publish","type":"post","link":"https:\/\/sergiolapegue.com\/site\/2025\/04\/22\/mi-corazon-no-es-de-piedra-ni-madera-2\/","title":{"rendered":"MI CORAZ\u00d3N NO ES DE PIEDRA NI MADERA"},"content":{"rendered":"\n<p>En mayo, comienza&nbsp;la 2\u00ba temporada de &#8220;Mi coraz\u00f3n no es de piedra ni madera&#8221;, el texto fue escrito en el marco de la carrera de Dramaturgia que se dicta en la EMAD (Escuela Metropolitana de Arte dram\u00e1tico).<\/p>\n\n\n\n<p>La&nbsp;obra escrita y dirigida por&nbsp;Mart\u00edn Marcou&nbsp;e&nbsp;interpretada por Morena Yfr\u00e1n, Facundo Tom\u00e1s y Cris Bernal Ni\u00f1o, se presentar\u00e1 en el Espacio Tole Tole Teatro los s\u00e1bados de mayo a las 21:00 horas.<\/p>\n\n\n\n<figure class=\"wp-block-image size-full\"><img decoding=\"async\" src=\"https:\/\/sergiolapegue.com\/site\/wp-content\/uploads\/2025\/04\/Mi-corazon-no-es-de-piedra-ni-madera-1.1.png\" alt=\"\" class=\"wp-image-22278\" \/><\/figure>\n\n\n\n<p><strong>SINOPSIS<\/strong><\/p>\n\n\n\n<p>Gaby naci\u00f3 en un pueblo de la Patagonia Austral y ha decidido pasar el resto de su vida ah\u00ed; rodeada de sus cosas, sus plantas y sus animales. Est\u00e1 distanciada de su madre, con la cual no se habla desde hace m\u00e1s de diez a\u00f1os. Un acontecimiento tr\u00e1gico del pasado las distanci\u00f3. Sus d\u00edas se debaten entre las peleas con su marido de ocasi\u00f3n, Luis Camacho, capataz de una empresa que est\u00e1 haciendo el asfalto en la zona, y la llegada de Jairo, un viajero que la encandila con su poes\u00eda y la tienta con la posibilidad de un futuro mejor.<\/p>\n\n\n\n<figure class=\"wp-block-image size-large\"><img loading=\"lazy\" decoding=\"async\" width=\"819\" height=\"1024\" src=\"https:\/\/sergiolapegue.com\/site\/wp-content\/uploads\/2025\/04\/Mi-corazon-no-es-de-piedra-ni-madera-3-819x1024.jpeg\" alt=\"\" class=\"wp-image-22268\" srcset=\"https:\/\/sergiolapegue.com\/site\/wp-content\/uploads\/2025\/04\/Mi-corazon-no-es-de-piedra-ni-madera-3-819x1024.jpeg 819w, https:\/\/sergiolapegue.com\/site\/wp-content\/uploads\/2025\/04\/Mi-corazon-no-es-de-piedra-ni-madera-3-240x300.jpeg 240w, https:\/\/sergiolapegue.com\/site\/wp-content\/uploads\/2025\/04\/Mi-corazon-no-es-de-piedra-ni-madera-3-768x960.jpeg 768w, https:\/\/sergiolapegue.com\/site\/wp-content\/uploads\/2025\/04\/Mi-corazon-no-es-de-piedra-ni-madera-3-336x420.jpeg 336w, https:\/\/sergiolapegue.com\/site\/wp-content\/uploads\/2025\/04\/Mi-corazon-no-es-de-piedra-ni-madera-3-696x870.jpeg 696w, https:\/\/sergiolapegue.com\/site\/wp-content\/uploads\/2025\/04\/Mi-corazon-no-es-de-piedra-ni-madera-3-1068x1335.jpeg 1068w, https:\/\/sergiolapegue.com\/site\/wp-content\/uploads\/2025\/04\/Mi-corazon-no-es-de-piedra-ni-madera-3.jpeg 1080w\" sizes=\"auto, (max-width: 819px) 100vw, 819px\" \/><\/figure>\n\n\n\n<p><strong>PALABRAS DEL AUTOR Y DIRECTOR<\/strong><\/p>\n\n\n\n<p>\u201cEs una obra sobre encuentros transitorios con los dem\u00e1s, es una obra sobre la huella que nos dejan algunos que pasan por nuestra vida, es sobre esos seres que, sin saberlo, nos ayudan a vivir. Funciona tambi\u00e9n como un homenaje a mis amigas trans que actualmente viven en la Patagonia. Ellas tuvieron que atravesar un mont\u00f3n de situaciones complejas durante gran parte de su vida y siempre lucharon para que se respete su identidad de g\u00e9nero aportando visibilidad a la historia del movimiento de la diversidad sexual y de genero en la Patagonia austral.&nbsp;&nbsp;&nbsp;&nbsp;&nbsp;<\/p>\n\n\n\n<p>\u201c En los a\u00f1os noventa la cumbia tuvo un momento de repunte y apogeo, sol\u00edamos juntarnos a bailar en las casas de amigas trans mientras afuera nevaba y la nieve iba tapando las rutas. En esa lejan\u00eda sure\u00f1a, atravesados por el frio, en una noche cualquiera de invierno, se pod\u00eda escuchar Mi coraz\u00f3n no es de piedra ni madera saliendo de alg\u00fan parlante viejo. Nos salv\u00e1bamos y nos hac\u00edamos compa\u00f1\u00eda, junt\u00e1ndonos a bailar mientras el tiempo corr\u00eda lento\u201d. <strong>\u2013 Mart\u00edn Marcou<\/strong><\/p>\n\n\n\n<figure class=\"wp-block-image size-large\"><img loading=\"lazy\" decoding=\"async\" width=\"1024\" height=\"457\" src=\"https:\/\/sergiolapegue.com\/site\/wp-content\/uploads\/2025\/04\/Mi-corazon-no-es-de-piedra-ni-madera-2--1024x457.jpg\" alt=\"\" class=\"wp-image-22269\" srcset=\"https:\/\/sergiolapegue.com\/site\/wp-content\/uploads\/2025\/04\/Mi-corazon-no-es-de-piedra-ni-madera-2--1024x457.jpg 1024w, https:\/\/sergiolapegue.com\/site\/wp-content\/uploads\/2025\/04\/Mi-corazon-no-es-de-piedra-ni-madera-2--300x134.jpg 300w, https:\/\/sergiolapegue.com\/site\/wp-content\/uploads\/2025\/04\/Mi-corazon-no-es-de-piedra-ni-madera-2--768x343.jpg 768w, https:\/\/sergiolapegue.com\/site\/wp-content\/uploads\/2025\/04\/Mi-corazon-no-es-de-piedra-ni-madera-2--1536x686.jpg 1536w, https:\/\/sergiolapegue.com\/site\/wp-content\/uploads\/2025\/04\/Mi-corazon-no-es-de-piedra-ni-madera-2--941x420.jpg 941w, https:\/\/sergiolapegue.com\/site\/wp-content\/uploads\/2025\/04\/Mi-corazon-no-es-de-piedra-ni-madera-2--696x311.jpg 696w, https:\/\/sergiolapegue.com\/site\/wp-content\/uploads\/2025\/04\/Mi-corazon-no-es-de-piedra-ni-madera-2--1068x477.jpg 1068w, https:\/\/sergiolapegue.com\/site\/wp-content\/uploads\/2025\/04\/Mi-corazon-no-es-de-piedra-ni-madera-2-.jpg 1886w\" sizes=\"auto, (max-width: 1024px) 100vw, 1024px\" \/><\/figure>\n\n\n\n<p><strong>FICHA T\u00c9CNICO ART\u00cdSTICA<\/strong><\/p>\n\n\n\n<p><strong>Dramaturgia:<\/strong> Mart\u00edn Marcou<\/p>\n\n\n\n<p><strong>Act\u00faan:<\/strong> Cris Bernal Ni\u00f1o \u2013 Morena Yfr\u00e1n \u2013 Facundo Tom\u00e1s<\/p>\n\n\n\n<p><strong>Concepci\u00f3n de escenograf\u00eda:<\/strong> Balbina Lightowler<\/p>\n\n\n\n<p><strong>Mapping:<\/strong> Gast\u00f3n Czmuch<\/p>\n\n\n\n<p><strong>Vestuario:<\/strong> Mercedes Molina<\/p>\n\n\n\n<p><strong>Ilustraciones:<\/strong> Carolina Angriman<\/p>\n\n\n\n<p><strong>Concepci\u00f3n espacial:<\/strong> Balbina Lightowler<\/p>\n\n\n\n<p><strong>Dise\u00f1o de luces:<\/strong> Pablo Rojas<\/p>\n\n\n\n<p><strong>Tratamiento sonoro:<\/strong> Carolina Curci<\/p>\n\n\n\n<p><strong>Fotograf\u00eda:<\/strong> Leandro Mart\u00ednez<\/p>\n\n\n\n<p><strong>Dise\u00f1o gr\u00e1fico:<\/strong> Vanina Moreno&nbsp;<\/p>\n\n\n\n<p><strong>Dramaturgista:<\/strong> Diego Mor\u00e1n Vera<\/p>\n\n\n\n<p><strong>Prensa:<\/strong> Prens\u00f3polis<\/p>\n\n\n\n<p><strong>Asistencia de direcci\u00f3n:<\/strong> Rafaela Linzmayer Paganini<\/p>\n\n\n\n<p><strong>Productor asociado:<\/strong> Gonzalo P\u00e9rez<\/p>\n\n\n\n<p><strong>Producci\u00f3n general:<\/strong> Bibiana Glait<\/p>\n\n\n\n<p><strong>Direcci\u00f3n:<\/strong> Mart\u00edn Marcou<\/p>\n\n\n\n<p><strong>Instagram:<\/strong> @micorazon_laobra<\/p>\n\n\n\n<p><strong>Duraci\u00f3n:<\/strong> 70 minutos<\/p>\n\n\n\n<p><strong>Clasificaci\u00f3n:<\/strong> Teatro \u2013 Presencial \u2013 Adultos<\/p>\n\n\n\n<figure class=\"wp-block-image size-full is-resized\"><img loading=\"lazy\" decoding=\"async\" width=\"443\" height=\"430\" src=\"https:\/\/sergiolapegue.com\/site\/wp-content\/uploads\/2025\/04\/Mi-corazon-no-es-de-piedra-ni-madera-4.jpeg\" alt=\"\" class=\"wp-image-22267\" style=\"width:696px;height:auto\" srcset=\"https:\/\/sergiolapegue.com\/site\/wp-content\/uploads\/2025\/04\/Mi-corazon-no-es-de-piedra-ni-madera-4.jpeg 443w, https:\/\/sergiolapegue.com\/site\/wp-content\/uploads\/2025\/04\/Mi-corazon-no-es-de-piedra-ni-madera-4-300x291.jpeg 300w, https:\/\/sergiolapegue.com\/site\/wp-content\/uploads\/2025\/04\/Mi-corazon-no-es-de-piedra-ni-madera-4-433x420.jpeg 433w\" sizes=\"auto, (max-width: 443px) 100vw, 443px\" \/><\/figure>\n\n\n\n<p><strong>ESPACIO TOLE TOLE TEATRO<\/strong><\/p>\n\n\n\n<p>Pasteur 683 \u2013 Capital Federal \u2013 Buenos Aires \u2013 Argentina<\/p>\n\n\n\n<p>Tel\u00e9fono: 3972-4042<\/p>\n\n\n\n<p>Web: <a href=\"http:\/\/espaciotoletole.com.ar\">http:\/\/espaciotoletole.com.ar<\/a><\/p>\n\n\n\n<p>Entradas: $ 12.000 \u2013 en boleter\u00eda del teatro o por<a href=\"https:\/\/8w40j.r.a.d.sendibm1.com\/mk\/cl\/f\/sh\/1f8JIKXwHGZcrX23sgbhI21wwf\/g1QyT5GDe915\" target=\"_blank\" rel=\"noreferrer noopener\">&nbsp;Alternativa.<\/a><\/p>\n\n\n\n<p>Funciones: S\u00e1bados 21:00 horas \u2013 Del 03\/05\/2025 al 31\/05\/2025<\/p>\n\n\n\n<p>Gracias Alejandra P\u00eda Nicolosi de Prens\u00f3polis por hacernos llegar la gacetilla de prensa del reestreno de este espect\u00e1culo.<\/p>\n\n\n\n<p><strong>SOBRE EL AUTOR Y DIRECTOR<\/strong><\/p>\n\n\n\n<figure class=\"wp-block-image size-full is-resized\"><img loading=\"lazy\" decoding=\"async\" width=\"717\" height=\"873\" src=\"https:\/\/sergiolapegue.com\/site\/wp-content\/uploads\/2025\/04\/Mi-corazon-no-es-de-piedra-ni-madera-Martin-Marcou.jpeg\" alt=\"\" class=\"wp-image-22266\" style=\"width:334px;height:auto\" srcset=\"https:\/\/sergiolapegue.com\/site\/wp-content\/uploads\/2025\/04\/Mi-corazon-no-es-de-piedra-ni-madera-Martin-Marcou.jpeg 717w, https:\/\/sergiolapegue.com\/site\/wp-content\/uploads\/2025\/04\/Mi-corazon-no-es-de-piedra-ni-madera-Martin-Marcou-246x300.jpeg 246w, https:\/\/sergiolapegue.com\/site\/wp-content\/uploads\/2025\/04\/Mi-corazon-no-es-de-piedra-ni-madera-Martin-Marcou-345x420.jpeg 345w, https:\/\/sergiolapegue.com\/site\/wp-content\/uploads\/2025\/04\/Mi-corazon-no-es-de-piedra-ni-madera-Martin-Marcou-696x847.jpeg 696w\" sizes=\"auto, (max-width: 717px) 100vw, 717px\" \/><\/figure>\n\n\n\n<p><strong>Mart\u00edn Marcou&nbsp;<\/strong>naci\u00f3 en un pueblo de la Patagonia Austral, en Argentina. Es director esc\u00e9nico, act\u00faa y coordina talleres de dramaturgia.&nbsp;Es docente universitario (UNLAM).&nbsp;Como actor&nbsp;se form\u00f3 en el Conservatorio Nacional de Arte Dram\u00e1tico y a nivel particular en los estudios de Cristina Banegas, Mariana Obersztern, Sergio Boris y Alejandro Catal\u00e1n. Se form\u00f3 en&nbsp;direcci\u00f3n y puesta en escena&nbsp;con Rub\u00e9n Szuchmacher y Graciela Schuster. Es Maestrando (Tesis en curso) en Estudios de Teatro y Cine Latinoamericano y Argentino (Universidad de Buenos Aires). Licenciado en Artes Audiovisuales (Universidad Nacional de San Mart\u00edn). Y egresado de la carrera de Dramaturgia de la EMAD (Escuela Metropolitana de Arte Dram\u00e1tico). Realiz\u00f3 el posgrado en Escrituras: creatividad humana y comunicaci\u00f3n, en FLACSO.<\/p>\n\n\n\n<p>Sus textos fueron versionados y representados en Argentina, Puerto Rico, Venezuela, Chile y Espa\u00f1a. Entre sus obras se destacan: &#8220;Hijo del campo&#8221;, &#8220;Te estaba esperando&#8221;, &#8220;Chorando se foi&#8221;, &#8220;Mi coraz\u00f3n no es de piedra ni madera&#8221;, &#8220;Ant\u00edgona de las nieves&#8221; y &#8220;Rancho blanco&#8221;. Gestiona y programa&nbsp;Espacio Tole Tole Teatro&nbsp;desde el a\u00f1o 2013,&nbsp;en la Ciudad Aut\u00f3noma de Buenos Aires.<\/p>\n\n\n\n<p><strong>SOBRE EL ELENCO<\/strong><\/p>\n\n\n\n<figure class=\"wp-block-image size-large is-resized\"><img loading=\"lazy\" decoding=\"async\" width=\"683\" height=\"1024\" src=\"https:\/\/sergiolapegue.com\/site\/wp-content\/uploads\/2025\/04\/Mi-corazon-no-es-de-piedra-ni-madera-Morena-Yfran-683x1024.jpg\" alt=\"\" class=\"wp-image-22265\" style=\"width:338px;height:auto\" srcset=\"https:\/\/sergiolapegue.com\/site\/wp-content\/uploads\/2025\/04\/Mi-corazon-no-es-de-piedra-ni-madera-Morena-Yfran-683x1024.jpg 683w, https:\/\/sergiolapegue.com\/site\/wp-content\/uploads\/2025\/04\/Mi-corazon-no-es-de-piedra-ni-madera-Morena-Yfran-200x300.jpg 200w, https:\/\/sergiolapegue.com\/site\/wp-content\/uploads\/2025\/04\/Mi-corazon-no-es-de-piedra-ni-madera-Morena-Yfran-768x1152.jpg 768w, https:\/\/sergiolapegue.com\/site\/wp-content\/uploads\/2025\/04\/Mi-corazon-no-es-de-piedra-ni-madera-Morena-Yfran-1024x1536.jpg 1024w, https:\/\/sergiolapegue.com\/site\/wp-content\/uploads\/2025\/04\/Mi-corazon-no-es-de-piedra-ni-madera-Morena-Yfran-280x420.jpg 280w, https:\/\/sergiolapegue.com\/site\/wp-content\/uploads\/2025\/04\/Mi-corazon-no-es-de-piedra-ni-madera-Morena-Yfran-696x1044.jpg 696w, https:\/\/sergiolapegue.com\/site\/wp-content\/uploads\/2025\/04\/Mi-corazon-no-es-de-piedra-ni-madera-Morena-Yfran-1068x1602.jpg 1068w, https:\/\/sergiolapegue.com\/site\/wp-content\/uploads\/2025\/04\/Mi-corazon-no-es-de-piedra-ni-madera-Morena-Yfran.jpg 1280w\" sizes=\"auto, (max-width: 683px) 100vw, 683px\" \/><\/figure>\n\n\n\n<p><strong>SOBRE MORENA BERENISE TORRES (MORENA YFR\u00c1N)<\/strong><\/p>\n\n\n\n<p>En el 2015, se incorpora a la&nbsp;Compa\u00f1\u00eda Siete Colores Diversidad, donde realiza entrenamiento actoral.<\/p>\n\n\n\n<p>En&nbsp;teatro&nbsp;se desempe\u00f1\u00f3 como actriz en: &nbsp;&#8220;Si me queres, quer\u00e9me trans&#8221; (2016); &#8220;La Irredenta&#8221;, de Beatriz Mosquera y &#8220;La casa de Bernarda Alba&#8221;, versi\u00f3n libre sobre la obra de Federico Garc\u00eda Lorca (2019), dirigidas por Daniela Ru\u00edz; &#8220;Calabozo en la 25&#8221; (2020), escrita y dirigida por Daniela Ruiz y Mario Rol\u00f3n; &#8220;Luna de Avellaneda&#8221;, versi\u00f3n para teatro de la pel\u00edcula de Juan Jos\u00e9 Campanella, representada en la Legislatura Porte\u00f1a (2021) y &#8220;No soy esa&#8221; (2023), dirigida por Emma Serna; y &#8220;Hotel El Triunfo&#8221;, escrita y dirigida por Marisa Bredice (2023).<\/p>\n\n\n\n<p>En&nbsp;cine&nbsp;actu\u00f3 en &#8220;Fango&#8221; (2008), &#8220;Fantasma de la ruta&#8221; (2013), y protagoniz\u00f3&nbsp;&#8220;Bajo mi piel morena&#8221;&nbsp;(2018), bajo la direcci\u00f3n de Jos\u00e9 Celestino Campusano.<\/p>\n\n\n\n<p>Conduce el&nbsp;programa&nbsp;&#8220;Seg\u00fan Ellxs&#8221;, junto a Luly Arias y Emma Serna, producido para&nbsp;<a href=\"https:\/\/8w40j.r.a.d.sendibm1.com\/mk\/cl\/f\/sh\/6rqJfgq8dIZVGprgANMIYIRh5Qz\/gRx2bmh3e-AF\" target=\"_blank\" rel=\"noreferrer noopener\">#Youtube<\/a>&nbsp;por la Cooperativa de Arte Trans<strong>.&nbsp;<\/strong>actualmente participa de la segunda temporada de &#8220;Mi Coraz\u00f3n no es de piedra ni madera&#8221;, de Martin Marcou.<\/p>\n\n\n\n<figure class=\"wp-block-image size-large is-resized\"><img loading=\"lazy\" decoding=\"async\" width=\"683\" height=\"1024\" src=\"https:\/\/sergiolapegue.com\/site\/wp-content\/uploads\/2025\/04\/Mi-corazon-no-es-de-piedra-ni-madera-Cris-Bernal-Nino-683x1024.jpg\" alt=\"\" class=\"wp-image-22264\" style=\"width:334px;height:auto\" srcset=\"https:\/\/sergiolapegue.com\/site\/wp-content\/uploads\/2025\/04\/Mi-corazon-no-es-de-piedra-ni-madera-Cris-Bernal-Nino-683x1024.jpg 683w, https:\/\/sergiolapegue.com\/site\/wp-content\/uploads\/2025\/04\/Mi-corazon-no-es-de-piedra-ni-madera-Cris-Bernal-Nino-200x300.jpg 200w, https:\/\/sergiolapegue.com\/site\/wp-content\/uploads\/2025\/04\/Mi-corazon-no-es-de-piedra-ni-madera-Cris-Bernal-Nino-768x1152.jpg 768w, https:\/\/sergiolapegue.com\/site\/wp-content\/uploads\/2025\/04\/Mi-corazon-no-es-de-piedra-ni-madera-Cris-Bernal-Nino-1024x1536.jpg 1024w, https:\/\/sergiolapegue.com\/site\/wp-content\/uploads\/2025\/04\/Mi-corazon-no-es-de-piedra-ni-madera-Cris-Bernal-Nino-280x420.jpg 280w, https:\/\/sergiolapegue.com\/site\/wp-content\/uploads\/2025\/04\/Mi-corazon-no-es-de-piedra-ni-madera-Cris-Bernal-Nino-696x1044.jpg 696w, https:\/\/sergiolapegue.com\/site\/wp-content\/uploads\/2025\/04\/Mi-corazon-no-es-de-piedra-ni-madera-Cris-Bernal-Nino-1068x1602.jpg 1068w, https:\/\/sergiolapegue.com\/site\/wp-content\/uploads\/2025\/04\/Mi-corazon-no-es-de-piedra-ni-madera-Cris-Bernal-Nino.jpg 1280w\" sizes=\"auto, (max-width: 683px) 100vw, 683px\" \/><\/figure>\n\n\n\n<p><strong>SOBRE CRISTIAN ANDR\u00c9S BERNAL NI\u00d1O<\/strong><\/p>\n\n\n\n<p>Naci\u00f3 en Soacha, Colombia, en 1992. Estudiante de la Licenciatura de Actuaci\u00f3n de la UNA, se forma en diversas t\u00e9cnicas de actuaci\u00f3n desde el a\u00f1o 2011 con maestros como: Juan Pablo Galimberti, Agustina Ruiz Barrea, Pedro Antony, Silvina Sabater.<\/p>\n\n\n\n<p>Algunos de sus&nbsp;trabajos actorales&nbsp;han sido en \u201c(&#8230;) tan ruda\u201d y&nbsp;&#8220;Fugaces&#8221;&nbsp;de MCV Colectivo Art\u00edstico, \u201cEl partidito\u201d I y II&nbsp;de Tamara Dawidowicz. \u201cLo que la peste nos dej\u00f3\u201d del Grupo de teatro comunitario Pompapetriyasos,&#8221; grupo con el que particip\u00f3 de las jornadas de intercambio cultural junto al Od\u00edn Theatre en 2015.<\/p>\n\n\n\n<p>En&nbsp;cine&nbsp;actu\u00f3 en diversos cortometrajes independientes. Se destaca&nbsp;\u201cLa sobrevida\u201d&nbsp;de David Arias Sanguino. Fue asistente de direcci\u00f3n de la serie web&nbsp;\u201cVerdad o Castigo\u201d y el cortometraje \u201cDios los Hace\u201d&nbsp;bajo la direcci\u00f3n de Lesman Ni\u00f1o, entre otros proyectos. Actualmente, se desempe\u00f1a como asistente de direcci\u00f3n de la obra \u201cLa gravedad de las burbujas\u201d de Juan Pablo Galimberti, forma parte de la direcci\u00f3n general del proyecto de teatro para infancias \u201cDinamita Clown\u201d, y es operador de iluminaci\u00f3n en el Cultural Thames.<\/p>\n\n\n\n<p>En tv, aguarda por su primera aparici\u00f3n en una de las grandes plataformas de streaming en el a\u00f1o 2025. Actualmente, participa de la segunda temporada de &#8220;Mi Coraz\u00f3n no es de piedra ni madera&#8221;, de Martin Marcou.<\/p>\n\n\n\n<figure class=\"wp-block-image size-large is-resized\"><img loading=\"lazy\" decoding=\"async\" width=\"683\" height=\"1024\" src=\"https:\/\/sergiolapegue.com\/site\/wp-content\/uploads\/2025\/04\/Mi-corazon-no-es-de-piedra-ni-madera-Facundo-Tomas-683x1024.jpg\" alt=\"\" class=\"wp-image-22263\" style=\"width:338px;height:auto\" srcset=\"https:\/\/sergiolapegue.com\/site\/wp-content\/uploads\/2025\/04\/Mi-corazon-no-es-de-piedra-ni-madera-Facundo-Tomas-683x1024.jpg 683w, https:\/\/sergiolapegue.com\/site\/wp-content\/uploads\/2025\/04\/Mi-corazon-no-es-de-piedra-ni-madera-Facundo-Tomas-200x300.jpg 200w, https:\/\/sergiolapegue.com\/site\/wp-content\/uploads\/2025\/04\/Mi-corazon-no-es-de-piedra-ni-madera-Facundo-Tomas-768x1152.jpg 768w, https:\/\/sergiolapegue.com\/site\/wp-content\/uploads\/2025\/04\/Mi-corazon-no-es-de-piedra-ni-madera-Facundo-Tomas-1024x1536.jpg 1024w, https:\/\/sergiolapegue.com\/site\/wp-content\/uploads\/2025\/04\/Mi-corazon-no-es-de-piedra-ni-madera-Facundo-Tomas-280x420.jpg 280w, https:\/\/sergiolapegue.com\/site\/wp-content\/uploads\/2025\/04\/Mi-corazon-no-es-de-piedra-ni-madera-Facundo-Tomas-696x1044.jpg 696w, https:\/\/sergiolapegue.com\/site\/wp-content\/uploads\/2025\/04\/Mi-corazon-no-es-de-piedra-ni-madera-Facundo-Tomas-1068x1602.jpg 1068w, https:\/\/sergiolapegue.com\/site\/wp-content\/uploads\/2025\/04\/Mi-corazon-no-es-de-piedra-ni-madera-Facundo-Tomas.jpg 1280w\" sizes=\"auto, (max-width: 683px) 100vw, 683px\" \/><\/figure>\n\n\n\n<p><strong>SOBRE FACUNDO TOM\u00c1S<\/strong><\/p>\n\n\n\n<p>Se form\u00f3 en&nbsp;artes esc\u00e9nicas en la Universidad de Mor\u00f3n (2003) y fue parte de su elenco estable participando en diversas producciones. Desde entonces, y hasta el 2019, se form\u00f3 en&nbsp;actuaci\u00f3n&nbsp;en distintos espacios entre los que se el estudio de Alejandro Catal\u00e1n en Villa Crespo; los seminarios a cargo de Cristina Banegas en El Exc\u00e9ntrico de la 18; Espacio Zelaya; y estudio de Federico Le\u00f3n, entre otros.<\/p>\n\n\n\n<p>Se ha desempe\u00f1ado como actor en obras de teatro para infancias, y particip\u00f3 de la obra \u201cDe la gaseosa al champagne\u201d que form\u00f3 parte del Festival de Teatro Universitario en Utuado, Puerto Rico. Entre 2007 y 2009, dirigido por Yoska L\u00e1zaro, realiz\u00f3 funciones de \u201cEl ingenio de los orvantes\u201d en el Teatro Absurdo de Palermo.<\/p>\n\n\n\n<p>Particip\u00f3 en&nbsp;cortometrajes y videos musicales, entre el que se destaca \u201cJala Jala\u201d&nbsp;de Ca7riel y Paco amoroso.<\/p>\n\n\n\n<p>En cine protagoniz\u00f3 el largometraje \u201cSNUFF Abbys\u201d de Mariano Peralta (2025).&nbsp;<\/p>\n\n\n\n<p>En&nbsp;direcci\u00f3n, asisti\u00f3 a Jorge Vitti en el a\u00f1o 2018, en la puesta de \u201cRey Lear\u201d&nbsp;en el Centro Cultural de la Cooperaci\u00f3n y actualmente participa de la segunda temporada de &#8220;Mi Coraz\u00f3n no es de piedra ni madera&#8221;, de Martin Marcou.<\/p>\n\n\n\n<p><\/p>\n","protected":false},"excerpt":{"rendered":"<p>En mayo, comienza&nbsp;la 2\u00ba temporada de &#8220;Mi coraz\u00f3n no es de piedra ni madera&#8221;, el texto fue escrito en el marco de la carrera de Dramaturgia que se dicta en la EMAD (Escuela Metropolitana de Arte dram\u00e1tico). La&nbsp;obra escrita y dirigida por&nbsp;Mart\u00edn Marcou&nbsp;e&nbsp;interpretada por Morena Yfr\u00e1n, Facundo Tom\u00e1s y Cris Bernal Ni\u00f1o, se presentar\u00e1 en [&hellip;]<\/p>\n","protected":false},"author":3,"featured_media":22279,"comment_status":"open","ping_status":"closed","sticky":false,"template":"","format":"standard","meta":{"footnotes":""},"categories":[34,35],"tags":[],"class_list":{"0":"post-22262","1":"post","2":"type-post","3":"status-publish","4":"format-standard","5":"has-post-thumbnail","7":"category-arte","8":"category-teatro"},"yoast_head":"<!-- This site is optimized with the Yoast SEO plugin v27.5 - https:\/\/yoast.com\/product\/yoast-seo-wordpress\/ -->\n<title>MI CORAZ\u00d3N NO ES DE PIEDRA NI MADERA - Sergio Lapegue<\/title>\n<meta name=\"robots\" content=\"index, follow, max-snippet:-1, max-image-preview:large, max-video-preview:-1\" \/>\n<link rel=\"canonical\" href=\"https:\/\/sergiolapegue.com\/site\/2025\/04\/22\/mi-corazon-no-es-de-piedra-ni-madera-2\/\" \/>\n<meta property=\"og:locale\" content=\"es_ES\" \/>\n<meta property=\"og:type\" content=\"article\" \/>\n<meta property=\"og:title\" content=\"MI CORAZ\u00d3N NO ES DE PIEDRA NI MADERA - Sergio Lapegue\" \/>\n<meta property=\"og:description\" content=\"En mayo, comienza&nbsp;la 2\u00ba temporada de &#8220;Mi coraz\u00f3n no es de piedra ni madera&#8221;, el texto fue escrito en el marco de la carrera de Dramaturgia que se dicta en la EMAD (Escuela Metropolitana de Arte dram\u00e1tico). La&nbsp;obra escrita y dirigida por&nbsp;Mart\u00edn Marcou&nbsp;e&nbsp;interpretada por Morena Yfr\u00e1n, Facundo Tom\u00e1s y Cris Bernal Ni\u00f1o, se presentar\u00e1 en [&hellip;]\" \/>\n<meta property=\"og:url\" content=\"https:\/\/sergiolapegue.com\/site\/2025\/04\/22\/mi-corazon-no-es-de-piedra-ni-madera-2\/\" \/>\n<meta property=\"og:site_name\" content=\"Sergio Lapegue\" \/>\n<meta property=\"article:publisher\" content=\"https:\/\/facebook.com\/sergiolapegue\" \/>\n<meta property=\"article:author\" content=\"https:\/\/facebook.com\/danielernesto.montana\" \/>\n<meta property=\"article:published_time\" content=\"2025-04-22T04:00:00+00:00\" \/>\n<meta property=\"og:image\" content=\"https:\/\/sergiolapegue.com\/site\/wp-content\/uploads\/2025\/04\/Mi-corazon-no-es-de-piedra-ni-madera.jpg\" \/>\n\t<meta property=\"og:image:width\" content=\"1500\" \/>\n\t<meta property=\"og:image:height\" content=\"1875\" \/>\n\t<meta property=\"og:image:type\" content=\"image\/jpeg\" \/>\n<meta name=\"author\" content=\"Daniel E. Monta\u00f1a\" \/>\n<meta name=\"twitter:card\" content=\"summary_large_image\" \/>\n<meta name=\"twitter:creator\" content=\"@https:\/\/twitter.com\/daner_004\" \/>\n<meta name=\"twitter:site\" content=\"@sergiolapegue\" \/>\n<meta name=\"twitter:label1\" content=\"Escrito por\" \/>\n\t<meta name=\"twitter:data1\" content=\"Daniel E. Monta\u00f1a\" \/>\n\t<meta name=\"twitter:label2\" content=\"Tiempo de lectura\" \/>\n\t<meta name=\"twitter:data2\" content=\"8 minutos\" \/>\n<script type=\"application\/ld+json\" class=\"yoast-schema-graph\">{\"@context\":\"https:\\\/\\\/schema.org\",\"@graph\":[{\"@type\":\"Article\",\"@id\":\"https:\\\/\\\/sergiolapegue.com\\\/site\\\/2025\\\/04\\\/22\\\/mi-corazon-no-es-de-piedra-ni-madera-2\\\/#article\",\"isPartOf\":{\"@id\":\"https:\\\/\\\/sergiolapegue.com\\\/site\\\/2025\\\/04\\\/22\\\/mi-corazon-no-es-de-piedra-ni-madera-2\\\/\"},\"author\":{\"name\":\"Daniel E. Monta\u00f1a\",\"@id\":\"https:\\\/\\\/sergiolapegue.com\\\/site\\\/#\\\/schema\\\/person\\\/9198e7dbab43c6d74d0fd5399af7c3cd\"},\"headline\":\"MI CORAZ\u00d3N NO ES DE PIEDRA NI MADERA\",\"datePublished\":\"2025-04-22T04:00:00+00:00\",\"mainEntityOfPage\":{\"@id\":\"https:\\\/\\\/sergiolapegue.com\\\/site\\\/2025\\\/04\\\/22\\\/mi-corazon-no-es-de-piedra-ni-madera-2\\\/\"},\"wordCount\":1419,\"commentCount\":0,\"publisher\":{\"@id\":\"https:\\\/\\\/sergiolapegue.com\\\/site\\\/#\\\/schema\\\/person\\\/083aeceeb0734cd166779ea6c0551a37\"},\"image\":{\"@id\":\"https:\\\/\\\/sergiolapegue.com\\\/site\\\/2025\\\/04\\\/22\\\/mi-corazon-no-es-de-piedra-ni-madera-2\\\/#primaryimage\"},\"thumbnailUrl\":\"https:\\\/\\\/sergiolapegue.com\\\/site\\\/wp-content\\\/uploads\\\/2025\\\/04\\\/Mi-corazon-no-es-de-piedra-ni-madera.jpg\",\"articleSection\":[\"Arte\",\"Teatro\"],\"inLanguage\":\"es-AR\",\"potentialAction\":[{\"@type\":\"CommentAction\",\"name\":\"Comment\",\"target\":[\"https:\\\/\\\/sergiolapegue.com\\\/site\\\/2025\\\/04\\\/22\\\/mi-corazon-no-es-de-piedra-ni-madera-2\\\/#respond\"]}]},{\"@type\":\"WebPage\",\"@id\":\"https:\\\/\\\/sergiolapegue.com\\\/site\\\/2025\\\/04\\\/22\\\/mi-corazon-no-es-de-piedra-ni-madera-2\\\/\",\"url\":\"https:\\\/\\\/sergiolapegue.com\\\/site\\\/2025\\\/04\\\/22\\\/mi-corazon-no-es-de-piedra-ni-madera-2\\\/\",\"name\":\"MI CORAZ\u00d3N NO ES DE PIEDRA NI MADERA - Sergio Lapegue\",\"isPartOf\":{\"@id\":\"https:\\\/\\\/sergiolapegue.com\\\/site\\\/#website\"},\"primaryImageOfPage\":{\"@id\":\"https:\\\/\\\/sergiolapegue.com\\\/site\\\/2025\\\/04\\\/22\\\/mi-corazon-no-es-de-piedra-ni-madera-2\\\/#primaryimage\"},\"image\":{\"@id\":\"https:\\\/\\\/sergiolapegue.com\\\/site\\\/2025\\\/04\\\/22\\\/mi-corazon-no-es-de-piedra-ni-madera-2\\\/#primaryimage\"},\"thumbnailUrl\":\"https:\\\/\\\/sergiolapegue.com\\\/site\\\/wp-content\\\/uploads\\\/2025\\\/04\\\/Mi-corazon-no-es-de-piedra-ni-madera.jpg\",\"datePublished\":\"2025-04-22T04:00:00+00:00\",\"breadcrumb\":{\"@id\":\"https:\\\/\\\/sergiolapegue.com\\\/site\\\/2025\\\/04\\\/22\\\/mi-corazon-no-es-de-piedra-ni-madera-2\\\/#breadcrumb\"},\"inLanguage\":\"es-AR\",\"potentialAction\":[{\"@type\":\"ReadAction\",\"target\":[\"https:\\\/\\\/sergiolapegue.com\\\/site\\\/2025\\\/04\\\/22\\\/mi-corazon-no-es-de-piedra-ni-madera-2\\\/\"]}]},{\"@type\":\"ImageObject\",\"inLanguage\":\"es-AR\",\"@id\":\"https:\\\/\\\/sergiolapegue.com\\\/site\\\/2025\\\/04\\\/22\\\/mi-corazon-no-es-de-piedra-ni-madera-2\\\/#primaryimage\",\"url\":\"https:\\\/\\\/sergiolapegue.com\\\/site\\\/wp-content\\\/uploads\\\/2025\\\/04\\\/Mi-corazon-no-es-de-piedra-ni-madera.jpg\",\"contentUrl\":\"https:\\\/\\\/sergiolapegue.com\\\/site\\\/wp-content\\\/uploads\\\/2025\\\/04\\\/Mi-corazon-no-es-de-piedra-ni-madera.jpg\",\"width\":1500,\"height\":1875},{\"@type\":\"BreadcrumbList\",\"@id\":\"https:\\\/\\\/sergiolapegue.com\\\/site\\\/2025\\\/04\\\/22\\\/mi-corazon-no-es-de-piedra-ni-madera-2\\\/#breadcrumb\",\"itemListElement\":[{\"@type\":\"ListItem\",\"position\":1,\"name\":\"Inicio\",\"item\":\"https:\\\/\\\/sergiolapegue.com\\\/site\\\/\"},{\"@type\":\"ListItem\",\"position\":2,\"name\":\"MI CORAZ\u00d3N NO ES DE PIEDRA NI MADERA\"}]},{\"@type\":\"WebSite\",\"@id\":\"https:\\\/\\\/sergiolapegue.com\\\/site\\\/#website\",\"url\":\"https:\\\/\\\/sergiolapegue.com\\\/site\\\/\",\"name\":\"Sergio Lapegue\",\"description\":\"Periodista\",\"publisher\":{\"@id\":\"https:\\\/\\\/sergiolapegue.com\\\/site\\\/#\\\/schema\\\/person\\\/083aeceeb0734cd166779ea6c0551a37\"},\"potentialAction\":[{\"@type\":\"SearchAction\",\"target\":{\"@type\":\"EntryPoint\",\"urlTemplate\":\"https:\\\/\\\/sergiolapegue.com\\\/site\\\/?s={search_term_string}\"},\"query-input\":{\"@type\":\"PropertyValueSpecification\",\"valueRequired\":true,\"valueName\":\"search_term_string\"}}],\"inLanguage\":\"es-AR\"},{\"@type\":[\"Person\",\"Organization\"],\"@id\":\"https:\\\/\\\/sergiolapegue.com\\\/site\\\/#\\\/schema\\\/person\\\/083aeceeb0734cd166779ea6c0551a37\",\"name\":\"Sergio Lapegue\",\"image\":{\"@type\":\"ImageObject\",\"inLanguage\":\"es-AR\",\"@id\":\"https:\\\/\\\/sergiolapegue.com\\\/site\\\/wp-content\\\/uploads\\\/2021\\\/04\\\/logo_header-1.png\",\"url\":\"https:\\\/\\\/sergiolapegue.com\\\/site\\\/wp-content\\\/uploads\\\/2021\\\/04\\\/logo_header-1.png\",\"contentUrl\":\"https:\\\/\\\/sergiolapegue.com\\\/site\\\/wp-content\\\/uploads\\\/2021\\\/04\\\/logo_header-1.png\",\"width\":272,\"height\":90,\"caption\":\"Sergio Lapegue\"},\"logo\":{\"@id\":\"https:\\\/\\\/sergiolapegue.com\\\/site\\\/wp-content\\\/uploads\\\/2021\\\/04\\\/logo_header-1.png\"},\"sameAs\":[\"https:\\\/\\\/facebook.com\\\/sergiolapegue\",\"https:\\\/\\\/instagram.com\\\/sergiolapegue\",\"https:\\\/\\\/x.com\\\/https:\\\/\\\/twitter.com\\\/sergiolapegue\"]},{\"@type\":\"Person\",\"@id\":\"https:\\\/\\\/sergiolapegue.com\\\/site\\\/#\\\/schema\\\/person\\\/9198e7dbab43c6d74d0fd5399af7c3cd\",\"name\":\"Daniel E. Monta\u00f1a\",\"image\":{\"@type\":\"ImageObject\",\"inLanguage\":\"es-AR\",\"@id\":\"https:\\\/\\\/sergiolapegue.com\\\/site\\\/wp-content\\\/uploads\\\/2021\\\/04\\\/sl_avatar_Daniel-150x150.jpg\",\"url\":\"https:\\\/\\\/sergiolapegue.com\\\/site\\\/wp-content\\\/uploads\\\/2021\\\/04\\\/sl_avatar_Daniel-150x150.jpg\",\"contentUrl\":\"https:\\\/\\\/sergiolapegue.com\\\/site\\\/wp-content\\\/uploads\\\/2021\\\/04\\\/sl_avatar_Daniel-150x150.jpg\",\"caption\":\"Daniel E. Monta\u00f1a\"},\"sameAs\":[\"https:\\\/\\\/facebook.com\\\/danielernesto.montana\",\"https:\\\/\\\/instagram.com\\\/daniel_montana1961\",\"https:\\\/\\\/x.com\\\/https:\\\/\\\/twitter.com\\\/daner_004\"],\"url\":\"https:\\\/\\\/sergiolapegue.com\\\/site\\\/author\\\/daniel\\\/\"}]}<\/script>\n<!-- \/ Yoast SEO plugin. -->","yoast_head_json":{"title":"MI CORAZ\u00d3N NO ES DE PIEDRA NI MADERA - Sergio Lapegue","robots":{"index":"index","follow":"follow","max-snippet":"max-snippet:-1","max-image-preview":"max-image-preview:large","max-video-preview":"max-video-preview:-1"},"canonical":"https:\/\/sergiolapegue.com\/site\/2025\/04\/22\/mi-corazon-no-es-de-piedra-ni-madera-2\/","og_locale":"es_ES","og_type":"article","og_title":"MI CORAZ\u00d3N NO ES DE PIEDRA NI MADERA - Sergio Lapegue","og_description":"En mayo, comienza&nbsp;la 2\u00ba temporada de &#8220;Mi coraz\u00f3n no es de piedra ni madera&#8221;, el texto fue escrito en el marco de la carrera de Dramaturgia que se dicta en la EMAD (Escuela Metropolitana de Arte dram\u00e1tico). La&nbsp;obra escrita y dirigida por&nbsp;Mart\u00edn Marcou&nbsp;e&nbsp;interpretada por Morena Yfr\u00e1n, Facundo Tom\u00e1s y Cris Bernal Ni\u00f1o, se presentar\u00e1 en [&hellip;]","og_url":"https:\/\/sergiolapegue.com\/site\/2025\/04\/22\/mi-corazon-no-es-de-piedra-ni-madera-2\/","og_site_name":"Sergio Lapegue","article_publisher":"https:\/\/facebook.com\/sergiolapegue","article_author":"https:\/\/facebook.com\/danielernesto.montana","article_published_time":"2025-04-22T04:00:00+00:00","og_image":[{"width":1500,"height":1875,"url":"https:\/\/sergiolapegue.com\/site\/wp-content\/uploads\/2025\/04\/Mi-corazon-no-es-de-piedra-ni-madera.jpg","type":"image\/jpeg"}],"author":"Daniel E. Monta\u00f1a","twitter_card":"summary_large_image","twitter_creator":"@https:\/\/twitter.com\/daner_004","twitter_site":"@sergiolapegue","twitter_misc":{"Escrito por":"Daniel E. Monta\u00f1a","Tiempo de lectura":"8 minutos"},"schema":{"@context":"https:\/\/schema.org","@graph":[{"@type":"Article","@id":"https:\/\/sergiolapegue.com\/site\/2025\/04\/22\/mi-corazon-no-es-de-piedra-ni-madera-2\/#article","isPartOf":{"@id":"https:\/\/sergiolapegue.com\/site\/2025\/04\/22\/mi-corazon-no-es-de-piedra-ni-madera-2\/"},"author":{"name":"Daniel E. Monta\u00f1a","@id":"https:\/\/sergiolapegue.com\/site\/#\/schema\/person\/9198e7dbab43c6d74d0fd5399af7c3cd"},"headline":"MI CORAZ\u00d3N NO ES DE PIEDRA NI MADERA","datePublished":"2025-04-22T04:00:00+00:00","mainEntityOfPage":{"@id":"https:\/\/sergiolapegue.com\/site\/2025\/04\/22\/mi-corazon-no-es-de-piedra-ni-madera-2\/"},"wordCount":1419,"commentCount":0,"publisher":{"@id":"https:\/\/sergiolapegue.com\/site\/#\/schema\/person\/083aeceeb0734cd166779ea6c0551a37"},"image":{"@id":"https:\/\/sergiolapegue.com\/site\/2025\/04\/22\/mi-corazon-no-es-de-piedra-ni-madera-2\/#primaryimage"},"thumbnailUrl":"https:\/\/sergiolapegue.com\/site\/wp-content\/uploads\/2025\/04\/Mi-corazon-no-es-de-piedra-ni-madera.jpg","articleSection":["Arte","Teatro"],"inLanguage":"es-AR","potentialAction":[{"@type":"CommentAction","name":"Comment","target":["https:\/\/sergiolapegue.com\/site\/2025\/04\/22\/mi-corazon-no-es-de-piedra-ni-madera-2\/#respond"]}]},{"@type":"WebPage","@id":"https:\/\/sergiolapegue.com\/site\/2025\/04\/22\/mi-corazon-no-es-de-piedra-ni-madera-2\/","url":"https:\/\/sergiolapegue.com\/site\/2025\/04\/22\/mi-corazon-no-es-de-piedra-ni-madera-2\/","name":"MI CORAZ\u00d3N NO ES DE PIEDRA NI MADERA - Sergio Lapegue","isPartOf":{"@id":"https:\/\/sergiolapegue.com\/site\/#website"},"primaryImageOfPage":{"@id":"https:\/\/sergiolapegue.com\/site\/2025\/04\/22\/mi-corazon-no-es-de-piedra-ni-madera-2\/#primaryimage"},"image":{"@id":"https:\/\/sergiolapegue.com\/site\/2025\/04\/22\/mi-corazon-no-es-de-piedra-ni-madera-2\/#primaryimage"},"thumbnailUrl":"https:\/\/sergiolapegue.com\/site\/wp-content\/uploads\/2025\/04\/Mi-corazon-no-es-de-piedra-ni-madera.jpg","datePublished":"2025-04-22T04:00:00+00:00","breadcrumb":{"@id":"https:\/\/sergiolapegue.com\/site\/2025\/04\/22\/mi-corazon-no-es-de-piedra-ni-madera-2\/#breadcrumb"},"inLanguage":"es-AR","potentialAction":[{"@type":"ReadAction","target":["https:\/\/sergiolapegue.com\/site\/2025\/04\/22\/mi-corazon-no-es-de-piedra-ni-madera-2\/"]}]},{"@type":"ImageObject","inLanguage":"es-AR","@id":"https:\/\/sergiolapegue.com\/site\/2025\/04\/22\/mi-corazon-no-es-de-piedra-ni-madera-2\/#primaryimage","url":"https:\/\/sergiolapegue.com\/site\/wp-content\/uploads\/2025\/04\/Mi-corazon-no-es-de-piedra-ni-madera.jpg","contentUrl":"https:\/\/sergiolapegue.com\/site\/wp-content\/uploads\/2025\/04\/Mi-corazon-no-es-de-piedra-ni-madera.jpg","width":1500,"height":1875},{"@type":"BreadcrumbList","@id":"https:\/\/sergiolapegue.com\/site\/2025\/04\/22\/mi-corazon-no-es-de-piedra-ni-madera-2\/#breadcrumb","itemListElement":[{"@type":"ListItem","position":1,"name":"Inicio","item":"https:\/\/sergiolapegue.com\/site\/"},{"@type":"ListItem","position":2,"name":"MI CORAZ\u00d3N NO ES DE PIEDRA NI MADERA"}]},{"@type":"WebSite","@id":"https:\/\/sergiolapegue.com\/site\/#website","url":"https:\/\/sergiolapegue.com\/site\/","name":"Sergio Lapegue","description":"Periodista","publisher":{"@id":"https:\/\/sergiolapegue.com\/site\/#\/schema\/person\/083aeceeb0734cd166779ea6c0551a37"},"potentialAction":[{"@type":"SearchAction","target":{"@type":"EntryPoint","urlTemplate":"https:\/\/sergiolapegue.com\/site\/?s={search_term_string}"},"query-input":{"@type":"PropertyValueSpecification","valueRequired":true,"valueName":"search_term_string"}}],"inLanguage":"es-AR"},{"@type":["Person","Organization"],"@id":"https:\/\/sergiolapegue.com\/site\/#\/schema\/person\/083aeceeb0734cd166779ea6c0551a37","name":"Sergio Lapegue","image":{"@type":"ImageObject","inLanguage":"es-AR","@id":"https:\/\/sergiolapegue.com\/site\/wp-content\/uploads\/2021\/04\/logo_header-1.png","url":"https:\/\/sergiolapegue.com\/site\/wp-content\/uploads\/2021\/04\/logo_header-1.png","contentUrl":"https:\/\/sergiolapegue.com\/site\/wp-content\/uploads\/2021\/04\/logo_header-1.png","width":272,"height":90,"caption":"Sergio Lapegue"},"logo":{"@id":"https:\/\/sergiolapegue.com\/site\/wp-content\/uploads\/2021\/04\/logo_header-1.png"},"sameAs":["https:\/\/facebook.com\/sergiolapegue","https:\/\/instagram.com\/sergiolapegue","https:\/\/x.com\/https:\/\/twitter.com\/sergiolapegue"]},{"@type":"Person","@id":"https:\/\/sergiolapegue.com\/site\/#\/schema\/person\/9198e7dbab43c6d74d0fd5399af7c3cd","name":"Daniel E. Monta\u00f1a","image":{"@type":"ImageObject","inLanguage":"es-AR","@id":"https:\/\/sergiolapegue.com\/site\/wp-content\/uploads\/2021\/04\/sl_avatar_Daniel-150x150.jpg","url":"https:\/\/sergiolapegue.com\/site\/wp-content\/uploads\/2021\/04\/sl_avatar_Daniel-150x150.jpg","contentUrl":"https:\/\/sergiolapegue.com\/site\/wp-content\/uploads\/2021\/04\/sl_avatar_Daniel-150x150.jpg","caption":"Daniel E. Monta\u00f1a"},"sameAs":["https:\/\/facebook.com\/danielernesto.montana","https:\/\/instagram.com\/daniel_montana1961","https:\/\/x.com\/https:\/\/twitter.com\/daner_004"],"url":"https:\/\/sergiolapegue.com\/site\/author\/daniel\/"}]}},"_links":{"self":[{"href":"https:\/\/sergiolapegue.com\/site\/wp-json\/wp\/v2\/posts\/22262","targetHints":{"allow":["GET"]}}],"collection":[{"href":"https:\/\/sergiolapegue.com\/site\/wp-json\/wp\/v2\/posts"}],"about":[{"href":"https:\/\/sergiolapegue.com\/site\/wp-json\/wp\/v2\/types\/post"}],"author":[{"embeddable":true,"href":"https:\/\/sergiolapegue.com\/site\/wp-json\/wp\/v2\/users\/3"}],"replies":[{"embeddable":true,"href":"https:\/\/sergiolapegue.com\/site\/wp-json\/wp\/v2\/comments?post=22262"}],"version-history":[{"count":1,"href":"https:\/\/sergiolapegue.com\/site\/wp-json\/wp\/v2\/posts\/22262\/revisions"}],"predecessor-version":[{"id":22280,"href":"https:\/\/sergiolapegue.com\/site\/wp-json\/wp\/v2\/posts\/22262\/revisions\/22280"}],"wp:featuredmedia":[{"embeddable":true,"href":"https:\/\/sergiolapegue.com\/site\/wp-json\/wp\/v2\/media\/22279"}],"wp:attachment":[{"href":"https:\/\/sergiolapegue.com\/site\/wp-json\/wp\/v2\/media?parent=22262"}],"wp:term":[{"taxonomy":"category","embeddable":true,"href":"https:\/\/sergiolapegue.com\/site\/wp-json\/wp\/v2\/categories?post=22262"},{"taxonomy":"post_tag","embeddable":true,"href":"https:\/\/sergiolapegue.com\/site\/wp-json\/wp\/v2\/tags?post=22262"}],"curies":[{"name":"wp","href":"https:\/\/api.w.org\/{rel}","templated":true}]}}