{"id":22181,"date":"2025-04-17T01:00:00","date_gmt":"2025-04-17T04:00:00","guid":{"rendered":"https:\/\/sergiolapegue.com\/site\/?p=22181"},"modified":"2025-04-16T18:41:13","modified_gmt":"2025-04-16T21:41:13","slug":"el-director-de-cine-sebastian-zanni-presenta-42-reinicio-en-el-cine-gaumont","status":"publish","type":"post","link":"https:\/\/sergiolapegue.com\/site\/2025\/04\/17\/el-director-de-cine-sebastian-zanni-presenta-42-reinicio-en-el-cine-gaumont\/","title":{"rendered":"EL DIRECTOR DE CINE SEBASTI\u00c1N ZANNI PRESENTA \u201c42 REINICIO\u201d EN EL CINE GAUMONT"},"content":{"rendered":"\n<p>Sebasti\u00e1n Zanni tiene 47 a\u00f1os, reside en el barrio porte\u00f1o de Villa Pueyrred\u00f3n y se form\u00f3 en la escuela de Eliseo Subiela. Por una crisis existencial, a los 42 a\u00f1os abandon\u00f3 su trabajo y se larg\u00f3 a filmar \u201c42 Reinicio\u201d, un documental autobiogr\u00e1fico. El jueves 17 de abril, a las 20:15 horas, lo presentar\u00e1 en sociedad, en el cine Gaumont, avenida Rivadavia 1635, CABA<strong><em>.&nbsp;<\/em><\/strong><\/p>\n\n\n\n<p>Hay personas que, en alg\u00fan momento de sus vidas, necesitan romper con las reglas establecidas y dar un giro de ciento ochenta grados.&nbsp;<\/p>\n\n\n\n<p>Tal es el caso del director de cine Sebasti\u00e1n Zanni, quien era guardavidas y manejaba un taxi de su propiedad, pero un d\u00eda decidi\u00f3 dejar de recorrer las calles porte\u00f1as con su veh\u00edculo y cuidar a los ba\u00f1istas, para dedicarse a filmar la pel\u00edcula de su vida.&nbsp;<\/p>\n\n\n\n<p>Se trata de \u201c42 Reinicio\u201d, un documental cuyo eje central gira en torno a una crisis existencial que lleva al protagonista en busca de su transformaci\u00f3n f\u00edsica, espiritual y mental. Un cambio profundo de vida que lo llev\u00f3 a correr su primera marat\u00f3n, como s\u00edmbolo de lucha por superar su insatisfacci\u00f3n interna.<\/p>\n\n\n\n<figure class=\"wp-block-image size-large\"><img loading=\"lazy\" decoding=\"async\" width=\"1024\" height=\"683\" src=\"https:\/\/sergiolapegue.com\/site\/wp-content\/uploads\/2025\/04\/42-Reinicio-3-1024x683.jpg\" alt=\"\" class=\"wp-image-22182\" srcset=\"https:\/\/sergiolapegue.com\/site\/wp-content\/uploads\/2025\/04\/42-Reinicio-3-1024x683.jpg 1024w, https:\/\/sergiolapegue.com\/site\/wp-content\/uploads\/2025\/04\/42-Reinicio-3-300x200.jpg 300w, https:\/\/sergiolapegue.com\/site\/wp-content\/uploads\/2025\/04\/42-Reinicio-3-768x512.jpg 768w, https:\/\/sergiolapegue.com\/site\/wp-content\/uploads\/2025\/04\/42-Reinicio-3-1536x1024.jpg 1536w, https:\/\/sergiolapegue.com\/site\/wp-content\/uploads\/2025\/04\/42-Reinicio-3-630x420.jpg 630w, https:\/\/sergiolapegue.com\/site\/wp-content\/uploads\/2025\/04\/42-Reinicio-3-696x464.jpg 696w, https:\/\/sergiolapegue.com\/site\/wp-content\/uploads\/2025\/04\/42-Reinicio-3-1068x712.jpg 1068w, https:\/\/sergiolapegue.com\/site\/wp-content\/uploads\/2025\/04\/42-Reinicio-3.jpg 1920w\" sizes=\"auto, (max-width: 1024px) 100vw, 1024px\" \/><\/figure>\n\n\n\n<p>\u201cDecid\u00ed filmar este documental en primera persona para retratar un proceso de transformaci\u00f3n personal, una oportunidad para plantearme los cuestionamientos m\u00e1s profundos de mi vida y salir de mi zona de confort\u201d, afirma el cineasta de 47 a\u00f1os.<\/p>\n\n\n\n<p>Orgulloso de la resoluci\u00f3n, Zanni agrega:&nbsp;\u201cdespu\u00e9s de dieciocho a\u00f1os, tom\u00e9 la decisi\u00f3n de renunciar a mi trabajo en el Centro Naval, de Olivos, y destinar todos mis ahorros a la compro de un autom\u00f3vil, que me ayud\u00f3 a trasladarme para correr por distintos paisajes de mi pa\u00eds. Paralelamente, comenc\u00e9 una b\u00fasqueda espiritual con retiros de yoga, pr\u00e1cticas de expresi\u00f3n corporal, consultas de astrolog\u00eda y sesiones de Registros Ak\u00e1shicos. Estas experiencias se convirtieron en piezas clave de un proceso de reconstrucci\u00f3n personal y reconexi\u00f3n con el mundo que me rodea\u201d.<\/p>\n\n\n\n<p>\u201c42 Reinicio\u201d se rod\u00f3 entre el 25 de enero de 2020 y el 25 de enero de 2023. Tres a\u00f1os en los que se realiz\u00f3 un registro cronol\u00f3gico de las distintas etapas que atraves\u00f3 Sebasti\u00e1n para lograr cumplir el objetivo de correr en la Marat\u00f3n de Buenos Aires. \u201cLa pel\u00edcula refleja un relato honesto a trav\u00e9s de una c\u00e1mara viva, intimista, con muchos espacios de observaci\u00f3n, siguiendo detalladamente los cambios y entregado a un proceso de experimentaci\u00f3n\u201d, se\u00f1ala el oriundo del barrio porte\u00f1o de Villa Pueyrred\u00f3n.<\/p>\n\n\n\n<p>Tr\u00e1iler oficial del documental autobiogr\u00e1fico \u201c42 Reinicio\u201d<\/p>\n\n\n\n<figure class=\"wp-block-embed is-type-video is-provider-youtube wp-block-embed-youtube wp-embed-aspect-16-9 wp-has-aspect-ratio\"><div class=\"wp-block-embed__wrapper\">\n<div class=\"youtube-embed\" data-video_id=\"C6JyAkqVBfQ\"><iframe loading=\"lazy\" title=\"42 REINICIO - Trailer Oficial\/Direcci\u00f3n Sebasti\u00e1n Zanni\" width=\"696\" height=\"392\" src=\"https:\/\/www.youtube.com\/embed\/C6JyAkqVBfQ?feature=oembed&#038;enablejsapi=1\" frameborder=\"0\" allow=\"accelerometer; autoplay; clipboard-write; encrypted-media; gyroscope; picture-in-picture; web-share\" referrerpolicy=\"strict-origin-when-cross-origin\" allowfullscreen><\/iframe><\/div>\n<\/div><\/figure>\n\n\n\n<p>Si bien la pel\u00edcula se proyect\u00f3 entre fines de 2024 y comienzos de 2025, en CABA, cinematecas de Colombia y salas de Bariloche, Villa la Angostura, San Mart\u00edn de los Andes y Carmen de Patagones, la&nbsp;presentaci\u00f3n oficial ser\u00e1 el jueves 17 de abril, a las&nbsp;20:15 horas, en el&nbsp;Cine Gaumont, avenida Rivadavia 1635, CABA.<\/p>\n\n\n\n<p>\u201cEste proyecto fue la oportunidad ideal para reconectar con mi verdadera pasi\u00f3n: el cine. Cada avance en mis metas f\u00edsicas y personales fue guiado por la mirada de director, sin perder el foco y el compromiso de contar una nueva historia para la cinematograf\u00eda\u201d, asegura el director que se form\u00f3 en la escuela de Eliseo Subiela.<\/p>\n\n\n\n<p>\u201cEmpec\u00e9 a estudiar cine por admiraci\u00f3n al espa\u00f1ol Alex de la Iglesia. Hasta tengo un tatuaje de su cara en el brazo derecho\u201d,&nbsp;revela Zanni con orgullo.<\/p>\n\n\n\n<p>Esa devoci\u00f3n por el director, productor y guionista bilba\u00edno se tradujo a\u00f1os despu\u00e9s en un viaje a Madrid (capital espa\u00f1ola en donde hab\u00eda vivido en 2002) para conocerlo y entrevistarlo, porque ten\u00eda en carpeta un documental titulado \u201cEl camino de Alex\u201d.<\/p>\n\n\n\n<figure class=\"wp-block-image size-full\"><img loading=\"lazy\" decoding=\"async\" width=\"749\" height=\"665\" src=\"https:\/\/sergiolapegue.com\/site\/wp-content\/uploads\/2025\/04\/42-Reinicio-1.png\" alt=\"\" class=\"wp-image-22184\" srcset=\"https:\/\/sergiolapegue.com\/site\/wp-content\/uploads\/2025\/04\/42-Reinicio-1.png 749w, https:\/\/sergiolapegue.com\/site\/wp-content\/uploads\/2025\/04\/42-Reinicio-1-300x266.png 300w, https:\/\/sergiolapegue.com\/site\/wp-content\/uploads\/2025\/04\/42-Reinicio-1-473x420.png 473w, https:\/\/sergiolapegue.com\/site\/wp-content\/uploads\/2025\/04\/42-Reinicio-1-696x618.png 696w\" sizes=\"auto, (max-width: 749px) 100vw, 749px\" \/><\/figure>\n\n\n\n<p>Con la humildad de los grandes, luego de que se apag\u00f3 la c\u00e1mara, De la Iglesia le dej\u00f3 sabios consejos.&nbsp;\u201cLo m\u00e1s importante para un director de cine es hacer. Aunque no est\u00e9n dadas las condiciones, hay que jug\u00e1rselas\u201d, subray\u00f3 el ganador de un Premio Goya.<\/p>\n\n\n\n<p>El primer trabajo cinematogr\u00e1fico de Sebasti\u00e1n Zanni fue la de asistente de producci\u00f3n en \u201cPura sangre\u201d, una coproducci\u00f3n argentina-espa\u00f1ola dirigida por Leo Ricciardi y protagonizada por Norma Aleandro. En 2012 fund\u00f3 la productora \u201cVisi\u00f3n Ferpecta\u201d. Posteriormente, hizo seis cortometrajes, como director, productor y guionista: \u201cEl espejismo\u201d, \u201cSiga a ese auto\u201d, \u201cAvestruz\u201d, \u201cP. Correctos\u201d, \u201cAceitunas negras\u201d y \u201c261\u201d.<\/p>\n\n\n\n<p>Para saber m\u00e1s del director de cine, podes consultar sus redes:<\/p>\n\n\n\n<p><strong>Instagram:<\/strong> @ferpectozanni<\/p>\n\n\n\n<p><strong>YouTube:<\/strong> Visi\u00f3n Perfecta Films<\/p>\n\n\n\n<p>Gracias Juan Ignacio Penlowskyj por hacernos llegar la gacetilla de prensa del estreno de esta pel\u00edcula.<\/p>\n\n\n\n<p><\/p>\n","protected":false},"excerpt":{"rendered":"<p>Sebasti\u00e1n Zanni tiene 47 a\u00f1os, reside en el barrio porte\u00f1o de Villa Pueyrred\u00f3n y se form\u00f3 en la escuela de Eliseo Subiela. Por una crisis existencial, a los 42 a\u00f1os abandon\u00f3 su trabajo y se larg\u00f3 a filmar \u201c42 Reinicio\u201d, un documental autobiogr\u00e1fico. El jueves 17 de abril, a las 20:15 horas, lo presentar\u00e1 en [&hellip;]<\/p>\n","protected":false},"author":3,"featured_media":22187,"comment_status":"open","ping_status":"closed","sticky":false,"template":"","format":"standard","meta":{"footnotes":""},"categories":[34,36],"tags":[],"class_list":{"0":"post-22181","1":"post","2":"type-post","3":"status-publish","4":"format-standard","5":"has-post-thumbnail","7":"category-arte","8":"category-cine"},"yoast_head":"<!-- This site is optimized with the Yoast SEO plugin v27.5 - https:\/\/yoast.com\/product\/yoast-seo-wordpress\/ -->\n<title>EL DIRECTOR DE CINE SEBASTI\u00c1N ZANNI PRESENTA \u201c42 REINICIO\u201d EN EL CINE GAUMONT - Sergio Lapegue<\/title>\n<meta name=\"robots\" content=\"index, follow, max-snippet:-1, max-image-preview:large, max-video-preview:-1\" \/>\n<link rel=\"canonical\" href=\"https:\/\/sergiolapegue.com\/site\/2025\/04\/17\/el-director-de-cine-sebastian-zanni-presenta-42-reinicio-en-el-cine-gaumont\/\" \/>\n<meta property=\"og:locale\" content=\"es_ES\" \/>\n<meta property=\"og:type\" content=\"article\" \/>\n<meta property=\"og:title\" content=\"EL DIRECTOR DE CINE SEBASTI\u00c1N ZANNI PRESENTA \u201c42 REINICIO\u201d EN EL CINE GAUMONT - Sergio Lapegue\" \/>\n<meta property=\"og:description\" content=\"Sebasti\u00e1n Zanni tiene 47 a\u00f1os, reside en el barrio porte\u00f1o de Villa Pueyrred\u00f3n y se form\u00f3 en la escuela de Eliseo Subiela. Por una crisis existencial, a los 42 a\u00f1os abandon\u00f3 su trabajo y se larg\u00f3 a filmar \u201c42 Reinicio\u201d, un documental autobiogr\u00e1fico. El jueves 17 de abril, a las 20:15 horas, lo presentar\u00e1 en [&hellip;]\" \/>\n<meta property=\"og:url\" content=\"https:\/\/sergiolapegue.com\/site\/2025\/04\/17\/el-director-de-cine-sebastian-zanni-presenta-42-reinicio-en-el-cine-gaumont\/\" \/>\n<meta property=\"og:site_name\" content=\"Sergio Lapegue\" \/>\n<meta property=\"article:publisher\" content=\"https:\/\/facebook.com\/sergiolapegue\" \/>\n<meta property=\"article:author\" content=\"https:\/\/facebook.com\/danielernesto.montana\" \/>\n<meta property=\"article:published_time\" content=\"2025-04-17T04:00:00+00:00\" \/>\n<meta property=\"og:image\" content=\"https:\/\/sergiolapegue.com\/site\/wp-content\/uploads\/2025\/04\/42-Reinicio.jpg\" \/>\n\t<meta property=\"og:image:width\" content=\"804\" \/>\n\t<meta property=\"og:image:height\" content=\"1286\" \/>\n\t<meta property=\"og:image:type\" content=\"image\/jpeg\" \/>\n<meta name=\"author\" content=\"Daniel E. Monta\u00f1a\" \/>\n<meta name=\"twitter:card\" content=\"summary_large_image\" \/>\n<meta name=\"twitter:creator\" content=\"@https:\/\/twitter.com\/daner_004\" \/>\n<meta name=\"twitter:site\" content=\"@sergiolapegue\" \/>\n<meta name=\"twitter:label1\" content=\"Escrito por\" \/>\n\t<meta name=\"twitter:data1\" content=\"Daniel E. Monta\u00f1a\" \/>\n\t<meta name=\"twitter:label2\" content=\"Tiempo de lectura\" \/>\n\t<meta name=\"twitter:data2\" content=\"4 minutos\" \/>\n<script type=\"application\/ld+json\" class=\"yoast-schema-graph\">{\"@context\":\"https:\\\/\\\/schema.org\",\"@graph\":[{\"@type\":\"Article\",\"@id\":\"https:\\\/\\\/sergiolapegue.com\\\/site\\\/2025\\\/04\\\/17\\\/el-director-de-cine-sebastian-zanni-presenta-42-reinicio-en-el-cine-gaumont\\\/#article\",\"isPartOf\":{\"@id\":\"https:\\\/\\\/sergiolapegue.com\\\/site\\\/2025\\\/04\\\/17\\\/el-director-de-cine-sebastian-zanni-presenta-42-reinicio-en-el-cine-gaumont\\\/\"},\"author\":{\"name\":\"Daniel E. Monta\u00f1a\",\"@id\":\"https:\\\/\\\/sergiolapegue.com\\\/site\\\/#\\\/schema\\\/person\\\/9198e7dbab43c6d74d0fd5399af7c3cd\"},\"headline\":\"EL DIRECTOR DE CINE SEBASTI\u00c1N ZANNI PRESENTA \u201c42 REINICIO\u201d EN EL CINE GAUMONT\",\"datePublished\":\"2025-04-17T04:00:00+00:00\",\"mainEntityOfPage\":{\"@id\":\"https:\\\/\\\/sergiolapegue.com\\\/site\\\/2025\\\/04\\\/17\\\/el-director-de-cine-sebastian-zanni-presenta-42-reinicio-en-el-cine-gaumont\\\/\"},\"wordCount\":813,\"commentCount\":0,\"publisher\":{\"@id\":\"https:\\\/\\\/sergiolapegue.com\\\/site\\\/#\\\/schema\\\/person\\\/083aeceeb0734cd166779ea6c0551a37\"},\"image\":{\"@id\":\"https:\\\/\\\/sergiolapegue.com\\\/site\\\/2025\\\/04\\\/17\\\/el-director-de-cine-sebastian-zanni-presenta-42-reinicio-en-el-cine-gaumont\\\/#primaryimage\"},\"thumbnailUrl\":\"https:\\\/\\\/sergiolapegue.com\\\/site\\\/wp-content\\\/uploads\\\/2025\\\/04\\\/42-Reinicio.jpg\",\"articleSection\":[\"Arte\",\"Cine\"],\"inLanguage\":\"es-AR\",\"potentialAction\":[{\"@type\":\"CommentAction\",\"name\":\"Comment\",\"target\":[\"https:\\\/\\\/sergiolapegue.com\\\/site\\\/2025\\\/04\\\/17\\\/el-director-de-cine-sebastian-zanni-presenta-42-reinicio-en-el-cine-gaumont\\\/#respond\"]}]},{\"@type\":\"WebPage\",\"@id\":\"https:\\\/\\\/sergiolapegue.com\\\/site\\\/2025\\\/04\\\/17\\\/el-director-de-cine-sebastian-zanni-presenta-42-reinicio-en-el-cine-gaumont\\\/\",\"url\":\"https:\\\/\\\/sergiolapegue.com\\\/site\\\/2025\\\/04\\\/17\\\/el-director-de-cine-sebastian-zanni-presenta-42-reinicio-en-el-cine-gaumont\\\/\",\"name\":\"EL DIRECTOR DE CINE SEBASTI\u00c1N ZANNI PRESENTA \u201c42 REINICIO\u201d EN EL CINE GAUMONT - Sergio Lapegue\",\"isPartOf\":{\"@id\":\"https:\\\/\\\/sergiolapegue.com\\\/site\\\/#website\"},\"primaryImageOfPage\":{\"@id\":\"https:\\\/\\\/sergiolapegue.com\\\/site\\\/2025\\\/04\\\/17\\\/el-director-de-cine-sebastian-zanni-presenta-42-reinicio-en-el-cine-gaumont\\\/#primaryimage\"},\"image\":{\"@id\":\"https:\\\/\\\/sergiolapegue.com\\\/site\\\/2025\\\/04\\\/17\\\/el-director-de-cine-sebastian-zanni-presenta-42-reinicio-en-el-cine-gaumont\\\/#primaryimage\"},\"thumbnailUrl\":\"https:\\\/\\\/sergiolapegue.com\\\/site\\\/wp-content\\\/uploads\\\/2025\\\/04\\\/42-Reinicio.jpg\",\"datePublished\":\"2025-04-17T04:00:00+00:00\",\"breadcrumb\":{\"@id\":\"https:\\\/\\\/sergiolapegue.com\\\/site\\\/2025\\\/04\\\/17\\\/el-director-de-cine-sebastian-zanni-presenta-42-reinicio-en-el-cine-gaumont\\\/#breadcrumb\"},\"inLanguage\":\"es-AR\",\"potentialAction\":[{\"@type\":\"ReadAction\",\"target\":[\"https:\\\/\\\/sergiolapegue.com\\\/site\\\/2025\\\/04\\\/17\\\/el-director-de-cine-sebastian-zanni-presenta-42-reinicio-en-el-cine-gaumont\\\/\"]}]},{\"@type\":\"ImageObject\",\"inLanguage\":\"es-AR\",\"@id\":\"https:\\\/\\\/sergiolapegue.com\\\/site\\\/2025\\\/04\\\/17\\\/el-director-de-cine-sebastian-zanni-presenta-42-reinicio-en-el-cine-gaumont\\\/#primaryimage\",\"url\":\"https:\\\/\\\/sergiolapegue.com\\\/site\\\/wp-content\\\/uploads\\\/2025\\\/04\\\/42-Reinicio.jpg\",\"contentUrl\":\"https:\\\/\\\/sergiolapegue.com\\\/site\\\/wp-content\\\/uploads\\\/2025\\\/04\\\/42-Reinicio.jpg\",\"width\":804,\"height\":1286},{\"@type\":\"BreadcrumbList\",\"@id\":\"https:\\\/\\\/sergiolapegue.com\\\/site\\\/2025\\\/04\\\/17\\\/el-director-de-cine-sebastian-zanni-presenta-42-reinicio-en-el-cine-gaumont\\\/#breadcrumb\",\"itemListElement\":[{\"@type\":\"ListItem\",\"position\":1,\"name\":\"Inicio\",\"item\":\"https:\\\/\\\/sergiolapegue.com\\\/site\\\/\"},{\"@type\":\"ListItem\",\"position\":2,\"name\":\"EL DIRECTOR DE CINE SEBASTI\u00c1N ZANNI PRESENTA \u201c42 REINICIO\u201d EN EL CINE GAUMONT\"}]},{\"@type\":\"WebSite\",\"@id\":\"https:\\\/\\\/sergiolapegue.com\\\/site\\\/#website\",\"url\":\"https:\\\/\\\/sergiolapegue.com\\\/site\\\/\",\"name\":\"Sergio Lapegue\",\"description\":\"Periodista\",\"publisher\":{\"@id\":\"https:\\\/\\\/sergiolapegue.com\\\/site\\\/#\\\/schema\\\/person\\\/083aeceeb0734cd166779ea6c0551a37\"},\"potentialAction\":[{\"@type\":\"SearchAction\",\"target\":{\"@type\":\"EntryPoint\",\"urlTemplate\":\"https:\\\/\\\/sergiolapegue.com\\\/site\\\/?s={search_term_string}\"},\"query-input\":{\"@type\":\"PropertyValueSpecification\",\"valueRequired\":true,\"valueName\":\"search_term_string\"}}],\"inLanguage\":\"es-AR\"},{\"@type\":[\"Person\",\"Organization\"],\"@id\":\"https:\\\/\\\/sergiolapegue.com\\\/site\\\/#\\\/schema\\\/person\\\/083aeceeb0734cd166779ea6c0551a37\",\"name\":\"Sergio Lapegue\",\"image\":{\"@type\":\"ImageObject\",\"inLanguage\":\"es-AR\",\"@id\":\"https:\\\/\\\/sergiolapegue.com\\\/site\\\/wp-content\\\/uploads\\\/2021\\\/04\\\/logo_header-1.png\",\"url\":\"https:\\\/\\\/sergiolapegue.com\\\/site\\\/wp-content\\\/uploads\\\/2021\\\/04\\\/logo_header-1.png\",\"contentUrl\":\"https:\\\/\\\/sergiolapegue.com\\\/site\\\/wp-content\\\/uploads\\\/2021\\\/04\\\/logo_header-1.png\",\"width\":272,\"height\":90,\"caption\":\"Sergio Lapegue\"},\"logo\":{\"@id\":\"https:\\\/\\\/sergiolapegue.com\\\/site\\\/wp-content\\\/uploads\\\/2021\\\/04\\\/logo_header-1.png\"},\"sameAs\":[\"https:\\\/\\\/facebook.com\\\/sergiolapegue\",\"https:\\\/\\\/instagram.com\\\/sergiolapegue\",\"https:\\\/\\\/x.com\\\/https:\\\/\\\/twitter.com\\\/sergiolapegue\"]},{\"@type\":\"Person\",\"@id\":\"https:\\\/\\\/sergiolapegue.com\\\/site\\\/#\\\/schema\\\/person\\\/9198e7dbab43c6d74d0fd5399af7c3cd\",\"name\":\"Daniel E. Monta\u00f1a\",\"image\":{\"@type\":\"ImageObject\",\"inLanguage\":\"es-AR\",\"@id\":\"https:\\\/\\\/sergiolapegue.com\\\/site\\\/wp-content\\\/uploads\\\/2021\\\/04\\\/sl_avatar_Daniel-150x150.jpg\",\"url\":\"https:\\\/\\\/sergiolapegue.com\\\/site\\\/wp-content\\\/uploads\\\/2021\\\/04\\\/sl_avatar_Daniel-150x150.jpg\",\"contentUrl\":\"https:\\\/\\\/sergiolapegue.com\\\/site\\\/wp-content\\\/uploads\\\/2021\\\/04\\\/sl_avatar_Daniel-150x150.jpg\",\"caption\":\"Daniel E. Monta\u00f1a\"},\"sameAs\":[\"https:\\\/\\\/facebook.com\\\/danielernesto.montana\",\"https:\\\/\\\/instagram.com\\\/daniel_montana1961\",\"https:\\\/\\\/x.com\\\/https:\\\/\\\/twitter.com\\\/daner_004\"],\"url\":\"https:\\\/\\\/sergiolapegue.com\\\/site\\\/author\\\/daniel\\\/\"}]}<\/script>\n<!-- \/ Yoast SEO plugin. -->","yoast_head_json":{"title":"EL DIRECTOR DE CINE SEBASTI\u00c1N ZANNI PRESENTA \u201c42 REINICIO\u201d EN EL CINE GAUMONT - Sergio Lapegue","robots":{"index":"index","follow":"follow","max-snippet":"max-snippet:-1","max-image-preview":"max-image-preview:large","max-video-preview":"max-video-preview:-1"},"canonical":"https:\/\/sergiolapegue.com\/site\/2025\/04\/17\/el-director-de-cine-sebastian-zanni-presenta-42-reinicio-en-el-cine-gaumont\/","og_locale":"es_ES","og_type":"article","og_title":"EL DIRECTOR DE CINE SEBASTI\u00c1N ZANNI PRESENTA \u201c42 REINICIO\u201d EN EL CINE GAUMONT - Sergio Lapegue","og_description":"Sebasti\u00e1n Zanni tiene 47 a\u00f1os, reside en el barrio porte\u00f1o de Villa Pueyrred\u00f3n y se form\u00f3 en la escuela de Eliseo Subiela. Por una crisis existencial, a los 42 a\u00f1os abandon\u00f3 su trabajo y se larg\u00f3 a filmar \u201c42 Reinicio\u201d, un documental autobiogr\u00e1fico. El jueves 17 de abril, a las 20:15 horas, lo presentar\u00e1 en [&hellip;]","og_url":"https:\/\/sergiolapegue.com\/site\/2025\/04\/17\/el-director-de-cine-sebastian-zanni-presenta-42-reinicio-en-el-cine-gaumont\/","og_site_name":"Sergio Lapegue","article_publisher":"https:\/\/facebook.com\/sergiolapegue","article_author":"https:\/\/facebook.com\/danielernesto.montana","article_published_time":"2025-04-17T04:00:00+00:00","og_image":[{"width":804,"height":1286,"url":"https:\/\/sergiolapegue.com\/site\/wp-content\/uploads\/2025\/04\/42-Reinicio.jpg","type":"image\/jpeg"}],"author":"Daniel E. Monta\u00f1a","twitter_card":"summary_large_image","twitter_creator":"@https:\/\/twitter.com\/daner_004","twitter_site":"@sergiolapegue","twitter_misc":{"Escrito por":"Daniel E. Monta\u00f1a","Tiempo de lectura":"4 minutos"},"schema":{"@context":"https:\/\/schema.org","@graph":[{"@type":"Article","@id":"https:\/\/sergiolapegue.com\/site\/2025\/04\/17\/el-director-de-cine-sebastian-zanni-presenta-42-reinicio-en-el-cine-gaumont\/#article","isPartOf":{"@id":"https:\/\/sergiolapegue.com\/site\/2025\/04\/17\/el-director-de-cine-sebastian-zanni-presenta-42-reinicio-en-el-cine-gaumont\/"},"author":{"name":"Daniel E. Monta\u00f1a","@id":"https:\/\/sergiolapegue.com\/site\/#\/schema\/person\/9198e7dbab43c6d74d0fd5399af7c3cd"},"headline":"EL DIRECTOR DE CINE SEBASTI\u00c1N ZANNI PRESENTA \u201c42 REINICIO\u201d EN EL CINE GAUMONT","datePublished":"2025-04-17T04:00:00+00:00","mainEntityOfPage":{"@id":"https:\/\/sergiolapegue.com\/site\/2025\/04\/17\/el-director-de-cine-sebastian-zanni-presenta-42-reinicio-en-el-cine-gaumont\/"},"wordCount":813,"commentCount":0,"publisher":{"@id":"https:\/\/sergiolapegue.com\/site\/#\/schema\/person\/083aeceeb0734cd166779ea6c0551a37"},"image":{"@id":"https:\/\/sergiolapegue.com\/site\/2025\/04\/17\/el-director-de-cine-sebastian-zanni-presenta-42-reinicio-en-el-cine-gaumont\/#primaryimage"},"thumbnailUrl":"https:\/\/sergiolapegue.com\/site\/wp-content\/uploads\/2025\/04\/42-Reinicio.jpg","articleSection":["Arte","Cine"],"inLanguage":"es-AR","potentialAction":[{"@type":"CommentAction","name":"Comment","target":["https:\/\/sergiolapegue.com\/site\/2025\/04\/17\/el-director-de-cine-sebastian-zanni-presenta-42-reinicio-en-el-cine-gaumont\/#respond"]}]},{"@type":"WebPage","@id":"https:\/\/sergiolapegue.com\/site\/2025\/04\/17\/el-director-de-cine-sebastian-zanni-presenta-42-reinicio-en-el-cine-gaumont\/","url":"https:\/\/sergiolapegue.com\/site\/2025\/04\/17\/el-director-de-cine-sebastian-zanni-presenta-42-reinicio-en-el-cine-gaumont\/","name":"EL DIRECTOR DE CINE SEBASTI\u00c1N ZANNI PRESENTA \u201c42 REINICIO\u201d EN EL CINE GAUMONT - Sergio Lapegue","isPartOf":{"@id":"https:\/\/sergiolapegue.com\/site\/#website"},"primaryImageOfPage":{"@id":"https:\/\/sergiolapegue.com\/site\/2025\/04\/17\/el-director-de-cine-sebastian-zanni-presenta-42-reinicio-en-el-cine-gaumont\/#primaryimage"},"image":{"@id":"https:\/\/sergiolapegue.com\/site\/2025\/04\/17\/el-director-de-cine-sebastian-zanni-presenta-42-reinicio-en-el-cine-gaumont\/#primaryimage"},"thumbnailUrl":"https:\/\/sergiolapegue.com\/site\/wp-content\/uploads\/2025\/04\/42-Reinicio.jpg","datePublished":"2025-04-17T04:00:00+00:00","breadcrumb":{"@id":"https:\/\/sergiolapegue.com\/site\/2025\/04\/17\/el-director-de-cine-sebastian-zanni-presenta-42-reinicio-en-el-cine-gaumont\/#breadcrumb"},"inLanguage":"es-AR","potentialAction":[{"@type":"ReadAction","target":["https:\/\/sergiolapegue.com\/site\/2025\/04\/17\/el-director-de-cine-sebastian-zanni-presenta-42-reinicio-en-el-cine-gaumont\/"]}]},{"@type":"ImageObject","inLanguage":"es-AR","@id":"https:\/\/sergiolapegue.com\/site\/2025\/04\/17\/el-director-de-cine-sebastian-zanni-presenta-42-reinicio-en-el-cine-gaumont\/#primaryimage","url":"https:\/\/sergiolapegue.com\/site\/wp-content\/uploads\/2025\/04\/42-Reinicio.jpg","contentUrl":"https:\/\/sergiolapegue.com\/site\/wp-content\/uploads\/2025\/04\/42-Reinicio.jpg","width":804,"height":1286},{"@type":"BreadcrumbList","@id":"https:\/\/sergiolapegue.com\/site\/2025\/04\/17\/el-director-de-cine-sebastian-zanni-presenta-42-reinicio-en-el-cine-gaumont\/#breadcrumb","itemListElement":[{"@type":"ListItem","position":1,"name":"Inicio","item":"https:\/\/sergiolapegue.com\/site\/"},{"@type":"ListItem","position":2,"name":"EL DIRECTOR DE CINE SEBASTI\u00c1N ZANNI PRESENTA \u201c42 REINICIO\u201d EN EL CINE GAUMONT"}]},{"@type":"WebSite","@id":"https:\/\/sergiolapegue.com\/site\/#website","url":"https:\/\/sergiolapegue.com\/site\/","name":"Sergio Lapegue","description":"Periodista","publisher":{"@id":"https:\/\/sergiolapegue.com\/site\/#\/schema\/person\/083aeceeb0734cd166779ea6c0551a37"},"potentialAction":[{"@type":"SearchAction","target":{"@type":"EntryPoint","urlTemplate":"https:\/\/sergiolapegue.com\/site\/?s={search_term_string}"},"query-input":{"@type":"PropertyValueSpecification","valueRequired":true,"valueName":"search_term_string"}}],"inLanguage":"es-AR"},{"@type":["Person","Organization"],"@id":"https:\/\/sergiolapegue.com\/site\/#\/schema\/person\/083aeceeb0734cd166779ea6c0551a37","name":"Sergio Lapegue","image":{"@type":"ImageObject","inLanguage":"es-AR","@id":"https:\/\/sergiolapegue.com\/site\/wp-content\/uploads\/2021\/04\/logo_header-1.png","url":"https:\/\/sergiolapegue.com\/site\/wp-content\/uploads\/2021\/04\/logo_header-1.png","contentUrl":"https:\/\/sergiolapegue.com\/site\/wp-content\/uploads\/2021\/04\/logo_header-1.png","width":272,"height":90,"caption":"Sergio Lapegue"},"logo":{"@id":"https:\/\/sergiolapegue.com\/site\/wp-content\/uploads\/2021\/04\/logo_header-1.png"},"sameAs":["https:\/\/facebook.com\/sergiolapegue","https:\/\/instagram.com\/sergiolapegue","https:\/\/x.com\/https:\/\/twitter.com\/sergiolapegue"]},{"@type":"Person","@id":"https:\/\/sergiolapegue.com\/site\/#\/schema\/person\/9198e7dbab43c6d74d0fd5399af7c3cd","name":"Daniel E. Monta\u00f1a","image":{"@type":"ImageObject","inLanguage":"es-AR","@id":"https:\/\/sergiolapegue.com\/site\/wp-content\/uploads\/2021\/04\/sl_avatar_Daniel-150x150.jpg","url":"https:\/\/sergiolapegue.com\/site\/wp-content\/uploads\/2021\/04\/sl_avatar_Daniel-150x150.jpg","contentUrl":"https:\/\/sergiolapegue.com\/site\/wp-content\/uploads\/2021\/04\/sl_avatar_Daniel-150x150.jpg","caption":"Daniel E. Monta\u00f1a"},"sameAs":["https:\/\/facebook.com\/danielernesto.montana","https:\/\/instagram.com\/daniel_montana1961","https:\/\/x.com\/https:\/\/twitter.com\/daner_004"],"url":"https:\/\/sergiolapegue.com\/site\/author\/daniel\/"}]}},"_links":{"self":[{"href":"https:\/\/sergiolapegue.com\/site\/wp-json\/wp\/v2\/posts\/22181","targetHints":{"allow":["GET"]}}],"collection":[{"href":"https:\/\/sergiolapegue.com\/site\/wp-json\/wp\/v2\/posts"}],"about":[{"href":"https:\/\/sergiolapegue.com\/site\/wp-json\/wp\/v2\/types\/post"}],"author":[{"embeddable":true,"href":"https:\/\/sergiolapegue.com\/site\/wp-json\/wp\/v2\/users\/3"}],"replies":[{"embeddable":true,"href":"https:\/\/sergiolapegue.com\/site\/wp-json\/wp\/v2\/comments?post=22181"}],"version-history":[{"count":2,"href":"https:\/\/sergiolapegue.com\/site\/wp-json\/wp\/v2\/posts\/22181\/revisions"}],"predecessor-version":[{"id":22194,"href":"https:\/\/sergiolapegue.com\/site\/wp-json\/wp\/v2\/posts\/22181\/revisions\/22194"}],"wp:featuredmedia":[{"embeddable":true,"href":"https:\/\/sergiolapegue.com\/site\/wp-json\/wp\/v2\/media\/22187"}],"wp:attachment":[{"href":"https:\/\/sergiolapegue.com\/site\/wp-json\/wp\/v2\/media?parent=22181"}],"wp:term":[{"taxonomy":"category","embeddable":true,"href":"https:\/\/sergiolapegue.com\/site\/wp-json\/wp\/v2\/categories?post=22181"},{"taxonomy":"post_tag","embeddable":true,"href":"https:\/\/sergiolapegue.com\/site\/wp-json\/wp\/v2\/tags?post=22181"}],"curies":[{"name":"wp","href":"https:\/\/api.w.org\/{rel}","templated":true}]}}