{"id":22082,"date":"2025-04-14T01:00:00","date_gmt":"2025-04-14T04:00:00","guid":{"rendered":"https:\/\/sergiolapegue.com\/site\/?p=22082"},"modified":"2025-04-10T23:57:11","modified_gmt":"2025-04-11T02:57:11","slug":"familia-sustantivo-femenino","status":"publish","type":"post","link":"https:\/\/sergiolapegue.com\/site\/2025\/04\/14\/familia-sustantivo-femenino\/","title":{"rendered":"\u201cFAMILIA, SUSTANTIVO FEMENINO\u201d"},"content":{"rendered":"\n<p>La productora y directora teatral argentina&nbsp;Carla Calabrese, quien dirige el Teatro Maipo, se enorgullece en anunciar que el&nbsp;pr\u00f3ximo jueves 24 de abril a las 21:00 horas&nbsp;se estrenar\u00e1 en el&nbsp;Teatro Maipo&nbsp;la comedia musical argentina&nbsp;\u201cFamilia, sustantivo femenino\u201d, una obra creada, escrita y dirigida por&nbsp;Lali Vidal y Fede Fedele&nbsp;para re\u00edr a carcajadas y salir del teatro cantando y bailando.<\/p>\n\n\n\n<p>Escrita en tono de comedia y con un lenguaje aut\u00e9nticamente porte\u00f1o, la obra refleja con mucho humor e iron\u00eda la historia de una familia compuesta por diez mujeres muy singulares y divertidas de diversas edades y personalidades, que un 31 de diciembre se re\u00fanen para festejar un nuevo a\u00f1o, logrando que el p\u00fablico se vea reflejado con cada una de ellas en cada escena de esta divertid\u00edsima comedia.<\/p>\n\n\n\n<p>\u201cFamilia, sustantivo femenino\u201d&nbsp;cuenta con un elenco de&nbsp;diez actrices y una banda en vivo&nbsp;de cuatro m\u00fasicos, ofreciendo&nbsp;una experiencia teatral \u00fanica&nbsp;donde&nbsp;la mujer se convierte en absoluta protagonista&nbsp;y donde tanto los hombres como las mujeres se sienten identificados.<\/p>\n\n\n\n<p>El espect\u00e1culo tiene a un&nbsp;gran elenco en escena&nbsp;donde se destacan los nombres de:&nbsp;Denise Cotton, Marcelo Albamonte, Laura Montini, Silvana Tom\u00e9, Estefan\u00eda Alati, Florencia R\u00f3vere, Agustina Vera, Juana Cardozo, Camila Ballarini, Lula Andrada, Lu Hayes, Luc\u00eda Berraud, Agust\u00edn Konsol, Malvina Borges, Franco De Paoli y Milagros Blanco.<\/p>\n\n\n\n<figure class=\"wp-block-image size-full\"><img loading=\"lazy\" decoding=\"async\" width=\"774\" height=\"395\" src=\"https:\/\/sergiolapegue.com\/site\/wp-content\/uploads\/2025\/04\/Familia-1.jpeg\" alt=\"\" class=\"wp-image-22083\" srcset=\"https:\/\/sergiolapegue.com\/site\/wp-content\/uploads\/2025\/04\/Familia-1.jpeg 774w, https:\/\/sergiolapegue.com\/site\/wp-content\/uploads\/2025\/04\/Familia-1-300x153.jpeg 300w, https:\/\/sergiolapegue.com\/site\/wp-content\/uploads\/2025\/04\/Familia-1-768x392.jpeg 768w, https:\/\/sergiolapegue.com\/site\/wp-content\/uploads\/2025\/04\/Familia-1-696x355.jpeg 696w\" sizes=\"auto, (max-width: 774px) 100vw, 774px\" \/><\/figure>\n\n\n\n<p><strong>SINOPSIS<\/strong><\/p>\n\n\n\n<p>Es la noche de A\u00f1o Nuevo y M\u00f3nica ha preparado todo para recibir a las mujeres de su familia con la esperanza de una celebraci\u00f3n en paz. Pero como en toda reuni\u00f3n familiar, las emociones est\u00e1n a flor de piel y las verdades no tardan en aparecer.<\/p>\n\n\n\n<p>Entre brindis, risas, enredos y reproches, cada una de ellas intentar\u00e1 hacer valer su lugar, mientras la familia se pone a prueba una vez m\u00e1s.<\/p>\n\n\n\n<p>\u201cFamilia, sustantivo femenino\u201d&nbsp;es una comedia musical sobre una familia como cualquier otra, que intenta, bajo cualquier circunstancia, sobrevivir hasta el brindis.<\/p>\n\n\n\n<p>Una comedia que te har\u00e1 re\u00edr, emocionar y recordar que, pase lo que pase, la familia siempre est\u00e1.<\/p>\n\n\n\n<figure class=\"wp-block-image size-full\"><img loading=\"lazy\" decoding=\"async\" width=\"732\" height=\"390\" src=\"https:\/\/sergiolapegue.com\/site\/wp-content\/uploads\/2025\/04\/Familia-2.jpeg\" alt=\"\" class=\"wp-image-22084\" srcset=\"https:\/\/sergiolapegue.com\/site\/wp-content\/uploads\/2025\/04\/Familia-2.jpeg 732w, https:\/\/sergiolapegue.com\/site\/wp-content\/uploads\/2025\/04\/Familia-2-300x160.jpeg 300w, https:\/\/sergiolapegue.com\/site\/wp-content\/uploads\/2025\/04\/Familia-2-696x371.jpeg 696w\" sizes=\"auto, (max-width: 732px) 100vw, 732px\" \/><\/figure>\n\n\n\n<p><strong>DESCRIPCION DE LOS PERSONAJES<\/strong><\/p>\n\n\n\n<p><strong>M\u00f3nica:<\/strong> La anfitriona de la reuni\u00f3n, con esp\u00edritu libre y el deseo de disfrutar la vida sin ataduras. Busca que la noche sea impecable y armoniosa, pero su ideal de celebraci\u00f3n choca con las tensiones familiares, poniendo a prueba su paciencia y su necesidad de control.<\/p>\n\n\n\n<p><strong>Katie:<\/strong> Joven impulsiva y rebelde. Disfruta del caos y es la chispa de muchos conflictos dentro de la familia.<\/p>\n\n\n\n<p><strong>Sof\u00eda:<\/strong> Quiere ser influencer, vivir del canje y ser reconocida. Quiere dejar la universidad para dedicarse a la creaci\u00f3n de contenido.<\/p>\n\n\n\n<p><strong>Mar\u00eda:<\/strong> La abuela de la familia. Tradicionalista, con valores arraigados en otra \u00e9poca, lo que genera varios choques con las nuevas generaciones. Vive con Mercedes y tiene una visi\u00f3n conservadora sobre el rol de la mujer en la familia.<\/p>\n\n\n\n<p><strong>Mercedes:<\/strong> Hermana de M\u00f3nica. Busca tomar las riendas de su vida, aunque esto implique desafiar a la familia.<\/p>\n\n\n\n<p><strong>Marta:<\/strong> Otra de las hermanas. Mediadora y pragm\u00e1tica, intenta apaciguar las tensiones sin mucho \u00e9xito.<\/p>\n\n\n\n<p><strong>Marcela:<\/strong> Sarc\u00e1stica y con un humor filoso. No teme decir lo que piensa, aunque eso incomode a los dem\u00e1s.<\/p>\n\n\n\n<p><strong>Olivia:<\/strong> Acompa\u00f1a a Marta en su cena familiar. M\u00edstica y espiritual, cree en los rituales y energ\u00edas como una forma de armonizar la vida.<\/p>\n\n\n\n<p><strong>Margarita:<\/strong> Prima de la familia. Devota y conservadora, siempre trata de imponer sus valores religiosos.<\/p>\n\n\n\n<p><strong>Camila:<\/strong> Empleada de la casa de M\u00f3nica. Astuta y con una mirada ir\u00f3nica de la familia, es testigo y part\u00edcipe de muchos enredos.<\/p>\n\n\n\n<figure class=\"wp-block-image size-full\"><img loading=\"lazy\" decoding=\"async\" width=\"729\" height=\"402\" src=\"https:\/\/sergiolapegue.com\/site\/wp-content\/uploads\/2025\/04\/Familia-4.jpeg\" alt=\"\" class=\"wp-image-22085\" srcset=\"https:\/\/sergiolapegue.com\/site\/wp-content\/uploads\/2025\/04\/Familia-4.jpeg 729w, https:\/\/sergiolapegue.com\/site\/wp-content\/uploads\/2025\/04\/Familia-4-300x165.jpeg 300w, https:\/\/sergiolapegue.com\/site\/wp-content\/uploads\/2025\/04\/Familia-4-696x384.jpeg 696w\" sizes=\"auto, (max-width: 729px) 100vw, 729px\" \/><\/figure>\n\n\n\n<p><strong>FICHA T\u00c9CNICO ART\u00cdSTICA<\/strong><\/p>\n\n\n\n<p><strong>Libro:<\/strong> Lali Vidal y Fede Fedele<\/p>\n\n\n\n<p><strong>Elenco:<\/strong> Denise Cotton, Marcelo Albamonte, Laura Montini, Silvana Tom\u00e9, Estefan\u00eda Alati, Florencia R\u00f3vere, Agustina Vera, Juana Cardozo, Camila Ballarini, Lula Andrada, Lu Hayes, Luc\u00eda Berraud<\/p>\n\n\n\n<p><strong>M\u00fasicos:<\/strong> Agust\u00edn Konsol, Malvina Borges, Franco De Paoli, Milagros Blanco<\/p>\n\n\n\n<p><strong>Letras de canciones:<\/strong> Silvana Tom\u00e9<\/p>\n\n\n\n<p><strong>M\u00fasica original:<\/strong> Agust\u00edn Konsol<\/p>\n\n\n\n<p><strong>Arreglos musicales:<\/strong> Leandro Biera<\/p>\n\n\n\n<p><strong>Direcci\u00f3n vocal:<\/strong> Eugenia Gil Rodr\u00edguez<\/p>\n\n\n\n<p><strong>Arreglos vocales:<\/strong> Eugenia Gil Rodr\u00edguez<\/p>\n\n\n\n<p><strong>Direcci\u00f3n de Coreograf\u00eda:<\/strong> Fede Fedele<\/p>\n\n\n\n<p><strong>Dise\u00f1o de luces:<\/strong> Lali Vidal y Fede Fedele<\/p>\n\n\n\n<p><strong>Dise\u00f1o de sonido:<\/strong> Ignacio Yuba<\/p>\n\n\n\n<p><strong>Escenograf\u00eda:<\/strong> Giuliano Benedetti<\/p>\n\n\n\n<p><strong>Vestuario:<\/strong> Mari Torres<\/p>\n\n\n\n<p><strong>Fotograf\u00eda:<\/strong> Nacho Lunadei<\/p>\n\n\n\n<p><strong>Prensa:<\/strong> Alejandro Veroutis<\/p>\n\n\n\n<p><strong>Producci\u00f3n General:<\/strong> Tana<\/p>\n\n\n\n<p><strong>Direcci\u00f3n General:<\/strong> Lali Vidal y Fede Fedele<\/p>\n\n\n\n<p><strong>Duraci\u00f3n:<\/strong> 80 minutos<\/p>\n\n\n\n<p><strong>Clasificaci\u00f3n:<\/strong> Teatro \u2013 Presencial \u2013 Adultos \u2013 Musical \u2013 Comedia musical<\/p>\n\n\n\n<figure class=\"wp-block-image size-full\"><img loading=\"lazy\" decoding=\"async\" width=\"765\" height=\"400\" src=\"https:\/\/sergiolapegue.com\/site\/wp-content\/uploads\/2025\/04\/Familia-3.jpeg\" alt=\"\" class=\"wp-image-22086\" srcset=\"https:\/\/sergiolapegue.com\/site\/wp-content\/uploads\/2025\/04\/Familia-3.jpeg 765w, https:\/\/sergiolapegue.com\/site\/wp-content\/uploads\/2025\/04\/Familia-3-300x157.jpeg 300w, https:\/\/sergiolapegue.com\/site\/wp-content\/uploads\/2025\/04\/Familia-3-696x364.jpeg 696w\" sizes=\"auto, (max-width: 765px) 100vw, 765px\" \/><\/figure>\n\n\n\n<p><strong>TEATRO MAIPO<\/strong><strong><\/strong><\/p>\n\n\n\n<p>Esmeralda 443 \u2013 Capital Federal \u2013 Buenos Aires \u2013 Argentina<\/p>\n\n\n\n<p>Tel\u00e9fono: 5352-8383<\/p>\n\n\n\n<p>Entradas: Desde $ 26.000 hasta $ 28.000 \u2013 en boleter\u00eda del teatro o por Plateanet<\/p>\n\n\n\n<p>Funciones: Jueves \u2013 21:00 horas<\/p>\n\n\n\n<p>\u00a0\u00a0\u00a0\u00a0\u00a0\u00a0\u00a0\u00a0\u00a0\u00a0\u00a0\u00a0 \u00a0\u00a0\u00a0 Domingos \u2013 20:00 horas<\/p>\n\n\n\n<p>Estreno: Jueves 24 de Abril&nbsp;<\/p>\n\n\n\n<p>Gracias Alejandro Veroutis por acercarnos la gacetilla de prensa del reestreno de este espect\u00e1culo.<\/p>\n\n\n\n<p><\/p>\n","protected":false},"excerpt":{"rendered":"<p>La productora y directora teatral argentina&nbsp;Carla Calabrese, quien dirige el Teatro Maipo, se enorgullece en anunciar que el&nbsp;pr\u00f3ximo jueves 24 de abril a las 21:00 horas&nbsp;se estrenar\u00e1 en el&nbsp;Teatro Maipo&nbsp;la comedia musical argentina&nbsp;\u201cFamilia, sustantivo femenino\u201d, una obra creada, escrita y dirigida por&nbsp;Lali Vidal y Fede Fedele&nbsp;para re\u00edr a carcajadas y salir del teatro cantando y [&hellip;]<\/p>\n","protected":false},"author":3,"featured_media":22087,"comment_status":"open","ping_status":"closed","sticky":false,"template":"","format":"standard","meta":{"footnotes":""},"categories":[34,35],"tags":[],"class_list":{"0":"post-22082","1":"post","2":"type-post","3":"status-publish","4":"format-standard","5":"has-post-thumbnail","7":"category-arte","8":"category-teatro"},"yoast_head":"<!-- This site is optimized with the Yoast SEO plugin v27.4 - https:\/\/yoast.com\/product\/yoast-seo-wordpress\/ -->\n<title>\u201cFAMILIA, SUSTANTIVO FEMENINO\u201d - Sergio Lapegue<\/title>\n<meta name=\"robots\" content=\"index, follow, max-snippet:-1, max-image-preview:large, max-video-preview:-1\" \/>\n<link rel=\"canonical\" href=\"https:\/\/sergiolapegue.com\/site\/2025\/04\/14\/familia-sustantivo-femenino\/\" \/>\n<meta property=\"og:locale\" content=\"es_ES\" \/>\n<meta property=\"og:type\" content=\"article\" \/>\n<meta property=\"og:title\" content=\"\u201cFAMILIA, SUSTANTIVO FEMENINO\u201d - Sergio Lapegue\" \/>\n<meta property=\"og:description\" content=\"La productora y directora teatral argentina&nbsp;Carla Calabrese, quien dirige el Teatro Maipo, se enorgullece en anunciar que el&nbsp;pr\u00f3ximo jueves 24 de abril a las 21:00 horas&nbsp;se estrenar\u00e1 en el&nbsp;Teatro Maipo&nbsp;la comedia musical argentina&nbsp;\u201cFamilia, sustantivo femenino\u201d, una obra creada, escrita y dirigida por&nbsp;Lali Vidal y Fede Fedele&nbsp;para re\u00edr a carcajadas y salir del teatro cantando y [&hellip;]\" \/>\n<meta property=\"og:url\" content=\"https:\/\/sergiolapegue.com\/site\/2025\/04\/14\/familia-sustantivo-femenino\/\" \/>\n<meta property=\"og:site_name\" content=\"Sergio Lapegue\" \/>\n<meta property=\"article:publisher\" content=\"https:\/\/facebook.com\/sergiolapegue\" \/>\n<meta property=\"article:author\" content=\"https:\/\/facebook.com\/danielernesto.montana\" \/>\n<meta property=\"article:published_time\" content=\"2025-04-14T04:00:00+00:00\" \/>\n<meta property=\"og:image\" content=\"https:\/\/sergiolapegue.com\/site\/wp-content\/uploads\/2025\/04\/Familia-sustantivo-femenino.jpeg\" \/>\n\t<meta property=\"og:image:width\" content=\"459\" \/>\n\t<meta property=\"og:image:height\" content=\"684\" \/>\n\t<meta property=\"og:image:type\" content=\"image\/jpeg\" \/>\n<meta name=\"author\" content=\"Daniel E. Monta\u00f1a\" \/>\n<meta name=\"twitter:card\" content=\"summary_large_image\" \/>\n<meta name=\"twitter:creator\" content=\"@https:\/\/twitter.com\/daner_004\" \/>\n<meta name=\"twitter:site\" content=\"@sergiolapegue\" \/>\n<meta name=\"twitter:label1\" content=\"Escrito por\" \/>\n\t<meta name=\"twitter:data1\" content=\"Daniel E. Monta\u00f1a\" \/>\n\t<meta name=\"twitter:label2\" content=\"Tiempo de lectura\" \/>\n\t<meta name=\"twitter:data2\" content=\"5 minutos\" \/>\n<script type=\"application\/ld+json\" class=\"yoast-schema-graph\">{\"@context\":\"https:\\\/\\\/schema.org\",\"@graph\":[{\"@type\":\"Article\",\"@id\":\"https:\\\/\\\/sergiolapegue.com\\\/site\\\/2025\\\/04\\\/14\\\/familia-sustantivo-femenino\\\/#article\",\"isPartOf\":{\"@id\":\"https:\\\/\\\/sergiolapegue.com\\\/site\\\/2025\\\/04\\\/14\\\/familia-sustantivo-femenino\\\/\"},\"author\":{\"name\":\"Daniel E. Monta\u00f1a\",\"@id\":\"https:\\\/\\\/sergiolapegue.com\\\/site\\\/#\\\/schema\\\/person\\\/9198e7dbab43c6d74d0fd5399af7c3cd\"},\"headline\":\"\u201cFAMILIA, SUSTANTIVO FEMENINO\u201d\",\"datePublished\":\"2025-04-14T04:00:00+00:00\",\"mainEntityOfPage\":{\"@id\":\"https:\\\/\\\/sergiolapegue.com\\\/site\\\/2025\\\/04\\\/14\\\/familia-sustantivo-femenino\\\/\"},\"wordCount\":823,\"commentCount\":0,\"publisher\":{\"@id\":\"https:\\\/\\\/sergiolapegue.com\\\/site\\\/#\\\/schema\\\/person\\\/083aeceeb0734cd166779ea6c0551a37\"},\"image\":{\"@id\":\"https:\\\/\\\/sergiolapegue.com\\\/site\\\/2025\\\/04\\\/14\\\/familia-sustantivo-femenino\\\/#primaryimage\"},\"thumbnailUrl\":\"https:\\\/\\\/sergiolapegue.com\\\/site\\\/wp-content\\\/uploads\\\/2025\\\/04\\\/Familia-sustantivo-femenino.jpeg\",\"articleSection\":[\"Arte\",\"Teatro\"],\"inLanguage\":\"es-AR\",\"potentialAction\":[{\"@type\":\"CommentAction\",\"name\":\"Comment\",\"target\":[\"https:\\\/\\\/sergiolapegue.com\\\/site\\\/2025\\\/04\\\/14\\\/familia-sustantivo-femenino\\\/#respond\"]}]},{\"@type\":\"WebPage\",\"@id\":\"https:\\\/\\\/sergiolapegue.com\\\/site\\\/2025\\\/04\\\/14\\\/familia-sustantivo-femenino\\\/\",\"url\":\"https:\\\/\\\/sergiolapegue.com\\\/site\\\/2025\\\/04\\\/14\\\/familia-sustantivo-femenino\\\/\",\"name\":\"\u201cFAMILIA, SUSTANTIVO FEMENINO\u201d - Sergio Lapegue\",\"isPartOf\":{\"@id\":\"https:\\\/\\\/sergiolapegue.com\\\/site\\\/#website\"},\"primaryImageOfPage\":{\"@id\":\"https:\\\/\\\/sergiolapegue.com\\\/site\\\/2025\\\/04\\\/14\\\/familia-sustantivo-femenino\\\/#primaryimage\"},\"image\":{\"@id\":\"https:\\\/\\\/sergiolapegue.com\\\/site\\\/2025\\\/04\\\/14\\\/familia-sustantivo-femenino\\\/#primaryimage\"},\"thumbnailUrl\":\"https:\\\/\\\/sergiolapegue.com\\\/site\\\/wp-content\\\/uploads\\\/2025\\\/04\\\/Familia-sustantivo-femenino.jpeg\",\"datePublished\":\"2025-04-14T04:00:00+00:00\",\"breadcrumb\":{\"@id\":\"https:\\\/\\\/sergiolapegue.com\\\/site\\\/2025\\\/04\\\/14\\\/familia-sustantivo-femenino\\\/#breadcrumb\"},\"inLanguage\":\"es-AR\",\"potentialAction\":[{\"@type\":\"ReadAction\",\"target\":[\"https:\\\/\\\/sergiolapegue.com\\\/site\\\/2025\\\/04\\\/14\\\/familia-sustantivo-femenino\\\/\"]}]},{\"@type\":\"ImageObject\",\"inLanguage\":\"es-AR\",\"@id\":\"https:\\\/\\\/sergiolapegue.com\\\/site\\\/2025\\\/04\\\/14\\\/familia-sustantivo-femenino\\\/#primaryimage\",\"url\":\"https:\\\/\\\/sergiolapegue.com\\\/site\\\/wp-content\\\/uploads\\\/2025\\\/04\\\/Familia-sustantivo-femenino.jpeg\",\"contentUrl\":\"https:\\\/\\\/sergiolapegue.com\\\/site\\\/wp-content\\\/uploads\\\/2025\\\/04\\\/Familia-sustantivo-femenino.jpeg\",\"width\":459,\"height\":684},{\"@type\":\"BreadcrumbList\",\"@id\":\"https:\\\/\\\/sergiolapegue.com\\\/site\\\/2025\\\/04\\\/14\\\/familia-sustantivo-femenino\\\/#breadcrumb\",\"itemListElement\":[{\"@type\":\"ListItem\",\"position\":1,\"name\":\"Inicio\",\"item\":\"https:\\\/\\\/sergiolapegue.com\\\/site\\\/\"},{\"@type\":\"ListItem\",\"position\":2,\"name\":\"\u201cFAMILIA, SUSTANTIVO FEMENINO\u201d\"}]},{\"@type\":\"WebSite\",\"@id\":\"https:\\\/\\\/sergiolapegue.com\\\/site\\\/#website\",\"url\":\"https:\\\/\\\/sergiolapegue.com\\\/site\\\/\",\"name\":\"Sergio Lapegue\",\"description\":\"Periodista\",\"publisher\":{\"@id\":\"https:\\\/\\\/sergiolapegue.com\\\/site\\\/#\\\/schema\\\/person\\\/083aeceeb0734cd166779ea6c0551a37\"},\"potentialAction\":[{\"@type\":\"SearchAction\",\"target\":{\"@type\":\"EntryPoint\",\"urlTemplate\":\"https:\\\/\\\/sergiolapegue.com\\\/site\\\/?s={search_term_string}\"},\"query-input\":{\"@type\":\"PropertyValueSpecification\",\"valueRequired\":true,\"valueName\":\"search_term_string\"}}],\"inLanguage\":\"es-AR\"},{\"@type\":[\"Person\",\"Organization\"],\"@id\":\"https:\\\/\\\/sergiolapegue.com\\\/site\\\/#\\\/schema\\\/person\\\/083aeceeb0734cd166779ea6c0551a37\",\"name\":\"Sergio Lapegue\",\"image\":{\"@type\":\"ImageObject\",\"inLanguage\":\"es-AR\",\"@id\":\"https:\\\/\\\/sergiolapegue.com\\\/site\\\/wp-content\\\/uploads\\\/2021\\\/04\\\/logo_header-1.png\",\"url\":\"https:\\\/\\\/sergiolapegue.com\\\/site\\\/wp-content\\\/uploads\\\/2021\\\/04\\\/logo_header-1.png\",\"contentUrl\":\"https:\\\/\\\/sergiolapegue.com\\\/site\\\/wp-content\\\/uploads\\\/2021\\\/04\\\/logo_header-1.png\",\"width\":272,\"height\":90,\"caption\":\"Sergio Lapegue\"},\"logo\":{\"@id\":\"https:\\\/\\\/sergiolapegue.com\\\/site\\\/wp-content\\\/uploads\\\/2021\\\/04\\\/logo_header-1.png\"},\"sameAs\":[\"https:\\\/\\\/facebook.com\\\/sergiolapegue\",\"https:\\\/\\\/instagram.com\\\/sergiolapegue\",\"https:\\\/\\\/x.com\\\/https:\\\/\\\/twitter.com\\\/sergiolapegue\"]},{\"@type\":\"Person\",\"@id\":\"https:\\\/\\\/sergiolapegue.com\\\/site\\\/#\\\/schema\\\/person\\\/9198e7dbab43c6d74d0fd5399af7c3cd\",\"name\":\"Daniel E. Monta\u00f1a\",\"image\":{\"@type\":\"ImageObject\",\"inLanguage\":\"es-AR\",\"@id\":\"https:\\\/\\\/sergiolapegue.com\\\/site\\\/wp-content\\\/uploads\\\/2021\\\/04\\\/sl_avatar_Daniel-150x150.jpg\",\"url\":\"https:\\\/\\\/sergiolapegue.com\\\/site\\\/wp-content\\\/uploads\\\/2021\\\/04\\\/sl_avatar_Daniel-150x150.jpg\",\"contentUrl\":\"https:\\\/\\\/sergiolapegue.com\\\/site\\\/wp-content\\\/uploads\\\/2021\\\/04\\\/sl_avatar_Daniel-150x150.jpg\",\"caption\":\"Daniel E. Monta\u00f1a\"},\"sameAs\":[\"https:\\\/\\\/facebook.com\\\/danielernesto.montana\",\"https:\\\/\\\/instagram.com\\\/daniel_montana1961\",\"https:\\\/\\\/x.com\\\/https:\\\/\\\/twitter.com\\\/daner_004\"],\"url\":\"https:\\\/\\\/sergiolapegue.com\\\/site\\\/author\\\/daniel\\\/\"}]}<\/script>\n<!-- \/ Yoast SEO plugin. -->","yoast_head_json":{"title":"\u201cFAMILIA, SUSTANTIVO FEMENINO\u201d - Sergio Lapegue","robots":{"index":"index","follow":"follow","max-snippet":"max-snippet:-1","max-image-preview":"max-image-preview:large","max-video-preview":"max-video-preview:-1"},"canonical":"https:\/\/sergiolapegue.com\/site\/2025\/04\/14\/familia-sustantivo-femenino\/","og_locale":"es_ES","og_type":"article","og_title":"\u201cFAMILIA, SUSTANTIVO FEMENINO\u201d - Sergio Lapegue","og_description":"La productora y directora teatral argentina&nbsp;Carla Calabrese, quien dirige el Teatro Maipo, se enorgullece en anunciar que el&nbsp;pr\u00f3ximo jueves 24 de abril a las 21:00 horas&nbsp;se estrenar\u00e1 en el&nbsp;Teatro Maipo&nbsp;la comedia musical argentina&nbsp;\u201cFamilia, sustantivo femenino\u201d, una obra creada, escrita y dirigida por&nbsp;Lali Vidal y Fede Fedele&nbsp;para re\u00edr a carcajadas y salir del teatro cantando y [&hellip;]","og_url":"https:\/\/sergiolapegue.com\/site\/2025\/04\/14\/familia-sustantivo-femenino\/","og_site_name":"Sergio Lapegue","article_publisher":"https:\/\/facebook.com\/sergiolapegue","article_author":"https:\/\/facebook.com\/danielernesto.montana","article_published_time":"2025-04-14T04:00:00+00:00","og_image":[{"width":459,"height":684,"url":"https:\/\/sergiolapegue.com\/site\/wp-content\/uploads\/2025\/04\/Familia-sustantivo-femenino.jpeg","type":"image\/jpeg"}],"author":"Daniel E. Monta\u00f1a","twitter_card":"summary_large_image","twitter_creator":"@https:\/\/twitter.com\/daner_004","twitter_site":"@sergiolapegue","twitter_misc":{"Escrito por":"Daniel E. Monta\u00f1a","Tiempo de lectura":"5 minutos"},"schema":{"@context":"https:\/\/schema.org","@graph":[{"@type":"Article","@id":"https:\/\/sergiolapegue.com\/site\/2025\/04\/14\/familia-sustantivo-femenino\/#article","isPartOf":{"@id":"https:\/\/sergiolapegue.com\/site\/2025\/04\/14\/familia-sustantivo-femenino\/"},"author":{"name":"Daniel E. Monta\u00f1a","@id":"https:\/\/sergiolapegue.com\/site\/#\/schema\/person\/9198e7dbab43c6d74d0fd5399af7c3cd"},"headline":"\u201cFAMILIA, SUSTANTIVO FEMENINO\u201d","datePublished":"2025-04-14T04:00:00+00:00","mainEntityOfPage":{"@id":"https:\/\/sergiolapegue.com\/site\/2025\/04\/14\/familia-sustantivo-femenino\/"},"wordCount":823,"commentCount":0,"publisher":{"@id":"https:\/\/sergiolapegue.com\/site\/#\/schema\/person\/083aeceeb0734cd166779ea6c0551a37"},"image":{"@id":"https:\/\/sergiolapegue.com\/site\/2025\/04\/14\/familia-sustantivo-femenino\/#primaryimage"},"thumbnailUrl":"https:\/\/sergiolapegue.com\/site\/wp-content\/uploads\/2025\/04\/Familia-sustantivo-femenino.jpeg","articleSection":["Arte","Teatro"],"inLanguage":"es-AR","potentialAction":[{"@type":"CommentAction","name":"Comment","target":["https:\/\/sergiolapegue.com\/site\/2025\/04\/14\/familia-sustantivo-femenino\/#respond"]}]},{"@type":"WebPage","@id":"https:\/\/sergiolapegue.com\/site\/2025\/04\/14\/familia-sustantivo-femenino\/","url":"https:\/\/sergiolapegue.com\/site\/2025\/04\/14\/familia-sustantivo-femenino\/","name":"\u201cFAMILIA, SUSTANTIVO FEMENINO\u201d - Sergio Lapegue","isPartOf":{"@id":"https:\/\/sergiolapegue.com\/site\/#website"},"primaryImageOfPage":{"@id":"https:\/\/sergiolapegue.com\/site\/2025\/04\/14\/familia-sustantivo-femenino\/#primaryimage"},"image":{"@id":"https:\/\/sergiolapegue.com\/site\/2025\/04\/14\/familia-sustantivo-femenino\/#primaryimage"},"thumbnailUrl":"https:\/\/sergiolapegue.com\/site\/wp-content\/uploads\/2025\/04\/Familia-sustantivo-femenino.jpeg","datePublished":"2025-04-14T04:00:00+00:00","breadcrumb":{"@id":"https:\/\/sergiolapegue.com\/site\/2025\/04\/14\/familia-sustantivo-femenino\/#breadcrumb"},"inLanguage":"es-AR","potentialAction":[{"@type":"ReadAction","target":["https:\/\/sergiolapegue.com\/site\/2025\/04\/14\/familia-sustantivo-femenino\/"]}]},{"@type":"ImageObject","inLanguage":"es-AR","@id":"https:\/\/sergiolapegue.com\/site\/2025\/04\/14\/familia-sustantivo-femenino\/#primaryimage","url":"https:\/\/sergiolapegue.com\/site\/wp-content\/uploads\/2025\/04\/Familia-sustantivo-femenino.jpeg","contentUrl":"https:\/\/sergiolapegue.com\/site\/wp-content\/uploads\/2025\/04\/Familia-sustantivo-femenino.jpeg","width":459,"height":684},{"@type":"BreadcrumbList","@id":"https:\/\/sergiolapegue.com\/site\/2025\/04\/14\/familia-sustantivo-femenino\/#breadcrumb","itemListElement":[{"@type":"ListItem","position":1,"name":"Inicio","item":"https:\/\/sergiolapegue.com\/site\/"},{"@type":"ListItem","position":2,"name":"\u201cFAMILIA, SUSTANTIVO FEMENINO\u201d"}]},{"@type":"WebSite","@id":"https:\/\/sergiolapegue.com\/site\/#website","url":"https:\/\/sergiolapegue.com\/site\/","name":"Sergio Lapegue","description":"Periodista","publisher":{"@id":"https:\/\/sergiolapegue.com\/site\/#\/schema\/person\/083aeceeb0734cd166779ea6c0551a37"},"potentialAction":[{"@type":"SearchAction","target":{"@type":"EntryPoint","urlTemplate":"https:\/\/sergiolapegue.com\/site\/?s={search_term_string}"},"query-input":{"@type":"PropertyValueSpecification","valueRequired":true,"valueName":"search_term_string"}}],"inLanguage":"es-AR"},{"@type":["Person","Organization"],"@id":"https:\/\/sergiolapegue.com\/site\/#\/schema\/person\/083aeceeb0734cd166779ea6c0551a37","name":"Sergio Lapegue","image":{"@type":"ImageObject","inLanguage":"es-AR","@id":"https:\/\/sergiolapegue.com\/site\/wp-content\/uploads\/2021\/04\/logo_header-1.png","url":"https:\/\/sergiolapegue.com\/site\/wp-content\/uploads\/2021\/04\/logo_header-1.png","contentUrl":"https:\/\/sergiolapegue.com\/site\/wp-content\/uploads\/2021\/04\/logo_header-1.png","width":272,"height":90,"caption":"Sergio Lapegue"},"logo":{"@id":"https:\/\/sergiolapegue.com\/site\/wp-content\/uploads\/2021\/04\/logo_header-1.png"},"sameAs":["https:\/\/facebook.com\/sergiolapegue","https:\/\/instagram.com\/sergiolapegue","https:\/\/x.com\/https:\/\/twitter.com\/sergiolapegue"]},{"@type":"Person","@id":"https:\/\/sergiolapegue.com\/site\/#\/schema\/person\/9198e7dbab43c6d74d0fd5399af7c3cd","name":"Daniel E. Monta\u00f1a","image":{"@type":"ImageObject","inLanguage":"es-AR","@id":"https:\/\/sergiolapegue.com\/site\/wp-content\/uploads\/2021\/04\/sl_avatar_Daniel-150x150.jpg","url":"https:\/\/sergiolapegue.com\/site\/wp-content\/uploads\/2021\/04\/sl_avatar_Daniel-150x150.jpg","contentUrl":"https:\/\/sergiolapegue.com\/site\/wp-content\/uploads\/2021\/04\/sl_avatar_Daniel-150x150.jpg","caption":"Daniel E. Monta\u00f1a"},"sameAs":["https:\/\/facebook.com\/danielernesto.montana","https:\/\/instagram.com\/daniel_montana1961","https:\/\/x.com\/https:\/\/twitter.com\/daner_004"],"url":"https:\/\/sergiolapegue.com\/site\/author\/daniel\/"}]}},"_links":{"self":[{"href":"https:\/\/sergiolapegue.com\/site\/wp-json\/wp\/v2\/posts\/22082","targetHints":{"allow":["GET"]}}],"collection":[{"href":"https:\/\/sergiolapegue.com\/site\/wp-json\/wp\/v2\/posts"}],"about":[{"href":"https:\/\/sergiolapegue.com\/site\/wp-json\/wp\/v2\/types\/post"}],"author":[{"embeddable":true,"href":"https:\/\/sergiolapegue.com\/site\/wp-json\/wp\/v2\/users\/3"}],"replies":[{"embeddable":true,"href":"https:\/\/sergiolapegue.com\/site\/wp-json\/wp\/v2\/comments?post=22082"}],"version-history":[{"count":1,"href":"https:\/\/sergiolapegue.com\/site\/wp-json\/wp\/v2\/posts\/22082\/revisions"}],"predecessor-version":[{"id":22088,"href":"https:\/\/sergiolapegue.com\/site\/wp-json\/wp\/v2\/posts\/22082\/revisions\/22088"}],"wp:featuredmedia":[{"embeddable":true,"href":"https:\/\/sergiolapegue.com\/site\/wp-json\/wp\/v2\/media\/22087"}],"wp:attachment":[{"href":"https:\/\/sergiolapegue.com\/site\/wp-json\/wp\/v2\/media?parent=22082"}],"wp:term":[{"taxonomy":"category","embeddable":true,"href":"https:\/\/sergiolapegue.com\/site\/wp-json\/wp\/v2\/categories?post=22082"},{"taxonomy":"post_tag","embeddable":true,"href":"https:\/\/sergiolapegue.com\/site\/wp-json\/wp\/v2\/tags?post=22082"}],"curies":[{"name":"wp","href":"https:\/\/api.w.org\/{rel}","templated":true}]}}