{"id":22062,"date":"2025-04-09T19:07:58","date_gmt":"2025-04-09T22:07:58","guid":{"rendered":"https:\/\/sergiolapegue.com\/site\/?p=22062"},"modified":"2025-04-09T19:28:53","modified_gmt":"2025-04-09T22:28:53","slug":"el-dia-mundial-de-la-psicooncologia","status":"publish","type":"post","link":"https:\/\/sergiolapegue.com\/site\/2025\/04\/09\/el-dia-mundial-de-la-psicooncologia\/","title":{"rendered":"El D\u00eda Mundial de la Psicooncolog\u00eda"},"content":{"rendered":"\n<p>La terapia poco conocida y fundamental ante un diagn\u00f3stico de c\u00e1ncer.<\/p>\n\n\n\n<p><strong>Psicooncolog\u00eda:<\/strong><br>\u00bfPor qu\u00e9 es clave este tipo de acompa\u00f1amiento tras un diagn\u00f3stico de c\u00e1ncer?<\/p>\n\n\n\n<p>\u00bfExisten herramientas espec\u00edficas para gestionar el estr\u00e9s y la ansiedad que surgen tras el diagn\u00f3stico?<br>\u00bfCu\u00e1les son los beneficios de la terapia psicol\u00f3gica para pacientes con c\u00e1ncer?<br>\u00bfC\u00f3mo influye el estado emocional de un paciente al momento de transitar el tratamiento?<\/p>\n\n\n\n<p>El momento del diagn\u00f3stico de c\u00e1ncer adem\u00e1s de representar un desaf\u00edo f\u00edsico, nos pone a prueba emocionalmente. Es posible que un torbellino emocional nos impacte profundamente, y en este contexto, la psicooncolog\u00eda es fundamental como herramienta terap\u00e9utica, brindando apoyo psicol\u00f3gico especializado para navegar la incertidumbre, el miedo, la culpa, el enojo y la ansiedad que a menudo acompa\u00f1an a esta enfermedad.<\/p>\n\n\n\n<p>\u201cLa psicooncolog\u00eda toma en cuenta a la persona en sus distintas dimensiones (biol\u00f3gicas, psicol\u00f3gicas, sociol\u00f3gicas y espirituales) y ayuda a los pacientes de c\u00e1ncer y a sus familiares a mejorar su calidad de vida y a sobrellevar la enfermedad en sus distintas fases (diagn\u00f3stico, tratamiento, reca\u00eddas, fin de vida); brinda apoyo emocional para enfrentar el diagn\u00f3stico y el tratamiento; ofrece t\u00e9cnicas para manejar el estr\u00e9s y la ansiedad; promueve la flexibilidad psicol\u00f3gica, la clarificaci\u00f3n de valores personales y acciones alineadas con ellos; acompa\u00f1a en el proceso de adaptaci\u00f3n a los cambios de la vida cotidiana y a los efectos secundarios del tratamiento; ayuda a mejorar la adherencia al tratamiento m\u00e9dico y el autocuidado del paciente\u201d comenta B\u00e1rbara Le\u00f3n, psic\u00f3loga especialista en psicooncolog\u00eda con gran formaci\u00f3n.<\/p>\n\n\n\n<p>\u201cAsimismo acompa\u00f1a a los familiares con el objetivo de mejorar la comunicaci\u00f3n y poder as\u00ed cultivar v\u00ednculos m\u00e1s significativos e \u00edntimos en un momento tan vulnerable como lo es la enfermedad oncol\u00f3gica. La psicooncolog\u00eda, tambi\u00e9n beneficia al personal de salud ofreciendo orientaci\u00f3n psicol\u00f3gica del paciente y del grupo familiar como tambi\u00e9n ofreciendo recursos de autocuidado para as\u00ed prevenir el burn out\u201d concluye la experta.<\/p>\n\n\n\n<p>Seg\u00fan la Asociaci\u00f3n Espa\u00f1ola contra el C\u00e1ncer (AECC) y la Organizaci\u00f3n Mundial de la Salud (OMS), el c\u00e1ncer sigue siendo una de las principales causas de morbimortalidad a nivel mundial.<\/p>\n\n\n\n<p>En 2022, hubo 20 millones de casos nuevos y 9,7 millones de muertes por c\u00e1ncer en el mundo. Se anticipa que en 2040 el n\u00famero de casos nuevos de c\u00e1ncer por a\u00f1o aumentar\u00e1 a 29,9 millones y el n\u00famero de muertes relacionadas con el c\u00e1ncer aumentar\u00e1 a 15,3 millones (Agencia Internacional para la Investigaci\u00f3n del C\u00e1ncer (IARC))<\/p>\n\n\n\n<figure class=\"wp-block-image size-full is-resized\"><img loading=\"lazy\" decoding=\"async\" width=\"450\" height=\"300\" src=\"https:\/\/sergiolapegue.com\/site\/wp-content\/uploads\/2025\/04\/El-Dia-Mundial-de-la-Psicooncologia01.webp\" alt=\"\" class=\"wp-image-22068\" style=\"width:696px;height:auto\" srcset=\"https:\/\/sergiolapegue.com\/site\/wp-content\/uploads\/2025\/04\/El-Dia-Mundial-de-la-Psicooncologia01.webp 450w, https:\/\/sergiolapegue.com\/site\/wp-content\/uploads\/2025\/04\/El-Dia-Mundial-de-la-Psicooncologia01-300x200.webp 300w\" sizes=\"auto, (max-width: 450px) 100vw, 450px\" \/><\/figure>\n\n\n\n<p>Se estima que los casos de c\u00e1ncer seguir\u00e1n aumentando en los pr\u00f3ximos a\u00f1os debido al crecimiento y envejecimiento de la poblaci\u00f3n. Esto, inevitablemente, genera una mayor demanda de apoyo psicooncol\u00f3gico.<\/p>\n\n\n\n<p>Navegando las primeras horas: herramientas psicol\u00f3gicas \u00fatiles para encarar al momento del diagn\u00f3stico.<\/p>\n\n\n\n<p>Permitirse pedir ayuda en primer lugar a la red social de apoyo, y evaluar la consulta a un psicoonc\u00f3logo.<br>-No demorar la consulta a los profesionales especializados. La consulta a tiempo permite en la mayor\u00eda de los casos la curaci\u00f3n de la enfermedad.<br>-Validar y dar lugar a las emociones que aparezcan (miedo, tristeza, enojo) y conectar con sus necesidades y aquello que valora.<br>-Registrar el r\u00edo de pensamientos que pueden activarse a ra\u00edz de ciertos mitos y creencias relacionados con el c\u00e1ncer. El c\u00e1ncer no es culpa del paciente. Para evitar \u201cla tiran\u00eda del pensamiento positivo\u201d puede ayudar hacer una pausa consciente, practicar mindfulness, meditar, escribir, conectar con la naturaleza, el arte.<\/p>\n\n\n\n<figure class=\"wp-block-image size-large is-resized\"><img loading=\"lazy\" decoding=\"async\" width=\"1024\" height=\"955\" src=\"https:\/\/sergiolapegue.com\/site\/wp-content\/uploads\/2025\/04\/WhatsApp-Image-2025-04-09-at-18.57.38-1024x955.jpeg\" alt=\"\" class=\"wp-image-22063\" style=\"width:279px;height:auto\" srcset=\"https:\/\/sergiolapegue.com\/site\/wp-content\/uploads\/2025\/04\/WhatsApp-Image-2025-04-09-at-18.57.38-1024x955.jpeg 1024w, https:\/\/sergiolapegue.com\/site\/wp-content\/uploads\/2025\/04\/WhatsApp-Image-2025-04-09-at-18.57.38-300x280.jpeg 300w, https:\/\/sergiolapegue.com\/site\/wp-content\/uploads\/2025\/04\/WhatsApp-Image-2025-04-09-at-18.57.38-768x716.jpeg 768w, https:\/\/sergiolapegue.com\/site\/wp-content\/uploads\/2025\/04\/WhatsApp-Image-2025-04-09-at-18.57.38-450x420.jpeg 450w, https:\/\/sergiolapegue.com\/site\/wp-content\/uploads\/2025\/04\/WhatsApp-Image-2025-04-09-at-18.57.38-696x649.jpeg 696w, https:\/\/sergiolapegue.com\/site\/wp-content\/uploads\/2025\/04\/WhatsApp-Image-2025-04-09-at-18.57.38-1068x996.jpeg 1068w, https:\/\/sergiolapegue.com\/site\/wp-content\/uploads\/2025\/04\/WhatsApp-Image-2025-04-09-at-18.57.38.jpeg 1080w\" sizes=\"auto, (max-width: 1024px) 100vw, 1024px\" \/><figcaption class=\"wp-element-caption\">Lic. B\u00e1rbara Le\u00f3n (UBA) MN 27033<br>Psico onc\u00f3loga (Asociaci\u00f3n M\u00e9dica Argentina). Coordinadora del curso Psicooncolog\u00eda I y II Fundaci\u00f3n Foro. Docente y terapeuta Fundaci\u00f3n Aigle. Psic\u00f3loga cl\u00ednica integrativa con especialidad en ACT (Terapias de aceptaci\u00f3n y compromiso) y CFT (Compassion Focused Therapy). Instructora de Mindfulness.Miembro ACBS. Fundadora Flor de Loto Psicooncolog\u00eda.<\/figcaption><\/figure>\n\n\n\n<p><\/p>\n","protected":false},"excerpt":{"rendered":"<p>La terapia poco conocida y fundamental ante un diagn\u00f3stico de c\u00e1ncer. Psicooncolog\u00eda:\u00bfPor qu\u00e9 es clave este tipo de acompa\u00f1amiento tras un diagn\u00f3stico de c\u00e1ncer? \u00bfExisten herramientas espec\u00edficas para gestionar el estr\u00e9s y la ansiedad que surgen tras el diagn\u00f3stico?\u00bfCu\u00e1les son los beneficios de la terapia psicol\u00f3gica para pacientes con c\u00e1ncer?\u00bfC\u00f3mo influye el estado emocional de [&hellip;]<\/p>\n","protected":false},"author":4,"featured_media":22070,"comment_status":"closed","ping_status":"closed","sticky":false,"template":"","format":"standard","meta":{"footnotes":""},"categories":[38],"tags":[716,347,157,759,4242,2765],"class_list":{"0":"post-22062","1":"post","2":"type-post","3":"status-publish","4":"format-standard","5":"has-post-thumbnail","7":"category-actualidad","8":"tag-ansiedad","9":"tag-cancer","10":"tag-enfermedad","11":"tag-estres-2","12":"tag-pscoonlogia","13":"tag-terapia"},"yoast_head":"<!-- This site is optimized with the Yoast SEO plugin v27.4 - https:\/\/yoast.com\/product\/yoast-seo-wordpress\/ -->\n<title>El D\u00eda Mundial de la Psicooncolog\u00eda - Sergio Lapegue<\/title>\n<meta name=\"robots\" content=\"index, follow, max-snippet:-1, max-image-preview:large, max-video-preview:-1\" \/>\n<link rel=\"canonical\" href=\"https:\/\/sergiolapegue.com\/site\/2025\/04\/09\/el-dia-mundial-de-la-psicooncologia\/\" \/>\n<meta property=\"og:locale\" content=\"es_ES\" \/>\n<meta property=\"og:type\" content=\"article\" \/>\n<meta property=\"og:title\" content=\"El D\u00eda Mundial de la Psicooncolog\u00eda - Sergio Lapegue\" \/>\n<meta property=\"og:description\" content=\"La terapia poco conocida y fundamental ante un diagn\u00f3stico de c\u00e1ncer. Psicooncolog\u00eda:\u00bfPor qu\u00e9 es clave este tipo de acompa\u00f1amiento tras un diagn\u00f3stico de c\u00e1ncer? \u00bfExisten herramientas espec\u00edficas para gestionar el estr\u00e9s y la ansiedad que surgen tras el diagn\u00f3stico?\u00bfCu\u00e1les son los beneficios de la terapia psicol\u00f3gica para pacientes con c\u00e1ncer?\u00bfC\u00f3mo influye el estado emocional de [&hellip;]\" \/>\n<meta property=\"og:url\" content=\"https:\/\/sergiolapegue.com\/site\/2025\/04\/09\/el-dia-mundial-de-la-psicooncologia\/\" \/>\n<meta property=\"og:site_name\" content=\"Sergio Lapegue\" \/>\n<meta property=\"article:publisher\" content=\"https:\/\/facebook.com\/sergiolapegue\" \/>\n<meta property=\"article:published_time\" content=\"2025-04-09T22:07:58+00:00\" \/>\n<meta property=\"article:modified_time\" content=\"2025-04-09T22:28:53+00:00\" \/>\n<meta property=\"og:image\" content=\"https:\/\/sergiolapegue.com\/site\/wp-content\/uploads\/2025\/04\/El-Dia-Mundial-de-la-Psicooncologia02-1.jpg\" \/>\n\t<meta property=\"og:image:width\" content=\"1280\" \/>\n\t<meta property=\"og:image:height\" content=\"853\" \/>\n\t<meta property=\"og:image:type\" content=\"image\/jpeg\" \/>\n<meta name=\"author\" content=\"Leonardo Monta\u00f1a\" \/>\n<meta name=\"twitter:card\" content=\"summary_large_image\" \/>\n<meta name=\"twitter:creator\" content=\"@https:\/\/twitter.com\/soytoto81\" \/>\n<meta name=\"twitter:site\" content=\"@sergiolapegue\" \/>\n<meta name=\"twitter:label1\" content=\"Escrito por\" \/>\n\t<meta name=\"twitter:data1\" content=\"Leonardo Monta\u00f1a\" \/>\n\t<meta name=\"twitter:label2\" content=\"Tiempo de lectura\" \/>\n\t<meta name=\"twitter:data2\" content=\"4 minutos\" \/>\n<script type=\"application\/ld+json\" class=\"yoast-schema-graph\">{\"@context\":\"https:\\\/\\\/schema.org\",\"@graph\":[{\"@type\":\"Article\",\"@id\":\"https:\\\/\\\/sergiolapegue.com\\\/site\\\/2025\\\/04\\\/09\\\/el-dia-mundial-de-la-psicooncologia\\\/#article\",\"isPartOf\":{\"@id\":\"https:\\\/\\\/sergiolapegue.com\\\/site\\\/2025\\\/04\\\/09\\\/el-dia-mundial-de-la-psicooncologia\\\/\"},\"author\":{\"name\":\"Leonardo Monta\u00f1a\",\"@id\":\"https:\\\/\\\/sergiolapegue.com\\\/site\\\/#\\\/schema\\\/person\\\/00adf937d010c7f79a180dc4916a40e0\"},\"headline\":\"El D\u00eda Mundial de la Psicooncolog\u00eda\",\"datePublished\":\"2025-04-09T22:07:58+00:00\",\"dateModified\":\"2025-04-09T22:28:53+00:00\",\"mainEntityOfPage\":{\"@id\":\"https:\\\/\\\/sergiolapegue.com\\\/site\\\/2025\\\/04\\\/09\\\/el-dia-mundial-de-la-psicooncologia\\\/\"},\"wordCount\":706,\"publisher\":{\"@id\":\"https:\\\/\\\/sergiolapegue.com\\\/site\\\/#\\\/schema\\\/person\\\/083aeceeb0734cd166779ea6c0551a37\"},\"image\":{\"@id\":\"https:\\\/\\\/sergiolapegue.com\\\/site\\\/2025\\\/04\\\/09\\\/el-dia-mundial-de-la-psicooncologia\\\/#primaryimage\"},\"thumbnailUrl\":\"https:\\\/\\\/sergiolapegue.com\\\/site\\\/wp-content\\\/uploads\\\/2025\\\/04\\\/El-Dia-Mundial-de-la-Psicooncologia02-1.jpg\",\"keywords\":[\"ansiedad\",\"cancer\",\"enfermedad\",\"estres\",\"pscoonlogia\",\"terapia\"],\"articleSection\":[\"Actualidad\"],\"inLanguage\":\"es-AR\"},{\"@type\":\"WebPage\",\"@id\":\"https:\\\/\\\/sergiolapegue.com\\\/site\\\/2025\\\/04\\\/09\\\/el-dia-mundial-de-la-psicooncologia\\\/\",\"url\":\"https:\\\/\\\/sergiolapegue.com\\\/site\\\/2025\\\/04\\\/09\\\/el-dia-mundial-de-la-psicooncologia\\\/\",\"name\":\"El D\u00eda Mundial de la Psicooncolog\u00eda - Sergio Lapegue\",\"isPartOf\":{\"@id\":\"https:\\\/\\\/sergiolapegue.com\\\/site\\\/#website\"},\"primaryImageOfPage\":{\"@id\":\"https:\\\/\\\/sergiolapegue.com\\\/site\\\/2025\\\/04\\\/09\\\/el-dia-mundial-de-la-psicooncologia\\\/#primaryimage\"},\"image\":{\"@id\":\"https:\\\/\\\/sergiolapegue.com\\\/site\\\/2025\\\/04\\\/09\\\/el-dia-mundial-de-la-psicooncologia\\\/#primaryimage\"},\"thumbnailUrl\":\"https:\\\/\\\/sergiolapegue.com\\\/site\\\/wp-content\\\/uploads\\\/2025\\\/04\\\/El-Dia-Mundial-de-la-Psicooncologia02-1.jpg\",\"datePublished\":\"2025-04-09T22:07:58+00:00\",\"dateModified\":\"2025-04-09T22:28:53+00:00\",\"breadcrumb\":{\"@id\":\"https:\\\/\\\/sergiolapegue.com\\\/site\\\/2025\\\/04\\\/09\\\/el-dia-mundial-de-la-psicooncologia\\\/#breadcrumb\"},\"inLanguage\":\"es-AR\",\"potentialAction\":[{\"@type\":\"ReadAction\",\"target\":[\"https:\\\/\\\/sergiolapegue.com\\\/site\\\/2025\\\/04\\\/09\\\/el-dia-mundial-de-la-psicooncologia\\\/\"]}]},{\"@type\":\"ImageObject\",\"inLanguage\":\"es-AR\",\"@id\":\"https:\\\/\\\/sergiolapegue.com\\\/site\\\/2025\\\/04\\\/09\\\/el-dia-mundial-de-la-psicooncologia\\\/#primaryimage\",\"url\":\"https:\\\/\\\/sergiolapegue.com\\\/site\\\/wp-content\\\/uploads\\\/2025\\\/04\\\/El-Dia-Mundial-de-la-Psicooncologia02-1.jpg\",\"contentUrl\":\"https:\\\/\\\/sergiolapegue.com\\\/site\\\/wp-content\\\/uploads\\\/2025\\\/04\\\/El-Dia-Mundial-de-la-Psicooncologia02-1.jpg\",\"width\":1280,\"height\":853},{\"@type\":\"BreadcrumbList\",\"@id\":\"https:\\\/\\\/sergiolapegue.com\\\/site\\\/2025\\\/04\\\/09\\\/el-dia-mundial-de-la-psicooncologia\\\/#breadcrumb\",\"itemListElement\":[{\"@type\":\"ListItem\",\"position\":1,\"name\":\"Inicio\",\"item\":\"https:\\\/\\\/sergiolapegue.com\\\/site\\\/\"},{\"@type\":\"ListItem\",\"position\":2,\"name\":\"El D\u00eda Mundial de la Psicooncolog\u00eda\"}]},{\"@type\":\"WebSite\",\"@id\":\"https:\\\/\\\/sergiolapegue.com\\\/site\\\/#website\",\"url\":\"https:\\\/\\\/sergiolapegue.com\\\/site\\\/\",\"name\":\"Sergio Lapegue\",\"description\":\"Periodista\",\"publisher\":{\"@id\":\"https:\\\/\\\/sergiolapegue.com\\\/site\\\/#\\\/schema\\\/person\\\/083aeceeb0734cd166779ea6c0551a37\"},\"potentialAction\":[{\"@type\":\"SearchAction\",\"target\":{\"@type\":\"EntryPoint\",\"urlTemplate\":\"https:\\\/\\\/sergiolapegue.com\\\/site\\\/?s={search_term_string}\"},\"query-input\":{\"@type\":\"PropertyValueSpecification\",\"valueRequired\":true,\"valueName\":\"search_term_string\"}}],\"inLanguage\":\"es-AR\"},{\"@type\":[\"Person\",\"Organization\"],\"@id\":\"https:\\\/\\\/sergiolapegue.com\\\/site\\\/#\\\/schema\\\/person\\\/083aeceeb0734cd166779ea6c0551a37\",\"name\":\"Sergio Lapegue\",\"image\":{\"@type\":\"ImageObject\",\"inLanguage\":\"es-AR\",\"@id\":\"https:\\\/\\\/sergiolapegue.com\\\/site\\\/wp-content\\\/uploads\\\/2021\\\/04\\\/logo_header-1.png\",\"url\":\"https:\\\/\\\/sergiolapegue.com\\\/site\\\/wp-content\\\/uploads\\\/2021\\\/04\\\/logo_header-1.png\",\"contentUrl\":\"https:\\\/\\\/sergiolapegue.com\\\/site\\\/wp-content\\\/uploads\\\/2021\\\/04\\\/logo_header-1.png\",\"width\":272,\"height\":90,\"caption\":\"Sergio Lapegue\"},\"logo\":{\"@id\":\"https:\\\/\\\/sergiolapegue.com\\\/site\\\/wp-content\\\/uploads\\\/2021\\\/04\\\/logo_header-1.png\"},\"sameAs\":[\"https:\\\/\\\/facebook.com\\\/sergiolapegue\",\"https:\\\/\\\/instagram.com\\\/sergiolapegue\",\"https:\\\/\\\/x.com\\\/https:\\\/\\\/twitter.com\\\/sergiolapegue\"]},{\"@type\":\"Person\",\"@id\":\"https:\\\/\\\/sergiolapegue.com\\\/site\\\/#\\\/schema\\\/person\\\/00adf937d010c7f79a180dc4916a40e0\",\"name\":\"Leonardo Monta\u00f1a\",\"image\":{\"@type\":\"ImageObject\",\"inLanguage\":\"es-AR\",\"@id\":\"https:\\\/\\\/sergiolapegue.com\\\/site\\\/wp-content\\\/uploads\\\/2021\\\/04\\\/sl_avatar_Leonardo-150x150.jpg\",\"url\":\"https:\\\/\\\/sergiolapegue.com\\\/site\\\/wp-content\\\/uploads\\\/2021\\\/04\\\/sl_avatar_Leonardo-150x150.jpg\",\"contentUrl\":\"https:\\\/\\\/sergiolapegue.com\\\/site\\\/wp-content\\\/uploads\\\/2021\\\/04\\\/sl_avatar_Leonardo-150x150.jpg\",\"caption\":\"Leonardo Monta\u00f1a\"},\"sameAs\":[\"https:\\\/\\\/x.com\\\/https:\\\/\\\/twitter.com\\\/soytoto81\"],\"url\":\"https:\\\/\\\/sergiolapegue.com\\\/site\\\/author\\\/leonardo\\\/\"}]}<\/script>\n<!-- \/ Yoast SEO plugin. -->","yoast_head_json":{"title":"El D\u00eda Mundial de la Psicooncolog\u00eda - Sergio Lapegue","robots":{"index":"index","follow":"follow","max-snippet":"max-snippet:-1","max-image-preview":"max-image-preview:large","max-video-preview":"max-video-preview:-1"},"canonical":"https:\/\/sergiolapegue.com\/site\/2025\/04\/09\/el-dia-mundial-de-la-psicooncologia\/","og_locale":"es_ES","og_type":"article","og_title":"El D\u00eda Mundial de la Psicooncolog\u00eda - Sergio Lapegue","og_description":"La terapia poco conocida y fundamental ante un diagn\u00f3stico de c\u00e1ncer. Psicooncolog\u00eda:\u00bfPor qu\u00e9 es clave este tipo de acompa\u00f1amiento tras un diagn\u00f3stico de c\u00e1ncer? \u00bfExisten herramientas espec\u00edficas para gestionar el estr\u00e9s y la ansiedad que surgen tras el diagn\u00f3stico?\u00bfCu\u00e1les son los beneficios de la terapia psicol\u00f3gica para pacientes con c\u00e1ncer?\u00bfC\u00f3mo influye el estado emocional de [&hellip;]","og_url":"https:\/\/sergiolapegue.com\/site\/2025\/04\/09\/el-dia-mundial-de-la-psicooncologia\/","og_site_name":"Sergio Lapegue","article_publisher":"https:\/\/facebook.com\/sergiolapegue","article_published_time":"2025-04-09T22:07:58+00:00","article_modified_time":"2025-04-09T22:28:53+00:00","og_image":[{"width":1280,"height":853,"url":"https:\/\/sergiolapegue.com\/site\/wp-content\/uploads\/2025\/04\/El-Dia-Mundial-de-la-Psicooncologia02-1.jpg","type":"image\/jpeg"}],"author":"Leonardo Monta\u00f1a","twitter_card":"summary_large_image","twitter_creator":"@https:\/\/twitter.com\/soytoto81","twitter_site":"@sergiolapegue","twitter_misc":{"Escrito por":"Leonardo Monta\u00f1a","Tiempo de lectura":"4 minutos"},"schema":{"@context":"https:\/\/schema.org","@graph":[{"@type":"Article","@id":"https:\/\/sergiolapegue.com\/site\/2025\/04\/09\/el-dia-mundial-de-la-psicooncologia\/#article","isPartOf":{"@id":"https:\/\/sergiolapegue.com\/site\/2025\/04\/09\/el-dia-mundial-de-la-psicooncologia\/"},"author":{"name":"Leonardo Monta\u00f1a","@id":"https:\/\/sergiolapegue.com\/site\/#\/schema\/person\/00adf937d010c7f79a180dc4916a40e0"},"headline":"El D\u00eda Mundial de la Psicooncolog\u00eda","datePublished":"2025-04-09T22:07:58+00:00","dateModified":"2025-04-09T22:28:53+00:00","mainEntityOfPage":{"@id":"https:\/\/sergiolapegue.com\/site\/2025\/04\/09\/el-dia-mundial-de-la-psicooncologia\/"},"wordCount":706,"publisher":{"@id":"https:\/\/sergiolapegue.com\/site\/#\/schema\/person\/083aeceeb0734cd166779ea6c0551a37"},"image":{"@id":"https:\/\/sergiolapegue.com\/site\/2025\/04\/09\/el-dia-mundial-de-la-psicooncologia\/#primaryimage"},"thumbnailUrl":"https:\/\/sergiolapegue.com\/site\/wp-content\/uploads\/2025\/04\/El-Dia-Mundial-de-la-Psicooncologia02-1.jpg","keywords":["ansiedad","cancer","enfermedad","estres","pscoonlogia","terapia"],"articleSection":["Actualidad"],"inLanguage":"es-AR"},{"@type":"WebPage","@id":"https:\/\/sergiolapegue.com\/site\/2025\/04\/09\/el-dia-mundial-de-la-psicooncologia\/","url":"https:\/\/sergiolapegue.com\/site\/2025\/04\/09\/el-dia-mundial-de-la-psicooncologia\/","name":"El D\u00eda Mundial de la Psicooncolog\u00eda - Sergio Lapegue","isPartOf":{"@id":"https:\/\/sergiolapegue.com\/site\/#website"},"primaryImageOfPage":{"@id":"https:\/\/sergiolapegue.com\/site\/2025\/04\/09\/el-dia-mundial-de-la-psicooncologia\/#primaryimage"},"image":{"@id":"https:\/\/sergiolapegue.com\/site\/2025\/04\/09\/el-dia-mundial-de-la-psicooncologia\/#primaryimage"},"thumbnailUrl":"https:\/\/sergiolapegue.com\/site\/wp-content\/uploads\/2025\/04\/El-Dia-Mundial-de-la-Psicooncologia02-1.jpg","datePublished":"2025-04-09T22:07:58+00:00","dateModified":"2025-04-09T22:28:53+00:00","breadcrumb":{"@id":"https:\/\/sergiolapegue.com\/site\/2025\/04\/09\/el-dia-mundial-de-la-psicooncologia\/#breadcrumb"},"inLanguage":"es-AR","potentialAction":[{"@type":"ReadAction","target":["https:\/\/sergiolapegue.com\/site\/2025\/04\/09\/el-dia-mundial-de-la-psicooncologia\/"]}]},{"@type":"ImageObject","inLanguage":"es-AR","@id":"https:\/\/sergiolapegue.com\/site\/2025\/04\/09\/el-dia-mundial-de-la-psicooncologia\/#primaryimage","url":"https:\/\/sergiolapegue.com\/site\/wp-content\/uploads\/2025\/04\/El-Dia-Mundial-de-la-Psicooncologia02-1.jpg","contentUrl":"https:\/\/sergiolapegue.com\/site\/wp-content\/uploads\/2025\/04\/El-Dia-Mundial-de-la-Psicooncologia02-1.jpg","width":1280,"height":853},{"@type":"BreadcrumbList","@id":"https:\/\/sergiolapegue.com\/site\/2025\/04\/09\/el-dia-mundial-de-la-psicooncologia\/#breadcrumb","itemListElement":[{"@type":"ListItem","position":1,"name":"Inicio","item":"https:\/\/sergiolapegue.com\/site\/"},{"@type":"ListItem","position":2,"name":"El D\u00eda Mundial de la Psicooncolog\u00eda"}]},{"@type":"WebSite","@id":"https:\/\/sergiolapegue.com\/site\/#website","url":"https:\/\/sergiolapegue.com\/site\/","name":"Sergio Lapegue","description":"Periodista","publisher":{"@id":"https:\/\/sergiolapegue.com\/site\/#\/schema\/person\/083aeceeb0734cd166779ea6c0551a37"},"potentialAction":[{"@type":"SearchAction","target":{"@type":"EntryPoint","urlTemplate":"https:\/\/sergiolapegue.com\/site\/?s={search_term_string}"},"query-input":{"@type":"PropertyValueSpecification","valueRequired":true,"valueName":"search_term_string"}}],"inLanguage":"es-AR"},{"@type":["Person","Organization"],"@id":"https:\/\/sergiolapegue.com\/site\/#\/schema\/person\/083aeceeb0734cd166779ea6c0551a37","name":"Sergio Lapegue","image":{"@type":"ImageObject","inLanguage":"es-AR","@id":"https:\/\/sergiolapegue.com\/site\/wp-content\/uploads\/2021\/04\/logo_header-1.png","url":"https:\/\/sergiolapegue.com\/site\/wp-content\/uploads\/2021\/04\/logo_header-1.png","contentUrl":"https:\/\/sergiolapegue.com\/site\/wp-content\/uploads\/2021\/04\/logo_header-1.png","width":272,"height":90,"caption":"Sergio Lapegue"},"logo":{"@id":"https:\/\/sergiolapegue.com\/site\/wp-content\/uploads\/2021\/04\/logo_header-1.png"},"sameAs":["https:\/\/facebook.com\/sergiolapegue","https:\/\/instagram.com\/sergiolapegue","https:\/\/x.com\/https:\/\/twitter.com\/sergiolapegue"]},{"@type":"Person","@id":"https:\/\/sergiolapegue.com\/site\/#\/schema\/person\/00adf937d010c7f79a180dc4916a40e0","name":"Leonardo Monta\u00f1a","image":{"@type":"ImageObject","inLanguage":"es-AR","@id":"https:\/\/sergiolapegue.com\/site\/wp-content\/uploads\/2021\/04\/sl_avatar_Leonardo-150x150.jpg","url":"https:\/\/sergiolapegue.com\/site\/wp-content\/uploads\/2021\/04\/sl_avatar_Leonardo-150x150.jpg","contentUrl":"https:\/\/sergiolapegue.com\/site\/wp-content\/uploads\/2021\/04\/sl_avatar_Leonardo-150x150.jpg","caption":"Leonardo Monta\u00f1a"},"sameAs":["https:\/\/x.com\/https:\/\/twitter.com\/soytoto81"],"url":"https:\/\/sergiolapegue.com\/site\/author\/leonardo\/"}]}},"_links":{"self":[{"href":"https:\/\/sergiolapegue.com\/site\/wp-json\/wp\/v2\/posts\/22062","targetHints":{"allow":["GET"]}}],"collection":[{"href":"https:\/\/sergiolapegue.com\/site\/wp-json\/wp\/v2\/posts"}],"about":[{"href":"https:\/\/sergiolapegue.com\/site\/wp-json\/wp\/v2\/types\/post"}],"author":[{"embeddable":true,"href":"https:\/\/sergiolapegue.com\/site\/wp-json\/wp\/v2\/users\/4"}],"replies":[{"embeddable":true,"href":"https:\/\/sergiolapegue.com\/site\/wp-json\/wp\/v2\/comments?post=22062"}],"version-history":[{"count":2,"href":"https:\/\/sergiolapegue.com\/site\/wp-json\/wp\/v2\/posts\/22062\/revisions"}],"predecessor-version":[{"id":22069,"href":"https:\/\/sergiolapegue.com\/site\/wp-json\/wp\/v2\/posts\/22062\/revisions\/22069"}],"wp:featuredmedia":[{"embeddable":true,"href":"https:\/\/sergiolapegue.com\/site\/wp-json\/wp\/v2\/media\/22070"}],"wp:attachment":[{"href":"https:\/\/sergiolapegue.com\/site\/wp-json\/wp\/v2\/media?parent=22062"}],"wp:term":[{"taxonomy":"category","embeddable":true,"href":"https:\/\/sergiolapegue.com\/site\/wp-json\/wp\/v2\/categories?post=22062"},{"taxonomy":"post_tag","embeddable":true,"href":"https:\/\/sergiolapegue.com\/site\/wp-json\/wp\/v2\/tags?post=22062"}],"curies":[{"name":"wp","href":"https:\/\/api.w.org\/{rel}","templated":true}]}}