{"id":21890,"date":"2025-04-02T17:00:00","date_gmt":"2025-04-02T20:00:00","guid":{"rendered":"https:\/\/sergiolapegue.com\/site\/?p=21890"},"modified":"2025-04-02T03:47:44","modified_gmt":"2025-04-02T06:47:44","slug":"la-noche-del-16-de-enero-3","status":"publish","type":"post","link":"https:\/\/sergiolapegue.com\/site\/2025\/04\/02\/la-noche-del-16-de-enero-3\/","title":{"rendered":"\u201cLA NOCHE DEL 16 DE ENERO\u201d"},"content":{"rendered":"\n<p>Desde el 5 de abril en la Sala Cort\u00e1zar del Paseo La Plaza, se podr\u00e1 ver el reestreno de \u201cLa noche del 16 de enero\u201d, sobre el texto de Alissa Zinovievna Rosenbaum (m\u00e1s conocida como Ayn Rand), direcci\u00f3n de Marta C. L\u00f3pez Lecube y las actuaciones de Jorge Rom\u00e1n \u2013 Jos\u00e9 Martir\u00e9 \u2013 Marta C. L\u00f3pez Lecube \u2013 Magdalena Iglesias \u2013 Violeta Scarponi \u2013 Juli\u00e1n Rosner \u2013 Iv\u00e1n Quevedo \u2013 Mar\u00eda de Pablo \u2013 Mari\u00e1ngeles Di Lucrezia \u2013 Miguel Lumi \u2013 Yamal Sayour \u2013 Ricardo Torre, se podr\u00e1 ver todos los s\u00e1bados a las 19:00 horas.<\/p>\n\n\n\n<p>Se trata de una comedia dram\u00e1tica, cuya duraci\u00f3n es de 75 minutos, y tendr\u00e1 una novedosa particularidad: el p\u00fablico podr\u00e1 ser jurado y dar el veredicto del juicio.<\/p>\n\n\n\n<figure class=\"wp-block-image size-large\"><img loading=\"lazy\" decoding=\"async\" width=\"1024\" height=\"683\" src=\"https:\/\/sergiolapegue.com\/site\/wp-content\/uploads\/2025\/04\/La-noche-del-16-de-enero-1-1024x683.jpg\" alt=\"\" class=\"wp-image-21891\" srcset=\"https:\/\/sergiolapegue.com\/site\/wp-content\/uploads\/2025\/04\/La-noche-del-16-de-enero-1-1024x683.jpg 1024w, https:\/\/sergiolapegue.com\/site\/wp-content\/uploads\/2025\/04\/La-noche-del-16-de-enero-1-300x200.jpg 300w, https:\/\/sergiolapegue.com\/site\/wp-content\/uploads\/2025\/04\/La-noche-del-16-de-enero-1-768x512.jpg 768w, https:\/\/sergiolapegue.com\/site\/wp-content\/uploads\/2025\/04\/La-noche-del-16-de-enero-1-630x420.jpg 630w, https:\/\/sergiolapegue.com\/site\/wp-content\/uploads\/2025\/04\/La-noche-del-16-de-enero-1-696x464.jpg 696w, https:\/\/sergiolapegue.com\/site\/wp-content\/uploads\/2025\/04\/La-noche-del-16-de-enero-1-1068x713.jpg 1068w, https:\/\/sergiolapegue.com\/site\/wp-content\/uploads\/2025\/04\/La-noche-del-16-de-enero-1.jpg 1280w\" sizes=\"auto, (max-width: 1024px) 100vw, 1024px\" \/><\/figure>\n\n\n\n<p><strong>SINOPSIS <\/strong><strong><\/strong><\/p>\n\n\n\n<p>La pieza plantea un interrogante \u00bfSuicidio o asesinato?&nbsp;Cerca de la medianoche del 16 de enero, fue encontrado el cuerpo sin vida del reconocido empresario Bjorn Faulkner, al pie del edificio que lleva su nombre. A su lado, se encontraba su secretaria, Karen Andr\u00e9, presa de una crisis de llanto.&nbsp;El impacto de la ca\u00edda produjo severas lesiones que impidieron el reconocimiento facial de la v\u00edctima, sin embargo, la estatura, el peso y la ropa coincid\u00edan con los del magnate.<\/p>\n\n\n\n<p>Ser\u00e1 la autopsia la que revele la existencia de pruebas ciertas y determinantes.<\/p>\n\n\n\n<p>Fuentes cercanas al empresario, dejaron trascender que Bjorn Faulkner estaba atravesando una crisis personal que podr\u00eda haberlo inducido al suicidio. Sin embargo, la polic\u00eda detuvo a Karen Andr\u00e9 como principal sospechosa del posible asesinato del millonario y ser\u00e1 llevada a juicio por jurados en los pr\u00f3ximos d\u00edas. Distintas versiones afirman que la mencionada secretaria de Faulkner era, adem\u00e1s, su amante y mano derecha. La tr\u00e1gica desaparici\u00f3n del empresario Bjorn Faulkner deja un camino sembrado de dudas. Ser\u00e1 labor del jurado determinar el veredicto de esta causa.<\/p>\n\n\n\n<figure class=\"wp-block-image size-large\"><img loading=\"lazy\" decoding=\"async\" width=\"1024\" height=\"768\" src=\"https:\/\/sergiolapegue.com\/site\/wp-content\/uploads\/2025\/04\/La-noche-del-16-de-enero-2-1024x768.png\" alt=\"\" class=\"wp-image-21892\" srcset=\"https:\/\/sergiolapegue.com\/site\/wp-content\/uploads\/2025\/04\/La-noche-del-16-de-enero-2-1024x768.png 1024w, https:\/\/sergiolapegue.com\/site\/wp-content\/uploads\/2025\/04\/La-noche-del-16-de-enero-2-300x225.png 300w, https:\/\/sergiolapegue.com\/site\/wp-content\/uploads\/2025\/04\/La-noche-del-16-de-enero-2-768x576.png 768w, https:\/\/sergiolapegue.com\/site\/wp-content\/uploads\/2025\/04\/La-noche-del-16-de-enero-2-1536x1152.png 1536w, https:\/\/sergiolapegue.com\/site\/wp-content\/uploads\/2025\/04\/La-noche-del-16-de-enero-2-560x420.png 560w, https:\/\/sergiolapegue.com\/site\/wp-content\/uploads\/2025\/04\/La-noche-del-16-de-enero-2-80x60.png 80w, https:\/\/sergiolapegue.com\/site\/wp-content\/uploads\/2025\/04\/La-noche-del-16-de-enero-2-696x522.png 696w, https:\/\/sergiolapegue.com\/site\/wp-content\/uploads\/2025\/04\/La-noche-del-16-de-enero-2-1068x801.png 1068w, https:\/\/sergiolapegue.com\/site\/wp-content\/uploads\/2025\/04\/La-noche-del-16-de-enero-2-1920x1440.png 1920w, https:\/\/sergiolapegue.com\/site\/wp-content\/uploads\/2025\/04\/La-noche-del-16-de-enero-2.png 2048w\" sizes=\"auto, (max-width: 1024px) 100vw, 1024px\" \/><\/figure>\n\n\n\n<p><strong>PALABRAS DE LA DIRECTORA<\/strong><strong><\/strong><\/p>\n\n\n\n<p>Sin duda, lo que m\u00e1s nos atrajo de la obra que hoy nos convoca fue el hecho de que el veredicto final estar\u00eda en manos de un jurado conformado por el p\u00fablico. Nos interes\u00f3 la interpelaci\u00f3n a la sociedad, que se pone de manifiesto en las palabras del abogado defensor:&nbsp;\u201cUstedes, se\u00f1ores del jurado, est\u00e1n siendo sometidos a juicio. Son sus almas, sus&nbsp;conciencias y las m\u00e1s rec\u00f3nditas cuerdas de sus corazones las que se pondr\u00e1n en evidencia cuando su decisi\u00f3n sea conocida\u201d.<\/p>\n\n\n\n<p>As\u00ed, a mediados del 2019, Didascalias Roja puso manos a la obra para llevar a escena \u201cLa noche del 16 de enero\u201d. Entonces, no sab\u00edamos que transcurrir\u00eda tanto tiempo antes de que se concretara el desaf\u00edo. Contra viento y marea sostuvimos la lucha, y ese esfuerzo vali\u00f3 la pena. Ac\u00e1 estamos. <strong>\u2013 Marta L\u00f3pez Lecube<\/strong><\/p>\n\n\n\n<figure class=\"wp-block-image size-large\"><img loading=\"lazy\" decoding=\"async\" width=\"1024\" height=\"768\" src=\"https:\/\/sergiolapegue.com\/site\/wp-content\/uploads\/2025\/04\/La-noche-del-16-de-enero-4-1024x768.jpg\" alt=\"\" class=\"wp-image-21893\" srcset=\"https:\/\/sergiolapegue.com\/site\/wp-content\/uploads\/2025\/04\/La-noche-del-16-de-enero-4-1024x768.jpg 1024w, https:\/\/sergiolapegue.com\/site\/wp-content\/uploads\/2025\/04\/La-noche-del-16-de-enero-4-300x225.jpg 300w, https:\/\/sergiolapegue.com\/site\/wp-content\/uploads\/2025\/04\/La-noche-del-16-de-enero-4-768x576.jpg 768w, https:\/\/sergiolapegue.com\/site\/wp-content\/uploads\/2025\/04\/La-noche-del-16-de-enero-4-1536x1152.jpg 1536w, https:\/\/sergiolapegue.com\/site\/wp-content\/uploads\/2025\/04\/La-noche-del-16-de-enero-4-560x420.jpg 560w, https:\/\/sergiolapegue.com\/site\/wp-content\/uploads\/2025\/04\/La-noche-del-16-de-enero-4-80x60.jpg 80w, https:\/\/sergiolapegue.com\/site\/wp-content\/uploads\/2025\/04\/La-noche-del-16-de-enero-4-696x522.jpg 696w, https:\/\/sergiolapegue.com\/site\/wp-content\/uploads\/2025\/04\/La-noche-del-16-de-enero-4-1068x801.jpg 1068w, https:\/\/sergiolapegue.com\/site\/wp-content\/uploads\/2025\/04\/La-noche-del-16-de-enero-4.jpg 1672w\" sizes=\"auto, (max-width: 1024px) 100vw, 1024px\" \/><\/figure>\n\n\n\n<p><strong>FICHA T\u00c9CNICO ART\u00cdSTICA<\/strong><strong><\/strong><\/p>\n\n\n\n<p><strong>Autora:<\/strong> Alissa Zinovievna Rosenbaum (m\u00e1s conocida como Ayn Rand)<\/p>\n\n\n\n<p><strong>Elenco: <\/strong>Jorge Rom\u00e1n como el Juez Heath<\/p>\n\n\n\n<p>\u00a0\u00a0\u00a0\u00a0\u00a0\u00a0\u00a0 \u00a0\u00a0\u00a0\u00a0 Jos\u00e9 Martir\u00e9 como el Fiscal Flint<\/p>\n\n\n\n<p>\u00a0\u00a0\u00a0\u00a0\u00a0\u00a0\u00a0\u00a0\u00a0\u00a0\u00a0\u00a0 Marta C. L\u00f3pez Lecube como la Defensora Stevens<\/p>\n\n\n\n<p>\u00a0\u00a0\u00a0\u00a0\u00a0\u00a0\u00a0\u00a0\u00a0\u00a0\u00a0\u00a0 Magdalena Iglesias como Karen Andr\u00e9<\/p>\n\n\n\n<p>\u00a0\u00a0\u00a0\u00a0\u00a0\u00a0\u00a0\u00a0\u00a0\u00a0\u00a0\u00a0 Violeta Scarponi como Serena Hutchins<\/p>\n\n\n\n<p>\u00a0\u00a0\u00a0\u00a0\u00a0\u00a0\u00a0\u00a0 \u00a0\u00a0\u00a0\u00a0Juli\u00e1n Rosner como el Detective Van Fleet<\/p>\n\n\n\n<p>\u00a0\u00a0\u00a0\u00a0\u00a0\u00a0\u00a0\u00a0\u00a0\u00a0\u00a0\u00a0 Iv\u00e1n Quevedo como el Inspector Sweeney<\/p>\n\n\n\n<p>\u00a0\u00a0\u00a0\u00a0\u00a0\u00a0\u00a0\u00a0\u00a0\u00a0\u00a0\u00a0 Mar\u00eda de Pablo como Nancy Lee Faulkner<\/p>\n\n\n\n<p>\u00a0\u00a0\u00a0\u00a0\u00a0\u00a0\u00a0\u00a0\u00a0\u00a0\u00a0\u00a0 Mari\u00e1ngeles Di Lucrezia como la Ama de Llaves<\/p>\n\n\n\n<p>\u00a0\u00a0\u00a0\u00a0\u00a0\u00a0\u00a0\u00a0\u00a0\u00a0\u00a0\u00a0 Miguel Lumi como John G. Whitfield<\/p>\n\n\n\n<p>\u00a0\u00a0\u00a0\u00a0\u00a0\u00a0\u00a0\u00a0\u00a0\u00a0\u00a0\u00a0 Yamal Sayour como Sigurd Jungquist<\/p>\n\n\n\n<p>\u00a0\u00a0\u00a0\u00a0\u00a0\u00a0\u00a0\u00a0\u00a0\u00a0\u00a0\u00a0 Ricardo Torre como Lawrence Regan<\/p>\n\n\n\n<p><strong>Escenograf\u00eda:<\/strong> Marta C. L\u00f3pez Lecube<\/p>\n\n\n\n<p><strong>Maquillaje:<\/strong> Meche Pereyra<\/p>\n\n\n\n<p><strong>Vestuario:<\/strong> Meche Pereyra<\/p>\n\n\n\n<p><strong>Iluminaci\u00f3n:<\/strong> Staff teatro Sala Cort\u00e1zar<\/p>\n\n\n\n<p><strong>Sonido:<\/strong> Staff teatro Sala Cort\u00e1zar<\/p>\n\n\n\n<p><strong>Puesta en escena:<\/strong> Marta C. L\u00f3pez Lecube<\/p>\n\n\n\n<p><strong>Prensa:<\/strong> JIP Prensa y Comunicaci\u00f3n<\/p>\n\n\n\n<p><strong>Producci\u00f3n general:<\/strong> Jos\u00e9 Martir\u00e9<\/p>\n\n\n\n<p><strong>Direcci\u00f3n:<\/strong> Marta C. L\u00f3pez Lecube<\/p>\n\n\n\n<p><strong>Instagram:<\/strong> @didascaliasroja<\/p>\n\n\n\n<p><strong>Duraci\u00f3n:<\/strong> 75 minutos<\/p>\n\n\n\n<p><strong>Clasificaci\u00f3n:<\/strong> Teatro \u2013 Presencial \u2013 Adultos \u2013 Comedia dram\u00e1tica<\/p>\n\n\n\n<figure class=\"wp-block-image size-large\"><img loading=\"lazy\" decoding=\"async\" width=\"1024\" height=\"769\" src=\"https:\/\/sergiolapegue.com\/site\/wp-content\/uploads\/2025\/04\/La-noche-del-16-de-enero-5-1024x769.jpg\" alt=\"\" class=\"wp-image-21894\" srcset=\"https:\/\/sergiolapegue.com\/site\/wp-content\/uploads\/2025\/04\/La-noche-del-16-de-enero-5-1024x769.jpg 1024w, https:\/\/sergiolapegue.com\/site\/wp-content\/uploads\/2025\/04\/La-noche-del-16-de-enero-5-300x225.jpg 300w, https:\/\/sergiolapegue.com\/site\/wp-content\/uploads\/2025\/04\/La-noche-del-16-de-enero-5-768x577.jpg 768w, https:\/\/sergiolapegue.com\/site\/wp-content\/uploads\/2025\/04\/La-noche-del-16-de-enero-5-559x420.jpg 559w, https:\/\/sergiolapegue.com\/site\/wp-content\/uploads\/2025\/04\/La-noche-del-16-de-enero-5-80x60.jpg 80w, https:\/\/sergiolapegue.com\/site\/wp-content\/uploads\/2025\/04\/La-noche-del-16-de-enero-5-696x523.jpg 696w, https:\/\/sergiolapegue.com\/site\/wp-content\/uploads\/2025\/04\/La-noche-del-16-de-enero-5-1068x802.jpg 1068w, https:\/\/sergiolapegue.com\/site\/wp-content\/uploads\/2025\/04\/La-noche-del-16-de-enero-5.jpg 1376w\" sizes=\"auto, (max-width: 1024px) 100vw, 1024px\" \/><\/figure>\n\n\n\n<p><strong>PASEO LA PLAZA \u2013 SALA CORT\u00c1ZAR<\/strong><strong><\/strong><\/p>\n\n\n\n<p>Av. Corrientes 1660 \u2013 Capital Federal \u2013 Buenos Aires \u2013 Argentina<\/p>\n\n\n\n<p>Tel\u00e9fono: 6320-5300<\/p>\n\n\n\n<p>Entradas: $ 15.000 \u2013 en boleter\u00eda del teatro o por Plateanet<\/p>\n\n\n\n<p>Funciones: S\u00e1bados 19:00 horas \u2013 Desde el 05\/04\/2025<\/p>\n\n\n\n<p>Gracias Juan Ignacio Penlowskyj por hacernos llegar la gacetilla de prensa del reestreno de este espect\u00e1culo.<\/p>\n\n\n\n<p><strong>SOBRE LA DIRECTORA<\/strong><\/p>\n\n\n\n<p>Marta C. L\u00f3pez Lecube se form\u00f3 en la Escuela Municipal de Arte Dram\u00e1tico; hizo entrenamiento continuo, seminario de direcci\u00f3n y puesta en escena con Augusto Fern\u00e1ndes; realiz\u00f3 el seminario de Teatro Experimental de Cali; efectu\u00f3 entrenamiento actoral con Julio Ch\u00e1vez; hizo arte dram\u00e1tico, esc\u00e9nico y entrenamiento actoral con Marcelo Vernengo; realiz\u00f3 taller y entrenamiento actoral con Guillermo Cacace y taller con Agust\u00edn Alezzo. Asimismo, se form\u00f3 en danza flamenca.<\/p>\n\n\n\n<p>Actoralmente, trabaj\u00f3 en la serie web \u201cTanto amor me hace mal\u201d, con direcci\u00f3n de Karina Baz\u00e1n Carpintero. En cine particip\u00f3 en \u201cDe eso no se habla\u201d, con direcci\u00f3n de Mar\u00eda Luisa Bemberg; \u201cLa amiga\u201d, con direcci\u00f3n de Jeannine Merapphel, y \u201cAll\u00e1 lejos y hace tiempo\u201d, con direcci\u00f3n de Manuel Ant\u00edn. Tambi\u00e9n trabaj\u00f3 en tres cortos: \u201cPunto de equilibrio\u201d; \u201cL\u00e1grimas\u201d y \u201cEl final\u201d. En televisi\u00f3n, hizo participaciones en \u201cLos buenos y los malos\u201d, dirigida con Claudio Santamar\u00eda, en Telef\u00e9; y en \u201cNo seas cruel\u201d, un programa piloto. En teatro, actu\u00f3 en 19 obras. En danza, hizo presentaciones en el Teatro Margarita Xirgu, \u201cPizza Banana\u201d y en otros restaurantes y fiestas.<\/p>\n\n\n\n<p>En tanto, como directora teatral trabaj\u00f3 en \u201clos Otros o Puerta Cerrada\u201d, de Jean Paul Sartre, en Teatro El Vital; prepar\u00f3 la puesta en escena de \u201cLa Lecci\u00f3n\u201d, de E. Ionesco, en el Teatro El Vitral; dirigi\u00f3 \u201cLa noche del 16 de enero\u201d, de Ayn Rand, en teatro El Cubo; \u201cAeroplanos\u201d, de Carlos Gorostiza, en Teatro Salas Cort\u00e1zar 2; \u201cDespacio, escuela\u201d, de Nelly Fern\u00e1ndez Tiscornia, en Teatro Salas Cort\u00e1zar 2; \u201cLa noche del 16 de enero\u201d, en el Palacio Libertad y la misma obra en el Teatro Salas Cort\u00e1zar 2.<\/p>\n\n\n\n<p><strong>SOBRE EL ACTOR Y PRODUCTOR GENERAL<\/strong><\/p>\n\n\n\n<p>El actor y productor Jos\u00e9 Martir\u00e9 es representante de la cooperativa&nbsp;Didascalias, desde 2013. Se form\u00f3 en la Escuela Municipal de Arte Dram\u00e1tico. Hizo entrenamiento actoral con Daniel Vernengo Lezica y talleres con Augusto Fernandes y Guillermo Cacace, adem\u00e1s de varios talleres: de escenograf\u00eda y puesta en escena, fon\u00e9tica y producci\u00f3n. Particip\u00f3 en un largometraje \u201cFashion Film Aubone\u201d, dirigido por G. Rosisio\/J. C. Serna; y tres cortometrajes: \u201cFue sin quere\u2026\u201d; \u201cEl lobo\u201d; \u201cCarne de perro\u201d. En televisi\u00f3n le toc\u00f3 actuar en \u201cLos buenos y los malos\u201d, dirigido por Claudio Santamar\u00eda. En teatro, particip\u00f3 en 16 obras.<\/p>\n\n\n\n<p><strong>SOBRE LA AUTORA<\/strong><\/p>\n\n\n\n<p>Alissa Zinovievna Rosenbaum (1905-1982), m\u00e1s conocida como Ayn Rand, es una fil\u00f3sofa y escritora rusa nacionalizada estadounidense luego de huir del comunismo. Es la creadora del sistema filos\u00f3fico Objetivismo, cuya caracter\u00edstica principal es, a grandes rasgos, la de respetar los derechos del individuo; estas ideas fundamentan toda su obra.<\/p>\n\n\n\n<p>En el \u00e1mbito literario, sus novelas \u201cLa Rebeli\u00f3n de Atlas\u201d y \u201cEl Manantial\u201d, se destacan como Best-Sellers de enorme influencia en la vida de los norteamericanos.<\/p>\n\n\n\n<p>En cuanto a \u201cLa noche del 16 de enero\u201d, escrita en 1934, incorpora la novedad absoluta, en el mundo teatral: la de invitar al p\u00fablico a participar en un jurado que deber\u00e1 decidir sobre la inocencia o culpabilidad de la acusada.<\/p>\n\n\n\n<p><\/p>\n","protected":false},"excerpt":{"rendered":"<p>Desde el 5 de abril en la Sala Cort\u00e1zar del Paseo La Plaza, se podr\u00e1 ver el reestreno de \u201cLa noche del 16 de enero\u201d, sobre el texto de Alissa Zinovievna Rosenbaum (m\u00e1s conocida como Ayn Rand), direcci\u00f3n de Marta C. L\u00f3pez Lecube y las actuaciones de Jorge Rom\u00e1n \u2013 Jos\u00e9 Martir\u00e9 \u2013 Marta C. [&hellip;]<\/p>\n","protected":false},"author":3,"featured_media":21895,"comment_status":"open","ping_status":"closed","sticky":false,"template":"","format":"standard","meta":{"footnotes":""},"categories":[34,35],"tags":[],"class_list":{"0":"post-21890","1":"post","2":"type-post","3":"status-publish","4":"format-standard","5":"has-post-thumbnail","7":"category-arte","8":"category-teatro"},"yoast_head":"<!-- This site is optimized with the Yoast SEO plugin v27.4 - https:\/\/yoast.com\/product\/yoast-seo-wordpress\/ -->\n<title>\u201cLA NOCHE DEL 16 DE ENERO\u201d - Sergio Lapegue<\/title>\n<meta name=\"robots\" content=\"index, follow, max-snippet:-1, max-image-preview:large, max-video-preview:-1\" \/>\n<link rel=\"canonical\" href=\"https:\/\/sergiolapegue.com\/site\/2025\/04\/02\/la-noche-del-16-de-enero-3\/\" \/>\n<meta property=\"og:locale\" content=\"es_ES\" \/>\n<meta property=\"og:type\" content=\"article\" \/>\n<meta property=\"og:title\" content=\"\u201cLA NOCHE DEL 16 DE ENERO\u201d - Sergio Lapegue\" \/>\n<meta property=\"og:description\" content=\"Desde el 5 de abril en la Sala Cort\u00e1zar del Paseo La Plaza, se podr\u00e1 ver el reestreno de \u201cLa noche del 16 de enero\u201d, sobre el texto de Alissa Zinovievna Rosenbaum (m\u00e1s conocida como Ayn Rand), direcci\u00f3n de Marta C. L\u00f3pez Lecube y las actuaciones de Jorge Rom\u00e1n \u2013 Jos\u00e9 Martir\u00e9 \u2013 Marta C. [&hellip;]\" \/>\n<meta property=\"og:url\" content=\"https:\/\/sergiolapegue.com\/site\/2025\/04\/02\/la-noche-del-16-de-enero-3\/\" \/>\n<meta property=\"og:site_name\" content=\"Sergio Lapegue\" \/>\n<meta property=\"article:publisher\" content=\"https:\/\/facebook.com\/sergiolapegue\" \/>\n<meta property=\"article:author\" content=\"https:\/\/facebook.com\/danielernesto.montana\" \/>\n<meta property=\"article:published_time\" content=\"2025-04-02T20:00:00+00:00\" \/>\n<meta property=\"og:image\" content=\"https:\/\/sergiolapegue.com\/site\/wp-content\/uploads\/2025\/04\/La-noche-del-16-enero.jpeg\" \/>\n\t<meta property=\"og:image:width\" content=\"300\" \/>\n\t<meta property=\"og:image:height\" content=\"300\" \/>\n\t<meta property=\"og:image:type\" content=\"image\/jpeg\" \/>\n<meta name=\"author\" content=\"Daniel E. Monta\u00f1a\" \/>\n<meta name=\"twitter:card\" content=\"summary_large_image\" \/>\n<meta name=\"twitter:creator\" content=\"@https:\/\/twitter.com\/daner_004\" \/>\n<meta name=\"twitter:site\" content=\"@sergiolapegue\" \/>\n<meta name=\"twitter:label1\" content=\"Escrito por\" \/>\n\t<meta name=\"twitter:data1\" content=\"Daniel E. Monta\u00f1a\" \/>\n\t<meta name=\"twitter:label2\" content=\"Tiempo de lectura\" \/>\n\t<meta name=\"twitter:data2\" content=\"7 minutos\" \/>\n<script type=\"application\/ld+json\" class=\"yoast-schema-graph\">{\"@context\":\"https:\\\/\\\/schema.org\",\"@graph\":[{\"@type\":\"Article\",\"@id\":\"https:\\\/\\\/sergiolapegue.com\\\/site\\\/2025\\\/04\\\/02\\\/la-noche-del-16-de-enero-3\\\/#article\",\"isPartOf\":{\"@id\":\"https:\\\/\\\/sergiolapegue.com\\\/site\\\/2025\\\/04\\\/02\\\/la-noche-del-16-de-enero-3\\\/\"},\"author\":{\"name\":\"Daniel E. Monta\u00f1a\",\"@id\":\"https:\\\/\\\/sergiolapegue.com\\\/site\\\/#\\\/schema\\\/person\\\/9198e7dbab43c6d74d0fd5399af7c3cd\"},\"headline\":\"\u201cLA NOCHE DEL 16 DE ENERO\u201d\",\"datePublished\":\"2025-04-02T20:00:00+00:00\",\"mainEntityOfPage\":{\"@id\":\"https:\\\/\\\/sergiolapegue.com\\\/site\\\/2025\\\/04\\\/02\\\/la-noche-del-16-de-enero-3\\\/\"},\"wordCount\":1204,\"commentCount\":0,\"publisher\":{\"@id\":\"https:\\\/\\\/sergiolapegue.com\\\/site\\\/#\\\/schema\\\/person\\\/083aeceeb0734cd166779ea6c0551a37\"},\"image\":{\"@id\":\"https:\\\/\\\/sergiolapegue.com\\\/site\\\/2025\\\/04\\\/02\\\/la-noche-del-16-de-enero-3\\\/#primaryimage\"},\"thumbnailUrl\":\"https:\\\/\\\/sergiolapegue.com\\\/site\\\/wp-content\\\/uploads\\\/2025\\\/04\\\/La-noche-del-16-enero.jpeg\",\"articleSection\":[\"Arte\",\"Teatro\"],\"inLanguage\":\"es-AR\",\"potentialAction\":[{\"@type\":\"CommentAction\",\"name\":\"Comment\",\"target\":[\"https:\\\/\\\/sergiolapegue.com\\\/site\\\/2025\\\/04\\\/02\\\/la-noche-del-16-de-enero-3\\\/#respond\"]}]},{\"@type\":\"WebPage\",\"@id\":\"https:\\\/\\\/sergiolapegue.com\\\/site\\\/2025\\\/04\\\/02\\\/la-noche-del-16-de-enero-3\\\/\",\"url\":\"https:\\\/\\\/sergiolapegue.com\\\/site\\\/2025\\\/04\\\/02\\\/la-noche-del-16-de-enero-3\\\/\",\"name\":\"\u201cLA NOCHE DEL 16 DE ENERO\u201d - Sergio Lapegue\",\"isPartOf\":{\"@id\":\"https:\\\/\\\/sergiolapegue.com\\\/site\\\/#website\"},\"primaryImageOfPage\":{\"@id\":\"https:\\\/\\\/sergiolapegue.com\\\/site\\\/2025\\\/04\\\/02\\\/la-noche-del-16-de-enero-3\\\/#primaryimage\"},\"image\":{\"@id\":\"https:\\\/\\\/sergiolapegue.com\\\/site\\\/2025\\\/04\\\/02\\\/la-noche-del-16-de-enero-3\\\/#primaryimage\"},\"thumbnailUrl\":\"https:\\\/\\\/sergiolapegue.com\\\/site\\\/wp-content\\\/uploads\\\/2025\\\/04\\\/La-noche-del-16-enero.jpeg\",\"datePublished\":\"2025-04-02T20:00:00+00:00\",\"breadcrumb\":{\"@id\":\"https:\\\/\\\/sergiolapegue.com\\\/site\\\/2025\\\/04\\\/02\\\/la-noche-del-16-de-enero-3\\\/#breadcrumb\"},\"inLanguage\":\"es-AR\",\"potentialAction\":[{\"@type\":\"ReadAction\",\"target\":[\"https:\\\/\\\/sergiolapegue.com\\\/site\\\/2025\\\/04\\\/02\\\/la-noche-del-16-de-enero-3\\\/\"]}]},{\"@type\":\"ImageObject\",\"inLanguage\":\"es-AR\",\"@id\":\"https:\\\/\\\/sergiolapegue.com\\\/site\\\/2025\\\/04\\\/02\\\/la-noche-del-16-de-enero-3\\\/#primaryimage\",\"url\":\"https:\\\/\\\/sergiolapegue.com\\\/site\\\/wp-content\\\/uploads\\\/2025\\\/04\\\/La-noche-del-16-enero.jpeg\",\"contentUrl\":\"https:\\\/\\\/sergiolapegue.com\\\/site\\\/wp-content\\\/uploads\\\/2025\\\/04\\\/La-noche-del-16-enero.jpeg\",\"width\":300,\"height\":300},{\"@type\":\"BreadcrumbList\",\"@id\":\"https:\\\/\\\/sergiolapegue.com\\\/site\\\/2025\\\/04\\\/02\\\/la-noche-del-16-de-enero-3\\\/#breadcrumb\",\"itemListElement\":[{\"@type\":\"ListItem\",\"position\":1,\"name\":\"Inicio\",\"item\":\"https:\\\/\\\/sergiolapegue.com\\\/site\\\/\"},{\"@type\":\"ListItem\",\"position\":2,\"name\":\"\u201cLA NOCHE DEL 16 DE ENERO\u201d\"}]},{\"@type\":\"WebSite\",\"@id\":\"https:\\\/\\\/sergiolapegue.com\\\/site\\\/#website\",\"url\":\"https:\\\/\\\/sergiolapegue.com\\\/site\\\/\",\"name\":\"Sergio Lapegue\",\"description\":\"Periodista\",\"publisher\":{\"@id\":\"https:\\\/\\\/sergiolapegue.com\\\/site\\\/#\\\/schema\\\/person\\\/083aeceeb0734cd166779ea6c0551a37\"},\"potentialAction\":[{\"@type\":\"SearchAction\",\"target\":{\"@type\":\"EntryPoint\",\"urlTemplate\":\"https:\\\/\\\/sergiolapegue.com\\\/site\\\/?s={search_term_string}\"},\"query-input\":{\"@type\":\"PropertyValueSpecification\",\"valueRequired\":true,\"valueName\":\"search_term_string\"}}],\"inLanguage\":\"es-AR\"},{\"@type\":[\"Person\",\"Organization\"],\"@id\":\"https:\\\/\\\/sergiolapegue.com\\\/site\\\/#\\\/schema\\\/person\\\/083aeceeb0734cd166779ea6c0551a37\",\"name\":\"Sergio Lapegue\",\"image\":{\"@type\":\"ImageObject\",\"inLanguage\":\"es-AR\",\"@id\":\"https:\\\/\\\/sergiolapegue.com\\\/site\\\/wp-content\\\/uploads\\\/2021\\\/04\\\/logo_header-1.png\",\"url\":\"https:\\\/\\\/sergiolapegue.com\\\/site\\\/wp-content\\\/uploads\\\/2021\\\/04\\\/logo_header-1.png\",\"contentUrl\":\"https:\\\/\\\/sergiolapegue.com\\\/site\\\/wp-content\\\/uploads\\\/2021\\\/04\\\/logo_header-1.png\",\"width\":272,\"height\":90,\"caption\":\"Sergio Lapegue\"},\"logo\":{\"@id\":\"https:\\\/\\\/sergiolapegue.com\\\/site\\\/wp-content\\\/uploads\\\/2021\\\/04\\\/logo_header-1.png\"},\"sameAs\":[\"https:\\\/\\\/facebook.com\\\/sergiolapegue\",\"https:\\\/\\\/instagram.com\\\/sergiolapegue\",\"https:\\\/\\\/x.com\\\/https:\\\/\\\/twitter.com\\\/sergiolapegue\"]},{\"@type\":\"Person\",\"@id\":\"https:\\\/\\\/sergiolapegue.com\\\/site\\\/#\\\/schema\\\/person\\\/9198e7dbab43c6d74d0fd5399af7c3cd\",\"name\":\"Daniel E. Monta\u00f1a\",\"image\":{\"@type\":\"ImageObject\",\"inLanguage\":\"es-AR\",\"@id\":\"https:\\\/\\\/sergiolapegue.com\\\/site\\\/wp-content\\\/uploads\\\/2021\\\/04\\\/sl_avatar_Daniel-150x150.jpg\",\"url\":\"https:\\\/\\\/sergiolapegue.com\\\/site\\\/wp-content\\\/uploads\\\/2021\\\/04\\\/sl_avatar_Daniel-150x150.jpg\",\"contentUrl\":\"https:\\\/\\\/sergiolapegue.com\\\/site\\\/wp-content\\\/uploads\\\/2021\\\/04\\\/sl_avatar_Daniel-150x150.jpg\",\"caption\":\"Daniel E. Monta\u00f1a\"},\"sameAs\":[\"https:\\\/\\\/facebook.com\\\/danielernesto.montana\",\"https:\\\/\\\/instagram.com\\\/daniel_montana1961\",\"https:\\\/\\\/x.com\\\/https:\\\/\\\/twitter.com\\\/daner_004\"],\"url\":\"https:\\\/\\\/sergiolapegue.com\\\/site\\\/author\\\/daniel\\\/\"}]}<\/script>\n<!-- \/ Yoast SEO plugin. -->","yoast_head_json":{"title":"\u201cLA NOCHE DEL 16 DE ENERO\u201d - Sergio Lapegue","robots":{"index":"index","follow":"follow","max-snippet":"max-snippet:-1","max-image-preview":"max-image-preview:large","max-video-preview":"max-video-preview:-1"},"canonical":"https:\/\/sergiolapegue.com\/site\/2025\/04\/02\/la-noche-del-16-de-enero-3\/","og_locale":"es_ES","og_type":"article","og_title":"\u201cLA NOCHE DEL 16 DE ENERO\u201d - Sergio Lapegue","og_description":"Desde el 5 de abril en la Sala Cort\u00e1zar del Paseo La Plaza, se podr\u00e1 ver el reestreno de \u201cLa noche del 16 de enero\u201d, sobre el texto de Alissa Zinovievna Rosenbaum (m\u00e1s conocida como Ayn Rand), direcci\u00f3n de Marta C. L\u00f3pez Lecube y las actuaciones de Jorge Rom\u00e1n \u2013 Jos\u00e9 Martir\u00e9 \u2013 Marta C. [&hellip;]","og_url":"https:\/\/sergiolapegue.com\/site\/2025\/04\/02\/la-noche-del-16-de-enero-3\/","og_site_name":"Sergio Lapegue","article_publisher":"https:\/\/facebook.com\/sergiolapegue","article_author":"https:\/\/facebook.com\/danielernesto.montana","article_published_time":"2025-04-02T20:00:00+00:00","og_image":[{"width":300,"height":300,"url":"https:\/\/sergiolapegue.com\/site\/wp-content\/uploads\/2025\/04\/La-noche-del-16-enero.jpeg","type":"image\/jpeg"}],"author":"Daniel E. Monta\u00f1a","twitter_card":"summary_large_image","twitter_creator":"@https:\/\/twitter.com\/daner_004","twitter_site":"@sergiolapegue","twitter_misc":{"Escrito por":"Daniel E. Monta\u00f1a","Tiempo de lectura":"7 minutos"},"schema":{"@context":"https:\/\/schema.org","@graph":[{"@type":"Article","@id":"https:\/\/sergiolapegue.com\/site\/2025\/04\/02\/la-noche-del-16-de-enero-3\/#article","isPartOf":{"@id":"https:\/\/sergiolapegue.com\/site\/2025\/04\/02\/la-noche-del-16-de-enero-3\/"},"author":{"name":"Daniel E. Monta\u00f1a","@id":"https:\/\/sergiolapegue.com\/site\/#\/schema\/person\/9198e7dbab43c6d74d0fd5399af7c3cd"},"headline":"\u201cLA NOCHE DEL 16 DE ENERO\u201d","datePublished":"2025-04-02T20:00:00+00:00","mainEntityOfPage":{"@id":"https:\/\/sergiolapegue.com\/site\/2025\/04\/02\/la-noche-del-16-de-enero-3\/"},"wordCount":1204,"commentCount":0,"publisher":{"@id":"https:\/\/sergiolapegue.com\/site\/#\/schema\/person\/083aeceeb0734cd166779ea6c0551a37"},"image":{"@id":"https:\/\/sergiolapegue.com\/site\/2025\/04\/02\/la-noche-del-16-de-enero-3\/#primaryimage"},"thumbnailUrl":"https:\/\/sergiolapegue.com\/site\/wp-content\/uploads\/2025\/04\/La-noche-del-16-enero.jpeg","articleSection":["Arte","Teatro"],"inLanguage":"es-AR","potentialAction":[{"@type":"CommentAction","name":"Comment","target":["https:\/\/sergiolapegue.com\/site\/2025\/04\/02\/la-noche-del-16-de-enero-3\/#respond"]}]},{"@type":"WebPage","@id":"https:\/\/sergiolapegue.com\/site\/2025\/04\/02\/la-noche-del-16-de-enero-3\/","url":"https:\/\/sergiolapegue.com\/site\/2025\/04\/02\/la-noche-del-16-de-enero-3\/","name":"\u201cLA NOCHE DEL 16 DE ENERO\u201d - Sergio Lapegue","isPartOf":{"@id":"https:\/\/sergiolapegue.com\/site\/#website"},"primaryImageOfPage":{"@id":"https:\/\/sergiolapegue.com\/site\/2025\/04\/02\/la-noche-del-16-de-enero-3\/#primaryimage"},"image":{"@id":"https:\/\/sergiolapegue.com\/site\/2025\/04\/02\/la-noche-del-16-de-enero-3\/#primaryimage"},"thumbnailUrl":"https:\/\/sergiolapegue.com\/site\/wp-content\/uploads\/2025\/04\/La-noche-del-16-enero.jpeg","datePublished":"2025-04-02T20:00:00+00:00","breadcrumb":{"@id":"https:\/\/sergiolapegue.com\/site\/2025\/04\/02\/la-noche-del-16-de-enero-3\/#breadcrumb"},"inLanguage":"es-AR","potentialAction":[{"@type":"ReadAction","target":["https:\/\/sergiolapegue.com\/site\/2025\/04\/02\/la-noche-del-16-de-enero-3\/"]}]},{"@type":"ImageObject","inLanguage":"es-AR","@id":"https:\/\/sergiolapegue.com\/site\/2025\/04\/02\/la-noche-del-16-de-enero-3\/#primaryimage","url":"https:\/\/sergiolapegue.com\/site\/wp-content\/uploads\/2025\/04\/La-noche-del-16-enero.jpeg","contentUrl":"https:\/\/sergiolapegue.com\/site\/wp-content\/uploads\/2025\/04\/La-noche-del-16-enero.jpeg","width":300,"height":300},{"@type":"BreadcrumbList","@id":"https:\/\/sergiolapegue.com\/site\/2025\/04\/02\/la-noche-del-16-de-enero-3\/#breadcrumb","itemListElement":[{"@type":"ListItem","position":1,"name":"Inicio","item":"https:\/\/sergiolapegue.com\/site\/"},{"@type":"ListItem","position":2,"name":"\u201cLA NOCHE DEL 16 DE ENERO\u201d"}]},{"@type":"WebSite","@id":"https:\/\/sergiolapegue.com\/site\/#website","url":"https:\/\/sergiolapegue.com\/site\/","name":"Sergio Lapegue","description":"Periodista","publisher":{"@id":"https:\/\/sergiolapegue.com\/site\/#\/schema\/person\/083aeceeb0734cd166779ea6c0551a37"},"potentialAction":[{"@type":"SearchAction","target":{"@type":"EntryPoint","urlTemplate":"https:\/\/sergiolapegue.com\/site\/?s={search_term_string}"},"query-input":{"@type":"PropertyValueSpecification","valueRequired":true,"valueName":"search_term_string"}}],"inLanguage":"es-AR"},{"@type":["Person","Organization"],"@id":"https:\/\/sergiolapegue.com\/site\/#\/schema\/person\/083aeceeb0734cd166779ea6c0551a37","name":"Sergio Lapegue","image":{"@type":"ImageObject","inLanguage":"es-AR","@id":"https:\/\/sergiolapegue.com\/site\/wp-content\/uploads\/2021\/04\/logo_header-1.png","url":"https:\/\/sergiolapegue.com\/site\/wp-content\/uploads\/2021\/04\/logo_header-1.png","contentUrl":"https:\/\/sergiolapegue.com\/site\/wp-content\/uploads\/2021\/04\/logo_header-1.png","width":272,"height":90,"caption":"Sergio Lapegue"},"logo":{"@id":"https:\/\/sergiolapegue.com\/site\/wp-content\/uploads\/2021\/04\/logo_header-1.png"},"sameAs":["https:\/\/facebook.com\/sergiolapegue","https:\/\/instagram.com\/sergiolapegue","https:\/\/x.com\/https:\/\/twitter.com\/sergiolapegue"]},{"@type":"Person","@id":"https:\/\/sergiolapegue.com\/site\/#\/schema\/person\/9198e7dbab43c6d74d0fd5399af7c3cd","name":"Daniel E. Monta\u00f1a","image":{"@type":"ImageObject","inLanguage":"es-AR","@id":"https:\/\/sergiolapegue.com\/site\/wp-content\/uploads\/2021\/04\/sl_avatar_Daniel-150x150.jpg","url":"https:\/\/sergiolapegue.com\/site\/wp-content\/uploads\/2021\/04\/sl_avatar_Daniel-150x150.jpg","contentUrl":"https:\/\/sergiolapegue.com\/site\/wp-content\/uploads\/2021\/04\/sl_avatar_Daniel-150x150.jpg","caption":"Daniel E. Monta\u00f1a"},"sameAs":["https:\/\/facebook.com\/danielernesto.montana","https:\/\/instagram.com\/daniel_montana1961","https:\/\/x.com\/https:\/\/twitter.com\/daner_004"],"url":"https:\/\/sergiolapegue.com\/site\/author\/daniel\/"}]}},"_links":{"self":[{"href":"https:\/\/sergiolapegue.com\/site\/wp-json\/wp\/v2\/posts\/21890","targetHints":{"allow":["GET"]}}],"collection":[{"href":"https:\/\/sergiolapegue.com\/site\/wp-json\/wp\/v2\/posts"}],"about":[{"href":"https:\/\/sergiolapegue.com\/site\/wp-json\/wp\/v2\/types\/post"}],"author":[{"embeddable":true,"href":"https:\/\/sergiolapegue.com\/site\/wp-json\/wp\/v2\/users\/3"}],"replies":[{"embeddable":true,"href":"https:\/\/sergiolapegue.com\/site\/wp-json\/wp\/v2\/comments?post=21890"}],"version-history":[{"count":1,"href":"https:\/\/sergiolapegue.com\/site\/wp-json\/wp\/v2\/posts\/21890\/revisions"}],"predecessor-version":[{"id":21896,"href":"https:\/\/sergiolapegue.com\/site\/wp-json\/wp\/v2\/posts\/21890\/revisions\/21896"}],"wp:featuredmedia":[{"embeddable":true,"href":"https:\/\/sergiolapegue.com\/site\/wp-json\/wp\/v2\/media\/21895"}],"wp:attachment":[{"href":"https:\/\/sergiolapegue.com\/site\/wp-json\/wp\/v2\/media?parent=21890"}],"wp:term":[{"taxonomy":"category","embeddable":true,"href":"https:\/\/sergiolapegue.com\/site\/wp-json\/wp\/v2\/categories?post=21890"},{"taxonomy":"post_tag","embeddable":true,"href":"https:\/\/sergiolapegue.com\/site\/wp-json\/wp\/v2\/tags?post=21890"}],"curies":[{"name":"wp","href":"https:\/\/api.w.org\/{rel}","templated":true}]}}