{"id":21809,"date":"2025-03-29T09:00:00","date_gmt":"2025-03-29T12:00:00","guid":{"rendered":"https:\/\/sergiolapegue.com\/site\/?p=21809"},"modified":"2025-03-29T01:24:10","modified_gmt":"2025-03-29T04:24:10","slug":"un-enfermo-imaginario-tercera-temporada","status":"publish","type":"post","link":"https:\/\/sergiolapegue.com\/site\/2025\/03\/29\/un-enfermo-imaginario-tercera-temporada\/","title":{"rendered":"UN ENFERMO IMAGINARIO \u2013 TERCERA TEMPORADA"},"content":{"rendered":"\n<p>Peras<em>\u00a0Compa\u00f1\u00eda Teatral\u00a0<\/em>presenta la\u00a0tercer\u00a0temporada de\u00a0\u201cUn enfermo imaginario\u201d, de Moli\u00e8re, con la adaptaci\u00f3n y direcci\u00f3n de Klau Anghilante y las actuaciones de Ciro Di Meglio, Lean Fern\u00e1ndez, Luciana Guacci, Omar Guzm\u00e1n Torrez, Jos\u00e9 Larralde, Facundo Narv\u00e1ez Mancinelli, Misha Segurado, Anal\u00eda Sirica y Diego Verni.<\/p>\n\n\n\n<p>Delirante, bizarra, hermosa visualmente\u00a0la comedia escrita por Moliere en d\u00f3nde la cr\u00edtica a los m\u00e9dicos en el siglo XVII se convierte en una incre\u00edble s\u00e1tira, vuelve en 2025 m\u00e1s actual que nunca. Este cl\u00e1sico de la literatura universal es aclamado por el p\u00fablico y alabado por la cr\u00edtica.<\/p>\n\n\n\n<figure class=\"wp-block-image size-large\"><img loading=\"lazy\" decoding=\"async\" width=\"1024\" height=\"684\" src=\"https:\/\/sergiolapegue.com\/site\/wp-content\/uploads\/2025\/03\/Un-enfermo-imaginario-1-1024x684.jpg\" alt=\"\" class=\"wp-image-21810\" srcset=\"https:\/\/sergiolapegue.com\/site\/wp-content\/uploads\/2025\/03\/Un-enfermo-imaginario-1-1024x684.jpg 1024w, https:\/\/sergiolapegue.com\/site\/wp-content\/uploads\/2025\/03\/Un-enfermo-imaginario-1-300x200.jpg 300w, https:\/\/sergiolapegue.com\/site\/wp-content\/uploads\/2025\/03\/Un-enfermo-imaginario-1-768x513.jpg 768w, https:\/\/sergiolapegue.com\/site\/wp-content\/uploads\/2025\/03\/Un-enfermo-imaginario-1-629x420.jpg 629w, https:\/\/sergiolapegue.com\/site\/wp-content\/uploads\/2025\/03\/Un-enfermo-imaginario-1-696x465.jpg 696w, https:\/\/sergiolapegue.com\/site\/wp-content\/uploads\/2025\/03\/Un-enfermo-imaginario-1-1068x713.jpg 1068w, https:\/\/sergiolapegue.com\/site\/wp-content\/uploads\/2025\/03\/Un-enfermo-imaginario-1.jpg 1200w\" sizes=\"auto, (max-width: 1024px) 100vw, 1024px\" \/><\/figure>\n\n\n\n<p><strong>SINOPSIS<\/strong><\/p>\n\n\n\n<p>Convencido de sus enfermedades,&nbsp;Arg\u00e1n, vive rodeado de m\u00e9dicos y boticarios. Es tanta su obsesi\u00f3n que no duda en concertar un matrimonio de conveniencia entre su hija&nbsp;Ang\u00e9lica&nbsp;y&nbsp;Tom\u00e1s, hijo de un m\u00e9dico y estudiante de medicina.<\/p>\n\n\n\n<p>Entretanto,&nbsp;Belisa&nbsp;su segunda esposa lo presiona para que haga un testamento dej\u00e1ndola como \u00fanica heredera. Pero&nbsp;Antonio, su criado, con la complicidad de&nbsp;Beraldo, hermano de&nbsp;Arg\u00e1n, har\u00e1n todo lo posible para desenmascararla.<\/p>\n\n\n\n<figure class=\"wp-block-image size-large is-resized\"><img loading=\"lazy\" decoding=\"async\" width=\"684\" height=\"1024\" src=\"https:\/\/sergiolapegue.com\/site\/wp-content\/uploads\/2025\/03\/Un-enfermo-imaginario-2-684x1024.jpg\" alt=\"\" class=\"wp-image-21811\" style=\"width:696px;height:auto\" srcset=\"https:\/\/sergiolapegue.com\/site\/wp-content\/uploads\/2025\/03\/Un-enfermo-imaginario-2-684x1024.jpg 684w, https:\/\/sergiolapegue.com\/site\/wp-content\/uploads\/2025\/03\/Un-enfermo-imaginario-2-200x300.jpg 200w, https:\/\/sergiolapegue.com\/site\/wp-content\/uploads\/2025\/03\/Un-enfermo-imaginario-2-768x1150.jpg 768w, https:\/\/sergiolapegue.com\/site\/wp-content\/uploads\/2025\/03\/Un-enfermo-imaginario-2-280x420.jpg 280w, https:\/\/sergiolapegue.com\/site\/wp-content\/uploads\/2025\/03\/Un-enfermo-imaginario-2-696x1042.jpg 696w, https:\/\/sergiolapegue.com\/site\/wp-content\/uploads\/2025\/03\/Un-enfermo-imaginario-2.jpg 800w\" sizes=\"auto, (max-width: 684px) 100vw, 684px\" \/><\/figure>\n\n\n\n<p><strong>FICHA T\u00c9CNICO ART\u00cdSTICA<\/strong><\/p>\n\n\n\n<p><strong>Dramaturgia:<\/strong>&nbsp;Moli\u00e8re<\/p>\n\n\n\n<p><strong>Adaptaci\u00f3n:<\/strong> Klau Anghilante<\/p>\n\n\n\n<p><strong>Act\u00faan:<\/strong> Ciro Di Meglio \u2013 Lean Fern\u00e1ndez \u2013 Luciana Guacci \u2013 Omar Guzm\u00e1n Torrez \u2013 Jos\u00e9 Larralde \u2013 Facundo Narv\u00e1ez Mancinelli \u2013 Misha Segurado \u2013 Anal\u00eda Sirica \u2013 Diego Verni<\/p>\n\n\n\n<p><strong>Fotograf\u00eda:<\/strong> Nahuel Lunadei<\/p>\n\n\n\n<p><strong>Puesta en escena:<\/strong> Klau Anghilante<\/p>\n\n\n\n<p><strong>Prensa:<\/strong> Natalia Bocca<\/p>\n\n\n\n<p><strong>Asistencia de direcci\u00f3n:<\/strong> Ana Masotta<\/p>\n\n\n\n<p><strong>Producci\u00f3n general:<\/strong> Peras Compa\u00f1\u00eda Teatral<\/p>\n\n\n\n<p><strong>Direcci\u00f3n:<\/strong> Klau Anghilante<\/p>\n\n\n\n<p><strong>Duraci\u00f3n:<\/strong> 60 minutos<\/p>\n\n\n\n<p><strong>Clasificaci\u00f3n:<\/strong> Teatro \u2013 Presencial \u2013 Adultos<\/p>\n\n\n\n<figure class=\"wp-block-image size-large\"><img loading=\"lazy\" decoding=\"async\" width=\"1024\" height=\"683\" src=\"https:\/\/sergiolapegue.com\/site\/wp-content\/uploads\/2025\/03\/Un-enfermo-imaginario-3-1024x683.jpg\" alt=\"\" class=\"wp-image-21812\" srcset=\"https:\/\/sergiolapegue.com\/site\/wp-content\/uploads\/2025\/03\/Un-enfermo-imaginario-3-1024x683.jpg 1024w, https:\/\/sergiolapegue.com\/site\/wp-content\/uploads\/2025\/03\/Un-enfermo-imaginario-3-300x200.jpg 300w, https:\/\/sergiolapegue.com\/site\/wp-content\/uploads\/2025\/03\/Un-enfermo-imaginario-3-768x513.jpg 768w, https:\/\/sergiolapegue.com\/site\/wp-content\/uploads\/2025\/03\/Un-enfermo-imaginario-3-629x420.jpg 629w, https:\/\/sergiolapegue.com\/site\/wp-content\/uploads\/2025\/03\/Un-enfermo-imaginario-3-696x464.jpg 696w, https:\/\/sergiolapegue.com\/site\/wp-content\/uploads\/2025\/03\/Un-enfermo-imaginario-3-1068x713.jpg 1068w, https:\/\/sergiolapegue.com\/site\/wp-content\/uploads\/2025\/03\/Un-enfermo-imaginario-3.jpg 1500w\" sizes=\"auto, (max-width: 1024px) 100vw, 1024px\" \/><\/figure>\n\n\n\n<p><strong>TEATRO LA CARPINTER\u00cdA<\/strong><\/p>\n\n\n\n<p>Jean Jaures 858 \u2013 Capital Federal \u2013 Buenos Aires \u2013 Argentina<\/p>\n\n\n\n<p>Entradas: $ 15.000 \u2013 en boleter\u00eda del teatro o por Alternativa Teatral \u2013 Link:<\/p>\n\n\n\n<p><a href=\"https:\/\/publico.alternativateatral.com\/entradas85735-un-enfermo-imaginario?o=14\">https:\/\/publico.alternativateatral.com\/entradas85735-un-enfermo-imaginario?o=14<\/a><\/p>\n\n\n\n<p>Funciones: Domingos 12:00 horas \u2013 Del 06\/04\/2025 al 27\/04\/2025<\/p>\n\n\n\n<p>Gracias Natalia Bocca por acercarnos la gacetilla de prensa de la tercera temporada de este genial espect\u00e1culo.<\/p>\n\n\n\n<p><strong>SOBRE LA DIRECTORA<\/strong><\/p>\n\n\n\n<figure class=\"wp-block-image size-full\"><img loading=\"lazy\" decoding=\"async\" width=\"215\" height=\"232\" src=\"https:\/\/sergiolapegue.com\/site\/wp-content\/uploads\/2025\/03\/Un-enfermo-imaginario-Klau-Anghilante.png\" alt=\"\" class=\"wp-image-21813\" \/><\/figure>\n\n\n\n<p><strong>Klau Anghilante<\/strong>, Actriz, docente teatral y directora.<\/p>\n\n\n\n<p>Como actriz ha pisado escenarios tales como el teatro Gral. San Mart\u00edn, Teatro Col\u00f3n, Cetc del Teatro Col\u00f3n, donde recibe excelentes cr\u00edticas por su rol protag\u00f3nico.<\/p>\n\n\n\n<p>Trabaj\u00f3 junto a Irene Di Bari, reconocida actriz estadounidense, en la obra Casta Diva.<\/p>\n\n\n\n<p>Filmo para TV Polaca, particip\u00f3 en el Festival Shakespeare para el Gob. de la Ciudad de Bs As.<\/p>\n\n\n\n<p>Durante 6 a\u00f1os form\u00f3&nbsp;parte de FOT, festival que obtuvo menci\u00f3n especial en los premios Florencio S\u00e1nchez.<\/p>\n\n\n\n<p>Desarroll\u00f3, a su vez, trabajos para radio, audiovisuales y conducci\u00f3n de tv por cable, (premio conductora revelaci\u00f3n y producci\u00f3n a programa de tv de cable).<\/p>\n\n\n\n<p>En paralelo dicta clases de nivel avanzado en actuaci\u00f3n y a la fecha ha dirigido m\u00e1s de 30 obras y distintos audiovisuales.<\/p>\n\n\n\n<p><\/p>\n","protected":false},"excerpt":{"rendered":"<p>Peras\u00a0Compa\u00f1\u00eda Teatral\u00a0presenta la\u00a0tercer\u00a0temporada de\u00a0\u201cUn enfermo imaginario\u201d, de Moli\u00e8re, con la adaptaci\u00f3n y direcci\u00f3n de Klau Anghilante y las actuaciones de Ciro Di Meglio, Lean Fern\u00e1ndez, Luciana Guacci, Omar Guzm\u00e1n Torrez, Jos\u00e9 Larralde, Facundo Narv\u00e1ez Mancinelli, Misha Segurado, Anal\u00eda Sirica y Diego Verni. Delirante, bizarra, hermosa visualmente\u00a0la comedia escrita por Moliere en d\u00f3nde la cr\u00edtica a [&hellip;]<\/p>\n","protected":false},"author":3,"featured_media":21814,"comment_status":"open","ping_status":"closed","sticky":false,"template":"","format":"standard","meta":{"footnotes":""},"categories":[34,35],"tags":[],"class_list":{"0":"post-21809","1":"post","2":"type-post","3":"status-publish","4":"format-standard","5":"has-post-thumbnail","7":"category-arte","8":"category-teatro"},"yoast_head":"<!-- This site is optimized with the Yoast SEO plugin v27.5 - https:\/\/yoast.com\/product\/yoast-seo-wordpress\/ -->\n<title>UN ENFERMO IMAGINARIO \u2013 TERCERA TEMPORADA - Sergio Lapegue<\/title>\n<meta name=\"robots\" content=\"index, follow, max-snippet:-1, max-image-preview:large, max-video-preview:-1\" \/>\n<link rel=\"canonical\" href=\"https:\/\/sergiolapegue.com\/site\/2025\/03\/29\/un-enfermo-imaginario-tercera-temporada\/\" \/>\n<meta property=\"og:locale\" content=\"es_ES\" \/>\n<meta property=\"og:type\" content=\"article\" \/>\n<meta property=\"og:title\" content=\"UN ENFERMO IMAGINARIO \u2013 TERCERA TEMPORADA - Sergio Lapegue\" \/>\n<meta property=\"og:description\" content=\"Peras\u00a0Compa\u00f1\u00eda Teatral\u00a0presenta la\u00a0tercer\u00a0temporada de\u00a0\u201cUn enfermo imaginario\u201d, de Moli\u00e8re, con la adaptaci\u00f3n y direcci\u00f3n de Klau Anghilante y las actuaciones de Ciro Di Meglio, Lean Fern\u00e1ndez, Luciana Guacci, Omar Guzm\u00e1n Torrez, Jos\u00e9 Larralde, Facundo Narv\u00e1ez Mancinelli, Misha Segurado, Anal\u00eda Sirica y Diego Verni. Delirante, bizarra, hermosa visualmente\u00a0la comedia escrita por Moliere en d\u00f3nde la cr\u00edtica a [&hellip;]\" \/>\n<meta property=\"og:url\" content=\"https:\/\/sergiolapegue.com\/site\/2025\/03\/29\/un-enfermo-imaginario-tercera-temporada\/\" \/>\n<meta property=\"og:site_name\" content=\"Sergio Lapegue\" \/>\n<meta property=\"article:publisher\" content=\"https:\/\/facebook.com\/sergiolapegue\" \/>\n<meta property=\"article:author\" content=\"https:\/\/facebook.com\/danielernesto.montana\" \/>\n<meta property=\"article:published_time\" content=\"2025-03-29T12:00:00+00:00\" \/>\n<meta property=\"og:image\" content=\"https:\/\/sergiolapegue.com\/site\/wp-content\/uploads\/2025\/03\/Un-enfermo-imaginario.jpg\" \/>\n\t<meta property=\"og:image:width\" content=\"1500\" \/>\n\t<meta property=\"og:image:height\" content=\"2123\" \/>\n\t<meta property=\"og:image:type\" content=\"image\/jpeg\" \/>\n<meta name=\"author\" content=\"Daniel E. Monta\u00f1a\" \/>\n<meta name=\"twitter:card\" content=\"summary_large_image\" \/>\n<meta name=\"twitter:creator\" content=\"@https:\/\/twitter.com\/daner_004\" \/>\n<meta name=\"twitter:site\" content=\"@sergiolapegue\" \/>\n<meta name=\"twitter:label1\" content=\"Escrito por\" \/>\n\t<meta name=\"twitter:data1\" content=\"Daniel E. Monta\u00f1a\" \/>\n\t<meta name=\"twitter:label2\" content=\"Tiempo de lectura\" \/>\n\t<meta name=\"twitter:data2\" content=\"3 minutos\" \/>\n<script type=\"application\/ld+json\" class=\"yoast-schema-graph\">{\"@context\":\"https:\\\/\\\/schema.org\",\"@graph\":[{\"@type\":\"Article\",\"@id\":\"https:\\\/\\\/sergiolapegue.com\\\/site\\\/2025\\\/03\\\/29\\\/un-enfermo-imaginario-tercera-temporada\\\/#article\",\"isPartOf\":{\"@id\":\"https:\\\/\\\/sergiolapegue.com\\\/site\\\/2025\\\/03\\\/29\\\/un-enfermo-imaginario-tercera-temporada\\\/\"},\"author\":{\"name\":\"Daniel E. Monta\u00f1a\",\"@id\":\"https:\\\/\\\/sergiolapegue.com\\\/site\\\/#\\\/schema\\\/person\\\/9198e7dbab43c6d74d0fd5399af7c3cd\"},\"headline\":\"UN ENFERMO IMAGINARIO \u2013 TERCERA TEMPORADA\",\"datePublished\":\"2025-03-29T12:00:00+00:00\",\"mainEntityOfPage\":{\"@id\":\"https:\\\/\\\/sergiolapegue.com\\\/site\\\/2025\\\/03\\\/29\\\/un-enfermo-imaginario-tercera-temporada\\\/\"},\"wordCount\":481,\"commentCount\":0,\"publisher\":{\"@id\":\"https:\\\/\\\/sergiolapegue.com\\\/site\\\/#\\\/schema\\\/person\\\/083aeceeb0734cd166779ea6c0551a37\"},\"image\":{\"@id\":\"https:\\\/\\\/sergiolapegue.com\\\/site\\\/2025\\\/03\\\/29\\\/un-enfermo-imaginario-tercera-temporada\\\/#primaryimage\"},\"thumbnailUrl\":\"https:\\\/\\\/sergiolapegue.com\\\/site\\\/wp-content\\\/uploads\\\/2025\\\/03\\\/Un-enfermo-imaginario.jpg\",\"articleSection\":[\"Arte\",\"Teatro\"],\"inLanguage\":\"es-AR\",\"potentialAction\":[{\"@type\":\"CommentAction\",\"name\":\"Comment\",\"target\":[\"https:\\\/\\\/sergiolapegue.com\\\/site\\\/2025\\\/03\\\/29\\\/un-enfermo-imaginario-tercera-temporada\\\/#respond\"]}]},{\"@type\":\"WebPage\",\"@id\":\"https:\\\/\\\/sergiolapegue.com\\\/site\\\/2025\\\/03\\\/29\\\/un-enfermo-imaginario-tercera-temporada\\\/\",\"url\":\"https:\\\/\\\/sergiolapegue.com\\\/site\\\/2025\\\/03\\\/29\\\/un-enfermo-imaginario-tercera-temporada\\\/\",\"name\":\"UN ENFERMO IMAGINARIO \u2013 TERCERA TEMPORADA - Sergio Lapegue\",\"isPartOf\":{\"@id\":\"https:\\\/\\\/sergiolapegue.com\\\/site\\\/#website\"},\"primaryImageOfPage\":{\"@id\":\"https:\\\/\\\/sergiolapegue.com\\\/site\\\/2025\\\/03\\\/29\\\/un-enfermo-imaginario-tercera-temporada\\\/#primaryimage\"},\"image\":{\"@id\":\"https:\\\/\\\/sergiolapegue.com\\\/site\\\/2025\\\/03\\\/29\\\/un-enfermo-imaginario-tercera-temporada\\\/#primaryimage\"},\"thumbnailUrl\":\"https:\\\/\\\/sergiolapegue.com\\\/site\\\/wp-content\\\/uploads\\\/2025\\\/03\\\/Un-enfermo-imaginario.jpg\",\"datePublished\":\"2025-03-29T12:00:00+00:00\",\"breadcrumb\":{\"@id\":\"https:\\\/\\\/sergiolapegue.com\\\/site\\\/2025\\\/03\\\/29\\\/un-enfermo-imaginario-tercera-temporada\\\/#breadcrumb\"},\"inLanguage\":\"es-AR\",\"potentialAction\":[{\"@type\":\"ReadAction\",\"target\":[\"https:\\\/\\\/sergiolapegue.com\\\/site\\\/2025\\\/03\\\/29\\\/un-enfermo-imaginario-tercera-temporada\\\/\"]}]},{\"@type\":\"ImageObject\",\"inLanguage\":\"es-AR\",\"@id\":\"https:\\\/\\\/sergiolapegue.com\\\/site\\\/2025\\\/03\\\/29\\\/un-enfermo-imaginario-tercera-temporada\\\/#primaryimage\",\"url\":\"https:\\\/\\\/sergiolapegue.com\\\/site\\\/wp-content\\\/uploads\\\/2025\\\/03\\\/Un-enfermo-imaginario.jpg\",\"contentUrl\":\"https:\\\/\\\/sergiolapegue.com\\\/site\\\/wp-content\\\/uploads\\\/2025\\\/03\\\/Un-enfermo-imaginario.jpg\",\"width\":1500,\"height\":2123},{\"@type\":\"BreadcrumbList\",\"@id\":\"https:\\\/\\\/sergiolapegue.com\\\/site\\\/2025\\\/03\\\/29\\\/un-enfermo-imaginario-tercera-temporada\\\/#breadcrumb\",\"itemListElement\":[{\"@type\":\"ListItem\",\"position\":1,\"name\":\"Inicio\",\"item\":\"https:\\\/\\\/sergiolapegue.com\\\/site\\\/\"},{\"@type\":\"ListItem\",\"position\":2,\"name\":\"UN ENFERMO IMAGINARIO \u2013 TERCERA TEMPORADA\"}]},{\"@type\":\"WebSite\",\"@id\":\"https:\\\/\\\/sergiolapegue.com\\\/site\\\/#website\",\"url\":\"https:\\\/\\\/sergiolapegue.com\\\/site\\\/\",\"name\":\"Sergio Lapegue\",\"description\":\"Periodista\",\"publisher\":{\"@id\":\"https:\\\/\\\/sergiolapegue.com\\\/site\\\/#\\\/schema\\\/person\\\/083aeceeb0734cd166779ea6c0551a37\"},\"potentialAction\":[{\"@type\":\"SearchAction\",\"target\":{\"@type\":\"EntryPoint\",\"urlTemplate\":\"https:\\\/\\\/sergiolapegue.com\\\/site\\\/?s={search_term_string}\"},\"query-input\":{\"@type\":\"PropertyValueSpecification\",\"valueRequired\":true,\"valueName\":\"search_term_string\"}}],\"inLanguage\":\"es-AR\"},{\"@type\":[\"Person\",\"Organization\"],\"@id\":\"https:\\\/\\\/sergiolapegue.com\\\/site\\\/#\\\/schema\\\/person\\\/083aeceeb0734cd166779ea6c0551a37\",\"name\":\"Sergio Lapegue\",\"image\":{\"@type\":\"ImageObject\",\"inLanguage\":\"es-AR\",\"@id\":\"https:\\\/\\\/sergiolapegue.com\\\/site\\\/wp-content\\\/uploads\\\/2021\\\/04\\\/logo_header-1.png\",\"url\":\"https:\\\/\\\/sergiolapegue.com\\\/site\\\/wp-content\\\/uploads\\\/2021\\\/04\\\/logo_header-1.png\",\"contentUrl\":\"https:\\\/\\\/sergiolapegue.com\\\/site\\\/wp-content\\\/uploads\\\/2021\\\/04\\\/logo_header-1.png\",\"width\":272,\"height\":90,\"caption\":\"Sergio Lapegue\"},\"logo\":{\"@id\":\"https:\\\/\\\/sergiolapegue.com\\\/site\\\/wp-content\\\/uploads\\\/2021\\\/04\\\/logo_header-1.png\"},\"sameAs\":[\"https:\\\/\\\/facebook.com\\\/sergiolapegue\",\"https:\\\/\\\/instagram.com\\\/sergiolapegue\",\"https:\\\/\\\/x.com\\\/https:\\\/\\\/twitter.com\\\/sergiolapegue\"]},{\"@type\":\"Person\",\"@id\":\"https:\\\/\\\/sergiolapegue.com\\\/site\\\/#\\\/schema\\\/person\\\/9198e7dbab43c6d74d0fd5399af7c3cd\",\"name\":\"Daniel E. Monta\u00f1a\",\"image\":{\"@type\":\"ImageObject\",\"inLanguage\":\"es-AR\",\"@id\":\"https:\\\/\\\/sergiolapegue.com\\\/site\\\/wp-content\\\/uploads\\\/2021\\\/04\\\/sl_avatar_Daniel-150x150.jpg\",\"url\":\"https:\\\/\\\/sergiolapegue.com\\\/site\\\/wp-content\\\/uploads\\\/2021\\\/04\\\/sl_avatar_Daniel-150x150.jpg\",\"contentUrl\":\"https:\\\/\\\/sergiolapegue.com\\\/site\\\/wp-content\\\/uploads\\\/2021\\\/04\\\/sl_avatar_Daniel-150x150.jpg\",\"caption\":\"Daniel E. Monta\u00f1a\"},\"sameAs\":[\"https:\\\/\\\/facebook.com\\\/danielernesto.montana\",\"https:\\\/\\\/instagram.com\\\/daniel_montana1961\",\"https:\\\/\\\/x.com\\\/https:\\\/\\\/twitter.com\\\/daner_004\"],\"url\":\"https:\\\/\\\/sergiolapegue.com\\\/site\\\/author\\\/daniel\\\/\"}]}<\/script>\n<!-- \/ Yoast SEO plugin. -->","yoast_head_json":{"title":"UN ENFERMO IMAGINARIO \u2013 TERCERA TEMPORADA - Sergio Lapegue","robots":{"index":"index","follow":"follow","max-snippet":"max-snippet:-1","max-image-preview":"max-image-preview:large","max-video-preview":"max-video-preview:-1"},"canonical":"https:\/\/sergiolapegue.com\/site\/2025\/03\/29\/un-enfermo-imaginario-tercera-temporada\/","og_locale":"es_ES","og_type":"article","og_title":"UN ENFERMO IMAGINARIO \u2013 TERCERA TEMPORADA - Sergio Lapegue","og_description":"Peras\u00a0Compa\u00f1\u00eda Teatral\u00a0presenta la\u00a0tercer\u00a0temporada de\u00a0\u201cUn enfermo imaginario\u201d, de Moli\u00e8re, con la adaptaci\u00f3n y direcci\u00f3n de Klau Anghilante y las actuaciones de Ciro Di Meglio, Lean Fern\u00e1ndez, Luciana Guacci, Omar Guzm\u00e1n Torrez, Jos\u00e9 Larralde, Facundo Narv\u00e1ez Mancinelli, Misha Segurado, Anal\u00eda Sirica y Diego Verni. Delirante, bizarra, hermosa visualmente\u00a0la comedia escrita por Moliere en d\u00f3nde la cr\u00edtica a [&hellip;]","og_url":"https:\/\/sergiolapegue.com\/site\/2025\/03\/29\/un-enfermo-imaginario-tercera-temporada\/","og_site_name":"Sergio Lapegue","article_publisher":"https:\/\/facebook.com\/sergiolapegue","article_author":"https:\/\/facebook.com\/danielernesto.montana","article_published_time":"2025-03-29T12:00:00+00:00","og_image":[{"width":1500,"height":2123,"url":"https:\/\/sergiolapegue.com\/site\/wp-content\/uploads\/2025\/03\/Un-enfermo-imaginario.jpg","type":"image\/jpeg"}],"author":"Daniel E. Monta\u00f1a","twitter_card":"summary_large_image","twitter_creator":"@https:\/\/twitter.com\/daner_004","twitter_site":"@sergiolapegue","twitter_misc":{"Escrito por":"Daniel E. Monta\u00f1a","Tiempo de lectura":"3 minutos"},"schema":{"@context":"https:\/\/schema.org","@graph":[{"@type":"Article","@id":"https:\/\/sergiolapegue.com\/site\/2025\/03\/29\/un-enfermo-imaginario-tercera-temporada\/#article","isPartOf":{"@id":"https:\/\/sergiolapegue.com\/site\/2025\/03\/29\/un-enfermo-imaginario-tercera-temporada\/"},"author":{"name":"Daniel E. Monta\u00f1a","@id":"https:\/\/sergiolapegue.com\/site\/#\/schema\/person\/9198e7dbab43c6d74d0fd5399af7c3cd"},"headline":"UN ENFERMO IMAGINARIO \u2013 TERCERA TEMPORADA","datePublished":"2025-03-29T12:00:00+00:00","mainEntityOfPage":{"@id":"https:\/\/sergiolapegue.com\/site\/2025\/03\/29\/un-enfermo-imaginario-tercera-temporada\/"},"wordCount":481,"commentCount":0,"publisher":{"@id":"https:\/\/sergiolapegue.com\/site\/#\/schema\/person\/083aeceeb0734cd166779ea6c0551a37"},"image":{"@id":"https:\/\/sergiolapegue.com\/site\/2025\/03\/29\/un-enfermo-imaginario-tercera-temporada\/#primaryimage"},"thumbnailUrl":"https:\/\/sergiolapegue.com\/site\/wp-content\/uploads\/2025\/03\/Un-enfermo-imaginario.jpg","articleSection":["Arte","Teatro"],"inLanguage":"es-AR","potentialAction":[{"@type":"CommentAction","name":"Comment","target":["https:\/\/sergiolapegue.com\/site\/2025\/03\/29\/un-enfermo-imaginario-tercera-temporada\/#respond"]}]},{"@type":"WebPage","@id":"https:\/\/sergiolapegue.com\/site\/2025\/03\/29\/un-enfermo-imaginario-tercera-temporada\/","url":"https:\/\/sergiolapegue.com\/site\/2025\/03\/29\/un-enfermo-imaginario-tercera-temporada\/","name":"UN ENFERMO IMAGINARIO \u2013 TERCERA TEMPORADA - Sergio Lapegue","isPartOf":{"@id":"https:\/\/sergiolapegue.com\/site\/#website"},"primaryImageOfPage":{"@id":"https:\/\/sergiolapegue.com\/site\/2025\/03\/29\/un-enfermo-imaginario-tercera-temporada\/#primaryimage"},"image":{"@id":"https:\/\/sergiolapegue.com\/site\/2025\/03\/29\/un-enfermo-imaginario-tercera-temporada\/#primaryimage"},"thumbnailUrl":"https:\/\/sergiolapegue.com\/site\/wp-content\/uploads\/2025\/03\/Un-enfermo-imaginario.jpg","datePublished":"2025-03-29T12:00:00+00:00","breadcrumb":{"@id":"https:\/\/sergiolapegue.com\/site\/2025\/03\/29\/un-enfermo-imaginario-tercera-temporada\/#breadcrumb"},"inLanguage":"es-AR","potentialAction":[{"@type":"ReadAction","target":["https:\/\/sergiolapegue.com\/site\/2025\/03\/29\/un-enfermo-imaginario-tercera-temporada\/"]}]},{"@type":"ImageObject","inLanguage":"es-AR","@id":"https:\/\/sergiolapegue.com\/site\/2025\/03\/29\/un-enfermo-imaginario-tercera-temporada\/#primaryimage","url":"https:\/\/sergiolapegue.com\/site\/wp-content\/uploads\/2025\/03\/Un-enfermo-imaginario.jpg","contentUrl":"https:\/\/sergiolapegue.com\/site\/wp-content\/uploads\/2025\/03\/Un-enfermo-imaginario.jpg","width":1500,"height":2123},{"@type":"BreadcrumbList","@id":"https:\/\/sergiolapegue.com\/site\/2025\/03\/29\/un-enfermo-imaginario-tercera-temporada\/#breadcrumb","itemListElement":[{"@type":"ListItem","position":1,"name":"Inicio","item":"https:\/\/sergiolapegue.com\/site\/"},{"@type":"ListItem","position":2,"name":"UN ENFERMO IMAGINARIO \u2013 TERCERA TEMPORADA"}]},{"@type":"WebSite","@id":"https:\/\/sergiolapegue.com\/site\/#website","url":"https:\/\/sergiolapegue.com\/site\/","name":"Sergio Lapegue","description":"Periodista","publisher":{"@id":"https:\/\/sergiolapegue.com\/site\/#\/schema\/person\/083aeceeb0734cd166779ea6c0551a37"},"potentialAction":[{"@type":"SearchAction","target":{"@type":"EntryPoint","urlTemplate":"https:\/\/sergiolapegue.com\/site\/?s={search_term_string}"},"query-input":{"@type":"PropertyValueSpecification","valueRequired":true,"valueName":"search_term_string"}}],"inLanguage":"es-AR"},{"@type":["Person","Organization"],"@id":"https:\/\/sergiolapegue.com\/site\/#\/schema\/person\/083aeceeb0734cd166779ea6c0551a37","name":"Sergio Lapegue","image":{"@type":"ImageObject","inLanguage":"es-AR","@id":"https:\/\/sergiolapegue.com\/site\/wp-content\/uploads\/2021\/04\/logo_header-1.png","url":"https:\/\/sergiolapegue.com\/site\/wp-content\/uploads\/2021\/04\/logo_header-1.png","contentUrl":"https:\/\/sergiolapegue.com\/site\/wp-content\/uploads\/2021\/04\/logo_header-1.png","width":272,"height":90,"caption":"Sergio Lapegue"},"logo":{"@id":"https:\/\/sergiolapegue.com\/site\/wp-content\/uploads\/2021\/04\/logo_header-1.png"},"sameAs":["https:\/\/facebook.com\/sergiolapegue","https:\/\/instagram.com\/sergiolapegue","https:\/\/x.com\/https:\/\/twitter.com\/sergiolapegue"]},{"@type":"Person","@id":"https:\/\/sergiolapegue.com\/site\/#\/schema\/person\/9198e7dbab43c6d74d0fd5399af7c3cd","name":"Daniel E. Monta\u00f1a","image":{"@type":"ImageObject","inLanguage":"es-AR","@id":"https:\/\/sergiolapegue.com\/site\/wp-content\/uploads\/2021\/04\/sl_avatar_Daniel-150x150.jpg","url":"https:\/\/sergiolapegue.com\/site\/wp-content\/uploads\/2021\/04\/sl_avatar_Daniel-150x150.jpg","contentUrl":"https:\/\/sergiolapegue.com\/site\/wp-content\/uploads\/2021\/04\/sl_avatar_Daniel-150x150.jpg","caption":"Daniel E. Monta\u00f1a"},"sameAs":["https:\/\/facebook.com\/danielernesto.montana","https:\/\/instagram.com\/daniel_montana1961","https:\/\/x.com\/https:\/\/twitter.com\/daner_004"],"url":"https:\/\/sergiolapegue.com\/site\/author\/daniel\/"}]}},"_links":{"self":[{"href":"https:\/\/sergiolapegue.com\/site\/wp-json\/wp\/v2\/posts\/21809","targetHints":{"allow":["GET"]}}],"collection":[{"href":"https:\/\/sergiolapegue.com\/site\/wp-json\/wp\/v2\/posts"}],"about":[{"href":"https:\/\/sergiolapegue.com\/site\/wp-json\/wp\/v2\/types\/post"}],"author":[{"embeddable":true,"href":"https:\/\/sergiolapegue.com\/site\/wp-json\/wp\/v2\/users\/3"}],"replies":[{"embeddable":true,"href":"https:\/\/sergiolapegue.com\/site\/wp-json\/wp\/v2\/comments?post=21809"}],"version-history":[{"count":1,"href":"https:\/\/sergiolapegue.com\/site\/wp-json\/wp\/v2\/posts\/21809\/revisions"}],"predecessor-version":[{"id":21815,"href":"https:\/\/sergiolapegue.com\/site\/wp-json\/wp\/v2\/posts\/21809\/revisions\/21815"}],"wp:featuredmedia":[{"embeddable":true,"href":"https:\/\/sergiolapegue.com\/site\/wp-json\/wp\/v2\/media\/21814"}],"wp:attachment":[{"href":"https:\/\/sergiolapegue.com\/site\/wp-json\/wp\/v2\/media?parent=21809"}],"wp:term":[{"taxonomy":"category","embeddable":true,"href":"https:\/\/sergiolapegue.com\/site\/wp-json\/wp\/v2\/categories?post=21809"},{"taxonomy":"post_tag","embeddable":true,"href":"https:\/\/sergiolapegue.com\/site\/wp-json\/wp\/v2\/tags?post=21809"}],"curies":[{"name":"wp","href":"https:\/\/api.w.org\/{rel}","templated":true}]}}