{"id":21786,"date":"2025-06-27T01:00:00","date_gmt":"2025-06-27T04:00:00","guid":{"rendered":"https:\/\/sergiolapegue.com\/site\/?p=21786"},"modified":"2025-06-26T03:08:35","modified_gmt":"2025-06-26T06:08:35","slug":"cuando-frank-conocio-a-carlitos-2","status":"publish","type":"post","link":"https:\/\/sergiolapegue.com\/site\/2025\/06\/27\/cuando-frank-conocio-a-carlitos-2\/","title":{"rendered":"CUANDO FRANK CONOCI\u00d3 A CARLITOS"},"content":{"rendered":"\n<p>Continua en cartelera\u00a0&#8220;Cuando Frank conoci\u00f3 a Carlitos&#8221;,\u00a0el aclamado espect\u00e1culo que cautiv\u00f3 a m\u00e1s de 70 mil personas desde su estreno en el 2024. A partir del 9 de abril se presentar\u00e1 en el teatro Multitabaris de mi\u00e9rcoles a domingos.<\/p>\n\n\n\n<p>El reestreno de este maravilloso espect\u00e1culo promete seguir emocionando al p\u00fablico con su combinaci\u00f3n \u00fanica de m\u00fasica, historia y talento actoral y, en esta oportunidad, se suma un nuevo atractivo: la posibilidad de verlo en el escenario donde cant\u00f3 el mism\u00edsimo Carlos Gardel.<\/p>\n\n\n\n<p>Basado en un contenido original de Disney+,&nbsp;Cuando Frank conoci\u00f3 a Carlitos&nbsp;fue visto por m\u00e1s de 70.000 espectadores, recibi\u00f3 7 Premios Hugo, incluido el de Mejor Musical del A\u00f1o, y hasta fue declarado de Inter\u00e9s Cultural por la Legislatura de la Ciudad de Buenos Aires.<\/p>\n\n\n\n<figure class=\"wp-block-image size-large\"><img loading=\"lazy\" decoding=\"async\" width=\"1024\" height=\"682\" src=\"https:\/\/sergiolapegue.com\/site\/wp-content\/uploads\/2025\/03\/Cuando-Frank-conocio-a-Carlitos-Reestreno-1-1024x682.jpeg\" alt=\"\" class=\"wp-image-21787\" srcset=\"https:\/\/sergiolapegue.com\/site\/wp-content\/uploads\/2025\/03\/Cuando-Frank-conocio-a-Carlitos-Reestreno-1-1024x682.jpeg 1024w, https:\/\/sergiolapegue.com\/site\/wp-content\/uploads\/2025\/03\/Cuando-Frank-conocio-a-Carlitos-Reestreno-1-300x200.jpeg 300w, https:\/\/sergiolapegue.com\/site\/wp-content\/uploads\/2025\/03\/Cuando-Frank-conocio-a-Carlitos-Reestreno-1-768x512.jpeg 768w, https:\/\/sergiolapegue.com\/site\/wp-content\/uploads\/2025\/03\/Cuando-Frank-conocio-a-Carlitos-Reestreno-1-1536x1023.jpeg 1536w, https:\/\/sergiolapegue.com\/site\/wp-content\/uploads\/2025\/03\/Cuando-Frank-conocio-a-Carlitos-Reestreno-1-630x420.jpeg 630w, https:\/\/sergiolapegue.com\/site\/wp-content\/uploads\/2025\/03\/Cuando-Frank-conocio-a-Carlitos-Reestreno-1-696x464.jpeg 696w, https:\/\/sergiolapegue.com\/site\/wp-content\/uploads\/2025\/03\/Cuando-Frank-conocio-a-Carlitos-Reestreno-1-1068x712.jpeg 1068w, https:\/\/sergiolapegue.com\/site\/wp-content\/uploads\/2025\/03\/Cuando-Frank-conocio-a-Carlitos-Reestreno-1.jpeg 1600w\" sizes=\"auto, (max-width: 1024px) 100vw, 1024px\" \/><\/figure>\n\n\n\n<p><strong>SINOPSIS<\/strong><\/p>\n\n\n\n<p>Seg\u00fan cuenta la leyenda, en 1934 Gardel estaba actuando en la NBC de New York cuando se le present\u00f3 un joven admirador, ansioso de conocer al &#8220;gran bar\u00edtono rioplatense&#8221;, que no era otro que Frank Sinatra a sus 19 a\u00f1os.<\/p>\n\n\n\n<p>Ese punto de partida dispar\u00f3 una idea muy atractiva: la noche en la que Gardel y Sinatra quedaron encerrados en un camar\u00edn&#8230;Gardel, tratando de sacarse de encima a su fastidioso fan. Sinatra, tratando de entender la pasi\u00f3n que percib\u00eda en las canciones del Zorzal&#8230;Los dos, iniciando una amistad que se mantendr\u00eda para siempre.<br>Las mujeres, los amigos, el barrio, el juego, el lunfardo, las buenas y las malas compa\u00f1\u00edas&#8230;son s\u00f3lo algunos de los temas que recorren Carlitos y Frank mientras interpretan lo mejor del repertorio gardeliano en el estilo y el idioma del Mudo&#8230;y en el estilo y el idioma de la Voz.<\/p>\n\n\n\n<figure class=\"wp-block-image size-large\"><img loading=\"lazy\" decoding=\"async\" width=\"1024\" height=\"682\" src=\"https:\/\/sergiolapegue.com\/site\/wp-content\/uploads\/2025\/03\/Cuando-Frank-conocio-a-Carlitos-Reestreno-2-1024x682.png\" alt=\"\" class=\"wp-image-21788\" srcset=\"https:\/\/sergiolapegue.com\/site\/wp-content\/uploads\/2025\/03\/Cuando-Frank-conocio-a-Carlitos-Reestreno-2-1024x682.png 1024w, https:\/\/sergiolapegue.com\/site\/wp-content\/uploads\/2025\/03\/Cuando-Frank-conocio-a-Carlitos-Reestreno-2-300x200.png 300w, https:\/\/sergiolapegue.com\/site\/wp-content\/uploads\/2025\/03\/Cuando-Frank-conocio-a-Carlitos-Reestreno-2-768x512.png 768w, https:\/\/sergiolapegue.com\/site\/wp-content\/uploads\/2025\/03\/Cuando-Frank-conocio-a-Carlitos-Reestreno-2-630x420.png 630w, https:\/\/sergiolapegue.com\/site\/wp-content\/uploads\/2025\/03\/Cuando-Frank-conocio-a-Carlitos-Reestreno-2-696x464.png 696w, https:\/\/sergiolapegue.com\/site\/wp-content\/uploads\/2025\/03\/Cuando-Frank-conocio-a-Carlitos-Reestreno-2-1068x712.png 1068w, https:\/\/sergiolapegue.com\/site\/wp-content\/uploads\/2025\/03\/Cuando-Frank-conocio-a-Carlitos-Reestreno-2.png 1181w\" sizes=\"auto, (max-width: 1024px) 100vw, 1024px\" \/><\/figure>\n\n\n\n<p><strong>FICHA T\u00c9CNICO ART\u00cdSTICA<\/strong><strong><\/strong><\/p>\n\n\n\n<p><strong>Libro:<\/strong> Ra\u00fal L\u00f3pez Rossi y Gustavo Manuel Gonz\u00e1lez<\/p>\n\n\n\n<p><strong>Interpretes:<\/strong> Oscar Lajad &#8211; Lucas Gerson y Antonella Misenti<\/p>\n\n\n\n<p><strong>Producci\u00f3n:<\/strong> Curioso Entertainment y H\u00e9ctor Caballero<\/p>\n\n\n\n<p><strong>Direcci\u00f3n:<\/strong> Natalia del Castillo<\/p>\n\n\n\n<p><strong>Clasificaci\u00f3n:<\/strong> Teatro \u2013 Presencial \u2013 Adultos \u2013 Musical \u2013 Comedia musical<\/p>\n\n\n\n<figure class=\"wp-block-image size-large\"><img loading=\"lazy\" decoding=\"async\" width=\"1024\" height=\"683\" src=\"https:\/\/sergiolapegue.com\/site\/wp-content\/uploads\/2025\/03\/Cuando-Frank-conocio-a-Carlitos-Reestreno-3-1024x683.jpg\" alt=\"\" class=\"wp-image-21789\" srcset=\"https:\/\/sergiolapegue.com\/site\/wp-content\/uploads\/2025\/03\/Cuando-Frank-conocio-a-Carlitos-Reestreno-3-1024x683.jpg 1024w, https:\/\/sergiolapegue.com\/site\/wp-content\/uploads\/2025\/03\/Cuando-Frank-conocio-a-Carlitos-Reestreno-3-300x200.jpg 300w, https:\/\/sergiolapegue.com\/site\/wp-content\/uploads\/2025\/03\/Cuando-Frank-conocio-a-Carlitos-Reestreno-3-768x512.jpg 768w, https:\/\/sergiolapegue.com\/site\/wp-content\/uploads\/2025\/03\/Cuando-Frank-conocio-a-Carlitos-Reestreno-3-1536x1025.jpg 1536w, https:\/\/sergiolapegue.com\/site\/wp-content\/uploads\/2025\/03\/Cuando-Frank-conocio-a-Carlitos-Reestreno-3-630x420.jpg 630w, https:\/\/sergiolapegue.com\/site\/wp-content\/uploads\/2025\/03\/Cuando-Frank-conocio-a-Carlitos-Reestreno-3-696x464.jpg 696w, https:\/\/sergiolapegue.com\/site\/wp-content\/uploads\/2025\/03\/Cuando-Frank-conocio-a-Carlitos-Reestreno-3-1068x712.jpg 1068w, https:\/\/sergiolapegue.com\/site\/wp-content\/uploads\/2025\/03\/Cuando-Frank-conocio-a-Carlitos-Reestreno-3-1920x1281.jpg 1920w, https:\/\/sergiolapegue.com\/site\/wp-content\/uploads\/2025\/03\/Cuando-Frank-conocio-a-Carlitos-Reestreno-3.jpg 2000w\" sizes=\"auto, (max-width: 1024px) 100vw, 1024px\" \/><\/figure>\n\n\n\n<p><strong>TEATRO MULTITABARIS COMAFI <\/strong><strong><\/strong><\/p>\n\n\n\n<p>Av. Corrientes 831 \u2013 Capital Federal \u2013 Buenos Aires \u2013 Argentina<\/p>\n\n\n\n<p>Tel\u00e9fono: 4394-5455<\/p>\n\n\n\n<p>Entradas: $ 33.000 \u2013 en boleter\u00eda del teatro o por Plateanet<\/p>\n\n\n\n<p>Funciones: Mi\u00e9rcoles 20:30 horas<\/p>\n\n\n\n<p>&nbsp;&nbsp;&nbsp;&nbsp; &nbsp;&nbsp;&nbsp;&nbsp; &nbsp;&nbsp;&nbsp;&nbsp;&nbsp;&nbsp;&nbsp;Jueves 20:30 horas<\/p>\n\n\n\n<p>&nbsp;&nbsp;&nbsp; &nbsp;&nbsp;&nbsp;&nbsp;&nbsp;&nbsp;&nbsp;&nbsp;&nbsp;&nbsp;&nbsp;&nbsp;&nbsp;Viernes 20:30 horas<\/p>\n\n\n\n<p>&nbsp; &nbsp;&nbsp;&nbsp;&nbsp;&nbsp;&nbsp;&nbsp;&nbsp;&nbsp;&nbsp;&nbsp;&nbsp;&nbsp;&nbsp;&nbsp;S\u00e1bados 20:00 horas y 22:00 horas<\/p>\n\n\n\n<p>&nbsp;&nbsp;&nbsp;&nbsp;&nbsp;&nbsp;&nbsp;&nbsp;&nbsp;&nbsp;&nbsp;&nbsp;&nbsp;&nbsp;&nbsp;&nbsp;&nbsp;Domingos 20:00 horas<\/p>\n\n\n\n<p>&nbsp;&nbsp;&nbsp;&nbsp;&nbsp;&nbsp;&nbsp;&nbsp;&nbsp;&nbsp;&nbsp;&nbsp;&nbsp;&nbsp;&nbsp;&nbsp; <strong>Estreno:<\/strong> 9 de Abril<\/p>\n\n\n\n<p>Gracias Luciana Varas de Varas Otero por acercarnos la gacetilla de prensa del reestreno de este espect\u00e1culo.<\/p>\n\n\n\n<p><\/p>\n","protected":false},"excerpt":{"rendered":"<p>Continua en cartelera\u00a0&#8220;Cuando Frank conoci\u00f3 a Carlitos&#8221;,\u00a0el aclamado espect\u00e1culo que cautiv\u00f3 a m\u00e1s de 70 mil personas desde su estreno en el 2024. A partir del 9 de abril se presentar\u00e1 en el teatro Multitabaris de mi\u00e9rcoles a domingos. El reestreno de este maravilloso espect\u00e1culo promete seguir emocionando al p\u00fablico con su combinaci\u00f3n \u00fanica de [&hellip;]<\/p>\n","protected":false},"author":3,"featured_media":21790,"comment_status":"open","ping_status":"closed","sticky":false,"template":"","format":"standard","meta":{"footnotes":""},"categories":[34,35],"tags":[],"class_list":{"0":"post-21786","1":"post","2":"type-post","3":"status-publish","4":"format-standard","5":"has-post-thumbnail","7":"category-arte","8":"category-teatro"},"yoast_head":"<!-- This site is optimized with the Yoast SEO plugin v27.5 - https:\/\/yoast.com\/product\/yoast-seo-wordpress\/ -->\n<title>CUANDO FRANK CONOCI\u00d3 A CARLITOS - Sergio Lapegue<\/title>\n<meta name=\"robots\" content=\"index, follow, max-snippet:-1, max-image-preview:large, max-video-preview:-1\" \/>\n<link rel=\"canonical\" href=\"https:\/\/sergiolapegue.com\/site\/2025\/06\/27\/cuando-frank-conocio-a-carlitos-2\/\" \/>\n<meta property=\"og:locale\" content=\"es_ES\" \/>\n<meta property=\"og:type\" content=\"article\" \/>\n<meta property=\"og:title\" content=\"CUANDO FRANK CONOCI\u00d3 A CARLITOS - Sergio Lapegue\" \/>\n<meta property=\"og:description\" content=\"Continua en cartelera\u00a0&#8220;Cuando Frank conoci\u00f3 a Carlitos&#8221;,\u00a0el aclamado espect\u00e1culo que cautiv\u00f3 a m\u00e1s de 70 mil personas desde su estreno en el 2024. A partir del 9 de abril se presentar\u00e1 en el teatro Multitabaris de mi\u00e9rcoles a domingos. El reestreno de este maravilloso espect\u00e1culo promete seguir emocionando al p\u00fablico con su combinaci\u00f3n \u00fanica de [&hellip;]\" \/>\n<meta property=\"og:url\" content=\"https:\/\/sergiolapegue.com\/site\/2025\/06\/27\/cuando-frank-conocio-a-carlitos-2\/\" \/>\n<meta property=\"og:site_name\" content=\"Sergio Lapegue\" \/>\n<meta property=\"article:publisher\" content=\"https:\/\/facebook.com\/sergiolapegue\" \/>\n<meta property=\"article:author\" content=\"https:\/\/facebook.com\/danielernesto.montana\" \/>\n<meta property=\"article:published_time\" content=\"2025-06-27T04:00:00+00:00\" \/>\n<meta property=\"og:image\" content=\"https:\/\/sergiolapegue.com\/site\/wp-content\/uploads\/2025\/03\/Cuando-Frank-conocio-a-Carlitos-Reestreno.png\" \/>\n\t<meta property=\"og:image:width\" content=\"1772\" \/>\n\t<meta property=\"og:image:height\" content=\"842\" \/>\n\t<meta property=\"og:image:type\" content=\"image\/png\" \/>\n<meta name=\"author\" content=\"Daniel E. Monta\u00f1a\" \/>\n<meta name=\"twitter:card\" content=\"summary_large_image\" \/>\n<meta name=\"twitter:creator\" content=\"@https:\/\/twitter.com\/daner_004\" \/>\n<meta name=\"twitter:site\" content=\"@sergiolapegue\" \/>\n<meta name=\"twitter:label1\" content=\"Escrito por\" \/>\n\t<meta name=\"twitter:data1\" content=\"Daniel E. Monta\u00f1a\" \/>\n\t<meta name=\"twitter:label2\" content=\"Tiempo de lectura\" \/>\n\t<meta name=\"twitter:data2\" content=\"3 minutos\" \/>\n<script type=\"application\/ld+json\" class=\"yoast-schema-graph\">{\"@context\":\"https:\\\/\\\/schema.org\",\"@graph\":[{\"@type\":\"Article\",\"@id\":\"https:\\\/\\\/sergiolapegue.com\\\/site\\\/2025\\\/06\\\/27\\\/cuando-frank-conocio-a-carlitos-2\\\/#article\",\"isPartOf\":{\"@id\":\"https:\\\/\\\/sergiolapegue.com\\\/site\\\/2025\\\/06\\\/27\\\/cuando-frank-conocio-a-carlitos-2\\\/\"},\"author\":{\"name\":\"Daniel E. Monta\u00f1a\",\"@id\":\"https:\\\/\\\/sergiolapegue.com\\\/site\\\/#\\\/schema\\\/person\\\/9198e7dbab43c6d74d0fd5399af7c3cd\"},\"headline\":\"CUANDO FRANK CONOCI\u00d3 A CARLITOS\",\"datePublished\":\"2025-06-27T04:00:00+00:00\",\"mainEntityOfPage\":{\"@id\":\"https:\\\/\\\/sergiolapegue.com\\\/site\\\/2025\\\/06\\\/27\\\/cuando-frank-conocio-a-carlitos-2\\\/\"},\"wordCount\":482,\"commentCount\":0,\"publisher\":{\"@id\":\"https:\\\/\\\/sergiolapegue.com\\\/site\\\/#\\\/schema\\\/person\\\/083aeceeb0734cd166779ea6c0551a37\"},\"image\":{\"@id\":\"https:\\\/\\\/sergiolapegue.com\\\/site\\\/2025\\\/06\\\/27\\\/cuando-frank-conocio-a-carlitos-2\\\/#primaryimage\"},\"thumbnailUrl\":\"https:\\\/\\\/sergiolapegue.com\\\/site\\\/wp-content\\\/uploads\\\/2025\\\/03\\\/Cuando-Frank-conocio-a-Carlitos-Reestreno.png\",\"articleSection\":[\"Arte\",\"Teatro\"],\"inLanguage\":\"es-AR\",\"potentialAction\":[{\"@type\":\"CommentAction\",\"name\":\"Comment\",\"target\":[\"https:\\\/\\\/sergiolapegue.com\\\/site\\\/2025\\\/06\\\/27\\\/cuando-frank-conocio-a-carlitos-2\\\/#respond\"]}]},{\"@type\":\"WebPage\",\"@id\":\"https:\\\/\\\/sergiolapegue.com\\\/site\\\/2025\\\/06\\\/27\\\/cuando-frank-conocio-a-carlitos-2\\\/\",\"url\":\"https:\\\/\\\/sergiolapegue.com\\\/site\\\/2025\\\/06\\\/27\\\/cuando-frank-conocio-a-carlitos-2\\\/\",\"name\":\"CUANDO FRANK CONOCI\u00d3 A CARLITOS - Sergio Lapegue\",\"isPartOf\":{\"@id\":\"https:\\\/\\\/sergiolapegue.com\\\/site\\\/#website\"},\"primaryImageOfPage\":{\"@id\":\"https:\\\/\\\/sergiolapegue.com\\\/site\\\/2025\\\/06\\\/27\\\/cuando-frank-conocio-a-carlitos-2\\\/#primaryimage\"},\"image\":{\"@id\":\"https:\\\/\\\/sergiolapegue.com\\\/site\\\/2025\\\/06\\\/27\\\/cuando-frank-conocio-a-carlitos-2\\\/#primaryimage\"},\"thumbnailUrl\":\"https:\\\/\\\/sergiolapegue.com\\\/site\\\/wp-content\\\/uploads\\\/2025\\\/03\\\/Cuando-Frank-conocio-a-Carlitos-Reestreno.png\",\"datePublished\":\"2025-06-27T04:00:00+00:00\",\"breadcrumb\":{\"@id\":\"https:\\\/\\\/sergiolapegue.com\\\/site\\\/2025\\\/06\\\/27\\\/cuando-frank-conocio-a-carlitos-2\\\/#breadcrumb\"},\"inLanguage\":\"es-AR\",\"potentialAction\":[{\"@type\":\"ReadAction\",\"target\":[\"https:\\\/\\\/sergiolapegue.com\\\/site\\\/2025\\\/06\\\/27\\\/cuando-frank-conocio-a-carlitos-2\\\/\"]}]},{\"@type\":\"ImageObject\",\"inLanguage\":\"es-AR\",\"@id\":\"https:\\\/\\\/sergiolapegue.com\\\/site\\\/2025\\\/06\\\/27\\\/cuando-frank-conocio-a-carlitos-2\\\/#primaryimage\",\"url\":\"https:\\\/\\\/sergiolapegue.com\\\/site\\\/wp-content\\\/uploads\\\/2025\\\/03\\\/Cuando-Frank-conocio-a-Carlitos-Reestreno.png\",\"contentUrl\":\"https:\\\/\\\/sergiolapegue.com\\\/site\\\/wp-content\\\/uploads\\\/2025\\\/03\\\/Cuando-Frank-conocio-a-Carlitos-Reestreno.png\",\"width\":1772,\"height\":842},{\"@type\":\"BreadcrumbList\",\"@id\":\"https:\\\/\\\/sergiolapegue.com\\\/site\\\/2025\\\/06\\\/27\\\/cuando-frank-conocio-a-carlitos-2\\\/#breadcrumb\",\"itemListElement\":[{\"@type\":\"ListItem\",\"position\":1,\"name\":\"Inicio\",\"item\":\"https:\\\/\\\/sergiolapegue.com\\\/site\\\/\"},{\"@type\":\"ListItem\",\"position\":2,\"name\":\"CUANDO FRANK CONOCI\u00d3 A CARLITOS\"}]},{\"@type\":\"WebSite\",\"@id\":\"https:\\\/\\\/sergiolapegue.com\\\/site\\\/#website\",\"url\":\"https:\\\/\\\/sergiolapegue.com\\\/site\\\/\",\"name\":\"Sergio Lapegue\",\"description\":\"Periodista\",\"publisher\":{\"@id\":\"https:\\\/\\\/sergiolapegue.com\\\/site\\\/#\\\/schema\\\/person\\\/083aeceeb0734cd166779ea6c0551a37\"},\"potentialAction\":[{\"@type\":\"SearchAction\",\"target\":{\"@type\":\"EntryPoint\",\"urlTemplate\":\"https:\\\/\\\/sergiolapegue.com\\\/site\\\/?s={search_term_string}\"},\"query-input\":{\"@type\":\"PropertyValueSpecification\",\"valueRequired\":true,\"valueName\":\"search_term_string\"}}],\"inLanguage\":\"es-AR\"},{\"@type\":[\"Person\",\"Organization\"],\"@id\":\"https:\\\/\\\/sergiolapegue.com\\\/site\\\/#\\\/schema\\\/person\\\/083aeceeb0734cd166779ea6c0551a37\",\"name\":\"Sergio Lapegue\",\"image\":{\"@type\":\"ImageObject\",\"inLanguage\":\"es-AR\",\"@id\":\"https:\\\/\\\/sergiolapegue.com\\\/site\\\/wp-content\\\/uploads\\\/2021\\\/04\\\/logo_header-1.png\",\"url\":\"https:\\\/\\\/sergiolapegue.com\\\/site\\\/wp-content\\\/uploads\\\/2021\\\/04\\\/logo_header-1.png\",\"contentUrl\":\"https:\\\/\\\/sergiolapegue.com\\\/site\\\/wp-content\\\/uploads\\\/2021\\\/04\\\/logo_header-1.png\",\"width\":272,\"height\":90,\"caption\":\"Sergio Lapegue\"},\"logo\":{\"@id\":\"https:\\\/\\\/sergiolapegue.com\\\/site\\\/wp-content\\\/uploads\\\/2021\\\/04\\\/logo_header-1.png\"},\"sameAs\":[\"https:\\\/\\\/facebook.com\\\/sergiolapegue\",\"https:\\\/\\\/instagram.com\\\/sergiolapegue\",\"https:\\\/\\\/x.com\\\/https:\\\/\\\/twitter.com\\\/sergiolapegue\"]},{\"@type\":\"Person\",\"@id\":\"https:\\\/\\\/sergiolapegue.com\\\/site\\\/#\\\/schema\\\/person\\\/9198e7dbab43c6d74d0fd5399af7c3cd\",\"name\":\"Daniel E. Monta\u00f1a\",\"image\":{\"@type\":\"ImageObject\",\"inLanguage\":\"es-AR\",\"@id\":\"https:\\\/\\\/sergiolapegue.com\\\/site\\\/wp-content\\\/uploads\\\/2021\\\/04\\\/sl_avatar_Daniel-150x150.jpg\",\"url\":\"https:\\\/\\\/sergiolapegue.com\\\/site\\\/wp-content\\\/uploads\\\/2021\\\/04\\\/sl_avatar_Daniel-150x150.jpg\",\"contentUrl\":\"https:\\\/\\\/sergiolapegue.com\\\/site\\\/wp-content\\\/uploads\\\/2021\\\/04\\\/sl_avatar_Daniel-150x150.jpg\",\"caption\":\"Daniel E. Monta\u00f1a\"},\"sameAs\":[\"https:\\\/\\\/facebook.com\\\/danielernesto.montana\",\"https:\\\/\\\/instagram.com\\\/daniel_montana1961\",\"https:\\\/\\\/x.com\\\/https:\\\/\\\/twitter.com\\\/daner_004\"],\"url\":\"https:\\\/\\\/sergiolapegue.com\\\/site\\\/author\\\/daniel\\\/\"}]}<\/script>\n<!-- \/ Yoast SEO plugin. -->","yoast_head_json":{"title":"CUANDO FRANK CONOCI\u00d3 A CARLITOS - Sergio Lapegue","robots":{"index":"index","follow":"follow","max-snippet":"max-snippet:-1","max-image-preview":"max-image-preview:large","max-video-preview":"max-video-preview:-1"},"canonical":"https:\/\/sergiolapegue.com\/site\/2025\/06\/27\/cuando-frank-conocio-a-carlitos-2\/","og_locale":"es_ES","og_type":"article","og_title":"CUANDO FRANK CONOCI\u00d3 A CARLITOS - Sergio Lapegue","og_description":"Continua en cartelera\u00a0&#8220;Cuando Frank conoci\u00f3 a Carlitos&#8221;,\u00a0el aclamado espect\u00e1culo que cautiv\u00f3 a m\u00e1s de 70 mil personas desde su estreno en el 2024. A partir del 9 de abril se presentar\u00e1 en el teatro Multitabaris de mi\u00e9rcoles a domingos. El reestreno de este maravilloso espect\u00e1culo promete seguir emocionando al p\u00fablico con su combinaci\u00f3n \u00fanica de [&hellip;]","og_url":"https:\/\/sergiolapegue.com\/site\/2025\/06\/27\/cuando-frank-conocio-a-carlitos-2\/","og_site_name":"Sergio Lapegue","article_publisher":"https:\/\/facebook.com\/sergiolapegue","article_author":"https:\/\/facebook.com\/danielernesto.montana","article_published_time":"2025-06-27T04:00:00+00:00","og_image":[{"width":1772,"height":842,"url":"https:\/\/sergiolapegue.com\/site\/wp-content\/uploads\/2025\/03\/Cuando-Frank-conocio-a-Carlitos-Reestreno.png","type":"image\/png"}],"author":"Daniel E. Monta\u00f1a","twitter_card":"summary_large_image","twitter_creator":"@https:\/\/twitter.com\/daner_004","twitter_site":"@sergiolapegue","twitter_misc":{"Escrito por":"Daniel E. Monta\u00f1a","Tiempo de lectura":"3 minutos"},"schema":{"@context":"https:\/\/schema.org","@graph":[{"@type":"Article","@id":"https:\/\/sergiolapegue.com\/site\/2025\/06\/27\/cuando-frank-conocio-a-carlitos-2\/#article","isPartOf":{"@id":"https:\/\/sergiolapegue.com\/site\/2025\/06\/27\/cuando-frank-conocio-a-carlitos-2\/"},"author":{"name":"Daniel E. Monta\u00f1a","@id":"https:\/\/sergiolapegue.com\/site\/#\/schema\/person\/9198e7dbab43c6d74d0fd5399af7c3cd"},"headline":"CUANDO FRANK CONOCI\u00d3 A CARLITOS","datePublished":"2025-06-27T04:00:00+00:00","mainEntityOfPage":{"@id":"https:\/\/sergiolapegue.com\/site\/2025\/06\/27\/cuando-frank-conocio-a-carlitos-2\/"},"wordCount":482,"commentCount":0,"publisher":{"@id":"https:\/\/sergiolapegue.com\/site\/#\/schema\/person\/083aeceeb0734cd166779ea6c0551a37"},"image":{"@id":"https:\/\/sergiolapegue.com\/site\/2025\/06\/27\/cuando-frank-conocio-a-carlitos-2\/#primaryimage"},"thumbnailUrl":"https:\/\/sergiolapegue.com\/site\/wp-content\/uploads\/2025\/03\/Cuando-Frank-conocio-a-Carlitos-Reestreno.png","articleSection":["Arte","Teatro"],"inLanguage":"es-AR","potentialAction":[{"@type":"CommentAction","name":"Comment","target":["https:\/\/sergiolapegue.com\/site\/2025\/06\/27\/cuando-frank-conocio-a-carlitos-2\/#respond"]}]},{"@type":"WebPage","@id":"https:\/\/sergiolapegue.com\/site\/2025\/06\/27\/cuando-frank-conocio-a-carlitos-2\/","url":"https:\/\/sergiolapegue.com\/site\/2025\/06\/27\/cuando-frank-conocio-a-carlitos-2\/","name":"CUANDO FRANK CONOCI\u00d3 A CARLITOS - Sergio Lapegue","isPartOf":{"@id":"https:\/\/sergiolapegue.com\/site\/#website"},"primaryImageOfPage":{"@id":"https:\/\/sergiolapegue.com\/site\/2025\/06\/27\/cuando-frank-conocio-a-carlitos-2\/#primaryimage"},"image":{"@id":"https:\/\/sergiolapegue.com\/site\/2025\/06\/27\/cuando-frank-conocio-a-carlitos-2\/#primaryimage"},"thumbnailUrl":"https:\/\/sergiolapegue.com\/site\/wp-content\/uploads\/2025\/03\/Cuando-Frank-conocio-a-Carlitos-Reestreno.png","datePublished":"2025-06-27T04:00:00+00:00","breadcrumb":{"@id":"https:\/\/sergiolapegue.com\/site\/2025\/06\/27\/cuando-frank-conocio-a-carlitos-2\/#breadcrumb"},"inLanguage":"es-AR","potentialAction":[{"@type":"ReadAction","target":["https:\/\/sergiolapegue.com\/site\/2025\/06\/27\/cuando-frank-conocio-a-carlitos-2\/"]}]},{"@type":"ImageObject","inLanguage":"es-AR","@id":"https:\/\/sergiolapegue.com\/site\/2025\/06\/27\/cuando-frank-conocio-a-carlitos-2\/#primaryimage","url":"https:\/\/sergiolapegue.com\/site\/wp-content\/uploads\/2025\/03\/Cuando-Frank-conocio-a-Carlitos-Reestreno.png","contentUrl":"https:\/\/sergiolapegue.com\/site\/wp-content\/uploads\/2025\/03\/Cuando-Frank-conocio-a-Carlitos-Reestreno.png","width":1772,"height":842},{"@type":"BreadcrumbList","@id":"https:\/\/sergiolapegue.com\/site\/2025\/06\/27\/cuando-frank-conocio-a-carlitos-2\/#breadcrumb","itemListElement":[{"@type":"ListItem","position":1,"name":"Inicio","item":"https:\/\/sergiolapegue.com\/site\/"},{"@type":"ListItem","position":2,"name":"CUANDO FRANK CONOCI\u00d3 A CARLITOS"}]},{"@type":"WebSite","@id":"https:\/\/sergiolapegue.com\/site\/#website","url":"https:\/\/sergiolapegue.com\/site\/","name":"Sergio Lapegue","description":"Periodista","publisher":{"@id":"https:\/\/sergiolapegue.com\/site\/#\/schema\/person\/083aeceeb0734cd166779ea6c0551a37"},"potentialAction":[{"@type":"SearchAction","target":{"@type":"EntryPoint","urlTemplate":"https:\/\/sergiolapegue.com\/site\/?s={search_term_string}"},"query-input":{"@type":"PropertyValueSpecification","valueRequired":true,"valueName":"search_term_string"}}],"inLanguage":"es-AR"},{"@type":["Person","Organization"],"@id":"https:\/\/sergiolapegue.com\/site\/#\/schema\/person\/083aeceeb0734cd166779ea6c0551a37","name":"Sergio Lapegue","image":{"@type":"ImageObject","inLanguage":"es-AR","@id":"https:\/\/sergiolapegue.com\/site\/wp-content\/uploads\/2021\/04\/logo_header-1.png","url":"https:\/\/sergiolapegue.com\/site\/wp-content\/uploads\/2021\/04\/logo_header-1.png","contentUrl":"https:\/\/sergiolapegue.com\/site\/wp-content\/uploads\/2021\/04\/logo_header-1.png","width":272,"height":90,"caption":"Sergio Lapegue"},"logo":{"@id":"https:\/\/sergiolapegue.com\/site\/wp-content\/uploads\/2021\/04\/logo_header-1.png"},"sameAs":["https:\/\/facebook.com\/sergiolapegue","https:\/\/instagram.com\/sergiolapegue","https:\/\/x.com\/https:\/\/twitter.com\/sergiolapegue"]},{"@type":"Person","@id":"https:\/\/sergiolapegue.com\/site\/#\/schema\/person\/9198e7dbab43c6d74d0fd5399af7c3cd","name":"Daniel E. Monta\u00f1a","image":{"@type":"ImageObject","inLanguage":"es-AR","@id":"https:\/\/sergiolapegue.com\/site\/wp-content\/uploads\/2021\/04\/sl_avatar_Daniel-150x150.jpg","url":"https:\/\/sergiolapegue.com\/site\/wp-content\/uploads\/2021\/04\/sl_avatar_Daniel-150x150.jpg","contentUrl":"https:\/\/sergiolapegue.com\/site\/wp-content\/uploads\/2021\/04\/sl_avatar_Daniel-150x150.jpg","caption":"Daniel E. Monta\u00f1a"},"sameAs":["https:\/\/facebook.com\/danielernesto.montana","https:\/\/instagram.com\/daniel_montana1961","https:\/\/x.com\/https:\/\/twitter.com\/daner_004"],"url":"https:\/\/sergiolapegue.com\/site\/author\/daniel\/"}]}},"_links":{"self":[{"href":"https:\/\/sergiolapegue.com\/site\/wp-json\/wp\/v2\/posts\/21786","targetHints":{"allow":["GET"]}}],"collection":[{"href":"https:\/\/sergiolapegue.com\/site\/wp-json\/wp\/v2\/posts"}],"about":[{"href":"https:\/\/sergiolapegue.com\/site\/wp-json\/wp\/v2\/types\/post"}],"author":[{"embeddable":true,"href":"https:\/\/sergiolapegue.com\/site\/wp-json\/wp\/v2\/users\/3"}],"replies":[{"embeddable":true,"href":"https:\/\/sergiolapegue.com\/site\/wp-json\/wp\/v2\/comments?post=21786"}],"version-history":[{"count":2,"href":"https:\/\/sergiolapegue.com\/site\/wp-json\/wp\/v2\/posts\/21786\/revisions"}],"predecessor-version":[{"id":23644,"href":"https:\/\/sergiolapegue.com\/site\/wp-json\/wp\/v2\/posts\/21786\/revisions\/23644"}],"wp:featuredmedia":[{"embeddable":true,"href":"https:\/\/sergiolapegue.com\/site\/wp-json\/wp\/v2\/media\/21790"}],"wp:attachment":[{"href":"https:\/\/sergiolapegue.com\/site\/wp-json\/wp\/v2\/media?parent=21786"}],"wp:term":[{"taxonomy":"category","embeddable":true,"href":"https:\/\/sergiolapegue.com\/site\/wp-json\/wp\/v2\/categories?post=21786"},{"taxonomy":"post_tag","embeddable":true,"href":"https:\/\/sergiolapegue.com\/site\/wp-json\/wp\/v2\/tags?post=21786"}],"curies":[{"name":"wp","href":"https:\/\/api.w.org\/{rel}","templated":true}]}}