{"id":21771,"date":"2025-03-29T01:00:00","date_gmt":"2025-03-29T04:00:00","guid":{"rendered":"https:\/\/sergiolapegue.com\/site\/?p=21771"},"modified":"2025-03-28T03:20:34","modified_gmt":"2025-03-28T06:20:34","slug":"el-cazador-y-el-buen-nazi","status":"publish","type":"post","link":"https:\/\/sergiolapegue.com\/site\/2025\/03\/29\/el-cazador-y-el-buen-nazi\/","title":{"rendered":"\u201cEL CAZADOR Y EL BUEN NAZI\u201d"},"content":{"rendered":"\n<p>Llega la cuarta temporada de \u201cEl cazador y el buen nazi\u201d, de Mario Diament, con direcci\u00f3n de Daniel Marcove y las actuaciones de dos grandes actores Jean Pierre Noher y Ernesto Claudio.<\/p>\n\n\n\n<p>Las funciones ser\u00e1n los d\u00edas 7, 14 y 21 de abril a las 20:30 horas en el Teatro El Tinglado.<\/p>\n\n\n\n<figure class=\"wp-block-image size-large\"><img loading=\"lazy\" decoding=\"async\" width=\"1024\" height=\"683\" src=\"https:\/\/sergiolapegue.com\/site\/wp-content\/uploads\/2025\/03\/El-cazador-y-el-buen-nazi-1-1024x683.jpg\" alt=\"\" class=\"wp-image-21772\" srcset=\"https:\/\/sergiolapegue.com\/site\/wp-content\/uploads\/2025\/03\/El-cazador-y-el-buen-nazi-1-1024x683.jpg 1024w, https:\/\/sergiolapegue.com\/site\/wp-content\/uploads\/2025\/03\/El-cazador-y-el-buen-nazi-1-300x200.jpg 300w, https:\/\/sergiolapegue.com\/site\/wp-content\/uploads\/2025\/03\/El-cazador-y-el-buen-nazi-1-768x512.jpg 768w, https:\/\/sergiolapegue.com\/site\/wp-content\/uploads\/2025\/03\/El-cazador-y-el-buen-nazi-1-1536x1024.jpg 1536w, https:\/\/sergiolapegue.com\/site\/wp-content\/uploads\/2025\/03\/El-cazador-y-el-buen-nazi-1-2048x1365.jpg 2048w, https:\/\/sergiolapegue.com\/site\/wp-content\/uploads\/2025\/03\/El-cazador-y-el-buen-nazi-1-630x420.jpg 630w, https:\/\/sergiolapegue.com\/site\/wp-content\/uploads\/2025\/03\/El-cazador-y-el-buen-nazi-1-696x464.jpg 696w, https:\/\/sergiolapegue.com\/site\/wp-content\/uploads\/2025\/03\/El-cazador-y-el-buen-nazi-1-1068x712.jpg 1068w, https:\/\/sergiolapegue.com\/site\/wp-content\/uploads\/2025\/03\/El-cazador-y-el-buen-nazi-1-1920x1280.jpg 1920w\" sizes=\"auto, (max-width: 1024px) 100vw, 1024px\" \/><\/figure>\n\n\n\n<p><strong>SINOPSIS<\/strong><\/p>\n\n\n\n<p>Un d\u00eda de mayo de 1975, el famoso cazador de nazis Sim\u00f3n Wiesenthal recibi\u00f3 una inesperada visita en su oficina del Centro de Documentaci\u00f3n de Viena. Su visitante era nada menos que Albert Speer, el exarquitecto y ministro de Armamentos de Hitler. \u00bfCu\u00e1l era el motivo de este encuentro? \u00bfDe qu\u00e9 hablaron? \u00bfQu\u00e9 se dijeron? \u00bfQu\u00e9 di\u00e1logo era posible entre un victimario y una v\u00edctima del Holocausto?<\/p>\n\n\n\n<p>En&nbsp;&#8220;El cazador y el buen nazi&#8221;, Mario Diament se vale de abundante documentaci\u00f3n para dramatizar este extraordinario encuentro. Dos notables actores, Jean-Pierre Noher y Ernesto Claudio dan vida a los personajes bajo la direcci\u00f3n de Daniel Marcove.<\/p>\n\n\n\n<p>Una lecci\u00f3n sobre la complicidad, la responsabilidad y la justicia cuyas implicancias adquieren un especial significado en estos d\u00edas.<\/p>\n\n\n\n<figure class=\"wp-block-image size-large\"><img loading=\"lazy\" decoding=\"async\" width=\"1024\" height=\"768\" src=\"https:\/\/sergiolapegue.com\/site\/wp-content\/uploads\/2025\/03\/El-cazador-y-el-buen-nazi-2-1024x768.jpg\" alt=\"\" class=\"wp-image-21773\" srcset=\"https:\/\/sergiolapegue.com\/site\/wp-content\/uploads\/2025\/03\/El-cazador-y-el-buen-nazi-2-1024x768.jpg 1024w, https:\/\/sergiolapegue.com\/site\/wp-content\/uploads\/2025\/03\/El-cazador-y-el-buen-nazi-2-300x225.jpg 300w, https:\/\/sergiolapegue.com\/site\/wp-content\/uploads\/2025\/03\/El-cazador-y-el-buen-nazi-2-768x576.jpg 768w, https:\/\/sergiolapegue.com\/site\/wp-content\/uploads\/2025\/03\/El-cazador-y-el-buen-nazi-2-1536x1152.jpg 1536w, https:\/\/sergiolapegue.com\/site\/wp-content\/uploads\/2025\/03\/El-cazador-y-el-buen-nazi-2-2048x1536.jpg 2048w, https:\/\/sergiolapegue.com\/site\/wp-content\/uploads\/2025\/03\/El-cazador-y-el-buen-nazi-2-560x420.jpg 560w, https:\/\/sergiolapegue.com\/site\/wp-content\/uploads\/2025\/03\/El-cazador-y-el-buen-nazi-2-80x60.jpg 80w, https:\/\/sergiolapegue.com\/site\/wp-content\/uploads\/2025\/03\/El-cazador-y-el-buen-nazi-2-696x522.jpg 696w, https:\/\/sergiolapegue.com\/site\/wp-content\/uploads\/2025\/03\/El-cazador-y-el-buen-nazi-2-1068x801.jpg 1068w, https:\/\/sergiolapegue.com\/site\/wp-content\/uploads\/2025\/03\/El-cazador-y-el-buen-nazi-2-1920x1440.jpg 1920w\" sizes=\"auto, (max-width: 1024px) 100vw, 1024px\" \/><\/figure>\n\n\n\n<p><strong>FICHA T\u00c9CNICO ART\u00cdSTICA<\/strong><\/p>\n\n\n\n<p><strong>Autor:<\/strong>&nbsp;Mario Diament<\/p>\n\n\n\n<p><strong>Act\u00faan:<\/strong>&nbsp;Jean Pierre Noher y Ernesto Claudio<\/p>\n\n\n\n<p><strong>Voz secretaria:<\/strong>&nbsp;Gabriela Licht<\/p>\n\n\n\n<p><strong>Dise\u00f1o vestuario:<\/strong>&nbsp;Daniela Taiana<\/p>\n\n\n\n<p><strong>Dise\u00f1o escenograf\u00eda:<\/strong>&nbsp;H\u00e9ctor Calmet<\/p>\n\n\n\n<p><strong>Dise\u00f1o iluminaci\u00f3n:<\/strong>&nbsp;Miguel Morales<\/p>\n\n\n\n<p><strong>Musicalizaci\u00f3n:<\/strong>&nbsp;Jean Pierre Noher<\/p>\n\n\n\n<p><strong>Realizaci\u00f3n escenograf\u00eda:<\/strong>&nbsp;Paula Molina<\/p>\n\n\n\n<p><strong>Realizaci\u00f3n vestuario:<\/strong>&nbsp;Volodymyr Hlavadskyy<\/p>\n\n\n\n<p><strong>Fotograf\u00eda:<\/strong>&nbsp;Gianni Mestichelli<\/p>\n\n\n\n<p><strong>Dise\u00f1o gr\u00e1fico:<\/strong>&nbsp;Nahuel Lamoglia<\/p>\n\n\n\n<p><strong>Comunicaci\u00f3n y prensa:<\/strong>&nbsp;Mutuverr\u00eda PR<\/p>\n\n\n\n<p><strong>Asistente de direcci\u00f3n:<\/strong>&nbsp;Christian de Miguel<\/p>\n\n\n\n<p><strong>Producci\u00f3n ejecutiva:<\/strong>&nbsp;Mauro J. P\u00e9rez, Alberto Teper<\/p>\n\n\n\n<p><strong>Direcci\u00f3n:<\/strong>&nbsp;Daniel Marcove<\/p>\n\n\n\n<figure class=\"wp-block-image size-large\"><img loading=\"lazy\" decoding=\"async\" width=\"1024\" height=\"576\" src=\"https:\/\/sergiolapegue.com\/site\/wp-content\/uploads\/2025\/03\/El-cazador-y-el-buen-nazi-3-1024x576.jpg\" alt=\"\" class=\"wp-image-21774\" srcset=\"https:\/\/sergiolapegue.com\/site\/wp-content\/uploads\/2025\/03\/El-cazador-y-el-buen-nazi-3-1024x576.jpg 1024w, https:\/\/sergiolapegue.com\/site\/wp-content\/uploads\/2025\/03\/El-cazador-y-el-buen-nazi-3-300x169.jpg 300w, https:\/\/sergiolapegue.com\/site\/wp-content\/uploads\/2025\/03\/El-cazador-y-el-buen-nazi-3-768x432.jpg 768w, https:\/\/sergiolapegue.com\/site\/wp-content\/uploads\/2025\/03\/El-cazador-y-el-buen-nazi-3-1536x864.jpg 1536w, https:\/\/sergiolapegue.com\/site\/wp-content\/uploads\/2025\/03\/El-cazador-y-el-buen-nazi-3-2048x1152.jpg 2048w, https:\/\/sergiolapegue.com\/site\/wp-content\/uploads\/2025\/03\/El-cazador-y-el-buen-nazi-3-747x420.jpg 747w, https:\/\/sergiolapegue.com\/site\/wp-content\/uploads\/2025\/03\/El-cazador-y-el-buen-nazi-3-696x391.jpg 696w, https:\/\/sergiolapegue.com\/site\/wp-content\/uploads\/2025\/03\/El-cazador-y-el-buen-nazi-3-1068x601.jpg 1068w, https:\/\/sergiolapegue.com\/site\/wp-content\/uploads\/2025\/03\/El-cazador-y-el-buen-nazi-3-1920x1080.jpg 1920w\" sizes=\"auto, (max-width: 1024px) 100vw, 1024px\" \/><\/figure>\n\n\n\n<p><strong>TEATRO EL TINGLADO<\/strong><\/p>\n\n\n\n<p>Mario Bravo 948 \u2013 Capital Federal \u2013 Buenos Aires \u2013 Argentina<\/p>\n\n\n\n<p>Tel\u00e9fono: 4863-1188<\/p>\n\n\n\n<p>Web: <a href=\"http:\/\/www.teatroeltinglado.com.ar\">http:\/\/www.teatroeltinglado.com.ar<\/a><\/p>\n\n\n\n<p>Entradas: $ 25.000 \u2013 en boleter\u00eda del teatro o por <a href=\"https:\/\/lt.mydplr.com\/2281104d9a88ea5fc0a30636509c7cdc-dd7d42da5e81f2eaf3e1c63c2fecd0cb\" target=\"_blank\" rel=\"noreferrer noopener\">Alternativa Teatral<\/a><\/p>\n\n\n\n<p>Funciones: Lunes 20:30 horas \u2013 Del 07\/04\/2025 al 21\/04\/2025<\/p>\n\n\n\n<p>Gracias Mutuverr\u00eda PR por hacernos llegar la gacetilla de prensa de este espect\u00e1culo.<\/p>\n\n\n\n<p><strong>SOBRE EL AUTOR<\/strong><\/p>\n\n\n\n<figure class=\"wp-block-image size-full is-resized\"><img loading=\"lazy\" decoding=\"async\" width=\"424\" height=\"424\" src=\"https:\/\/sergiolapegue.com\/site\/wp-content\/uploads\/2025\/03\/El-cazador-y-el-buen-nazi-Mario-Diament.jpg\" alt=\"\" class=\"wp-image-21775\" style=\"width:333px;height:auto\" srcset=\"https:\/\/sergiolapegue.com\/site\/wp-content\/uploads\/2025\/03\/El-cazador-y-el-buen-nazi-Mario-Diament.jpg 424w, https:\/\/sergiolapegue.com\/site\/wp-content\/uploads\/2025\/03\/El-cazador-y-el-buen-nazi-Mario-Diament-300x300.jpg 300w, https:\/\/sergiolapegue.com\/site\/wp-content\/uploads\/2025\/03\/El-cazador-y-el-buen-nazi-Mario-Diament-150x150.jpg 150w, https:\/\/sergiolapegue.com\/site\/wp-content\/uploads\/2025\/03\/El-cazador-y-el-buen-nazi-Mario-Diament-420x420.jpg 420w\" sizes=\"auto, (max-width: 424px) 100vw, 424px\" \/><\/figure>\n\n\n\n<p><strong>Mario Diament&nbsp;<\/strong>naci\u00f3 en Buenos Aires, en 1942. Es autor de m\u00e1s de veinte obras, adem\u00e1s de guiones de cine y televisi\u00f3n, que le han valido premios nacionales e internacionales. Sus obras se han presentado en m\u00e1s de veinte pa\u00edses en cinco continentes. En su producci\u00f3n se destacan \u201cCr\u00f3nica de un secuestro\u201d, \u201cEl Invitado\u201d, \u201cTango perdido\u201d, \u201cEsquirlas\u201d, \u201cEl libro de Ruth\u201d, \u201cCita a ciegas\u201d, &#8220;Un informe sobre la banalidad del amor&#8221;, &#8220;Por amor a Lou&#8221;, &#8220;Tierra del fuego&#8221;, &#8220;Guayaquil: una historia de amor&#8221;, \u201cFranz y Albert\u201d, \u201cPeque\u00f1as infidelidades\u201d, \u201cMosc\u00fa\u201d, \u201cLos amantes de la Casa Azul\u201d y \u201cEl Fixer\u201d. Diament es autor de la novela &#8220;Mart\u00edn Eid\u00e1n&#8221; y de trabajos de no ficci\u00f3n como &#8220;Conversaciones con un jud\u00edo&#8221; y &#8220;El hermano mayor &#8211; Cr\u00f3nicas norteamericanas&#8221;. En su extensa carrera period\u00edstica, fue director de El Cronista, jefe de redacci\u00f3n de La Opini\u00f3n y secretario de redacci\u00f3n de Clar\u00edn, adem\u00e1s de corresponsal en los Estados Unidos, Europa y el Medio Oriente. Como docente fue director del M\u00e1ster de Periodismo en Espa\u00f1ol de la Universidad Internacional de la Florida. Actualmente vive en Miami.<\/p>\n\n\n\n<p><strong>SOBRE EL DIRECTOR<\/strong><\/p>\n\n\n\n<figure class=\"wp-block-image size-full is-resized\"><img loading=\"lazy\" decoding=\"async\" width=\"921\" height=\"921\" src=\"https:\/\/sergiolapegue.com\/site\/wp-content\/uploads\/2025\/03\/El-cazador-y-el-buen-nazi-Daniel-Marcove.jpg\" alt=\"\" class=\"wp-image-21776\" style=\"width:336px;height:auto\" srcset=\"https:\/\/sergiolapegue.com\/site\/wp-content\/uploads\/2025\/03\/El-cazador-y-el-buen-nazi-Daniel-Marcove.jpg 921w, https:\/\/sergiolapegue.com\/site\/wp-content\/uploads\/2025\/03\/El-cazador-y-el-buen-nazi-Daniel-Marcove-300x300.jpg 300w, https:\/\/sergiolapegue.com\/site\/wp-content\/uploads\/2025\/03\/El-cazador-y-el-buen-nazi-Daniel-Marcove-150x150.jpg 150w, https:\/\/sergiolapegue.com\/site\/wp-content\/uploads\/2025\/03\/El-cazador-y-el-buen-nazi-Daniel-Marcove-768x768.jpg 768w, https:\/\/sergiolapegue.com\/site\/wp-content\/uploads\/2025\/03\/El-cazador-y-el-buen-nazi-Daniel-Marcove-420x420.jpg 420w, https:\/\/sergiolapegue.com\/site\/wp-content\/uploads\/2025\/03\/El-cazador-y-el-buen-nazi-Daniel-Marcove-696x696.jpg 696w\" sizes=\"auto, (max-width: 921px) 100vw, 921px\" \/><\/figure>\n\n\n\n<p>Como director&nbsp;<strong>Daniel Marcove<\/strong>&nbsp;ha estrenado obras de autores como C. Gorostiza, R. Cossa, P. O&#8217;Donnell, M. Diament, R. Talesnik, P. Zangaro, B. Mosquera, B. Carey, J. Langsner, S.G. Posse, L. Laragione, S.T. Molina, S. Poujol, A. Bauab, M. Cossa, R. Halac, C. Cernadas Lamadrid, R. Perinelli, E. Rovner, entre otros. Y en t\u00edtulos como &#8220;El saludador&#8221;, &#8220;Viejos conocidos&#8221;, &#8220;El puente&#8221;, &#8220;Auto de fe&#8230;Entre bambalinas&#8221;, &#8220;Bar Ada&#8221;, &#8220;Tenesy&#8221;, &#8220;El sable&#8221;, &#8220;Vincent&#8221;, &#8220;Tierra del Fuego&#8221;, &#8220;Franz y Albert&#8221;, &#8220;Correas, la voluntad de vivir&#8221;, &#8220;Coronado de gloria&#8221;, &#8220;La herencia&#8221;, &#8220;Mosc\u00fa&#8221;, &#8220;A la izquierda del roble&#8221;, &#8220;Izrafel&#8221;, entre otros. Como actor ha sido dirigido por directores como H. Crilla, A. Alezzo, J. Kogan, R. Villanueva, O. Fessler, O. Grasso, J. Baccaro, M. Iedbavni, O. Bonet, B. Mattar, J.M. Paolantonio, J. Ordano, V. Mayol, D. Amittin, entre otros, en t\u00edtulos como &#8220;Despertar de Primavera&#8221;, &#8220;Recordando con ira&#8221;, &#8220;Fuenteovejuna&#8221;, &#8220;Stefano&#8221;, &#8220;La muerte de un viajante&#8221;, &#8220;Arriba coraz\u00f3n!&#8221;, &#8220;Tartufo&#8221;, &#8220;Volvi\u00f3 una noche&#8221;, &#8220;A\u00f1os dif\u00edciles&#8221;, entre otros.<\/p>\n\n\n\n<p>Ha recibido los siguientes premios: Premio Nacional Pepino 88, Mar\u00eda Guerrero, ACE, Florencio S\u00e1nchez, Luisa Vehil, Le\u00f3nidas Barletta, Florencio (Uruguay), ACE y HOLA (N. York, USA). Ha realizado giras por Am\u00e9rica Latina, Europa y USA. Ha sido jurado del Instituto Nacional de Teatro, Proteatro, Fondo Nacional de las Artes, y en varios festivales. Ha sido miembro de la Comisi\u00f3n Directiva de Teatro Abierto, y vicepresidente de la Asociaci\u00f3n Amigos del T.N. Cervantes. Y durante todos estos a\u00f1os ha sido docente del arte teatral, habiendo dictado talleres en todo el pa\u00eds.<\/p>\n\n\n\n<p><strong>SOBRE LOS ACTORES<\/strong><\/p>\n\n\n\n<figure class=\"wp-block-image size-full is-resized\"><img loading=\"lazy\" decoding=\"async\" width=\"401\" height=\"401\" src=\"https:\/\/sergiolapegue.com\/site\/wp-content\/uploads\/2025\/03\/El-cazador-y-el-buen-nazi-Jean-PIerre-Noher.jpg\" alt=\"\" class=\"wp-image-21777\" style=\"width:339px;height:auto\" srcset=\"https:\/\/sergiolapegue.com\/site\/wp-content\/uploads\/2025\/03\/El-cazador-y-el-buen-nazi-Jean-PIerre-Noher.jpg 401w, https:\/\/sergiolapegue.com\/site\/wp-content\/uploads\/2025\/03\/El-cazador-y-el-buen-nazi-Jean-PIerre-Noher-300x300.jpg 300w, https:\/\/sergiolapegue.com\/site\/wp-content\/uploads\/2025\/03\/El-cazador-y-el-buen-nazi-Jean-PIerre-Noher-150x150.jpg 150w\" sizes=\"auto, (max-width: 401px) 100vw, 401px\" \/><\/figure>\n\n\n\n<p><strong>Jean Pierre Noher<\/strong>&nbsp;naci\u00f3 en Par\u00eds, en 1956. &nbsp;Actor franco-argentino de teatro, cine y televisi\u00f3n. Su madre Ren\u00e9e (de origen jud\u00edo) vivi\u00f3 en la Argentina durante su adolescencia escapando del nazismo. Restablecida la paz en el Viejo Continente regres\u00f3 a Francia. Pero ya adulta y casada con Patrick Noher (qui\u00e9n tambi\u00e9n escap\u00f3 de un campo de concentraci\u00f3n nazi vestido de monaguillo a los 13 a\u00f1os) y dos hijos peque\u00f1os, se subieron al barco rumbo a la Argentina. Su relaci\u00f3n con la actuaci\u00f3n comenz\u00f3 en 1976, cuando se sum\u00f3 a los talleres de Agust\u00edn Alezzo (all\u00ed se conocieron con Ernesto Claudio, aunque esta es la primera vez que trabajan juntos). Los a\u00f1os 80 lo encontraron dando sus primeros pasos en la profesi\u00f3n (&#8220;Romeo y Julieta&#8221; en el off, &#8220;La Piaf&#8221; con Virginia Lago, &#8220;En boca cerrada&#8221; con su maestro) y con el nacimiento de su \u00fanico hijo Michel, con quien hoy comparte trabajos. En 1984 debut\u00f3 en cine en un breve papel en &#8220;Darse cuenta&#8221; de Alejandro Doria.<\/p>\n\n\n\n<p>Trabaj\u00f3 en diversas series y miniseries: &#8220;Diciembre 2001&#8221; de Star+, &#8220;Maradona, sue\u00f1o bendito&#8221; (Dir. Alejandro Aimetta), &nbsp;&#8220;El Presidente&#8221; (Dir. Armando Bo &#8211; AMAZON), &#8220;Santos Dumont&#8221; (HBO Brasil), &nbsp;\u201cMonz\u00f3n\u201d (Dir. Jes\u00fas Braseras &#8211; Turner &#8211; Space -\/ NETFLIX), &#8220;O Mecanismo 2&#8221; &nbsp;(NETFLIX Brasil), &#8220;Samantha&#8221; (NETFLIX Brasil), &#8220;Impuros&#8221; (Dir. Tom\u00e1s Portella y Ren\u00e9 Sampaio &#8211; FOX Brasil).<\/p>\n\n\n\n<p>En teatro tambi\u00e9n present\u00f3 &#8220;The rocky horror show&#8221; (interpretando a Frank N. Furter), &#8220;Her o Noher&#8221;, espect\u00e1culo musical unipersonal; \u201cBorges y Per\u00f3n\u201d (Dir. V\u00edctor Laplace); \u201cMusic Hall\u201d (Dir. Alfredo Arias); \u201cAryentains 2\u201d y \u201cAryentains\u201d (Dir. L\u00eda Jel\u00edn); \u201cLocos de Verano\u201d (Dir. Daniel Marcove); \u201cPeter Pan\u201d (Dir. Mariana Sagasti); \u201cLa Pulga en la Oreja\u201d (Dir. China Zorrilla); \u201cP.D. Tu Gato Ha Muerto\u201d (Dir. Marcelo Alfaro); \u201cTraveling\u201d (Dir. Marcelo Alfaro); \u201cFiebre de Heno\u201d (Dir. China Zorrilla); \u201cHotel Parliament\u201d (Dir. Gianni Lunadei); \u201cTovarich\u201d (Dir. Rodolfo Graziano), entre otros.<\/p>\n\n\n\n<p>Ha trabajado en numerosos programas de televisi\u00f3n en Argentina (Buenos Vecinos, Los Simuladores, Resistir\u00e9, Los Rold\u00e1n), Francia y Brasil (Avenida Brasil, \u201cFlor do Caribe\u201d, \u201cO Reb\u00fa\u201d (La Fiesta).<\/p>\n\n\n\n<p>Por su primer gran protag\u00f3nico en cine \u201cUn amor de Borges\u201d (2000) recibi\u00f3 los premios de mejor actor de varios festivales del mundo: Festival Biarritz\/Francia, Festival de Miami, Festival de Gramado y Festival de Santo Domingo. Ha rodado casi 50 pel\u00edculas entre las realizadas en Argentina, Brasil, Uruguay y M\u00e9xico (&#8220;Diarios de motocicleta&#8221; direcci\u00f3n de Walter Salles (coproducci\u00f3n con Estados Unidos) donde interpreta a Ernesto Guevara Lynch (el padre del Che Guevara); &#8220;El nido vac\u00edo&#8221; de Daniel Burman, junto a Cecilia Roth; \u201cValent\u00edn\u201d (Alejandro Agresti); \u201cRoma\u201d (Adolfo Aristarain); &#8220;La forma de las horas&#8221; (Paula de Luque); \u201cEl Almuerzo\u201d (Javier Torre); \u201cEl Amigo Alem\u00e1n\u201d (Jeanine Meerapfel); \u201cLas Voces\u201d (Pablo Torre); &#8220;El Vagoneta en el Mundo del Cine\u201d; \u201cEl Mal del Sauce\u201d (Sebasti\u00e1n Sarqu\u00eds); \u201cEl Resultado del amor\u201d y \u201cLifting del coraz\u00f3n\u201d (ambas de Eliseo Subiela); entre otras. En el 2019 protagoniz\u00f3 &#8220;Un sue\u00f1o en Paris&#8221; de Cucho Constantino, pel\u00edcula documental sobre Le Trottoirs de Buenos Aires en la capital francesa. &nbsp;<\/p>\n\n\n\n<p>Noher se revela, adem\u00e1s, como un artista que excede las dotes actorales. En una imprescindible vuelta a sus or\u00edgenes, lanz\u00f3 un disco con canciones en franc\u00e9s: Her o Noher. Actualmente desarrolla su carrera filmando en Argentina, Brasil y Espa\u00f1a.<\/p>\n\n\n\n<figure class=\"wp-block-image size-full is-resized\"><img loading=\"lazy\" decoding=\"async\" width=\"401\" height=\"401\" src=\"https:\/\/sergiolapegue.com\/site\/wp-content\/uploads\/2025\/03\/El-cazador-y-el-buen-nazi-Ernesto-Claudio.jpg\" alt=\"\" class=\"wp-image-21778\" style=\"width:338px;height:auto\" srcset=\"https:\/\/sergiolapegue.com\/site\/wp-content\/uploads\/2025\/03\/El-cazador-y-el-buen-nazi-Ernesto-Claudio.jpg 401w, https:\/\/sergiolapegue.com\/site\/wp-content\/uploads\/2025\/03\/El-cazador-y-el-buen-nazi-Ernesto-Claudio-300x300.jpg 300w, https:\/\/sergiolapegue.com\/site\/wp-content\/uploads\/2025\/03\/El-cazador-y-el-buen-nazi-Ernesto-Claudio-150x150.jpg 150w\" sizes=\"auto, (max-width: 401px) 100vw, 401px\" \/><\/figure>\n\n\n\n<p><strong>Ernesto Claudio<\/strong>&nbsp;naci\u00f3 en Buenos Aires, Argentina. Se form\u00f3 con Agust\u00edn Alezzo y Juan Carlos Gen\u00e9. En teatro particip\u00f3 de m\u00e1s de treinta espect\u00e1culos entre los que se encuentran: &#8220;La forma que se despliega&#8221;, &#8220;Jamel&#8221;, &#8220;La Srta. de Tacna&#8221; con Norma Aleandro, &#8220;La vuelta al mundo&#8221;, &#8220;D\u00edas eternos&#8221;, &#8220;El descenso del Monte Morgan&#8221;, &#8220;Cita a ciegas&#8221; por la que estuvo nominado a los premios ACE, &#8220;El amante&#8221;, &#8220;Miembro del Jurado&#8221;. Estuvo nominado al premio Florencio S\u00e1nchez.<\/p>\n\n\n\n<p>En teatro es protagonista de \u00abToc-Toc\u00bb dirigida L\u00eda Jel\u00edn, &#8220;El deseo del otro&#8221; de Mario Schajris, &#8220;Miembro del Jurado&#8221; con direcci\u00f3n Cora Fiorillo y autor\u00eda de Roberto Perinelli, &#8220;El Amante&#8221; de Ra\u00fal Mere\u00f1uk, &#8220;Las descentradas&#8221; de Eva Halac y &#8220;El descenso del Monte Morgan&#8221; de Daniel Veronese. &nbsp;&#8220;Hamlet&#8221; en el Teatro San Mart\u00edn, la versi\u00f3n de Rub\u00e9n Szuchmacher. Tambi\u00e9n participo de &#8220;P\u00e1jaro de barro&#8221;, &#8220;Debida obediencia&#8221;, &#8220;A\u00f1icos&#8221;, &#8220;Los \u00faltimos d\u00edas de Emmanuel Kant contados por E.T.A Hoffmann&#8221;, &#8220;D\u00edas eternos&#8221;, &#8220;Galileo Galilei&#8221;, &#8220;Un guapo del 900&#8221;, &#8220;Mil a\u00f1os, un d\u00eda&#8221;, &#8220;Trescientas millones&#8221;, &#8220;Noche de Reyes&#8221;, &#8220;Memorial del cordero asesinado&#8221;, &#8220;Los casos de Juan&#8221;, &#8220;El herrero y el diablo&#8221;, &#8220;Pericones&#8221;, &#8220;Haciendo tiempo&#8221;, &#8220;La vuelta al mundo&#8221;, &#8220;Jamel&#8221;, &#8220;Cita a ciegas&#8221;, &#8220;La Se\u00f1orita de Tacna&#8221;, &#8220;La forma que se despliega&#8221;, &#8220;Viaje a la penumbra&#8221;.<\/p>\n\n\n\n<p>En cine, fue parte de &#8220;Tiempo de Valientes&#8221; de Dami\u00e1n Szifron, &#8220;Herencia&#8221; de Paula Hern\u00e1ndez, &#8220;Todav\u00eda&#8221;, &#8220;Tita de Buenos Aires&#8221; de Teresa Constantini, &#8220;Metegol\u201d y &#8220;Luna de Avellaneda&#8221; de Juan Jos\u00e9 Campanella. &#8220;Tango feroz, la leyenda de Tanguito&#8221;, &#8220;Caballos salvajes&#8221; y &#8220;Cenizas del para\u00edso&#8221; de Marcelo Pi\u00f1eyro. \u201cYo soy sola\u201d, &#8220;Carne de ne\u00f3n&#8221;, \u201cAlmejas y mejillones\u201d, \u201cNevar en Buenos Aires&#8221;. &#8220;La \u00faltima fiesta&#8221; de Leandro Mark y Nicol\u00e1s Silbert.<\/p>\n\n\n\n<p>En televisi\u00f3n particip\u00f3 de reconocidas tiras y series como &#8220;Epitafios&#8221;, &#8220;Amor m\u00edo&#8221;, &#8220;Padre Coraje&#8221;, &#8220;Soy Gitano&#8221;, &#8220;Chiquititas&#8221;, \u201c099 Central\u201d, \u201cMonta\u00f1a rusa\u201d, \u201cCa\u00edn y Abel\u201d, &#8220;Culpables&#8221;, \u201cLos Simuladores\u201d, \u201cPor ese palpitar\u201d, \u201cHerederos de una venganza\u201d, &#8220;Las huellas del secretario&#8221;, &#8220;Milagros en Campa\u00f1a&#8221;, &#8220;El hombre que volvi\u00f3 de la muerte&#8221;, &#8220;Mujeres asesinas&#8221; y &#8220;El Marginal&#8221;, entre otros. Recientemente particip\u00f3 en la adaptaci\u00f3n de la serie argentina &#8220;Historia de un clan&#8221; sobre la historia de Arqu\u00edmedes Puccio para Telemundo Global Studios, M\u00e9xico.<\/p>\n\n\n\n<p><\/p>\n","protected":false},"excerpt":{"rendered":"<p>Llega la cuarta temporada de \u201cEl cazador y el buen nazi\u201d, de Mario Diament, con direcci\u00f3n de Daniel Marcove y las actuaciones de dos grandes actores Jean Pierre Noher y Ernesto Claudio. Las funciones ser\u00e1n los d\u00edas 7, 14 y 21 de abril a las 20:30 horas en el Teatro El Tinglado. SINOPSIS Un d\u00eda [&hellip;]<\/p>\n","protected":false},"author":3,"featured_media":21779,"comment_status":"open","ping_status":"closed","sticky":false,"template":"","format":"standard","meta":{"footnotes":""},"categories":[34,35],"tags":[],"class_list":{"0":"post-21771","1":"post","2":"type-post","3":"status-publish","4":"format-standard","5":"has-post-thumbnail","7":"category-arte","8":"category-teatro"},"yoast_head":"<!-- This site is optimized with the Yoast SEO plugin v27.5 - https:\/\/yoast.com\/product\/yoast-seo-wordpress\/ -->\n<title>\u201cEL CAZADOR Y EL BUEN NAZI\u201d - Sergio Lapegue<\/title>\n<meta name=\"robots\" content=\"index, follow, max-snippet:-1, max-image-preview:large, max-video-preview:-1\" \/>\n<link rel=\"canonical\" href=\"https:\/\/sergiolapegue.com\/site\/2025\/03\/29\/el-cazador-y-el-buen-nazi\/\" \/>\n<meta property=\"og:locale\" content=\"es_ES\" \/>\n<meta property=\"og:type\" content=\"article\" \/>\n<meta property=\"og:title\" content=\"\u201cEL CAZADOR Y EL BUEN NAZI\u201d - Sergio Lapegue\" \/>\n<meta property=\"og:description\" content=\"Llega la cuarta temporada de \u201cEl cazador y el buen nazi\u201d, de Mario Diament, con direcci\u00f3n de Daniel Marcove y las actuaciones de dos grandes actores Jean Pierre Noher y Ernesto Claudio. Las funciones ser\u00e1n los d\u00edas 7, 14 y 21 de abril a las 20:30 horas en el Teatro El Tinglado. SINOPSIS Un d\u00eda [&hellip;]\" \/>\n<meta property=\"og:url\" content=\"https:\/\/sergiolapegue.com\/site\/2025\/03\/29\/el-cazador-y-el-buen-nazi\/\" \/>\n<meta property=\"og:site_name\" content=\"Sergio Lapegue\" \/>\n<meta property=\"article:publisher\" content=\"https:\/\/facebook.com\/sergiolapegue\" \/>\n<meta property=\"article:author\" content=\"https:\/\/facebook.com\/danielernesto.montana\" \/>\n<meta property=\"article:published_time\" content=\"2025-03-29T04:00:00+00:00\" \/>\n<meta property=\"og:image\" content=\"https:\/\/sergiolapegue.com\/site\/wp-content\/uploads\/2025\/03\/El-cazador-y-el-buen-nazi.png\" \/>\n\t<meta property=\"og:image:width\" content=\"1160\" \/>\n\t<meta property=\"og:image:height\" content=\"1098\" \/>\n\t<meta property=\"og:image:type\" content=\"image\/png\" \/>\n<meta name=\"author\" content=\"Daniel E. Monta\u00f1a\" \/>\n<meta name=\"twitter:card\" content=\"summary_large_image\" \/>\n<meta name=\"twitter:creator\" content=\"@https:\/\/twitter.com\/daner_004\" \/>\n<meta name=\"twitter:site\" content=\"@sergiolapegue\" \/>\n<meta name=\"twitter:label1\" content=\"Escrito por\" \/>\n\t<meta name=\"twitter:data1\" content=\"Daniel E. Monta\u00f1a\" \/>\n\t<meta name=\"twitter:label2\" content=\"Tiempo de lectura\" \/>\n\t<meta name=\"twitter:data2\" content=\"10 minutos\" \/>\n<script type=\"application\/ld+json\" class=\"yoast-schema-graph\">{\"@context\":\"https:\\\/\\\/schema.org\",\"@graph\":[{\"@type\":\"Article\",\"@id\":\"https:\\\/\\\/sergiolapegue.com\\\/site\\\/2025\\\/03\\\/29\\\/el-cazador-y-el-buen-nazi\\\/#article\",\"isPartOf\":{\"@id\":\"https:\\\/\\\/sergiolapegue.com\\\/site\\\/2025\\\/03\\\/29\\\/el-cazador-y-el-buen-nazi\\\/\"},\"author\":{\"name\":\"Daniel E. Monta\u00f1a\",\"@id\":\"https:\\\/\\\/sergiolapegue.com\\\/site\\\/#\\\/schema\\\/person\\\/9198e7dbab43c6d74d0fd5399af7c3cd\"},\"headline\":\"\u201cEL CAZADOR Y EL BUEN NAZI\u201d\",\"datePublished\":\"2025-03-29T04:00:00+00:00\",\"mainEntityOfPage\":{\"@id\":\"https:\\\/\\\/sergiolapegue.com\\\/site\\\/2025\\\/03\\\/29\\\/el-cazador-y-el-buen-nazi\\\/\"},\"wordCount\":1793,\"commentCount\":0,\"publisher\":{\"@id\":\"https:\\\/\\\/sergiolapegue.com\\\/site\\\/#\\\/schema\\\/person\\\/083aeceeb0734cd166779ea6c0551a37\"},\"image\":{\"@id\":\"https:\\\/\\\/sergiolapegue.com\\\/site\\\/2025\\\/03\\\/29\\\/el-cazador-y-el-buen-nazi\\\/#primaryimage\"},\"thumbnailUrl\":\"https:\\\/\\\/sergiolapegue.com\\\/site\\\/wp-content\\\/uploads\\\/2025\\\/03\\\/El-cazador-y-el-buen-nazi.png\",\"articleSection\":[\"Arte\",\"Teatro\"],\"inLanguage\":\"es-AR\",\"potentialAction\":[{\"@type\":\"CommentAction\",\"name\":\"Comment\",\"target\":[\"https:\\\/\\\/sergiolapegue.com\\\/site\\\/2025\\\/03\\\/29\\\/el-cazador-y-el-buen-nazi\\\/#respond\"]}]},{\"@type\":\"WebPage\",\"@id\":\"https:\\\/\\\/sergiolapegue.com\\\/site\\\/2025\\\/03\\\/29\\\/el-cazador-y-el-buen-nazi\\\/\",\"url\":\"https:\\\/\\\/sergiolapegue.com\\\/site\\\/2025\\\/03\\\/29\\\/el-cazador-y-el-buen-nazi\\\/\",\"name\":\"\u201cEL CAZADOR Y EL BUEN NAZI\u201d - Sergio Lapegue\",\"isPartOf\":{\"@id\":\"https:\\\/\\\/sergiolapegue.com\\\/site\\\/#website\"},\"primaryImageOfPage\":{\"@id\":\"https:\\\/\\\/sergiolapegue.com\\\/site\\\/2025\\\/03\\\/29\\\/el-cazador-y-el-buen-nazi\\\/#primaryimage\"},\"image\":{\"@id\":\"https:\\\/\\\/sergiolapegue.com\\\/site\\\/2025\\\/03\\\/29\\\/el-cazador-y-el-buen-nazi\\\/#primaryimage\"},\"thumbnailUrl\":\"https:\\\/\\\/sergiolapegue.com\\\/site\\\/wp-content\\\/uploads\\\/2025\\\/03\\\/El-cazador-y-el-buen-nazi.png\",\"datePublished\":\"2025-03-29T04:00:00+00:00\",\"breadcrumb\":{\"@id\":\"https:\\\/\\\/sergiolapegue.com\\\/site\\\/2025\\\/03\\\/29\\\/el-cazador-y-el-buen-nazi\\\/#breadcrumb\"},\"inLanguage\":\"es-AR\",\"potentialAction\":[{\"@type\":\"ReadAction\",\"target\":[\"https:\\\/\\\/sergiolapegue.com\\\/site\\\/2025\\\/03\\\/29\\\/el-cazador-y-el-buen-nazi\\\/\"]}]},{\"@type\":\"ImageObject\",\"inLanguage\":\"es-AR\",\"@id\":\"https:\\\/\\\/sergiolapegue.com\\\/site\\\/2025\\\/03\\\/29\\\/el-cazador-y-el-buen-nazi\\\/#primaryimage\",\"url\":\"https:\\\/\\\/sergiolapegue.com\\\/site\\\/wp-content\\\/uploads\\\/2025\\\/03\\\/El-cazador-y-el-buen-nazi.png\",\"contentUrl\":\"https:\\\/\\\/sergiolapegue.com\\\/site\\\/wp-content\\\/uploads\\\/2025\\\/03\\\/El-cazador-y-el-buen-nazi.png\",\"width\":1160,\"height\":1098},{\"@type\":\"BreadcrumbList\",\"@id\":\"https:\\\/\\\/sergiolapegue.com\\\/site\\\/2025\\\/03\\\/29\\\/el-cazador-y-el-buen-nazi\\\/#breadcrumb\",\"itemListElement\":[{\"@type\":\"ListItem\",\"position\":1,\"name\":\"Inicio\",\"item\":\"https:\\\/\\\/sergiolapegue.com\\\/site\\\/\"},{\"@type\":\"ListItem\",\"position\":2,\"name\":\"\u201cEL CAZADOR Y EL BUEN NAZI\u201d\"}]},{\"@type\":\"WebSite\",\"@id\":\"https:\\\/\\\/sergiolapegue.com\\\/site\\\/#website\",\"url\":\"https:\\\/\\\/sergiolapegue.com\\\/site\\\/\",\"name\":\"Sergio Lapegue\",\"description\":\"Periodista\",\"publisher\":{\"@id\":\"https:\\\/\\\/sergiolapegue.com\\\/site\\\/#\\\/schema\\\/person\\\/083aeceeb0734cd166779ea6c0551a37\"},\"potentialAction\":[{\"@type\":\"SearchAction\",\"target\":{\"@type\":\"EntryPoint\",\"urlTemplate\":\"https:\\\/\\\/sergiolapegue.com\\\/site\\\/?s={search_term_string}\"},\"query-input\":{\"@type\":\"PropertyValueSpecification\",\"valueRequired\":true,\"valueName\":\"search_term_string\"}}],\"inLanguage\":\"es-AR\"},{\"@type\":[\"Person\",\"Organization\"],\"@id\":\"https:\\\/\\\/sergiolapegue.com\\\/site\\\/#\\\/schema\\\/person\\\/083aeceeb0734cd166779ea6c0551a37\",\"name\":\"Sergio Lapegue\",\"image\":{\"@type\":\"ImageObject\",\"inLanguage\":\"es-AR\",\"@id\":\"https:\\\/\\\/sergiolapegue.com\\\/site\\\/wp-content\\\/uploads\\\/2021\\\/04\\\/logo_header-1.png\",\"url\":\"https:\\\/\\\/sergiolapegue.com\\\/site\\\/wp-content\\\/uploads\\\/2021\\\/04\\\/logo_header-1.png\",\"contentUrl\":\"https:\\\/\\\/sergiolapegue.com\\\/site\\\/wp-content\\\/uploads\\\/2021\\\/04\\\/logo_header-1.png\",\"width\":272,\"height\":90,\"caption\":\"Sergio Lapegue\"},\"logo\":{\"@id\":\"https:\\\/\\\/sergiolapegue.com\\\/site\\\/wp-content\\\/uploads\\\/2021\\\/04\\\/logo_header-1.png\"},\"sameAs\":[\"https:\\\/\\\/facebook.com\\\/sergiolapegue\",\"https:\\\/\\\/instagram.com\\\/sergiolapegue\",\"https:\\\/\\\/x.com\\\/https:\\\/\\\/twitter.com\\\/sergiolapegue\"]},{\"@type\":\"Person\",\"@id\":\"https:\\\/\\\/sergiolapegue.com\\\/site\\\/#\\\/schema\\\/person\\\/9198e7dbab43c6d74d0fd5399af7c3cd\",\"name\":\"Daniel E. Monta\u00f1a\",\"image\":{\"@type\":\"ImageObject\",\"inLanguage\":\"es-AR\",\"@id\":\"https:\\\/\\\/sergiolapegue.com\\\/site\\\/wp-content\\\/uploads\\\/2021\\\/04\\\/sl_avatar_Daniel-150x150.jpg\",\"url\":\"https:\\\/\\\/sergiolapegue.com\\\/site\\\/wp-content\\\/uploads\\\/2021\\\/04\\\/sl_avatar_Daniel-150x150.jpg\",\"contentUrl\":\"https:\\\/\\\/sergiolapegue.com\\\/site\\\/wp-content\\\/uploads\\\/2021\\\/04\\\/sl_avatar_Daniel-150x150.jpg\",\"caption\":\"Daniel E. Monta\u00f1a\"},\"sameAs\":[\"https:\\\/\\\/facebook.com\\\/danielernesto.montana\",\"https:\\\/\\\/instagram.com\\\/daniel_montana1961\",\"https:\\\/\\\/x.com\\\/https:\\\/\\\/twitter.com\\\/daner_004\"],\"url\":\"https:\\\/\\\/sergiolapegue.com\\\/site\\\/author\\\/daniel\\\/\"}]}<\/script>\n<!-- \/ Yoast SEO plugin. -->","yoast_head_json":{"title":"\u201cEL CAZADOR Y EL BUEN NAZI\u201d - Sergio Lapegue","robots":{"index":"index","follow":"follow","max-snippet":"max-snippet:-1","max-image-preview":"max-image-preview:large","max-video-preview":"max-video-preview:-1"},"canonical":"https:\/\/sergiolapegue.com\/site\/2025\/03\/29\/el-cazador-y-el-buen-nazi\/","og_locale":"es_ES","og_type":"article","og_title":"\u201cEL CAZADOR Y EL BUEN NAZI\u201d - Sergio Lapegue","og_description":"Llega la cuarta temporada de \u201cEl cazador y el buen nazi\u201d, de Mario Diament, con direcci\u00f3n de Daniel Marcove y las actuaciones de dos grandes actores Jean Pierre Noher y Ernesto Claudio. Las funciones ser\u00e1n los d\u00edas 7, 14 y 21 de abril a las 20:30 horas en el Teatro El Tinglado. SINOPSIS Un d\u00eda [&hellip;]","og_url":"https:\/\/sergiolapegue.com\/site\/2025\/03\/29\/el-cazador-y-el-buen-nazi\/","og_site_name":"Sergio Lapegue","article_publisher":"https:\/\/facebook.com\/sergiolapegue","article_author":"https:\/\/facebook.com\/danielernesto.montana","article_published_time":"2025-03-29T04:00:00+00:00","og_image":[{"width":1160,"height":1098,"url":"https:\/\/sergiolapegue.com\/site\/wp-content\/uploads\/2025\/03\/El-cazador-y-el-buen-nazi.png","type":"image\/png"}],"author":"Daniel E. Monta\u00f1a","twitter_card":"summary_large_image","twitter_creator":"@https:\/\/twitter.com\/daner_004","twitter_site":"@sergiolapegue","twitter_misc":{"Escrito por":"Daniel E. Monta\u00f1a","Tiempo de lectura":"10 minutos"},"schema":{"@context":"https:\/\/schema.org","@graph":[{"@type":"Article","@id":"https:\/\/sergiolapegue.com\/site\/2025\/03\/29\/el-cazador-y-el-buen-nazi\/#article","isPartOf":{"@id":"https:\/\/sergiolapegue.com\/site\/2025\/03\/29\/el-cazador-y-el-buen-nazi\/"},"author":{"name":"Daniel E. Monta\u00f1a","@id":"https:\/\/sergiolapegue.com\/site\/#\/schema\/person\/9198e7dbab43c6d74d0fd5399af7c3cd"},"headline":"\u201cEL CAZADOR Y EL BUEN NAZI\u201d","datePublished":"2025-03-29T04:00:00+00:00","mainEntityOfPage":{"@id":"https:\/\/sergiolapegue.com\/site\/2025\/03\/29\/el-cazador-y-el-buen-nazi\/"},"wordCount":1793,"commentCount":0,"publisher":{"@id":"https:\/\/sergiolapegue.com\/site\/#\/schema\/person\/083aeceeb0734cd166779ea6c0551a37"},"image":{"@id":"https:\/\/sergiolapegue.com\/site\/2025\/03\/29\/el-cazador-y-el-buen-nazi\/#primaryimage"},"thumbnailUrl":"https:\/\/sergiolapegue.com\/site\/wp-content\/uploads\/2025\/03\/El-cazador-y-el-buen-nazi.png","articleSection":["Arte","Teatro"],"inLanguage":"es-AR","potentialAction":[{"@type":"CommentAction","name":"Comment","target":["https:\/\/sergiolapegue.com\/site\/2025\/03\/29\/el-cazador-y-el-buen-nazi\/#respond"]}]},{"@type":"WebPage","@id":"https:\/\/sergiolapegue.com\/site\/2025\/03\/29\/el-cazador-y-el-buen-nazi\/","url":"https:\/\/sergiolapegue.com\/site\/2025\/03\/29\/el-cazador-y-el-buen-nazi\/","name":"\u201cEL CAZADOR Y EL BUEN NAZI\u201d - Sergio Lapegue","isPartOf":{"@id":"https:\/\/sergiolapegue.com\/site\/#website"},"primaryImageOfPage":{"@id":"https:\/\/sergiolapegue.com\/site\/2025\/03\/29\/el-cazador-y-el-buen-nazi\/#primaryimage"},"image":{"@id":"https:\/\/sergiolapegue.com\/site\/2025\/03\/29\/el-cazador-y-el-buen-nazi\/#primaryimage"},"thumbnailUrl":"https:\/\/sergiolapegue.com\/site\/wp-content\/uploads\/2025\/03\/El-cazador-y-el-buen-nazi.png","datePublished":"2025-03-29T04:00:00+00:00","breadcrumb":{"@id":"https:\/\/sergiolapegue.com\/site\/2025\/03\/29\/el-cazador-y-el-buen-nazi\/#breadcrumb"},"inLanguage":"es-AR","potentialAction":[{"@type":"ReadAction","target":["https:\/\/sergiolapegue.com\/site\/2025\/03\/29\/el-cazador-y-el-buen-nazi\/"]}]},{"@type":"ImageObject","inLanguage":"es-AR","@id":"https:\/\/sergiolapegue.com\/site\/2025\/03\/29\/el-cazador-y-el-buen-nazi\/#primaryimage","url":"https:\/\/sergiolapegue.com\/site\/wp-content\/uploads\/2025\/03\/El-cazador-y-el-buen-nazi.png","contentUrl":"https:\/\/sergiolapegue.com\/site\/wp-content\/uploads\/2025\/03\/El-cazador-y-el-buen-nazi.png","width":1160,"height":1098},{"@type":"BreadcrumbList","@id":"https:\/\/sergiolapegue.com\/site\/2025\/03\/29\/el-cazador-y-el-buen-nazi\/#breadcrumb","itemListElement":[{"@type":"ListItem","position":1,"name":"Inicio","item":"https:\/\/sergiolapegue.com\/site\/"},{"@type":"ListItem","position":2,"name":"\u201cEL CAZADOR Y EL BUEN NAZI\u201d"}]},{"@type":"WebSite","@id":"https:\/\/sergiolapegue.com\/site\/#website","url":"https:\/\/sergiolapegue.com\/site\/","name":"Sergio Lapegue","description":"Periodista","publisher":{"@id":"https:\/\/sergiolapegue.com\/site\/#\/schema\/person\/083aeceeb0734cd166779ea6c0551a37"},"potentialAction":[{"@type":"SearchAction","target":{"@type":"EntryPoint","urlTemplate":"https:\/\/sergiolapegue.com\/site\/?s={search_term_string}"},"query-input":{"@type":"PropertyValueSpecification","valueRequired":true,"valueName":"search_term_string"}}],"inLanguage":"es-AR"},{"@type":["Person","Organization"],"@id":"https:\/\/sergiolapegue.com\/site\/#\/schema\/person\/083aeceeb0734cd166779ea6c0551a37","name":"Sergio Lapegue","image":{"@type":"ImageObject","inLanguage":"es-AR","@id":"https:\/\/sergiolapegue.com\/site\/wp-content\/uploads\/2021\/04\/logo_header-1.png","url":"https:\/\/sergiolapegue.com\/site\/wp-content\/uploads\/2021\/04\/logo_header-1.png","contentUrl":"https:\/\/sergiolapegue.com\/site\/wp-content\/uploads\/2021\/04\/logo_header-1.png","width":272,"height":90,"caption":"Sergio Lapegue"},"logo":{"@id":"https:\/\/sergiolapegue.com\/site\/wp-content\/uploads\/2021\/04\/logo_header-1.png"},"sameAs":["https:\/\/facebook.com\/sergiolapegue","https:\/\/instagram.com\/sergiolapegue","https:\/\/x.com\/https:\/\/twitter.com\/sergiolapegue"]},{"@type":"Person","@id":"https:\/\/sergiolapegue.com\/site\/#\/schema\/person\/9198e7dbab43c6d74d0fd5399af7c3cd","name":"Daniel E. Monta\u00f1a","image":{"@type":"ImageObject","inLanguage":"es-AR","@id":"https:\/\/sergiolapegue.com\/site\/wp-content\/uploads\/2021\/04\/sl_avatar_Daniel-150x150.jpg","url":"https:\/\/sergiolapegue.com\/site\/wp-content\/uploads\/2021\/04\/sl_avatar_Daniel-150x150.jpg","contentUrl":"https:\/\/sergiolapegue.com\/site\/wp-content\/uploads\/2021\/04\/sl_avatar_Daniel-150x150.jpg","caption":"Daniel E. Monta\u00f1a"},"sameAs":["https:\/\/facebook.com\/danielernesto.montana","https:\/\/instagram.com\/daniel_montana1961","https:\/\/x.com\/https:\/\/twitter.com\/daner_004"],"url":"https:\/\/sergiolapegue.com\/site\/author\/daniel\/"}]}},"_links":{"self":[{"href":"https:\/\/sergiolapegue.com\/site\/wp-json\/wp\/v2\/posts\/21771","targetHints":{"allow":["GET"]}}],"collection":[{"href":"https:\/\/sergiolapegue.com\/site\/wp-json\/wp\/v2\/posts"}],"about":[{"href":"https:\/\/sergiolapegue.com\/site\/wp-json\/wp\/v2\/types\/post"}],"author":[{"embeddable":true,"href":"https:\/\/sergiolapegue.com\/site\/wp-json\/wp\/v2\/users\/3"}],"replies":[{"embeddable":true,"href":"https:\/\/sergiolapegue.com\/site\/wp-json\/wp\/v2\/comments?post=21771"}],"version-history":[{"count":1,"href":"https:\/\/sergiolapegue.com\/site\/wp-json\/wp\/v2\/posts\/21771\/revisions"}],"predecessor-version":[{"id":21780,"href":"https:\/\/sergiolapegue.com\/site\/wp-json\/wp\/v2\/posts\/21771\/revisions\/21780"}],"wp:featuredmedia":[{"embeddable":true,"href":"https:\/\/sergiolapegue.com\/site\/wp-json\/wp\/v2\/media\/21779"}],"wp:attachment":[{"href":"https:\/\/sergiolapegue.com\/site\/wp-json\/wp\/v2\/media?parent=21771"}],"wp:term":[{"taxonomy":"category","embeddable":true,"href":"https:\/\/sergiolapegue.com\/site\/wp-json\/wp\/v2\/categories?post=21771"},{"taxonomy":"post_tag","embeddable":true,"href":"https:\/\/sergiolapegue.com\/site\/wp-json\/wp\/v2\/tags?post=21771"}],"curies":[{"name":"wp","href":"https:\/\/api.w.org\/{rel}","templated":true}]}}