{"id":21653,"date":"2025-05-31T13:00:00","date_gmt":"2025-05-31T16:00:00","guid":{"rendered":"https:\/\/sergiolapegue.com\/site\/?p=21653"},"modified":"2025-06-05T14:42:16","modified_gmt":"2025-06-05T17:42:16","slug":"cartas-a-mi-hijofederico-garcia-lorca","status":"publish","type":"post","link":"https:\/\/sergiolapegue.com\/site\/2025\/05\/31\/cartas-a-mi-hijofederico-garcia-lorca\/","title":{"rendered":"\u201cCARTAS A MI HIJOFEDERICO GARC\u00cdA LORCA\u201d"},"content":{"rendered":"\n<p>El&nbsp;domingo 6 de abril, a las 16:30 horas, subi\u00f3 a escena&nbsp;&#8220;Cartas a mi hijo Federico Garc\u00eda Lorca&#8221;,&nbsp;una obra de Mar\u00eda Marta Guitart, quien tambi\u00e9n protagoniza y esta acompa\u00f1ada por Daiana Moreno a cargo de musicalizar con su violoncello&nbsp;en el&nbsp;Complejo Teatral \u00cdtaca, las funciones son los d\u00edas domingos de Abril y Mayo a las 16:300 horas. La excelente noticia es que a pedido del p\u00fablico se agregan funciones en junio y julio y ser\u00e1n los viernes a las 20:15 horas. <\/p>\n\n\n\n<p>Despu\u00e9s de 25 a\u00f1os trabajando con la obra de Federico Garc\u00eda Lorca, interpretando sus textos y poemas en los colectivos de Buenos Aires durante una d\u00e9cada, y de haber creado&nbsp;Federico tuvo un sue\u00f1o, un espect\u00e1culo de trayectoria nacional e internacional aplaudido por la cr\u00edtica argentina y espa\u00f1ola, as\u00ed como&nbsp;Canto a Federico,&nbsp;el poeta regresa&nbsp;(peque\u00f1o concierto para duende y violoncello), que obtuvo el Premio Impulsar MICA 2023 para su gira nacional,&nbsp;Mar\u00eda Marta Guitart&nbsp;vuelve a abordar la figura del gran dramaturgo espa\u00f1ol.&nbsp;<\/p>\n\n\n\n<p>Luego de haberse puesto en la piel de Alfonsina Storni y Gabriela Mistral, esta vez le da voz a&nbsp;Vicenta Lorca, la madre de Federico, quien, a trav\u00e9s de sus cartas, ofrece una mirada \u00edntima sobre su hijo. En este espect\u00e1culo, nos habla del profundo dolor de una madre, pero tambi\u00e9n del amor inquebrantable que la sostiene y le impide renunciar a la esperanza.<\/p>\n\n\n\n<figure class=\"wp-block-image size-large is-resized\"><img loading=\"lazy\" decoding=\"async\" width=\"683\" height=\"1024\" src=\"https:\/\/sergiolapegue.com\/site\/wp-content\/uploads\/2025\/03\/Cartas-a-mi-hijo-Federico-Garcia-Lorca-2-683x1024.jpg\" alt=\"\" class=\"wp-image-21654\" style=\"width:696px;height:auto\" srcset=\"https:\/\/sergiolapegue.com\/site\/wp-content\/uploads\/2025\/03\/Cartas-a-mi-hijo-Federico-Garcia-Lorca-2-683x1024.jpg 683w, https:\/\/sergiolapegue.com\/site\/wp-content\/uploads\/2025\/03\/Cartas-a-mi-hijo-Federico-Garcia-Lorca-2-200x300.jpg 200w, https:\/\/sergiolapegue.com\/site\/wp-content\/uploads\/2025\/03\/Cartas-a-mi-hijo-Federico-Garcia-Lorca-2-768x1152.jpg 768w, https:\/\/sergiolapegue.com\/site\/wp-content\/uploads\/2025\/03\/Cartas-a-mi-hijo-Federico-Garcia-Lorca-2-1024x1536.jpg 1024w, https:\/\/sergiolapegue.com\/site\/wp-content\/uploads\/2025\/03\/Cartas-a-mi-hijo-Federico-Garcia-Lorca-2-1365x2048.jpg 1365w, https:\/\/sergiolapegue.com\/site\/wp-content\/uploads\/2025\/03\/Cartas-a-mi-hijo-Federico-Garcia-Lorca-2-280x420.jpg 280w, https:\/\/sergiolapegue.com\/site\/wp-content\/uploads\/2025\/03\/Cartas-a-mi-hijo-Federico-Garcia-Lorca-2-696x1044.jpg 696w, https:\/\/sergiolapegue.com\/site\/wp-content\/uploads\/2025\/03\/Cartas-a-mi-hijo-Federico-Garcia-Lorca-2-1068x1602.jpg 1068w, https:\/\/sergiolapegue.com\/site\/wp-content\/uploads\/2025\/03\/Cartas-a-mi-hijo-Federico-Garcia-Lorca-2-1920x2880.jpg 1920w, https:\/\/sergiolapegue.com\/site\/wp-content\/uploads\/2025\/03\/Cartas-a-mi-hijo-Federico-Garcia-Lorca-2-scaled.jpg 1707w\" sizes=\"auto, (max-width: 683px) 100vw, 683px\" \/><\/figure>\n\n\n\n<p><strong>SINOPSIS<\/strong><\/p>\n\n\n\n<p>&#8220;Cartas a mi hijo Federico&#8221; es el encuentro entre Vicenta Lorca Romero y su hijo, Federico Garc\u00eda Lorca, en un tiempo suspendido, el tiempo del teatro, la m\u00fasica y la poes\u00eda.<\/p>\n\n\n\n<p>Un nacimiento entre la voz de la madre y la del hijo, a trav\u00e9s de las cartas que Vicenta le enviaba durante sus viajes y los poemas y textos que el poeta escribi\u00f3 en distintos momentos de su vida.<\/p>\n\n\n\n<p>Un juego entre el presente y el pasado&#8230; como si el destino pudiera torcerse.<\/p>\n\n\n\n<p>Vicenta Lorca nunca imagin\u00f3 que volver\u00eda a leer las cartas que ella misma hab\u00eda escrito. Nunca.<\/p>\n\n\n\n<p>En esas cartas, Vicenta encuentra su propio amor de madre, el aliento que le daba a su hijo en cada viaje, miles de abrazos y besos para \u00e9l. Y en los versos del hombre al que conoce tanto, una fuerza para decirse en el presente violento y extra\u00f1o de aquel 1936. Un presente cargado de duda y temor, pero tambi\u00e9n de profunda esperanza.<\/p>\n\n\n\n<figure class=\"wp-block-image size-large is-resized\"><img loading=\"lazy\" decoding=\"async\" width=\"683\" height=\"1024\" src=\"https:\/\/sergiolapegue.com\/site\/wp-content\/uploads\/2025\/03\/Cartas-a-mi-hijo-Federico-Garcia-Lorca-4-683x1024.jpg\" alt=\"\" class=\"wp-image-21655\" style=\"width:696px;height:auto\" srcset=\"https:\/\/sergiolapegue.com\/site\/wp-content\/uploads\/2025\/03\/Cartas-a-mi-hijo-Federico-Garcia-Lorca-4-683x1024.jpg 683w, https:\/\/sergiolapegue.com\/site\/wp-content\/uploads\/2025\/03\/Cartas-a-mi-hijo-Federico-Garcia-Lorca-4-200x300.jpg 200w, https:\/\/sergiolapegue.com\/site\/wp-content\/uploads\/2025\/03\/Cartas-a-mi-hijo-Federico-Garcia-Lorca-4-768x1152.jpg 768w, https:\/\/sergiolapegue.com\/site\/wp-content\/uploads\/2025\/03\/Cartas-a-mi-hijo-Federico-Garcia-Lorca-4-1024x1536.jpg 1024w, https:\/\/sergiolapegue.com\/site\/wp-content\/uploads\/2025\/03\/Cartas-a-mi-hijo-Federico-Garcia-Lorca-4-1365x2048.jpg 1365w, https:\/\/sergiolapegue.com\/site\/wp-content\/uploads\/2025\/03\/Cartas-a-mi-hijo-Federico-Garcia-Lorca-4-280x420.jpg 280w, https:\/\/sergiolapegue.com\/site\/wp-content\/uploads\/2025\/03\/Cartas-a-mi-hijo-Federico-Garcia-Lorca-4-696x1044.jpg 696w, https:\/\/sergiolapegue.com\/site\/wp-content\/uploads\/2025\/03\/Cartas-a-mi-hijo-Federico-Garcia-Lorca-4-1068x1602.jpg 1068w, https:\/\/sergiolapegue.com\/site\/wp-content\/uploads\/2025\/03\/Cartas-a-mi-hijo-Federico-Garcia-Lorca-4-1920x2880.jpg 1920w, https:\/\/sergiolapegue.com\/site\/wp-content\/uploads\/2025\/03\/Cartas-a-mi-hijo-Federico-Garcia-Lorca-4-scaled.jpg 1707w\" sizes=\"auto, (max-width: 683px) 100vw, 683px\" \/><\/figure>\n\n\n\n<p><strong>FICHA T\u00c9CNICO ART\u00cdSTICA<\/strong><\/p>\n\n\n\n<p><strong>Dramaturgia:<\/strong>&nbsp;Mar\u00eda Marta Guitart<\/p>\n\n\n\n<p><strong>Actuaci\u00f3n:<\/strong>&nbsp;Mar\u00eda Marta Guitart<\/p>\n\n\n\n<p><strong>M\u00fasica en escena:<\/strong>&nbsp;Daiana Moreno<\/p>\n\n\n\n<p><strong>Composici\u00f3n de m\u00fasica original:<\/strong>&nbsp;Mailen Ubiedo Myskow<\/p>\n\n\n\n<p><strong>Dise\u00f1o de movimiento:<\/strong>&nbsp;Melina Forte<\/p>\n\n\n\n<p><strong>Fotograf\u00eda:<\/strong>&nbsp;Ernesto Donegana \/ Pato R\u00e9bora&nbsp;&nbsp;<\/p>\n\n\n\n<p><strong>Dise\u00f1o Lum\u00ednico:<\/strong>&nbsp;Diego Todorovich<\/p>\n\n\n\n<p><strong>Vestuario y escenograf\u00eda:<\/strong>&nbsp;Teatro en camino<\/p>\n\n\n\n<p><strong>Prensa:<\/strong>&nbsp;TP Agencia<\/p>\n\n\n\n<p><strong>Asistencia de direcci\u00f3n:<\/strong>&nbsp;Francisco Cerbino<\/p>\n\n\n\n<p><strong>Producci\u00f3n General:<\/strong>&nbsp;Pato R\u00e9bora \/ Mar\u00eda Marta Guitart<\/p>\n\n\n\n<p><strong>Direcci\u00f3n:<\/strong>&nbsp;Mar\u00eda Marta Guitart<\/p>\n\n\n\n<p><strong>Instagram:<\/strong> @Cartasamihijofederico \/ @Mariamartaguitart \/ @Patorebora<\/p>\n\n\n\n<p><strong>Duraci\u00f3n:<\/strong> 60 minutos<\/p>\n\n\n\n<p><strong>Clasificaci\u00f3n:<\/strong> Teatro \u2013 Presencial \u2013 Adultos<\/p>\n\n\n\n<figure class=\"wp-block-image size-large\"><img loading=\"lazy\" decoding=\"async\" width=\"1024\" height=\"569\" src=\"https:\/\/sergiolapegue.com\/site\/wp-content\/uploads\/2025\/03\/Cartas-a-mi-hijo-Federico-Garcia-Lorca-5-1024x569.jpg\" alt=\"\" class=\"wp-image-21656\" srcset=\"https:\/\/sergiolapegue.com\/site\/wp-content\/uploads\/2025\/03\/Cartas-a-mi-hijo-Federico-Garcia-Lorca-5-1024x569.jpg 1024w, https:\/\/sergiolapegue.com\/site\/wp-content\/uploads\/2025\/03\/Cartas-a-mi-hijo-Federico-Garcia-Lorca-5-300x167.jpg 300w, https:\/\/sergiolapegue.com\/site\/wp-content\/uploads\/2025\/03\/Cartas-a-mi-hijo-Federico-Garcia-Lorca-5-768x427.jpg 768w, https:\/\/sergiolapegue.com\/site\/wp-content\/uploads\/2025\/03\/Cartas-a-mi-hijo-Federico-Garcia-Lorca-5-1536x853.jpg 1536w, https:\/\/sergiolapegue.com\/site\/wp-content\/uploads\/2025\/03\/Cartas-a-mi-hijo-Federico-Garcia-Lorca-5-756x420.jpg 756w, https:\/\/sergiolapegue.com\/site\/wp-content\/uploads\/2025\/03\/Cartas-a-mi-hijo-Federico-Garcia-Lorca-5-696x387.jpg 696w, https:\/\/sergiolapegue.com\/site\/wp-content\/uploads\/2025\/03\/Cartas-a-mi-hijo-Federico-Garcia-Lorca-5-1068x593.jpg 1068w, https:\/\/sergiolapegue.com\/site\/wp-content\/uploads\/2025\/03\/Cartas-a-mi-hijo-Federico-Garcia-Lorca-5.jpg 1600w\" sizes=\"auto, (max-width: 1024px) 100vw, 1024px\" \/><\/figure>\n\n\n\n<p><strong>\u00cdTACA COMPLEJO TEATRAL<\/strong><\/p>\n\n\n\n<p>Humahuaca 4027 \u2013 Capital Federal \u2013 Buenos Aires \u2013 Argentina<\/p>\n\n\n\n<p>Tel\u00e9fono: 7549-3926 \u2013 WhatsApp: 11 6 669 4027<\/p>\n\n\n\n<p>Web: <a href=\"https:\/\/www.instagram.com\/itacacomplejoteatral\/\">https:\/\/www.instagram.com\/itacacomplejoteatral\/<\/a><\/p>\n\n\n\n<p>Entradas: $ 15.000 \u2013 en boleter\u00eda del teatro o por Alternativa Teatral<\/p>\n\n\n\n<p>Funciones: Viernes 20:15 horas &#8211; Del 06\/06\/2025 al 25\/07\/2025 <\/p>\n\n\n\n<p>Gracias Tommy Pashkus Agencia por acercarnos la gacetilla de prensa del estreno de este espect\u00e1culo.<\/p>\n\n\n\n<p><\/p>\n\n\n\n<figure class=\"wp-block-image size-large is-resized\"><img loading=\"lazy\" decoding=\"async\" width=\"819\" height=\"1024\" src=\"https:\/\/sergiolapegue.com\/site\/wp-content\/uploads\/2025\/03\/Cartas-a-mi-hijo-Federico-Garcia-Lorca-Maria-Maarta-Guitart-819x1024.webp\" alt=\"\" class=\"wp-image-21657\" style=\"width:335px;height:auto\" srcset=\"https:\/\/sergiolapegue.com\/site\/wp-content\/uploads\/2025\/03\/Cartas-a-mi-hijo-Federico-Garcia-Lorca-Maria-Maarta-Guitart-819x1024.webp 819w, https:\/\/sergiolapegue.com\/site\/wp-content\/uploads\/2025\/03\/Cartas-a-mi-hijo-Federico-Garcia-Lorca-Maria-Maarta-Guitart-240x300.webp 240w, https:\/\/sergiolapegue.com\/site\/wp-content\/uploads\/2025\/03\/Cartas-a-mi-hijo-Federico-Garcia-Lorca-Maria-Maarta-Guitart-768x960.webp 768w, https:\/\/sergiolapegue.com\/site\/wp-content\/uploads\/2025\/03\/Cartas-a-mi-hijo-Federico-Garcia-Lorca-Maria-Maarta-Guitart-336x420.webp 336w, https:\/\/sergiolapegue.com\/site\/wp-content\/uploads\/2025\/03\/Cartas-a-mi-hijo-Federico-Garcia-Lorca-Maria-Maarta-Guitart-696x870.webp 696w, https:\/\/sergiolapegue.com\/site\/wp-content\/uploads\/2025\/03\/Cartas-a-mi-hijo-Federico-Garcia-Lorca-Maria-Maarta-Guitart-1068x1335.webp 1068w, https:\/\/sergiolapegue.com\/site\/wp-content\/uploads\/2025\/03\/Cartas-a-mi-hijo-Federico-Garcia-Lorca-Maria-Maarta-Guitart.webp 1080w\" sizes=\"auto, (max-width: 819px) 100vw, 819px\" \/><\/figure>\n\n\n\n<p><strong>SOBRE<\/strong>&nbsp;<strong>MAR\u00cdA MARTA GUITART<\/strong><\/p>\n\n\n\n<p>Es actriz, poeta, cantante y Locutora Nacional. Se form\u00f3 en la Escuela Nacional de Arte Dram\u00e1tico y con maestros como Julio Ch\u00e1vez, C\u00e9sar Brie, Anal\u00eda Couceyro, Ver\u00f3nica Odd\u00f3 y Luisa Calcumil. Curs\u00f3 dos a\u00f1os de la Licenciatura en Artes del Teatro en la UNA.<\/p>\n\n\n\n<p>Ha recibido premios y nominaciones como actriz y dramaturga, entre los m\u00e1s relevantes el Premio Mayor Teatro del Mundo en el rubro Adaptaci\u00f3n de texto por su espect\u00e1culo &#8220;Cartas a mi hijo Federico&#8221;; fue destacada en el rubro Trabajo Adaptaci\u00f3n de texto por su obra Gabriela Infinita, sobre poemas de Gabriela Mistral (2016); recibi\u00f3 el premio Mejor Actriz en el Festival internacional de Teatro de Mar Chiquita (2012) y obtuvo dos nominaciones a los premios Luisa Vehil por Golpes a mi Puerta y Las Mujeres del General.<\/p>\n\n\n\n<p>En 1997 comenz\u00f3 a llevar el teatro y la poes\u00eda de Federico Garc\u00eda Lorca y otros poetas por Buenos Aires, actuando en colectivos, pr\u00e1ctica renovadora que continu\u00f3 por m\u00e1s de diez a\u00f1os. En 2017 particip\u00f3 del documental espa\u00f1ol Luna Grande, un tango por Federico Garc\u00eda Lorca, ganador del premio del p\u00fablico en el Festival de Cine de Huelva. En 2023 realiz\u00f3 la gira nacional Un Mar de Federico, a 125 a\u00f1os del nacimiento del poeta de la inmensidad, con Canto a Federico, el poeta regresa, espect\u00e1culo seleccionado por Impulsar Mica.<\/p>\n\n\n\n<p><\/p>\n","protected":false},"excerpt":{"rendered":"<p>El&nbsp;domingo 6 de abril, a las 16:30 horas, subi\u00f3 a escena&nbsp;&#8220;Cartas a mi hijo Federico Garc\u00eda Lorca&#8221;,&nbsp;una obra de Mar\u00eda Marta Guitart, quien tambi\u00e9n protagoniza y esta acompa\u00f1ada por Daiana Moreno a cargo de musicalizar con su violoncello&nbsp;en el&nbsp;Complejo Teatral \u00cdtaca, las funciones son los d\u00edas domingos de Abril y Mayo a las 16:300 horas. [&hellip;]<\/p>\n","protected":false},"author":3,"featured_media":21658,"comment_status":"open","ping_status":"closed","sticky":false,"template":"","format":"standard","meta":{"footnotes":""},"categories":[34,35],"tags":[],"class_list":{"0":"post-21653","1":"post","2":"type-post","3":"status-publish","4":"format-standard","5":"has-post-thumbnail","7":"category-arte","8":"category-teatro"},"yoast_head":"<!-- This site is optimized with the Yoast SEO plugin v27.4 - https:\/\/yoast.com\/product\/yoast-seo-wordpress\/ -->\n<title>\u201cCARTAS A MI HIJOFEDERICO GARC\u00cdA LORCA\u201d - Sergio Lapegue<\/title>\n<meta name=\"robots\" content=\"index, follow, max-snippet:-1, max-image-preview:large, max-video-preview:-1\" \/>\n<link rel=\"canonical\" href=\"https:\/\/sergiolapegue.com\/site\/2025\/05\/31\/cartas-a-mi-hijofederico-garcia-lorca\/\" \/>\n<meta property=\"og:locale\" content=\"es_ES\" \/>\n<meta property=\"og:type\" content=\"article\" \/>\n<meta property=\"og:title\" content=\"\u201cCARTAS A MI HIJOFEDERICO GARC\u00cdA LORCA\u201d - Sergio Lapegue\" \/>\n<meta property=\"og:description\" content=\"El&nbsp;domingo 6 de abril, a las 16:30 horas, subi\u00f3 a escena&nbsp;&#8220;Cartas a mi hijo Federico Garc\u00eda Lorca&#8221;,&nbsp;una obra de Mar\u00eda Marta Guitart, quien tambi\u00e9n protagoniza y esta acompa\u00f1ada por Daiana Moreno a cargo de musicalizar con su violoncello&nbsp;en el&nbsp;Complejo Teatral \u00cdtaca, las funciones son los d\u00edas domingos de Abril y Mayo a las 16:300 horas. [&hellip;]\" \/>\n<meta property=\"og:url\" content=\"https:\/\/sergiolapegue.com\/site\/2025\/05\/31\/cartas-a-mi-hijofederico-garcia-lorca\/\" \/>\n<meta property=\"og:site_name\" content=\"Sergio Lapegue\" \/>\n<meta property=\"article:publisher\" content=\"https:\/\/facebook.com\/sergiolapegue\" \/>\n<meta property=\"article:author\" content=\"https:\/\/facebook.com\/danielernesto.montana\" \/>\n<meta property=\"article:published_time\" content=\"2025-05-31T16:00:00+00:00\" \/>\n<meta property=\"article:modified_time\" content=\"2025-06-05T17:42:16+00:00\" \/>\n<meta property=\"og:image\" content=\"https:\/\/sergiolapegue.com\/site\/wp-content\/uploads\/2025\/03\/Cartas-a-mi-hijo-Federico-Garcia-Lorca.jpg\" \/>\n\t<meta property=\"og:image:width\" content=\"1350\" \/>\n\t<meta property=\"og:image:height\" content=\"1688\" \/>\n\t<meta property=\"og:image:type\" content=\"image\/jpeg\" \/>\n<meta name=\"author\" content=\"Daniel E. Monta\u00f1a\" \/>\n<meta name=\"twitter:card\" content=\"summary_large_image\" \/>\n<meta name=\"twitter:creator\" content=\"@https:\/\/twitter.com\/daner_004\" \/>\n<meta name=\"twitter:site\" content=\"@sergiolapegue\" \/>\n<meta name=\"twitter:label1\" content=\"Escrito por\" \/>\n\t<meta name=\"twitter:data1\" content=\"Daniel E. Monta\u00f1a\" \/>\n\t<meta name=\"twitter:label2\" content=\"Tiempo de lectura\" \/>\n\t<meta name=\"twitter:data2\" content=\"5 minutos\" \/>\n<script type=\"application\/ld+json\" class=\"yoast-schema-graph\">{\"@context\":\"https:\\\/\\\/schema.org\",\"@graph\":[{\"@type\":\"Article\",\"@id\":\"https:\\\/\\\/sergiolapegue.com\\\/site\\\/2025\\\/05\\\/31\\\/cartas-a-mi-hijofederico-garcia-lorca\\\/#article\",\"isPartOf\":{\"@id\":\"https:\\\/\\\/sergiolapegue.com\\\/site\\\/2025\\\/05\\\/31\\\/cartas-a-mi-hijofederico-garcia-lorca\\\/\"},\"author\":{\"name\":\"Daniel E. Monta\u00f1a\",\"@id\":\"https:\\\/\\\/sergiolapegue.com\\\/site\\\/#\\\/schema\\\/person\\\/9198e7dbab43c6d74d0fd5399af7c3cd\"},\"headline\":\"\u201cCARTAS A MI HIJOFEDERICO GARC\u00cdA LORCA\u201d\",\"datePublished\":\"2025-05-31T16:00:00+00:00\",\"dateModified\":\"2025-06-05T17:42:16+00:00\",\"mainEntityOfPage\":{\"@id\":\"https:\\\/\\\/sergiolapegue.com\\\/site\\\/2025\\\/05\\\/31\\\/cartas-a-mi-hijofederico-garcia-lorca\\\/\"},\"wordCount\":839,\"commentCount\":0,\"publisher\":{\"@id\":\"https:\\\/\\\/sergiolapegue.com\\\/site\\\/#\\\/schema\\\/person\\\/083aeceeb0734cd166779ea6c0551a37\"},\"image\":{\"@id\":\"https:\\\/\\\/sergiolapegue.com\\\/site\\\/2025\\\/05\\\/31\\\/cartas-a-mi-hijofederico-garcia-lorca\\\/#primaryimage\"},\"thumbnailUrl\":\"https:\\\/\\\/sergiolapegue.com\\\/site\\\/wp-content\\\/uploads\\\/2025\\\/03\\\/Cartas-a-mi-hijo-Federico-Garcia-Lorca.jpg\",\"articleSection\":[\"Arte\",\"Teatro\"],\"inLanguage\":\"es-AR\",\"potentialAction\":[{\"@type\":\"CommentAction\",\"name\":\"Comment\",\"target\":[\"https:\\\/\\\/sergiolapegue.com\\\/site\\\/2025\\\/05\\\/31\\\/cartas-a-mi-hijofederico-garcia-lorca\\\/#respond\"]}]},{\"@type\":\"WebPage\",\"@id\":\"https:\\\/\\\/sergiolapegue.com\\\/site\\\/2025\\\/05\\\/31\\\/cartas-a-mi-hijofederico-garcia-lorca\\\/\",\"url\":\"https:\\\/\\\/sergiolapegue.com\\\/site\\\/2025\\\/05\\\/31\\\/cartas-a-mi-hijofederico-garcia-lorca\\\/\",\"name\":\"\u201cCARTAS A MI HIJOFEDERICO GARC\u00cdA LORCA\u201d - Sergio Lapegue\",\"isPartOf\":{\"@id\":\"https:\\\/\\\/sergiolapegue.com\\\/site\\\/#website\"},\"primaryImageOfPage\":{\"@id\":\"https:\\\/\\\/sergiolapegue.com\\\/site\\\/2025\\\/05\\\/31\\\/cartas-a-mi-hijofederico-garcia-lorca\\\/#primaryimage\"},\"image\":{\"@id\":\"https:\\\/\\\/sergiolapegue.com\\\/site\\\/2025\\\/05\\\/31\\\/cartas-a-mi-hijofederico-garcia-lorca\\\/#primaryimage\"},\"thumbnailUrl\":\"https:\\\/\\\/sergiolapegue.com\\\/site\\\/wp-content\\\/uploads\\\/2025\\\/03\\\/Cartas-a-mi-hijo-Federico-Garcia-Lorca.jpg\",\"datePublished\":\"2025-05-31T16:00:00+00:00\",\"dateModified\":\"2025-06-05T17:42:16+00:00\",\"breadcrumb\":{\"@id\":\"https:\\\/\\\/sergiolapegue.com\\\/site\\\/2025\\\/05\\\/31\\\/cartas-a-mi-hijofederico-garcia-lorca\\\/#breadcrumb\"},\"inLanguage\":\"es-AR\",\"potentialAction\":[{\"@type\":\"ReadAction\",\"target\":[\"https:\\\/\\\/sergiolapegue.com\\\/site\\\/2025\\\/05\\\/31\\\/cartas-a-mi-hijofederico-garcia-lorca\\\/\"]}]},{\"@type\":\"ImageObject\",\"inLanguage\":\"es-AR\",\"@id\":\"https:\\\/\\\/sergiolapegue.com\\\/site\\\/2025\\\/05\\\/31\\\/cartas-a-mi-hijofederico-garcia-lorca\\\/#primaryimage\",\"url\":\"https:\\\/\\\/sergiolapegue.com\\\/site\\\/wp-content\\\/uploads\\\/2025\\\/03\\\/Cartas-a-mi-hijo-Federico-Garcia-Lorca.jpg\",\"contentUrl\":\"https:\\\/\\\/sergiolapegue.com\\\/site\\\/wp-content\\\/uploads\\\/2025\\\/03\\\/Cartas-a-mi-hijo-Federico-Garcia-Lorca.jpg\",\"width\":1350,\"height\":1688},{\"@type\":\"BreadcrumbList\",\"@id\":\"https:\\\/\\\/sergiolapegue.com\\\/site\\\/2025\\\/05\\\/31\\\/cartas-a-mi-hijofederico-garcia-lorca\\\/#breadcrumb\",\"itemListElement\":[{\"@type\":\"ListItem\",\"position\":1,\"name\":\"Inicio\",\"item\":\"https:\\\/\\\/sergiolapegue.com\\\/site\\\/\"},{\"@type\":\"ListItem\",\"position\":2,\"name\":\"\u201cCARTAS A MI HIJOFEDERICO GARC\u00cdA LORCA\u201d\"}]},{\"@type\":\"WebSite\",\"@id\":\"https:\\\/\\\/sergiolapegue.com\\\/site\\\/#website\",\"url\":\"https:\\\/\\\/sergiolapegue.com\\\/site\\\/\",\"name\":\"Sergio Lapegue\",\"description\":\"Periodista\",\"publisher\":{\"@id\":\"https:\\\/\\\/sergiolapegue.com\\\/site\\\/#\\\/schema\\\/person\\\/083aeceeb0734cd166779ea6c0551a37\"},\"potentialAction\":[{\"@type\":\"SearchAction\",\"target\":{\"@type\":\"EntryPoint\",\"urlTemplate\":\"https:\\\/\\\/sergiolapegue.com\\\/site\\\/?s={search_term_string}\"},\"query-input\":{\"@type\":\"PropertyValueSpecification\",\"valueRequired\":true,\"valueName\":\"search_term_string\"}}],\"inLanguage\":\"es-AR\"},{\"@type\":[\"Person\",\"Organization\"],\"@id\":\"https:\\\/\\\/sergiolapegue.com\\\/site\\\/#\\\/schema\\\/person\\\/083aeceeb0734cd166779ea6c0551a37\",\"name\":\"Sergio Lapegue\",\"image\":{\"@type\":\"ImageObject\",\"inLanguage\":\"es-AR\",\"@id\":\"https:\\\/\\\/sergiolapegue.com\\\/site\\\/wp-content\\\/uploads\\\/2021\\\/04\\\/logo_header-1.png\",\"url\":\"https:\\\/\\\/sergiolapegue.com\\\/site\\\/wp-content\\\/uploads\\\/2021\\\/04\\\/logo_header-1.png\",\"contentUrl\":\"https:\\\/\\\/sergiolapegue.com\\\/site\\\/wp-content\\\/uploads\\\/2021\\\/04\\\/logo_header-1.png\",\"width\":272,\"height\":90,\"caption\":\"Sergio Lapegue\"},\"logo\":{\"@id\":\"https:\\\/\\\/sergiolapegue.com\\\/site\\\/wp-content\\\/uploads\\\/2021\\\/04\\\/logo_header-1.png\"},\"sameAs\":[\"https:\\\/\\\/facebook.com\\\/sergiolapegue\",\"https:\\\/\\\/instagram.com\\\/sergiolapegue\",\"https:\\\/\\\/x.com\\\/https:\\\/\\\/twitter.com\\\/sergiolapegue\"]},{\"@type\":\"Person\",\"@id\":\"https:\\\/\\\/sergiolapegue.com\\\/site\\\/#\\\/schema\\\/person\\\/9198e7dbab43c6d74d0fd5399af7c3cd\",\"name\":\"Daniel E. Monta\u00f1a\",\"image\":{\"@type\":\"ImageObject\",\"inLanguage\":\"es-AR\",\"@id\":\"https:\\\/\\\/sergiolapegue.com\\\/site\\\/wp-content\\\/uploads\\\/2021\\\/04\\\/sl_avatar_Daniel-150x150.jpg\",\"url\":\"https:\\\/\\\/sergiolapegue.com\\\/site\\\/wp-content\\\/uploads\\\/2021\\\/04\\\/sl_avatar_Daniel-150x150.jpg\",\"contentUrl\":\"https:\\\/\\\/sergiolapegue.com\\\/site\\\/wp-content\\\/uploads\\\/2021\\\/04\\\/sl_avatar_Daniel-150x150.jpg\",\"caption\":\"Daniel E. Monta\u00f1a\"},\"sameAs\":[\"https:\\\/\\\/facebook.com\\\/danielernesto.montana\",\"https:\\\/\\\/instagram.com\\\/daniel_montana1961\",\"https:\\\/\\\/x.com\\\/https:\\\/\\\/twitter.com\\\/daner_004\"],\"url\":\"https:\\\/\\\/sergiolapegue.com\\\/site\\\/author\\\/daniel\\\/\"}]}<\/script>\n<!-- \/ Yoast SEO plugin. -->","yoast_head_json":{"title":"\u201cCARTAS A MI HIJOFEDERICO GARC\u00cdA LORCA\u201d - Sergio Lapegue","robots":{"index":"index","follow":"follow","max-snippet":"max-snippet:-1","max-image-preview":"max-image-preview:large","max-video-preview":"max-video-preview:-1"},"canonical":"https:\/\/sergiolapegue.com\/site\/2025\/05\/31\/cartas-a-mi-hijofederico-garcia-lorca\/","og_locale":"es_ES","og_type":"article","og_title":"\u201cCARTAS A MI HIJOFEDERICO GARC\u00cdA LORCA\u201d - Sergio Lapegue","og_description":"El&nbsp;domingo 6 de abril, a las 16:30 horas, subi\u00f3 a escena&nbsp;&#8220;Cartas a mi hijo Federico Garc\u00eda Lorca&#8221;,&nbsp;una obra de Mar\u00eda Marta Guitart, quien tambi\u00e9n protagoniza y esta acompa\u00f1ada por Daiana Moreno a cargo de musicalizar con su violoncello&nbsp;en el&nbsp;Complejo Teatral \u00cdtaca, las funciones son los d\u00edas domingos de Abril y Mayo a las 16:300 horas. [&hellip;]","og_url":"https:\/\/sergiolapegue.com\/site\/2025\/05\/31\/cartas-a-mi-hijofederico-garcia-lorca\/","og_site_name":"Sergio Lapegue","article_publisher":"https:\/\/facebook.com\/sergiolapegue","article_author":"https:\/\/facebook.com\/danielernesto.montana","article_published_time":"2025-05-31T16:00:00+00:00","article_modified_time":"2025-06-05T17:42:16+00:00","og_image":[{"width":1350,"height":1688,"url":"https:\/\/sergiolapegue.com\/site\/wp-content\/uploads\/2025\/03\/Cartas-a-mi-hijo-Federico-Garcia-Lorca.jpg","type":"image\/jpeg"}],"author":"Daniel E. Monta\u00f1a","twitter_card":"summary_large_image","twitter_creator":"@https:\/\/twitter.com\/daner_004","twitter_site":"@sergiolapegue","twitter_misc":{"Escrito por":"Daniel E. Monta\u00f1a","Tiempo de lectura":"5 minutos"},"schema":{"@context":"https:\/\/schema.org","@graph":[{"@type":"Article","@id":"https:\/\/sergiolapegue.com\/site\/2025\/05\/31\/cartas-a-mi-hijofederico-garcia-lorca\/#article","isPartOf":{"@id":"https:\/\/sergiolapegue.com\/site\/2025\/05\/31\/cartas-a-mi-hijofederico-garcia-lorca\/"},"author":{"name":"Daniel E. Monta\u00f1a","@id":"https:\/\/sergiolapegue.com\/site\/#\/schema\/person\/9198e7dbab43c6d74d0fd5399af7c3cd"},"headline":"\u201cCARTAS A MI HIJOFEDERICO GARC\u00cdA LORCA\u201d","datePublished":"2025-05-31T16:00:00+00:00","dateModified":"2025-06-05T17:42:16+00:00","mainEntityOfPage":{"@id":"https:\/\/sergiolapegue.com\/site\/2025\/05\/31\/cartas-a-mi-hijofederico-garcia-lorca\/"},"wordCount":839,"commentCount":0,"publisher":{"@id":"https:\/\/sergiolapegue.com\/site\/#\/schema\/person\/083aeceeb0734cd166779ea6c0551a37"},"image":{"@id":"https:\/\/sergiolapegue.com\/site\/2025\/05\/31\/cartas-a-mi-hijofederico-garcia-lorca\/#primaryimage"},"thumbnailUrl":"https:\/\/sergiolapegue.com\/site\/wp-content\/uploads\/2025\/03\/Cartas-a-mi-hijo-Federico-Garcia-Lorca.jpg","articleSection":["Arte","Teatro"],"inLanguage":"es-AR","potentialAction":[{"@type":"CommentAction","name":"Comment","target":["https:\/\/sergiolapegue.com\/site\/2025\/05\/31\/cartas-a-mi-hijofederico-garcia-lorca\/#respond"]}]},{"@type":"WebPage","@id":"https:\/\/sergiolapegue.com\/site\/2025\/05\/31\/cartas-a-mi-hijofederico-garcia-lorca\/","url":"https:\/\/sergiolapegue.com\/site\/2025\/05\/31\/cartas-a-mi-hijofederico-garcia-lorca\/","name":"\u201cCARTAS A MI HIJOFEDERICO GARC\u00cdA LORCA\u201d - Sergio Lapegue","isPartOf":{"@id":"https:\/\/sergiolapegue.com\/site\/#website"},"primaryImageOfPage":{"@id":"https:\/\/sergiolapegue.com\/site\/2025\/05\/31\/cartas-a-mi-hijofederico-garcia-lorca\/#primaryimage"},"image":{"@id":"https:\/\/sergiolapegue.com\/site\/2025\/05\/31\/cartas-a-mi-hijofederico-garcia-lorca\/#primaryimage"},"thumbnailUrl":"https:\/\/sergiolapegue.com\/site\/wp-content\/uploads\/2025\/03\/Cartas-a-mi-hijo-Federico-Garcia-Lorca.jpg","datePublished":"2025-05-31T16:00:00+00:00","dateModified":"2025-06-05T17:42:16+00:00","breadcrumb":{"@id":"https:\/\/sergiolapegue.com\/site\/2025\/05\/31\/cartas-a-mi-hijofederico-garcia-lorca\/#breadcrumb"},"inLanguage":"es-AR","potentialAction":[{"@type":"ReadAction","target":["https:\/\/sergiolapegue.com\/site\/2025\/05\/31\/cartas-a-mi-hijofederico-garcia-lorca\/"]}]},{"@type":"ImageObject","inLanguage":"es-AR","@id":"https:\/\/sergiolapegue.com\/site\/2025\/05\/31\/cartas-a-mi-hijofederico-garcia-lorca\/#primaryimage","url":"https:\/\/sergiolapegue.com\/site\/wp-content\/uploads\/2025\/03\/Cartas-a-mi-hijo-Federico-Garcia-Lorca.jpg","contentUrl":"https:\/\/sergiolapegue.com\/site\/wp-content\/uploads\/2025\/03\/Cartas-a-mi-hijo-Federico-Garcia-Lorca.jpg","width":1350,"height":1688},{"@type":"BreadcrumbList","@id":"https:\/\/sergiolapegue.com\/site\/2025\/05\/31\/cartas-a-mi-hijofederico-garcia-lorca\/#breadcrumb","itemListElement":[{"@type":"ListItem","position":1,"name":"Inicio","item":"https:\/\/sergiolapegue.com\/site\/"},{"@type":"ListItem","position":2,"name":"\u201cCARTAS A MI HIJOFEDERICO GARC\u00cdA LORCA\u201d"}]},{"@type":"WebSite","@id":"https:\/\/sergiolapegue.com\/site\/#website","url":"https:\/\/sergiolapegue.com\/site\/","name":"Sergio Lapegue","description":"Periodista","publisher":{"@id":"https:\/\/sergiolapegue.com\/site\/#\/schema\/person\/083aeceeb0734cd166779ea6c0551a37"},"potentialAction":[{"@type":"SearchAction","target":{"@type":"EntryPoint","urlTemplate":"https:\/\/sergiolapegue.com\/site\/?s={search_term_string}"},"query-input":{"@type":"PropertyValueSpecification","valueRequired":true,"valueName":"search_term_string"}}],"inLanguage":"es-AR"},{"@type":["Person","Organization"],"@id":"https:\/\/sergiolapegue.com\/site\/#\/schema\/person\/083aeceeb0734cd166779ea6c0551a37","name":"Sergio Lapegue","image":{"@type":"ImageObject","inLanguage":"es-AR","@id":"https:\/\/sergiolapegue.com\/site\/wp-content\/uploads\/2021\/04\/logo_header-1.png","url":"https:\/\/sergiolapegue.com\/site\/wp-content\/uploads\/2021\/04\/logo_header-1.png","contentUrl":"https:\/\/sergiolapegue.com\/site\/wp-content\/uploads\/2021\/04\/logo_header-1.png","width":272,"height":90,"caption":"Sergio Lapegue"},"logo":{"@id":"https:\/\/sergiolapegue.com\/site\/wp-content\/uploads\/2021\/04\/logo_header-1.png"},"sameAs":["https:\/\/facebook.com\/sergiolapegue","https:\/\/instagram.com\/sergiolapegue","https:\/\/x.com\/https:\/\/twitter.com\/sergiolapegue"]},{"@type":"Person","@id":"https:\/\/sergiolapegue.com\/site\/#\/schema\/person\/9198e7dbab43c6d74d0fd5399af7c3cd","name":"Daniel E. Monta\u00f1a","image":{"@type":"ImageObject","inLanguage":"es-AR","@id":"https:\/\/sergiolapegue.com\/site\/wp-content\/uploads\/2021\/04\/sl_avatar_Daniel-150x150.jpg","url":"https:\/\/sergiolapegue.com\/site\/wp-content\/uploads\/2021\/04\/sl_avatar_Daniel-150x150.jpg","contentUrl":"https:\/\/sergiolapegue.com\/site\/wp-content\/uploads\/2021\/04\/sl_avatar_Daniel-150x150.jpg","caption":"Daniel E. Monta\u00f1a"},"sameAs":["https:\/\/facebook.com\/danielernesto.montana","https:\/\/instagram.com\/daniel_montana1961","https:\/\/x.com\/https:\/\/twitter.com\/daner_004"],"url":"https:\/\/sergiolapegue.com\/site\/author\/daniel\/"}]}},"_links":{"self":[{"href":"https:\/\/sergiolapegue.com\/site\/wp-json\/wp\/v2\/posts\/21653","targetHints":{"allow":["GET"]}}],"collection":[{"href":"https:\/\/sergiolapegue.com\/site\/wp-json\/wp\/v2\/posts"}],"about":[{"href":"https:\/\/sergiolapegue.com\/site\/wp-json\/wp\/v2\/types\/post"}],"author":[{"embeddable":true,"href":"https:\/\/sergiolapegue.com\/site\/wp-json\/wp\/v2\/users\/3"}],"replies":[{"embeddable":true,"href":"https:\/\/sergiolapegue.com\/site\/wp-json\/wp\/v2\/comments?post=21653"}],"version-history":[{"count":4,"href":"https:\/\/sergiolapegue.com\/site\/wp-json\/wp\/v2\/posts\/21653\/revisions"}],"predecessor-version":[{"id":23272,"href":"https:\/\/sergiolapegue.com\/site\/wp-json\/wp\/v2\/posts\/21653\/revisions\/23272"}],"wp:featuredmedia":[{"embeddable":true,"href":"https:\/\/sergiolapegue.com\/site\/wp-json\/wp\/v2\/media\/21658"}],"wp:attachment":[{"href":"https:\/\/sergiolapegue.com\/site\/wp-json\/wp\/v2\/media?parent=21653"}],"wp:term":[{"taxonomy":"category","embeddable":true,"href":"https:\/\/sergiolapegue.com\/site\/wp-json\/wp\/v2\/categories?post=21653"},{"taxonomy":"post_tag","embeddable":true,"href":"https:\/\/sergiolapegue.com\/site\/wp-json\/wp\/v2\/tags?post=21653"}],"curies":[{"name":"wp","href":"https:\/\/api.w.org\/{rel}","templated":true}]}}