{"id":21581,"date":"2025-03-23T17:00:00","date_gmt":"2025-03-23T20:00:00","guid":{"rendered":"https:\/\/sergiolapegue.com\/site\/?p=21581"},"modified":"2025-03-22T22:07:42","modified_gmt":"2025-03-23T01:07:42","slug":"yo-tambien-soy-ofelia-2","status":"publish","type":"post","link":"https:\/\/sergiolapegue.com\/site\/2025\/03\/23\/yo-tambien-soy-ofelia-2\/","title":{"rendered":"\u201cYO TAMBI\u00c9N SOY OFELIA\u201d"},"content":{"rendered":"\n<p>El Viernes 4 de Abril vuelve &#8220;Yo tambi\u00e9n soy Ofelia&#8221;, con dramaturgia, direcci\u00f3n e interpretaci\u00f3n de Victoria Mariconda,&nbsp;una versi\u00f3n perform\u00e1tica salvaje, punk, cursi y muy original&nbsp;de la tragedia de Shakespeare.<\/p>\n\n\n\n<p>Las funciones ser\u00e1n los Viernes a las 20:00 horas en el Teatro Beckett.<\/p>\n\n\n\n<figure class=\"wp-block-image size-large\"><img loading=\"lazy\" decoding=\"async\" width=\"1024\" height=\"1024\" src=\"https:\/\/sergiolapegue.com\/site\/wp-content\/uploads\/2025\/03\/Yo-tambien-soy-Ofelia-1-1024x1024.jpeg\" alt=\"\" class=\"wp-image-21582\" srcset=\"https:\/\/sergiolapegue.com\/site\/wp-content\/uploads\/2025\/03\/Yo-tambien-soy-Ofelia-1-1024x1024.jpeg 1024w, https:\/\/sergiolapegue.com\/site\/wp-content\/uploads\/2025\/03\/Yo-tambien-soy-Ofelia-1-300x300.jpeg 300w, https:\/\/sergiolapegue.com\/site\/wp-content\/uploads\/2025\/03\/Yo-tambien-soy-Ofelia-1-150x150.jpeg 150w, https:\/\/sergiolapegue.com\/site\/wp-content\/uploads\/2025\/03\/Yo-tambien-soy-Ofelia-1-768x768.jpeg 768w, https:\/\/sergiolapegue.com\/site\/wp-content\/uploads\/2025\/03\/Yo-tambien-soy-Ofelia-1-420x420.jpeg 420w, https:\/\/sergiolapegue.com\/site\/wp-content\/uploads\/2025\/03\/Yo-tambien-soy-Ofelia-1-696x696.jpeg 696w, https:\/\/sergiolapegue.com\/site\/wp-content\/uploads\/2025\/03\/Yo-tambien-soy-Ofelia-1-1068x1068.jpeg 1068w, https:\/\/sergiolapegue.com\/site\/wp-content\/uploads\/2025\/03\/Yo-tambien-soy-Ofelia-1.jpeg 1440w\" sizes=\"auto, (max-width: 1024px) 100vw, 1024px\" \/><\/figure>\n\n\n\n<p><strong>SINOPSIS<\/strong><\/p>\n\n\n\n<p>Ofelia flota en cada uno de sus miedos, se sumerge en s\u00ed misma. \u00bfQu\u00e9 lleva a Ofelia a la locura y al suicidio? \u00bfQu\u00e9 hay en com\u00fan entre Ofelia y la actriz? Yo tambi\u00e9n soy Ofelia se sumerge en el propio vac\u00edo de la int\u00e9rprete para, sin saber a d\u00f3nde salga dirigida, abrirse a las mil posibilidades de perderse en el tr\u00e1gico destino de Ofelia.<\/p>\n\n\n\n<p>Quiz\u00e1s ah\u00ed, al entregarse a la posibilidad de ya no reconocerse, al finalizar esta obra podamos &#8211; artista y espectadores- mutar de piel, parirnos a nosotros mismos, sabiendo que probablemente nos tengamos que volver a parir una o mil veces m\u00e1s.<\/p>\n\n\n\n<figure class=\"wp-block-image size-large\"><img loading=\"lazy\" decoding=\"async\" width=\"1024\" height=\"683\" src=\"https:\/\/sergiolapegue.com\/site\/wp-content\/uploads\/2025\/03\/Yo-tambien-soy-Ofelia-2-1024x683.jpg\" alt=\"\" class=\"wp-image-21583\" srcset=\"https:\/\/sergiolapegue.com\/site\/wp-content\/uploads\/2025\/03\/Yo-tambien-soy-Ofelia-2-1024x683.jpg 1024w, https:\/\/sergiolapegue.com\/site\/wp-content\/uploads\/2025\/03\/Yo-tambien-soy-Ofelia-2-300x200.jpg 300w, https:\/\/sergiolapegue.com\/site\/wp-content\/uploads\/2025\/03\/Yo-tambien-soy-Ofelia-2-768x512.jpg 768w, https:\/\/sergiolapegue.com\/site\/wp-content\/uploads\/2025\/03\/Yo-tambien-soy-Ofelia-2-630x420.jpg 630w, https:\/\/sergiolapegue.com\/site\/wp-content\/uploads\/2025\/03\/Yo-tambien-soy-Ofelia-2-696x464.jpg 696w, https:\/\/sergiolapegue.com\/site\/wp-content\/uploads\/2025\/03\/Yo-tambien-soy-Ofelia-2.jpg 1066w\" sizes=\"auto, (max-width: 1024px) 100vw, 1024px\" \/><\/figure>\n\n\n\n<p><strong>PALABRAS SOBRE LA OBRA DE SU DIRECTORA<\/strong><\/p>\n\n\n\n<p>Yo tambi\u00e9n soy Ofelia es una versi\u00f3n contempor\u00e1nea de la tragedia de Shakespeare. Tomo el personaje de Ofelia, lo hago personal, y me permito perderme en este encuentro vertiginoso. En esta obra lo tr\u00e1gico y lo c\u00f3mico conviven, as\u00ed como la ficci\u00f3n y la realidad se cruzan todo el tiempo.<\/p>\n\n\n\n<p>Y en este cruce indagamos sobre los v\u00ednculos sexo afectivos, sobre el v\u00ednculo con nosotros mismos e incluso con la existencia. En un di\u00e1logo entre distintos lenguajes, en &#8220;Yo tambi\u00e9n soy Ofelia&#8221; el texto dram\u00e1tico, el cuerpo, la performance, lo coreogr\u00e1fico, lo sonoro, la escenograf\u00eda, el vestuario, lo audiovisual, lo lum\u00ednico y el contenido documental se funden en una obra intensa, divertida y muy original. <strong>\u2013 <\/strong><strong>Victoria Mariconda<\/strong><\/p>\n\n\n\n<figure class=\"wp-block-image size-large\"><img loading=\"lazy\" decoding=\"async\" width=\"1024\" height=\"798\" src=\"https:\/\/sergiolapegue.com\/site\/wp-content\/uploads\/2025\/03\/Yo-tambien-soy-Ofelia-5-1024x798.jpg\" alt=\"\" class=\"wp-image-21584\" srcset=\"https:\/\/sergiolapegue.com\/site\/wp-content\/uploads\/2025\/03\/Yo-tambien-soy-Ofelia-5-1024x798.jpg 1024w, https:\/\/sergiolapegue.com\/site\/wp-content\/uploads\/2025\/03\/Yo-tambien-soy-Ofelia-5-300x234.jpg 300w, https:\/\/sergiolapegue.com\/site\/wp-content\/uploads\/2025\/03\/Yo-tambien-soy-Ofelia-5-768x598.jpg 768w, https:\/\/sergiolapegue.com\/site\/wp-content\/uploads\/2025\/03\/Yo-tambien-soy-Ofelia-5-539x420.jpg 539w, https:\/\/sergiolapegue.com\/site\/wp-content\/uploads\/2025\/03\/Yo-tambien-soy-Ofelia-5-696x542.jpg 696w, https:\/\/sergiolapegue.com\/site\/wp-content\/uploads\/2025\/03\/Yo-tambien-soy-Ofelia-5-1068x832.jpg 1068w, https:\/\/sergiolapegue.com\/site\/wp-content\/uploads\/2025\/03\/Yo-tambien-soy-Ofelia-5.jpg 1440w\" sizes=\"auto, (max-width: 1024px) 100vw, 1024px\" \/><\/figure>\n\n\n\n<p><strong>FICHA T\u00c9CNICO ART\u00cdSTICA<\/strong><\/p>\n\n\n\n<p><strong>Dramaturgia:<\/strong> Victoria Mariconda<\/p>\n\n\n\n<p><strong>Int\u00e9rprete:<\/strong>&nbsp;Victoria Mariconda<\/p>\n\n\n\n<p><strong>Dise\u00f1o de escenograf\u00eda:<\/strong>&nbsp;Antonela Fucenecco<\/p>\n\n\n\n<p><strong>Dise\u00f1o de vestuario:<\/strong>&nbsp;Antonela Fucenecco<\/p>\n\n\n\n<p><strong>Dise\u00f1o de luces:<\/strong>&nbsp;Lucas Orchessi<\/p>\n\n\n\n<p><strong>Direcci\u00f3n de video:<\/strong>&nbsp;Carla Rabuffetti<\/p>\n\n\n\n<p><strong>Dise\u00f1o visual:<\/strong>&nbsp;Carla Rabuffetti y Lef<\/p>\n\n\n\n<p><strong>Fotograf\u00eda:<\/strong> Carla Rabuffetti<\/p>\n\n\n\n<p><strong>Dise\u00f1o gr\u00e1fico:<\/strong>&nbsp;Mariano Furmanski<\/p>\n\n\n\n<p><strong>Coreograf\u00eda:<\/strong>&nbsp;Malena Giaquinta<\/p>\n\n\n\n<p><strong>Coach vocal:<\/strong>&nbsp;Mariana \u00c1lvarez<\/p>\n\n\n\n<p><strong>Prensa:<\/strong>&nbsp;Valeria Franchi<\/p>\n\n\n\n<p><strong>Producci\u00f3n ejecutiva:<\/strong>&nbsp;Yanina Martino<\/p>\n\n\n\n<p><strong>Asistencia de direcci\u00f3n:<\/strong>&nbsp;Marina Cacia<\/p>\n\n\n\n<p><strong>Direcci\u00f3n:<\/strong>&nbsp;Victoria Mariconda<\/p>\n\n\n\n<p><strong>Redes sociales del espect\u00e1culo:<\/strong>&nbsp;@yotambiensoyofelia&nbsp;@victoria.mariconda<\/p>\n\n\n\n<p><strong>Duraci\u00f3n del espect\u00e1culo:<\/strong>&nbsp;50 minutos<\/p>\n\n\n\n<p><strong>Clasificaci\u00f3n:<\/strong> Teatro \u2013 Presencial \u2013 Adultos \u2013 Unipersonal<\/p>\n\n\n\n<figure class=\"wp-block-image size-large\"><img loading=\"lazy\" decoding=\"async\" width=\"820\" height=\"1024\" src=\"https:\/\/sergiolapegue.com\/site\/wp-content\/uploads\/2025\/03\/Yo-tambien-soy-Ofelia-3-820x1024.jpg\" alt=\"\" class=\"wp-image-21585\" srcset=\"https:\/\/sergiolapegue.com\/site\/wp-content\/uploads\/2025\/03\/Yo-tambien-soy-Ofelia-3-820x1024.jpg 820w, https:\/\/sergiolapegue.com\/site\/wp-content\/uploads\/2025\/03\/Yo-tambien-soy-Ofelia-3-240x300.jpg 240w, https:\/\/sergiolapegue.com\/site\/wp-content\/uploads\/2025\/03\/Yo-tambien-soy-Ofelia-3-768x959.jpg 768w, https:\/\/sergiolapegue.com\/site\/wp-content\/uploads\/2025\/03\/Yo-tambien-soy-Ofelia-3-1229x1536.jpg 1229w, https:\/\/sergiolapegue.com\/site\/wp-content\/uploads\/2025\/03\/Yo-tambien-soy-Ofelia-3-336x420.jpg 336w, https:\/\/sergiolapegue.com\/site\/wp-content\/uploads\/2025\/03\/Yo-tambien-soy-Ofelia-3-696x870.jpg 696w, https:\/\/sergiolapegue.com\/site\/wp-content\/uploads\/2025\/03\/Yo-tambien-soy-Ofelia-3-1068x1334.jpg 1068w, https:\/\/sergiolapegue.com\/site\/wp-content\/uploads\/2025\/03\/Yo-tambien-soy-Ofelia-3.jpg 1440w\" sizes=\"auto, (max-width: 820px) 100vw, 820px\" \/><\/figure>\n\n\n\n<p><strong>BECKETT TEATRO<\/strong><\/p>\n\n\n\n<p>Guardia Vieja 3556 \u2013 Capital Federal \u2013 Buenos .aires \u2013 Argentina<\/p>\n\n\n\n<p>Tel\u00e9fono: 4867-5185<\/p>\n\n\n\n<p>Web: <a href=\"http:\/\/teatrobeckett.com\/\">http:\/\/teatrobeckett.com\/<\/a><\/p>\n\n\n\n<p>Entradas: $ 12.000 \u2013 en boleter\u00eda del teatro o por Alternativa Teatral \u2013 Link: &nbsp;<\/p>\n\n\n\n<p><a href=\"https:\/\/publico.alternativateatral.com\/entradas91208-yo-tambien-soy-ofelia?o=14\">https:\/\/publico.alternativateatral.com\/entradas91208-yo-tambien-soy-ofelia?o=14<\/a><\/p>\n\n\n\n<p>Funciones: Viernes 20:00 horas \u2013 Del 04\/04\/2025 al 30\/05\/2025<\/p>\n\n\n\n<p>Gracias Valeria Franchi por acercarnos la gacetilla de prensa del reestreno de este espect\u00e1culo.<\/p>\n\n\n\n<p><\/p>\n\n\n\n<figure class=\"wp-block-image size-full is-resized\"><img loading=\"lazy\" decoding=\"async\" width=\"509\" height=\"550\" src=\"https:\/\/sergiolapegue.com\/site\/wp-content\/uploads\/2025\/03\/Yo-tambien-soy-Ofelia-Victoria-Mariconda.jpeg\" alt=\"\" class=\"wp-image-21586\" style=\"width:338px;height:auto\" srcset=\"https:\/\/sergiolapegue.com\/site\/wp-content\/uploads\/2025\/03\/Yo-tambien-soy-Ofelia-Victoria-Mariconda.jpeg 509w, https:\/\/sergiolapegue.com\/site\/wp-content\/uploads\/2025\/03\/Yo-tambien-soy-Ofelia-Victoria-Mariconda-278x300.jpeg 278w, https:\/\/sergiolapegue.com\/site\/wp-content\/uploads\/2025\/03\/Yo-tambien-soy-Ofelia-Victoria-Mariconda-389x420.jpeg 389w\" sizes=\"auto, (max-width: 509px) 100vw, 509px\" \/><\/figure>\n\n\n\n<p><strong>SOBRE VICTORIA MARICONDA<\/strong><\/p>\n\n\n\n<p>Licenciada en actuaci\u00f3n de la Universidad Nacional de las Artes. Con m\u00e1s de 15 a\u00f1os de trayectoria en teatro y artes perform\u00e1ticas. Comenz\u00f3 en la provincia de Mendoza, luego en el 2010 se traslada a la Capital Federal donde se forma con Alejandro Catal\u00e1n, Guillermo Cacace, Anal\u00eda Couceyro, Stella Gallazzi, Pompeyo Audivert y Sergio Boris. Como actriz trabaj\u00f3 con directores como Guillermo Cacace, Pablo Novak y Julio Molina.<\/p>\n\n\n\n<p>Entre sus trabajos perform\u00e1ticos m\u00e1s destacados se encuentran \u201cEl casamiento con la eternidad\u201d de Marta Minujin (MALBA 2023), Shows de Marilina Bertoldi y LOUTA con giras por el pa\u00eds, \u201cProyecto Border In\u201d (Latin Arab Film Festival), \u201cRecorridos fantasmales\u201d creaci\u00f3n propia (C. C. Recoleta), y la fotograf\u00eda \u201cAlegr\u00eda\u201d de Marcos L\u00f3pez. Particip\u00f3 en la Bienal de Arte Joven 2022, en el XI Festival de Shakespeare de Bs As y en el FIBA 2020.<\/p>\n\n\n\n<p><\/p>\n","protected":false},"excerpt":{"rendered":"<p>El Viernes 4 de Abril vuelve &#8220;Yo tambi\u00e9n soy Ofelia&#8221;, con dramaturgia, direcci\u00f3n e interpretaci\u00f3n de Victoria Mariconda,&nbsp;una versi\u00f3n perform\u00e1tica salvaje, punk, cursi y muy original&nbsp;de la tragedia de Shakespeare. Las funciones ser\u00e1n los Viernes a las 20:00 horas en el Teatro Beckett. SINOPSIS Ofelia flota en cada uno de sus miedos, se sumerge en [&hellip;]<\/p>\n","protected":false},"author":3,"featured_media":21587,"comment_status":"open","ping_status":"closed","sticky":false,"template":"","format":"standard","meta":{"footnotes":""},"categories":[34,35],"tags":[],"class_list":{"0":"post-21581","1":"post","2":"type-post","3":"status-publish","4":"format-standard","5":"has-post-thumbnail","7":"category-arte","8":"category-teatro"},"yoast_head":"<!-- This site is optimized with the Yoast SEO plugin v27.5 - https:\/\/yoast.com\/product\/yoast-seo-wordpress\/ -->\n<title>\u201cYO TAMBI\u00c9N SOY OFELIA\u201d - Sergio Lapegue<\/title>\n<meta name=\"robots\" content=\"index, follow, max-snippet:-1, max-image-preview:large, max-video-preview:-1\" \/>\n<link rel=\"canonical\" href=\"https:\/\/sergiolapegue.com\/site\/2025\/03\/23\/yo-tambien-soy-ofelia-2\/\" \/>\n<meta property=\"og:locale\" content=\"es_ES\" \/>\n<meta property=\"og:type\" content=\"article\" \/>\n<meta property=\"og:title\" content=\"\u201cYO TAMBI\u00c9N SOY OFELIA\u201d - Sergio Lapegue\" \/>\n<meta property=\"og:description\" content=\"El Viernes 4 de Abril vuelve &#8220;Yo tambi\u00e9n soy Ofelia&#8221;, con dramaturgia, direcci\u00f3n e interpretaci\u00f3n de Victoria Mariconda,&nbsp;una versi\u00f3n perform\u00e1tica salvaje, punk, cursi y muy original&nbsp;de la tragedia de Shakespeare. Las funciones ser\u00e1n los Viernes a las 20:00 horas en el Teatro Beckett. SINOPSIS Ofelia flota en cada uno de sus miedos, se sumerge en [&hellip;]\" \/>\n<meta property=\"og:url\" content=\"https:\/\/sergiolapegue.com\/site\/2025\/03\/23\/yo-tambien-soy-ofelia-2\/\" \/>\n<meta property=\"og:site_name\" content=\"Sergio Lapegue\" \/>\n<meta property=\"article:publisher\" content=\"https:\/\/facebook.com\/sergiolapegue\" \/>\n<meta property=\"article:author\" content=\"https:\/\/facebook.com\/danielernesto.montana\" \/>\n<meta property=\"article:published_time\" content=\"2025-03-23T20:00:00+00:00\" \/>\n<meta property=\"og:image\" content=\"https:\/\/sergiolapegue.com\/site\/wp-content\/uploads\/2025\/03\/Yo-tambien-soy-Ofelia.jpeg\" \/>\n\t<meta property=\"og:image:width\" content=\"517\" \/>\n\t<meta property=\"og:image:height\" content=\"535\" \/>\n\t<meta property=\"og:image:type\" content=\"image\/jpeg\" \/>\n<meta name=\"author\" content=\"Daniel E. Monta\u00f1a\" \/>\n<meta name=\"twitter:card\" content=\"summary_large_image\" \/>\n<meta name=\"twitter:creator\" content=\"@https:\/\/twitter.com\/daner_004\" \/>\n<meta name=\"twitter:site\" content=\"@sergiolapegue\" \/>\n<meta name=\"twitter:label1\" content=\"Escrito por\" \/>\n\t<meta name=\"twitter:data1\" content=\"Daniel E. Monta\u00f1a\" \/>\n\t<meta name=\"twitter:label2\" content=\"Tiempo de lectura\" \/>\n\t<meta name=\"twitter:data2\" content=\"4 minutos\" \/>\n<script type=\"application\/ld+json\" class=\"yoast-schema-graph\">{\"@context\":\"https:\\\/\\\/schema.org\",\"@graph\":[{\"@type\":\"Article\",\"@id\":\"https:\\\/\\\/sergiolapegue.com\\\/site\\\/2025\\\/03\\\/23\\\/yo-tambien-soy-ofelia-2\\\/#article\",\"isPartOf\":{\"@id\":\"https:\\\/\\\/sergiolapegue.com\\\/site\\\/2025\\\/03\\\/23\\\/yo-tambien-soy-ofelia-2\\\/\"},\"author\":{\"name\":\"Daniel E. Monta\u00f1a\",\"@id\":\"https:\\\/\\\/sergiolapegue.com\\\/site\\\/#\\\/schema\\\/person\\\/9198e7dbab43c6d74d0fd5399af7c3cd\"},\"headline\":\"\u201cYO TAMBI\u00c9N SOY OFELIA\u201d\",\"datePublished\":\"2025-03-23T20:00:00+00:00\",\"mainEntityOfPage\":{\"@id\":\"https:\\\/\\\/sergiolapegue.com\\\/site\\\/2025\\\/03\\\/23\\\/yo-tambien-soy-ofelia-2\\\/\"},\"wordCount\":631,\"commentCount\":0,\"publisher\":{\"@id\":\"https:\\\/\\\/sergiolapegue.com\\\/site\\\/#\\\/schema\\\/person\\\/083aeceeb0734cd166779ea6c0551a37\"},\"image\":{\"@id\":\"https:\\\/\\\/sergiolapegue.com\\\/site\\\/2025\\\/03\\\/23\\\/yo-tambien-soy-ofelia-2\\\/#primaryimage\"},\"thumbnailUrl\":\"https:\\\/\\\/sergiolapegue.com\\\/site\\\/wp-content\\\/uploads\\\/2025\\\/03\\\/Yo-tambien-soy-Ofelia.jpeg\",\"articleSection\":[\"Arte\",\"Teatro\"],\"inLanguage\":\"es-AR\",\"potentialAction\":[{\"@type\":\"CommentAction\",\"name\":\"Comment\",\"target\":[\"https:\\\/\\\/sergiolapegue.com\\\/site\\\/2025\\\/03\\\/23\\\/yo-tambien-soy-ofelia-2\\\/#respond\"]}]},{\"@type\":\"WebPage\",\"@id\":\"https:\\\/\\\/sergiolapegue.com\\\/site\\\/2025\\\/03\\\/23\\\/yo-tambien-soy-ofelia-2\\\/\",\"url\":\"https:\\\/\\\/sergiolapegue.com\\\/site\\\/2025\\\/03\\\/23\\\/yo-tambien-soy-ofelia-2\\\/\",\"name\":\"\u201cYO TAMBI\u00c9N SOY OFELIA\u201d - Sergio Lapegue\",\"isPartOf\":{\"@id\":\"https:\\\/\\\/sergiolapegue.com\\\/site\\\/#website\"},\"primaryImageOfPage\":{\"@id\":\"https:\\\/\\\/sergiolapegue.com\\\/site\\\/2025\\\/03\\\/23\\\/yo-tambien-soy-ofelia-2\\\/#primaryimage\"},\"image\":{\"@id\":\"https:\\\/\\\/sergiolapegue.com\\\/site\\\/2025\\\/03\\\/23\\\/yo-tambien-soy-ofelia-2\\\/#primaryimage\"},\"thumbnailUrl\":\"https:\\\/\\\/sergiolapegue.com\\\/site\\\/wp-content\\\/uploads\\\/2025\\\/03\\\/Yo-tambien-soy-Ofelia.jpeg\",\"datePublished\":\"2025-03-23T20:00:00+00:00\",\"breadcrumb\":{\"@id\":\"https:\\\/\\\/sergiolapegue.com\\\/site\\\/2025\\\/03\\\/23\\\/yo-tambien-soy-ofelia-2\\\/#breadcrumb\"},\"inLanguage\":\"es-AR\",\"potentialAction\":[{\"@type\":\"ReadAction\",\"target\":[\"https:\\\/\\\/sergiolapegue.com\\\/site\\\/2025\\\/03\\\/23\\\/yo-tambien-soy-ofelia-2\\\/\"]}]},{\"@type\":\"ImageObject\",\"inLanguage\":\"es-AR\",\"@id\":\"https:\\\/\\\/sergiolapegue.com\\\/site\\\/2025\\\/03\\\/23\\\/yo-tambien-soy-ofelia-2\\\/#primaryimage\",\"url\":\"https:\\\/\\\/sergiolapegue.com\\\/site\\\/wp-content\\\/uploads\\\/2025\\\/03\\\/Yo-tambien-soy-Ofelia.jpeg\",\"contentUrl\":\"https:\\\/\\\/sergiolapegue.com\\\/site\\\/wp-content\\\/uploads\\\/2025\\\/03\\\/Yo-tambien-soy-Ofelia.jpeg\",\"width\":517,\"height\":535},{\"@type\":\"BreadcrumbList\",\"@id\":\"https:\\\/\\\/sergiolapegue.com\\\/site\\\/2025\\\/03\\\/23\\\/yo-tambien-soy-ofelia-2\\\/#breadcrumb\",\"itemListElement\":[{\"@type\":\"ListItem\",\"position\":1,\"name\":\"Inicio\",\"item\":\"https:\\\/\\\/sergiolapegue.com\\\/site\\\/\"},{\"@type\":\"ListItem\",\"position\":2,\"name\":\"\u201cYO TAMBI\u00c9N SOY OFELIA\u201d\"}]},{\"@type\":\"WebSite\",\"@id\":\"https:\\\/\\\/sergiolapegue.com\\\/site\\\/#website\",\"url\":\"https:\\\/\\\/sergiolapegue.com\\\/site\\\/\",\"name\":\"Sergio Lapegue\",\"description\":\"Periodista\",\"publisher\":{\"@id\":\"https:\\\/\\\/sergiolapegue.com\\\/site\\\/#\\\/schema\\\/person\\\/083aeceeb0734cd166779ea6c0551a37\"},\"potentialAction\":[{\"@type\":\"SearchAction\",\"target\":{\"@type\":\"EntryPoint\",\"urlTemplate\":\"https:\\\/\\\/sergiolapegue.com\\\/site\\\/?s={search_term_string}\"},\"query-input\":{\"@type\":\"PropertyValueSpecification\",\"valueRequired\":true,\"valueName\":\"search_term_string\"}}],\"inLanguage\":\"es-AR\"},{\"@type\":[\"Person\",\"Organization\"],\"@id\":\"https:\\\/\\\/sergiolapegue.com\\\/site\\\/#\\\/schema\\\/person\\\/083aeceeb0734cd166779ea6c0551a37\",\"name\":\"Sergio Lapegue\",\"image\":{\"@type\":\"ImageObject\",\"inLanguage\":\"es-AR\",\"@id\":\"https:\\\/\\\/sergiolapegue.com\\\/site\\\/wp-content\\\/uploads\\\/2021\\\/04\\\/logo_header-1.png\",\"url\":\"https:\\\/\\\/sergiolapegue.com\\\/site\\\/wp-content\\\/uploads\\\/2021\\\/04\\\/logo_header-1.png\",\"contentUrl\":\"https:\\\/\\\/sergiolapegue.com\\\/site\\\/wp-content\\\/uploads\\\/2021\\\/04\\\/logo_header-1.png\",\"width\":272,\"height\":90,\"caption\":\"Sergio Lapegue\"},\"logo\":{\"@id\":\"https:\\\/\\\/sergiolapegue.com\\\/site\\\/wp-content\\\/uploads\\\/2021\\\/04\\\/logo_header-1.png\"},\"sameAs\":[\"https:\\\/\\\/facebook.com\\\/sergiolapegue\",\"https:\\\/\\\/instagram.com\\\/sergiolapegue\",\"https:\\\/\\\/x.com\\\/https:\\\/\\\/twitter.com\\\/sergiolapegue\"]},{\"@type\":\"Person\",\"@id\":\"https:\\\/\\\/sergiolapegue.com\\\/site\\\/#\\\/schema\\\/person\\\/9198e7dbab43c6d74d0fd5399af7c3cd\",\"name\":\"Daniel E. Monta\u00f1a\",\"image\":{\"@type\":\"ImageObject\",\"inLanguage\":\"es-AR\",\"@id\":\"https:\\\/\\\/sergiolapegue.com\\\/site\\\/wp-content\\\/uploads\\\/2021\\\/04\\\/sl_avatar_Daniel-150x150.jpg\",\"url\":\"https:\\\/\\\/sergiolapegue.com\\\/site\\\/wp-content\\\/uploads\\\/2021\\\/04\\\/sl_avatar_Daniel-150x150.jpg\",\"contentUrl\":\"https:\\\/\\\/sergiolapegue.com\\\/site\\\/wp-content\\\/uploads\\\/2021\\\/04\\\/sl_avatar_Daniel-150x150.jpg\",\"caption\":\"Daniel E. Monta\u00f1a\"},\"sameAs\":[\"https:\\\/\\\/facebook.com\\\/danielernesto.montana\",\"https:\\\/\\\/instagram.com\\\/daniel_montana1961\",\"https:\\\/\\\/x.com\\\/https:\\\/\\\/twitter.com\\\/daner_004\"],\"url\":\"https:\\\/\\\/sergiolapegue.com\\\/site\\\/author\\\/daniel\\\/\"}]}<\/script>\n<!-- \/ Yoast SEO plugin. -->","yoast_head_json":{"title":"\u201cYO TAMBI\u00c9N SOY OFELIA\u201d - Sergio Lapegue","robots":{"index":"index","follow":"follow","max-snippet":"max-snippet:-1","max-image-preview":"max-image-preview:large","max-video-preview":"max-video-preview:-1"},"canonical":"https:\/\/sergiolapegue.com\/site\/2025\/03\/23\/yo-tambien-soy-ofelia-2\/","og_locale":"es_ES","og_type":"article","og_title":"\u201cYO TAMBI\u00c9N SOY OFELIA\u201d - Sergio Lapegue","og_description":"El Viernes 4 de Abril vuelve &#8220;Yo tambi\u00e9n soy Ofelia&#8221;, con dramaturgia, direcci\u00f3n e interpretaci\u00f3n de Victoria Mariconda,&nbsp;una versi\u00f3n perform\u00e1tica salvaje, punk, cursi y muy original&nbsp;de la tragedia de Shakespeare. Las funciones ser\u00e1n los Viernes a las 20:00 horas en el Teatro Beckett. SINOPSIS Ofelia flota en cada uno de sus miedos, se sumerge en [&hellip;]","og_url":"https:\/\/sergiolapegue.com\/site\/2025\/03\/23\/yo-tambien-soy-ofelia-2\/","og_site_name":"Sergio Lapegue","article_publisher":"https:\/\/facebook.com\/sergiolapegue","article_author":"https:\/\/facebook.com\/danielernesto.montana","article_published_time":"2025-03-23T20:00:00+00:00","og_image":[{"width":517,"height":535,"url":"https:\/\/sergiolapegue.com\/site\/wp-content\/uploads\/2025\/03\/Yo-tambien-soy-Ofelia.jpeg","type":"image\/jpeg"}],"author":"Daniel E. Monta\u00f1a","twitter_card":"summary_large_image","twitter_creator":"@https:\/\/twitter.com\/daner_004","twitter_site":"@sergiolapegue","twitter_misc":{"Escrito por":"Daniel E. Monta\u00f1a","Tiempo de lectura":"4 minutos"},"schema":{"@context":"https:\/\/schema.org","@graph":[{"@type":"Article","@id":"https:\/\/sergiolapegue.com\/site\/2025\/03\/23\/yo-tambien-soy-ofelia-2\/#article","isPartOf":{"@id":"https:\/\/sergiolapegue.com\/site\/2025\/03\/23\/yo-tambien-soy-ofelia-2\/"},"author":{"name":"Daniel E. Monta\u00f1a","@id":"https:\/\/sergiolapegue.com\/site\/#\/schema\/person\/9198e7dbab43c6d74d0fd5399af7c3cd"},"headline":"\u201cYO TAMBI\u00c9N SOY OFELIA\u201d","datePublished":"2025-03-23T20:00:00+00:00","mainEntityOfPage":{"@id":"https:\/\/sergiolapegue.com\/site\/2025\/03\/23\/yo-tambien-soy-ofelia-2\/"},"wordCount":631,"commentCount":0,"publisher":{"@id":"https:\/\/sergiolapegue.com\/site\/#\/schema\/person\/083aeceeb0734cd166779ea6c0551a37"},"image":{"@id":"https:\/\/sergiolapegue.com\/site\/2025\/03\/23\/yo-tambien-soy-ofelia-2\/#primaryimage"},"thumbnailUrl":"https:\/\/sergiolapegue.com\/site\/wp-content\/uploads\/2025\/03\/Yo-tambien-soy-Ofelia.jpeg","articleSection":["Arte","Teatro"],"inLanguage":"es-AR","potentialAction":[{"@type":"CommentAction","name":"Comment","target":["https:\/\/sergiolapegue.com\/site\/2025\/03\/23\/yo-tambien-soy-ofelia-2\/#respond"]}]},{"@type":"WebPage","@id":"https:\/\/sergiolapegue.com\/site\/2025\/03\/23\/yo-tambien-soy-ofelia-2\/","url":"https:\/\/sergiolapegue.com\/site\/2025\/03\/23\/yo-tambien-soy-ofelia-2\/","name":"\u201cYO TAMBI\u00c9N SOY OFELIA\u201d - Sergio Lapegue","isPartOf":{"@id":"https:\/\/sergiolapegue.com\/site\/#website"},"primaryImageOfPage":{"@id":"https:\/\/sergiolapegue.com\/site\/2025\/03\/23\/yo-tambien-soy-ofelia-2\/#primaryimage"},"image":{"@id":"https:\/\/sergiolapegue.com\/site\/2025\/03\/23\/yo-tambien-soy-ofelia-2\/#primaryimage"},"thumbnailUrl":"https:\/\/sergiolapegue.com\/site\/wp-content\/uploads\/2025\/03\/Yo-tambien-soy-Ofelia.jpeg","datePublished":"2025-03-23T20:00:00+00:00","breadcrumb":{"@id":"https:\/\/sergiolapegue.com\/site\/2025\/03\/23\/yo-tambien-soy-ofelia-2\/#breadcrumb"},"inLanguage":"es-AR","potentialAction":[{"@type":"ReadAction","target":["https:\/\/sergiolapegue.com\/site\/2025\/03\/23\/yo-tambien-soy-ofelia-2\/"]}]},{"@type":"ImageObject","inLanguage":"es-AR","@id":"https:\/\/sergiolapegue.com\/site\/2025\/03\/23\/yo-tambien-soy-ofelia-2\/#primaryimage","url":"https:\/\/sergiolapegue.com\/site\/wp-content\/uploads\/2025\/03\/Yo-tambien-soy-Ofelia.jpeg","contentUrl":"https:\/\/sergiolapegue.com\/site\/wp-content\/uploads\/2025\/03\/Yo-tambien-soy-Ofelia.jpeg","width":517,"height":535},{"@type":"BreadcrumbList","@id":"https:\/\/sergiolapegue.com\/site\/2025\/03\/23\/yo-tambien-soy-ofelia-2\/#breadcrumb","itemListElement":[{"@type":"ListItem","position":1,"name":"Inicio","item":"https:\/\/sergiolapegue.com\/site\/"},{"@type":"ListItem","position":2,"name":"\u201cYO TAMBI\u00c9N SOY OFELIA\u201d"}]},{"@type":"WebSite","@id":"https:\/\/sergiolapegue.com\/site\/#website","url":"https:\/\/sergiolapegue.com\/site\/","name":"Sergio Lapegue","description":"Periodista","publisher":{"@id":"https:\/\/sergiolapegue.com\/site\/#\/schema\/person\/083aeceeb0734cd166779ea6c0551a37"},"potentialAction":[{"@type":"SearchAction","target":{"@type":"EntryPoint","urlTemplate":"https:\/\/sergiolapegue.com\/site\/?s={search_term_string}"},"query-input":{"@type":"PropertyValueSpecification","valueRequired":true,"valueName":"search_term_string"}}],"inLanguage":"es-AR"},{"@type":["Person","Organization"],"@id":"https:\/\/sergiolapegue.com\/site\/#\/schema\/person\/083aeceeb0734cd166779ea6c0551a37","name":"Sergio Lapegue","image":{"@type":"ImageObject","inLanguage":"es-AR","@id":"https:\/\/sergiolapegue.com\/site\/wp-content\/uploads\/2021\/04\/logo_header-1.png","url":"https:\/\/sergiolapegue.com\/site\/wp-content\/uploads\/2021\/04\/logo_header-1.png","contentUrl":"https:\/\/sergiolapegue.com\/site\/wp-content\/uploads\/2021\/04\/logo_header-1.png","width":272,"height":90,"caption":"Sergio Lapegue"},"logo":{"@id":"https:\/\/sergiolapegue.com\/site\/wp-content\/uploads\/2021\/04\/logo_header-1.png"},"sameAs":["https:\/\/facebook.com\/sergiolapegue","https:\/\/instagram.com\/sergiolapegue","https:\/\/x.com\/https:\/\/twitter.com\/sergiolapegue"]},{"@type":"Person","@id":"https:\/\/sergiolapegue.com\/site\/#\/schema\/person\/9198e7dbab43c6d74d0fd5399af7c3cd","name":"Daniel E. Monta\u00f1a","image":{"@type":"ImageObject","inLanguage":"es-AR","@id":"https:\/\/sergiolapegue.com\/site\/wp-content\/uploads\/2021\/04\/sl_avatar_Daniel-150x150.jpg","url":"https:\/\/sergiolapegue.com\/site\/wp-content\/uploads\/2021\/04\/sl_avatar_Daniel-150x150.jpg","contentUrl":"https:\/\/sergiolapegue.com\/site\/wp-content\/uploads\/2021\/04\/sl_avatar_Daniel-150x150.jpg","caption":"Daniel E. Monta\u00f1a"},"sameAs":["https:\/\/facebook.com\/danielernesto.montana","https:\/\/instagram.com\/daniel_montana1961","https:\/\/x.com\/https:\/\/twitter.com\/daner_004"],"url":"https:\/\/sergiolapegue.com\/site\/author\/daniel\/"}]}},"_links":{"self":[{"href":"https:\/\/sergiolapegue.com\/site\/wp-json\/wp\/v2\/posts\/21581","targetHints":{"allow":["GET"]}}],"collection":[{"href":"https:\/\/sergiolapegue.com\/site\/wp-json\/wp\/v2\/posts"}],"about":[{"href":"https:\/\/sergiolapegue.com\/site\/wp-json\/wp\/v2\/types\/post"}],"author":[{"embeddable":true,"href":"https:\/\/sergiolapegue.com\/site\/wp-json\/wp\/v2\/users\/3"}],"replies":[{"embeddable":true,"href":"https:\/\/sergiolapegue.com\/site\/wp-json\/wp\/v2\/comments?post=21581"}],"version-history":[{"count":1,"href":"https:\/\/sergiolapegue.com\/site\/wp-json\/wp\/v2\/posts\/21581\/revisions"}],"predecessor-version":[{"id":21588,"href":"https:\/\/sergiolapegue.com\/site\/wp-json\/wp\/v2\/posts\/21581\/revisions\/21588"}],"wp:featuredmedia":[{"embeddable":true,"href":"https:\/\/sergiolapegue.com\/site\/wp-json\/wp\/v2\/media\/21587"}],"wp:attachment":[{"href":"https:\/\/sergiolapegue.com\/site\/wp-json\/wp\/v2\/media?parent=21581"}],"wp:term":[{"taxonomy":"category","embeddable":true,"href":"https:\/\/sergiolapegue.com\/site\/wp-json\/wp\/v2\/categories?post=21581"},{"taxonomy":"post_tag","embeddable":true,"href":"https:\/\/sergiolapegue.com\/site\/wp-json\/wp\/v2\/tags?post=21581"}],"curies":[{"name":"wp","href":"https:\/\/api.w.org\/{rel}","templated":true}]}}