{"id":21539,"date":"2025-05-23T17:00:00","date_gmt":"2025-05-23T20:00:00","guid":{"rendered":"https:\/\/sergiolapegue.com\/site\/?p=21539"},"modified":"2025-05-22T16:29:12","modified_gmt":"2025-05-22T19:29:12","slug":"el-dr-facundo-pereyra-presenta-su-nuevo-libro-agotados","status":"publish","type":"post","link":"https:\/\/sergiolapegue.com\/site\/2025\/05\/23\/el-dr-facundo-pereyra-presenta-su-nuevo-libro-agotados\/","title":{"rendered":"EL DR. FACUNDO PEREYRA PRESENTA SU NUEVO LIBRO \u201cAGOTADOS\u201d"},"content":{"rendered":"\n<p>El reconocido m\u00e9dico y autor best-seller, Dr. Facundo Pereyra, luego de haberse presentado en varios teatros con \u00e9xito total vuelve al Paseo La Plaza el pr\u00f3ximo Lunes 02 de junio a las 20:00 horas. donde abordar\u00e1 el tema del cansancio cr\u00f3nico con un enfoque integral que combina ciencia, nutrici\u00f3n y bienestar emocional.<\/p>\n\n\n\n<p>El Dr. Facundo Pereyra, m\u00e9dico cl\u00ednico especialista en Medicina Interna y Gastroenterolog\u00eda (MN 94517), creador del m\u00e9todo de Reseteo Intestinal (Programa B15), presenta su nuevo libro: \u201cAgotados\u201d, una obra que explora el impacto del cansancio cr\u00f3nico y sus m\u00faltiples causas.<\/p>\n\n\n\n<p>En un mundo donde el agotamiento se ha convertido en una epidemia silenciosa, el Dr. Pereyra brinda un enfoque innovador basado en la medicina, la alimentaci\u00f3n y el bienestar emocional para recuperar la energ\u00eda de forma natural y sostenible.<\/p>\n\n\n\n<figure class=\"wp-block-image size-large\"><img loading=\"lazy\" decoding=\"async\" width=\"1024\" height=\"1024\" src=\"https:\/\/sergiolapegue.com\/site\/wp-content\/uploads\/2025\/03\/El-Dr.-Facundo-Pereyra-2-1024x1024.png\" alt=\"\" class=\"wp-image-21541\" srcset=\"https:\/\/sergiolapegue.com\/site\/wp-content\/uploads\/2025\/03\/El-Dr.-Facundo-Pereyra-2-1024x1024.png 1024w, https:\/\/sergiolapegue.com\/site\/wp-content\/uploads\/2025\/03\/El-Dr.-Facundo-Pereyra-2-300x300.png 300w, https:\/\/sergiolapegue.com\/site\/wp-content\/uploads\/2025\/03\/El-Dr.-Facundo-Pereyra-2-150x150.png 150w, https:\/\/sergiolapegue.com\/site\/wp-content\/uploads\/2025\/03\/El-Dr.-Facundo-Pereyra-2-768x768.png 768w, https:\/\/sergiolapegue.com\/site\/wp-content\/uploads\/2025\/03\/El-Dr.-Facundo-Pereyra-2-420x420.png 420w, https:\/\/sergiolapegue.com\/site\/wp-content\/uploads\/2025\/03\/El-Dr.-Facundo-Pereyra-2-696x696.png 696w, https:\/\/sergiolapegue.com\/site\/wp-content\/uploads\/2025\/03\/El-Dr.-Facundo-Pereyra-2-1068x1068.png 1068w, https:\/\/sergiolapegue.com\/site\/wp-content\/uploads\/2025\/03\/El-Dr.-Facundo-Pereyra-2.png 1080w\" sizes=\"auto, (max-width: 1024px) 100vw, 1024px\" \/><\/figure>\n\n\n\n<p><strong>\u00bfQu\u00e9 ofrece \u201cAgotados\u201d?<\/strong><\/p>\n\n\n\n<p>\u2714 Diagn\u00f3stico personalizado: Incluye un \u201cauto test del cansancio\u201d para ayudar a los lectores a identificar el origen de su agotamiento.<\/p>\n\n\n\n<p>\u2714 Estrategias pr\u00e1cticas: Planes de alimentaci\u00f3n, recomendaciones de h\u00e1bitos saludables y el uso de suplementos y hongos medicinales.<\/p>\n\n\n\n<p>\u2714 Casos reales inspiradores: Relatos de personas que lograron superar el cansancio cr\u00f3nico.<br>\u2714 El enfoque m\u00e1s actualizado sobre el agotamiento: Basado en la experiencia cl\u00ednica y los \u00faltimos avances en medicina y nutrici\u00f3n.<\/p>\n\n\n\n<p><strong>Sobre el Dr. Facundo Pereyra<\/strong><\/p>\n\n\n\n<p>El Dr. Facundo Pereyra es un referente en salud digestiva y bienestar. Desarrollador del Programa MDB15\u00ae (\u201cMedicina Digestiva y Bienestar en 15 d\u00edas\u201d) y creador del primer auto test de impacto extradigestivo de mal funcionamiento intestinal, su trabajo ha transformado la vida de miles de personas.<\/p>\n\n\n\n<p>Su primer libro, \u201cResetea tus intestinos\u201d, fue un best-seller internacional, liderando las listas de los m\u00e1s vendidos en 2022 y 2023. Tambi\u00e9n es autor de \u201cLa vida despu\u00e9s del reseteo\u201d y \u201cH\u00e1bitos: Gu\u00eda pr\u00e1ctica para armar rutinas saludables\u201d.<br>En 2024, fue distinguido con el Mart\u00edn Fierro Digital en la categor\u00eda \u201cMejor Contenido Tem\u00e1tico Profesional\u201d, reconociendo su impacto en la divulgaci\u00f3n cient\u00edfica y la educaci\u00f3n en salud.<\/p>\n\n\n\n<p>Adem\u00e1s de su labor como m\u00e9dico y escritor, el Dr. Pereyra es director m\u00e9dico de la Fundaci\u00f3n Manos que Ayudan y realiza aportes y colaboraciones en diferentes instituciones, municipios y comedores. Actualmente, atiende de manera virtual y presencial en Cipolletti, R\u00edo Negro, y comparte su conocimiento a trav\u00e9s de conferencias y sus redes sociales, donde re\u00fane a m\u00e1s de un mill\u00f3n y medio de seguidores.<\/p>\n\n\n\n<figure class=\"wp-block-image size-large is-resized\"><img loading=\"lazy\" decoding=\"async\" width=\"683\" height=\"1024\" src=\"https:\/\/sergiolapegue.com\/site\/wp-content\/uploads\/2025\/03\/El-Dr.-Facundo-Pereyra-1-683x1024.jpg\" alt=\"\" class=\"wp-image-21540\" style=\"width:696px;height:auto\" srcset=\"https:\/\/sergiolapegue.com\/site\/wp-content\/uploads\/2025\/03\/El-Dr.-Facundo-Pereyra-1-683x1024.jpg 683w, https:\/\/sergiolapegue.com\/site\/wp-content\/uploads\/2025\/03\/El-Dr.-Facundo-Pereyra-1-200x300.jpg 200w, https:\/\/sergiolapegue.com\/site\/wp-content\/uploads\/2025\/03\/El-Dr.-Facundo-Pereyra-1-768x1152.jpg 768w, https:\/\/sergiolapegue.com\/site\/wp-content\/uploads\/2025\/03\/El-Dr.-Facundo-Pereyra-1-1024x1536.jpg 1024w, https:\/\/sergiolapegue.com\/site\/wp-content\/uploads\/2025\/03\/El-Dr.-Facundo-Pereyra-1-1365x2048.jpg 1365w, https:\/\/sergiolapegue.com\/site\/wp-content\/uploads\/2025\/03\/El-Dr.-Facundo-Pereyra-1-280x420.jpg 280w, https:\/\/sergiolapegue.com\/site\/wp-content\/uploads\/2025\/03\/El-Dr.-Facundo-Pereyra-1-696x1044.jpg 696w, https:\/\/sergiolapegue.com\/site\/wp-content\/uploads\/2025\/03\/El-Dr.-Facundo-Pereyra-1-1068x1602.jpg 1068w, https:\/\/sergiolapegue.com\/site\/wp-content\/uploads\/2025\/03\/El-Dr.-Facundo-Pereyra-1-1920x2880.jpg 1920w, https:\/\/sergiolapegue.com\/site\/wp-content\/uploads\/2025\/03\/El-Dr.-Facundo-Pereyra-1-scaled.jpg 1707w\" sizes=\"auto, (max-width: 683px) 100vw, 683px\" \/><\/figure>\n\n\n\n<p><strong>PASEO LA PLAZA \u2013 SALA PICASSO<\/strong><\/p>\n\n\n\n<p>Av. Corrientes 1660 \u2013 Capital Federal \u2013 Buenos Aires \u2013 Argentina<\/p>\n\n\n\n<p>Tel\u00e9fono: 6 320 5300<\/p>\n\n\n\n<p>Entradas: Desde $ 32.000 hasta $ 35.000 \u2013 en boleter\u00eda del teatro o por Plateanet<\/p>\n\n\n\n<p>Funci\u00f3n: Lunes 02 de Junio \u2013 20:00 horas<\/p>\n\n\n\n<p>Gracias Marcela N\u00fa\u00f1ez por enviarnos la gacetilla de prensa de la presentaci\u00f3n del nuevo libro del Dr. Facundo Pereyra.<\/p>\n\n\n\n<p><\/p>\n\n\n\n<p><\/p>\n","protected":false},"excerpt":{"rendered":"<p>El reconocido m\u00e9dico y autor best-seller, Dr. Facundo Pereyra, luego de haberse presentado en varios teatros con \u00e9xito total vuelve al Paseo La Plaza el pr\u00f3ximo Lunes 02 de junio a las 20:00 horas. donde abordar\u00e1 el tema del cansancio cr\u00f3nico con un enfoque integral que combina ciencia, nutrici\u00f3n y bienestar emocional. El Dr. Facundo [&hellip;]<\/p>\n","protected":false},"author":3,"featured_media":22951,"comment_status":"open","ping_status":"closed","sticky":false,"template":"","format":"standard","meta":{"footnotes":""},"categories":[34,37],"tags":[],"class_list":{"0":"post-21539","1":"post","2":"type-post","3":"status-publish","4":"format-standard","5":"has-post-thumbnail","7":"category-arte","8":"category-libros"},"yoast_head":"<!-- This site is optimized with the Yoast SEO plugin v27.4 - https:\/\/yoast.com\/product\/yoast-seo-wordpress\/ -->\n<title>EL DR. FACUNDO PEREYRA PRESENTA SU NUEVO LIBRO \u201cAGOTADOS\u201d - Sergio Lapegue<\/title>\n<meta name=\"robots\" content=\"index, follow, max-snippet:-1, max-image-preview:large, max-video-preview:-1\" \/>\n<link rel=\"canonical\" href=\"https:\/\/sergiolapegue.com\/site\/2025\/05\/23\/el-dr-facundo-pereyra-presenta-su-nuevo-libro-agotados\/\" \/>\n<meta property=\"og:locale\" content=\"es_ES\" \/>\n<meta property=\"og:type\" content=\"article\" \/>\n<meta property=\"og:title\" content=\"EL DR. FACUNDO PEREYRA PRESENTA SU NUEVO LIBRO \u201cAGOTADOS\u201d - Sergio Lapegue\" \/>\n<meta property=\"og:description\" content=\"El reconocido m\u00e9dico y autor best-seller, Dr. Facundo Pereyra, luego de haberse presentado en varios teatros con \u00e9xito total vuelve al Paseo La Plaza el pr\u00f3ximo Lunes 02 de junio a las 20:00 horas. donde abordar\u00e1 el tema del cansancio cr\u00f3nico con un enfoque integral que combina ciencia, nutrici\u00f3n y bienestar emocional. El Dr. Facundo [&hellip;]\" \/>\n<meta property=\"og:url\" content=\"https:\/\/sergiolapegue.com\/site\/2025\/05\/23\/el-dr-facundo-pereyra-presenta-su-nuevo-libro-agotados\/\" \/>\n<meta property=\"og:site_name\" content=\"Sergio Lapegue\" \/>\n<meta property=\"article:publisher\" content=\"https:\/\/facebook.com\/sergiolapegue\" \/>\n<meta property=\"article:author\" content=\"https:\/\/facebook.com\/danielernesto.montana\" \/>\n<meta property=\"article:published_time\" content=\"2025-05-23T20:00:00+00:00\" \/>\n<meta property=\"og:image\" content=\"https:\/\/sergiolapegue.com\/site\/wp-content\/uploads\/2025\/04\/El-Dr.-Facundo-Pereyra-02-06-2025.jpeg\" \/>\n\t<meta property=\"og:image:width\" content=\"1282\" \/>\n\t<meta property=\"og:image:height\" content=\"1600\" \/>\n\t<meta property=\"og:image:type\" content=\"image\/jpeg\" \/>\n<meta name=\"author\" content=\"Daniel E. Monta\u00f1a\" \/>\n<meta name=\"twitter:card\" content=\"summary_large_image\" \/>\n<meta name=\"twitter:creator\" content=\"@https:\/\/twitter.com\/daner_004\" \/>\n<meta name=\"twitter:site\" content=\"@sergiolapegue\" \/>\n<meta name=\"twitter:label1\" content=\"Escrito por\" \/>\n\t<meta name=\"twitter:data1\" content=\"Daniel E. Monta\u00f1a\" \/>\n\t<meta name=\"twitter:label2\" content=\"Tiempo de lectura\" \/>\n\t<meta name=\"twitter:data2\" content=\"3 minutos\" \/>\n<script type=\"application\/ld+json\" class=\"yoast-schema-graph\">{\"@context\":\"https:\\\/\\\/schema.org\",\"@graph\":[{\"@type\":\"Article\",\"@id\":\"https:\\\/\\\/sergiolapegue.com\\\/site\\\/2025\\\/05\\\/23\\\/el-dr-facundo-pereyra-presenta-su-nuevo-libro-agotados\\\/#article\",\"isPartOf\":{\"@id\":\"https:\\\/\\\/sergiolapegue.com\\\/site\\\/2025\\\/05\\\/23\\\/el-dr-facundo-pereyra-presenta-su-nuevo-libro-agotados\\\/\"},\"author\":{\"name\":\"Daniel E. Monta\u00f1a\",\"@id\":\"https:\\\/\\\/sergiolapegue.com\\\/site\\\/#\\\/schema\\\/person\\\/9198e7dbab43c6d74d0fd5399af7c3cd\"},\"headline\":\"EL DR. FACUNDO PEREYRA PRESENTA SU NUEVO LIBRO \u201cAGOTADOS\u201d\",\"datePublished\":\"2025-05-23T20:00:00+00:00\",\"mainEntityOfPage\":{\"@id\":\"https:\\\/\\\/sergiolapegue.com\\\/site\\\/2025\\\/05\\\/23\\\/el-dr-facundo-pereyra-presenta-su-nuevo-libro-agotados\\\/\"},\"wordCount\":481,\"commentCount\":0,\"publisher\":{\"@id\":\"https:\\\/\\\/sergiolapegue.com\\\/site\\\/#\\\/schema\\\/person\\\/083aeceeb0734cd166779ea6c0551a37\"},\"image\":{\"@id\":\"https:\\\/\\\/sergiolapegue.com\\\/site\\\/2025\\\/05\\\/23\\\/el-dr-facundo-pereyra-presenta-su-nuevo-libro-agotados\\\/#primaryimage\"},\"thumbnailUrl\":\"https:\\\/\\\/sergiolapegue.com\\\/site\\\/wp-content\\\/uploads\\\/2025\\\/04\\\/El-Dr.-Facundo-Pereyra-02-06-2025.jpeg\",\"articleSection\":[\"Arte\",\"Libros\"],\"inLanguage\":\"es-AR\",\"potentialAction\":[{\"@type\":\"CommentAction\",\"name\":\"Comment\",\"target\":[\"https:\\\/\\\/sergiolapegue.com\\\/site\\\/2025\\\/05\\\/23\\\/el-dr-facundo-pereyra-presenta-su-nuevo-libro-agotados\\\/#respond\"]}]},{\"@type\":\"WebPage\",\"@id\":\"https:\\\/\\\/sergiolapegue.com\\\/site\\\/2025\\\/05\\\/23\\\/el-dr-facundo-pereyra-presenta-su-nuevo-libro-agotados\\\/\",\"url\":\"https:\\\/\\\/sergiolapegue.com\\\/site\\\/2025\\\/05\\\/23\\\/el-dr-facundo-pereyra-presenta-su-nuevo-libro-agotados\\\/\",\"name\":\"EL DR. FACUNDO PEREYRA PRESENTA SU NUEVO LIBRO \u201cAGOTADOS\u201d - Sergio Lapegue\",\"isPartOf\":{\"@id\":\"https:\\\/\\\/sergiolapegue.com\\\/site\\\/#website\"},\"primaryImageOfPage\":{\"@id\":\"https:\\\/\\\/sergiolapegue.com\\\/site\\\/2025\\\/05\\\/23\\\/el-dr-facundo-pereyra-presenta-su-nuevo-libro-agotados\\\/#primaryimage\"},\"image\":{\"@id\":\"https:\\\/\\\/sergiolapegue.com\\\/site\\\/2025\\\/05\\\/23\\\/el-dr-facundo-pereyra-presenta-su-nuevo-libro-agotados\\\/#primaryimage\"},\"thumbnailUrl\":\"https:\\\/\\\/sergiolapegue.com\\\/site\\\/wp-content\\\/uploads\\\/2025\\\/04\\\/El-Dr.-Facundo-Pereyra-02-06-2025.jpeg\",\"datePublished\":\"2025-05-23T20:00:00+00:00\",\"breadcrumb\":{\"@id\":\"https:\\\/\\\/sergiolapegue.com\\\/site\\\/2025\\\/05\\\/23\\\/el-dr-facundo-pereyra-presenta-su-nuevo-libro-agotados\\\/#breadcrumb\"},\"inLanguage\":\"es-AR\",\"potentialAction\":[{\"@type\":\"ReadAction\",\"target\":[\"https:\\\/\\\/sergiolapegue.com\\\/site\\\/2025\\\/05\\\/23\\\/el-dr-facundo-pereyra-presenta-su-nuevo-libro-agotados\\\/\"]}]},{\"@type\":\"ImageObject\",\"inLanguage\":\"es-AR\",\"@id\":\"https:\\\/\\\/sergiolapegue.com\\\/site\\\/2025\\\/05\\\/23\\\/el-dr-facundo-pereyra-presenta-su-nuevo-libro-agotados\\\/#primaryimage\",\"url\":\"https:\\\/\\\/sergiolapegue.com\\\/site\\\/wp-content\\\/uploads\\\/2025\\\/04\\\/El-Dr.-Facundo-Pereyra-02-06-2025.jpeg\",\"contentUrl\":\"https:\\\/\\\/sergiolapegue.com\\\/site\\\/wp-content\\\/uploads\\\/2025\\\/04\\\/El-Dr.-Facundo-Pereyra-02-06-2025.jpeg\",\"width\":1282,\"height\":1600},{\"@type\":\"BreadcrumbList\",\"@id\":\"https:\\\/\\\/sergiolapegue.com\\\/site\\\/2025\\\/05\\\/23\\\/el-dr-facundo-pereyra-presenta-su-nuevo-libro-agotados\\\/#breadcrumb\",\"itemListElement\":[{\"@type\":\"ListItem\",\"position\":1,\"name\":\"Inicio\",\"item\":\"https:\\\/\\\/sergiolapegue.com\\\/site\\\/\"},{\"@type\":\"ListItem\",\"position\":2,\"name\":\"EL DR. FACUNDO PEREYRA PRESENTA SU NUEVO LIBRO \u201cAGOTADOS\u201d\"}]},{\"@type\":\"WebSite\",\"@id\":\"https:\\\/\\\/sergiolapegue.com\\\/site\\\/#website\",\"url\":\"https:\\\/\\\/sergiolapegue.com\\\/site\\\/\",\"name\":\"Sergio Lapegue\",\"description\":\"Periodista\",\"publisher\":{\"@id\":\"https:\\\/\\\/sergiolapegue.com\\\/site\\\/#\\\/schema\\\/person\\\/083aeceeb0734cd166779ea6c0551a37\"},\"potentialAction\":[{\"@type\":\"SearchAction\",\"target\":{\"@type\":\"EntryPoint\",\"urlTemplate\":\"https:\\\/\\\/sergiolapegue.com\\\/site\\\/?s={search_term_string}\"},\"query-input\":{\"@type\":\"PropertyValueSpecification\",\"valueRequired\":true,\"valueName\":\"search_term_string\"}}],\"inLanguage\":\"es-AR\"},{\"@type\":[\"Person\",\"Organization\"],\"@id\":\"https:\\\/\\\/sergiolapegue.com\\\/site\\\/#\\\/schema\\\/person\\\/083aeceeb0734cd166779ea6c0551a37\",\"name\":\"Sergio Lapegue\",\"image\":{\"@type\":\"ImageObject\",\"inLanguage\":\"es-AR\",\"@id\":\"https:\\\/\\\/sergiolapegue.com\\\/site\\\/wp-content\\\/uploads\\\/2021\\\/04\\\/logo_header-1.png\",\"url\":\"https:\\\/\\\/sergiolapegue.com\\\/site\\\/wp-content\\\/uploads\\\/2021\\\/04\\\/logo_header-1.png\",\"contentUrl\":\"https:\\\/\\\/sergiolapegue.com\\\/site\\\/wp-content\\\/uploads\\\/2021\\\/04\\\/logo_header-1.png\",\"width\":272,\"height\":90,\"caption\":\"Sergio Lapegue\"},\"logo\":{\"@id\":\"https:\\\/\\\/sergiolapegue.com\\\/site\\\/wp-content\\\/uploads\\\/2021\\\/04\\\/logo_header-1.png\"},\"sameAs\":[\"https:\\\/\\\/facebook.com\\\/sergiolapegue\",\"https:\\\/\\\/instagram.com\\\/sergiolapegue\",\"https:\\\/\\\/x.com\\\/https:\\\/\\\/twitter.com\\\/sergiolapegue\"]},{\"@type\":\"Person\",\"@id\":\"https:\\\/\\\/sergiolapegue.com\\\/site\\\/#\\\/schema\\\/person\\\/9198e7dbab43c6d74d0fd5399af7c3cd\",\"name\":\"Daniel E. Monta\u00f1a\",\"image\":{\"@type\":\"ImageObject\",\"inLanguage\":\"es-AR\",\"@id\":\"https:\\\/\\\/sergiolapegue.com\\\/site\\\/wp-content\\\/uploads\\\/2021\\\/04\\\/sl_avatar_Daniel-150x150.jpg\",\"url\":\"https:\\\/\\\/sergiolapegue.com\\\/site\\\/wp-content\\\/uploads\\\/2021\\\/04\\\/sl_avatar_Daniel-150x150.jpg\",\"contentUrl\":\"https:\\\/\\\/sergiolapegue.com\\\/site\\\/wp-content\\\/uploads\\\/2021\\\/04\\\/sl_avatar_Daniel-150x150.jpg\",\"caption\":\"Daniel E. Monta\u00f1a\"},\"sameAs\":[\"https:\\\/\\\/facebook.com\\\/danielernesto.montana\",\"https:\\\/\\\/instagram.com\\\/daniel_montana1961\",\"https:\\\/\\\/x.com\\\/https:\\\/\\\/twitter.com\\\/daner_004\"],\"url\":\"https:\\\/\\\/sergiolapegue.com\\\/site\\\/author\\\/daniel\\\/\"}]}<\/script>\n<!-- \/ Yoast SEO plugin. -->","yoast_head_json":{"title":"EL DR. FACUNDO PEREYRA PRESENTA SU NUEVO LIBRO \u201cAGOTADOS\u201d - Sergio Lapegue","robots":{"index":"index","follow":"follow","max-snippet":"max-snippet:-1","max-image-preview":"max-image-preview:large","max-video-preview":"max-video-preview:-1"},"canonical":"https:\/\/sergiolapegue.com\/site\/2025\/05\/23\/el-dr-facundo-pereyra-presenta-su-nuevo-libro-agotados\/","og_locale":"es_ES","og_type":"article","og_title":"EL DR. FACUNDO PEREYRA PRESENTA SU NUEVO LIBRO \u201cAGOTADOS\u201d - Sergio Lapegue","og_description":"El reconocido m\u00e9dico y autor best-seller, Dr. Facundo Pereyra, luego de haberse presentado en varios teatros con \u00e9xito total vuelve al Paseo La Plaza el pr\u00f3ximo Lunes 02 de junio a las 20:00 horas. donde abordar\u00e1 el tema del cansancio cr\u00f3nico con un enfoque integral que combina ciencia, nutrici\u00f3n y bienestar emocional. El Dr. Facundo [&hellip;]","og_url":"https:\/\/sergiolapegue.com\/site\/2025\/05\/23\/el-dr-facundo-pereyra-presenta-su-nuevo-libro-agotados\/","og_site_name":"Sergio Lapegue","article_publisher":"https:\/\/facebook.com\/sergiolapegue","article_author":"https:\/\/facebook.com\/danielernesto.montana","article_published_time":"2025-05-23T20:00:00+00:00","og_image":[{"width":1282,"height":1600,"url":"https:\/\/sergiolapegue.com\/site\/wp-content\/uploads\/2025\/04\/El-Dr.-Facundo-Pereyra-02-06-2025.jpeg","type":"image\/jpeg"}],"author":"Daniel E. Monta\u00f1a","twitter_card":"summary_large_image","twitter_creator":"@https:\/\/twitter.com\/daner_004","twitter_site":"@sergiolapegue","twitter_misc":{"Escrito por":"Daniel E. Monta\u00f1a","Tiempo de lectura":"3 minutos"},"schema":{"@context":"https:\/\/schema.org","@graph":[{"@type":"Article","@id":"https:\/\/sergiolapegue.com\/site\/2025\/05\/23\/el-dr-facundo-pereyra-presenta-su-nuevo-libro-agotados\/#article","isPartOf":{"@id":"https:\/\/sergiolapegue.com\/site\/2025\/05\/23\/el-dr-facundo-pereyra-presenta-su-nuevo-libro-agotados\/"},"author":{"name":"Daniel E. Monta\u00f1a","@id":"https:\/\/sergiolapegue.com\/site\/#\/schema\/person\/9198e7dbab43c6d74d0fd5399af7c3cd"},"headline":"EL DR. FACUNDO PEREYRA PRESENTA SU NUEVO LIBRO \u201cAGOTADOS\u201d","datePublished":"2025-05-23T20:00:00+00:00","mainEntityOfPage":{"@id":"https:\/\/sergiolapegue.com\/site\/2025\/05\/23\/el-dr-facundo-pereyra-presenta-su-nuevo-libro-agotados\/"},"wordCount":481,"commentCount":0,"publisher":{"@id":"https:\/\/sergiolapegue.com\/site\/#\/schema\/person\/083aeceeb0734cd166779ea6c0551a37"},"image":{"@id":"https:\/\/sergiolapegue.com\/site\/2025\/05\/23\/el-dr-facundo-pereyra-presenta-su-nuevo-libro-agotados\/#primaryimage"},"thumbnailUrl":"https:\/\/sergiolapegue.com\/site\/wp-content\/uploads\/2025\/04\/El-Dr.-Facundo-Pereyra-02-06-2025.jpeg","articleSection":["Arte","Libros"],"inLanguage":"es-AR","potentialAction":[{"@type":"CommentAction","name":"Comment","target":["https:\/\/sergiolapegue.com\/site\/2025\/05\/23\/el-dr-facundo-pereyra-presenta-su-nuevo-libro-agotados\/#respond"]}]},{"@type":"WebPage","@id":"https:\/\/sergiolapegue.com\/site\/2025\/05\/23\/el-dr-facundo-pereyra-presenta-su-nuevo-libro-agotados\/","url":"https:\/\/sergiolapegue.com\/site\/2025\/05\/23\/el-dr-facundo-pereyra-presenta-su-nuevo-libro-agotados\/","name":"EL DR. FACUNDO PEREYRA PRESENTA SU NUEVO LIBRO \u201cAGOTADOS\u201d - Sergio Lapegue","isPartOf":{"@id":"https:\/\/sergiolapegue.com\/site\/#website"},"primaryImageOfPage":{"@id":"https:\/\/sergiolapegue.com\/site\/2025\/05\/23\/el-dr-facundo-pereyra-presenta-su-nuevo-libro-agotados\/#primaryimage"},"image":{"@id":"https:\/\/sergiolapegue.com\/site\/2025\/05\/23\/el-dr-facundo-pereyra-presenta-su-nuevo-libro-agotados\/#primaryimage"},"thumbnailUrl":"https:\/\/sergiolapegue.com\/site\/wp-content\/uploads\/2025\/04\/El-Dr.-Facundo-Pereyra-02-06-2025.jpeg","datePublished":"2025-05-23T20:00:00+00:00","breadcrumb":{"@id":"https:\/\/sergiolapegue.com\/site\/2025\/05\/23\/el-dr-facundo-pereyra-presenta-su-nuevo-libro-agotados\/#breadcrumb"},"inLanguage":"es-AR","potentialAction":[{"@type":"ReadAction","target":["https:\/\/sergiolapegue.com\/site\/2025\/05\/23\/el-dr-facundo-pereyra-presenta-su-nuevo-libro-agotados\/"]}]},{"@type":"ImageObject","inLanguage":"es-AR","@id":"https:\/\/sergiolapegue.com\/site\/2025\/05\/23\/el-dr-facundo-pereyra-presenta-su-nuevo-libro-agotados\/#primaryimage","url":"https:\/\/sergiolapegue.com\/site\/wp-content\/uploads\/2025\/04\/El-Dr.-Facundo-Pereyra-02-06-2025.jpeg","contentUrl":"https:\/\/sergiolapegue.com\/site\/wp-content\/uploads\/2025\/04\/El-Dr.-Facundo-Pereyra-02-06-2025.jpeg","width":1282,"height":1600},{"@type":"BreadcrumbList","@id":"https:\/\/sergiolapegue.com\/site\/2025\/05\/23\/el-dr-facundo-pereyra-presenta-su-nuevo-libro-agotados\/#breadcrumb","itemListElement":[{"@type":"ListItem","position":1,"name":"Inicio","item":"https:\/\/sergiolapegue.com\/site\/"},{"@type":"ListItem","position":2,"name":"EL DR. FACUNDO PEREYRA PRESENTA SU NUEVO LIBRO \u201cAGOTADOS\u201d"}]},{"@type":"WebSite","@id":"https:\/\/sergiolapegue.com\/site\/#website","url":"https:\/\/sergiolapegue.com\/site\/","name":"Sergio Lapegue","description":"Periodista","publisher":{"@id":"https:\/\/sergiolapegue.com\/site\/#\/schema\/person\/083aeceeb0734cd166779ea6c0551a37"},"potentialAction":[{"@type":"SearchAction","target":{"@type":"EntryPoint","urlTemplate":"https:\/\/sergiolapegue.com\/site\/?s={search_term_string}"},"query-input":{"@type":"PropertyValueSpecification","valueRequired":true,"valueName":"search_term_string"}}],"inLanguage":"es-AR"},{"@type":["Person","Organization"],"@id":"https:\/\/sergiolapegue.com\/site\/#\/schema\/person\/083aeceeb0734cd166779ea6c0551a37","name":"Sergio Lapegue","image":{"@type":"ImageObject","inLanguage":"es-AR","@id":"https:\/\/sergiolapegue.com\/site\/wp-content\/uploads\/2021\/04\/logo_header-1.png","url":"https:\/\/sergiolapegue.com\/site\/wp-content\/uploads\/2021\/04\/logo_header-1.png","contentUrl":"https:\/\/sergiolapegue.com\/site\/wp-content\/uploads\/2021\/04\/logo_header-1.png","width":272,"height":90,"caption":"Sergio Lapegue"},"logo":{"@id":"https:\/\/sergiolapegue.com\/site\/wp-content\/uploads\/2021\/04\/logo_header-1.png"},"sameAs":["https:\/\/facebook.com\/sergiolapegue","https:\/\/instagram.com\/sergiolapegue","https:\/\/x.com\/https:\/\/twitter.com\/sergiolapegue"]},{"@type":"Person","@id":"https:\/\/sergiolapegue.com\/site\/#\/schema\/person\/9198e7dbab43c6d74d0fd5399af7c3cd","name":"Daniel E. Monta\u00f1a","image":{"@type":"ImageObject","inLanguage":"es-AR","@id":"https:\/\/sergiolapegue.com\/site\/wp-content\/uploads\/2021\/04\/sl_avatar_Daniel-150x150.jpg","url":"https:\/\/sergiolapegue.com\/site\/wp-content\/uploads\/2021\/04\/sl_avatar_Daniel-150x150.jpg","contentUrl":"https:\/\/sergiolapegue.com\/site\/wp-content\/uploads\/2021\/04\/sl_avatar_Daniel-150x150.jpg","caption":"Daniel E. Monta\u00f1a"},"sameAs":["https:\/\/facebook.com\/danielernesto.montana","https:\/\/instagram.com\/daniel_montana1961","https:\/\/x.com\/https:\/\/twitter.com\/daner_004"],"url":"https:\/\/sergiolapegue.com\/site\/author\/daniel\/"}]}},"_links":{"self":[{"href":"https:\/\/sergiolapegue.com\/site\/wp-json\/wp\/v2\/posts\/21539","targetHints":{"allow":["GET"]}}],"collection":[{"href":"https:\/\/sergiolapegue.com\/site\/wp-json\/wp\/v2\/posts"}],"about":[{"href":"https:\/\/sergiolapegue.com\/site\/wp-json\/wp\/v2\/types\/post"}],"author":[{"embeddable":true,"href":"https:\/\/sergiolapegue.com\/site\/wp-json\/wp\/v2\/users\/3"}],"replies":[{"embeddable":true,"href":"https:\/\/sergiolapegue.com\/site\/wp-json\/wp\/v2\/comments?post=21539"}],"version-history":[{"count":4,"href":"https:\/\/sergiolapegue.com\/site\/wp-json\/wp\/v2\/posts\/21539\/revisions"}],"predecessor-version":[{"id":22953,"href":"https:\/\/sergiolapegue.com\/site\/wp-json\/wp\/v2\/posts\/21539\/revisions\/22953"}],"wp:featuredmedia":[{"embeddable":true,"href":"https:\/\/sergiolapegue.com\/site\/wp-json\/wp\/v2\/media\/22951"}],"wp:attachment":[{"href":"https:\/\/sergiolapegue.com\/site\/wp-json\/wp\/v2\/media?parent=21539"}],"wp:term":[{"taxonomy":"category","embeddable":true,"href":"https:\/\/sergiolapegue.com\/site\/wp-json\/wp\/v2\/categories?post=21539"},{"taxonomy":"post_tag","embeddable":true,"href":"https:\/\/sergiolapegue.com\/site\/wp-json\/wp\/v2\/tags?post=21539"}],"curies":[{"name":"wp","href":"https:\/\/api.w.org\/{rel}","templated":true}]}}