{"id":21507,"date":"2025-03-20T01:00:00","date_gmt":"2025-03-20T04:00:00","guid":{"rendered":"https:\/\/sergiolapegue.com\/site\/?p=21507"},"modified":"2025-03-20T00:00:06","modified_gmt":"2025-03-20T03:00:06","slug":"la-varsovia","status":"publish","type":"post","link":"https:\/\/sergiolapegue.com\/site\/2025\/03\/20\/la-varsovia\/","title":{"rendered":"\u201cLA VARSOVIA\u201d"},"content":{"rendered":"\n<p>Por localidades agotadas en sus dos primeras funciones, \u201cLaVarsovia\u201d, de Patricia Su\u00e1rez se presentar\u00e1 por tercera vez el&nbsp;domingo 23 de marzo a las 19:30 horas en Andamio 90. La obra es interpretada por Daniela del Hoyo y Mili Gurovich bajo la direcci\u00f3n de Vanesa Ryk y la asistencia de direcci\u00f3n de Joaqu\u00edn Baqueiro.<\/p>\n\n\n\n<p>Este espect\u00e1culo forma parte del ciclo: \u201cLos que vienen\u201d en el marco<br>del 35\u00b0 Aniversario del Teatro Andamio \u201990.<\/p>\n\n\n\n<figure class=\"wp-block-image size-full is-resized\"><img loading=\"lazy\" decoding=\"async\" width=\"372\" height=\"472\" src=\"https:\/\/sergiolapegue.com\/site\/wp-content\/uploads\/2025\/03\/La-Varsovia-1.jpeg\" alt=\"\" class=\"wp-image-21508\" style=\"width:696px;height:auto\" srcset=\"https:\/\/sergiolapegue.com\/site\/wp-content\/uploads\/2025\/03\/La-Varsovia-1.jpeg 372w, https:\/\/sergiolapegue.com\/site\/wp-content\/uploads\/2025\/03\/La-Varsovia-1-236x300.jpeg 236w, https:\/\/sergiolapegue.com\/site\/wp-content\/uploads\/2025\/03\/La-Varsovia-1-331x420.jpeg 331w\" sizes=\"auto, (max-width: 372px) 100vw, 372px\" \/><\/figure>\n\n\n\n<p><strong>SOBRE LA OBRA<\/strong><\/p>\n\n\n\n<p>&#8220;El agua, el fuego y las mujeres nunca dicen basta\u201d&nbsp;&#8211; Proverbio polaco y suizo<br>Dos mujeres polacas viajan en barco desde Polonia a Buenos Aires a principios del siglo XX. Rachela viene a casarse con Schlomo, huyendo de la pobreza. Mignon, la acompa\u00f1a y le promete un futuro brillante. Este viaje ser\u00e1 testigo de un virtual combate de temores y secretos entre ellas, en el que una organizaci\u00f3n macabra lentamente comenzar\u00e1 a mostrar sus armas. La p\u00e9rdida de la identidad, el desarraigo, el dolor y la traici\u00f3n ser\u00e1n las marcas que cruzar\u00e1n la convivencia de Mignon y Rachela. Nada de lo manifiesto es real y pronto se dibujan las verdades de un sistema opresor de las mujeres. Sistema que m\u00e1s de cien a\u00f1os despu\u00e9s contin\u00faa vigente ante la indiferencia e implicaci\u00f3n de los responsables en el Estado, fuerzas policiales e instituciones privadas. Sigue habiendo consumidores que hacen de la explotaci\u00f3n de personas un negocio millonario y \u201cLa Varsovia\u201d revela sus entra\u00f1as.<\/p>\n\n\n\n<figure class=\"wp-block-image size-large\"><img loading=\"lazy\" decoding=\"async\" width=\"1024\" height=\"458\" src=\"https:\/\/sergiolapegue.com\/site\/wp-content\/uploads\/2025\/03\/La-Varsovia-3-1024x458.jpg\" alt=\"\" class=\"wp-image-21509\" srcset=\"https:\/\/sergiolapegue.com\/site\/wp-content\/uploads\/2025\/03\/La-Varsovia-3-1024x458.jpg 1024w, https:\/\/sergiolapegue.com\/site\/wp-content\/uploads\/2025\/03\/La-Varsovia-3-300x134.jpg 300w, https:\/\/sergiolapegue.com\/site\/wp-content\/uploads\/2025\/03\/La-Varsovia-3-768x343.jpg 768w, https:\/\/sergiolapegue.com\/site\/wp-content\/uploads\/2025\/03\/La-Varsovia-3-1536x687.jpg 1536w, https:\/\/sergiolapegue.com\/site\/wp-content\/uploads\/2025\/03\/La-Varsovia-3-940x420.jpg 940w, https:\/\/sergiolapegue.com\/site\/wp-content\/uploads\/2025\/03\/La-Varsovia-3-696x311.jpg 696w, https:\/\/sergiolapegue.com\/site\/wp-content\/uploads\/2025\/03\/La-Varsovia-3-1068x477.jpg 1068w, https:\/\/sergiolapegue.com\/site\/wp-content\/uploads\/2025\/03\/La-Varsovia-3.jpg 1888w\" sizes=\"auto, (max-width: 1024px) 100vw, 1024px\" \/><\/figure>\n\n\n\n<p><strong>FICHA T\u00c9CNICO ART\u00cdSTICA<\/strong><\/p>\n\n\n\n<p><strong>Dramaturgia:<\/strong> Patricia Su\u00e1rez<\/p>\n\n\n\n<p><strong>Elenco:<\/strong> Daniela del Hoyo como Mignon<\/p>\n\n\n\n<p>\u00a0\u00a0\u00a0\u00a0\u00a0 \u00a0\u00a0\u00a0\u00a0\u00a0\u00a0 Mili Gurovich como Rachela<\/p>\n\n\n\n<p><strong>Vestuario:<\/strong>&nbsp;Cooperativa El Once<\/p>\n\n\n\n<p><strong>Escenograf\u00eda:<\/strong>&nbsp;Cooperativa El Once<\/p>\n\n\n\n<p><strong>Iluminaci\u00f3n:<\/strong>&nbsp;Manuel Mazza<\/p>\n\n\n\n<p><strong>Fotograf\u00eda:<\/strong>&nbsp;Vanesa Ryk<\/p>\n\n\n\n<p><strong>Dise\u00f1o gr\u00e1fico:<\/strong>&nbsp;Vanesa Ryk<\/p>\n\n\n\n<p><strong>Prensa:<\/strong> BMZ Comunicaciones<\/p>\n\n\n\n<p><strong>Asistencia de direcci\u00f3n:<\/strong>&nbsp;Joaqu\u00edn Baqueiro<\/p>\n\n\n\n<p><strong>Producci\u00f3n:<\/strong>&nbsp;Cooperativa El Once<\/p>\n\n\n\n<p><strong>Direcci\u00f3n:<\/strong>&nbsp;Vanesa Ryk<\/p>\n\n\n\n<p><strong>Instagram:<\/strong> @lavarsovia.obra<\/p>\n\n\n\n<p><strong>Duraci\u00f3n:<\/strong> 60 minutos<\/p>\n\n\n\n<p><strong>Clasificaci\u00f3n:<\/strong> Teatro \u2013 Presencial \u2013 Adultos<\/p>\n\n\n\n<figure class=\"wp-block-image size-full is-resized\"><img loading=\"lazy\" decoding=\"async\" width=\"439\" height=\"259\" src=\"https:\/\/sergiolapegue.com\/site\/wp-content\/uploads\/2025\/03\/La-Varsovia-2.jpeg\" alt=\"\" class=\"wp-image-21510\" style=\"width:696px;height:auto\" srcset=\"https:\/\/sergiolapegue.com\/site\/wp-content\/uploads\/2025\/03\/La-Varsovia-2.jpeg 439w, https:\/\/sergiolapegue.com\/site\/wp-content\/uploads\/2025\/03\/La-Varsovia-2-300x177.jpeg 300w\" sizes=\"auto, (max-width: 439px) 100vw, 439px\" \/><\/figure>\n\n\n\n<p><strong>ANDAMIO \u00b490<\/strong><\/p>\n\n\n\n<p>Paran\u00e1 660 \u2013 Capital Federal \u2013 Buenos Aires \u2013 Argentina<\/p>\n\n\n\n<p>Tel\u00e9fono: 11 3027 7499 \/ 4373-5670<\/p>\n\n\n\n<p>Web: <a href=\"http:\/\/www.andamio90.org\">http:\/\/www.andamio90.org<\/a><\/p>\n\n\n\n<p>Entradas: $ 10.000 \u2013 en boleter\u00eda del teatro o por Alternativa Teatral \u2013 Link:<\/p>\n\n\n\n<p><a href=\"https:\/\/l.instagram.com\/?u=https%3A%2F%2Fpublico.alternativateatral.com%2Fentradas94293-la-varsovia%3Ffbclid%3DPAZXh0bgNhZW0CMTEAAaaEwhXJGku-Bi1bazcG_Cn77qXMHQ_apsMvYXqp24JhtP-DuMZ1uOPMC5I_aem_t-fmSqH2GJf_D2kDK9jHIA&amp;e=AT0J0sUshwewNNBpyjgUu1ptMFv8t8fB0mp3B15Ks9RhDvt7xSy9Lgq5g2eExu3N43gwQa2uh3Pkl14R0pg1KSNalOHOIs3Wu1yiag\" target=\"_blank\" rel=\"noreferrer noopener\">publico.alternativateatral.com\/entradas94293-la-varsovia<\/a><\/p>\n\n\n\n<p>Funci\u00f3n: Domingo 23\/03\/2025 \u2013 19:30 horas<\/p>\n\n\n\n<p>Gracias BMZ Comunicaciones por acercarnos la gacetilla de prensa de este espect\u00e1culo.<\/p>\n\n\n\n<p><\/p>\n","protected":false},"excerpt":{"rendered":"<p>Por localidades agotadas en sus dos primeras funciones, \u201cLaVarsovia\u201d, de Patricia Su\u00e1rez se presentar\u00e1 por tercera vez el&nbsp;domingo 23 de marzo a las 19:30 horas en Andamio 90. La obra es interpretada por Daniela del Hoyo y Mili Gurovich bajo la direcci\u00f3n de Vanesa Ryk y la asistencia de direcci\u00f3n de Joaqu\u00edn Baqueiro. Este espect\u00e1culo [&hellip;]<\/p>\n","protected":false},"author":3,"featured_media":21511,"comment_status":"open","ping_status":"closed","sticky":false,"template":"","format":"standard","meta":{"footnotes":""},"categories":[34,35],"tags":[],"class_list":{"0":"post-21507","1":"post","2":"type-post","3":"status-publish","4":"format-standard","5":"has-post-thumbnail","7":"category-arte","8":"category-teatro"},"yoast_head":"<!-- This site is optimized with the Yoast SEO plugin v27.5 - https:\/\/yoast.com\/product\/yoast-seo-wordpress\/ -->\n<title>\u201cLA VARSOVIA\u201d - Sergio Lapegue<\/title>\n<meta name=\"robots\" content=\"index, follow, max-snippet:-1, max-image-preview:large, max-video-preview:-1\" \/>\n<link rel=\"canonical\" href=\"https:\/\/sergiolapegue.com\/site\/2025\/03\/20\/la-varsovia\/\" \/>\n<meta property=\"og:locale\" content=\"es_ES\" \/>\n<meta property=\"og:type\" content=\"article\" \/>\n<meta property=\"og:title\" content=\"\u201cLA VARSOVIA\u201d - Sergio Lapegue\" \/>\n<meta property=\"og:description\" content=\"Por localidades agotadas en sus dos primeras funciones, \u201cLaVarsovia\u201d, de Patricia Su\u00e1rez se presentar\u00e1 por tercera vez el&nbsp;domingo 23 de marzo a las 19:30 horas en Andamio 90. La obra es interpretada por Daniela del Hoyo y Mili Gurovich bajo la direcci\u00f3n de Vanesa Ryk y la asistencia de direcci\u00f3n de Joaqu\u00edn Baqueiro. Este espect\u00e1culo [&hellip;]\" \/>\n<meta property=\"og:url\" content=\"https:\/\/sergiolapegue.com\/site\/2025\/03\/20\/la-varsovia\/\" \/>\n<meta property=\"og:site_name\" content=\"Sergio Lapegue\" \/>\n<meta property=\"article:publisher\" content=\"https:\/\/facebook.com\/sergiolapegue\" \/>\n<meta property=\"article:author\" content=\"https:\/\/facebook.com\/danielernesto.montana\" \/>\n<meta property=\"article:published_time\" content=\"2025-03-20T04:00:00+00:00\" \/>\n<meta property=\"og:image\" content=\"https:\/\/sergiolapegue.com\/site\/wp-content\/uploads\/2025\/03\/La-Varsovia.jpeg\" \/>\n\t<meta property=\"og:image:width\" content=\"598\" \/>\n\t<meta property=\"og:image:height\" content=\"289\" \/>\n\t<meta property=\"og:image:type\" content=\"image\/jpeg\" \/>\n<meta name=\"author\" content=\"Daniel E. Monta\u00f1a\" \/>\n<meta name=\"twitter:card\" content=\"summary_large_image\" \/>\n<meta name=\"twitter:creator\" content=\"@https:\/\/twitter.com\/daner_004\" \/>\n<meta name=\"twitter:site\" content=\"@sergiolapegue\" \/>\n<meta name=\"twitter:label1\" content=\"Escrito por\" \/>\n\t<meta name=\"twitter:data1\" content=\"Daniel E. Monta\u00f1a\" \/>\n\t<meta name=\"twitter:label2\" content=\"Tiempo de lectura\" \/>\n\t<meta name=\"twitter:data2\" content=\"3 minutos\" \/>\n<script type=\"application\/ld+json\" class=\"yoast-schema-graph\">{\"@context\":\"https:\\\/\\\/schema.org\",\"@graph\":[{\"@type\":\"Article\",\"@id\":\"https:\\\/\\\/sergiolapegue.com\\\/site\\\/2025\\\/03\\\/20\\\/la-varsovia\\\/#article\",\"isPartOf\":{\"@id\":\"https:\\\/\\\/sergiolapegue.com\\\/site\\\/2025\\\/03\\\/20\\\/la-varsovia\\\/\"},\"author\":{\"name\":\"Daniel E. Monta\u00f1a\",\"@id\":\"https:\\\/\\\/sergiolapegue.com\\\/site\\\/#\\\/schema\\\/person\\\/9198e7dbab43c6d74d0fd5399af7c3cd\"},\"headline\":\"\u201cLA VARSOVIA\u201d\",\"datePublished\":\"2025-03-20T04:00:00+00:00\",\"mainEntityOfPage\":{\"@id\":\"https:\\\/\\\/sergiolapegue.com\\\/site\\\/2025\\\/03\\\/20\\\/la-varsovia\\\/\"},\"wordCount\":381,\"commentCount\":0,\"publisher\":{\"@id\":\"https:\\\/\\\/sergiolapegue.com\\\/site\\\/#\\\/schema\\\/person\\\/083aeceeb0734cd166779ea6c0551a37\"},\"image\":{\"@id\":\"https:\\\/\\\/sergiolapegue.com\\\/site\\\/2025\\\/03\\\/20\\\/la-varsovia\\\/#primaryimage\"},\"thumbnailUrl\":\"https:\\\/\\\/sergiolapegue.com\\\/site\\\/wp-content\\\/uploads\\\/2025\\\/03\\\/La-Varsovia.jpeg\",\"articleSection\":[\"Arte\",\"Teatro\"],\"inLanguage\":\"es-AR\",\"potentialAction\":[{\"@type\":\"CommentAction\",\"name\":\"Comment\",\"target\":[\"https:\\\/\\\/sergiolapegue.com\\\/site\\\/2025\\\/03\\\/20\\\/la-varsovia\\\/#respond\"]}]},{\"@type\":\"WebPage\",\"@id\":\"https:\\\/\\\/sergiolapegue.com\\\/site\\\/2025\\\/03\\\/20\\\/la-varsovia\\\/\",\"url\":\"https:\\\/\\\/sergiolapegue.com\\\/site\\\/2025\\\/03\\\/20\\\/la-varsovia\\\/\",\"name\":\"\u201cLA VARSOVIA\u201d - Sergio Lapegue\",\"isPartOf\":{\"@id\":\"https:\\\/\\\/sergiolapegue.com\\\/site\\\/#website\"},\"primaryImageOfPage\":{\"@id\":\"https:\\\/\\\/sergiolapegue.com\\\/site\\\/2025\\\/03\\\/20\\\/la-varsovia\\\/#primaryimage\"},\"image\":{\"@id\":\"https:\\\/\\\/sergiolapegue.com\\\/site\\\/2025\\\/03\\\/20\\\/la-varsovia\\\/#primaryimage\"},\"thumbnailUrl\":\"https:\\\/\\\/sergiolapegue.com\\\/site\\\/wp-content\\\/uploads\\\/2025\\\/03\\\/La-Varsovia.jpeg\",\"datePublished\":\"2025-03-20T04:00:00+00:00\",\"breadcrumb\":{\"@id\":\"https:\\\/\\\/sergiolapegue.com\\\/site\\\/2025\\\/03\\\/20\\\/la-varsovia\\\/#breadcrumb\"},\"inLanguage\":\"es-AR\",\"potentialAction\":[{\"@type\":\"ReadAction\",\"target\":[\"https:\\\/\\\/sergiolapegue.com\\\/site\\\/2025\\\/03\\\/20\\\/la-varsovia\\\/\"]}]},{\"@type\":\"ImageObject\",\"inLanguage\":\"es-AR\",\"@id\":\"https:\\\/\\\/sergiolapegue.com\\\/site\\\/2025\\\/03\\\/20\\\/la-varsovia\\\/#primaryimage\",\"url\":\"https:\\\/\\\/sergiolapegue.com\\\/site\\\/wp-content\\\/uploads\\\/2025\\\/03\\\/La-Varsovia.jpeg\",\"contentUrl\":\"https:\\\/\\\/sergiolapegue.com\\\/site\\\/wp-content\\\/uploads\\\/2025\\\/03\\\/La-Varsovia.jpeg\",\"width\":598,\"height\":289},{\"@type\":\"BreadcrumbList\",\"@id\":\"https:\\\/\\\/sergiolapegue.com\\\/site\\\/2025\\\/03\\\/20\\\/la-varsovia\\\/#breadcrumb\",\"itemListElement\":[{\"@type\":\"ListItem\",\"position\":1,\"name\":\"Inicio\",\"item\":\"https:\\\/\\\/sergiolapegue.com\\\/site\\\/\"},{\"@type\":\"ListItem\",\"position\":2,\"name\":\"\u201cLA VARSOVIA\u201d\"}]},{\"@type\":\"WebSite\",\"@id\":\"https:\\\/\\\/sergiolapegue.com\\\/site\\\/#website\",\"url\":\"https:\\\/\\\/sergiolapegue.com\\\/site\\\/\",\"name\":\"Sergio Lapegue\",\"description\":\"Periodista\",\"publisher\":{\"@id\":\"https:\\\/\\\/sergiolapegue.com\\\/site\\\/#\\\/schema\\\/person\\\/083aeceeb0734cd166779ea6c0551a37\"},\"potentialAction\":[{\"@type\":\"SearchAction\",\"target\":{\"@type\":\"EntryPoint\",\"urlTemplate\":\"https:\\\/\\\/sergiolapegue.com\\\/site\\\/?s={search_term_string}\"},\"query-input\":{\"@type\":\"PropertyValueSpecification\",\"valueRequired\":true,\"valueName\":\"search_term_string\"}}],\"inLanguage\":\"es-AR\"},{\"@type\":[\"Person\",\"Organization\"],\"@id\":\"https:\\\/\\\/sergiolapegue.com\\\/site\\\/#\\\/schema\\\/person\\\/083aeceeb0734cd166779ea6c0551a37\",\"name\":\"Sergio Lapegue\",\"image\":{\"@type\":\"ImageObject\",\"inLanguage\":\"es-AR\",\"@id\":\"https:\\\/\\\/sergiolapegue.com\\\/site\\\/wp-content\\\/uploads\\\/2021\\\/04\\\/logo_header-1.png\",\"url\":\"https:\\\/\\\/sergiolapegue.com\\\/site\\\/wp-content\\\/uploads\\\/2021\\\/04\\\/logo_header-1.png\",\"contentUrl\":\"https:\\\/\\\/sergiolapegue.com\\\/site\\\/wp-content\\\/uploads\\\/2021\\\/04\\\/logo_header-1.png\",\"width\":272,\"height\":90,\"caption\":\"Sergio Lapegue\"},\"logo\":{\"@id\":\"https:\\\/\\\/sergiolapegue.com\\\/site\\\/wp-content\\\/uploads\\\/2021\\\/04\\\/logo_header-1.png\"},\"sameAs\":[\"https:\\\/\\\/facebook.com\\\/sergiolapegue\",\"https:\\\/\\\/instagram.com\\\/sergiolapegue\",\"https:\\\/\\\/x.com\\\/https:\\\/\\\/twitter.com\\\/sergiolapegue\"]},{\"@type\":\"Person\",\"@id\":\"https:\\\/\\\/sergiolapegue.com\\\/site\\\/#\\\/schema\\\/person\\\/9198e7dbab43c6d74d0fd5399af7c3cd\",\"name\":\"Daniel E. Monta\u00f1a\",\"image\":{\"@type\":\"ImageObject\",\"inLanguage\":\"es-AR\",\"@id\":\"https:\\\/\\\/sergiolapegue.com\\\/site\\\/wp-content\\\/uploads\\\/2021\\\/04\\\/sl_avatar_Daniel-150x150.jpg\",\"url\":\"https:\\\/\\\/sergiolapegue.com\\\/site\\\/wp-content\\\/uploads\\\/2021\\\/04\\\/sl_avatar_Daniel-150x150.jpg\",\"contentUrl\":\"https:\\\/\\\/sergiolapegue.com\\\/site\\\/wp-content\\\/uploads\\\/2021\\\/04\\\/sl_avatar_Daniel-150x150.jpg\",\"caption\":\"Daniel E. Monta\u00f1a\"},\"sameAs\":[\"https:\\\/\\\/facebook.com\\\/danielernesto.montana\",\"https:\\\/\\\/instagram.com\\\/daniel_montana1961\",\"https:\\\/\\\/x.com\\\/https:\\\/\\\/twitter.com\\\/daner_004\"],\"url\":\"https:\\\/\\\/sergiolapegue.com\\\/site\\\/author\\\/daniel\\\/\"}]}<\/script>\n<!-- \/ Yoast SEO plugin. -->","yoast_head_json":{"title":"\u201cLA VARSOVIA\u201d - Sergio Lapegue","robots":{"index":"index","follow":"follow","max-snippet":"max-snippet:-1","max-image-preview":"max-image-preview:large","max-video-preview":"max-video-preview:-1"},"canonical":"https:\/\/sergiolapegue.com\/site\/2025\/03\/20\/la-varsovia\/","og_locale":"es_ES","og_type":"article","og_title":"\u201cLA VARSOVIA\u201d - Sergio Lapegue","og_description":"Por localidades agotadas en sus dos primeras funciones, \u201cLaVarsovia\u201d, de Patricia Su\u00e1rez se presentar\u00e1 por tercera vez el&nbsp;domingo 23 de marzo a las 19:30 horas en Andamio 90. La obra es interpretada por Daniela del Hoyo y Mili Gurovich bajo la direcci\u00f3n de Vanesa Ryk y la asistencia de direcci\u00f3n de Joaqu\u00edn Baqueiro. Este espect\u00e1culo [&hellip;]","og_url":"https:\/\/sergiolapegue.com\/site\/2025\/03\/20\/la-varsovia\/","og_site_name":"Sergio Lapegue","article_publisher":"https:\/\/facebook.com\/sergiolapegue","article_author":"https:\/\/facebook.com\/danielernesto.montana","article_published_time":"2025-03-20T04:00:00+00:00","og_image":[{"width":598,"height":289,"url":"https:\/\/sergiolapegue.com\/site\/wp-content\/uploads\/2025\/03\/La-Varsovia.jpeg","type":"image\/jpeg"}],"author":"Daniel E. Monta\u00f1a","twitter_card":"summary_large_image","twitter_creator":"@https:\/\/twitter.com\/daner_004","twitter_site":"@sergiolapegue","twitter_misc":{"Escrito por":"Daniel E. Monta\u00f1a","Tiempo de lectura":"3 minutos"},"schema":{"@context":"https:\/\/schema.org","@graph":[{"@type":"Article","@id":"https:\/\/sergiolapegue.com\/site\/2025\/03\/20\/la-varsovia\/#article","isPartOf":{"@id":"https:\/\/sergiolapegue.com\/site\/2025\/03\/20\/la-varsovia\/"},"author":{"name":"Daniel E. Monta\u00f1a","@id":"https:\/\/sergiolapegue.com\/site\/#\/schema\/person\/9198e7dbab43c6d74d0fd5399af7c3cd"},"headline":"\u201cLA VARSOVIA\u201d","datePublished":"2025-03-20T04:00:00+00:00","mainEntityOfPage":{"@id":"https:\/\/sergiolapegue.com\/site\/2025\/03\/20\/la-varsovia\/"},"wordCount":381,"commentCount":0,"publisher":{"@id":"https:\/\/sergiolapegue.com\/site\/#\/schema\/person\/083aeceeb0734cd166779ea6c0551a37"},"image":{"@id":"https:\/\/sergiolapegue.com\/site\/2025\/03\/20\/la-varsovia\/#primaryimage"},"thumbnailUrl":"https:\/\/sergiolapegue.com\/site\/wp-content\/uploads\/2025\/03\/La-Varsovia.jpeg","articleSection":["Arte","Teatro"],"inLanguage":"es-AR","potentialAction":[{"@type":"CommentAction","name":"Comment","target":["https:\/\/sergiolapegue.com\/site\/2025\/03\/20\/la-varsovia\/#respond"]}]},{"@type":"WebPage","@id":"https:\/\/sergiolapegue.com\/site\/2025\/03\/20\/la-varsovia\/","url":"https:\/\/sergiolapegue.com\/site\/2025\/03\/20\/la-varsovia\/","name":"\u201cLA VARSOVIA\u201d - Sergio Lapegue","isPartOf":{"@id":"https:\/\/sergiolapegue.com\/site\/#website"},"primaryImageOfPage":{"@id":"https:\/\/sergiolapegue.com\/site\/2025\/03\/20\/la-varsovia\/#primaryimage"},"image":{"@id":"https:\/\/sergiolapegue.com\/site\/2025\/03\/20\/la-varsovia\/#primaryimage"},"thumbnailUrl":"https:\/\/sergiolapegue.com\/site\/wp-content\/uploads\/2025\/03\/La-Varsovia.jpeg","datePublished":"2025-03-20T04:00:00+00:00","breadcrumb":{"@id":"https:\/\/sergiolapegue.com\/site\/2025\/03\/20\/la-varsovia\/#breadcrumb"},"inLanguage":"es-AR","potentialAction":[{"@type":"ReadAction","target":["https:\/\/sergiolapegue.com\/site\/2025\/03\/20\/la-varsovia\/"]}]},{"@type":"ImageObject","inLanguage":"es-AR","@id":"https:\/\/sergiolapegue.com\/site\/2025\/03\/20\/la-varsovia\/#primaryimage","url":"https:\/\/sergiolapegue.com\/site\/wp-content\/uploads\/2025\/03\/La-Varsovia.jpeg","contentUrl":"https:\/\/sergiolapegue.com\/site\/wp-content\/uploads\/2025\/03\/La-Varsovia.jpeg","width":598,"height":289},{"@type":"BreadcrumbList","@id":"https:\/\/sergiolapegue.com\/site\/2025\/03\/20\/la-varsovia\/#breadcrumb","itemListElement":[{"@type":"ListItem","position":1,"name":"Inicio","item":"https:\/\/sergiolapegue.com\/site\/"},{"@type":"ListItem","position":2,"name":"\u201cLA VARSOVIA\u201d"}]},{"@type":"WebSite","@id":"https:\/\/sergiolapegue.com\/site\/#website","url":"https:\/\/sergiolapegue.com\/site\/","name":"Sergio Lapegue","description":"Periodista","publisher":{"@id":"https:\/\/sergiolapegue.com\/site\/#\/schema\/person\/083aeceeb0734cd166779ea6c0551a37"},"potentialAction":[{"@type":"SearchAction","target":{"@type":"EntryPoint","urlTemplate":"https:\/\/sergiolapegue.com\/site\/?s={search_term_string}"},"query-input":{"@type":"PropertyValueSpecification","valueRequired":true,"valueName":"search_term_string"}}],"inLanguage":"es-AR"},{"@type":["Person","Organization"],"@id":"https:\/\/sergiolapegue.com\/site\/#\/schema\/person\/083aeceeb0734cd166779ea6c0551a37","name":"Sergio Lapegue","image":{"@type":"ImageObject","inLanguage":"es-AR","@id":"https:\/\/sergiolapegue.com\/site\/wp-content\/uploads\/2021\/04\/logo_header-1.png","url":"https:\/\/sergiolapegue.com\/site\/wp-content\/uploads\/2021\/04\/logo_header-1.png","contentUrl":"https:\/\/sergiolapegue.com\/site\/wp-content\/uploads\/2021\/04\/logo_header-1.png","width":272,"height":90,"caption":"Sergio Lapegue"},"logo":{"@id":"https:\/\/sergiolapegue.com\/site\/wp-content\/uploads\/2021\/04\/logo_header-1.png"},"sameAs":["https:\/\/facebook.com\/sergiolapegue","https:\/\/instagram.com\/sergiolapegue","https:\/\/x.com\/https:\/\/twitter.com\/sergiolapegue"]},{"@type":"Person","@id":"https:\/\/sergiolapegue.com\/site\/#\/schema\/person\/9198e7dbab43c6d74d0fd5399af7c3cd","name":"Daniel E. Monta\u00f1a","image":{"@type":"ImageObject","inLanguage":"es-AR","@id":"https:\/\/sergiolapegue.com\/site\/wp-content\/uploads\/2021\/04\/sl_avatar_Daniel-150x150.jpg","url":"https:\/\/sergiolapegue.com\/site\/wp-content\/uploads\/2021\/04\/sl_avatar_Daniel-150x150.jpg","contentUrl":"https:\/\/sergiolapegue.com\/site\/wp-content\/uploads\/2021\/04\/sl_avatar_Daniel-150x150.jpg","caption":"Daniel E. Monta\u00f1a"},"sameAs":["https:\/\/facebook.com\/danielernesto.montana","https:\/\/instagram.com\/daniel_montana1961","https:\/\/x.com\/https:\/\/twitter.com\/daner_004"],"url":"https:\/\/sergiolapegue.com\/site\/author\/daniel\/"}]}},"_links":{"self":[{"href":"https:\/\/sergiolapegue.com\/site\/wp-json\/wp\/v2\/posts\/21507","targetHints":{"allow":["GET"]}}],"collection":[{"href":"https:\/\/sergiolapegue.com\/site\/wp-json\/wp\/v2\/posts"}],"about":[{"href":"https:\/\/sergiolapegue.com\/site\/wp-json\/wp\/v2\/types\/post"}],"author":[{"embeddable":true,"href":"https:\/\/sergiolapegue.com\/site\/wp-json\/wp\/v2\/users\/3"}],"replies":[{"embeddable":true,"href":"https:\/\/sergiolapegue.com\/site\/wp-json\/wp\/v2\/comments?post=21507"}],"version-history":[{"count":1,"href":"https:\/\/sergiolapegue.com\/site\/wp-json\/wp\/v2\/posts\/21507\/revisions"}],"predecessor-version":[{"id":21512,"href":"https:\/\/sergiolapegue.com\/site\/wp-json\/wp\/v2\/posts\/21507\/revisions\/21512"}],"wp:featuredmedia":[{"embeddable":true,"href":"https:\/\/sergiolapegue.com\/site\/wp-json\/wp\/v2\/media\/21511"}],"wp:attachment":[{"href":"https:\/\/sergiolapegue.com\/site\/wp-json\/wp\/v2\/media?parent=21507"}],"wp:term":[{"taxonomy":"category","embeddable":true,"href":"https:\/\/sergiolapegue.com\/site\/wp-json\/wp\/v2\/categories?post=21507"},{"taxonomy":"post_tag","embeddable":true,"href":"https:\/\/sergiolapegue.com\/site\/wp-json\/wp\/v2\/tags?post=21507"}],"curies":[{"name":"wp","href":"https:\/\/api.w.org\/{rel}","templated":true}]}}