{"id":21414,"date":"2025-04-22T09:00:00","date_gmt":"2025-04-22T12:00:00","guid":{"rendered":"https:\/\/sergiolapegue.com\/site\/?p=21414"},"modified":"2025-04-21T17:44:22","modified_gmt":"2025-04-21T20:44:22","slug":"rojos-globos-rojos-2","status":"publish","type":"post","link":"https:\/\/sergiolapegue.com\/site\/2025\/04\/22\/rojos-globos-rojos-2\/","title":{"rendered":"\u201cROJOS GLOBOS ROJOS\u201d"},"content":{"rendered":"\n<p>En el Centro Cultural de la Cooperaci\u00f3n llega la segunda temporada de \u201cRojos Globos Rojos\u201d de Eduardo Tato Pavlovsky, con direcci\u00f3n de Christian Forteza y las actuaciones de Ra\u00fal Rizzo, Gabriela Perera y Marta Igarza.<\/p>\n\n\n\n<p>Las funciones ser\u00e1n los d\u00edas domingos a las 19:00 horas a partir del 23 de marzo.<\/p>\n\n\n\n<p>La pieza recibi\u00f3 2 Nominaciones a los Premios ACE 2024<\/p>\n\n\n\n<p>* Mejor Actor de teatro alternativo: Ra\u00fal Rizzo<\/p>\n\n\n\n<p>* Mejor Actriz de teatro alternativo: Gabriela Perera<\/p>\n\n\n\n<figure class=\"wp-block-image size-large\"><img loading=\"lazy\" decoding=\"async\" width=\"1024\" height=\"682\" src=\"https:\/\/sergiolapegue.com\/site\/wp-content\/uploads\/2025\/03\/Rojos-globos-rojos-1-1024x682.jpeg\" alt=\"\" class=\"wp-image-21415\" srcset=\"https:\/\/sergiolapegue.com\/site\/wp-content\/uploads\/2025\/03\/Rojos-globos-rojos-1-1024x682.jpeg 1024w, https:\/\/sergiolapegue.com\/site\/wp-content\/uploads\/2025\/03\/Rojos-globos-rojos-1-300x200.jpeg 300w, https:\/\/sergiolapegue.com\/site\/wp-content\/uploads\/2025\/03\/Rojos-globos-rojos-1-768x512.jpeg 768w, https:\/\/sergiolapegue.com\/site\/wp-content\/uploads\/2025\/03\/Rojos-globos-rojos-1-1536x1023.jpeg 1536w, https:\/\/sergiolapegue.com\/site\/wp-content\/uploads\/2025\/03\/Rojos-globos-rojos-1-2048x1365.jpeg 2048w, https:\/\/sergiolapegue.com\/site\/wp-content\/uploads\/2025\/03\/Rojos-globos-rojos-1-630x420.jpeg 630w, https:\/\/sergiolapegue.com\/site\/wp-content\/uploads\/2025\/03\/Rojos-globos-rojos-1-696x464.jpeg 696w, https:\/\/sergiolapegue.com\/site\/wp-content\/uploads\/2025\/03\/Rojos-globos-rojos-1-1068x712.jpeg 1068w, https:\/\/sergiolapegue.com\/site\/wp-content\/uploads\/2025\/03\/Rojos-globos-rojos-1-1920x1279.jpeg 1920w\" sizes=\"auto, (max-width: 1024px) 100vw, 1024px\" \/><\/figure>\n\n\n\n<p><strong>SINOPSIS<\/strong><\/p>\n\n\n\n<p>Ante el inminente cierre del teatrito de los Globos Rojos, el elenco de variet\u00e9 que lo habita, El Cardenal y sus compa\u00f1eras las Hermanas Popis, nos conducen con iron\u00eda y humor por un recorrido que abarca temas de actualidad, reflexiones existenciales y pensares individuales y colectivos.<\/p>\n\n\n\n<p>Esta cr\u00edtica situaci\u00f3n en la vida de los personajes funciona como disparador y surge la necesaria pregunta: \u00bfqu\u00e9 le da sentido a nuestra existencia?&nbsp;&nbsp;<\/p>\n\n\n\n<p>Esta reescritura, realizada por el director de la pieza Christian Forteza, de textos de Eduardo Pavlovsky, nos conduce por el mundo de este prestigioso dramaturgo.<\/p>\n\n\n\n<p>Rojos Globos Rojos es una comedia dram\u00e1tica repleta de situaciones hilarantes y momentos emotivos. Para re\u00edr y reflexionar sobre nuestra condici\u00f3n humana y acompa\u00f1ar a este grupo de artistas dispuestos a todo para realizar sus sue\u00f1os.<\/p>\n\n\n\n<figure class=\"wp-block-image size-large\"><img loading=\"lazy\" decoding=\"async\" width=\"1024\" height=\"683\" src=\"https:\/\/sergiolapegue.com\/site\/wp-content\/uploads\/2025\/03\/Rojos-globos-rojos-3-1024x683.jpg\" alt=\"\" class=\"wp-image-21416\" srcset=\"https:\/\/sergiolapegue.com\/site\/wp-content\/uploads\/2025\/03\/Rojos-globos-rojos-3-1024x683.jpg 1024w, https:\/\/sergiolapegue.com\/site\/wp-content\/uploads\/2025\/03\/Rojos-globos-rojos-3-300x200.jpg 300w, https:\/\/sergiolapegue.com\/site\/wp-content\/uploads\/2025\/03\/Rojos-globos-rojos-3-768x512.jpg 768w, https:\/\/sergiolapegue.com\/site\/wp-content\/uploads\/2025\/03\/Rojos-globos-rojos-3-630x420.jpg 630w, https:\/\/sergiolapegue.com\/site\/wp-content\/uploads\/2025\/03\/Rojos-globos-rojos-3-696x464.jpg 696w, https:\/\/sergiolapegue.com\/site\/wp-content\/uploads\/2025\/03\/Rojos-globos-rojos-3-1068x712.jpg 1068w, https:\/\/sergiolapegue.com\/site\/wp-content\/uploads\/2025\/03\/Rojos-globos-rojos-3.jpg 1500w\" sizes=\"auto, (max-width: 1024px) 100vw, 1024px\" \/><figcaption class=\"wp-element-caption\">Sebastian Ochoa 2018<\/figcaption><\/figure>\n\n\n\n<p><strong>FICHA T\u00c9CNICO ART\u00cdSTICA<\/strong><\/p>\n\n\n\n<p><strong>Autor\u00eda:<\/strong>&nbsp;Eduardo Tato Pavlovsky<\/p>\n\n\n\n<p><strong>Adaptaci\u00f3n:<\/strong>&nbsp;Christian Forteza<\/p>\n\n\n\n<p><strong>Act\u00faan:<\/strong>&nbsp;Ra\u00fal Rizzo, Gabriela Perera, Marta Igarza<\/p>\n\n\n\n<p><strong>Vestuario:<\/strong>&nbsp;Mario Pera Ochoa<\/p>\n\n\n\n<p><strong>Dise\u00f1o de luces:<\/strong>&nbsp;Horacio Novelle<\/p>\n\n\n\n<p><strong>M\u00fasica<\/strong>: Elena Irene Avena<\/p>\n\n\n\n<p><strong>Fotograf\u00eda:<\/strong>&nbsp;Sebasti\u00e1n Ochoa<\/p>\n\n\n\n<p><strong>Comunicaci\u00f3n visual:<\/strong>&nbsp;Claudio Med\u00edn<\/p>\n\n\n\n<p><strong>Prensa:<\/strong>&nbsp;Natalia Bocca<\/p>\n\n\n\n<p><strong>Asistencia de direcci\u00f3n \u2013 Producci\u00f3n<\/strong>: Elena Avena<\/p>\n\n\n\n<p><strong>Puesta en escena y Direcci\u00f3n<\/strong>: Christian Forteza<\/p>\n\n\n\n<p><strong>Duraci\u00f3n:<\/strong> 60 minutos<\/p>\n\n\n\n<figure class=\"wp-block-image size-large\"><img loading=\"lazy\" decoding=\"async\" width=\"1024\" height=\"683\" src=\"https:\/\/sergiolapegue.com\/site\/wp-content\/uploads\/2025\/03\/Rojos-globos-rojos-2-1024x683.jpg\" alt=\"\" class=\"wp-image-21417\" srcset=\"https:\/\/sergiolapegue.com\/site\/wp-content\/uploads\/2025\/03\/Rojos-globos-rojos-2-1024x683.jpg 1024w, https:\/\/sergiolapegue.com\/site\/wp-content\/uploads\/2025\/03\/Rojos-globos-rojos-2-300x200.jpg 300w, https:\/\/sergiolapegue.com\/site\/wp-content\/uploads\/2025\/03\/Rojos-globos-rojos-2-768x512.jpg 768w, https:\/\/sergiolapegue.com\/site\/wp-content\/uploads\/2025\/03\/Rojos-globos-rojos-2-1536x1024.jpg 1536w, https:\/\/sergiolapegue.com\/site\/wp-content\/uploads\/2025\/03\/Rojos-globos-rojos-2-2048x1365.jpg 2048w, https:\/\/sergiolapegue.com\/site\/wp-content\/uploads\/2025\/03\/Rojos-globos-rojos-2-630x420.jpg 630w, https:\/\/sergiolapegue.com\/site\/wp-content\/uploads\/2025\/03\/Rojos-globos-rojos-2-696x464.jpg 696w, https:\/\/sergiolapegue.com\/site\/wp-content\/uploads\/2025\/03\/Rojos-globos-rojos-2-1068x712.jpg 1068w, https:\/\/sergiolapegue.com\/site\/wp-content\/uploads\/2025\/03\/Rojos-globos-rojos-2-1920x1280.jpg 1920w\" sizes=\"auto, (max-width: 1024px) 100vw, 1024px\" \/><\/figure>\n\n\n\n<p><strong>CENTRO CULTURAL DE LA COOPERACI\u00d3N \u2013 SALA PUGLIESE<\/strong><\/p>\n\n\n\n<p>Av. Corrientes 1543 \u2013 Capital Federal \u2013 Buenos Aires \u2013 Argentina<\/p>\n\n\n\n<p>Tel\u00e9fono: 6091-7000 (int. 8313)<\/p>\n\n\n\n<p>Web: <a href=\"http:\/\/www.centrocultural.coop\">http:\/\/www.centrocultural.coop<\/a><\/p>\n\n\n\n<p>Entradas: $ 15.000 \u2013 en boleter\u00eda del teatro o por Alternativa Teatral &nbsp;<\/p>\n\n\n\n<p>Funciones: Domingos 19:00 horas \u2013 Del 23\/03\/2025 al 25\/05\/2025<\/p>\n\n\n\n<p>Gracias Natalia Bocca por acercarnos la gacetilla de prensa de este excelente espect\u00e1culo.<\/p>\n\n\n\n<p><strong>SOBRE LOS&nbsp;ACTORES<\/strong><\/p>\n\n\n\n<figure class=\"wp-block-image size-full is-resized\"><img loading=\"lazy\" decoding=\"async\" width=\"201\" height=\"161\" src=\"https:\/\/sergiolapegue.com\/site\/wp-content\/uploads\/2025\/03\/Rojos-globos-rojos-Raul-Rizzo.png\" alt=\"\" class=\"wp-image-21418\" style=\"width:303px;height:auto\" \/><\/figure>\n\n\n\n<p><strong>RA\u00daL RIZZO<\/strong><\/p>\n\n\n\n<p><strong>Principales trabajos en TV:<\/strong>&nbsp;&nbsp;El Rafa, La extra\u00f1a Dama, Cosechar\u00e1s tu siembra, Mujeres Asesinas, Primicias, RR DT, El Sodero de mi vida, Padre Coraje, Don Juan y su bella dama, Sos mi hombre, Peque\u00f1a victoria, El mal menor, El buen retiro, entre otras.<\/p>\n\n\n\n<p><strong>Cine:<\/strong>&nbsp;Desde el Abismo, Los amores de Laurita, No habr\u00e1 m\u00e1s penas ni olvidos, El a\u00f1o del conejo, La Rosales, Roma, Comodines, El Abismo todav\u00eda estamos.<\/p>\n\n\n\n<p><strong>Teatro:&nbsp;<\/strong>Madre Coraje, La Cocina<strong>,&nbsp;<\/strong>El enfermo imaginario, Teatro Abierto 1981,1982,1983, Paradero desconocido<strong>,&nbsp;<\/strong>Las Visiones de Sim\u00f3n Machad<strong>,&nbsp;<\/strong>Rayuela<strong>,&nbsp;<\/strong>Van Gogh, La Salud de los enfermos, La Tentaci\u00f3n, C\u00f3digo de Familia<strong>,&nbsp;<\/strong>Santa Juana de Am\u00e9rica, Desde el Jard\u00edn El hombre elefante, Correas la Voluntad de Vivir, Por una Cabeza, El Cruce sobre el Ni\u00e1gara, Un Enemigo del Pueblo.<\/p>\n\n\n\n<figure class=\"wp-block-image size-full is-resized\"><img loading=\"lazy\" decoding=\"async\" width=\"154\" height=\"186\" src=\"https:\/\/sergiolapegue.com\/site\/wp-content\/uploads\/2025\/03\/Rojos-globos-rojos-Marta-Igarza.png\" alt=\"\" class=\"wp-image-21419\" style=\"width:303px;height:auto\" \/><\/figure>\n\n\n\n<p><strong>MARTA IGARZA<\/strong><\/p>\n\n\n\n<p><strong>Trabajos m\u00e1s destacados en&nbsp;Cine, Radio, Televisi\u00f3n y Publicidad:<\/strong><\/p>\n\n\n\n<p><strong>La noche de los l\u00e1pices<\/strong>. De H. Olivera, 1986.&nbsp;<strong>Cipayos.&nbsp;<\/strong>De Jorge Cossia, 1988.&nbsp;<strong>Perdido por perdido<\/strong>, Radio, FM La Isla, 1997.&nbsp;&nbsp;<strong>Vamos que salimos<\/strong>, Am\u00e9rica TV, 1992.&nbsp;<strong>Gerente de familia<\/strong>, canal 13, 1994.&nbsp;<strong>Dulce Ana<\/strong>, canal 9, 1995.&nbsp;<strong>Leandro Leiva<\/strong>, canal 9, 1995.&nbsp;<strong>Amigovios<\/strong>, canal 13, 1995.&nbsp;<strong>Son cosas de novela<\/strong>, ATC, 1996.&nbsp;<strong>Los \u00c1ngeles<\/strong>&nbsp;<strong>no lloran<\/strong>&nbsp;canal 9, 1996.&nbsp;<strong>De poeta y de loco<\/strong>, canal 13, 1996.&nbsp;<strong>Gino<\/strong>, canal 13, 1996.&nbsp;<strong>Archivo Negro<\/strong>, canal 13, 1997.&nbsp;<strong>Ciclo Amores,<\/strong>&nbsp;canal \u201ca\u201d, 1998. Cortos publicitarios.&nbsp;<strong>Ibuevanol<\/strong>, 1998.&nbsp;<strong>Coca Cola<\/strong>, 1999.&nbsp;<strong>Diario Clar\u00edn<\/strong>, 2001.&nbsp;<strong>Villa del Sur Levit\u00e9<\/strong>, 2013.&nbsp;<strong>CQC<\/strong>, Am\u00e9rica TV, 1999.&nbsp;<strong>Algo habr\u00e1n hecho,&nbsp;<\/strong>Telefe, 2006 y 2008.&nbsp;<strong>EL Donante<\/strong>, Telef\u00e9, 2012. Colabor\u00f3 en&nbsp;<strong>Da\u00f1os Colaterales<\/strong>, canal 13, 2012. ficci\u00f3n anual de La Fundaci\u00f3n Hu\u00e9sped.&nbsp;<strong>Escuela Nocturna<\/strong>, unitario para Tv.&nbsp;<strong>Jostel.<\/strong>&nbsp;Tv P\u00fablica, 2013.&nbsp;<strong>La Escapada<\/strong>, 2014.&nbsp;<strong>Ramal Bolivia.<\/strong>&nbsp;Miniserie, 2017.&nbsp;<strong>Capit\u00e1n Mengano,<\/strong>&nbsp;cine, 2018. Videoclip para&nbsp;<strong>1915<\/strong>, m\u00fasica. 2019.&nbsp;<strong>Aquellos Besos<\/strong>, radioteatro 2020.<\/p>\n\n\n\n<figure class=\"wp-block-image size-full is-resized\"><img loading=\"lazy\" decoding=\"async\" width=\"200\" height=\"181\" src=\"https:\/\/sergiolapegue.com\/site\/wp-content\/uploads\/2025\/03\/Rojos-globos-rojos-Gabriela-Perera.png\" alt=\"\" class=\"wp-image-21420\" style=\"width:306px;height:auto\" \/><\/figure>\n\n\n\n<p><strong>GABRIELA PERERA<\/strong><\/p>\n\n\n\n<p>Es actriz, directora, dramaturga, guionista, asistente de direcci\u00f3n, docente, investigadora en Arte y Educaci\u00f3n.<\/p>\n\n\n\n<p>Ha desarrollado diversos roles en su carrera art\u00edstica: actriz, directora, dramaturga, guionista, asistente de direcci\u00f3n, docente, investigadora en Arte y Educaci\u00f3n. Posee estudios en Actuaci\u00f3n y es egresada de la Escuela Metropolitana de Arte Dram\u00e1tico de la Ciudad Aut\u00f3noma de Buenos Aires, Licenciada en Artes en la Escuela de Humanidades de la Universidad Nacional de San Mart\u00edn. Como actriz integr\u00f3 los elencos de : Confesiones de un escritor de Juano Villafa\u00f1e Direcci\u00f3n de Manuel Santos I\u00f1urrieta (Centro Cultural de la Cooperaci\u00f3n 2022\/2023); Rojos Globos Rojos de Eduardo Pavlovsky &#8211; Direcci\u00f3n de Christian Forteza (Centro Cultural De La Cooperaci\u00f3n 2018\/2019\/2020); Una en palacio de Ricardo Dos Santos &#8211; Direcci\u00f3n Graciela Pafundi (Teatro Arlequino2006 ) ; Despertate Cipriano de De Fillippis Novoa &#8211; Direcci\u00f3n Adri\u00e1n Blanco (Teatro El obligo de la luna , 2000) ; Ojo por Ojo Adaptaci\u00f3n del texto \u00c1frica de R. Arlt \u2013 Direcci\u00f3n Adri\u00e1n Blanco (Teatro Liberarte 1995); La Conversadora de Roberto Perinelli- Direcci\u00f3n Antonio Ugo ( Coproducci\u00f3n con el Teatro Gral. San Mart\u00edn Teatro Liberarte 1992); Vuelo Profundo Presentaci\u00f3n teatral del espect\u00e1culo de Julio Lacarra &#8211; Direcci\u00f3n Claudio Godveter (Teatro Alvear- A\u00f1o 1.992). Es autora de la idea original y el guion de la serie web \u201cCartas, Breves relatos postales\u201d (subida a plataforma YouTube) , en la que tambi\u00e9n participa como actriz junto a Edda D\u00edaz, Manuel Callau, Katja Aleman, Adri\u00e1n Blanco, Gabriel Lenn, Lorena Pen\u00f3n , Julio Pallares Ha participado como autora en diversos libros: Cartograf\u00edas de la Educaci\u00f3n Art\u00edstica; Somos todos diferentes! Educaci\u00f3n, diferencia e justicia social. \/ \u00a1Todos somos diferentes! Educaci\u00f3n, diferencia y justicia social y Educaci\u00f3n est\u00e9tica hist\u00f3rico-cultural: Vigotski m\u00e1s artes. Es colaboradora de la Revista Fervor Cultura de Buenos Aires en la que aport\u00f3 art\u00edculos como: Cuerpo docente, campo de batalla; Piazzolla, viajero de la m\u00fasica; El advenimiento de la educaci\u00f3n emocional, m\u00e1s que una soluci\u00f3n, un despojo, entre otras.<\/p>\n\n\n\n<p><strong>SOBRE EL&nbsp;DIRECTOR<\/strong><\/p>\n\n\n\n<figure class=\"wp-block-image size-full is-resized\"><img loading=\"lazy\" decoding=\"async\" width=\"166\" height=\"196\" src=\"https:\/\/sergiolapegue.com\/site\/wp-content\/uploads\/2025\/03\/Rojos-globos-rojos-Christian-Forteza.png\" alt=\"\" class=\"wp-image-21421\" style=\"width:308px;height:auto\" \/><\/figure>\n\n\n\n<p><strong>CHRISTIAN FORTEZA<\/strong><\/p>\n\n\n\n<p>Es director teatral, actor y puestista.<\/p>\n\n\n\n<p>Autor del libro &#8221;&nbsp;<strong>De qu\u00e9 y por qu\u00e9 nos re\u00edmos. Actuaci\u00f3n y comicidad &#8220;<\/strong>&nbsp;Ediciones del CCC.<\/p>\n\n\n\n<p>Pertenece a la direcci\u00f3n art\u00edstica del Centro Cultural de la Cooperaci\u00f3n como coordinador, programador e investigador del \u00c1rea Variet\u00e9.<\/p>\n\n\n\n<p>Es docente de la<strong>&nbsp;Escuela Metropolitana de Arte Dram\u00e1tico<\/strong>, en la carrera Profesorado de Teatro y en la carrera de Escenograf\u00eda y Vestuario.<\/p>\n\n\n\n<p><strong>TEATRO:\u00a0\u00a0<\/strong>LA TEMPESTAD DE LEAR, POTESTAD,CAF\u00c9 CHAMAN, EL VIAJE EL\u00c9CTRICO<strong>,\u00a0<\/strong>LAS PAREDES, LA MUERTE DE MARGUARITE DURAS, C\u00c1MARA LENTA, DETR\u00c1S DEL OJO DE LA AGUJA<strong>,\u00a0<\/strong>NIDITO DE AMOR. Fot\u00f3grafo, Director. Teatro Belisario \/ UNA OBRA MUY ARGENTINA, EL PESCADOR Y SU MUJER, S\u00c9PTIMA RISADOS COMEDIAS BIEN ARGENTINAS, VARIEDADES INEFABLES, PUR\u00c9 DE NERVIOS 2, MR. XPENDER, CHELINCHA, PUR\u00c9 DE NERVIOS.<\/p>\n\n\n\n<p><\/p>\n","protected":false},"excerpt":{"rendered":"<p>En el Centro Cultural de la Cooperaci\u00f3n llega la segunda temporada de \u201cRojos Globos Rojos\u201d de Eduardo Tato Pavlovsky, con direcci\u00f3n de Christian Forteza y las actuaciones de Ra\u00fal Rizzo, Gabriela Perera y Marta Igarza. Las funciones ser\u00e1n los d\u00edas domingos a las 19:00 horas a partir del 23 de marzo. La pieza recibi\u00f3 2 [&hellip;]<\/p>\n","protected":false},"author":3,"featured_media":21422,"comment_status":"open","ping_status":"closed","sticky":false,"template":"","format":"standard","meta":{"footnotes":""},"categories":[34,35],"tags":[],"class_list":{"0":"post-21414","1":"post","2":"type-post","3":"status-publish","4":"format-standard","5":"has-post-thumbnail","7":"category-arte","8":"category-teatro"},"yoast_head":"<!-- This site is optimized with the Yoast SEO plugin v27.5 - https:\/\/yoast.com\/product\/yoast-seo-wordpress\/ -->\n<title>\u201cROJOS GLOBOS ROJOS\u201d - Sergio Lapegue<\/title>\n<meta name=\"robots\" content=\"index, follow, max-snippet:-1, max-image-preview:large, max-video-preview:-1\" \/>\n<link rel=\"canonical\" href=\"https:\/\/sergiolapegue.com\/site\/2025\/04\/22\/rojos-globos-rojos-2\/\" \/>\n<meta property=\"og:locale\" content=\"es_ES\" \/>\n<meta property=\"og:type\" content=\"article\" \/>\n<meta property=\"og:title\" content=\"\u201cROJOS GLOBOS ROJOS\u201d - Sergio Lapegue\" \/>\n<meta property=\"og:description\" content=\"En el Centro Cultural de la Cooperaci\u00f3n llega la segunda temporada de \u201cRojos Globos Rojos\u201d de Eduardo Tato Pavlovsky, con direcci\u00f3n de Christian Forteza y las actuaciones de Ra\u00fal Rizzo, Gabriela Perera y Marta Igarza. Las funciones ser\u00e1n los d\u00edas domingos a las 19:00 horas a partir del 23 de marzo. La pieza recibi\u00f3 2 [&hellip;]\" \/>\n<meta property=\"og:url\" content=\"https:\/\/sergiolapegue.com\/site\/2025\/04\/22\/rojos-globos-rojos-2\/\" \/>\n<meta property=\"og:site_name\" content=\"Sergio Lapegue\" \/>\n<meta property=\"article:publisher\" content=\"https:\/\/facebook.com\/sergiolapegue\" \/>\n<meta property=\"article:author\" content=\"https:\/\/facebook.com\/danielernesto.montana\" \/>\n<meta property=\"article:published_time\" content=\"2025-04-22T12:00:00+00:00\" \/>\n<meta property=\"og:image\" content=\"https:\/\/sergiolapegue.com\/site\/wp-content\/uploads\/2025\/03\/Rojos-globos-rojos-scaled.jpg\" \/>\n\t<meta property=\"og:image:width\" content=\"2560\" \/>\n\t<meta property=\"og:image:height\" content=\"1706\" \/>\n\t<meta property=\"og:image:type\" content=\"image\/jpeg\" \/>\n<meta name=\"author\" content=\"Daniel E. Monta\u00f1a\" \/>\n<meta name=\"twitter:card\" content=\"summary_large_image\" \/>\n<meta name=\"twitter:creator\" content=\"@https:\/\/twitter.com\/daner_004\" \/>\n<meta name=\"twitter:site\" content=\"@sergiolapegue\" \/>\n<meta name=\"twitter:label1\" content=\"Escrito por\" \/>\n\t<meta name=\"twitter:data1\" content=\"Daniel E. Monta\u00f1a\" \/>\n\t<meta name=\"twitter:label2\" content=\"Tiempo de lectura\" \/>\n\t<meta name=\"twitter:data2\" content=\"7 minutos\" \/>\n<script type=\"application\/ld+json\" class=\"yoast-schema-graph\">{\"@context\":\"https:\\\/\\\/schema.org\",\"@graph\":[{\"@type\":\"Article\",\"@id\":\"https:\\\/\\\/sergiolapegue.com\\\/site\\\/2025\\\/04\\\/22\\\/rojos-globos-rojos-2\\\/#article\",\"isPartOf\":{\"@id\":\"https:\\\/\\\/sergiolapegue.com\\\/site\\\/2025\\\/04\\\/22\\\/rojos-globos-rojos-2\\\/\"},\"author\":{\"name\":\"Daniel E. Monta\u00f1a\",\"@id\":\"https:\\\/\\\/sergiolapegue.com\\\/site\\\/#\\\/schema\\\/person\\\/9198e7dbab43c6d74d0fd5399af7c3cd\"},\"headline\":\"\u201cROJOS GLOBOS ROJOS\u201d\",\"datePublished\":\"2025-04-22T12:00:00+00:00\",\"mainEntityOfPage\":{\"@id\":\"https:\\\/\\\/sergiolapegue.com\\\/site\\\/2025\\\/04\\\/22\\\/rojos-globos-rojos-2\\\/\"},\"wordCount\":1188,\"commentCount\":0,\"publisher\":{\"@id\":\"https:\\\/\\\/sergiolapegue.com\\\/site\\\/#\\\/schema\\\/person\\\/083aeceeb0734cd166779ea6c0551a37\"},\"image\":{\"@id\":\"https:\\\/\\\/sergiolapegue.com\\\/site\\\/2025\\\/04\\\/22\\\/rojos-globos-rojos-2\\\/#primaryimage\"},\"thumbnailUrl\":\"https:\\\/\\\/sergiolapegue.com\\\/site\\\/wp-content\\\/uploads\\\/2025\\\/03\\\/Rojos-globos-rojos-scaled.jpg\",\"articleSection\":[\"Arte\",\"Teatro\"],\"inLanguage\":\"es-AR\",\"potentialAction\":[{\"@type\":\"CommentAction\",\"name\":\"Comment\",\"target\":[\"https:\\\/\\\/sergiolapegue.com\\\/site\\\/2025\\\/04\\\/22\\\/rojos-globos-rojos-2\\\/#respond\"]}]},{\"@type\":\"WebPage\",\"@id\":\"https:\\\/\\\/sergiolapegue.com\\\/site\\\/2025\\\/04\\\/22\\\/rojos-globos-rojos-2\\\/\",\"url\":\"https:\\\/\\\/sergiolapegue.com\\\/site\\\/2025\\\/04\\\/22\\\/rojos-globos-rojos-2\\\/\",\"name\":\"\u201cROJOS GLOBOS ROJOS\u201d - Sergio Lapegue\",\"isPartOf\":{\"@id\":\"https:\\\/\\\/sergiolapegue.com\\\/site\\\/#website\"},\"primaryImageOfPage\":{\"@id\":\"https:\\\/\\\/sergiolapegue.com\\\/site\\\/2025\\\/04\\\/22\\\/rojos-globos-rojos-2\\\/#primaryimage\"},\"image\":{\"@id\":\"https:\\\/\\\/sergiolapegue.com\\\/site\\\/2025\\\/04\\\/22\\\/rojos-globos-rojos-2\\\/#primaryimage\"},\"thumbnailUrl\":\"https:\\\/\\\/sergiolapegue.com\\\/site\\\/wp-content\\\/uploads\\\/2025\\\/03\\\/Rojos-globos-rojos-scaled.jpg\",\"datePublished\":\"2025-04-22T12:00:00+00:00\",\"breadcrumb\":{\"@id\":\"https:\\\/\\\/sergiolapegue.com\\\/site\\\/2025\\\/04\\\/22\\\/rojos-globos-rojos-2\\\/#breadcrumb\"},\"inLanguage\":\"es-AR\",\"potentialAction\":[{\"@type\":\"ReadAction\",\"target\":[\"https:\\\/\\\/sergiolapegue.com\\\/site\\\/2025\\\/04\\\/22\\\/rojos-globos-rojos-2\\\/\"]}]},{\"@type\":\"ImageObject\",\"inLanguage\":\"es-AR\",\"@id\":\"https:\\\/\\\/sergiolapegue.com\\\/site\\\/2025\\\/04\\\/22\\\/rojos-globos-rojos-2\\\/#primaryimage\",\"url\":\"https:\\\/\\\/sergiolapegue.com\\\/site\\\/wp-content\\\/uploads\\\/2025\\\/03\\\/Rojos-globos-rojos-scaled.jpg\",\"contentUrl\":\"https:\\\/\\\/sergiolapegue.com\\\/site\\\/wp-content\\\/uploads\\\/2025\\\/03\\\/Rojos-globos-rojos-scaled.jpg\",\"width\":2560,\"height\":1706},{\"@type\":\"BreadcrumbList\",\"@id\":\"https:\\\/\\\/sergiolapegue.com\\\/site\\\/2025\\\/04\\\/22\\\/rojos-globos-rojos-2\\\/#breadcrumb\",\"itemListElement\":[{\"@type\":\"ListItem\",\"position\":1,\"name\":\"Inicio\",\"item\":\"https:\\\/\\\/sergiolapegue.com\\\/site\\\/\"},{\"@type\":\"ListItem\",\"position\":2,\"name\":\"\u201cROJOS GLOBOS ROJOS\u201d\"}]},{\"@type\":\"WebSite\",\"@id\":\"https:\\\/\\\/sergiolapegue.com\\\/site\\\/#website\",\"url\":\"https:\\\/\\\/sergiolapegue.com\\\/site\\\/\",\"name\":\"Sergio Lapegue\",\"description\":\"Periodista\",\"publisher\":{\"@id\":\"https:\\\/\\\/sergiolapegue.com\\\/site\\\/#\\\/schema\\\/person\\\/083aeceeb0734cd166779ea6c0551a37\"},\"potentialAction\":[{\"@type\":\"SearchAction\",\"target\":{\"@type\":\"EntryPoint\",\"urlTemplate\":\"https:\\\/\\\/sergiolapegue.com\\\/site\\\/?s={search_term_string}\"},\"query-input\":{\"@type\":\"PropertyValueSpecification\",\"valueRequired\":true,\"valueName\":\"search_term_string\"}}],\"inLanguage\":\"es-AR\"},{\"@type\":[\"Person\",\"Organization\"],\"@id\":\"https:\\\/\\\/sergiolapegue.com\\\/site\\\/#\\\/schema\\\/person\\\/083aeceeb0734cd166779ea6c0551a37\",\"name\":\"Sergio Lapegue\",\"image\":{\"@type\":\"ImageObject\",\"inLanguage\":\"es-AR\",\"@id\":\"https:\\\/\\\/sergiolapegue.com\\\/site\\\/wp-content\\\/uploads\\\/2021\\\/04\\\/logo_header-1.png\",\"url\":\"https:\\\/\\\/sergiolapegue.com\\\/site\\\/wp-content\\\/uploads\\\/2021\\\/04\\\/logo_header-1.png\",\"contentUrl\":\"https:\\\/\\\/sergiolapegue.com\\\/site\\\/wp-content\\\/uploads\\\/2021\\\/04\\\/logo_header-1.png\",\"width\":272,\"height\":90,\"caption\":\"Sergio Lapegue\"},\"logo\":{\"@id\":\"https:\\\/\\\/sergiolapegue.com\\\/site\\\/wp-content\\\/uploads\\\/2021\\\/04\\\/logo_header-1.png\"},\"sameAs\":[\"https:\\\/\\\/facebook.com\\\/sergiolapegue\",\"https:\\\/\\\/instagram.com\\\/sergiolapegue\",\"https:\\\/\\\/x.com\\\/https:\\\/\\\/twitter.com\\\/sergiolapegue\"]},{\"@type\":\"Person\",\"@id\":\"https:\\\/\\\/sergiolapegue.com\\\/site\\\/#\\\/schema\\\/person\\\/9198e7dbab43c6d74d0fd5399af7c3cd\",\"name\":\"Daniel E. Monta\u00f1a\",\"image\":{\"@type\":\"ImageObject\",\"inLanguage\":\"es-AR\",\"@id\":\"https:\\\/\\\/sergiolapegue.com\\\/site\\\/wp-content\\\/uploads\\\/2021\\\/04\\\/sl_avatar_Daniel-150x150.jpg\",\"url\":\"https:\\\/\\\/sergiolapegue.com\\\/site\\\/wp-content\\\/uploads\\\/2021\\\/04\\\/sl_avatar_Daniel-150x150.jpg\",\"contentUrl\":\"https:\\\/\\\/sergiolapegue.com\\\/site\\\/wp-content\\\/uploads\\\/2021\\\/04\\\/sl_avatar_Daniel-150x150.jpg\",\"caption\":\"Daniel E. Monta\u00f1a\"},\"sameAs\":[\"https:\\\/\\\/facebook.com\\\/danielernesto.montana\",\"https:\\\/\\\/instagram.com\\\/daniel_montana1961\",\"https:\\\/\\\/x.com\\\/https:\\\/\\\/twitter.com\\\/daner_004\"],\"url\":\"https:\\\/\\\/sergiolapegue.com\\\/site\\\/author\\\/daniel\\\/\"}]}<\/script>\n<!-- \/ Yoast SEO plugin. -->","yoast_head_json":{"title":"\u201cROJOS GLOBOS ROJOS\u201d - Sergio Lapegue","robots":{"index":"index","follow":"follow","max-snippet":"max-snippet:-1","max-image-preview":"max-image-preview:large","max-video-preview":"max-video-preview:-1"},"canonical":"https:\/\/sergiolapegue.com\/site\/2025\/04\/22\/rojos-globos-rojos-2\/","og_locale":"es_ES","og_type":"article","og_title":"\u201cROJOS GLOBOS ROJOS\u201d - Sergio Lapegue","og_description":"En el Centro Cultural de la Cooperaci\u00f3n llega la segunda temporada de \u201cRojos Globos Rojos\u201d de Eduardo Tato Pavlovsky, con direcci\u00f3n de Christian Forteza y las actuaciones de Ra\u00fal Rizzo, Gabriela Perera y Marta Igarza. Las funciones ser\u00e1n los d\u00edas domingos a las 19:00 horas a partir del 23 de marzo. La pieza recibi\u00f3 2 [&hellip;]","og_url":"https:\/\/sergiolapegue.com\/site\/2025\/04\/22\/rojos-globos-rojos-2\/","og_site_name":"Sergio Lapegue","article_publisher":"https:\/\/facebook.com\/sergiolapegue","article_author":"https:\/\/facebook.com\/danielernesto.montana","article_published_time":"2025-04-22T12:00:00+00:00","og_image":[{"width":2560,"height":1706,"url":"https:\/\/sergiolapegue.com\/site\/wp-content\/uploads\/2025\/03\/Rojos-globos-rojos-scaled.jpg","type":"image\/jpeg"}],"author":"Daniel E. Monta\u00f1a","twitter_card":"summary_large_image","twitter_creator":"@https:\/\/twitter.com\/daner_004","twitter_site":"@sergiolapegue","twitter_misc":{"Escrito por":"Daniel E. Monta\u00f1a","Tiempo de lectura":"7 minutos"},"schema":{"@context":"https:\/\/schema.org","@graph":[{"@type":"Article","@id":"https:\/\/sergiolapegue.com\/site\/2025\/04\/22\/rojos-globos-rojos-2\/#article","isPartOf":{"@id":"https:\/\/sergiolapegue.com\/site\/2025\/04\/22\/rojos-globos-rojos-2\/"},"author":{"name":"Daniel E. Monta\u00f1a","@id":"https:\/\/sergiolapegue.com\/site\/#\/schema\/person\/9198e7dbab43c6d74d0fd5399af7c3cd"},"headline":"\u201cROJOS GLOBOS ROJOS\u201d","datePublished":"2025-04-22T12:00:00+00:00","mainEntityOfPage":{"@id":"https:\/\/sergiolapegue.com\/site\/2025\/04\/22\/rojos-globos-rojos-2\/"},"wordCount":1188,"commentCount":0,"publisher":{"@id":"https:\/\/sergiolapegue.com\/site\/#\/schema\/person\/083aeceeb0734cd166779ea6c0551a37"},"image":{"@id":"https:\/\/sergiolapegue.com\/site\/2025\/04\/22\/rojos-globos-rojos-2\/#primaryimage"},"thumbnailUrl":"https:\/\/sergiolapegue.com\/site\/wp-content\/uploads\/2025\/03\/Rojos-globos-rojos-scaled.jpg","articleSection":["Arte","Teatro"],"inLanguage":"es-AR","potentialAction":[{"@type":"CommentAction","name":"Comment","target":["https:\/\/sergiolapegue.com\/site\/2025\/04\/22\/rojos-globos-rojos-2\/#respond"]}]},{"@type":"WebPage","@id":"https:\/\/sergiolapegue.com\/site\/2025\/04\/22\/rojos-globos-rojos-2\/","url":"https:\/\/sergiolapegue.com\/site\/2025\/04\/22\/rojos-globos-rojos-2\/","name":"\u201cROJOS GLOBOS ROJOS\u201d - Sergio Lapegue","isPartOf":{"@id":"https:\/\/sergiolapegue.com\/site\/#website"},"primaryImageOfPage":{"@id":"https:\/\/sergiolapegue.com\/site\/2025\/04\/22\/rojos-globos-rojos-2\/#primaryimage"},"image":{"@id":"https:\/\/sergiolapegue.com\/site\/2025\/04\/22\/rojos-globos-rojos-2\/#primaryimage"},"thumbnailUrl":"https:\/\/sergiolapegue.com\/site\/wp-content\/uploads\/2025\/03\/Rojos-globos-rojos-scaled.jpg","datePublished":"2025-04-22T12:00:00+00:00","breadcrumb":{"@id":"https:\/\/sergiolapegue.com\/site\/2025\/04\/22\/rojos-globos-rojos-2\/#breadcrumb"},"inLanguage":"es-AR","potentialAction":[{"@type":"ReadAction","target":["https:\/\/sergiolapegue.com\/site\/2025\/04\/22\/rojos-globos-rojos-2\/"]}]},{"@type":"ImageObject","inLanguage":"es-AR","@id":"https:\/\/sergiolapegue.com\/site\/2025\/04\/22\/rojos-globos-rojos-2\/#primaryimage","url":"https:\/\/sergiolapegue.com\/site\/wp-content\/uploads\/2025\/03\/Rojos-globos-rojos-scaled.jpg","contentUrl":"https:\/\/sergiolapegue.com\/site\/wp-content\/uploads\/2025\/03\/Rojos-globos-rojos-scaled.jpg","width":2560,"height":1706},{"@type":"BreadcrumbList","@id":"https:\/\/sergiolapegue.com\/site\/2025\/04\/22\/rojos-globos-rojos-2\/#breadcrumb","itemListElement":[{"@type":"ListItem","position":1,"name":"Inicio","item":"https:\/\/sergiolapegue.com\/site\/"},{"@type":"ListItem","position":2,"name":"\u201cROJOS GLOBOS ROJOS\u201d"}]},{"@type":"WebSite","@id":"https:\/\/sergiolapegue.com\/site\/#website","url":"https:\/\/sergiolapegue.com\/site\/","name":"Sergio Lapegue","description":"Periodista","publisher":{"@id":"https:\/\/sergiolapegue.com\/site\/#\/schema\/person\/083aeceeb0734cd166779ea6c0551a37"},"potentialAction":[{"@type":"SearchAction","target":{"@type":"EntryPoint","urlTemplate":"https:\/\/sergiolapegue.com\/site\/?s={search_term_string}"},"query-input":{"@type":"PropertyValueSpecification","valueRequired":true,"valueName":"search_term_string"}}],"inLanguage":"es-AR"},{"@type":["Person","Organization"],"@id":"https:\/\/sergiolapegue.com\/site\/#\/schema\/person\/083aeceeb0734cd166779ea6c0551a37","name":"Sergio Lapegue","image":{"@type":"ImageObject","inLanguage":"es-AR","@id":"https:\/\/sergiolapegue.com\/site\/wp-content\/uploads\/2021\/04\/logo_header-1.png","url":"https:\/\/sergiolapegue.com\/site\/wp-content\/uploads\/2021\/04\/logo_header-1.png","contentUrl":"https:\/\/sergiolapegue.com\/site\/wp-content\/uploads\/2021\/04\/logo_header-1.png","width":272,"height":90,"caption":"Sergio Lapegue"},"logo":{"@id":"https:\/\/sergiolapegue.com\/site\/wp-content\/uploads\/2021\/04\/logo_header-1.png"},"sameAs":["https:\/\/facebook.com\/sergiolapegue","https:\/\/instagram.com\/sergiolapegue","https:\/\/x.com\/https:\/\/twitter.com\/sergiolapegue"]},{"@type":"Person","@id":"https:\/\/sergiolapegue.com\/site\/#\/schema\/person\/9198e7dbab43c6d74d0fd5399af7c3cd","name":"Daniel E. Monta\u00f1a","image":{"@type":"ImageObject","inLanguage":"es-AR","@id":"https:\/\/sergiolapegue.com\/site\/wp-content\/uploads\/2021\/04\/sl_avatar_Daniel-150x150.jpg","url":"https:\/\/sergiolapegue.com\/site\/wp-content\/uploads\/2021\/04\/sl_avatar_Daniel-150x150.jpg","contentUrl":"https:\/\/sergiolapegue.com\/site\/wp-content\/uploads\/2021\/04\/sl_avatar_Daniel-150x150.jpg","caption":"Daniel E. Monta\u00f1a"},"sameAs":["https:\/\/facebook.com\/danielernesto.montana","https:\/\/instagram.com\/daniel_montana1961","https:\/\/x.com\/https:\/\/twitter.com\/daner_004"],"url":"https:\/\/sergiolapegue.com\/site\/author\/daniel\/"}]}},"_links":{"self":[{"href":"https:\/\/sergiolapegue.com\/site\/wp-json\/wp\/v2\/posts\/21414","targetHints":{"allow":["GET"]}}],"collection":[{"href":"https:\/\/sergiolapegue.com\/site\/wp-json\/wp\/v2\/posts"}],"about":[{"href":"https:\/\/sergiolapegue.com\/site\/wp-json\/wp\/v2\/types\/post"}],"author":[{"embeddable":true,"href":"https:\/\/sergiolapegue.com\/site\/wp-json\/wp\/v2\/users\/3"}],"replies":[{"embeddable":true,"href":"https:\/\/sergiolapegue.com\/site\/wp-json\/wp\/v2\/comments?post=21414"}],"version-history":[{"count":1,"href":"https:\/\/sergiolapegue.com\/site\/wp-json\/wp\/v2\/posts\/21414\/revisions"}],"predecessor-version":[{"id":21423,"href":"https:\/\/sergiolapegue.com\/site\/wp-json\/wp\/v2\/posts\/21414\/revisions\/21423"}],"wp:featuredmedia":[{"embeddable":true,"href":"https:\/\/sergiolapegue.com\/site\/wp-json\/wp\/v2\/media\/21422"}],"wp:attachment":[{"href":"https:\/\/sergiolapegue.com\/site\/wp-json\/wp\/v2\/media?parent=21414"}],"wp:term":[{"taxonomy":"category","embeddable":true,"href":"https:\/\/sergiolapegue.com\/site\/wp-json\/wp\/v2\/categories?post=21414"},{"taxonomy":"post_tag","embeddable":true,"href":"https:\/\/sergiolapegue.com\/site\/wp-json\/wp\/v2\/tags?post=21414"}],"curies":[{"name":"wp","href":"https:\/\/api.w.org\/{rel}","templated":true}]}}