{"id":21409,"date":"2025-03-16T13:00:00","date_gmt":"2025-03-16T16:00:00","guid":{"rendered":"https:\/\/sergiolapegue.com\/site\/?p=21409"},"modified":"2025-03-15T02:54:46","modified_gmt":"2025-03-15T05:54:46","slug":"conadep-el-valor-de-la-democracia-la-busqueda","status":"publish","type":"post","link":"https:\/\/sergiolapegue.com\/site\/2025\/03\/16\/conadep-el-valor-de-la-democracia-la-busqueda\/","title":{"rendered":"&#8220;CONADEP, EL VALOR DE LA DEMOCRACIA + LA B\u00daSQUEDA&#8221;"},"content":{"rendered":"\n<p>La b\u00fasqueda incansable de una abuela a quien le arrebataron a su nieta en la \u00faltima dictadura militar.<\/p>\n\n\n\n<p>Celebrando y defendiendo los 40 a\u00f1os de la Democracia, Mar\u00eda Eugenia Lanfranco comparte en un mon\u00f3logo testimonial su propia experiencia y la de sus compa\u00f1eros y compa\u00f1eras de la CONADEP (Comisi\u00f3n Nacional sobre la Desaparici\u00f3n de Personas), que fue creada en diciembre de 1983, por el presidente Ra\u00fal Alfons\u00edn. Mar\u00eda Eugenia, que comenz\u00f3 su trabajo teniendo 20 a\u00f1os, nos relata la dificultosa organizaci\u00f3n inicial, el trabajo cotidiano y el proceso que permiti\u00f3 sacar a la luz p\u00fablica nacional e internacional el m\u00e9todo&nbsp;de secuestro, tortura y desaparici\u00f3n de personas, que qued\u00f3 registrado en el informe Nunca M\u00e1s y luego demostr\u00f3 el Juicio a las Juntas Militares. Durante el mon\u00f3logo, se intercalan relatos de c\u00f3mo era el d\u00eda a d\u00eda en la Comisi\u00f3n, breves escenas de ficci\u00f3n y material audiovisual especialmente seleccionado, algunos desconocidos para el gran p\u00fablico.<\/p>\n\n\n\n<p>Recomendado como un recordatorio necesario e imprescindible para todos los que quieren vivir en un estado de derecho m\u00e1s vital y m\u00e1s fuerte. Porque es nuestra memoria la que mejor defiende, protege y fortalece la democracia.<\/p>\n\n\n\n<figure class=\"wp-block-image size-large\"><img loading=\"lazy\" decoding=\"async\" width=\"1024\" height=\"700\" src=\"https:\/\/sergiolapegue.com\/site\/wp-content\/uploads\/2025\/03\/Conadep-el-valor-de-la-democracia-la-busqueda-2-1024x700.jpeg\" alt=\"\" class=\"wp-image-21410\" srcset=\"https:\/\/sergiolapegue.com\/site\/wp-content\/uploads\/2025\/03\/Conadep-el-valor-de-la-democracia-la-busqueda-2-1024x700.jpeg 1024w, https:\/\/sergiolapegue.com\/site\/wp-content\/uploads\/2025\/03\/Conadep-el-valor-de-la-democracia-la-busqueda-2-300x205.jpeg 300w, https:\/\/sergiolapegue.com\/site\/wp-content\/uploads\/2025\/03\/Conadep-el-valor-de-la-democracia-la-busqueda-2-768x525.jpeg 768w, https:\/\/sergiolapegue.com\/site\/wp-content\/uploads\/2025\/03\/Conadep-el-valor-de-la-democracia-la-busqueda-2-1536x1050.jpeg 1536w, https:\/\/sergiolapegue.com\/site\/wp-content\/uploads\/2025\/03\/Conadep-el-valor-de-la-democracia-la-busqueda-2-2048x1399.jpeg 2048w, https:\/\/sergiolapegue.com\/site\/wp-content\/uploads\/2025\/03\/Conadep-el-valor-de-la-democracia-la-busqueda-2-615x420.jpeg 615w, https:\/\/sergiolapegue.com\/site\/wp-content\/uploads\/2025\/03\/Conadep-el-valor-de-la-democracia-la-busqueda-2-218x150.jpeg 218w, https:\/\/sergiolapegue.com\/site\/wp-content\/uploads\/2025\/03\/Conadep-el-valor-de-la-democracia-la-busqueda-2-696x476.jpeg 696w, https:\/\/sergiolapegue.com\/site\/wp-content\/uploads\/2025\/03\/Conadep-el-valor-de-la-democracia-la-busqueda-2-1068x730.jpeg 1068w, https:\/\/sergiolapegue.com\/site\/wp-content\/uploads\/2025\/03\/Conadep-el-valor-de-la-democracia-la-busqueda-2-1920x1312.jpeg 1920w\" sizes=\"auto, (max-width: 1024px) 100vw, 1024px\" \/><\/figure>\n\n\n\n<p><strong>La B\u00fasqueda<\/strong><\/p>\n\n\n\n<p>Autora: Anabella Valencia<\/p>\n\n\n\n<p>Act\u00faa: Gaby Minardi<\/p>\n\n\n\n<p><strong>CONADEP, el valor de la democracia<\/strong><\/p>\n\n\n\n<p>Autora, Actriz y relatora y Producci\u00f3n General: Mar\u00eda Eugenia Lanfranco<\/p>\n\n\n\n<p>Supervisi\u00f3n dram\u00e1tica: Jorge Huertas<\/p>\n\n\n\n<p>Supervisi\u00f3n: art\u00edstica: Irene L\u00f3pez<\/p>\n\n\n\n<p>Dise\u00f1o audiovisual: Teo Escobar<\/p>\n\n\n\n<p>Dise\u00f1o gr\u00e1fico: Pedro y Antonio Cela<\/p>\n\n\n\n<p><strong>Duraci\u00f3n:<\/strong> 60 minutos<\/p>\n\n\n\n<p><strong>Clasificaci\u00f3n:<\/strong> Teatro \u2013 Presencial \u2013 Adultos<\/p>\n\n\n\n<figure class=\"wp-block-image size-full is-resized\"><img loading=\"lazy\" decoding=\"async\" width=\"400\" height=\"400\" src=\"https:\/\/sergiolapegue.com\/site\/wp-content\/uploads\/2025\/03\/Teatro-El-Popular.jpg\" alt=\"\" class=\"wp-image-21411\" style=\"width:305px;height:auto\" srcset=\"https:\/\/sergiolapegue.com\/site\/wp-content\/uploads\/2025\/03\/Teatro-El-Popular.jpg 400w, https:\/\/sergiolapegue.com\/site\/wp-content\/uploads\/2025\/03\/Teatro-El-Popular-300x300.jpg 300w, https:\/\/sergiolapegue.com\/site\/wp-content\/uploads\/2025\/03\/Teatro-El-Popular-150x150.jpg 150w\" sizes=\"auto, (max-width: 400px) 100vw, 400px\" \/><\/figure>\n\n\n\n<p><strong>TEATRO EL POPULAR<\/strong><\/p>\n\n\n\n<p>Chile 2080 \u2013 Capital Federal \u2013 Buenos Aires \u2013 Argentina<\/p>\n\n\n\n<p>Tel\u00e9fono: 11 3 470 2576<\/p>\n\n\n\n<p>Web: <a href=\"https:\/\/www.instagram.com\/teatroelpopular\/\">https:\/\/www.instagram.com\/teatroelpopular\/<\/a><\/p>\n\n\n\n<p>Entradas: A la gorra \u2013 en boleter\u00eda del teatro o por Alternativa Teatral \u2013 Link: <a href=\"http:\/\/www.alternativateatral.com\/obra94510-conadep-el-valor-de-la%20democracia-la-busqueda\">http:\/\/www.alternativateatral.com\/obra94510-conadep-el-valor-de-la democracia-la-busqueda<\/a><\/p>\n\n\n\n<p>Funci\u00f3n: Domingo 23 de Marzo \u2013 19:00 horas.<\/p>\n\n\n\n<p>Gracias Maril\u00fa Diz Prensa del Teatro El Popular por hacernos llegar la gacetilla de prensa de este espect\u00e1culo.<\/p>\n\n\n\n<p><\/p>\n","protected":false},"excerpt":{"rendered":"<p>La b\u00fasqueda incansable de una abuela a quien le arrebataron a su nieta en la \u00faltima dictadura militar. Celebrando y defendiendo los 40 a\u00f1os de la Democracia, Mar\u00eda Eugenia Lanfranco comparte en un mon\u00f3logo testimonial su propia experiencia y la de sus compa\u00f1eros y compa\u00f1eras de la CONADEP (Comisi\u00f3n Nacional sobre la Desaparici\u00f3n de Personas), [&hellip;]<\/p>\n","protected":false},"author":3,"featured_media":21412,"comment_status":"open","ping_status":"closed","sticky":false,"template":"","format":"standard","meta":{"footnotes":""},"categories":[34,35],"tags":[],"class_list":{"0":"post-21409","1":"post","2":"type-post","3":"status-publish","4":"format-standard","5":"has-post-thumbnail","7":"category-arte","8":"category-teatro"},"yoast_head":"<!-- This site is optimized with the Yoast SEO plugin v27.5 - https:\/\/yoast.com\/product\/yoast-seo-wordpress\/ -->\n<title>&quot;CONADEP, EL VALOR DE LA DEMOCRACIA + LA B\u00daSQUEDA&quot; - Sergio Lapegue<\/title>\n<meta name=\"robots\" content=\"index, follow, max-snippet:-1, max-image-preview:large, max-video-preview:-1\" \/>\n<link rel=\"canonical\" href=\"https:\/\/sergiolapegue.com\/site\/2025\/03\/16\/conadep-el-valor-de-la-democracia-la-busqueda\/\" \/>\n<meta property=\"og:locale\" content=\"es_ES\" \/>\n<meta property=\"og:type\" content=\"article\" \/>\n<meta property=\"og:title\" content=\"&quot;CONADEP, EL VALOR DE LA DEMOCRACIA + LA B\u00daSQUEDA&quot; - Sergio Lapegue\" \/>\n<meta property=\"og:description\" content=\"La b\u00fasqueda incansable de una abuela a quien le arrebataron a su nieta en la \u00faltima dictadura militar. Celebrando y defendiendo los 40 a\u00f1os de la Democracia, Mar\u00eda Eugenia Lanfranco comparte en un mon\u00f3logo testimonial su propia experiencia y la de sus compa\u00f1eros y compa\u00f1eras de la CONADEP (Comisi\u00f3n Nacional sobre la Desaparici\u00f3n de Personas), [&hellip;]\" \/>\n<meta property=\"og:url\" content=\"https:\/\/sergiolapegue.com\/site\/2025\/03\/16\/conadep-el-valor-de-la-democracia-la-busqueda\/\" \/>\n<meta property=\"og:site_name\" content=\"Sergio Lapegue\" \/>\n<meta property=\"article:publisher\" content=\"https:\/\/facebook.com\/sergiolapegue\" \/>\n<meta property=\"article:author\" content=\"https:\/\/facebook.com\/danielernesto.montana\" \/>\n<meta property=\"article:published_time\" content=\"2025-03-16T16:00:00+00:00\" \/>\n<meta property=\"og:image\" content=\"https:\/\/sergiolapegue.com\/site\/wp-content\/uploads\/2025\/03\/Conadep-el-valor-de-la-democracia-la-busqueda-1.jpeg\" \/>\n\t<meta property=\"og:image:width\" content=\"2160\" \/>\n\t<meta property=\"og:image:height\" content=\"1215\" \/>\n\t<meta property=\"og:image:type\" content=\"image\/jpeg\" \/>\n<meta name=\"author\" content=\"Daniel E. Monta\u00f1a\" \/>\n<meta name=\"twitter:card\" content=\"summary_large_image\" \/>\n<meta name=\"twitter:creator\" content=\"@https:\/\/twitter.com\/daner_004\" \/>\n<meta name=\"twitter:site\" content=\"@sergiolapegue\" \/>\n<meta name=\"twitter:label1\" content=\"Escrito por\" \/>\n\t<meta name=\"twitter:data1\" content=\"Daniel E. Monta\u00f1a\" \/>\n\t<meta name=\"twitter:label2\" content=\"Tiempo de lectura\" \/>\n\t<meta name=\"twitter:data2\" content=\"2 minutos\" \/>\n<script type=\"application\/ld+json\" class=\"yoast-schema-graph\">{\"@context\":\"https:\\\/\\\/schema.org\",\"@graph\":[{\"@type\":\"Article\",\"@id\":\"https:\\\/\\\/sergiolapegue.com\\\/site\\\/2025\\\/03\\\/16\\\/conadep-el-valor-de-la-democracia-la-busqueda\\\/#article\",\"isPartOf\":{\"@id\":\"https:\\\/\\\/sergiolapegue.com\\\/site\\\/2025\\\/03\\\/16\\\/conadep-el-valor-de-la-democracia-la-busqueda\\\/\"},\"author\":{\"name\":\"Daniel E. Monta\u00f1a\",\"@id\":\"https:\\\/\\\/sergiolapegue.com\\\/site\\\/#\\\/schema\\\/person\\\/9198e7dbab43c6d74d0fd5399af7c3cd\"},\"headline\":\"&#8220;CONADEP, EL VALOR DE LA DEMOCRACIA + LA B\u00daSQUEDA&#8221;\",\"datePublished\":\"2025-03-16T16:00:00+00:00\",\"mainEntityOfPage\":{\"@id\":\"https:\\\/\\\/sergiolapegue.com\\\/site\\\/2025\\\/03\\\/16\\\/conadep-el-valor-de-la-democracia-la-busqueda\\\/\"},\"wordCount\":349,\"commentCount\":0,\"publisher\":{\"@id\":\"https:\\\/\\\/sergiolapegue.com\\\/site\\\/#\\\/schema\\\/person\\\/083aeceeb0734cd166779ea6c0551a37\"},\"image\":{\"@id\":\"https:\\\/\\\/sergiolapegue.com\\\/site\\\/2025\\\/03\\\/16\\\/conadep-el-valor-de-la-democracia-la-busqueda\\\/#primaryimage\"},\"thumbnailUrl\":\"https:\\\/\\\/sergiolapegue.com\\\/site\\\/wp-content\\\/uploads\\\/2025\\\/03\\\/Conadep-el-valor-de-la-democracia-la-busqueda-1.jpeg\",\"articleSection\":[\"Arte\",\"Teatro\"],\"inLanguage\":\"es-AR\",\"potentialAction\":[{\"@type\":\"CommentAction\",\"name\":\"Comment\",\"target\":[\"https:\\\/\\\/sergiolapegue.com\\\/site\\\/2025\\\/03\\\/16\\\/conadep-el-valor-de-la-democracia-la-busqueda\\\/#respond\"]}]},{\"@type\":\"WebPage\",\"@id\":\"https:\\\/\\\/sergiolapegue.com\\\/site\\\/2025\\\/03\\\/16\\\/conadep-el-valor-de-la-democracia-la-busqueda\\\/\",\"url\":\"https:\\\/\\\/sergiolapegue.com\\\/site\\\/2025\\\/03\\\/16\\\/conadep-el-valor-de-la-democracia-la-busqueda\\\/\",\"name\":\"\\\"CONADEP, EL VALOR DE LA DEMOCRACIA + LA B\u00daSQUEDA\\\" - Sergio Lapegue\",\"isPartOf\":{\"@id\":\"https:\\\/\\\/sergiolapegue.com\\\/site\\\/#website\"},\"primaryImageOfPage\":{\"@id\":\"https:\\\/\\\/sergiolapegue.com\\\/site\\\/2025\\\/03\\\/16\\\/conadep-el-valor-de-la-democracia-la-busqueda\\\/#primaryimage\"},\"image\":{\"@id\":\"https:\\\/\\\/sergiolapegue.com\\\/site\\\/2025\\\/03\\\/16\\\/conadep-el-valor-de-la-democracia-la-busqueda\\\/#primaryimage\"},\"thumbnailUrl\":\"https:\\\/\\\/sergiolapegue.com\\\/site\\\/wp-content\\\/uploads\\\/2025\\\/03\\\/Conadep-el-valor-de-la-democracia-la-busqueda-1.jpeg\",\"datePublished\":\"2025-03-16T16:00:00+00:00\",\"breadcrumb\":{\"@id\":\"https:\\\/\\\/sergiolapegue.com\\\/site\\\/2025\\\/03\\\/16\\\/conadep-el-valor-de-la-democracia-la-busqueda\\\/#breadcrumb\"},\"inLanguage\":\"es-AR\",\"potentialAction\":[{\"@type\":\"ReadAction\",\"target\":[\"https:\\\/\\\/sergiolapegue.com\\\/site\\\/2025\\\/03\\\/16\\\/conadep-el-valor-de-la-democracia-la-busqueda\\\/\"]}]},{\"@type\":\"ImageObject\",\"inLanguage\":\"es-AR\",\"@id\":\"https:\\\/\\\/sergiolapegue.com\\\/site\\\/2025\\\/03\\\/16\\\/conadep-el-valor-de-la-democracia-la-busqueda\\\/#primaryimage\",\"url\":\"https:\\\/\\\/sergiolapegue.com\\\/site\\\/wp-content\\\/uploads\\\/2025\\\/03\\\/Conadep-el-valor-de-la-democracia-la-busqueda-1.jpeg\",\"contentUrl\":\"https:\\\/\\\/sergiolapegue.com\\\/site\\\/wp-content\\\/uploads\\\/2025\\\/03\\\/Conadep-el-valor-de-la-democracia-la-busqueda-1.jpeg\",\"width\":2160,\"height\":1215},{\"@type\":\"BreadcrumbList\",\"@id\":\"https:\\\/\\\/sergiolapegue.com\\\/site\\\/2025\\\/03\\\/16\\\/conadep-el-valor-de-la-democracia-la-busqueda\\\/#breadcrumb\",\"itemListElement\":[{\"@type\":\"ListItem\",\"position\":1,\"name\":\"Inicio\",\"item\":\"https:\\\/\\\/sergiolapegue.com\\\/site\\\/\"},{\"@type\":\"ListItem\",\"position\":2,\"name\":\"&#8220;CONADEP, EL VALOR DE LA DEMOCRACIA + LA B\u00daSQUEDA&#8221;\"}]},{\"@type\":\"WebSite\",\"@id\":\"https:\\\/\\\/sergiolapegue.com\\\/site\\\/#website\",\"url\":\"https:\\\/\\\/sergiolapegue.com\\\/site\\\/\",\"name\":\"Sergio Lapegue\",\"description\":\"Periodista\",\"publisher\":{\"@id\":\"https:\\\/\\\/sergiolapegue.com\\\/site\\\/#\\\/schema\\\/person\\\/083aeceeb0734cd166779ea6c0551a37\"},\"potentialAction\":[{\"@type\":\"SearchAction\",\"target\":{\"@type\":\"EntryPoint\",\"urlTemplate\":\"https:\\\/\\\/sergiolapegue.com\\\/site\\\/?s={search_term_string}\"},\"query-input\":{\"@type\":\"PropertyValueSpecification\",\"valueRequired\":true,\"valueName\":\"search_term_string\"}}],\"inLanguage\":\"es-AR\"},{\"@type\":[\"Person\",\"Organization\"],\"@id\":\"https:\\\/\\\/sergiolapegue.com\\\/site\\\/#\\\/schema\\\/person\\\/083aeceeb0734cd166779ea6c0551a37\",\"name\":\"Sergio Lapegue\",\"image\":{\"@type\":\"ImageObject\",\"inLanguage\":\"es-AR\",\"@id\":\"https:\\\/\\\/sergiolapegue.com\\\/site\\\/wp-content\\\/uploads\\\/2021\\\/04\\\/logo_header-1.png\",\"url\":\"https:\\\/\\\/sergiolapegue.com\\\/site\\\/wp-content\\\/uploads\\\/2021\\\/04\\\/logo_header-1.png\",\"contentUrl\":\"https:\\\/\\\/sergiolapegue.com\\\/site\\\/wp-content\\\/uploads\\\/2021\\\/04\\\/logo_header-1.png\",\"width\":272,\"height\":90,\"caption\":\"Sergio Lapegue\"},\"logo\":{\"@id\":\"https:\\\/\\\/sergiolapegue.com\\\/site\\\/wp-content\\\/uploads\\\/2021\\\/04\\\/logo_header-1.png\"},\"sameAs\":[\"https:\\\/\\\/facebook.com\\\/sergiolapegue\",\"https:\\\/\\\/instagram.com\\\/sergiolapegue\",\"https:\\\/\\\/x.com\\\/https:\\\/\\\/twitter.com\\\/sergiolapegue\"]},{\"@type\":\"Person\",\"@id\":\"https:\\\/\\\/sergiolapegue.com\\\/site\\\/#\\\/schema\\\/person\\\/9198e7dbab43c6d74d0fd5399af7c3cd\",\"name\":\"Daniel E. Monta\u00f1a\",\"image\":{\"@type\":\"ImageObject\",\"inLanguage\":\"es-AR\",\"@id\":\"https:\\\/\\\/sergiolapegue.com\\\/site\\\/wp-content\\\/uploads\\\/2021\\\/04\\\/sl_avatar_Daniel-150x150.jpg\",\"url\":\"https:\\\/\\\/sergiolapegue.com\\\/site\\\/wp-content\\\/uploads\\\/2021\\\/04\\\/sl_avatar_Daniel-150x150.jpg\",\"contentUrl\":\"https:\\\/\\\/sergiolapegue.com\\\/site\\\/wp-content\\\/uploads\\\/2021\\\/04\\\/sl_avatar_Daniel-150x150.jpg\",\"caption\":\"Daniel E. Monta\u00f1a\"},\"sameAs\":[\"https:\\\/\\\/facebook.com\\\/danielernesto.montana\",\"https:\\\/\\\/instagram.com\\\/daniel_montana1961\",\"https:\\\/\\\/x.com\\\/https:\\\/\\\/twitter.com\\\/daner_004\"],\"url\":\"https:\\\/\\\/sergiolapegue.com\\\/site\\\/author\\\/daniel\\\/\"}]}<\/script>\n<!-- \/ Yoast SEO plugin. -->","yoast_head_json":{"title":"\"CONADEP, EL VALOR DE LA DEMOCRACIA + LA B\u00daSQUEDA\" - Sergio Lapegue","robots":{"index":"index","follow":"follow","max-snippet":"max-snippet:-1","max-image-preview":"max-image-preview:large","max-video-preview":"max-video-preview:-1"},"canonical":"https:\/\/sergiolapegue.com\/site\/2025\/03\/16\/conadep-el-valor-de-la-democracia-la-busqueda\/","og_locale":"es_ES","og_type":"article","og_title":"\"CONADEP, EL VALOR DE LA DEMOCRACIA + LA B\u00daSQUEDA\" - Sergio Lapegue","og_description":"La b\u00fasqueda incansable de una abuela a quien le arrebataron a su nieta en la \u00faltima dictadura militar. Celebrando y defendiendo los 40 a\u00f1os de la Democracia, Mar\u00eda Eugenia Lanfranco comparte en un mon\u00f3logo testimonial su propia experiencia y la de sus compa\u00f1eros y compa\u00f1eras de la CONADEP (Comisi\u00f3n Nacional sobre la Desaparici\u00f3n de Personas), [&hellip;]","og_url":"https:\/\/sergiolapegue.com\/site\/2025\/03\/16\/conadep-el-valor-de-la-democracia-la-busqueda\/","og_site_name":"Sergio Lapegue","article_publisher":"https:\/\/facebook.com\/sergiolapegue","article_author":"https:\/\/facebook.com\/danielernesto.montana","article_published_time":"2025-03-16T16:00:00+00:00","og_image":[{"width":2160,"height":1215,"url":"https:\/\/sergiolapegue.com\/site\/wp-content\/uploads\/2025\/03\/Conadep-el-valor-de-la-democracia-la-busqueda-1.jpeg","type":"image\/jpeg"}],"author":"Daniel E. Monta\u00f1a","twitter_card":"summary_large_image","twitter_creator":"@https:\/\/twitter.com\/daner_004","twitter_site":"@sergiolapegue","twitter_misc":{"Escrito por":"Daniel E. Monta\u00f1a","Tiempo de lectura":"2 minutos"},"schema":{"@context":"https:\/\/schema.org","@graph":[{"@type":"Article","@id":"https:\/\/sergiolapegue.com\/site\/2025\/03\/16\/conadep-el-valor-de-la-democracia-la-busqueda\/#article","isPartOf":{"@id":"https:\/\/sergiolapegue.com\/site\/2025\/03\/16\/conadep-el-valor-de-la-democracia-la-busqueda\/"},"author":{"name":"Daniel E. Monta\u00f1a","@id":"https:\/\/sergiolapegue.com\/site\/#\/schema\/person\/9198e7dbab43c6d74d0fd5399af7c3cd"},"headline":"&#8220;CONADEP, EL VALOR DE LA DEMOCRACIA + LA B\u00daSQUEDA&#8221;","datePublished":"2025-03-16T16:00:00+00:00","mainEntityOfPage":{"@id":"https:\/\/sergiolapegue.com\/site\/2025\/03\/16\/conadep-el-valor-de-la-democracia-la-busqueda\/"},"wordCount":349,"commentCount":0,"publisher":{"@id":"https:\/\/sergiolapegue.com\/site\/#\/schema\/person\/083aeceeb0734cd166779ea6c0551a37"},"image":{"@id":"https:\/\/sergiolapegue.com\/site\/2025\/03\/16\/conadep-el-valor-de-la-democracia-la-busqueda\/#primaryimage"},"thumbnailUrl":"https:\/\/sergiolapegue.com\/site\/wp-content\/uploads\/2025\/03\/Conadep-el-valor-de-la-democracia-la-busqueda-1.jpeg","articleSection":["Arte","Teatro"],"inLanguage":"es-AR","potentialAction":[{"@type":"CommentAction","name":"Comment","target":["https:\/\/sergiolapegue.com\/site\/2025\/03\/16\/conadep-el-valor-de-la-democracia-la-busqueda\/#respond"]}]},{"@type":"WebPage","@id":"https:\/\/sergiolapegue.com\/site\/2025\/03\/16\/conadep-el-valor-de-la-democracia-la-busqueda\/","url":"https:\/\/sergiolapegue.com\/site\/2025\/03\/16\/conadep-el-valor-de-la-democracia-la-busqueda\/","name":"\"CONADEP, EL VALOR DE LA DEMOCRACIA + LA B\u00daSQUEDA\" - Sergio Lapegue","isPartOf":{"@id":"https:\/\/sergiolapegue.com\/site\/#website"},"primaryImageOfPage":{"@id":"https:\/\/sergiolapegue.com\/site\/2025\/03\/16\/conadep-el-valor-de-la-democracia-la-busqueda\/#primaryimage"},"image":{"@id":"https:\/\/sergiolapegue.com\/site\/2025\/03\/16\/conadep-el-valor-de-la-democracia-la-busqueda\/#primaryimage"},"thumbnailUrl":"https:\/\/sergiolapegue.com\/site\/wp-content\/uploads\/2025\/03\/Conadep-el-valor-de-la-democracia-la-busqueda-1.jpeg","datePublished":"2025-03-16T16:00:00+00:00","breadcrumb":{"@id":"https:\/\/sergiolapegue.com\/site\/2025\/03\/16\/conadep-el-valor-de-la-democracia-la-busqueda\/#breadcrumb"},"inLanguage":"es-AR","potentialAction":[{"@type":"ReadAction","target":["https:\/\/sergiolapegue.com\/site\/2025\/03\/16\/conadep-el-valor-de-la-democracia-la-busqueda\/"]}]},{"@type":"ImageObject","inLanguage":"es-AR","@id":"https:\/\/sergiolapegue.com\/site\/2025\/03\/16\/conadep-el-valor-de-la-democracia-la-busqueda\/#primaryimage","url":"https:\/\/sergiolapegue.com\/site\/wp-content\/uploads\/2025\/03\/Conadep-el-valor-de-la-democracia-la-busqueda-1.jpeg","contentUrl":"https:\/\/sergiolapegue.com\/site\/wp-content\/uploads\/2025\/03\/Conadep-el-valor-de-la-democracia-la-busqueda-1.jpeg","width":2160,"height":1215},{"@type":"BreadcrumbList","@id":"https:\/\/sergiolapegue.com\/site\/2025\/03\/16\/conadep-el-valor-de-la-democracia-la-busqueda\/#breadcrumb","itemListElement":[{"@type":"ListItem","position":1,"name":"Inicio","item":"https:\/\/sergiolapegue.com\/site\/"},{"@type":"ListItem","position":2,"name":"&#8220;CONADEP, EL VALOR DE LA DEMOCRACIA + LA B\u00daSQUEDA&#8221;"}]},{"@type":"WebSite","@id":"https:\/\/sergiolapegue.com\/site\/#website","url":"https:\/\/sergiolapegue.com\/site\/","name":"Sergio Lapegue","description":"Periodista","publisher":{"@id":"https:\/\/sergiolapegue.com\/site\/#\/schema\/person\/083aeceeb0734cd166779ea6c0551a37"},"potentialAction":[{"@type":"SearchAction","target":{"@type":"EntryPoint","urlTemplate":"https:\/\/sergiolapegue.com\/site\/?s={search_term_string}"},"query-input":{"@type":"PropertyValueSpecification","valueRequired":true,"valueName":"search_term_string"}}],"inLanguage":"es-AR"},{"@type":["Person","Organization"],"@id":"https:\/\/sergiolapegue.com\/site\/#\/schema\/person\/083aeceeb0734cd166779ea6c0551a37","name":"Sergio Lapegue","image":{"@type":"ImageObject","inLanguage":"es-AR","@id":"https:\/\/sergiolapegue.com\/site\/wp-content\/uploads\/2021\/04\/logo_header-1.png","url":"https:\/\/sergiolapegue.com\/site\/wp-content\/uploads\/2021\/04\/logo_header-1.png","contentUrl":"https:\/\/sergiolapegue.com\/site\/wp-content\/uploads\/2021\/04\/logo_header-1.png","width":272,"height":90,"caption":"Sergio Lapegue"},"logo":{"@id":"https:\/\/sergiolapegue.com\/site\/wp-content\/uploads\/2021\/04\/logo_header-1.png"},"sameAs":["https:\/\/facebook.com\/sergiolapegue","https:\/\/instagram.com\/sergiolapegue","https:\/\/x.com\/https:\/\/twitter.com\/sergiolapegue"]},{"@type":"Person","@id":"https:\/\/sergiolapegue.com\/site\/#\/schema\/person\/9198e7dbab43c6d74d0fd5399af7c3cd","name":"Daniel E. Monta\u00f1a","image":{"@type":"ImageObject","inLanguage":"es-AR","@id":"https:\/\/sergiolapegue.com\/site\/wp-content\/uploads\/2021\/04\/sl_avatar_Daniel-150x150.jpg","url":"https:\/\/sergiolapegue.com\/site\/wp-content\/uploads\/2021\/04\/sl_avatar_Daniel-150x150.jpg","contentUrl":"https:\/\/sergiolapegue.com\/site\/wp-content\/uploads\/2021\/04\/sl_avatar_Daniel-150x150.jpg","caption":"Daniel E. Monta\u00f1a"},"sameAs":["https:\/\/facebook.com\/danielernesto.montana","https:\/\/instagram.com\/daniel_montana1961","https:\/\/x.com\/https:\/\/twitter.com\/daner_004"],"url":"https:\/\/sergiolapegue.com\/site\/author\/daniel\/"}]}},"_links":{"self":[{"href":"https:\/\/sergiolapegue.com\/site\/wp-json\/wp\/v2\/posts\/21409","targetHints":{"allow":["GET"]}}],"collection":[{"href":"https:\/\/sergiolapegue.com\/site\/wp-json\/wp\/v2\/posts"}],"about":[{"href":"https:\/\/sergiolapegue.com\/site\/wp-json\/wp\/v2\/types\/post"}],"author":[{"embeddable":true,"href":"https:\/\/sergiolapegue.com\/site\/wp-json\/wp\/v2\/users\/3"}],"replies":[{"embeddable":true,"href":"https:\/\/sergiolapegue.com\/site\/wp-json\/wp\/v2\/comments?post=21409"}],"version-history":[{"count":1,"href":"https:\/\/sergiolapegue.com\/site\/wp-json\/wp\/v2\/posts\/21409\/revisions"}],"predecessor-version":[{"id":21413,"href":"https:\/\/sergiolapegue.com\/site\/wp-json\/wp\/v2\/posts\/21409\/revisions\/21413"}],"wp:featuredmedia":[{"embeddable":true,"href":"https:\/\/sergiolapegue.com\/site\/wp-json\/wp\/v2\/media\/21412"}],"wp:attachment":[{"href":"https:\/\/sergiolapegue.com\/site\/wp-json\/wp\/v2\/media?parent=21409"}],"wp:term":[{"taxonomy":"category","embeddable":true,"href":"https:\/\/sergiolapegue.com\/site\/wp-json\/wp\/v2\/categories?post=21409"},{"taxonomy":"post_tag","embeddable":true,"href":"https:\/\/sergiolapegue.com\/site\/wp-json\/wp\/v2\/tags?post=21409"}],"curies":[{"name":"wp","href":"https:\/\/api.w.org\/{rel}","templated":true}]}}