{"id":21399,"date":"2025-03-17T12:09:00","date_gmt":"2025-03-17T15:09:00","guid":{"rendered":"https:\/\/sergiolapegue.com\/site\/?p=21399"},"modified":"2025-03-18T12:30:29","modified_gmt":"2025-03-18T15:30:29","slug":"hit-astral-de-la-semana-el-sol-ingresa-en-aries-y-comienza-el-equinoccio-de-otono","status":"publish","type":"post","link":"https:\/\/sergiolapegue.com\/site\/2025\/03\/17\/hit-astral-de-la-semana-el-sol-ingresa-en-aries-y-comienza-el-equinoccio-de-otono\/","title":{"rendered":"HIT ASTRAL DE LA SEMANA: el SOL ingresa en ARIES y comienza el EQUINOCCIO de OTO\u00d1O"},"content":{"rendered":"\n<p>Esta semana tenemos dos eventos de importancia: el ingreso del Sol en Aries y el Equinoccio de Oto\u00f1o que vienen a marcar el inicio del a\u00f1o astrol\u00f3gico y la b\u00fasqueda de un equilibrio entre la luz y la sombra.<\/p>\n\n\n\n<p>Estos d\u00edas nos conectamos con un cambio profundo en nuestra energ\u00eda, con el renacer del Guerrero y lo que nos dej\u00f3 la retrogradaci\u00f3n de Marte.Este planeta, regente de Aries, nos oblig\u00f3 a frenar y cuestionar el verdadero prop\u00f3sito de nuestras acciones. Pensar qu\u00e9 nos mueve, si estamos alineados con lo que deseamos y si estamos listos para desafiar realmente nuestros l\u00edmites.<\/p>\n\n\n\n<p>Como cada a\u00f1o, se nos pide aceptar los ciclos y prepararnos para un per\u00edodo de introspecci\u00f3n.&nbsp;<\/p>\n\n\n\n<p><strong>SIGNOS DESTACADOS DE LA SEMANA: <\/strong>Todo el zod\u00edaco resetea su ciclo con el inicio del nuevo a\u00f1o astrol\u00f3gico, una oportunidad anual que tenemos todos para comenzar de vuelta la rueda de la vida, con sus desaf\u00edos y nuevas oportunidades. Abracemos el devenir y lo que llegar\u00e1 con \u00e9l; eso ser\u00e1 todo lo que necesitemos vivir para nuestro crecimiento personal y colectivo.&nbsp;<\/p>\n\n\n\n<p><strong>FRASE GU\u00cdA PARA ESTA SEMANA: <\/strong>\u201c&#8221;Abrazo la ca\u00edda de las hojas, suelto lo que ya no me nutre. Me rindo al misterio del cambio y conf\u00edo en la sabidur\u00eda dentro de m\u00ed.&#8221;.\u201d<\/p>\n\n\n\n<p><strong>ARCANOS ALIADOS DEL TAROT:&nbsp;<\/strong><\/p>\n\n\n\n<p><strong>2 de OROS \/<\/strong> Esta carta te invita a conectar con el equilibrio que trae el Equinoccio. Una estaci\u00f3n de transiciones org\u00e1nicas.<\/p>\n\n\n\n<figure class=\"wp-block-image size-full\"><img loading=\"lazy\" decoding=\"async\" width=\"707\" height=\"887\" src=\"https:\/\/sergiolapegue.com\/site\/wp-content\/uploads\/2025\/03\/1.jpg\" alt=\"\" class=\"wp-image-21400\" srcset=\"https:\/\/sergiolapegue.com\/site\/wp-content\/uploads\/2025\/03\/1.jpg 707w, https:\/\/sergiolapegue.com\/site\/wp-content\/uploads\/2025\/03\/1-239x300.jpg 239w, https:\/\/sergiolapegue.com\/site\/wp-content\/uploads\/2025\/03\/1-335x420.jpg 335w, https:\/\/sergiolapegue.com\/site\/wp-content\/uploads\/2025\/03\/1-696x873.jpg 696w\" sizes=\"auto, (max-width: 707px) 100vw, 707px\" \/><\/figure>\n\n\n\n<p><strong>PREDICCIONES:<\/strong><\/p>\n\n\n\n<p><strong>SIGNOS DE FUEGO #ARIES #LEO #SAGITARIO<\/strong><\/p>\n\n\n\n<p>Tiempo para el renacimiento de la voluntad y el prop\u00f3sito.<\/p>\n\n\n\n<p>Abran el tercer ojo, visualicen lo que quieren.<\/p>\n\n\n\n<p>Caminen con sabidur\u00eda para no lanzarse sin medir las consecuencias.<\/p>\n\n\n\n<p>La lecci\u00f3n de Marte fue clara: no todo se resuelve r\u00e1pido.&nbsp;<\/p>\n\n\n\n<p><strong>SIGNOS DE TIERRA #TAURO #VIRGO #CAPRICORNIO<\/strong><\/p>\n\n\n\n<p>Momento para ciclar con la naturaleza.<\/p>\n\n\n\n<p>Sepan moverse como el cuerpo pida.<\/p>\n\n\n\n<p>La clave est\u00e1 en equilibrar la planificaci\u00f3n con la acci\u00f3n.<\/p>\n\n\n\n<p>Tomen la iniciativa, no esperen que otros hagan.<\/p>\n\n\n\n<p><strong>SIGNOS DE AIRE #G\u00c9MINIS #LIBRA #ACUARIO<\/strong><\/p>\n\n\n\n<p>Se empiezan a materializar las ideas.<\/p>\n\n\n\n<p>Tiempo de claridad mental y decisi\u00f3n.&nbsp;<\/p>\n\n\n\n<p>La energ\u00eda ariana les da coraje para expresar su verdad.&nbsp;<\/p>\n\n\n\n<p>No se escondan en la dispersi\u00f3n.<\/p>\n\n\n\n<p><strong>SIGNOS DE AGUA #C\u00c1NCER #ESCORPIO #PISCIS<\/strong><\/p>\n\n\n\n<p>Alquimia pura, todo se transforma.<\/p>\n\n\n\n<p>El equinoccio les propone dejar de postergarse.<\/p>\n\n\n\n<p>No esperen que las circunstancias sean perfectas.<\/p>\n\n\n\n<p>Mu\u00e9vanse a\u00fan con miedo.<\/p>\n","protected":false},"excerpt":{"rendered":"<p>Esta semana tenemos dos eventos de importancia: el ingreso del Sol en Aries y el Equinoccio de Oto\u00f1o que vienen a marcar el inicio del a\u00f1o astrol\u00f3gico y la b\u00fasqueda de un equilibrio entre la luz y la sombra. Estos d\u00edas nos conectamos con un cambio profundo en nuestra energ\u00eda, con el renacer del Guerrero [&hellip;]<\/p>\n","protected":false},"author":9,"featured_media":21401,"comment_status":"closed","ping_status":"closed","sticky":false,"template":"","format":"standard","meta":{"footnotes":""},"categories":[2901],"tags":[2984,3282,3050,1333,492,2905],"class_list":{"0":"post-21399","1":"post","2":"type-post","3":"status-publish","4":"format-standard","5":"has-post-thumbnail","7":"category-astrotarot","8":"tag-aries","9":"tag-astros","10":"tag-horoscopo","11":"tag-otono","12":"tag-sol","13":"tag-tarot"},"yoast_head":"<!-- This site is optimized with the Yoast SEO plugin v27.5 - https:\/\/yoast.com\/product\/yoast-seo-wordpress\/ -->\n<title>HIT ASTRAL DE LA SEMANA: el SOL ingresa en ARIES y comienza el EQUINOCCIO de OTO\u00d1O - Sergio Lapegue<\/title>\n<meta name=\"robots\" content=\"index, follow, max-snippet:-1, max-image-preview:large, max-video-preview:-1\" \/>\n<link rel=\"canonical\" href=\"https:\/\/sergiolapegue.com\/site\/2025\/03\/17\/hit-astral-de-la-semana-el-sol-ingresa-en-aries-y-comienza-el-equinoccio-de-otono\/\" \/>\n<meta property=\"og:locale\" content=\"es_ES\" \/>\n<meta property=\"og:type\" content=\"article\" \/>\n<meta property=\"og:title\" content=\"HIT ASTRAL DE LA SEMANA: el SOL ingresa en ARIES y comienza el EQUINOCCIO de OTO\u00d1O - Sergio Lapegue\" \/>\n<meta property=\"og:description\" content=\"Esta semana tenemos dos eventos de importancia: el ingreso del Sol en Aries y el Equinoccio de Oto\u00f1o que vienen a marcar el inicio del a\u00f1o astrol\u00f3gico y la b\u00fasqueda de un equilibrio entre la luz y la sombra. Estos d\u00edas nos conectamos con un cambio profundo en nuestra energ\u00eda, con el renacer del Guerrero [&hellip;]\" \/>\n<meta property=\"og:url\" content=\"https:\/\/sergiolapegue.com\/site\/2025\/03\/17\/hit-astral-de-la-semana-el-sol-ingresa-en-aries-y-comienza-el-equinoccio-de-otono\/\" \/>\n<meta property=\"og:site_name\" content=\"Sergio Lapegue\" \/>\n<meta property=\"article:publisher\" content=\"https:\/\/facebook.com\/sergiolapegue\" \/>\n<meta property=\"article:published_time\" content=\"2025-03-17T15:09:00+00:00\" \/>\n<meta property=\"article:modified_time\" content=\"2025-03-18T15:30:29+00:00\" \/>\n<meta property=\"og:image\" content=\"https:\/\/sergiolapegue.com\/site\/wp-content\/uploads\/2025\/03\/2.jpg\" \/>\n\t<meta property=\"og:image:width\" content=\"736\" \/>\n\t<meta property=\"og:image:height\" content=\"736\" \/>\n\t<meta property=\"og:image:type\" content=\"image\/jpeg\" \/>\n<meta name=\"author\" content=\"Victoria Garc\u00eda Garcilazo\" \/>\n<meta name=\"twitter:card\" content=\"summary_large_image\" \/>\n<meta name=\"twitter:site\" content=\"@sergiolapegue\" \/>\n<meta name=\"twitter:label1\" content=\"Escrito por\" \/>\n\t<meta name=\"twitter:data1\" content=\"Victoria Garc\u00eda Garcilazo\" \/>\n\t<meta name=\"twitter:label2\" content=\"Tiempo de lectura\" \/>\n\t<meta name=\"twitter:data2\" content=\"3 minutos\" \/>\n<script type=\"application\/ld+json\" class=\"yoast-schema-graph\">{\"@context\":\"https:\\\/\\\/schema.org\",\"@graph\":[{\"@type\":\"Article\",\"@id\":\"https:\\\/\\\/sergiolapegue.com\\\/site\\\/2025\\\/03\\\/17\\\/hit-astral-de-la-semana-el-sol-ingresa-en-aries-y-comienza-el-equinoccio-de-otono\\\/#article\",\"isPartOf\":{\"@id\":\"https:\\\/\\\/sergiolapegue.com\\\/site\\\/2025\\\/03\\\/17\\\/hit-astral-de-la-semana-el-sol-ingresa-en-aries-y-comienza-el-equinoccio-de-otono\\\/\"},\"author\":{\"name\":\"Victoria Garc\u00eda Garcilazo\",\"@id\":\"https:\\\/\\\/sergiolapegue.com\\\/site\\\/#\\\/schema\\\/person\\\/038a19a76176d528a1a27ac17e18af68\"},\"headline\":\"HIT ASTRAL DE LA SEMANA: el SOL ingresa en ARIES y comienza el EQUINOCCIO de OTO\u00d1O\",\"datePublished\":\"2025-03-17T15:09:00+00:00\",\"dateModified\":\"2025-03-18T15:30:29+00:00\",\"mainEntityOfPage\":{\"@id\":\"https:\\\/\\\/sergiolapegue.com\\\/site\\\/2025\\\/03\\\/17\\\/hit-astral-de-la-semana-el-sol-ingresa-en-aries-y-comienza-el-equinoccio-de-otono\\\/\"},\"wordCount\":437,\"publisher\":{\"@id\":\"https:\\\/\\\/sergiolapegue.com\\\/site\\\/#\\\/schema\\\/person\\\/083aeceeb0734cd166779ea6c0551a37\"},\"image\":{\"@id\":\"https:\\\/\\\/sergiolapegue.com\\\/site\\\/2025\\\/03\\\/17\\\/hit-astral-de-la-semana-el-sol-ingresa-en-aries-y-comienza-el-equinoccio-de-otono\\\/#primaryimage\"},\"thumbnailUrl\":\"https:\\\/\\\/sergiolapegue.com\\\/site\\\/wp-content\\\/uploads\\\/2025\\\/03\\\/2.jpg\",\"keywords\":[\"aries\",\"astros\",\"horoscopo\",\"oto\u00f1o\",\"sol\",\"tarot\"],\"articleSection\":[\"Astrotarot\"],\"inLanguage\":\"es-AR\"},{\"@type\":\"WebPage\",\"@id\":\"https:\\\/\\\/sergiolapegue.com\\\/site\\\/2025\\\/03\\\/17\\\/hit-astral-de-la-semana-el-sol-ingresa-en-aries-y-comienza-el-equinoccio-de-otono\\\/\",\"url\":\"https:\\\/\\\/sergiolapegue.com\\\/site\\\/2025\\\/03\\\/17\\\/hit-astral-de-la-semana-el-sol-ingresa-en-aries-y-comienza-el-equinoccio-de-otono\\\/\",\"name\":\"HIT ASTRAL DE LA SEMANA: el SOL ingresa en ARIES y comienza el EQUINOCCIO de OTO\u00d1O - Sergio Lapegue\",\"isPartOf\":{\"@id\":\"https:\\\/\\\/sergiolapegue.com\\\/site\\\/#website\"},\"primaryImageOfPage\":{\"@id\":\"https:\\\/\\\/sergiolapegue.com\\\/site\\\/2025\\\/03\\\/17\\\/hit-astral-de-la-semana-el-sol-ingresa-en-aries-y-comienza-el-equinoccio-de-otono\\\/#primaryimage\"},\"image\":{\"@id\":\"https:\\\/\\\/sergiolapegue.com\\\/site\\\/2025\\\/03\\\/17\\\/hit-astral-de-la-semana-el-sol-ingresa-en-aries-y-comienza-el-equinoccio-de-otono\\\/#primaryimage\"},\"thumbnailUrl\":\"https:\\\/\\\/sergiolapegue.com\\\/site\\\/wp-content\\\/uploads\\\/2025\\\/03\\\/2.jpg\",\"datePublished\":\"2025-03-17T15:09:00+00:00\",\"dateModified\":\"2025-03-18T15:30:29+00:00\",\"breadcrumb\":{\"@id\":\"https:\\\/\\\/sergiolapegue.com\\\/site\\\/2025\\\/03\\\/17\\\/hit-astral-de-la-semana-el-sol-ingresa-en-aries-y-comienza-el-equinoccio-de-otono\\\/#breadcrumb\"},\"inLanguage\":\"es-AR\",\"potentialAction\":[{\"@type\":\"ReadAction\",\"target\":[\"https:\\\/\\\/sergiolapegue.com\\\/site\\\/2025\\\/03\\\/17\\\/hit-astral-de-la-semana-el-sol-ingresa-en-aries-y-comienza-el-equinoccio-de-otono\\\/\"]}]},{\"@type\":\"ImageObject\",\"inLanguage\":\"es-AR\",\"@id\":\"https:\\\/\\\/sergiolapegue.com\\\/site\\\/2025\\\/03\\\/17\\\/hit-astral-de-la-semana-el-sol-ingresa-en-aries-y-comienza-el-equinoccio-de-otono\\\/#primaryimage\",\"url\":\"https:\\\/\\\/sergiolapegue.com\\\/site\\\/wp-content\\\/uploads\\\/2025\\\/03\\\/2.jpg\",\"contentUrl\":\"https:\\\/\\\/sergiolapegue.com\\\/site\\\/wp-content\\\/uploads\\\/2025\\\/03\\\/2.jpg\",\"width\":736,\"height\":736},{\"@type\":\"BreadcrumbList\",\"@id\":\"https:\\\/\\\/sergiolapegue.com\\\/site\\\/2025\\\/03\\\/17\\\/hit-astral-de-la-semana-el-sol-ingresa-en-aries-y-comienza-el-equinoccio-de-otono\\\/#breadcrumb\",\"itemListElement\":[{\"@type\":\"ListItem\",\"position\":1,\"name\":\"Inicio\",\"item\":\"https:\\\/\\\/sergiolapegue.com\\\/site\\\/\"},{\"@type\":\"ListItem\",\"position\":2,\"name\":\"HIT ASTRAL DE LA SEMANA: el SOL ingresa en ARIES y comienza el EQUINOCCIO de OTO\u00d1O\"}]},{\"@type\":\"WebSite\",\"@id\":\"https:\\\/\\\/sergiolapegue.com\\\/site\\\/#website\",\"url\":\"https:\\\/\\\/sergiolapegue.com\\\/site\\\/\",\"name\":\"Sergio Lapegue\",\"description\":\"Periodista\",\"publisher\":{\"@id\":\"https:\\\/\\\/sergiolapegue.com\\\/site\\\/#\\\/schema\\\/person\\\/083aeceeb0734cd166779ea6c0551a37\"},\"potentialAction\":[{\"@type\":\"SearchAction\",\"target\":{\"@type\":\"EntryPoint\",\"urlTemplate\":\"https:\\\/\\\/sergiolapegue.com\\\/site\\\/?s={search_term_string}\"},\"query-input\":{\"@type\":\"PropertyValueSpecification\",\"valueRequired\":true,\"valueName\":\"search_term_string\"}}],\"inLanguage\":\"es-AR\"},{\"@type\":[\"Person\",\"Organization\"],\"@id\":\"https:\\\/\\\/sergiolapegue.com\\\/site\\\/#\\\/schema\\\/person\\\/083aeceeb0734cd166779ea6c0551a37\",\"name\":\"Sergio Lapegue\",\"image\":{\"@type\":\"ImageObject\",\"inLanguage\":\"es-AR\",\"@id\":\"https:\\\/\\\/sergiolapegue.com\\\/site\\\/wp-content\\\/uploads\\\/2021\\\/04\\\/logo_header-1.png\",\"url\":\"https:\\\/\\\/sergiolapegue.com\\\/site\\\/wp-content\\\/uploads\\\/2021\\\/04\\\/logo_header-1.png\",\"contentUrl\":\"https:\\\/\\\/sergiolapegue.com\\\/site\\\/wp-content\\\/uploads\\\/2021\\\/04\\\/logo_header-1.png\",\"width\":272,\"height\":90,\"caption\":\"Sergio Lapegue\"},\"logo\":{\"@id\":\"https:\\\/\\\/sergiolapegue.com\\\/site\\\/wp-content\\\/uploads\\\/2021\\\/04\\\/logo_header-1.png\"},\"sameAs\":[\"https:\\\/\\\/facebook.com\\\/sergiolapegue\",\"https:\\\/\\\/instagram.com\\\/sergiolapegue\",\"https:\\\/\\\/x.com\\\/https:\\\/\\\/twitter.com\\\/sergiolapegue\"]},{\"@type\":\"Person\",\"@id\":\"https:\\\/\\\/sergiolapegue.com\\\/site\\\/#\\\/schema\\\/person\\\/038a19a76176d528a1a27ac17e18af68\",\"name\":\"Victoria Garc\u00eda Garcilazo\",\"image\":{\"@type\":\"ImageObject\",\"inLanguage\":\"es-AR\",\"@id\":\"https:\\\/\\\/sergiolapegue.com\\\/site\\\/wp-content\\\/uploads\\\/2025\\\/12\\\/victoriaGarciaGarcilazo-150x150.jpg\",\"url\":\"https:\\\/\\\/sergiolapegue.com\\\/site\\\/wp-content\\\/uploads\\\/2025\\\/12\\\/victoriaGarciaGarcilazo-150x150.jpg\",\"contentUrl\":\"https:\\\/\\\/sergiolapegue.com\\\/site\\\/wp-content\\\/uploads\\\/2025\\\/12\\\/victoriaGarciaGarcilazo-150x150.jpg\",\"caption\":\"Victoria Garc\u00eda Garcilazo\"},\"sameAs\":[\"https:\\\/\\\/lavictoriadevenus.com\\\/\",\"https:\\\/\\\/www.instagram.com\\\/lavictoriadevenus\\\/\",\"https:\\\/\\\/www.youtube.com\\\/channel\\\/UCPAWzfQij6wJRHSTN5wi3Mg\"],\"url\":\"https:\\\/\\\/sergiolapegue.com\\\/site\\\/author\\\/victoria\\\/\"}]}<\/script>\n<!-- \/ Yoast SEO plugin. -->","yoast_head_json":{"title":"HIT ASTRAL DE LA SEMANA: el SOL ingresa en ARIES y comienza el EQUINOCCIO de OTO\u00d1O - Sergio Lapegue","robots":{"index":"index","follow":"follow","max-snippet":"max-snippet:-1","max-image-preview":"max-image-preview:large","max-video-preview":"max-video-preview:-1"},"canonical":"https:\/\/sergiolapegue.com\/site\/2025\/03\/17\/hit-astral-de-la-semana-el-sol-ingresa-en-aries-y-comienza-el-equinoccio-de-otono\/","og_locale":"es_ES","og_type":"article","og_title":"HIT ASTRAL DE LA SEMANA: el SOL ingresa en ARIES y comienza el EQUINOCCIO de OTO\u00d1O - Sergio Lapegue","og_description":"Esta semana tenemos dos eventos de importancia: el ingreso del Sol en Aries y el Equinoccio de Oto\u00f1o que vienen a marcar el inicio del a\u00f1o astrol\u00f3gico y la b\u00fasqueda de un equilibrio entre la luz y la sombra. Estos d\u00edas nos conectamos con un cambio profundo en nuestra energ\u00eda, con el renacer del Guerrero [&hellip;]","og_url":"https:\/\/sergiolapegue.com\/site\/2025\/03\/17\/hit-astral-de-la-semana-el-sol-ingresa-en-aries-y-comienza-el-equinoccio-de-otono\/","og_site_name":"Sergio Lapegue","article_publisher":"https:\/\/facebook.com\/sergiolapegue","article_published_time":"2025-03-17T15:09:00+00:00","article_modified_time":"2025-03-18T15:30:29+00:00","og_image":[{"width":736,"height":736,"url":"https:\/\/sergiolapegue.com\/site\/wp-content\/uploads\/2025\/03\/2.jpg","type":"image\/jpeg"}],"author":"Victoria Garc\u00eda Garcilazo","twitter_card":"summary_large_image","twitter_site":"@sergiolapegue","twitter_misc":{"Escrito por":"Victoria Garc\u00eda Garcilazo","Tiempo de lectura":"3 minutos"},"schema":{"@context":"https:\/\/schema.org","@graph":[{"@type":"Article","@id":"https:\/\/sergiolapegue.com\/site\/2025\/03\/17\/hit-astral-de-la-semana-el-sol-ingresa-en-aries-y-comienza-el-equinoccio-de-otono\/#article","isPartOf":{"@id":"https:\/\/sergiolapegue.com\/site\/2025\/03\/17\/hit-astral-de-la-semana-el-sol-ingresa-en-aries-y-comienza-el-equinoccio-de-otono\/"},"author":{"name":"Victoria Garc\u00eda Garcilazo","@id":"https:\/\/sergiolapegue.com\/site\/#\/schema\/person\/038a19a76176d528a1a27ac17e18af68"},"headline":"HIT ASTRAL DE LA SEMANA: el SOL ingresa en ARIES y comienza el EQUINOCCIO de OTO\u00d1O","datePublished":"2025-03-17T15:09:00+00:00","dateModified":"2025-03-18T15:30:29+00:00","mainEntityOfPage":{"@id":"https:\/\/sergiolapegue.com\/site\/2025\/03\/17\/hit-astral-de-la-semana-el-sol-ingresa-en-aries-y-comienza-el-equinoccio-de-otono\/"},"wordCount":437,"publisher":{"@id":"https:\/\/sergiolapegue.com\/site\/#\/schema\/person\/083aeceeb0734cd166779ea6c0551a37"},"image":{"@id":"https:\/\/sergiolapegue.com\/site\/2025\/03\/17\/hit-astral-de-la-semana-el-sol-ingresa-en-aries-y-comienza-el-equinoccio-de-otono\/#primaryimage"},"thumbnailUrl":"https:\/\/sergiolapegue.com\/site\/wp-content\/uploads\/2025\/03\/2.jpg","keywords":["aries","astros","horoscopo","oto\u00f1o","sol","tarot"],"articleSection":["Astrotarot"],"inLanguage":"es-AR"},{"@type":"WebPage","@id":"https:\/\/sergiolapegue.com\/site\/2025\/03\/17\/hit-astral-de-la-semana-el-sol-ingresa-en-aries-y-comienza-el-equinoccio-de-otono\/","url":"https:\/\/sergiolapegue.com\/site\/2025\/03\/17\/hit-astral-de-la-semana-el-sol-ingresa-en-aries-y-comienza-el-equinoccio-de-otono\/","name":"HIT ASTRAL DE LA SEMANA: el SOL ingresa en ARIES y comienza el EQUINOCCIO de OTO\u00d1O - Sergio Lapegue","isPartOf":{"@id":"https:\/\/sergiolapegue.com\/site\/#website"},"primaryImageOfPage":{"@id":"https:\/\/sergiolapegue.com\/site\/2025\/03\/17\/hit-astral-de-la-semana-el-sol-ingresa-en-aries-y-comienza-el-equinoccio-de-otono\/#primaryimage"},"image":{"@id":"https:\/\/sergiolapegue.com\/site\/2025\/03\/17\/hit-astral-de-la-semana-el-sol-ingresa-en-aries-y-comienza-el-equinoccio-de-otono\/#primaryimage"},"thumbnailUrl":"https:\/\/sergiolapegue.com\/site\/wp-content\/uploads\/2025\/03\/2.jpg","datePublished":"2025-03-17T15:09:00+00:00","dateModified":"2025-03-18T15:30:29+00:00","breadcrumb":{"@id":"https:\/\/sergiolapegue.com\/site\/2025\/03\/17\/hit-astral-de-la-semana-el-sol-ingresa-en-aries-y-comienza-el-equinoccio-de-otono\/#breadcrumb"},"inLanguage":"es-AR","potentialAction":[{"@type":"ReadAction","target":["https:\/\/sergiolapegue.com\/site\/2025\/03\/17\/hit-astral-de-la-semana-el-sol-ingresa-en-aries-y-comienza-el-equinoccio-de-otono\/"]}]},{"@type":"ImageObject","inLanguage":"es-AR","@id":"https:\/\/sergiolapegue.com\/site\/2025\/03\/17\/hit-astral-de-la-semana-el-sol-ingresa-en-aries-y-comienza-el-equinoccio-de-otono\/#primaryimage","url":"https:\/\/sergiolapegue.com\/site\/wp-content\/uploads\/2025\/03\/2.jpg","contentUrl":"https:\/\/sergiolapegue.com\/site\/wp-content\/uploads\/2025\/03\/2.jpg","width":736,"height":736},{"@type":"BreadcrumbList","@id":"https:\/\/sergiolapegue.com\/site\/2025\/03\/17\/hit-astral-de-la-semana-el-sol-ingresa-en-aries-y-comienza-el-equinoccio-de-otono\/#breadcrumb","itemListElement":[{"@type":"ListItem","position":1,"name":"Inicio","item":"https:\/\/sergiolapegue.com\/site\/"},{"@type":"ListItem","position":2,"name":"HIT ASTRAL DE LA SEMANA: el SOL ingresa en ARIES y comienza el EQUINOCCIO de OTO\u00d1O"}]},{"@type":"WebSite","@id":"https:\/\/sergiolapegue.com\/site\/#website","url":"https:\/\/sergiolapegue.com\/site\/","name":"Sergio Lapegue","description":"Periodista","publisher":{"@id":"https:\/\/sergiolapegue.com\/site\/#\/schema\/person\/083aeceeb0734cd166779ea6c0551a37"},"potentialAction":[{"@type":"SearchAction","target":{"@type":"EntryPoint","urlTemplate":"https:\/\/sergiolapegue.com\/site\/?s={search_term_string}"},"query-input":{"@type":"PropertyValueSpecification","valueRequired":true,"valueName":"search_term_string"}}],"inLanguage":"es-AR"},{"@type":["Person","Organization"],"@id":"https:\/\/sergiolapegue.com\/site\/#\/schema\/person\/083aeceeb0734cd166779ea6c0551a37","name":"Sergio Lapegue","image":{"@type":"ImageObject","inLanguage":"es-AR","@id":"https:\/\/sergiolapegue.com\/site\/wp-content\/uploads\/2021\/04\/logo_header-1.png","url":"https:\/\/sergiolapegue.com\/site\/wp-content\/uploads\/2021\/04\/logo_header-1.png","contentUrl":"https:\/\/sergiolapegue.com\/site\/wp-content\/uploads\/2021\/04\/logo_header-1.png","width":272,"height":90,"caption":"Sergio Lapegue"},"logo":{"@id":"https:\/\/sergiolapegue.com\/site\/wp-content\/uploads\/2021\/04\/logo_header-1.png"},"sameAs":["https:\/\/facebook.com\/sergiolapegue","https:\/\/instagram.com\/sergiolapegue","https:\/\/x.com\/https:\/\/twitter.com\/sergiolapegue"]},{"@type":"Person","@id":"https:\/\/sergiolapegue.com\/site\/#\/schema\/person\/038a19a76176d528a1a27ac17e18af68","name":"Victoria Garc\u00eda Garcilazo","image":{"@type":"ImageObject","inLanguage":"es-AR","@id":"https:\/\/sergiolapegue.com\/site\/wp-content\/uploads\/2025\/12\/victoriaGarciaGarcilazo-150x150.jpg","url":"https:\/\/sergiolapegue.com\/site\/wp-content\/uploads\/2025\/12\/victoriaGarciaGarcilazo-150x150.jpg","contentUrl":"https:\/\/sergiolapegue.com\/site\/wp-content\/uploads\/2025\/12\/victoriaGarciaGarcilazo-150x150.jpg","caption":"Victoria Garc\u00eda Garcilazo"},"sameAs":["https:\/\/lavictoriadevenus.com\/","https:\/\/www.instagram.com\/lavictoriadevenus\/","https:\/\/www.youtube.com\/channel\/UCPAWzfQij6wJRHSTN5wi3Mg"],"url":"https:\/\/sergiolapegue.com\/site\/author\/victoria\/"}]}},"_links":{"self":[{"href":"https:\/\/sergiolapegue.com\/site\/wp-json\/wp\/v2\/posts\/21399","targetHints":{"allow":["GET"]}}],"collection":[{"href":"https:\/\/sergiolapegue.com\/site\/wp-json\/wp\/v2\/posts"}],"about":[{"href":"https:\/\/sergiolapegue.com\/site\/wp-json\/wp\/v2\/types\/post"}],"author":[{"embeddable":true,"href":"https:\/\/sergiolapegue.com\/site\/wp-json\/wp\/v2\/users\/9"}],"replies":[{"embeddable":true,"href":"https:\/\/sergiolapegue.com\/site\/wp-json\/wp\/v2\/comments?post=21399"}],"version-history":[{"count":1,"href":"https:\/\/sergiolapegue.com\/site\/wp-json\/wp\/v2\/posts\/21399\/revisions"}],"predecessor-version":[{"id":21402,"href":"https:\/\/sergiolapegue.com\/site\/wp-json\/wp\/v2\/posts\/21399\/revisions\/21402"}],"wp:featuredmedia":[{"embeddable":true,"href":"https:\/\/sergiolapegue.com\/site\/wp-json\/wp\/v2\/media\/21401"}],"wp:attachment":[{"href":"https:\/\/sergiolapegue.com\/site\/wp-json\/wp\/v2\/media?parent=21399"}],"wp:term":[{"taxonomy":"category","embeddable":true,"href":"https:\/\/sergiolapegue.com\/site\/wp-json\/wp\/v2\/categories?post=21399"},{"taxonomy":"post_tag","embeddable":true,"href":"https:\/\/sergiolapegue.com\/site\/wp-json\/wp\/v2\/tags?post=21399"}],"curies":[{"name":"wp","href":"https:\/\/api.w.org\/{rel}","templated":true}]}}