{"id":21356,"date":"2025-03-11T13:00:00","date_gmt":"2025-03-11T16:00:00","guid":{"rendered":"https:\/\/sergiolapegue.com\/site\/?p=21356"},"modified":"2025-03-10T18:12:19","modified_gmt":"2025-03-10T21:12:19","slug":"la-senora-macbeth-2","status":"publish","type":"post","link":"https:\/\/sergiolapegue.com\/site\/2025\/03\/11\/la-senora-macbeth-2\/","title":{"rendered":"\u201cLA SE\u00d1ORA MACBETH\u201d"},"content":{"rendered":"\n<p>La obra de Griselda Gambaro \u201cLa se\u00f1ora Macbeth\u201d se presentara por 2 \u00fanicos d\u00edas en el Teatro El Ojo, el 22 y 29 de marzo a las 20:00 horas. La adaptaci\u00f3n y direcci\u00f3n est\u00e1 a cargo de Osvaldo Peluffo y en la interpretaci\u00f3n nos encontramos con la actriz Veronika Ayanz Peluffo.<\/p>\n\n\n\n<p><strong>SOBRE LA OBRA<\/strong><strong><\/strong><\/p>\n\n\n\n<p>Se ha dicho que los cr\u00edmenes de Macbeth provienen del maleficio de tres brujas y la influencia de su esposa.&nbsp;Al poner los grandiosos textos de los distintos personajes de la Se\u00f1ora Macbeth de Griselda Gambaro, en una sola actriz, esta versi\u00f3n&nbsp;unipersonal&nbsp;pone&nbsp;de&nbsp;manifiesto&nbsp;el&nbsp;rol&nbsp;de&nbsp;la&nbsp;mujer&nbsp;y la&nbsp;sociedad en la que est\u00e1 inmersa. Sus deseos, necesidades, reducidas a la sola &#8220;ansia de poder&#8221; magnifican la vida femenina en una sociedad patriarcal.<\/p>\n\n\n\n<p>Los estereotipos&nbsp;marcados por el&nbsp;mandato&nbsp;social&nbsp;donde no hay&nbsp;medias tintas&#8230; La&nbsp;mujer es la&nbsp;mandona, la&nbsp;malvada,&nbsp;la&nbsp;bruja, la puta, la sumisa. No hay lugar para escuchar&nbsp;el&nbsp;deseo&nbsp;propio&nbsp;y&nbsp;cuando&nbsp;est\u00e9&nbsp;surge de las entra\u00f1as lo desconocemos, lo tapamos, lo disfrazamos.<\/p>\n\n\n\n<p>Es&nbsp;sabido&nbsp;que&nbsp;Shakespeare&nbsp;decidi\u00f3&nbsp;eliminar&nbsp;a&nbsp;lady&nbsp;Macbeth&nbsp;en&nbsp;el&nbsp;tercer&nbsp;acto,&nbsp;porque&nbsp;su&nbsp;brillantez&nbsp;y magnetismo terminar\u00edan por volverla protagonista, relegando a Macbeth a un segundo plano.<\/p>\n\n\n\n<p>Mucho,&nbsp;se&nbsp;ha&nbsp;escrito&nbsp;sobre&nbsp;ella&nbsp;y&nbsp;se&nbsp;la&nbsp;acusa,&nbsp;principalmente,&nbsp;de&nbsp;ambiciosa,&nbsp;de&nbsp;querer&nbsp;el&nbsp;poder&nbsp;a&nbsp;toda costa y caiga quien caiga.<\/p>\n\n\n\n<p>Nada dice William sobre su pasado, su relaci\u00f3n (ni de ella, ni de nadie) tan solo nos plantea una situaci\u00f3n, dej\u00e1ndonos&nbsp;a&nbsp;nosotros&nbsp;la&nbsp;tarea&nbsp;de&nbsp;indagar en&nbsp;esta&nbsp;mujer que&nbsp;trasciende&nbsp;\u00e9pocas&nbsp;y a&nbsp;la&nbsp;que cada vez somos capaces de comprender un poco m\u00e1s.<\/p>\n\n\n\n<p>Una&nbsp;mujer&nbsp;inteligente,&nbsp;en&nbsp;una&nbsp;tierra&nbsp;de&nbsp;hombres,&nbsp;donde&nbsp;solo&nbsp;puede&nbsp;ser&nbsp;grande, al ocultarse detr\u00e1s&nbsp;de&nbsp;su&nbsp;esposo.<\/p>\n\n\n\n<figure class=\"wp-block-image size-large\"><img loading=\"lazy\" decoding=\"async\" width=\"1024\" height=\"683\" src=\"https:\/\/sergiolapegue.com\/site\/wp-content\/uploads\/2025\/03\/La-senora-macbeth-1-1024x683.jpg\" alt=\"\" class=\"wp-image-21359\" srcset=\"https:\/\/sergiolapegue.com\/site\/wp-content\/uploads\/2025\/03\/La-senora-macbeth-1-1024x683.jpg 1024w, https:\/\/sergiolapegue.com\/site\/wp-content\/uploads\/2025\/03\/La-senora-macbeth-1-300x200.jpg 300w, https:\/\/sergiolapegue.com\/site\/wp-content\/uploads\/2025\/03\/La-senora-macbeth-1-768x512.jpg 768w, https:\/\/sergiolapegue.com\/site\/wp-content\/uploads\/2025\/03\/La-senora-macbeth-1-630x420.jpg 630w, https:\/\/sergiolapegue.com\/site\/wp-content\/uploads\/2025\/03\/La-senora-macbeth-1-696x464.jpg 696w, https:\/\/sergiolapegue.com\/site\/wp-content\/uploads\/2025\/03\/La-senora-macbeth-1-1068x712.jpg 1068w, https:\/\/sergiolapegue.com\/site\/wp-content\/uploads\/2025\/03\/La-senora-macbeth-1.jpg 1200w\" sizes=\"auto, (max-width: 1024px) 100vw, 1024px\" \/><\/figure>\n\n\n\n<p><strong>TRAYECTORIA MACBETH<\/strong><strong><\/strong><\/p>\n\n\n\n<p><strong>Premio mejor actriz <\/strong><strong><\/strong><\/p>\n\n\n\n<p>En el Festival Internacional: Mostra de Teatre Ciutat de Denia. Espa\u00f1a 2019 &nbsp;<\/p>\n\n\n\n<p><strong>Reconocimiento especial a la Compa\u00f1\u00eda Faro<\/strong><\/p>\n\n\n\n<p>En el Festival Internacional: Mostra de Teatre Ciutat de Denia. Espa\u00f1a 2019<\/p>\n\n\n\n<p><strong>Festivales y funciones<\/strong><\/p>\n\n\n\n<p>*Seleccionada por&nbsp;el Instituto Nacional de Teatro para formar parte del ciclo \u201cEl teatro celebra a su p\u00fablico\u201d.&nbsp;Febrero 2025.<\/p>\n\n\n\n<p>*Funciones&nbsp;especiales 2023, 2024 y 2025 en&nbsp;Teatro&nbsp;El&nbsp;Ojo.<\/p>\n\n\n\n<p>*Realiza&nbsp;funciones&nbsp;en&nbsp;Buenos&nbsp;Aires&nbsp;en&nbsp;el&nbsp;Teatro&nbsp;Pan&nbsp;y&nbsp;Arte&nbsp;en&nbsp;agosto&nbsp;2019 al regreso de su gira en Espa\u00f1a.&nbsp;<\/p>\n\n\n\n<p>*Participa&nbsp;en&nbsp;el&nbsp;Festival&nbsp;Internacional:&nbsp;Mostra&nbsp;de&nbsp;Teatre&nbsp;Ciutat&nbsp;de&nbsp;D\u00e8nia.&nbsp;Alicante,&nbsp;<\/p>\n\n\n\n<p>Espa\u00f1a, junio&nbsp;de&nbsp;2019<\/p>\n\n\n\n<p>*Estrena&nbsp;en&nbsp;Buenos&nbsp;Aires&nbsp;en&nbsp;octubre&nbsp;2018&nbsp;en&nbsp;el&nbsp;Teatro&nbsp;Pan&nbsp;y&nbsp;Arte<\/p>\n\n\n\n<p><strong>*<\/strong>Este&nbsp;espect\u00e1culo&nbsp;se&nbsp;estren\u00f3&nbsp;en&nbsp;la&nbsp;XIV&nbsp;Fiesta&nbsp;de&nbsp;las&nbsp;Artes&nbsp;Esc\u00e9nicas, Medell\u00edn en Escena.&nbsp;Agosto\/septiembre&nbsp;2018<\/p>\n\n\n\n<figure class=\"wp-block-image size-large\"><img loading=\"lazy\" decoding=\"async\" width=\"1024\" height=\"683\" src=\"https:\/\/sergiolapegue.com\/site\/wp-content\/uploads\/2025\/03\/La-senora-macbeth-2-1024x683.jpg\" alt=\"\" class=\"wp-image-21358\" srcset=\"https:\/\/sergiolapegue.com\/site\/wp-content\/uploads\/2025\/03\/La-senora-macbeth-2-1024x683.jpg 1024w, https:\/\/sergiolapegue.com\/site\/wp-content\/uploads\/2025\/03\/La-senora-macbeth-2-300x200.jpg 300w, https:\/\/sergiolapegue.com\/site\/wp-content\/uploads\/2025\/03\/La-senora-macbeth-2-768x512.jpg 768w, https:\/\/sergiolapegue.com\/site\/wp-content\/uploads\/2025\/03\/La-senora-macbeth-2-630x420.jpg 630w, https:\/\/sergiolapegue.com\/site\/wp-content\/uploads\/2025\/03\/La-senora-macbeth-2-696x464.jpg 696w, https:\/\/sergiolapegue.com\/site\/wp-content\/uploads\/2025\/03\/La-senora-macbeth-2-1068x712.jpg 1068w, https:\/\/sergiolapegue.com\/site\/wp-content\/uploads\/2025\/03\/La-senora-macbeth-2.jpg 1500w\" sizes=\"auto, (max-width: 1024px) 100vw, 1024px\" \/><\/figure>\n\n\n\n<p><strong>FICHA T\u00c9CNICO ART\u00cdSTICA<\/strong><\/p>\n\n\n\n<p><strong>Autor\u00eda:<\/strong> Griselda Gambaro<\/p>\n\n\n\n<p><strong>Adaptaci\u00f3n:<\/strong> Osvaldo Peluffo<\/p>\n\n\n\n<p><strong>Interprete:<\/strong> Veronika Ayanz Peluffo<\/p>\n\n\n\n<p><strong>Voces en off:<\/strong> Veronika Ayanz Peluffo \u2013 Gustavo Garc\u00eda \u2013 Osvaldo Peluffo<\/p>\n\n\n\n<p><strong>Iluminaci\u00f3n:<\/strong> Compa\u00f1\u00eda Faro<\/p>\n\n\n\n<p><strong>Dise\u00f1o de arte:<\/strong> Compa\u00f1\u00eda Faro<\/p>\n\n\n\n<p><strong>Banda de sonido:<\/strong> Compa\u00f1\u00eda Faro<\/p>\n\n\n\n<p><strong>Banda sonora:<\/strong> Rion Maret \u2013 Emiliano Rojas<\/p>\n\n\n\n<p><strong>Fotograf\u00eda:<\/strong> Rion Maret \u2013 Emiliano Rojas<\/p>\n\n\n\n<p><strong>Dise\u00f1o gr\u00e1fico:<\/strong> Florencia Rey \u2013 Emiliano Rojas<\/p>\n\n\n\n<p><strong>Asistencia t\u00e9cnica:<\/strong> Rion Maret<\/p>\n\n\n\n<p><strong>Prensa:<\/strong> Natalia Bocca<\/p>\n\n\n\n<p><strong>Puesta en escena:<\/strong> Osvaldo Peluffo<\/p>\n\n\n\n<p><strong>Direcci\u00f3n:<\/strong> Osvaldo Peluffo<\/p>\n\n\n\n<p><strong>Web:<\/strong> <a href=\"http:\/\/www.compa\u00f1iafaro.com\">http:\/\/www.compa\u00f1iafaro.com<\/a><\/p>\n\n\n\n<p><strong>Duraci\u00f3n:<\/strong> 60 minutos<\/p>\n\n\n\n<p><strong>Clasificaci\u00f3n:<\/strong> Teatro \u2013 Presencial \u2013 Adultos<\/p>\n\n\n\n<figure class=\"wp-block-image size-large\"><img loading=\"lazy\" decoding=\"async\" width=\"1024\" height=\"682\" src=\"https:\/\/sergiolapegue.com\/site\/wp-content\/uploads\/2025\/03\/La-senora-macbeth-3-1024x682.jpg\" alt=\"\" class=\"wp-image-21357\" srcset=\"https:\/\/sergiolapegue.com\/site\/wp-content\/uploads\/2025\/03\/La-senora-macbeth-3-1024x682.jpg 1024w, https:\/\/sergiolapegue.com\/site\/wp-content\/uploads\/2025\/03\/La-senora-macbeth-3-300x200.jpg 300w, https:\/\/sergiolapegue.com\/site\/wp-content\/uploads\/2025\/03\/La-senora-macbeth-3-768x512.jpg 768w, https:\/\/sergiolapegue.com\/site\/wp-content\/uploads\/2025\/03\/La-senora-macbeth-3-1536x1024.jpg 1536w, https:\/\/sergiolapegue.com\/site\/wp-content\/uploads\/2025\/03\/La-senora-macbeth-3-630x420.jpg 630w, https:\/\/sergiolapegue.com\/site\/wp-content\/uploads\/2025\/03\/La-senora-macbeth-3-696x464.jpg 696w, https:\/\/sergiolapegue.com\/site\/wp-content\/uploads\/2025\/03\/La-senora-macbeth-3-1068x712.jpg 1068w, https:\/\/sergiolapegue.com\/site\/wp-content\/uploads\/2025\/03\/La-senora-macbeth-3.jpg 1700w\" sizes=\"auto, (max-width: 1024px) 100vw, 1024px\" \/><\/figure>\n\n\n\n<p><strong>TEATRO EL OJO<\/strong><strong><\/strong><\/p>\n\n\n\n<p>Tte. Gral. Juan Domingo Per\u00f3n 2115 \u2013 Capital Federal \u2013 Buenos Aires \u2013 Argentina<\/p>\n\n\n\n<p>Tel\u00e9fono: 11 5 990 5928<\/p>\n\n\n\n<p>Web: <a href=\"http:\/\/www.instagram.com\/teatro.elojo\">http:\/\/www.instagram.com\/teatro.elojo<\/a><\/p>\n\n\n\n<p>Entradas: $ 15.000 \u2013 en boleter\u00eda del teatro o por Alternativa Teatral \u2013 Link:<\/p>\n\n\n\n<p><a href=\"https:\/\/publico.alternativateatral.com\/entradas61124-la-senora-macbeth?o=14\">Entradas para La se\u00f1ora Macbeth en TEATRO EL OJO &#8211; Alternativa Teatral<\/a><\/p>\n\n\n\n<p>Funciones: S\u00e1bados 20:00 horas \u2013 Del 22\/03\/2025 al 29\/03\/2025<\/p>\n\n\n\n<p>Gracias Natalia Bocca por hacernos llegar la gacetilla de prensa de este excelente espect\u00e1culo. &nbsp;<\/p>\n\n\n\n<p><strong>SOBRE LA&nbsp;ACTRIZ<\/strong><\/p>\n\n\n\n<figure class=\"wp-block-image size-full\"><img loading=\"lazy\" decoding=\"async\" width=\"221\" height=\"254\" src=\"https:\/\/sergiolapegue.com\/site\/wp-content\/uploads\/2025\/03\/La-senora-macbeth-Veronika-Ayanz-Peluffo.png\" alt=\"\" class=\"wp-image-21360\" \/><\/figure>\n\n\n\n<p><strong>Veronika Ayanz Peluffo<\/strong><\/p>\n\n\n\n<p>Recibe el Premio Mejor Actriz por &#8220;La se\u00f1ora Macbeth&#8221; en el Festival Internacional&#8221; Mostra de teatro Ciutat de Denia&#8221; en Alicante, Espa\u00f1a, 2019<\/p>\n\n\n\n<p>Junto a Osvaldo Peluffo recogen tambi\u00e9n el galard\u00f3n de reconocimiento a la trayectoria, para la Compa\u00f1\u00eda Faro, ese mismo a\u00f1o.&nbsp;<\/p>\n\n\n\n<p>A su vez como autores de &#8220;Andromina\u201d, fragmentos de un insoportable deseo&#8221; son nominados por Argentores en 2010 a la mejor producci\u00f3n autoral.&nbsp;<\/p>\n\n\n\n<p>En 2018 estrenan en Medell\u00edn, Colombia, &#8220;La se\u00f1ora Macbeth&#8221; en el marco del festival internacional &#8220;Fiesta de las artes esc\u00e9nicas&#8221; d\u00f3nde son considerados el mejor espect\u00e1culo del festival.&nbsp;<\/p>\n\n\n\n<p><strong>SOBRE EL&nbsp;DIRECTOR<\/strong><\/p>\n\n\n\n<figure class=\"wp-block-image size-full\"><img loading=\"lazy\" decoding=\"async\" width=\"216\" height=\"260\" src=\"https:\/\/sergiolapegue.com\/site\/wp-content\/uploads\/2025\/03\/La-senora-macbeth-Osvaldo-Peluffo.png\" alt=\"\" class=\"wp-image-21361\" \/><\/figure>\n\n\n\n<p><strong>Osvaldo Peluffo<\/strong>,&nbsp;autor, director, actor y docente<\/p>\n\n\n\n<p><strong>COMO DIRECTOR<\/strong><\/p>\n\n\n\n<p>En el a\u00f1o 2007, funda junto a su esposa&nbsp;Ver\u00f3nika Ayanz Peluffo, la \u201cCOMPA\u00d1IA F\u00c5R\u00d6\u201d en el marco de la cual dirige m\u00e1s de una decena de piezas como \u201cC\u00e1mara lenta\u201d, \u201cMemorias del consuelo\u201d, \u201cRavioles\u201d, \u201cLa se\u00f1ora Macbeth\u201d, \u201cEl camarote\u201d, \u201cTrampa\u201d, \u201cEl lugar\u201d, \u201cDamas negras\u201d, \u201cFabrica de chicas\u201d, \u201cDestino Praga, estaci\u00f3n Paris\u201d y pr\u00f3ximamente \u201cNO matar\u00e1s\u201d entre otras.<\/p>\n\n\n\n<p>Ha presentado espect\u00e1culos de su propia dramaturgia y de grandes autores, entre los que se destacan los cl\u00e1sicos:&nbsp;George Orwell, W. Shakespeare, Roma Mahieu, A. Chejov, Oscar Viale, Tato Pavlovsky, Carlos Gorostiza, Griselda Gambaro. El espect\u00e1culo&nbsp;\u201cAndr\u00f3mina, fragmentos de un insoportable deseo\u201d&nbsp;que escribe junto a su mujer, fue nominado al&nbsp;Premio Argentores&nbsp;(A\u00f1o 2010)&nbsp;y cont\u00f3 con el apoyo de la Embajada de Argentina en Madrid.&nbsp;<\/p>\n\n\n\n<p>Particip\u00f3 durante dos a\u00f1os consecutivos en el ciclo Teatro x la identidad. Algunos de los teatros que albergaron sus espect\u00e1culos son (entre otros):&nbsp;La Comedia, Chacarerean, Beckett, Fundaci\u00f3n Teatro del Sur, Pan y Arte, Padr\u00f3n Teatro, Espacio Callej\u00f3n, La mueca, Taller del&nbsp;\u00c1ngel, El Damero, Losada, Belisario, Teatro Pair\u00f3 de Banfield, Teatro Coliseo de Lomas de Zamora y Banfield Teatro Ensamble. &nbsp;<\/p>\n\n\n\n<p><strong>COMO ACTOR<\/strong><\/p>\n\n\n\n<p>Su trayectoria como actor re\u00fane m\u00e1s de 50 espect\u00e1culos, interpretando autores tales como: &nbsp;W. Shakespeare, Tennessee Williams, Fray Mocho, Clifford Odetts, Pam Gems, Jean Anohuill, Atilio Betti, Mar\u00eda<\/p>\n\n\n\n<p>Elena Walsh, Tato Pavlovsky, Juan Cruz Varela, Juan Jos\u00e9 Campanella y Fernando Castets, Mane Bernardo y Sara Bianchi, Michel Azama, Amadeo Vives, Carlos Mathus, Tullio Stella y Alberto F\u00e9lix Alberto;&nbsp;siendo dirigido por grandes&nbsp;maestros&nbsp;tales como: Santiago Doria, Man\u00e9 Bernardo, Sara Bianchi, Julio Ordano, Eduardo Lamoglia, Rodolfo Graziano, V\u00e1zquez Freijo, Carlos Mathus, Omar Pini, Alberto F\u00e9lix Alberto, Gina Piccirilli y Pino Siano&nbsp;en las&nbsp;siguientes&nbsp;salas&nbsp;(entre otras):&nbsp;Teatro Nacional Cervantes, Teatro Municipal General San Mart\u00edn, Centro Cultural General San Mart\u00edn, Manzana de las Luces, Blanca Podest\u00e1, Astral, Popular, Empire, Tabar\u00eds, IFT, Teatro de San Telmo, Taller de Garibaldi, La Gran Aldea, Fundaci\u00f3n Teatro del Sur.&nbsp;<\/p>\n\n\n\n<p>Trabaj\u00f3 en televisi\u00f3n y cine, participando en \u201cVictoria 392\u201d, &nbsp;la primera pel\u00edcula&nbsp;de J.J. Campanella.&nbsp;<\/p>\n\n\n\n<p><strong>COMO DOCENTE<\/strong><\/p>\n\n\n\n<p>Desde el a\u00f1o 2000 dicta clases en el Centro Cultural General San Mart\u00edn y en su Estudio de Formaci\u00f3n Art\u00edstica.<\/p>\n\n\n\n<p>Fue docente de actuaci\u00f3n en la&nbsp;Escuela Municipal de Danzas Cl\u00e1sicas de Lomas de Zamora&nbsp;durante 10 a\u00f1os (bajo la direcci\u00f3n de&nbsp;Raquel Rosetti&nbsp;y&nbsp;Regente de la Escuela Municipal de Arte dram\u00e1tico de Lomas de Zamora&nbsp;durante 4 a\u00f1os. Desde 1997 realiza espect\u00e1culos con sus alumnos en teatros independientes de Capital Federal y en teatros municipales del Gran Buenos Aires.<\/p>\n\n\n\n<p>Realiz\u00f3 su primer&nbsp;largometraje sobre la Guerra de Malvinas&nbsp;y tres&nbsp;miniseries webs.<\/p>\n\n\n\n<p><strong>PREMIOS<\/strong><\/p>\n\n\n\n<p>En 2019 como cofundador de la COMPA\u00d1\u00cdA FARO y director de \u201cLa se\u00f1ora Macbeth\u201d obra donde Veka Ayanz Peluffo recibe el premio a Mejor actriz, recibe el Premio \u201cMejor Compa\u00f1\u00eda\u201d en el&nbsp;Festival internacional Mostra de Teatre Ciutat de D\u00e9nia.<\/p>\n\n\n\n<p>En los 90, particip\u00f3 como director durante dos a\u00f1os consecutivos en Torneos Juveniles Bonaerenses, quedando finalista por \u201cEl Jurado\u201d y recibiendo una Menci\u00f3n Especial por \u201cCrianzas\u201d.<\/p>\n\n\n\n<p>Como actor recibe el Premio \u201cCarbonell\u201d por \u201cMejor Actor Extranjero\u201d (Estados Unidos) y \u201cPremio Tuyu\u201d por \u201cRevelaci\u00f3n\u201d.&nbsp;<\/p>\n\n\n\n<p><\/p>\n","protected":false},"excerpt":{"rendered":"<p>La obra de Griselda Gambaro \u201cLa se\u00f1ora Macbeth\u201d se presentara por 2 \u00fanicos d\u00edas en el Teatro El Ojo, el 22 y 29 de marzo a las 20:00 horas. La adaptaci\u00f3n y direcci\u00f3n est\u00e1 a cargo de Osvaldo Peluffo y en la interpretaci\u00f3n nos encontramos con la actriz Veronika Ayanz Peluffo. SOBRE LA OBRA Se [&hellip;]<\/p>\n","protected":false},"author":3,"featured_media":21362,"comment_status":"open","ping_status":"closed","sticky":false,"template":"","format":"standard","meta":{"footnotes":""},"categories":[34,35],"tags":[],"class_list":{"0":"post-21356","1":"post","2":"type-post","3":"status-publish","4":"format-standard","5":"has-post-thumbnail","7":"category-arte","8":"category-teatro"},"yoast_head":"<!-- This site is optimized with the Yoast SEO plugin v27.5 - https:\/\/yoast.com\/product\/yoast-seo-wordpress\/ -->\n<title>\u201cLA SE\u00d1ORA MACBETH\u201d - Sergio Lapegue<\/title>\n<meta name=\"robots\" content=\"index, follow, max-snippet:-1, max-image-preview:large, max-video-preview:-1\" \/>\n<link rel=\"canonical\" href=\"https:\/\/sergiolapegue.com\/site\/2025\/03\/11\/la-senora-macbeth-2\/\" \/>\n<meta property=\"og:locale\" content=\"es_ES\" \/>\n<meta property=\"og:type\" content=\"article\" \/>\n<meta property=\"og:title\" content=\"\u201cLA SE\u00d1ORA MACBETH\u201d - Sergio Lapegue\" \/>\n<meta property=\"og:description\" content=\"La obra de Griselda Gambaro \u201cLa se\u00f1ora Macbeth\u201d se presentara por 2 \u00fanicos d\u00edas en el Teatro El Ojo, el 22 y 29 de marzo a las 20:00 horas. La adaptaci\u00f3n y direcci\u00f3n est\u00e1 a cargo de Osvaldo Peluffo y en la interpretaci\u00f3n nos encontramos con la actriz Veronika Ayanz Peluffo. SOBRE LA OBRA Se [&hellip;]\" \/>\n<meta property=\"og:url\" content=\"https:\/\/sergiolapegue.com\/site\/2025\/03\/11\/la-senora-macbeth-2\/\" \/>\n<meta property=\"og:site_name\" content=\"Sergio Lapegue\" \/>\n<meta property=\"article:publisher\" content=\"https:\/\/facebook.com\/sergiolapegue\" \/>\n<meta property=\"article:author\" content=\"https:\/\/facebook.com\/danielernesto.montana\" \/>\n<meta property=\"article:published_time\" content=\"2025-03-11T16:00:00+00:00\" \/>\n<meta property=\"og:image\" content=\"https:\/\/sergiolapegue.com\/site\/wp-content\/uploads\/2025\/03\/La-senora-macbeth.jpg\" \/>\n\t<meta property=\"og:image:width\" content=\"900\" \/>\n\t<meta property=\"og:image:height\" content=\"1273\" \/>\n\t<meta property=\"og:image:type\" content=\"image\/jpeg\" \/>\n<meta name=\"author\" content=\"Daniel E. Monta\u00f1a\" \/>\n<meta name=\"twitter:card\" content=\"summary_large_image\" \/>\n<meta name=\"twitter:creator\" content=\"@https:\/\/twitter.com\/daner_004\" \/>\n<meta name=\"twitter:site\" content=\"@sergiolapegue\" \/>\n<meta name=\"twitter:label1\" content=\"Escrito por\" \/>\n\t<meta name=\"twitter:data1\" content=\"Daniel E. Monta\u00f1a\" \/>\n\t<meta name=\"twitter:label2\" content=\"Tiempo de lectura\" \/>\n\t<meta name=\"twitter:data2\" content=\"7 minutos\" \/>\n<script type=\"application\/ld+json\" class=\"yoast-schema-graph\">{\"@context\":\"https:\\\/\\\/schema.org\",\"@graph\":[{\"@type\":\"Article\",\"@id\":\"https:\\\/\\\/sergiolapegue.com\\\/site\\\/2025\\\/03\\\/11\\\/la-senora-macbeth-2\\\/#article\",\"isPartOf\":{\"@id\":\"https:\\\/\\\/sergiolapegue.com\\\/site\\\/2025\\\/03\\\/11\\\/la-senora-macbeth-2\\\/\"},\"author\":{\"name\":\"Daniel E. Monta\u00f1a\",\"@id\":\"https:\\\/\\\/sergiolapegue.com\\\/site\\\/#\\\/schema\\\/person\\\/9198e7dbab43c6d74d0fd5399af7c3cd\"},\"headline\":\"\u201cLA SE\u00d1ORA MACBETH\u201d\",\"datePublished\":\"2025-03-11T16:00:00+00:00\",\"mainEntityOfPage\":{\"@id\":\"https:\\\/\\\/sergiolapegue.com\\\/site\\\/2025\\\/03\\\/11\\\/la-senora-macbeth-2\\\/\"},\"wordCount\":1485,\"commentCount\":0,\"publisher\":{\"@id\":\"https:\\\/\\\/sergiolapegue.com\\\/site\\\/#\\\/schema\\\/person\\\/083aeceeb0734cd166779ea6c0551a37\"},\"image\":{\"@id\":\"https:\\\/\\\/sergiolapegue.com\\\/site\\\/2025\\\/03\\\/11\\\/la-senora-macbeth-2\\\/#primaryimage\"},\"thumbnailUrl\":\"https:\\\/\\\/sergiolapegue.com\\\/site\\\/wp-content\\\/uploads\\\/2025\\\/03\\\/La-senora-macbeth.jpg\",\"articleSection\":[\"Arte\",\"Teatro\"],\"inLanguage\":\"es-AR\",\"potentialAction\":[{\"@type\":\"CommentAction\",\"name\":\"Comment\",\"target\":[\"https:\\\/\\\/sergiolapegue.com\\\/site\\\/2025\\\/03\\\/11\\\/la-senora-macbeth-2\\\/#respond\"]}]},{\"@type\":\"WebPage\",\"@id\":\"https:\\\/\\\/sergiolapegue.com\\\/site\\\/2025\\\/03\\\/11\\\/la-senora-macbeth-2\\\/\",\"url\":\"https:\\\/\\\/sergiolapegue.com\\\/site\\\/2025\\\/03\\\/11\\\/la-senora-macbeth-2\\\/\",\"name\":\"\u201cLA SE\u00d1ORA MACBETH\u201d - Sergio Lapegue\",\"isPartOf\":{\"@id\":\"https:\\\/\\\/sergiolapegue.com\\\/site\\\/#website\"},\"primaryImageOfPage\":{\"@id\":\"https:\\\/\\\/sergiolapegue.com\\\/site\\\/2025\\\/03\\\/11\\\/la-senora-macbeth-2\\\/#primaryimage\"},\"image\":{\"@id\":\"https:\\\/\\\/sergiolapegue.com\\\/site\\\/2025\\\/03\\\/11\\\/la-senora-macbeth-2\\\/#primaryimage\"},\"thumbnailUrl\":\"https:\\\/\\\/sergiolapegue.com\\\/site\\\/wp-content\\\/uploads\\\/2025\\\/03\\\/La-senora-macbeth.jpg\",\"datePublished\":\"2025-03-11T16:00:00+00:00\",\"breadcrumb\":{\"@id\":\"https:\\\/\\\/sergiolapegue.com\\\/site\\\/2025\\\/03\\\/11\\\/la-senora-macbeth-2\\\/#breadcrumb\"},\"inLanguage\":\"es-AR\",\"potentialAction\":[{\"@type\":\"ReadAction\",\"target\":[\"https:\\\/\\\/sergiolapegue.com\\\/site\\\/2025\\\/03\\\/11\\\/la-senora-macbeth-2\\\/\"]}]},{\"@type\":\"ImageObject\",\"inLanguage\":\"es-AR\",\"@id\":\"https:\\\/\\\/sergiolapegue.com\\\/site\\\/2025\\\/03\\\/11\\\/la-senora-macbeth-2\\\/#primaryimage\",\"url\":\"https:\\\/\\\/sergiolapegue.com\\\/site\\\/wp-content\\\/uploads\\\/2025\\\/03\\\/La-senora-macbeth.jpg\",\"contentUrl\":\"https:\\\/\\\/sergiolapegue.com\\\/site\\\/wp-content\\\/uploads\\\/2025\\\/03\\\/La-senora-macbeth.jpg\",\"width\":900,\"height\":1273},{\"@type\":\"BreadcrumbList\",\"@id\":\"https:\\\/\\\/sergiolapegue.com\\\/site\\\/2025\\\/03\\\/11\\\/la-senora-macbeth-2\\\/#breadcrumb\",\"itemListElement\":[{\"@type\":\"ListItem\",\"position\":1,\"name\":\"Inicio\",\"item\":\"https:\\\/\\\/sergiolapegue.com\\\/site\\\/\"},{\"@type\":\"ListItem\",\"position\":2,\"name\":\"\u201cLA SE\u00d1ORA MACBETH\u201d\"}]},{\"@type\":\"WebSite\",\"@id\":\"https:\\\/\\\/sergiolapegue.com\\\/site\\\/#website\",\"url\":\"https:\\\/\\\/sergiolapegue.com\\\/site\\\/\",\"name\":\"Sergio Lapegue\",\"description\":\"Periodista\",\"publisher\":{\"@id\":\"https:\\\/\\\/sergiolapegue.com\\\/site\\\/#\\\/schema\\\/person\\\/083aeceeb0734cd166779ea6c0551a37\"},\"potentialAction\":[{\"@type\":\"SearchAction\",\"target\":{\"@type\":\"EntryPoint\",\"urlTemplate\":\"https:\\\/\\\/sergiolapegue.com\\\/site\\\/?s={search_term_string}\"},\"query-input\":{\"@type\":\"PropertyValueSpecification\",\"valueRequired\":true,\"valueName\":\"search_term_string\"}}],\"inLanguage\":\"es-AR\"},{\"@type\":[\"Person\",\"Organization\"],\"@id\":\"https:\\\/\\\/sergiolapegue.com\\\/site\\\/#\\\/schema\\\/person\\\/083aeceeb0734cd166779ea6c0551a37\",\"name\":\"Sergio Lapegue\",\"image\":{\"@type\":\"ImageObject\",\"inLanguage\":\"es-AR\",\"@id\":\"https:\\\/\\\/sergiolapegue.com\\\/site\\\/wp-content\\\/uploads\\\/2021\\\/04\\\/logo_header-1.png\",\"url\":\"https:\\\/\\\/sergiolapegue.com\\\/site\\\/wp-content\\\/uploads\\\/2021\\\/04\\\/logo_header-1.png\",\"contentUrl\":\"https:\\\/\\\/sergiolapegue.com\\\/site\\\/wp-content\\\/uploads\\\/2021\\\/04\\\/logo_header-1.png\",\"width\":272,\"height\":90,\"caption\":\"Sergio Lapegue\"},\"logo\":{\"@id\":\"https:\\\/\\\/sergiolapegue.com\\\/site\\\/wp-content\\\/uploads\\\/2021\\\/04\\\/logo_header-1.png\"},\"sameAs\":[\"https:\\\/\\\/facebook.com\\\/sergiolapegue\",\"https:\\\/\\\/instagram.com\\\/sergiolapegue\",\"https:\\\/\\\/x.com\\\/https:\\\/\\\/twitter.com\\\/sergiolapegue\"]},{\"@type\":\"Person\",\"@id\":\"https:\\\/\\\/sergiolapegue.com\\\/site\\\/#\\\/schema\\\/person\\\/9198e7dbab43c6d74d0fd5399af7c3cd\",\"name\":\"Daniel E. Monta\u00f1a\",\"image\":{\"@type\":\"ImageObject\",\"inLanguage\":\"es-AR\",\"@id\":\"https:\\\/\\\/sergiolapegue.com\\\/site\\\/wp-content\\\/uploads\\\/2021\\\/04\\\/sl_avatar_Daniel-150x150.jpg\",\"url\":\"https:\\\/\\\/sergiolapegue.com\\\/site\\\/wp-content\\\/uploads\\\/2021\\\/04\\\/sl_avatar_Daniel-150x150.jpg\",\"contentUrl\":\"https:\\\/\\\/sergiolapegue.com\\\/site\\\/wp-content\\\/uploads\\\/2021\\\/04\\\/sl_avatar_Daniel-150x150.jpg\",\"caption\":\"Daniel E. Monta\u00f1a\"},\"sameAs\":[\"https:\\\/\\\/facebook.com\\\/danielernesto.montana\",\"https:\\\/\\\/instagram.com\\\/daniel_montana1961\",\"https:\\\/\\\/x.com\\\/https:\\\/\\\/twitter.com\\\/daner_004\"],\"url\":\"https:\\\/\\\/sergiolapegue.com\\\/site\\\/author\\\/daniel\\\/\"}]}<\/script>\n<!-- \/ Yoast SEO plugin. -->","yoast_head_json":{"title":"\u201cLA SE\u00d1ORA MACBETH\u201d - Sergio Lapegue","robots":{"index":"index","follow":"follow","max-snippet":"max-snippet:-1","max-image-preview":"max-image-preview:large","max-video-preview":"max-video-preview:-1"},"canonical":"https:\/\/sergiolapegue.com\/site\/2025\/03\/11\/la-senora-macbeth-2\/","og_locale":"es_ES","og_type":"article","og_title":"\u201cLA SE\u00d1ORA MACBETH\u201d - Sergio Lapegue","og_description":"La obra de Griselda Gambaro \u201cLa se\u00f1ora Macbeth\u201d se presentara por 2 \u00fanicos d\u00edas en el Teatro El Ojo, el 22 y 29 de marzo a las 20:00 horas. La adaptaci\u00f3n y direcci\u00f3n est\u00e1 a cargo de Osvaldo Peluffo y en la interpretaci\u00f3n nos encontramos con la actriz Veronika Ayanz Peluffo. SOBRE LA OBRA Se [&hellip;]","og_url":"https:\/\/sergiolapegue.com\/site\/2025\/03\/11\/la-senora-macbeth-2\/","og_site_name":"Sergio Lapegue","article_publisher":"https:\/\/facebook.com\/sergiolapegue","article_author":"https:\/\/facebook.com\/danielernesto.montana","article_published_time":"2025-03-11T16:00:00+00:00","og_image":[{"width":900,"height":1273,"url":"https:\/\/sergiolapegue.com\/site\/wp-content\/uploads\/2025\/03\/La-senora-macbeth.jpg","type":"image\/jpeg"}],"author":"Daniel E. Monta\u00f1a","twitter_card":"summary_large_image","twitter_creator":"@https:\/\/twitter.com\/daner_004","twitter_site":"@sergiolapegue","twitter_misc":{"Escrito por":"Daniel E. Monta\u00f1a","Tiempo de lectura":"7 minutos"},"schema":{"@context":"https:\/\/schema.org","@graph":[{"@type":"Article","@id":"https:\/\/sergiolapegue.com\/site\/2025\/03\/11\/la-senora-macbeth-2\/#article","isPartOf":{"@id":"https:\/\/sergiolapegue.com\/site\/2025\/03\/11\/la-senora-macbeth-2\/"},"author":{"name":"Daniel E. Monta\u00f1a","@id":"https:\/\/sergiolapegue.com\/site\/#\/schema\/person\/9198e7dbab43c6d74d0fd5399af7c3cd"},"headline":"\u201cLA SE\u00d1ORA MACBETH\u201d","datePublished":"2025-03-11T16:00:00+00:00","mainEntityOfPage":{"@id":"https:\/\/sergiolapegue.com\/site\/2025\/03\/11\/la-senora-macbeth-2\/"},"wordCount":1485,"commentCount":0,"publisher":{"@id":"https:\/\/sergiolapegue.com\/site\/#\/schema\/person\/083aeceeb0734cd166779ea6c0551a37"},"image":{"@id":"https:\/\/sergiolapegue.com\/site\/2025\/03\/11\/la-senora-macbeth-2\/#primaryimage"},"thumbnailUrl":"https:\/\/sergiolapegue.com\/site\/wp-content\/uploads\/2025\/03\/La-senora-macbeth.jpg","articleSection":["Arte","Teatro"],"inLanguage":"es-AR","potentialAction":[{"@type":"CommentAction","name":"Comment","target":["https:\/\/sergiolapegue.com\/site\/2025\/03\/11\/la-senora-macbeth-2\/#respond"]}]},{"@type":"WebPage","@id":"https:\/\/sergiolapegue.com\/site\/2025\/03\/11\/la-senora-macbeth-2\/","url":"https:\/\/sergiolapegue.com\/site\/2025\/03\/11\/la-senora-macbeth-2\/","name":"\u201cLA SE\u00d1ORA MACBETH\u201d - Sergio Lapegue","isPartOf":{"@id":"https:\/\/sergiolapegue.com\/site\/#website"},"primaryImageOfPage":{"@id":"https:\/\/sergiolapegue.com\/site\/2025\/03\/11\/la-senora-macbeth-2\/#primaryimage"},"image":{"@id":"https:\/\/sergiolapegue.com\/site\/2025\/03\/11\/la-senora-macbeth-2\/#primaryimage"},"thumbnailUrl":"https:\/\/sergiolapegue.com\/site\/wp-content\/uploads\/2025\/03\/La-senora-macbeth.jpg","datePublished":"2025-03-11T16:00:00+00:00","breadcrumb":{"@id":"https:\/\/sergiolapegue.com\/site\/2025\/03\/11\/la-senora-macbeth-2\/#breadcrumb"},"inLanguage":"es-AR","potentialAction":[{"@type":"ReadAction","target":["https:\/\/sergiolapegue.com\/site\/2025\/03\/11\/la-senora-macbeth-2\/"]}]},{"@type":"ImageObject","inLanguage":"es-AR","@id":"https:\/\/sergiolapegue.com\/site\/2025\/03\/11\/la-senora-macbeth-2\/#primaryimage","url":"https:\/\/sergiolapegue.com\/site\/wp-content\/uploads\/2025\/03\/La-senora-macbeth.jpg","contentUrl":"https:\/\/sergiolapegue.com\/site\/wp-content\/uploads\/2025\/03\/La-senora-macbeth.jpg","width":900,"height":1273},{"@type":"BreadcrumbList","@id":"https:\/\/sergiolapegue.com\/site\/2025\/03\/11\/la-senora-macbeth-2\/#breadcrumb","itemListElement":[{"@type":"ListItem","position":1,"name":"Inicio","item":"https:\/\/sergiolapegue.com\/site\/"},{"@type":"ListItem","position":2,"name":"\u201cLA SE\u00d1ORA MACBETH\u201d"}]},{"@type":"WebSite","@id":"https:\/\/sergiolapegue.com\/site\/#website","url":"https:\/\/sergiolapegue.com\/site\/","name":"Sergio Lapegue","description":"Periodista","publisher":{"@id":"https:\/\/sergiolapegue.com\/site\/#\/schema\/person\/083aeceeb0734cd166779ea6c0551a37"},"potentialAction":[{"@type":"SearchAction","target":{"@type":"EntryPoint","urlTemplate":"https:\/\/sergiolapegue.com\/site\/?s={search_term_string}"},"query-input":{"@type":"PropertyValueSpecification","valueRequired":true,"valueName":"search_term_string"}}],"inLanguage":"es-AR"},{"@type":["Person","Organization"],"@id":"https:\/\/sergiolapegue.com\/site\/#\/schema\/person\/083aeceeb0734cd166779ea6c0551a37","name":"Sergio Lapegue","image":{"@type":"ImageObject","inLanguage":"es-AR","@id":"https:\/\/sergiolapegue.com\/site\/wp-content\/uploads\/2021\/04\/logo_header-1.png","url":"https:\/\/sergiolapegue.com\/site\/wp-content\/uploads\/2021\/04\/logo_header-1.png","contentUrl":"https:\/\/sergiolapegue.com\/site\/wp-content\/uploads\/2021\/04\/logo_header-1.png","width":272,"height":90,"caption":"Sergio Lapegue"},"logo":{"@id":"https:\/\/sergiolapegue.com\/site\/wp-content\/uploads\/2021\/04\/logo_header-1.png"},"sameAs":["https:\/\/facebook.com\/sergiolapegue","https:\/\/instagram.com\/sergiolapegue","https:\/\/x.com\/https:\/\/twitter.com\/sergiolapegue"]},{"@type":"Person","@id":"https:\/\/sergiolapegue.com\/site\/#\/schema\/person\/9198e7dbab43c6d74d0fd5399af7c3cd","name":"Daniel E. Monta\u00f1a","image":{"@type":"ImageObject","inLanguage":"es-AR","@id":"https:\/\/sergiolapegue.com\/site\/wp-content\/uploads\/2021\/04\/sl_avatar_Daniel-150x150.jpg","url":"https:\/\/sergiolapegue.com\/site\/wp-content\/uploads\/2021\/04\/sl_avatar_Daniel-150x150.jpg","contentUrl":"https:\/\/sergiolapegue.com\/site\/wp-content\/uploads\/2021\/04\/sl_avatar_Daniel-150x150.jpg","caption":"Daniel E. Monta\u00f1a"},"sameAs":["https:\/\/facebook.com\/danielernesto.montana","https:\/\/instagram.com\/daniel_montana1961","https:\/\/x.com\/https:\/\/twitter.com\/daner_004"],"url":"https:\/\/sergiolapegue.com\/site\/author\/daniel\/"}]}},"_links":{"self":[{"href":"https:\/\/sergiolapegue.com\/site\/wp-json\/wp\/v2\/posts\/21356","targetHints":{"allow":["GET"]}}],"collection":[{"href":"https:\/\/sergiolapegue.com\/site\/wp-json\/wp\/v2\/posts"}],"about":[{"href":"https:\/\/sergiolapegue.com\/site\/wp-json\/wp\/v2\/types\/post"}],"author":[{"embeddable":true,"href":"https:\/\/sergiolapegue.com\/site\/wp-json\/wp\/v2\/users\/3"}],"replies":[{"embeddable":true,"href":"https:\/\/sergiolapegue.com\/site\/wp-json\/wp\/v2\/comments?post=21356"}],"version-history":[{"count":1,"href":"https:\/\/sergiolapegue.com\/site\/wp-json\/wp\/v2\/posts\/21356\/revisions"}],"predecessor-version":[{"id":21363,"href":"https:\/\/sergiolapegue.com\/site\/wp-json\/wp\/v2\/posts\/21356\/revisions\/21363"}],"wp:featuredmedia":[{"embeddable":true,"href":"https:\/\/sergiolapegue.com\/site\/wp-json\/wp\/v2\/media\/21362"}],"wp:attachment":[{"href":"https:\/\/sergiolapegue.com\/site\/wp-json\/wp\/v2\/media?parent=21356"}],"wp:term":[{"taxonomy":"category","embeddable":true,"href":"https:\/\/sergiolapegue.com\/site\/wp-json\/wp\/v2\/categories?post=21356"},{"taxonomy":"post_tag","embeddable":true,"href":"https:\/\/sergiolapegue.com\/site\/wp-json\/wp\/v2\/tags?post=21356"}],"curies":[{"name":"wp","href":"https:\/\/api.w.org\/{rel}","templated":true}]}}