{"id":21350,"date":"2025-03-11T01:00:00","date_gmt":"2025-03-11T04:00:00","guid":{"rendered":"https:\/\/sergiolapegue.com\/site\/?p=21350"},"modified":"2025-03-10T18:17:30","modified_gmt":"2025-03-10T21:17:30","slug":"se-hace-o-se-hace-2","status":"publish","type":"post","link":"https:\/\/sergiolapegue.com\/site\/2025\/03\/11\/se-hace-o-se-hace-2\/","title":{"rendered":"SE HACE O SE HACE"},"content":{"rendered":"\n<p>El 22 de marzo se estrena \u201cSe hace o se hace\u201d, del dramaturgo y director Mart\u00edn Ortiz, con las actuaciones de Anabella Valencia, David P\u00e1ez, Luciana Procaccini, Mauro Pelle, Mariano Terr\u00e9, Violeta Ortiz Laski, Macarena Gonz\u00e1lez y Nicol\u00e1s Martuccio.<\/p>\n\n\n\n<p>La obra se podr\u00e1 ver los d\u00edas s\u00e1bados a las 18:00 horas en el Teatro El Popular.<\/p>\n\n\n\n<p><strong>SINOPSIS<\/strong><\/p>\n\n\n\n<p>Rub\u00e9n lleva diez a\u00f1os queriendo concretar su ansiado proyecto de estrenar LA TEMPESTAD. Finalmente, ha logrado armar un elenco un tanto particular y heterog\u00e9neo para lograr su objetivo. Falta poco para el estreno pero las cosas empiezan a complicarse.<\/p>\n\n\n\n<figure class=\"wp-block-image size-large\"><img loading=\"lazy\" decoding=\"async\" width=\"1024\" height=\"682\" src=\"https:\/\/sergiolapegue.com\/site\/wp-content\/uploads\/2025\/03\/Se-hace-o-se-hace-1-1024x682.jpg\" alt=\"\" class=\"wp-image-21353\" srcset=\"https:\/\/sergiolapegue.com\/site\/wp-content\/uploads\/2025\/03\/Se-hace-o-se-hace-1-1024x682.jpg 1024w, https:\/\/sergiolapegue.com\/site\/wp-content\/uploads\/2025\/03\/Se-hace-o-se-hace-1-300x200.jpg 300w, https:\/\/sergiolapegue.com\/site\/wp-content\/uploads\/2025\/03\/Se-hace-o-se-hace-1-768x512.jpg 768w, https:\/\/sergiolapegue.com\/site\/wp-content\/uploads\/2025\/03\/Se-hace-o-se-hace-1-1536x1024.jpg 1536w, https:\/\/sergiolapegue.com\/site\/wp-content\/uploads\/2025\/03\/Se-hace-o-se-hace-1-630x420.jpg 630w, https:\/\/sergiolapegue.com\/site\/wp-content\/uploads\/2025\/03\/Se-hace-o-se-hace-1-696x464.jpg 696w, https:\/\/sergiolapegue.com\/site\/wp-content\/uploads\/2025\/03\/Se-hace-o-se-hace-1-1068x712.jpg 1068w, https:\/\/sergiolapegue.com\/site\/wp-content\/uploads\/2025\/03\/Se-hace-o-se-hace-1-1920x1280.jpg 1920w, https:\/\/sergiolapegue.com\/site\/wp-content\/uploads\/2025\/03\/Se-hace-o-se-hace-1.jpg 2000w\" sizes=\"auto, (max-width: 1024px) 100vw, 1024px\" \/><\/figure>\n\n\n\n<p><strong>PALABRAS DEL DRAMATURGO Y DIRECTOR<\/strong><\/p>\n\n\n\n<p>\u201cSE HACE O SE HACE surge de las dificultades que se presentan a la hora de afrontar un cl\u00e1sico, en este caso LA TEMPESTAD de William Shakespeare, en el marco del Teatro Independiente. Entre las experiencias personales y las de otros artistas, la conclusi\u00f3n es que esas dificultades aparecen en el momento mismo en que se comienza a transitar el proceso de ensayos. No antes. No en el armado del elenco, pues siempre encontramos actores y actrices interesados en afrontar el desaf\u00edo de estrenar una obra de Shakespeare. Y como los conflictos aparecen en el trabajo mismo, la obra es el ensayo de una obra. Un t\u00f3pico muy visitado por la dramaturgia de todos los tiempos y que es el m\u00e1s apropiado para el desarrollo de esta historia. De esta manera, la obra se desarrolla en dos planos bien diferenciados: el de los artistas que est\u00e1n ensayando LA TEMPESTAD y el de la representaci\u00f3n que est\u00e1n intentando concretar en ese ensayo.\u201d <strong>\u2013<\/strong> <strong>Mart\u00edn Ortiz<\/strong><\/p>\n\n\n\n<figure class=\"wp-block-image size-large is-resized\"><img loading=\"lazy\" decoding=\"async\" width=\"682\" height=\"1024\" src=\"https:\/\/sergiolapegue.com\/site\/wp-content\/uploads\/2025\/03\/Se-hace-o-se-hace-2-682x1024.jpg\" alt=\"\" class=\"wp-image-21352\" style=\"width:696px;height:auto\" srcset=\"https:\/\/sergiolapegue.com\/site\/wp-content\/uploads\/2025\/03\/Se-hace-o-se-hace-2-682x1024.jpg 682w, https:\/\/sergiolapegue.com\/site\/wp-content\/uploads\/2025\/03\/Se-hace-o-se-hace-2-200x300.jpg 200w, https:\/\/sergiolapegue.com\/site\/wp-content\/uploads\/2025\/03\/Se-hace-o-se-hace-2-768x1152.jpg 768w, https:\/\/sergiolapegue.com\/site\/wp-content\/uploads\/2025\/03\/Se-hace-o-se-hace-2-1024x1536.jpg 1024w, https:\/\/sergiolapegue.com\/site\/wp-content\/uploads\/2025\/03\/Se-hace-o-se-hace-2-280x420.jpg 280w, https:\/\/sergiolapegue.com\/site\/wp-content\/uploads\/2025\/03\/Se-hace-o-se-hace-2-696x1044.jpg 696w, https:\/\/sergiolapegue.com\/site\/wp-content\/uploads\/2025\/03\/Se-hace-o-se-hace-2-1068x1602.jpg 1068w, https:\/\/sergiolapegue.com\/site\/wp-content\/uploads\/2025\/03\/Se-hace-o-se-hace-2-rotated.jpg 1333w\" sizes=\"auto, (max-width: 682px) 100vw, 682px\" \/><\/figure>\n\n\n\n<p><strong>FICHA T\u00c9CNICO ART\u00cdSTICA<\/strong><\/p>\n\n\n\n<p><strong>Dramaturgia:&nbsp;<\/strong>Mart\u00edn Ortiz<\/p>\n\n\n\n<p><strong>Int\u00e9rpretes:<\/strong>&nbsp;Anabella Valencia, David P\u00e1ez, Luciana Procaccini, Mauro Pelle, Mariano Terr\u00e9, Violeta Ortiz Laski, Macarena Gonz\u00e1lez, Nicol\u00e1s Martuccio<\/p>\n\n\n\n<p><strong>Escenograf\u00eda:<\/strong>&nbsp;Jorgelina Herrero Pons<\/p>\n\n\n\n<p><strong>Vestuario:<\/strong>&nbsp;Jorgelina Herrero Pons<\/p>\n\n\n\n<p><strong>Iluminaci\u00f3n:<\/strong>&nbsp;Eduardo Safigueroa<\/p>\n\n\n\n<p><strong>Prensa:<\/strong>&nbsp;Natalia Bocca<\/p>\n\n\n\n<p><strong>Direcci\u00f3n General:<\/strong>&nbsp;Mart\u00edn Ortiz<\/p>\n\n\n\n<p><strong>Duraci\u00f3n:<\/strong> 60 minutos<\/p>\n\n\n\n<p><strong>Clasificaci\u00f3n:<\/strong> Teatro \u2013 Presencial \u2013 Adultos<\/p>\n\n\n\n<figure class=\"wp-block-image size-large is-resized\"><img loading=\"lazy\" decoding=\"async\" width=\"683\" height=\"1024\" src=\"https:\/\/sergiolapegue.com\/site\/wp-content\/uploads\/2025\/03\/Se-hace-o-se-hace-3-683x1024.jpg\" alt=\"\" class=\"wp-image-21351\" style=\"width:696px;height:auto\" srcset=\"https:\/\/sergiolapegue.com\/site\/wp-content\/uploads\/2025\/03\/Se-hace-o-se-hace-3-683x1024.jpg 683w, https:\/\/sergiolapegue.com\/site\/wp-content\/uploads\/2025\/03\/Se-hace-o-se-hace-3-200x300.jpg 200w, https:\/\/sergiolapegue.com\/site\/wp-content\/uploads\/2025\/03\/Se-hace-o-se-hace-3-768x1152.jpg 768w, https:\/\/sergiolapegue.com\/site\/wp-content\/uploads\/2025\/03\/Se-hace-o-se-hace-3-1024x1536.jpg 1024w, https:\/\/sergiolapegue.com\/site\/wp-content\/uploads\/2025\/03\/Se-hace-o-se-hace-3-280x420.jpg 280w, https:\/\/sergiolapegue.com\/site\/wp-content\/uploads\/2025\/03\/Se-hace-o-se-hace-3-696x1044.jpg 696w, https:\/\/sergiolapegue.com\/site\/wp-content\/uploads\/2025\/03\/Se-hace-o-se-hace-3-1068x1602.jpg 1068w, https:\/\/sergiolapegue.com\/site\/wp-content\/uploads\/2025\/03\/Se-hace-o-se-hace-3-rotated.jpg 1200w\" sizes=\"auto, (max-width: 683px) 100vw, 683px\" \/><\/figure>\n\n\n\n<p><strong>TEATRO EL POPULAR<\/strong><\/p>\n\n\n\n<p>Chile 2080 \u2013 Capital Federal \u2013 Buenos Aires \u2013 Argentina<\/p>\n\n\n\n<p>Tel\u00e9fono: 11 3 470 2576<\/p>\n\n\n\n<p>Entradas: $ 10.000 \u2013 en boleter\u00eda del teatro o por Alternativa Teatral<\/p>\n\n\n\n<p>Funciones: S\u00e1bados 18:00 horas \u2013 Desde el 22\/03\/2024<\/p>\n\n\n\n<p>Gracias Natalia Bocca por acercarnos la gacetilla de prensa del estreno de este espect\u00e1culo.<\/p>\n\n\n\n<p><strong>SOBRE&nbsp;EL DRAMATURGO y DIRECTOR<\/strong><\/p>\n\n\n\n<figure class=\"wp-block-image size-full is-resized\"><img loading=\"lazy\" decoding=\"async\" width=\"936\" height=\"798\" src=\"https:\/\/sergiolapegue.com\/site\/wp-content\/uploads\/2025\/03\/Se-hace-o-se-hace-Martin-Ortiz.png\" alt=\"\" class=\"wp-image-21364\" style=\"width:336px;height:auto\" srcset=\"https:\/\/sergiolapegue.com\/site\/wp-content\/uploads\/2025\/03\/Se-hace-o-se-hace-Martin-Ortiz.png 936w, https:\/\/sergiolapegue.com\/site\/wp-content\/uploads\/2025\/03\/Se-hace-o-se-hace-Martin-Ortiz-300x256.png 300w, https:\/\/sergiolapegue.com\/site\/wp-content\/uploads\/2025\/03\/Se-hace-o-se-hace-Martin-Ortiz-768x655.png 768w, https:\/\/sergiolapegue.com\/site\/wp-content\/uploads\/2025\/03\/Se-hace-o-se-hace-Martin-Ortiz-493x420.png 493w, https:\/\/sergiolapegue.com\/site\/wp-content\/uploads\/2025\/03\/Se-hace-o-se-hace-Martin-Ortiz-696x593.png 696w\" sizes=\"auto, (max-width: 936px) 100vw, 936px\" \/><\/figure>\n\n\n\n<p><strong>Mart\u00edn Ortiz<\/strong>&nbsp;es actor, director y dramaturgo.<\/p>\n\n\n\n<p>Su formaci\u00f3n como actor comienza en la Escuela de El Bald\u00edo Teatro, donde estudia desde 1987 hasta 1990 con Diego Cazabat. Entre 1995 y 2002 forma parte de Periplo, Compa\u00f1\u00eda Teatral. En el 2004 realiza una Pasant\u00eda de tres meses en el Equipo Creativo de la compa\u00f1\u00eda espa\u00f1ola El Silbo Vulnerado y estrena junto a esta, en Zaragoza, su primer trabajo en verso: \u201cArgentino hasta la muerte\u201d, con poemas de C\u00e9sar Fern\u00e1ndez Moreno. Colaborador art\u00edstico permanente de esta Compa\u00f1\u00eda, han realizado giras internacionales y desarrollado diversas actividades en Argentina. Ha participado y dictado Seminarios y Talleres en Festivales, Encuentros y Universidades tanto de Latinoam\u00e9rica como de Europa. Se ha formado en Dramaturgia con Mauricio Kartun y Andr\u00e9s Binetti.<\/p>\n\n\n\n<p>Desde 2007 integra, junto a Guillermo Zeballos, el grupo Crisol Teatro, que viene desarrollando desde el a\u00f1o 2003 una intensa actividad art\u00edstica y pedag\u00f3gica. Entre sus \u00faltimas obras como Autor y Director se destacan Museo Beresford (2024-en cartel) \u2013 PREMIO ESTRELLA DE MAR MEJOR AUTOR NACIONAL, 2025; PREMIO LUISA VEHIL, MEJOR ACTRIZ 2024, DANIELA CATZ; La noche se est\u00e1 muriendo (2022\/5) \u2013Premio Luisa Vehil MEJOR ACTOR 2022 Mario Petrosini-, CISNEROS Una Tragedia Argentina (2019\/22) y Ella nombra (2016\/8).<\/p>\n","protected":false},"excerpt":{"rendered":"<p>El 22 de marzo se estrena \u201cSe hace o se hace\u201d, del dramaturgo y director Mart\u00edn Ortiz, con las actuaciones de Anabella Valencia, David P\u00e1ez, Luciana Procaccini, Mauro Pelle, Mariano Terr\u00e9, Violeta Ortiz Laski, Macarena Gonz\u00e1lez y Nicol\u00e1s Martuccio. La obra se podr\u00e1 ver los d\u00edas s\u00e1bados a las 18:00 horas en el Teatro El [&hellip;]<\/p>\n","protected":false},"author":3,"featured_media":21354,"comment_status":"open","ping_status":"closed","sticky":false,"template":"","format":"standard","meta":{"footnotes":""},"categories":[34,35],"tags":[],"class_list":{"0":"post-21350","1":"post","2":"type-post","3":"status-publish","4":"format-standard","5":"has-post-thumbnail","7":"category-arte","8":"category-teatro"},"yoast_head":"<!-- This site is optimized with the Yoast SEO plugin v27.5 - https:\/\/yoast.com\/product\/yoast-seo-wordpress\/ -->\n<title>SE HACE O SE HACE - Sergio Lapegue<\/title>\n<meta name=\"robots\" content=\"index, follow, max-snippet:-1, max-image-preview:large, max-video-preview:-1\" \/>\n<link rel=\"canonical\" href=\"https:\/\/sergiolapegue.com\/site\/2025\/03\/11\/se-hace-o-se-hace-2\/\" \/>\n<meta property=\"og:locale\" content=\"es_ES\" \/>\n<meta property=\"og:type\" content=\"article\" \/>\n<meta property=\"og:title\" content=\"SE HACE O SE HACE - Sergio Lapegue\" \/>\n<meta property=\"og:description\" content=\"El 22 de marzo se estrena \u201cSe hace o se hace\u201d, del dramaturgo y director Mart\u00edn Ortiz, con las actuaciones de Anabella Valencia, David P\u00e1ez, Luciana Procaccini, Mauro Pelle, Mariano Terr\u00e9, Violeta Ortiz Laski, Macarena Gonz\u00e1lez y Nicol\u00e1s Martuccio. La obra se podr\u00e1 ver los d\u00edas s\u00e1bados a las 18:00 horas en el Teatro El [&hellip;]\" \/>\n<meta property=\"og:url\" content=\"https:\/\/sergiolapegue.com\/site\/2025\/03\/11\/se-hace-o-se-hace-2\/\" \/>\n<meta property=\"og:site_name\" content=\"Sergio Lapegue\" \/>\n<meta property=\"article:publisher\" content=\"https:\/\/facebook.com\/sergiolapegue\" \/>\n<meta property=\"article:author\" content=\"https:\/\/facebook.com\/danielernesto.montana\" \/>\n<meta property=\"article:published_time\" content=\"2025-03-11T04:00:00+00:00\" \/>\n<meta property=\"og:image\" content=\"https:\/\/sergiolapegue.com\/site\/wp-content\/uploads\/2025\/03\/Se-hace-o-se-hace.jpg\" \/>\n\t<meta property=\"og:image:width\" content=\"1600\" \/>\n\t<meta property=\"og:image:height\" content=\"1600\" \/>\n\t<meta property=\"og:image:type\" content=\"image\/jpeg\" \/>\n<meta name=\"author\" content=\"Daniel E. Monta\u00f1a\" \/>\n<meta name=\"twitter:card\" content=\"summary_large_image\" \/>\n<meta name=\"twitter:creator\" content=\"@https:\/\/twitter.com\/daner_004\" \/>\n<meta name=\"twitter:site\" content=\"@sergiolapegue\" \/>\n<meta name=\"twitter:label1\" content=\"Escrito por\" \/>\n\t<meta name=\"twitter:data1\" content=\"Daniel E. Monta\u00f1a\" \/>\n\t<meta name=\"twitter:label2\" content=\"Tiempo de lectura\" \/>\n\t<meta name=\"twitter:data2\" content=\"4 minutos\" \/>\n<script type=\"application\/ld+json\" class=\"yoast-schema-graph\">{\"@context\":\"https:\\\/\\\/schema.org\",\"@graph\":[{\"@type\":\"Article\",\"@id\":\"https:\\\/\\\/sergiolapegue.com\\\/site\\\/2025\\\/03\\\/11\\\/se-hace-o-se-hace-2\\\/#article\",\"isPartOf\":{\"@id\":\"https:\\\/\\\/sergiolapegue.com\\\/site\\\/2025\\\/03\\\/11\\\/se-hace-o-se-hace-2\\\/\"},\"author\":{\"name\":\"Daniel E. Monta\u00f1a\",\"@id\":\"https:\\\/\\\/sergiolapegue.com\\\/site\\\/#\\\/schema\\\/person\\\/9198e7dbab43c6d74d0fd5399af7c3cd\"},\"headline\":\"SE HACE O SE HACE\",\"datePublished\":\"2025-03-11T04:00:00+00:00\",\"mainEntityOfPage\":{\"@id\":\"https:\\\/\\\/sergiolapegue.com\\\/site\\\/2025\\\/03\\\/11\\\/se-hace-o-se-hace-2\\\/\"},\"wordCount\":607,\"commentCount\":0,\"publisher\":{\"@id\":\"https:\\\/\\\/sergiolapegue.com\\\/site\\\/#\\\/schema\\\/person\\\/083aeceeb0734cd166779ea6c0551a37\"},\"image\":{\"@id\":\"https:\\\/\\\/sergiolapegue.com\\\/site\\\/2025\\\/03\\\/11\\\/se-hace-o-se-hace-2\\\/#primaryimage\"},\"thumbnailUrl\":\"https:\\\/\\\/sergiolapegue.com\\\/site\\\/wp-content\\\/uploads\\\/2025\\\/03\\\/Se-hace-o-se-hace.jpg\",\"articleSection\":[\"Arte\",\"Teatro\"],\"inLanguage\":\"es-AR\",\"potentialAction\":[{\"@type\":\"CommentAction\",\"name\":\"Comment\",\"target\":[\"https:\\\/\\\/sergiolapegue.com\\\/site\\\/2025\\\/03\\\/11\\\/se-hace-o-se-hace-2\\\/#respond\"]}]},{\"@type\":\"WebPage\",\"@id\":\"https:\\\/\\\/sergiolapegue.com\\\/site\\\/2025\\\/03\\\/11\\\/se-hace-o-se-hace-2\\\/\",\"url\":\"https:\\\/\\\/sergiolapegue.com\\\/site\\\/2025\\\/03\\\/11\\\/se-hace-o-se-hace-2\\\/\",\"name\":\"SE HACE O SE HACE - Sergio Lapegue\",\"isPartOf\":{\"@id\":\"https:\\\/\\\/sergiolapegue.com\\\/site\\\/#website\"},\"primaryImageOfPage\":{\"@id\":\"https:\\\/\\\/sergiolapegue.com\\\/site\\\/2025\\\/03\\\/11\\\/se-hace-o-se-hace-2\\\/#primaryimage\"},\"image\":{\"@id\":\"https:\\\/\\\/sergiolapegue.com\\\/site\\\/2025\\\/03\\\/11\\\/se-hace-o-se-hace-2\\\/#primaryimage\"},\"thumbnailUrl\":\"https:\\\/\\\/sergiolapegue.com\\\/site\\\/wp-content\\\/uploads\\\/2025\\\/03\\\/Se-hace-o-se-hace.jpg\",\"datePublished\":\"2025-03-11T04:00:00+00:00\",\"breadcrumb\":{\"@id\":\"https:\\\/\\\/sergiolapegue.com\\\/site\\\/2025\\\/03\\\/11\\\/se-hace-o-se-hace-2\\\/#breadcrumb\"},\"inLanguage\":\"es-AR\",\"potentialAction\":[{\"@type\":\"ReadAction\",\"target\":[\"https:\\\/\\\/sergiolapegue.com\\\/site\\\/2025\\\/03\\\/11\\\/se-hace-o-se-hace-2\\\/\"]}]},{\"@type\":\"ImageObject\",\"inLanguage\":\"es-AR\",\"@id\":\"https:\\\/\\\/sergiolapegue.com\\\/site\\\/2025\\\/03\\\/11\\\/se-hace-o-se-hace-2\\\/#primaryimage\",\"url\":\"https:\\\/\\\/sergiolapegue.com\\\/site\\\/wp-content\\\/uploads\\\/2025\\\/03\\\/Se-hace-o-se-hace.jpg\",\"contentUrl\":\"https:\\\/\\\/sergiolapegue.com\\\/site\\\/wp-content\\\/uploads\\\/2025\\\/03\\\/Se-hace-o-se-hace.jpg\",\"width\":1600,\"height\":1600},{\"@type\":\"BreadcrumbList\",\"@id\":\"https:\\\/\\\/sergiolapegue.com\\\/site\\\/2025\\\/03\\\/11\\\/se-hace-o-se-hace-2\\\/#breadcrumb\",\"itemListElement\":[{\"@type\":\"ListItem\",\"position\":1,\"name\":\"Inicio\",\"item\":\"https:\\\/\\\/sergiolapegue.com\\\/site\\\/\"},{\"@type\":\"ListItem\",\"position\":2,\"name\":\"SE HACE O SE HACE\"}]},{\"@type\":\"WebSite\",\"@id\":\"https:\\\/\\\/sergiolapegue.com\\\/site\\\/#website\",\"url\":\"https:\\\/\\\/sergiolapegue.com\\\/site\\\/\",\"name\":\"Sergio Lapegue\",\"description\":\"Periodista\",\"publisher\":{\"@id\":\"https:\\\/\\\/sergiolapegue.com\\\/site\\\/#\\\/schema\\\/person\\\/083aeceeb0734cd166779ea6c0551a37\"},\"potentialAction\":[{\"@type\":\"SearchAction\",\"target\":{\"@type\":\"EntryPoint\",\"urlTemplate\":\"https:\\\/\\\/sergiolapegue.com\\\/site\\\/?s={search_term_string}\"},\"query-input\":{\"@type\":\"PropertyValueSpecification\",\"valueRequired\":true,\"valueName\":\"search_term_string\"}}],\"inLanguage\":\"es-AR\"},{\"@type\":[\"Person\",\"Organization\"],\"@id\":\"https:\\\/\\\/sergiolapegue.com\\\/site\\\/#\\\/schema\\\/person\\\/083aeceeb0734cd166779ea6c0551a37\",\"name\":\"Sergio Lapegue\",\"image\":{\"@type\":\"ImageObject\",\"inLanguage\":\"es-AR\",\"@id\":\"https:\\\/\\\/sergiolapegue.com\\\/site\\\/wp-content\\\/uploads\\\/2021\\\/04\\\/logo_header-1.png\",\"url\":\"https:\\\/\\\/sergiolapegue.com\\\/site\\\/wp-content\\\/uploads\\\/2021\\\/04\\\/logo_header-1.png\",\"contentUrl\":\"https:\\\/\\\/sergiolapegue.com\\\/site\\\/wp-content\\\/uploads\\\/2021\\\/04\\\/logo_header-1.png\",\"width\":272,\"height\":90,\"caption\":\"Sergio Lapegue\"},\"logo\":{\"@id\":\"https:\\\/\\\/sergiolapegue.com\\\/site\\\/wp-content\\\/uploads\\\/2021\\\/04\\\/logo_header-1.png\"},\"sameAs\":[\"https:\\\/\\\/facebook.com\\\/sergiolapegue\",\"https:\\\/\\\/instagram.com\\\/sergiolapegue\",\"https:\\\/\\\/x.com\\\/https:\\\/\\\/twitter.com\\\/sergiolapegue\"]},{\"@type\":\"Person\",\"@id\":\"https:\\\/\\\/sergiolapegue.com\\\/site\\\/#\\\/schema\\\/person\\\/9198e7dbab43c6d74d0fd5399af7c3cd\",\"name\":\"Daniel E. Monta\u00f1a\",\"image\":{\"@type\":\"ImageObject\",\"inLanguage\":\"es-AR\",\"@id\":\"https:\\\/\\\/sergiolapegue.com\\\/site\\\/wp-content\\\/uploads\\\/2021\\\/04\\\/sl_avatar_Daniel-150x150.jpg\",\"url\":\"https:\\\/\\\/sergiolapegue.com\\\/site\\\/wp-content\\\/uploads\\\/2021\\\/04\\\/sl_avatar_Daniel-150x150.jpg\",\"contentUrl\":\"https:\\\/\\\/sergiolapegue.com\\\/site\\\/wp-content\\\/uploads\\\/2021\\\/04\\\/sl_avatar_Daniel-150x150.jpg\",\"caption\":\"Daniel E. Monta\u00f1a\"},\"sameAs\":[\"https:\\\/\\\/facebook.com\\\/danielernesto.montana\",\"https:\\\/\\\/instagram.com\\\/daniel_montana1961\",\"https:\\\/\\\/x.com\\\/https:\\\/\\\/twitter.com\\\/daner_004\"],\"url\":\"https:\\\/\\\/sergiolapegue.com\\\/site\\\/author\\\/daniel\\\/\"}]}<\/script>\n<!-- \/ Yoast SEO plugin. -->","yoast_head_json":{"title":"SE HACE O SE HACE - Sergio Lapegue","robots":{"index":"index","follow":"follow","max-snippet":"max-snippet:-1","max-image-preview":"max-image-preview:large","max-video-preview":"max-video-preview:-1"},"canonical":"https:\/\/sergiolapegue.com\/site\/2025\/03\/11\/se-hace-o-se-hace-2\/","og_locale":"es_ES","og_type":"article","og_title":"SE HACE O SE HACE - Sergio Lapegue","og_description":"El 22 de marzo se estrena \u201cSe hace o se hace\u201d, del dramaturgo y director Mart\u00edn Ortiz, con las actuaciones de Anabella Valencia, David P\u00e1ez, Luciana Procaccini, Mauro Pelle, Mariano Terr\u00e9, Violeta Ortiz Laski, Macarena Gonz\u00e1lez y Nicol\u00e1s Martuccio. La obra se podr\u00e1 ver los d\u00edas s\u00e1bados a las 18:00 horas en el Teatro El [&hellip;]","og_url":"https:\/\/sergiolapegue.com\/site\/2025\/03\/11\/se-hace-o-se-hace-2\/","og_site_name":"Sergio Lapegue","article_publisher":"https:\/\/facebook.com\/sergiolapegue","article_author":"https:\/\/facebook.com\/danielernesto.montana","article_published_time":"2025-03-11T04:00:00+00:00","og_image":[{"width":1600,"height":1600,"url":"https:\/\/sergiolapegue.com\/site\/wp-content\/uploads\/2025\/03\/Se-hace-o-se-hace.jpg","type":"image\/jpeg"}],"author":"Daniel E. Monta\u00f1a","twitter_card":"summary_large_image","twitter_creator":"@https:\/\/twitter.com\/daner_004","twitter_site":"@sergiolapegue","twitter_misc":{"Escrito por":"Daniel E. Monta\u00f1a","Tiempo de lectura":"4 minutos"},"schema":{"@context":"https:\/\/schema.org","@graph":[{"@type":"Article","@id":"https:\/\/sergiolapegue.com\/site\/2025\/03\/11\/se-hace-o-se-hace-2\/#article","isPartOf":{"@id":"https:\/\/sergiolapegue.com\/site\/2025\/03\/11\/se-hace-o-se-hace-2\/"},"author":{"name":"Daniel E. Monta\u00f1a","@id":"https:\/\/sergiolapegue.com\/site\/#\/schema\/person\/9198e7dbab43c6d74d0fd5399af7c3cd"},"headline":"SE HACE O SE HACE","datePublished":"2025-03-11T04:00:00+00:00","mainEntityOfPage":{"@id":"https:\/\/sergiolapegue.com\/site\/2025\/03\/11\/se-hace-o-se-hace-2\/"},"wordCount":607,"commentCount":0,"publisher":{"@id":"https:\/\/sergiolapegue.com\/site\/#\/schema\/person\/083aeceeb0734cd166779ea6c0551a37"},"image":{"@id":"https:\/\/sergiolapegue.com\/site\/2025\/03\/11\/se-hace-o-se-hace-2\/#primaryimage"},"thumbnailUrl":"https:\/\/sergiolapegue.com\/site\/wp-content\/uploads\/2025\/03\/Se-hace-o-se-hace.jpg","articleSection":["Arte","Teatro"],"inLanguage":"es-AR","potentialAction":[{"@type":"CommentAction","name":"Comment","target":["https:\/\/sergiolapegue.com\/site\/2025\/03\/11\/se-hace-o-se-hace-2\/#respond"]}]},{"@type":"WebPage","@id":"https:\/\/sergiolapegue.com\/site\/2025\/03\/11\/se-hace-o-se-hace-2\/","url":"https:\/\/sergiolapegue.com\/site\/2025\/03\/11\/se-hace-o-se-hace-2\/","name":"SE HACE O SE HACE - Sergio Lapegue","isPartOf":{"@id":"https:\/\/sergiolapegue.com\/site\/#website"},"primaryImageOfPage":{"@id":"https:\/\/sergiolapegue.com\/site\/2025\/03\/11\/se-hace-o-se-hace-2\/#primaryimage"},"image":{"@id":"https:\/\/sergiolapegue.com\/site\/2025\/03\/11\/se-hace-o-se-hace-2\/#primaryimage"},"thumbnailUrl":"https:\/\/sergiolapegue.com\/site\/wp-content\/uploads\/2025\/03\/Se-hace-o-se-hace.jpg","datePublished":"2025-03-11T04:00:00+00:00","breadcrumb":{"@id":"https:\/\/sergiolapegue.com\/site\/2025\/03\/11\/se-hace-o-se-hace-2\/#breadcrumb"},"inLanguage":"es-AR","potentialAction":[{"@type":"ReadAction","target":["https:\/\/sergiolapegue.com\/site\/2025\/03\/11\/se-hace-o-se-hace-2\/"]}]},{"@type":"ImageObject","inLanguage":"es-AR","@id":"https:\/\/sergiolapegue.com\/site\/2025\/03\/11\/se-hace-o-se-hace-2\/#primaryimage","url":"https:\/\/sergiolapegue.com\/site\/wp-content\/uploads\/2025\/03\/Se-hace-o-se-hace.jpg","contentUrl":"https:\/\/sergiolapegue.com\/site\/wp-content\/uploads\/2025\/03\/Se-hace-o-se-hace.jpg","width":1600,"height":1600},{"@type":"BreadcrumbList","@id":"https:\/\/sergiolapegue.com\/site\/2025\/03\/11\/se-hace-o-se-hace-2\/#breadcrumb","itemListElement":[{"@type":"ListItem","position":1,"name":"Inicio","item":"https:\/\/sergiolapegue.com\/site\/"},{"@type":"ListItem","position":2,"name":"SE HACE O SE HACE"}]},{"@type":"WebSite","@id":"https:\/\/sergiolapegue.com\/site\/#website","url":"https:\/\/sergiolapegue.com\/site\/","name":"Sergio Lapegue","description":"Periodista","publisher":{"@id":"https:\/\/sergiolapegue.com\/site\/#\/schema\/person\/083aeceeb0734cd166779ea6c0551a37"},"potentialAction":[{"@type":"SearchAction","target":{"@type":"EntryPoint","urlTemplate":"https:\/\/sergiolapegue.com\/site\/?s={search_term_string}"},"query-input":{"@type":"PropertyValueSpecification","valueRequired":true,"valueName":"search_term_string"}}],"inLanguage":"es-AR"},{"@type":["Person","Organization"],"@id":"https:\/\/sergiolapegue.com\/site\/#\/schema\/person\/083aeceeb0734cd166779ea6c0551a37","name":"Sergio Lapegue","image":{"@type":"ImageObject","inLanguage":"es-AR","@id":"https:\/\/sergiolapegue.com\/site\/wp-content\/uploads\/2021\/04\/logo_header-1.png","url":"https:\/\/sergiolapegue.com\/site\/wp-content\/uploads\/2021\/04\/logo_header-1.png","contentUrl":"https:\/\/sergiolapegue.com\/site\/wp-content\/uploads\/2021\/04\/logo_header-1.png","width":272,"height":90,"caption":"Sergio Lapegue"},"logo":{"@id":"https:\/\/sergiolapegue.com\/site\/wp-content\/uploads\/2021\/04\/logo_header-1.png"},"sameAs":["https:\/\/facebook.com\/sergiolapegue","https:\/\/instagram.com\/sergiolapegue","https:\/\/x.com\/https:\/\/twitter.com\/sergiolapegue"]},{"@type":"Person","@id":"https:\/\/sergiolapegue.com\/site\/#\/schema\/person\/9198e7dbab43c6d74d0fd5399af7c3cd","name":"Daniel E. Monta\u00f1a","image":{"@type":"ImageObject","inLanguage":"es-AR","@id":"https:\/\/sergiolapegue.com\/site\/wp-content\/uploads\/2021\/04\/sl_avatar_Daniel-150x150.jpg","url":"https:\/\/sergiolapegue.com\/site\/wp-content\/uploads\/2021\/04\/sl_avatar_Daniel-150x150.jpg","contentUrl":"https:\/\/sergiolapegue.com\/site\/wp-content\/uploads\/2021\/04\/sl_avatar_Daniel-150x150.jpg","caption":"Daniel E. Monta\u00f1a"},"sameAs":["https:\/\/facebook.com\/danielernesto.montana","https:\/\/instagram.com\/daniel_montana1961","https:\/\/x.com\/https:\/\/twitter.com\/daner_004"],"url":"https:\/\/sergiolapegue.com\/site\/author\/daniel\/"}]}},"_links":{"self":[{"href":"https:\/\/sergiolapegue.com\/site\/wp-json\/wp\/v2\/posts\/21350","targetHints":{"allow":["GET"]}}],"collection":[{"href":"https:\/\/sergiolapegue.com\/site\/wp-json\/wp\/v2\/posts"}],"about":[{"href":"https:\/\/sergiolapegue.com\/site\/wp-json\/wp\/v2\/types\/post"}],"author":[{"embeddable":true,"href":"https:\/\/sergiolapegue.com\/site\/wp-json\/wp\/v2\/users\/3"}],"replies":[{"embeddable":true,"href":"https:\/\/sergiolapegue.com\/site\/wp-json\/wp\/v2\/comments?post=21350"}],"version-history":[{"count":2,"href":"https:\/\/sergiolapegue.com\/site\/wp-json\/wp\/v2\/posts\/21350\/revisions"}],"predecessor-version":[{"id":21365,"href":"https:\/\/sergiolapegue.com\/site\/wp-json\/wp\/v2\/posts\/21350\/revisions\/21365"}],"wp:featuredmedia":[{"embeddable":true,"href":"https:\/\/sergiolapegue.com\/site\/wp-json\/wp\/v2\/media\/21354"}],"wp:attachment":[{"href":"https:\/\/sergiolapegue.com\/site\/wp-json\/wp\/v2\/media?parent=21350"}],"wp:term":[{"taxonomy":"category","embeddable":true,"href":"https:\/\/sergiolapegue.com\/site\/wp-json\/wp\/v2\/categories?post=21350"},{"taxonomy":"post_tag","embeddable":true,"href":"https:\/\/sergiolapegue.com\/site\/wp-json\/wp\/v2\/tags?post=21350"}],"curies":[{"name":"wp","href":"https:\/\/api.w.org\/{rel}","templated":true}]}}