{"id":21229,"date":"2025-03-08T17:00:00","date_gmt":"2025-03-08T20:00:00","guid":{"rendered":"https:\/\/sergiolapegue.com\/site\/?p=21229"},"modified":"2025-03-07T18:49:12","modified_gmt":"2025-03-07T21:49:12","slug":"memoria-de-un-poeta","status":"publish","type":"post","link":"https:\/\/sergiolapegue.com\/site\/2025\/03\/08\/memoria-de-un-poeta\/","title":{"rendered":"\u201cMEMORIA DE UN POETA\u201d"},"content":{"rendered":"\n<p>La dramaturga y directora Paula Marr\u00f3n reestrena \u201cMemoria de un poeta\u201d, una obra sobre la memoria individual y colectiva, interpretada por un excelente elenco, integrado por Emiliano D\u00edaz, Jos\u00e9 Manuel Espeche y Rosina Fraschina.<\/p>\n\n\n\n<p>Las funciones tendr\u00e1n lugar en el Teatro Del Pueblo los d\u00edas viernes de marzo y abril a las 22:00 horas.<\/p>\n\n\n\n<figure class=\"wp-block-image size-full\"><img loading=\"lazy\" decoding=\"async\" width=\"713\" height=\"476\" src=\"https:\/\/sergiolapegue.com\/site\/wp-content\/uploads\/2025\/03\/Memoria-de-un-poeta-1.jpeg\" alt=\"\" class=\"wp-image-21230\" srcset=\"https:\/\/sergiolapegue.com\/site\/wp-content\/uploads\/2025\/03\/Memoria-de-un-poeta-1.jpeg 713w, https:\/\/sergiolapegue.com\/site\/wp-content\/uploads\/2025\/03\/Memoria-de-un-poeta-1-300x200.jpeg 300w, https:\/\/sergiolapegue.com\/site\/wp-content\/uploads\/2025\/03\/Memoria-de-un-poeta-1-629x420.jpeg 629w, https:\/\/sergiolapegue.com\/site\/wp-content\/uploads\/2025\/03\/Memoria-de-un-poeta-1-696x465.jpeg 696w\" sizes=\"auto, (max-width: 713px) 100vw, 713px\" \/><\/figure>\n\n\n\n<p><strong>SINOPSIS<\/strong><\/p>\n\n\n\n<p>\u00bfC\u00f3mo recordamos con el paso del tiempo? \u00bfPor qu\u00e9 algunos recuerdos est\u00e1n tan n\u00edtidos y otros se nos vuelven m\u00e1s difusos? \u00bfSomos lo que recordamos o aquello que olvidamos?<br>Eduardo, un poeta de Avellaneda, quiere recordar a Elvira, su amiga bibliotecaria a la que vio por \u00faltima vez en el verano de 1978. En un acto de rebeld\u00eda, decide tomar la biblioteca popular de su barrio para poder escribirla, retratarla, ponerla en palabras. Rita y Tito van a ayudarlo a traerla a su presente, quiz\u00e1s porque algo de ese pasado todav\u00eda le sigue doliendo. Casi sin darse cuenta, son los tres (todos) los que hacemos Memoria.<\/p>\n\n\n\n<figure class=\"wp-block-image size-large\"><img loading=\"lazy\" decoding=\"async\" width=\"1024\" height=\"575\" src=\"https:\/\/sergiolapegue.com\/site\/wp-content\/uploads\/2025\/03\/Memoria-de-un-poeta-2-1024x575.jpg\" alt=\"\" class=\"wp-image-21231\" srcset=\"https:\/\/sergiolapegue.com\/site\/wp-content\/uploads\/2025\/03\/Memoria-de-un-poeta-2-1024x575.jpg 1024w, https:\/\/sergiolapegue.com\/site\/wp-content\/uploads\/2025\/03\/Memoria-de-un-poeta-2-300x169.jpg 300w, https:\/\/sergiolapegue.com\/site\/wp-content\/uploads\/2025\/03\/Memoria-de-un-poeta-2-768x431.jpg 768w, https:\/\/sergiolapegue.com\/site\/wp-content\/uploads\/2025\/03\/Memoria-de-un-poeta-2-748x420.jpg 748w, https:\/\/sergiolapegue.com\/site\/wp-content\/uploads\/2025\/03\/Memoria-de-un-poeta-2-696x391.jpg 696w, https:\/\/sergiolapegue.com\/site\/wp-content\/uploads\/2025\/03\/Memoria-de-un-poeta-2-1068x600.jpg 1068w, https:\/\/sergiolapegue.com\/site\/wp-content\/uploads\/2025\/03\/Memoria-de-un-poeta-2.jpg 1440w\" sizes=\"auto, (max-width: 1024px) 100vw, 1024px\" \/><\/figure>\n\n\n\n<p><strong>SOBRE LA OBRA<\/strong><\/p>\n\n\n\n<p>\u201cMemoria de un poeta\u201d fue la \u00faltima obra que escrib\u00ed para el proyecto de graduaci\u00f3n de la Diplomatura en Dramaturgia del Centro Cultural Paco Urondo (UBA).<\/p>\n\n\n\n<p>La obra indaga sobre los recuerdos, los recuerdos desde una mirada colectiva e individual. \u00bfC\u00f3mo recordamos con el paso del tiempo? \u00bfPor qu\u00e9 algunos recuerdos est\u00e1n tan n\u00edtidos y otros se nos vuelven m\u00e1s difusos? \u00bfSomos lo que recordamos o aquello que olvidamos?<\/p>\n\n\n\n<p>Los personajes buscan reconstruir la historia de Elvira, la amiga bibliotecaria de un poeta de Avellaneda, desaparecida en 1978. Un desaf\u00edo al olvido que es, a la vez, un acto de resistencia.<\/p>\n\n\n\n<p>En tiempos de proliferaci\u00f3n de discursos negacionistas y de cuestionamiento a discusiones que como sociedad ya se cre\u00edan saldadas, la obra nos invita al ejercicio de hacer y mantener viva la memoria. <strong>\u2013 Paula Marr\u00f3n<\/strong><\/p>\n\n\n\n<figure class=\"wp-block-image size-full\"><img loading=\"lazy\" decoding=\"async\" width=\"899\" height=\"505\" src=\"https:\/\/sergiolapegue.com\/site\/wp-content\/uploads\/2025\/03\/Memoria-de-un-poeta-4.jpg\" alt=\"\" class=\"wp-image-21232\" srcset=\"https:\/\/sergiolapegue.com\/site\/wp-content\/uploads\/2025\/03\/Memoria-de-un-poeta-4.jpg 899w, https:\/\/sergiolapegue.com\/site\/wp-content\/uploads\/2025\/03\/Memoria-de-un-poeta-4-300x169.jpg 300w, https:\/\/sergiolapegue.com\/site\/wp-content\/uploads\/2025\/03\/Memoria-de-un-poeta-4-768x431.jpg 768w, https:\/\/sergiolapegue.com\/site\/wp-content\/uploads\/2025\/03\/Memoria-de-un-poeta-4-748x420.jpg 748w, https:\/\/sergiolapegue.com\/site\/wp-content\/uploads\/2025\/03\/Memoria-de-un-poeta-4-696x391.jpg 696w\" sizes=\"auto, (max-width: 899px) 100vw, 899px\" \/><\/figure>\n\n\n\n<p><strong>FICHA T\u00c9CNICO ART\u00cdSTICA<\/strong><\/p>\n\n\n\n<p><strong>Dramaturgia:<\/strong>&nbsp;Paula Marr\u00f3n<\/p>\n\n\n\n<p><strong>Elenco:<\/strong>&nbsp;Emiliano D\u00edaz como&nbsp;Tito&nbsp;<\/p>\n\n\n\n<p>\u00a0\u00a0\u00a0\u00a0\u00a0\u00a0\u00a0 \u00a0\u00a0\u00a0\u00a0 Jos\u00e9 Manuel Espeche como\u00a0Eduardo\u00a0\u00a0<\/p>\n\n\n\n<p>\u00a0\u00a0\u00a0\u00a0\u00a0\u00a0\u00a0\u00a0\u00a0\u00a0\u00a0\u00a0 Rosina Fraschina como\u00a0Rita<\/p>\n\n\n\n<p><strong>Escenograf\u00eda:<\/strong>&nbsp;Victoria Chac\u00f3n<\/p>\n\n\n\n<p><strong>Vestuario:<\/strong>&nbsp;Victoria Chac\u00f3n<\/p>\n\n\n\n<p><strong>Iluminaci\u00f3n:<\/strong>&nbsp;Ricardo Sica<\/p>\n\n\n\n<p><strong>Fotograf\u00eda:<\/strong>&nbsp;Mat\u00edas Stella<\/p>\n\n\n\n<p><strong>Prensa:<\/strong>&nbsp;Valeria Franchi<\/p>\n\n\n\n<p><strong>Asistencia de direcci\u00f3n:<\/strong>&nbsp;Diego M. Herrera<\/p>\n\n\n\n<p><strong>Direcci\u00f3n:<\/strong>&nbsp;Paula Marr\u00f3n<\/p>\n\n\n\n<p><strong>Duraci\u00f3n del espect\u00e1culo:<\/strong>&nbsp;65 minutos<\/p>\n\n\n\n<p><strong>Clasificaci\u00f3n:<\/strong> Teatro \u2013 Presencial \u2013 Adultos<\/p>\n\n\n\n<p><strong>Redes sociales del espect\u00e1culo:<\/strong>&nbsp;IG @memoriadeunpoeta<\/p>\n\n\n\n<p><strong>Redes sociales del elenco:<\/strong>&nbsp;@rosinafraschina @emidiazactor @josemanuelespeche @paula_daiana_marron<\/p>\n\n\n\n<figure class=\"wp-block-image size-large\"><img loading=\"lazy\" decoding=\"async\" width=\"1024\" height=\"575\" src=\"https:\/\/sergiolapegue.com\/site\/wp-content\/uploads\/2025\/03\/Memoria-de-un-poeta-6-1024x575.jpg\" alt=\"\" class=\"wp-image-21233\" srcset=\"https:\/\/sergiolapegue.com\/site\/wp-content\/uploads\/2025\/03\/Memoria-de-un-poeta-6-1024x575.jpg 1024w, https:\/\/sergiolapegue.com\/site\/wp-content\/uploads\/2025\/03\/Memoria-de-un-poeta-6-300x169.jpg 300w, https:\/\/sergiolapegue.com\/site\/wp-content\/uploads\/2025\/03\/Memoria-de-un-poeta-6-768x431.jpg 768w, https:\/\/sergiolapegue.com\/site\/wp-content\/uploads\/2025\/03\/Memoria-de-un-poeta-6-748x420.jpg 748w, https:\/\/sergiolapegue.com\/site\/wp-content\/uploads\/2025\/03\/Memoria-de-un-poeta-6-696x391.jpg 696w, https:\/\/sergiolapegue.com\/site\/wp-content\/uploads\/2025\/03\/Memoria-de-un-poeta-6-1068x600.jpg 1068w, https:\/\/sergiolapegue.com\/site\/wp-content\/uploads\/2025\/03\/Memoria-de-un-poeta-6.jpg 1440w\" sizes=\"auto, (max-width: 1024px) 100vw, 1024px\" \/><\/figure>\n\n\n\n<p><strong>TEATRO DEL PUEBLO<\/strong><\/p>\n\n\n\n<p>Lavalle 3636 \u2013 Capital Federal \u2013 Buenos Aires \u2013 Argentina<\/p>\n\n\n\n<p>Tel\u00e9fono: 7542-1752<\/p>\n\n\n\n<p>Web: <a href=\"http:\/\/www.teatrodelpueblo.com.ar\">http:\/\/www.teatrodelpueblo.com.ar<\/a><\/p>\n\n\n\n<p>Entradas: $ 15.000 \u2013 en boleter\u00eda del teatro o por Alternativa Teatral \u2013 Link:<\/p>\n\n\n\n<p><a href=\"https:\/\/publico.alternativateatral.com\/entradas90208-memoria-de-unpoeta?o=14\">https:\/\/publico.alternativateatral.com\/entradas90208-memoria-de-unpoeta?o=14<\/a><\/p>\n\n\n\n<p>Funciones: Viernes 22:00 horas \u2013 Del 14\/03\/2025 al 25\/04\/2025<\/p>\n\n\n\n<p>Gracias Valeria Franchi por hacernos llegar la gacetilla de prensa del reestreno de este espect\u00e1culo.<\/p>\n\n\n\n<p><strong>SOBRE PAULA MARR\u00d3N<\/strong><\/p>\n\n\n\n<p>Es directora, dramaturga y actriz. Diplomada en Dramaturgia del Centro Cultural Paco Urondo (Facultad de Filosof\u00eda y Letras &#8211; UBA). Sexta Cohorte. Licenciada en Periodismo (Universidad Nacional de Lomas de Zamora).<\/p>\n\n\n\n<p>Se form\u00f3, entre otros maestros, con Mauricio Kart\u00fan, Ariel Barchil\u00f3n, Santiago Loza, Andr\u00e9s Gallina y Elvira Onetto. En 2019 estren\u00f3 su primera obra larga como autora, &#8220;De ilusiones se vive&#8221;, obra que dirigi\u00f3 en El Camar\u00edn de las Musas.<\/p>\n\n\n\n<p>En 2024, gan\u00f3 la Primera Edici\u00f3n del Concurso de dramaturgia Ricardo Monti con su obra &#8220;El \u00faltimo gol de S\u00e1enz Pe\u00f1a&#8221;. La obra se estrenar\u00e1 en el 2025.<\/p>\n\n\n\n<p>Actualmente, es asistente de direcci\u00f3n de Ricardo Bart\u00eds en La Gesta Heroica (Centro Cultural Thames).<\/p>\n\n\n\n<p>En 2024, estren\u00f3 como dramaturga y directora la obra Memoria de un poeta en el Teatro del Pueblo. En 2025, la obra realizar\u00e1 una segunda temporada.<\/p>\n\n\n\n<p>Dirigi\u00f3 a Patricio Abadi en Antih\u00e9roe off, obra que realiz\u00f3 funciones en On\u00edrico Espacio de Arte, Centro Cultural de la Cooperaci\u00f3n, El Camar\u00edn de las Musas, Timbre4 y Mor\u00e1n.<\/p>\n\n\n\n<p>Como actriz, realiz\u00f3 varias obras de Eduardo Pavlovsky dirigidas por Elvira Onetto: C\u00e1mara Lenta (El Camar\u00edn de las Musas y Complejo Cultural Teatro Ensamble), El Se\u00f1or Gal\u00edndez (El Camar\u00edn de las Musas. Espacio Cultural Nuestros Hijos de las Madres de Plaza de Mayo. Teatro Auditorio B.A.U.E.N. Teatro Caliban) y en 2013, estren\u00f3 junto a \u00e9l &#8220;Asuntos Pendientes&#8221;, \u00faltima obra que Pavlovsky -como autor y actor- hizo en el Centro Cultural de la Cooperaci\u00f3n.<\/p>\n\n\n\n<p><\/p>\n","protected":false},"excerpt":{"rendered":"<p>La dramaturga y directora Paula Marr\u00f3n reestrena \u201cMemoria de un poeta\u201d, una obra sobre la memoria individual y colectiva, interpretada por un excelente elenco, integrado por Emiliano D\u00edaz, Jos\u00e9 Manuel Espeche y Rosina Fraschina. Las funciones tendr\u00e1n lugar en el Teatro Del Pueblo los d\u00edas viernes de marzo y abril a las 22:00 horas. SINOPSIS [&hellip;]<\/p>\n","protected":false},"author":3,"featured_media":21234,"comment_status":"open","ping_status":"closed","sticky":false,"template":"","format":"standard","meta":{"footnotes":""},"categories":[34,35],"tags":[],"class_list":{"0":"post-21229","1":"post","2":"type-post","3":"status-publish","4":"format-standard","5":"has-post-thumbnail","7":"category-arte","8":"category-teatro"},"yoast_head":"<!-- This site is optimized with the Yoast SEO plugin v27.5 - https:\/\/yoast.com\/product\/yoast-seo-wordpress\/ -->\n<title>\u201cMEMORIA DE UN POETA\u201d - Sergio Lapegue<\/title>\n<meta name=\"robots\" content=\"index, follow, max-snippet:-1, max-image-preview:large, max-video-preview:-1\" \/>\n<link rel=\"canonical\" href=\"https:\/\/sergiolapegue.com\/site\/2025\/03\/08\/memoria-de-un-poeta\/\" \/>\n<meta property=\"og:locale\" content=\"es_ES\" \/>\n<meta property=\"og:type\" content=\"article\" \/>\n<meta property=\"og:title\" content=\"\u201cMEMORIA DE UN POETA\u201d - Sergio Lapegue\" \/>\n<meta property=\"og:description\" content=\"La dramaturga y directora Paula Marr\u00f3n reestrena \u201cMemoria de un poeta\u201d, una obra sobre la memoria individual y colectiva, interpretada por un excelente elenco, integrado por Emiliano D\u00edaz, Jos\u00e9 Manuel Espeche y Rosina Fraschina. Las funciones tendr\u00e1n lugar en el Teatro Del Pueblo los d\u00edas viernes de marzo y abril a las 22:00 horas. SINOPSIS [&hellip;]\" \/>\n<meta property=\"og:url\" content=\"https:\/\/sergiolapegue.com\/site\/2025\/03\/08\/memoria-de-un-poeta\/\" \/>\n<meta property=\"og:site_name\" content=\"Sergio Lapegue\" \/>\n<meta property=\"article:publisher\" content=\"https:\/\/facebook.com\/sergiolapegue\" \/>\n<meta property=\"article:author\" content=\"https:\/\/facebook.com\/danielernesto.montana\" \/>\n<meta property=\"article:published_time\" content=\"2025-03-08T20:00:00+00:00\" \/>\n<meta property=\"og:image\" content=\"https:\/\/sergiolapegue.com\/site\/wp-content\/uploads\/2025\/03\/Memoria-de-un-poeta.jpg\" \/>\n\t<meta property=\"og:image:width\" content=\"1440\" \/>\n\t<meta property=\"og:image:height\" content=\"809\" \/>\n\t<meta property=\"og:image:type\" content=\"image\/jpeg\" \/>\n<meta name=\"author\" content=\"Daniel E. Monta\u00f1a\" \/>\n<meta name=\"twitter:card\" content=\"summary_large_image\" \/>\n<meta name=\"twitter:creator\" content=\"@https:\/\/twitter.com\/daner_004\" \/>\n<meta name=\"twitter:site\" content=\"@sergiolapegue\" \/>\n<meta name=\"twitter:label1\" content=\"Escrito por\" \/>\n\t<meta name=\"twitter:data1\" content=\"Daniel E. Monta\u00f1a\" \/>\n\t<meta name=\"twitter:label2\" content=\"Tiempo de lectura\" \/>\n\t<meta name=\"twitter:data2\" content=\"5 minutos\" \/>\n<script type=\"application\/ld+json\" class=\"yoast-schema-graph\">{\"@context\":\"https:\\\/\\\/schema.org\",\"@graph\":[{\"@type\":\"Article\",\"@id\":\"https:\\\/\\\/sergiolapegue.com\\\/site\\\/2025\\\/03\\\/08\\\/memoria-de-un-poeta\\\/#article\",\"isPartOf\":{\"@id\":\"https:\\\/\\\/sergiolapegue.com\\\/site\\\/2025\\\/03\\\/08\\\/memoria-de-un-poeta\\\/\"},\"author\":{\"name\":\"Daniel E. Monta\u00f1a\",\"@id\":\"https:\\\/\\\/sergiolapegue.com\\\/site\\\/#\\\/schema\\\/person\\\/9198e7dbab43c6d74d0fd5399af7c3cd\"},\"headline\":\"\u201cMEMORIA DE UN POETA\u201d\",\"datePublished\":\"2025-03-08T20:00:00+00:00\",\"mainEntityOfPage\":{\"@id\":\"https:\\\/\\\/sergiolapegue.com\\\/site\\\/2025\\\/03\\\/08\\\/memoria-de-un-poeta\\\/\"},\"wordCount\":740,\"commentCount\":0,\"publisher\":{\"@id\":\"https:\\\/\\\/sergiolapegue.com\\\/site\\\/#\\\/schema\\\/person\\\/083aeceeb0734cd166779ea6c0551a37\"},\"image\":{\"@id\":\"https:\\\/\\\/sergiolapegue.com\\\/site\\\/2025\\\/03\\\/08\\\/memoria-de-un-poeta\\\/#primaryimage\"},\"thumbnailUrl\":\"https:\\\/\\\/sergiolapegue.com\\\/site\\\/wp-content\\\/uploads\\\/2025\\\/03\\\/Memoria-de-un-poeta.jpg\",\"articleSection\":[\"Arte\",\"Teatro\"],\"inLanguage\":\"es-AR\",\"potentialAction\":[{\"@type\":\"CommentAction\",\"name\":\"Comment\",\"target\":[\"https:\\\/\\\/sergiolapegue.com\\\/site\\\/2025\\\/03\\\/08\\\/memoria-de-un-poeta\\\/#respond\"]}]},{\"@type\":\"WebPage\",\"@id\":\"https:\\\/\\\/sergiolapegue.com\\\/site\\\/2025\\\/03\\\/08\\\/memoria-de-un-poeta\\\/\",\"url\":\"https:\\\/\\\/sergiolapegue.com\\\/site\\\/2025\\\/03\\\/08\\\/memoria-de-un-poeta\\\/\",\"name\":\"\u201cMEMORIA DE UN POETA\u201d - Sergio Lapegue\",\"isPartOf\":{\"@id\":\"https:\\\/\\\/sergiolapegue.com\\\/site\\\/#website\"},\"primaryImageOfPage\":{\"@id\":\"https:\\\/\\\/sergiolapegue.com\\\/site\\\/2025\\\/03\\\/08\\\/memoria-de-un-poeta\\\/#primaryimage\"},\"image\":{\"@id\":\"https:\\\/\\\/sergiolapegue.com\\\/site\\\/2025\\\/03\\\/08\\\/memoria-de-un-poeta\\\/#primaryimage\"},\"thumbnailUrl\":\"https:\\\/\\\/sergiolapegue.com\\\/site\\\/wp-content\\\/uploads\\\/2025\\\/03\\\/Memoria-de-un-poeta.jpg\",\"datePublished\":\"2025-03-08T20:00:00+00:00\",\"breadcrumb\":{\"@id\":\"https:\\\/\\\/sergiolapegue.com\\\/site\\\/2025\\\/03\\\/08\\\/memoria-de-un-poeta\\\/#breadcrumb\"},\"inLanguage\":\"es-AR\",\"potentialAction\":[{\"@type\":\"ReadAction\",\"target\":[\"https:\\\/\\\/sergiolapegue.com\\\/site\\\/2025\\\/03\\\/08\\\/memoria-de-un-poeta\\\/\"]}]},{\"@type\":\"ImageObject\",\"inLanguage\":\"es-AR\",\"@id\":\"https:\\\/\\\/sergiolapegue.com\\\/site\\\/2025\\\/03\\\/08\\\/memoria-de-un-poeta\\\/#primaryimage\",\"url\":\"https:\\\/\\\/sergiolapegue.com\\\/site\\\/wp-content\\\/uploads\\\/2025\\\/03\\\/Memoria-de-un-poeta.jpg\",\"contentUrl\":\"https:\\\/\\\/sergiolapegue.com\\\/site\\\/wp-content\\\/uploads\\\/2025\\\/03\\\/Memoria-de-un-poeta.jpg\",\"width\":1440,\"height\":809},{\"@type\":\"BreadcrumbList\",\"@id\":\"https:\\\/\\\/sergiolapegue.com\\\/site\\\/2025\\\/03\\\/08\\\/memoria-de-un-poeta\\\/#breadcrumb\",\"itemListElement\":[{\"@type\":\"ListItem\",\"position\":1,\"name\":\"Inicio\",\"item\":\"https:\\\/\\\/sergiolapegue.com\\\/site\\\/\"},{\"@type\":\"ListItem\",\"position\":2,\"name\":\"\u201cMEMORIA DE UN POETA\u201d\"}]},{\"@type\":\"WebSite\",\"@id\":\"https:\\\/\\\/sergiolapegue.com\\\/site\\\/#website\",\"url\":\"https:\\\/\\\/sergiolapegue.com\\\/site\\\/\",\"name\":\"Sergio Lapegue\",\"description\":\"Periodista\",\"publisher\":{\"@id\":\"https:\\\/\\\/sergiolapegue.com\\\/site\\\/#\\\/schema\\\/person\\\/083aeceeb0734cd166779ea6c0551a37\"},\"potentialAction\":[{\"@type\":\"SearchAction\",\"target\":{\"@type\":\"EntryPoint\",\"urlTemplate\":\"https:\\\/\\\/sergiolapegue.com\\\/site\\\/?s={search_term_string}\"},\"query-input\":{\"@type\":\"PropertyValueSpecification\",\"valueRequired\":true,\"valueName\":\"search_term_string\"}}],\"inLanguage\":\"es-AR\"},{\"@type\":[\"Person\",\"Organization\"],\"@id\":\"https:\\\/\\\/sergiolapegue.com\\\/site\\\/#\\\/schema\\\/person\\\/083aeceeb0734cd166779ea6c0551a37\",\"name\":\"Sergio Lapegue\",\"image\":{\"@type\":\"ImageObject\",\"inLanguage\":\"es-AR\",\"@id\":\"https:\\\/\\\/sergiolapegue.com\\\/site\\\/wp-content\\\/uploads\\\/2021\\\/04\\\/logo_header-1.png\",\"url\":\"https:\\\/\\\/sergiolapegue.com\\\/site\\\/wp-content\\\/uploads\\\/2021\\\/04\\\/logo_header-1.png\",\"contentUrl\":\"https:\\\/\\\/sergiolapegue.com\\\/site\\\/wp-content\\\/uploads\\\/2021\\\/04\\\/logo_header-1.png\",\"width\":272,\"height\":90,\"caption\":\"Sergio Lapegue\"},\"logo\":{\"@id\":\"https:\\\/\\\/sergiolapegue.com\\\/site\\\/wp-content\\\/uploads\\\/2021\\\/04\\\/logo_header-1.png\"},\"sameAs\":[\"https:\\\/\\\/facebook.com\\\/sergiolapegue\",\"https:\\\/\\\/instagram.com\\\/sergiolapegue\",\"https:\\\/\\\/x.com\\\/https:\\\/\\\/twitter.com\\\/sergiolapegue\"]},{\"@type\":\"Person\",\"@id\":\"https:\\\/\\\/sergiolapegue.com\\\/site\\\/#\\\/schema\\\/person\\\/9198e7dbab43c6d74d0fd5399af7c3cd\",\"name\":\"Daniel E. Monta\u00f1a\",\"image\":{\"@type\":\"ImageObject\",\"inLanguage\":\"es-AR\",\"@id\":\"https:\\\/\\\/sergiolapegue.com\\\/site\\\/wp-content\\\/uploads\\\/2021\\\/04\\\/sl_avatar_Daniel-150x150.jpg\",\"url\":\"https:\\\/\\\/sergiolapegue.com\\\/site\\\/wp-content\\\/uploads\\\/2021\\\/04\\\/sl_avatar_Daniel-150x150.jpg\",\"contentUrl\":\"https:\\\/\\\/sergiolapegue.com\\\/site\\\/wp-content\\\/uploads\\\/2021\\\/04\\\/sl_avatar_Daniel-150x150.jpg\",\"caption\":\"Daniel E. Monta\u00f1a\"},\"sameAs\":[\"https:\\\/\\\/facebook.com\\\/danielernesto.montana\",\"https:\\\/\\\/instagram.com\\\/daniel_montana1961\",\"https:\\\/\\\/x.com\\\/https:\\\/\\\/twitter.com\\\/daner_004\"],\"url\":\"https:\\\/\\\/sergiolapegue.com\\\/site\\\/author\\\/daniel\\\/\"}]}<\/script>\n<!-- \/ Yoast SEO plugin. -->","yoast_head_json":{"title":"\u201cMEMORIA DE UN POETA\u201d - Sergio Lapegue","robots":{"index":"index","follow":"follow","max-snippet":"max-snippet:-1","max-image-preview":"max-image-preview:large","max-video-preview":"max-video-preview:-1"},"canonical":"https:\/\/sergiolapegue.com\/site\/2025\/03\/08\/memoria-de-un-poeta\/","og_locale":"es_ES","og_type":"article","og_title":"\u201cMEMORIA DE UN POETA\u201d - Sergio Lapegue","og_description":"La dramaturga y directora Paula Marr\u00f3n reestrena \u201cMemoria de un poeta\u201d, una obra sobre la memoria individual y colectiva, interpretada por un excelente elenco, integrado por Emiliano D\u00edaz, Jos\u00e9 Manuel Espeche y Rosina Fraschina. Las funciones tendr\u00e1n lugar en el Teatro Del Pueblo los d\u00edas viernes de marzo y abril a las 22:00 horas. SINOPSIS [&hellip;]","og_url":"https:\/\/sergiolapegue.com\/site\/2025\/03\/08\/memoria-de-un-poeta\/","og_site_name":"Sergio Lapegue","article_publisher":"https:\/\/facebook.com\/sergiolapegue","article_author":"https:\/\/facebook.com\/danielernesto.montana","article_published_time":"2025-03-08T20:00:00+00:00","og_image":[{"width":1440,"height":809,"url":"https:\/\/sergiolapegue.com\/site\/wp-content\/uploads\/2025\/03\/Memoria-de-un-poeta.jpg","type":"image\/jpeg"}],"author":"Daniel E. Monta\u00f1a","twitter_card":"summary_large_image","twitter_creator":"@https:\/\/twitter.com\/daner_004","twitter_site":"@sergiolapegue","twitter_misc":{"Escrito por":"Daniel E. Monta\u00f1a","Tiempo de lectura":"5 minutos"},"schema":{"@context":"https:\/\/schema.org","@graph":[{"@type":"Article","@id":"https:\/\/sergiolapegue.com\/site\/2025\/03\/08\/memoria-de-un-poeta\/#article","isPartOf":{"@id":"https:\/\/sergiolapegue.com\/site\/2025\/03\/08\/memoria-de-un-poeta\/"},"author":{"name":"Daniel E. Monta\u00f1a","@id":"https:\/\/sergiolapegue.com\/site\/#\/schema\/person\/9198e7dbab43c6d74d0fd5399af7c3cd"},"headline":"\u201cMEMORIA DE UN POETA\u201d","datePublished":"2025-03-08T20:00:00+00:00","mainEntityOfPage":{"@id":"https:\/\/sergiolapegue.com\/site\/2025\/03\/08\/memoria-de-un-poeta\/"},"wordCount":740,"commentCount":0,"publisher":{"@id":"https:\/\/sergiolapegue.com\/site\/#\/schema\/person\/083aeceeb0734cd166779ea6c0551a37"},"image":{"@id":"https:\/\/sergiolapegue.com\/site\/2025\/03\/08\/memoria-de-un-poeta\/#primaryimage"},"thumbnailUrl":"https:\/\/sergiolapegue.com\/site\/wp-content\/uploads\/2025\/03\/Memoria-de-un-poeta.jpg","articleSection":["Arte","Teatro"],"inLanguage":"es-AR","potentialAction":[{"@type":"CommentAction","name":"Comment","target":["https:\/\/sergiolapegue.com\/site\/2025\/03\/08\/memoria-de-un-poeta\/#respond"]}]},{"@type":"WebPage","@id":"https:\/\/sergiolapegue.com\/site\/2025\/03\/08\/memoria-de-un-poeta\/","url":"https:\/\/sergiolapegue.com\/site\/2025\/03\/08\/memoria-de-un-poeta\/","name":"\u201cMEMORIA DE UN POETA\u201d - Sergio Lapegue","isPartOf":{"@id":"https:\/\/sergiolapegue.com\/site\/#website"},"primaryImageOfPage":{"@id":"https:\/\/sergiolapegue.com\/site\/2025\/03\/08\/memoria-de-un-poeta\/#primaryimage"},"image":{"@id":"https:\/\/sergiolapegue.com\/site\/2025\/03\/08\/memoria-de-un-poeta\/#primaryimage"},"thumbnailUrl":"https:\/\/sergiolapegue.com\/site\/wp-content\/uploads\/2025\/03\/Memoria-de-un-poeta.jpg","datePublished":"2025-03-08T20:00:00+00:00","breadcrumb":{"@id":"https:\/\/sergiolapegue.com\/site\/2025\/03\/08\/memoria-de-un-poeta\/#breadcrumb"},"inLanguage":"es-AR","potentialAction":[{"@type":"ReadAction","target":["https:\/\/sergiolapegue.com\/site\/2025\/03\/08\/memoria-de-un-poeta\/"]}]},{"@type":"ImageObject","inLanguage":"es-AR","@id":"https:\/\/sergiolapegue.com\/site\/2025\/03\/08\/memoria-de-un-poeta\/#primaryimage","url":"https:\/\/sergiolapegue.com\/site\/wp-content\/uploads\/2025\/03\/Memoria-de-un-poeta.jpg","contentUrl":"https:\/\/sergiolapegue.com\/site\/wp-content\/uploads\/2025\/03\/Memoria-de-un-poeta.jpg","width":1440,"height":809},{"@type":"BreadcrumbList","@id":"https:\/\/sergiolapegue.com\/site\/2025\/03\/08\/memoria-de-un-poeta\/#breadcrumb","itemListElement":[{"@type":"ListItem","position":1,"name":"Inicio","item":"https:\/\/sergiolapegue.com\/site\/"},{"@type":"ListItem","position":2,"name":"\u201cMEMORIA DE UN POETA\u201d"}]},{"@type":"WebSite","@id":"https:\/\/sergiolapegue.com\/site\/#website","url":"https:\/\/sergiolapegue.com\/site\/","name":"Sergio Lapegue","description":"Periodista","publisher":{"@id":"https:\/\/sergiolapegue.com\/site\/#\/schema\/person\/083aeceeb0734cd166779ea6c0551a37"},"potentialAction":[{"@type":"SearchAction","target":{"@type":"EntryPoint","urlTemplate":"https:\/\/sergiolapegue.com\/site\/?s={search_term_string}"},"query-input":{"@type":"PropertyValueSpecification","valueRequired":true,"valueName":"search_term_string"}}],"inLanguage":"es-AR"},{"@type":["Person","Organization"],"@id":"https:\/\/sergiolapegue.com\/site\/#\/schema\/person\/083aeceeb0734cd166779ea6c0551a37","name":"Sergio Lapegue","image":{"@type":"ImageObject","inLanguage":"es-AR","@id":"https:\/\/sergiolapegue.com\/site\/wp-content\/uploads\/2021\/04\/logo_header-1.png","url":"https:\/\/sergiolapegue.com\/site\/wp-content\/uploads\/2021\/04\/logo_header-1.png","contentUrl":"https:\/\/sergiolapegue.com\/site\/wp-content\/uploads\/2021\/04\/logo_header-1.png","width":272,"height":90,"caption":"Sergio Lapegue"},"logo":{"@id":"https:\/\/sergiolapegue.com\/site\/wp-content\/uploads\/2021\/04\/logo_header-1.png"},"sameAs":["https:\/\/facebook.com\/sergiolapegue","https:\/\/instagram.com\/sergiolapegue","https:\/\/x.com\/https:\/\/twitter.com\/sergiolapegue"]},{"@type":"Person","@id":"https:\/\/sergiolapegue.com\/site\/#\/schema\/person\/9198e7dbab43c6d74d0fd5399af7c3cd","name":"Daniel E. Monta\u00f1a","image":{"@type":"ImageObject","inLanguage":"es-AR","@id":"https:\/\/sergiolapegue.com\/site\/wp-content\/uploads\/2021\/04\/sl_avatar_Daniel-150x150.jpg","url":"https:\/\/sergiolapegue.com\/site\/wp-content\/uploads\/2021\/04\/sl_avatar_Daniel-150x150.jpg","contentUrl":"https:\/\/sergiolapegue.com\/site\/wp-content\/uploads\/2021\/04\/sl_avatar_Daniel-150x150.jpg","caption":"Daniel E. Monta\u00f1a"},"sameAs":["https:\/\/facebook.com\/danielernesto.montana","https:\/\/instagram.com\/daniel_montana1961","https:\/\/x.com\/https:\/\/twitter.com\/daner_004"],"url":"https:\/\/sergiolapegue.com\/site\/author\/daniel\/"}]}},"_links":{"self":[{"href":"https:\/\/sergiolapegue.com\/site\/wp-json\/wp\/v2\/posts\/21229","targetHints":{"allow":["GET"]}}],"collection":[{"href":"https:\/\/sergiolapegue.com\/site\/wp-json\/wp\/v2\/posts"}],"about":[{"href":"https:\/\/sergiolapegue.com\/site\/wp-json\/wp\/v2\/types\/post"}],"author":[{"embeddable":true,"href":"https:\/\/sergiolapegue.com\/site\/wp-json\/wp\/v2\/users\/3"}],"replies":[{"embeddable":true,"href":"https:\/\/sergiolapegue.com\/site\/wp-json\/wp\/v2\/comments?post=21229"}],"version-history":[{"count":1,"href":"https:\/\/sergiolapegue.com\/site\/wp-json\/wp\/v2\/posts\/21229\/revisions"}],"predecessor-version":[{"id":21235,"href":"https:\/\/sergiolapegue.com\/site\/wp-json\/wp\/v2\/posts\/21229\/revisions\/21235"}],"wp:featuredmedia":[{"embeddable":true,"href":"https:\/\/sergiolapegue.com\/site\/wp-json\/wp\/v2\/media\/21234"}],"wp:attachment":[{"href":"https:\/\/sergiolapegue.com\/site\/wp-json\/wp\/v2\/media?parent=21229"}],"wp:term":[{"taxonomy":"category","embeddable":true,"href":"https:\/\/sergiolapegue.com\/site\/wp-json\/wp\/v2\/categories?post=21229"},{"taxonomy":"post_tag","embeddable":true,"href":"https:\/\/sergiolapegue.com\/site\/wp-json\/wp\/v2\/tags?post=21229"}],"curies":[{"name":"wp","href":"https:\/\/api.w.org\/{rel}","templated":true}]}}