{"id":21189,"date":"2025-04-16T09:00:00","date_gmt":"2025-04-16T12:00:00","guid":{"rendered":"https:\/\/sergiolapegue.com\/site\/?p=21189"},"modified":"2025-04-15T03:18:49","modified_gmt":"2025-04-15T06:18:49","slug":"destino-praga-estacion-paris","status":"publish","type":"post","link":"https:\/\/sergiolapegue.com\/site\/2025\/04\/16\/destino-praga-estacion-paris\/","title":{"rendered":"DESTINO PRAGA, ESTACI\u00d3N PARIS"},"content":{"rendered":"\n<p>En el marco del 35 aniversario de la revoluci\u00f3n de terciopelo y el centenario de las relaciones diplom\u00e1ticas entre nuestro pa\u00eds y la Republica Checa, DESTINO PRAGA, ESTACI\u00d3N PAR\u00cdS cuenta la historia de lo sucedido en noviembre de 1989.<\/p>\n\n\n\n<p>Una manifestaci\u00f3n estudiantil pac\u00edfica en Praga se convierte en una protesta multitudinaria contra el r\u00e9gimen comunista. Un grupo de j\u00f3venes estudiantes de distintos pa\u00edses (Francia, Argentina, Inglaterra e Italia) viajan desde Par\u00eds para unirse a esa lucha que hoy conocemos como la \u201crevoluci\u00f3n de terciopelo\u201d. Eva, una joven del grupo, \u201cdesaparece\u201d en circunstancias extra\u00f1as. Nunca m\u00e1s se supo de ella.<\/p>\n\n\n\n<p>A treinta a\u00f1os de ese incidente, ese mismo grupo de j\u00f3venes, hoy adultos, viaja a Praga para desentra\u00f1ar lo ocurrido.<\/p>\n\n\n\n<p>Espect\u00e1culo biodram\u00e1tico basado en la novela \u201cDestino Praga, estaci\u00f3n Par\u00eds\u201d de Sergio Faraudo que narra la historia de un viaje de amigos que participan en la revoluci\u00f3n de terciopelo.<\/p>\n\n\n\n<figure class=\"wp-block-image size-large\"><img loading=\"lazy\" decoding=\"async\" width=\"1024\" height=\"683\" src=\"https:\/\/sergiolapegue.com\/site\/wp-content\/uploads\/2025\/03\/Destino-Praga-Estacion-Paris-1-1024x683.jpeg\" alt=\"\" class=\"wp-image-21190\" srcset=\"https:\/\/sergiolapegue.com\/site\/wp-content\/uploads\/2025\/03\/Destino-Praga-Estacion-Paris-1-1024x683.jpeg 1024w, https:\/\/sergiolapegue.com\/site\/wp-content\/uploads\/2025\/03\/Destino-Praga-Estacion-Paris-1-300x200.jpeg 300w, https:\/\/sergiolapegue.com\/site\/wp-content\/uploads\/2025\/03\/Destino-Praga-Estacion-Paris-1-768x512.jpeg 768w, https:\/\/sergiolapegue.com\/site\/wp-content\/uploads\/2025\/03\/Destino-Praga-Estacion-Paris-1-1536x1025.jpeg 1536w, https:\/\/sergiolapegue.com\/site\/wp-content\/uploads\/2025\/03\/Destino-Praga-Estacion-Paris-1-2048x1366.jpeg 2048w, https:\/\/sergiolapegue.com\/site\/wp-content\/uploads\/2025\/03\/Destino-Praga-Estacion-Paris-1-629x420.jpeg 629w, https:\/\/sergiolapegue.com\/site\/wp-content\/uploads\/2025\/03\/Destino-Praga-Estacion-Paris-1-696x464.jpeg 696w, https:\/\/sergiolapegue.com\/site\/wp-content\/uploads\/2025\/03\/Destino-Praga-Estacion-Paris-1-1068x713.jpeg 1068w, https:\/\/sergiolapegue.com\/site\/wp-content\/uploads\/2025\/03\/Destino-Praga-Estacion-Paris-1-1920x1281.jpeg 1920w\" sizes=\"auto, (max-width: 1024px) 100vw, 1024px\" \/><\/figure>\n\n\n\n<p><strong>FICHA T\u00c9CNICO ART\u00cdSTICA<\/strong><\/p>\n\n\n\n<p><strong>Dramaturgia:<\/strong>&nbsp;Osvaldo Peluffo, Sergio Faraudo<\/p>\n\n\n\n<p><strong>Int\u00e9rpretes:<\/strong>&nbsp;Ver\u00f3nika Ayanz Peluffo, Gonzalo Mart\u00ednez Castro, Germ\u00e1n Tirini, Gabriel Dopchiz, Fernando Gonz\u00e1lez, Alexia Martinovich<\/p>\n\n\n\n<p><strong>Dise\u00f1o de vestuario:<\/strong>&nbsp;Ver\u00f3nika Ayanz Peluffo<\/p>\n\n\n\n<p><strong>Dise\u00f1o de escenograf\u00eda:<\/strong>&nbsp;Ver\u00f3nika Ayanz Peluffo<\/p>\n\n\n\n<p><strong>Dise\u00f1o de&nbsp;coreograf\u00eda:<\/strong>&nbsp;Ver\u00f3nika Ayanz Peluffo<\/p>\n\n\n\n<p><strong>Dise\u00f1o de Imagen:<\/strong>&nbsp;Florencia Rey&nbsp;(Compa\u00f1\u00eda Faro)<\/p>\n\n\n\n<p><strong>Dise\u00f1o de luces:<\/strong>&nbsp;&nbsp;Osvaldo Peluffo<\/p>\n\n\n\n<p><strong>Edici\u00f3n banda sonora:<\/strong>&nbsp;Emiliano Rojas &#8211; Rion Maret<\/p>\n\n\n\n<p><strong>Realizaci\u00f3n de proyecciones:<\/strong>&nbsp;Emiliano Rojas<\/p>\n\n\n\n<p><strong>Selecci\u00f3n musical:<\/strong>&nbsp;Sergio Faraudo, Osvaldo Peluffo<\/p>\n\n\n\n<p><strong>Fotograf\u00eda:<\/strong>&nbsp;Julieta Ierullo \u2013 Juli\u00e1n Peluffo<\/p>\n\n\n\n<p><strong>Asistentes t\u00e9cnicos:<\/strong>&nbsp;Florencia Rey, Rion Maret<\/p>\n\n\n\n<p><strong>Coordinaci\u00f3n art\u00edstica:<\/strong>&nbsp;Ver\u00f3nika Ayanz Peluffo para Compa\u00f1\u00eda Faro<\/p>\n\n\n\n<p><strong>Prensa:<\/strong>&nbsp;Natalia Bocca<\/p>\n\n\n\n<p><strong>Puesta en escena:<\/strong>&nbsp;&nbsp;Osvaldo Peluffo<\/p>\n\n\n\n<p><strong>Asistente de direcci\u00f3n:<\/strong>&nbsp;Florencia Rey<\/p>\n\n\n\n<p><strong>Direcci\u00f3n general:<\/strong> Osvaldo Peluffo<\/p>\n\n\n\n<p><strong>Instagram:<\/strong> @destinopraga<\/p>\n\n\n\n<p><strong>Duraci\u00f3n:<\/strong> 60 minutos<\/p>\n\n\n\n<p><strong>Clasificaci\u00f3n:<\/strong> Teatro \u2013 Presencial \u2013 Adultos<\/p>\n\n\n\n<figure class=\"wp-block-image size-large\"><img loading=\"lazy\" decoding=\"async\" width=\"1024\" height=\"683\" src=\"https:\/\/sergiolapegue.com\/site\/wp-content\/uploads\/2025\/03\/Destino-Praga-Estacion-Paris-2-1024x683.jpeg\" alt=\"\" class=\"wp-image-21191\" srcset=\"https:\/\/sergiolapegue.com\/site\/wp-content\/uploads\/2025\/03\/Destino-Praga-Estacion-Paris-2-1024x683.jpeg 1024w, https:\/\/sergiolapegue.com\/site\/wp-content\/uploads\/2025\/03\/Destino-Praga-Estacion-Paris-2-300x200.jpeg 300w, https:\/\/sergiolapegue.com\/site\/wp-content\/uploads\/2025\/03\/Destino-Praga-Estacion-Paris-2-768x512.jpeg 768w, https:\/\/sergiolapegue.com\/site\/wp-content\/uploads\/2025\/03\/Destino-Praga-Estacion-Paris-2-1536x1025.jpeg 1536w, https:\/\/sergiolapegue.com\/site\/wp-content\/uploads\/2025\/03\/Destino-Praga-Estacion-Paris-2-2048x1366.jpeg 2048w, https:\/\/sergiolapegue.com\/site\/wp-content\/uploads\/2025\/03\/Destino-Praga-Estacion-Paris-2-629x420.jpeg 629w, https:\/\/sergiolapegue.com\/site\/wp-content\/uploads\/2025\/03\/Destino-Praga-Estacion-Paris-2-696x464.jpeg 696w, https:\/\/sergiolapegue.com\/site\/wp-content\/uploads\/2025\/03\/Destino-Praga-Estacion-Paris-2-1068x713.jpeg 1068w, https:\/\/sergiolapegue.com\/site\/wp-content\/uploads\/2025\/03\/Destino-Praga-Estacion-Paris-2-1920x1281.jpeg 1920w\" sizes=\"auto, (max-width: 1024px) 100vw, 1024px\" \/><\/figure>\n\n\n\n<p><strong>TEATRO EL OJO <\/strong><strong><\/strong><\/p>\n\n\n\n<p>Tte. Gral. Juan Domingo Per\u00f3n 2115 \u2013 Capital Federal \u2013 Buenos Aires \u2013 Argentina<\/p>\n\n\n\n<p>Tel\u00e9fono: 11 5 990 5928<\/p>\n\n\n\n<p>Web: <a href=\"http:\/\/www.instagram.com\/teatro.elojo\">http:\/\/www.instagram.com\/teatro.elojo<\/a><\/p>\n\n\n\n<p>Entradas: $ 15.000 \u2013 en boleter\u00eda del teatro o por Alternativa Teatral<\/p>\n\n\n\n<p>Funciones: Viernes 20:30 horas \u2013 Del 14\/03\/2025 al 30\/05\/2025<\/p>\n\n\n\n<p>Gracias Natalia Bocca por hacernos llegar la gacetilla de prensa de este espect\u00e1culo.<\/p>\n\n\n\n<p><\/p>\n\n\n\n<figure class=\"wp-block-image size-large\"><img loading=\"lazy\" decoding=\"async\" width=\"1024\" height=\"768\" src=\"https:\/\/sergiolapegue.com\/site\/wp-content\/uploads\/2025\/03\/Destino-Praga-Estacion-Paris-4-1024x768.jpg\" alt=\"\" class=\"wp-image-21192\" srcset=\"https:\/\/sergiolapegue.com\/site\/wp-content\/uploads\/2025\/03\/Destino-Praga-Estacion-Paris-4-1024x768.jpg 1024w, https:\/\/sergiolapegue.com\/site\/wp-content\/uploads\/2025\/03\/Destino-Praga-Estacion-Paris-4-300x225.jpg 300w, https:\/\/sergiolapegue.com\/site\/wp-content\/uploads\/2025\/03\/Destino-Praga-Estacion-Paris-4-768x576.jpg 768w, https:\/\/sergiolapegue.com\/site\/wp-content\/uploads\/2025\/03\/Destino-Praga-Estacion-Paris-4-1536x1152.jpg 1536w, https:\/\/sergiolapegue.com\/site\/wp-content\/uploads\/2025\/03\/Destino-Praga-Estacion-Paris-4-2048x1536.jpg 2048w, https:\/\/sergiolapegue.com\/site\/wp-content\/uploads\/2025\/03\/Destino-Praga-Estacion-Paris-4-560x420.jpg 560w, https:\/\/sergiolapegue.com\/site\/wp-content\/uploads\/2025\/03\/Destino-Praga-Estacion-Paris-4-80x60.jpg 80w, https:\/\/sergiolapegue.com\/site\/wp-content\/uploads\/2025\/03\/Destino-Praga-Estacion-Paris-4-696x522.jpg 696w, https:\/\/sergiolapegue.com\/site\/wp-content\/uploads\/2025\/03\/Destino-Praga-Estacion-Paris-4-1068x801.jpg 1068w, https:\/\/sergiolapegue.com\/site\/wp-content\/uploads\/2025\/03\/Destino-Praga-Estacion-Paris-4-1920x1440.jpg 1920w\" sizes=\"auto, (max-width: 1024px) 100vw, 1024px\" \/><\/figure>\n\n\n\n<p><strong>SOBRE&nbsp;LOS ACTORES&nbsp;<\/strong><\/p>\n\n\n\n<p><strong>VERONIKA AYANZ PELUFFO<\/strong><strong><\/strong><\/p>\n\n\n\n<p>Recibe el Premio Mejor Actriz por &#8220;La se\u00f1ora Macbeth&#8221; en el Festival Internacional &#8220;Mostra de&nbsp;teatro&nbsp;Ciutat de Denia&#8221; en Alicante, Espa\u00f1a, 2019Junto a Osvaldo Peluffo recogen tambi\u00e9n el galard\u00f3n de reconocimiento a la trayectoria, para la Compa\u00f1\u00eda Faro, ese mismo a\u00f1o.&nbsp;<\/p>\n\n\n\n<p>A su vez como autores de &#8220;Andromina\u201d, fragmentos de un insoportable deseo&#8221; son nominados por Argentores en 2010 a la mejor producci\u00f3n autoral.&nbsp;<\/p>\n\n\n\n<p>En 2018 estrenan en Medell\u00edn, Colombia, &#8220;La se\u00f1ora Macbeth&#8221; en el marco del festival internacional &#8220;Fiesta de las artes esc\u00e9nicas&#8221; d\u00f3nde son considerados el mejor espect\u00e1culo del festival.&nbsp;<\/p>\n\n\n\n<p><strong>ALEXIA MARTINOVICH<\/strong><strong><\/strong><\/p>\n\n\n\n<p>Form\u00f3&nbsp;parte de &#8216;La Venus Roja&#8217; dirigida por Ramiro Lehkuniec, la cual obtuvo el premio &#8220;Outstanding Performance&#8221; en el&nbsp;6th International Theatre Academy Award &#8211; Central Academy of Drama, en Beijing, China (2016). Adem\u00e1s fu\u00e9 becada por el 5to Congreso de Musicales y&nbsp;\u00d3pera&nbsp;Rock para el \u201cInternational Summer Dance Course\u201d en Point Park University | Pittsburgh, EEUU (2010)<\/p>\n\n\n\n<p><strong>GABRIEL DOCPHIZ<\/strong><strong><\/strong><\/p>\n\n\n\n<p>Es&nbsp;ternando&nbsp;como mejor actor de reparto&nbsp;por &#8220;Trabajo de amor perdidos&#8221; dirigido por Julia Calvo, que recibe el galard\u00f3n a Mejor espect\u00e1culo en el Festival Shakespeare Buenos Aires de 2011.&nbsp;<\/p>\n\n\n\n<p>Trabaj\u00f3&nbsp;en varias oportunidades con&nbsp;Manuel Ledbavni y&nbsp;Pablo Flores Maini. Particip\u00f3 en numerosas ficciones de&nbsp;Polka, CMG, Flow y Netflix.<\/p>\n\n\n\n<p><strong>GERMAN TIRINI<\/strong><strong><\/strong><\/p>\n\n\n\n<p>Comenz\u00f3 sus estudios en&nbsp;2002 participando en obras como Cien veces no debo, La Chinche y Destino Praga estaci\u00f3n Par\u00eds entre otras.&nbsp;Trabaja en T.V, publicidad y cine siendo su \u00faltima producci\u00f3n&nbsp;Grasas Saturadas, estrenada en cine&nbsp;Gaumont.<\/p>\n\n\n\n<p><strong>FERNANDO GONZ\u00c1LEZ<\/strong><strong><\/strong><\/p>\n\n\n\n<p>Egresado en actuaci\u00f3n de&nbsp;ENAD&nbsp;y de direcci\u00f3n teatral en la EMAD<\/p>\n\n\n\n<p>Participa como&nbsp;actor en diversas&nbsp;obras del circuito off en; Ravioles; Destino Praga estaci\u00f3n Paris, Dir. O. Peluffo, entre muchas.&nbsp;<\/p>\n\n\n\n<p>Dirige las obras: Aire Profano, La Fundaci\u00f3n, (seleccionada en el FIT. Festival Iberoamericano Tierra de Fuego y Bluer, C. C. Borges, Matatangos, de M. A. De la parra.<\/p>\n\n\n\n<p><strong>SOBRE OSVALDO PELUFFO \u2013 DRAMATURGO Y DIRECTOR<\/strong><\/p>\n\n\n\n<p>En el a\u00f1o 2007, funda junto a su esposa&nbsp;Ver\u00f3nika Ayanz Peluffo, la \u201cCOMPA\u00d1IA F\u00c5R\u00d6\u201d en el marco de la cual dirige m\u00e1s de una decena de piezas como \u201cC\u00e1mara lenta\u201d, \u201cMemorias del consuelo\u201d, \u201cRavioles\u201d, \u201cLa se\u00f1ora Macbeth\u201d, \u201cEl camarote\u201d, \u201cTrampa\u201d, \u201cEl lugar\u201d, \u201cDamas negras\u201d, \u201cFabrica de chicas\u201d, \u201cDestino Praga, estaci\u00f3n Paris\u201d y pr\u00f3ximamente \u201cNO matar\u00e1s\u201d entre otras.<\/p>\n\n\n\n<p>Ha presentado espect\u00e1culos de su propia dramaturgia y de grandes autores, entre los que se destacan los cl\u00e1sicos:&nbsp;George Orwell, W. Shakespeare, Roma Mahieu, A. Chejov, Oscar Viale, Tato Pavlovsky, Carlos Gorostiza, Griselda Gambaro. El espect\u00e1culo&nbsp;\u201cAndr\u00f3mina, fragmentos de un insoportable deseo\u201d&nbsp;que escribe junto a su mujer, fue nominado al&nbsp;Premio Argentores&nbsp;(A\u00f1o 2010)&nbsp;y cont\u00f3 con el apoyo de la Embajada de Argentina en Madrid.&nbsp;<\/p>\n\n\n\n<p>Particip\u00f3 durante dos a\u00f1os consecutivos en el ciclo Teatro x la identidad. Algunos de los teatros que albergaron sus espect\u00e1culos son (entre otros):&nbsp;La Comedia, Chacarerean, Beckett, Fundaci\u00f3n Teatro del Sur, Pan y Arte, Padr\u00f3n Teatro, Espacio Callej\u00f3n, La mueca, Taller del&nbsp;\u00c1ngel, El Damero, Losada, Belisario, Teatro Pair\u00f3 de Banfield, Teatro Coliseo de Lomas de Zamora y Banfield Teatro Ensamble.&nbsp;&nbsp;<\/p>\n\n\n\n<p><strong>COMO ACTOR<\/strong><\/p>\n\n\n\n<p>Su trayectoria como actor re\u00fane m\u00e1s de 50 espect\u00e1culos, interpretando autores tales como: &nbsp;W. Shakespeare, Tennessee Williams, Fray Mocho, Clifford Odetts, Pam Gems, Jean Anohuill, Atilio Betti, Mar\u00eda&nbsp;Elena Walsh, Tato Pavlovsky, Juan Cruz Varela, Juan Jos\u00e9 Campanella y Fernando Castets, Mane Bernardo y Sara Bianchi, Michel Azama, Amadeo Vives, Carlos Mathus, Tullio Stella y Alberto F\u00e9lix Alberto;&nbsp;siendo dirigido por grandes&nbsp;maestros&nbsp;tales como: Santiago Doria, Man\u00e9 Bernardo, Sara Bianchi, Julio Ordano, Eduardo Lamoglia, Rodolfo Graziano, V\u00e1zquez Freijo, Carlos Mathus, Omar Pini, Alberto F\u00e9lix Alberto, Gina Piccirilli y Pino Siano&nbsp;en las&nbsp;siguientes&nbsp;salas&nbsp;(entre otras):&nbsp;Teatro Nacional Cervantes, Teatro Municipal General San Mart\u00edn, Centro Cultural General San Mart\u00edn, Manzana de las Luces, Blanca Podest\u00e1, Astral, Popular, Empire, Tabar\u00eds, Ift, Teatro de San Telmo, Taller de Garibaldi, La Gran Aldea, Fundaci\u00f3n Teatro del Sur.&nbsp;<\/p>\n\n\n\n<p>Trabaj\u00f3 en televisi\u00f3n y cine, participando en \u201cVictoria 392\u201d, &nbsp;la primera pel\u00edcula&nbsp;de J.J. Campanella.&nbsp;<\/p>\n\n\n\n<p><strong>COMO DOCENTE<\/strong><\/p>\n\n\n\n<p>Desde el a\u00f1o 2000 dicta clases en el Centro Cultural General San Mart\u00edn y en su Estudio de Formaci\u00f3n Art\u00edstica.<\/p>\n\n\n\n<p>Fue docente de actuaci\u00f3n en la&nbsp;Escuela Municipal de Danzas Cl\u00e1sicas de Lomas de Zamora&nbsp;durante 10 a\u00f1os (bajo la direcci\u00f3n de&nbsp;Raquel Rosetti)y&nbsp;Regente de la Escuela Municipal de Arte dram\u00e1tico de Lomas de Zamora&nbsp;durante 4 a\u00f1os. Desde 1997 realiza espect\u00e1culos con sus alumnos en teatros independientes de Capital Federal y en teatros municipales del Gran Buenos Aires.<\/p>\n\n\n\n<p>Realiz\u00f3 su primer&nbsp;largometraje sobre la Guerra de Malvinas&nbsp;y tres&nbsp;miniseries webs.<\/p>\n\n\n\n<p><strong>PREMIOS<\/strong><\/p>\n\n\n\n<p>En 2019 como cofundador de la&nbsp;COMPA\u00d1IA&nbsp;FARO y director de \u201cLa se\u00f1ora Macbeth\u201d obra donde Veka Ayanz Peluffo recibe el premio a Mejor actriz, recibe el Premio \u201cMejor Compa\u00f1\u00eda\u201d en el&nbsp;Festival internacional Mostra de Teatre Ciutat de D\u00e9nia.<\/p>\n\n\n\n<p>En los 90, particip\u00f3 como director durante dos a\u00f1os consecutivos en Torneos Juveniles Bonaerenses, quedando finalista por \u201cEl Jurado\u201d y recibiendo una Menci\u00f3n Especial por \u201cCrianzas\u201d.<\/p>\n\n\n\n<p>Como actor recibe el Premio \u201cCarbonell\u201d por \u201cMejor Actor Extranjero\u201d (Estados Unidos) y \u201cPremio Tuyu\u201d por \u201cRevelaci\u00f3n\u201d.&nbsp;<\/p>\n\n\n\n<p><\/p>\n","protected":false},"excerpt":{"rendered":"<p>En el marco del 35 aniversario de la revoluci\u00f3n de terciopelo y el centenario de las relaciones diplom\u00e1ticas entre nuestro pa\u00eds y la Republica Checa, DESTINO PRAGA, ESTACI\u00d3N PAR\u00cdS cuenta la historia de lo sucedido en noviembre de 1989. Una manifestaci\u00f3n estudiantil pac\u00edfica en Praga se convierte en una protesta multitudinaria contra el r\u00e9gimen comunista. [&hellip;]<\/p>\n","protected":false},"author":3,"featured_media":21193,"comment_status":"open","ping_status":"closed","sticky":false,"template":"","format":"standard","meta":{"footnotes":""},"categories":[34,35],"tags":[],"class_list":{"0":"post-21189","1":"post","2":"type-post","3":"status-publish","4":"format-standard","5":"has-post-thumbnail","7":"category-arte","8":"category-teatro"},"yoast_head":"<!-- This site is optimized with the Yoast SEO plugin v27.4 - https:\/\/yoast.com\/product\/yoast-seo-wordpress\/ -->\n<title>DESTINO PRAGA, ESTACI\u00d3N PARIS - Sergio Lapegue<\/title>\n<meta name=\"robots\" content=\"index, follow, max-snippet:-1, max-image-preview:large, max-video-preview:-1\" \/>\n<link rel=\"canonical\" href=\"https:\/\/sergiolapegue.com\/site\/2025\/04\/16\/destino-praga-estacion-paris\/\" \/>\n<meta property=\"og:locale\" content=\"es_ES\" \/>\n<meta property=\"og:type\" content=\"article\" \/>\n<meta property=\"og:title\" content=\"DESTINO PRAGA, ESTACI\u00d3N PARIS - Sergio Lapegue\" \/>\n<meta property=\"og:description\" content=\"En el marco del 35 aniversario de la revoluci\u00f3n de terciopelo y el centenario de las relaciones diplom\u00e1ticas entre nuestro pa\u00eds y la Republica Checa, DESTINO PRAGA, ESTACI\u00d3N PAR\u00cdS cuenta la historia de lo sucedido en noviembre de 1989. Una manifestaci\u00f3n estudiantil pac\u00edfica en Praga se convierte en una protesta multitudinaria contra el r\u00e9gimen comunista. [&hellip;]\" \/>\n<meta property=\"og:url\" content=\"https:\/\/sergiolapegue.com\/site\/2025\/04\/16\/destino-praga-estacion-paris\/\" \/>\n<meta property=\"og:site_name\" content=\"Sergio Lapegue\" \/>\n<meta property=\"article:publisher\" content=\"https:\/\/facebook.com\/sergiolapegue\" \/>\n<meta property=\"article:author\" content=\"https:\/\/facebook.com\/danielernesto.montana\" \/>\n<meta property=\"article:published_time\" content=\"2025-04-16T12:00:00+00:00\" \/>\n<meta property=\"og:image\" content=\"https:\/\/sergiolapegue.com\/site\/wp-content\/uploads\/2025\/03\/Destino-Praga-Estacion-Paris-scaled.jpg\" \/>\n\t<meta property=\"og:image:width\" content=\"1810\" \/>\n\t<meta property=\"og:image:height\" content=\"2560\" \/>\n\t<meta property=\"og:image:type\" content=\"image\/jpeg\" \/>\n<meta name=\"author\" content=\"Daniel E. Monta\u00f1a\" \/>\n<meta name=\"twitter:card\" content=\"summary_large_image\" \/>\n<meta name=\"twitter:creator\" content=\"@https:\/\/twitter.com\/daner_004\" \/>\n<meta name=\"twitter:site\" content=\"@sergiolapegue\" \/>\n<meta name=\"twitter:label1\" content=\"Escrito por\" \/>\n\t<meta name=\"twitter:data1\" content=\"Daniel E. Monta\u00f1a\" \/>\n\t<meta name=\"twitter:label2\" content=\"Tiempo de lectura\" \/>\n\t<meta name=\"twitter:data2\" content=\"7 minutos\" \/>\n<script type=\"application\/ld+json\" class=\"yoast-schema-graph\">{\"@context\":\"https:\\\/\\\/schema.org\",\"@graph\":[{\"@type\":\"Article\",\"@id\":\"https:\\\/\\\/sergiolapegue.com\\\/site\\\/2025\\\/04\\\/16\\\/destino-praga-estacion-paris\\\/#article\",\"isPartOf\":{\"@id\":\"https:\\\/\\\/sergiolapegue.com\\\/site\\\/2025\\\/04\\\/16\\\/destino-praga-estacion-paris\\\/\"},\"author\":{\"name\":\"Daniel E. Monta\u00f1a\",\"@id\":\"https:\\\/\\\/sergiolapegue.com\\\/site\\\/#\\\/schema\\\/person\\\/9198e7dbab43c6d74d0fd5399af7c3cd\"},\"headline\":\"DESTINO PRAGA, ESTACI\u00d3N PARIS\",\"datePublished\":\"2025-04-16T12:00:00+00:00\",\"mainEntityOfPage\":{\"@id\":\"https:\\\/\\\/sergiolapegue.com\\\/site\\\/2025\\\/04\\\/16\\\/destino-praga-estacion-paris\\\/\"},\"wordCount\":1358,\"commentCount\":0,\"publisher\":{\"@id\":\"https:\\\/\\\/sergiolapegue.com\\\/site\\\/#\\\/schema\\\/person\\\/083aeceeb0734cd166779ea6c0551a37\"},\"image\":{\"@id\":\"https:\\\/\\\/sergiolapegue.com\\\/site\\\/2025\\\/04\\\/16\\\/destino-praga-estacion-paris\\\/#primaryimage\"},\"thumbnailUrl\":\"https:\\\/\\\/sergiolapegue.com\\\/site\\\/wp-content\\\/uploads\\\/2025\\\/03\\\/Destino-Praga-Estacion-Paris-scaled.jpg\",\"articleSection\":[\"Arte\",\"Teatro\"],\"inLanguage\":\"es-AR\",\"potentialAction\":[{\"@type\":\"CommentAction\",\"name\":\"Comment\",\"target\":[\"https:\\\/\\\/sergiolapegue.com\\\/site\\\/2025\\\/04\\\/16\\\/destino-praga-estacion-paris\\\/#respond\"]}]},{\"@type\":\"WebPage\",\"@id\":\"https:\\\/\\\/sergiolapegue.com\\\/site\\\/2025\\\/04\\\/16\\\/destino-praga-estacion-paris\\\/\",\"url\":\"https:\\\/\\\/sergiolapegue.com\\\/site\\\/2025\\\/04\\\/16\\\/destino-praga-estacion-paris\\\/\",\"name\":\"DESTINO PRAGA, ESTACI\u00d3N PARIS - Sergio Lapegue\",\"isPartOf\":{\"@id\":\"https:\\\/\\\/sergiolapegue.com\\\/site\\\/#website\"},\"primaryImageOfPage\":{\"@id\":\"https:\\\/\\\/sergiolapegue.com\\\/site\\\/2025\\\/04\\\/16\\\/destino-praga-estacion-paris\\\/#primaryimage\"},\"image\":{\"@id\":\"https:\\\/\\\/sergiolapegue.com\\\/site\\\/2025\\\/04\\\/16\\\/destino-praga-estacion-paris\\\/#primaryimage\"},\"thumbnailUrl\":\"https:\\\/\\\/sergiolapegue.com\\\/site\\\/wp-content\\\/uploads\\\/2025\\\/03\\\/Destino-Praga-Estacion-Paris-scaled.jpg\",\"datePublished\":\"2025-04-16T12:00:00+00:00\",\"breadcrumb\":{\"@id\":\"https:\\\/\\\/sergiolapegue.com\\\/site\\\/2025\\\/04\\\/16\\\/destino-praga-estacion-paris\\\/#breadcrumb\"},\"inLanguage\":\"es-AR\",\"potentialAction\":[{\"@type\":\"ReadAction\",\"target\":[\"https:\\\/\\\/sergiolapegue.com\\\/site\\\/2025\\\/04\\\/16\\\/destino-praga-estacion-paris\\\/\"]}]},{\"@type\":\"ImageObject\",\"inLanguage\":\"es-AR\",\"@id\":\"https:\\\/\\\/sergiolapegue.com\\\/site\\\/2025\\\/04\\\/16\\\/destino-praga-estacion-paris\\\/#primaryimage\",\"url\":\"https:\\\/\\\/sergiolapegue.com\\\/site\\\/wp-content\\\/uploads\\\/2025\\\/03\\\/Destino-Praga-Estacion-Paris-scaled.jpg\",\"contentUrl\":\"https:\\\/\\\/sergiolapegue.com\\\/site\\\/wp-content\\\/uploads\\\/2025\\\/03\\\/Destino-Praga-Estacion-Paris-scaled.jpg\",\"width\":1810,\"height\":2560},{\"@type\":\"BreadcrumbList\",\"@id\":\"https:\\\/\\\/sergiolapegue.com\\\/site\\\/2025\\\/04\\\/16\\\/destino-praga-estacion-paris\\\/#breadcrumb\",\"itemListElement\":[{\"@type\":\"ListItem\",\"position\":1,\"name\":\"Inicio\",\"item\":\"https:\\\/\\\/sergiolapegue.com\\\/site\\\/\"},{\"@type\":\"ListItem\",\"position\":2,\"name\":\"DESTINO PRAGA, ESTACI\u00d3N PARIS\"}]},{\"@type\":\"WebSite\",\"@id\":\"https:\\\/\\\/sergiolapegue.com\\\/site\\\/#website\",\"url\":\"https:\\\/\\\/sergiolapegue.com\\\/site\\\/\",\"name\":\"Sergio Lapegue\",\"description\":\"Periodista\",\"publisher\":{\"@id\":\"https:\\\/\\\/sergiolapegue.com\\\/site\\\/#\\\/schema\\\/person\\\/083aeceeb0734cd166779ea6c0551a37\"},\"potentialAction\":[{\"@type\":\"SearchAction\",\"target\":{\"@type\":\"EntryPoint\",\"urlTemplate\":\"https:\\\/\\\/sergiolapegue.com\\\/site\\\/?s={search_term_string}\"},\"query-input\":{\"@type\":\"PropertyValueSpecification\",\"valueRequired\":true,\"valueName\":\"search_term_string\"}}],\"inLanguage\":\"es-AR\"},{\"@type\":[\"Person\",\"Organization\"],\"@id\":\"https:\\\/\\\/sergiolapegue.com\\\/site\\\/#\\\/schema\\\/person\\\/083aeceeb0734cd166779ea6c0551a37\",\"name\":\"Sergio Lapegue\",\"image\":{\"@type\":\"ImageObject\",\"inLanguage\":\"es-AR\",\"@id\":\"https:\\\/\\\/sergiolapegue.com\\\/site\\\/wp-content\\\/uploads\\\/2021\\\/04\\\/logo_header-1.png\",\"url\":\"https:\\\/\\\/sergiolapegue.com\\\/site\\\/wp-content\\\/uploads\\\/2021\\\/04\\\/logo_header-1.png\",\"contentUrl\":\"https:\\\/\\\/sergiolapegue.com\\\/site\\\/wp-content\\\/uploads\\\/2021\\\/04\\\/logo_header-1.png\",\"width\":272,\"height\":90,\"caption\":\"Sergio Lapegue\"},\"logo\":{\"@id\":\"https:\\\/\\\/sergiolapegue.com\\\/site\\\/wp-content\\\/uploads\\\/2021\\\/04\\\/logo_header-1.png\"},\"sameAs\":[\"https:\\\/\\\/facebook.com\\\/sergiolapegue\",\"https:\\\/\\\/instagram.com\\\/sergiolapegue\",\"https:\\\/\\\/x.com\\\/https:\\\/\\\/twitter.com\\\/sergiolapegue\"]},{\"@type\":\"Person\",\"@id\":\"https:\\\/\\\/sergiolapegue.com\\\/site\\\/#\\\/schema\\\/person\\\/9198e7dbab43c6d74d0fd5399af7c3cd\",\"name\":\"Daniel E. Monta\u00f1a\",\"image\":{\"@type\":\"ImageObject\",\"inLanguage\":\"es-AR\",\"@id\":\"https:\\\/\\\/sergiolapegue.com\\\/site\\\/wp-content\\\/uploads\\\/2021\\\/04\\\/sl_avatar_Daniel-150x150.jpg\",\"url\":\"https:\\\/\\\/sergiolapegue.com\\\/site\\\/wp-content\\\/uploads\\\/2021\\\/04\\\/sl_avatar_Daniel-150x150.jpg\",\"contentUrl\":\"https:\\\/\\\/sergiolapegue.com\\\/site\\\/wp-content\\\/uploads\\\/2021\\\/04\\\/sl_avatar_Daniel-150x150.jpg\",\"caption\":\"Daniel E. Monta\u00f1a\"},\"sameAs\":[\"https:\\\/\\\/facebook.com\\\/danielernesto.montana\",\"https:\\\/\\\/instagram.com\\\/daniel_montana1961\",\"https:\\\/\\\/x.com\\\/https:\\\/\\\/twitter.com\\\/daner_004\"],\"url\":\"https:\\\/\\\/sergiolapegue.com\\\/site\\\/author\\\/daniel\\\/\"}]}<\/script>\n<!-- \/ Yoast SEO plugin. -->","yoast_head_json":{"title":"DESTINO PRAGA, ESTACI\u00d3N PARIS - Sergio Lapegue","robots":{"index":"index","follow":"follow","max-snippet":"max-snippet:-1","max-image-preview":"max-image-preview:large","max-video-preview":"max-video-preview:-1"},"canonical":"https:\/\/sergiolapegue.com\/site\/2025\/04\/16\/destino-praga-estacion-paris\/","og_locale":"es_ES","og_type":"article","og_title":"DESTINO PRAGA, ESTACI\u00d3N PARIS - Sergio Lapegue","og_description":"En el marco del 35 aniversario de la revoluci\u00f3n de terciopelo y el centenario de las relaciones diplom\u00e1ticas entre nuestro pa\u00eds y la Republica Checa, DESTINO PRAGA, ESTACI\u00d3N PAR\u00cdS cuenta la historia de lo sucedido en noviembre de 1989. Una manifestaci\u00f3n estudiantil pac\u00edfica en Praga se convierte en una protesta multitudinaria contra el r\u00e9gimen comunista. [&hellip;]","og_url":"https:\/\/sergiolapegue.com\/site\/2025\/04\/16\/destino-praga-estacion-paris\/","og_site_name":"Sergio Lapegue","article_publisher":"https:\/\/facebook.com\/sergiolapegue","article_author":"https:\/\/facebook.com\/danielernesto.montana","article_published_time":"2025-04-16T12:00:00+00:00","og_image":[{"width":1810,"height":2560,"url":"https:\/\/sergiolapegue.com\/site\/wp-content\/uploads\/2025\/03\/Destino-Praga-Estacion-Paris-scaled.jpg","type":"image\/jpeg"}],"author":"Daniel E. Monta\u00f1a","twitter_card":"summary_large_image","twitter_creator":"@https:\/\/twitter.com\/daner_004","twitter_site":"@sergiolapegue","twitter_misc":{"Escrito por":"Daniel E. Monta\u00f1a","Tiempo de lectura":"7 minutos"},"schema":{"@context":"https:\/\/schema.org","@graph":[{"@type":"Article","@id":"https:\/\/sergiolapegue.com\/site\/2025\/04\/16\/destino-praga-estacion-paris\/#article","isPartOf":{"@id":"https:\/\/sergiolapegue.com\/site\/2025\/04\/16\/destino-praga-estacion-paris\/"},"author":{"name":"Daniel E. Monta\u00f1a","@id":"https:\/\/sergiolapegue.com\/site\/#\/schema\/person\/9198e7dbab43c6d74d0fd5399af7c3cd"},"headline":"DESTINO PRAGA, ESTACI\u00d3N PARIS","datePublished":"2025-04-16T12:00:00+00:00","mainEntityOfPage":{"@id":"https:\/\/sergiolapegue.com\/site\/2025\/04\/16\/destino-praga-estacion-paris\/"},"wordCount":1358,"commentCount":0,"publisher":{"@id":"https:\/\/sergiolapegue.com\/site\/#\/schema\/person\/083aeceeb0734cd166779ea6c0551a37"},"image":{"@id":"https:\/\/sergiolapegue.com\/site\/2025\/04\/16\/destino-praga-estacion-paris\/#primaryimage"},"thumbnailUrl":"https:\/\/sergiolapegue.com\/site\/wp-content\/uploads\/2025\/03\/Destino-Praga-Estacion-Paris-scaled.jpg","articleSection":["Arte","Teatro"],"inLanguage":"es-AR","potentialAction":[{"@type":"CommentAction","name":"Comment","target":["https:\/\/sergiolapegue.com\/site\/2025\/04\/16\/destino-praga-estacion-paris\/#respond"]}]},{"@type":"WebPage","@id":"https:\/\/sergiolapegue.com\/site\/2025\/04\/16\/destino-praga-estacion-paris\/","url":"https:\/\/sergiolapegue.com\/site\/2025\/04\/16\/destino-praga-estacion-paris\/","name":"DESTINO PRAGA, ESTACI\u00d3N PARIS - Sergio Lapegue","isPartOf":{"@id":"https:\/\/sergiolapegue.com\/site\/#website"},"primaryImageOfPage":{"@id":"https:\/\/sergiolapegue.com\/site\/2025\/04\/16\/destino-praga-estacion-paris\/#primaryimage"},"image":{"@id":"https:\/\/sergiolapegue.com\/site\/2025\/04\/16\/destino-praga-estacion-paris\/#primaryimage"},"thumbnailUrl":"https:\/\/sergiolapegue.com\/site\/wp-content\/uploads\/2025\/03\/Destino-Praga-Estacion-Paris-scaled.jpg","datePublished":"2025-04-16T12:00:00+00:00","breadcrumb":{"@id":"https:\/\/sergiolapegue.com\/site\/2025\/04\/16\/destino-praga-estacion-paris\/#breadcrumb"},"inLanguage":"es-AR","potentialAction":[{"@type":"ReadAction","target":["https:\/\/sergiolapegue.com\/site\/2025\/04\/16\/destino-praga-estacion-paris\/"]}]},{"@type":"ImageObject","inLanguage":"es-AR","@id":"https:\/\/sergiolapegue.com\/site\/2025\/04\/16\/destino-praga-estacion-paris\/#primaryimage","url":"https:\/\/sergiolapegue.com\/site\/wp-content\/uploads\/2025\/03\/Destino-Praga-Estacion-Paris-scaled.jpg","contentUrl":"https:\/\/sergiolapegue.com\/site\/wp-content\/uploads\/2025\/03\/Destino-Praga-Estacion-Paris-scaled.jpg","width":1810,"height":2560},{"@type":"BreadcrumbList","@id":"https:\/\/sergiolapegue.com\/site\/2025\/04\/16\/destino-praga-estacion-paris\/#breadcrumb","itemListElement":[{"@type":"ListItem","position":1,"name":"Inicio","item":"https:\/\/sergiolapegue.com\/site\/"},{"@type":"ListItem","position":2,"name":"DESTINO PRAGA, ESTACI\u00d3N PARIS"}]},{"@type":"WebSite","@id":"https:\/\/sergiolapegue.com\/site\/#website","url":"https:\/\/sergiolapegue.com\/site\/","name":"Sergio Lapegue","description":"Periodista","publisher":{"@id":"https:\/\/sergiolapegue.com\/site\/#\/schema\/person\/083aeceeb0734cd166779ea6c0551a37"},"potentialAction":[{"@type":"SearchAction","target":{"@type":"EntryPoint","urlTemplate":"https:\/\/sergiolapegue.com\/site\/?s={search_term_string}"},"query-input":{"@type":"PropertyValueSpecification","valueRequired":true,"valueName":"search_term_string"}}],"inLanguage":"es-AR"},{"@type":["Person","Organization"],"@id":"https:\/\/sergiolapegue.com\/site\/#\/schema\/person\/083aeceeb0734cd166779ea6c0551a37","name":"Sergio Lapegue","image":{"@type":"ImageObject","inLanguage":"es-AR","@id":"https:\/\/sergiolapegue.com\/site\/wp-content\/uploads\/2021\/04\/logo_header-1.png","url":"https:\/\/sergiolapegue.com\/site\/wp-content\/uploads\/2021\/04\/logo_header-1.png","contentUrl":"https:\/\/sergiolapegue.com\/site\/wp-content\/uploads\/2021\/04\/logo_header-1.png","width":272,"height":90,"caption":"Sergio Lapegue"},"logo":{"@id":"https:\/\/sergiolapegue.com\/site\/wp-content\/uploads\/2021\/04\/logo_header-1.png"},"sameAs":["https:\/\/facebook.com\/sergiolapegue","https:\/\/instagram.com\/sergiolapegue","https:\/\/x.com\/https:\/\/twitter.com\/sergiolapegue"]},{"@type":"Person","@id":"https:\/\/sergiolapegue.com\/site\/#\/schema\/person\/9198e7dbab43c6d74d0fd5399af7c3cd","name":"Daniel E. Monta\u00f1a","image":{"@type":"ImageObject","inLanguage":"es-AR","@id":"https:\/\/sergiolapegue.com\/site\/wp-content\/uploads\/2021\/04\/sl_avatar_Daniel-150x150.jpg","url":"https:\/\/sergiolapegue.com\/site\/wp-content\/uploads\/2021\/04\/sl_avatar_Daniel-150x150.jpg","contentUrl":"https:\/\/sergiolapegue.com\/site\/wp-content\/uploads\/2021\/04\/sl_avatar_Daniel-150x150.jpg","caption":"Daniel E. Monta\u00f1a"},"sameAs":["https:\/\/facebook.com\/danielernesto.montana","https:\/\/instagram.com\/daniel_montana1961","https:\/\/x.com\/https:\/\/twitter.com\/daner_004"],"url":"https:\/\/sergiolapegue.com\/site\/author\/daniel\/"}]}},"_links":{"self":[{"href":"https:\/\/sergiolapegue.com\/site\/wp-json\/wp\/v2\/posts\/21189","targetHints":{"allow":["GET"]}}],"collection":[{"href":"https:\/\/sergiolapegue.com\/site\/wp-json\/wp\/v2\/posts"}],"about":[{"href":"https:\/\/sergiolapegue.com\/site\/wp-json\/wp\/v2\/types\/post"}],"author":[{"embeddable":true,"href":"https:\/\/sergiolapegue.com\/site\/wp-json\/wp\/v2\/users\/3"}],"replies":[{"embeddable":true,"href":"https:\/\/sergiolapegue.com\/site\/wp-json\/wp\/v2\/comments?post=21189"}],"version-history":[{"count":1,"href":"https:\/\/sergiolapegue.com\/site\/wp-json\/wp\/v2\/posts\/21189\/revisions"}],"predecessor-version":[{"id":21194,"href":"https:\/\/sergiolapegue.com\/site\/wp-json\/wp\/v2\/posts\/21189\/revisions\/21194"}],"wp:featuredmedia":[{"embeddable":true,"href":"https:\/\/sergiolapegue.com\/site\/wp-json\/wp\/v2\/media\/21193"}],"wp:attachment":[{"href":"https:\/\/sergiolapegue.com\/site\/wp-json\/wp\/v2\/media?parent=21189"}],"wp:term":[{"taxonomy":"category","embeddable":true,"href":"https:\/\/sergiolapegue.com\/site\/wp-json\/wp\/v2\/categories?post=21189"},{"taxonomy":"post_tag","embeddable":true,"href":"https:\/\/sergiolapegue.com\/site\/wp-json\/wp\/v2\/tags?post=21189"}],"curies":[{"name":"wp","href":"https:\/\/api.w.org\/{rel}","templated":true}]}}