{"id":21173,"date":"2025-03-04T01:00:00","date_gmt":"2025-03-04T04:00:00","guid":{"rendered":"https:\/\/sergiolapegue.com\/site\/?p=21173"},"modified":"2025-03-03T02:07:09","modified_gmt":"2025-03-03T05:07:09","slug":"maria-es-callas","status":"publish","type":"post","link":"https:\/\/sergiolapegue.com\/site\/2025\/03\/04\/maria-es-callas\/","title":{"rendered":"\u201cMAR\u00cdA, ES CALLAS\u201d"},"content":{"rendered":"\n<p>En Marzo vuelve la premiada &#8220;Mar\u00eda, es Callas&#8221;, un homenaje a la gran artista Mar\u00eda Callas, con 3 \u00fanicas funciones en el Teatro del Pueblo y una funci\u00f3n especial en la Fiesta de Teatro CABA 2025. No se la pierdan!<\/p>\n\n\n\n<p>Despu\u00e9s de dos a\u00f1os de temporada a sala llena, vuelve al Teatro del Pueblo esta obra plena de m\u00fasica y emociones protagonizada por&nbsp;Natalia Cociuffo.<\/p>\n\n\n\n<p>Ganadora Del Premio Hugo: \u201cMejor Ensamble Masculino\u201d (Pedro Fr\u00edas Yuber)<\/p>\n\n\n\n<p>4 Nominaciones Premios ACE: \u201cActuaci\u00f3n Femenina En Musical\u201d (Natalia Cociuffo), \u201cM\u00fasica Original\u201d y \u201cDirecci\u00f3n Musical\u201d (Rony Keselman), \u201cCoreograf\u00eda\u201d (Valeria Narv\u00e1ez)<\/p>\n\n\n\n<p>1 Nominaci\u00f3n Premio Trinidad Guevara: \u201cCoreograf\u00eda\u201d (Valeria Narv\u00e1ez)<\/p>\n\n\n\n<p>Seleccionada para la Fiesta Provincial CABA 2025, INT.<\/p>\n\n\n\n<figure class=\"wp-block-image size-full\"><img loading=\"lazy\" decoding=\"async\" width=\"718\" height=\"771\" src=\"https:\/\/sergiolapegue.com\/site\/wp-content\/uploads\/2025\/03\/Maria-es-Callas-2.jpeg\" alt=\"\" class=\"wp-image-21174\" srcset=\"https:\/\/sergiolapegue.com\/site\/wp-content\/uploads\/2025\/03\/Maria-es-Callas-2.jpeg 718w, https:\/\/sergiolapegue.com\/site\/wp-content\/uploads\/2025\/03\/Maria-es-Callas-2-279x300.jpeg 279w, https:\/\/sergiolapegue.com\/site\/wp-content\/uploads\/2025\/03\/Maria-es-Callas-2-391x420.jpeg 391w, https:\/\/sergiolapegue.com\/site\/wp-content\/uploads\/2025\/03\/Maria-es-Callas-2-696x747.jpeg 696w\" sizes=\"auto, (max-width: 718px) 100vw, 718px\" \/><\/figure>\n\n\n\n<p><strong>SINOPSIS<\/strong><\/p>\n\n\n\n<p>A 100 a\u00f1os del nacimiento de Mar\u00eda Callas, un homenaje \u00edntimo sobre la gran artista que revolucion\u00f3 la l\u00edrica mundial. Su amor desesperado por Arist\u00f3teles Onassis, una traici\u00f3n y un coro preanunciando el final.<\/p>\n\n\n\n<p>Natalia Cociuffo interpreta a Mar\u00eda, en su cuarto, perdiendo el don de su voz y acompa\u00f1ada por el coro de voces de su tormento (Sol Ag\u00fcero, Pedro Fr\u00edas Yuber y Ver\u00f3nica Pacenza). Del otro lado del tel\u00e9fono, \u201cAri\u201d, llev\u00e1ndose con \u00e9l lo que queda de ella.<\/p>\n\n\n\n<figure class=\"wp-block-image size-full\"><img loading=\"lazy\" decoding=\"async\" width=\"712\" height=\"501\" src=\"https:\/\/sergiolapegue.com\/site\/wp-content\/uploads\/2025\/03\/Maria-es-Callas-1.jpeg\" alt=\"\" class=\"wp-image-21175\" srcset=\"https:\/\/sergiolapegue.com\/site\/wp-content\/uploads\/2025\/03\/Maria-es-Callas-1.jpeg 712w, https:\/\/sergiolapegue.com\/site\/wp-content\/uploads\/2025\/03\/Maria-es-Callas-1-300x211.jpeg 300w, https:\/\/sergiolapegue.com\/site\/wp-content\/uploads\/2025\/03\/Maria-es-Callas-1-597x420.jpeg 597w, https:\/\/sergiolapegue.com\/site\/wp-content\/uploads\/2025\/03\/Maria-es-Callas-1-696x490.jpeg 696w\" sizes=\"auto, (max-width: 712px) 100vw, 712px\" \/><\/figure>\n\n\n\n<p><strong>FICHA T\u00c9CNICO ART\u00cdSTICA<\/strong><\/p>\n\n\n\n<p><strong>Texto:<\/strong>&nbsp;Adriana Tursi<\/p>\n\n\n\n<p><strong>Act\u00faa:<\/strong>&nbsp;Natalia Cociuffo<\/p>\n\n\n\n<p><strong>Coro:<\/strong>&nbsp;Sol Ag\u00fcero \u2013 Ver\u00f3nica Pacenza \u2013 Pedro Fr\u00edas Yuber<\/p>\n\n\n\n<p><strong>Cover:<\/strong>&nbsp;Pilar Rodr\u00edguez Rey<\/p>\n\n\n\n<p><strong>Direcci\u00f3n musical:<\/strong>&nbsp;Rony Keselman<\/p>\n\n\n\n<p><strong>Composici\u00f3n musical:<\/strong>&nbsp;Rony Keselman<\/p>\n\n\n\n<p><strong>Coreograf\u00eda:<\/strong>&nbsp;Valeria Narv\u00e1ez<\/p>\n\n\n\n<p><strong>Escenograf\u00eda:<\/strong>&nbsp;Alejandro Mateo<\/p>\n\n\n\n<p><strong>Vestuario:<\/strong>&nbsp;Uriel Cistaro<\/p>\n\n\n\n<p><strong>Iluminaci\u00f3n:<\/strong>&nbsp;Iv\u00e1n Nirich<\/p>\n\n\n\n<p><strong>Sonido:<\/strong>&nbsp;Jos\u00e9 Poty Fr\u00edas<\/p>\n\n\n\n<p><strong>Dise\u00f1o de maquillaje:<\/strong>&nbsp;Adam Efron<\/p>\n\n\n\n<p><strong>Fotograf\u00eda:<\/strong>&nbsp;Nacho Lunadei y Agustina Luzniak<\/p>\n\n\n\n<p><strong>Dise\u00f1o gr\u00e1fico:<\/strong>&nbsp;Ariel Nesterczuk y Ramiro Viveros Calle<\/p>\n\n\n\n<p><strong>Maquillaje y peinado:<\/strong>&nbsp;Guillermina Fern\u00e1ndez<\/p>\n\n\n\n<p><strong>Realizaci\u00f3n de vestuario:<\/strong>&nbsp;Patricio Delgado y Sandra Ligabue<\/p>\n\n\n\n<p><strong>Prensa:<\/strong>&nbsp;Valeria Franchi<\/p>\n\n\n\n<p><strong>Asistencia de direcci\u00f3n:<\/strong>&nbsp;Valentina Lozano<\/p>\n\n\n\n<p><strong>Direcci\u00f3n general:<\/strong>&nbsp;Tatiana Santana<\/p>\n\n\n\n<p><strong>Duraci\u00f3n del espect\u00e1culo:<\/strong>&nbsp;55 minutos&nbsp;<\/p>\n\n\n\n<p><strong>Redes sociales del espect\u00e1culo:<\/strong>&nbsp;@mariaescallas.teatro<\/p>\n\n\n\n<p><strong>Redes sociales del elenco:<\/strong>&nbsp;@pedrofriasyuber @natucociuffo @sol_aguero @veropacenza @tatianasantanam @valulozanoj<\/p>\n\n\n\n<figure class=\"wp-block-image size-full\"><img loading=\"lazy\" decoding=\"async\" width=\"751\" height=\"745\" src=\"https:\/\/sergiolapegue.com\/site\/wp-content\/uploads\/2025\/03\/Maria-es-Callas-3.jpeg\" alt=\"\" class=\"wp-image-21176\" srcset=\"https:\/\/sergiolapegue.com\/site\/wp-content\/uploads\/2025\/03\/Maria-es-Callas-3.jpeg 751w, https:\/\/sergiolapegue.com\/site\/wp-content\/uploads\/2025\/03\/Maria-es-Callas-3-300x298.jpeg 300w, https:\/\/sergiolapegue.com\/site\/wp-content\/uploads\/2025\/03\/Maria-es-Callas-3-150x150.jpeg 150w, https:\/\/sergiolapegue.com\/site\/wp-content\/uploads\/2025\/03\/Maria-es-Callas-3-423x420.jpeg 423w, https:\/\/sergiolapegue.com\/site\/wp-content\/uploads\/2025\/03\/Maria-es-Callas-3-696x690.jpeg 696w\" sizes=\"auto, (max-width: 751px) 100vw, 751px\" \/><\/figure>\n\n\n\n<p><strong>TEATRO DEL PUEBLO<\/strong><\/p>\n\n\n\n<p>Lavalle 3636 \u2013 Capital Federal \u2013 Buenos Aires \u2013 Argentina<\/p>\n\n\n\n<p>Web: <a href=\"http:\/\/www.teatrodelpueblo.com.ar\">http:\/\/www.teatrodelpueblo.com.ar<\/a><\/p>\n\n\n\n<p>Reservas: 11 4 168 1505<\/p>\n\n\n\n<p>Entradas: $ 15.000 en boleter\u00eda del teatro o por Alternativa Teatral \u2013 Link:<\/p>\n\n\n\n<p><a href=\"https:\/\/www.alternativateatral.com\/obra83763-maria-es-callas\">https:\/\/www.alternativateatral.com\/obra83763-maria-es-callas<\/a><\/p>\n\n\n\n<p>Funciones: Lunes 20:00 horas \u2013 Los d\u00edas 10;17 y 31\/03\/2025 &nbsp;<\/p>\n\n\n\n<p><strong>Funci\u00f3n especial Fiesta de Teatro CABA 2025<\/strong><\/p>\n\n\n\n<p><strong>Teatro Dumont 4040<\/strong><\/p>\n\n\n\n<p>Santos Dumont 4040 \u2013 Capital Federal \u2013 Buenos Aires \u2013 Argentina<\/p>\n\n\n\n<p>Entradas: $ 10.000 \u2013 en boleter\u00eda del teatro o por Alternativa Teatral<\/p>\n\n\n\n<p>Funci\u00f3n: Mi\u00e9rcoles 12\/03\/2025 \u2013 19:00 horas<\/p>\n\n\n\n<p>Gracias Valeria Franchi por hacernos llegar la gacetilla de prensa de las nuevas funciones de este espect\u00e1culo.<\/p>\n\n\n\n<p><\/p>\n\n\n\n<figure class=\"wp-block-image size-full is-resized\"><img loading=\"lazy\" decoding=\"async\" width=\"563\" height=\"707\" src=\"https:\/\/sergiolapegue.com\/site\/wp-content\/uploads\/2025\/03\/Maria-es-Callas-Natalia-Cociuffo.jpeg\" alt=\"\" class=\"wp-image-21177\" style=\"width:335px;height:auto\" srcset=\"https:\/\/sergiolapegue.com\/site\/wp-content\/uploads\/2025\/03\/Maria-es-Callas-Natalia-Cociuffo.jpeg 563w, https:\/\/sergiolapegue.com\/site\/wp-content\/uploads\/2025\/03\/Maria-es-Callas-Natalia-Cociuffo-239x300.jpeg 239w, https:\/\/sergiolapegue.com\/site\/wp-content\/uploads\/2025\/03\/Maria-es-Callas-Natalia-Cociuffo-334x420.jpeg 334w\" sizes=\"auto, (max-width: 563px) 100vw, 563px\" \/><\/figure>\n\n\n\n<p><strong>NATALIA COCIUFFO<\/strong><\/p>\n\n\n\n<p>Es actriz, cantante y bailarina.<\/p>\n\n\n\n<p>Recientemente premiada como vocal coach del Cantando 2024.<\/p>\n\n\n\n<p>Algunos de sus trabajos m\u00e1s destacados: CHICAGO, PIAF con Elena Roger, CASI NORMALES (temporada 2022 Mar del Plata), LOS MONSTRUOS, GHOST, BENITO DE LA BOCA.<\/p>\n\n\n\n<p>TV: BUENOS CHICOS, GUAPAS, SE\u00d1ALES DEL FIN DEL MUNDO, KALLY MASHUP, CUANDO ME SONRE\u00cdS, MILLENIALS, HISTORIAS CL\u00cdNICAS, entre otros.<\/p>\n\n\n\n<p>En Cine: DESPU\u00c9S DEL FINAL, EL ESPEJO DE LOS OTROS, ANGELITA LA DOCTORA y LOS \u00daLTIMOS D\u00cdAS DE BETIANA RUIZ.<\/p>\n\n\n\n<p>Coprotagoniz\u00f3 junto a Soledad Villamil el mediometraje ANABLANCA Galardonada con el premio Estrella de Mar, ACE, Florencio S\u00e1nchez, HUGO.<\/p>\n\n\n\n<figure class=\"wp-block-image size-full is-resized\"><img loading=\"lazy\" decoding=\"async\" width=\"626\" height=\"750\" src=\"https:\/\/sergiolapegue.com\/site\/wp-content\/uploads\/2025\/03\/Maria-es-Callas-Tatiana-Santana.jpeg\" alt=\"\" class=\"wp-image-21178\" style=\"width:333px;height:auto\" srcset=\"https:\/\/sergiolapegue.com\/site\/wp-content\/uploads\/2025\/03\/Maria-es-Callas-Tatiana-Santana.jpeg 626w, https:\/\/sergiolapegue.com\/site\/wp-content\/uploads\/2025\/03\/Maria-es-Callas-Tatiana-Santana-250x300.jpeg 250w, https:\/\/sergiolapegue.com\/site\/wp-content\/uploads\/2025\/03\/Maria-es-Callas-Tatiana-Santana-351x420.jpeg 351w\" sizes=\"auto, (max-width: 626px) 100vw, 626px\" \/><\/figure>\n\n\n\n<p><strong>TATIANA SANTANA<\/strong><\/p>\n\n\n\n<p>Estudi\u00f3 actuaci\u00f3n en Andamio 90 y Timbre 4. Egres\u00f3 con el mejor promedio de la Carrera de Direcci\u00f3n en EMAD y obtuvo la Beca Podest\u00e1. Es docente, directora, dramaturga y productora de m\u00fasica y teatro.&nbsp;Estudia Direcci\u00f3n Esc\u00e9nica de \u00d3pera en el ISATC.<\/p>\n\n\n\n<p>Por sus obras gan\u00f3 Premios Mar\u00eda Guerrero, Trinidad Guevara, Artei y Hugo. Tambi\u00e9n recibi\u00f3 nominaciones a los Florencio S\u00e1nchez, Luisa Vehil, ACE, Teatro del mundo, Mundo T y Estrella de Mar. Algunos de sus espect\u00e1culos:&nbsp;<em>Cachafaz, La bestia rubia<\/em>,&nbsp;<em>La patria al hombro<\/em>,&nbsp;<em>Mar\u00eda, es Callas, Un grito en la voz<\/em>. Particip\u00f3 de festivales nacionales e internacionales.<\/p>\n\n\n\n<figure class=\"wp-block-image size-full is-resized\"><img loading=\"lazy\" decoding=\"async\" width=\"587\" height=\"722\" src=\"https:\/\/sergiolapegue.com\/site\/wp-content\/uploads\/2025\/03\/Maria-es-Callas-Adriana-Tursi.jpeg\" alt=\"\" class=\"wp-image-21179\" style=\"width:331px;height:auto\" srcset=\"https:\/\/sergiolapegue.com\/site\/wp-content\/uploads\/2025\/03\/Maria-es-Callas-Adriana-Tursi.jpeg 587w, https:\/\/sergiolapegue.com\/site\/wp-content\/uploads\/2025\/03\/Maria-es-Callas-Adriana-Tursi-244x300.jpeg 244w, https:\/\/sergiolapegue.com\/site\/wp-content\/uploads\/2025\/03\/Maria-es-Callas-Adriana-Tursi-341x420.jpeg 341w, https:\/\/sergiolapegue.com\/site\/wp-content\/uploads\/2025\/03\/Maria-es-Callas-Adriana-Tursi-324x400.jpeg 324w\" sizes=\"auto, (max-width: 587px) 100vw, 587px\" \/><\/figure>\n\n\n\n<p><strong>ADRIANA TURSI<\/strong><\/p>\n\n\n\n<p>Dramaturga y guionista. Egresada de la Tecnicatura en Dramaturgia de la Escuela Municipal de Arte Dram\u00e1tico de Buenos Aires. Se form\u00f3 en los talleres de Ricardo Monti y Mauricio Kartun.<\/p>\n\n\n\n<p>Obtuvo el Primer Premio de la Secretaria de Cultura del Gobierno de la Cuidad de Buenos Aires y Secretaria de Patrimonio Cultural, Menci\u00f3n Especial del Fondo Nacional de las Artes, Primer Premio Nacional de Teatro otorgado por la Secretaria de Cultura, Premio Estrella de Mar, Primer Premio Municipal.<\/p>\n\n\n\n<p>Algunas de sus obras en cartel: \u201cLa patria al hombro\u201d, \u201cRemedios, una mujer sin patria\u201d, \u201cLa fuerza del agua\u201d, \u201cFelicitas, o las ni\u00f1as mudas\u201d, \u201cMar\u00eda, es Callas\u201d.<\/p>\n\n\n\n<figure class=\"wp-block-image size-full is-resized\"><img loading=\"lazy\" decoding=\"async\" width=\"677\" height=\"627\" src=\"https:\/\/sergiolapegue.com\/site\/wp-content\/uploads\/2025\/03\/Maria-es-Callas-Pedro-Frias-Yuber.jpeg\" alt=\"\" class=\"wp-image-21180\" style=\"width:338px;height:auto\" srcset=\"https:\/\/sergiolapegue.com\/site\/wp-content\/uploads\/2025\/03\/Maria-es-Callas-Pedro-Frias-Yuber.jpeg 677w, https:\/\/sergiolapegue.com\/site\/wp-content\/uploads\/2025\/03\/Maria-es-Callas-Pedro-Frias-Yuber-300x278.jpeg 300w, https:\/\/sergiolapegue.com\/site\/wp-content\/uploads\/2025\/03\/Maria-es-Callas-Pedro-Frias-Yuber-453x420.jpeg 453w\" sizes=\"auto, (max-width: 677px) 100vw, 677px\" \/><\/figure>\n\n\n\n<p><strong>PEDRO FR\u00cdAS YUBER<\/strong><\/p>\n\n\n\n<p>Actor, cantante, bailar\u00edn. Estudi\u00f3 en la Fundaci\u00f3n Julio Bocca Teatro Musical y Danza, Jacob &#8216;s Pillow Dance Festival (Jazz and Musical Theater program), Steps on Broadway (EE. UU.) y el Taller de Danza Contempor\u00e1nea del Teatro Municipal General San Mart\u00edn. Se perfeccion\u00f3 en actuaci\u00f3n, clown y canto con diversos maestros. Entre sus trabajos se encuentran: \u201cLes Noises de l&#8217;enfant Roi\u201d (Francia) \u201cEva, el gran musical argentino\u201d, \u201cElla\u201d, \u201cCaravan, the jazz musical\u201d, \u201cDespertar de Primavera\u201d, Proteges III (Washington DC), \u201cMamma M\u00eda\u201d, \u201cVale Todo\u201d, \u201cJudy, un homenaje a Judy Garland\u201d, \u201cLo que hice por amor\u201d, \u201cLa bestia rubia\u201d, \u201cFranciscus\u201d, \u201cEl violinista en el Tejado\u201d, \u201cLa escuela del mundo al rev\u00e9s\u201d, \u201cJudith y Holofernes, tragedia sobre la venganza de una hero\u00edna\u201d, \u201cHello Dolly\u201d, \u201cDr\u00e1cula, el musical\u201d \u201cMar\u00eda, es Callas\u201d, \u201cNarices, \u201cTootsie\u201d, \u201cUn grito en la voz, dedicado a Mercedes Sosa\u201d.&nbsp;<\/p>\n","protected":false},"excerpt":{"rendered":"<p>En Marzo vuelve la premiada &#8220;Mar\u00eda, es Callas&#8221;, un homenaje a la gran artista Mar\u00eda Callas, con 3 \u00fanicas funciones en el Teatro del Pueblo y una funci\u00f3n especial en la Fiesta de Teatro CABA 2025. No se la pierdan! Despu\u00e9s de dos a\u00f1os de temporada a sala llena, vuelve al Teatro del Pueblo esta [&hellip;]<\/p>\n","protected":false},"author":3,"featured_media":21181,"comment_status":"open","ping_status":"closed","sticky":false,"template":"","format":"standard","meta":{"footnotes":""},"categories":[34,35],"tags":[],"class_list":{"0":"post-21173","1":"post","2":"type-post","3":"status-publish","4":"format-standard","5":"has-post-thumbnail","7":"category-arte","8":"category-teatro"},"yoast_head":"<!-- This site is optimized with the Yoast SEO plugin v27.5 - https:\/\/yoast.com\/product\/yoast-seo-wordpress\/ -->\n<title>\u201cMAR\u00cdA, ES CALLAS\u201d - Sergio Lapegue<\/title>\n<meta name=\"robots\" content=\"index, follow, max-snippet:-1, max-image-preview:large, max-video-preview:-1\" \/>\n<link rel=\"canonical\" href=\"https:\/\/sergiolapegue.com\/site\/2025\/03\/04\/maria-es-callas\/\" \/>\n<meta property=\"og:locale\" content=\"es_ES\" \/>\n<meta property=\"og:type\" content=\"article\" \/>\n<meta property=\"og:title\" content=\"\u201cMAR\u00cdA, ES CALLAS\u201d - Sergio Lapegue\" \/>\n<meta property=\"og:description\" content=\"En Marzo vuelve la premiada &#8220;Mar\u00eda, es Callas&#8221;, un homenaje a la gran artista Mar\u00eda Callas, con 3 \u00fanicas funciones en el Teatro del Pueblo y una funci\u00f3n especial en la Fiesta de Teatro CABA 2025. No se la pierdan! Despu\u00e9s de dos a\u00f1os de temporada a sala llena, vuelve al Teatro del Pueblo esta [&hellip;]\" \/>\n<meta property=\"og:url\" content=\"https:\/\/sergiolapegue.com\/site\/2025\/03\/04\/maria-es-callas\/\" \/>\n<meta property=\"og:site_name\" content=\"Sergio Lapegue\" \/>\n<meta property=\"article:publisher\" content=\"https:\/\/facebook.com\/sergiolapegue\" \/>\n<meta property=\"article:author\" content=\"https:\/\/facebook.com\/danielernesto.montana\" \/>\n<meta property=\"article:published_time\" content=\"2025-03-04T04:00:00+00:00\" \/>\n<meta property=\"og:image\" content=\"https:\/\/sergiolapegue.com\/site\/wp-content\/uploads\/2025\/03\/Maria-es-Callas.jpg\" \/>\n\t<meta property=\"og:image:width\" content=\"921\" \/>\n\t<meta property=\"og:image:height\" content=\"837\" \/>\n\t<meta property=\"og:image:type\" content=\"image\/jpeg\" \/>\n<meta name=\"author\" content=\"Daniel E. Monta\u00f1a\" \/>\n<meta name=\"twitter:card\" content=\"summary_large_image\" \/>\n<meta name=\"twitter:creator\" content=\"@https:\/\/twitter.com\/daner_004\" \/>\n<meta name=\"twitter:site\" content=\"@sergiolapegue\" \/>\n<meta name=\"twitter:label1\" content=\"Escrito por\" \/>\n\t<meta name=\"twitter:data1\" content=\"Daniel E. Monta\u00f1a\" \/>\n\t<meta name=\"twitter:label2\" content=\"Tiempo de lectura\" \/>\n\t<meta name=\"twitter:data2\" content=\"6 minutos\" \/>\n<script type=\"application\/ld+json\" class=\"yoast-schema-graph\">{\"@context\":\"https:\\\/\\\/schema.org\",\"@graph\":[{\"@type\":\"Article\",\"@id\":\"https:\\\/\\\/sergiolapegue.com\\\/site\\\/2025\\\/03\\\/04\\\/maria-es-callas\\\/#article\",\"isPartOf\":{\"@id\":\"https:\\\/\\\/sergiolapegue.com\\\/site\\\/2025\\\/03\\\/04\\\/maria-es-callas\\\/\"},\"author\":{\"name\":\"Daniel E. Monta\u00f1a\",\"@id\":\"https:\\\/\\\/sergiolapegue.com\\\/site\\\/#\\\/schema\\\/person\\\/9198e7dbab43c6d74d0fd5399af7c3cd\"},\"headline\":\"\u201cMAR\u00cdA, ES CALLAS\u201d\",\"datePublished\":\"2025-03-04T04:00:00+00:00\",\"mainEntityOfPage\":{\"@id\":\"https:\\\/\\\/sergiolapegue.com\\\/site\\\/2025\\\/03\\\/04\\\/maria-es-callas\\\/\"},\"wordCount\":948,\"commentCount\":0,\"publisher\":{\"@id\":\"https:\\\/\\\/sergiolapegue.com\\\/site\\\/#\\\/schema\\\/person\\\/083aeceeb0734cd166779ea6c0551a37\"},\"image\":{\"@id\":\"https:\\\/\\\/sergiolapegue.com\\\/site\\\/2025\\\/03\\\/04\\\/maria-es-callas\\\/#primaryimage\"},\"thumbnailUrl\":\"https:\\\/\\\/sergiolapegue.com\\\/site\\\/wp-content\\\/uploads\\\/2025\\\/03\\\/Maria-es-Callas.jpg\",\"articleSection\":[\"Arte\",\"Teatro\"],\"inLanguage\":\"es-AR\",\"potentialAction\":[{\"@type\":\"CommentAction\",\"name\":\"Comment\",\"target\":[\"https:\\\/\\\/sergiolapegue.com\\\/site\\\/2025\\\/03\\\/04\\\/maria-es-callas\\\/#respond\"]}]},{\"@type\":\"WebPage\",\"@id\":\"https:\\\/\\\/sergiolapegue.com\\\/site\\\/2025\\\/03\\\/04\\\/maria-es-callas\\\/\",\"url\":\"https:\\\/\\\/sergiolapegue.com\\\/site\\\/2025\\\/03\\\/04\\\/maria-es-callas\\\/\",\"name\":\"\u201cMAR\u00cdA, ES CALLAS\u201d - Sergio Lapegue\",\"isPartOf\":{\"@id\":\"https:\\\/\\\/sergiolapegue.com\\\/site\\\/#website\"},\"primaryImageOfPage\":{\"@id\":\"https:\\\/\\\/sergiolapegue.com\\\/site\\\/2025\\\/03\\\/04\\\/maria-es-callas\\\/#primaryimage\"},\"image\":{\"@id\":\"https:\\\/\\\/sergiolapegue.com\\\/site\\\/2025\\\/03\\\/04\\\/maria-es-callas\\\/#primaryimage\"},\"thumbnailUrl\":\"https:\\\/\\\/sergiolapegue.com\\\/site\\\/wp-content\\\/uploads\\\/2025\\\/03\\\/Maria-es-Callas.jpg\",\"datePublished\":\"2025-03-04T04:00:00+00:00\",\"breadcrumb\":{\"@id\":\"https:\\\/\\\/sergiolapegue.com\\\/site\\\/2025\\\/03\\\/04\\\/maria-es-callas\\\/#breadcrumb\"},\"inLanguage\":\"es-AR\",\"potentialAction\":[{\"@type\":\"ReadAction\",\"target\":[\"https:\\\/\\\/sergiolapegue.com\\\/site\\\/2025\\\/03\\\/04\\\/maria-es-callas\\\/\"]}]},{\"@type\":\"ImageObject\",\"inLanguage\":\"es-AR\",\"@id\":\"https:\\\/\\\/sergiolapegue.com\\\/site\\\/2025\\\/03\\\/04\\\/maria-es-callas\\\/#primaryimage\",\"url\":\"https:\\\/\\\/sergiolapegue.com\\\/site\\\/wp-content\\\/uploads\\\/2025\\\/03\\\/Maria-es-Callas.jpg\",\"contentUrl\":\"https:\\\/\\\/sergiolapegue.com\\\/site\\\/wp-content\\\/uploads\\\/2025\\\/03\\\/Maria-es-Callas.jpg\",\"width\":921,\"height\":837},{\"@type\":\"BreadcrumbList\",\"@id\":\"https:\\\/\\\/sergiolapegue.com\\\/site\\\/2025\\\/03\\\/04\\\/maria-es-callas\\\/#breadcrumb\",\"itemListElement\":[{\"@type\":\"ListItem\",\"position\":1,\"name\":\"Inicio\",\"item\":\"https:\\\/\\\/sergiolapegue.com\\\/site\\\/\"},{\"@type\":\"ListItem\",\"position\":2,\"name\":\"\u201cMAR\u00cdA, ES CALLAS\u201d\"}]},{\"@type\":\"WebSite\",\"@id\":\"https:\\\/\\\/sergiolapegue.com\\\/site\\\/#website\",\"url\":\"https:\\\/\\\/sergiolapegue.com\\\/site\\\/\",\"name\":\"Sergio Lapegue\",\"description\":\"Periodista\",\"publisher\":{\"@id\":\"https:\\\/\\\/sergiolapegue.com\\\/site\\\/#\\\/schema\\\/person\\\/083aeceeb0734cd166779ea6c0551a37\"},\"potentialAction\":[{\"@type\":\"SearchAction\",\"target\":{\"@type\":\"EntryPoint\",\"urlTemplate\":\"https:\\\/\\\/sergiolapegue.com\\\/site\\\/?s={search_term_string}\"},\"query-input\":{\"@type\":\"PropertyValueSpecification\",\"valueRequired\":true,\"valueName\":\"search_term_string\"}}],\"inLanguage\":\"es-AR\"},{\"@type\":[\"Person\",\"Organization\"],\"@id\":\"https:\\\/\\\/sergiolapegue.com\\\/site\\\/#\\\/schema\\\/person\\\/083aeceeb0734cd166779ea6c0551a37\",\"name\":\"Sergio Lapegue\",\"image\":{\"@type\":\"ImageObject\",\"inLanguage\":\"es-AR\",\"@id\":\"https:\\\/\\\/sergiolapegue.com\\\/site\\\/wp-content\\\/uploads\\\/2021\\\/04\\\/logo_header-1.png\",\"url\":\"https:\\\/\\\/sergiolapegue.com\\\/site\\\/wp-content\\\/uploads\\\/2021\\\/04\\\/logo_header-1.png\",\"contentUrl\":\"https:\\\/\\\/sergiolapegue.com\\\/site\\\/wp-content\\\/uploads\\\/2021\\\/04\\\/logo_header-1.png\",\"width\":272,\"height\":90,\"caption\":\"Sergio Lapegue\"},\"logo\":{\"@id\":\"https:\\\/\\\/sergiolapegue.com\\\/site\\\/wp-content\\\/uploads\\\/2021\\\/04\\\/logo_header-1.png\"},\"sameAs\":[\"https:\\\/\\\/facebook.com\\\/sergiolapegue\",\"https:\\\/\\\/instagram.com\\\/sergiolapegue\",\"https:\\\/\\\/x.com\\\/https:\\\/\\\/twitter.com\\\/sergiolapegue\"]},{\"@type\":\"Person\",\"@id\":\"https:\\\/\\\/sergiolapegue.com\\\/site\\\/#\\\/schema\\\/person\\\/9198e7dbab43c6d74d0fd5399af7c3cd\",\"name\":\"Daniel E. Monta\u00f1a\",\"image\":{\"@type\":\"ImageObject\",\"inLanguage\":\"es-AR\",\"@id\":\"https:\\\/\\\/sergiolapegue.com\\\/site\\\/wp-content\\\/uploads\\\/2021\\\/04\\\/sl_avatar_Daniel-150x150.jpg\",\"url\":\"https:\\\/\\\/sergiolapegue.com\\\/site\\\/wp-content\\\/uploads\\\/2021\\\/04\\\/sl_avatar_Daniel-150x150.jpg\",\"contentUrl\":\"https:\\\/\\\/sergiolapegue.com\\\/site\\\/wp-content\\\/uploads\\\/2021\\\/04\\\/sl_avatar_Daniel-150x150.jpg\",\"caption\":\"Daniel E. Monta\u00f1a\"},\"sameAs\":[\"https:\\\/\\\/facebook.com\\\/danielernesto.montana\",\"https:\\\/\\\/instagram.com\\\/daniel_montana1961\",\"https:\\\/\\\/x.com\\\/https:\\\/\\\/twitter.com\\\/daner_004\"],\"url\":\"https:\\\/\\\/sergiolapegue.com\\\/site\\\/author\\\/daniel\\\/\"}]}<\/script>\n<!-- \/ Yoast SEO plugin. -->","yoast_head_json":{"title":"\u201cMAR\u00cdA, ES CALLAS\u201d - Sergio Lapegue","robots":{"index":"index","follow":"follow","max-snippet":"max-snippet:-1","max-image-preview":"max-image-preview:large","max-video-preview":"max-video-preview:-1"},"canonical":"https:\/\/sergiolapegue.com\/site\/2025\/03\/04\/maria-es-callas\/","og_locale":"es_ES","og_type":"article","og_title":"\u201cMAR\u00cdA, ES CALLAS\u201d - Sergio Lapegue","og_description":"En Marzo vuelve la premiada &#8220;Mar\u00eda, es Callas&#8221;, un homenaje a la gran artista Mar\u00eda Callas, con 3 \u00fanicas funciones en el Teatro del Pueblo y una funci\u00f3n especial en la Fiesta de Teatro CABA 2025. No se la pierdan! Despu\u00e9s de dos a\u00f1os de temporada a sala llena, vuelve al Teatro del Pueblo esta [&hellip;]","og_url":"https:\/\/sergiolapegue.com\/site\/2025\/03\/04\/maria-es-callas\/","og_site_name":"Sergio Lapegue","article_publisher":"https:\/\/facebook.com\/sergiolapegue","article_author":"https:\/\/facebook.com\/danielernesto.montana","article_published_time":"2025-03-04T04:00:00+00:00","og_image":[{"width":921,"height":837,"url":"https:\/\/sergiolapegue.com\/site\/wp-content\/uploads\/2025\/03\/Maria-es-Callas.jpg","type":"image\/jpeg"}],"author":"Daniel E. Monta\u00f1a","twitter_card":"summary_large_image","twitter_creator":"@https:\/\/twitter.com\/daner_004","twitter_site":"@sergiolapegue","twitter_misc":{"Escrito por":"Daniel E. Monta\u00f1a","Tiempo de lectura":"6 minutos"},"schema":{"@context":"https:\/\/schema.org","@graph":[{"@type":"Article","@id":"https:\/\/sergiolapegue.com\/site\/2025\/03\/04\/maria-es-callas\/#article","isPartOf":{"@id":"https:\/\/sergiolapegue.com\/site\/2025\/03\/04\/maria-es-callas\/"},"author":{"name":"Daniel E. Monta\u00f1a","@id":"https:\/\/sergiolapegue.com\/site\/#\/schema\/person\/9198e7dbab43c6d74d0fd5399af7c3cd"},"headline":"\u201cMAR\u00cdA, ES CALLAS\u201d","datePublished":"2025-03-04T04:00:00+00:00","mainEntityOfPage":{"@id":"https:\/\/sergiolapegue.com\/site\/2025\/03\/04\/maria-es-callas\/"},"wordCount":948,"commentCount":0,"publisher":{"@id":"https:\/\/sergiolapegue.com\/site\/#\/schema\/person\/083aeceeb0734cd166779ea6c0551a37"},"image":{"@id":"https:\/\/sergiolapegue.com\/site\/2025\/03\/04\/maria-es-callas\/#primaryimage"},"thumbnailUrl":"https:\/\/sergiolapegue.com\/site\/wp-content\/uploads\/2025\/03\/Maria-es-Callas.jpg","articleSection":["Arte","Teatro"],"inLanguage":"es-AR","potentialAction":[{"@type":"CommentAction","name":"Comment","target":["https:\/\/sergiolapegue.com\/site\/2025\/03\/04\/maria-es-callas\/#respond"]}]},{"@type":"WebPage","@id":"https:\/\/sergiolapegue.com\/site\/2025\/03\/04\/maria-es-callas\/","url":"https:\/\/sergiolapegue.com\/site\/2025\/03\/04\/maria-es-callas\/","name":"\u201cMAR\u00cdA, ES CALLAS\u201d - Sergio Lapegue","isPartOf":{"@id":"https:\/\/sergiolapegue.com\/site\/#website"},"primaryImageOfPage":{"@id":"https:\/\/sergiolapegue.com\/site\/2025\/03\/04\/maria-es-callas\/#primaryimage"},"image":{"@id":"https:\/\/sergiolapegue.com\/site\/2025\/03\/04\/maria-es-callas\/#primaryimage"},"thumbnailUrl":"https:\/\/sergiolapegue.com\/site\/wp-content\/uploads\/2025\/03\/Maria-es-Callas.jpg","datePublished":"2025-03-04T04:00:00+00:00","breadcrumb":{"@id":"https:\/\/sergiolapegue.com\/site\/2025\/03\/04\/maria-es-callas\/#breadcrumb"},"inLanguage":"es-AR","potentialAction":[{"@type":"ReadAction","target":["https:\/\/sergiolapegue.com\/site\/2025\/03\/04\/maria-es-callas\/"]}]},{"@type":"ImageObject","inLanguage":"es-AR","@id":"https:\/\/sergiolapegue.com\/site\/2025\/03\/04\/maria-es-callas\/#primaryimage","url":"https:\/\/sergiolapegue.com\/site\/wp-content\/uploads\/2025\/03\/Maria-es-Callas.jpg","contentUrl":"https:\/\/sergiolapegue.com\/site\/wp-content\/uploads\/2025\/03\/Maria-es-Callas.jpg","width":921,"height":837},{"@type":"BreadcrumbList","@id":"https:\/\/sergiolapegue.com\/site\/2025\/03\/04\/maria-es-callas\/#breadcrumb","itemListElement":[{"@type":"ListItem","position":1,"name":"Inicio","item":"https:\/\/sergiolapegue.com\/site\/"},{"@type":"ListItem","position":2,"name":"\u201cMAR\u00cdA, ES CALLAS\u201d"}]},{"@type":"WebSite","@id":"https:\/\/sergiolapegue.com\/site\/#website","url":"https:\/\/sergiolapegue.com\/site\/","name":"Sergio Lapegue","description":"Periodista","publisher":{"@id":"https:\/\/sergiolapegue.com\/site\/#\/schema\/person\/083aeceeb0734cd166779ea6c0551a37"},"potentialAction":[{"@type":"SearchAction","target":{"@type":"EntryPoint","urlTemplate":"https:\/\/sergiolapegue.com\/site\/?s={search_term_string}"},"query-input":{"@type":"PropertyValueSpecification","valueRequired":true,"valueName":"search_term_string"}}],"inLanguage":"es-AR"},{"@type":["Person","Organization"],"@id":"https:\/\/sergiolapegue.com\/site\/#\/schema\/person\/083aeceeb0734cd166779ea6c0551a37","name":"Sergio Lapegue","image":{"@type":"ImageObject","inLanguage":"es-AR","@id":"https:\/\/sergiolapegue.com\/site\/wp-content\/uploads\/2021\/04\/logo_header-1.png","url":"https:\/\/sergiolapegue.com\/site\/wp-content\/uploads\/2021\/04\/logo_header-1.png","contentUrl":"https:\/\/sergiolapegue.com\/site\/wp-content\/uploads\/2021\/04\/logo_header-1.png","width":272,"height":90,"caption":"Sergio Lapegue"},"logo":{"@id":"https:\/\/sergiolapegue.com\/site\/wp-content\/uploads\/2021\/04\/logo_header-1.png"},"sameAs":["https:\/\/facebook.com\/sergiolapegue","https:\/\/instagram.com\/sergiolapegue","https:\/\/x.com\/https:\/\/twitter.com\/sergiolapegue"]},{"@type":"Person","@id":"https:\/\/sergiolapegue.com\/site\/#\/schema\/person\/9198e7dbab43c6d74d0fd5399af7c3cd","name":"Daniel E. Monta\u00f1a","image":{"@type":"ImageObject","inLanguage":"es-AR","@id":"https:\/\/sergiolapegue.com\/site\/wp-content\/uploads\/2021\/04\/sl_avatar_Daniel-150x150.jpg","url":"https:\/\/sergiolapegue.com\/site\/wp-content\/uploads\/2021\/04\/sl_avatar_Daniel-150x150.jpg","contentUrl":"https:\/\/sergiolapegue.com\/site\/wp-content\/uploads\/2021\/04\/sl_avatar_Daniel-150x150.jpg","caption":"Daniel E. Monta\u00f1a"},"sameAs":["https:\/\/facebook.com\/danielernesto.montana","https:\/\/instagram.com\/daniel_montana1961","https:\/\/x.com\/https:\/\/twitter.com\/daner_004"],"url":"https:\/\/sergiolapegue.com\/site\/author\/daniel\/"}]}},"_links":{"self":[{"href":"https:\/\/sergiolapegue.com\/site\/wp-json\/wp\/v2\/posts\/21173","targetHints":{"allow":["GET"]}}],"collection":[{"href":"https:\/\/sergiolapegue.com\/site\/wp-json\/wp\/v2\/posts"}],"about":[{"href":"https:\/\/sergiolapegue.com\/site\/wp-json\/wp\/v2\/types\/post"}],"author":[{"embeddable":true,"href":"https:\/\/sergiolapegue.com\/site\/wp-json\/wp\/v2\/users\/3"}],"replies":[{"embeddable":true,"href":"https:\/\/sergiolapegue.com\/site\/wp-json\/wp\/v2\/comments?post=21173"}],"version-history":[{"count":1,"href":"https:\/\/sergiolapegue.com\/site\/wp-json\/wp\/v2\/posts\/21173\/revisions"}],"predecessor-version":[{"id":21182,"href":"https:\/\/sergiolapegue.com\/site\/wp-json\/wp\/v2\/posts\/21173\/revisions\/21182"}],"wp:featuredmedia":[{"embeddable":true,"href":"https:\/\/sergiolapegue.com\/site\/wp-json\/wp\/v2\/media\/21181"}],"wp:attachment":[{"href":"https:\/\/sergiolapegue.com\/site\/wp-json\/wp\/v2\/media?parent=21173"}],"wp:term":[{"taxonomy":"category","embeddable":true,"href":"https:\/\/sergiolapegue.com\/site\/wp-json\/wp\/v2\/categories?post=21173"},{"taxonomy":"post_tag","embeddable":true,"href":"https:\/\/sergiolapegue.com\/site\/wp-json\/wp\/v2\/tags?post=21173"}],"curies":[{"name":"wp","href":"https:\/\/api.w.org\/{rel}","templated":true}]}}