{"id":21164,"date":"2025-04-13T01:00:00","date_gmt":"2025-04-13T04:00:00","guid":{"rendered":"https:\/\/sergiolapegue.com\/site\/?p=21164"},"modified":"2025-04-10T23:51:06","modified_gmt":"2025-04-11T02:51:06","slug":"me-libero-de-aquel-cuento","status":"publish","type":"post","link":"https:\/\/sergiolapegue.com\/site\/2025\/04\/13\/me-libero-de-aquel-cuento\/","title":{"rendered":"&#8220;ME LIBERO DE AQUEL CUENTO&#8221;"},"content":{"rendered":"\n<p>Desde el 9 de marzo se podr\u00e1 volver a ver &#8220;ME LIBERO DE AQUEL CUENTO&#8221;, de la Compa\u00f1\u00eda Sinestesia, obra de danza a\u00e9rea y teatro f\u00edsico con dramaturgia y direcci\u00f3n de Florencia Scibona y Lorena Soledad Insabralde y las actuaciones de Alina Lacoste, Carolina Von L\u00fccken, Florencia Scibona, Lorena Insabralde y Tania Vaca \u00c1vila.<\/p>\n\n\n\n<p>La obra cuenta con el apoyo de PROTEATRO y del INT.<\/p>\n\n\n\n<figure class=\"wp-block-image size-large\"><img loading=\"lazy\" decoding=\"async\" width=\"1024\" height=\"602\" src=\"https:\/\/sergiolapegue.com\/site\/wp-content\/uploads\/2025\/03\/Me-libero-de-aquel-cuento-1-1024x602.jpg\" alt=\"\" class=\"wp-image-21165\" srcset=\"https:\/\/sergiolapegue.com\/site\/wp-content\/uploads\/2025\/03\/Me-libero-de-aquel-cuento-1-1024x602.jpg 1024w, https:\/\/sergiolapegue.com\/site\/wp-content\/uploads\/2025\/03\/Me-libero-de-aquel-cuento-1-300x176.jpg 300w, https:\/\/sergiolapegue.com\/site\/wp-content\/uploads\/2025\/03\/Me-libero-de-aquel-cuento-1-768x451.jpg 768w, https:\/\/sergiolapegue.com\/site\/wp-content\/uploads\/2025\/03\/Me-libero-de-aquel-cuento-1-1536x903.jpg 1536w, https:\/\/sergiolapegue.com\/site\/wp-content\/uploads\/2025\/03\/Me-libero-de-aquel-cuento-1-2048x1204.jpg 2048w, https:\/\/sergiolapegue.com\/site\/wp-content\/uploads\/2025\/03\/Me-libero-de-aquel-cuento-1-715x420.jpg 715w, https:\/\/sergiolapegue.com\/site\/wp-content\/uploads\/2025\/03\/Me-libero-de-aquel-cuento-1-696x409.jpg 696w, https:\/\/sergiolapegue.com\/site\/wp-content\/uploads\/2025\/03\/Me-libero-de-aquel-cuento-1-1068x628.jpg 1068w, https:\/\/sergiolapegue.com\/site\/wp-content\/uploads\/2025\/03\/Me-libero-de-aquel-cuento-1-1920x1129.jpg 1920w\" sizes=\"auto, (max-width: 1024px) 100vw, 1024px\" \/><\/figure>\n\n\n\n<p><strong>SINOPSIS<\/strong><\/p>\n\n\n\n<p>Cuatro mujeres bailan y expresan construcciones sociales impuestas desde la infancia. Envueltas en voces en off, mapping, m\u00fasicas y vuelos, abren la reflexi\u00f3n sobre estereotipos construidos a partir de los cuentos escuchados desde hace tanto tiempo\u2026Danzan la necesidad de salir de una incomodidad, se mueven en el piso y en el aire llevadas por las voces de mujeres que transmiten el hast\u00edo de encontrarse en un lugar social que no es suyo.<\/p>\n\n\n\n<p>\u201cMe libero de aquel cuento\u201d&nbsp;es una creaci\u00f3n de danza a\u00e9rea y teatro f\u00edsico; una obra con perspectiva de g\u00e9nero que aborda tem\u00e1ticas sociales actuales. Invita al p\u00fablico a sumergirse en un mundo que desaf\u00eda la gravedad y a vivenciar la danza a\u00e9rea y el teatro de una manera diferente.<\/p>\n\n\n\n<figure class=\"wp-block-image size-large\"><img loading=\"lazy\" decoding=\"async\" width=\"1024\" height=\"683\" src=\"https:\/\/sergiolapegue.com\/site\/wp-content\/uploads\/2025\/03\/Me-libero-de-aquel-cuento-2-1024x683.jpg\" alt=\"\" class=\"wp-image-21166\" srcset=\"https:\/\/sergiolapegue.com\/site\/wp-content\/uploads\/2025\/03\/Me-libero-de-aquel-cuento-2-1024x683.jpg 1024w, https:\/\/sergiolapegue.com\/site\/wp-content\/uploads\/2025\/03\/Me-libero-de-aquel-cuento-2-300x200.jpg 300w, https:\/\/sergiolapegue.com\/site\/wp-content\/uploads\/2025\/03\/Me-libero-de-aquel-cuento-2-768x512.jpg 768w, https:\/\/sergiolapegue.com\/site\/wp-content\/uploads\/2025\/03\/Me-libero-de-aquel-cuento-2-1536x1024.jpg 1536w, https:\/\/sergiolapegue.com\/site\/wp-content\/uploads\/2025\/03\/Me-libero-de-aquel-cuento-2-2048x1365.jpg 2048w, https:\/\/sergiolapegue.com\/site\/wp-content\/uploads\/2025\/03\/Me-libero-de-aquel-cuento-2-630x420.jpg 630w, https:\/\/sergiolapegue.com\/site\/wp-content\/uploads\/2025\/03\/Me-libero-de-aquel-cuento-2-696x464.jpg 696w, https:\/\/sergiolapegue.com\/site\/wp-content\/uploads\/2025\/03\/Me-libero-de-aquel-cuento-2-1068x712.jpg 1068w, https:\/\/sergiolapegue.com\/site\/wp-content\/uploads\/2025\/03\/Me-libero-de-aquel-cuento-2-1920x1280.jpg 1920w\" sizes=\"auto, (max-width: 1024px) 100vw, 1024px\" \/><\/figure>\n\n\n\n<p><strong>PALABRAS DE LAS DIRECTORAS<\/strong><\/p>\n\n\n\n<p>\u201cComo compa\u00f1\u00eda nuestro objetivo es producir piezas cortas y obras innovadoras que generen espacios de reflexi\u00f3n mediante el arte. Nuestra \u00faltima creaci\u00f3n,&nbsp;\u201cMe libero de aquel cuento\u201d, es una obra de danza a\u00e9rea y teatro f\u00edsico con perspectiva de g\u00e9nero que busca interpelar al p\u00fablico sobre algunas tem\u00e1ticas sociales. Nos enfocamos en mostrar los lugares y estereotipos que ocuparon las mujeres en los cuentos infantiles: de competencia y rivalidad, de b\u00fasqueda de la belleza como \u00fanica v\u00eda de aceptaci\u00f3n, tambi\u00e9n el lugar del hombre como pr\u00edncipe, todo lo que fuimos escuchando sin darnos cuenta desde hace tiempo. Las protagonistas exponen la necesidad de cuestionamiento, de transformaci\u00f3n y liberaci\u00f3n, entre danzas, vuelos, luces e im\u00e1genes, para crear un nuevo cuento en el cual las mujeres encontremos paz unas con otras.<\/p>\n\n\n\n<p>Queremos que el p\u00fablico, mujeres, hombres, adultos y adolescentes se pregunten y repregunten sobre esas tem\u00e1ticas. La danza a\u00e9rea ofrece una po\u00e9tica innovadora de alto impacto y -utilizando la t\u00e9cnica de mapping y visuales con materiales propios- mostramos una obra inclusiva. \u00a1Realmente vemos c\u00f3mo se genera un clima en el p\u00fablico! Se van interpelados, conmovidos. Logramos una obra hermosa que invita a la reflexi\u00f3n a cualquiera que vea la obra.\u201d<\/p>\n\n\n\n<figure class=\"wp-block-image size-large\"><img loading=\"lazy\" decoding=\"async\" width=\"1024\" height=\"683\" src=\"https:\/\/sergiolapegue.com\/site\/wp-content\/uploads\/2025\/03\/Me-libero-de-aquel-cuento-3-1024x683.jpg\" alt=\"\" class=\"wp-image-21167\" srcset=\"https:\/\/sergiolapegue.com\/site\/wp-content\/uploads\/2025\/03\/Me-libero-de-aquel-cuento-3-1024x683.jpg 1024w, https:\/\/sergiolapegue.com\/site\/wp-content\/uploads\/2025\/03\/Me-libero-de-aquel-cuento-3-300x200.jpg 300w, https:\/\/sergiolapegue.com\/site\/wp-content\/uploads\/2025\/03\/Me-libero-de-aquel-cuento-3-768x512.jpg 768w, https:\/\/sergiolapegue.com\/site\/wp-content\/uploads\/2025\/03\/Me-libero-de-aquel-cuento-3-1536x1024.jpg 1536w, https:\/\/sergiolapegue.com\/site\/wp-content\/uploads\/2025\/03\/Me-libero-de-aquel-cuento-3-2048x1365.jpg 2048w, https:\/\/sergiolapegue.com\/site\/wp-content\/uploads\/2025\/03\/Me-libero-de-aquel-cuento-3-630x420.jpg 630w, https:\/\/sergiolapegue.com\/site\/wp-content\/uploads\/2025\/03\/Me-libero-de-aquel-cuento-3-696x464.jpg 696w, https:\/\/sergiolapegue.com\/site\/wp-content\/uploads\/2025\/03\/Me-libero-de-aquel-cuento-3-1068x712.jpg 1068w, https:\/\/sergiolapegue.com\/site\/wp-content\/uploads\/2025\/03\/Me-libero-de-aquel-cuento-3-1920x1280.jpg 1920w\" sizes=\"auto, (max-width: 1024px) 100vw, 1024px\" \/><\/figure>\n\n\n\n<p><strong>FICHA T\u00c9CNICO ART\u00cdSTICA<\/strong><\/p>\n\n\n\n<p><strong>Dramaturgia:<\/strong> Lorena Insabralde, Florencia Scibona<\/p>\n\n\n\n<p><strong>Elenco:<\/strong>&nbsp;Alina Lacoste, Carolina Von L\u00fccken, Florencia Scibona, Lorena Insabralde, Tania Vaca \u00c1vila<\/p>\n\n\n\n<p><strong>M\u00fasica:<\/strong> Lucas Catalano, Lucas Mart\u00ednez<\/p>\n\n\n\n<p><strong>T\u00e9cnicos a\u00e9reos:<\/strong> Mario Pereira, Leonardo Haedo<\/p>\n\n\n\n<p><strong>Dise\u00f1o de iluminaci\u00f3n:<\/strong> Carlos Fabi\u00e1n Molina<\/p>\n\n\n\n<p><strong>Mapping y visuales:<\/strong> Stella Giordano<\/p>\n\n\n\n<p><strong>Fotograf\u00eda:<\/strong> Emiliano Rodr\u00edguez<\/p>\n\n\n\n<p><strong>Colaboraci\u00f3n art\u00edstica:<\/strong> Belara Mich\u00e1n<\/p>\n\n\n\n<p><strong>Prensa:<\/strong> Octavia Comunicaci\u00f3n&nbsp;<\/p>\n\n\n\n<p><strong>Producci\u00f3n general:<\/strong> Cia. Sinestesia&nbsp;<\/p>\n\n\n\n<p><strong>Asistencia en gesti\u00f3n:<\/strong> Leila Barenboim<\/p>\n\n\n\n<p><strong>Direcci\u00f3n:<\/strong> Lorena Insabralde, Florencia Scibona<\/p>\n\n\n\n<p><strong>Instagram:<\/strong> @sinestesia.danzaaerea&nbsp;@scibonaflorencia @lola.soledad.aerea @danzaaereaarg @<a href=\"http:\/\/inteatro.ar\/\" target=\"_blank\" rel=\"noreferrer noopener\">inteatro.ar<\/a><\/p>\n\n\n\n<p><strong>YouTube:<\/strong>&nbsp;https:\/\/www.youtube.com \/ @sinestesiadanzaaerea<strong><\/strong><\/p>\n\n\n\n<p><strong>Duraci\u00f3n:<\/strong> 45 minutos<\/p>\n\n\n\n<p><strong>Clasificaci\u00f3n:<\/strong> Teatro \u2013 Presencial \u2013 Danza A\u00e9rea \u2013 Teatro F\u00edsico \u2013 J\u00f3venes y Adultos<\/p>\n\n\n\n<figure class=\"wp-block-image size-large\"><img loading=\"lazy\" decoding=\"async\" width=\"1024\" height=\"684\" src=\"https:\/\/sergiolapegue.com\/site\/wp-content\/uploads\/2025\/03\/Me-libero-de-aquel-cuento-4-1024x684.jpg\" alt=\"\" class=\"wp-image-21168\" srcset=\"https:\/\/sergiolapegue.com\/site\/wp-content\/uploads\/2025\/03\/Me-libero-de-aquel-cuento-4-1024x684.jpg 1024w, https:\/\/sergiolapegue.com\/site\/wp-content\/uploads\/2025\/03\/Me-libero-de-aquel-cuento-4-300x200.jpg 300w, https:\/\/sergiolapegue.com\/site\/wp-content\/uploads\/2025\/03\/Me-libero-de-aquel-cuento-4-768x513.jpg 768w, https:\/\/sergiolapegue.com\/site\/wp-content\/uploads\/2025\/03\/Me-libero-de-aquel-cuento-4-1536x1025.jpg 1536w, https:\/\/sergiolapegue.com\/site\/wp-content\/uploads\/2025\/03\/Me-libero-de-aquel-cuento-4-2048x1367.jpg 2048w, https:\/\/sergiolapegue.com\/site\/wp-content\/uploads\/2025\/03\/Me-libero-de-aquel-cuento-4-629x420.jpg 629w, https:\/\/sergiolapegue.com\/site\/wp-content\/uploads\/2025\/03\/Me-libero-de-aquel-cuento-4-696x465.jpg 696w, https:\/\/sergiolapegue.com\/site\/wp-content\/uploads\/2025\/03\/Me-libero-de-aquel-cuento-4-1068x713.jpg 1068w, https:\/\/sergiolapegue.com\/site\/wp-content\/uploads\/2025\/03\/Me-libero-de-aquel-cuento-4-1920x1282.jpg 1920w\" sizes=\"auto, (max-width: 1024px) 100vw, 1024px\" \/><\/figure>\n\n\n\n<p><br><strong>CLUB DE TRAPECISTAS ESTRELLA DEL CENTENARIO<\/strong><\/p>\n\n\n\n<p>Ferrari 252 \u2013 Capital Federal \u2013 Buenos Aires \u2013 Argentina<\/p>\n\n\n\n<p>Web: <a href=\"http:\/\/www.clubdetrapecistas.com.ar\">http:\/\/www.clubdetrapecistas.com.ar<\/a><\/p>\n\n\n\n<p>Entradas: $ 17.000 \u2013 en boleter\u00eda del teatro o por Alternativa Teatral<\/p>\n\n\n\n<p>Funciones: Domingos 20:00 horas \u2013 Del 09\/03\/2025 al 27\/04\/2025<\/p>\n\n\n\n<p>Gracias Octavia Comunicaci\u00f3n por hacernos llegar la gacetilla de prensa de este espect\u00e1culo.<\/p>\n\n\n\n<p><strong>SOBRE LAS DIRECTORAS<\/strong><\/p>\n\n\n\n<figure class=\"wp-block-image size-large is-resized\"><img loading=\"lazy\" decoding=\"async\" width=\"671\" height=\"1024\" src=\"https:\/\/sergiolapegue.com\/site\/wp-content\/uploads\/2025\/03\/Me-libero-de-aquel-cuento-Florencia-Scibona-671x1024.jpg\" alt=\"\" class=\"wp-image-21170\" style=\"width:337px;height:auto\" srcset=\"https:\/\/sergiolapegue.com\/site\/wp-content\/uploads\/2025\/03\/Me-libero-de-aquel-cuento-Florencia-Scibona-671x1024.jpg 671w, https:\/\/sergiolapegue.com\/site\/wp-content\/uploads\/2025\/03\/Me-libero-de-aquel-cuento-Florencia-Scibona-196x300.jpg 196w, https:\/\/sergiolapegue.com\/site\/wp-content\/uploads\/2025\/03\/Me-libero-de-aquel-cuento-Florencia-Scibona-275x420.jpg 275w, https:\/\/sergiolapegue.com\/site\/wp-content\/uploads\/2025\/03\/Me-libero-de-aquel-cuento-Florencia-Scibona.jpg 681w\" sizes=\"auto, (max-width: 671px) 100vw, 671px\" \/><\/figure>\n\n\n\n<p><strong>Florencia Scibona&nbsp;<\/strong>es autora, directora, artista esc\u00e9nica. Es bailarina e int\u00e9rprete f\u00edsico, especializada en danza a\u00e9rea con arn\u00e9s. Es fundadora de Sinestesia, compa\u00f1\u00eda de Danza a\u00e9rea que fusiona sus propuestas art\u00edsticas con el campo de la tecnolog\u00eda multimedia. Bailarina de la compa\u00f1\u00eda Phaway, Ilumus producciones, dirigida por Gonzalo Crespo. Se form\u00f3 junto a Brenda Angiel y se especializ\u00f3 como bailarina a\u00e9rea con Leonardo Haedo. En Teatro F\u00edsico con Gilda Tesone y como int\u00e9rprete f\u00edsico con Diego Mauri\u00f1o. En Danza Teatro con Silvia Vladimivsky y Mabel Dai Chai; y como bailarina junto a Sofia Mazza, Gabriel Grecca y Mart\u00edn Piliponsky. Sus producciones art\u00edsticas investigan la danza a\u00e9rea y la relaci\u00f3n con la interpretaci\u00f3n esc\u00e9nica actual, dentro de tem\u00e1ticas sociales presentes.<\/p>\n\n\n\n<figure class=\"wp-block-image size-large is-resized\"><img loading=\"lazy\" decoding=\"async\" width=\"549\" height=\"1024\" src=\"https:\/\/sergiolapegue.com\/site\/wp-content\/uploads\/2025\/03\/Me-libero-de-aquel-cuento-Lorena-Insabralde-549x1024.jpg\" alt=\"\" class=\"wp-image-21171\" style=\"width:336px;height:auto\" srcset=\"https:\/\/sergiolapegue.com\/site\/wp-content\/uploads\/2025\/03\/Me-libero-de-aquel-cuento-Lorena-Insabralde-549x1024.jpg 549w, https:\/\/sergiolapegue.com\/site\/wp-content\/uploads\/2025\/03\/Me-libero-de-aquel-cuento-Lorena-Insabralde-161x300.jpg 161w, https:\/\/sergiolapegue.com\/site\/wp-content\/uploads\/2025\/03\/Me-libero-de-aquel-cuento-Lorena-Insabralde-225x420.jpg 225w, https:\/\/sergiolapegue.com\/site\/wp-content\/uploads\/2025\/03\/Me-libero-de-aquel-cuento-Lorena-Insabralde.jpg 686w\" sizes=\"auto, (max-width: 549px) 100vw, 549px\" \/><\/figure>\n\n\n\n<p><strong>Lorena Soledad Insabralde&nbsp;<\/strong>es autora, directora y artista esc\u00e9nica. Es bailarina e int\u00e9rprete f\u00edsico, especializada en danza a\u00e9rea con arn\u00e9s. Sus producciones art\u00edsticas investigan sobre la danza a\u00e9rea y su relaci\u00f3n con la interpretaci\u00f3n esc\u00e9nica actual dentro de tem\u00e1ticas sociales. Es fundadora de Sinestesia, compa\u00f1\u00eda de danza a\u00e9rea que fusiona sus propuestas art\u00edsticas con el campo de la tecnolog\u00eda multimedia. Dirige y coordina presentaciones art\u00edsticas de Improvisaci\u00f3n en danza a\u00e9rea desde hace 9 a\u00f1os. Bailarina de la compa\u00f1\u00eda Phaway, Ilumus producciones, dirigida por Gonzalo Crespo. Se form\u00f3 en Estudio de arte y danza en Belgrano, y luego en Dance Studio LA (EE.UU). Sigui\u00f3 su formaci\u00f3n con Sof\u00eda Mazza, Mat\u00edas Etcheverri, Cecilia G\u00f3mez y Bel\u00e9n G\u00f3mez Ortiz. En danza a\u00e9rea con Leonardo Haedo y en Int\u00e9rprete f\u00edsico con Diego Mauri\u00f1o.<\/p>\n\n\n\n<p><strong>SOBRE LA COMPA\u00d1\u00cdA SINESTESIA<\/strong><\/p>\n\n\n\n<p>Sinestesia es una compa\u00f1\u00eda de danza a\u00e9rea y teatro f\u00edsico dirigida por Florencia Scibona y Lorena Soledad Insabralde, bailarinas e int\u00e9rpretes especializadas en danza a\u00e9rea. La compa\u00f1\u00eda se fue desarrollando a partir de la exploraci\u00f3n de la t\u00e9cnica de danza a\u00e9rea con arn\u00e9s y las posibilidades que propone esta disciplina. Integra danza a\u00e9rea, danza teatro, teatro f\u00edsico y mapping. Invita al p\u00fablico a sumergirse en un mundo que desaf\u00eda la gravedad y a vivenciar el teatro de una manera diferente. Se constituy\u00f3 en el a\u00f1o 2015 con la primera obra \u201cPlanos Paralelos\u201d beneficiada por Prodanza. Las producciones art\u00edsticas generan propuestas esc\u00e9nicas que impulsan a la reflexi\u00f3n. Incorpora tecnolog\u00eda multimedia y produce im\u00e1genes, videos, proyecciones propias para interactuar entre el mapping y las interpretaciones.<\/p>\n\n\n\n<p><\/p>\n","protected":false},"excerpt":{"rendered":"<p>Desde el 9 de marzo se podr\u00e1 volver a ver &#8220;ME LIBERO DE AQUEL CUENTO&#8221;, de la Compa\u00f1\u00eda Sinestesia, obra de danza a\u00e9rea y teatro f\u00edsico con dramaturgia y direcci\u00f3n de Florencia Scibona y Lorena Soledad Insabralde y las actuaciones de Alina Lacoste, Carolina Von L\u00fccken, Florencia Scibona, Lorena Insabralde y Tania Vaca \u00c1vila. La [&hellip;]<\/p>\n","protected":false},"author":3,"featured_media":21169,"comment_status":"open","ping_status":"closed","sticky":false,"template":"","format":"standard","meta":{"footnotes":""},"categories":[34,35],"tags":[],"class_list":{"0":"post-21164","1":"post","2":"type-post","3":"status-publish","4":"format-standard","5":"has-post-thumbnail","7":"category-arte","8":"category-teatro"},"yoast_head":"<!-- This site is optimized with the Yoast SEO plugin v27.4 - https:\/\/yoast.com\/product\/yoast-seo-wordpress\/ -->\n<title>&quot;ME LIBERO DE AQUEL CUENTO&quot; - Sergio Lapegue<\/title>\n<meta name=\"robots\" content=\"index, follow, max-snippet:-1, max-image-preview:large, max-video-preview:-1\" \/>\n<link rel=\"canonical\" href=\"https:\/\/sergiolapegue.com\/site\/2025\/04\/13\/me-libero-de-aquel-cuento\/\" \/>\n<meta property=\"og:locale\" content=\"es_ES\" \/>\n<meta property=\"og:type\" content=\"article\" \/>\n<meta property=\"og:title\" content=\"&quot;ME LIBERO DE AQUEL CUENTO&quot; - Sergio Lapegue\" \/>\n<meta property=\"og:description\" content=\"Desde el 9 de marzo se podr\u00e1 volver a ver &#8220;ME LIBERO DE AQUEL CUENTO&#8221;, de la Compa\u00f1\u00eda Sinestesia, obra de danza a\u00e9rea y teatro f\u00edsico con dramaturgia y direcci\u00f3n de Florencia Scibona y Lorena Soledad Insabralde y las actuaciones de Alina Lacoste, Carolina Von L\u00fccken, Florencia Scibona, Lorena Insabralde y Tania Vaca \u00c1vila. La [&hellip;]\" \/>\n<meta property=\"og:url\" content=\"https:\/\/sergiolapegue.com\/site\/2025\/04\/13\/me-libero-de-aquel-cuento\/\" \/>\n<meta property=\"og:site_name\" content=\"Sergio Lapegue\" \/>\n<meta property=\"article:publisher\" content=\"https:\/\/facebook.com\/sergiolapegue\" \/>\n<meta property=\"article:author\" content=\"https:\/\/facebook.com\/danielernesto.montana\" \/>\n<meta property=\"article:published_time\" content=\"2025-04-13T04:00:00+00:00\" \/>\n<meta property=\"og:image\" content=\"https:\/\/sergiolapegue.com\/site\/wp-content\/uploads\/2025\/03\/Me-libero-de-aquel-cuento.png\" \/>\n\t<meta property=\"og:image:width\" content=\"4500\" \/>\n\t<meta property=\"og:image:height\" content=\"5209\" \/>\n\t<meta property=\"og:image:type\" content=\"image\/png\" \/>\n<meta name=\"author\" content=\"Daniel E. Monta\u00f1a\" \/>\n<meta name=\"twitter:card\" content=\"summary_large_image\" \/>\n<meta name=\"twitter:creator\" content=\"@https:\/\/twitter.com\/daner_004\" \/>\n<meta name=\"twitter:site\" content=\"@sergiolapegue\" \/>\n<meta name=\"twitter:label1\" content=\"Escrito por\" \/>\n\t<meta name=\"twitter:data1\" content=\"Daniel E. Monta\u00f1a\" \/>\n\t<meta name=\"twitter:label2\" content=\"Tiempo de lectura\" \/>\n\t<meta name=\"twitter:data2\" content=\"6 minutos\" \/>\n<script type=\"application\/ld+json\" class=\"yoast-schema-graph\">{\"@context\":\"https:\\\/\\\/schema.org\",\"@graph\":[{\"@type\":\"Article\",\"@id\":\"https:\\\/\\\/sergiolapegue.com\\\/site\\\/2025\\\/04\\\/13\\\/me-libero-de-aquel-cuento\\\/#article\",\"isPartOf\":{\"@id\":\"https:\\\/\\\/sergiolapegue.com\\\/site\\\/2025\\\/04\\\/13\\\/me-libero-de-aquel-cuento\\\/\"},\"author\":{\"name\":\"Daniel E. Monta\u00f1a\",\"@id\":\"https:\\\/\\\/sergiolapegue.com\\\/site\\\/#\\\/schema\\\/person\\\/9198e7dbab43c6d74d0fd5399af7c3cd\"},\"headline\":\"&#8220;ME LIBERO DE AQUEL CUENTO&#8221;\",\"datePublished\":\"2025-04-13T04:00:00+00:00\",\"mainEntityOfPage\":{\"@id\":\"https:\\\/\\\/sergiolapegue.com\\\/site\\\/2025\\\/04\\\/13\\\/me-libero-de-aquel-cuento\\\/\"},\"wordCount\":1062,\"commentCount\":0,\"publisher\":{\"@id\":\"https:\\\/\\\/sergiolapegue.com\\\/site\\\/#\\\/schema\\\/person\\\/083aeceeb0734cd166779ea6c0551a37\"},\"image\":{\"@id\":\"https:\\\/\\\/sergiolapegue.com\\\/site\\\/2025\\\/04\\\/13\\\/me-libero-de-aquel-cuento\\\/#primaryimage\"},\"thumbnailUrl\":\"https:\\\/\\\/sergiolapegue.com\\\/site\\\/wp-content\\\/uploads\\\/2025\\\/03\\\/Me-libero-de-aquel-cuento.png\",\"articleSection\":[\"Arte\",\"Teatro\"],\"inLanguage\":\"es-AR\",\"potentialAction\":[{\"@type\":\"CommentAction\",\"name\":\"Comment\",\"target\":[\"https:\\\/\\\/sergiolapegue.com\\\/site\\\/2025\\\/04\\\/13\\\/me-libero-de-aquel-cuento\\\/#respond\"]}]},{\"@type\":\"WebPage\",\"@id\":\"https:\\\/\\\/sergiolapegue.com\\\/site\\\/2025\\\/04\\\/13\\\/me-libero-de-aquel-cuento\\\/\",\"url\":\"https:\\\/\\\/sergiolapegue.com\\\/site\\\/2025\\\/04\\\/13\\\/me-libero-de-aquel-cuento\\\/\",\"name\":\"\\\"ME LIBERO DE AQUEL CUENTO\\\" - Sergio Lapegue\",\"isPartOf\":{\"@id\":\"https:\\\/\\\/sergiolapegue.com\\\/site\\\/#website\"},\"primaryImageOfPage\":{\"@id\":\"https:\\\/\\\/sergiolapegue.com\\\/site\\\/2025\\\/04\\\/13\\\/me-libero-de-aquel-cuento\\\/#primaryimage\"},\"image\":{\"@id\":\"https:\\\/\\\/sergiolapegue.com\\\/site\\\/2025\\\/04\\\/13\\\/me-libero-de-aquel-cuento\\\/#primaryimage\"},\"thumbnailUrl\":\"https:\\\/\\\/sergiolapegue.com\\\/site\\\/wp-content\\\/uploads\\\/2025\\\/03\\\/Me-libero-de-aquel-cuento.png\",\"datePublished\":\"2025-04-13T04:00:00+00:00\",\"breadcrumb\":{\"@id\":\"https:\\\/\\\/sergiolapegue.com\\\/site\\\/2025\\\/04\\\/13\\\/me-libero-de-aquel-cuento\\\/#breadcrumb\"},\"inLanguage\":\"es-AR\",\"potentialAction\":[{\"@type\":\"ReadAction\",\"target\":[\"https:\\\/\\\/sergiolapegue.com\\\/site\\\/2025\\\/04\\\/13\\\/me-libero-de-aquel-cuento\\\/\"]}]},{\"@type\":\"ImageObject\",\"inLanguage\":\"es-AR\",\"@id\":\"https:\\\/\\\/sergiolapegue.com\\\/site\\\/2025\\\/04\\\/13\\\/me-libero-de-aquel-cuento\\\/#primaryimage\",\"url\":\"https:\\\/\\\/sergiolapegue.com\\\/site\\\/wp-content\\\/uploads\\\/2025\\\/03\\\/Me-libero-de-aquel-cuento.png\",\"contentUrl\":\"https:\\\/\\\/sergiolapegue.com\\\/site\\\/wp-content\\\/uploads\\\/2025\\\/03\\\/Me-libero-de-aquel-cuento.png\",\"width\":4500,\"height\":5209},{\"@type\":\"BreadcrumbList\",\"@id\":\"https:\\\/\\\/sergiolapegue.com\\\/site\\\/2025\\\/04\\\/13\\\/me-libero-de-aquel-cuento\\\/#breadcrumb\",\"itemListElement\":[{\"@type\":\"ListItem\",\"position\":1,\"name\":\"Inicio\",\"item\":\"https:\\\/\\\/sergiolapegue.com\\\/site\\\/\"},{\"@type\":\"ListItem\",\"position\":2,\"name\":\"&#8220;ME LIBERO DE AQUEL CUENTO&#8221;\"}]},{\"@type\":\"WebSite\",\"@id\":\"https:\\\/\\\/sergiolapegue.com\\\/site\\\/#website\",\"url\":\"https:\\\/\\\/sergiolapegue.com\\\/site\\\/\",\"name\":\"Sergio Lapegue\",\"description\":\"Periodista\",\"publisher\":{\"@id\":\"https:\\\/\\\/sergiolapegue.com\\\/site\\\/#\\\/schema\\\/person\\\/083aeceeb0734cd166779ea6c0551a37\"},\"potentialAction\":[{\"@type\":\"SearchAction\",\"target\":{\"@type\":\"EntryPoint\",\"urlTemplate\":\"https:\\\/\\\/sergiolapegue.com\\\/site\\\/?s={search_term_string}\"},\"query-input\":{\"@type\":\"PropertyValueSpecification\",\"valueRequired\":true,\"valueName\":\"search_term_string\"}}],\"inLanguage\":\"es-AR\"},{\"@type\":[\"Person\",\"Organization\"],\"@id\":\"https:\\\/\\\/sergiolapegue.com\\\/site\\\/#\\\/schema\\\/person\\\/083aeceeb0734cd166779ea6c0551a37\",\"name\":\"Sergio Lapegue\",\"image\":{\"@type\":\"ImageObject\",\"inLanguage\":\"es-AR\",\"@id\":\"https:\\\/\\\/sergiolapegue.com\\\/site\\\/wp-content\\\/uploads\\\/2021\\\/04\\\/logo_header-1.png\",\"url\":\"https:\\\/\\\/sergiolapegue.com\\\/site\\\/wp-content\\\/uploads\\\/2021\\\/04\\\/logo_header-1.png\",\"contentUrl\":\"https:\\\/\\\/sergiolapegue.com\\\/site\\\/wp-content\\\/uploads\\\/2021\\\/04\\\/logo_header-1.png\",\"width\":272,\"height\":90,\"caption\":\"Sergio Lapegue\"},\"logo\":{\"@id\":\"https:\\\/\\\/sergiolapegue.com\\\/site\\\/wp-content\\\/uploads\\\/2021\\\/04\\\/logo_header-1.png\"},\"sameAs\":[\"https:\\\/\\\/facebook.com\\\/sergiolapegue\",\"https:\\\/\\\/instagram.com\\\/sergiolapegue\",\"https:\\\/\\\/x.com\\\/https:\\\/\\\/twitter.com\\\/sergiolapegue\"]},{\"@type\":\"Person\",\"@id\":\"https:\\\/\\\/sergiolapegue.com\\\/site\\\/#\\\/schema\\\/person\\\/9198e7dbab43c6d74d0fd5399af7c3cd\",\"name\":\"Daniel E. Monta\u00f1a\",\"image\":{\"@type\":\"ImageObject\",\"inLanguage\":\"es-AR\",\"@id\":\"https:\\\/\\\/sergiolapegue.com\\\/site\\\/wp-content\\\/uploads\\\/2021\\\/04\\\/sl_avatar_Daniel-150x150.jpg\",\"url\":\"https:\\\/\\\/sergiolapegue.com\\\/site\\\/wp-content\\\/uploads\\\/2021\\\/04\\\/sl_avatar_Daniel-150x150.jpg\",\"contentUrl\":\"https:\\\/\\\/sergiolapegue.com\\\/site\\\/wp-content\\\/uploads\\\/2021\\\/04\\\/sl_avatar_Daniel-150x150.jpg\",\"caption\":\"Daniel E. Monta\u00f1a\"},\"sameAs\":[\"https:\\\/\\\/facebook.com\\\/danielernesto.montana\",\"https:\\\/\\\/instagram.com\\\/daniel_montana1961\",\"https:\\\/\\\/x.com\\\/https:\\\/\\\/twitter.com\\\/daner_004\"],\"url\":\"https:\\\/\\\/sergiolapegue.com\\\/site\\\/author\\\/daniel\\\/\"}]}<\/script>\n<!-- \/ Yoast SEO plugin. -->","yoast_head_json":{"title":"\"ME LIBERO DE AQUEL CUENTO\" - Sergio Lapegue","robots":{"index":"index","follow":"follow","max-snippet":"max-snippet:-1","max-image-preview":"max-image-preview:large","max-video-preview":"max-video-preview:-1"},"canonical":"https:\/\/sergiolapegue.com\/site\/2025\/04\/13\/me-libero-de-aquel-cuento\/","og_locale":"es_ES","og_type":"article","og_title":"\"ME LIBERO DE AQUEL CUENTO\" - Sergio Lapegue","og_description":"Desde el 9 de marzo se podr\u00e1 volver a ver &#8220;ME LIBERO DE AQUEL CUENTO&#8221;, de la Compa\u00f1\u00eda Sinestesia, obra de danza a\u00e9rea y teatro f\u00edsico con dramaturgia y direcci\u00f3n de Florencia Scibona y Lorena Soledad Insabralde y las actuaciones de Alina Lacoste, Carolina Von L\u00fccken, Florencia Scibona, Lorena Insabralde y Tania Vaca \u00c1vila. La [&hellip;]","og_url":"https:\/\/sergiolapegue.com\/site\/2025\/04\/13\/me-libero-de-aquel-cuento\/","og_site_name":"Sergio Lapegue","article_publisher":"https:\/\/facebook.com\/sergiolapegue","article_author":"https:\/\/facebook.com\/danielernesto.montana","article_published_time":"2025-04-13T04:00:00+00:00","og_image":[{"width":4500,"height":5209,"url":"https:\/\/sergiolapegue.com\/site\/wp-content\/uploads\/2025\/03\/Me-libero-de-aquel-cuento.png","type":"image\/png"}],"author":"Daniel E. Monta\u00f1a","twitter_card":"summary_large_image","twitter_creator":"@https:\/\/twitter.com\/daner_004","twitter_site":"@sergiolapegue","twitter_misc":{"Escrito por":"Daniel E. Monta\u00f1a","Tiempo de lectura":"6 minutos"},"schema":{"@context":"https:\/\/schema.org","@graph":[{"@type":"Article","@id":"https:\/\/sergiolapegue.com\/site\/2025\/04\/13\/me-libero-de-aquel-cuento\/#article","isPartOf":{"@id":"https:\/\/sergiolapegue.com\/site\/2025\/04\/13\/me-libero-de-aquel-cuento\/"},"author":{"name":"Daniel E. Monta\u00f1a","@id":"https:\/\/sergiolapegue.com\/site\/#\/schema\/person\/9198e7dbab43c6d74d0fd5399af7c3cd"},"headline":"&#8220;ME LIBERO DE AQUEL CUENTO&#8221;","datePublished":"2025-04-13T04:00:00+00:00","mainEntityOfPage":{"@id":"https:\/\/sergiolapegue.com\/site\/2025\/04\/13\/me-libero-de-aquel-cuento\/"},"wordCount":1062,"commentCount":0,"publisher":{"@id":"https:\/\/sergiolapegue.com\/site\/#\/schema\/person\/083aeceeb0734cd166779ea6c0551a37"},"image":{"@id":"https:\/\/sergiolapegue.com\/site\/2025\/04\/13\/me-libero-de-aquel-cuento\/#primaryimage"},"thumbnailUrl":"https:\/\/sergiolapegue.com\/site\/wp-content\/uploads\/2025\/03\/Me-libero-de-aquel-cuento.png","articleSection":["Arte","Teatro"],"inLanguage":"es-AR","potentialAction":[{"@type":"CommentAction","name":"Comment","target":["https:\/\/sergiolapegue.com\/site\/2025\/04\/13\/me-libero-de-aquel-cuento\/#respond"]}]},{"@type":"WebPage","@id":"https:\/\/sergiolapegue.com\/site\/2025\/04\/13\/me-libero-de-aquel-cuento\/","url":"https:\/\/sergiolapegue.com\/site\/2025\/04\/13\/me-libero-de-aquel-cuento\/","name":"\"ME LIBERO DE AQUEL CUENTO\" - Sergio Lapegue","isPartOf":{"@id":"https:\/\/sergiolapegue.com\/site\/#website"},"primaryImageOfPage":{"@id":"https:\/\/sergiolapegue.com\/site\/2025\/04\/13\/me-libero-de-aquel-cuento\/#primaryimage"},"image":{"@id":"https:\/\/sergiolapegue.com\/site\/2025\/04\/13\/me-libero-de-aquel-cuento\/#primaryimage"},"thumbnailUrl":"https:\/\/sergiolapegue.com\/site\/wp-content\/uploads\/2025\/03\/Me-libero-de-aquel-cuento.png","datePublished":"2025-04-13T04:00:00+00:00","breadcrumb":{"@id":"https:\/\/sergiolapegue.com\/site\/2025\/04\/13\/me-libero-de-aquel-cuento\/#breadcrumb"},"inLanguage":"es-AR","potentialAction":[{"@type":"ReadAction","target":["https:\/\/sergiolapegue.com\/site\/2025\/04\/13\/me-libero-de-aquel-cuento\/"]}]},{"@type":"ImageObject","inLanguage":"es-AR","@id":"https:\/\/sergiolapegue.com\/site\/2025\/04\/13\/me-libero-de-aquel-cuento\/#primaryimage","url":"https:\/\/sergiolapegue.com\/site\/wp-content\/uploads\/2025\/03\/Me-libero-de-aquel-cuento.png","contentUrl":"https:\/\/sergiolapegue.com\/site\/wp-content\/uploads\/2025\/03\/Me-libero-de-aquel-cuento.png","width":4500,"height":5209},{"@type":"BreadcrumbList","@id":"https:\/\/sergiolapegue.com\/site\/2025\/04\/13\/me-libero-de-aquel-cuento\/#breadcrumb","itemListElement":[{"@type":"ListItem","position":1,"name":"Inicio","item":"https:\/\/sergiolapegue.com\/site\/"},{"@type":"ListItem","position":2,"name":"&#8220;ME LIBERO DE AQUEL CUENTO&#8221;"}]},{"@type":"WebSite","@id":"https:\/\/sergiolapegue.com\/site\/#website","url":"https:\/\/sergiolapegue.com\/site\/","name":"Sergio Lapegue","description":"Periodista","publisher":{"@id":"https:\/\/sergiolapegue.com\/site\/#\/schema\/person\/083aeceeb0734cd166779ea6c0551a37"},"potentialAction":[{"@type":"SearchAction","target":{"@type":"EntryPoint","urlTemplate":"https:\/\/sergiolapegue.com\/site\/?s={search_term_string}"},"query-input":{"@type":"PropertyValueSpecification","valueRequired":true,"valueName":"search_term_string"}}],"inLanguage":"es-AR"},{"@type":["Person","Organization"],"@id":"https:\/\/sergiolapegue.com\/site\/#\/schema\/person\/083aeceeb0734cd166779ea6c0551a37","name":"Sergio Lapegue","image":{"@type":"ImageObject","inLanguage":"es-AR","@id":"https:\/\/sergiolapegue.com\/site\/wp-content\/uploads\/2021\/04\/logo_header-1.png","url":"https:\/\/sergiolapegue.com\/site\/wp-content\/uploads\/2021\/04\/logo_header-1.png","contentUrl":"https:\/\/sergiolapegue.com\/site\/wp-content\/uploads\/2021\/04\/logo_header-1.png","width":272,"height":90,"caption":"Sergio Lapegue"},"logo":{"@id":"https:\/\/sergiolapegue.com\/site\/wp-content\/uploads\/2021\/04\/logo_header-1.png"},"sameAs":["https:\/\/facebook.com\/sergiolapegue","https:\/\/instagram.com\/sergiolapegue","https:\/\/x.com\/https:\/\/twitter.com\/sergiolapegue"]},{"@type":"Person","@id":"https:\/\/sergiolapegue.com\/site\/#\/schema\/person\/9198e7dbab43c6d74d0fd5399af7c3cd","name":"Daniel E. Monta\u00f1a","image":{"@type":"ImageObject","inLanguage":"es-AR","@id":"https:\/\/sergiolapegue.com\/site\/wp-content\/uploads\/2021\/04\/sl_avatar_Daniel-150x150.jpg","url":"https:\/\/sergiolapegue.com\/site\/wp-content\/uploads\/2021\/04\/sl_avatar_Daniel-150x150.jpg","contentUrl":"https:\/\/sergiolapegue.com\/site\/wp-content\/uploads\/2021\/04\/sl_avatar_Daniel-150x150.jpg","caption":"Daniel E. Monta\u00f1a"},"sameAs":["https:\/\/facebook.com\/danielernesto.montana","https:\/\/instagram.com\/daniel_montana1961","https:\/\/x.com\/https:\/\/twitter.com\/daner_004"],"url":"https:\/\/sergiolapegue.com\/site\/author\/daniel\/"}]}},"_links":{"self":[{"href":"https:\/\/sergiolapegue.com\/site\/wp-json\/wp\/v2\/posts\/21164","targetHints":{"allow":["GET"]}}],"collection":[{"href":"https:\/\/sergiolapegue.com\/site\/wp-json\/wp\/v2\/posts"}],"about":[{"href":"https:\/\/sergiolapegue.com\/site\/wp-json\/wp\/v2\/types\/post"}],"author":[{"embeddable":true,"href":"https:\/\/sergiolapegue.com\/site\/wp-json\/wp\/v2\/users\/3"}],"replies":[{"embeddable":true,"href":"https:\/\/sergiolapegue.com\/site\/wp-json\/wp\/v2\/comments?post=21164"}],"version-history":[{"count":1,"href":"https:\/\/sergiolapegue.com\/site\/wp-json\/wp\/v2\/posts\/21164\/revisions"}],"predecessor-version":[{"id":21172,"href":"https:\/\/sergiolapegue.com\/site\/wp-json\/wp\/v2\/posts\/21164\/revisions\/21172"}],"wp:featuredmedia":[{"embeddable":true,"href":"https:\/\/sergiolapegue.com\/site\/wp-json\/wp\/v2\/media\/21169"}],"wp:attachment":[{"href":"https:\/\/sergiolapegue.com\/site\/wp-json\/wp\/v2\/media?parent=21164"}],"wp:term":[{"taxonomy":"category","embeddable":true,"href":"https:\/\/sergiolapegue.com\/site\/wp-json\/wp\/v2\/categories?post=21164"},{"taxonomy":"post_tag","embeddable":true,"href":"https:\/\/sergiolapegue.com\/site\/wp-json\/wp\/v2\/tags?post=21164"}],"curies":[{"name":"wp","href":"https:\/\/api.w.org\/{rel}","templated":true}]}}