{"id":21004,"date":"2025-02-26T17:00:00","date_gmt":"2025-02-26T20:00:00","guid":{"rendered":"https:\/\/sergiolapegue.com\/site\/?p=21004"},"modified":"2025-02-25T03:37:23","modified_gmt":"2025-02-25T06:37:23","slug":"estefan-lennon-rinde-homenaje-a-elvis-presley-en-little-elvis","status":"publish","type":"post","link":"https:\/\/sergiolapegue.com\/site\/2025\/02\/26\/estefan-lennon-rinde-homenaje-a-elvis-presley-en-little-elvis\/","title":{"rendered":"ESTEFAN LENNON RINDE HOMENAJE A ELVIS PRESLEY EN LITTLE ELVIS"},"content":{"rendered":"\n<p>Estefan Lennon&nbsp;recorre los \u00e9xitos del gran Elvis Presley en&nbsp;Little Elvis, acompa\u00f1ado por banda en vivo.<\/p>\n\n\n\n<p>Despu\u00e9s de presentar este show en escenarios de Inglaterra y Estados Unidos,&nbsp;Estefan Lennon&nbsp;llega a Buenos Aires para revivir junto al p\u00fablico los m\u00e1s grandes \u00e9xitos del indiscutido Rey del Rock de todos los tiempos.<\/p>\n\n\n\n<p>Suspiscious Minds, Jailhouse Rock, Can\u2019t help falling in love with you, Always on my mind, y otros recordados hits, sonar\u00e1n en el Teatro Regina para disfrute de todos los presentes.<br>Una experiencia&nbsp;con alt\u00edsimo nivel musical y una gran puesta en escena.<\/p>\n\n\n\n<figure class=\"wp-block-image size-large is-resized\"><img loading=\"lazy\" decoding=\"async\" width=\"683\" height=\"1024\" src=\"https:\/\/sergiolapegue.com\/site\/wp-content\/uploads\/2025\/02\/Estefan-Lennon-rinde-homenaje-a-Elvis-Presley-2-683x1024.jpg\" alt=\"\" class=\"wp-image-21005\" style=\"width:696px;height:auto\" srcset=\"https:\/\/sergiolapegue.com\/site\/wp-content\/uploads\/2025\/02\/Estefan-Lennon-rinde-homenaje-a-Elvis-Presley-2-683x1024.jpg 683w, https:\/\/sergiolapegue.com\/site\/wp-content\/uploads\/2025\/02\/Estefan-Lennon-rinde-homenaje-a-Elvis-Presley-2-200x300.jpg 200w, https:\/\/sergiolapegue.com\/site\/wp-content\/uploads\/2025\/02\/Estefan-Lennon-rinde-homenaje-a-Elvis-Presley-2-768x1152.jpg 768w, https:\/\/sergiolapegue.com\/site\/wp-content\/uploads\/2025\/02\/Estefan-Lennon-rinde-homenaje-a-Elvis-Presley-2-1024x1536.jpg 1024w, https:\/\/sergiolapegue.com\/site\/wp-content\/uploads\/2025\/02\/Estefan-Lennon-rinde-homenaje-a-Elvis-Presley-2-1365x2048.jpg 1365w, https:\/\/sergiolapegue.com\/site\/wp-content\/uploads\/2025\/02\/Estefan-Lennon-rinde-homenaje-a-Elvis-Presley-2-280x420.jpg 280w, https:\/\/sergiolapegue.com\/site\/wp-content\/uploads\/2025\/02\/Estefan-Lennon-rinde-homenaje-a-Elvis-Presley-2-696x1044.jpg 696w, https:\/\/sergiolapegue.com\/site\/wp-content\/uploads\/2025\/02\/Estefan-Lennon-rinde-homenaje-a-Elvis-Presley-2-1068x1602.jpg 1068w, https:\/\/sergiolapegue.com\/site\/wp-content\/uploads\/2025\/02\/Estefan-Lennon-rinde-homenaje-a-Elvis-Presley-2-1920x2880.jpg 1920w, https:\/\/sergiolapegue.com\/site\/wp-content\/uploads\/2025\/02\/Estefan-Lennon-rinde-homenaje-a-Elvis-Presley-2-scaled.jpg 1707w\" sizes=\"auto, (max-width: 683px) 100vw, 683px\" \/><\/figure>\n\n\n\n<p><strong>FICHA T\u00c9CNICO ART\u00cdSTICA <\/strong><strong><\/strong><\/p>\n\n\n\n<p><strong>Banda:<\/strong>&nbsp;Estefan Lennon \u2013 Voz y guitarra<\/p>\n\n\n\n<p>\u00a0\u00a0\u00a0\u00a0\u00a0 \u00a0 \u00a0\u00a0\u00a0\u00a0\u00a0Nacho Lazar \u2013 Guitarra<\/p>\n\n\n\n<p>\u00a0\u00a0\u00a0\u00a0\u00a0\u00a0\u00a0\u00a0\u00a0\u00a0\u00a0\u00a0\u00a0Nicolas Fernandes \u2013 Bajo<\/p>\n\n\n\n<p>\u00a0\u00a0\u00a0\u00a0\u00a0\u00a0\u00a0\u00a0\u00a0\u00a0\u00a0\u00a0\u00a0Ricardo Vlassich \u2013 Bater\u00eda<\/p>\n\n\n\n<p>\u00a0\u00a0\u00a0\u00a0\u00a0\u00a0\u00a0 \u00a0\u00a0\u00a0\u00a0\u00a0Daniel Salese \u2013 Teclado<\/p>\n\n\n\n<p><strong>Asistente de Producci\u00f3n:<\/strong>&nbsp;Gustavo Mor\u00e1n &#8211; Gaby Trillo&nbsp;<\/p>\n\n\n\n<p><strong>Stage Manager:<\/strong>&nbsp;Gustavo Mor\u00e1n&nbsp;<\/p>\n\n\n\n<p><strong>Vestuario:<\/strong>&nbsp;C\u00e9sar Ramos<\/p>\n\n\n\n<p><strong>Fotograf\u00eda:<\/strong>&nbsp;Daniel JM Producciones y Carina Machado<\/p>\n\n\n\n<p><strong>Maquillaje:<\/strong>&nbsp;Mirta Palavecino<\/p>\n\n\n\n<p><strong>Estilista:<\/strong>&nbsp;Peluquer\u00edas Cl\u00e1sicoS&nbsp;<\/p>\n\n\n\n<p><strong>Dise\u00f1o Gr\u00e1fico:<\/strong>&nbsp;Lucho Design<\/p>\n\n\n\n<p><strong>Redes Sociales:<\/strong>&nbsp;Roc\u00edo Waisman<\/p>\n\n\n\n<p><strong>Filmaker:<\/strong>&nbsp;Laudomin<\/p>\n\n\n\n<p><strong>Producci\u00f3n General:<\/strong>&nbsp;Nicol\u00e1s Estigarribia<\/p>\n\n\n\n<p><strong>Comunicaci\u00f3n:<\/strong>&nbsp;AGW Prensa &amp; Desarrollo<\/p>\n\n\n\n<p><strong>Instagram:<\/strong> @e.lennon \u2013 @littlelvisok<\/p>\n\n\n\n<figure class=\"wp-block-image size-large is-resized\"><img loading=\"lazy\" decoding=\"async\" width=\"683\" height=\"1024\" src=\"https:\/\/sergiolapegue.com\/site\/wp-content\/uploads\/2025\/02\/Estefan-Lennon-rinde-homenaje-a-Elvis-Presley-1-683x1024.jpg\" alt=\"\" class=\"wp-image-21006\" style=\"width:696px;height:auto\" srcset=\"https:\/\/sergiolapegue.com\/site\/wp-content\/uploads\/2025\/02\/Estefan-Lennon-rinde-homenaje-a-Elvis-Presley-1-683x1024.jpg 683w, https:\/\/sergiolapegue.com\/site\/wp-content\/uploads\/2025\/02\/Estefan-Lennon-rinde-homenaje-a-Elvis-Presley-1-200x300.jpg 200w, https:\/\/sergiolapegue.com\/site\/wp-content\/uploads\/2025\/02\/Estefan-Lennon-rinde-homenaje-a-Elvis-Presley-1-768x1152.jpg 768w, https:\/\/sergiolapegue.com\/site\/wp-content\/uploads\/2025\/02\/Estefan-Lennon-rinde-homenaje-a-Elvis-Presley-1-1024x1536.jpg 1024w, https:\/\/sergiolapegue.com\/site\/wp-content\/uploads\/2025\/02\/Estefan-Lennon-rinde-homenaje-a-Elvis-Presley-1-1365x2048.jpg 1365w, https:\/\/sergiolapegue.com\/site\/wp-content\/uploads\/2025\/02\/Estefan-Lennon-rinde-homenaje-a-Elvis-Presley-1-280x420.jpg 280w, https:\/\/sergiolapegue.com\/site\/wp-content\/uploads\/2025\/02\/Estefan-Lennon-rinde-homenaje-a-Elvis-Presley-1-696x1044.jpg 696w, https:\/\/sergiolapegue.com\/site\/wp-content\/uploads\/2025\/02\/Estefan-Lennon-rinde-homenaje-a-Elvis-Presley-1-1068x1602.jpg 1068w, https:\/\/sergiolapegue.com\/site\/wp-content\/uploads\/2025\/02\/Estefan-Lennon-rinde-homenaje-a-Elvis-Presley-1-1920x2880.jpg 1920w, https:\/\/sergiolapegue.com\/site\/wp-content\/uploads\/2025\/02\/Estefan-Lennon-rinde-homenaje-a-Elvis-Presley-1-scaled.jpg 1707w\" sizes=\"auto, (max-width: 683px) 100vw, 683px\" \/><\/figure>\n\n\n\n<p><strong>TEATRO REGINA <\/strong><strong><\/strong><\/p>\n\n\n\n<p>Av. Santa Fe 1235 \u2013 Capital Federal \u2013 Buenos Aires \u2013 Argentina<\/p>\n\n\n\n<p>Entradas: Desde $ 12.000 \u2013 en boleter\u00eda del teatro o por <a href=\"https:\/\/entradauno.com\/landing\/little-elvis---homenaje-a-elvis-presley?idEspectaculoCartel=14493&amp;cHashValidacion=788ecd86ee72a64dc63fc68f0d56cd2a0d6ac76e\" target=\"_blank\" rel=\"noreferrer noopener\">Tickets en EntradaUno<\/a><strong><\/strong><\/p>\n\n\n\n<p>Funci\u00f3n: Viernes 07 de Marzo \u2013 21:30 horas<\/p>\n\n\n\n<p>Gracias Alejandra y Fabio de AGW Prensa y Desarrollo por enviarnos la gacetilla de prensa de este espect\u00e1culo.<\/p>\n\n\n\n<p><\/p>\n","protected":false},"excerpt":{"rendered":"<p>Estefan Lennon&nbsp;recorre los \u00e9xitos del gran Elvis Presley en&nbsp;Little Elvis, acompa\u00f1ado por banda en vivo. Despu\u00e9s de presentar este show en escenarios de Inglaterra y Estados Unidos,&nbsp;Estefan Lennon&nbsp;llega a Buenos Aires para revivir junto al p\u00fablico los m\u00e1s grandes \u00e9xitos del indiscutido Rey del Rock de todos los tiempos. Suspiscious Minds, Jailhouse Rock, Can\u2019t help [&hellip;]<\/p>\n","protected":false},"author":3,"featured_media":21007,"comment_status":"open","ping_status":"closed","sticky":false,"template":"","format":"standard","meta":{"footnotes":""},"categories":[34,56],"tags":[],"class_list":{"0":"post-21004","1":"post","2":"type-post","3":"status-publish","4":"format-standard","5":"has-post-thumbnail","7":"category-arte","8":"category-musica"},"yoast_head":"<!-- This site is optimized with the Yoast SEO plugin v27.4 - https:\/\/yoast.com\/product\/yoast-seo-wordpress\/ -->\n<title>ESTEFAN LENNON RINDE HOMENAJE A ELVIS PRESLEY EN LITTLE ELVIS - Sergio Lapegue<\/title>\n<meta name=\"robots\" content=\"index, follow, max-snippet:-1, max-image-preview:large, max-video-preview:-1\" \/>\n<link rel=\"canonical\" href=\"https:\/\/sergiolapegue.com\/site\/2025\/02\/26\/estefan-lennon-rinde-homenaje-a-elvis-presley-en-little-elvis\/\" \/>\n<meta property=\"og:locale\" content=\"es_ES\" \/>\n<meta property=\"og:type\" content=\"article\" \/>\n<meta property=\"og:title\" content=\"ESTEFAN LENNON RINDE HOMENAJE A ELVIS PRESLEY EN LITTLE ELVIS - Sergio Lapegue\" \/>\n<meta property=\"og:description\" content=\"Estefan Lennon&nbsp;recorre los \u00e9xitos del gran Elvis Presley en&nbsp;Little Elvis, acompa\u00f1ado por banda en vivo. Despu\u00e9s de presentar este show en escenarios de Inglaterra y Estados Unidos,&nbsp;Estefan Lennon&nbsp;llega a Buenos Aires para revivir junto al p\u00fablico los m\u00e1s grandes \u00e9xitos del indiscutido Rey del Rock de todos los tiempos. Suspiscious Minds, Jailhouse Rock, Can\u2019t help [&hellip;]\" \/>\n<meta property=\"og:url\" content=\"https:\/\/sergiolapegue.com\/site\/2025\/02\/26\/estefan-lennon-rinde-homenaje-a-elvis-presley-en-little-elvis\/\" \/>\n<meta property=\"og:site_name\" content=\"Sergio Lapegue\" \/>\n<meta property=\"article:publisher\" content=\"https:\/\/facebook.com\/sergiolapegue\" \/>\n<meta property=\"article:author\" content=\"https:\/\/facebook.com\/danielernesto.montana\" \/>\n<meta property=\"article:published_time\" content=\"2025-02-26T20:00:00+00:00\" \/>\n<meta property=\"og:image\" content=\"https:\/\/sergiolapegue.com\/site\/wp-content\/uploads\/2025\/02\/Estefan-Lennon-rinde-homenaje-a-Elvis-Presley.jpg\" \/>\n\t<meta property=\"og:image:width\" content=\"1080\" \/>\n\t<meta property=\"og:image:height\" content=\"1080\" \/>\n\t<meta property=\"og:image:type\" content=\"image\/jpeg\" \/>\n<meta name=\"author\" content=\"Daniel E. Monta\u00f1a\" \/>\n<meta name=\"twitter:card\" content=\"summary_large_image\" \/>\n<meta name=\"twitter:creator\" content=\"@https:\/\/twitter.com\/daner_004\" \/>\n<meta name=\"twitter:site\" content=\"@sergiolapegue\" \/>\n<meta name=\"twitter:label1\" content=\"Escrito por\" \/>\n\t<meta name=\"twitter:data1\" content=\"Daniel E. Monta\u00f1a\" \/>\n\t<meta name=\"twitter:label2\" content=\"Tiempo de lectura\" \/>\n\t<meta name=\"twitter:data2\" content=\"2 minutos\" \/>\n<script type=\"application\/ld+json\" class=\"yoast-schema-graph\">{\"@context\":\"https:\\\/\\\/schema.org\",\"@graph\":[{\"@type\":\"Article\",\"@id\":\"https:\\\/\\\/sergiolapegue.com\\\/site\\\/2025\\\/02\\\/26\\\/estefan-lennon-rinde-homenaje-a-elvis-presley-en-little-elvis\\\/#article\",\"isPartOf\":{\"@id\":\"https:\\\/\\\/sergiolapegue.com\\\/site\\\/2025\\\/02\\\/26\\\/estefan-lennon-rinde-homenaje-a-elvis-presley-en-little-elvis\\\/\"},\"author\":{\"name\":\"Daniel E. Monta\u00f1a\",\"@id\":\"https:\\\/\\\/sergiolapegue.com\\\/site\\\/#\\\/schema\\\/person\\\/9198e7dbab43c6d74d0fd5399af7c3cd\"},\"headline\":\"ESTEFAN LENNON RINDE HOMENAJE A ELVIS PRESLEY EN LITTLE ELVIS\",\"datePublished\":\"2025-02-26T20:00:00+00:00\",\"mainEntityOfPage\":{\"@id\":\"https:\\\/\\\/sergiolapegue.com\\\/site\\\/2025\\\/02\\\/26\\\/estefan-lennon-rinde-homenaje-a-elvis-presley-en-little-elvis\\\/\"},\"wordCount\":267,\"commentCount\":0,\"publisher\":{\"@id\":\"https:\\\/\\\/sergiolapegue.com\\\/site\\\/#\\\/schema\\\/person\\\/083aeceeb0734cd166779ea6c0551a37\"},\"image\":{\"@id\":\"https:\\\/\\\/sergiolapegue.com\\\/site\\\/2025\\\/02\\\/26\\\/estefan-lennon-rinde-homenaje-a-elvis-presley-en-little-elvis\\\/#primaryimage\"},\"thumbnailUrl\":\"https:\\\/\\\/sergiolapegue.com\\\/site\\\/wp-content\\\/uploads\\\/2025\\\/02\\\/Estefan-Lennon-rinde-homenaje-a-Elvis-Presley.jpg\",\"articleSection\":[\"Arte\",\"M\u00fasica\"],\"inLanguage\":\"es-AR\",\"potentialAction\":[{\"@type\":\"CommentAction\",\"name\":\"Comment\",\"target\":[\"https:\\\/\\\/sergiolapegue.com\\\/site\\\/2025\\\/02\\\/26\\\/estefan-lennon-rinde-homenaje-a-elvis-presley-en-little-elvis\\\/#respond\"]}]},{\"@type\":\"WebPage\",\"@id\":\"https:\\\/\\\/sergiolapegue.com\\\/site\\\/2025\\\/02\\\/26\\\/estefan-lennon-rinde-homenaje-a-elvis-presley-en-little-elvis\\\/\",\"url\":\"https:\\\/\\\/sergiolapegue.com\\\/site\\\/2025\\\/02\\\/26\\\/estefan-lennon-rinde-homenaje-a-elvis-presley-en-little-elvis\\\/\",\"name\":\"ESTEFAN LENNON RINDE HOMENAJE A ELVIS PRESLEY EN LITTLE ELVIS - Sergio Lapegue\",\"isPartOf\":{\"@id\":\"https:\\\/\\\/sergiolapegue.com\\\/site\\\/#website\"},\"primaryImageOfPage\":{\"@id\":\"https:\\\/\\\/sergiolapegue.com\\\/site\\\/2025\\\/02\\\/26\\\/estefan-lennon-rinde-homenaje-a-elvis-presley-en-little-elvis\\\/#primaryimage\"},\"image\":{\"@id\":\"https:\\\/\\\/sergiolapegue.com\\\/site\\\/2025\\\/02\\\/26\\\/estefan-lennon-rinde-homenaje-a-elvis-presley-en-little-elvis\\\/#primaryimage\"},\"thumbnailUrl\":\"https:\\\/\\\/sergiolapegue.com\\\/site\\\/wp-content\\\/uploads\\\/2025\\\/02\\\/Estefan-Lennon-rinde-homenaje-a-Elvis-Presley.jpg\",\"datePublished\":\"2025-02-26T20:00:00+00:00\",\"breadcrumb\":{\"@id\":\"https:\\\/\\\/sergiolapegue.com\\\/site\\\/2025\\\/02\\\/26\\\/estefan-lennon-rinde-homenaje-a-elvis-presley-en-little-elvis\\\/#breadcrumb\"},\"inLanguage\":\"es-AR\",\"potentialAction\":[{\"@type\":\"ReadAction\",\"target\":[\"https:\\\/\\\/sergiolapegue.com\\\/site\\\/2025\\\/02\\\/26\\\/estefan-lennon-rinde-homenaje-a-elvis-presley-en-little-elvis\\\/\"]}]},{\"@type\":\"ImageObject\",\"inLanguage\":\"es-AR\",\"@id\":\"https:\\\/\\\/sergiolapegue.com\\\/site\\\/2025\\\/02\\\/26\\\/estefan-lennon-rinde-homenaje-a-elvis-presley-en-little-elvis\\\/#primaryimage\",\"url\":\"https:\\\/\\\/sergiolapegue.com\\\/site\\\/wp-content\\\/uploads\\\/2025\\\/02\\\/Estefan-Lennon-rinde-homenaje-a-Elvis-Presley.jpg\",\"contentUrl\":\"https:\\\/\\\/sergiolapegue.com\\\/site\\\/wp-content\\\/uploads\\\/2025\\\/02\\\/Estefan-Lennon-rinde-homenaje-a-Elvis-Presley.jpg\",\"width\":1080,\"height\":1080},{\"@type\":\"BreadcrumbList\",\"@id\":\"https:\\\/\\\/sergiolapegue.com\\\/site\\\/2025\\\/02\\\/26\\\/estefan-lennon-rinde-homenaje-a-elvis-presley-en-little-elvis\\\/#breadcrumb\",\"itemListElement\":[{\"@type\":\"ListItem\",\"position\":1,\"name\":\"Inicio\",\"item\":\"https:\\\/\\\/sergiolapegue.com\\\/site\\\/\"},{\"@type\":\"ListItem\",\"position\":2,\"name\":\"ESTEFAN LENNON RINDE HOMENAJE A ELVIS PRESLEY EN LITTLE ELVIS\"}]},{\"@type\":\"WebSite\",\"@id\":\"https:\\\/\\\/sergiolapegue.com\\\/site\\\/#website\",\"url\":\"https:\\\/\\\/sergiolapegue.com\\\/site\\\/\",\"name\":\"Sergio Lapegue\",\"description\":\"Periodista\",\"publisher\":{\"@id\":\"https:\\\/\\\/sergiolapegue.com\\\/site\\\/#\\\/schema\\\/person\\\/083aeceeb0734cd166779ea6c0551a37\"},\"potentialAction\":[{\"@type\":\"SearchAction\",\"target\":{\"@type\":\"EntryPoint\",\"urlTemplate\":\"https:\\\/\\\/sergiolapegue.com\\\/site\\\/?s={search_term_string}\"},\"query-input\":{\"@type\":\"PropertyValueSpecification\",\"valueRequired\":true,\"valueName\":\"search_term_string\"}}],\"inLanguage\":\"es-AR\"},{\"@type\":[\"Person\",\"Organization\"],\"@id\":\"https:\\\/\\\/sergiolapegue.com\\\/site\\\/#\\\/schema\\\/person\\\/083aeceeb0734cd166779ea6c0551a37\",\"name\":\"Sergio Lapegue\",\"image\":{\"@type\":\"ImageObject\",\"inLanguage\":\"es-AR\",\"@id\":\"https:\\\/\\\/sergiolapegue.com\\\/site\\\/wp-content\\\/uploads\\\/2021\\\/04\\\/logo_header-1.png\",\"url\":\"https:\\\/\\\/sergiolapegue.com\\\/site\\\/wp-content\\\/uploads\\\/2021\\\/04\\\/logo_header-1.png\",\"contentUrl\":\"https:\\\/\\\/sergiolapegue.com\\\/site\\\/wp-content\\\/uploads\\\/2021\\\/04\\\/logo_header-1.png\",\"width\":272,\"height\":90,\"caption\":\"Sergio Lapegue\"},\"logo\":{\"@id\":\"https:\\\/\\\/sergiolapegue.com\\\/site\\\/wp-content\\\/uploads\\\/2021\\\/04\\\/logo_header-1.png\"},\"sameAs\":[\"https:\\\/\\\/facebook.com\\\/sergiolapegue\",\"https:\\\/\\\/instagram.com\\\/sergiolapegue\",\"https:\\\/\\\/x.com\\\/https:\\\/\\\/twitter.com\\\/sergiolapegue\"]},{\"@type\":\"Person\",\"@id\":\"https:\\\/\\\/sergiolapegue.com\\\/site\\\/#\\\/schema\\\/person\\\/9198e7dbab43c6d74d0fd5399af7c3cd\",\"name\":\"Daniel E. Monta\u00f1a\",\"image\":{\"@type\":\"ImageObject\",\"inLanguage\":\"es-AR\",\"@id\":\"https:\\\/\\\/sergiolapegue.com\\\/site\\\/wp-content\\\/uploads\\\/2021\\\/04\\\/sl_avatar_Daniel-150x150.jpg\",\"url\":\"https:\\\/\\\/sergiolapegue.com\\\/site\\\/wp-content\\\/uploads\\\/2021\\\/04\\\/sl_avatar_Daniel-150x150.jpg\",\"contentUrl\":\"https:\\\/\\\/sergiolapegue.com\\\/site\\\/wp-content\\\/uploads\\\/2021\\\/04\\\/sl_avatar_Daniel-150x150.jpg\",\"caption\":\"Daniel E. Monta\u00f1a\"},\"sameAs\":[\"https:\\\/\\\/facebook.com\\\/danielernesto.montana\",\"https:\\\/\\\/instagram.com\\\/daniel_montana1961\",\"https:\\\/\\\/x.com\\\/https:\\\/\\\/twitter.com\\\/daner_004\"],\"url\":\"https:\\\/\\\/sergiolapegue.com\\\/site\\\/author\\\/daniel\\\/\"}]}<\/script>\n<!-- \/ Yoast SEO plugin. -->","yoast_head_json":{"title":"ESTEFAN LENNON RINDE HOMENAJE A ELVIS PRESLEY EN LITTLE ELVIS - Sergio Lapegue","robots":{"index":"index","follow":"follow","max-snippet":"max-snippet:-1","max-image-preview":"max-image-preview:large","max-video-preview":"max-video-preview:-1"},"canonical":"https:\/\/sergiolapegue.com\/site\/2025\/02\/26\/estefan-lennon-rinde-homenaje-a-elvis-presley-en-little-elvis\/","og_locale":"es_ES","og_type":"article","og_title":"ESTEFAN LENNON RINDE HOMENAJE A ELVIS PRESLEY EN LITTLE ELVIS - Sergio Lapegue","og_description":"Estefan Lennon&nbsp;recorre los \u00e9xitos del gran Elvis Presley en&nbsp;Little Elvis, acompa\u00f1ado por banda en vivo. Despu\u00e9s de presentar este show en escenarios de Inglaterra y Estados Unidos,&nbsp;Estefan Lennon&nbsp;llega a Buenos Aires para revivir junto al p\u00fablico los m\u00e1s grandes \u00e9xitos del indiscutido Rey del Rock de todos los tiempos. Suspiscious Minds, Jailhouse Rock, Can\u2019t help [&hellip;]","og_url":"https:\/\/sergiolapegue.com\/site\/2025\/02\/26\/estefan-lennon-rinde-homenaje-a-elvis-presley-en-little-elvis\/","og_site_name":"Sergio Lapegue","article_publisher":"https:\/\/facebook.com\/sergiolapegue","article_author":"https:\/\/facebook.com\/danielernesto.montana","article_published_time":"2025-02-26T20:00:00+00:00","og_image":[{"width":1080,"height":1080,"url":"https:\/\/sergiolapegue.com\/site\/wp-content\/uploads\/2025\/02\/Estefan-Lennon-rinde-homenaje-a-Elvis-Presley.jpg","type":"image\/jpeg"}],"author":"Daniel E. Monta\u00f1a","twitter_card":"summary_large_image","twitter_creator":"@https:\/\/twitter.com\/daner_004","twitter_site":"@sergiolapegue","twitter_misc":{"Escrito por":"Daniel E. Monta\u00f1a","Tiempo de lectura":"2 minutos"},"schema":{"@context":"https:\/\/schema.org","@graph":[{"@type":"Article","@id":"https:\/\/sergiolapegue.com\/site\/2025\/02\/26\/estefan-lennon-rinde-homenaje-a-elvis-presley-en-little-elvis\/#article","isPartOf":{"@id":"https:\/\/sergiolapegue.com\/site\/2025\/02\/26\/estefan-lennon-rinde-homenaje-a-elvis-presley-en-little-elvis\/"},"author":{"name":"Daniel E. Monta\u00f1a","@id":"https:\/\/sergiolapegue.com\/site\/#\/schema\/person\/9198e7dbab43c6d74d0fd5399af7c3cd"},"headline":"ESTEFAN LENNON RINDE HOMENAJE A ELVIS PRESLEY EN LITTLE ELVIS","datePublished":"2025-02-26T20:00:00+00:00","mainEntityOfPage":{"@id":"https:\/\/sergiolapegue.com\/site\/2025\/02\/26\/estefan-lennon-rinde-homenaje-a-elvis-presley-en-little-elvis\/"},"wordCount":267,"commentCount":0,"publisher":{"@id":"https:\/\/sergiolapegue.com\/site\/#\/schema\/person\/083aeceeb0734cd166779ea6c0551a37"},"image":{"@id":"https:\/\/sergiolapegue.com\/site\/2025\/02\/26\/estefan-lennon-rinde-homenaje-a-elvis-presley-en-little-elvis\/#primaryimage"},"thumbnailUrl":"https:\/\/sergiolapegue.com\/site\/wp-content\/uploads\/2025\/02\/Estefan-Lennon-rinde-homenaje-a-Elvis-Presley.jpg","articleSection":["Arte","M\u00fasica"],"inLanguage":"es-AR","potentialAction":[{"@type":"CommentAction","name":"Comment","target":["https:\/\/sergiolapegue.com\/site\/2025\/02\/26\/estefan-lennon-rinde-homenaje-a-elvis-presley-en-little-elvis\/#respond"]}]},{"@type":"WebPage","@id":"https:\/\/sergiolapegue.com\/site\/2025\/02\/26\/estefan-lennon-rinde-homenaje-a-elvis-presley-en-little-elvis\/","url":"https:\/\/sergiolapegue.com\/site\/2025\/02\/26\/estefan-lennon-rinde-homenaje-a-elvis-presley-en-little-elvis\/","name":"ESTEFAN LENNON RINDE HOMENAJE A ELVIS PRESLEY EN LITTLE ELVIS - Sergio Lapegue","isPartOf":{"@id":"https:\/\/sergiolapegue.com\/site\/#website"},"primaryImageOfPage":{"@id":"https:\/\/sergiolapegue.com\/site\/2025\/02\/26\/estefan-lennon-rinde-homenaje-a-elvis-presley-en-little-elvis\/#primaryimage"},"image":{"@id":"https:\/\/sergiolapegue.com\/site\/2025\/02\/26\/estefan-lennon-rinde-homenaje-a-elvis-presley-en-little-elvis\/#primaryimage"},"thumbnailUrl":"https:\/\/sergiolapegue.com\/site\/wp-content\/uploads\/2025\/02\/Estefan-Lennon-rinde-homenaje-a-Elvis-Presley.jpg","datePublished":"2025-02-26T20:00:00+00:00","breadcrumb":{"@id":"https:\/\/sergiolapegue.com\/site\/2025\/02\/26\/estefan-lennon-rinde-homenaje-a-elvis-presley-en-little-elvis\/#breadcrumb"},"inLanguage":"es-AR","potentialAction":[{"@type":"ReadAction","target":["https:\/\/sergiolapegue.com\/site\/2025\/02\/26\/estefan-lennon-rinde-homenaje-a-elvis-presley-en-little-elvis\/"]}]},{"@type":"ImageObject","inLanguage":"es-AR","@id":"https:\/\/sergiolapegue.com\/site\/2025\/02\/26\/estefan-lennon-rinde-homenaje-a-elvis-presley-en-little-elvis\/#primaryimage","url":"https:\/\/sergiolapegue.com\/site\/wp-content\/uploads\/2025\/02\/Estefan-Lennon-rinde-homenaje-a-Elvis-Presley.jpg","contentUrl":"https:\/\/sergiolapegue.com\/site\/wp-content\/uploads\/2025\/02\/Estefan-Lennon-rinde-homenaje-a-Elvis-Presley.jpg","width":1080,"height":1080},{"@type":"BreadcrumbList","@id":"https:\/\/sergiolapegue.com\/site\/2025\/02\/26\/estefan-lennon-rinde-homenaje-a-elvis-presley-en-little-elvis\/#breadcrumb","itemListElement":[{"@type":"ListItem","position":1,"name":"Inicio","item":"https:\/\/sergiolapegue.com\/site\/"},{"@type":"ListItem","position":2,"name":"ESTEFAN LENNON RINDE HOMENAJE A ELVIS PRESLEY EN LITTLE ELVIS"}]},{"@type":"WebSite","@id":"https:\/\/sergiolapegue.com\/site\/#website","url":"https:\/\/sergiolapegue.com\/site\/","name":"Sergio Lapegue","description":"Periodista","publisher":{"@id":"https:\/\/sergiolapegue.com\/site\/#\/schema\/person\/083aeceeb0734cd166779ea6c0551a37"},"potentialAction":[{"@type":"SearchAction","target":{"@type":"EntryPoint","urlTemplate":"https:\/\/sergiolapegue.com\/site\/?s={search_term_string}"},"query-input":{"@type":"PropertyValueSpecification","valueRequired":true,"valueName":"search_term_string"}}],"inLanguage":"es-AR"},{"@type":["Person","Organization"],"@id":"https:\/\/sergiolapegue.com\/site\/#\/schema\/person\/083aeceeb0734cd166779ea6c0551a37","name":"Sergio Lapegue","image":{"@type":"ImageObject","inLanguage":"es-AR","@id":"https:\/\/sergiolapegue.com\/site\/wp-content\/uploads\/2021\/04\/logo_header-1.png","url":"https:\/\/sergiolapegue.com\/site\/wp-content\/uploads\/2021\/04\/logo_header-1.png","contentUrl":"https:\/\/sergiolapegue.com\/site\/wp-content\/uploads\/2021\/04\/logo_header-1.png","width":272,"height":90,"caption":"Sergio Lapegue"},"logo":{"@id":"https:\/\/sergiolapegue.com\/site\/wp-content\/uploads\/2021\/04\/logo_header-1.png"},"sameAs":["https:\/\/facebook.com\/sergiolapegue","https:\/\/instagram.com\/sergiolapegue","https:\/\/x.com\/https:\/\/twitter.com\/sergiolapegue"]},{"@type":"Person","@id":"https:\/\/sergiolapegue.com\/site\/#\/schema\/person\/9198e7dbab43c6d74d0fd5399af7c3cd","name":"Daniel E. Monta\u00f1a","image":{"@type":"ImageObject","inLanguage":"es-AR","@id":"https:\/\/sergiolapegue.com\/site\/wp-content\/uploads\/2021\/04\/sl_avatar_Daniel-150x150.jpg","url":"https:\/\/sergiolapegue.com\/site\/wp-content\/uploads\/2021\/04\/sl_avatar_Daniel-150x150.jpg","contentUrl":"https:\/\/sergiolapegue.com\/site\/wp-content\/uploads\/2021\/04\/sl_avatar_Daniel-150x150.jpg","caption":"Daniel E. Monta\u00f1a"},"sameAs":["https:\/\/facebook.com\/danielernesto.montana","https:\/\/instagram.com\/daniel_montana1961","https:\/\/x.com\/https:\/\/twitter.com\/daner_004"],"url":"https:\/\/sergiolapegue.com\/site\/author\/daniel\/"}]}},"_links":{"self":[{"href":"https:\/\/sergiolapegue.com\/site\/wp-json\/wp\/v2\/posts\/21004","targetHints":{"allow":["GET"]}}],"collection":[{"href":"https:\/\/sergiolapegue.com\/site\/wp-json\/wp\/v2\/posts"}],"about":[{"href":"https:\/\/sergiolapegue.com\/site\/wp-json\/wp\/v2\/types\/post"}],"author":[{"embeddable":true,"href":"https:\/\/sergiolapegue.com\/site\/wp-json\/wp\/v2\/users\/3"}],"replies":[{"embeddable":true,"href":"https:\/\/sergiolapegue.com\/site\/wp-json\/wp\/v2\/comments?post=21004"}],"version-history":[{"count":1,"href":"https:\/\/sergiolapegue.com\/site\/wp-json\/wp\/v2\/posts\/21004\/revisions"}],"predecessor-version":[{"id":21008,"href":"https:\/\/sergiolapegue.com\/site\/wp-json\/wp\/v2\/posts\/21004\/revisions\/21008"}],"wp:featuredmedia":[{"embeddable":true,"href":"https:\/\/sergiolapegue.com\/site\/wp-json\/wp\/v2\/media\/21007"}],"wp:attachment":[{"href":"https:\/\/sergiolapegue.com\/site\/wp-json\/wp\/v2\/media?parent=21004"}],"wp:term":[{"taxonomy":"category","embeddable":true,"href":"https:\/\/sergiolapegue.com\/site\/wp-json\/wp\/v2\/categories?post=21004"},{"taxonomy":"post_tag","embeddable":true,"href":"https:\/\/sergiolapegue.com\/site\/wp-json\/wp\/v2\/tags?post=21004"}],"curies":[{"name":"wp","href":"https:\/\/api.w.org\/{rel}","templated":true}]}}