{"id":20991,"date":"2025-02-25T17:00:00","date_gmt":"2025-02-25T20:00:00","guid":{"rendered":"https:\/\/sergiolapegue.com\/site\/?p=20991"},"modified":"2025-02-24T21:54:26","modified_gmt":"2025-02-25T00:54:26","slug":"la-teoria-del-desencanto-2","status":"publish","type":"post","link":"https:\/\/sergiolapegue.com\/site\/2025\/02\/25\/la-teoria-del-desencanto-2\/","title":{"rendered":"LA TEOR\u00cdA DEL DESENCANTO"},"content":{"rendered":"\n<p>Luego de una primer temporada con localidades agotadas en todas sus funciones, vuelve \u201cLa teor\u00eda del desencanto\u201d, solamente por 8 \u00fanicas funciones.<\/p>\n\n\n\n<p>Este espect\u00e1culo ha resultado ganador del 12\u00ba Premio ARTEI a la producci\u00f3n de teatro independiente 2024.<\/p>\n\n\n\n<p>La segunda temporada se podr\u00e1 ver en El M\u00e9todo Kair\u00f3s Teatro, los d\u00edas mi\u00e9rcoles a las 21:00 horas. &nbsp;<\/p>\n\n\n\n<p>Este espect\u00e1culo cuenta con el apoyo del Instituto Nacional del Teatro&nbsp;<\/p>\n\n\n\n<p>Este espect\u00e1culo cuenta con el apoyo de PROTEATRO<\/p>\n\n\n\n<figure class=\"wp-block-image size-large\"><img loading=\"lazy\" decoding=\"async\" width=\"1024\" height=\"683\" src=\"https:\/\/sergiolapegue.com\/site\/wp-content\/uploads\/2025\/02\/La-teoria-del-desencanto-1-1024x683.jpg\" alt=\"\" class=\"wp-image-20992\" srcset=\"https:\/\/sergiolapegue.com\/site\/wp-content\/uploads\/2025\/02\/La-teoria-del-desencanto-1-1024x683.jpg 1024w, https:\/\/sergiolapegue.com\/site\/wp-content\/uploads\/2025\/02\/La-teoria-del-desencanto-1-300x200.jpg 300w, https:\/\/sergiolapegue.com\/site\/wp-content\/uploads\/2025\/02\/La-teoria-del-desencanto-1-768x512.jpg 768w, https:\/\/sergiolapegue.com\/site\/wp-content\/uploads\/2025\/02\/La-teoria-del-desencanto-1-1536x1024.jpg 1536w, https:\/\/sergiolapegue.com\/site\/wp-content\/uploads\/2025\/02\/La-teoria-del-desencanto-1-2048x1365.jpg 2048w, https:\/\/sergiolapegue.com\/site\/wp-content\/uploads\/2025\/02\/La-teoria-del-desencanto-1-630x420.jpg 630w, https:\/\/sergiolapegue.com\/site\/wp-content\/uploads\/2025\/02\/La-teoria-del-desencanto-1-696x464.jpg 696w, https:\/\/sergiolapegue.com\/site\/wp-content\/uploads\/2025\/02\/La-teoria-del-desencanto-1-1068x712.jpg 1068w, https:\/\/sergiolapegue.com\/site\/wp-content\/uploads\/2025\/02\/La-teoria-del-desencanto-1-1920x1280.jpg 1920w\" sizes=\"auto, (max-width: 1024px) 100vw, 1024px\" \/><\/figure>\n\n\n\n<p><strong>SINOPSIS<\/strong><\/p>\n\n\n\n<p>Los a\u00f1os ochenta, barrio de La Boca. En la radio suena el debate sobre la Ley de Divorcio: se habla del fracaso matrimonial.&nbsp;<\/p>\n\n\n\n<p>Mar\u00eda y Francisco son una pareja de escritores. Una noche de tormenta el\u00e9ctrica reciben a su vecina Renata para cenar. Lo que ellas no saben es que Francisco tambi\u00e9n invit\u00f3 a Antonio, ex pareja de Mar\u00eda, escritor como ellos, pero famoso.<\/p>\n\n\n\n<p>Un brindis por la salida de la novela \u201cEl Desencanto\u201d, el nuevo \u00e9xito editorial de Antonio desencadena en Francisco una escena de celos y paranoia sin retorno.&nbsp;<\/p>\n\n\n\n<figure class=\"wp-block-image size-large\"><img loading=\"lazy\" decoding=\"async\" width=\"1024\" height=\"683\" src=\"https:\/\/sergiolapegue.com\/site\/wp-content\/uploads\/2025\/02\/La-teoria-del-desencanto-2-1024x683.jpg\" alt=\"\" class=\"wp-image-20993\" srcset=\"https:\/\/sergiolapegue.com\/site\/wp-content\/uploads\/2025\/02\/La-teoria-del-desencanto-2-1024x683.jpg 1024w, https:\/\/sergiolapegue.com\/site\/wp-content\/uploads\/2025\/02\/La-teoria-del-desencanto-2-300x200.jpg 300w, https:\/\/sergiolapegue.com\/site\/wp-content\/uploads\/2025\/02\/La-teoria-del-desencanto-2-768x512.jpg 768w, https:\/\/sergiolapegue.com\/site\/wp-content\/uploads\/2025\/02\/La-teoria-del-desencanto-2-1536x1024.jpg 1536w, https:\/\/sergiolapegue.com\/site\/wp-content\/uploads\/2025\/02\/La-teoria-del-desencanto-2-2048x1365.jpg 2048w, https:\/\/sergiolapegue.com\/site\/wp-content\/uploads\/2025\/02\/La-teoria-del-desencanto-2-630x420.jpg 630w, https:\/\/sergiolapegue.com\/site\/wp-content\/uploads\/2025\/02\/La-teoria-del-desencanto-2-696x464.jpg 696w, https:\/\/sergiolapegue.com\/site\/wp-content\/uploads\/2025\/02\/La-teoria-del-desencanto-2-1068x712.jpg 1068w, https:\/\/sergiolapegue.com\/site\/wp-content\/uploads\/2025\/02\/La-teoria-del-desencanto-2-1920x1280.jpg 1920w\" sizes=\"auto, (max-width: 1024px) 100vw, 1024px\" \/><\/figure>\n\n\n\n<p><strong>FICHA T\u00c9CNICO ART\u00cdSTICA&nbsp;<\/strong><\/p>\n\n\n\n<p><strong>Dramaturgia:<\/strong> Julieta Otero&nbsp;<\/p>\n\n\n\n<p><strong>Act\u00faan:<\/strong> Ana Celentano&nbsp;como Renata<\/p>\n\n\n\n<p>\u00a0\u00a0\u00a0\u00a0\u00a0\u00a0\u00a0 \u00a0\u00a0\u00a0\u00a0\u00a0 Julia Di Ciocco\u00a0como Mar\u00eda<\/p>\n\n\n\n<p>\u00a0\u00a0\u00a0\u00a0\u00a0\u00a0\u00a0\u00a0\u00a0\u00a0\u00a0\u00a0\u00a0 Juan Tupac Soler\u00a0como Francisco<\/p>\n\n\n\n<p>\u00a0\u00a0\u00a0\u00a0\u00a0\u00a0\u00a0\u00a0\u00a0\u00a0\u00a0\u00a0\u00a0 Ra\u00fal Antonio Fern\u00e1ndez\u00a0como Antonio\u00a0<\/p>\n\n\n\n<p><strong>Dise\u00f1o de escenograf\u00eda:<\/strong> Jos\u00e9\u0301 Escobar&nbsp;<\/p>\n\n\n\n<p><strong>Dise\u00f1o de vestuario:<\/strong> Victoria Nan\u00e1&nbsp;<\/p>\n\n\n\n<p><strong>Dise\u00f1o de luces:<\/strong> Samir Carrillo&nbsp;<\/p>\n\n\n\n<p><strong>Coreograf\u00eda tango:<\/strong> Agustina Leoni&nbsp;<\/p>\n\n\n\n<p><strong>Dise\u00f1o gr\u00e1fico:<\/strong> Lucila Gejtman<\/p>\n\n\n\n<p><strong>Arma:<\/strong> Piroman\u00eda Fx &#8211; Lanfranco Burattini<\/p>\n\n\n\n<p><strong>Fotograf\u00eda:<\/strong> Rorro Garc\u00eda<\/p>\n\n\n\n<p><strong>Prensa:<\/strong> Varas Otero<\/p>\n\n\n\n<p><strong>Asistencia de direcci\u00f3n:<\/strong> Camila Sartorio&nbsp;<\/p>\n\n\n\n<p><strong>Direcci\u00f3n:<\/strong> Julieta Otero&nbsp;<\/p>\n\n\n\n<p><strong>Duraci\u00f3n:<\/strong> 70 minutos<\/p>\n\n\n\n<p><strong>Clasificaci\u00f3n:<\/strong> Teatro \u2013 Presencial \u2013 Adultos<\/p>\n\n\n\n<figure class=\"wp-block-image size-large\"><img loading=\"lazy\" decoding=\"async\" width=\"1024\" height=\"683\" src=\"https:\/\/sergiolapegue.com\/site\/wp-content\/uploads\/2025\/02\/La-teoria-del-desencanto-3-1024x683.jpg\" alt=\"\" class=\"wp-image-20994\" srcset=\"https:\/\/sergiolapegue.com\/site\/wp-content\/uploads\/2025\/02\/La-teoria-del-desencanto-3-1024x683.jpg 1024w, https:\/\/sergiolapegue.com\/site\/wp-content\/uploads\/2025\/02\/La-teoria-del-desencanto-3-300x200.jpg 300w, https:\/\/sergiolapegue.com\/site\/wp-content\/uploads\/2025\/02\/La-teoria-del-desencanto-3-768x512.jpg 768w, https:\/\/sergiolapegue.com\/site\/wp-content\/uploads\/2025\/02\/La-teoria-del-desencanto-3-1536x1024.jpg 1536w, https:\/\/sergiolapegue.com\/site\/wp-content\/uploads\/2025\/02\/La-teoria-del-desencanto-3-2048x1365.jpg 2048w, https:\/\/sergiolapegue.com\/site\/wp-content\/uploads\/2025\/02\/La-teoria-del-desencanto-3-630x420.jpg 630w, https:\/\/sergiolapegue.com\/site\/wp-content\/uploads\/2025\/02\/La-teoria-del-desencanto-3-696x464.jpg 696w, https:\/\/sergiolapegue.com\/site\/wp-content\/uploads\/2025\/02\/La-teoria-del-desencanto-3-1068x712.jpg 1068w, https:\/\/sergiolapegue.com\/site\/wp-content\/uploads\/2025\/02\/La-teoria-del-desencanto-3-1920x1280.jpg 1920w\" sizes=\"auto, (max-width: 1024px) 100vw, 1024px\" \/><\/figure>\n\n\n\n<p><strong>EL M\u00c9TODO KAIR\u00d3S<\/strong><strong><\/strong><\/p>\n\n\n\n<p>El Salvador 4530 \u2013 Capital Federal \u2013 Buenos Aires \u2013 Argentina<\/p>\n\n\n\n<p>Tel\u00e9fono: 4831-9663<\/p>\n\n\n\n<p>Web: <a href=\"http:\/\/www.elmetodokairos.com.ar\">http:\/\/www.elmetodokairos.com.ar<\/a><\/p>\n\n\n\n<p>Entradas: $ 15.000 \u2013 en boleter\u00eda del teatro o por <a href=\"https:\/\/publico.alternativateatral.com\/entradas91548-la-teoria-del-desencanto\" target=\"_blank\" rel=\"noreferrer noopener\">ALTERNATIVA TEATRAL<\/a><\/p>\n\n\n\n<p>Funciones: Mi\u00e9rcoles 21:00 horas \u2013 Del 05\/03\/2025 al 30\/04\/2025<\/p>\n\n\n\n<p>Gracias Varas Otero por enviarnos la gacetilla de prensa del reestreno de este espect\u00e1culo.<\/p>\n\n\n\n<p><\/p>\n","protected":false},"excerpt":{"rendered":"<p>Luego de una primer temporada con localidades agotadas en todas sus funciones, vuelve \u201cLa teor\u00eda del desencanto\u201d, solamente por 8 \u00fanicas funciones. Este espect\u00e1culo ha resultado ganador del 12\u00ba Premio ARTEI a la producci\u00f3n de teatro independiente 2024. La segunda temporada se podr\u00e1 ver en El M\u00e9todo Kair\u00f3s Teatro, los d\u00edas mi\u00e9rcoles a las 21:00 [&hellip;]<\/p>\n","protected":false},"author":3,"featured_media":20995,"comment_status":"open","ping_status":"closed","sticky":false,"template":"","format":"standard","meta":{"footnotes":""},"categories":[34,35],"tags":[],"class_list":{"0":"post-20991","1":"post","2":"type-post","3":"status-publish","4":"format-standard","5":"has-post-thumbnail","7":"category-arte","8":"category-teatro"},"yoast_head":"<!-- This site is optimized with the Yoast SEO plugin v27.4 - https:\/\/yoast.com\/product\/yoast-seo-wordpress\/ -->\n<title>LA TEOR\u00cdA DEL DESENCANTO - Sergio Lapegue<\/title>\n<meta name=\"robots\" content=\"index, follow, max-snippet:-1, max-image-preview:large, max-video-preview:-1\" \/>\n<link rel=\"canonical\" href=\"https:\/\/sergiolapegue.com\/site\/2025\/02\/25\/la-teoria-del-desencanto-2\/\" \/>\n<meta property=\"og:locale\" content=\"es_ES\" \/>\n<meta property=\"og:type\" content=\"article\" \/>\n<meta property=\"og:title\" content=\"LA TEOR\u00cdA DEL DESENCANTO - Sergio Lapegue\" \/>\n<meta property=\"og:description\" content=\"Luego de una primer temporada con localidades agotadas en todas sus funciones, vuelve \u201cLa teor\u00eda del desencanto\u201d, solamente por 8 \u00fanicas funciones. Este espect\u00e1culo ha resultado ganador del 12\u00ba Premio ARTEI a la producci\u00f3n de teatro independiente 2024. La segunda temporada se podr\u00e1 ver en El M\u00e9todo Kair\u00f3s Teatro, los d\u00edas mi\u00e9rcoles a las 21:00 [&hellip;]\" \/>\n<meta property=\"og:url\" content=\"https:\/\/sergiolapegue.com\/site\/2025\/02\/25\/la-teoria-del-desencanto-2\/\" \/>\n<meta property=\"og:site_name\" content=\"Sergio Lapegue\" \/>\n<meta property=\"article:publisher\" content=\"https:\/\/facebook.com\/sergiolapegue\" \/>\n<meta property=\"article:author\" content=\"https:\/\/facebook.com\/danielernesto.montana\" \/>\n<meta property=\"article:published_time\" content=\"2025-02-25T20:00:00+00:00\" \/>\n<meta property=\"og:image\" content=\"https:\/\/sergiolapegue.com\/site\/wp-content\/uploads\/2025\/02\/La-teoria-del-desencanto.jpeg\" \/>\n\t<meta property=\"og:image:width\" content=\"1080\" \/>\n\t<meta property=\"og:image:height\" content=\"1350\" \/>\n\t<meta property=\"og:image:type\" content=\"image\/jpeg\" \/>\n<meta name=\"author\" content=\"Daniel E. Monta\u00f1a\" \/>\n<meta name=\"twitter:card\" content=\"summary_large_image\" \/>\n<meta name=\"twitter:creator\" content=\"@https:\/\/twitter.com\/daner_004\" \/>\n<meta name=\"twitter:site\" content=\"@sergiolapegue\" \/>\n<meta name=\"twitter:label1\" content=\"Escrito por\" \/>\n\t<meta name=\"twitter:data1\" content=\"Daniel E. Monta\u00f1a\" \/>\n\t<meta name=\"twitter:label2\" content=\"Tiempo de lectura\" \/>\n\t<meta name=\"twitter:data2\" content=\"3 minutos\" \/>\n<script type=\"application\/ld+json\" class=\"yoast-schema-graph\">{\"@context\":\"https:\\\/\\\/schema.org\",\"@graph\":[{\"@type\":\"Article\",\"@id\":\"https:\\\/\\\/sergiolapegue.com\\\/site\\\/2025\\\/02\\\/25\\\/la-teoria-del-desencanto-2\\\/#article\",\"isPartOf\":{\"@id\":\"https:\\\/\\\/sergiolapegue.com\\\/site\\\/2025\\\/02\\\/25\\\/la-teoria-del-desencanto-2\\\/\"},\"author\":{\"name\":\"Daniel E. Monta\u00f1a\",\"@id\":\"https:\\\/\\\/sergiolapegue.com\\\/site\\\/#\\\/schema\\\/person\\\/9198e7dbab43c6d74d0fd5399af7c3cd\"},\"headline\":\"LA TEOR\u00cdA DEL DESENCANTO\",\"datePublished\":\"2025-02-25T20:00:00+00:00\",\"mainEntityOfPage\":{\"@id\":\"https:\\\/\\\/sergiolapegue.com\\\/site\\\/2025\\\/02\\\/25\\\/la-teoria-del-desencanto-2\\\/\"},\"wordCount\":342,\"commentCount\":0,\"publisher\":{\"@id\":\"https:\\\/\\\/sergiolapegue.com\\\/site\\\/#\\\/schema\\\/person\\\/083aeceeb0734cd166779ea6c0551a37\"},\"image\":{\"@id\":\"https:\\\/\\\/sergiolapegue.com\\\/site\\\/2025\\\/02\\\/25\\\/la-teoria-del-desencanto-2\\\/#primaryimage\"},\"thumbnailUrl\":\"https:\\\/\\\/sergiolapegue.com\\\/site\\\/wp-content\\\/uploads\\\/2025\\\/02\\\/La-teoria-del-desencanto.jpeg\",\"articleSection\":[\"Arte\",\"Teatro\"],\"inLanguage\":\"es-AR\",\"potentialAction\":[{\"@type\":\"CommentAction\",\"name\":\"Comment\",\"target\":[\"https:\\\/\\\/sergiolapegue.com\\\/site\\\/2025\\\/02\\\/25\\\/la-teoria-del-desencanto-2\\\/#respond\"]}]},{\"@type\":\"WebPage\",\"@id\":\"https:\\\/\\\/sergiolapegue.com\\\/site\\\/2025\\\/02\\\/25\\\/la-teoria-del-desencanto-2\\\/\",\"url\":\"https:\\\/\\\/sergiolapegue.com\\\/site\\\/2025\\\/02\\\/25\\\/la-teoria-del-desencanto-2\\\/\",\"name\":\"LA TEOR\u00cdA DEL DESENCANTO - Sergio Lapegue\",\"isPartOf\":{\"@id\":\"https:\\\/\\\/sergiolapegue.com\\\/site\\\/#website\"},\"primaryImageOfPage\":{\"@id\":\"https:\\\/\\\/sergiolapegue.com\\\/site\\\/2025\\\/02\\\/25\\\/la-teoria-del-desencanto-2\\\/#primaryimage\"},\"image\":{\"@id\":\"https:\\\/\\\/sergiolapegue.com\\\/site\\\/2025\\\/02\\\/25\\\/la-teoria-del-desencanto-2\\\/#primaryimage\"},\"thumbnailUrl\":\"https:\\\/\\\/sergiolapegue.com\\\/site\\\/wp-content\\\/uploads\\\/2025\\\/02\\\/La-teoria-del-desencanto.jpeg\",\"datePublished\":\"2025-02-25T20:00:00+00:00\",\"breadcrumb\":{\"@id\":\"https:\\\/\\\/sergiolapegue.com\\\/site\\\/2025\\\/02\\\/25\\\/la-teoria-del-desencanto-2\\\/#breadcrumb\"},\"inLanguage\":\"es-AR\",\"potentialAction\":[{\"@type\":\"ReadAction\",\"target\":[\"https:\\\/\\\/sergiolapegue.com\\\/site\\\/2025\\\/02\\\/25\\\/la-teoria-del-desencanto-2\\\/\"]}]},{\"@type\":\"ImageObject\",\"inLanguage\":\"es-AR\",\"@id\":\"https:\\\/\\\/sergiolapegue.com\\\/site\\\/2025\\\/02\\\/25\\\/la-teoria-del-desencanto-2\\\/#primaryimage\",\"url\":\"https:\\\/\\\/sergiolapegue.com\\\/site\\\/wp-content\\\/uploads\\\/2025\\\/02\\\/La-teoria-del-desencanto.jpeg\",\"contentUrl\":\"https:\\\/\\\/sergiolapegue.com\\\/site\\\/wp-content\\\/uploads\\\/2025\\\/02\\\/La-teoria-del-desencanto.jpeg\",\"width\":1080,\"height\":1350},{\"@type\":\"BreadcrumbList\",\"@id\":\"https:\\\/\\\/sergiolapegue.com\\\/site\\\/2025\\\/02\\\/25\\\/la-teoria-del-desencanto-2\\\/#breadcrumb\",\"itemListElement\":[{\"@type\":\"ListItem\",\"position\":1,\"name\":\"Inicio\",\"item\":\"https:\\\/\\\/sergiolapegue.com\\\/site\\\/\"},{\"@type\":\"ListItem\",\"position\":2,\"name\":\"LA TEOR\u00cdA DEL DESENCANTO\"}]},{\"@type\":\"WebSite\",\"@id\":\"https:\\\/\\\/sergiolapegue.com\\\/site\\\/#website\",\"url\":\"https:\\\/\\\/sergiolapegue.com\\\/site\\\/\",\"name\":\"Sergio Lapegue\",\"description\":\"Periodista\",\"publisher\":{\"@id\":\"https:\\\/\\\/sergiolapegue.com\\\/site\\\/#\\\/schema\\\/person\\\/083aeceeb0734cd166779ea6c0551a37\"},\"potentialAction\":[{\"@type\":\"SearchAction\",\"target\":{\"@type\":\"EntryPoint\",\"urlTemplate\":\"https:\\\/\\\/sergiolapegue.com\\\/site\\\/?s={search_term_string}\"},\"query-input\":{\"@type\":\"PropertyValueSpecification\",\"valueRequired\":true,\"valueName\":\"search_term_string\"}}],\"inLanguage\":\"es-AR\"},{\"@type\":[\"Person\",\"Organization\"],\"@id\":\"https:\\\/\\\/sergiolapegue.com\\\/site\\\/#\\\/schema\\\/person\\\/083aeceeb0734cd166779ea6c0551a37\",\"name\":\"Sergio Lapegue\",\"image\":{\"@type\":\"ImageObject\",\"inLanguage\":\"es-AR\",\"@id\":\"https:\\\/\\\/sergiolapegue.com\\\/site\\\/wp-content\\\/uploads\\\/2021\\\/04\\\/logo_header-1.png\",\"url\":\"https:\\\/\\\/sergiolapegue.com\\\/site\\\/wp-content\\\/uploads\\\/2021\\\/04\\\/logo_header-1.png\",\"contentUrl\":\"https:\\\/\\\/sergiolapegue.com\\\/site\\\/wp-content\\\/uploads\\\/2021\\\/04\\\/logo_header-1.png\",\"width\":272,\"height\":90,\"caption\":\"Sergio Lapegue\"},\"logo\":{\"@id\":\"https:\\\/\\\/sergiolapegue.com\\\/site\\\/wp-content\\\/uploads\\\/2021\\\/04\\\/logo_header-1.png\"},\"sameAs\":[\"https:\\\/\\\/facebook.com\\\/sergiolapegue\",\"https:\\\/\\\/instagram.com\\\/sergiolapegue\",\"https:\\\/\\\/x.com\\\/https:\\\/\\\/twitter.com\\\/sergiolapegue\"]},{\"@type\":\"Person\",\"@id\":\"https:\\\/\\\/sergiolapegue.com\\\/site\\\/#\\\/schema\\\/person\\\/9198e7dbab43c6d74d0fd5399af7c3cd\",\"name\":\"Daniel E. Monta\u00f1a\",\"image\":{\"@type\":\"ImageObject\",\"inLanguage\":\"es-AR\",\"@id\":\"https:\\\/\\\/sergiolapegue.com\\\/site\\\/wp-content\\\/uploads\\\/2021\\\/04\\\/sl_avatar_Daniel-150x150.jpg\",\"url\":\"https:\\\/\\\/sergiolapegue.com\\\/site\\\/wp-content\\\/uploads\\\/2021\\\/04\\\/sl_avatar_Daniel-150x150.jpg\",\"contentUrl\":\"https:\\\/\\\/sergiolapegue.com\\\/site\\\/wp-content\\\/uploads\\\/2021\\\/04\\\/sl_avatar_Daniel-150x150.jpg\",\"caption\":\"Daniel E. Monta\u00f1a\"},\"sameAs\":[\"https:\\\/\\\/facebook.com\\\/danielernesto.montana\",\"https:\\\/\\\/instagram.com\\\/daniel_montana1961\",\"https:\\\/\\\/x.com\\\/https:\\\/\\\/twitter.com\\\/daner_004\"],\"url\":\"https:\\\/\\\/sergiolapegue.com\\\/site\\\/author\\\/daniel\\\/\"}]}<\/script>\n<!-- \/ Yoast SEO plugin. -->","yoast_head_json":{"title":"LA TEOR\u00cdA DEL DESENCANTO - Sergio Lapegue","robots":{"index":"index","follow":"follow","max-snippet":"max-snippet:-1","max-image-preview":"max-image-preview:large","max-video-preview":"max-video-preview:-1"},"canonical":"https:\/\/sergiolapegue.com\/site\/2025\/02\/25\/la-teoria-del-desencanto-2\/","og_locale":"es_ES","og_type":"article","og_title":"LA TEOR\u00cdA DEL DESENCANTO - Sergio Lapegue","og_description":"Luego de una primer temporada con localidades agotadas en todas sus funciones, vuelve \u201cLa teor\u00eda del desencanto\u201d, solamente por 8 \u00fanicas funciones. Este espect\u00e1culo ha resultado ganador del 12\u00ba Premio ARTEI a la producci\u00f3n de teatro independiente 2024. La segunda temporada se podr\u00e1 ver en El M\u00e9todo Kair\u00f3s Teatro, los d\u00edas mi\u00e9rcoles a las 21:00 [&hellip;]","og_url":"https:\/\/sergiolapegue.com\/site\/2025\/02\/25\/la-teoria-del-desencanto-2\/","og_site_name":"Sergio Lapegue","article_publisher":"https:\/\/facebook.com\/sergiolapegue","article_author":"https:\/\/facebook.com\/danielernesto.montana","article_published_time":"2025-02-25T20:00:00+00:00","og_image":[{"width":1080,"height":1350,"url":"https:\/\/sergiolapegue.com\/site\/wp-content\/uploads\/2025\/02\/La-teoria-del-desencanto.jpeg","type":"image\/jpeg"}],"author":"Daniel E. Monta\u00f1a","twitter_card":"summary_large_image","twitter_creator":"@https:\/\/twitter.com\/daner_004","twitter_site":"@sergiolapegue","twitter_misc":{"Escrito por":"Daniel E. Monta\u00f1a","Tiempo de lectura":"3 minutos"},"schema":{"@context":"https:\/\/schema.org","@graph":[{"@type":"Article","@id":"https:\/\/sergiolapegue.com\/site\/2025\/02\/25\/la-teoria-del-desencanto-2\/#article","isPartOf":{"@id":"https:\/\/sergiolapegue.com\/site\/2025\/02\/25\/la-teoria-del-desencanto-2\/"},"author":{"name":"Daniel E. Monta\u00f1a","@id":"https:\/\/sergiolapegue.com\/site\/#\/schema\/person\/9198e7dbab43c6d74d0fd5399af7c3cd"},"headline":"LA TEOR\u00cdA DEL DESENCANTO","datePublished":"2025-02-25T20:00:00+00:00","mainEntityOfPage":{"@id":"https:\/\/sergiolapegue.com\/site\/2025\/02\/25\/la-teoria-del-desencanto-2\/"},"wordCount":342,"commentCount":0,"publisher":{"@id":"https:\/\/sergiolapegue.com\/site\/#\/schema\/person\/083aeceeb0734cd166779ea6c0551a37"},"image":{"@id":"https:\/\/sergiolapegue.com\/site\/2025\/02\/25\/la-teoria-del-desencanto-2\/#primaryimage"},"thumbnailUrl":"https:\/\/sergiolapegue.com\/site\/wp-content\/uploads\/2025\/02\/La-teoria-del-desencanto.jpeg","articleSection":["Arte","Teatro"],"inLanguage":"es-AR","potentialAction":[{"@type":"CommentAction","name":"Comment","target":["https:\/\/sergiolapegue.com\/site\/2025\/02\/25\/la-teoria-del-desencanto-2\/#respond"]}]},{"@type":"WebPage","@id":"https:\/\/sergiolapegue.com\/site\/2025\/02\/25\/la-teoria-del-desencanto-2\/","url":"https:\/\/sergiolapegue.com\/site\/2025\/02\/25\/la-teoria-del-desencanto-2\/","name":"LA TEOR\u00cdA DEL DESENCANTO - Sergio Lapegue","isPartOf":{"@id":"https:\/\/sergiolapegue.com\/site\/#website"},"primaryImageOfPage":{"@id":"https:\/\/sergiolapegue.com\/site\/2025\/02\/25\/la-teoria-del-desencanto-2\/#primaryimage"},"image":{"@id":"https:\/\/sergiolapegue.com\/site\/2025\/02\/25\/la-teoria-del-desencanto-2\/#primaryimage"},"thumbnailUrl":"https:\/\/sergiolapegue.com\/site\/wp-content\/uploads\/2025\/02\/La-teoria-del-desencanto.jpeg","datePublished":"2025-02-25T20:00:00+00:00","breadcrumb":{"@id":"https:\/\/sergiolapegue.com\/site\/2025\/02\/25\/la-teoria-del-desencanto-2\/#breadcrumb"},"inLanguage":"es-AR","potentialAction":[{"@type":"ReadAction","target":["https:\/\/sergiolapegue.com\/site\/2025\/02\/25\/la-teoria-del-desencanto-2\/"]}]},{"@type":"ImageObject","inLanguage":"es-AR","@id":"https:\/\/sergiolapegue.com\/site\/2025\/02\/25\/la-teoria-del-desencanto-2\/#primaryimage","url":"https:\/\/sergiolapegue.com\/site\/wp-content\/uploads\/2025\/02\/La-teoria-del-desencanto.jpeg","contentUrl":"https:\/\/sergiolapegue.com\/site\/wp-content\/uploads\/2025\/02\/La-teoria-del-desencanto.jpeg","width":1080,"height":1350},{"@type":"BreadcrumbList","@id":"https:\/\/sergiolapegue.com\/site\/2025\/02\/25\/la-teoria-del-desencanto-2\/#breadcrumb","itemListElement":[{"@type":"ListItem","position":1,"name":"Inicio","item":"https:\/\/sergiolapegue.com\/site\/"},{"@type":"ListItem","position":2,"name":"LA TEOR\u00cdA DEL DESENCANTO"}]},{"@type":"WebSite","@id":"https:\/\/sergiolapegue.com\/site\/#website","url":"https:\/\/sergiolapegue.com\/site\/","name":"Sergio Lapegue","description":"Periodista","publisher":{"@id":"https:\/\/sergiolapegue.com\/site\/#\/schema\/person\/083aeceeb0734cd166779ea6c0551a37"},"potentialAction":[{"@type":"SearchAction","target":{"@type":"EntryPoint","urlTemplate":"https:\/\/sergiolapegue.com\/site\/?s={search_term_string}"},"query-input":{"@type":"PropertyValueSpecification","valueRequired":true,"valueName":"search_term_string"}}],"inLanguage":"es-AR"},{"@type":["Person","Organization"],"@id":"https:\/\/sergiolapegue.com\/site\/#\/schema\/person\/083aeceeb0734cd166779ea6c0551a37","name":"Sergio Lapegue","image":{"@type":"ImageObject","inLanguage":"es-AR","@id":"https:\/\/sergiolapegue.com\/site\/wp-content\/uploads\/2021\/04\/logo_header-1.png","url":"https:\/\/sergiolapegue.com\/site\/wp-content\/uploads\/2021\/04\/logo_header-1.png","contentUrl":"https:\/\/sergiolapegue.com\/site\/wp-content\/uploads\/2021\/04\/logo_header-1.png","width":272,"height":90,"caption":"Sergio Lapegue"},"logo":{"@id":"https:\/\/sergiolapegue.com\/site\/wp-content\/uploads\/2021\/04\/logo_header-1.png"},"sameAs":["https:\/\/facebook.com\/sergiolapegue","https:\/\/instagram.com\/sergiolapegue","https:\/\/x.com\/https:\/\/twitter.com\/sergiolapegue"]},{"@type":"Person","@id":"https:\/\/sergiolapegue.com\/site\/#\/schema\/person\/9198e7dbab43c6d74d0fd5399af7c3cd","name":"Daniel E. Monta\u00f1a","image":{"@type":"ImageObject","inLanguage":"es-AR","@id":"https:\/\/sergiolapegue.com\/site\/wp-content\/uploads\/2021\/04\/sl_avatar_Daniel-150x150.jpg","url":"https:\/\/sergiolapegue.com\/site\/wp-content\/uploads\/2021\/04\/sl_avatar_Daniel-150x150.jpg","contentUrl":"https:\/\/sergiolapegue.com\/site\/wp-content\/uploads\/2021\/04\/sl_avatar_Daniel-150x150.jpg","caption":"Daniel E. Monta\u00f1a"},"sameAs":["https:\/\/facebook.com\/danielernesto.montana","https:\/\/instagram.com\/daniel_montana1961","https:\/\/x.com\/https:\/\/twitter.com\/daner_004"],"url":"https:\/\/sergiolapegue.com\/site\/author\/daniel\/"}]}},"_links":{"self":[{"href":"https:\/\/sergiolapegue.com\/site\/wp-json\/wp\/v2\/posts\/20991","targetHints":{"allow":["GET"]}}],"collection":[{"href":"https:\/\/sergiolapegue.com\/site\/wp-json\/wp\/v2\/posts"}],"about":[{"href":"https:\/\/sergiolapegue.com\/site\/wp-json\/wp\/v2\/types\/post"}],"author":[{"embeddable":true,"href":"https:\/\/sergiolapegue.com\/site\/wp-json\/wp\/v2\/users\/3"}],"replies":[{"embeddable":true,"href":"https:\/\/sergiolapegue.com\/site\/wp-json\/wp\/v2\/comments?post=20991"}],"version-history":[{"count":1,"href":"https:\/\/sergiolapegue.com\/site\/wp-json\/wp\/v2\/posts\/20991\/revisions"}],"predecessor-version":[{"id":20996,"href":"https:\/\/sergiolapegue.com\/site\/wp-json\/wp\/v2\/posts\/20991\/revisions\/20996"}],"wp:featuredmedia":[{"embeddable":true,"href":"https:\/\/sergiolapegue.com\/site\/wp-json\/wp\/v2\/media\/20995"}],"wp:attachment":[{"href":"https:\/\/sergiolapegue.com\/site\/wp-json\/wp\/v2\/media?parent=20991"}],"wp:term":[{"taxonomy":"category","embeddable":true,"href":"https:\/\/sergiolapegue.com\/site\/wp-json\/wp\/v2\/categories?post=20991"},{"taxonomy":"post_tag","embeddable":true,"href":"https:\/\/sergiolapegue.com\/site\/wp-json\/wp\/v2\/tags?post=20991"}],"curies":[{"name":"wp","href":"https:\/\/api.w.org\/{rel}","templated":true}]}}