{"id":20985,"date":"2025-02-25T09:00:00","date_gmt":"2025-02-25T12:00:00","guid":{"rendered":"https:\/\/sergiolapegue.com\/site\/?p=20985"},"modified":"2025-02-24T21:33:01","modified_gmt":"2025-02-25T00:33:01","slug":"gayola-en-paris-2","status":"publish","type":"post","link":"https:\/\/sergiolapegue.com\/site\/2025\/02\/25\/gayola-en-paris-2\/","title":{"rendered":"GAYOLA EN PAR\u00cdS"},"content":{"rendered":"\n<p>Tras una exitosa primera temporada, donde fue reconocida y galardonada&nbsp;en los Premios Hugo y Premios ACE 2024,&nbsp;&#8220;Gayola en Par\u00eds&#8221;regresa el&nbsp;mi\u00e9rcoles 5 de marzo a \u00cdtaca Complejo Teatral. Es un musical escrito&nbsp;Pamela Jord\u00e1n, con direcci\u00f3n de&nbsp;Pablo Gorlero, protagonizado por&nbsp;Patricio Coutoune&nbsp;con m\u00fasica original de&nbsp;Fernando Nazar.&nbsp;&nbsp;Conoce la dram\u00e1tica&nbsp;historia de Seraf\u00edn, todos los mi\u00e9rcoles de marzo y abril.<\/p>\n\n\n\n<p>Un hombre&#8230; una pasi\u00f3n&#8230; un encierro&#8230; una gloria&#8230; un tango&#8230; una traici\u00f3n&#8230; una pi\u00f1a al coraz\u00f3n.<\/p>\n\n\n\n<p>GANADORA<\/p>\n\n\n\n<p>\u201cMEJOR MUSICAL PARA UN SOLO INT\u00c9RPRETE\u201d Y \u201cREVELACI\u00d3N MASCULINA\u201d &#8211;&nbsp;PREMIOS HUGO 2024<\/p>\n\n\n\n<p>NOMINADA<\/p>\n\n\n\n<p>\u201cMEJOR INTERPRETACI\u00d3N MASCULINA&nbsp;EN UNIPERSONAL\u201d&nbsp; PREMIOS ACE 2024&nbsp;<\/p>\n\n\n\n<p>\u201cMEJORES ARREGLOS MUSICALES\u201d, \u201cREVELACI\u00d3N FEMENINA (LIBRO)\u201d Y \u201cMEJOR<\/p>\n\n\n\n<p>DISE\u00d1O DE ILUMINACI\u00d3N\u201d&nbsp;PREMIOS HUGO 2024<\/p>\n\n\n\n<figure class=\"wp-block-image size-large\"><img loading=\"lazy\" decoding=\"async\" width=\"1024\" height=\"683\" src=\"https:\/\/sergiolapegue.com\/site\/wp-content\/uploads\/2025\/02\/Gayola-en-Paris-1-1024x683.jpeg\" alt=\"\" class=\"wp-image-20986\" srcset=\"https:\/\/sergiolapegue.com\/site\/wp-content\/uploads\/2025\/02\/Gayola-en-Paris-1-1024x683.jpeg 1024w, https:\/\/sergiolapegue.com\/site\/wp-content\/uploads\/2025\/02\/Gayola-en-Paris-1-300x200.jpeg 300w, https:\/\/sergiolapegue.com\/site\/wp-content\/uploads\/2025\/02\/Gayola-en-Paris-1-768x512.jpeg 768w, https:\/\/sergiolapegue.com\/site\/wp-content\/uploads\/2025\/02\/Gayola-en-Paris-1-1536x1024.jpeg 1536w, https:\/\/sergiolapegue.com\/site\/wp-content\/uploads\/2025\/02\/Gayola-en-Paris-1-2048x1365.jpeg 2048w, https:\/\/sergiolapegue.com\/site\/wp-content\/uploads\/2025\/02\/Gayola-en-Paris-1-630x420.jpeg 630w, https:\/\/sergiolapegue.com\/site\/wp-content\/uploads\/2025\/02\/Gayola-en-Paris-1-696x464.jpeg 696w, https:\/\/sergiolapegue.com\/site\/wp-content\/uploads\/2025\/02\/Gayola-en-Paris-1-1068x712.jpeg 1068w, https:\/\/sergiolapegue.com\/site\/wp-content\/uploads\/2025\/02\/Gayola-en-Paris-1-1920x1280.jpeg 1920w\" sizes=\"auto, (max-width: 1024px) 100vw, 1024px\" \/><\/figure>\n\n\n\n<p><strong>SINOPSIS<\/strong><br>Seraf\u00edn tiene un sue\u00f1o recurrente, en el que la gloria lo rodea y le devuelve sus mejores&nbsp;conquistas. Pero cuando despierta se encuentra solo, entre cuatro paredes herm\u00e9ticas que&nbsp;guardan con \u00e9l un pasado de colores intensos, que se vuelven opacos cuando asoma el&nbsp;recuerdo de la victoria perdida, dominada y vencida por el enga\u00f1o. \u00c9l ans\u00eda que esos&nbsp;tiempos de gloria regresen con la libertad, empapados de tango, nostalgia y guantes de&nbsp;box.<\/p>\n\n\n\n<figure class=\"wp-block-image size-large\"><img loading=\"lazy\" decoding=\"async\" width=\"980\" height=\"1024\" src=\"https:\/\/sergiolapegue.com\/site\/wp-content\/uploads\/2025\/02\/Gayola-en-Paris-4-980x1024.jpeg\" alt=\"\" class=\"wp-image-20987\" srcset=\"https:\/\/sergiolapegue.com\/site\/wp-content\/uploads\/2025\/02\/Gayola-en-Paris-4-980x1024.jpeg 980w, https:\/\/sergiolapegue.com\/site\/wp-content\/uploads\/2025\/02\/Gayola-en-Paris-4-287x300.jpeg 287w, https:\/\/sergiolapegue.com\/site\/wp-content\/uploads\/2025\/02\/Gayola-en-Paris-4-768x803.jpeg 768w, https:\/\/sergiolapegue.com\/site\/wp-content\/uploads\/2025\/02\/Gayola-en-Paris-4-1469x1536.jpeg 1469w, https:\/\/sergiolapegue.com\/site\/wp-content\/uploads\/2025\/02\/Gayola-en-Paris-4-1959x2048.jpeg 1959w, https:\/\/sergiolapegue.com\/site\/wp-content\/uploads\/2025\/02\/Gayola-en-Paris-4-402x420.jpeg 402w, https:\/\/sergiolapegue.com\/site\/wp-content\/uploads\/2025\/02\/Gayola-en-Paris-4-696x728.jpeg 696w, https:\/\/sergiolapegue.com\/site\/wp-content\/uploads\/2025\/02\/Gayola-en-Paris-4-1068x1117.jpeg 1068w, https:\/\/sergiolapegue.com\/site\/wp-content\/uploads\/2025\/02\/Gayola-en-Paris-4-1920x2007.jpeg 1920w\" sizes=\"auto, (max-width: 980px) 100vw, 980px\" \/><\/figure>\n\n\n\n<p><strong>FICHA T\u00c9CNICO ART\u00cdSTICA<\/strong><\/p>\n\n\n\n<p><strong>Dramaturgia:<\/strong>&nbsp;Pamela Jord\u00e1n<\/p>\n\n\n\n<p><strong>Int\u00e9rpretes:<\/strong>&nbsp;Patricio Coutoune<\/p>\n\n\n\n<p><strong>M\u00fasica original:<\/strong>&nbsp;Fernando Nazar<\/p>\n\n\n\n<p><strong>Dise\u00f1o de iluminaci\u00f3n:<\/strong>&nbsp;Ricardo Sica<\/p>\n\n\n\n<p><strong>Fotograf\u00eda:<\/strong>&nbsp;Alejandro Palacios<\/p>\n\n\n\n<p><strong>Dise\u00f1o gr\u00e1fico:<\/strong>&nbsp;Jorge L\u00f3pez<\/p>\n\n\n\n<p><strong>Prensa:<\/strong>&nbsp;Kevin Melgar (0KM Prensa)<\/p>\n\n\n\n<p><strong>Redes:<\/strong>&nbsp;Ayl\u00e9m Gonz\u00e1lez (0KM Prensa)<\/p>\n\n\n\n<p><strong>Producci\u00f3n:<\/strong>&nbsp;Pamela Jord\u00e1n<\/p>\n\n\n\n<p><strong>Direcci\u00f3n:<\/strong>&nbsp;Pablo Gorlero<\/p>\n\n\n\n<p><strong>Instagram:<\/strong> @gayolaenparis<\/p>\n\n\n\n<p><strong>Duraci\u00f3n:<\/strong> 55 minutos<\/p>\n\n\n\n<p><strong>Clasificaci\u00f3n:<\/strong> Teatro \u2013 Presencial \u2013 Adultos<\/p>\n\n\n\n<figure class=\"wp-block-image size-large\"><img loading=\"lazy\" decoding=\"async\" width=\"1017\" height=\"1024\" src=\"https:\/\/sergiolapegue.com\/site\/wp-content\/uploads\/2025\/02\/Gayola-en-Paris-5-1017x1024.jpeg\" alt=\"\" class=\"wp-image-20988\" srcset=\"https:\/\/sergiolapegue.com\/site\/wp-content\/uploads\/2025\/02\/Gayola-en-Paris-5-1017x1024.jpeg 1017w, https:\/\/sergiolapegue.com\/site\/wp-content\/uploads\/2025\/02\/Gayola-en-Paris-5-298x300.jpeg 298w, https:\/\/sergiolapegue.com\/site\/wp-content\/uploads\/2025\/02\/Gayola-en-Paris-5-150x150.jpeg 150w, https:\/\/sergiolapegue.com\/site\/wp-content\/uploads\/2025\/02\/Gayola-en-Paris-5-768x774.jpeg 768w, https:\/\/sergiolapegue.com\/site\/wp-content\/uploads\/2025\/02\/Gayola-en-Paris-5-1525x1536.jpeg 1525w, https:\/\/sergiolapegue.com\/site\/wp-content\/uploads\/2025\/02\/Gayola-en-Paris-5-2033x2048.jpeg 2033w, https:\/\/sergiolapegue.com\/site\/wp-content\/uploads\/2025\/02\/Gayola-en-Paris-5-417x420.jpeg 417w, https:\/\/sergiolapegue.com\/site\/wp-content\/uploads\/2025\/02\/Gayola-en-Paris-5-696x701.jpeg 696w, https:\/\/sergiolapegue.com\/site\/wp-content\/uploads\/2025\/02\/Gayola-en-Paris-5-1068x1076.jpeg 1068w, https:\/\/sergiolapegue.com\/site\/wp-content\/uploads\/2025\/02\/Gayola-en-Paris-5-1920x1934.jpeg 1920w\" sizes=\"auto, (max-width: 1017px) 100vw, 1017px\" \/><\/figure>\n\n\n\n<p><strong>\u00cdTACA COMPLEJO TEATRAL<\/strong><\/p>\n\n\n\n<p>Humahuaca 4027 \u2013 Capital Federal \u2013 Buenos Aires \u2013 Argentina<\/p>\n\n\n\n<p>Tel\u00e9fono: 7549-3926 \u2013 WhatsApp: 11 6 669-4027<\/p>\n\n\n\n<p>Web: <a href=\"https:\/\/www.instagram.com\/itacacomplejoteatral\">https:\/\/www.instagram.com\/itacacomplejoteatral<\/a><\/p>\n\n\n\n<p>Entradas: $ 15.000 \u2013 en boleter\u00eda del teatro o por Alternativa Teatral<\/p>\n\n\n\n<p>Funciones: Mi\u00e9rcoles 20:30 horas \u2013 Del 05\/03\/2025 al 30\/04\/2025<\/p>\n\n\n\n<p>Gracias Kevin Melgar de 0KM Prensa por acercarnos la gacetilla de prensa de la segunda temporada de este espect\u00e1culo.<\/p>\n\n\n\n<p><\/p>\n","protected":false},"excerpt":{"rendered":"<p>Tras una exitosa primera temporada, donde fue reconocida y galardonada&nbsp;en los Premios Hugo y Premios ACE 2024,&nbsp;&#8220;Gayola en Par\u00eds&#8221;regresa el&nbsp;mi\u00e9rcoles 5 de marzo a \u00cdtaca Complejo Teatral. Es un musical escrito&nbsp;Pamela Jord\u00e1n, con direcci\u00f3n de&nbsp;Pablo Gorlero, protagonizado por&nbsp;Patricio Coutoune&nbsp;con m\u00fasica original de&nbsp;Fernando Nazar.&nbsp;&nbsp;Conoce la dram\u00e1tica&nbsp;historia de Seraf\u00edn, todos los mi\u00e9rcoles de marzo y abril. Un [&hellip;]<\/p>\n","protected":false},"author":3,"featured_media":20989,"comment_status":"open","ping_status":"closed","sticky":false,"template":"","format":"standard","meta":{"footnotes":""},"categories":[34,35],"tags":[],"class_list":{"0":"post-20985","1":"post","2":"type-post","3":"status-publish","4":"format-standard","5":"has-post-thumbnail","7":"category-arte","8":"category-teatro"},"yoast_head":"<!-- This site is optimized with the Yoast SEO plugin v27.5 - https:\/\/yoast.com\/product\/yoast-seo-wordpress\/ -->\n<title>GAYOLA EN PAR\u00cdS - Sergio Lapegue<\/title>\n<meta name=\"robots\" content=\"index, follow, max-snippet:-1, max-image-preview:large, max-video-preview:-1\" \/>\n<link rel=\"canonical\" href=\"https:\/\/sergiolapegue.com\/site\/2025\/02\/25\/gayola-en-paris-2\/\" \/>\n<meta property=\"og:locale\" content=\"es_ES\" \/>\n<meta property=\"og:type\" content=\"article\" \/>\n<meta property=\"og:title\" content=\"GAYOLA EN PAR\u00cdS - Sergio Lapegue\" \/>\n<meta property=\"og:description\" content=\"Tras una exitosa primera temporada, donde fue reconocida y galardonada&nbsp;en los Premios Hugo y Premios ACE 2024,&nbsp;&#8220;Gayola en Par\u00eds&#8221;regresa el&nbsp;mi\u00e9rcoles 5 de marzo a \u00cdtaca Complejo Teatral. Es un musical escrito&nbsp;Pamela Jord\u00e1n, con direcci\u00f3n de&nbsp;Pablo Gorlero, protagonizado por&nbsp;Patricio Coutoune&nbsp;con m\u00fasica original de&nbsp;Fernando Nazar.&nbsp;&nbsp;Conoce la dram\u00e1tica&nbsp;historia de Seraf\u00edn, todos los mi\u00e9rcoles de marzo y abril. Un [&hellip;]\" \/>\n<meta property=\"og:url\" content=\"https:\/\/sergiolapegue.com\/site\/2025\/02\/25\/gayola-en-paris-2\/\" \/>\n<meta property=\"og:site_name\" content=\"Sergio Lapegue\" \/>\n<meta property=\"article:publisher\" content=\"https:\/\/facebook.com\/sergiolapegue\" \/>\n<meta property=\"article:author\" content=\"https:\/\/facebook.com\/danielernesto.montana\" \/>\n<meta property=\"article:published_time\" content=\"2025-02-25T12:00:00+00:00\" \/>\n<meta property=\"og:image\" content=\"https:\/\/sergiolapegue.com\/site\/wp-content\/uploads\/2025\/02\/Gayola-en-Paris-.jpg\" \/>\n\t<meta property=\"og:image:width\" content=\"1025\" \/>\n\t<meta property=\"og:image:height\" content=\"1255\" \/>\n\t<meta property=\"og:image:type\" content=\"image\/jpeg\" \/>\n<meta name=\"author\" content=\"Daniel E. Monta\u00f1a\" \/>\n<meta name=\"twitter:card\" content=\"summary_large_image\" \/>\n<meta name=\"twitter:creator\" content=\"@https:\/\/twitter.com\/daner_004\" \/>\n<meta name=\"twitter:site\" content=\"@sergiolapegue\" \/>\n<meta name=\"twitter:label1\" content=\"Escrito por\" \/>\n\t<meta name=\"twitter:data1\" content=\"Daniel E. Monta\u00f1a\" \/>\n\t<meta name=\"twitter:label2\" content=\"Tiempo de lectura\" \/>\n\t<meta name=\"twitter:data2\" content=\"3 minutos\" \/>\n<script type=\"application\/ld+json\" class=\"yoast-schema-graph\">{\"@context\":\"https:\\\/\\\/schema.org\",\"@graph\":[{\"@type\":\"Article\",\"@id\":\"https:\\\/\\\/sergiolapegue.com\\\/site\\\/2025\\\/02\\\/25\\\/gayola-en-paris-2\\\/#article\",\"isPartOf\":{\"@id\":\"https:\\\/\\\/sergiolapegue.com\\\/site\\\/2025\\\/02\\\/25\\\/gayola-en-paris-2\\\/\"},\"author\":{\"name\":\"Daniel E. Monta\u00f1a\",\"@id\":\"https:\\\/\\\/sergiolapegue.com\\\/site\\\/#\\\/schema\\\/person\\\/9198e7dbab43c6d74d0fd5399af7c3cd\"},\"headline\":\"GAYOLA EN PAR\u00cdS\",\"datePublished\":\"2025-02-25T12:00:00+00:00\",\"mainEntityOfPage\":{\"@id\":\"https:\\\/\\\/sergiolapegue.com\\\/site\\\/2025\\\/02\\\/25\\\/gayola-en-paris-2\\\/\"},\"wordCount\":369,\"commentCount\":0,\"publisher\":{\"@id\":\"https:\\\/\\\/sergiolapegue.com\\\/site\\\/#\\\/schema\\\/person\\\/083aeceeb0734cd166779ea6c0551a37\"},\"image\":{\"@id\":\"https:\\\/\\\/sergiolapegue.com\\\/site\\\/2025\\\/02\\\/25\\\/gayola-en-paris-2\\\/#primaryimage\"},\"thumbnailUrl\":\"https:\\\/\\\/sergiolapegue.com\\\/site\\\/wp-content\\\/uploads\\\/2025\\\/02\\\/Gayola-en-Paris-.jpg\",\"articleSection\":[\"Arte\",\"Teatro\"],\"inLanguage\":\"es-AR\",\"potentialAction\":[{\"@type\":\"CommentAction\",\"name\":\"Comment\",\"target\":[\"https:\\\/\\\/sergiolapegue.com\\\/site\\\/2025\\\/02\\\/25\\\/gayola-en-paris-2\\\/#respond\"]}]},{\"@type\":\"WebPage\",\"@id\":\"https:\\\/\\\/sergiolapegue.com\\\/site\\\/2025\\\/02\\\/25\\\/gayola-en-paris-2\\\/\",\"url\":\"https:\\\/\\\/sergiolapegue.com\\\/site\\\/2025\\\/02\\\/25\\\/gayola-en-paris-2\\\/\",\"name\":\"GAYOLA EN PAR\u00cdS - Sergio Lapegue\",\"isPartOf\":{\"@id\":\"https:\\\/\\\/sergiolapegue.com\\\/site\\\/#website\"},\"primaryImageOfPage\":{\"@id\":\"https:\\\/\\\/sergiolapegue.com\\\/site\\\/2025\\\/02\\\/25\\\/gayola-en-paris-2\\\/#primaryimage\"},\"image\":{\"@id\":\"https:\\\/\\\/sergiolapegue.com\\\/site\\\/2025\\\/02\\\/25\\\/gayola-en-paris-2\\\/#primaryimage\"},\"thumbnailUrl\":\"https:\\\/\\\/sergiolapegue.com\\\/site\\\/wp-content\\\/uploads\\\/2025\\\/02\\\/Gayola-en-Paris-.jpg\",\"datePublished\":\"2025-02-25T12:00:00+00:00\",\"breadcrumb\":{\"@id\":\"https:\\\/\\\/sergiolapegue.com\\\/site\\\/2025\\\/02\\\/25\\\/gayola-en-paris-2\\\/#breadcrumb\"},\"inLanguage\":\"es-AR\",\"potentialAction\":[{\"@type\":\"ReadAction\",\"target\":[\"https:\\\/\\\/sergiolapegue.com\\\/site\\\/2025\\\/02\\\/25\\\/gayola-en-paris-2\\\/\"]}]},{\"@type\":\"ImageObject\",\"inLanguage\":\"es-AR\",\"@id\":\"https:\\\/\\\/sergiolapegue.com\\\/site\\\/2025\\\/02\\\/25\\\/gayola-en-paris-2\\\/#primaryimage\",\"url\":\"https:\\\/\\\/sergiolapegue.com\\\/site\\\/wp-content\\\/uploads\\\/2025\\\/02\\\/Gayola-en-Paris-.jpg\",\"contentUrl\":\"https:\\\/\\\/sergiolapegue.com\\\/site\\\/wp-content\\\/uploads\\\/2025\\\/02\\\/Gayola-en-Paris-.jpg\",\"width\":1025,\"height\":1255},{\"@type\":\"BreadcrumbList\",\"@id\":\"https:\\\/\\\/sergiolapegue.com\\\/site\\\/2025\\\/02\\\/25\\\/gayola-en-paris-2\\\/#breadcrumb\",\"itemListElement\":[{\"@type\":\"ListItem\",\"position\":1,\"name\":\"Inicio\",\"item\":\"https:\\\/\\\/sergiolapegue.com\\\/site\\\/\"},{\"@type\":\"ListItem\",\"position\":2,\"name\":\"GAYOLA EN PAR\u00cdS\"}]},{\"@type\":\"WebSite\",\"@id\":\"https:\\\/\\\/sergiolapegue.com\\\/site\\\/#website\",\"url\":\"https:\\\/\\\/sergiolapegue.com\\\/site\\\/\",\"name\":\"Sergio Lapegue\",\"description\":\"Periodista\",\"publisher\":{\"@id\":\"https:\\\/\\\/sergiolapegue.com\\\/site\\\/#\\\/schema\\\/person\\\/083aeceeb0734cd166779ea6c0551a37\"},\"potentialAction\":[{\"@type\":\"SearchAction\",\"target\":{\"@type\":\"EntryPoint\",\"urlTemplate\":\"https:\\\/\\\/sergiolapegue.com\\\/site\\\/?s={search_term_string}\"},\"query-input\":{\"@type\":\"PropertyValueSpecification\",\"valueRequired\":true,\"valueName\":\"search_term_string\"}}],\"inLanguage\":\"es-AR\"},{\"@type\":[\"Person\",\"Organization\"],\"@id\":\"https:\\\/\\\/sergiolapegue.com\\\/site\\\/#\\\/schema\\\/person\\\/083aeceeb0734cd166779ea6c0551a37\",\"name\":\"Sergio Lapegue\",\"image\":{\"@type\":\"ImageObject\",\"inLanguage\":\"es-AR\",\"@id\":\"https:\\\/\\\/sergiolapegue.com\\\/site\\\/wp-content\\\/uploads\\\/2021\\\/04\\\/logo_header-1.png\",\"url\":\"https:\\\/\\\/sergiolapegue.com\\\/site\\\/wp-content\\\/uploads\\\/2021\\\/04\\\/logo_header-1.png\",\"contentUrl\":\"https:\\\/\\\/sergiolapegue.com\\\/site\\\/wp-content\\\/uploads\\\/2021\\\/04\\\/logo_header-1.png\",\"width\":272,\"height\":90,\"caption\":\"Sergio Lapegue\"},\"logo\":{\"@id\":\"https:\\\/\\\/sergiolapegue.com\\\/site\\\/wp-content\\\/uploads\\\/2021\\\/04\\\/logo_header-1.png\"},\"sameAs\":[\"https:\\\/\\\/facebook.com\\\/sergiolapegue\",\"https:\\\/\\\/instagram.com\\\/sergiolapegue\",\"https:\\\/\\\/x.com\\\/https:\\\/\\\/twitter.com\\\/sergiolapegue\"]},{\"@type\":\"Person\",\"@id\":\"https:\\\/\\\/sergiolapegue.com\\\/site\\\/#\\\/schema\\\/person\\\/9198e7dbab43c6d74d0fd5399af7c3cd\",\"name\":\"Daniel E. Monta\u00f1a\",\"image\":{\"@type\":\"ImageObject\",\"inLanguage\":\"es-AR\",\"@id\":\"https:\\\/\\\/sergiolapegue.com\\\/site\\\/wp-content\\\/uploads\\\/2021\\\/04\\\/sl_avatar_Daniel-150x150.jpg\",\"url\":\"https:\\\/\\\/sergiolapegue.com\\\/site\\\/wp-content\\\/uploads\\\/2021\\\/04\\\/sl_avatar_Daniel-150x150.jpg\",\"contentUrl\":\"https:\\\/\\\/sergiolapegue.com\\\/site\\\/wp-content\\\/uploads\\\/2021\\\/04\\\/sl_avatar_Daniel-150x150.jpg\",\"caption\":\"Daniel E. Monta\u00f1a\"},\"sameAs\":[\"https:\\\/\\\/facebook.com\\\/danielernesto.montana\",\"https:\\\/\\\/instagram.com\\\/daniel_montana1961\",\"https:\\\/\\\/x.com\\\/https:\\\/\\\/twitter.com\\\/daner_004\"],\"url\":\"https:\\\/\\\/sergiolapegue.com\\\/site\\\/author\\\/daniel\\\/\"}]}<\/script>\n<!-- \/ Yoast SEO plugin. -->","yoast_head_json":{"title":"GAYOLA EN PAR\u00cdS - Sergio Lapegue","robots":{"index":"index","follow":"follow","max-snippet":"max-snippet:-1","max-image-preview":"max-image-preview:large","max-video-preview":"max-video-preview:-1"},"canonical":"https:\/\/sergiolapegue.com\/site\/2025\/02\/25\/gayola-en-paris-2\/","og_locale":"es_ES","og_type":"article","og_title":"GAYOLA EN PAR\u00cdS - Sergio Lapegue","og_description":"Tras una exitosa primera temporada, donde fue reconocida y galardonada&nbsp;en los Premios Hugo y Premios ACE 2024,&nbsp;&#8220;Gayola en Par\u00eds&#8221;regresa el&nbsp;mi\u00e9rcoles 5 de marzo a \u00cdtaca Complejo Teatral. Es un musical escrito&nbsp;Pamela Jord\u00e1n, con direcci\u00f3n de&nbsp;Pablo Gorlero, protagonizado por&nbsp;Patricio Coutoune&nbsp;con m\u00fasica original de&nbsp;Fernando Nazar.&nbsp;&nbsp;Conoce la dram\u00e1tica&nbsp;historia de Seraf\u00edn, todos los mi\u00e9rcoles de marzo y abril. Un [&hellip;]","og_url":"https:\/\/sergiolapegue.com\/site\/2025\/02\/25\/gayola-en-paris-2\/","og_site_name":"Sergio Lapegue","article_publisher":"https:\/\/facebook.com\/sergiolapegue","article_author":"https:\/\/facebook.com\/danielernesto.montana","article_published_time":"2025-02-25T12:00:00+00:00","og_image":[{"width":1025,"height":1255,"url":"https:\/\/sergiolapegue.com\/site\/wp-content\/uploads\/2025\/02\/Gayola-en-Paris-.jpg","type":"image\/jpeg"}],"author":"Daniel E. Monta\u00f1a","twitter_card":"summary_large_image","twitter_creator":"@https:\/\/twitter.com\/daner_004","twitter_site":"@sergiolapegue","twitter_misc":{"Escrito por":"Daniel E. Monta\u00f1a","Tiempo de lectura":"3 minutos"},"schema":{"@context":"https:\/\/schema.org","@graph":[{"@type":"Article","@id":"https:\/\/sergiolapegue.com\/site\/2025\/02\/25\/gayola-en-paris-2\/#article","isPartOf":{"@id":"https:\/\/sergiolapegue.com\/site\/2025\/02\/25\/gayola-en-paris-2\/"},"author":{"name":"Daniel E. Monta\u00f1a","@id":"https:\/\/sergiolapegue.com\/site\/#\/schema\/person\/9198e7dbab43c6d74d0fd5399af7c3cd"},"headline":"GAYOLA EN PAR\u00cdS","datePublished":"2025-02-25T12:00:00+00:00","mainEntityOfPage":{"@id":"https:\/\/sergiolapegue.com\/site\/2025\/02\/25\/gayola-en-paris-2\/"},"wordCount":369,"commentCount":0,"publisher":{"@id":"https:\/\/sergiolapegue.com\/site\/#\/schema\/person\/083aeceeb0734cd166779ea6c0551a37"},"image":{"@id":"https:\/\/sergiolapegue.com\/site\/2025\/02\/25\/gayola-en-paris-2\/#primaryimage"},"thumbnailUrl":"https:\/\/sergiolapegue.com\/site\/wp-content\/uploads\/2025\/02\/Gayola-en-Paris-.jpg","articleSection":["Arte","Teatro"],"inLanguage":"es-AR","potentialAction":[{"@type":"CommentAction","name":"Comment","target":["https:\/\/sergiolapegue.com\/site\/2025\/02\/25\/gayola-en-paris-2\/#respond"]}]},{"@type":"WebPage","@id":"https:\/\/sergiolapegue.com\/site\/2025\/02\/25\/gayola-en-paris-2\/","url":"https:\/\/sergiolapegue.com\/site\/2025\/02\/25\/gayola-en-paris-2\/","name":"GAYOLA EN PAR\u00cdS - Sergio Lapegue","isPartOf":{"@id":"https:\/\/sergiolapegue.com\/site\/#website"},"primaryImageOfPage":{"@id":"https:\/\/sergiolapegue.com\/site\/2025\/02\/25\/gayola-en-paris-2\/#primaryimage"},"image":{"@id":"https:\/\/sergiolapegue.com\/site\/2025\/02\/25\/gayola-en-paris-2\/#primaryimage"},"thumbnailUrl":"https:\/\/sergiolapegue.com\/site\/wp-content\/uploads\/2025\/02\/Gayola-en-Paris-.jpg","datePublished":"2025-02-25T12:00:00+00:00","breadcrumb":{"@id":"https:\/\/sergiolapegue.com\/site\/2025\/02\/25\/gayola-en-paris-2\/#breadcrumb"},"inLanguage":"es-AR","potentialAction":[{"@type":"ReadAction","target":["https:\/\/sergiolapegue.com\/site\/2025\/02\/25\/gayola-en-paris-2\/"]}]},{"@type":"ImageObject","inLanguage":"es-AR","@id":"https:\/\/sergiolapegue.com\/site\/2025\/02\/25\/gayola-en-paris-2\/#primaryimage","url":"https:\/\/sergiolapegue.com\/site\/wp-content\/uploads\/2025\/02\/Gayola-en-Paris-.jpg","contentUrl":"https:\/\/sergiolapegue.com\/site\/wp-content\/uploads\/2025\/02\/Gayola-en-Paris-.jpg","width":1025,"height":1255},{"@type":"BreadcrumbList","@id":"https:\/\/sergiolapegue.com\/site\/2025\/02\/25\/gayola-en-paris-2\/#breadcrumb","itemListElement":[{"@type":"ListItem","position":1,"name":"Inicio","item":"https:\/\/sergiolapegue.com\/site\/"},{"@type":"ListItem","position":2,"name":"GAYOLA EN PAR\u00cdS"}]},{"@type":"WebSite","@id":"https:\/\/sergiolapegue.com\/site\/#website","url":"https:\/\/sergiolapegue.com\/site\/","name":"Sergio Lapegue","description":"Periodista","publisher":{"@id":"https:\/\/sergiolapegue.com\/site\/#\/schema\/person\/083aeceeb0734cd166779ea6c0551a37"},"potentialAction":[{"@type":"SearchAction","target":{"@type":"EntryPoint","urlTemplate":"https:\/\/sergiolapegue.com\/site\/?s={search_term_string}"},"query-input":{"@type":"PropertyValueSpecification","valueRequired":true,"valueName":"search_term_string"}}],"inLanguage":"es-AR"},{"@type":["Person","Organization"],"@id":"https:\/\/sergiolapegue.com\/site\/#\/schema\/person\/083aeceeb0734cd166779ea6c0551a37","name":"Sergio Lapegue","image":{"@type":"ImageObject","inLanguage":"es-AR","@id":"https:\/\/sergiolapegue.com\/site\/wp-content\/uploads\/2021\/04\/logo_header-1.png","url":"https:\/\/sergiolapegue.com\/site\/wp-content\/uploads\/2021\/04\/logo_header-1.png","contentUrl":"https:\/\/sergiolapegue.com\/site\/wp-content\/uploads\/2021\/04\/logo_header-1.png","width":272,"height":90,"caption":"Sergio Lapegue"},"logo":{"@id":"https:\/\/sergiolapegue.com\/site\/wp-content\/uploads\/2021\/04\/logo_header-1.png"},"sameAs":["https:\/\/facebook.com\/sergiolapegue","https:\/\/instagram.com\/sergiolapegue","https:\/\/x.com\/https:\/\/twitter.com\/sergiolapegue"]},{"@type":"Person","@id":"https:\/\/sergiolapegue.com\/site\/#\/schema\/person\/9198e7dbab43c6d74d0fd5399af7c3cd","name":"Daniel E. Monta\u00f1a","image":{"@type":"ImageObject","inLanguage":"es-AR","@id":"https:\/\/sergiolapegue.com\/site\/wp-content\/uploads\/2021\/04\/sl_avatar_Daniel-150x150.jpg","url":"https:\/\/sergiolapegue.com\/site\/wp-content\/uploads\/2021\/04\/sl_avatar_Daniel-150x150.jpg","contentUrl":"https:\/\/sergiolapegue.com\/site\/wp-content\/uploads\/2021\/04\/sl_avatar_Daniel-150x150.jpg","caption":"Daniel E. Monta\u00f1a"},"sameAs":["https:\/\/facebook.com\/danielernesto.montana","https:\/\/instagram.com\/daniel_montana1961","https:\/\/x.com\/https:\/\/twitter.com\/daner_004"],"url":"https:\/\/sergiolapegue.com\/site\/author\/daniel\/"}]}},"_links":{"self":[{"href":"https:\/\/sergiolapegue.com\/site\/wp-json\/wp\/v2\/posts\/20985","targetHints":{"allow":["GET"]}}],"collection":[{"href":"https:\/\/sergiolapegue.com\/site\/wp-json\/wp\/v2\/posts"}],"about":[{"href":"https:\/\/sergiolapegue.com\/site\/wp-json\/wp\/v2\/types\/post"}],"author":[{"embeddable":true,"href":"https:\/\/sergiolapegue.com\/site\/wp-json\/wp\/v2\/users\/3"}],"replies":[{"embeddable":true,"href":"https:\/\/sergiolapegue.com\/site\/wp-json\/wp\/v2\/comments?post=20985"}],"version-history":[{"count":1,"href":"https:\/\/sergiolapegue.com\/site\/wp-json\/wp\/v2\/posts\/20985\/revisions"}],"predecessor-version":[{"id":20990,"href":"https:\/\/sergiolapegue.com\/site\/wp-json\/wp\/v2\/posts\/20985\/revisions\/20990"}],"wp:featuredmedia":[{"embeddable":true,"href":"https:\/\/sergiolapegue.com\/site\/wp-json\/wp\/v2\/media\/20989"}],"wp:attachment":[{"href":"https:\/\/sergiolapegue.com\/site\/wp-json\/wp\/v2\/media?parent=20985"}],"wp:term":[{"taxonomy":"category","embeddable":true,"href":"https:\/\/sergiolapegue.com\/site\/wp-json\/wp\/v2\/categories?post=20985"},{"taxonomy":"post_tag","embeddable":true,"href":"https:\/\/sergiolapegue.com\/site\/wp-json\/wp\/v2\/tags?post=20985"}],"curies":[{"name":"wp","href":"https:\/\/api.w.org\/{rel}","templated":true}]}}