{"id":20849,"date":"2025-02-20T01:00:00","date_gmt":"2025-02-20T04:00:00","guid":{"rendered":"https:\/\/sergiolapegue.com\/site\/?p=20849"},"modified":"2025-02-17T03:46:41","modified_gmt":"2025-02-17T06:46:41","slug":"el-ex-integrante-del-cuarteto-de-nos-presenta-tuyo","status":"publish","type":"post","link":"https:\/\/sergiolapegue.com\/site\/2025\/02\/20\/el-ex-integrante-del-cuarteto-de-nos-presenta-tuyo\/","title":{"rendered":"EL EX INTEGRANTE DEL CUARTETO DE NOS PRESENTA \u201cTUYO\u201d"},"content":{"rendered":"\n<p>Santiago Tavella lanza el vinilo recopilatorio de las canciones m\u00e1s significativas de&nbsp;Otro Tavella &amp; Los embajadores del buen gusto.<strong><\/strong><\/p>\n\n\n\n<p>Esta nueva etapa en la carrera de\u00a0Santiago Tavella\u00a0est\u00e1 marcada por el foco puesto en su proyecto Otro Tavella &amp; Los embajadores del buen gusto a partir de marzo de 2024.<br>Previo a esto Tavella contaba con una trayectoria art\u00edstica internacional de m\u00e1s de 40 a\u00f1os con presentaciones en festivales multitudinarios, grandes teatros y arenas, como el Movistar Arena, el Luna Park y el Gran Rex en el caso de Buenos Aires, y en sitios similares en toda latinoamerica. Con\u00a0Los embajadores del buen gusto\u00a0se viene presentando desde 2014 en distintas ciudades como Montevideo, Canelones, Libertad, San Gregorio de Polanco, Maldonado, Rocha, Castillos y Colonia (Uruguay) Madrid, Barcelona y Mallorca (Espa\u00f1a) Buenos Aires, La Plata, Rosario, Mendoza y Santa Fe (Argentina) Santiago de Chile, Quito y Guayaquil (Ecuador) Asunci\u00f3n (Paraguay) Bogot\u00e1, Medell\u00edn y Cali (Colombia) Ciudad de M\u00e9xico, Puebla, Monterrey y Tepoztl\u00e1n (M\u00e9xico). 2024 marca un hito importante en su carrera con presentaciones cada vez m\u00e1s numerosas en Montevideo y participando del festival Poes\u00eda y M\u00fasica en Santiago de Chile y con una calidad interpretativa que refleja la dedicaci\u00f3n focalizada que tiene este nuevo camino musical.<\/p>\n\n\n\n<figure class=\"wp-block-image size-large\"><img loading=\"lazy\" decoding=\"async\" width=\"1024\" height=\"683\" src=\"https:\/\/sergiolapegue.com\/site\/wp-content\/uploads\/2025\/02\/El-ex-famoso-Santiago-Tavella-0-1024x683.jpg\" alt=\"\" class=\"wp-image-20850\" srcset=\"https:\/\/sergiolapegue.com\/site\/wp-content\/uploads\/2025\/02\/El-ex-famoso-Santiago-Tavella-0-1024x683.jpg 1024w, https:\/\/sergiolapegue.com\/site\/wp-content\/uploads\/2025\/02\/El-ex-famoso-Santiago-Tavella-0-300x200.jpg 300w, https:\/\/sergiolapegue.com\/site\/wp-content\/uploads\/2025\/02\/El-ex-famoso-Santiago-Tavella-0-768x512.jpg 768w, https:\/\/sergiolapegue.com\/site\/wp-content\/uploads\/2025\/02\/El-ex-famoso-Santiago-Tavella-0-1536x1024.jpg 1536w, https:\/\/sergiolapegue.com\/site\/wp-content\/uploads\/2025\/02\/El-ex-famoso-Santiago-Tavella-0-2048x1365.jpg 2048w, https:\/\/sergiolapegue.com\/site\/wp-content\/uploads\/2025\/02\/El-ex-famoso-Santiago-Tavella-0-630x420.jpg 630w, https:\/\/sergiolapegue.com\/site\/wp-content\/uploads\/2025\/02\/El-ex-famoso-Santiago-Tavella-0-696x464.jpg 696w, https:\/\/sergiolapegue.com\/site\/wp-content\/uploads\/2025\/02\/El-ex-famoso-Santiago-Tavella-0-1068x712.jpg 1068w, https:\/\/sergiolapegue.com\/site\/wp-content\/uploads\/2025\/02\/El-ex-famoso-Santiago-Tavella-0-1920x1280.jpg 1920w\" sizes=\"auto, (max-width: 1024px) 100vw, 1024px\" \/><\/figure>\n\n\n\n<p><strong>TUYO<\/strong>&nbsp;es el vinilo recopilatorio del artista que se encuentra en formato f\u00edsico, editado por el sello chileno Bohemio, como tambi\u00e9n est\u00e1 disponible en todas las plataformas digitales a trav\u00e9s del sello Montevideo Music Group, el m\u00e1s importante en calidad y cantidad de artistas uruguayos. La selecci\u00f3n del variado material, que incluye desde canciones desde 2017 hasta 2024, implic\u00f3 un proceso de remasterizado por sub-mezclas, tanto para el vinilo como para las plataformas, con una mejora notable en el sonido gracias al exhaustivo trabajo de Diego Azar, quien logra darle una din\u00e1mica y una bailabilidad m\u00e1s disfrutable a\u00fan que en las originales. El arte de tapa es de Gustavo Maca Wojciechowski, socio gr\u00e1fico de Tavella en todos sus emprendimientos editoriales.<\/p>\n\n\n\n<figure class=\"wp-block-image size-large\"><img loading=\"lazy\" decoding=\"async\" width=\"1024\" height=\"576\" src=\"https:\/\/sergiolapegue.com\/site\/wp-content\/uploads\/2025\/02\/El-ex-famoso-Santiago-Tavella-1-1024x576.jpeg\" alt=\"\" class=\"wp-image-20851\" srcset=\"https:\/\/sergiolapegue.com\/site\/wp-content\/uploads\/2025\/02\/El-ex-famoso-Santiago-Tavella-1-1024x576.jpeg 1024w, https:\/\/sergiolapegue.com\/site\/wp-content\/uploads\/2025\/02\/El-ex-famoso-Santiago-Tavella-1-300x169.jpeg 300w, https:\/\/sergiolapegue.com\/site\/wp-content\/uploads\/2025\/02\/El-ex-famoso-Santiago-Tavella-1-768x432.jpeg 768w, https:\/\/sergiolapegue.com\/site\/wp-content\/uploads\/2025\/02\/El-ex-famoso-Santiago-Tavella-1-1536x864.jpeg 1536w, https:\/\/sergiolapegue.com\/site\/wp-content\/uploads\/2025\/02\/El-ex-famoso-Santiago-Tavella-1-2048x1152.jpeg 2048w, https:\/\/sergiolapegue.com\/site\/wp-content\/uploads\/2025\/02\/El-ex-famoso-Santiago-Tavella-1-747x420.jpeg 747w, https:\/\/sergiolapegue.com\/site\/wp-content\/uploads\/2025\/02\/El-ex-famoso-Santiago-Tavella-1-696x392.jpeg 696w, https:\/\/sergiolapegue.com\/site\/wp-content\/uploads\/2025\/02\/El-ex-famoso-Santiago-Tavella-1-1068x601.jpeg 1068w, https:\/\/sergiolapegue.com\/site\/wp-content\/uploads\/2025\/02\/El-ex-famoso-Santiago-Tavella-1-1920x1080.jpeg 1920w\" sizes=\"auto, (max-width: 1024px) 100vw, 1024px\" \/><\/figure>\n\n\n\n<p><strong>Otro Tavella &amp; Los embajadores del buen gusto<\/strong>&nbsp;en esta nueva etapa, que comenz\u00f3 en marzo de 2024 est\u00e1 integrada por m\u00fasicos de destacada trayectoria, en la bater\u00eda, Miguel Romano, uno de los m\u00fasicos uruguayos que ha participado de m\u00e1s proyectos a lo largo de su carrera, de una versatilidad indispensable para abordar el eclecticismo de Tavella. En teclados, Santiago \u201cEl Santo\u201d Lorenzo, socio de la mayor\u00eda de los proyectos de Diego Azar, actual productor de las canciones por venir de Tavella y poseedor de una gran inventiva arregl\u00edstica, con ra\u00edces que van desde el tango, el folklore, y una especial sensibilidad para la m\u00fasica negra uruguaya y americana en general. En el bajo, Federico \u201cEl Oso\u201d Ucha, quien ya hab\u00eda tocado previamente con Tavella y hab\u00eda llamado la atenci\u00f3n por su versatilidad y la bailabilidad de su toque. Las presentaciones en vivo de la banda siempre van acompa\u00f1adas de un correlato visual que acompa\u00f1a y complementa las letras y las m\u00fasicas, creando un espect\u00e1culo integral, en el que sin grandilocuencias se conjugan las diversas disciplinas puestas en juego, que incluyen los famosos \u201cest\u00fapidos y sensuales bailes prohibidos de Tavella\u201d.<\/p>\n\n\n\n<figure class=\"wp-block-image size-large\"><img loading=\"lazy\" decoding=\"async\" width=\"1014\" height=\"1024\" src=\"https:\/\/sergiolapegue.com\/site\/wp-content\/uploads\/2025\/02\/El-ex-famoso-Santiago-Tavella-2-1014x1024.jpg\" alt=\"\" class=\"wp-image-20852\" srcset=\"https:\/\/sergiolapegue.com\/site\/wp-content\/uploads\/2025\/02\/El-ex-famoso-Santiago-Tavella-2-1014x1024.jpg 1014w, https:\/\/sergiolapegue.com\/site\/wp-content\/uploads\/2025\/02\/El-ex-famoso-Santiago-Tavella-2-297x300.jpg 297w, https:\/\/sergiolapegue.com\/site\/wp-content\/uploads\/2025\/02\/El-ex-famoso-Santiago-Tavella-2-150x150.jpg 150w, https:\/\/sergiolapegue.com\/site\/wp-content\/uploads\/2025\/02\/El-ex-famoso-Santiago-Tavella-2-768x776.jpg 768w, https:\/\/sergiolapegue.com\/site\/wp-content\/uploads\/2025\/02\/El-ex-famoso-Santiago-Tavella-2-1521x1536.jpg 1521w, https:\/\/sergiolapegue.com\/site\/wp-content\/uploads\/2025\/02\/El-ex-famoso-Santiago-Tavella-2-2028x2048.jpg 2028w, https:\/\/sergiolapegue.com\/site\/wp-content\/uploads\/2025\/02\/El-ex-famoso-Santiago-Tavella-2-416x420.jpg 416w, https:\/\/sergiolapegue.com\/site\/wp-content\/uploads\/2025\/02\/El-ex-famoso-Santiago-Tavella-2-696x703.jpg 696w, https:\/\/sergiolapegue.com\/site\/wp-content\/uploads\/2025\/02\/El-ex-famoso-Santiago-Tavella-2-1068x1079.jpg 1068w, https:\/\/sergiolapegue.com\/site\/wp-content\/uploads\/2025\/02\/El-ex-famoso-Santiago-Tavella-2-1920x1939.jpg 1920w\" sizes=\"auto, (max-width: 1014px) 100vw, 1014px\" \/><\/figure>\n\n\n\n<p><strong>REDES<\/strong><\/p>\n\n\n\n<p><strong>YouTube:<\/strong> @santiagotavella<\/p>\n\n\n\n<p><strong>Instagram:<\/strong> <a href=\"https:\/\/www.instagram.com\/santiago.tavella\/\">https:\/\/www.instagram.com\/santiago.tavella\/<\/a><\/p>\n\n\n\n<p><strong>Facebook:<\/strong> <a href=\"https:\/\/www.facebook.com\/otrotavellaoficial\/\">https:\/\/www.facebook.com\/otrotavellaoficial\/<\/a><\/p>\n\n\n\n<p><strong>TikTok:<\/strong> <a href=\"https:\/\/www.tiktok.com\/@santiago.tavella\">https:\/\/www.tiktok.com\/@santiago.tavella<\/a><\/p>\n\n\n\n<p><strong>Spotify:<\/strong>&nbsp; <a href=\"https:\/\/open.spotify.com\/intles\/artist\/6rnhTcBQopDtry97jt9veG?si=XAWIaqJ0TfG34lVVeTQkvw\">https:\/\/open.spotify.com\/intles\/artist\/6rnhTcBQopDtry97jt9veG?si=XAWIaqJ0TfG34lVVeTQkvw<\/a><\/p>\n\n\n\n<p><strong>Spotify: TuYo<\/strong><\/p>\n\n\n\n<figure class=\"wp-block-embed is-type-rich is-provider-spotify wp-block-embed-spotify wp-embed-aspect-21-9 wp-has-aspect-ratio\"><div class=\"wp-block-embed__wrapper\">\n<iframe title=\"Spotify Embed: TuYo (Rem\u00e1ster 2024)\" style=\"border-radius: 12px\" width=\"100%\" height=\"352\" frameborder=\"0\" allowfullscreen allow=\"autoplay; clipboard-write; encrypted-media; fullscreen; picture-in-picture\" loading=\"lazy\" src=\"https:\/\/open.spotify.com\/embed\/album\/7BJ99MOPvEfbFsO8RmpzF2?si=aLpz17a-Rr2bP9fYbaaMNg&#038;utm_source=oembed\"><\/iframe>\n<\/div><\/figure>\n\n\n\n<p>Gracias Marcela N\u00fa\u00f1ez Prensa y Comunicaci\u00f3n por acercarnos la gacetilla de prensa con toda la informaci\u00f3n del lanzamiento del nuevo vinilo de Santiago Tavella.<\/p>\n\n\n\n<p><\/p>\n","protected":false},"excerpt":{"rendered":"<p>Santiago Tavella lanza el vinilo recopilatorio de las canciones m\u00e1s significativas de&nbsp;Otro Tavella &amp; Los embajadores del buen gusto. Esta nueva etapa en la carrera de\u00a0Santiago Tavella\u00a0est\u00e1 marcada por el foco puesto en su proyecto Otro Tavella &amp; Los embajadores del buen gusto a partir de marzo de 2024.Previo a esto Tavella contaba con una [&hellip;]<\/p>\n","protected":false},"author":3,"featured_media":20853,"comment_status":"open","ping_status":"closed","sticky":false,"template":"","format":"standard","meta":{"footnotes":""},"categories":[34,56],"tags":[],"class_list":{"0":"post-20849","1":"post","2":"type-post","3":"status-publish","4":"format-standard","5":"has-post-thumbnail","7":"category-arte","8":"category-musica"},"yoast_head":"<!-- This site is optimized with the Yoast SEO plugin v27.4 - https:\/\/yoast.com\/product\/yoast-seo-wordpress\/ -->\n<title>EL EX INTEGRANTE DEL CUARTETO DE NOS PRESENTA \u201cTUYO\u201d - Sergio Lapegue<\/title>\n<meta name=\"robots\" content=\"index, follow, max-snippet:-1, max-image-preview:large, max-video-preview:-1\" \/>\n<link rel=\"canonical\" href=\"https:\/\/sergiolapegue.com\/site\/2025\/02\/20\/el-ex-integrante-del-cuarteto-de-nos-presenta-tuyo\/\" \/>\n<meta property=\"og:locale\" content=\"es_ES\" \/>\n<meta property=\"og:type\" content=\"article\" \/>\n<meta property=\"og:title\" content=\"EL EX INTEGRANTE DEL CUARTETO DE NOS PRESENTA \u201cTUYO\u201d - Sergio Lapegue\" \/>\n<meta property=\"og:description\" content=\"Santiago Tavella lanza el vinilo recopilatorio de las canciones m\u00e1s significativas de&nbsp;Otro Tavella &amp; Los embajadores del buen gusto. Esta nueva etapa en la carrera de\u00a0Santiago Tavella\u00a0est\u00e1 marcada por el foco puesto en su proyecto Otro Tavella &amp; Los embajadores del buen gusto a partir de marzo de 2024.Previo a esto Tavella contaba con una [&hellip;]\" \/>\n<meta property=\"og:url\" content=\"https:\/\/sergiolapegue.com\/site\/2025\/02\/20\/el-ex-integrante-del-cuarteto-de-nos-presenta-tuyo\/\" \/>\n<meta property=\"og:site_name\" content=\"Sergio Lapegue\" \/>\n<meta property=\"article:publisher\" content=\"https:\/\/facebook.com\/sergiolapegue\" \/>\n<meta property=\"article:author\" content=\"https:\/\/facebook.com\/danielernesto.montana\" \/>\n<meta property=\"article:published_time\" content=\"2025-02-20T04:00:00+00:00\" \/>\n<meta property=\"og:image\" content=\"https:\/\/sergiolapegue.com\/site\/wp-content\/uploads\/2025\/02\/El-ex-famoso-Santiago-Tavella-scaled.jpg\" \/>\n\t<meta property=\"og:image:width\" content=\"2560\" \/>\n\t<meta property=\"og:image:height\" content=\"2560\" \/>\n\t<meta property=\"og:image:type\" content=\"image\/jpeg\" \/>\n<meta name=\"author\" content=\"Daniel E. Monta\u00f1a\" \/>\n<meta name=\"twitter:card\" content=\"summary_large_image\" \/>\n<meta name=\"twitter:creator\" content=\"@https:\/\/twitter.com\/daner_004\" \/>\n<meta name=\"twitter:site\" content=\"@sergiolapegue\" \/>\n<meta name=\"twitter:label1\" content=\"Escrito por\" \/>\n\t<meta name=\"twitter:data1\" content=\"Daniel E. Monta\u00f1a\" \/>\n\t<meta name=\"twitter:label2\" content=\"Tiempo de lectura\" \/>\n\t<meta name=\"twitter:data2\" content=\"4 minutos\" \/>\n<script type=\"application\/ld+json\" class=\"yoast-schema-graph\">{\"@context\":\"https:\\\/\\\/schema.org\",\"@graph\":[{\"@type\":\"Article\",\"@id\":\"https:\\\/\\\/sergiolapegue.com\\\/site\\\/2025\\\/02\\\/20\\\/el-ex-integrante-del-cuarteto-de-nos-presenta-tuyo\\\/#article\",\"isPartOf\":{\"@id\":\"https:\\\/\\\/sergiolapegue.com\\\/site\\\/2025\\\/02\\\/20\\\/el-ex-integrante-del-cuarteto-de-nos-presenta-tuyo\\\/\"},\"author\":{\"name\":\"Daniel E. Monta\u00f1a\",\"@id\":\"https:\\\/\\\/sergiolapegue.com\\\/site\\\/#\\\/schema\\\/person\\\/9198e7dbab43c6d74d0fd5399af7c3cd\"},\"headline\":\"EL EX INTEGRANTE DEL CUARTETO DE NOS PRESENTA \u201cTUYO\u201d\",\"datePublished\":\"2025-02-20T04:00:00+00:00\",\"mainEntityOfPage\":{\"@id\":\"https:\\\/\\\/sergiolapegue.com\\\/site\\\/2025\\\/02\\\/20\\\/el-ex-integrante-del-cuarteto-de-nos-presenta-tuyo\\\/\"},\"wordCount\":643,\"commentCount\":0,\"publisher\":{\"@id\":\"https:\\\/\\\/sergiolapegue.com\\\/site\\\/#\\\/schema\\\/person\\\/083aeceeb0734cd166779ea6c0551a37\"},\"image\":{\"@id\":\"https:\\\/\\\/sergiolapegue.com\\\/site\\\/2025\\\/02\\\/20\\\/el-ex-integrante-del-cuarteto-de-nos-presenta-tuyo\\\/#primaryimage\"},\"thumbnailUrl\":\"https:\\\/\\\/sergiolapegue.com\\\/site\\\/wp-content\\\/uploads\\\/2025\\\/02\\\/El-ex-famoso-Santiago-Tavella-scaled.jpg\",\"articleSection\":[\"Arte\",\"M\u00fasica\"],\"inLanguage\":\"es-AR\",\"potentialAction\":[{\"@type\":\"CommentAction\",\"name\":\"Comment\",\"target\":[\"https:\\\/\\\/sergiolapegue.com\\\/site\\\/2025\\\/02\\\/20\\\/el-ex-integrante-del-cuarteto-de-nos-presenta-tuyo\\\/#respond\"]}]},{\"@type\":\"WebPage\",\"@id\":\"https:\\\/\\\/sergiolapegue.com\\\/site\\\/2025\\\/02\\\/20\\\/el-ex-integrante-del-cuarteto-de-nos-presenta-tuyo\\\/\",\"url\":\"https:\\\/\\\/sergiolapegue.com\\\/site\\\/2025\\\/02\\\/20\\\/el-ex-integrante-del-cuarteto-de-nos-presenta-tuyo\\\/\",\"name\":\"EL EX INTEGRANTE DEL CUARTETO DE NOS PRESENTA \u201cTUYO\u201d - Sergio Lapegue\",\"isPartOf\":{\"@id\":\"https:\\\/\\\/sergiolapegue.com\\\/site\\\/#website\"},\"primaryImageOfPage\":{\"@id\":\"https:\\\/\\\/sergiolapegue.com\\\/site\\\/2025\\\/02\\\/20\\\/el-ex-integrante-del-cuarteto-de-nos-presenta-tuyo\\\/#primaryimage\"},\"image\":{\"@id\":\"https:\\\/\\\/sergiolapegue.com\\\/site\\\/2025\\\/02\\\/20\\\/el-ex-integrante-del-cuarteto-de-nos-presenta-tuyo\\\/#primaryimage\"},\"thumbnailUrl\":\"https:\\\/\\\/sergiolapegue.com\\\/site\\\/wp-content\\\/uploads\\\/2025\\\/02\\\/El-ex-famoso-Santiago-Tavella-scaled.jpg\",\"datePublished\":\"2025-02-20T04:00:00+00:00\",\"breadcrumb\":{\"@id\":\"https:\\\/\\\/sergiolapegue.com\\\/site\\\/2025\\\/02\\\/20\\\/el-ex-integrante-del-cuarteto-de-nos-presenta-tuyo\\\/#breadcrumb\"},\"inLanguage\":\"es-AR\",\"potentialAction\":[{\"@type\":\"ReadAction\",\"target\":[\"https:\\\/\\\/sergiolapegue.com\\\/site\\\/2025\\\/02\\\/20\\\/el-ex-integrante-del-cuarteto-de-nos-presenta-tuyo\\\/\"]}]},{\"@type\":\"ImageObject\",\"inLanguage\":\"es-AR\",\"@id\":\"https:\\\/\\\/sergiolapegue.com\\\/site\\\/2025\\\/02\\\/20\\\/el-ex-integrante-del-cuarteto-de-nos-presenta-tuyo\\\/#primaryimage\",\"url\":\"https:\\\/\\\/sergiolapegue.com\\\/site\\\/wp-content\\\/uploads\\\/2025\\\/02\\\/El-ex-famoso-Santiago-Tavella-scaled.jpg\",\"contentUrl\":\"https:\\\/\\\/sergiolapegue.com\\\/site\\\/wp-content\\\/uploads\\\/2025\\\/02\\\/El-ex-famoso-Santiago-Tavella-scaled.jpg\",\"width\":2560,\"height\":2560},{\"@type\":\"BreadcrumbList\",\"@id\":\"https:\\\/\\\/sergiolapegue.com\\\/site\\\/2025\\\/02\\\/20\\\/el-ex-integrante-del-cuarteto-de-nos-presenta-tuyo\\\/#breadcrumb\",\"itemListElement\":[{\"@type\":\"ListItem\",\"position\":1,\"name\":\"Inicio\",\"item\":\"https:\\\/\\\/sergiolapegue.com\\\/site\\\/\"},{\"@type\":\"ListItem\",\"position\":2,\"name\":\"EL EX INTEGRANTE DEL CUARTETO DE NOS PRESENTA \u201cTUYO\u201d\"}]},{\"@type\":\"WebSite\",\"@id\":\"https:\\\/\\\/sergiolapegue.com\\\/site\\\/#website\",\"url\":\"https:\\\/\\\/sergiolapegue.com\\\/site\\\/\",\"name\":\"Sergio Lapegue\",\"description\":\"Periodista\",\"publisher\":{\"@id\":\"https:\\\/\\\/sergiolapegue.com\\\/site\\\/#\\\/schema\\\/person\\\/083aeceeb0734cd166779ea6c0551a37\"},\"potentialAction\":[{\"@type\":\"SearchAction\",\"target\":{\"@type\":\"EntryPoint\",\"urlTemplate\":\"https:\\\/\\\/sergiolapegue.com\\\/site\\\/?s={search_term_string}\"},\"query-input\":{\"@type\":\"PropertyValueSpecification\",\"valueRequired\":true,\"valueName\":\"search_term_string\"}}],\"inLanguage\":\"es-AR\"},{\"@type\":[\"Person\",\"Organization\"],\"@id\":\"https:\\\/\\\/sergiolapegue.com\\\/site\\\/#\\\/schema\\\/person\\\/083aeceeb0734cd166779ea6c0551a37\",\"name\":\"Sergio Lapegue\",\"image\":{\"@type\":\"ImageObject\",\"inLanguage\":\"es-AR\",\"@id\":\"https:\\\/\\\/sergiolapegue.com\\\/site\\\/wp-content\\\/uploads\\\/2021\\\/04\\\/logo_header-1.png\",\"url\":\"https:\\\/\\\/sergiolapegue.com\\\/site\\\/wp-content\\\/uploads\\\/2021\\\/04\\\/logo_header-1.png\",\"contentUrl\":\"https:\\\/\\\/sergiolapegue.com\\\/site\\\/wp-content\\\/uploads\\\/2021\\\/04\\\/logo_header-1.png\",\"width\":272,\"height\":90,\"caption\":\"Sergio Lapegue\"},\"logo\":{\"@id\":\"https:\\\/\\\/sergiolapegue.com\\\/site\\\/wp-content\\\/uploads\\\/2021\\\/04\\\/logo_header-1.png\"},\"sameAs\":[\"https:\\\/\\\/facebook.com\\\/sergiolapegue\",\"https:\\\/\\\/instagram.com\\\/sergiolapegue\",\"https:\\\/\\\/x.com\\\/https:\\\/\\\/twitter.com\\\/sergiolapegue\"]},{\"@type\":\"Person\",\"@id\":\"https:\\\/\\\/sergiolapegue.com\\\/site\\\/#\\\/schema\\\/person\\\/9198e7dbab43c6d74d0fd5399af7c3cd\",\"name\":\"Daniel E. Monta\u00f1a\",\"image\":{\"@type\":\"ImageObject\",\"inLanguage\":\"es-AR\",\"@id\":\"https:\\\/\\\/sergiolapegue.com\\\/site\\\/wp-content\\\/uploads\\\/2021\\\/04\\\/sl_avatar_Daniel-150x150.jpg\",\"url\":\"https:\\\/\\\/sergiolapegue.com\\\/site\\\/wp-content\\\/uploads\\\/2021\\\/04\\\/sl_avatar_Daniel-150x150.jpg\",\"contentUrl\":\"https:\\\/\\\/sergiolapegue.com\\\/site\\\/wp-content\\\/uploads\\\/2021\\\/04\\\/sl_avatar_Daniel-150x150.jpg\",\"caption\":\"Daniel E. Monta\u00f1a\"},\"sameAs\":[\"https:\\\/\\\/facebook.com\\\/danielernesto.montana\",\"https:\\\/\\\/instagram.com\\\/daniel_montana1961\",\"https:\\\/\\\/x.com\\\/https:\\\/\\\/twitter.com\\\/daner_004\"],\"url\":\"https:\\\/\\\/sergiolapegue.com\\\/site\\\/author\\\/daniel\\\/\"}]}<\/script>\n<!-- \/ Yoast SEO plugin. -->","yoast_head_json":{"title":"EL EX INTEGRANTE DEL CUARTETO DE NOS PRESENTA \u201cTUYO\u201d - Sergio Lapegue","robots":{"index":"index","follow":"follow","max-snippet":"max-snippet:-1","max-image-preview":"max-image-preview:large","max-video-preview":"max-video-preview:-1"},"canonical":"https:\/\/sergiolapegue.com\/site\/2025\/02\/20\/el-ex-integrante-del-cuarteto-de-nos-presenta-tuyo\/","og_locale":"es_ES","og_type":"article","og_title":"EL EX INTEGRANTE DEL CUARTETO DE NOS PRESENTA \u201cTUYO\u201d - Sergio Lapegue","og_description":"Santiago Tavella lanza el vinilo recopilatorio de las canciones m\u00e1s significativas de&nbsp;Otro Tavella &amp; Los embajadores del buen gusto. Esta nueva etapa en la carrera de\u00a0Santiago Tavella\u00a0est\u00e1 marcada por el foco puesto en su proyecto Otro Tavella &amp; Los embajadores del buen gusto a partir de marzo de 2024.Previo a esto Tavella contaba con una [&hellip;]","og_url":"https:\/\/sergiolapegue.com\/site\/2025\/02\/20\/el-ex-integrante-del-cuarteto-de-nos-presenta-tuyo\/","og_site_name":"Sergio Lapegue","article_publisher":"https:\/\/facebook.com\/sergiolapegue","article_author":"https:\/\/facebook.com\/danielernesto.montana","article_published_time":"2025-02-20T04:00:00+00:00","og_image":[{"width":2560,"height":2560,"url":"https:\/\/sergiolapegue.com\/site\/wp-content\/uploads\/2025\/02\/El-ex-famoso-Santiago-Tavella-scaled.jpg","type":"image\/jpeg"}],"author":"Daniel E. Monta\u00f1a","twitter_card":"summary_large_image","twitter_creator":"@https:\/\/twitter.com\/daner_004","twitter_site":"@sergiolapegue","twitter_misc":{"Escrito por":"Daniel E. Monta\u00f1a","Tiempo de lectura":"4 minutos"},"schema":{"@context":"https:\/\/schema.org","@graph":[{"@type":"Article","@id":"https:\/\/sergiolapegue.com\/site\/2025\/02\/20\/el-ex-integrante-del-cuarteto-de-nos-presenta-tuyo\/#article","isPartOf":{"@id":"https:\/\/sergiolapegue.com\/site\/2025\/02\/20\/el-ex-integrante-del-cuarteto-de-nos-presenta-tuyo\/"},"author":{"name":"Daniel E. Monta\u00f1a","@id":"https:\/\/sergiolapegue.com\/site\/#\/schema\/person\/9198e7dbab43c6d74d0fd5399af7c3cd"},"headline":"EL EX INTEGRANTE DEL CUARTETO DE NOS PRESENTA \u201cTUYO\u201d","datePublished":"2025-02-20T04:00:00+00:00","mainEntityOfPage":{"@id":"https:\/\/sergiolapegue.com\/site\/2025\/02\/20\/el-ex-integrante-del-cuarteto-de-nos-presenta-tuyo\/"},"wordCount":643,"commentCount":0,"publisher":{"@id":"https:\/\/sergiolapegue.com\/site\/#\/schema\/person\/083aeceeb0734cd166779ea6c0551a37"},"image":{"@id":"https:\/\/sergiolapegue.com\/site\/2025\/02\/20\/el-ex-integrante-del-cuarteto-de-nos-presenta-tuyo\/#primaryimage"},"thumbnailUrl":"https:\/\/sergiolapegue.com\/site\/wp-content\/uploads\/2025\/02\/El-ex-famoso-Santiago-Tavella-scaled.jpg","articleSection":["Arte","M\u00fasica"],"inLanguage":"es-AR","potentialAction":[{"@type":"CommentAction","name":"Comment","target":["https:\/\/sergiolapegue.com\/site\/2025\/02\/20\/el-ex-integrante-del-cuarteto-de-nos-presenta-tuyo\/#respond"]}]},{"@type":"WebPage","@id":"https:\/\/sergiolapegue.com\/site\/2025\/02\/20\/el-ex-integrante-del-cuarteto-de-nos-presenta-tuyo\/","url":"https:\/\/sergiolapegue.com\/site\/2025\/02\/20\/el-ex-integrante-del-cuarteto-de-nos-presenta-tuyo\/","name":"EL EX INTEGRANTE DEL CUARTETO DE NOS PRESENTA \u201cTUYO\u201d - Sergio Lapegue","isPartOf":{"@id":"https:\/\/sergiolapegue.com\/site\/#website"},"primaryImageOfPage":{"@id":"https:\/\/sergiolapegue.com\/site\/2025\/02\/20\/el-ex-integrante-del-cuarteto-de-nos-presenta-tuyo\/#primaryimage"},"image":{"@id":"https:\/\/sergiolapegue.com\/site\/2025\/02\/20\/el-ex-integrante-del-cuarteto-de-nos-presenta-tuyo\/#primaryimage"},"thumbnailUrl":"https:\/\/sergiolapegue.com\/site\/wp-content\/uploads\/2025\/02\/El-ex-famoso-Santiago-Tavella-scaled.jpg","datePublished":"2025-02-20T04:00:00+00:00","breadcrumb":{"@id":"https:\/\/sergiolapegue.com\/site\/2025\/02\/20\/el-ex-integrante-del-cuarteto-de-nos-presenta-tuyo\/#breadcrumb"},"inLanguage":"es-AR","potentialAction":[{"@type":"ReadAction","target":["https:\/\/sergiolapegue.com\/site\/2025\/02\/20\/el-ex-integrante-del-cuarteto-de-nos-presenta-tuyo\/"]}]},{"@type":"ImageObject","inLanguage":"es-AR","@id":"https:\/\/sergiolapegue.com\/site\/2025\/02\/20\/el-ex-integrante-del-cuarteto-de-nos-presenta-tuyo\/#primaryimage","url":"https:\/\/sergiolapegue.com\/site\/wp-content\/uploads\/2025\/02\/El-ex-famoso-Santiago-Tavella-scaled.jpg","contentUrl":"https:\/\/sergiolapegue.com\/site\/wp-content\/uploads\/2025\/02\/El-ex-famoso-Santiago-Tavella-scaled.jpg","width":2560,"height":2560},{"@type":"BreadcrumbList","@id":"https:\/\/sergiolapegue.com\/site\/2025\/02\/20\/el-ex-integrante-del-cuarteto-de-nos-presenta-tuyo\/#breadcrumb","itemListElement":[{"@type":"ListItem","position":1,"name":"Inicio","item":"https:\/\/sergiolapegue.com\/site\/"},{"@type":"ListItem","position":2,"name":"EL EX INTEGRANTE DEL CUARTETO DE NOS PRESENTA \u201cTUYO\u201d"}]},{"@type":"WebSite","@id":"https:\/\/sergiolapegue.com\/site\/#website","url":"https:\/\/sergiolapegue.com\/site\/","name":"Sergio Lapegue","description":"Periodista","publisher":{"@id":"https:\/\/sergiolapegue.com\/site\/#\/schema\/person\/083aeceeb0734cd166779ea6c0551a37"},"potentialAction":[{"@type":"SearchAction","target":{"@type":"EntryPoint","urlTemplate":"https:\/\/sergiolapegue.com\/site\/?s={search_term_string}"},"query-input":{"@type":"PropertyValueSpecification","valueRequired":true,"valueName":"search_term_string"}}],"inLanguage":"es-AR"},{"@type":["Person","Organization"],"@id":"https:\/\/sergiolapegue.com\/site\/#\/schema\/person\/083aeceeb0734cd166779ea6c0551a37","name":"Sergio Lapegue","image":{"@type":"ImageObject","inLanguage":"es-AR","@id":"https:\/\/sergiolapegue.com\/site\/wp-content\/uploads\/2021\/04\/logo_header-1.png","url":"https:\/\/sergiolapegue.com\/site\/wp-content\/uploads\/2021\/04\/logo_header-1.png","contentUrl":"https:\/\/sergiolapegue.com\/site\/wp-content\/uploads\/2021\/04\/logo_header-1.png","width":272,"height":90,"caption":"Sergio Lapegue"},"logo":{"@id":"https:\/\/sergiolapegue.com\/site\/wp-content\/uploads\/2021\/04\/logo_header-1.png"},"sameAs":["https:\/\/facebook.com\/sergiolapegue","https:\/\/instagram.com\/sergiolapegue","https:\/\/x.com\/https:\/\/twitter.com\/sergiolapegue"]},{"@type":"Person","@id":"https:\/\/sergiolapegue.com\/site\/#\/schema\/person\/9198e7dbab43c6d74d0fd5399af7c3cd","name":"Daniel E. Monta\u00f1a","image":{"@type":"ImageObject","inLanguage":"es-AR","@id":"https:\/\/sergiolapegue.com\/site\/wp-content\/uploads\/2021\/04\/sl_avatar_Daniel-150x150.jpg","url":"https:\/\/sergiolapegue.com\/site\/wp-content\/uploads\/2021\/04\/sl_avatar_Daniel-150x150.jpg","contentUrl":"https:\/\/sergiolapegue.com\/site\/wp-content\/uploads\/2021\/04\/sl_avatar_Daniel-150x150.jpg","caption":"Daniel E. Monta\u00f1a"},"sameAs":["https:\/\/facebook.com\/danielernesto.montana","https:\/\/instagram.com\/daniel_montana1961","https:\/\/x.com\/https:\/\/twitter.com\/daner_004"],"url":"https:\/\/sergiolapegue.com\/site\/author\/daniel\/"}]}},"_links":{"self":[{"href":"https:\/\/sergiolapegue.com\/site\/wp-json\/wp\/v2\/posts\/20849","targetHints":{"allow":["GET"]}}],"collection":[{"href":"https:\/\/sergiolapegue.com\/site\/wp-json\/wp\/v2\/posts"}],"about":[{"href":"https:\/\/sergiolapegue.com\/site\/wp-json\/wp\/v2\/types\/post"}],"author":[{"embeddable":true,"href":"https:\/\/sergiolapegue.com\/site\/wp-json\/wp\/v2\/users\/3"}],"replies":[{"embeddable":true,"href":"https:\/\/sergiolapegue.com\/site\/wp-json\/wp\/v2\/comments?post=20849"}],"version-history":[{"count":1,"href":"https:\/\/sergiolapegue.com\/site\/wp-json\/wp\/v2\/posts\/20849\/revisions"}],"predecessor-version":[{"id":20854,"href":"https:\/\/sergiolapegue.com\/site\/wp-json\/wp\/v2\/posts\/20849\/revisions\/20854"}],"wp:featuredmedia":[{"embeddable":true,"href":"https:\/\/sergiolapegue.com\/site\/wp-json\/wp\/v2\/media\/20853"}],"wp:attachment":[{"href":"https:\/\/sergiolapegue.com\/site\/wp-json\/wp\/v2\/media?parent=20849"}],"wp:term":[{"taxonomy":"category","embeddable":true,"href":"https:\/\/sergiolapegue.com\/site\/wp-json\/wp\/v2\/categories?post=20849"},{"taxonomy":"post_tag","embeddable":true,"href":"https:\/\/sergiolapegue.com\/site\/wp-json\/wp\/v2\/tags?post=20849"}],"curies":[{"name":"wp","href":"https:\/\/api.w.org\/{rel}","templated":true}]}}