{"id":20791,"date":"2025-02-14T01:00:00","date_gmt":"2025-02-14T04:00:00","guid":{"rendered":"https:\/\/sergiolapegue.com\/site\/?p=20791"},"modified":"2025-02-13T21:01:37","modified_gmt":"2025-02-14T00:01:37","slug":"yo-fedra-2","status":"publish","type":"post","link":"https:\/\/sergiolapegue.com\/site\/2025\/02\/14\/yo-fedra-2\/","title":{"rendered":"YO, FEDRA"},"content":{"rendered":"\n<p>La excelente actriz Ingrid Pelicori se presenta por 8 \u00fanicas funciones con la obra \u201cYo, Fedra\u201d, de la dramaturga y directora Anal\u00eda Fedra Garc\u00eda. Las funciones re realizar\u00e1n en el Centro Cultural de la Cooperaci\u00f3n, los d\u00edas viernes a partir del 14 de febrero.<\/p>\n\n\n\n<figure class=\"wp-block-image size-large\"><img loading=\"lazy\" decoding=\"async\" width=\"1024\" height=\"692\" src=\"https:\/\/sergiolapegue.com\/site\/wp-content\/uploads\/2025\/02\/Yo-Fedra-1-1024x692.jpg\" alt=\"\" class=\"wp-image-20797\" srcset=\"https:\/\/sergiolapegue.com\/site\/wp-content\/uploads\/2025\/02\/Yo-Fedra-1-1024x692.jpg 1024w, https:\/\/sergiolapegue.com\/site\/wp-content\/uploads\/2025\/02\/Yo-Fedra-1-300x203.jpg 300w, https:\/\/sergiolapegue.com\/site\/wp-content\/uploads\/2025\/02\/Yo-Fedra-1-768x519.jpg 768w, https:\/\/sergiolapegue.com\/site\/wp-content\/uploads\/2025\/02\/Yo-Fedra-1-1536x1037.jpg 1536w, https:\/\/sergiolapegue.com\/site\/wp-content\/uploads\/2025\/02\/Yo-Fedra-1-2048x1383.jpg 2048w, https:\/\/sergiolapegue.com\/site\/wp-content\/uploads\/2025\/02\/Yo-Fedra-1-622x420.jpg 622w, https:\/\/sergiolapegue.com\/site\/wp-content\/uploads\/2025\/02\/Yo-Fedra-1-696x470.jpg 696w, https:\/\/sergiolapegue.com\/site\/wp-content\/uploads\/2025\/02\/Yo-Fedra-1-1068x721.jpg 1068w, https:\/\/sergiolapegue.com\/site\/wp-content\/uploads\/2025\/02\/Yo-Fedra-1-1920x1297.jpg 1920w\" sizes=\"auto, (max-width: 1024px) 100vw, 1024px\" \/><\/figure>\n\n\n\n<p><strong>SINOPSIS<\/strong><\/p>\n\n\n\n<p>Fedra es un abismo. Un misterio. Una mujer madura que se enamora hasta los huesos, de un hombre joven y prohibido.<\/p>\n\n\n\n<p>Fedra susurra retazos de su historia, para todas las personas que la quieran escuchar.<\/p>\n\n\n\n<p>Es una reescritura del mito griego de Fedra para una sola actriz. Una invitaci\u00f3n a indagar sobre los prejuicios, la potencia del amor y el deseo.&nbsp;<\/p>\n\n\n\n<figure class=\"wp-block-image size-large\"><img loading=\"lazy\" decoding=\"async\" width=\"1024\" height=\"683\" src=\"https:\/\/sergiolapegue.com\/site\/wp-content\/uploads\/2025\/02\/Yo-Fedra-2-1024x683.jpg\" alt=\"\" class=\"wp-image-20796\" srcset=\"https:\/\/sergiolapegue.com\/site\/wp-content\/uploads\/2025\/02\/Yo-Fedra-2-1024x683.jpg 1024w, https:\/\/sergiolapegue.com\/site\/wp-content\/uploads\/2025\/02\/Yo-Fedra-2-300x200.jpg 300w, https:\/\/sergiolapegue.com\/site\/wp-content\/uploads\/2025\/02\/Yo-Fedra-2-768x512.jpg 768w, https:\/\/sergiolapegue.com\/site\/wp-content\/uploads\/2025\/02\/Yo-Fedra-2-1536x1024.jpg 1536w, https:\/\/sergiolapegue.com\/site\/wp-content\/uploads\/2025\/02\/Yo-Fedra-2-2048x1366.jpg 2048w, https:\/\/sergiolapegue.com\/site\/wp-content\/uploads\/2025\/02\/Yo-Fedra-2-630x420.jpg 630w, https:\/\/sergiolapegue.com\/site\/wp-content\/uploads\/2025\/02\/Yo-Fedra-2-696x464.jpg 696w, https:\/\/sergiolapegue.com\/site\/wp-content\/uploads\/2025\/02\/Yo-Fedra-2-1068x712.jpg 1068w, https:\/\/sergiolapegue.com\/site\/wp-content\/uploads\/2025\/02\/Yo-Fedra-2-1920x1280.jpg 1920w\" sizes=\"auto, (max-width: 1024px) 100vw, 1024px\" \/><figcaption class=\"wp-element-caption\">Sebastian Ochoa 2018<\/figcaption><\/figure>\n\n\n\n<p><strong>PALABRAS DE LA DRAMATURGA Y DIRECTORA<\/strong><strong><\/strong><\/p>\n\n\n\n<p>\u201cTengo el nombre de un mito griego: Fedra. Hace mucho tiempo que sue\u00f1o con escribir una versi\u00f3n \u00edntima de ese gran personaje tr\u00e1gico. Un di\u00e1logo personal con el mito. As\u00ed como Eur\u00edpides o Racine ritualizan su condena, quise jugar con otros giros de la historia para abrir nuevas preguntas sobre la condici\u00f3n de las mujeres maduras, sobre los prejuicios que pesan sobre ellas, (sobre todo si se enamoran de una persona mucho m\u00e1s joven), sobre el erotismo, sobre la potencia del amor y el deseo. Me conmueve volver a reunirme con Ingrid Pelicori en este proyecto. Una actriz que se abisma en el arrojo, el derroche, el potlatch, que es pura potencia po\u00e9tica\u201d.&nbsp;\u2013 <strong>Anal\u00eda Fedra Garc\u00eda<\/strong><\/p>\n\n\n\n<figure class=\"wp-block-image size-large\"><img loading=\"lazy\" decoding=\"async\" width=\"1024\" height=\"683\" src=\"https:\/\/sergiolapegue.com\/site\/wp-content\/uploads\/2025\/02\/Yo-Fedra-3-1024x683.jpg\" alt=\"\" class=\"wp-image-20795\" srcset=\"https:\/\/sergiolapegue.com\/site\/wp-content\/uploads\/2025\/02\/Yo-Fedra-3-1024x683.jpg 1024w, https:\/\/sergiolapegue.com\/site\/wp-content\/uploads\/2025\/02\/Yo-Fedra-3-300x200.jpg 300w, https:\/\/sergiolapegue.com\/site\/wp-content\/uploads\/2025\/02\/Yo-Fedra-3-768x512.jpg 768w, https:\/\/sergiolapegue.com\/site\/wp-content\/uploads\/2025\/02\/Yo-Fedra-3-1536x1024.jpg 1536w, https:\/\/sergiolapegue.com\/site\/wp-content\/uploads\/2025\/02\/Yo-Fedra-3-2048x1365.jpg 2048w, https:\/\/sergiolapegue.com\/site\/wp-content\/uploads\/2025\/02\/Yo-Fedra-3-630x420.jpg 630w, https:\/\/sergiolapegue.com\/site\/wp-content\/uploads\/2025\/02\/Yo-Fedra-3-696x464.jpg 696w, https:\/\/sergiolapegue.com\/site\/wp-content\/uploads\/2025\/02\/Yo-Fedra-3-1068x712.jpg 1068w, https:\/\/sergiolapegue.com\/site\/wp-content\/uploads\/2025\/02\/Yo-Fedra-3-1920x1280.jpg 1920w\" sizes=\"auto, (max-width: 1024px) 100vw, 1024px\" \/><figcaption class=\"wp-element-caption\">Sebastian Ochoa 2018<\/figcaption><\/figure>\n\n\n\n<p><strong>FICHA T\u00c9CNICO ART\u00cdSTICA<\/strong><\/p>\n\n\n\n<p><strong>Texto:<\/strong>&nbsp;Anal\u00eda Fedra Garc\u00eda<\/p>\n\n\n\n<p><strong>Colaboraci\u00f3n autoral:<\/strong>&nbsp;Ingrid Pelicori<\/p>\n\n\n\n<p><strong>Interprete:<\/strong>&nbsp;Ingrid Pelicori<\/p>\n\n\n\n<p><strong>Cantantes en off:&nbsp;<\/strong>Carmen Almarza, Magdalena Dodds, Juliana Marc\u00fas, Liliana Scotto Lavina.<\/p>\n\n\n\n<p><strong>M\u00fasica original:<\/strong>&nbsp;Miguel \u00c1ngel Pesce<\/p>\n\n\n\n<p><strong>Interpretaci\u00f3n instrumental:<\/strong>&nbsp;D\u00e9bora Garc\u00eda<\/p>\n\n\n\n<p><strong>Dise\u00f1o de luces:<\/strong>&nbsp;Marco Pastorino<\/p>\n\n\n\n<p><strong>Dise\u00f1o de objetos:<\/strong>&nbsp;P\u00eda Drugueri<\/p>\n\n\n\n<p><strong>Asesoramiento art\u00edstico:<\/strong>&nbsp;Laura Rovito<\/p>\n\n\n\n<p><strong>Dispositivo escenogr\u00e1fico:<\/strong>&nbsp;Anal\u00eda Fedra Garc\u00eda<\/p>\n\n\n\n<p><strong>Prensa:<\/strong>&nbsp;Natalia Bocca<\/p>\n\n\n\n<p><strong>Asistencia de direcci\u00f3n:<\/strong>&nbsp;Tom\u00e1s Scheifer<\/p>\n\n\n\n<p><strong>Producci\u00f3n:<\/strong>&nbsp;Cooperativa Griegas<\/p>\n\n\n\n<p><strong>Direcci\u00f3n:<\/strong>&nbsp;Anal\u00eda Fedra Garc\u00eda<\/p>\n\n\n\n<p><strong>Duraci\u00f3n:<\/strong> 50 minutos<\/p>\n\n\n\n<figure class=\"wp-block-image size-large\"><img loading=\"lazy\" decoding=\"async\" width=\"1024\" height=\"683\" src=\"https:\/\/sergiolapegue.com\/site\/wp-content\/uploads\/2025\/02\/Yo-Fedra-4-1024x683.jpg\" alt=\"\" class=\"wp-image-20794\" srcset=\"https:\/\/sergiolapegue.com\/site\/wp-content\/uploads\/2025\/02\/Yo-Fedra-4-1024x683.jpg 1024w, https:\/\/sergiolapegue.com\/site\/wp-content\/uploads\/2025\/02\/Yo-Fedra-4-300x200.jpg 300w, https:\/\/sergiolapegue.com\/site\/wp-content\/uploads\/2025\/02\/Yo-Fedra-4-768x512.jpg 768w, https:\/\/sergiolapegue.com\/site\/wp-content\/uploads\/2025\/02\/Yo-Fedra-4-1536x1024.jpg 1536w, https:\/\/sergiolapegue.com\/site\/wp-content\/uploads\/2025\/02\/Yo-Fedra-4-2048x1366.jpg 2048w, https:\/\/sergiolapegue.com\/site\/wp-content\/uploads\/2025\/02\/Yo-Fedra-4-630x420.jpg 630w, https:\/\/sergiolapegue.com\/site\/wp-content\/uploads\/2025\/02\/Yo-Fedra-4-696x464.jpg 696w, https:\/\/sergiolapegue.com\/site\/wp-content\/uploads\/2025\/02\/Yo-Fedra-4-1068x712.jpg 1068w, https:\/\/sergiolapegue.com\/site\/wp-content\/uploads\/2025\/02\/Yo-Fedra-4-1920x1280.jpg 1920w\" sizes=\"auto, (max-width: 1024px) 100vw, 1024px\" \/><figcaption class=\"wp-element-caption\">Sebastian Ochoa 2018<\/figcaption><\/figure>\n\n\n\n<p><strong>CENTRO CULTURAL DE LA COOPERACI\u00d3N \u2013 SALA TU\u00d1\u00d3N <\/strong><strong><\/strong><\/p>\n\n\n\n<p>Av. Corrientes 1543 \u2013 Capital Federal \u2013 Buenos Aires \u2013 Argentina<\/p>\n\n\n\n<p>Entradas: $ 14.000 \u2013 en boleter\u00eda del teatro o por Alternativa Teatral<\/p>\n\n\n\n<p>Funciones: Viernes 20:30 horas \u2013 Del 14\/02\/2025 al 04\/04\/2025<\/p>\n\n\n\n<p>&nbsp;Gracias Natalia Bocca por acercarnos la gacetilla de prensa de la nueva temporada de este excelente espect\u00e1culo.<\/p>\n\n\n\n<p><strong>SOBRE LA&nbsp;ACTRIZ<\/strong><strong><\/strong><\/p>\n\n\n\n<figure class=\"wp-block-image size-full\"><img loading=\"lazy\" decoding=\"async\" width=\"233\" height=\"212\" src=\"https:\/\/sergiolapegue.com\/site\/wp-content\/uploads\/2025\/02\/Yo-Fedra-Ingrid-Pelicori.png\" alt=\"\" class=\"wp-image-20793\" \/><\/figure>\n\n\n\n<p><strong>Ingrid Pelicori&nbsp;<\/strong><\/p>\n\n\n\n<p>Actriz de teatro, cine y televisi\u00f3n. Debuto en 1978, desde entonces estreno m\u00e1s de 60 obras teatrales. Participo en Teatro Abierto e integro el Elenco Estable del Teatro San Mart\u00edn. Interpreto obras de Chejov, Strindberg, Ibsen, Shakespeare, Pinter, Jelinek, Disc\u00e9polo, Berkoff, Brecht, Gambaro, Camus y Gorostiza, entre otros. Obtuvo numerosos reconocimientos entre los que se destacan los Premios Ace, Mar\u00eda Guerrero, Trinidad Guevara, Teatro del Mundo y Podest\u00e1. Algunos de sus \u00faltimos trabajos fueron: \u201cCae la noche tropical\u201d, \u201cSue\u00f1o de dos\u201d, \u201cAgamen\u00f3n\u201d, de Esquilo, con direcci\u00f3n de M. Iedvabni y P. F. Maini; \u201cPap\u00e1 Bianco y los Alonso\u201d, junto a Irina Alonso; \u201cBergman y Liv correspondencia amorosa\u201d, con direcci\u00f3n de Leonor Manso.<\/p>\n\n\n\n<p><strong>SOBRE LA&nbsp;DRAMATURGA&nbsp;Y&nbsp;DIRECTORA<\/strong><strong><\/strong><\/p>\n\n\n\n<figure class=\"wp-block-image size-full\"><img loading=\"lazy\" decoding=\"async\" width=\"231\" height=\"236\" src=\"https:\/\/sergiolapegue.com\/site\/wp-content\/uploads\/2025\/02\/Yo-Fedra-Analia-Fedra-Garcia.png\" alt=\"\" class=\"wp-image-20792\" \/><\/figure>\n\n\n\n<p><strong>Anal\u00eda Fedra Garc\u00eda&nbsp;<\/strong>&nbsp;<\/p>\n\n\n\n<p>Directora esc\u00e9nica, actriz y docente. Inicia su formaci\u00f3n art\u00edstica estudiando m\u00fasica (viol\u00edn, posteriormente canto) en el Conservatorio municipal Juli\u00e1n Aguirre de Banfield. Se forma como actriz en Andamio 90; luego se perfecciona con Juan Carlos Gen\u00e9 y Ver\u00f3nica Odd\u00f3, en el Celcit. Posteriormente realiza seminarios de t\u00e9cnicas de interpretaci\u00f3n. Estudia direcci\u00f3n esc\u00e9nica en la UNA. Se desempe\u00f1a como docente en la UNA y UNSAM. Participa como actriz en los siguientes proyectos:\u00a0El re\u00f1idero\u00a0de S. De Cecco (Andamio 90);\u00a0Hamnet I\u00a0(CHELA);\u00a0Luisa\u00a0de Daniel Veronese (Puerta roja, Delborde);\u00a0La mujer de antes\u00a0(Instituto Goethe);\u00a0Conga!\u00a0de Luis Cano (Espacio Callej\u00f3n);\u00a0El cachorro de elefante\u00a0de Bertolt Brecht (El Kafka). Gana en dos oportunidades becas internacionales en Alemania: XIII Edici\u00f3n de los Schillertage en Mannheim y Hospitations Programme otorgado por Instituto Goethe y el Instituto Internacional de Teatro (ITI) en\u00a0Leonce y Lena\u00a0de Georg B\u00fcchner, en el Teatro Maxim Gorki de Berl\u00edn y Schauspielhaus de K\u00f6ln. Tambi\u00e9n gana el concurso INT: Plan regional de capacitaci\u00f3n y desarrollo como docente titular de direcci\u00f3n esc\u00e9nica. Entre sus montajes como directora se destacan:\u00a0Chiquito\u00a0de Luis Cano (La Carbonera);\u00a0El nombre\u00a0de Jon Fosse;\u00a0Greek\u00a0de Steven Berkoff;\u00a0El tiempo abundante de la noche\u00a0(Teatro Nacional Cervantes);\u00a0Camarader\u00eda\u00a0de August Strindberg;\u00a0Muchas felicidades\u00a0de Francisco Urondo (CCC);\u00a0La casa del triciclo\u00a0de Arturo Carrera (CCC);\u00a0Relojero\u00a0de Armando Disc\u00e9polo (CTBA);\u00a0Danza macabra\u00a0de August Strindberg (CTBA);\u00a0Enero\u00a0de Sara Gallardo (El extranjero) Condolencias de Alicia Mu\u00f1oz (Teatro Nacional Cervantes); El vuelo de Basilio de Haroldo Conti (CCC, CCK). Ha participado con sus obras en varias ediciones FIBA, Festival de Rafaela, Festival Iberoamericano. Gana premio Artei a la producci\u00f3n y Vida narrada de Fundaci\u00f3n Williams.\u00a0 Ha recibido numerosas nominaciones en premios ACE, Mar\u00eda Guerrero, tanto como directora como sus espect\u00e1culos e int\u00e9rpretes. Gana ACE como Mejor directora por\u00a0Greek\u00a0y Mejor espect\u00e1culo drama\/comedia dram\u00e1tica por\u00a0Relojero.\u00a0Gana premio Mar\u00eda Guerrero como Mejor directora por\u00a0Greek.<\/p>\n\n\n\n<p><\/p>\n","protected":false},"excerpt":{"rendered":"<p>La excelente actriz Ingrid Pelicori se presenta por 8 \u00fanicas funciones con la obra \u201cYo, Fedra\u201d, de la dramaturga y directora Anal\u00eda Fedra Garc\u00eda. Las funciones re realizar\u00e1n en el Centro Cultural de la Cooperaci\u00f3n, los d\u00edas viernes a partir del 14 de febrero. SINOPSIS Fedra es un abismo. Un misterio. Una mujer madura que [&hellip;]<\/p>\n","protected":false},"author":3,"featured_media":20798,"comment_status":"open","ping_status":"closed","sticky":false,"template":"","format":"standard","meta":{"footnotes":""},"categories":[34,35],"tags":[],"class_list":{"0":"post-20791","1":"post","2":"type-post","3":"status-publish","4":"format-standard","5":"has-post-thumbnail","7":"category-arte","8":"category-teatro"},"yoast_head":"<!-- This site is optimized with the Yoast SEO plugin v27.5 - https:\/\/yoast.com\/product\/yoast-seo-wordpress\/ -->\n<title>YO, FEDRA - Sergio Lapegue<\/title>\n<meta name=\"robots\" content=\"index, follow, max-snippet:-1, max-image-preview:large, max-video-preview:-1\" \/>\n<link rel=\"canonical\" href=\"https:\/\/sergiolapegue.com\/site\/2025\/02\/14\/yo-fedra-2\/\" \/>\n<meta property=\"og:locale\" content=\"es_ES\" \/>\n<meta property=\"og:type\" content=\"article\" \/>\n<meta property=\"og:title\" content=\"YO, FEDRA - Sergio Lapegue\" \/>\n<meta property=\"og:description\" content=\"La excelente actriz Ingrid Pelicori se presenta por 8 \u00fanicas funciones con la obra \u201cYo, Fedra\u201d, de la dramaturga y directora Anal\u00eda Fedra Garc\u00eda. Las funciones re realizar\u00e1n en el Centro Cultural de la Cooperaci\u00f3n, los d\u00edas viernes a partir del 14 de febrero. SINOPSIS Fedra es un abismo. Un misterio. Una mujer madura que [&hellip;]\" \/>\n<meta property=\"og:url\" content=\"https:\/\/sergiolapegue.com\/site\/2025\/02\/14\/yo-fedra-2\/\" \/>\n<meta property=\"og:site_name\" content=\"Sergio Lapegue\" \/>\n<meta property=\"article:publisher\" content=\"https:\/\/facebook.com\/sergiolapegue\" \/>\n<meta property=\"article:author\" content=\"https:\/\/facebook.com\/danielernesto.montana\" \/>\n<meta property=\"article:published_time\" content=\"2025-02-14T04:00:00+00:00\" \/>\n<meta property=\"og:image\" content=\"https:\/\/sergiolapegue.com\/site\/wp-content\/uploads\/2025\/02\/Yo-Fedra.png\" \/>\n\t<meta property=\"og:image:width\" content=\"1199\" \/>\n\t<meta property=\"og:image:height\" content=\"874\" \/>\n\t<meta property=\"og:image:type\" content=\"image\/png\" \/>\n<meta name=\"author\" content=\"Daniel E. Monta\u00f1a\" \/>\n<meta name=\"twitter:card\" content=\"summary_large_image\" \/>\n<meta name=\"twitter:creator\" content=\"@https:\/\/twitter.com\/daner_004\" \/>\n<meta name=\"twitter:site\" content=\"@sergiolapegue\" \/>\n<meta name=\"twitter:label1\" content=\"Escrito por\" \/>\n\t<meta name=\"twitter:data1\" content=\"Daniel E. Monta\u00f1a\" \/>\n\t<meta name=\"twitter:label2\" content=\"Tiempo de lectura\" \/>\n\t<meta name=\"twitter:data2\" content=\"6 minutos\" \/>\n<script type=\"application\/ld+json\" class=\"yoast-schema-graph\">{\"@context\":\"https:\\\/\\\/schema.org\",\"@graph\":[{\"@type\":\"Article\",\"@id\":\"https:\\\/\\\/sergiolapegue.com\\\/site\\\/2025\\\/02\\\/14\\\/yo-fedra-2\\\/#article\",\"isPartOf\":{\"@id\":\"https:\\\/\\\/sergiolapegue.com\\\/site\\\/2025\\\/02\\\/14\\\/yo-fedra-2\\\/\"},\"author\":{\"name\":\"Daniel E. Monta\u00f1a\",\"@id\":\"https:\\\/\\\/sergiolapegue.com\\\/site\\\/#\\\/schema\\\/person\\\/9198e7dbab43c6d74d0fd5399af7c3cd\"},\"headline\":\"YO, FEDRA\",\"datePublished\":\"2025-02-14T04:00:00+00:00\",\"mainEntityOfPage\":{\"@id\":\"https:\\\/\\\/sergiolapegue.com\\\/site\\\/2025\\\/02\\\/14\\\/yo-fedra-2\\\/\"},\"wordCount\":906,\"commentCount\":0,\"publisher\":{\"@id\":\"https:\\\/\\\/sergiolapegue.com\\\/site\\\/#\\\/schema\\\/person\\\/083aeceeb0734cd166779ea6c0551a37\"},\"image\":{\"@id\":\"https:\\\/\\\/sergiolapegue.com\\\/site\\\/2025\\\/02\\\/14\\\/yo-fedra-2\\\/#primaryimage\"},\"thumbnailUrl\":\"https:\\\/\\\/sergiolapegue.com\\\/site\\\/wp-content\\\/uploads\\\/2025\\\/02\\\/Yo-Fedra.png\",\"articleSection\":[\"Arte\",\"Teatro\"],\"inLanguage\":\"es-AR\",\"potentialAction\":[{\"@type\":\"CommentAction\",\"name\":\"Comment\",\"target\":[\"https:\\\/\\\/sergiolapegue.com\\\/site\\\/2025\\\/02\\\/14\\\/yo-fedra-2\\\/#respond\"]}]},{\"@type\":\"WebPage\",\"@id\":\"https:\\\/\\\/sergiolapegue.com\\\/site\\\/2025\\\/02\\\/14\\\/yo-fedra-2\\\/\",\"url\":\"https:\\\/\\\/sergiolapegue.com\\\/site\\\/2025\\\/02\\\/14\\\/yo-fedra-2\\\/\",\"name\":\"YO, FEDRA - Sergio Lapegue\",\"isPartOf\":{\"@id\":\"https:\\\/\\\/sergiolapegue.com\\\/site\\\/#website\"},\"primaryImageOfPage\":{\"@id\":\"https:\\\/\\\/sergiolapegue.com\\\/site\\\/2025\\\/02\\\/14\\\/yo-fedra-2\\\/#primaryimage\"},\"image\":{\"@id\":\"https:\\\/\\\/sergiolapegue.com\\\/site\\\/2025\\\/02\\\/14\\\/yo-fedra-2\\\/#primaryimage\"},\"thumbnailUrl\":\"https:\\\/\\\/sergiolapegue.com\\\/site\\\/wp-content\\\/uploads\\\/2025\\\/02\\\/Yo-Fedra.png\",\"datePublished\":\"2025-02-14T04:00:00+00:00\",\"breadcrumb\":{\"@id\":\"https:\\\/\\\/sergiolapegue.com\\\/site\\\/2025\\\/02\\\/14\\\/yo-fedra-2\\\/#breadcrumb\"},\"inLanguage\":\"es-AR\",\"potentialAction\":[{\"@type\":\"ReadAction\",\"target\":[\"https:\\\/\\\/sergiolapegue.com\\\/site\\\/2025\\\/02\\\/14\\\/yo-fedra-2\\\/\"]}]},{\"@type\":\"ImageObject\",\"inLanguage\":\"es-AR\",\"@id\":\"https:\\\/\\\/sergiolapegue.com\\\/site\\\/2025\\\/02\\\/14\\\/yo-fedra-2\\\/#primaryimage\",\"url\":\"https:\\\/\\\/sergiolapegue.com\\\/site\\\/wp-content\\\/uploads\\\/2025\\\/02\\\/Yo-Fedra.png\",\"contentUrl\":\"https:\\\/\\\/sergiolapegue.com\\\/site\\\/wp-content\\\/uploads\\\/2025\\\/02\\\/Yo-Fedra.png\",\"width\":1199,\"height\":874},{\"@type\":\"BreadcrumbList\",\"@id\":\"https:\\\/\\\/sergiolapegue.com\\\/site\\\/2025\\\/02\\\/14\\\/yo-fedra-2\\\/#breadcrumb\",\"itemListElement\":[{\"@type\":\"ListItem\",\"position\":1,\"name\":\"Inicio\",\"item\":\"https:\\\/\\\/sergiolapegue.com\\\/site\\\/\"},{\"@type\":\"ListItem\",\"position\":2,\"name\":\"YO, FEDRA\"}]},{\"@type\":\"WebSite\",\"@id\":\"https:\\\/\\\/sergiolapegue.com\\\/site\\\/#website\",\"url\":\"https:\\\/\\\/sergiolapegue.com\\\/site\\\/\",\"name\":\"Sergio Lapegue\",\"description\":\"Periodista\",\"publisher\":{\"@id\":\"https:\\\/\\\/sergiolapegue.com\\\/site\\\/#\\\/schema\\\/person\\\/083aeceeb0734cd166779ea6c0551a37\"},\"potentialAction\":[{\"@type\":\"SearchAction\",\"target\":{\"@type\":\"EntryPoint\",\"urlTemplate\":\"https:\\\/\\\/sergiolapegue.com\\\/site\\\/?s={search_term_string}\"},\"query-input\":{\"@type\":\"PropertyValueSpecification\",\"valueRequired\":true,\"valueName\":\"search_term_string\"}}],\"inLanguage\":\"es-AR\"},{\"@type\":[\"Person\",\"Organization\"],\"@id\":\"https:\\\/\\\/sergiolapegue.com\\\/site\\\/#\\\/schema\\\/person\\\/083aeceeb0734cd166779ea6c0551a37\",\"name\":\"Sergio Lapegue\",\"image\":{\"@type\":\"ImageObject\",\"inLanguage\":\"es-AR\",\"@id\":\"https:\\\/\\\/sergiolapegue.com\\\/site\\\/wp-content\\\/uploads\\\/2021\\\/04\\\/logo_header-1.png\",\"url\":\"https:\\\/\\\/sergiolapegue.com\\\/site\\\/wp-content\\\/uploads\\\/2021\\\/04\\\/logo_header-1.png\",\"contentUrl\":\"https:\\\/\\\/sergiolapegue.com\\\/site\\\/wp-content\\\/uploads\\\/2021\\\/04\\\/logo_header-1.png\",\"width\":272,\"height\":90,\"caption\":\"Sergio Lapegue\"},\"logo\":{\"@id\":\"https:\\\/\\\/sergiolapegue.com\\\/site\\\/wp-content\\\/uploads\\\/2021\\\/04\\\/logo_header-1.png\"},\"sameAs\":[\"https:\\\/\\\/facebook.com\\\/sergiolapegue\",\"https:\\\/\\\/instagram.com\\\/sergiolapegue\",\"https:\\\/\\\/x.com\\\/https:\\\/\\\/twitter.com\\\/sergiolapegue\"]},{\"@type\":\"Person\",\"@id\":\"https:\\\/\\\/sergiolapegue.com\\\/site\\\/#\\\/schema\\\/person\\\/9198e7dbab43c6d74d0fd5399af7c3cd\",\"name\":\"Daniel E. Monta\u00f1a\",\"image\":{\"@type\":\"ImageObject\",\"inLanguage\":\"es-AR\",\"@id\":\"https:\\\/\\\/sergiolapegue.com\\\/site\\\/wp-content\\\/uploads\\\/2021\\\/04\\\/sl_avatar_Daniel-150x150.jpg\",\"url\":\"https:\\\/\\\/sergiolapegue.com\\\/site\\\/wp-content\\\/uploads\\\/2021\\\/04\\\/sl_avatar_Daniel-150x150.jpg\",\"contentUrl\":\"https:\\\/\\\/sergiolapegue.com\\\/site\\\/wp-content\\\/uploads\\\/2021\\\/04\\\/sl_avatar_Daniel-150x150.jpg\",\"caption\":\"Daniel E. Monta\u00f1a\"},\"sameAs\":[\"https:\\\/\\\/facebook.com\\\/danielernesto.montana\",\"https:\\\/\\\/instagram.com\\\/daniel_montana1961\",\"https:\\\/\\\/x.com\\\/https:\\\/\\\/twitter.com\\\/daner_004\"],\"url\":\"https:\\\/\\\/sergiolapegue.com\\\/site\\\/author\\\/daniel\\\/\"}]}<\/script>\n<!-- \/ Yoast SEO plugin. -->","yoast_head_json":{"title":"YO, FEDRA - Sergio Lapegue","robots":{"index":"index","follow":"follow","max-snippet":"max-snippet:-1","max-image-preview":"max-image-preview:large","max-video-preview":"max-video-preview:-1"},"canonical":"https:\/\/sergiolapegue.com\/site\/2025\/02\/14\/yo-fedra-2\/","og_locale":"es_ES","og_type":"article","og_title":"YO, FEDRA - Sergio Lapegue","og_description":"La excelente actriz Ingrid Pelicori se presenta por 8 \u00fanicas funciones con la obra \u201cYo, Fedra\u201d, de la dramaturga y directora Anal\u00eda Fedra Garc\u00eda. Las funciones re realizar\u00e1n en el Centro Cultural de la Cooperaci\u00f3n, los d\u00edas viernes a partir del 14 de febrero. SINOPSIS Fedra es un abismo. Un misterio. Una mujer madura que [&hellip;]","og_url":"https:\/\/sergiolapegue.com\/site\/2025\/02\/14\/yo-fedra-2\/","og_site_name":"Sergio Lapegue","article_publisher":"https:\/\/facebook.com\/sergiolapegue","article_author":"https:\/\/facebook.com\/danielernesto.montana","article_published_time":"2025-02-14T04:00:00+00:00","og_image":[{"width":1199,"height":874,"url":"https:\/\/sergiolapegue.com\/site\/wp-content\/uploads\/2025\/02\/Yo-Fedra.png","type":"image\/png"}],"author":"Daniel E. Monta\u00f1a","twitter_card":"summary_large_image","twitter_creator":"@https:\/\/twitter.com\/daner_004","twitter_site":"@sergiolapegue","twitter_misc":{"Escrito por":"Daniel E. Monta\u00f1a","Tiempo de lectura":"6 minutos"},"schema":{"@context":"https:\/\/schema.org","@graph":[{"@type":"Article","@id":"https:\/\/sergiolapegue.com\/site\/2025\/02\/14\/yo-fedra-2\/#article","isPartOf":{"@id":"https:\/\/sergiolapegue.com\/site\/2025\/02\/14\/yo-fedra-2\/"},"author":{"name":"Daniel E. Monta\u00f1a","@id":"https:\/\/sergiolapegue.com\/site\/#\/schema\/person\/9198e7dbab43c6d74d0fd5399af7c3cd"},"headline":"YO, FEDRA","datePublished":"2025-02-14T04:00:00+00:00","mainEntityOfPage":{"@id":"https:\/\/sergiolapegue.com\/site\/2025\/02\/14\/yo-fedra-2\/"},"wordCount":906,"commentCount":0,"publisher":{"@id":"https:\/\/sergiolapegue.com\/site\/#\/schema\/person\/083aeceeb0734cd166779ea6c0551a37"},"image":{"@id":"https:\/\/sergiolapegue.com\/site\/2025\/02\/14\/yo-fedra-2\/#primaryimage"},"thumbnailUrl":"https:\/\/sergiolapegue.com\/site\/wp-content\/uploads\/2025\/02\/Yo-Fedra.png","articleSection":["Arte","Teatro"],"inLanguage":"es-AR","potentialAction":[{"@type":"CommentAction","name":"Comment","target":["https:\/\/sergiolapegue.com\/site\/2025\/02\/14\/yo-fedra-2\/#respond"]}]},{"@type":"WebPage","@id":"https:\/\/sergiolapegue.com\/site\/2025\/02\/14\/yo-fedra-2\/","url":"https:\/\/sergiolapegue.com\/site\/2025\/02\/14\/yo-fedra-2\/","name":"YO, FEDRA - Sergio Lapegue","isPartOf":{"@id":"https:\/\/sergiolapegue.com\/site\/#website"},"primaryImageOfPage":{"@id":"https:\/\/sergiolapegue.com\/site\/2025\/02\/14\/yo-fedra-2\/#primaryimage"},"image":{"@id":"https:\/\/sergiolapegue.com\/site\/2025\/02\/14\/yo-fedra-2\/#primaryimage"},"thumbnailUrl":"https:\/\/sergiolapegue.com\/site\/wp-content\/uploads\/2025\/02\/Yo-Fedra.png","datePublished":"2025-02-14T04:00:00+00:00","breadcrumb":{"@id":"https:\/\/sergiolapegue.com\/site\/2025\/02\/14\/yo-fedra-2\/#breadcrumb"},"inLanguage":"es-AR","potentialAction":[{"@type":"ReadAction","target":["https:\/\/sergiolapegue.com\/site\/2025\/02\/14\/yo-fedra-2\/"]}]},{"@type":"ImageObject","inLanguage":"es-AR","@id":"https:\/\/sergiolapegue.com\/site\/2025\/02\/14\/yo-fedra-2\/#primaryimage","url":"https:\/\/sergiolapegue.com\/site\/wp-content\/uploads\/2025\/02\/Yo-Fedra.png","contentUrl":"https:\/\/sergiolapegue.com\/site\/wp-content\/uploads\/2025\/02\/Yo-Fedra.png","width":1199,"height":874},{"@type":"BreadcrumbList","@id":"https:\/\/sergiolapegue.com\/site\/2025\/02\/14\/yo-fedra-2\/#breadcrumb","itemListElement":[{"@type":"ListItem","position":1,"name":"Inicio","item":"https:\/\/sergiolapegue.com\/site\/"},{"@type":"ListItem","position":2,"name":"YO, FEDRA"}]},{"@type":"WebSite","@id":"https:\/\/sergiolapegue.com\/site\/#website","url":"https:\/\/sergiolapegue.com\/site\/","name":"Sergio Lapegue","description":"Periodista","publisher":{"@id":"https:\/\/sergiolapegue.com\/site\/#\/schema\/person\/083aeceeb0734cd166779ea6c0551a37"},"potentialAction":[{"@type":"SearchAction","target":{"@type":"EntryPoint","urlTemplate":"https:\/\/sergiolapegue.com\/site\/?s={search_term_string}"},"query-input":{"@type":"PropertyValueSpecification","valueRequired":true,"valueName":"search_term_string"}}],"inLanguage":"es-AR"},{"@type":["Person","Organization"],"@id":"https:\/\/sergiolapegue.com\/site\/#\/schema\/person\/083aeceeb0734cd166779ea6c0551a37","name":"Sergio Lapegue","image":{"@type":"ImageObject","inLanguage":"es-AR","@id":"https:\/\/sergiolapegue.com\/site\/wp-content\/uploads\/2021\/04\/logo_header-1.png","url":"https:\/\/sergiolapegue.com\/site\/wp-content\/uploads\/2021\/04\/logo_header-1.png","contentUrl":"https:\/\/sergiolapegue.com\/site\/wp-content\/uploads\/2021\/04\/logo_header-1.png","width":272,"height":90,"caption":"Sergio Lapegue"},"logo":{"@id":"https:\/\/sergiolapegue.com\/site\/wp-content\/uploads\/2021\/04\/logo_header-1.png"},"sameAs":["https:\/\/facebook.com\/sergiolapegue","https:\/\/instagram.com\/sergiolapegue","https:\/\/x.com\/https:\/\/twitter.com\/sergiolapegue"]},{"@type":"Person","@id":"https:\/\/sergiolapegue.com\/site\/#\/schema\/person\/9198e7dbab43c6d74d0fd5399af7c3cd","name":"Daniel E. Monta\u00f1a","image":{"@type":"ImageObject","inLanguage":"es-AR","@id":"https:\/\/sergiolapegue.com\/site\/wp-content\/uploads\/2021\/04\/sl_avatar_Daniel-150x150.jpg","url":"https:\/\/sergiolapegue.com\/site\/wp-content\/uploads\/2021\/04\/sl_avatar_Daniel-150x150.jpg","contentUrl":"https:\/\/sergiolapegue.com\/site\/wp-content\/uploads\/2021\/04\/sl_avatar_Daniel-150x150.jpg","caption":"Daniel E. Monta\u00f1a"},"sameAs":["https:\/\/facebook.com\/danielernesto.montana","https:\/\/instagram.com\/daniel_montana1961","https:\/\/x.com\/https:\/\/twitter.com\/daner_004"],"url":"https:\/\/sergiolapegue.com\/site\/author\/daniel\/"}]}},"_links":{"self":[{"href":"https:\/\/sergiolapegue.com\/site\/wp-json\/wp\/v2\/posts\/20791","targetHints":{"allow":["GET"]}}],"collection":[{"href":"https:\/\/sergiolapegue.com\/site\/wp-json\/wp\/v2\/posts"}],"about":[{"href":"https:\/\/sergiolapegue.com\/site\/wp-json\/wp\/v2\/types\/post"}],"author":[{"embeddable":true,"href":"https:\/\/sergiolapegue.com\/site\/wp-json\/wp\/v2\/users\/3"}],"replies":[{"embeddable":true,"href":"https:\/\/sergiolapegue.com\/site\/wp-json\/wp\/v2\/comments?post=20791"}],"version-history":[{"count":1,"href":"https:\/\/sergiolapegue.com\/site\/wp-json\/wp\/v2\/posts\/20791\/revisions"}],"predecessor-version":[{"id":20799,"href":"https:\/\/sergiolapegue.com\/site\/wp-json\/wp\/v2\/posts\/20791\/revisions\/20799"}],"wp:featuredmedia":[{"embeddable":true,"href":"https:\/\/sergiolapegue.com\/site\/wp-json\/wp\/v2\/media\/20798"}],"wp:attachment":[{"href":"https:\/\/sergiolapegue.com\/site\/wp-json\/wp\/v2\/media?parent=20791"}],"wp:term":[{"taxonomy":"category","embeddable":true,"href":"https:\/\/sergiolapegue.com\/site\/wp-json\/wp\/v2\/categories?post=20791"},{"taxonomy":"post_tag","embeddable":true,"href":"https:\/\/sergiolapegue.com\/site\/wp-json\/wp\/v2\/tags?post=20791"}],"curies":[{"name":"wp","href":"https:\/\/api.w.org\/{rel}","templated":true}]}}