{"id":20722,"date":"2025-02-10T15:25:25","date_gmt":"2025-02-10T18:25:25","guid":{"rendered":"https:\/\/sergiolapegue.com\/site\/?p=20722"},"modified":"2025-02-10T15:25:26","modified_gmt":"2025-02-10T18:25:26","slug":"la-fascinante-historia-de-domingo-cabred-y-su-vinculo-con-lomas","status":"publish","type":"post","link":"https:\/\/sergiolapegue.com\/site\/2025\/02\/10\/la-fascinante-historia-de-domingo-cabred-y-su-vinculo-con-lomas\/","title":{"rendered":"La fascinante historia de Domingo Cabred y su v\u00ednculo con Lomas"},"content":{"rendered":"\n<p>\u00a1Hola de nuevo, queridos amigos de&nbsp;<strong><a href=\"https:\/\/launion.com.ar\/\" target=\"_blank\" rel=\"noreferrer noopener\">La Uni\u00f3n<\/a><\/strong>! Esta semana me gustar\u00eda contarles una historia poco conocida de nuestro municipio. En<strong>&nbsp;<a href=\"https:\/\/launion.com.ar\/nota\/45269\/2025\/02\/otro-refuerzo-bomba-para-el-mercado-de-temperley\" target=\"_blank\" rel=\"noreferrer noopener\">Temperley<\/a><\/strong><a href=\"https:\/\/launion.com.ar\/nota\/45269\/2025\/02\/otro-refuerzo-bomba-para-el-mercado-de-temperley\" target=\"_blank\" rel=\"noreferrer noopener\">,<\/a>&nbsp;cerca del cruce de Pasco (Eva Per\u00f3n) y Almirante Brown, existe una zona llamada<strong>&nbsp;Villa Cabred<\/strong>. Aunque su nombre no es&nbsp;muy popular, su historia es fascinante y merece la pena compartirla con ustedes.&nbsp;<\/p>\n\n\n\n<p>Hace muchos a\u00f1os, en ese mismo lugar donde hoy transitan miles de personas funcion\u00f3 un&nbsp;<strong>hip\u00f3dromo<\/strong>. Pero all\u00ed no solo se realizaban carreras de caballos, sino tambi\u00e9n de motos y autos. El terreno pertenec\u00eda al doctor&nbsp;<strong>Domingo Cabred,&nbsp;<\/strong>un destacado m\u00e9dico conocido&nbsp;en su \u00e9poca como el &#8220;m\u00e9dico de los locos&#8221;. Nacido en Paso de los Libres en 1859, desde su juventud sinti\u00f3 una gran vocaci\u00f3n por ayudar a quienes padec\u00edan enfermedades mentales.&nbsp;<\/p>\n\n\n\n<p><strong>Cabred<\/strong>&nbsp;estudi\u00f3 en la Universidad de Buenos Aires y en 1881 obtuvo su t\u00edtulo de m\u00e9dico con gran reconocimiento acad\u00e9mico. Su tesis doctoral trat\u00f3 sobre la &#8220;locura refleja&#8221;, y su carrera lo llev\u00f3 a convertirse en director del Hospicio de la Merced, profesor titular&nbsp;de psiquiatr\u00eda en la Facultad de Medicina y presidente de la Comisi\u00f3n Asesora de Asilos y Hospitales Regionales. Adem\u00e1s, fue miembro de la Academia de Medicina.&nbsp;<\/p>\n\n\n\n<p>En 1910, el franc\u00e9s<strong>&nbsp;Georges Clemenceau<\/strong>, quien a\u00f1os m\u00e1s tarde ser\u00eda presidente de su pa\u00eds, visit\u00f3 la Colonia de Open Door, fundada por Cabred. Tras recorrerla, coment\u00f3 que ser\u00eda bueno incluir una secci\u00f3n para personas &#8220;cuerdas&#8221;, para que tambi\u00e9n pudieran disfrutar&nbsp;de la vida que all\u00ed se ofrec\u00eda.<\/p>\n\n\n\n<p>Esta colonia, ubicada cerca de Luj\u00e1n, hab\u00eda sido inaugurada en 1901 y marc\u00f3 un antes y un despu\u00e9s en Am\u00e9rica latina. Hasta entonces, los pacientes psiqui\u00e1tricos eran encerrados en celdas y mazmorras, pero en Open Door encontraron&nbsp;un nuevo modelo de tratamiento basado en la vida comunitaria y organizada, lo que representaba una aut\u00e9ntica utop\u00eda para la \u00e9poca.&nbsp;<\/p>\n\n\n\n<p>Gracias a la iniciativa de<strong>&nbsp;Cabred<\/strong>, el 26 de julio de 1926, el Congreso de la Naci\u00f3n aprob\u00f3 la ley 4953, que estableci\u00f3 la Comisi\u00f3n Asesora de Asilos y Hospitales Nacionales. Esta medida buscaba solucionar el grave problema de hacinamiento en los hospitales debido a la falta de infraestructura. Cabred presidi\u00f3 esta comisi\u00f3n hasta su fallecimiento en 1929.<\/p>\n\n\n\n<p>En fin, amigos, rendimos as\u00ed homenaje a este gran m\u00e9dico argentino, un pionero en la psiquiatr\u00eda que dej\u00f3 un legado imborrable. Su nombre sigue vivo en nuestro&nbsp;municipio, donde un barrio de Lomas lleva su nombre en reconocimiento a su labor. Hasta la semana que viene.&nbsp;<\/p>\n\n\n\n<p><strong><em><a href=\"https:\/\/launion.com.ar\/nota\/45304\/2025\/02\/la-fascinante-historia-de-domingo-cabred-y-su-vinculo-con-lomas\" target=\"_blank\" rel=\"noreferrer noopener\">Art\u00edculo publicado en el diario La Uni\u00f3n.-<\/a><\/em><\/strong><\/p>\n","protected":false},"excerpt":{"rendered":"<p>\u00a1Hola de nuevo, queridos amigos de&nbsp;La Uni\u00f3n! Esta semana me gustar\u00eda contarles una historia poco conocida de nuestro municipio. En&nbsp;Temperley,&nbsp;cerca del cruce de Pasco (Eva Per\u00f3n) y Almirante Brown, existe una zona llamada&nbsp;Villa Cabred. Aunque su nombre no es&nbsp;muy popular, su historia es fascinante y merece la pena compartirla con ustedes.&nbsp; Hace muchos a\u00f1os, en [&hellip;]<\/p>\n","protected":false},"author":6,"featured_media":20723,"comment_status":"closed","ping_status":"closed","sticky":false,"template":"","format":"standard","meta":{"footnotes":""},"categories":[1276],"tags":[2262,1323,1277],"class_list":{"0":"post-20722","1":"post","2":"type-post","3":"status-publish","4":"format-standard","5":"has-post-thumbnail","7":"category-de-puno-y-letra-lomas-de-zamora","8":"tag-domingo-cabred","9":"tag-la-union","10":"tag-lomas-de-zamora"},"yoast_head":"<!-- This site is optimized with the Yoast SEO plugin v27.5 - https:\/\/yoast.com\/product\/yoast-seo-wordpress\/ -->\n<title>La fascinante historia de Domingo Cabred y su v\u00ednculo con Lomas - Sergio Lapegue<\/title>\n<meta name=\"description\" content=\"Fue un gran m\u00e9dico argentino, un pionero en la psiquiatr\u00eda que dej\u00f3 un legado imborrable. Su nombre sigue vivo en nuestro municipio.\" \/>\n<meta name=\"robots\" content=\"index, follow, max-snippet:-1, max-image-preview:large, max-video-preview:-1\" \/>\n<link rel=\"canonical\" href=\"https:\/\/sergiolapegue.com\/site\/2025\/02\/10\/la-fascinante-historia-de-domingo-cabred-y-su-vinculo-con-lomas\/\" \/>\n<meta property=\"og:locale\" content=\"es_ES\" \/>\n<meta property=\"og:type\" content=\"article\" \/>\n<meta property=\"og:title\" content=\"La fascinante historia de Domingo Cabred y su v\u00ednculo con Lomas - Sergio Lapegue\" \/>\n<meta property=\"og:description\" content=\"Fue un gran m\u00e9dico argentino, un pionero en la psiquiatr\u00eda que dej\u00f3 un legado imborrable. Su nombre sigue vivo en nuestro municipio.\" \/>\n<meta property=\"og:url\" content=\"https:\/\/sergiolapegue.com\/site\/2025\/02\/10\/la-fascinante-historia-de-domingo-cabred-y-su-vinculo-con-lomas\/\" \/>\n<meta property=\"og:site_name\" content=\"Sergio Lapegue\" \/>\n<meta property=\"article:publisher\" content=\"https:\/\/facebook.com\/sergiolapegue\" \/>\n<meta property=\"article:author\" content=\"https:\/\/facebook.com\/sergiolapegue\" \/>\n<meta property=\"article:published_time\" content=\"2025-02-10T18:25:25+00:00\" \/>\n<meta property=\"article:modified_time\" content=\"2025-02-10T18:25:26+00:00\" \/>\n<meta property=\"og:image\" content=\"https:\/\/sergiolapegue.com\/site\/wp-content\/uploads\/2025\/02\/1118211.webp\" \/>\n\t<meta property=\"og:image:width\" content=\"1000\" \/>\n\t<meta property=\"og:image:height\" content=\"525\" \/>\n\t<meta property=\"og:image:type\" content=\"image\/webp\" \/>\n<meta name=\"author\" content=\"Sergio Lapegue\" \/>\n<meta name=\"twitter:card\" content=\"summary_large_image\" \/>\n<meta name=\"twitter:creator\" content=\"@https:\/\/twitter.com\/sergiolapegue\" \/>\n<meta name=\"twitter:site\" content=\"@sergiolapegue\" \/>\n<meta name=\"twitter:label1\" content=\"Escrito por\" \/>\n\t<meta name=\"twitter:data1\" content=\"Sergio Lapegue\" \/>\n\t<meta name=\"twitter:label2\" content=\"Tiempo de lectura\" \/>\n\t<meta name=\"twitter:data2\" content=\"3 minutos\" \/>\n<script type=\"application\/ld+json\" class=\"yoast-schema-graph\">{\"@context\":\"https:\\\/\\\/schema.org\",\"@graph\":[{\"@type\":\"Article\",\"@id\":\"https:\\\/\\\/sergiolapegue.com\\\/site\\\/2025\\\/02\\\/10\\\/la-fascinante-historia-de-domingo-cabred-y-su-vinculo-con-lomas\\\/#article\",\"isPartOf\":{\"@id\":\"https:\\\/\\\/sergiolapegue.com\\\/site\\\/2025\\\/02\\\/10\\\/la-fascinante-historia-de-domingo-cabred-y-su-vinculo-con-lomas\\\/\"},\"author\":{\"name\":\"Sergio Lapegue\",\"@id\":\"https:\\\/\\\/sergiolapegue.com\\\/site\\\/#\\\/schema\\\/person\\\/083aeceeb0734cd166779ea6c0551a37\"},\"headline\":\"La fascinante historia de Domingo Cabred y su v\u00ednculo con Lomas\",\"datePublished\":\"2025-02-10T18:25:25+00:00\",\"dateModified\":\"2025-02-10T18:25:26+00:00\",\"mainEntityOfPage\":{\"@id\":\"https:\\\/\\\/sergiolapegue.com\\\/site\\\/2025\\\/02\\\/10\\\/la-fascinante-historia-de-domingo-cabred-y-su-vinculo-con-lomas\\\/\"},\"wordCount\":481,\"publisher\":{\"@id\":\"https:\\\/\\\/sergiolapegue.com\\\/site\\\/#\\\/schema\\\/person\\\/083aeceeb0734cd166779ea6c0551a37\"},\"image\":{\"@id\":\"https:\\\/\\\/sergiolapegue.com\\\/site\\\/2025\\\/02\\\/10\\\/la-fascinante-historia-de-domingo-cabred-y-su-vinculo-con-lomas\\\/#primaryimage\"},\"thumbnailUrl\":\"https:\\\/\\\/sergiolapegue.com\\\/site\\\/wp-content\\\/uploads\\\/2025\\\/02\\\/1118211.webp\",\"keywords\":[\"Domingo Cabred\",\"La Uni\u00f3n\",\"Lomas de Zamora\"],\"articleSection\":[\"De Pu\u00f1o y Letra Lomas de Zamora\"],\"inLanguage\":\"es-AR\"},{\"@type\":\"WebPage\",\"@id\":\"https:\\\/\\\/sergiolapegue.com\\\/site\\\/2025\\\/02\\\/10\\\/la-fascinante-historia-de-domingo-cabred-y-su-vinculo-con-lomas\\\/\",\"url\":\"https:\\\/\\\/sergiolapegue.com\\\/site\\\/2025\\\/02\\\/10\\\/la-fascinante-historia-de-domingo-cabred-y-su-vinculo-con-lomas\\\/\",\"name\":\"La fascinante historia de Domingo Cabred y su v\u00ednculo con Lomas - Sergio Lapegue\",\"isPartOf\":{\"@id\":\"https:\\\/\\\/sergiolapegue.com\\\/site\\\/#website\"},\"primaryImageOfPage\":{\"@id\":\"https:\\\/\\\/sergiolapegue.com\\\/site\\\/2025\\\/02\\\/10\\\/la-fascinante-historia-de-domingo-cabred-y-su-vinculo-con-lomas\\\/#primaryimage\"},\"image\":{\"@id\":\"https:\\\/\\\/sergiolapegue.com\\\/site\\\/2025\\\/02\\\/10\\\/la-fascinante-historia-de-domingo-cabred-y-su-vinculo-con-lomas\\\/#primaryimage\"},\"thumbnailUrl\":\"https:\\\/\\\/sergiolapegue.com\\\/site\\\/wp-content\\\/uploads\\\/2025\\\/02\\\/1118211.webp\",\"datePublished\":\"2025-02-10T18:25:25+00:00\",\"dateModified\":\"2025-02-10T18:25:26+00:00\",\"description\":\"Fue un gran m\u00e9dico argentino, un pionero en la psiquiatr\u00eda que dej\u00f3 un legado imborrable. Su nombre sigue vivo en nuestro municipio.\",\"breadcrumb\":{\"@id\":\"https:\\\/\\\/sergiolapegue.com\\\/site\\\/2025\\\/02\\\/10\\\/la-fascinante-historia-de-domingo-cabred-y-su-vinculo-con-lomas\\\/#breadcrumb\"},\"inLanguage\":\"es-AR\",\"potentialAction\":[{\"@type\":\"ReadAction\",\"target\":[\"https:\\\/\\\/sergiolapegue.com\\\/site\\\/2025\\\/02\\\/10\\\/la-fascinante-historia-de-domingo-cabred-y-su-vinculo-con-lomas\\\/\"]}]},{\"@type\":\"ImageObject\",\"inLanguage\":\"es-AR\",\"@id\":\"https:\\\/\\\/sergiolapegue.com\\\/site\\\/2025\\\/02\\\/10\\\/la-fascinante-historia-de-domingo-cabred-y-su-vinculo-con-lomas\\\/#primaryimage\",\"url\":\"https:\\\/\\\/sergiolapegue.com\\\/site\\\/wp-content\\\/uploads\\\/2025\\\/02\\\/1118211.webp\",\"contentUrl\":\"https:\\\/\\\/sergiolapegue.com\\\/site\\\/wp-content\\\/uploads\\\/2025\\\/02\\\/1118211.webp\",\"width\":1000,\"height\":525},{\"@type\":\"BreadcrumbList\",\"@id\":\"https:\\\/\\\/sergiolapegue.com\\\/site\\\/2025\\\/02\\\/10\\\/la-fascinante-historia-de-domingo-cabred-y-su-vinculo-con-lomas\\\/#breadcrumb\",\"itemListElement\":[{\"@type\":\"ListItem\",\"position\":1,\"name\":\"Inicio\",\"item\":\"https:\\\/\\\/sergiolapegue.com\\\/site\\\/\"},{\"@type\":\"ListItem\",\"position\":2,\"name\":\"La fascinante historia de Domingo Cabred y su v\u00ednculo con Lomas\"}]},{\"@type\":\"WebSite\",\"@id\":\"https:\\\/\\\/sergiolapegue.com\\\/site\\\/#website\",\"url\":\"https:\\\/\\\/sergiolapegue.com\\\/site\\\/\",\"name\":\"Sergio Lapegue\",\"description\":\"Periodista\",\"publisher\":{\"@id\":\"https:\\\/\\\/sergiolapegue.com\\\/site\\\/#\\\/schema\\\/person\\\/083aeceeb0734cd166779ea6c0551a37\"},\"potentialAction\":[{\"@type\":\"SearchAction\",\"target\":{\"@type\":\"EntryPoint\",\"urlTemplate\":\"https:\\\/\\\/sergiolapegue.com\\\/site\\\/?s={search_term_string}\"},\"query-input\":{\"@type\":\"PropertyValueSpecification\",\"valueRequired\":true,\"valueName\":\"search_term_string\"}}],\"inLanguage\":\"es-AR\"},{\"@type\":[\"Person\",\"Organization\"],\"@id\":\"https:\\\/\\\/sergiolapegue.com\\\/site\\\/#\\\/schema\\\/person\\\/083aeceeb0734cd166779ea6c0551a37\",\"name\":\"Sergio Lapegue\",\"image\":{\"@type\":\"ImageObject\",\"inLanguage\":\"es-AR\",\"@id\":\"https:\\\/\\\/sergiolapegue.com\\\/site\\\/wp-content\\\/uploads\\\/2021\\\/04\\\/logo_header-1.png\",\"url\":\"https:\\\/\\\/sergiolapegue.com\\\/site\\\/wp-content\\\/uploads\\\/2021\\\/04\\\/logo_header-1.png\",\"contentUrl\":\"https:\\\/\\\/sergiolapegue.com\\\/site\\\/wp-content\\\/uploads\\\/2021\\\/04\\\/logo_header-1.png\",\"width\":272,\"height\":90,\"caption\":\"Sergio Lapegue\"},\"logo\":{\"@id\":\"https:\\\/\\\/sergiolapegue.com\\\/site\\\/wp-content\\\/uploads\\\/2021\\\/04\\\/logo_header-1.png\"},\"sameAs\":[\"https:\\\/\\\/facebook.com\\\/sergiolapegue\",\"https:\\\/\\\/instagram.com\\\/sergiolapegue\",\"https:\\\/\\\/x.com\\\/https:\\\/\\\/twitter.com\\\/sergiolapegue\"],\"url\":\"https:\\\/\\\/sergiolapegue.com\\\/site\\\/author\\\/sergio\\\/\"}]}<\/script>\n<!-- \/ Yoast SEO plugin. -->","yoast_head_json":{"title":"La fascinante historia de Domingo Cabred y su v\u00ednculo con Lomas - Sergio Lapegue","description":"Fue un gran m\u00e9dico argentino, un pionero en la psiquiatr\u00eda que dej\u00f3 un legado imborrable. Su nombre sigue vivo en nuestro municipio.","robots":{"index":"index","follow":"follow","max-snippet":"max-snippet:-1","max-image-preview":"max-image-preview:large","max-video-preview":"max-video-preview:-1"},"canonical":"https:\/\/sergiolapegue.com\/site\/2025\/02\/10\/la-fascinante-historia-de-domingo-cabred-y-su-vinculo-con-lomas\/","og_locale":"es_ES","og_type":"article","og_title":"La fascinante historia de Domingo Cabred y su v\u00ednculo con Lomas - Sergio Lapegue","og_description":"Fue un gran m\u00e9dico argentino, un pionero en la psiquiatr\u00eda que dej\u00f3 un legado imborrable. Su nombre sigue vivo en nuestro municipio.","og_url":"https:\/\/sergiolapegue.com\/site\/2025\/02\/10\/la-fascinante-historia-de-domingo-cabred-y-su-vinculo-con-lomas\/","og_site_name":"Sergio Lapegue","article_publisher":"https:\/\/facebook.com\/sergiolapegue","article_author":"https:\/\/facebook.com\/sergiolapegue","article_published_time":"2025-02-10T18:25:25+00:00","article_modified_time":"2025-02-10T18:25:26+00:00","og_image":[{"width":1000,"height":525,"url":"https:\/\/sergiolapegue.com\/site\/wp-content\/uploads\/2025\/02\/1118211.webp","type":"image\/webp"}],"author":"Sergio Lapegue","twitter_card":"summary_large_image","twitter_creator":"@https:\/\/twitter.com\/sergiolapegue","twitter_site":"@sergiolapegue","twitter_misc":{"Escrito por":"Sergio Lapegue","Tiempo de lectura":"3 minutos"},"schema":{"@context":"https:\/\/schema.org","@graph":[{"@type":"Article","@id":"https:\/\/sergiolapegue.com\/site\/2025\/02\/10\/la-fascinante-historia-de-domingo-cabred-y-su-vinculo-con-lomas\/#article","isPartOf":{"@id":"https:\/\/sergiolapegue.com\/site\/2025\/02\/10\/la-fascinante-historia-de-domingo-cabred-y-su-vinculo-con-lomas\/"},"author":{"name":"Sergio Lapegue","@id":"https:\/\/sergiolapegue.com\/site\/#\/schema\/person\/083aeceeb0734cd166779ea6c0551a37"},"headline":"La fascinante historia de Domingo Cabred y su v\u00ednculo con Lomas","datePublished":"2025-02-10T18:25:25+00:00","dateModified":"2025-02-10T18:25:26+00:00","mainEntityOfPage":{"@id":"https:\/\/sergiolapegue.com\/site\/2025\/02\/10\/la-fascinante-historia-de-domingo-cabred-y-su-vinculo-con-lomas\/"},"wordCount":481,"publisher":{"@id":"https:\/\/sergiolapegue.com\/site\/#\/schema\/person\/083aeceeb0734cd166779ea6c0551a37"},"image":{"@id":"https:\/\/sergiolapegue.com\/site\/2025\/02\/10\/la-fascinante-historia-de-domingo-cabred-y-su-vinculo-con-lomas\/#primaryimage"},"thumbnailUrl":"https:\/\/sergiolapegue.com\/site\/wp-content\/uploads\/2025\/02\/1118211.webp","keywords":["Domingo Cabred","La Uni\u00f3n","Lomas de Zamora"],"articleSection":["De Pu\u00f1o y Letra Lomas de Zamora"],"inLanguage":"es-AR"},{"@type":"WebPage","@id":"https:\/\/sergiolapegue.com\/site\/2025\/02\/10\/la-fascinante-historia-de-domingo-cabred-y-su-vinculo-con-lomas\/","url":"https:\/\/sergiolapegue.com\/site\/2025\/02\/10\/la-fascinante-historia-de-domingo-cabred-y-su-vinculo-con-lomas\/","name":"La fascinante historia de Domingo Cabred y su v\u00ednculo con Lomas - Sergio Lapegue","isPartOf":{"@id":"https:\/\/sergiolapegue.com\/site\/#website"},"primaryImageOfPage":{"@id":"https:\/\/sergiolapegue.com\/site\/2025\/02\/10\/la-fascinante-historia-de-domingo-cabred-y-su-vinculo-con-lomas\/#primaryimage"},"image":{"@id":"https:\/\/sergiolapegue.com\/site\/2025\/02\/10\/la-fascinante-historia-de-domingo-cabred-y-su-vinculo-con-lomas\/#primaryimage"},"thumbnailUrl":"https:\/\/sergiolapegue.com\/site\/wp-content\/uploads\/2025\/02\/1118211.webp","datePublished":"2025-02-10T18:25:25+00:00","dateModified":"2025-02-10T18:25:26+00:00","description":"Fue un gran m\u00e9dico argentino, un pionero en la psiquiatr\u00eda que dej\u00f3 un legado imborrable. Su nombre sigue vivo en nuestro municipio.","breadcrumb":{"@id":"https:\/\/sergiolapegue.com\/site\/2025\/02\/10\/la-fascinante-historia-de-domingo-cabred-y-su-vinculo-con-lomas\/#breadcrumb"},"inLanguage":"es-AR","potentialAction":[{"@type":"ReadAction","target":["https:\/\/sergiolapegue.com\/site\/2025\/02\/10\/la-fascinante-historia-de-domingo-cabred-y-su-vinculo-con-lomas\/"]}]},{"@type":"ImageObject","inLanguage":"es-AR","@id":"https:\/\/sergiolapegue.com\/site\/2025\/02\/10\/la-fascinante-historia-de-domingo-cabred-y-su-vinculo-con-lomas\/#primaryimage","url":"https:\/\/sergiolapegue.com\/site\/wp-content\/uploads\/2025\/02\/1118211.webp","contentUrl":"https:\/\/sergiolapegue.com\/site\/wp-content\/uploads\/2025\/02\/1118211.webp","width":1000,"height":525},{"@type":"BreadcrumbList","@id":"https:\/\/sergiolapegue.com\/site\/2025\/02\/10\/la-fascinante-historia-de-domingo-cabred-y-su-vinculo-con-lomas\/#breadcrumb","itemListElement":[{"@type":"ListItem","position":1,"name":"Inicio","item":"https:\/\/sergiolapegue.com\/site\/"},{"@type":"ListItem","position":2,"name":"La fascinante historia de Domingo Cabred y su v\u00ednculo con Lomas"}]},{"@type":"WebSite","@id":"https:\/\/sergiolapegue.com\/site\/#website","url":"https:\/\/sergiolapegue.com\/site\/","name":"Sergio Lapegue","description":"Periodista","publisher":{"@id":"https:\/\/sergiolapegue.com\/site\/#\/schema\/person\/083aeceeb0734cd166779ea6c0551a37"},"potentialAction":[{"@type":"SearchAction","target":{"@type":"EntryPoint","urlTemplate":"https:\/\/sergiolapegue.com\/site\/?s={search_term_string}"},"query-input":{"@type":"PropertyValueSpecification","valueRequired":true,"valueName":"search_term_string"}}],"inLanguage":"es-AR"},{"@type":["Person","Organization"],"@id":"https:\/\/sergiolapegue.com\/site\/#\/schema\/person\/083aeceeb0734cd166779ea6c0551a37","name":"Sergio Lapegue","image":{"@type":"ImageObject","inLanguage":"es-AR","@id":"https:\/\/sergiolapegue.com\/site\/wp-content\/uploads\/2021\/04\/logo_header-1.png","url":"https:\/\/sergiolapegue.com\/site\/wp-content\/uploads\/2021\/04\/logo_header-1.png","contentUrl":"https:\/\/sergiolapegue.com\/site\/wp-content\/uploads\/2021\/04\/logo_header-1.png","width":272,"height":90,"caption":"Sergio Lapegue"},"logo":{"@id":"https:\/\/sergiolapegue.com\/site\/wp-content\/uploads\/2021\/04\/logo_header-1.png"},"sameAs":["https:\/\/facebook.com\/sergiolapegue","https:\/\/instagram.com\/sergiolapegue","https:\/\/x.com\/https:\/\/twitter.com\/sergiolapegue"],"url":"https:\/\/sergiolapegue.com\/site\/author\/sergio\/"}]}},"_links":{"self":[{"href":"https:\/\/sergiolapegue.com\/site\/wp-json\/wp\/v2\/posts\/20722","targetHints":{"allow":["GET"]}}],"collection":[{"href":"https:\/\/sergiolapegue.com\/site\/wp-json\/wp\/v2\/posts"}],"about":[{"href":"https:\/\/sergiolapegue.com\/site\/wp-json\/wp\/v2\/types\/post"}],"author":[{"embeddable":true,"href":"https:\/\/sergiolapegue.com\/site\/wp-json\/wp\/v2\/users\/6"}],"replies":[{"embeddable":true,"href":"https:\/\/sergiolapegue.com\/site\/wp-json\/wp\/v2\/comments?post=20722"}],"version-history":[{"count":1,"href":"https:\/\/sergiolapegue.com\/site\/wp-json\/wp\/v2\/posts\/20722\/revisions"}],"predecessor-version":[{"id":20724,"href":"https:\/\/sergiolapegue.com\/site\/wp-json\/wp\/v2\/posts\/20722\/revisions\/20724"}],"wp:featuredmedia":[{"embeddable":true,"href":"https:\/\/sergiolapegue.com\/site\/wp-json\/wp\/v2\/media\/20723"}],"wp:attachment":[{"href":"https:\/\/sergiolapegue.com\/site\/wp-json\/wp\/v2\/media?parent=20722"}],"wp:term":[{"taxonomy":"category","embeddable":true,"href":"https:\/\/sergiolapegue.com\/site\/wp-json\/wp\/v2\/categories?post=20722"},{"taxonomy":"post_tag","embeddable":true,"href":"https:\/\/sergiolapegue.com\/site\/wp-json\/wp\/v2\/tags?post=20722"}],"curies":[{"name":"wp","href":"https:\/\/api.w.org\/{rel}","templated":true}]}}