{"id":20667,"date":"2025-02-03T13:00:00","date_gmt":"2025-02-03T16:00:00","guid":{"rendered":"https:\/\/sergiolapegue.com\/site\/?p=20667"},"modified":"2025-02-03T03:03:57","modified_gmt":"2025-02-03T06:03:57","slug":"carlos-vidal-el-balcarceno-cantor-se-presenta-en-mar-del-plata","status":"publish","type":"post","link":"https:\/\/sergiolapegue.com\/site\/2025\/02\/03\/carlos-vidal-el-balcarceno-cantor-se-presenta-en-mar-del-plata\/","title":{"rendered":"CARLOS VIDAL \u201cEL BALCARCE\u00d1O CANTOR\u201d SE PRESENTA EN MAR DEL PLATA"},"content":{"rendered":"\n<p>Carlos Vidal&nbsp;es autor y compositor folcl\u00f3rico y de todos los g\u00e9neros populares y tradicionales argentinos desde hace m\u00e1s de 35 a\u00f1os, &nbsp;adem\u00e1s escribe canciones para diferentes artistas. La m\u00fasica es parte de su vida, la lleva en la sangre, es su pasi\u00f3n.<\/p>\n\n\n\n<p>M\u00e1s all\u00e1 de tener una agenda muy abultada, se est\u00e1 presentando en distintos Festivales con temas tradicionales y canciones de su autor\u00eda.<\/p>\n\n\n\n<figure class=\"wp-block-image size-large\"><img loading=\"lazy\" decoding=\"async\" width=\"768\" height=\"1024\" src=\"https:\/\/sergiolapegue.com\/site\/wp-content\/uploads\/2025\/02\/Balcarceno-Cantor-2-768x1024.jpg\" alt=\"\" class=\"wp-image-20671\" srcset=\"https:\/\/sergiolapegue.com\/site\/wp-content\/uploads\/2025\/02\/Balcarceno-Cantor-2-768x1024.jpg 768w, https:\/\/sergiolapegue.com\/site\/wp-content\/uploads\/2025\/02\/Balcarceno-Cantor-2-225x300.jpg 225w, https:\/\/sergiolapegue.com\/site\/wp-content\/uploads\/2025\/02\/Balcarceno-Cantor-2-1152x1536.jpg 1152w, https:\/\/sergiolapegue.com\/site\/wp-content\/uploads\/2025\/02\/Balcarceno-Cantor-2-315x420.jpg 315w, https:\/\/sergiolapegue.com\/site\/wp-content\/uploads\/2025\/02\/Balcarceno-Cantor-2-696x928.jpg 696w, https:\/\/sergiolapegue.com\/site\/wp-content\/uploads\/2025\/02\/Balcarceno-Cantor-2-1068x1424.jpg 1068w, https:\/\/sergiolapegue.com\/site\/wp-content\/uploads\/2025\/02\/Balcarceno-Cantor-2.jpg 1536w\" sizes=\"auto, (max-width: 768px) 100vw, 768px\" \/><\/figure>\n\n\n\n<p>Por eso queremos contarle a todos los que est\u00e9n veraneando por Mar del Plata y todos los que residen all\u00ed que Carlos Vidal, mas conocido como \u201cEl Balcarce\u00f1o Cantor\u201d realizar\u00e1 el d\u00eda 15 de febrero una presentaci\u00f3n en el Monumento Astor Piazzola totalmente gratuita, donde cantara 12 de sus nuevos temas y el tema \u201cEl Quita Penas\u201d por el cual esta nominado como autor y compositor a los Premios Gardel 2025, la presentaci\u00f3n de este gran cantante ser\u00e1 a partir de las 19:00 horas. &nbsp;<\/p>\n\n\n\n<p>Tuvo el honor de estar con su padrino Art\u00edstico el Chaque\u00f1o Palavecino en Mar del Plata el d\u00eda 25 y 26 d\u00f3nde compartimos un grato momento y en el encuentro charlaron de las canciones que hab\u00eda compuesto y \u00e9l se llev\u00f3 9 temas de su nueva grabaci\u00f3n y adem\u00e1s se llev\u00f3 la grabaci\u00f3n de un tema con una dedicatoria que Carlos Vidal le hizo sobre una nueva versi\u00f3n de la chacarera la Olvidada, un tema de Yupanqui y donde el chaque\u00f1o al escucharla lo felicito porque quedo encantado con la nueva versi\u00f3n realizada. Le agradeci\u00f3 por este homenaje y dedicatoria hacia \u00e9l y le dio su total apoyo, adem\u00e1s le comento sobre toda la gente que le ha dado una mano de una u otra forma. &nbsp;<\/p>\n\n\n\n<figure class=\"wp-block-image size-full\"><img loading=\"lazy\" decoding=\"async\" width=\"960\" height=\"720\" src=\"https:\/\/sergiolapegue.com\/site\/wp-content\/uploads\/2025\/02\/Balcarceno-Cantor-1.jpeg\" alt=\"\" class=\"wp-image-20668\" srcset=\"https:\/\/sergiolapegue.com\/site\/wp-content\/uploads\/2025\/02\/Balcarceno-Cantor-1.jpeg 960w, https:\/\/sergiolapegue.com\/site\/wp-content\/uploads\/2025\/02\/Balcarceno-Cantor-1-300x225.jpeg 300w, https:\/\/sergiolapegue.com\/site\/wp-content\/uploads\/2025\/02\/Balcarceno-Cantor-1-768x576.jpeg 768w, https:\/\/sergiolapegue.com\/site\/wp-content\/uploads\/2025\/02\/Balcarceno-Cantor-1-560x420.jpeg 560w, https:\/\/sergiolapegue.com\/site\/wp-content\/uploads\/2025\/02\/Balcarceno-Cantor-1-80x60.jpeg 80w, https:\/\/sergiolapegue.com\/site\/wp-content\/uploads\/2025\/02\/Balcarceno-Cantor-1-696x522.jpeg 696w\" sizes=\"auto, (max-width: 960px) 100vw, 960px\" \/><\/figure>\n\n\n\n<p>Su padrino art\u00edstico&nbsp;es el \u201cChaque\u00f1o\u201d Palavecino, quien le dio el puntapi\u00e9 con su primer disco \u201cSoy cantor\u201d, adem\u00e1s de ser reconocido por grandes artistas como Polo Rom\u00e1n (exintegrante de los Chalchaleros), Cesar Isella, Yamila Cafrune, Facundo Ram\u00edrez entre tantos otros.<\/p>\n\n\n\n<p>A lo largo de su carrera este Balcarce\u00f1o ha realizado espect\u00e1culos de primer nivel en distintas ciudades de nuestro pa\u00eds ya sea en Teatros, Pe\u00f1as Folcl\u00f3ricas, Festivales y Eventos Solidarios.<\/p>\n\n\n\n<p>Pueden seguirlo en Facebook o Instagram como Balcarce\u00f1o Cantor Carlos Vidal o tambi\u00e9n en YouTube donde podr\u00e1n disfrutar de sus temas y su excelente voz.<\/p>\n\n\n\n<figure class=\"wp-block-image size-large\"><img loading=\"lazy\" decoding=\"async\" width=\"768\" height=\"1024\" src=\"https:\/\/sergiolapegue.com\/site\/wp-content\/uploads\/2025\/02\/Balcarceno-Cantor-3-768x1024.jpg\" alt=\"\" class=\"wp-image-20670\" srcset=\"https:\/\/sergiolapegue.com\/site\/wp-content\/uploads\/2025\/02\/Balcarceno-Cantor-3-768x1024.jpg 768w, https:\/\/sergiolapegue.com\/site\/wp-content\/uploads\/2025\/02\/Balcarceno-Cantor-3-225x300.jpg 225w, https:\/\/sergiolapegue.com\/site\/wp-content\/uploads\/2025\/02\/Balcarceno-Cantor-3-1152x1536.jpg 1152w, https:\/\/sergiolapegue.com\/site\/wp-content\/uploads\/2025\/02\/Balcarceno-Cantor-3-315x420.jpg 315w, https:\/\/sergiolapegue.com\/site\/wp-content\/uploads\/2025\/02\/Balcarceno-Cantor-3-696x928.jpg 696w, https:\/\/sergiolapegue.com\/site\/wp-content\/uploads\/2025\/02\/Balcarceno-Cantor-3-1068x1424.jpg 1068w, https:\/\/sergiolapegue.com\/site\/wp-content\/uploads\/2025\/02\/Balcarceno-Cantor-3.jpg 1536w\" sizes=\"auto, (max-width: 768px) 100vw, 768px\" \/><\/figure>\n\n\n\n<p><strong>MONUMENTO ASTOR PIAZZOLLA (FRENTE AL CASINO CENTRAL)<\/strong><\/p>\n\n\n\n<p>Av. Patricio Peralta Ramos y Belgrano \u2013 Mar del Plata \u2013 Buenos Aires \u2013 Argentina<\/p>\n\n\n\n<p>Entrada: Libre y gratuita<\/p>\n\n\n\n<p>Domingo 15 de Febrero \u2013 19:00 horas<\/p>\n\n\n\n<p>Gracias Carlos Vidal \u201cBalcarce\u00f1o Cantor\u201d por acercarnos toda la informaci\u00f3n sobre la presentaci\u00f3n de las nuevas canciones en el Monumento Astor Piazzolla.<\/p>\n","protected":false},"excerpt":{"rendered":"<p>Carlos Vidal&nbsp;es autor y compositor folcl\u00f3rico y de todos los g\u00e9neros populares y tradicionales argentinos desde hace m\u00e1s de 35 a\u00f1os, &nbsp;adem\u00e1s escribe canciones para diferentes artistas. La m\u00fasica es parte de su vida, la lleva en la sangre, es su pasi\u00f3n. M\u00e1s all\u00e1 de tener una agenda muy abultada, se est\u00e1 presentando en distintos [&hellip;]<\/p>\n","protected":false},"author":3,"featured_media":20669,"comment_status":"open","ping_status":"closed","sticky":false,"template":"","format":"standard","meta":{"footnotes":""},"categories":[34,56],"tags":[],"class_list":{"0":"post-20667","1":"post","2":"type-post","3":"status-publish","4":"format-standard","5":"has-post-thumbnail","7":"category-arte","8":"category-musica"},"yoast_head":"<!-- This site is optimized with the Yoast SEO plugin v27.4 - https:\/\/yoast.com\/product\/yoast-seo-wordpress\/ -->\n<title>CARLOS VIDAL \u201cEL BALCARCE\u00d1O CANTOR\u201d SE PRESENTA EN MAR DEL PLATA - Sergio Lapegue<\/title>\n<meta name=\"robots\" content=\"index, follow, max-snippet:-1, max-image-preview:large, max-video-preview:-1\" \/>\n<link rel=\"canonical\" href=\"https:\/\/sergiolapegue.com\/site\/2025\/02\/03\/carlos-vidal-el-balcarceno-cantor-se-presenta-en-mar-del-plata\/\" \/>\n<meta property=\"og:locale\" content=\"es_ES\" \/>\n<meta property=\"og:type\" content=\"article\" \/>\n<meta property=\"og:title\" content=\"CARLOS VIDAL \u201cEL BALCARCE\u00d1O CANTOR\u201d SE PRESENTA EN MAR DEL PLATA - Sergio Lapegue\" \/>\n<meta property=\"og:description\" content=\"Carlos Vidal&nbsp;es autor y compositor folcl\u00f3rico y de todos los g\u00e9neros populares y tradicionales argentinos desde hace m\u00e1s de 35 a\u00f1os, &nbsp;adem\u00e1s escribe canciones para diferentes artistas. La m\u00fasica es parte de su vida, la lleva en la sangre, es su pasi\u00f3n. M\u00e1s all\u00e1 de tener una agenda muy abultada, se est\u00e1 presentando en distintos [&hellip;]\" \/>\n<meta property=\"og:url\" content=\"https:\/\/sergiolapegue.com\/site\/2025\/02\/03\/carlos-vidal-el-balcarceno-cantor-se-presenta-en-mar-del-plata\/\" \/>\n<meta property=\"og:site_name\" content=\"Sergio Lapegue\" \/>\n<meta property=\"article:publisher\" content=\"https:\/\/facebook.com\/sergiolapegue\" \/>\n<meta property=\"article:author\" content=\"https:\/\/facebook.com\/danielernesto.montana\" \/>\n<meta property=\"article:published_time\" content=\"2025-02-03T16:00:00+00:00\" \/>\n<meta property=\"og:image\" content=\"https:\/\/sergiolapegue.com\/site\/wp-content\/uploads\/2025\/02\/Balcarceno-Cantor.jpeg\" \/>\n\t<meta property=\"og:image:width\" content=\"720\" \/>\n\t<meta property=\"og:image:height\" content=\"532\" \/>\n\t<meta property=\"og:image:type\" content=\"image\/jpeg\" \/>\n<meta name=\"author\" content=\"Daniel E. Monta\u00f1a\" \/>\n<meta name=\"twitter:card\" content=\"summary_large_image\" \/>\n<meta name=\"twitter:creator\" content=\"@https:\/\/twitter.com\/daner_004\" \/>\n<meta name=\"twitter:site\" content=\"@sergiolapegue\" \/>\n<meta name=\"twitter:label1\" content=\"Escrito por\" \/>\n\t<meta name=\"twitter:data1\" content=\"Daniel E. Monta\u00f1a\" \/>\n\t<meta name=\"twitter:label2\" content=\"Tiempo de lectura\" \/>\n\t<meta name=\"twitter:data2\" content=\"3 minutos\" \/>\n<script type=\"application\/ld+json\" class=\"yoast-schema-graph\">{\"@context\":\"https:\\\/\\\/schema.org\",\"@graph\":[{\"@type\":\"Article\",\"@id\":\"https:\\\/\\\/sergiolapegue.com\\\/site\\\/2025\\\/02\\\/03\\\/carlos-vidal-el-balcarceno-cantor-se-presenta-en-mar-del-plata\\\/#article\",\"isPartOf\":{\"@id\":\"https:\\\/\\\/sergiolapegue.com\\\/site\\\/2025\\\/02\\\/03\\\/carlos-vidal-el-balcarceno-cantor-se-presenta-en-mar-del-plata\\\/\"},\"author\":{\"name\":\"Daniel E. Monta\u00f1a\",\"@id\":\"https:\\\/\\\/sergiolapegue.com\\\/site\\\/#\\\/schema\\\/person\\\/9198e7dbab43c6d74d0fd5399af7c3cd\"},\"headline\":\"CARLOS VIDAL \u201cEL BALCARCE\u00d1O CANTOR\u201d SE PRESENTA EN MAR DEL PLATA\",\"datePublished\":\"2025-02-03T16:00:00+00:00\",\"mainEntityOfPage\":{\"@id\":\"https:\\\/\\\/sergiolapegue.com\\\/site\\\/2025\\\/02\\\/03\\\/carlos-vidal-el-balcarceno-cantor-se-presenta-en-mar-del-plata\\\/\"},\"wordCount\":471,\"commentCount\":0,\"publisher\":{\"@id\":\"https:\\\/\\\/sergiolapegue.com\\\/site\\\/#\\\/schema\\\/person\\\/083aeceeb0734cd166779ea6c0551a37\"},\"image\":{\"@id\":\"https:\\\/\\\/sergiolapegue.com\\\/site\\\/2025\\\/02\\\/03\\\/carlos-vidal-el-balcarceno-cantor-se-presenta-en-mar-del-plata\\\/#primaryimage\"},\"thumbnailUrl\":\"https:\\\/\\\/sergiolapegue.com\\\/site\\\/wp-content\\\/uploads\\\/2025\\\/02\\\/Balcarceno-Cantor.jpeg\",\"articleSection\":[\"Arte\",\"M\u00fasica\"],\"inLanguage\":\"es-AR\",\"potentialAction\":[{\"@type\":\"CommentAction\",\"name\":\"Comment\",\"target\":[\"https:\\\/\\\/sergiolapegue.com\\\/site\\\/2025\\\/02\\\/03\\\/carlos-vidal-el-balcarceno-cantor-se-presenta-en-mar-del-plata\\\/#respond\"]}]},{\"@type\":\"WebPage\",\"@id\":\"https:\\\/\\\/sergiolapegue.com\\\/site\\\/2025\\\/02\\\/03\\\/carlos-vidal-el-balcarceno-cantor-se-presenta-en-mar-del-plata\\\/\",\"url\":\"https:\\\/\\\/sergiolapegue.com\\\/site\\\/2025\\\/02\\\/03\\\/carlos-vidal-el-balcarceno-cantor-se-presenta-en-mar-del-plata\\\/\",\"name\":\"CARLOS VIDAL \u201cEL BALCARCE\u00d1O CANTOR\u201d SE PRESENTA EN MAR DEL PLATA - Sergio Lapegue\",\"isPartOf\":{\"@id\":\"https:\\\/\\\/sergiolapegue.com\\\/site\\\/#website\"},\"primaryImageOfPage\":{\"@id\":\"https:\\\/\\\/sergiolapegue.com\\\/site\\\/2025\\\/02\\\/03\\\/carlos-vidal-el-balcarceno-cantor-se-presenta-en-mar-del-plata\\\/#primaryimage\"},\"image\":{\"@id\":\"https:\\\/\\\/sergiolapegue.com\\\/site\\\/2025\\\/02\\\/03\\\/carlos-vidal-el-balcarceno-cantor-se-presenta-en-mar-del-plata\\\/#primaryimage\"},\"thumbnailUrl\":\"https:\\\/\\\/sergiolapegue.com\\\/site\\\/wp-content\\\/uploads\\\/2025\\\/02\\\/Balcarceno-Cantor.jpeg\",\"datePublished\":\"2025-02-03T16:00:00+00:00\",\"breadcrumb\":{\"@id\":\"https:\\\/\\\/sergiolapegue.com\\\/site\\\/2025\\\/02\\\/03\\\/carlos-vidal-el-balcarceno-cantor-se-presenta-en-mar-del-plata\\\/#breadcrumb\"},\"inLanguage\":\"es-AR\",\"potentialAction\":[{\"@type\":\"ReadAction\",\"target\":[\"https:\\\/\\\/sergiolapegue.com\\\/site\\\/2025\\\/02\\\/03\\\/carlos-vidal-el-balcarceno-cantor-se-presenta-en-mar-del-plata\\\/\"]}]},{\"@type\":\"ImageObject\",\"inLanguage\":\"es-AR\",\"@id\":\"https:\\\/\\\/sergiolapegue.com\\\/site\\\/2025\\\/02\\\/03\\\/carlos-vidal-el-balcarceno-cantor-se-presenta-en-mar-del-plata\\\/#primaryimage\",\"url\":\"https:\\\/\\\/sergiolapegue.com\\\/site\\\/wp-content\\\/uploads\\\/2025\\\/02\\\/Balcarceno-Cantor.jpeg\",\"contentUrl\":\"https:\\\/\\\/sergiolapegue.com\\\/site\\\/wp-content\\\/uploads\\\/2025\\\/02\\\/Balcarceno-Cantor.jpeg\",\"width\":720,\"height\":532},{\"@type\":\"BreadcrumbList\",\"@id\":\"https:\\\/\\\/sergiolapegue.com\\\/site\\\/2025\\\/02\\\/03\\\/carlos-vidal-el-balcarceno-cantor-se-presenta-en-mar-del-plata\\\/#breadcrumb\",\"itemListElement\":[{\"@type\":\"ListItem\",\"position\":1,\"name\":\"Inicio\",\"item\":\"https:\\\/\\\/sergiolapegue.com\\\/site\\\/\"},{\"@type\":\"ListItem\",\"position\":2,\"name\":\"CARLOS VIDAL \u201cEL BALCARCE\u00d1O CANTOR\u201d SE PRESENTA EN MAR DEL PLATA\"}]},{\"@type\":\"WebSite\",\"@id\":\"https:\\\/\\\/sergiolapegue.com\\\/site\\\/#website\",\"url\":\"https:\\\/\\\/sergiolapegue.com\\\/site\\\/\",\"name\":\"Sergio Lapegue\",\"description\":\"Periodista\",\"publisher\":{\"@id\":\"https:\\\/\\\/sergiolapegue.com\\\/site\\\/#\\\/schema\\\/person\\\/083aeceeb0734cd166779ea6c0551a37\"},\"potentialAction\":[{\"@type\":\"SearchAction\",\"target\":{\"@type\":\"EntryPoint\",\"urlTemplate\":\"https:\\\/\\\/sergiolapegue.com\\\/site\\\/?s={search_term_string}\"},\"query-input\":{\"@type\":\"PropertyValueSpecification\",\"valueRequired\":true,\"valueName\":\"search_term_string\"}}],\"inLanguage\":\"es-AR\"},{\"@type\":[\"Person\",\"Organization\"],\"@id\":\"https:\\\/\\\/sergiolapegue.com\\\/site\\\/#\\\/schema\\\/person\\\/083aeceeb0734cd166779ea6c0551a37\",\"name\":\"Sergio Lapegue\",\"image\":{\"@type\":\"ImageObject\",\"inLanguage\":\"es-AR\",\"@id\":\"https:\\\/\\\/sergiolapegue.com\\\/site\\\/wp-content\\\/uploads\\\/2021\\\/04\\\/logo_header-1.png\",\"url\":\"https:\\\/\\\/sergiolapegue.com\\\/site\\\/wp-content\\\/uploads\\\/2021\\\/04\\\/logo_header-1.png\",\"contentUrl\":\"https:\\\/\\\/sergiolapegue.com\\\/site\\\/wp-content\\\/uploads\\\/2021\\\/04\\\/logo_header-1.png\",\"width\":272,\"height\":90,\"caption\":\"Sergio Lapegue\"},\"logo\":{\"@id\":\"https:\\\/\\\/sergiolapegue.com\\\/site\\\/wp-content\\\/uploads\\\/2021\\\/04\\\/logo_header-1.png\"},\"sameAs\":[\"https:\\\/\\\/facebook.com\\\/sergiolapegue\",\"https:\\\/\\\/instagram.com\\\/sergiolapegue\",\"https:\\\/\\\/x.com\\\/https:\\\/\\\/twitter.com\\\/sergiolapegue\"]},{\"@type\":\"Person\",\"@id\":\"https:\\\/\\\/sergiolapegue.com\\\/site\\\/#\\\/schema\\\/person\\\/9198e7dbab43c6d74d0fd5399af7c3cd\",\"name\":\"Daniel E. Monta\u00f1a\",\"image\":{\"@type\":\"ImageObject\",\"inLanguage\":\"es-AR\",\"@id\":\"https:\\\/\\\/sergiolapegue.com\\\/site\\\/wp-content\\\/uploads\\\/2021\\\/04\\\/sl_avatar_Daniel-150x150.jpg\",\"url\":\"https:\\\/\\\/sergiolapegue.com\\\/site\\\/wp-content\\\/uploads\\\/2021\\\/04\\\/sl_avatar_Daniel-150x150.jpg\",\"contentUrl\":\"https:\\\/\\\/sergiolapegue.com\\\/site\\\/wp-content\\\/uploads\\\/2021\\\/04\\\/sl_avatar_Daniel-150x150.jpg\",\"caption\":\"Daniel E. Monta\u00f1a\"},\"sameAs\":[\"https:\\\/\\\/facebook.com\\\/danielernesto.montana\",\"https:\\\/\\\/instagram.com\\\/daniel_montana1961\",\"https:\\\/\\\/x.com\\\/https:\\\/\\\/twitter.com\\\/daner_004\"],\"url\":\"https:\\\/\\\/sergiolapegue.com\\\/site\\\/author\\\/daniel\\\/\"}]}<\/script>\n<!-- \/ Yoast SEO plugin. -->","yoast_head_json":{"title":"CARLOS VIDAL \u201cEL BALCARCE\u00d1O CANTOR\u201d SE PRESENTA EN MAR DEL PLATA - Sergio Lapegue","robots":{"index":"index","follow":"follow","max-snippet":"max-snippet:-1","max-image-preview":"max-image-preview:large","max-video-preview":"max-video-preview:-1"},"canonical":"https:\/\/sergiolapegue.com\/site\/2025\/02\/03\/carlos-vidal-el-balcarceno-cantor-se-presenta-en-mar-del-plata\/","og_locale":"es_ES","og_type":"article","og_title":"CARLOS VIDAL \u201cEL BALCARCE\u00d1O CANTOR\u201d SE PRESENTA EN MAR DEL PLATA - Sergio Lapegue","og_description":"Carlos Vidal&nbsp;es autor y compositor folcl\u00f3rico y de todos los g\u00e9neros populares y tradicionales argentinos desde hace m\u00e1s de 35 a\u00f1os, &nbsp;adem\u00e1s escribe canciones para diferentes artistas. La m\u00fasica es parte de su vida, la lleva en la sangre, es su pasi\u00f3n. M\u00e1s all\u00e1 de tener una agenda muy abultada, se est\u00e1 presentando en distintos [&hellip;]","og_url":"https:\/\/sergiolapegue.com\/site\/2025\/02\/03\/carlos-vidal-el-balcarceno-cantor-se-presenta-en-mar-del-plata\/","og_site_name":"Sergio Lapegue","article_publisher":"https:\/\/facebook.com\/sergiolapegue","article_author":"https:\/\/facebook.com\/danielernesto.montana","article_published_time":"2025-02-03T16:00:00+00:00","og_image":[{"width":720,"height":532,"url":"https:\/\/sergiolapegue.com\/site\/wp-content\/uploads\/2025\/02\/Balcarceno-Cantor.jpeg","type":"image\/jpeg"}],"author":"Daniel E. Monta\u00f1a","twitter_card":"summary_large_image","twitter_creator":"@https:\/\/twitter.com\/daner_004","twitter_site":"@sergiolapegue","twitter_misc":{"Escrito por":"Daniel E. Monta\u00f1a","Tiempo de lectura":"3 minutos"},"schema":{"@context":"https:\/\/schema.org","@graph":[{"@type":"Article","@id":"https:\/\/sergiolapegue.com\/site\/2025\/02\/03\/carlos-vidal-el-balcarceno-cantor-se-presenta-en-mar-del-plata\/#article","isPartOf":{"@id":"https:\/\/sergiolapegue.com\/site\/2025\/02\/03\/carlos-vidal-el-balcarceno-cantor-se-presenta-en-mar-del-plata\/"},"author":{"name":"Daniel E. Monta\u00f1a","@id":"https:\/\/sergiolapegue.com\/site\/#\/schema\/person\/9198e7dbab43c6d74d0fd5399af7c3cd"},"headline":"CARLOS VIDAL \u201cEL BALCARCE\u00d1O CANTOR\u201d SE PRESENTA EN MAR DEL PLATA","datePublished":"2025-02-03T16:00:00+00:00","mainEntityOfPage":{"@id":"https:\/\/sergiolapegue.com\/site\/2025\/02\/03\/carlos-vidal-el-balcarceno-cantor-se-presenta-en-mar-del-plata\/"},"wordCount":471,"commentCount":0,"publisher":{"@id":"https:\/\/sergiolapegue.com\/site\/#\/schema\/person\/083aeceeb0734cd166779ea6c0551a37"},"image":{"@id":"https:\/\/sergiolapegue.com\/site\/2025\/02\/03\/carlos-vidal-el-balcarceno-cantor-se-presenta-en-mar-del-plata\/#primaryimage"},"thumbnailUrl":"https:\/\/sergiolapegue.com\/site\/wp-content\/uploads\/2025\/02\/Balcarceno-Cantor.jpeg","articleSection":["Arte","M\u00fasica"],"inLanguage":"es-AR","potentialAction":[{"@type":"CommentAction","name":"Comment","target":["https:\/\/sergiolapegue.com\/site\/2025\/02\/03\/carlos-vidal-el-balcarceno-cantor-se-presenta-en-mar-del-plata\/#respond"]}]},{"@type":"WebPage","@id":"https:\/\/sergiolapegue.com\/site\/2025\/02\/03\/carlos-vidal-el-balcarceno-cantor-se-presenta-en-mar-del-plata\/","url":"https:\/\/sergiolapegue.com\/site\/2025\/02\/03\/carlos-vidal-el-balcarceno-cantor-se-presenta-en-mar-del-plata\/","name":"CARLOS VIDAL \u201cEL BALCARCE\u00d1O CANTOR\u201d SE PRESENTA EN MAR DEL PLATA - Sergio Lapegue","isPartOf":{"@id":"https:\/\/sergiolapegue.com\/site\/#website"},"primaryImageOfPage":{"@id":"https:\/\/sergiolapegue.com\/site\/2025\/02\/03\/carlos-vidal-el-balcarceno-cantor-se-presenta-en-mar-del-plata\/#primaryimage"},"image":{"@id":"https:\/\/sergiolapegue.com\/site\/2025\/02\/03\/carlos-vidal-el-balcarceno-cantor-se-presenta-en-mar-del-plata\/#primaryimage"},"thumbnailUrl":"https:\/\/sergiolapegue.com\/site\/wp-content\/uploads\/2025\/02\/Balcarceno-Cantor.jpeg","datePublished":"2025-02-03T16:00:00+00:00","breadcrumb":{"@id":"https:\/\/sergiolapegue.com\/site\/2025\/02\/03\/carlos-vidal-el-balcarceno-cantor-se-presenta-en-mar-del-plata\/#breadcrumb"},"inLanguage":"es-AR","potentialAction":[{"@type":"ReadAction","target":["https:\/\/sergiolapegue.com\/site\/2025\/02\/03\/carlos-vidal-el-balcarceno-cantor-se-presenta-en-mar-del-plata\/"]}]},{"@type":"ImageObject","inLanguage":"es-AR","@id":"https:\/\/sergiolapegue.com\/site\/2025\/02\/03\/carlos-vidal-el-balcarceno-cantor-se-presenta-en-mar-del-plata\/#primaryimage","url":"https:\/\/sergiolapegue.com\/site\/wp-content\/uploads\/2025\/02\/Balcarceno-Cantor.jpeg","contentUrl":"https:\/\/sergiolapegue.com\/site\/wp-content\/uploads\/2025\/02\/Balcarceno-Cantor.jpeg","width":720,"height":532},{"@type":"BreadcrumbList","@id":"https:\/\/sergiolapegue.com\/site\/2025\/02\/03\/carlos-vidal-el-balcarceno-cantor-se-presenta-en-mar-del-plata\/#breadcrumb","itemListElement":[{"@type":"ListItem","position":1,"name":"Inicio","item":"https:\/\/sergiolapegue.com\/site\/"},{"@type":"ListItem","position":2,"name":"CARLOS VIDAL \u201cEL BALCARCE\u00d1O CANTOR\u201d SE PRESENTA EN MAR DEL PLATA"}]},{"@type":"WebSite","@id":"https:\/\/sergiolapegue.com\/site\/#website","url":"https:\/\/sergiolapegue.com\/site\/","name":"Sergio Lapegue","description":"Periodista","publisher":{"@id":"https:\/\/sergiolapegue.com\/site\/#\/schema\/person\/083aeceeb0734cd166779ea6c0551a37"},"potentialAction":[{"@type":"SearchAction","target":{"@type":"EntryPoint","urlTemplate":"https:\/\/sergiolapegue.com\/site\/?s={search_term_string}"},"query-input":{"@type":"PropertyValueSpecification","valueRequired":true,"valueName":"search_term_string"}}],"inLanguage":"es-AR"},{"@type":["Person","Organization"],"@id":"https:\/\/sergiolapegue.com\/site\/#\/schema\/person\/083aeceeb0734cd166779ea6c0551a37","name":"Sergio Lapegue","image":{"@type":"ImageObject","inLanguage":"es-AR","@id":"https:\/\/sergiolapegue.com\/site\/wp-content\/uploads\/2021\/04\/logo_header-1.png","url":"https:\/\/sergiolapegue.com\/site\/wp-content\/uploads\/2021\/04\/logo_header-1.png","contentUrl":"https:\/\/sergiolapegue.com\/site\/wp-content\/uploads\/2021\/04\/logo_header-1.png","width":272,"height":90,"caption":"Sergio Lapegue"},"logo":{"@id":"https:\/\/sergiolapegue.com\/site\/wp-content\/uploads\/2021\/04\/logo_header-1.png"},"sameAs":["https:\/\/facebook.com\/sergiolapegue","https:\/\/instagram.com\/sergiolapegue","https:\/\/x.com\/https:\/\/twitter.com\/sergiolapegue"]},{"@type":"Person","@id":"https:\/\/sergiolapegue.com\/site\/#\/schema\/person\/9198e7dbab43c6d74d0fd5399af7c3cd","name":"Daniel E. Monta\u00f1a","image":{"@type":"ImageObject","inLanguage":"es-AR","@id":"https:\/\/sergiolapegue.com\/site\/wp-content\/uploads\/2021\/04\/sl_avatar_Daniel-150x150.jpg","url":"https:\/\/sergiolapegue.com\/site\/wp-content\/uploads\/2021\/04\/sl_avatar_Daniel-150x150.jpg","contentUrl":"https:\/\/sergiolapegue.com\/site\/wp-content\/uploads\/2021\/04\/sl_avatar_Daniel-150x150.jpg","caption":"Daniel E. Monta\u00f1a"},"sameAs":["https:\/\/facebook.com\/danielernesto.montana","https:\/\/instagram.com\/daniel_montana1961","https:\/\/x.com\/https:\/\/twitter.com\/daner_004"],"url":"https:\/\/sergiolapegue.com\/site\/author\/daniel\/"}]}},"_links":{"self":[{"href":"https:\/\/sergiolapegue.com\/site\/wp-json\/wp\/v2\/posts\/20667","targetHints":{"allow":["GET"]}}],"collection":[{"href":"https:\/\/sergiolapegue.com\/site\/wp-json\/wp\/v2\/posts"}],"about":[{"href":"https:\/\/sergiolapegue.com\/site\/wp-json\/wp\/v2\/types\/post"}],"author":[{"embeddable":true,"href":"https:\/\/sergiolapegue.com\/site\/wp-json\/wp\/v2\/users\/3"}],"replies":[{"embeddable":true,"href":"https:\/\/sergiolapegue.com\/site\/wp-json\/wp\/v2\/comments?post=20667"}],"version-history":[{"count":1,"href":"https:\/\/sergiolapegue.com\/site\/wp-json\/wp\/v2\/posts\/20667\/revisions"}],"predecessor-version":[{"id":20672,"href":"https:\/\/sergiolapegue.com\/site\/wp-json\/wp\/v2\/posts\/20667\/revisions\/20672"}],"wp:featuredmedia":[{"embeddable":true,"href":"https:\/\/sergiolapegue.com\/site\/wp-json\/wp\/v2\/media\/20669"}],"wp:attachment":[{"href":"https:\/\/sergiolapegue.com\/site\/wp-json\/wp\/v2\/media?parent=20667"}],"wp:term":[{"taxonomy":"category","embeddable":true,"href":"https:\/\/sergiolapegue.com\/site\/wp-json\/wp\/v2\/categories?post=20667"},{"taxonomy":"post_tag","embeddable":true,"href":"https:\/\/sergiolapegue.com\/site\/wp-json\/wp\/v2\/tags?post=20667"}],"curies":[{"name":"wp","href":"https:\/\/api.w.org\/{rel}","templated":true}]}}