{"id":20652,"date":"2025-02-04T01:00:00","date_gmt":"2025-02-04T04:00:00","guid":{"rendered":"https:\/\/sergiolapegue.com\/site\/?p=20652"},"modified":"2025-02-01T02:01:13","modified_gmt":"2025-02-01T05:01:13","slug":"romeo-julieta-2","status":"publish","type":"post","link":"https:\/\/sergiolapegue.com\/site\/2025\/02\/04\/romeo-julieta-2\/","title":{"rendered":"ROMEO &amp; JULIETA"},"content":{"rendered":"\n<p>Por pedido del p\u00fablico y tras el \u00e9xito obtenido la compa\u00f1\u00eda&nbsp;GDBDanza&nbsp;da comienzo a su temporada 2025, en una fecha sumamente especial para los enamorados, conmemorando la historia de amor y lealtad m\u00e1s relevante de todos los tiempos:&nbsp;Romeo &amp; Julieta. La funci\u00f3n tendr\u00e1 lugar en el Teatro Avenida, el 14 de febrero de 2025 a las 20:00 horas.<\/p>\n\n\n\n<p><strong>SINOPSIS<\/strong><br>Revivir una vez m\u00e1s a Romeo y Julieta sabiendo de antemano su fat\u00eddico final significa uno de los desaf\u00edos m\u00e1s importantes para un creador o int\u00e9rprete.<\/p>\n\n\n\n<p>La obra propone no solo el triunfo del amor por sobre las diferencias socio-econ\u00f3mico- culturales e ideol\u00f3gicas sino adem\u00e1s sobre el amor en las distintas relaciones humanas.<\/p>\n\n\n\n<p>Matrimonios por conveniencia, amantes deseados pero no correspondidos, celos intrafamiliares, el v\u00ednculo emocional que se genera entre criados y amos, la amistad, la lealtad, la fe religiosa, la ciencia, la traici\u00f3n y finalmente la revoluci\u00f3n representada en la obra entre la burgues\u00eda y una nobleza arcaica que da origen al movimiento renacentista, todo ello conforma un espect\u00e1culo atrapante cuya finalidad no es \u00fanicamente la del entretenimiento sino tambi\u00e9n el llevarse una reflexi\u00f3n respecto a nuestras conductas cotidianas, a nuestras creencias arraigadas las cuales se repiten c\u00edclicamente en la historia hasta el d\u00eda de hoy y por \u00faltimo, y lo m\u00e1s importante, permitirnos el hecho de emocionarnos al reflejarnos en cualquiera de sus personajes.&nbsp;<\/p>\n\n\n\n<p>Romeo y Julieta es sin duda una de las grandes obras universales.<\/p>\n\n\n\n<p>Si bien en este ballet el guion est\u00e1 basado en la versi\u00f3n de William Shakespeare este cuento o historia tiene antiguos or\u00edgenes conoci\u00e9ndose versiones en la Antigua China, el Imperio Egipcio o las renombradas versiones de Ovidio y Luigi Da Porto.<\/p>\n\n\n\n<p>\u00bfExistieron en la vida real Romeo y Julieta? Si, hasta el d\u00eda de hoy y siempre.<\/p>\n\n\n\n<p><strong>Guido De Benedetti \u2013 GDBdanza \u2013 Director<\/strong><\/p>\n\n\n\n<figure class=\"wp-block-image size-large\"><img loading=\"lazy\" decoding=\"async\" width=\"1024\" height=\"678\" src=\"https:\/\/sergiolapegue.com\/site\/wp-content\/uploads\/2025\/02\/Romeo-y-Julieta-1-1024x678.jpg\" alt=\"\" class=\"wp-image-20653\" srcset=\"https:\/\/sergiolapegue.com\/site\/wp-content\/uploads\/2025\/02\/Romeo-y-Julieta-1-1024x678.jpg 1024w, https:\/\/sergiolapegue.com\/site\/wp-content\/uploads\/2025\/02\/Romeo-y-Julieta-1-300x199.jpg 300w, https:\/\/sergiolapegue.com\/site\/wp-content\/uploads\/2025\/02\/Romeo-y-Julieta-1-768x508.jpg 768w, https:\/\/sergiolapegue.com\/site\/wp-content\/uploads\/2025\/02\/Romeo-y-Julieta-1-1536x1017.jpg 1536w, https:\/\/sergiolapegue.com\/site\/wp-content\/uploads\/2025\/02\/Romeo-y-Julieta-1-2048x1356.jpg 2048w, https:\/\/sergiolapegue.com\/site\/wp-content\/uploads\/2025\/02\/Romeo-y-Julieta-1-635x420.jpg 635w, https:\/\/sergiolapegue.com\/site\/wp-content\/uploads\/2025\/02\/Romeo-y-Julieta-1-696x461.jpg 696w, https:\/\/sergiolapegue.com\/site\/wp-content\/uploads\/2025\/02\/Romeo-y-Julieta-1-1068x707.jpg 1068w, https:\/\/sergiolapegue.com\/site\/wp-content\/uploads\/2025\/02\/Romeo-y-Julieta-1-1920x1271.jpg 1920w\" sizes=\"auto, (max-width: 1024px) 100vw, 1024px\" \/><\/figure>\n\n\n\n<p><strong>FICHA T\u00c9CNICA DEL ESPECT\u00c1CULO<\/strong><\/p>\n\n\n\n<p><strong>Coreograf\u00eda, dise\u00f1o de luces y escenograf\u00eda:<\/strong> Guido De Benedetti<\/p>\n\n\n\n<p><strong>M\u00fasica:<\/strong> Sergei Prokofiev<\/p>\n\n\n\n<p><strong>Argumento:<\/strong> William Shakespeare<\/p>\n\n\n\n<p><strong>Producci\u00f3n en vestuario y utiler\u00eda:<\/strong> Teatro Col\u00f3n de Buenos Aires&#8221;<\/p>\n\n\n\n<p><strong>Fotograf\u00eda:<\/strong> Carlos Villamayor<\/p>\n\n\n\n<p><strong>Dise\u00f1o Gr\u00e1fico y Web:<\/strong> V\u00edctor Mir\u00f3<\/p>\n\n\n\n<p><strong>Videos:<\/strong> Carolina Jaureguiberry<\/p>\n\n\n\n<p><strong>Producci\u00f3n Ejecutiva:<\/strong> In\u00e9s Recanatti<\/p>\n\n\n\n<p><strong>Maestros y ensayistas:<\/strong> Liliana Belfiore , \u00c1ngel G\u00f3mez, Mari\u00e1ngeles D\u00edaz, Juan Andrenacci<br><strong>Direcci\u00f3n General:<\/strong> Guido De Benedetti<\/p>\n\n\n\n<p><strong>TEATRO AVENIDA<\/strong><\/p>\n\n\n\n<p>Av. de Mayo 1222 \u2013 Capital Federal \u2013 Buenos Aires \u2013 Argentina<\/p>\n\n\n\n<p>Tel\u00e9fono: 4381-0662<\/p>\n\n\n\n<p>Web: <a href=\"https:\/\/teatroavenida.com\">https:\/\/teatroavenida.com<\/a><\/p>\n\n\n\n<p>Entradas: Desde $ 9.000 a $ 28.000 \u2013 en boleter\u00eda del teatro o por Ticketek<\/p>\n\n\n\n<p>\u00a0\u00a0\u00a0\u00a0\u00a0\u00a0\u00a0\u00a0\u00a0\u00a0\u00a0\u00a0 \u00a0 20% de descuento a Jubilados y Estudiantes<\/p>\n\n\n\n<p>Funci\u00f3n: Viernes 14 de Febrero \u2013 20:00 horas<\/p>\n\n\n\n<p>Gracias Marcela N\u00fa\u00f1ez por acercarnos la gacetilla de prensa de la nueva temporada 2025 de la Compa\u00f1\u00eda GDBDanza.<\/p>\n\n\n\n<figure class=\"wp-block-image size-large is-resized\"><img loading=\"lazy\" decoding=\"async\" width=\"683\" height=\"1024\" src=\"https:\/\/sergiolapegue.com\/site\/wp-content\/uploads\/2025\/02\/Romeo-y-Julieta-Guido-de-Benedetti-Retrato-683x1024.jpg\" alt=\"\" class=\"wp-image-20654\" style=\"width:339px;height:auto\" srcset=\"https:\/\/sergiolapegue.com\/site\/wp-content\/uploads\/2025\/02\/Romeo-y-Julieta-Guido-de-Benedetti-Retrato-683x1024.jpg 683w, https:\/\/sergiolapegue.com\/site\/wp-content\/uploads\/2025\/02\/Romeo-y-Julieta-Guido-de-Benedetti-Retrato-200x300.jpg 200w, https:\/\/sergiolapegue.com\/site\/wp-content\/uploads\/2025\/02\/Romeo-y-Julieta-Guido-de-Benedetti-Retrato-768x1152.jpg 768w, https:\/\/sergiolapegue.com\/site\/wp-content\/uploads\/2025\/02\/Romeo-y-Julieta-Guido-de-Benedetti-Retrato-280x420.jpg 280w, https:\/\/sergiolapegue.com\/site\/wp-content\/uploads\/2025\/02\/Romeo-y-Julieta-Guido-de-Benedetti-Retrato-696x1044.jpg 696w, https:\/\/sergiolapegue.com\/site\/wp-content\/uploads\/2025\/02\/Romeo-y-Julieta-Guido-de-Benedetti-Retrato.jpg 800w\" sizes=\"auto, (max-width: 683px) 100vw, 683px\" \/><\/figure>\n\n\n\n<p><strong>GUIDO DE BENEDETTI<\/strong><\/p>\n\n\n\n<p>\u00b7 Primera figura del Ballet Estable del Teatro Col\u00f3n desde el a\u00f1o 1977 hasta el a\u00f1o 1999.<br>\u00b7 A los 15 a\u00f1os ingresa como Refuerzo del Cuerpo de Baile bailando en calidad de solista \u201cBolero\u201d de Bejart con Maya Plisetskaya.<\/p>\n\n\n\n<p>\u00b7 1977 fue declarado \u201cArtista Revelaci\u00f3n\u201d por el Diario La Naci\u00f3n y Revista Arte.<\/p>\n\n\n\n<p>\u00b7 Fue Partenaire de: Eleonora Cassano, Raquel Rosetti, Maya Plisetskaya, Liliana Belfiore, Cinthya Gregory, Sasha Gosic, Eva Evdokimova, Ludmila Semenyaka, Elisabetta Terabust, Gabriela Pucci, Alessandra Ferri, Silvia Bazilis, Alicia Quadri, Lidia Segni, Violeta Janeiro, Didi Carli, Gabriela Alberti, Silvina Perillo, Cecilia Menguelle, Lila Flores, Adriana Alventosa.<\/p>\n\n\n\n<p>\u00b7 Fue Co-Protagonista con Vladimir Vasiliev, Ekatherina Maximova, Gordeiev, Julio Bocca, Nadieshna Pavlova, Rusimatov, Maximiliano Guerra entre muchos otros.<\/p>\n\n\n\n<p>\u00b7 1984 core\u00f3grafo con la Compa\u00f1\u00eda \u201cBallet Concierto\u201d dirigida por Liliana Belfiore para la creaci\u00f3n de la primera edici\u00f3n de \u201cLa Noche de los Museos\u201d con transmisi\u00f3n en vivo por aquel entonces llamado ATC.<\/p>\n\n\n\n<p>\u00b7 Participa como core\u00f3grafo y bailar\u00edn junto a Liliana Belfiore en la Pel\u00edcula \u00a8Tango Bar\u201d protagonizada por Ra\u00fal Julia, Rub\u00e9n Ju\u00e1rez y Valeria Lynch con m\u00fasica de Atilio Stampone.<br>\u00b7 1989 bail\u00f3 Lago de los Cisnes en la reapertura del Teatro Col\u00f3n.<\/p>\n\n\n\n<p>\u00b7 1992 protagoniza la Serie Televisiva \u201cLocos de los Pies a la Cabeza\u201d dirigida por Rodolfo Ledo junto a Ricardo Passano, Guido Gatti, Alberto Favero y Raquel Rosetti.<\/p>\n\n\n\n<p>\u00b71993 bail\u00f3 junto a Eleonora Cassano en los festejos por los 10 a\u00f1os de la Democracia en la funci\u00f3n oficial de Presidencia siendo los anfitriones Ra\u00fal Alfons\u00edn y Carlos Sa\u00fal Menem.<\/p>\n\n\n\n<p>\u00b7 Director del Ballet Estable del Teatro Col\u00f3n en la Temporada 2000\/2001 Dirigiendo los festejos de Cambio de Siglo, reponiendo obras de George Balanchine, Rudolf Nureyev, Roland Petit, Oscar Araiz, John Burns, entre otros y coreografiando para la Compa\u00f1\u00eda el Ballet Estancia de Ginastera.<\/p>\n\n\n\n<p>\u00b7 Director De La Danza a cargo del Ballet Estable del Teatro Col\u00f3n en el a\u00f1o 2008\/2009 realizando los festejos por los 100 a\u00f1os del Teatro Col\u00f3n.<\/p>\n\n\n\n<p>\u00b7 2010 es premiado por UNESCO\/Paris como Mejor Director y Productor de Espect\u00e1culos Coreogr\u00e1ficos de Latinoam\u00e9rica.<\/p>\n\n\n\n<p>\u00b7 2012 fue declarado \u201cVecino Destacado de la Cultura\u201d por la Provincia de Buenos Aires.<br>\u00b7 Core\u00f3grafo del Ballet Estable del Teatro Col\u00f3n para los festejos del Bicentenario de La Patria en el 9 de julio de 2016 con transmisi\u00f3n internacional en vivo.<\/p>\n\n\n\n<p>\u00b7 Desde el a\u00f1o 2000 hasta la fecha es Presidente de la Asociaci\u00f3n Arte XXI.<\/p>\n\n\n\n<p>\u00b7 En el a\u00f1o 2019 es nombrado Vocal de la Asociaci\u00f3n Danzar por la Paz (UNICEF) hasta la fecha.<\/p>\n\n\n\n<p>\u00b7 Dirigi\u00f3 las siguientes compa\u00f1\u00edas:&nbsp;<\/p>\n\n\n\n<p>Director Art\u00edstico: \u201cBallet Concierto\u201d a\u00f1o 1982-1987<\/p>\n\n\n\n<p>Director: \u201cBallet Estable Teatro Col\u00f3n\u201d 2000-2001<\/p>\n\n\n\n<p>Director Ejecutivo y Maestro: \u201cBallet Estable Teatro Argentino de La Plata\u201d 2002 \u2013 2004<\/p>\n\n\n\n<p>Director Art\u00edstico y de La Danza: \u201cTeatro Col\u00f3n\u201d 2008-2009<\/p>\n\n\n\n<p>Director General, Core\u00f3grafo y Productor: \u201cBallet Neocl\u00e1sico de Buenos Aires\u201d 1996 \u2013 2 009<\/p>\n\n\n\n<p>Director General, Core\u00f3grafo y Productor: \u201cGDBdanza\u201d 2012-hasta la actualidad<\/p>\n\n\n\n<p>Director, Core\u00f3grafo y Productor: \u201cCDA\u201d 2018-2019<\/p>\n\n\n\n<p>En el a\u00f1o 2025 se destacar\u00e1n los protag\u00f3nicos de dos grandes promesas de la danza a nivel nacional. Ellas son:<\/p>\n\n\n\n<figure class=\"wp-block-image size-large is-resized\"><img loading=\"lazy\" decoding=\"async\" width=\"728\" height=\"1024\" src=\"https:\/\/sergiolapegue.com\/site\/wp-content\/uploads\/2025\/02\/Romeo-y-Julieta-Txaro-Manen-728x1024.jpg\" alt=\"\" class=\"wp-image-20655\" style=\"width:338px;height:auto\" srcset=\"https:\/\/sergiolapegue.com\/site\/wp-content\/uploads\/2025\/02\/Romeo-y-Julieta-Txaro-Manen-728x1024.jpg 728w, https:\/\/sergiolapegue.com\/site\/wp-content\/uploads\/2025\/02\/Romeo-y-Julieta-Txaro-Manen-213x300.jpg 213w, https:\/\/sergiolapegue.com\/site\/wp-content\/uploads\/2025\/02\/Romeo-y-Julieta-Txaro-Manen-768x1080.jpg 768w, https:\/\/sergiolapegue.com\/site\/wp-content\/uploads\/2025\/02\/Romeo-y-Julieta-Txaro-Manen-1093x1536.jpg 1093w, https:\/\/sergiolapegue.com\/site\/wp-content\/uploads\/2025\/02\/Romeo-y-Julieta-Txaro-Manen-1457x2048.jpg 1457w, https:\/\/sergiolapegue.com\/site\/wp-content\/uploads\/2025\/02\/Romeo-y-Julieta-Txaro-Manen-299x420.jpg 299w, https:\/\/sergiolapegue.com\/site\/wp-content\/uploads\/2025\/02\/Romeo-y-Julieta-Txaro-Manen-696x978.jpg 696w, https:\/\/sergiolapegue.com\/site\/wp-content\/uploads\/2025\/02\/Romeo-y-Julieta-Txaro-Manen-1068x1501.jpg 1068w, https:\/\/sergiolapegue.com\/site\/wp-content\/uploads\/2025\/02\/Romeo-y-Julieta-Txaro-Manen-scaled.jpg 1821w\" sizes=\"auto, (max-width: 728px) 100vw, 728px\" \/><\/figure>\n\n\n\n<p><strong>TXARO MAN\u00c9N<\/strong><\/p>\n\n\n\n<p><strong>Bailarina Contratada Ballet Estable del Teatro Col\u00f3n<\/strong><\/p>\n\n\n\n<p>\u201cLa Bayadera\u201d (Pas de Action, Vals, Acto de las Sombras).<\/p>\n\n\n\n<p>\u201cSuite en blanc\u201d<\/p>\n\n\n\n<p>\u201cBolero X\u201d.<\/p>\n\n\n\n<p>\u201cGiselle\u201d<\/p>\n\n\n\n<p>\u201cLa Bella Durmiente del Bosque\u201d.<\/p>\n\n\n\n<p>\u201cBaile de Graduados\u201d (Mejor alumna) ISATC.<\/p>\n\n\n\n<p>\u201cLago de los Cisnes\u201d (Ballet estable).<\/p>\n\n\n\n<p>\u201cLa Fierecilla Domada\u201d (ISATC)<\/p>\n\n\n\n<p>\u201cSue\u00f1o de una Noche de Verano\u201d (Hermia).<\/p>\n\n\n\n<p>\u201cBodas de Aurora\u201d (Hada Elocuencia, Hada del Canto).<\/p>\n\n\n\n<p>\u201cBaile de Graduados\u201d (Mejor alumna).<\/p>\n\n\n\n<p>Compa\u00f1\u00eda GDBdanza<\/p>\n\n\n\n<p>\u201cRomeo y Julieta\u201d (Julieta).<\/p>\n\n\n\n<p>\u201cCenicienta, Un Cuento que no es Cuento\u201d (Cenicienta).<\/p>\n\n\n\n<p><strong>BALLET RUSO DEL TEATRO EL C\u00cdRCULO DE ROSARIO.<\/strong><\/p>\n\n\n\n<p>\u201cDon Quijote\u201d (Amigas de Kitri, Reina de Dr\u00edades).<\/p>\n\n\n\n<p>Pas de Deux de: \u201cLa Sylphide\u201d, \u201cEl Corsario\u201d, \u201cSatanella\u201d, \u201cPas d\u2019Esclave\u201d, \u201cGioconda\u201d (Amanecer). \u201cLlamas de Par\u00eds\u201d. \u201cEl despertar de Flora\u201d<\/p>\n\n\n\n<p><strong>NUOVO BALLETTO CLASSICO<\/strong>&nbsp;(Italia y Alemania)<\/p>\n\n\n\n<p>\u201cLago de los Cisnes\u201d (Solista).<\/p>\n\n\n\n<p>\u201cCascanueces\u201d (Solista).<\/p>\n\n\n\n<figure class=\"wp-block-image size-large is-resized\"><img loading=\"lazy\" decoding=\"async\" width=\"1001\" height=\"1024\" src=\"https:\/\/sergiolapegue.com\/site\/wp-content\/uploads\/2025\/02\/Romeo-y-Julieta-Paloma-Ramirez-1001x1024.jpg\" alt=\"\" class=\"wp-image-20656\" style=\"width:338px;height:auto\" srcset=\"https:\/\/sergiolapegue.com\/site\/wp-content\/uploads\/2025\/02\/Romeo-y-Julieta-Paloma-Ramirez-1001x1024.jpg 1001w, https:\/\/sergiolapegue.com\/site\/wp-content\/uploads\/2025\/02\/Romeo-y-Julieta-Paloma-Ramirez-293x300.jpg 293w, https:\/\/sergiolapegue.com\/site\/wp-content\/uploads\/2025\/02\/Romeo-y-Julieta-Paloma-Ramirez-768x785.jpg 768w, https:\/\/sergiolapegue.com\/site\/wp-content\/uploads\/2025\/02\/Romeo-y-Julieta-Paloma-Ramirez-1502x1536.jpg 1502w, https:\/\/sergiolapegue.com\/site\/wp-content\/uploads\/2025\/02\/Romeo-y-Julieta-Paloma-Ramirez-2003x2048.jpg 2003w, https:\/\/sergiolapegue.com\/site\/wp-content\/uploads\/2025\/02\/Romeo-y-Julieta-Paloma-Ramirez-411x420.jpg 411w, https:\/\/sergiolapegue.com\/site\/wp-content\/uploads\/2025\/02\/Romeo-y-Julieta-Paloma-Ramirez-696x712.jpg 696w, https:\/\/sergiolapegue.com\/site\/wp-content\/uploads\/2025\/02\/Romeo-y-Julieta-Paloma-Ramirez-1068x1092.jpg 1068w, https:\/\/sergiolapegue.com\/site\/wp-content\/uploads\/2025\/02\/Romeo-y-Julieta-Paloma-Ramirez-1920x1963.jpg 1920w\" sizes=\"auto, (max-width: 1001px) 100vw, 1001px\" \/><\/figure>\n\n\n\n<p><strong>PALOMA RAMIREZ<\/strong><\/p>\n\n\n\n<p>2024 Contrato: Ballet Estable del Teatro Col\u00f3n Compa\u00f1\u00eda \u201cGDB Danza\u201d (Guido Benedetti).<br>2023 Contrato: Ballet Estable del Teatro Col\u00f3n.<\/p>\n\n\n\n<p>2021 \u2013 2022: Solista en CIA Paulista de Dan\u00e7as Adriana Assaf (Brasil). Ballet Beyond Borders, LA, USA. (Grand Pas de Deux, Don Quijote &#8211; Tanguera. Don Quijote. Ballet Vera Bublitz, Porto Alegre, Brasil: Mercedes<\/p>\n\n\n\n<p>2021 Contrato: English National Ballet: El Cascanueces.<\/p>\n\n\n\n<p>2019 Prix de Lausanne (Suiza).<\/p>\n\n\n\n<p>2018 Primer Lugar: Pre-Selecci\u00f3n, Prix de Lausanne (Brasil).<\/p>\n\n\n\n<p>2015 Segundo Lugar Festival de Dan\u00e7as de Joinville (Brasil).<\/p>\n\n\n\n<p>2014 YAGP New York City Finals (USA). Primer Lugar Selectiva YAGP<\/p>\n\n\n\n<p>2014 (Argentina). Premio Revelaci\u00f3n y Medalla de Oro Danzam\u00e9rica (Argentina).<\/p>\n\n\n\n<p><\/p>\n","protected":false},"excerpt":{"rendered":"<p>Por pedido del p\u00fablico y tras el \u00e9xito obtenido la compa\u00f1\u00eda&nbsp;GDBDanza&nbsp;da comienzo a su temporada 2025, en una fecha sumamente especial para los enamorados, conmemorando la historia de amor y lealtad m\u00e1s relevante de todos los tiempos:&nbsp;Romeo &amp; Julieta. La funci\u00f3n tendr\u00e1 lugar en el Teatro Avenida, el 14 de febrero de 2025 a las [&hellip;]<\/p>\n","protected":false},"author":3,"featured_media":20657,"comment_status":"open","ping_status":"closed","sticky":false,"template":"","format":"standard","meta":{"footnotes":""},"categories":[34,35],"tags":[],"class_list":{"0":"post-20652","1":"post","2":"type-post","3":"status-publish","4":"format-standard","5":"has-post-thumbnail","7":"category-arte","8":"category-teatro"},"yoast_head":"<!-- This site is optimized with the Yoast SEO plugin v27.4 - https:\/\/yoast.com\/product\/yoast-seo-wordpress\/ -->\n<title>ROMEO &amp; JULIETA - Sergio Lapegue<\/title>\n<meta name=\"robots\" content=\"index, follow, max-snippet:-1, max-image-preview:large, max-video-preview:-1\" \/>\n<link rel=\"canonical\" href=\"https:\/\/sergiolapegue.com\/site\/2025\/02\/04\/romeo-julieta-2\/\" \/>\n<meta property=\"og:locale\" content=\"es_ES\" \/>\n<meta property=\"og:type\" content=\"article\" \/>\n<meta property=\"og:title\" content=\"ROMEO &amp; JULIETA - Sergio Lapegue\" \/>\n<meta property=\"og:description\" content=\"Por pedido del p\u00fablico y tras el \u00e9xito obtenido la compa\u00f1\u00eda&nbsp;GDBDanza&nbsp;da comienzo a su temporada 2025, en una fecha sumamente especial para los enamorados, conmemorando la historia de amor y lealtad m\u00e1s relevante de todos los tiempos:&nbsp;Romeo &amp; Julieta. La funci\u00f3n tendr\u00e1 lugar en el Teatro Avenida, el 14 de febrero de 2025 a las [&hellip;]\" \/>\n<meta property=\"og:url\" content=\"https:\/\/sergiolapegue.com\/site\/2025\/02\/04\/romeo-julieta-2\/\" \/>\n<meta property=\"og:site_name\" content=\"Sergio Lapegue\" \/>\n<meta property=\"article:publisher\" content=\"https:\/\/facebook.com\/sergiolapegue\" \/>\n<meta property=\"article:author\" content=\"https:\/\/facebook.com\/danielernesto.montana\" \/>\n<meta property=\"article:published_time\" content=\"2025-02-04T04:00:00+00:00\" \/>\n<meta property=\"og:image\" content=\"https:\/\/sergiolapegue.com\/site\/wp-content\/uploads\/2025\/02\/Romeo-y-Julieta.jpeg\" \/>\n\t<meta property=\"og:image:width\" content=\"642\" \/>\n\t<meta property=\"og:image:height\" content=\"750\" \/>\n\t<meta property=\"og:image:type\" content=\"image\/jpeg\" \/>\n<meta name=\"author\" content=\"Daniel E. Monta\u00f1a\" \/>\n<meta name=\"twitter:card\" content=\"summary_large_image\" \/>\n<meta name=\"twitter:creator\" content=\"@https:\/\/twitter.com\/daner_004\" \/>\n<meta name=\"twitter:site\" content=\"@sergiolapegue\" \/>\n<meta name=\"twitter:label1\" content=\"Escrito por\" \/>\n\t<meta name=\"twitter:data1\" content=\"Daniel E. Monta\u00f1a\" \/>\n\t<meta name=\"twitter:label2\" content=\"Tiempo de lectura\" \/>\n\t<meta name=\"twitter:data2\" content=\"7 minutos\" \/>\n<script type=\"application\/ld+json\" class=\"yoast-schema-graph\">{\"@context\":\"https:\\\/\\\/schema.org\",\"@graph\":[{\"@type\":\"Article\",\"@id\":\"https:\\\/\\\/sergiolapegue.com\\\/site\\\/2025\\\/02\\\/04\\\/romeo-julieta-2\\\/#article\",\"isPartOf\":{\"@id\":\"https:\\\/\\\/sergiolapegue.com\\\/site\\\/2025\\\/02\\\/04\\\/romeo-julieta-2\\\/\"},\"author\":{\"name\":\"Daniel E. Monta\u00f1a\",\"@id\":\"https:\\\/\\\/sergiolapegue.com\\\/site\\\/#\\\/schema\\\/person\\\/9198e7dbab43c6d74d0fd5399af7c3cd\"},\"headline\":\"ROMEO &amp; JULIETA\",\"datePublished\":\"2025-02-04T04:00:00+00:00\",\"mainEntityOfPage\":{\"@id\":\"https:\\\/\\\/sergiolapegue.com\\\/site\\\/2025\\\/02\\\/04\\\/romeo-julieta-2\\\/\"},\"wordCount\":1231,\"commentCount\":0,\"publisher\":{\"@id\":\"https:\\\/\\\/sergiolapegue.com\\\/site\\\/#\\\/schema\\\/person\\\/083aeceeb0734cd166779ea6c0551a37\"},\"image\":{\"@id\":\"https:\\\/\\\/sergiolapegue.com\\\/site\\\/2025\\\/02\\\/04\\\/romeo-julieta-2\\\/#primaryimage\"},\"thumbnailUrl\":\"https:\\\/\\\/sergiolapegue.com\\\/site\\\/wp-content\\\/uploads\\\/2025\\\/02\\\/Romeo-y-Julieta.jpeg\",\"articleSection\":[\"Arte\",\"Teatro\"],\"inLanguage\":\"es-AR\",\"potentialAction\":[{\"@type\":\"CommentAction\",\"name\":\"Comment\",\"target\":[\"https:\\\/\\\/sergiolapegue.com\\\/site\\\/2025\\\/02\\\/04\\\/romeo-julieta-2\\\/#respond\"]}]},{\"@type\":\"WebPage\",\"@id\":\"https:\\\/\\\/sergiolapegue.com\\\/site\\\/2025\\\/02\\\/04\\\/romeo-julieta-2\\\/\",\"url\":\"https:\\\/\\\/sergiolapegue.com\\\/site\\\/2025\\\/02\\\/04\\\/romeo-julieta-2\\\/\",\"name\":\"ROMEO &amp; JULIETA - Sergio Lapegue\",\"isPartOf\":{\"@id\":\"https:\\\/\\\/sergiolapegue.com\\\/site\\\/#website\"},\"primaryImageOfPage\":{\"@id\":\"https:\\\/\\\/sergiolapegue.com\\\/site\\\/2025\\\/02\\\/04\\\/romeo-julieta-2\\\/#primaryimage\"},\"image\":{\"@id\":\"https:\\\/\\\/sergiolapegue.com\\\/site\\\/2025\\\/02\\\/04\\\/romeo-julieta-2\\\/#primaryimage\"},\"thumbnailUrl\":\"https:\\\/\\\/sergiolapegue.com\\\/site\\\/wp-content\\\/uploads\\\/2025\\\/02\\\/Romeo-y-Julieta.jpeg\",\"datePublished\":\"2025-02-04T04:00:00+00:00\",\"breadcrumb\":{\"@id\":\"https:\\\/\\\/sergiolapegue.com\\\/site\\\/2025\\\/02\\\/04\\\/romeo-julieta-2\\\/#breadcrumb\"},\"inLanguage\":\"es-AR\",\"potentialAction\":[{\"@type\":\"ReadAction\",\"target\":[\"https:\\\/\\\/sergiolapegue.com\\\/site\\\/2025\\\/02\\\/04\\\/romeo-julieta-2\\\/\"]}]},{\"@type\":\"ImageObject\",\"inLanguage\":\"es-AR\",\"@id\":\"https:\\\/\\\/sergiolapegue.com\\\/site\\\/2025\\\/02\\\/04\\\/romeo-julieta-2\\\/#primaryimage\",\"url\":\"https:\\\/\\\/sergiolapegue.com\\\/site\\\/wp-content\\\/uploads\\\/2025\\\/02\\\/Romeo-y-Julieta.jpeg\",\"contentUrl\":\"https:\\\/\\\/sergiolapegue.com\\\/site\\\/wp-content\\\/uploads\\\/2025\\\/02\\\/Romeo-y-Julieta.jpeg\",\"width\":642,\"height\":750},{\"@type\":\"BreadcrumbList\",\"@id\":\"https:\\\/\\\/sergiolapegue.com\\\/site\\\/2025\\\/02\\\/04\\\/romeo-julieta-2\\\/#breadcrumb\",\"itemListElement\":[{\"@type\":\"ListItem\",\"position\":1,\"name\":\"Inicio\",\"item\":\"https:\\\/\\\/sergiolapegue.com\\\/site\\\/\"},{\"@type\":\"ListItem\",\"position\":2,\"name\":\"ROMEO &amp; JULIETA\"}]},{\"@type\":\"WebSite\",\"@id\":\"https:\\\/\\\/sergiolapegue.com\\\/site\\\/#website\",\"url\":\"https:\\\/\\\/sergiolapegue.com\\\/site\\\/\",\"name\":\"Sergio Lapegue\",\"description\":\"Periodista\",\"publisher\":{\"@id\":\"https:\\\/\\\/sergiolapegue.com\\\/site\\\/#\\\/schema\\\/person\\\/083aeceeb0734cd166779ea6c0551a37\"},\"potentialAction\":[{\"@type\":\"SearchAction\",\"target\":{\"@type\":\"EntryPoint\",\"urlTemplate\":\"https:\\\/\\\/sergiolapegue.com\\\/site\\\/?s={search_term_string}\"},\"query-input\":{\"@type\":\"PropertyValueSpecification\",\"valueRequired\":true,\"valueName\":\"search_term_string\"}}],\"inLanguage\":\"es-AR\"},{\"@type\":[\"Person\",\"Organization\"],\"@id\":\"https:\\\/\\\/sergiolapegue.com\\\/site\\\/#\\\/schema\\\/person\\\/083aeceeb0734cd166779ea6c0551a37\",\"name\":\"Sergio Lapegue\",\"image\":{\"@type\":\"ImageObject\",\"inLanguage\":\"es-AR\",\"@id\":\"https:\\\/\\\/sergiolapegue.com\\\/site\\\/wp-content\\\/uploads\\\/2021\\\/04\\\/logo_header-1.png\",\"url\":\"https:\\\/\\\/sergiolapegue.com\\\/site\\\/wp-content\\\/uploads\\\/2021\\\/04\\\/logo_header-1.png\",\"contentUrl\":\"https:\\\/\\\/sergiolapegue.com\\\/site\\\/wp-content\\\/uploads\\\/2021\\\/04\\\/logo_header-1.png\",\"width\":272,\"height\":90,\"caption\":\"Sergio Lapegue\"},\"logo\":{\"@id\":\"https:\\\/\\\/sergiolapegue.com\\\/site\\\/wp-content\\\/uploads\\\/2021\\\/04\\\/logo_header-1.png\"},\"sameAs\":[\"https:\\\/\\\/facebook.com\\\/sergiolapegue\",\"https:\\\/\\\/instagram.com\\\/sergiolapegue\",\"https:\\\/\\\/x.com\\\/https:\\\/\\\/twitter.com\\\/sergiolapegue\"]},{\"@type\":\"Person\",\"@id\":\"https:\\\/\\\/sergiolapegue.com\\\/site\\\/#\\\/schema\\\/person\\\/9198e7dbab43c6d74d0fd5399af7c3cd\",\"name\":\"Daniel E. Monta\u00f1a\",\"image\":{\"@type\":\"ImageObject\",\"inLanguage\":\"es-AR\",\"@id\":\"https:\\\/\\\/sergiolapegue.com\\\/site\\\/wp-content\\\/uploads\\\/2021\\\/04\\\/sl_avatar_Daniel-150x150.jpg\",\"url\":\"https:\\\/\\\/sergiolapegue.com\\\/site\\\/wp-content\\\/uploads\\\/2021\\\/04\\\/sl_avatar_Daniel-150x150.jpg\",\"contentUrl\":\"https:\\\/\\\/sergiolapegue.com\\\/site\\\/wp-content\\\/uploads\\\/2021\\\/04\\\/sl_avatar_Daniel-150x150.jpg\",\"caption\":\"Daniel E. Monta\u00f1a\"},\"sameAs\":[\"https:\\\/\\\/facebook.com\\\/danielernesto.montana\",\"https:\\\/\\\/instagram.com\\\/daniel_montana1961\",\"https:\\\/\\\/x.com\\\/https:\\\/\\\/twitter.com\\\/daner_004\"],\"url\":\"https:\\\/\\\/sergiolapegue.com\\\/site\\\/author\\\/daniel\\\/\"}]}<\/script>\n<!-- \/ Yoast SEO plugin. -->","yoast_head_json":{"title":"ROMEO &amp; JULIETA - Sergio Lapegue","robots":{"index":"index","follow":"follow","max-snippet":"max-snippet:-1","max-image-preview":"max-image-preview:large","max-video-preview":"max-video-preview:-1"},"canonical":"https:\/\/sergiolapegue.com\/site\/2025\/02\/04\/romeo-julieta-2\/","og_locale":"es_ES","og_type":"article","og_title":"ROMEO &amp; JULIETA - Sergio Lapegue","og_description":"Por pedido del p\u00fablico y tras el \u00e9xito obtenido la compa\u00f1\u00eda&nbsp;GDBDanza&nbsp;da comienzo a su temporada 2025, en una fecha sumamente especial para los enamorados, conmemorando la historia de amor y lealtad m\u00e1s relevante de todos los tiempos:&nbsp;Romeo &amp; Julieta. La funci\u00f3n tendr\u00e1 lugar en el Teatro Avenida, el 14 de febrero de 2025 a las [&hellip;]","og_url":"https:\/\/sergiolapegue.com\/site\/2025\/02\/04\/romeo-julieta-2\/","og_site_name":"Sergio Lapegue","article_publisher":"https:\/\/facebook.com\/sergiolapegue","article_author":"https:\/\/facebook.com\/danielernesto.montana","article_published_time":"2025-02-04T04:00:00+00:00","og_image":[{"width":642,"height":750,"url":"https:\/\/sergiolapegue.com\/site\/wp-content\/uploads\/2025\/02\/Romeo-y-Julieta.jpeg","type":"image\/jpeg"}],"author":"Daniel E. Monta\u00f1a","twitter_card":"summary_large_image","twitter_creator":"@https:\/\/twitter.com\/daner_004","twitter_site":"@sergiolapegue","twitter_misc":{"Escrito por":"Daniel E. Monta\u00f1a","Tiempo de lectura":"7 minutos"},"schema":{"@context":"https:\/\/schema.org","@graph":[{"@type":"Article","@id":"https:\/\/sergiolapegue.com\/site\/2025\/02\/04\/romeo-julieta-2\/#article","isPartOf":{"@id":"https:\/\/sergiolapegue.com\/site\/2025\/02\/04\/romeo-julieta-2\/"},"author":{"name":"Daniel E. Monta\u00f1a","@id":"https:\/\/sergiolapegue.com\/site\/#\/schema\/person\/9198e7dbab43c6d74d0fd5399af7c3cd"},"headline":"ROMEO &amp; JULIETA","datePublished":"2025-02-04T04:00:00+00:00","mainEntityOfPage":{"@id":"https:\/\/sergiolapegue.com\/site\/2025\/02\/04\/romeo-julieta-2\/"},"wordCount":1231,"commentCount":0,"publisher":{"@id":"https:\/\/sergiolapegue.com\/site\/#\/schema\/person\/083aeceeb0734cd166779ea6c0551a37"},"image":{"@id":"https:\/\/sergiolapegue.com\/site\/2025\/02\/04\/romeo-julieta-2\/#primaryimage"},"thumbnailUrl":"https:\/\/sergiolapegue.com\/site\/wp-content\/uploads\/2025\/02\/Romeo-y-Julieta.jpeg","articleSection":["Arte","Teatro"],"inLanguage":"es-AR","potentialAction":[{"@type":"CommentAction","name":"Comment","target":["https:\/\/sergiolapegue.com\/site\/2025\/02\/04\/romeo-julieta-2\/#respond"]}]},{"@type":"WebPage","@id":"https:\/\/sergiolapegue.com\/site\/2025\/02\/04\/romeo-julieta-2\/","url":"https:\/\/sergiolapegue.com\/site\/2025\/02\/04\/romeo-julieta-2\/","name":"ROMEO &amp; JULIETA - Sergio Lapegue","isPartOf":{"@id":"https:\/\/sergiolapegue.com\/site\/#website"},"primaryImageOfPage":{"@id":"https:\/\/sergiolapegue.com\/site\/2025\/02\/04\/romeo-julieta-2\/#primaryimage"},"image":{"@id":"https:\/\/sergiolapegue.com\/site\/2025\/02\/04\/romeo-julieta-2\/#primaryimage"},"thumbnailUrl":"https:\/\/sergiolapegue.com\/site\/wp-content\/uploads\/2025\/02\/Romeo-y-Julieta.jpeg","datePublished":"2025-02-04T04:00:00+00:00","breadcrumb":{"@id":"https:\/\/sergiolapegue.com\/site\/2025\/02\/04\/romeo-julieta-2\/#breadcrumb"},"inLanguage":"es-AR","potentialAction":[{"@type":"ReadAction","target":["https:\/\/sergiolapegue.com\/site\/2025\/02\/04\/romeo-julieta-2\/"]}]},{"@type":"ImageObject","inLanguage":"es-AR","@id":"https:\/\/sergiolapegue.com\/site\/2025\/02\/04\/romeo-julieta-2\/#primaryimage","url":"https:\/\/sergiolapegue.com\/site\/wp-content\/uploads\/2025\/02\/Romeo-y-Julieta.jpeg","contentUrl":"https:\/\/sergiolapegue.com\/site\/wp-content\/uploads\/2025\/02\/Romeo-y-Julieta.jpeg","width":642,"height":750},{"@type":"BreadcrumbList","@id":"https:\/\/sergiolapegue.com\/site\/2025\/02\/04\/romeo-julieta-2\/#breadcrumb","itemListElement":[{"@type":"ListItem","position":1,"name":"Inicio","item":"https:\/\/sergiolapegue.com\/site\/"},{"@type":"ListItem","position":2,"name":"ROMEO &amp; JULIETA"}]},{"@type":"WebSite","@id":"https:\/\/sergiolapegue.com\/site\/#website","url":"https:\/\/sergiolapegue.com\/site\/","name":"Sergio Lapegue","description":"Periodista","publisher":{"@id":"https:\/\/sergiolapegue.com\/site\/#\/schema\/person\/083aeceeb0734cd166779ea6c0551a37"},"potentialAction":[{"@type":"SearchAction","target":{"@type":"EntryPoint","urlTemplate":"https:\/\/sergiolapegue.com\/site\/?s={search_term_string}"},"query-input":{"@type":"PropertyValueSpecification","valueRequired":true,"valueName":"search_term_string"}}],"inLanguage":"es-AR"},{"@type":["Person","Organization"],"@id":"https:\/\/sergiolapegue.com\/site\/#\/schema\/person\/083aeceeb0734cd166779ea6c0551a37","name":"Sergio Lapegue","image":{"@type":"ImageObject","inLanguage":"es-AR","@id":"https:\/\/sergiolapegue.com\/site\/wp-content\/uploads\/2021\/04\/logo_header-1.png","url":"https:\/\/sergiolapegue.com\/site\/wp-content\/uploads\/2021\/04\/logo_header-1.png","contentUrl":"https:\/\/sergiolapegue.com\/site\/wp-content\/uploads\/2021\/04\/logo_header-1.png","width":272,"height":90,"caption":"Sergio Lapegue"},"logo":{"@id":"https:\/\/sergiolapegue.com\/site\/wp-content\/uploads\/2021\/04\/logo_header-1.png"},"sameAs":["https:\/\/facebook.com\/sergiolapegue","https:\/\/instagram.com\/sergiolapegue","https:\/\/x.com\/https:\/\/twitter.com\/sergiolapegue"]},{"@type":"Person","@id":"https:\/\/sergiolapegue.com\/site\/#\/schema\/person\/9198e7dbab43c6d74d0fd5399af7c3cd","name":"Daniel E. Monta\u00f1a","image":{"@type":"ImageObject","inLanguage":"es-AR","@id":"https:\/\/sergiolapegue.com\/site\/wp-content\/uploads\/2021\/04\/sl_avatar_Daniel-150x150.jpg","url":"https:\/\/sergiolapegue.com\/site\/wp-content\/uploads\/2021\/04\/sl_avatar_Daniel-150x150.jpg","contentUrl":"https:\/\/sergiolapegue.com\/site\/wp-content\/uploads\/2021\/04\/sl_avatar_Daniel-150x150.jpg","caption":"Daniel E. Monta\u00f1a"},"sameAs":["https:\/\/facebook.com\/danielernesto.montana","https:\/\/instagram.com\/daniel_montana1961","https:\/\/x.com\/https:\/\/twitter.com\/daner_004"],"url":"https:\/\/sergiolapegue.com\/site\/author\/daniel\/"}]}},"_links":{"self":[{"href":"https:\/\/sergiolapegue.com\/site\/wp-json\/wp\/v2\/posts\/20652","targetHints":{"allow":["GET"]}}],"collection":[{"href":"https:\/\/sergiolapegue.com\/site\/wp-json\/wp\/v2\/posts"}],"about":[{"href":"https:\/\/sergiolapegue.com\/site\/wp-json\/wp\/v2\/types\/post"}],"author":[{"embeddable":true,"href":"https:\/\/sergiolapegue.com\/site\/wp-json\/wp\/v2\/users\/3"}],"replies":[{"embeddable":true,"href":"https:\/\/sergiolapegue.com\/site\/wp-json\/wp\/v2\/comments?post=20652"}],"version-history":[{"count":1,"href":"https:\/\/sergiolapegue.com\/site\/wp-json\/wp\/v2\/posts\/20652\/revisions"}],"predecessor-version":[{"id":20658,"href":"https:\/\/sergiolapegue.com\/site\/wp-json\/wp\/v2\/posts\/20652\/revisions\/20658"}],"wp:featuredmedia":[{"embeddable":true,"href":"https:\/\/sergiolapegue.com\/site\/wp-json\/wp\/v2\/media\/20657"}],"wp:attachment":[{"href":"https:\/\/sergiolapegue.com\/site\/wp-json\/wp\/v2\/media?parent=20652"}],"wp:term":[{"taxonomy":"category","embeddable":true,"href":"https:\/\/sergiolapegue.com\/site\/wp-json\/wp\/v2\/categories?post=20652"},{"taxonomy":"post_tag","embeddable":true,"href":"https:\/\/sergiolapegue.com\/site\/wp-json\/wp\/v2\/tags?post=20652"}],"curies":[{"name":"wp","href":"https:\/\/api.w.org\/{rel}","templated":true}]}}