{"id":20578,"date":"2025-01-29T13:00:00","date_gmt":"2025-01-29T16:00:00","guid":{"rendered":"https:\/\/sergiolapegue.com\/site\/?p=20578"},"modified":"2025-01-28T00:09:23","modified_gmt":"2025-01-28T03:09:23","slug":"el-puerto-de-la-gloria","status":"publish","type":"post","link":"https:\/\/sergiolapegue.com\/site\/2025\/01\/29\/el-puerto-de-la-gloria\/","title":{"rendered":"\u201cEL PUERTO DE LA GLORIA\u201d"},"content":{"rendered":"\n<p>Con producci\u00f3n y direcci\u00f3n general de la multipremiada&nbsp;Karina K, el&nbsp;s\u00e1bado 8 de febrero, en el Teatro El Extranjero&nbsp;se estrenar\u00e1 \u201cEl puerto de la gloria\u201d, la cual<strong>&nbsp;<\/strong>es una obra de v\u00ednculos, de toma de decisiones, plagada de gui\u00f1os y referencias a nuestra idiosincrasia argentina, que a trav\u00e9s de las d\u00e9cadas reiterar\u00e1 sus errores, as\u00ed&nbsp;como tambi\u00e9n sus haza\u00f1as.&nbsp;El&nbsp;elenco&nbsp;est\u00e1 conformado por&nbsp;Ver\u00f3nica Jofre,&nbsp;Luisina Ponse&nbsp;y&nbsp;Ezequiel Cipol.<\/p>\n\n\n\n<figure class=\"wp-block-image size-large is-resized\"><img loading=\"lazy\" decoding=\"async\" width=\"676\" height=\"1024\" src=\"https:\/\/sergiolapegue.com\/site\/wp-content\/uploads\/2025\/01\/El-puerto-de-la-gloria-Actor-Ezequiel-Cipol-personaje-Jorge-676x1024.jpg\" alt=\"\" class=\"wp-image-20579\" style=\"width:696px;height:auto\" srcset=\"https:\/\/sergiolapegue.com\/site\/wp-content\/uploads\/2025\/01\/El-puerto-de-la-gloria-Actor-Ezequiel-Cipol-personaje-Jorge-676x1024.jpg 676w, https:\/\/sergiolapegue.com\/site\/wp-content\/uploads\/2025\/01\/El-puerto-de-la-gloria-Actor-Ezequiel-Cipol-personaje-Jorge-198x300.jpg 198w, https:\/\/sergiolapegue.com\/site\/wp-content\/uploads\/2025\/01\/El-puerto-de-la-gloria-Actor-Ezequiel-Cipol-personaje-Jorge-768x1164.jpg 768w, https:\/\/sergiolapegue.com\/site\/wp-content\/uploads\/2025\/01\/El-puerto-de-la-gloria-Actor-Ezequiel-Cipol-personaje-Jorge-1014x1536.jpg 1014w, https:\/\/sergiolapegue.com\/site\/wp-content\/uploads\/2025\/01\/El-puerto-de-la-gloria-Actor-Ezequiel-Cipol-personaje-Jorge-277x420.jpg 277w, https:\/\/sergiolapegue.com\/site\/wp-content\/uploads\/2025\/01\/El-puerto-de-la-gloria-Actor-Ezequiel-Cipol-personaje-Jorge-696x1055.jpg 696w, https:\/\/sergiolapegue.com\/site\/wp-content\/uploads\/2025\/01\/El-puerto-de-la-gloria-Actor-Ezequiel-Cipol-personaje-Jorge.jpg 1056w\" sizes=\"auto, (max-width: 676px) 100vw, 676px\" \/><\/figure>\n\n\n\n<p><strong>SINOPSIS<\/strong><\/p>\n\n\n\n<p>La historia transcurre en un barcito del puerto de Mar del Plata, en una tarde de oto\u00f1o, a finales de los a\u00f1os ochenta. La pieza habla sobre las ilusiones como centro de la construcci\u00f3n en la vida. Ilusiones que, disfrazadas de sue\u00f1os, llegar\u00e1n a buen puerto, sin embargo, las que dependieron de un otro, se quedar\u00e1n en el camino.<\/p>\n\n\n\n<p><strong>SOBRE LA DRAMATURGIA<\/strong><\/p>\n\n\n\n<p>Karina K&nbsp;cuenta: \u201cEl puerto de la gloria&nbsp;nace del deseo personal de plasmar pensamientos y reflexiones sobre el sentido de la vida, a trav\u00e9s de la perspectiva de personajes, que viven en los m\u00e1rgenes de la sociedad, entre el agua del mar y la tierra, entre el azar y los sue\u00f1os.<\/p>\n\n\n\n<figure class=\"wp-block-image size-large\"><img loading=\"lazy\" decoding=\"async\" width=\"728\" height=\"1024\" src=\"https:\/\/sergiolapegue.com\/site\/wp-content\/uploads\/2025\/01\/El-puerto-de-la-gloria-Actriz-Veronica-Jofre-personaje-Gloria-728x1024.jpg\" alt=\"\" class=\"wp-image-20580\" srcset=\"https:\/\/sergiolapegue.com\/site\/wp-content\/uploads\/2025\/01\/El-puerto-de-la-gloria-Actriz-Veronica-Jofre-personaje-Gloria-728x1024.jpg 728w, https:\/\/sergiolapegue.com\/site\/wp-content\/uploads\/2025\/01\/El-puerto-de-la-gloria-Actriz-Veronica-Jofre-personaje-Gloria-213x300.jpg 213w, https:\/\/sergiolapegue.com\/site\/wp-content\/uploads\/2025\/01\/El-puerto-de-la-gloria-Actriz-Veronica-Jofre-personaje-Gloria-768x1080.jpg 768w, https:\/\/sergiolapegue.com\/site\/wp-content\/uploads\/2025\/01\/El-puerto-de-la-gloria-Actriz-Veronica-Jofre-personaje-Gloria-1092x1536.jpg 1092w, https:\/\/sergiolapegue.com\/site\/wp-content\/uploads\/2025\/01\/El-puerto-de-la-gloria-Actriz-Veronica-Jofre-personaje-Gloria-299x420.jpg 299w, https:\/\/sergiolapegue.com\/site\/wp-content\/uploads\/2025\/01\/El-puerto-de-la-gloria-Actriz-Veronica-Jofre-personaje-Gloria-696x979.jpg 696w, https:\/\/sergiolapegue.com\/site\/wp-content\/uploads\/2025\/01\/El-puerto-de-la-gloria-Actriz-Veronica-Jofre-personaje-Gloria-1068x1502.jpg 1068w, https:\/\/sergiolapegue.com\/site\/wp-content\/uploads\/2025\/01\/El-puerto-de-la-gloria-Actriz-Veronica-Jofre-personaje-Gloria.jpg 1138w\" sizes=\"auto, (max-width: 728px) 100vw, 728px\" \/><\/figure>\n\n\n\n<p><strong>FICHA T\u00c9CNICO ART\u00cdSTICA<\/strong><\/p>\n\n\n\n<p><strong>Texto:<\/strong> Karina K<\/p>\n\n\n\n<p><strong>Act\u00faan:<\/strong> Ezequiel Cipols \u2013 Ver\u00f3nica Jofre \u2013 Luisina Ponse<\/p>\n\n\n\n<p><strong>Vestuario:<\/strong> Vestuario En Acci\u00f3n By Elda Silvia<\/p>\n\n\n\n<p><strong>Escenograf\u00eda:<\/strong> Karina K \u2013 Daniela Sitnisky<\/p>\n\n\n\n<p><strong>Iluminaci\u00f3n:<\/strong> Ricardo Sica<\/p>\n\n\n\n<p><strong>Dise\u00f1o sonoro:<\/strong> Tom\u00e1s Rodr\u00edguez &nbsp;<\/p>\n\n\n\n<p><strong>M\u00fasica original:<\/strong> Karina K<\/p>\n\n\n\n<p><strong>Dise\u00f1o gr\u00e1fico:<\/strong> Pablo Vega<\/p>\n\n\n\n<p><strong>Asistencia de direcci\u00f3n:<\/strong> Daniela Sitnisky<\/p>\n\n\n\n<p><strong>Producci\u00f3n art\u00edstica:<\/strong> Daniela Sitnisky<\/p>\n\n\n\n<p><strong>Producci\u00f3n:<\/strong> Karina K<\/p>\n\n\n\n<p><strong>Direcci\u00f3n:<\/strong> Karina K<\/p>\n\n\n\n<p><strong>Direcci\u00f3n general:<\/strong> Karina K<\/p>\n\n\n\n<p><strong>Duraci\u00f3n:<\/strong> 65 minutos<\/p>\n\n\n\n<p><strong>Clasificaciones:<\/strong>&nbsp;Teatro \u2013 Presencial \u2013 Adultos<\/p>\n\n\n\n<figure class=\"wp-block-image size-large\"><img loading=\"lazy\" decoding=\"async\" width=\"806\" height=\"1024\" src=\"https:\/\/sergiolapegue.com\/site\/wp-content\/uploads\/2025\/01\/El-puerto-de-la-gloria-Actriz-Luisina-Ponse-personaje-Dorita-806x1024.jpg\" alt=\"\" class=\"wp-image-20581\" srcset=\"https:\/\/sergiolapegue.com\/site\/wp-content\/uploads\/2025\/01\/El-puerto-de-la-gloria-Actriz-Luisina-Ponse-personaje-Dorita-806x1024.jpg 806w, https:\/\/sergiolapegue.com\/site\/wp-content\/uploads\/2025\/01\/El-puerto-de-la-gloria-Actriz-Luisina-Ponse-personaje-Dorita-236x300.jpg 236w, https:\/\/sergiolapegue.com\/site\/wp-content\/uploads\/2025\/01\/El-puerto-de-la-gloria-Actriz-Luisina-Ponse-personaje-Dorita-768x976.jpg 768w, https:\/\/sergiolapegue.com\/site\/wp-content\/uploads\/2025\/01\/El-puerto-de-la-gloria-Actriz-Luisina-Ponse-personaje-Dorita-330x420.jpg 330w, https:\/\/sergiolapegue.com\/site\/wp-content\/uploads\/2025\/01\/El-puerto-de-la-gloria-Actriz-Luisina-Ponse-personaje-Dorita-696x885.jpg 696w, https:\/\/sergiolapegue.com\/site\/wp-content\/uploads\/2025\/01\/El-puerto-de-la-gloria-Actriz-Luisina-Ponse-personaje-Dorita.jpg 1018w\" sizes=\"auto, (max-width: 806px) 100vw, 806px\" \/><\/figure>\n\n\n\n<p><strong>TEATRO EL EXTRANJERO<\/strong><\/p>\n\n\n\n<p>Valent\u00edn G\u00f3mez 3378 \u2013 Capital Federal \u2013 Buenos Aires \u2013 Argentina<\/p>\n\n\n\n<p>Web: <a href=\"http:\/\/www.teatroelextranjero.com\">http:\/\/www.teatroelextranjero.com<\/a><\/p>\n\n\n\n<p>Entradas: $ 15.000 \u2013 en boleter\u00eda del teatro o por Alternativa Teatral<\/p>\n\n\n\n<p>Funciones: S\u00e1bados 22:30 horas \u2013 Del 08\/02\/2025 al 01\/03\/2025<\/p>\n\n\n\n<p>Gracias Juan Ignacio Penlowskyj por acercarnos la gacetilla de prensa del estreno de este espect\u00e1culo.<\/p>\n\n\n\n<p><strong>SOBRE KARINA K \u2013 Directora<\/strong><\/p>\n\n\n\n<figure class=\"wp-block-image size-large is-resized\"><img loading=\"lazy\" decoding=\"async\" width=\"760\" height=\"1024\" src=\"https:\/\/sergiolapegue.com\/site\/wp-content\/uploads\/2025\/01\/El-puerto-de-la-gloria-Karina-K-autora-y-directora-760x1024.jpg\" alt=\"\" class=\"wp-image-20582\" style=\"width:282px;height:auto\" srcset=\"https:\/\/sergiolapegue.com\/site\/wp-content\/uploads\/2025\/01\/El-puerto-de-la-gloria-Karina-K-autora-y-directora-760x1024.jpg 760w, https:\/\/sergiolapegue.com\/site\/wp-content\/uploads\/2025\/01\/El-puerto-de-la-gloria-Karina-K-autora-y-directora-223x300.jpg 223w, https:\/\/sergiolapegue.com\/site\/wp-content\/uploads\/2025\/01\/El-puerto-de-la-gloria-Karina-K-autora-y-directora-768x1034.jpg 768w, https:\/\/sergiolapegue.com\/site\/wp-content\/uploads\/2025\/01\/El-puerto-de-la-gloria-Karina-K-autora-y-directora-1140x1536.jpg 1140w, https:\/\/sergiolapegue.com\/site\/wp-content\/uploads\/2025\/01\/El-puerto-de-la-gloria-Karina-K-autora-y-directora-312x420.jpg 312w, https:\/\/sergiolapegue.com\/site\/wp-content\/uploads\/2025\/01\/El-puerto-de-la-gloria-Karina-K-autora-y-directora-696x937.jpg 696w, https:\/\/sergiolapegue.com\/site\/wp-content\/uploads\/2025\/01\/El-puerto-de-la-gloria-Karina-K-autora-y-directora-1068x1438.jpg 1068w, https:\/\/sergiolapegue.com\/site\/wp-content\/uploads\/2025\/01\/El-puerto-de-la-gloria-Karina-K-autora-y-directora.jpg 1188w\" sizes=\"auto, (max-width: 760px) 100vw, 760px\" \/><\/figure>\n\n\n\n<p>Es actriz, directora y dramaturga. Actualmente se desempe\u00f1a como autora, directora y productora de la comedia dram\u00e1tica \u201cEl puerto de la gloria\u201d, en el teatro El Extranjero.<\/p>\n\n\n\n<p>Se form\u00f3 en danza, canto, m\u00fasica y actuaci\u00f3n con maestros de Argentina, Barcelona, Estados Unidos, Francia, Canad\u00e1 e Inglaterra. Realiz\u00f3 su primera obra teatral a los 18 a\u00f1os.<\/p>\n\n\n\n<p>Entre sus trabajos m\u00e1s relevantes, se destacan: \u201cCabaret\u201d, Teatro Astral (2008); \u201cSouvenir\u201d, Teatro Regina (2009); \u201cSweney Todd\u201d, Teatro Maipo (2010); \u201cEl carnaval de los animales\u201d, de Mar\u00eda Elena Walsh, con direcci\u00f3n del destacado core\u00f3grafo Oscar Araiz, en Teatro Col\u00f3n (2011).<\/p>\n\n\n\n<p>Desde el 2012 al 2023,&nbsp;Karina K&nbsp;trabaj\u00f3 en las siguientes obras: \u201cAl final del Arco\u00edris\u201d, interpretando la vida de Judy Garland, en Teatro Apolo; \u201cYiya, el musical\u201d, en el Teatro El Nacional; \u201cMamapunk, anti\u00f3pera\u201d, musical que la tuvo como autora y directora; \u201c\u00bfQu\u00e9 hacemos con Walter?\u201d, comedia dirigida y escrita por Juan Jos\u00e9 Campanella, teatro Multiteatro; \u201cPerdidamente\u201d, de Jos\u00e9 Mar\u00eda Muscari y Mariela Asencio, teatro Multiteatro; \u201cCarnicera\u201d, con direcci\u00f3n de Javier Daulte y Mariano Stolkiner, en Teatro Regio.<\/p>\n\n\n\n<p>Durante su carrera&nbsp;recibi\u00f3 los siguientes premios: A.C.E., Trinidad Guevara, Clar\u00edn, Luisa Vehil, Tablas, Teatros del mundo (premio mayor), Premio Hugo al Teatro Musical. Tambi\u00e9n el Premio Konex de Platino 2021, como mejor artista de la d\u00e9cada en teatro musical. En 2014 fue distinguida como Personalidad destacada de la Cultura, por la Legislatura de la Ciudad Aut\u00f3noma de Buenos Aires.<\/p>\n\n\n\n<p>Para saber m\u00e1s sobre la comedia dram\u00e1tica, ingresar a Instagram: @karinakactriz o @teatroelextranjero<\/p>\n\n\n\n<p><\/p>\n","protected":false},"excerpt":{"rendered":"<p>Con producci\u00f3n y direcci\u00f3n general de la multipremiada&nbsp;Karina K, el&nbsp;s\u00e1bado 8 de febrero, en el Teatro El Extranjero&nbsp;se estrenar\u00e1 \u201cEl puerto de la gloria\u201d, la cual&nbsp;es una obra de v\u00ednculos, de toma de decisiones, plagada de gui\u00f1os y referencias a nuestra idiosincrasia argentina, que a trav\u00e9s de las d\u00e9cadas reiterar\u00e1 sus errores, as\u00ed&nbsp;como tambi\u00e9n sus [&hellip;]<\/p>\n","protected":false},"author":3,"featured_media":20583,"comment_status":"open","ping_status":"closed","sticky":false,"template":"","format":"standard","meta":{"footnotes":""},"categories":[34,35],"tags":[],"class_list":{"0":"post-20578","1":"post","2":"type-post","3":"status-publish","4":"format-standard","5":"has-post-thumbnail","7":"category-arte","8":"category-teatro"},"yoast_head":"<!-- This site is optimized with the Yoast SEO plugin v27.4 - https:\/\/yoast.com\/product\/yoast-seo-wordpress\/ -->\n<title>\u201cEL PUERTO DE LA GLORIA\u201d - Sergio Lapegue<\/title>\n<meta name=\"robots\" content=\"index, follow, max-snippet:-1, max-image-preview:large, max-video-preview:-1\" \/>\n<link rel=\"canonical\" href=\"https:\/\/sergiolapegue.com\/site\/2025\/01\/29\/el-puerto-de-la-gloria\/\" \/>\n<meta property=\"og:locale\" content=\"es_ES\" \/>\n<meta property=\"og:type\" content=\"article\" \/>\n<meta property=\"og:title\" content=\"\u201cEL PUERTO DE LA GLORIA\u201d - Sergio Lapegue\" \/>\n<meta property=\"og:description\" content=\"Con producci\u00f3n y direcci\u00f3n general de la multipremiada&nbsp;Karina K, el&nbsp;s\u00e1bado 8 de febrero, en el Teatro El Extranjero&nbsp;se estrenar\u00e1 \u201cEl puerto de la gloria\u201d, la cual&nbsp;es una obra de v\u00ednculos, de toma de decisiones, plagada de gui\u00f1os y referencias a nuestra idiosincrasia argentina, que a trav\u00e9s de las d\u00e9cadas reiterar\u00e1 sus errores, as\u00ed&nbsp;como tambi\u00e9n sus [&hellip;]\" \/>\n<meta property=\"og:url\" content=\"https:\/\/sergiolapegue.com\/site\/2025\/01\/29\/el-puerto-de-la-gloria\/\" \/>\n<meta property=\"og:site_name\" content=\"Sergio Lapegue\" \/>\n<meta property=\"article:publisher\" content=\"https:\/\/facebook.com\/sergiolapegue\" \/>\n<meta property=\"article:author\" content=\"https:\/\/facebook.com\/danielernesto.montana\" \/>\n<meta property=\"article:published_time\" content=\"2025-01-29T16:00:00+00:00\" \/>\n<meta property=\"og:image\" content=\"https:\/\/sergiolapegue.com\/site\/wp-content\/uploads\/2025\/01\/El-puerto-de-la-gloria.jpg\" \/>\n\t<meta property=\"og:image:width\" content=\"1080\" \/>\n\t<meta property=\"og:image:height\" content=\"1080\" \/>\n\t<meta property=\"og:image:type\" content=\"image\/jpeg\" \/>\n<meta name=\"author\" content=\"Daniel E. Monta\u00f1a\" \/>\n<meta name=\"twitter:card\" content=\"summary_large_image\" \/>\n<meta name=\"twitter:creator\" content=\"@https:\/\/twitter.com\/daner_004\" \/>\n<meta name=\"twitter:site\" content=\"@sergiolapegue\" \/>\n<meta name=\"twitter:label1\" content=\"Escrito por\" \/>\n\t<meta name=\"twitter:data1\" content=\"Daniel E. Monta\u00f1a\" \/>\n\t<meta name=\"twitter:label2\" content=\"Tiempo de lectura\" \/>\n\t<meta name=\"twitter:data2\" content=\"4 minutos\" \/>\n<script type=\"application\/ld+json\" class=\"yoast-schema-graph\">{\"@context\":\"https:\\\/\\\/schema.org\",\"@graph\":[{\"@type\":\"Article\",\"@id\":\"https:\\\/\\\/sergiolapegue.com\\\/site\\\/2025\\\/01\\\/29\\\/el-puerto-de-la-gloria\\\/#article\",\"isPartOf\":{\"@id\":\"https:\\\/\\\/sergiolapegue.com\\\/site\\\/2025\\\/01\\\/29\\\/el-puerto-de-la-gloria\\\/\"},\"author\":{\"name\":\"Daniel E. Monta\u00f1a\",\"@id\":\"https:\\\/\\\/sergiolapegue.com\\\/site\\\/#\\\/schema\\\/person\\\/9198e7dbab43c6d74d0fd5399af7c3cd\"},\"headline\":\"\u201cEL PUERTO DE LA GLORIA\u201d\",\"datePublished\":\"2025-01-29T16:00:00+00:00\",\"mainEntityOfPage\":{\"@id\":\"https:\\\/\\\/sergiolapegue.com\\\/site\\\/2025\\\/01\\\/29\\\/el-puerto-de-la-gloria\\\/\"},\"wordCount\":628,\"commentCount\":0,\"publisher\":{\"@id\":\"https:\\\/\\\/sergiolapegue.com\\\/site\\\/#\\\/schema\\\/person\\\/083aeceeb0734cd166779ea6c0551a37\"},\"image\":{\"@id\":\"https:\\\/\\\/sergiolapegue.com\\\/site\\\/2025\\\/01\\\/29\\\/el-puerto-de-la-gloria\\\/#primaryimage\"},\"thumbnailUrl\":\"https:\\\/\\\/sergiolapegue.com\\\/site\\\/wp-content\\\/uploads\\\/2025\\\/01\\\/El-puerto-de-la-gloria.jpg\",\"articleSection\":[\"Arte\",\"Teatro\"],\"inLanguage\":\"es-AR\",\"potentialAction\":[{\"@type\":\"CommentAction\",\"name\":\"Comment\",\"target\":[\"https:\\\/\\\/sergiolapegue.com\\\/site\\\/2025\\\/01\\\/29\\\/el-puerto-de-la-gloria\\\/#respond\"]}]},{\"@type\":\"WebPage\",\"@id\":\"https:\\\/\\\/sergiolapegue.com\\\/site\\\/2025\\\/01\\\/29\\\/el-puerto-de-la-gloria\\\/\",\"url\":\"https:\\\/\\\/sergiolapegue.com\\\/site\\\/2025\\\/01\\\/29\\\/el-puerto-de-la-gloria\\\/\",\"name\":\"\u201cEL PUERTO DE LA GLORIA\u201d - Sergio Lapegue\",\"isPartOf\":{\"@id\":\"https:\\\/\\\/sergiolapegue.com\\\/site\\\/#website\"},\"primaryImageOfPage\":{\"@id\":\"https:\\\/\\\/sergiolapegue.com\\\/site\\\/2025\\\/01\\\/29\\\/el-puerto-de-la-gloria\\\/#primaryimage\"},\"image\":{\"@id\":\"https:\\\/\\\/sergiolapegue.com\\\/site\\\/2025\\\/01\\\/29\\\/el-puerto-de-la-gloria\\\/#primaryimage\"},\"thumbnailUrl\":\"https:\\\/\\\/sergiolapegue.com\\\/site\\\/wp-content\\\/uploads\\\/2025\\\/01\\\/El-puerto-de-la-gloria.jpg\",\"datePublished\":\"2025-01-29T16:00:00+00:00\",\"breadcrumb\":{\"@id\":\"https:\\\/\\\/sergiolapegue.com\\\/site\\\/2025\\\/01\\\/29\\\/el-puerto-de-la-gloria\\\/#breadcrumb\"},\"inLanguage\":\"es-AR\",\"potentialAction\":[{\"@type\":\"ReadAction\",\"target\":[\"https:\\\/\\\/sergiolapegue.com\\\/site\\\/2025\\\/01\\\/29\\\/el-puerto-de-la-gloria\\\/\"]}]},{\"@type\":\"ImageObject\",\"inLanguage\":\"es-AR\",\"@id\":\"https:\\\/\\\/sergiolapegue.com\\\/site\\\/2025\\\/01\\\/29\\\/el-puerto-de-la-gloria\\\/#primaryimage\",\"url\":\"https:\\\/\\\/sergiolapegue.com\\\/site\\\/wp-content\\\/uploads\\\/2025\\\/01\\\/El-puerto-de-la-gloria.jpg\",\"contentUrl\":\"https:\\\/\\\/sergiolapegue.com\\\/site\\\/wp-content\\\/uploads\\\/2025\\\/01\\\/El-puerto-de-la-gloria.jpg\",\"width\":1080,\"height\":1080},{\"@type\":\"BreadcrumbList\",\"@id\":\"https:\\\/\\\/sergiolapegue.com\\\/site\\\/2025\\\/01\\\/29\\\/el-puerto-de-la-gloria\\\/#breadcrumb\",\"itemListElement\":[{\"@type\":\"ListItem\",\"position\":1,\"name\":\"Inicio\",\"item\":\"https:\\\/\\\/sergiolapegue.com\\\/site\\\/\"},{\"@type\":\"ListItem\",\"position\":2,\"name\":\"\u201cEL PUERTO DE LA GLORIA\u201d\"}]},{\"@type\":\"WebSite\",\"@id\":\"https:\\\/\\\/sergiolapegue.com\\\/site\\\/#website\",\"url\":\"https:\\\/\\\/sergiolapegue.com\\\/site\\\/\",\"name\":\"Sergio Lapegue\",\"description\":\"Periodista\",\"publisher\":{\"@id\":\"https:\\\/\\\/sergiolapegue.com\\\/site\\\/#\\\/schema\\\/person\\\/083aeceeb0734cd166779ea6c0551a37\"},\"potentialAction\":[{\"@type\":\"SearchAction\",\"target\":{\"@type\":\"EntryPoint\",\"urlTemplate\":\"https:\\\/\\\/sergiolapegue.com\\\/site\\\/?s={search_term_string}\"},\"query-input\":{\"@type\":\"PropertyValueSpecification\",\"valueRequired\":true,\"valueName\":\"search_term_string\"}}],\"inLanguage\":\"es-AR\"},{\"@type\":[\"Person\",\"Organization\"],\"@id\":\"https:\\\/\\\/sergiolapegue.com\\\/site\\\/#\\\/schema\\\/person\\\/083aeceeb0734cd166779ea6c0551a37\",\"name\":\"Sergio Lapegue\",\"image\":{\"@type\":\"ImageObject\",\"inLanguage\":\"es-AR\",\"@id\":\"https:\\\/\\\/sergiolapegue.com\\\/site\\\/wp-content\\\/uploads\\\/2021\\\/04\\\/logo_header-1.png\",\"url\":\"https:\\\/\\\/sergiolapegue.com\\\/site\\\/wp-content\\\/uploads\\\/2021\\\/04\\\/logo_header-1.png\",\"contentUrl\":\"https:\\\/\\\/sergiolapegue.com\\\/site\\\/wp-content\\\/uploads\\\/2021\\\/04\\\/logo_header-1.png\",\"width\":272,\"height\":90,\"caption\":\"Sergio Lapegue\"},\"logo\":{\"@id\":\"https:\\\/\\\/sergiolapegue.com\\\/site\\\/wp-content\\\/uploads\\\/2021\\\/04\\\/logo_header-1.png\"},\"sameAs\":[\"https:\\\/\\\/facebook.com\\\/sergiolapegue\",\"https:\\\/\\\/instagram.com\\\/sergiolapegue\",\"https:\\\/\\\/x.com\\\/https:\\\/\\\/twitter.com\\\/sergiolapegue\"]},{\"@type\":\"Person\",\"@id\":\"https:\\\/\\\/sergiolapegue.com\\\/site\\\/#\\\/schema\\\/person\\\/9198e7dbab43c6d74d0fd5399af7c3cd\",\"name\":\"Daniel E. Monta\u00f1a\",\"image\":{\"@type\":\"ImageObject\",\"inLanguage\":\"es-AR\",\"@id\":\"https:\\\/\\\/sergiolapegue.com\\\/site\\\/wp-content\\\/uploads\\\/2021\\\/04\\\/sl_avatar_Daniel-150x150.jpg\",\"url\":\"https:\\\/\\\/sergiolapegue.com\\\/site\\\/wp-content\\\/uploads\\\/2021\\\/04\\\/sl_avatar_Daniel-150x150.jpg\",\"contentUrl\":\"https:\\\/\\\/sergiolapegue.com\\\/site\\\/wp-content\\\/uploads\\\/2021\\\/04\\\/sl_avatar_Daniel-150x150.jpg\",\"caption\":\"Daniel E. Monta\u00f1a\"},\"sameAs\":[\"https:\\\/\\\/facebook.com\\\/danielernesto.montana\",\"https:\\\/\\\/instagram.com\\\/daniel_montana1961\",\"https:\\\/\\\/x.com\\\/https:\\\/\\\/twitter.com\\\/daner_004\"],\"url\":\"https:\\\/\\\/sergiolapegue.com\\\/site\\\/author\\\/daniel\\\/\"}]}<\/script>\n<!-- \/ Yoast SEO plugin. -->","yoast_head_json":{"title":"\u201cEL PUERTO DE LA GLORIA\u201d - Sergio Lapegue","robots":{"index":"index","follow":"follow","max-snippet":"max-snippet:-1","max-image-preview":"max-image-preview:large","max-video-preview":"max-video-preview:-1"},"canonical":"https:\/\/sergiolapegue.com\/site\/2025\/01\/29\/el-puerto-de-la-gloria\/","og_locale":"es_ES","og_type":"article","og_title":"\u201cEL PUERTO DE LA GLORIA\u201d - Sergio Lapegue","og_description":"Con producci\u00f3n y direcci\u00f3n general de la multipremiada&nbsp;Karina K, el&nbsp;s\u00e1bado 8 de febrero, en el Teatro El Extranjero&nbsp;se estrenar\u00e1 \u201cEl puerto de la gloria\u201d, la cual&nbsp;es una obra de v\u00ednculos, de toma de decisiones, plagada de gui\u00f1os y referencias a nuestra idiosincrasia argentina, que a trav\u00e9s de las d\u00e9cadas reiterar\u00e1 sus errores, as\u00ed&nbsp;como tambi\u00e9n sus [&hellip;]","og_url":"https:\/\/sergiolapegue.com\/site\/2025\/01\/29\/el-puerto-de-la-gloria\/","og_site_name":"Sergio Lapegue","article_publisher":"https:\/\/facebook.com\/sergiolapegue","article_author":"https:\/\/facebook.com\/danielernesto.montana","article_published_time":"2025-01-29T16:00:00+00:00","og_image":[{"width":1080,"height":1080,"url":"https:\/\/sergiolapegue.com\/site\/wp-content\/uploads\/2025\/01\/El-puerto-de-la-gloria.jpg","type":"image\/jpeg"}],"author":"Daniel E. Monta\u00f1a","twitter_card":"summary_large_image","twitter_creator":"@https:\/\/twitter.com\/daner_004","twitter_site":"@sergiolapegue","twitter_misc":{"Escrito por":"Daniel E. Monta\u00f1a","Tiempo de lectura":"4 minutos"},"schema":{"@context":"https:\/\/schema.org","@graph":[{"@type":"Article","@id":"https:\/\/sergiolapegue.com\/site\/2025\/01\/29\/el-puerto-de-la-gloria\/#article","isPartOf":{"@id":"https:\/\/sergiolapegue.com\/site\/2025\/01\/29\/el-puerto-de-la-gloria\/"},"author":{"name":"Daniel E. Monta\u00f1a","@id":"https:\/\/sergiolapegue.com\/site\/#\/schema\/person\/9198e7dbab43c6d74d0fd5399af7c3cd"},"headline":"\u201cEL PUERTO DE LA GLORIA\u201d","datePublished":"2025-01-29T16:00:00+00:00","mainEntityOfPage":{"@id":"https:\/\/sergiolapegue.com\/site\/2025\/01\/29\/el-puerto-de-la-gloria\/"},"wordCount":628,"commentCount":0,"publisher":{"@id":"https:\/\/sergiolapegue.com\/site\/#\/schema\/person\/083aeceeb0734cd166779ea6c0551a37"},"image":{"@id":"https:\/\/sergiolapegue.com\/site\/2025\/01\/29\/el-puerto-de-la-gloria\/#primaryimage"},"thumbnailUrl":"https:\/\/sergiolapegue.com\/site\/wp-content\/uploads\/2025\/01\/El-puerto-de-la-gloria.jpg","articleSection":["Arte","Teatro"],"inLanguage":"es-AR","potentialAction":[{"@type":"CommentAction","name":"Comment","target":["https:\/\/sergiolapegue.com\/site\/2025\/01\/29\/el-puerto-de-la-gloria\/#respond"]}]},{"@type":"WebPage","@id":"https:\/\/sergiolapegue.com\/site\/2025\/01\/29\/el-puerto-de-la-gloria\/","url":"https:\/\/sergiolapegue.com\/site\/2025\/01\/29\/el-puerto-de-la-gloria\/","name":"\u201cEL PUERTO DE LA GLORIA\u201d - Sergio Lapegue","isPartOf":{"@id":"https:\/\/sergiolapegue.com\/site\/#website"},"primaryImageOfPage":{"@id":"https:\/\/sergiolapegue.com\/site\/2025\/01\/29\/el-puerto-de-la-gloria\/#primaryimage"},"image":{"@id":"https:\/\/sergiolapegue.com\/site\/2025\/01\/29\/el-puerto-de-la-gloria\/#primaryimage"},"thumbnailUrl":"https:\/\/sergiolapegue.com\/site\/wp-content\/uploads\/2025\/01\/El-puerto-de-la-gloria.jpg","datePublished":"2025-01-29T16:00:00+00:00","breadcrumb":{"@id":"https:\/\/sergiolapegue.com\/site\/2025\/01\/29\/el-puerto-de-la-gloria\/#breadcrumb"},"inLanguage":"es-AR","potentialAction":[{"@type":"ReadAction","target":["https:\/\/sergiolapegue.com\/site\/2025\/01\/29\/el-puerto-de-la-gloria\/"]}]},{"@type":"ImageObject","inLanguage":"es-AR","@id":"https:\/\/sergiolapegue.com\/site\/2025\/01\/29\/el-puerto-de-la-gloria\/#primaryimage","url":"https:\/\/sergiolapegue.com\/site\/wp-content\/uploads\/2025\/01\/El-puerto-de-la-gloria.jpg","contentUrl":"https:\/\/sergiolapegue.com\/site\/wp-content\/uploads\/2025\/01\/El-puerto-de-la-gloria.jpg","width":1080,"height":1080},{"@type":"BreadcrumbList","@id":"https:\/\/sergiolapegue.com\/site\/2025\/01\/29\/el-puerto-de-la-gloria\/#breadcrumb","itemListElement":[{"@type":"ListItem","position":1,"name":"Inicio","item":"https:\/\/sergiolapegue.com\/site\/"},{"@type":"ListItem","position":2,"name":"\u201cEL PUERTO DE LA GLORIA\u201d"}]},{"@type":"WebSite","@id":"https:\/\/sergiolapegue.com\/site\/#website","url":"https:\/\/sergiolapegue.com\/site\/","name":"Sergio Lapegue","description":"Periodista","publisher":{"@id":"https:\/\/sergiolapegue.com\/site\/#\/schema\/person\/083aeceeb0734cd166779ea6c0551a37"},"potentialAction":[{"@type":"SearchAction","target":{"@type":"EntryPoint","urlTemplate":"https:\/\/sergiolapegue.com\/site\/?s={search_term_string}"},"query-input":{"@type":"PropertyValueSpecification","valueRequired":true,"valueName":"search_term_string"}}],"inLanguage":"es-AR"},{"@type":["Person","Organization"],"@id":"https:\/\/sergiolapegue.com\/site\/#\/schema\/person\/083aeceeb0734cd166779ea6c0551a37","name":"Sergio Lapegue","image":{"@type":"ImageObject","inLanguage":"es-AR","@id":"https:\/\/sergiolapegue.com\/site\/wp-content\/uploads\/2021\/04\/logo_header-1.png","url":"https:\/\/sergiolapegue.com\/site\/wp-content\/uploads\/2021\/04\/logo_header-1.png","contentUrl":"https:\/\/sergiolapegue.com\/site\/wp-content\/uploads\/2021\/04\/logo_header-1.png","width":272,"height":90,"caption":"Sergio Lapegue"},"logo":{"@id":"https:\/\/sergiolapegue.com\/site\/wp-content\/uploads\/2021\/04\/logo_header-1.png"},"sameAs":["https:\/\/facebook.com\/sergiolapegue","https:\/\/instagram.com\/sergiolapegue","https:\/\/x.com\/https:\/\/twitter.com\/sergiolapegue"]},{"@type":"Person","@id":"https:\/\/sergiolapegue.com\/site\/#\/schema\/person\/9198e7dbab43c6d74d0fd5399af7c3cd","name":"Daniel E. Monta\u00f1a","image":{"@type":"ImageObject","inLanguage":"es-AR","@id":"https:\/\/sergiolapegue.com\/site\/wp-content\/uploads\/2021\/04\/sl_avatar_Daniel-150x150.jpg","url":"https:\/\/sergiolapegue.com\/site\/wp-content\/uploads\/2021\/04\/sl_avatar_Daniel-150x150.jpg","contentUrl":"https:\/\/sergiolapegue.com\/site\/wp-content\/uploads\/2021\/04\/sl_avatar_Daniel-150x150.jpg","caption":"Daniel E. Monta\u00f1a"},"sameAs":["https:\/\/facebook.com\/danielernesto.montana","https:\/\/instagram.com\/daniel_montana1961","https:\/\/x.com\/https:\/\/twitter.com\/daner_004"],"url":"https:\/\/sergiolapegue.com\/site\/author\/daniel\/"}]}},"_links":{"self":[{"href":"https:\/\/sergiolapegue.com\/site\/wp-json\/wp\/v2\/posts\/20578","targetHints":{"allow":["GET"]}}],"collection":[{"href":"https:\/\/sergiolapegue.com\/site\/wp-json\/wp\/v2\/posts"}],"about":[{"href":"https:\/\/sergiolapegue.com\/site\/wp-json\/wp\/v2\/types\/post"}],"author":[{"embeddable":true,"href":"https:\/\/sergiolapegue.com\/site\/wp-json\/wp\/v2\/users\/3"}],"replies":[{"embeddable":true,"href":"https:\/\/sergiolapegue.com\/site\/wp-json\/wp\/v2\/comments?post=20578"}],"version-history":[{"count":1,"href":"https:\/\/sergiolapegue.com\/site\/wp-json\/wp\/v2\/posts\/20578\/revisions"}],"predecessor-version":[{"id":20584,"href":"https:\/\/sergiolapegue.com\/site\/wp-json\/wp\/v2\/posts\/20578\/revisions\/20584"}],"wp:featuredmedia":[{"embeddable":true,"href":"https:\/\/sergiolapegue.com\/site\/wp-json\/wp\/v2\/media\/20583"}],"wp:attachment":[{"href":"https:\/\/sergiolapegue.com\/site\/wp-json\/wp\/v2\/media?parent=20578"}],"wp:term":[{"taxonomy":"category","embeddable":true,"href":"https:\/\/sergiolapegue.com\/site\/wp-json\/wp\/v2\/categories?post=20578"},{"taxonomy":"post_tag","embeddable":true,"href":"https:\/\/sergiolapegue.com\/site\/wp-json\/wp\/v2\/tags?post=20578"}],"curies":[{"name":"wp","href":"https:\/\/api.w.org\/{rel}","templated":true}]}}