{"id":20506,"date":"2025-02-05T09:41:00","date_gmt":"2025-02-05T12:41:00","guid":{"rendered":"https:\/\/sergiolapegue.com\/site\/?p=20506"},"modified":"2025-01-24T13:50:00","modified_gmt":"2025-01-24T16:50:00","slug":"el-equilibrio-entre-trabajo-y-vida-personal-pesa-cada-vez-mas-en-las-decisiones-de-carrera-para-87-de-los-argentinos-es-un-motivador-clave","status":"publish","type":"post","link":"https:\/\/sergiolapegue.com\/site\/2025\/02\/05\/el-equilibrio-entre-trabajo-y-vida-personal-pesa-cada-vez-mas-en-las-decisiones-de-carrera-para-87-de-los-argentinos-es-un-motivador-clave\/","title":{"rendered":"El equilibrio entre trabajo y vida personal pesa cada vez m\u00e1s en las decisiones de carrera: para 87% de los argentinos es un motivador clave"},"content":{"rendered":"\n<p>Randstad, la compa\u00f1\u00eda de talento l\u00edder a nivel global, present\u00f3 los resultados de la \u00faltima edici\u00f3n del Workmonitor, un estudio que releva las expectativas, estados de \u00e1nimo y comportamiento de los trabajadores a partir de una encuesta a 26.000 personas en 35 pa\u00edses, incluido Argentina. Del mismo surge que para el 87% de los trabajadores argentinos el equilibrio entre trabajo y vida personal es un motivador clave a la hora de permanecer en un empleo o buscar un cambio laboral.<\/p>\n\n\n\n<p>A pesar del panorama econ\u00f3mico desafiante, de los cambios geopol\u00edticos y de los avances tecnol\u00f3gicos, hoy los trabajadores tienen motivaciones que van m\u00e1s all\u00e1 del salario, y priorizan cada vez m\u00e1s la flexibilidad, los valores compartidos con el lugar en el que trabajan y el equilibrio entre su vida personal y laboral. Y si bien el salario sigue siendo uno de los factores m\u00e1s relevantes a la hora de evaluar un trabajo, en especial en un contexto econ\u00f3mico como el que vive la Argentina, los factores no monetarios vienen ganando terreno a\u00f1o tras a\u00f1o a la hora de evaluar qu\u00e9 hace que una empresa sea considerada por el talento un lugar atractivo para trabajar.<\/p>\n\n\n\n<p>En este sentido, al analizar los factores que -por fuera de la remuneraci\u00f3n- llevan a los encuestados a preferir un empleo, el estudio de Randstad revela que para el 87% los trabajadores argentinos el equilibrio entre vida personal y laboral se posiciona en segundo lugar como atributo para elegir un empleador, 4 puntos porcentuales por encima de la media arrojada a nivel global (82%).<\/p>\n\n\n\n<p>Al analizar esta variable a nivel regional, los trabajadores argentinos son los que m\u00e1s valoran el work &amp; life balance en un 87%, seguidos en segundo lugar por los trabajadores chilenos con el 86% y, finalmente, los trabajadores uruguayos con el 83%.<\/p>\n\n\n\n<figure class=\"wp-block-image size-large\"><img loading=\"lazy\" decoding=\"async\" width=\"1024\" height=\"479\" src=\"https:\/\/sergiolapegue.com\/site\/wp-content\/uploads\/2025\/01\/Valoracion-equilibrio01-1024x479.png\" alt=\"\" class=\"wp-image-20507\" srcset=\"https:\/\/sergiolapegue.com\/site\/wp-content\/uploads\/2025\/01\/Valoracion-equilibrio01-1024x479.png 1024w, https:\/\/sergiolapegue.com\/site\/wp-content\/uploads\/2025\/01\/Valoracion-equilibrio01-300x140.png 300w, https:\/\/sergiolapegue.com\/site\/wp-content\/uploads\/2025\/01\/Valoracion-equilibrio01-768x359.png 768w, https:\/\/sergiolapegue.com\/site\/wp-content\/uploads\/2025\/01\/Valoracion-equilibrio01-898x420.png 898w, https:\/\/sergiolapegue.com\/site\/wp-content\/uploads\/2025\/01\/Valoracion-equilibrio01-696x325.png 696w, https:\/\/sergiolapegue.com\/site\/wp-content\/uploads\/2025\/01\/Valoracion-equilibrio01-1068x499.png 1068w, https:\/\/sergiolapegue.com\/site\/wp-content\/uploads\/2025\/01\/Valoracion-equilibrio01.png 1446w\" sizes=\"auto, (max-width: 1024px) 100vw, 1024px\" \/><\/figure>\n\n\n\n<p>Sobre estos resultados, Andrea \u00c1vila, CEO de Randstad para Argentina, Chile y Uruguay, afirm\u00f3: &#8220;Los datos del Workmonitor 2025 muestran que est\u00e1 surgiendo una nueva l\u00ednea de base en el lugar de trabajo, a partir de las expectativas multifac\u00e9ticas del talento, la priorizaci\u00f3n de la realizaci\u00f3n personal y otros drivers, como la creciente incidencia de la b\u00fasqueda de una mayor calidad de vida en las decisiones de carrera, que est\u00e1n dando forma a una fuerza laboral que define el \u00e9xito profesional no solo por lo que hace, sino por qu\u00e9 lo hace, c\u00f3mo lo hace y con qui\u00e9n lo hace. Frente a un contexto de creciente escasez del talento y una fuerza laboral empoderada, esta din\u00e1mica empuja la redefinici\u00f3n de las condiciones del &#8216;contrato social&#8217; entre los trabajadores y sus empleadores en todo el mundo y pone a las organizaciones frente a la necesidad de adaptar su propuesta de valor para atraer, fidelizar y comprometer al talento&#8221;.<\/p>\n\n\n\n<p><strong>Flexibilidad, componente clave para el equilibrio<\/strong><\/p>\n\n\n\n<p>La percepci\u00f3n que los trabajadores tienen respecto a la flexibilidad y el bienestar en sus lugares de trabajo es, sin dudas, un componente clave de la b\u00fasqueda de un mejor equilibrio entre la vida personal y el trabajo.<\/p>\n\n\n\n<p>Al consultar a los encuestados si alguna vez hab\u00edan renunciado a un empleo por no ofrecerles la suficiente flexibilidad, el 36% de los chilenos, el 33% de los argentinos y el 32% de los uruguayos indicaron haber dejado alguna vez un empleo porque el esquema de trabajo no era lo suficientemente flexible de acuerdo a sus necesidades. Por su parte, la cifra m\u00e1s baja se registra a nivel global, donde solo el 31% de los encuestados indic\u00f3 haber renunciado a un trabajo por falta de flexibilidad.<\/p>\n\n\n\n<figure class=\"wp-block-image size-large\"><img loading=\"lazy\" decoding=\"async\" width=\"1024\" height=\"479\" src=\"https:\/\/sergiolapegue.com\/site\/wp-content\/uploads\/2025\/01\/Valoracion-equilibrio02-1024x479.png\" alt=\"\" class=\"wp-image-20508\" srcset=\"https:\/\/sergiolapegue.com\/site\/wp-content\/uploads\/2025\/01\/Valoracion-equilibrio02-1024x479.png 1024w, https:\/\/sergiolapegue.com\/site\/wp-content\/uploads\/2025\/01\/Valoracion-equilibrio02-300x140.png 300w, https:\/\/sergiolapegue.com\/site\/wp-content\/uploads\/2025\/01\/Valoracion-equilibrio02-768x359.png 768w, https:\/\/sergiolapegue.com\/site\/wp-content\/uploads\/2025\/01\/Valoracion-equilibrio02-898x420.png 898w, https:\/\/sergiolapegue.com\/site\/wp-content\/uploads\/2025\/01\/Valoracion-equilibrio02-696x325.png 696w, https:\/\/sergiolapegue.com\/site\/wp-content\/uploads\/2025\/01\/Valoracion-equilibrio02-1068x499.png 1068w, https:\/\/sergiolapegue.com\/site\/wp-content\/uploads\/2025\/01\/Valoracion-equilibrio02.png 1446w\" sizes=\"auto, (max-width: 1024px) 100vw, 1024px\" \/><\/figure>\n\n\n\n<p>La percepci\u00f3n de flexibilidad se basa no solo en los arreglos de horario o de c\u00f3mo se estructura la jornada laboral, sino tambi\u00e9n en relaci\u00f3n al lugar de trabajo, donde inciden la cercan\u00eda y el tiempo de desplazamiento de ida y vuelta al trabajo y, muy especialmente, la posibilidad trabajar de manera remota o en esquemas h\u00edbridos.<\/p>\n\n\n\n<p>En este sentido, frente a la posibilidad de elegir, el 48% de los trabajadores argentinos afirm\u00f3 que no aceptar\u00eda un trabajo que no le brindara flexibilidad respecto a sus horarios laborales, 1 punto por encima de la marca registrada a nivel global (47%). Y en orden decreciente, a nivel regional, el 44% de los trabajadores uruguayos y el 43% de los trabajadores chilenos asegur\u00f3 que rechazar\u00eda un empleo que limitara su flexibilidad en materia de horario de trabajo.<\/p>\n\n\n\n<p>Respecto al lugar desde donde trabajar, en caso de poder optar sin condicionamientos, el 42% de los argentinos rechazar\u00eda un empleo que no le permitiera flexibilidad en relaci\u00f3n al lugar de trabajo \u2013ya sea en home office o esquemas h\u00edbridos-, marcando una exigencia de 3 puntos porcentuales por encima de la media global del 39%, que coincide con la posici\u00f3n de los trabajadores uruguayos, tambi\u00e9n con un 39%. Por \u00faltimo se ubican los trabajadores chilenos, donde solo el 38% desestimar\u00eda una propuesta laboral por falta de flexibilidad respecto del lugar desde donde trabajar.<\/p>\n\n\n\n<p>Los resultados del estudio de Randstad de este a\u00f1o dan cuenta del creciente peso relativo que tiene la flexibilidad para el talento y como \u00e9ste factor incide en el v\u00ednculo entre los colaboradores y las organizaciones en las que trabajan. En este sentido, el 65% de los trabajadores argentinos indic\u00f3 que confiar\u00eda m\u00e1s en su empleador si le ofreciera este tipo de beneficios personalizados relativos a horarios, ubicaci\u00f3n y manejo aut\u00f3nomo de la intensidad laboral, al igual que los trabajadores de Uruguay (65%). Le siguen los trabajadores de Chile con el 59% y, en \u00faltimo lugar, se ubican los trabajadores a nivel global, donde solo el 56% de los encuestados valora este tipo de beneficios personalizados.<\/p>\n\n\n\n<p>&#8220;Si bien pod\u00eda esperarse que las dif\u00edciles condiciones econ\u00f3micas de 2024 hubiesen moderado las expectativas de talento, los datos del Workmonitor muestran lo contrario y nos dicen que el empoderamiento de la fuerza laboral no ha sido un efecto pasajero y que los trabajadores tienen mucha claridad sobre lo que esperan de sus trabajos y del impacto que quieren que tenga en sus vidas. Est\u00e1n m\u00e1s conscientes de sus necesidades, tienen m\u00e1s claras sus prioridades, saben bien lo que quieren y se animan a ir por ello&#8221;, sostuvo Andrea \u00c1vila.<\/p>\n\n\n\n<p>Este fen\u00f3meno, del que dan cuenta los resultados del estudio de Randstad, est\u00e1 forzando a las organizaciones a repensar su enfoque para redefinir sus propuestas de valor para hacerlas m\u00e1s atractivas al ojo de los trabajadores, en un contexto en el que el descalce de habilidades est\u00e1 haciendo cada vez m\u00e1s compleja la competencia por el talento en todo el mundo.<\/p>\n\n\n\n<p>Sobre el Randstad Workmonitor<\/p>\n\n\n\n<p>El Workmonitor es un relevamiento que realiza Randstad desde el a\u00f1o 2003. Actualmente se lleva a cabo en 35 pa\u00edses del mundo, entre Europa, Asia, Am\u00e9rica y Ocean\u00eda y analiza las expectativas, estados de \u00e1nimo y comportamientos de los trabajadores. La encuesta aborda cuestiones como la movilidad laboral, la satisfacci\u00f3n de los empleados y la motivaci\u00f3n personal en relaci\u00f3n al empleo, as\u00ed como diversas tem\u00e1ticas vinculadas al mundo del trabajo en las organizaciones.<\/p>\n\n\n\n<p>El estudio se lleva a cabo a trav\u00e9s de un cuestionario online en cada pa\u00eds sobre una muestra de 26.000 personas de ambos sexos, de entre 18 y 67 a\u00f1os que trabajan en posiciones remuneradas bajo relaci\u00f3n de dependencia (no aut\u00f3nomos) m\u00e1s de 24 horas por semana.<\/p>\n\n\n\n<p>En Argentina, el estudio de campo del Randstad Workmonitor se realiz\u00f3 sobre un universo de 767 encuestados.<\/p>\n\n\n\n<p>Acerca de Randstad<\/p>\n\n\n\n<p>Randstad es la compa\u00f1\u00eda de talento l\u00edder a nivel global, impulsada por la visi\u00f3n de convertirse en la empresa de talento m\u00e1s equitativa y especializada del mundo.<\/p>\n\n\n\n<p>Como socio para el talento y a trav\u00e9s de nuestras cuatro soluciones de especializaci\u00f3n (Operational, Professional, Digital y Enterprise), brindamos la fuerza laboral \u00e1gil, diversa y de alta productividad que nuestros clientes necesitan para tener \u00e9xito en un mundo con creciente escasez de talento.<\/p>\n\n\n\n<p>En Randstad ayudamos a las personas a avanzar en su carrera profesional, desarrollar habilidades relevantes y encontrar prop\u00f3sito y pertenencia en su lugar de trabajo.<\/p>\n\n\n\n<p>Con sede en los Pa\u00edses Bajos, Randstad opera en 39 mercados a nivel global, cuenta con m\u00e1s de 43.000 empleados y cotiza en Euronext Amsterdam. En 2023, la compa\u00f1\u00eda apoy\u00f3 a 2 millones de talentos para encontrar un trabajo y gener\u00f3 ingresos por m\u00e1s de 25 400 millones de euros.<\/p>\n\n\n\n<p>En Argentina, Randstad tiene una red de 25 sucursales, donde m\u00e1s de 600 empleados gestionan una n\u00f3mina diaria de cerca de 15.000 trabajadores que generan valor en las empresas m\u00e1s grandes del pa\u00eds.<\/p>\n\n\n\n<p>Para m\u00e1s informaci\u00f3n, visite: <a href=\"http:\/\/www.randstad.com.ar\/\" target=\"_blank\" rel=\"noreferrer noopener\">www.randstad.com.ar<\/a><\/p>\n\n\n\n<p><\/p>\n","protected":false},"excerpt":{"rendered":"<p>Randstad, la compa\u00f1\u00eda de talento l\u00edder a nivel global, present\u00f3 los resultados de la \u00faltima edici\u00f3n del Workmonitor, un estudio que releva las expectativas, estados de \u00e1nimo y comportamiento de los trabajadores a partir de una encuesta a 26.000 personas en 35 pa\u00edses, incluido Argentina. Del mismo surge que para el 87% de los trabajadores [&hellip;]<\/p>\n","protected":false},"author":4,"featured_media":20509,"comment_status":"closed","ping_status":"closed","sticky":false,"template":"","format":"standard","meta":{"footnotes":""},"categories":[38],"tags":[89,846,1479,3433,362,1205,1228,2169,76,1107],"class_list":{"0":"post-20506","1":"post","2":"type-post","3":"status-publish","4":"format-standard","5":"has-post-thumbnail","7":"category-actualidad","8":"tag-argentina","9":"tag-carrera","10":"tag-empleado","11":"tag-equilibrio","12":"tag-estudio","13":"tag-jefe","14":"tag-persona","15":"tag-talento","16":"tag-trabajo","17":"tag-vida"},"yoast_head":"<!-- This site is optimized with the Yoast SEO plugin v27.5 - https:\/\/yoast.com\/product\/yoast-seo-wordpress\/ -->\n<title>El equilibrio entre trabajo y vida personal pesa cada vez m\u00e1s en las decisiones de carrera: para 87% de los argentinos es un motivador clave - Sergio Lapegue<\/title>\n<meta name=\"robots\" content=\"index, follow, max-snippet:-1, max-image-preview:large, max-video-preview:-1\" \/>\n<link rel=\"canonical\" href=\"https:\/\/sergiolapegue.com\/site\/2025\/02\/05\/el-equilibrio-entre-trabajo-y-vida-personal-pesa-cada-vez-mas-en-las-decisiones-de-carrera-para-87-de-los-argentinos-es-un-motivador-clave\/\" \/>\n<meta property=\"og:locale\" content=\"es_ES\" \/>\n<meta property=\"og:type\" content=\"article\" \/>\n<meta property=\"og:title\" content=\"El equilibrio entre trabajo y vida personal pesa cada vez m\u00e1s en las decisiones de carrera: para 87% de los argentinos es un motivador clave - Sergio Lapegue\" \/>\n<meta property=\"og:description\" content=\"Randstad, la compa\u00f1\u00eda de talento l\u00edder a nivel global, present\u00f3 los resultados de la \u00faltima edici\u00f3n del Workmonitor, un estudio que releva las expectativas, estados de \u00e1nimo y comportamiento de los trabajadores a partir de una encuesta a 26.000 personas en 35 pa\u00edses, incluido Argentina. Del mismo surge que para el 87% de los trabajadores [&hellip;]\" \/>\n<meta property=\"og:url\" content=\"https:\/\/sergiolapegue.com\/site\/2025\/02\/05\/el-equilibrio-entre-trabajo-y-vida-personal-pesa-cada-vez-mas-en-las-decisiones-de-carrera-para-87-de-los-argentinos-es-un-motivador-clave\/\" \/>\n<meta property=\"og:site_name\" content=\"Sergio Lapegue\" \/>\n<meta property=\"article:publisher\" content=\"https:\/\/facebook.com\/sergiolapegue\" \/>\n<meta property=\"article:published_time\" content=\"2025-02-05T12:41:00+00:00\" \/>\n<meta property=\"og:image\" content=\"https:\/\/sergiolapegue.com\/site\/wp-content\/uploads\/2025\/01\/Work-life-balance01.png\" \/>\n\t<meta property=\"og:image:width\" content=\"681\" \/>\n\t<meta property=\"og:image:height\" content=\"382\" \/>\n\t<meta property=\"og:image:type\" content=\"image\/png\" \/>\n<meta name=\"author\" content=\"Leonardo Monta\u00f1a\" \/>\n<meta name=\"twitter:card\" content=\"summary_large_image\" \/>\n<meta name=\"twitter:creator\" content=\"@https:\/\/twitter.com\/soytoto81\" \/>\n<meta name=\"twitter:site\" content=\"@sergiolapegue\" \/>\n<meta name=\"twitter:label1\" content=\"Escrito por\" \/>\n\t<meta name=\"twitter:data1\" content=\"Leonardo Monta\u00f1a\" \/>\n\t<meta name=\"twitter:label2\" content=\"Tiempo de lectura\" \/>\n\t<meta name=\"twitter:data2\" content=\"8 minutos\" \/>\n<script type=\"application\/ld+json\" class=\"yoast-schema-graph\">{\"@context\":\"https:\\\/\\\/schema.org\",\"@graph\":[{\"@type\":\"Article\",\"@id\":\"https:\\\/\\\/sergiolapegue.com\\\/site\\\/2025\\\/02\\\/05\\\/el-equilibrio-entre-trabajo-y-vida-personal-pesa-cada-vez-mas-en-las-decisiones-de-carrera-para-87-de-los-argentinos-es-un-motivador-clave\\\/#article\",\"isPartOf\":{\"@id\":\"https:\\\/\\\/sergiolapegue.com\\\/site\\\/2025\\\/02\\\/05\\\/el-equilibrio-entre-trabajo-y-vida-personal-pesa-cada-vez-mas-en-las-decisiones-de-carrera-para-87-de-los-argentinos-es-un-motivador-clave\\\/\"},\"author\":{\"name\":\"Leonardo Monta\u00f1a\",\"@id\":\"https:\\\/\\\/sergiolapegue.com\\\/site\\\/#\\\/schema\\\/person\\\/00adf937d010c7f79a180dc4916a40e0\"},\"headline\":\"El equilibrio entre trabajo y vida personal pesa cada vez m\u00e1s en las decisiones de carrera: para 87% de los argentinos es un motivador clave\",\"datePublished\":\"2025-02-05T12:41:00+00:00\",\"mainEntityOfPage\":{\"@id\":\"https:\\\/\\\/sergiolapegue.com\\\/site\\\/2025\\\/02\\\/05\\\/el-equilibrio-entre-trabajo-y-vida-personal-pesa-cada-vez-mas-en-las-decisiones-de-carrera-para-87-de-los-argentinos-es-un-motivador-clave\\\/\"},\"wordCount\":1482,\"publisher\":{\"@id\":\"https:\\\/\\\/sergiolapegue.com\\\/site\\\/#\\\/schema\\\/person\\\/083aeceeb0734cd166779ea6c0551a37\"},\"image\":{\"@id\":\"https:\\\/\\\/sergiolapegue.com\\\/site\\\/2025\\\/02\\\/05\\\/el-equilibrio-entre-trabajo-y-vida-personal-pesa-cada-vez-mas-en-las-decisiones-de-carrera-para-87-de-los-argentinos-es-un-motivador-clave\\\/#primaryimage\"},\"thumbnailUrl\":\"https:\\\/\\\/sergiolapegue.com\\\/site\\\/wp-content\\\/uploads\\\/2025\\\/01\\\/Work-life-balance01.png\",\"keywords\":[\"argentina\",\"carrera\",\"empleado\",\"equilibrio\",\"estudio\",\"jefe\",\"persona\",\"TALENTO\",\"trabajo\",\"vida\"],\"articleSection\":[\"Actualidad\"],\"inLanguage\":\"es-AR\"},{\"@type\":\"WebPage\",\"@id\":\"https:\\\/\\\/sergiolapegue.com\\\/site\\\/2025\\\/02\\\/05\\\/el-equilibrio-entre-trabajo-y-vida-personal-pesa-cada-vez-mas-en-las-decisiones-de-carrera-para-87-de-los-argentinos-es-un-motivador-clave\\\/\",\"url\":\"https:\\\/\\\/sergiolapegue.com\\\/site\\\/2025\\\/02\\\/05\\\/el-equilibrio-entre-trabajo-y-vida-personal-pesa-cada-vez-mas-en-las-decisiones-de-carrera-para-87-de-los-argentinos-es-un-motivador-clave\\\/\",\"name\":\"El equilibrio entre trabajo y vida personal pesa cada vez m\u00e1s en las decisiones de carrera: para 87% de los argentinos es un motivador clave - Sergio Lapegue\",\"isPartOf\":{\"@id\":\"https:\\\/\\\/sergiolapegue.com\\\/site\\\/#website\"},\"primaryImageOfPage\":{\"@id\":\"https:\\\/\\\/sergiolapegue.com\\\/site\\\/2025\\\/02\\\/05\\\/el-equilibrio-entre-trabajo-y-vida-personal-pesa-cada-vez-mas-en-las-decisiones-de-carrera-para-87-de-los-argentinos-es-un-motivador-clave\\\/#primaryimage\"},\"image\":{\"@id\":\"https:\\\/\\\/sergiolapegue.com\\\/site\\\/2025\\\/02\\\/05\\\/el-equilibrio-entre-trabajo-y-vida-personal-pesa-cada-vez-mas-en-las-decisiones-de-carrera-para-87-de-los-argentinos-es-un-motivador-clave\\\/#primaryimage\"},\"thumbnailUrl\":\"https:\\\/\\\/sergiolapegue.com\\\/site\\\/wp-content\\\/uploads\\\/2025\\\/01\\\/Work-life-balance01.png\",\"datePublished\":\"2025-02-05T12:41:00+00:00\",\"breadcrumb\":{\"@id\":\"https:\\\/\\\/sergiolapegue.com\\\/site\\\/2025\\\/02\\\/05\\\/el-equilibrio-entre-trabajo-y-vida-personal-pesa-cada-vez-mas-en-las-decisiones-de-carrera-para-87-de-los-argentinos-es-un-motivador-clave\\\/#breadcrumb\"},\"inLanguage\":\"es-AR\",\"potentialAction\":[{\"@type\":\"ReadAction\",\"target\":[\"https:\\\/\\\/sergiolapegue.com\\\/site\\\/2025\\\/02\\\/05\\\/el-equilibrio-entre-trabajo-y-vida-personal-pesa-cada-vez-mas-en-las-decisiones-de-carrera-para-87-de-los-argentinos-es-un-motivador-clave\\\/\"]}]},{\"@type\":\"ImageObject\",\"inLanguage\":\"es-AR\",\"@id\":\"https:\\\/\\\/sergiolapegue.com\\\/site\\\/2025\\\/02\\\/05\\\/el-equilibrio-entre-trabajo-y-vida-personal-pesa-cada-vez-mas-en-las-decisiones-de-carrera-para-87-de-los-argentinos-es-un-motivador-clave\\\/#primaryimage\",\"url\":\"https:\\\/\\\/sergiolapegue.com\\\/site\\\/wp-content\\\/uploads\\\/2025\\\/01\\\/Work-life-balance01.png\",\"contentUrl\":\"https:\\\/\\\/sergiolapegue.com\\\/site\\\/wp-content\\\/uploads\\\/2025\\\/01\\\/Work-life-balance01.png\",\"width\":681,\"height\":382},{\"@type\":\"BreadcrumbList\",\"@id\":\"https:\\\/\\\/sergiolapegue.com\\\/site\\\/2025\\\/02\\\/05\\\/el-equilibrio-entre-trabajo-y-vida-personal-pesa-cada-vez-mas-en-las-decisiones-de-carrera-para-87-de-los-argentinos-es-un-motivador-clave\\\/#breadcrumb\",\"itemListElement\":[{\"@type\":\"ListItem\",\"position\":1,\"name\":\"Inicio\",\"item\":\"https:\\\/\\\/sergiolapegue.com\\\/site\\\/\"},{\"@type\":\"ListItem\",\"position\":2,\"name\":\"El equilibrio entre trabajo y vida personal pesa cada vez m\u00e1s en las decisiones de carrera: para 87% de los argentinos es un motivador clave\"}]},{\"@type\":\"WebSite\",\"@id\":\"https:\\\/\\\/sergiolapegue.com\\\/site\\\/#website\",\"url\":\"https:\\\/\\\/sergiolapegue.com\\\/site\\\/\",\"name\":\"Sergio Lapegue\",\"description\":\"Periodista\",\"publisher\":{\"@id\":\"https:\\\/\\\/sergiolapegue.com\\\/site\\\/#\\\/schema\\\/person\\\/083aeceeb0734cd166779ea6c0551a37\"},\"potentialAction\":[{\"@type\":\"SearchAction\",\"target\":{\"@type\":\"EntryPoint\",\"urlTemplate\":\"https:\\\/\\\/sergiolapegue.com\\\/site\\\/?s={search_term_string}\"},\"query-input\":{\"@type\":\"PropertyValueSpecification\",\"valueRequired\":true,\"valueName\":\"search_term_string\"}}],\"inLanguage\":\"es-AR\"},{\"@type\":[\"Person\",\"Organization\"],\"@id\":\"https:\\\/\\\/sergiolapegue.com\\\/site\\\/#\\\/schema\\\/person\\\/083aeceeb0734cd166779ea6c0551a37\",\"name\":\"Sergio Lapegue\",\"image\":{\"@type\":\"ImageObject\",\"inLanguage\":\"es-AR\",\"@id\":\"https:\\\/\\\/sergiolapegue.com\\\/site\\\/wp-content\\\/uploads\\\/2021\\\/04\\\/logo_header-1.png\",\"url\":\"https:\\\/\\\/sergiolapegue.com\\\/site\\\/wp-content\\\/uploads\\\/2021\\\/04\\\/logo_header-1.png\",\"contentUrl\":\"https:\\\/\\\/sergiolapegue.com\\\/site\\\/wp-content\\\/uploads\\\/2021\\\/04\\\/logo_header-1.png\",\"width\":272,\"height\":90,\"caption\":\"Sergio Lapegue\"},\"logo\":{\"@id\":\"https:\\\/\\\/sergiolapegue.com\\\/site\\\/wp-content\\\/uploads\\\/2021\\\/04\\\/logo_header-1.png\"},\"sameAs\":[\"https:\\\/\\\/facebook.com\\\/sergiolapegue\",\"https:\\\/\\\/instagram.com\\\/sergiolapegue\",\"https:\\\/\\\/x.com\\\/https:\\\/\\\/twitter.com\\\/sergiolapegue\"]},{\"@type\":\"Person\",\"@id\":\"https:\\\/\\\/sergiolapegue.com\\\/site\\\/#\\\/schema\\\/person\\\/00adf937d010c7f79a180dc4916a40e0\",\"name\":\"Leonardo Monta\u00f1a\",\"image\":{\"@type\":\"ImageObject\",\"inLanguage\":\"es-AR\",\"@id\":\"https:\\\/\\\/sergiolapegue.com\\\/site\\\/wp-content\\\/uploads\\\/2021\\\/04\\\/sl_avatar_Leonardo-150x150.jpg\",\"url\":\"https:\\\/\\\/sergiolapegue.com\\\/site\\\/wp-content\\\/uploads\\\/2021\\\/04\\\/sl_avatar_Leonardo-150x150.jpg\",\"contentUrl\":\"https:\\\/\\\/sergiolapegue.com\\\/site\\\/wp-content\\\/uploads\\\/2021\\\/04\\\/sl_avatar_Leonardo-150x150.jpg\",\"caption\":\"Leonardo Monta\u00f1a\"},\"sameAs\":[\"https:\\\/\\\/x.com\\\/https:\\\/\\\/twitter.com\\\/soytoto81\"],\"url\":\"https:\\\/\\\/sergiolapegue.com\\\/site\\\/author\\\/leonardo\\\/\"}]}<\/script>\n<!-- \/ Yoast SEO plugin. -->","yoast_head_json":{"title":"El equilibrio entre trabajo y vida personal pesa cada vez m\u00e1s en las decisiones de carrera: para 87% de los argentinos es un motivador clave - Sergio Lapegue","robots":{"index":"index","follow":"follow","max-snippet":"max-snippet:-1","max-image-preview":"max-image-preview:large","max-video-preview":"max-video-preview:-1"},"canonical":"https:\/\/sergiolapegue.com\/site\/2025\/02\/05\/el-equilibrio-entre-trabajo-y-vida-personal-pesa-cada-vez-mas-en-las-decisiones-de-carrera-para-87-de-los-argentinos-es-un-motivador-clave\/","og_locale":"es_ES","og_type":"article","og_title":"El equilibrio entre trabajo y vida personal pesa cada vez m\u00e1s en las decisiones de carrera: para 87% de los argentinos es un motivador clave - Sergio Lapegue","og_description":"Randstad, la compa\u00f1\u00eda de talento l\u00edder a nivel global, present\u00f3 los resultados de la \u00faltima edici\u00f3n del Workmonitor, un estudio que releva las expectativas, estados de \u00e1nimo y comportamiento de los trabajadores a partir de una encuesta a 26.000 personas en 35 pa\u00edses, incluido Argentina. Del mismo surge que para el 87% de los trabajadores [&hellip;]","og_url":"https:\/\/sergiolapegue.com\/site\/2025\/02\/05\/el-equilibrio-entre-trabajo-y-vida-personal-pesa-cada-vez-mas-en-las-decisiones-de-carrera-para-87-de-los-argentinos-es-un-motivador-clave\/","og_site_name":"Sergio Lapegue","article_publisher":"https:\/\/facebook.com\/sergiolapegue","article_published_time":"2025-02-05T12:41:00+00:00","og_image":[{"width":681,"height":382,"url":"https:\/\/sergiolapegue.com\/site\/wp-content\/uploads\/2025\/01\/Work-life-balance01.png","type":"image\/png"}],"author":"Leonardo Monta\u00f1a","twitter_card":"summary_large_image","twitter_creator":"@https:\/\/twitter.com\/soytoto81","twitter_site":"@sergiolapegue","twitter_misc":{"Escrito por":"Leonardo Monta\u00f1a","Tiempo de lectura":"8 minutos"},"schema":{"@context":"https:\/\/schema.org","@graph":[{"@type":"Article","@id":"https:\/\/sergiolapegue.com\/site\/2025\/02\/05\/el-equilibrio-entre-trabajo-y-vida-personal-pesa-cada-vez-mas-en-las-decisiones-de-carrera-para-87-de-los-argentinos-es-un-motivador-clave\/#article","isPartOf":{"@id":"https:\/\/sergiolapegue.com\/site\/2025\/02\/05\/el-equilibrio-entre-trabajo-y-vida-personal-pesa-cada-vez-mas-en-las-decisiones-de-carrera-para-87-de-los-argentinos-es-un-motivador-clave\/"},"author":{"name":"Leonardo Monta\u00f1a","@id":"https:\/\/sergiolapegue.com\/site\/#\/schema\/person\/00adf937d010c7f79a180dc4916a40e0"},"headline":"El equilibrio entre trabajo y vida personal pesa cada vez m\u00e1s en las decisiones de carrera: para 87% de los argentinos es un motivador clave","datePublished":"2025-02-05T12:41:00+00:00","mainEntityOfPage":{"@id":"https:\/\/sergiolapegue.com\/site\/2025\/02\/05\/el-equilibrio-entre-trabajo-y-vida-personal-pesa-cada-vez-mas-en-las-decisiones-de-carrera-para-87-de-los-argentinos-es-un-motivador-clave\/"},"wordCount":1482,"publisher":{"@id":"https:\/\/sergiolapegue.com\/site\/#\/schema\/person\/083aeceeb0734cd166779ea6c0551a37"},"image":{"@id":"https:\/\/sergiolapegue.com\/site\/2025\/02\/05\/el-equilibrio-entre-trabajo-y-vida-personal-pesa-cada-vez-mas-en-las-decisiones-de-carrera-para-87-de-los-argentinos-es-un-motivador-clave\/#primaryimage"},"thumbnailUrl":"https:\/\/sergiolapegue.com\/site\/wp-content\/uploads\/2025\/01\/Work-life-balance01.png","keywords":["argentina","carrera","empleado","equilibrio","estudio","jefe","persona","TALENTO","trabajo","vida"],"articleSection":["Actualidad"],"inLanguage":"es-AR"},{"@type":"WebPage","@id":"https:\/\/sergiolapegue.com\/site\/2025\/02\/05\/el-equilibrio-entre-trabajo-y-vida-personal-pesa-cada-vez-mas-en-las-decisiones-de-carrera-para-87-de-los-argentinos-es-un-motivador-clave\/","url":"https:\/\/sergiolapegue.com\/site\/2025\/02\/05\/el-equilibrio-entre-trabajo-y-vida-personal-pesa-cada-vez-mas-en-las-decisiones-de-carrera-para-87-de-los-argentinos-es-un-motivador-clave\/","name":"El equilibrio entre trabajo y vida personal pesa cada vez m\u00e1s en las decisiones de carrera: para 87% de los argentinos es un motivador clave - Sergio Lapegue","isPartOf":{"@id":"https:\/\/sergiolapegue.com\/site\/#website"},"primaryImageOfPage":{"@id":"https:\/\/sergiolapegue.com\/site\/2025\/02\/05\/el-equilibrio-entre-trabajo-y-vida-personal-pesa-cada-vez-mas-en-las-decisiones-de-carrera-para-87-de-los-argentinos-es-un-motivador-clave\/#primaryimage"},"image":{"@id":"https:\/\/sergiolapegue.com\/site\/2025\/02\/05\/el-equilibrio-entre-trabajo-y-vida-personal-pesa-cada-vez-mas-en-las-decisiones-de-carrera-para-87-de-los-argentinos-es-un-motivador-clave\/#primaryimage"},"thumbnailUrl":"https:\/\/sergiolapegue.com\/site\/wp-content\/uploads\/2025\/01\/Work-life-balance01.png","datePublished":"2025-02-05T12:41:00+00:00","breadcrumb":{"@id":"https:\/\/sergiolapegue.com\/site\/2025\/02\/05\/el-equilibrio-entre-trabajo-y-vida-personal-pesa-cada-vez-mas-en-las-decisiones-de-carrera-para-87-de-los-argentinos-es-un-motivador-clave\/#breadcrumb"},"inLanguage":"es-AR","potentialAction":[{"@type":"ReadAction","target":["https:\/\/sergiolapegue.com\/site\/2025\/02\/05\/el-equilibrio-entre-trabajo-y-vida-personal-pesa-cada-vez-mas-en-las-decisiones-de-carrera-para-87-de-los-argentinos-es-un-motivador-clave\/"]}]},{"@type":"ImageObject","inLanguage":"es-AR","@id":"https:\/\/sergiolapegue.com\/site\/2025\/02\/05\/el-equilibrio-entre-trabajo-y-vida-personal-pesa-cada-vez-mas-en-las-decisiones-de-carrera-para-87-de-los-argentinos-es-un-motivador-clave\/#primaryimage","url":"https:\/\/sergiolapegue.com\/site\/wp-content\/uploads\/2025\/01\/Work-life-balance01.png","contentUrl":"https:\/\/sergiolapegue.com\/site\/wp-content\/uploads\/2025\/01\/Work-life-balance01.png","width":681,"height":382},{"@type":"BreadcrumbList","@id":"https:\/\/sergiolapegue.com\/site\/2025\/02\/05\/el-equilibrio-entre-trabajo-y-vida-personal-pesa-cada-vez-mas-en-las-decisiones-de-carrera-para-87-de-los-argentinos-es-un-motivador-clave\/#breadcrumb","itemListElement":[{"@type":"ListItem","position":1,"name":"Inicio","item":"https:\/\/sergiolapegue.com\/site\/"},{"@type":"ListItem","position":2,"name":"El equilibrio entre trabajo y vida personal pesa cada vez m\u00e1s en las decisiones de carrera: para 87% de los argentinos es un motivador clave"}]},{"@type":"WebSite","@id":"https:\/\/sergiolapegue.com\/site\/#website","url":"https:\/\/sergiolapegue.com\/site\/","name":"Sergio Lapegue","description":"Periodista","publisher":{"@id":"https:\/\/sergiolapegue.com\/site\/#\/schema\/person\/083aeceeb0734cd166779ea6c0551a37"},"potentialAction":[{"@type":"SearchAction","target":{"@type":"EntryPoint","urlTemplate":"https:\/\/sergiolapegue.com\/site\/?s={search_term_string}"},"query-input":{"@type":"PropertyValueSpecification","valueRequired":true,"valueName":"search_term_string"}}],"inLanguage":"es-AR"},{"@type":["Person","Organization"],"@id":"https:\/\/sergiolapegue.com\/site\/#\/schema\/person\/083aeceeb0734cd166779ea6c0551a37","name":"Sergio Lapegue","image":{"@type":"ImageObject","inLanguage":"es-AR","@id":"https:\/\/sergiolapegue.com\/site\/wp-content\/uploads\/2021\/04\/logo_header-1.png","url":"https:\/\/sergiolapegue.com\/site\/wp-content\/uploads\/2021\/04\/logo_header-1.png","contentUrl":"https:\/\/sergiolapegue.com\/site\/wp-content\/uploads\/2021\/04\/logo_header-1.png","width":272,"height":90,"caption":"Sergio Lapegue"},"logo":{"@id":"https:\/\/sergiolapegue.com\/site\/wp-content\/uploads\/2021\/04\/logo_header-1.png"},"sameAs":["https:\/\/facebook.com\/sergiolapegue","https:\/\/instagram.com\/sergiolapegue","https:\/\/x.com\/https:\/\/twitter.com\/sergiolapegue"]},{"@type":"Person","@id":"https:\/\/sergiolapegue.com\/site\/#\/schema\/person\/00adf937d010c7f79a180dc4916a40e0","name":"Leonardo Monta\u00f1a","image":{"@type":"ImageObject","inLanguage":"es-AR","@id":"https:\/\/sergiolapegue.com\/site\/wp-content\/uploads\/2021\/04\/sl_avatar_Leonardo-150x150.jpg","url":"https:\/\/sergiolapegue.com\/site\/wp-content\/uploads\/2021\/04\/sl_avatar_Leonardo-150x150.jpg","contentUrl":"https:\/\/sergiolapegue.com\/site\/wp-content\/uploads\/2021\/04\/sl_avatar_Leonardo-150x150.jpg","caption":"Leonardo Monta\u00f1a"},"sameAs":["https:\/\/x.com\/https:\/\/twitter.com\/soytoto81"],"url":"https:\/\/sergiolapegue.com\/site\/author\/leonardo\/"}]}},"_links":{"self":[{"href":"https:\/\/sergiolapegue.com\/site\/wp-json\/wp\/v2\/posts\/20506","targetHints":{"allow":["GET"]}}],"collection":[{"href":"https:\/\/sergiolapegue.com\/site\/wp-json\/wp\/v2\/posts"}],"about":[{"href":"https:\/\/sergiolapegue.com\/site\/wp-json\/wp\/v2\/types\/post"}],"author":[{"embeddable":true,"href":"https:\/\/sergiolapegue.com\/site\/wp-json\/wp\/v2\/users\/4"}],"replies":[{"embeddable":true,"href":"https:\/\/sergiolapegue.com\/site\/wp-json\/wp\/v2\/comments?post=20506"}],"version-history":[{"count":1,"href":"https:\/\/sergiolapegue.com\/site\/wp-json\/wp\/v2\/posts\/20506\/revisions"}],"predecessor-version":[{"id":20510,"href":"https:\/\/sergiolapegue.com\/site\/wp-json\/wp\/v2\/posts\/20506\/revisions\/20510"}],"wp:featuredmedia":[{"embeddable":true,"href":"https:\/\/sergiolapegue.com\/site\/wp-json\/wp\/v2\/media\/20509"}],"wp:attachment":[{"href":"https:\/\/sergiolapegue.com\/site\/wp-json\/wp\/v2\/media?parent=20506"}],"wp:term":[{"taxonomy":"category","embeddable":true,"href":"https:\/\/sergiolapegue.com\/site\/wp-json\/wp\/v2\/categories?post=20506"},{"taxonomy":"post_tag","embeddable":true,"href":"https:\/\/sergiolapegue.com\/site\/wp-json\/wp\/v2\/tags?post=20506"}],"curies":[{"name":"wp","href":"https:\/\/api.w.org\/{rel}","templated":true}]}}