{"id":20446,"date":"2025-01-26T01:00:00","date_gmt":"2025-01-26T04:00:00","guid":{"rendered":"https:\/\/sergiolapegue.com\/site\/?p=20446"},"modified":"2025-01-23T00:40:31","modified_gmt":"2025-01-23T03:40:31","slug":"libre-piedra","status":"publish","type":"post","link":"https:\/\/sergiolapegue.com\/site\/2025\/01\/26\/libre-piedra\/","title":{"rendered":"\u201cLIBRE PIEDRA\u201d"},"content":{"rendered":"\n<p>En febrero llega una nueva temporada de la obra &#8220;Libre piedra&#8221;, un musical con canciones de rock nacional, de Emmanuel Degracia, qui\u00e9n tambi\u00e9n dirige y las actuaciones de Ana Clara Fay, Ariadna Alegre, Ariadna Thachuk, Fina Insua, Fiona Obreg\u00f3n, Juan Esteban Bonora, Leyla Iara Alam, Luis Machuca, Mar\u00eda Milkovic, Milagros Casielles, Nacho Batti, Patrissia Lorca, Tute Riva y Zoe G\u00f3mez.<\/p>\n\n\n\n<p>El estreno ser\u00e1 el pr\u00f3ximo mi\u00e9rcoles 5 de febrero en \u00cdtaca Complejo Teatral.<\/p>\n\n\n\n<figure class=\"wp-block-image size-full\"><img loading=\"lazy\" decoding=\"async\" width=\"808\" height=\"536\" src=\"https:\/\/sergiolapegue.com\/site\/wp-content\/uploads\/2025\/01\/Libre-Piedra-1.jpg\" alt=\"\" class=\"wp-image-20447\" srcset=\"https:\/\/sergiolapegue.com\/site\/wp-content\/uploads\/2025\/01\/Libre-Piedra-1.jpg 808w, https:\/\/sergiolapegue.com\/site\/wp-content\/uploads\/2025\/01\/Libre-Piedra-1-300x199.jpg 300w, https:\/\/sergiolapegue.com\/site\/wp-content\/uploads\/2025\/01\/Libre-Piedra-1-768x509.jpg 768w, https:\/\/sergiolapegue.com\/site\/wp-content\/uploads\/2025\/01\/Libre-Piedra-1-633x420.jpg 633w, https:\/\/sergiolapegue.com\/site\/wp-content\/uploads\/2025\/01\/Libre-Piedra-1-696x462.jpg 696w\" sizes=\"auto, (max-width: 808px) 100vw, 808px\" \/><\/figure>\n\n\n\n<p><strong>SINOPSIS<\/strong><\/p>\n\n\n\n<p>&#8220;Libre Piedra&#8221; nos lleva a un teatro abandonado donde un grupo de j\u00f3venes artistas lucha por convertirlo en un espacio vivo de creatividad y sue\u00f1os. Martina, una guitarrista apasionada, y sus amigos, enfrentan desaf\u00edos personales y colectivos mientras reconstruyen no s\u00f3lo el lugar, sino tambi\u00e9n sus propias vidas. Con di\u00e1logos cargados de emoci\u00f3n, canciones ic\u00f3nicas del rock nacional y momentos de humor y ternura, esta obra invita al p\u00fablico a reflexionar sobre el poder del arte para transformar realidades.<\/p>\n\n\n\n<p>A trav\u00e9s de sus personajes, &#8220;Libre Piedra&#8221; explora temas profundos como el autodescubrimiento, la salud mental y la importancia de buscar apoyo en los momentos m\u00e1s oscuros.<\/p>\n\n\n\n<p>Un espect\u00e1culo vibrante que celebra la amistad, la resiliencia y la magia de crear juntos, record\u00e1ndonos que el arte puede ser un refugio y una herramienta para sanar.<\/p>\n\n\n\n<figure class=\"wp-block-image size-full\"><img loading=\"lazy\" decoding=\"async\" width=\"828\" height=\"522\" src=\"https:\/\/sergiolapegue.com\/site\/wp-content\/uploads\/2025\/01\/Libre-Piedra-2.jpg\" alt=\"\" class=\"wp-image-20448\" srcset=\"https:\/\/sergiolapegue.com\/site\/wp-content\/uploads\/2025\/01\/Libre-Piedra-2.jpg 828w, https:\/\/sergiolapegue.com\/site\/wp-content\/uploads\/2025\/01\/Libre-Piedra-2-300x189.jpg 300w, https:\/\/sergiolapegue.com\/site\/wp-content\/uploads\/2025\/01\/Libre-Piedra-2-768x484.jpg 768w, https:\/\/sergiolapegue.com\/site\/wp-content\/uploads\/2025\/01\/Libre-Piedra-2-666x420.jpg 666w, https:\/\/sergiolapegue.com\/site\/wp-content\/uploads\/2025\/01\/Libre-Piedra-2-696x439.jpg 696w\" sizes=\"auto, (max-width: 828px) 100vw, 828px\" \/><\/figure>\n\n\n\n<p><strong>PALABRAS DE EMMANUEL DEGRACIA<\/strong><\/p>\n\n\n\n<p>&#8220;Libre Piedra&#8221; es m\u00e1s que una obra; es un grito de libertad, un homenaje al arte como refugio y al rock nacional como s\u00edmbolo de resistencia y autenticidad. Quiero que quienes se sienten en las butacas vivan la fuerza de la m\u00fasica y, al mismo tiempo, se vean reflejados en la b\u00fasqueda de estos personajes: su lucha por encontrar un lugar donde puedan ser ellos mismos sin miedo a ser juzgados. La idea de &#8220;Libre&#8221;&nbsp;Piedra naci\u00f3 casi como un impulso. Durante una noche de charlas con amigos, en medio de risas y canciones, nos dimos cuenta de cu\u00e1nto significa el rock nacional en nuestras vidas. Es la banda sonora de nuestros triunfos, nuestras ca\u00eddas y nuestras luchas internas. Fue ah\u00ed cuando surgi\u00f3 la pregunta: \u00bfY si cont\u00e1ramos nuestra historia con esa m\u00fasica como eje? Desde ese momento de inspiraci\u00f3n espont\u00e1nea, comenz\u00f3 a tomar forma esta obra. Cada escena, cada tema, y cada palabra fueron construidos con el coraz\u00f3n, pensando en crear una experiencia que no solo entretenga, sino que tambi\u00e9n&nbsp;inspire. \u2013 <strong>Director y Dramaturgo<\/strong><\/p>\n\n\n\n<figure class=\"wp-block-image size-full\"><img loading=\"lazy\" decoding=\"async\" width=\"756\" height=\"514\" src=\"https:\/\/sergiolapegue.com\/site\/wp-content\/uploads\/2025\/01\/Libre-Piedra-3.jpg\" alt=\"\" class=\"wp-image-20449\" srcset=\"https:\/\/sergiolapegue.com\/site\/wp-content\/uploads\/2025\/01\/Libre-Piedra-3.jpg 756w, https:\/\/sergiolapegue.com\/site\/wp-content\/uploads\/2025\/01\/Libre-Piedra-3-300x204.jpg 300w, https:\/\/sergiolapegue.com\/site\/wp-content\/uploads\/2025\/01\/Libre-Piedra-3-618x420.jpg 618w, https:\/\/sergiolapegue.com\/site\/wp-content\/uploads\/2025\/01\/Libre-Piedra-3-696x473.jpg 696w\" sizes=\"auto, (max-width: 756px) 100vw, 756px\" \/><\/figure>\n\n\n\n<p><strong>FICHA T\u00c9CNICO ART\u00cdSTICA<\/strong><\/p>\n\n\n\n<p><strong>Libro:<\/strong> Emmanuel Degracia<\/p>\n\n\n\n<p><strong>Act\u00faan:<\/strong> Ana Clara Fay, Ariadna Alegre, Ariadna Thachuk, Fina Insua, Fiona Obreg\u00f3n, Juan Esteban Bonora, Leyla Iara Alam, Luis Machuca, Mar\u00eda Milkovic, Milagros Casielles, Nacho Batti, Patrissia Lorca, Tute Riva, Zoe G\u00f3mez<\/p>\n\n\n\n<p><strong>Swings:<\/strong> Sarah Birmajer, Marikena Saavedra<\/p>\n\n\n\n<p><strong>Coreograf\u00edas:<\/strong> Pame Peker<\/p>\n\n\n\n<p><strong>Arreglos, producci\u00f3n y direcci\u00f3n musical:<\/strong> Edu Blacher<\/p>\n\n\n\n<p><strong>Arreglos corales:<\/strong> El\u00edas Cafiero<\/p>\n\n\n\n<p><strong>Redes:<\/strong> Martina B\u00e1rtoli, Ana B\u00e1rtoli<\/p>\n\n\n\n<p><strong>Identidad Gr\u00e1fica:<\/strong> Mariano Morelli<\/p>\n\n\n\n<p><strong>Peinados:<\/strong> MB Sal\u00f3n<\/p>\n\n\n\n<p><strong>Prensa:<\/strong> Pablito Lancone<\/p>\n\n\n\n<p><strong>Producci\u00f3n ejecutiva:<\/strong> Pato Rebora<\/p>\n\n\n\n<p><strong>Direcci\u00f3n de Actores:<\/strong> Mar\u00eda Roj\u00ed<\/p>\n\n\n\n<p><strong>Direcci\u00f3n General:<\/strong> Emmanuel Degracia<\/p>\n\n\n\n<p><strong>Instagram:<\/strong> Libre Piedra (<a href=\"https:\/\/www.instagram.com\/librepiedramusical\/\" target=\"_blank\" rel=\"noreferrer noopener\">@librepiedramusical<\/a>)<\/p>\n\n\n\n<figure class=\"wp-block-image size-full\"><img loading=\"lazy\" decoding=\"async\" width=\"904\" height=\"588\" src=\"https:\/\/sergiolapegue.com\/site\/wp-content\/uploads\/2025\/01\/Libre-Piedra-4.jpg\" alt=\"\" class=\"wp-image-20450\" srcset=\"https:\/\/sergiolapegue.com\/site\/wp-content\/uploads\/2025\/01\/Libre-Piedra-4.jpg 904w, https:\/\/sergiolapegue.com\/site\/wp-content\/uploads\/2025\/01\/Libre-Piedra-4-300x195.jpg 300w, https:\/\/sergiolapegue.com\/site\/wp-content\/uploads\/2025\/01\/Libre-Piedra-4-768x500.jpg 768w, https:\/\/sergiolapegue.com\/site\/wp-content\/uploads\/2025\/01\/Libre-Piedra-4-646x420.jpg 646w, https:\/\/sergiolapegue.com\/site\/wp-content\/uploads\/2025\/01\/Libre-Piedra-4-696x453.jpg 696w\" sizes=\"auto, (max-width: 904px) 100vw, 904px\" \/><\/figure>\n\n\n\n<p><strong>\u00cdTACA COMPLEJO TEATRAL<\/strong><\/p>\n\n\n\n<p>Humahuaca 4027 \u2013 Capital Federal \u2013 Buenos Aires \u2013 Argentina<\/p>\n\n\n\n<p>Tel\u00e9fono: 7549-3926 \u2013 WhatsApp: 11 6 669-4027<\/p>\n\n\n\n<p>Entradas: $ 12.000 \u2013 en boleter\u00eda del teatro o por Alternativa Teatral \u2013 Link:<\/p>\n\n\n\n<p><a href=\"https:\/\/publico.alternativateatral.com\/entradas93583-libre-piedra?o=14\" target=\"_blank\" rel=\"noreferrer noopener\">Entradas para Libre Piedra en ITACA COMPLEJO TEATRAL &#8211; Alternativa Teatral<\/a><\/p>\n\n\n\n<p>Funciones: Mi\u00e9rcoles 20:30 horas \u2013 Del 05\/02\/2025 al 26\/02\/2025<\/p>\n\n\n\n<p>\u00a0\u00a0\u00a0\u00a0\u00a0\u00a0\u00a0\u00a0\u00a0\u00a0\u00a0\u00a0\u00a0\u00a0\u00a0\u00a0 Viernes 20:30 horas \u2013 Del 07\/03\/2025 al 28\/03\/2025<\/p>\n\n\n\n<p>Gracias Pablo Lancone por enviarnos la gacetilla de prensa de la nueva temporada de este espect\u00e1culo.<\/p>\n\n\n\n<p><\/p>\n","protected":false},"excerpt":{"rendered":"<p>En febrero llega una nueva temporada de la obra &#8220;Libre piedra&#8221;, un musical con canciones de rock nacional, de Emmanuel Degracia, qui\u00e9n tambi\u00e9n dirige y las actuaciones de Ana Clara Fay, Ariadna Alegre, Ariadna Thachuk, Fina Insua, Fiona Obreg\u00f3n, Juan Esteban Bonora, Leyla Iara Alam, Luis Machuca, Mar\u00eda Milkovic, Milagros Casielles, Nacho Batti, Patrissia Lorca, [&hellip;]<\/p>\n","protected":false},"author":3,"featured_media":20451,"comment_status":"open","ping_status":"closed","sticky":false,"template":"","format":"standard","meta":{"footnotes":""},"categories":[34,35],"tags":[],"class_list":{"0":"post-20446","1":"post","2":"type-post","3":"status-publish","4":"format-standard","5":"has-post-thumbnail","7":"category-arte","8":"category-teatro"},"yoast_head":"<!-- This site is optimized with the Yoast SEO plugin v27.5 - https:\/\/yoast.com\/product\/yoast-seo-wordpress\/ -->\n<title>\u201cLIBRE PIEDRA\u201d - Sergio Lapegue<\/title>\n<meta name=\"robots\" content=\"index, follow, max-snippet:-1, max-image-preview:large, max-video-preview:-1\" \/>\n<link rel=\"canonical\" href=\"https:\/\/sergiolapegue.com\/site\/2025\/01\/26\/libre-piedra\/\" \/>\n<meta property=\"og:locale\" content=\"es_ES\" \/>\n<meta property=\"og:type\" content=\"article\" \/>\n<meta property=\"og:title\" content=\"\u201cLIBRE PIEDRA\u201d - Sergio Lapegue\" \/>\n<meta property=\"og:description\" content=\"En febrero llega una nueva temporada de la obra &#8220;Libre piedra&#8221;, un musical con canciones de rock nacional, de Emmanuel Degracia, qui\u00e9n tambi\u00e9n dirige y las actuaciones de Ana Clara Fay, Ariadna Alegre, Ariadna Thachuk, Fina Insua, Fiona Obreg\u00f3n, Juan Esteban Bonora, Leyla Iara Alam, Luis Machuca, Mar\u00eda Milkovic, Milagros Casielles, Nacho Batti, Patrissia Lorca, [&hellip;]\" \/>\n<meta property=\"og:url\" content=\"https:\/\/sergiolapegue.com\/site\/2025\/01\/26\/libre-piedra\/\" \/>\n<meta property=\"og:site_name\" content=\"Sergio Lapegue\" \/>\n<meta property=\"article:publisher\" content=\"https:\/\/facebook.com\/sergiolapegue\" \/>\n<meta property=\"article:author\" content=\"https:\/\/facebook.com\/danielernesto.montana\" \/>\n<meta property=\"article:published_time\" content=\"2025-01-26T04:00:00+00:00\" \/>\n<meta property=\"og:image\" content=\"https:\/\/sergiolapegue.com\/site\/wp-content\/uploads\/2025\/01\/Libre-Piedra.png\" \/>\n\t<meta property=\"og:image:width\" content=\"1080\" \/>\n\t<meta property=\"og:image:height\" content=\"1080\" \/>\n\t<meta property=\"og:image:type\" content=\"image\/png\" \/>\n<meta name=\"author\" content=\"Daniel E. Monta\u00f1a\" \/>\n<meta name=\"twitter:card\" content=\"summary_large_image\" \/>\n<meta name=\"twitter:creator\" content=\"@https:\/\/twitter.com\/daner_004\" \/>\n<meta name=\"twitter:site\" content=\"@sergiolapegue\" \/>\n<meta name=\"twitter:label1\" content=\"Escrito por\" \/>\n\t<meta name=\"twitter:data1\" content=\"Daniel E. Monta\u00f1a\" \/>\n\t<meta name=\"twitter:label2\" content=\"Tiempo de lectura\" \/>\n\t<meta name=\"twitter:data2\" content=\"4 minutos\" \/>\n<script type=\"application\/ld+json\" class=\"yoast-schema-graph\">{\"@context\":\"https:\\\/\\\/schema.org\",\"@graph\":[{\"@type\":\"Article\",\"@id\":\"https:\\\/\\\/sergiolapegue.com\\\/site\\\/2025\\\/01\\\/26\\\/libre-piedra\\\/#article\",\"isPartOf\":{\"@id\":\"https:\\\/\\\/sergiolapegue.com\\\/site\\\/2025\\\/01\\\/26\\\/libre-piedra\\\/\"},\"author\":{\"name\":\"Daniel E. Monta\u00f1a\",\"@id\":\"https:\\\/\\\/sergiolapegue.com\\\/site\\\/#\\\/schema\\\/person\\\/9198e7dbab43c6d74d0fd5399af7c3cd\"},\"headline\":\"\u201cLIBRE PIEDRA\u201d\",\"datePublished\":\"2025-01-26T04:00:00+00:00\",\"mainEntityOfPage\":{\"@id\":\"https:\\\/\\\/sergiolapegue.com\\\/site\\\/2025\\\/01\\\/26\\\/libre-piedra\\\/\"},\"wordCount\":592,\"commentCount\":0,\"publisher\":{\"@id\":\"https:\\\/\\\/sergiolapegue.com\\\/site\\\/#\\\/schema\\\/person\\\/083aeceeb0734cd166779ea6c0551a37\"},\"image\":{\"@id\":\"https:\\\/\\\/sergiolapegue.com\\\/site\\\/2025\\\/01\\\/26\\\/libre-piedra\\\/#primaryimage\"},\"thumbnailUrl\":\"https:\\\/\\\/sergiolapegue.com\\\/site\\\/wp-content\\\/uploads\\\/2025\\\/01\\\/Libre-Piedra.png\",\"articleSection\":[\"Arte\",\"Teatro\"],\"inLanguage\":\"es-AR\",\"potentialAction\":[{\"@type\":\"CommentAction\",\"name\":\"Comment\",\"target\":[\"https:\\\/\\\/sergiolapegue.com\\\/site\\\/2025\\\/01\\\/26\\\/libre-piedra\\\/#respond\"]}]},{\"@type\":\"WebPage\",\"@id\":\"https:\\\/\\\/sergiolapegue.com\\\/site\\\/2025\\\/01\\\/26\\\/libre-piedra\\\/\",\"url\":\"https:\\\/\\\/sergiolapegue.com\\\/site\\\/2025\\\/01\\\/26\\\/libre-piedra\\\/\",\"name\":\"\u201cLIBRE PIEDRA\u201d - Sergio Lapegue\",\"isPartOf\":{\"@id\":\"https:\\\/\\\/sergiolapegue.com\\\/site\\\/#website\"},\"primaryImageOfPage\":{\"@id\":\"https:\\\/\\\/sergiolapegue.com\\\/site\\\/2025\\\/01\\\/26\\\/libre-piedra\\\/#primaryimage\"},\"image\":{\"@id\":\"https:\\\/\\\/sergiolapegue.com\\\/site\\\/2025\\\/01\\\/26\\\/libre-piedra\\\/#primaryimage\"},\"thumbnailUrl\":\"https:\\\/\\\/sergiolapegue.com\\\/site\\\/wp-content\\\/uploads\\\/2025\\\/01\\\/Libre-Piedra.png\",\"datePublished\":\"2025-01-26T04:00:00+00:00\",\"breadcrumb\":{\"@id\":\"https:\\\/\\\/sergiolapegue.com\\\/site\\\/2025\\\/01\\\/26\\\/libre-piedra\\\/#breadcrumb\"},\"inLanguage\":\"es-AR\",\"potentialAction\":[{\"@type\":\"ReadAction\",\"target\":[\"https:\\\/\\\/sergiolapegue.com\\\/site\\\/2025\\\/01\\\/26\\\/libre-piedra\\\/\"]}]},{\"@type\":\"ImageObject\",\"inLanguage\":\"es-AR\",\"@id\":\"https:\\\/\\\/sergiolapegue.com\\\/site\\\/2025\\\/01\\\/26\\\/libre-piedra\\\/#primaryimage\",\"url\":\"https:\\\/\\\/sergiolapegue.com\\\/site\\\/wp-content\\\/uploads\\\/2025\\\/01\\\/Libre-Piedra.png\",\"contentUrl\":\"https:\\\/\\\/sergiolapegue.com\\\/site\\\/wp-content\\\/uploads\\\/2025\\\/01\\\/Libre-Piedra.png\",\"width\":1080,\"height\":1080},{\"@type\":\"BreadcrumbList\",\"@id\":\"https:\\\/\\\/sergiolapegue.com\\\/site\\\/2025\\\/01\\\/26\\\/libre-piedra\\\/#breadcrumb\",\"itemListElement\":[{\"@type\":\"ListItem\",\"position\":1,\"name\":\"Inicio\",\"item\":\"https:\\\/\\\/sergiolapegue.com\\\/site\\\/\"},{\"@type\":\"ListItem\",\"position\":2,\"name\":\"\u201cLIBRE PIEDRA\u201d\"}]},{\"@type\":\"WebSite\",\"@id\":\"https:\\\/\\\/sergiolapegue.com\\\/site\\\/#website\",\"url\":\"https:\\\/\\\/sergiolapegue.com\\\/site\\\/\",\"name\":\"Sergio Lapegue\",\"description\":\"Periodista\",\"publisher\":{\"@id\":\"https:\\\/\\\/sergiolapegue.com\\\/site\\\/#\\\/schema\\\/person\\\/083aeceeb0734cd166779ea6c0551a37\"},\"potentialAction\":[{\"@type\":\"SearchAction\",\"target\":{\"@type\":\"EntryPoint\",\"urlTemplate\":\"https:\\\/\\\/sergiolapegue.com\\\/site\\\/?s={search_term_string}\"},\"query-input\":{\"@type\":\"PropertyValueSpecification\",\"valueRequired\":true,\"valueName\":\"search_term_string\"}}],\"inLanguage\":\"es-AR\"},{\"@type\":[\"Person\",\"Organization\"],\"@id\":\"https:\\\/\\\/sergiolapegue.com\\\/site\\\/#\\\/schema\\\/person\\\/083aeceeb0734cd166779ea6c0551a37\",\"name\":\"Sergio Lapegue\",\"image\":{\"@type\":\"ImageObject\",\"inLanguage\":\"es-AR\",\"@id\":\"https:\\\/\\\/sergiolapegue.com\\\/site\\\/wp-content\\\/uploads\\\/2021\\\/04\\\/logo_header-1.png\",\"url\":\"https:\\\/\\\/sergiolapegue.com\\\/site\\\/wp-content\\\/uploads\\\/2021\\\/04\\\/logo_header-1.png\",\"contentUrl\":\"https:\\\/\\\/sergiolapegue.com\\\/site\\\/wp-content\\\/uploads\\\/2021\\\/04\\\/logo_header-1.png\",\"width\":272,\"height\":90,\"caption\":\"Sergio Lapegue\"},\"logo\":{\"@id\":\"https:\\\/\\\/sergiolapegue.com\\\/site\\\/wp-content\\\/uploads\\\/2021\\\/04\\\/logo_header-1.png\"},\"sameAs\":[\"https:\\\/\\\/facebook.com\\\/sergiolapegue\",\"https:\\\/\\\/instagram.com\\\/sergiolapegue\",\"https:\\\/\\\/x.com\\\/https:\\\/\\\/twitter.com\\\/sergiolapegue\"]},{\"@type\":\"Person\",\"@id\":\"https:\\\/\\\/sergiolapegue.com\\\/site\\\/#\\\/schema\\\/person\\\/9198e7dbab43c6d74d0fd5399af7c3cd\",\"name\":\"Daniel E. Monta\u00f1a\",\"image\":{\"@type\":\"ImageObject\",\"inLanguage\":\"es-AR\",\"@id\":\"https:\\\/\\\/sergiolapegue.com\\\/site\\\/wp-content\\\/uploads\\\/2021\\\/04\\\/sl_avatar_Daniel-150x150.jpg\",\"url\":\"https:\\\/\\\/sergiolapegue.com\\\/site\\\/wp-content\\\/uploads\\\/2021\\\/04\\\/sl_avatar_Daniel-150x150.jpg\",\"contentUrl\":\"https:\\\/\\\/sergiolapegue.com\\\/site\\\/wp-content\\\/uploads\\\/2021\\\/04\\\/sl_avatar_Daniel-150x150.jpg\",\"caption\":\"Daniel E. Monta\u00f1a\"},\"sameAs\":[\"https:\\\/\\\/facebook.com\\\/danielernesto.montana\",\"https:\\\/\\\/instagram.com\\\/daniel_montana1961\",\"https:\\\/\\\/x.com\\\/https:\\\/\\\/twitter.com\\\/daner_004\"],\"url\":\"https:\\\/\\\/sergiolapegue.com\\\/site\\\/author\\\/daniel\\\/\"}]}<\/script>\n<!-- \/ Yoast SEO plugin. -->","yoast_head_json":{"title":"\u201cLIBRE PIEDRA\u201d - Sergio Lapegue","robots":{"index":"index","follow":"follow","max-snippet":"max-snippet:-1","max-image-preview":"max-image-preview:large","max-video-preview":"max-video-preview:-1"},"canonical":"https:\/\/sergiolapegue.com\/site\/2025\/01\/26\/libre-piedra\/","og_locale":"es_ES","og_type":"article","og_title":"\u201cLIBRE PIEDRA\u201d - Sergio Lapegue","og_description":"En febrero llega una nueva temporada de la obra &#8220;Libre piedra&#8221;, un musical con canciones de rock nacional, de Emmanuel Degracia, qui\u00e9n tambi\u00e9n dirige y las actuaciones de Ana Clara Fay, Ariadna Alegre, Ariadna Thachuk, Fina Insua, Fiona Obreg\u00f3n, Juan Esteban Bonora, Leyla Iara Alam, Luis Machuca, Mar\u00eda Milkovic, Milagros Casielles, Nacho Batti, Patrissia Lorca, [&hellip;]","og_url":"https:\/\/sergiolapegue.com\/site\/2025\/01\/26\/libre-piedra\/","og_site_name":"Sergio Lapegue","article_publisher":"https:\/\/facebook.com\/sergiolapegue","article_author":"https:\/\/facebook.com\/danielernesto.montana","article_published_time":"2025-01-26T04:00:00+00:00","og_image":[{"width":1080,"height":1080,"url":"https:\/\/sergiolapegue.com\/site\/wp-content\/uploads\/2025\/01\/Libre-Piedra.png","type":"image\/png"}],"author":"Daniel E. Monta\u00f1a","twitter_card":"summary_large_image","twitter_creator":"@https:\/\/twitter.com\/daner_004","twitter_site":"@sergiolapegue","twitter_misc":{"Escrito por":"Daniel E. Monta\u00f1a","Tiempo de lectura":"4 minutos"},"schema":{"@context":"https:\/\/schema.org","@graph":[{"@type":"Article","@id":"https:\/\/sergiolapegue.com\/site\/2025\/01\/26\/libre-piedra\/#article","isPartOf":{"@id":"https:\/\/sergiolapegue.com\/site\/2025\/01\/26\/libre-piedra\/"},"author":{"name":"Daniel E. Monta\u00f1a","@id":"https:\/\/sergiolapegue.com\/site\/#\/schema\/person\/9198e7dbab43c6d74d0fd5399af7c3cd"},"headline":"\u201cLIBRE PIEDRA\u201d","datePublished":"2025-01-26T04:00:00+00:00","mainEntityOfPage":{"@id":"https:\/\/sergiolapegue.com\/site\/2025\/01\/26\/libre-piedra\/"},"wordCount":592,"commentCount":0,"publisher":{"@id":"https:\/\/sergiolapegue.com\/site\/#\/schema\/person\/083aeceeb0734cd166779ea6c0551a37"},"image":{"@id":"https:\/\/sergiolapegue.com\/site\/2025\/01\/26\/libre-piedra\/#primaryimage"},"thumbnailUrl":"https:\/\/sergiolapegue.com\/site\/wp-content\/uploads\/2025\/01\/Libre-Piedra.png","articleSection":["Arte","Teatro"],"inLanguage":"es-AR","potentialAction":[{"@type":"CommentAction","name":"Comment","target":["https:\/\/sergiolapegue.com\/site\/2025\/01\/26\/libre-piedra\/#respond"]}]},{"@type":"WebPage","@id":"https:\/\/sergiolapegue.com\/site\/2025\/01\/26\/libre-piedra\/","url":"https:\/\/sergiolapegue.com\/site\/2025\/01\/26\/libre-piedra\/","name":"\u201cLIBRE PIEDRA\u201d - Sergio Lapegue","isPartOf":{"@id":"https:\/\/sergiolapegue.com\/site\/#website"},"primaryImageOfPage":{"@id":"https:\/\/sergiolapegue.com\/site\/2025\/01\/26\/libre-piedra\/#primaryimage"},"image":{"@id":"https:\/\/sergiolapegue.com\/site\/2025\/01\/26\/libre-piedra\/#primaryimage"},"thumbnailUrl":"https:\/\/sergiolapegue.com\/site\/wp-content\/uploads\/2025\/01\/Libre-Piedra.png","datePublished":"2025-01-26T04:00:00+00:00","breadcrumb":{"@id":"https:\/\/sergiolapegue.com\/site\/2025\/01\/26\/libre-piedra\/#breadcrumb"},"inLanguage":"es-AR","potentialAction":[{"@type":"ReadAction","target":["https:\/\/sergiolapegue.com\/site\/2025\/01\/26\/libre-piedra\/"]}]},{"@type":"ImageObject","inLanguage":"es-AR","@id":"https:\/\/sergiolapegue.com\/site\/2025\/01\/26\/libre-piedra\/#primaryimage","url":"https:\/\/sergiolapegue.com\/site\/wp-content\/uploads\/2025\/01\/Libre-Piedra.png","contentUrl":"https:\/\/sergiolapegue.com\/site\/wp-content\/uploads\/2025\/01\/Libre-Piedra.png","width":1080,"height":1080},{"@type":"BreadcrumbList","@id":"https:\/\/sergiolapegue.com\/site\/2025\/01\/26\/libre-piedra\/#breadcrumb","itemListElement":[{"@type":"ListItem","position":1,"name":"Inicio","item":"https:\/\/sergiolapegue.com\/site\/"},{"@type":"ListItem","position":2,"name":"\u201cLIBRE PIEDRA\u201d"}]},{"@type":"WebSite","@id":"https:\/\/sergiolapegue.com\/site\/#website","url":"https:\/\/sergiolapegue.com\/site\/","name":"Sergio Lapegue","description":"Periodista","publisher":{"@id":"https:\/\/sergiolapegue.com\/site\/#\/schema\/person\/083aeceeb0734cd166779ea6c0551a37"},"potentialAction":[{"@type":"SearchAction","target":{"@type":"EntryPoint","urlTemplate":"https:\/\/sergiolapegue.com\/site\/?s={search_term_string}"},"query-input":{"@type":"PropertyValueSpecification","valueRequired":true,"valueName":"search_term_string"}}],"inLanguage":"es-AR"},{"@type":["Person","Organization"],"@id":"https:\/\/sergiolapegue.com\/site\/#\/schema\/person\/083aeceeb0734cd166779ea6c0551a37","name":"Sergio Lapegue","image":{"@type":"ImageObject","inLanguage":"es-AR","@id":"https:\/\/sergiolapegue.com\/site\/wp-content\/uploads\/2021\/04\/logo_header-1.png","url":"https:\/\/sergiolapegue.com\/site\/wp-content\/uploads\/2021\/04\/logo_header-1.png","contentUrl":"https:\/\/sergiolapegue.com\/site\/wp-content\/uploads\/2021\/04\/logo_header-1.png","width":272,"height":90,"caption":"Sergio Lapegue"},"logo":{"@id":"https:\/\/sergiolapegue.com\/site\/wp-content\/uploads\/2021\/04\/logo_header-1.png"},"sameAs":["https:\/\/facebook.com\/sergiolapegue","https:\/\/instagram.com\/sergiolapegue","https:\/\/x.com\/https:\/\/twitter.com\/sergiolapegue"]},{"@type":"Person","@id":"https:\/\/sergiolapegue.com\/site\/#\/schema\/person\/9198e7dbab43c6d74d0fd5399af7c3cd","name":"Daniel E. Monta\u00f1a","image":{"@type":"ImageObject","inLanguage":"es-AR","@id":"https:\/\/sergiolapegue.com\/site\/wp-content\/uploads\/2021\/04\/sl_avatar_Daniel-150x150.jpg","url":"https:\/\/sergiolapegue.com\/site\/wp-content\/uploads\/2021\/04\/sl_avatar_Daniel-150x150.jpg","contentUrl":"https:\/\/sergiolapegue.com\/site\/wp-content\/uploads\/2021\/04\/sl_avatar_Daniel-150x150.jpg","caption":"Daniel E. Monta\u00f1a"},"sameAs":["https:\/\/facebook.com\/danielernesto.montana","https:\/\/instagram.com\/daniel_montana1961","https:\/\/x.com\/https:\/\/twitter.com\/daner_004"],"url":"https:\/\/sergiolapegue.com\/site\/author\/daniel\/"}]}},"_links":{"self":[{"href":"https:\/\/sergiolapegue.com\/site\/wp-json\/wp\/v2\/posts\/20446","targetHints":{"allow":["GET"]}}],"collection":[{"href":"https:\/\/sergiolapegue.com\/site\/wp-json\/wp\/v2\/posts"}],"about":[{"href":"https:\/\/sergiolapegue.com\/site\/wp-json\/wp\/v2\/types\/post"}],"author":[{"embeddable":true,"href":"https:\/\/sergiolapegue.com\/site\/wp-json\/wp\/v2\/users\/3"}],"replies":[{"embeddable":true,"href":"https:\/\/sergiolapegue.com\/site\/wp-json\/wp\/v2\/comments?post=20446"}],"version-history":[{"count":1,"href":"https:\/\/sergiolapegue.com\/site\/wp-json\/wp\/v2\/posts\/20446\/revisions"}],"predecessor-version":[{"id":20452,"href":"https:\/\/sergiolapegue.com\/site\/wp-json\/wp\/v2\/posts\/20446\/revisions\/20452"}],"wp:featuredmedia":[{"embeddable":true,"href":"https:\/\/sergiolapegue.com\/site\/wp-json\/wp\/v2\/media\/20451"}],"wp:attachment":[{"href":"https:\/\/sergiolapegue.com\/site\/wp-json\/wp\/v2\/media?parent=20446"}],"wp:term":[{"taxonomy":"category","embeddable":true,"href":"https:\/\/sergiolapegue.com\/site\/wp-json\/wp\/v2\/categories?post=20446"},{"taxonomy":"post_tag","embeddable":true,"href":"https:\/\/sergiolapegue.com\/site\/wp-json\/wp\/v2\/tags?post=20446"}],"curies":[{"name":"wp","href":"https:\/\/api.w.org\/{rel}","templated":true}]}}