{"id":20292,"date":"2025-01-27T09:12:00","date_gmt":"2025-01-27T12:12:00","guid":{"rendered":"https:\/\/sergiolapegue.com\/site\/?p=20292"},"modified":"2025-01-10T15:17:40","modified_gmt":"2025-01-10T18:17:40","slug":"62-de-los-trabajadores-argentinos-considera-que-el-uso-de-la-ia-puede-mejorar-la-equidad-en-el-lugar-de-trabajo-pero-los-datos-muestran-senales-de-alarma","status":"publish","type":"post","link":"https:\/\/sergiolapegue.com\/site\/2025\/01\/27\/62-de-los-trabajadores-argentinos-considera-que-el-uso-de-la-ia-puede-mejorar-la-equidad-en-el-lugar-de-trabajo-pero-los-datos-muestran-senales-de-alarma\/","title":{"rendered":"62% de los trabajadores argentinos considera que el uso de la IA puede mejorar la equidad en el lugar de trabajo, pero los datos muestran se\u00f1ales de alarma"},"content":{"rendered":"\n<p>Randstad, la compa\u00f1\u00eda de talento l\u00edder a nivel global, present\u00f3 nuevos resultados del estudio Escasez de Talento, IA y Equidad, realizado en 15 mercados, incluido Argentina, que indaga sobre la IA y su impacto en el mercado laboral. Del estudio surge que para el 62% de los trabajadores argentinos el uso de la IA puede mejorar la equidad en el lugar de trabajo, sin embargo, los datos que releva la investigaci\u00f3n de Randstad muestran que es necesario tomar acci\u00f3n para asegurar el acceso equitativo a las habilidades, los recursos y las oportunidades en IA.<\/p>\n\n\n\n<p>En este sentido, del estudio surge que el 68% de los argentinos afirma que la empresa en la que trabaja est\u00e1 adoptando Inteligencia Artificial (IA) en sus operaciones. Sin embargo, solo el 56% de los consultados asegura tener las habilidades en IA necesarias, y de este grupo el 57% son hombres y el 55% son mujeres, poniendo en evidencia una brecha de g\u00e9nero de 2 puntos porcentuales.<\/p>\n\n\n\n<p>Asimismo, a la hora de evaluar el acceso a las oportunidades de capacitaci\u00f3n en IA, el 39% de los hombres considera que su empleador le ha ofrecido suficientes oportunidades de formaci\u00f3n para mejorar sus habilidades en IA, en contraste a la percepci\u00f3n de las mujeres, donde solo el 34% afirma haber tenido acceso a capacitaci\u00f3n espec\u00edfica en IA por parte de su empleador, evidenciando aqu\u00ed tambi\u00e9n una brecha de 5 puntos porcentuales respecto del nivel de acceso manifestado por los hombres.<\/p>\n\n\n\n<p>En un contexto de escasez estructural de talento como el que atravesamos hoy a nivel global, los datos que surgen de la investigaci\u00f3n de Randstad muestran se\u00f1ales de alarma en relaci\u00f3n a las inequidades en cuanto a conocimiento, acceso y manejo de recursos, herramientas y capacitaci\u00f3n en Inteligencia Artificial, y c\u00f3mo estos desbalances podr\u00edan agravar la falta de trabajadores si no se abordan adecuadamente.<\/p>\n\n\n\n<p>Sobre este punto cr\u00edtico, Andrea \u00c1vila, CEO de Randstad para Argentina, Chile y Uruguay, afirm\u00f3: &#8220;El acceso equitativo a las oportunidades de formaci\u00f3n y desarrollo en IA tiene que debe ser una parte fundamental de la soluci\u00f3n al problema de la escasez de talento que enfrentamos a nivel global. Sin embargo, los datos muestran que la demanda de habilidades en IA sigue creciendo a un ritmo sin precedentes, al igual que la brecha de equidad que est\u00e1 creando. Esto demanda a las organizaciones una mirada de inclusi\u00f3n y equidad en relaci\u00f3n a la implementaci\u00f3n de herramientas de IA en sus procesos&#8221;.<\/p>\n\n\n\n<figure class=\"wp-block-image size-large is-style-rounded\"><img loading=\"lazy\" decoding=\"async\" width=\"1024\" height=\"420\" src=\"https:\/\/sergiolapegue.com\/site\/wp-content\/uploads\/2025\/01\/ia-trabajo02-1024x420.jpg\" alt=\"\" class=\"wp-image-20294\" srcset=\"https:\/\/sergiolapegue.com\/site\/wp-content\/uploads\/2025\/01\/ia-trabajo02-1024x420.jpg 1024w, https:\/\/sergiolapegue.com\/site\/wp-content\/uploads\/2025\/01\/ia-trabajo02-300x123.jpg 300w, https:\/\/sergiolapegue.com\/site\/wp-content\/uploads\/2025\/01\/ia-trabajo02-768x315.jpg 768w, https:\/\/sergiolapegue.com\/site\/wp-content\/uploads\/2025\/01\/ia-trabajo02-1536x630.jpg 1536w, https:\/\/sergiolapegue.com\/site\/wp-content\/uploads\/2025\/01\/ia-trabajo02-1023x420.jpg 1023w, https:\/\/sergiolapegue.com\/site\/wp-content\/uploads\/2025\/01\/ia-trabajo02-696x286.jpg 696w, https:\/\/sergiolapegue.com\/site\/wp-content\/uploads\/2025\/01\/ia-trabajo02-1068x438.jpg 1068w, https:\/\/sergiolapegue.com\/site\/wp-content\/uploads\/2025\/01\/ia-trabajo02.jpg 1920w\" sizes=\"auto, (max-width: 1024px) 100vw, 1024px\" \/><\/figure>\n\n\n\n<p><strong>Brecha de acceso, tambi\u00e9n por edad<\/strong><\/p>\n\n\n\n<p>Del estudio Escasez de Talento, IA y Equidad, surgen resultados que ponen de manifiesto la existencia de una marcada brecha en el acceso a capacitaciones y oportunidades de formaci\u00f3n en IA seg\u00fan la edad del trabajador. En este sentido, el 50% de los Millennials y el 50% de los Gen X sostienen que su empleador les ha ofrecido suficientes oportunidades de formaci\u00f3n para mejorar sus habilidades en IA, mientras que solo el 36% de los Baby Boomers afirma haber tenido acceso a capacitaci\u00f3n espec\u00edfica en IA por parte de su empleador, evidenciando aqu\u00ed tambi\u00e9n una brecha importante respecto del nivel de acceso manifestado por las generaciones m\u00e1s j\u00f3venes.<\/p>\n\n\n\n<p>Haciendo un zoom en el corte por edad, quienes se muestran m\u00e1s conformes con el acceso a las oportunidades de desarrollo y formaci\u00f3n espec\u00edfica en IA son los trabajadores de la franja de 25-34 a\u00f1os (52%) y los de la franja de 35-44 a\u00f1os (50%), mientras que los m\u00e1s disconformes con la franja de 55-64 a\u00f1os (25%).<\/p>\n\n\n\n<p>A la hora evaluar las oportunidades de aplicaci\u00f3n de IA en el trabajo, quienes indicaron tener mayores posibilidades para implementar la IA en su lugar de trabajo son los encuestados de la franja 25-34 a\u00f1os (60%), seguidos por los 35-44 (52%) y por los 18-24 (49%) mientras que, en el extremo opuesto, quienes afirman tener menos oportunidades de aplicar IA en sus tareas son los trabajadores de entre 55 y 65 a\u00f1os, con apenas el 28%.<\/p>\n\n\n\n<p>&#8220;La Inteligencia Artificial lleg\u00f3 para quedarse y cada vez son m\u00e1s las compa\u00f1\u00edas que incorporan esta tecnolog\u00eda en distintas etapas de su operaci\u00f3n, automatizando tareas y optimizando procesos, transformando muchas de las tareas que cotidianamente se realizan en el marco del trabajo. Desde la perspectiva de la gesti\u00f3n del talento en las organizaciones, el mayor desaf\u00edo frente al avance de esta tecnolog\u00eda pasa hoy por asegurar la formaci\u00f3n de la fuerza laboral en habilidades digitales y de IA, poniendo especial atenci\u00f3n a la equidad para evitar las brechas de acceso&#8221;, concluy\u00f3 Andrea \u00c1vila.<\/p>\n\n\n\n<figure class=\"wp-block-image size-large is-style-rounded\"><img loading=\"lazy\" decoding=\"async\" width=\"1024\" height=\"683\" src=\"https:\/\/sergiolapegue.com\/site\/wp-content\/uploads\/2025\/01\/ia-trabajo03-1024x683.webp\" alt=\"\" class=\"wp-image-20293\" srcset=\"https:\/\/sergiolapegue.com\/site\/wp-content\/uploads\/2025\/01\/ia-trabajo03-1024x683.webp 1024w, https:\/\/sergiolapegue.com\/site\/wp-content\/uploads\/2025\/01\/ia-trabajo03-300x200.webp 300w, https:\/\/sergiolapegue.com\/site\/wp-content\/uploads\/2025\/01\/ia-trabajo03-768x512.webp 768w, https:\/\/sergiolapegue.com\/site\/wp-content\/uploads\/2025\/01\/ia-trabajo03-1536x1024.webp 1536w, https:\/\/sergiolapegue.com\/site\/wp-content\/uploads\/2025\/01\/ia-trabajo03-2048x1365.webp 2048w, https:\/\/sergiolapegue.com\/site\/wp-content\/uploads\/2025\/01\/ia-trabajo03-630x420.webp 630w, https:\/\/sergiolapegue.com\/site\/wp-content\/uploads\/2025\/01\/ia-trabajo03-696x464.webp 696w, https:\/\/sergiolapegue.com\/site\/wp-content\/uploads\/2025\/01\/ia-trabajo03-1068x712.webp 1068w, https:\/\/sergiolapegue.com\/site\/wp-content\/uploads\/2025\/01\/ia-trabajo03-1920x1280.webp 1920w\" sizes=\"auto, (max-width: 1024px) 100vw, 1024px\" \/><\/figure>\n\n\n\n<p><strong>Sobre el estudio Escasez de Talento, IA y Equidad<\/strong><\/p>\n\n\n\n<p>La encuesta relacionada con este informe explora las opiniones de los trabajadores en Europa, Asia-Pac\u00edfico y Am\u00e9rica del Norte. Se basa en datos primarios recopilados de 12.429 encuestados en 15 mercados entre el 5 y el 22 de agosto de 2024, junto con una investigaci\u00f3n secundaria compilada con datos de casi 3 millones de perfiles laborales entre septiembre de 2023 y septiembre de 2024. Para la investigaci\u00f3n primaria, Randstad se asoci\u00f3 con Evalueserve, una empresa global de investigaci\u00f3n de mercado y an\u00e1lisis de&nbsp;opini\u00f3n&nbsp;p\u00fablica.<\/p>\n\n\n\n<p><strong>Acerca de Randstad<\/strong><\/p>\n\n\n\n<p>Como l\u00edder global en servicios de RRHH, en Randstad apoyamos a las personas y a las organizaciones para alcanzar su verdadero potencial.<\/p>\n\n\n\n<p>A trav\u00e9s de servicios especializados de Staffing, Professionals, Inhouse, Outsourcing, Recruitment Process Outsourcing (RPO), Technologies y Executive Search, resolvemos en forma eficiente y flexible todas las necesidades de nuestros clientes en el campo de la gesti\u00f3n del Capital Humano en las organizaciones. Combinando el poder de la tecnolog\u00eda con la pasi\u00f3n de nuestros profesionales de RRHH, brindamos una experiencia de servicios m\u00e1s personal.<\/p>\n\n\n\n<p>Con m\u00e1s de 60 a\u00f1os de experiencia en el mercado internacional, Randstad cuenta con un equipo de 46.190 empleados que proveen servicios integrales de RRHH a empresas clientes en 39 pa\u00edses. Esta trayectoria permiti\u00f3 que en la actualidad sus 4.905 oficinas y puntos de presencia cubran m\u00e1s del 90% del mercado mundial de servicios de recursos humanos. Su facturaci\u00f3n global en 2022 super\u00f3 los 27.500 millones de Euros.<\/p>\n\n\n\n<p>En Argentina, Randstad tiene una red de 25 sucursales, donde m\u00e1s de 650 empleados gestionan una n\u00f3mina diaria de cerca de 15.000 trabajadores que generan valor en las empresas m\u00e1s grandes del pa\u00eds.<\/p>\n\n\n\n<p>Para m\u00e1s informaci\u00f3n, visite:&nbsp;<a href=\"http:\/\/www.randstad.com.ar\/\" target=\"_blank\" rel=\"noreferrer noopener\">www.randstad.com.ar<\/a><\/p>\n","protected":false},"excerpt":{"rendered":"<p>Randstad, la compa\u00f1\u00eda de talento l\u00edder a nivel global, present\u00f3 nuevos resultados del estudio Escasez de Talento, IA y Equidad, realizado en 15 mercados, incluido Argentina, que indaga sobre la IA y su impacto en el mercado laboral. Del estudio surge que para el 62% de los trabajadores argentinos el uso de la IA puede [&hellip;]<\/p>\n","protected":false},"author":4,"featured_media":20295,"comment_status":"closed","ping_status":"closed","sticky":false,"template":"","format":"standard","meta":{"footnotes":""},"categories":[38],"tags":[89,1482,685,362,2255,1468,2006,1927,77,76],"class_list":{"0":"post-20292","1":"post","2":"type-post","3":"status-publish","4":"format-standard","5":"has-post-thumbnail","7":"category-actualidad","8":"tag-argentina","9":"tag-compania","10":"tag-equidad","11":"tag-estudio","12":"tag-inteligencia-artificial","13":"tag-mercado","14":"tag-robots","15":"tag-trabajador","16":"tag-trabajar","17":"tag-trabajo"},"yoast_head":"<!-- This site is optimized with the Yoast SEO plugin v27.5 - https:\/\/yoast.com\/product\/yoast-seo-wordpress\/ -->\n<title>62% de los trabajadores argentinos considera que el uso de la IA puede mejorar la equidad en el lugar de trabajo, pero los datos muestran se\u00f1ales de alarma - Sergio Lapegue<\/title>\n<meta name=\"robots\" content=\"index, follow, max-snippet:-1, max-image-preview:large, max-video-preview:-1\" \/>\n<link rel=\"canonical\" href=\"https:\/\/sergiolapegue.com\/site\/2025\/01\/27\/62-de-los-trabajadores-argentinos-considera-que-el-uso-de-la-ia-puede-mejorar-la-equidad-en-el-lugar-de-trabajo-pero-los-datos-muestran-senales-de-alarma\/\" \/>\n<meta property=\"og:locale\" content=\"es_ES\" \/>\n<meta property=\"og:type\" content=\"article\" \/>\n<meta property=\"og:title\" content=\"62% de los trabajadores argentinos considera que el uso de la IA puede mejorar la equidad en el lugar de trabajo, pero los datos muestran se\u00f1ales de alarma - Sergio Lapegue\" \/>\n<meta property=\"og:description\" content=\"Randstad, la compa\u00f1\u00eda de talento l\u00edder a nivel global, present\u00f3 nuevos resultados del estudio Escasez de Talento, IA y Equidad, realizado en 15 mercados, incluido Argentina, que indaga sobre la IA y su impacto en el mercado laboral. Del estudio surge que para el 62% de los trabajadores argentinos el uso de la IA puede [&hellip;]\" \/>\n<meta property=\"og:url\" content=\"https:\/\/sergiolapegue.com\/site\/2025\/01\/27\/62-de-los-trabajadores-argentinos-considera-que-el-uso-de-la-ia-puede-mejorar-la-equidad-en-el-lugar-de-trabajo-pero-los-datos-muestran-senales-de-alarma\/\" \/>\n<meta property=\"og:site_name\" content=\"Sergio Lapegue\" \/>\n<meta property=\"article:publisher\" content=\"https:\/\/facebook.com\/sergiolapegue\" \/>\n<meta property=\"article:published_time\" content=\"2025-01-27T12:12:00+00:00\" \/>\n<meta property=\"og:image\" content=\"https:\/\/sergiolapegue.com\/site\/wp-content\/uploads\/2025\/01\/ia-trabajo01.webp\" \/>\n\t<meta property=\"og:image:width\" content=\"1450\" \/>\n\t<meta property=\"og:image:height\" content=\"870\" \/>\n\t<meta property=\"og:image:type\" content=\"image\/webp\" \/>\n<meta name=\"author\" content=\"Leonardo Monta\u00f1a\" \/>\n<meta name=\"twitter:card\" content=\"summary_large_image\" \/>\n<meta name=\"twitter:creator\" content=\"@https:\/\/twitter.com\/soytoto81\" \/>\n<meta name=\"twitter:site\" content=\"@sergiolapegue\" \/>\n<meta name=\"twitter:label1\" content=\"Escrito por\" \/>\n\t<meta name=\"twitter:data1\" content=\"Leonardo Monta\u00f1a\" \/>\n\t<meta name=\"twitter:label2\" content=\"Tiempo de lectura\" \/>\n\t<meta name=\"twitter:data2\" content=\"6 minutos\" \/>\n<script type=\"application\/ld+json\" class=\"yoast-schema-graph\">{\"@context\":\"https:\\\/\\\/schema.org\",\"@graph\":[{\"@type\":\"Article\",\"@id\":\"https:\\\/\\\/sergiolapegue.com\\\/site\\\/2025\\\/01\\\/27\\\/62-de-los-trabajadores-argentinos-considera-que-el-uso-de-la-ia-puede-mejorar-la-equidad-en-el-lugar-de-trabajo-pero-los-datos-muestran-senales-de-alarma\\\/#article\",\"isPartOf\":{\"@id\":\"https:\\\/\\\/sergiolapegue.com\\\/site\\\/2025\\\/01\\\/27\\\/62-de-los-trabajadores-argentinos-considera-que-el-uso-de-la-ia-puede-mejorar-la-equidad-en-el-lugar-de-trabajo-pero-los-datos-muestran-senales-de-alarma\\\/\"},\"author\":{\"name\":\"Leonardo Monta\u00f1a\",\"@id\":\"https:\\\/\\\/sergiolapegue.com\\\/site\\\/#\\\/schema\\\/person\\\/00adf937d010c7f79a180dc4916a40e0\"},\"headline\":\"62% de los trabajadores argentinos considera que el uso de la IA puede mejorar la equidad en el lugar de trabajo, pero los datos muestran se\u00f1ales de alarma\",\"datePublished\":\"2025-01-27T12:12:00+00:00\",\"mainEntityOfPage\":{\"@id\":\"https:\\\/\\\/sergiolapegue.com\\\/site\\\/2025\\\/01\\\/27\\\/62-de-los-trabajadores-argentinos-considera-que-el-uso-de-la-ia-puede-mejorar-la-equidad-en-el-lugar-de-trabajo-pero-los-datos-muestran-senales-de-alarma\\\/\"},\"wordCount\":1105,\"publisher\":{\"@id\":\"https:\\\/\\\/sergiolapegue.com\\\/site\\\/#\\\/schema\\\/person\\\/083aeceeb0734cd166779ea6c0551a37\"},\"image\":{\"@id\":\"https:\\\/\\\/sergiolapegue.com\\\/site\\\/2025\\\/01\\\/27\\\/62-de-los-trabajadores-argentinos-considera-que-el-uso-de-la-ia-puede-mejorar-la-equidad-en-el-lugar-de-trabajo-pero-los-datos-muestran-senales-de-alarma\\\/#primaryimage\"},\"thumbnailUrl\":\"https:\\\/\\\/sergiolapegue.com\\\/site\\\/wp-content\\\/uploads\\\/2025\\\/01\\\/ia-trabajo01.webp\",\"keywords\":[\"argentina\",\"compa\u00f1ia\",\"equidad\",\"estudio\",\"inteligencia artificial\",\"mercado\",\"robots\",\"trabajador\",\"trabajar\",\"trabajo\"],\"articleSection\":[\"Actualidad\"],\"inLanguage\":\"es-AR\"},{\"@type\":\"WebPage\",\"@id\":\"https:\\\/\\\/sergiolapegue.com\\\/site\\\/2025\\\/01\\\/27\\\/62-de-los-trabajadores-argentinos-considera-que-el-uso-de-la-ia-puede-mejorar-la-equidad-en-el-lugar-de-trabajo-pero-los-datos-muestran-senales-de-alarma\\\/\",\"url\":\"https:\\\/\\\/sergiolapegue.com\\\/site\\\/2025\\\/01\\\/27\\\/62-de-los-trabajadores-argentinos-considera-que-el-uso-de-la-ia-puede-mejorar-la-equidad-en-el-lugar-de-trabajo-pero-los-datos-muestran-senales-de-alarma\\\/\",\"name\":\"62% de los trabajadores argentinos considera que el uso de la IA puede mejorar la equidad en el lugar de trabajo, pero los datos muestran se\u00f1ales de alarma - Sergio Lapegue\",\"isPartOf\":{\"@id\":\"https:\\\/\\\/sergiolapegue.com\\\/site\\\/#website\"},\"primaryImageOfPage\":{\"@id\":\"https:\\\/\\\/sergiolapegue.com\\\/site\\\/2025\\\/01\\\/27\\\/62-de-los-trabajadores-argentinos-considera-que-el-uso-de-la-ia-puede-mejorar-la-equidad-en-el-lugar-de-trabajo-pero-los-datos-muestran-senales-de-alarma\\\/#primaryimage\"},\"image\":{\"@id\":\"https:\\\/\\\/sergiolapegue.com\\\/site\\\/2025\\\/01\\\/27\\\/62-de-los-trabajadores-argentinos-considera-que-el-uso-de-la-ia-puede-mejorar-la-equidad-en-el-lugar-de-trabajo-pero-los-datos-muestran-senales-de-alarma\\\/#primaryimage\"},\"thumbnailUrl\":\"https:\\\/\\\/sergiolapegue.com\\\/site\\\/wp-content\\\/uploads\\\/2025\\\/01\\\/ia-trabajo01.webp\",\"datePublished\":\"2025-01-27T12:12:00+00:00\",\"breadcrumb\":{\"@id\":\"https:\\\/\\\/sergiolapegue.com\\\/site\\\/2025\\\/01\\\/27\\\/62-de-los-trabajadores-argentinos-considera-que-el-uso-de-la-ia-puede-mejorar-la-equidad-en-el-lugar-de-trabajo-pero-los-datos-muestran-senales-de-alarma\\\/#breadcrumb\"},\"inLanguage\":\"es-AR\",\"potentialAction\":[{\"@type\":\"ReadAction\",\"target\":[\"https:\\\/\\\/sergiolapegue.com\\\/site\\\/2025\\\/01\\\/27\\\/62-de-los-trabajadores-argentinos-considera-que-el-uso-de-la-ia-puede-mejorar-la-equidad-en-el-lugar-de-trabajo-pero-los-datos-muestran-senales-de-alarma\\\/\"]}]},{\"@type\":\"ImageObject\",\"inLanguage\":\"es-AR\",\"@id\":\"https:\\\/\\\/sergiolapegue.com\\\/site\\\/2025\\\/01\\\/27\\\/62-de-los-trabajadores-argentinos-considera-que-el-uso-de-la-ia-puede-mejorar-la-equidad-en-el-lugar-de-trabajo-pero-los-datos-muestran-senales-de-alarma\\\/#primaryimage\",\"url\":\"https:\\\/\\\/sergiolapegue.com\\\/site\\\/wp-content\\\/uploads\\\/2025\\\/01\\\/ia-trabajo01.webp\",\"contentUrl\":\"https:\\\/\\\/sergiolapegue.com\\\/site\\\/wp-content\\\/uploads\\\/2025\\\/01\\\/ia-trabajo01.webp\",\"width\":1450,\"height\":870},{\"@type\":\"BreadcrumbList\",\"@id\":\"https:\\\/\\\/sergiolapegue.com\\\/site\\\/2025\\\/01\\\/27\\\/62-de-los-trabajadores-argentinos-considera-que-el-uso-de-la-ia-puede-mejorar-la-equidad-en-el-lugar-de-trabajo-pero-los-datos-muestran-senales-de-alarma\\\/#breadcrumb\",\"itemListElement\":[{\"@type\":\"ListItem\",\"position\":1,\"name\":\"Inicio\",\"item\":\"https:\\\/\\\/sergiolapegue.com\\\/site\\\/\"},{\"@type\":\"ListItem\",\"position\":2,\"name\":\"62% de los trabajadores argentinos considera que el uso de la IA puede mejorar la equidad en el lugar de trabajo, pero los datos muestran se\u00f1ales de alarma\"}]},{\"@type\":\"WebSite\",\"@id\":\"https:\\\/\\\/sergiolapegue.com\\\/site\\\/#website\",\"url\":\"https:\\\/\\\/sergiolapegue.com\\\/site\\\/\",\"name\":\"Sergio Lapegue\",\"description\":\"Periodista\",\"publisher\":{\"@id\":\"https:\\\/\\\/sergiolapegue.com\\\/site\\\/#\\\/schema\\\/person\\\/083aeceeb0734cd166779ea6c0551a37\"},\"potentialAction\":[{\"@type\":\"SearchAction\",\"target\":{\"@type\":\"EntryPoint\",\"urlTemplate\":\"https:\\\/\\\/sergiolapegue.com\\\/site\\\/?s={search_term_string}\"},\"query-input\":{\"@type\":\"PropertyValueSpecification\",\"valueRequired\":true,\"valueName\":\"search_term_string\"}}],\"inLanguage\":\"es-AR\"},{\"@type\":[\"Person\",\"Organization\"],\"@id\":\"https:\\\/\\\/sergiolapegue.com\\\/site\\\/#\\\/schema\\\/person\\\/083aeceeb0734cd166779ea6c0551a37\",\"name\":\"Sergio Lapegue\",\"image\":{\"@type\":\"ImageObject\",\"inLanguage\":\"es-AR\",\"@id\":\"https:\\\/\\\/sergiolapegue.com\\\/site\\\/wp-content\\\/uploads\\\/2021\\\/04\\\/logo_header-1.png\",\"url\":\"https:\\\/\\\/sergiolapegue.com\\\/site\\\/wp-content\\\/uploads\\\/2021\\\/04\\\/logo_header-1.png\",\"contentUrl\":\"https:\\\/\\\/sergiolapegue.com\\\/site\\\/wp-content\\\/uploads\\\/2021\\\/04\\\/logo_header-1.png\",\"width\":272,\"height\":90,\"caption\":\"Sergio Lapegue\"},\"logo\":{\"@id\":\"https:\\\/\\\/sergiolapegue.com\\\/site\\\/wp-content\\\/uploads\\\/2021\\\/04\\\/logo_header-1.png\"},\"sameAs\":[\"https:\\\/\\\/facebook.com\\\/sergiolapegue\",\"https:\\\/\\\/instagram.com\\\/sergiolapegue\",\"https:\\\/\\\/x.com\\\/https:\\\/\\\/twitter.com\\\/sergiolapegue\"]},{\"@type\":\"Person\",\"@id\":\"https:\\\/\\\/sergiolapegue.com\\\/site\\\/#\\\/schema\\\/person\\\/00adf937d010c7f79a180dc4916a40e0\",\"name\":\"Leonardo Monta\u00f1a\",\"image\":{\"@type\":\"ImageObject\",\"inLanguage\":\"es-AR\",\"@id\":\"https:\\\/\\\/sergiolapegue.com\\\/site\\\/wp-content\\\/uploads\\\/2021\\\/04\\\/sl_avatar_Leonardo-150x150.jpg\",\"url\":\"https:\\\/\\\/sergiolapegue.com\\\/site\\\/wp-content\\\/uploads\\\/2021\\\/04\\\/sl_avatar_Leonardo-150x150.jpg\",\"contentUrl\":\"https:\\\/\\\/sergiolapegue.com\\\/site\\\/wp-content\\\/uploads\\\/2021\\\/04\\\/sl_avatar_Leonardo-150x150.jpg\",\"caption\":\"Leonardo Monta\u00f1a\"},\"sameAs\":[\"https:\\\/\\\/x.com\\\/https:\\\/\\\/twitter.com\\\/soytoto81\"],\"url\":\"https:\\\/\\\/sergiolapegue.com\\\/site\\\/author\\\/leonardo\\\/\"}]}<\/script>\n<!-- \/ Yoast SEO plugin. -->","yoast_head_json":{"title":"62% de los trabajadores argentinos considera que el uso de la IA puede mejorar la equidad en el lugar de trabajo, pero los datos muestran se\u00f1ales de alarma - Sergio Lapegue","robots":{"index":"index","follow":"follow","max-snippet":"max-snippet:-1","max-image-preview":"max-image-preview:large","max-video-preview":"max-video-preview:-1"},"canonical":"https:\/\/sergiolapegue.com\/site\/2025\/01\/27\/62-de-los-trabajadores-argentinos-considera-que-el-uso-de-la-ia-puede-mejorar-la-equidad-en-el-lugar-de-trabajo-pero-los-datos-muestran-senales-de-alarma\/","og_locale":"es_ES","og_type":"article","og_title":"62% de los trabajadores argentinos considera que el uso de la IA puede mejorar la equidad en el lugar de trabajo, pero los datos muestran se\u00f1ales de alarma - Sergio Lapegue","og_description":"Randstad, la compa\u00f1\u00eda de talento l\u00edder a nivel global, present\u00f3 nuevos resultados del estudio Escasez de Talento, IA y Equidad, realizado en 15 mercados, incluido Argentina, que indaga sobre la IA y su impacto en el mercado laboral. Del estudio surge que para el 62% de los trabajadores argentinos el uso de la IA puede [&hellip;]","og_url":"https:\/\/sergiolapegue.com\/site\/2025\/01\/27\/62-de-los-trabajadores-argentinos-considera-que-el-uso-de-la-ia-puede-mejorar-la-equidad-en-el-lugar-de-trabajo-pero-los-datos-muestran-senales-de-alarma\/","og_site_name":"Sergio Lapegue","article_publisher":"https:\/\/facebook.com\/sergiolapegue","article_published_time":"2025-01-27T12:12:00+00:00","og_image":[{"width":1450,"height":870,"url":"https:\/\/sergiolapegue.com\/site\/wp-content\/uploads\/2025\/01\/ia-trabajo01.webp","type":"image\/webp"}],"author":"Leonardo Monta\u00f1a","twitter_card":"summary_large_image","twitter_creator":"@https:\/\/twitter.com\/soytoto81","twitter_site":"@sergiolapegue","twitter_misc":{"Escrito por":"Leonardo Monta\u00f1a","Tiempo de lectura":"6 minutos"},"schema":{"@context":"https:\/\/schema.org","@graph":[{"@type":"Article","@id":"https:\/\/sergiolapegue.com\/site\/2025\/01\/27\/62-de-los-trabajadores-argentinos-considera-que-el-uso-de-la-ia-puede-mejorar-la-equidad-en-el-lugar-de-trabajo-pero-los-datos-muestran-senales-de-alarma\/#article","isPartOf":{"@id":"https:\/\/sergiolapegue.com\/site\/2025\/01\/27\/62-de-los-trabajadores-argentinos-considera-que-el-uso-de-la-ia-puede-mejorar-la-equidad-en-el-lugar-de-trabajo-pero-los-datos-muestran-senales-de-alarma\/"},"author":{"name":"Leonardo Monta\u00f1a","@id":"https:\/\/sergiolapegue.com\/site\/#\/schema\/person\/00adf937d010c7f79a180dc4916a40e0"},"headline":"62% de los trabajadores argentinos considera que el uso de la IA puede mejorar la equidad en el lugar de trabajo, pero los datos muestran se\u00f1ales de alarma","datePublished":"2025-01-27T12:12:00+00:00","mainEntityOfPage":{"@id":"https:\/\/sergiolapegue.com\/site\/2025\/01\/27\/62-de-los-trabajadores-argentinos-considera-que-el-uso-de-la-ia-puede-mejorar-la-equidad-en-el-lugar-de-trabajo-pero-los-datos-muestran-senales-de-alarma\/"},"wordCount":1105,"publisher":{"@id":"https:\/\/sergiolapegue.com\/site\/#\/schema\/person\/083aeceeb0734cd166779ea6c0551a37"},"image":{"@id":"https:\/\/sergiolapegue.com\/site\/2025\/01\/27\/62-de-los-trabajadores-argentinos-considera-que-el-uso-de-la-ia-puede-mejorar-la-equidad-en-el-lugar-de-trabajo-pero-los-datos-muestran-senales-de-alarma\/#primaryimage"},"thumbnailUrl":"https:\/\/sergiolapegue.com\/site\/wp-content\/uploads\/2025\/01\/ia-trabajo01.webp","keywords":["argentina","compa\u00f1ia","equidad","estudio","inteligencia artificial","mercado","robots","trabajador","trabajar","trabajo"],"articleSection":["Actualidad"],"inLanguage":"es-AR"},{"@type":"WebPage","@id":"https:\/\/sergiolapegue.com\/site\/2025\/01\/27\/62-de-los-trabajadores-argentinos-considera-que-el-uso-de-la-ia-puede-mejorar-la-equidad-en-el-lugar-de-trabajo-pero-los-datos-muestran-senales-de-alarma\/","url":"https:\/\/sergiolapegue.com\/site\/2025\/01\/27\/62-de-los-trabajadores-argentinos-considera-que-el-uso-de-la-ia-puede-mejorar-la-equidad-en-el-lugar-de-trabajo-pero-los-datos-muestran-senales-de-alarma\/","name":"62% de los trabajadores argentinos considera que el uso de la IA puede mejorar la equidad en el lugar de trabajo, pero los datos muestran se\u00f1ales de alarma - Sergio Lapegue","isPartOf":{"@id":"https:\/\/sergiolapegue.com\/site\/#website"},"primaryImageOfPage":{"@id":"https:\/\/sergiolapegue.com\/site\/2025\/01\/27\/62-de-los-trabajadores-argentinos-considera-que-el-uso-de-la-ia-puede-mejorar-la-equidad-en-el-lugar-de-trabajo-pero-los-datos-muestran-senales-de-alarma\/#primaryimage"},"image":{"@id":"https:\/\/sergiolapegue.com\/site\/2025\/01\/27\/62-de-los-trabajadores-argentinos-considera-que-el-uso-de-la-ia-puede-mejorar-la-equidad-en-el-lugar-de-trabajo-pero-los-datos-muestran-senales-de-alarma\/#primaryimage"},"thumbnailUrl":"https:\/\/sergiolapegue.com\/site\/wp-content\/uploads\/2025\/01\/ia-trabajo01.webp","datePublished":"2025-01-27T12:12:00+00:00","breadcrumb":{"@id":"https:\/\/sergiolapegue.com\/site\/2025\/01\/27\/62-de-los-trabajadores-argentinos-considera-que-el-uso-de-la-ia-puede-mejorar-la-equidad-en-el-lugar-de-trabajo-pero-los-datos-muestran-senales-de-alarma\/#breadcrumb"},"inLanguage":"es-AR","potentialAction":[{"@type":"ReadAction","target":["https:\/\/sergiolapegue.com\/site\/2025\/01\/27\/62-de-los-trabajadores-argentinos-considera-que-el-uso-de-la-ia-puede-mejorar-la-equidad-en-el-lugar-de-trabajo-pero-los-datos-muestran-senales-de-alarma\/"]}]},{"@type":"ImageObject","inLanguage":"es-AR","@id":"https:\/\/sergiolapegue.com\/site\/2025\/01\/27\/62-de-los-trabajadores-argentinos-considera-que-el-uso-de-la-ia-puede-mejorar-la-equidad-en-el-lugar-de-trabajo-pero-los-datos-muestran-senales-de-alarma\/#primaryimage","url":"https:\/\/sergiolapegue.com\/site\/wp-content\/uploads\/2025\/01\/ia-trabajo01.webp","contentUrl":"https:\/\/sergiolapegue.com\/site\/wp-content\/uploads\/2025\/01\/ia-trabajo01.webp","width":1450,"height":870},{"@type":"BreadcrumbList","@id":"https:\/\/sergiolapegue.com\/site\/2025\/01\/27\/62-de-los-trabajadores-argentinos-considera-que-el-uso-de-la-ia-puede-mejorar-la-equidad-en-el-lugar-de-trabajo-pero-los-datos-muestran-senales-de-alarma\/#breadcrumb","itemListElement":[{"@type":"ListItem","position":1,"name":"Inicio","item":"https:\/\/sergiolapegue.com\/site\/"},{"@type":"ListItem","position":2,"name":"62% de los trabajadores argentinos considera que el uso de la IA puede mejorar la equidad en el lugar de trabajo, pero los datos muestran se\u00f1ales de alarma"}]},{"@type":"WebSite","@id":"https:\/\/sergiolapegue.com\/site\/#website","url":"https:\/\/sergiolapegue.com\/site\/","name":"Sergio Lapegue","description":"Periodista","publisher":{"@id":"https:\/\/sergiolapegue.com\/site\/#\/schema\/person\/083aeceeb0734cd166779ea6c0551a37"},"potentialAction":[{"@type":"SearchAction","target":{"@type":"EntryPoint","urlTemplate":"https:\/\/sergiolapegue.com\/site\/?s={search_term_string}"},"query-input":{"@type":"PropertyValueSpecification","valueRequired":true,"valueName":"search_term_string"}}],"inLanguage":"es-AR"},{"@type":["Person","Organization"],"@id":"https:\/\/sergiolapegue.com\/site\/#\/schema\/person\/083aeceeb0734cd166779ea6c0551a37","name":"Sergio Lapegue","image":{"@type":"ImageObject","inLanguage":"es-AR","@id":"https:\/\/sergiolapegue.com\/site\/wp-content\/uploads\/2021\/04\/logo_header-1.png","url":"https:\/\/sergiolapegue.com\/site\/wp-content\/uploads\/2021\/04\/logo_header-1.png","contentUrl":"https:\/\/sergiolapegue.com\/site\/wp-content\/uploads\/2021\/04\/logo_header-1.png","width":272,"height":90,"caption":"Sergio Lapegue"},"logo":{"@id":"https:\/\/sergiolapegue.com\/site\/wp-content\/uploads\/2021\/04\/logo_header-1.png"},"sameAs":["https:\/\/facebook.com\/sergiolapegue","https:\/\/instagram.com\/sergiolapegue","https:\/\/x.com\/https:\/\/twitter.com\/sergiolapegue"]},{"@type":"Person","@id":"https:\/\/sergiolapegue.com\/site\/#\/schema\/person\/00adf937d010c7f79a180dc4916a40e0","name":"Leonardo Monta\u00f1a","image":{"@type":"ImageObject","inLanguage":"es-AR","@id":"https:\/\/sergiolapegue.com\/site\/wp-content\/uploads\/2021\/04\/sl_avatar_Leonardo-150x150.jpg","url":"https:\/\/sergiolapegue.com\/site\/wp-content\/uploads\/2021\/04\/sl_avatar_Leonardo-150x150.jpg","contentUrl":"https:\/\/sergiolapegue.com\/site\/wp-content\/uploads\/2021\/04\/sl_avatar_Leonardo-150x150.jpg","caption":"Leonardo Monta\u00f1a"},"sameAs":["https:\/\/x.com\/https:\/\/twitter.com\/soytoto81"],"url":"https:\/\/sergiolapegue.com\/site\/author\/leonardo\/"}]}},"_links":{"self":[{"href":"https:\/\/sergiolapegue.com\/site\/wp-json\/wp\/v2\/posts\/20292","targetHints":{"allow":["GET"]}}],"collection":[{"href":"https:\/\/sergiolapegue.com\/site\/wp-json\/wp\/v2\/posts"}],"about":[{"href":"https:\/\/sergiolapegue.com\/site\/wp-json\/wp\/v2\/types\/post"}],"author":[{"embeddable":true,"href":"https:\/\/sergiolapegue.com\/site\/wp-json\/wp\/v2\/users\/4"}],"replies":[{"embeddable":true,"href":"https:\/\/sergiolapegue.com\/site\/wp-json\/wp\/v2\/comments?post=20292"}],"version-history":[{"count":1,"href":"https:\/\/sergiolapegue.com\/site\/wp-json\/wp\/v2\/posts\/20292\/revisions"}],"predecessor-version":[{"id":20296,"href":"https:\/\/sergiolapegue.com\/site\/wp-json\/wp\/v2\/posts\/20292\/revisions\/20296"}],"wp:featuredmedia":[{"embeddable":true,"href":"https:\/\/sergiolapegue.com\/site\/wp-json\/wp\/v2\/media\/20295"}],"wp:attachment":[{"href":"https:\/\/sergiolapegue.com\/site\/wp-json\/wp\/v2\/media?parent=20292"}],"wp:term":[{"taxonomy":"category","embeddable":true,"href":"https:\/\/sergiolapegue.com\/site\/wp-json\/wp\/v2\/categories?post=20292"},{"taxonomy":"post_tag","embeddable":true,"href":"https:\/\/sergiolapegue.com\/site\/wp-json\/wp\/v2\/tags?post=20292"}],"curies":[{"name":"wp","href":"https:\/\/api.w.org\/{rel}","templated":true}]}}