{"id":20272,"date":"2025-01-16T09:49:00","date_gmt":"2025-01-16T12:49:00","guid":{"rendered":"https:\/\/sergiolapegue.com\/site\/?p=20272"},"modified":"2025-01-10T12:57:11","modified_gmt":"2025-01-10T15:57:11","slug":"diez-anos-sin-alberto-nisman-el-acto-homenaje-en-amia-se-realizara-el-lunes-20-de-enero-en-pasteur-633","status":"publish","type":"post","link":"https:\/\/sergiolapegue.com\/site\/2025\/01\/16\/diez-anos-sin-alberto-nisman-el-acto-homenaje-en-amia-se-realizara-el-lunes-20-de-enero-en-pasteur-633\/","title":{"rendered":"Diez a\u00f1os sin Alberto Nisman: El acto homenaje en AMIA se realizar\u00e1 el lunes 20 de enero en Pasteur 633"},"content":{"rendered":"\n<p>El lunes 20 de enero, a las 18, tendr\u00e1 lugar en Pasteur 633, el acto homenaje al fiscal Alberto Nisman (Z\u201dL), tras cumplirse diez a\u00f1os del d\u00eda en que su cuerpo fue hallado sin vida, en su departamento del barrio porte\u00f1o de Puerto Madero.<\/p>\n\n\n\n<p>A una d\u00e9cada de su&nbsp;muerte, ser\u00e1n oradores del encuentro la doctora Sandra Arroyo Salgado, jueza federal de San Isidro y madre de las dos hijas del fiscal; el ministro de Seguridad de la ciudad de Buenos Aires, Waldo Wolff; el periodista Joaqu\u00edn Morales Sol\u00e1; y el presidente de AMIA, Amos Linetzky.<\/p>\n\n\n\n<p>\u201cEn este acto, no solo reconoceremos la labor incansable que desempe\u00f1\u00f3 el fiscal en la investigaci\u00f3n del atentado a la AMIA, sino que reafirmaremos nuestro compromiso con los principios fundamentales de la justicia y la verdad\u201d, destac\u00f3 el titular de la instituci\u00f3n, al momento de convocar al acto.<\/p>\n\n\n\n<figure class=\"wp-block-image size-large\"><img loading=\"lazy\" decoding=\"async\" width=\"1024\" height=\"683\" src=\"https:\/\/sergiolapegue.com\/site\/wp-content\/uploads\/2025\/01\/nisman02-1024x683.webp\" alt=\"\" class=\"wp-image-20274\" srcset=\"https:\/\/sergiolapegue.com\/site\/wp-content\/uploads\/2025\/01\/nisman02-1024x683.webp 1024w, https:\/\/sergiolapegue.com\/site\/wp-content\/uploads\/2025\/01\/nisman02-300x200.webp 300w, https:\/\/sergiolapegue.com\/site\/wp-content\/uploads\/2025\/01\/nisman02-768x512.webp 768w, https:\/\/sergiolapegue.com\/site\/wp-content\/uploads\/2025\/01\/nisman02-630x420.webp 630w, https:\/\/sergiolapegue.com\/site\/wp-content\/uploads\/2025\/01\/nisman02-696x464.webp 696w, https:\/\/sergiolapegue.com\/site\/wp-content\/uploads\/2025\/01\/nisman02-1068x712.webp 1068w, https:\/\/sergiolapegue.com\/site\/wp-content\/uploads\/2025\/01\/nisman02.webp 1200w\" sizes=\"auto, (max-width: 1024px) 100vw, 1024px\" \/><\/figure>\n\n\n\n<p>Cabe recordar que para la Justicia argentina la muerte de Alberto Nisman fue un homicidio,&nbsp;directamente relacionado con la tarea que llev\u00f3 adelante desde la&nbsp;Unidad Fiscal para la Investigaci\u00f3n de la Causa&nbsp;AMIA, tal como lo determin\u00f3 la Corte Suprema de Justicia de la Naci\u00f3n.<\/p>\n\n\n\n<p>\u201cEs nuestro deber conmemorar el legado de Alberto Nisman, recordar los valores con los que llev\u00f3 adelante su trabajo, destacar su lucha contra el terrorismo fundamentalista, y alzar la voz para pedir justicia y el total esclarecimiento de un crimen que conmocion\u00f3 a toda la sociedad, lo cual sigue pendiente diez a\u00f1os despu\u00e9s\u201d, sostuvo Amos Linetzky.<\/p>\n\n\n\n<p>Web:\u00a0<a href=\"http:\/\/www.amia.org.ar\/\" target=\"_blank\" rel=\"noreferrer noopener\">www.amia.org.ar<\/a><\/p>\n","protected":false},"excerpt":{"rendered":"<p>El lunes 20 de enero, a las 18, tendr\u00e1 lugar en Pasteur 633, el acto homenaje al fiscal Alberto Nisman (Z\u201dL), tras cumplirse diez a\u00f1os del d\u00eda en que su cuerpo fue hallado sin vida, en su departamento del barrio porte\u00f1o de Puerto Madero. A una d\u00e9cada de su&nbsp;muerte, ser\u00e1n oradores del encuentro la doctora [&hellip;]<\/p>\n","protected":false},"author":4,"featured_media":20273,"comment_status":"closed","ping_status":"closed","sticky":false,"template":"","format":"standard","meta":{"footnotes":""},"categories":[38],"tags":[4062,683,121,4063,143,107,4061],"class_list":{"0":"post-20272","1":"post","2":"type-post","3":"status-publish","4":"format-standard","5":"has-post-thumbnail","7":"category-actualidad","8":"tag-acto","9":"tag-amia","10":"tag-cuerpo","11":"tag-fiscal","12":"tag-homenaje","13":"tag-muerte","14":"tag-nisman"},"yoast_head":"<!-- This site is optimized with the Yoast SEO plugin v27.4 - https:\/\/yoast.com\/product\/yoast-seo-wordpress\/ -->\n<title>Diez a\u00f1os sin Alberto Nisman: El acto homenaje en AMIA se realizar\u00e1 el lunes 20 de enero en Pasteur 633 - Sergio Lapegue<\/title>\n<meta name=\"robots\" content=\"index, follow, max-snippet:-1, max-image-preview:large, max-video-preview:-1\" \/>\n<link rel=\"canonical\" href=\"https:\/\/sergiolapegue.com\/site\/2025\/01\/16\/diez-anos-sin-alberto-nisman-el-acto-homenaje-en-amia-se-realizara-el-lunes-20-de-enero-en-pasteur-633\/\" \/>\n<meta property=\"og:locale\" content=\"es_ES\" \/>\n<meta property=\"og:type\" content=\"article\" \/>\n<meta property=\"og:title\" content=\"Diez a\u00f1os sin Alberto Nisman: El acto homenaje en AMIA se realizar\u00e1 el lunes 20 de enero en Pasteur 633 - Sergio Lapegue\" \/>\n<meta property=\"og:description\" content=\"El lunes 20 de enero, a las 18, tendr\u00e1 lugar en Pasteur 633, el acto homenaje al fiscal Alberto Nisman (Z\u201dL), tras cumplirse diez a\u00f1os del d\u00eda en que su cuerpo fue hallado sin vida, en su departamento del barrio porte\u00f1o de Puerto Madero. A una d\u00e9cada de su&nbsp;muerte, ser\u00e1n oradores del encuentro la doctora [&hellip;]\" \/>\n<meta property=\"og:url\" content=\"https:\/\/sergiolapegue.com\/site\/2025\/01\/16\/diez-anos-sin-alberto-nisman-el-acto-homenaje-en-amia-se-realizara-el-lunes-20-de-enero-en-pasteur-633\/\" \/>\n<meta property=\"og:site_name\" content=\"Sergio Lapegue\" \/>\n<meta property=\"article:publisher\" content=\"https:\/\/facebook.com\/sergiolapegue\" \/>\n<meta property=\"article:published_time\" content=\"2025-01-16T12:49:00+00:00\" \/>\n<meta property=\"og:image\" content=\"https:\/\/sergiolapegue.com\/site\/wp-content\/uploads\/2025\/01\/nisman01.png\" \/>\n\t<meta property=\"og:image:width\" content=\"1600\" \/>\n\t<meta property=\"og:image:height\" content=\"1000\" \/>\n\t<meta property=\"og:image:type\" content=\"image\/png\" \/>\n<meta name=\"author\" content=\"Leonardo Monta\u00f1a\" \/>\n<meta name=\"twitter:card\" content=\"summary_large_image\" \/>\n<meta name=\"twitter:creator\" content=\"@https:\/\/twitter.com\/soytoto81\" \/>\n<meta name=\"twitter:site\" content=\"@sergiolapegue\" \/>\n<meta name=\"twitter:label1\" content=\"Escrito por\" \/>\n\t<meta name=\"twitter:data1\" content=\"Leonardo Monta\u00f1a\" \/>\n\t<meta name=\"twitter:label2\" content=\"Tiempo de lectura\" \/>\n\t<meta name=\"twitter:data2\" content=\"2 minutos\" \/>\n<script type=\"application\/ld+json\" class=\"yoast-schema-graph\">{\"@context\":\"https:\\\/\\\/schema.org\",\"@graph\":[{\"@type\":\"Article\",\"@id\":\"https:\\\/\\\/sergiolapegue.com\\\/site\\\/2025\\\/01\\\/16\\\/diez-anos-sin-alberto-nisman-el-acto-homenaje-en-amia-se-realizara-el-lunes-20-de-enero-en-pasteur-633\\\/#article\",\"isPartOf\":{\"@id\":\"https:\\\/\\\/sergiolapegue.com\\\/site\\\/2025\\\/01\\\/16\\\/diez-anos-sin-alberto-nisman-el-acto-homenaje-en-amia-se-realizara-el-lunes-20-de-enero-en-pasteur-633\\\/\"},\"author\":{\"name\":\"Leonardo Monta\u00f1a\",\"@id\":\"https:\\\/\\\/sergiolapegue.com\\\/site\\\/#\\\/schema\\\/person\\\/00adf937d010c7f79a180dc4916a40e0\"},\"headline\":\"Diez a\u00f1os sin Alberto Nisman: El acto homenaje en AMIA se realizar\u00e1 el lunes 20 de enero en Pasteur 633\",\"datePublished\":\"2025-01-16T12:49:00+00:00\",\"mainEntityOfPage\":{\"@id\":\"https:\\\/\\\/sergiolapegue.com\\\/site\\\/2025\\\/01\\\/16\\\/diez-anos-sin-alberto-nisman-el-acto-homenaje-en-amia-se-realizara-el-lunes-20-de-enero-en-pasteur-633\\\/\"},\"wordCount\":284,\"publisher\":{\"@id\":\"https:\\\/\\\/sergiolapegue.com\\\/site\\\/#\\\/schema\\\/person\\\/083aeceeb0734cd166779ea6c0551a37\"},\"image\":{\"@id\":\"https:\\\/\\\/sergiolapegue.com\\\/site\\\/2025\\\/01\\\/16\\\/diez-anos-sin-alberto-nisman-el-acto-homenaje-en-amia-se-realizara-el-lunes-20-de-enero-en-pasteur-633\\\/#primaryimage\"},\"thumbnailUrl\":\"https:\\\/\\\/sergiolapegue.com\\\/site\\\/wp-content\\\/uploads\\\/2025\\\/01\\\/nisman01.png\",\"keywords\":[\"acto\",\"amia\",\"cuerpo\",\"fiscal\",\"homenaje\",\"muerte\",\"nisman\"],\"articleSection\":[\"Actualidad\"],\"inLanguage\":\"es-AR\"},{\"@type\":\"WebPage\",\"@id\":\"https:\\\/\\\/sergiolapegue.com\\\/site\\\/2025\\\/01\\\/16\\\/diez-anos-sin-alberto-nisman-el-acto-homenaje-en-amia-se-realizara-el-lunes-20-de-enero-en-pasteur-633\\\/\",\"url\":\"https:\\\/\\\/sergiolapegue.com\\\/site\\\/2025\\\/01\\\/16\\\/diez-anos-sin-alberto-nisman-el-acto-homenaje-en-amia-se-realizara-el-lunes-20-de-enero-en-pasteur-633\\\/\",\"name\":\"Diez a\u00f1os sin Alberto Nisman: El acto homenaje en AMIA se realizar\u00e1 el lunes 20 de enero en Pasteur 633 - Sergio Lapegue\",\"isPartOf\":{\"@id\":\"https:\\\/\\\/sergiolapegue.com\\\/site\\\/#website\"},\"primaryImageOfPage\":{\"@id\":\"https:\\\/\\\/sergiolapegue.com\\\/site\\\/2025\\\/01\\\/16\\\/diez-anos-sin-alberto-nisman-el-acto-homenaje-en-amia-se-realizara-el-lunes-20-de-enero-en-pasteur-633\\\/#primaryimage\"},\"image\":{\"@id\":\"https:\\\/\\\/sergiolapegue.com\\\/site\\\/2025\\\/01\\\/16\\\/diez-anos-sin-alberto-nisman-el-acto-homenaje-en-amia-se-realizara-el-lunes-20-de-enero-en-pasteur-633\\\/#primaryimage\"},\"thumbnailUrl\":\"https:\\\/\\\/sergiolapegue.com\\\/site\\\/wp-content\\\/uploads\\\/2025\\\/01\\\/nisman01.png\",\"datePublished\":\"2025-01-16T12:49:00+00:00\",\"breadcrumb\":{\"@id\":\"https:\\\/\\\/sergiolapegue.com\\\/site\\\/2025\\\/01\\\/16\\\/diez-anos-sin-alberto-nisman-el-acto-homenaje-en-amia-se-realizara-el-lunes-20-de-enero-en-pasteur-633\\\/#breadcrumb\"},\"inLanguage\":\"es-AR\",\"potentialAction\":[{\"@type\":\"ReadAction\",\"target\":[\"https:\\\/\\\/sergiolapegue.com\\\/site\\\/2025\\\/01\\\/16\\\/diez-anos-sin-alberto-nisman-el-acto-homenaje-en-amia-se-realizara-el-lunes-20-de-enero-en-pasteur-633\\\/\"]}]},{\"@type\":\"ImageObject\",\"inLanguage\":\"es-AR\",\"@id\":\"https:\\\/\\\/sergiolapegue.com\\\/site\\\/2025\\\/01\\\/16\\\/diez-anos-sin-alberto-nisman-el-acto-homenaje-en-amia-se-realizara-el-lunes-20-de-enero-en-pasteur-633\\\/#primaryimage\",\"url\":\"https:\\\/\\\/sergiolapegue.com\\\/site\\\/wp-content\\\/uploads\\\/2025\\\/01\\\/nisman01.png\",\"contentUrl\":\"https:\\\/\\\/sergiolapegue.com\\\/site\\\/wp-content\\\/uploads\\\/2025\\\/01\\\/nisman01.png\",\"width\":1600,\"height\":1000},{\"@type\":\"BreadcrumbList\",\"@id\":\"https:\\\/\\\/sergiolapegue.com\\\/site\\\/2025\\\/01\\\/16\\\/diez-anos-sin-alberto-nisman-el-acto-homenaje-en-amia-se-realizara-el-lunes-20-de-enero-en-pasteur-633\\\/#breadcrumb\",\"itemListElement\":[{\"@type\":\"ListItem\",\"position\":1,\"name\":\"Inicio\",\"item\":\"https:\\\/\\\/sergiolapegue.com\\\/site\\\/\"},{\"@type\":\"ListItem\",\"position\":2,\"name\":\"Diez a\u00f1os sin Alberto Nisman: El acto homenaje en AMIA se realizar\u00e1 el lunes 20 de enero en Pasteur 633\"}]},{\"@type\":\"WebSite\",\"@id\":\"https:\\\/\\\/sergiolapegue.com\\\/site\\\/#website\",\"url\":\"https:\\\/\\\/sergiolapegue.com\\\/site\\\/\",\"name\":\"Sergio Lapegue\",\"description\":\"Periodista\",\"publisher\":{\"@id\":\"https:\\\/\\\/sergiolapegue.com\\\/site\\\/#\\\/schema\\\/person\\\/083aeceeb0734cd166779ea6c0551a37\"},\"potentialAction\":[{\"@type\":\"SearchAction\",\"target\":{\"@type\":\"EntryPoint\",\"urlTemplate\":\"https:\\\/\\\/sergiolapegue.com\\\/site\\\/?s={search_term_string}\"},\"query-input\":{\"@type\":\"PropertyValueSpecification\",\"valueRequired\":true,\"valueName\":\"search_term_string\"}}],\"inLanguage\":\"es-AR\"},{\"@type\":[\"Person\",\"Organization\"],\"@id\":\"https:\\\/\\\/sergiolapegue.com\\\/site\\\/#\\\/schema\\\/person\\\/083aeceeb0734cd166779ea6c0551a37\",\"name\":\"Sergio Lapegue\",\"image\":{\"@type\":\"ImageObject\",\"inLanguage\":\"es-AR\",\"@id\":\"https:\\\/\\\/sergiolapegue.com\\\/site\\\/wp-content\\\/uploads\\\/2021\\\/04\\\/logo_header-1.png\",\"url\":\"https:\\\/\\\/sergiolapegue.com\\\/site\\\/wp-content\\\/uploads\\\/2021\\\/04\\\/logo_header-1.png\",\"contentUrl\":\"https:\\\/\\\/sergiolapegue.com\\\/site\\\/wp-content\\\/uploads\\\/2021\\\/04\\\/logo_header-1.png\",\"width\":272,\"height\":90,\"caption\":\"Sergio Lapegue\"},\"logo\":{\"@id\":\"https:\\\/\\\/sergiolapegue.com\\\/site\\\/wp-content\\\/uploads\\\/2021\\\/04\\\/logo_header-1.png\"},\"sameAs\":[\"https:\\\/\\\/facebook.com\\\/sergiolapegue\",\"https:\\\/\\\/instagram.com\\\/sergiolapegue\",\"https:\\\/\\\/x.com\\\/https:\\\/\\\/twitter.com\\\/sergiolapegue\"]},{\"@type\":\"Person\",\"@id\":\"https:\\\/\\\/sergiolapegue.com\\\/site\\\/#\\\/schema\\\/person\\\/00adf937d010c7f79a180dc4916a40e0\",\"name\":\"Leonardo Monta\u00f1a\",\"image\":{\"@type\":\"ImageObject\",\"inLanguage\":\"es-AR\",\"@id\":\"https:\\\/\\\/sergiolapegue.com\\\/site\\\/wp-content\\\/uploads\\\/2021\\\/04\\\/sl_avatar_Leonardo-150x150.jpg\",\"url\":\"https:\\\/\\\/sergiolapegue.com\\\/site\\\/wp-content\\\/uploads\\\/2021\\\/04\\\/sl_avatar_Leonardo-150x150.jpg\",\"contentUrl\":\"https:\\\/\\\/sergiolapegue.com\\\/site\\\/wp-content\\\/uploads\\\/2021\\\/04\\\/sl_avatar_Leonardo-150x150.jpg\",\"caption\":\"Leonardo Monta\u00f1a\"},\"sameAs\":[\"https:\\\/\\\/x.com\\\/https:\\\/\\\/twitter.com\\\/soytoto81\"],\"url\":\"https:\\\/\\\/sergiolapegue.com\\\/site\\\/author\\\/leonardo\\\/\"}]}<\/script>\n<!-- \/ Yoast SEO plugin. -->","yoast_head_json":{"title":"Diez a\u00f1os sin Alberto Nisman: El acto homenaje en AMIA se realizar\u00e1 el lunes 20 de enero en Pasteur 633 - Sergio Lapegue","robots":{"index":"index","follow":"follow","max-snippet":"max-snippet:-1","max-image-preview":"max-image-preview:large","max-video-preview":"max-video-preview:-1"},"canonical":"https:\/\/sergiolapegue.com\/site\/2025\/01\/16\/diez-anos-sin-alberto-nisman-el-acto-homenaje-en-amia-se-realizara-el-lunes-20-de-enero-en-pasteur-633\/","og_locale":"es_ES","og_type":"article","og_title":"Diez a\u00f1os sin Alberto Nisman: El acto homenaje en AMIA se realizar\u00e1 el lunes 20 de enero en Pasteur 633 - Sergio Lapegue","og_description":"El lunes 20 de enero, a las 18, tendr\u00e1 lugar en Pasteur 633, el acto homenaje al fiscal Alberto Nisman (Z\u201dL), tras cumplirse diez a\u00f1os del d\u00eda en que su cuerpo fue hallado sin vida, en su departamento del barrio porte\u00f1o de Puerto Madero. A una d\u00e9cada de su&nbsp;muerte, ser\u00e1n oradores del encuentro la doctora [&hellip;]","og_url":"https:\/\/sergiolapegue.com\/site\/2025\/01\/16\/diez-anos-sin-alberto-nisman-el-acto-homenaje-en-amia-se-realizara-el-lunes-20-de-enero-en-pasteur-633\/","og_site_name":"Sergio Lapegue","article_publisher":"https:\/\/facebook.com\/sergiolapegue","article_published_time":"2025-01-16T12:49:00+00:00","og_image":[{"width":1600,"height":1000,"url":"https:\/\/sergiolapegue.com\/site\/wp-content\/uploads\/2025\/01\/nisman01.png","type":"image\/png"}],"author":"Leonardo Monta\u00f1a","twitter_card":"summary_large_image","twitter_creator":"@https:\/\/twitter.com\/soytoto81","twitter_site":"@sergiolapegue","twitter_misc":{"Escrito por":"Leonardo Monta\u00f1a","Tiempo de lectura":"2 minutos"},"schema":{"@context":"https:\/\/schema.org","@graph":[{"@type":"Article","@id":"https:\/\/sergiolapegue.com\/site\/2025\/01\/16\/diez-anos-sin-alberto-nisman-el-acto-homenaje-en-amia-se-realizara-el-lunes-20-de-enero-en-pasteur-633\/#article","isPartOf":{"@id":"https:\/\/sergiolapegue.com\/site\/2025\/01\/16\/diez-anos-sin-alberto-nisman-el-acto-homenaje-en-amia-se-realizara-el-lunes-20-de-enero-en-pasteur-633\/"},"author":{"name":"Leonardo Monta\u00f1a","@id":"https:\/\/sergiolapegue.com\/site\/#\/schema\/person\/00adf937d010c7f79a180dc4916a40e0"},"headline":"Diez a\u00f1os sin Alberto Nisman: El acto homenaje en AMIA se realizar\u00e1 el lunes 20 de enero en Pasteur 633","datePublished":"2025-01-16T12:49:00+00:00","mainEntityOfPage":{"@id":"https:\/\/sergiolapegue.com\/site\/2025\/01\/16\/diez-anos-sin-alberto-nisman-el-acto-homenaje-en-amia-se-realizara-el-lunes-20-de-enero-en-pasteur-633\/"},"wordCount":284,"publisher":{"@id":"https:\/\/sergiolapegue.com\/site\/#\/schema\/person\/083aeceeb0734cd166779ea6c0551a37"},"image":{"@id":"https:\/\/sergiolapegue.com\/site\/2025\/01\/16\/diez-anos-sin-alberto-nisman-el-acto-homenaje-en-amia-se-realizara-el-lunes-20-de-enero-en-pasteur-633\/#primaryimage"},"thumbnailUrl":"https:\/\/sergiolapegue.com\/site\/wp-content\/uploads\/2025\/01\/nisman01.png","keywords":["acto","amia","cuerpo","fiscal","homenaje","muerte","nisman"],"articleSection":["Actualidad"],"inLanguage":"es-AR"},{"@type":"WebPage","@id":"https:\/\/sergiolapegue.com\/site\/2025\/01\/16\/diez-anos-sin-alberto-nisman-el-acto-homenaje-en-amia-se-realizara-el-lunes-20-de-enero-en-pasteur-633\/","url":"https:\/\/sergiolapegue.com\/site\/2025\/01\/16\/diez-anos-sin-alberto-nisman-el-acto-homenaje-en-amia-se-realizara-el-lunes-20-de-enero-en-pasteur-633\/","name":"Diez a\u00f1os sin Alberto Nisman: El acto homenaje en AMIA se realizar\u00e1 el lunes 20 de enero en Pasteur 633 - Sergio Lapegue","isPartOf":{"@id":"https:\/\/sergiolapegue.com\/site\/#website"},"primaryImageOfPage":{"@id":"https:\/\/sergiolapegue.com\/site\/2025\/01\/16\/diez-anos-sin-alberto-nisman-el-acto-homenaje-en-amia-se-realizara-el-lunes-20-de-enero-en-pasteur-633\/#primaryimage"},"image":{"@id":"https:\/\/sergiolapegue.com\/site\/2025\/01\/16\/diez-anos-sin-alberto-nisman-el-acto-homenaje-en-amia-se-realizara-el-lunes-20-de-enero-en-pasteur-633\/#primaryimage"},"thumbnailUrl":"https:\/\/sergiolapegue.com\/site\/wp-content\/uploads\/2025\/01\/nisman01.png","datePublished":"2025-01-16T12:49:00+00:00","breadcrumb":{"@id":"https:\/\/sergiolapegue.com\/site\/2025\/01\/16\/diez-anos-sin-alberto-nisman-el-acto-homenaje-en-amia-se-realizara-el-lunes-20-de-enero-en-pasteur-633\/#breadcrumb"},"inLanguage":"es-AR","potentialAction":[{"@type":"ReadAction","target":["https:\/\/sergiolapegue.com\/site\/2025\/01\/16\/diez-anos-sin-alberto-nisman-el-acto-homenaje-en-amia-se-realizara-el-lunes-20-de-enero-en-pasteur-633\/"]}]},{"@type":"ImageObject","inLanguage":"es-AR","@id":"https:\/\/sergiolapegue.com\/site\/2025\/01\/16\/diez-anos-sin-alberto-nisman-el-acto-homenaje-en-amia-se-realizara-el-lunes-20-de-enero-en-pasteur-633\/#primaryimage","url":"https:\/\/sergiolapegue.com\/site\/wp-content\/uploads\/2025\/01\/nisman01.png","contentUrl":"https:\/\/sergiolapegue.com\/site\/wp-content\/uploads\/2025\/01\/nisman01.png","width":1600,"height":1000},{"@type":"BreadcrumbList","@id":"https:\/\/sergiolapegue.com\/site\/2025\/01\/16\/diez-anos-sin-alberto-nisman-el-acto-homenaje-en-amia-se-realizara-el-lunes-20-de-enero-en-pasteur-633\/#breadcrumb","itemListElement":[{"@type":"ListItem","position":1,"name":"Inicio","item":"https:\/\/sergiolapegue.com\/site\/"},{"@type":"ListItem","position":2,"name":"Diez a\u00f1os sin Alberto Nisman: El acto homenaje en AMIA se realizar\u00e1 el lunes 20 de enero en Pasteur 633"}]},{"@type":"WebSite","@id":"https:\/\/sergiolapegue.com\/site\/#website","url":"https:\/\/sergiolapegue.com\/site\/","name":"Sergio Lapegue","description":"Periodista","publisher":{"@id":"https:\/\/sergiolapegue.com\/site\/#\/schema\/person\/083aeceeb0734cd166779ea6c0551a37"},"potentialAction":[{"@type":"SearchAction","target":{"@type":"EntryPoint","urlTemplate":"https:\/\/sergiolapegue.com\/site\/?s={search_term_string}"},"query-input":{"@type":"PropertyValueSpecification","valueRequired":true,"valueName":"search_term_string"}}],"inLanguage":"es-AR"},{"@type":["Person","Organization"],"@id":"https:\/\/sergiolapegue.com\/site\/#\/schema\/person\/083aeceeb0734cd166779ea6c0551a37","name":"Sergio Lapegue","image":{"@type":"ImageObject","inLanguage":"es-AR","@id":"https:\/\/sergiolapegue.com\/site\/wp-content\/uploads\/2021\/04\/logo_header-1.png","url":"https:\/\/sergiolapegue.com\/site\/wp-content\/uploads\/2021\/04\/logo_header-1.png","contentUrl":"https:\/\/sergiolapegue.com\/site\/wp-content\/uploads\/2021\/04\/logo_header-1.png","width":272,"height":90,"caption":"Sergio Lapegue"},"logo":{"@id":"https:\/\/sergiolapegue.com\/site\/wp-content\/uploads\/2021\/04\/logo_header-1.png"},"sameAs":["https:\/\/facebook.com\/sergiolapegue","https:\/\/instagram.com\/sergiolapegue","https:\/\/x.com\/https:\/\/twitter.com\/sergiolapegue"]},{"@type":"Person","@id":"https:\/\/sergiolapegue.com\/site\/#\/schema\/person\/00adf937d010c7f79a180dc4916a40e0","name":"Leonardo Monta\u00f1a","image":{"@type":"ImageObject","inLanguage":"es-AR","@id":"https:\/\/sergiolapegue.com\/site\/wp-content\/uploads\/2021\/04\/sl_avatar_Leonardo-150x150.jpg","url":"https:\/\/sergiolapegue.com\/site\/wp-content\/uploads\/2021\/04\/sl_avatar_Leonardo-150x150.jpg","contentUrl":"https:\/\/sergiolapegue.com\/site\/wp-content\/uploads\/2021\/04\/sl_avatar_Leonardo-150x150.jpg","caption":"Leonardo Monta\u00f1a"},"sameAs":["https:\/\/x.com\/https:\/\/twitter.com\/soytoto81"],"url":"https:\/\/sergiolapegue.com\/site\/author\/leonardo\/"}]}},"_links":{"self":[{"href":"https:\/\/sergiolapegue.com\/site\/wp-json\/wp\/v2\/posts\/20272","targetHints":{"allow":["GET"]}}],"collection":[{"href":"https:\/\/sergiolapegue.com\/site\/wp-json\/wp\/v2\/posts"}],"about":[{"href":"https:\/\/sergiolapegue.com\/site\/wp-json\/wp\/v2\/types\/post"}],"author":[{"embeddable":true,"href":"https:\/\/sergiolapegue.com\/site\/wp-json\/wp\/v2\/users\/4"}],"replies":[{"embeddable":true,"href":"https:\/\/sergiolapegue.com\/site\/wp-json\/wp\/v2\/comments?post=20272"}],"version-history":[{"count":1,"href":"https:\/\/sergiolapegue.com\/site\/wp-json\/wp\/v2\/posts\/20272\/revisions"}],"predecessor-version":[{"id":20275,"href":"https:\/\/sergiolapegue.com\/site\/wp-json\/wp\/v2\/posts\/20272\/revisions\/20275"}],"wp:featuredmedia":[{"embeddable":true,"href":"https:\/\/sergiolapegue.com\/site\/wp-json\/wp\/v2\/media\/20273"}],"wp:attachment":[{"href":"https:\/\/sergiolapegue.com\/site\/wp-json\/wp\/v2\/media?parent=20272"}],"wp:term":[{"taxonomy":"category","embeddable":true,"href":"https:\/\/sergiolapegue.com\/site\/wp-json\/wp\/v2\/categories?post=20272"},{"taxonomy":"post_tag","embeddable":true,"href":"https:\/\/sergiolapegue.com\/site\/wp-json\/wp\/v2\/tags?post=20272"}],"curies":[{"name":"wp","href":"https:\/\/api.w.org\/{rel}","templated":true}]}}