{"id":20198,"date":"2025-01-09T09:22:00","date_gmt":"2025-01-09T12:22:00","guid":{"rendered":"https:\/\/sergiolapegue.com\/site\/?p=20198"},"modified":"2025-01-07T18:24:07","modified_gmt":"2025-01-07T21:24:07","slug":"5-senales-de-alerta-de-este-trastorno-que-afecta-a-280-millones-de-personas-en-el-mundo","status":"publish","type":"post","link":"https:\/\/sergiolapegue.com\/site\/2025\/01\/09\/5-senales-de-alerta-de-este-trastorno-que-afecta-a-280-millones-de-personas-en-el-mundo\/","title":{"rendered":"5 se\u00f1ales de alerta de este trastorno que afecta a 280 millones de personas en el mundo"},"content":{"rendered":"\n<p>Cada 13 de enero se conmemora el D\u00eda Mundial de la Lucha contra la Depresi\u00f3n, una fecha clave para visibilizar este trastorno mental que afecta aproximadamente a 280 millones de personas alrededor del mundo seg\u00fan cifras de la&nbsp;<a href=\"https:\/\/brand-partners.us13.list-manage.com\/track\/click?u=7b3aae5da6b4e0eadf6de4f5b&amp;id=8b03c40bce&amp;e=cf027ab93f\" target=\"_blank\" rel=\"noreferrer noopener\">Organizaci\u00f3n Mundial de la Salud<\/a>. El objetivo de esta jornada es generar conciencia sobre la importancia de detectar sus se\u00f1ales de alerta y brindar apoyo a quienes la padecen.<\/p>\n\n\n\n<p>La depresi\u00f3n, si no es tratada a tiempo, puede tener un impacto devastador en la calidad de vida y las relaciones interpersonales de los afectados. Reconocer los s\u00edntomas a tiempo y buscar ayuda profesional son pasos fundamentales para enfrentar este problema global.<\/p>\n\n\n\n<p>Los factores de riesgo que contribuyen al desarrollo de la depresi\u00f3n son diversos y complejos. Entre ellos destacan las situaciones traum\u00e1ticas, como el maltrato f\u00edsico o psicol\u00f3gico, el abuso sexual y la p\u00e9rdida de seres queridos. Tambi\u00e9n influyen los antecedentes familiares de trastornos del estado de \u00e1nimo, el consumo de sustancias t\u00f3xicas como el alcohol, y las comorbilidades con otros trastornos mentales. Adem\u00e1s, las condiciones sociales adversas, como la falta de recursos econ\u00f3micos y redes de apoyo, incrementan significativamente la vulnerabilidad ante esta enfermedad.<\/p>\n\n\n\n<p>\u201cEl diagn\u00f3stico precoz es un elemento esencial para abordar la depresi\u00f3n de manera efectiva. Detectarla en sus primeras etapas permite evitar que se convierta en un problema cr\u00f3nico o recurrente, impactando negativamente la vida cotidiana. Si se identifica a tiempo, es posible implementar estrategias terap\u00e9uticas que restauren el bienestar emocional y mejoren la capacidad de la persona para desenvolverse en sus actividades diarias. La atenci\u00f3n oportuna es clave para reducir el sufrimiento y las complicaciones asociadas.\u201d expres\u00f3 la Lic. Liliana Acu\u00f1a, psic\u00f3loga de Boreal Salud (MP 4379).<\/p>\n\n\n\n<p><strong>A continuaci\u00f3n, se presentan 5 se\u00f1ales principales de alerta de la depresi\u00f3n:<\/strong><\/p>\n\n\n\n<ol class=\"wp-block-list\">\n<li>Estado de \u00e1nimo depresivo la mayor parte del tiempo, casi cada d\u00eda. En los ni\u00f1os y adolescentes el estado de \u00e1nimo puede ser irritable.<\/li>\n\n\n\n<li>P\u00e9rdida de inter\u00e9s o placer en actividades habituales.<\/li>\n\n\n\n<li>Cambios significativos en peso, apetito o patrones de sue\u00f1o como insomnio o hipersomnia.<\/li>\n\n\n\n<li>Sentimientos de inutilidad, culpa excesiva o dificultad para concentrarse.<\/li>\n\n\n\n<li>Pensamientos recurrentes de muerte o ideaci\u00f3n suicida.<\/li>\n<\/ol>\n\n\n\n<p>Para prevenir la depresi\u00f3n, se recomienda adoptar medidas como mantener rutinas diarias saludables, practicar actividad f\u00edsica, expresar las emociones con seres cercanos y fomentar el apoyo social. Evitar el consumo de alcohol y drogas, regular el estr\u00e9s y cuidar la alimentaci\u00f3n tambi\u00e9n son acciones clave. Adem\u00e1s, establecer rutinas diarias y marcarse objetivos realistas, conectar con la naturaleza o con pr\u00e1cticas espirituales y cuidar la autoestima y la autoconfianza, pueden fortalecer la resiliencia emocional, reduciendo el riesgo de desarrollar esta enfermedad.<\/p>\n\n\n\n<figure class=\"wp-block-image size-large is-style-rounded\"><img loading=\"lazy\" decoding=\"async\" width=\"1024\" height=\"681\" src=\"https:\/\/sergiolapegue.com\/site\/wp-content\/uploads\/2025\/01\/unnamed-1-1024x681.jpg\" alt=\"\" class=\"wp-image-20199\" srcset=\"https:\/\/sergiolapegue.com\/site\/wp-content\/uploads\/2025\/01\/unnamed-1-1024x681.jpg 1024w, https:\/\/sergiolapegue.com\/site\/wp-content\/uploads\/2025\/01\/unnamed-1-300x200.jpg 300w, https:\/\/sergiolapegue.com\/site\/wp-content\/uploads\/2025\/01\/unnamed-1-768x511.jpg 768w, https:\/\/sergiolapegue.com\/site\/wp-content\/uploads\/2025\/01\/unnamed-1-1536x1022.jpg 1536w, https:\/\/sergiolapegue.com\/site\/wp-content\/uploads\/2025\/01\/unnamed-1-2048x1363.jpg 2048w, https:\/\/sergiolapegue.com\/site\/wp-content\/uploads\/2025\/01\/unnamed-1-631x420.jpg 631w, https:\/\/sergiolapegue.com\/site\/wp-content\/uploads\/2025\/01\/unnamed-1-696x463.jpg 696w, https:\/\/sergiolapegue.com\/site\/wp-content\/uploads\/2025\/01\/unnamed-1-1068x711.jpg 1068w, https:\/\/sergiolapegue.com\/site\/wp-content\/uploads\/2025\/01\/unnamed-1-1920x1277.jpg 1920w\" sizes=\"auto, (max-width: 1024px) 100vw, 1024px\" \/><\/figure>\n\n\n\n<p>\u201cEl tratamiento de la depresi\u00f3n se adapta a la severidad del caso y las necesidades de la persona. En casos leves, la psicoterapia de orientaci\u00f3n cognitivo-conductual, gest\u00e1ltica o psicoanal\u00edtica suele ser suficiente. Sin embargo, en cuadros moderados o graves, se combinan terapias psicol\u00f3gicas con intervenci\u00f3n psiqui\u00e1trica, incluyendo medicaci\u00f3n y, en casos extremos, hospitalizaci\u00f3n. El objetivo es lograr la remisi\u00f3n de los s\u00edntomas y la recuperaci\u00f3n del funcionamiento integral del individuo en todos sus \u00e1mbitos.\u201d agreg\u00f3 la especialista de Boreal Salud.<\/p>\n\n\n\n<p>Garantizar el acceso a servicios de salud mental de calidad es esencial para combatir la depresi\u00f3n de manera efectiva. Esto requiere programas integrales que incluyan prevenci\u00f3n, diagn\u00f3stico precoz, tratamiento oportuno y rehabilitaci\u00f3n. Un enfoque interdisciplinario y transdisciplinario permite abordar al ser humano desde una perspectiva integral, promoviendo su bienestar biopsicosocial. Invertir en salud mental es una prioridad para mejorar la calidad de vida de las personas y construir sociedades m\u00e1s saludables y resilientes.<\/p>\n\n\n\n<p><strong>Acerca de Boreal Salud<\/strong><\/p>\n\n\n\n<p><em>Empresa argentina con 25 a\u00f1os de trayectoria en el mercado de la salud que brinda cobertura m\u00e9dica a m\u00e1s de 260.000 asociados en las Zonas Centro, Cuyo, Noroeste y Litoral. Posee m\u00e1s de 30 sucursales y una amplia red de doctores y profesionales, incluyendo centros m\u00e9dicos propios, equipados con lo \u00faltimo en tecnolog\u00eda. Sus servicios incluyen amplia red de prestadores m\u00e9dicos y sanatorios; descuentos en farmacias, gastos de internaci\u00f3n sin cargo, alta complejidad, plataforma de telemedicina, credencial digital y la App Boreal M\u00f3vil para autorizar consultas y pr\u00e1cticas m\u00e9dicas desde el celular, entre otros. M\u00e1s informaci\u00f3n en<\/em><a href=\"https:\/\/brand-partners.us13.list-manage.com\/track\/click?u=7b3aae5da6b4e0eadf6de4f5b&amp;id=f91c3b7775&amp;e=cf027ab93f\" target=\"_blank\" rel=\"noreferrer noopener\">\u00a0<\/a><a href=\"https:\/\/brand-partners.us13.list-manage.com\/track\/click?u=7b3aae5da6b4e0eadf6de4f5b&amp;id=799daa6aa4&amp;e=cf027ab93f\" target=\"_blank\" rel=\"noreferrer noopener\">www.borealsalud.com.ar<\/a><\/p>\n","protected":false},"excerpt":{"rendered":"<p>Cada 13 de enero se conmemora el D\u00eda Mundial de la Lucha contra la Depresi\u00f3n, una fecha clave para visibilizar este trastorno mental que afecta aproximadamente a 280 millones de personas alrededor del mundo seg\u00fan cifras de la&nbsp;Organizaci\u00f3n Mundial de la Salud. El objetivo de esta jornada es generar conciencia sobre la importancia de detectar [&hellip;]<\/p>\n","protected":false},"author":4,"featured_media":20200,"comment_status":"closed","ping_status":"closed","sticky":false,"template":"","format":"standard","meta":{"footnotes":""},"categories":[38],"tags":[886,157,122,463,66,737],"class_list":{"0":"post-20198","1":"post","2":"type-post","3":"status-publish","4":"format-standard","5":"has-post-thumbnail","7":"category-actualidad","8":"tag-depresion","9":"tag-enfermedad","10":"tag-mente","11":"tag-personas","12":"tag-salud","13":"tag-trastorno"},"yoast_head":"<!-- This site is optimized with the Yoast SEO plugin v27.5 - https:\/\/yoast.com\/product\/yoast-seo-wordpress\/ -->\n<title>5 se\u00f1ales de alerta de este trastorno que afecta a 280 millones de personas en el mundo - Sergio Lapegue<\/title>\n<meta name=\"robots\" content=\"index, follow, max-snippet:-1, max-image-preview:large, max-video-preview:-1\" \/>\n<link rel=\"canonical\" href=\"https:\/\/sergiolapegue.com\/site\/2025\/01\/09\/5-senales-de-alerta-de-este-trastorno-que-afecta-a-280-millones-de-personas-en-el-mundo\/\" \/>\n<meta property=\"og:locale\" content=\"es_ES\" \/>\n<meta property=\"og:type\" content=\"article\" \/>\n<meta property=\"og:title\" content=\"5 se\u00f1ales de alerta de este trastorno que afecta a 280 millones de personas en el mundo - Sergio Lapegue\" \/>\n<meta property=\"og:description\" content=\"Cada 13 de enero se conmemora el D\u00eda Mundial de la Lucha contra la Depresi\u00f3n, una fecha clave para visibilizar este trastorno mental que afecta aproximadamente a 280 millones de personas alrededor del mundo seg\u00fan cifras de la&nbsp;Organizaci\u00f3n Mundial de la Salud. El objetivo de esta jornada es generar conciencia sobre la importancia de detectar [&hellip;]\" \/>\n<meta property=\"og:url\" content=\"https:\/\/sergiolapegue.com\/site\/2025\/01\/09\/5-senales-de-alerta-de-este-trastorno-que-afecta-a-280-millones-de-personas-en-el-mundo\/\" \/>\n<meta property=\"og:site_name\" content=\"Sergio Lapegue\" \/>\n<meta property=\"article:publisher\" content=\"https:\/\/facebook.com\/sergiolapegue\" \/>\n<meta property=\"article:published_time\" content=\"2025-01-09T12:22:00+00:00\" \/>\n<meta property=\"og:image\" content=\"https:\/\/sergiolapegue.com\/site\/wp-content\/uploads\/2025\/01\/unnamed-scaled.jpg\" \/>\n\t<meta property=\"og:image:width\" content=\"2560\" \/>\n\t<meta property=\"og:image:height\" content=\"2023\" \/>\n\t<meta property=\"og:image:type\" content=\"image\/jpeg\" \/>\n<meta name=\"author\" content=\"Leonardo Monta\u00f1a\" \/>\n<meta name=\"twitter:card\" content=\"summary_large_image\" \/>\n<meta name=\"twitter:creator\" content=\"@https:\/\/twitter.com\/soytoto81\" \/>\n<meta name=\"twitter:site\" content=\"@sergiolapegue\" \/>\n<meta name=\"twitter:label1\" content=\"Escrito por\" \/>\n\t<meta name=\"twitter:data1\" content=\"Leonardo Monta\u00f1a\" \/>\n\t<meta name=\"twitter:label2\" content=\"Tiempo de lectura\" \/>\n\t<meta name=\"twitter:data2\" content=\"4 minutos\" \/>\n<script type=\"application\/ld+json\" class=\"yoast-schema-graph\">{\"@context\":\"https:\\\/\\\/schema.org\",\"@graph\":[{\"@type\":\"Article\",\"@id\":\"https:\\\/\\\/sergiolapegue.com\\\/site\\\/2025\\\/01\\\/09\\\/5-senales-de-alerta-de-este-trastorno-que-afecta-a-280-millones-de-personas-en-el-mundo\\\/#article\",\"isPartOf\":{\"@id\":\"https:\\\/\\\/sergiolapegue.com\\\/site\\\/2025\\\/01\\\/09\\\/5-senales-de-alerta-de-este-trastorno-que-afecta-a-280-millones-de-personas-en-el-mundo\\\/\"},\"author\":{\"name\":\"Leonardo Monta\u00f1a\",\"@id\":\"https:\\\/\\\/sergiolapegue.com\\\/site\\\/#\\\/schema\\\/person\\\/00adf937d010c7f79a180dc4916a40e0\"},\"headline\":\"5 se\u00f1ales de alerta de este trastorno que afecta a 280 millones de personas en el mundo\",\"datePublished\":\"2025-01-09T12:22:00+00:00\",\"mainEntityOfPage\":{\"@id\":\"https:\\\/\\\/sergiolapegue.com\\\/site\\\/2025\\\/01\\\/09\\\/5-senales-de-alerta-de-este-trastorno-que-afecta-a-280-millones-de-personas-en-el-mundo\\\/\"},\"wordCount\":770,\"publisher\":{\"@id\":\"https:\\\/\\\/sergiolapegue.com\\\/site\\\/#\\\/schema\\\/person\\\/083aeceeb0734cd166779ea6c0551a37\"},\"image\":{\"@id\":\"https:\\\/\\\/sergiolapegue.com\\\/site\\\/2025\\\/01\\\/09\\\/5-senales-de-alerta-de-este-trastorno-que-afecta-a-280-millones-de-personas-en-el-mundo\\\/#primaryimage\"},\"thumbnailUrl\":\"https:\\\/\\\/sergiolapegue.com\\\/site\\\/wp-content\\\/uploads\\\/2025\\\/01\\\/unnamed-scaled.jpg\",\"keywords\":[\"depresion\",\"enfermedad\",\"mente\",\"personas\",\"salud\",\"trastorno\"],\"articleSection\":[\"Actualidad\"],\"inLanguage\":\"es-AR\"},{\"@type\":\"WebPage\",\"@id\":\"https:\\\/\\\/sergiolapegue.com\\\/site\\\/2025\\\/01\\\/09\\\/5-senales-de-alerta-de-este-trastorno-que-afecta-a-280-millones-de-personas-en-el-mundo\\\/\",\"url\":\"https:\\\/\\\/sergiolapegue.com\\\/site\\\/2025\\\/01\\\/09\\\/5-senales-de-alerta-de-este-trastorno-que-afecta-a-280-millones-de-personas-en-el-mundo\\\/\",\"name\":\"5 se\u00f1ales de alerta de este trastorno que afecta a 280 millones de personas en el mundo - Sergio Lapegue\",\"isPartOf\":{\"@id\":\"https:\\\/\\\/sergiolapegue.com\\\/site\\\/#website\"},\"primaryImageOfPage\":{\"@id\":\"https:\\\/\\\/sergiolapegue.com\\\/site\\\/2025\\\/01\\\/09\\\/5-senales-de-alerta-de-este-trastorno-que-afecta-a-280-millones-de-personas-en-el-mundo\\\/#primaryimage\"},\"image\":{\"@id\":\"https:\\\/\\\/sergiolapegue.com\\\/site\\\/2025\\\/01\\\/09\\\/5-senales-de-alerta-de-este-trastorno-que-afecta-a-280-millones-de-personas-en-el-mundo\\\/#primaryimage\"},\"thumbnailUrl\":\"https:\\\/\\\/sergiolapegue.com\\\/site\\\/wp-content\\\/uploads\\\/2025\\\/01\\\/unnamed-scaled.jpg\",\"datePublished\":\"2025-01-09T12:22:00+00:00\",\"breadcrumb\":{\"@id\":\"https:\\\/\\\/sergiolapegue.com\\\/site\\\/2025\\\/01\\\/09\\\/5-senales-de-alerta-de-este-trastorno-que-afecta-a-280-millones-de-personas-en-el-mundo\\\/#breadcrumb\"},\"inLanguage\":\"es-AR\",\"potentialAction\":[{\"@type\":\"ReadAction\",\"target\":[\"https:\\\/\\\/sergiolapegue.com\\\/site\\\/2025\\\/01\\\/09\\\/5-senales-de-alerta-de-este-trastorno-que-afecta-a-280-millones-de-personas-en-el-mundo\\\/\"]}]},{\"@type\":\"ImageObject\",\"inLanguage\":\"es-AR\",\"@id\":\"https:\\\/\\\/sergiolapegue.com\\\/site\\\/2025\\\/01\\\/09\\\/5-senales-de-alerta-de-este-trastorno-que-afecta-a-280-millones-de-personas-en-el-mundo\\\/#primaryimage\",\"url\":\"https:\\\/\\\/sergiolapegue.com\\\/site\\\/wp-content\\\/uploads\\\/2025\\\/01\\\/unnamed-scaled.jpg\",\"contentUrl\":\"https:\\\/\\\/sergiolapegue.com\\\/site\\\/wp-content\\\/uploads\\\/2025\\\/01\\\/unnamed-scaled.jpg\",\"width\":2560,\"height\":2023},{\"@type\":\"BreadcrumbList\",\"@id\":\"https:\\\/\\\/sergiolapegue.com\\\/site\\\/2025\\\/01\\\/09\\\/5-senales-de-alerta-de-este-trastorno-que-afecta-a-280-millones-de-personas-en-el-mundo\\\/#breadcrumb\",\"itemListElement\":[{\"@type\":\"ListItem\",\"position\":1,\"name\":\"Inicio\",\"item\":\"https:\\\/\\\/sergiolapegue.com\\\/site\\\/\"},{\"@type\":\"ListItem\",\"position\":2,\"name\":\"5 se\u00f1ales de alerta de este trastorno que afecta a 280 millones de personas en el mundo\"}]},{\"@type\":\"WebSite\",\"@id\":\"https:\\\/\\\/sergiolapegue.com\\\/site\\\/#website\",\"url\":\"https:\\\/\\\/sergiolapegue.com\\\/site\\\/\",\"name\":\"Sergio Lapegue\",\"description\":\"Periodista\",\"publisher\":{\"@id\":\"https:\\\/\\\/sergiolapegue.com\\\/site\\\/#\\\/schema\\\/person\\\/083aeceeb0734cd166779ea6c0551a37\"},\"potentialAction\":[{\"@type\":\"SearchAction\",\"target\":{\"@type\":\"EntryPoint\",\"urlTemplate\":\"https:\\\/\\\/sergiolapegue.com\\\/site\\\/?s={search_term_string}\"},\"query-input\":{\"@type\":\"PropertyValueSpecification\",\"valueRequired\":true,\"valueName\":\"search_term_string\"}}],\"inLanguage\":\"es-AR\"},{\"@type\":[\"Person\",\"Organization\"],\"@id\":\"https:\\\/\\\/sergiolapegue.com\\\/site\\\/#\\\/schema\\\/person\\\/083aeceeb0734cd166779ea6c0551a37\",\"name\":\"Sergio Lapegue\",\"image\":{\"@type\":\"ImageObject\",\"inLanguage\":\"es-AR\",\"@id\":\"https:\\\/\\\/sergiolapegue.com\\\/site\\\/wp-content\\\/uploads\\\/2021\\\/04\\\/logo_header-1.png\",\"url\":\"https:\\\/\\\/sergiolapegue.com\\\/site\\\/wp-content\\\/uploads\\\/2021\\\/04\\\/logo_header-1.png\",\"contentUrl\":\"https:\\\/\\\/sergiolapegue.com\\\/site\\\/wp-content\\\/uploads\\\/2021\\\/04\\\/logo_header-1.png\",\"width\":272,\"height\":90,\"caption\":\"Sergio Lapegue\"},\"logo\":{\"@id\":\"https:\\\/\\\/sergiolapegue.com\\\/site\\\/wp-content\\\/uploads\\\/2021\\\/04\\\/logo_header-1.png\"},\"sameAs\":[\"https:\\\/\\\/facebook.com\\\/sergiolapegue\",\"https:\\\/\\\/instagram.com\\\/sergiolapegue\",\"https:\\\/\\\/x.com\\\/https:\\\/\\\/twitter.com\\\/sergiolapegue\"]},{\"@type\":\"Person\",\"@id\":\"https:\\\/\\\/sergiolapegue.com\\\/site\\\/#\\\/schema\\\/person\\\/00adf937d010c7f79a180dc4916a40e0\",\"name\":\"Leonardo Monta\u00f1a\",\"image\":{\"@type\":\"ImageObject\",\"inLanguage\":\"es-AR\",\"@id\":\"https:\\\/\\\/sergiolapegue.com\\\/site\\\/wp-content\\\/uploads\\\/2021\\\/04\\\/sl_avatar_Leonardo-150x150.jpg\",\"url\":\"https:\\\/\\\/sergiolapegue.com\\\/site\\\/wp-content\\\/uploads\\\/2021\\\/04\\\/sl_avatar_Leonardo-150x150.jpg\",\"contentUrl\":\"https:\\\/\\\/sergiolapegue.com\\\/site\\\/wp-content\\\/uploads\\\/2021\\\/04\\\/sl_avatar_Leonardo-150x150.jpg\",\"caption\":\"Leonardo Monta\u00f1a\"},\"sameAs\":[\"https:\\\/\\\/x.com\\\/https:\\\/\\\/twitter.com\\\/soytoto81\"],\"url\":\"https:\\\/\\\/sergiolapegue.com\\\/site\\\/author\\\/leonardo\\\/\"}]}<\/script>\n<!-- \/ Yoast SEO plugin. -->","yoast_head_json":{"title":"5 se\u00f1ales de alerta de este trastorno que afecta a 280 millones de personas en el mundo - Sergio Lapegue","robots":{"index":"index","follow":"follow","max-snippet":"max-snippet:-1","max-image-preview":"max-image-preview:large","max-video-preview":"max-video-preview:-1"},"canonical":"https:\/\/sergiolapegue.com\/site\/2025\/01\/09\/5-senales-de-alerta-de-este-trastorno-que-afecta-a-280-millones-de-personas-en-el-mundo\/","og_locale":"es_ES","og_type":"article","og_title":"5 se\u00f1ales de alerta de este trastorno que afecta a 280 millones de personas en el mundo - Sergio Lapegue","og_description":"Cada 13 de enero se conmemora el D\u00eda Mundial de la Lucha contra la Depresi\u00f3n, una fecha clave para visibilizar este trastorno mental que afecta aproximadamente a 280 millones de personas alrededor del mundo seg\u00fan cifras de la&nbsp;Organizaci\u00f3n Mundial de la Salud. El objetivo de esta jornada es generar conciencia sobre la importancia de detectar [&hellip;]","og_url":"https:\/\/sergiolapegue.com\/site\/2025\/01\/09\/5-senales-de-alerta-de-este-trastorno-que-afecta-a-280-millones-de-personas-en-el-mundo\/","og_site_name":"Sergio Lapegue","article_publisher":"https:\/\/facebook.com\/sergiolapegue","article_published_time":"2025-01-09T12:22:00+00:00","og_image":[{"width":2560,"height":2023,"url":"https:\/\/sergiolapegue.com\/site\/wp-content\/uploads\/2025\/01\/unnamed-scaled.jpg","type":"image\/jpeg"}],"author":"Leonardo Monta\u00f1a","twitter_card":"summary_large_image","twitter_creator":"@https:\/\/twitter.com\/soytoto81","twitter_site":"@sergiolapegue","twitter_misc":{"Escrito por":"Leonardo Monta\u00f1a","Tiempo de lectura":"4 minutos"},"schema":{"@context":"https:\/\/schema.org","@graph":[{"@type":"Article","@id":"https:\/\/sergiolapegue.com\/site\/2025\/01\/09\/5-senales-de-alerta-de-este-trastorno-que-afecta-a-280-millones-de-personas-en-el-mundo\/#article","isPartOf":{"@id":"https:\/\/sergiolapegue.com\/site\/2025\/01\/09\/5-senales-de-alerta-de-este-trastorno-que-afecta-a-280-millones-de-personas-en-el-mundo\/"},"author":{"name":"Leonardo Monta\u00f1a","@id":"https:\/\/sergiolapegue.com\/site\/#\/schema\/person\/00adf937d010c7f79a180dc4916a40e0"},"headline":"5 se\u00f1ales de alerta de este trastorno que afecta a 280 millones de personas en el mundo","datePublished":"2025-01-09T12:22:00+00:00","mainEntityOfPage":{"@id":"https:\/\/sergiolapegue.com\/site\/2025\/01\/09\/5-senales-de-alerta-de-este-trastorno-que-afecta-a-280-millones-de-personas-en-el-mundo\/"},"wordCount":770,"publisher":{"@id":"https:\/\/sergiolapegue.com\/site\/#\/schema\/person\/083aeceeb0734cd166779ea6c0551a37"},"image":{"@id":"https:\/\/sergiolapegue.com\/site\/2025\/01\/09\/5-senales-de-alerta-de-este-trastorno-que-afecta-a-280-millones-de-personas-en-el-mundo\/#primaryimage"},"thumbnailUrl":"https:\/\/sergiolapegue.com\/site\/wp-content\/uploads\/2025\/01\/unnamed-scaled.jpg","keywords":["depresion","enfermedad","mente","personas","salud","trastorno"],"articleSection":["Actualidad"],"inLanguage":"es-AR"},{"@type":"WebPage","@id":"https:\/\/sergiolapegue.com\/site\/2025\/01\/09\/5-senales-de-alerta-de-este-trastorno-que-afecta-a-280-millones-de-personas-en-el-mundo\/","url":"https:\/\/sergiolapegue.com\/site\/2025\/01\/09\/5-senales-de-alerta-de-este-trastorno-que-afecta-a-280-millones-de-personas-en-el-mundo\/","name":"5 se\u00f1ales de alerta de este trastorno que afecta a 280 millones de personas en el mundo - Sergio Lapegue","isPartOf":{"@id":"https:\/\/sergiolapegue.com\/site\/#website"},"primaryImageOfPage":{"@id":"https:\/\/sergiolapegue.com\/site\/2025\/01\/09\/5-senales-de-alerta-de-este-trastorno-que-afecta-a-280-millones-de-personas-en-el-mundo\/#primaryimage"},"image":{"@id":"https:\/\/sergiolapegue.com\/site\/2025\/01\/09\/5-senales-de-alerta-de-este-trastorno-que-afecta-a-280-millones-de-personas-en-el-mundo\/#primaryimage"},"thumbnailUrl":"https:\/\/sergiolapegue.com\/site\/wp-content\/uploads\/2025\/01\/unnamed-scaled.jpg","datePublished":"2025-01-09T12:22:00+00:00","breadcrumb":{"@id":"https:\/\/sergiolapegue.com\/site\/2025\/01\/09\/5-senales-de-alerta-de-este-trastorno-que-afecta-a-280-millones-de-personas-en-el-mundo\/#breadcrumb"},"inLanguage":"es-AR","potentialAction":[{"@type":"ReadAction","target":["https:\/\/sergiolapegue.com\/site\/2025\/01\/09\/5-senales-de-alerta-de-este-trastorno-que-afecta-a-280-millones-de-personas-en-el-mundo\/"]}]},{"@type":"ImageObject","inLanguage":"es-AR","@id":"https:\/\/sergiolapegue.com\/site\/2025\/01\/09\/5-senales-de-alerta-de-este-trastorno-que-afecta-a-280-millones-de-personas-en-el-mundo\/#primaryimage","url":"https:\/\/sergiolapegue.com\/site\/wp-content\/uploads\/2025\/01\/unnamed-scaled.jpg","contentUrl":"https:\/\/sergiolapegue.com\/site\/wp-content\/uploads\/2025\/01\/unnamed-scaled.jpg","width":2560,"height":2023},{"@type":"BreadcrumbList","@id":"https:\/\/sergiolapegue.com\/site\/2025\/01\/09\/5-senales-de-alerta-de-este-trastorno-que-afecta-a-280-millones-de-personas-en-el-mundo\/#breadcrumb","itemListElement":[{"@type":"ListItem","position":1,"name":"Inicio","item":"https:\/\/sergiolapegue.com\/site\/"},{"@type":"ListItem","position":2,"name":"5 se\u00f1ales de alerta de este trastorno que afecta a 280 millones de personas en el mundo"}]},{"@type":"WebSite","@id":"https:\/\/sergiolapegue.com\/site\/#website","url":"https:\/\/sergiolapegue.com\/site\/","name":"Sergio Lapegue","description":"Periodista","publisher":{"@id":"https:\/\/sergiolapegue.com\/site\/#\/schema\/person\/083aeceeb0734cd166779ea6c0551a37"},"potentialAction":[{"@type":"SearchAction","target":{"@type":"EntryPoint","urlTemplate":"https:\/\/sergiolapegue.com\/site\/?s={search_term_string}"},"query-input":{"@type":"PropertyValueSpecification","valueRequired":true,"valueName":"search_term_string"}}],"inLanguage":"es-AR"},{"@type":["Person","Organization"],"@id":"https:\/\/sergiolapegue.com\/site\/#\/schema\/person\/083aeceeb0734cd166779ea6c0551a37","name":"Sergio Lapegue","image":{"@type":"ImageObject","inLanguage":"es-AR","@id":"https:\/\/sergiolapegue.com\/site\/wp-content\/uploads\/2021\/04\/logo_header-1.png","url":"https:\/\/sergiolapegue.com\/site\/wp-content\/uploads\/2021\/04\/logo_header-1.png","contentUrl":"https:\/\/sergiolapegue.com\/site\/wp-content\/uploads\/2021\/04\/logo_header-1.png","width":272,"height":90,"caption":"Sergio Lapegue"},"logo":{"@id":"https:\/\/sergiolapegue.com\/site\/wp-content\/uploads\/2021\/04\/logo_header-1.png"},"sameAs":["https:\/\/facebook.com\/sergiolapegue","https:\/\/instagram.com\/sergiolapegue","https:\/\/x.com\/https:\/\/twitter.com\/sergiolapegue"]},{"@type":"Person","@id":"https:\/\/sergiolapegue.com\/site\/#\/schema\/person\/00adf937d010c7f79a180dc4916a40e0","name":"Leonardo Monta\u00f1a","image":{"@type":"ImageObject","inLanguage":"es-AR","@id":"https:\/\/sergiolapegue.com\/site\/wp-content\/uploads\/2021\/04\/sl_avatar_Leonardo-150x150.jpg","url":"https:\/\/sergiolapegue.com\/site\/wp-content\/uploads\/2021\/04\/sl_avatar_Leonardo-150x150.jpg","contentUrl":"https:\/\/sergiolapegue.com\/site\/wp-content\/uploads\/2021\/04\/sl_avatar_Leonardo-150x150.jpg","caption":"Leonardo Monta\u00f1a"},"sameAs":["https:\/\/x.com\/https:\/\/twitter.com\/soytoto81"],"url":"https:\/\/sergiolapegue.com\/site\/author\/leonardo\/"}]}},"_links":{"self":[{"href":"https:\/\/sergiolapegue.com\/site\/wp-json\/wp\/v2\/posts\/20198","targetHints":{"allow":["GET"]}}],"collection":[{"href":"https:\/\/sergiolapegue.com\/site\/wp-json\/wp\/v2\/posts"}],"about":[{"href":"https:\/\/sergiolapegue.com\/site\/wp-json\/wp\/v2\/types\/post"}],"author":[{"embeddable":true,"href":"https:\/\/sergiolapegue.com\/site\/wp-json\/wp\/v2\/users\/4"}],"replies":[{"embeddable":true,"href":"https:\/\/sergiolapegue.com\/site\/wp-json\/wp\/v2\/comments?post=20198"}],"version-history":[{"count":1,"href":"https:\/\/sergiolapegue.com\/site\/wp-json\/wp\/v2\/posts\/20198\/revisions"}],"predecessor-version":[{"id":20201,"href":"https:\/\/sergiolapegue.com\/site\/wp-json\/wp\/v2\/posts\/20198\/revisions\/20201"}],"wp:featuredmedia":[{"embeddable":true,"href":"https:\/\/sergiolapegue.com\/site\/wp-json\/wp\/v2\/media\/20200"}],"wp:attachment":[{"href":"https:\/\/sergiolapegue.com\/site\/wp-json\/wp\/v2\/media?parent=20198"}],"wp:term":[{"taxonomy":"category","embeddable":true,"href":"https:\/\/sergiolapegue.com\/site\/wp-json\/wp\/v2\/categories?post=20198"},{"taxonomy":"post_tag","embeddable":true,"href":"https:\/\/sergiolapegue.com\/site\/wp-json\/wp\/v2\/tags?post=20198"}],"curies":[{"name":"wp","href":"https:\/\/api.w.org\/{rel}","templated":true}]}}