{"id":20156,"date":"2025-01-06T01:00:00","date_gmt":"2025-01-06T04:00:00","guid":{"rendered":"https:\/\/sergiolapegue.com\/site\/?p=20156"},"modified":"2025-01-05T01:23:59","modified_gmt":"2025-01-05T04:23:59","slug":"imagen-velada","status":"publish","type":"post","link":"https:\/\/sergiolapegue.com\/site\/2025\/01\/06\/imagen-velada\/","title":{"rendered":"IMAGEN VELADA"},"content":{"rendered":"\n<p>Imagen Velada, de Santiago Gobernori, llega al&nbsp;Teatro Astros a partir del martes 14 de enero. Una producci\u00f3n general de Barbara Lombardo y Sebasti\u00e1n Color\u00eda.<\/p>\n\n\n\n<p>El elenco est\u00e1 compuesto por Victoria Baldomir, Juli\u00e1n Cabrera, Paloma Contreras, Marcos Ferrante, Nicol\u00e1s Gim\u00e9nez, Tincho Lups, B\u00e1rbara Mass\u00f3, Facundo Livio Mej\u00edas, Paula Pichersky, William Prociuk y Sabrina Zelaschi, con direcci\u00f3n de Santiago Gobernori.<\/p>\n\n\n\n<figure class=\"wp-block-image size-large\"><img loading=\"lazy\" decoding=\"async\" width=\"1024\" height=\"854\" src=\"https:\/\/sergiolapegue.com\/site\/wp-content\/uploads\/2025\/01\/Imagen-velada-1-1024x854.jpeg\" alt=\"\" class=\"wp-image-20157\" srcset=\"https:\/\/sergiolapegue.com\/site\/wp-content\/uploads\/2025\/01\/Imagen-velada-1-1024x854.jpeg 1024w, https:\/\/sergiolapegue.com\/site\/wp-content\/uploads\/2025\/01\/Imagen-velada-1-300x250.jpeg 300w, https:\/\/sergiolapegue.com\/site\/wp-content\/uploads\/2025\/01\/Imagen-velada-1-768x640.jpeg 768w, https:\/\/sergiolapegue.com\/site\/wp-content\/uploads\/2025\/01\/Imagen-velada-1-1536x1280.jpeg 1536w, https:\/\/sergiolapegue.com\/site\/wp-content\/uploads\/2025\/01\/Imagen-velada-1-2048x1707.jpeg 2048w, https:\/\/sergiolapegue.com\/site\/wp-content\/uploads\/2025\/01\/Imagen-velada-1-504x420.jpeg 504w, https:\/\/sergiolapegue.com\/site\/wp-content\/uploads\/2025\/01\/Imagen-velada-1-696x580.jpeg 696w, https:\/\/sergiolapegue.com\/site\/wp-content\/uploads\/2025\/01\/Imagen-velada-1-1068x890.jpeg 1068w, https:\/\/sergiolapegue.com\/site\/wp-content\/uploads\/2025\/01\/Imagen-velada-1-1920x1600.jpeg 1920w\" sizes=\"auto, (max-width: 1024px) 100vw, 1024px\" \/><\/figure>\n\n\n\n<p><strong>SINOPSIS<\/strong><\/p>\n\n\n\n<p>El esp\u00edritu errante de un querand\u00ed muerto hace cientos de a\u00f1os presencia, a su pesar, un fin de semana de fiesta de un grupo de amigos en un country en la afueras de Buenos Aires.<\/p>\n\n\n\n<figure class=\"wp-block-image size-large\"><img loading=\"lazy\" decoding=\"async\" width=\"819\" height=\"1024\" src=\"https:\/\/sergiolapegue.com\/site\/wp-content\/uploads\/2025\/01\/Imagen-velada-2-819x1024.jpeg\" alt=\"\" class=\"wp-image-20158\" srcset=\"https:\/\/sergiolapegue.com\/site\/wp-content\/uploads\/2025\/01\/Imagen-velada-2-819x1024.jpeg 819w, https:\/\/sergiolapegue.com\/site\/wp-content\/uploads\/2025\/01\/Imagen-velada-2-240x300.jpeg 240w, https:\/\/sergiolapegue.com\/site\/wp-content\/uploads\/2025\/01\/Imagen-velada-2-768x960.jpeg 768w, https:\/\/sergiolapegue.com\/site\/wp-content\/uploads\/2025\/01\/Imagen-velada-2-1229x1536.jpeg 1229w, https:\/\/sergiolapegue.com\/site\/wp-content\/uploads\/2025\/01\/Imagen-velada-2-1638x2048.jpeg 1638w, https:\/\/sergiolapegue.com\/site\/wp-content\/uploads\/2025\/01\/Imagen-velada-2-336x420.jpeg 336w, https:\/\/sergiolapegue.com\/site\/wp-content\/uploads\/2025\/01\/Imagen-velada-2-696x870.jpeg 696w, https:\/\/sergiolapegue.com\/site\/wp-content\/uploads\/2025\/01\/Imagen-velada-2-1068x1335.jpeg 1068w, https:\/\/sergiolapegue.com\/site\/wp-content\/uploads\/2025\/01\/Imagen-velada-2-1920x2400.jpeg 1920w, https:\/\/sergiolapegue.com\/site\/wp-content\/uploads\/2025\/01\/Imagen-velada-2-scaled.jpeg 2048w\" sizes=\"auto, (max-width: 819px) 100vw, 819px\" \/><\/figure>\n\n\n\n<p><strong>FICHA T\u00c9CNICO ART\u00cdSTICA<\/strong><\/p>\n\n\n\n<p><strong>Dramaturgo:&nbsp;<\/strong>Santiago Gobernori<\/p>\n\n\n\n<p><strong>Act\u00faan:&nbsp;<\/strong>Victoria Baldomir \u2013 Juli\u00e1n Cabrera \u2013 Paloma Contreras \u2013 Marcos Ferrante \u2013 Nicol\u00e1s Gim\u00e9nez \u2013 Tincho Lups \u2013 B\u00e1rbara Mass\u00f3 \u2013 Facundo Livio Mej\u00edas \u2013 Paula Pichersky \u2013 William Prociuk \u2013 Sabrina Zelaschi<\/p>\n\n\n\n<p><strong>Cover:&nbsp;<\/strong>Julia Morgado<\/p>\n\n\n\n<p><strong>Escenograf\u00eda y Vestuario:&nbsp;<\/strong>Paola Delgado<\/p>\n\n\n\n<p><strong>Iluminaci\u00f3n:&nbsp;<\/strong>Ricardo Sica<\/p>\n\n\n\n<p><strong>Fotograf\u00eda:&nbsp;<\/strong>Agust\u00edn Bordignon<\/p>\n\n\n\n<p><strong>Dise\u00f1o gr\u00e1fico:&nbsp;<\/strong>Mariano Fernando L\u00f3pez<\/p>\n\n\n\n<p><strong>Asistencia de direcci\u00f3n:&nbsp;<\/strong>Melina Avramides<\/p>\n\n\n\n<p><strong>Prensa:&nbsp;<\/strong>TP Agencia<\/p>\n\n\n\n<p><strong>Asistente de producci\u00f3n:&nbsp;<\/strong>Diego Siri<\/p>\n\n\n\n<p><strong>Producci\u00f3n ejecutiva:&nbsp;<\/strong>Luc\u00eda Asurey \u2013 Soledad Asurey<\/p>\n\n\n\n<p><strong>Direcci\u00f3n:&nbsp;<\/strong>Santiago Gobernori&nbsp;<strong>&nbsp;<\/strong><\/p>\n\n\n\n<p><strong>Producci\u00f3n general:&nbsp;<\/strong>Sebasti\u00e1n Color\u00eda \u2013 B\u00e1rbara Lombardo<\/p>\n\n\n\n<figure class=\"wp-block-image size-large\"><img loading=\"lazy\" decoding=\"async\" width=\"1024\" height=\"683\" src=\"https:\/\/sergiolapegue.com\/site\/wp-content\/uploads\/2025\/01\/Imagen-velada-4-1024x683.jpeg\" alt=\"\" class=\"wp-image-20159\" srcset=\"https:\/\/sergiolapegue.com\/site\/wp-content\/uploads\/2025\/01\/Imagen-velada-4-1024x683.jpeg 1024w, https:\/\/sergiolapegue.com\/site\/wp-content\/uploads\/2025\/01\/Imagen-velada-4-300x200.jpeg 300w, https:\/\/sergiolapegue.com\/site\/wp-content\/uploads\/2025\/01\/Imagen-velada-4-768x512.jpeg 768w, https:\/\/sergiolapegue.com\/site\/wp-content\/uploads\/2025\/01\/Imagen-velada-4-1536x1024.jpeg 1536w, https:\/\/sergiolapegue.com\/site\/wp-content\/uploads\/2025\/01\/Imagen-velada-4-2048x1365.jpeg 2048w, https:\/\/sergiolapegue.com\/site\/wp-content\/uploads\/2025\/01\/Imagen-velada-4-630x420.jpeg 630w, https:\/\/sergiolapegue.com\/site\/wp-content\/uploads\/2025\/01\/Imagen-velada-4-696x464.jpeg 696w, https:\/\/sergiolapegue.com\/site\/wp-content\/uploads\/2025\/01\/Imagen-velada-4-1068x712.jpeg 1068w, https:\/\/sergiolapegue.com\/site\/wp-content\/uploads\/2025\/01\/Imagen-velada-4-1920x1280.jpeg 1920w\" sizes=\"auto, (max-width: 1024px) 100vw, 1024px\" \/><\/figure>\n\n\n\n<p><strong>TEATRO ASTROS<\/strong><\/p>\n\n\n\n<p>Av. Corrientes 750 \u2013 Capital Federal \u2013 Buenos Aires \u2013 Argentina<\/p>\n\n\n\n<p>Tel\u00e9fono: 4325-9991<\/p>\n\n\n\n<p>Web: <a href=\"http:\/\/www.teatro-astros.com\">http:\/\/www.teatro-astros.com<\/a><\/p>\n\n\n\n<p>Entradas: Desde $ 20.000 \u2013 en boleter\u00eda del teatro o a trav\u00e9s de Entrada Uno<\/p>\n\n\n\n<p>Funci\u00f3n: Martes 20:30 horas \u2013 Desde el 14\/01\/2025<\/p>\n\n\n\n<p>Gracias Tommy Pashkus Agencia por hacernos llegar la gacetilla de prensa del estreno de este espect\u00e1culo.<\/p>\n\n\n\n<p><strong>SOBRE SANTIAGO GOBERNORI<\/strong><\/p>\n\n\n\n<p>Santiago Gobernori es egresado de la carrera de dramaturgia de la E.A.D a cargo de Mauricio Kartun. Se form\u00f3 como actor con Rafael Spregelburd, Mariana Obersztern y Ricardo Bartis.<\/p>\n\n\n\n<p>Es creador, junto a Mat\u00edas Feldman de la escuela de actuaci\u00f3n y espacio teatral Club de Teatro Defensores de Bravard.<\/p>\n\n\n\n<p>Escribi\u00f3 y dirigi\u00f3: \u201cGolpe real\u201d, Centro Cultural R. Rojas (2001), \u201cDar\u00edo Tiene Momentos de Soledad\u201d, Centro Cultural R. Rojas (2002), \u201cDesnudo Ilegal Ingl\u00e9s\u201d, Centro Cultural R. Rojas (2003) \u201cAlgo descarril\u00f3\u201d. Espacio Callej\u00f3n (2005) \u201cReproches Constantes\u201d, Espacio Callej\u00f3n (2006; particip\u00f3 en el FIBA 2007), \u201cDeus ex Machina\u201d (2008, en el marco del proyecto Biodrama en el Teatro Sarmiento, del Complejo Teatral San Mart\u00edn), \u201c\u00c1spero, una obra t\u00edpica\u201d, Club de Teatro Defensores de Bravard. \u201cTodo Hecho\u201d, proyecto de graduaci\u00f3n del IUNA, \u201cEdipo\u201d, \u201cPobre Daniel\u201d y \u201cLa Verdad Ef\u00edmera\u201d, C.T. Defensores de Bravard, \u201cConurbano Cotidiano\u201d, El Galp\u00f3n de Guevara.<\/p>\n\n\n\n<p>Dirigi\u00f3: \u201cHombre de Ojos Tristes\u201d, de H\u00e4ndl Klaus, en el Instituto Goethe, \u201cJack Se Fue a Remar\u201d, de Bob Gaudini, en el Teatro Metropolitan. Su obra \u201cEnse\u00f1anza Mach\u00e9\u201d recibi\u00f3 el segundo premio en el concurso de nueva dramaturgia \u201cGerm\u00e1n Rozenmacher\u201d organizado en el marco del IV Festival Internacional de Buenos Aires (FIBA). La obra fue editada por el mismo festival. Su obra \u201cLas Riendas\u201d recibi\u00f3 una menci\u00f3n en el concurso de nueva dramaturgia del Instituto Nacional de Teatro de 2003 y ha sido editada por dicho organismo.<\/p>\n\n\n\n<p>Recibi\u00f3 el premio \u201cS\u201d 2004 por su trabajo como actor y autor.<\/p>\n\n\n\n<p>En teatro trabaj\u00f3 como actor en obras de Mat\u00edas Feldman, Rafael Spregelburd, Mariana Chaud, Mariano Pensotti, Gonzalo Mart\u00ednez , Mariana Obersztern, Patricio Abadi, Nacho Bartolone, Mariano Tenconi, Agust\u00edn Mendilaharzu y Walter Jakob. En cine trabaj\u00f3 con Mariano Llin\u00e1s, Laura Citarella, Juan Villegas, In\u00e9s de Oliveira C\u00e9sar, In\u00e9s Braun, Luciano Quilici, Natalia Smirnoff, Alejandro Mill\u00e1n, Sebasti\u00e1n De Caro, entre otros.<\/p>\n\n\n\n<p><\/p>\n\n\n\n<p><\/p>\n","protected":false},"excerpt":{"rendered":"<p>Imagen Velada, de Santiago Gobernori, llega al&nbsp;Teatro Astros a partir del martes 14 de enero. Una producci\u00f3n general de Barbara Lombardo y Sebasti\u00e1n Color\u00eda. El elenco est\u00e1 compuesto por Victoria Baldomir, Juli\u00e1n Cabrera, Paloma Contreras, Marcos Ferrante, Nicol\u00e1s Gim\u00e9nez, Tincho Lups, B\u00e1rbara Mass\u00f3, Facundo Livio Mej\u00edas, Paula Pichersky, William Prociuk y Sabrina Zelaschi, con direcci\u00f3n [&hellip;]<\/p>\n","protected":false},"author":3,"featured_media":20160,"comment_status":"open","ping_status":"closed","sticky":false,"template":"","format":"standard","meta":{"footnotes":""},"categories":[34,35],"tags":[],"class_list":{"0":"post-20156","1":"post","2":"type-post","3":"status-publish","4":"format-standard","5":"has-post-thumbnail","7":"category-arte","8":"category-teatro"},"yoast_head":"<!-- This site is optimized with the Yoast SEO plugin v27.4 - https:\/\/yoast.com\/product\/yoast-seo-wordpress\/ -->\n<title>IMAGEN VELADA - Sergio Lapegue<\/title>\n<meta name=\"robots\" content=\"index, follow, max-snippet:-1, max-image-preview:large, max-video-preview:-1\" \/>\n<link rel=\"canonical\" href=\"https:\/\/sergiolapegue.com\/site\/2025\/01\/06\/imagen-velada\/\" \/>\n<meta property=\"og:locale\" content=\"es_ES\" \/>\n<meta property=\"og:type\" content=\"article\" \/>\n<meta property=\"og:title\" content=\"IMAGEN VELADA - Sergio Lapegue\" \/>\n<meta property=\"og:description\" content=\"Imagen Velada, de Santiago Gobernori, llega al&nbsp;Teatro Astros a partir del martes 14 de enero. Una producci\u00f3n general de Barbara Lombardo y Sebasti\u00e1n Color\u00eda. El elenco est\u00e1 compuesto por Victoria Baldomir, Juli\u00e1n Cabrera, Paloma Contreras, Marcos Ferrante, Nicol\u00e1s Gim\u00e9nez, Tincho Lups, B\u00e1rbara Mass\u00f3, Facundo Livio Mej\u00edas, Paula Pichersky, William Prociuk y Sabrina Zelaschi, con direcci\u00f3n [&hellip;]\" \/>\n<meta property=\"og:url\" content=\"https:\/\/sergiolapegue.com\/site\/2025\/01\/06\/imagen-velada\/\" \/>\n<meta property=\"og:site_name\" content=\"Sergio Lapegue\" \/>\n<meta property=\"article:publisher\" content=\"https:\/\/facebook.com\/sergiolapegue\" \/>\n<meta property=\"article:author\" content=\"https:\/\/facebook.com\/danielernesto.montana\" \/>\n<meta property=\"article:published_time\" content=\"2025-01-06T04:00:00+00:00\" \/>\n<meta property=\"og:image\" content=\"https:\/\/sergiolapegue.com\/site\/wp-content\/uploads\/2025\/01\/Imagen-velada.jpeg\" \/>\n\t<meta property=\"og:image:width\" content=\"600\" \/>\n\t<meta property=\"og:image:height\" content=\"599\" \/>\n\t<meta property=\"og:image:type\" content=\"image\/jpeg\" \/>\n<meta name=\"author\" content=\"Daniel E. Monta\u00f1a\" \/>\n<meta name=\"twitter:card\" content=\"summary_large_image\" \/>\n<meta name=\"twitter:creator\" content=\"@https:\/\/twitter.com\/daner_004\" \/>\n<meta name=\"twitter:site\" content=\"@sergiolapegue\" \/>\n<meta name=\"twitter:label1\" content=\"Escrito por\" \/>\n\t<meta name=\"twitter:data1\" content=\"Daniel E. Monta\u00f1a\" \/>\n\t<meta name=\"twitter:label2\" content=\"Tiempo de lectura\" \/>\n\t<meta name=\"twitter:data2\" content=\"4 minutos\" \/>\n<script type=\"application\/ld+json\" class=\"yoast-schema-graph\">{\"@context\":\"https:\\\/\\\/schema.org\",\"@graph\":[{\"@type\":\"Article\",\"@id\":\"https:\\\/\\\/sergiolapegue.com\\\/site\\\/2025\\\/01\\\/06\\\/imagen-velada\\\/#article\",\"isPartOf\":{\"@id\":\"https:\\\/\\\/sergiolapegue.com\\\/site\\\/2025\\\/01\\\/06\\\/imagen-velada\\\/\"},\"author\":{\"name\":\"Daniel E. Monta\u00f1a\",\"@id\":\"https:\\\/\\\/sergiolapegue.com\\\/site\\\/#\\\/schema\\\/person\\\/9198e7dbab43c6d74d0fd5399af7c3cd\"},\"headline\":\"IMAGEN VELADA\",\"datePublished\":\"2025-01-06T04:00:00+00:00\",\"mainEntityOfPage\":{\"@id\":\"https:\\\/\\\/sergiolapegue.com\\\/site\\\/2025\\\/01\\\/06\\\/imagen-velada\\\/\"},\"wordCount\":601,\"commentCount\":0,\"publisher\":{\"@id\":\"https:\\\/\\\/sergiolapegue.com\\\/site\\\/#\\\/schema\\\/person\\\/083aeceeb0734cd166779ea6c0551a37\"},\"image\":{\"@id\":\"https:\\\/\\\/sergiolapegue.com\\\/site\\\/2025\\\/01\\\/06\\\/imagen-velada\\\/#primaryimage\"},\"thumbnailUrl\":\"https:\\\/\\\/sergiolapegue.com\\\/site\\\/wp-content\\\/uploads\\\/2025\\\/01\\\/Imagen-velada.jpeg\",\"articleSection\":[\"Arte\",\"Teatro\"],\"inLanguage\":\"es-AR\",\"potentialAction\":[{\"@type\":\"CommentAction\",\"name\":\"Comment\",\"target\":[\"https:\\\/\\\/sergiolapegue.com\\\/site\\\/2025\\\/01\\\/06\\\/imagen-velada\\\/#respond\"]}]},{\"@type\":\"WebPage\",\"@id\":\"https:\\\/\\\/sergiolapegue.com\\\/site\\\/2025\\\/01\\\/06\\\/imagen-velada\\\/\",\"url\":\"https:\\\/\\\/sergiolapegue.com\\\/site\\\/2025\\\/01\\\/06\\\/imagen-velada\\\/\",\"name\":\"IMAGEN VELADA - Sergio Lapegue\",\"isPartOf\":{\"@id\":\"https:\\\/\\\/sergiolapegue.com\\\/site\\\/#website\"},\"primaryImageOfPage\":{\"@id\":\"https:\\\/\\\/sergiolapegue.com\\\/site\\\/2025\\\/01\\\/06\\\/imagen-velada\\\/#primaryimage\"},\"image\":{\"@id\":\"https:\\\/\\\/sergiolapegue.com\\\/site\\\/2025\\\/01\\\/06\\\/imagen-velada\\\/#primaryimage\"},\"thumbnailUrl\":\"https:\\\/\\\/sergiolapegue.com\\\/site\\\/wp-content\\\/uploads\\\/2025\\\/01\\\/Imagen-velada.jpeg\",\"datePublished\":\"2025-01-06T04:00:00+00:00\",\"breadcrumb\":{\"@id\":\"https:\\\/\\\/sergiolapegue.com\\\/site\\\/2025\\\/01\\\/06\\\/imagen-velada\\\/#breadcrumb\"},\"inLanguage\":\"es-AR\",\"potentialAction\":[{\"@type\":\"ReadAction\",\"target\":[\"https:\\\/\\\/sergiolapegue.com\\\/site\\\/2025\\\/01\\\/06\\\/imagen-velada\\\/\"]}]},{\"@type\":\"ImageObject\",\"inLanguage\":\"es-AR\",\"@id\":\"https:\\\/\\\/sergiolapegue.com\\\/site\\\/2025\\\/01\\\/06\\\/imagen-velada\\\/#primaryimage\",\"url\":\"https:\\\/\\\/sergiolapegue.com\\\/site\\\/wp-content\\\/uploads\\\/2025\\\/01\\\/Imagen-velada.jpeg\",\"contentUrl\":\"https:\\\/\\\/sergiolapegue.com\\\/site\\\/wp-content\\\/uploads\\\/2025\\\/01\\\/Imagen-velada.jpeg\",\"width\":600,\"height\":599},{\"@type\":\"BreadcrumbList\",\"@id\":\"https:\\\/\\\/sergiolapegue.com\\\/site\\\/2025\\\/01\\\/06\\\/imagen-velada\\\/#breadcrumb\",\"itemListElement\":[{\"@type\":\"ListItem\",\"position\":1,\"name\":\"Inicio\",\"item\":\"https:\\\/\\\/sergiolapegue.com\\\/site\\\/\"},{\"@type\":\"ListItem\",\"position\":2,\"name\":\"IMAGEN VELADA\"}]},{\"@type\":\"WebSite\",\"@id\":\"https:\\\/\\\/sergiolapegue.com\\\/site\\\/#website\",\"url\":\"https:\\\/\\\/sergiolapegue.com\\\/site\\\/\",\"name\":\"Sergio Lapegue\",\"description\":\"Periodista\",\"publisher\":{\"@id\":\"https:\\\/\\\/sergiolapegue.com\\\/site\\\/#\\\/schema\\\/person\\\/083aeceeb0734cd166779ea6c0551a37\"},\"potentialAction\":[{\"@type\":\"SearchAction\",\"target\":{\"@type\":\"EntryPoint\",\"urlTemplate\":\"https:\\\/\\\/sergiolapegue.com\\\/site\\\/?s={search_term_string}\"},\"query-input\":{\"@type\":\"PropertyValueSpecification\",\"valueRequired\":true,\"valueName\":\"search_term_string\"}}],\"inLanguage\":\"es-AR\"},{\"@type\":[\"Person\",\"Organization\"],\"@id\":\"https:\\\/\\\/sergiolapegue.com\\\/site\\\/#\\\/schema\\\/person\\\/083aeceeb0734cd166779ea6c0551a37\",\"name\":\"Sergio Lapegue\",\"image\":{\"@type\":\"ImageObject\",\"inLanguage\":\"es-AR\",\"@id\":\"https:\\\/\\\/sergiolapegue.com\\\/site\\\/wp-content\\\/uploads\\\/2021\\\/04\\\/logo_header-1.png\",\"url\":\"https:\\\/\\\/sergiolapegue.com\\\/site\\\/wp-content\\\/uploads\\\/2021\\\/04\\\/logo_header-1.png\",\"contentUrl\":\"https:\\\/\\\/sergiolapegue.com\\\/site\\\/wp-content\\\/uploads\\\/2021\\\/04\\\/logo_header-1.png\",\"width\":272,\"height\":90,\"caption\":\"Sergio Lapegue\"},\"logo\":{\"@id\":\"https:\\\/\\\/sergiolapegue.com\\\/site\\\/wp-content\\\/uploads\\\/2021\\\/04\\\/logo_header-1.png\"},\"sameAs\":[\"https:\\\/\\\/facebook.com\\\/sergiolapegue\",\"https:\\\/\\\/instagram.com\\\/sergiolapegue\",\"https:\\\/\\\/x.com\\\/https:\\\/\\\/twitter.com\\\/sergiolapegue\"]},{\"@type\":\"Person\",\"@id\":\"https:\\\/\\\/sergiolapegue.com\\\/site\\\/#\\\/schema\\\/person\\\/9198e7dbab43c6d74d0fd5399af7c3cd\",\"name\":\"Daniel E. Monta\u00f1a\",\"image\":{\"@type\":\"ImageObject\",\"inLanguage\":\"es-AR\",\"@id\":\"https:\\\/\\\/sergiolapegue.com\\\/site\\\/wp-content\\\/uploads\\\/2021\\\/04\\\/sl_avatar_Daniel-150x150.jpg\",\"url\":\"https:\\\/\\\/sergiolapegue.com\\\/site\\\/wp-content\\\/uploads\\\/2021\\\/04\\\/sl_avatar_Daniel-150x150.jpg\",\"contentUrl\":\"https:\\\/\\\/sergiolapegue.com\\\/site\\\/wp-content\\\/uploads\\\/2021\\\/04\\\/sl_avatar_Daniel-150x150.jpg\",\"caption\":\"Daniel E. Monta\u00f1a\"},\"sameAs\":[\"https:\\\/\\\/facebook.com\\\/danielernesto.montana\",\"https:\\\/\\\/instagram.com\\\/daniel_montana1961\",\"https:\\\/\\\/x.com\\\/https:\\\/\\\/twitter.com\\\/daner_004\"],\"url\":\"https:\\\/\\\/sergiolapegue.com\\\/site\\\/author\\\/daniel\\\/\"}]}<\/script>\n<!-- \/ Yoast SEO plugin. -->","yoast_head_json":{"title":"IMAGEN VELADA - Sergio Lapegue","robots":{"index":"index","follow":"follow","max-snippet":"max-snippet:-1","max-image-preview":"max-image-preview:large","max-video-preview":"max-video-preview:-1"},"canonical":"https:\/\/sergiolapegue.com\/site\/2025\/01\/06\/imagen-velada\/","og_locale":"es_ES","og_type":"article","og_title":"IMAGEN VELADA - Sergio Lapegue","og_description":"Imagen Velada, de Santiago Gobernori, llega al&nbsp;Teatro Astros a partir del martes 14 de enero. Una producci\u00f3n general de Barbara Lombardo y Sebasti\u00e1n Color\u00eda. El elenco est\u00e1 compuesto por Victoria Baldomir, Juli\u00e1n Cabrera, Paloma Contreras, Marcos Ferrante, Nicol\u00e1s Gim\u00e9nez, Tincho Lups, B\u00e1rbara Mass\u00f3, Facundo Livio Mej\u00edas, Paula Pichersky, William Prociuk y Sabrina Zelaschi, con direcci\u00f3n [&hellip;]","og_url":"https:\/\/sergiolapegue.com\/site\/2025\/01\/06\/imagen-velada\/","og_site_name":"Sergio Lapegue","article_publisher":"https:\/\/facebook.com\/sergiolapegue","article_author":"https:\/\/facebook.com\/danielernesto.montana","article_published_time":"2025-01-06T04:00:00+00:00","og_image":[{"width":600,"height":599,"url":"https:\/\/sergiolapegue.com\/site\/wp-content\/uploads\/2025\/01\/Imagen-velada.jpeg","type":"image\/jpeg"}],"author":"Daniel E. Monta\u00f1a","twitter_card":"summary_large_image","twitter_creator":"@https:\/\/twitter.com\/daner_004","twitter_site":"@sergiolapegue","twitter_misc":{"Escrito por":"Daniel E. Monta\u00f1a","Tiempo de lectura":"4 minutos"},"schema":{"@context":"https:\/\/schema.org","@graph":[{"@type":"Article","@id":"https:\/\/sergiolapegue.com\/site\/2025\/01\/06\/imagen-velada\/#article","isPartOf":{"@id":"https:\/\/sergiolapegue.com\/site\/2025\/01\/06\/imagen-velada\/"},"author":{"name":"Daniel E. Monta\u00f1a","@id":"https:\/\/sergiolapegue.com\/site\/#\/schema\/person\/9198e7dbab43c6d74d0fd5399af7c3cd"},"headline":"IMAGEN VELADA","datePublished":"2025-01-06T04:00:00+00:00","mainEntityOfPage":{"@id":"https:\/\/sergiolapegue.com\/site\/2025\/01\/06\/imagen-velada\/"},"wordCount":601,"commentCount":0,"publisher":{"@id":"https:\/\/sergiolapegue.com\/site\/#\/schema\/person\/083aeceeb0734cd166779ea6c0551a37"},"image":{"@id":"https:\/\/sergiolapegue.com\/site\/2025\/01\/06\/imagen-velada\/#primaryimage"},"thumbnailUrl":"https:\/\/sergiolapegue.com\/site\/wp-content\/uploads\/2025\/01\/Imagen-velada.jpeg","articleSection":["Arte","Teatro"],"inLanguage":"es-AR","potentialAction":[{"@type":"CommentAction","name":"Comment","target":["https:\/\/sergiolapegue.com\/site\/2025\/01\/06\/imagen-velada\/#respond"]}]},{"@type":"WebPage","@id":"https:\/\/sergiolapegue.com\/site\/2025\/01\/06\/imagen-velada\/","url":"https:\/\/sergiolapegue.com\/site\/2025\/01\/06\/imagen-velada\/","name":"IMAGEN VELADA - Sergio Lapegue","isPartOf":{"@id":"https:\/\/sergiolapegue.com\/site\/#website"},"primaryImageOfPage":{"@id":"https:\/\/sergiolapegue.com\/site\/2025\/01\/06\/imagen-velada\/#primaryimage"},"image":{"@id":"https:\/\/sergiolapegue.com\/site\/2025\/01\/06\/imagen-velada\/#primaryimage"},"thumbnailUrl":"https:\/\/sergiolapegue.com\/site\/wp-content\/uploads\/2025\/01\/Imagen-velada.jpeg","datePublished":"2025-01-06T04:00:00+00:00","breadcrumb":{"@id":"https:\/\/sergiolapegue.com\/site\/2025\/01\/06\/imagen-velada\/#breadcrumb"},"inLanguage":"es-AR","potentialAction":[{"@type":"ReadAction","target":["https:\/\/sergiolapegue.com\/site\/2025\/01\/06\/imagen-velada\/"]}]},{"@type":"ImageObject","inLanguage":"es-AR","@id":"https:\/\/sergiolapegue.com\/site\/2025\/01\/06\/imagen-velada\/#primaryimage","url":"https:\/\/sergiolapegue.com\/site\/wp-content\/uploads\/2025\/01\/Imagen-velada.jpeg","contentUrl":"https:\/\/sergiolapegue.com\/site\/wp-content\/uploads\/2025\/01\/Imagen-velada.jpeg","width":600,"height":599},{"@type":"BreadcrumbList","@id":"https:\/\/sergiolapegue.com\/site\/2025\/01\/06\/imagen-velada\/#breadcrumb","itemListElement":[{"@type":"ListItem","position":1,"name":"Inicio","item":"https:\/\/sergiolapegue.com\/site\/"},{"@type":"ListItem","position":2,"name":"IMAGEN VELADA"}]},{"@type":"WebSite","@id":"https:\/\/sergiolapegue.com\/site\/#website","url":"https:\/\/sergiolapegue.com\/site\/","name":"Sergio Lapegue","description":"Periodista","publisher":{"@id":"https:\/\/sergiolapegue.com\/site\/#\/schema\/person\/083aeceeb0734cd166779ea6c0551a37"},"potentialAction":[{"@type":"SearchAction","target":{"@type":"EntryPoint","urlTemplate":"https:\/\/sergiolapegue.com\/site\/?s={search_term_string}"},"query-input":{"@type":"PropertyValueSpecification","valueRequired":true,"valueName":"search_term_string"}}],"inLanguage":"es-AR"},{"@type":["Person","Organization"],"@id":"https:\/\/sergiolapegue.com\/site\/#\/schema\/person\/083aeceeb0734cd166779ea6c0551a37","name":"Sergio Lapegue","image":{"@type":"ImageObject","inLanguage":"es-AR","@id":"https:\/\/sergiolapegue.com\/site\/wp-content\/uploads\/2021\/04\/logo_header-1.png","url":"https:\/\/sergiolapegue.com\/site\/wp-content\/uploads\/2021\/04\/logo_header-1.png","contentUrl":"https:\/\/sergiolapegue.com\/site\/wp-content\/uploads\/2021\/04\/logo_header-1.png","width":272,"height":90,"caption":"Sergio Lapegue"},"logo":{"@id":"https:\/\/sergiolapegue.com\/site\/wp-content\/uploads\/2021\/04\/logo_header-1.png"},"sameAs":["https:\/\/facebook.com\/sergiolapegue","https:\/\/instagram.com\/sergiolapegue","https:\/\/x.com\/https:\/\/twitter.com\/sergiolapegue"]},{"@type":"Person","@id":"https:\/\/sergiolapegue.com\/site\/#\/schema\/person\/9198e7dbab43c6d74d0fd5399af7c3cd","name":"Daniel E. Monta\u00f1a","image":{"@type":"ImageObject","inLanguage":"es-AR","@id":"https:\/\/sergiolapegue.com\/site\/wp-content\/uploads\/2021\/04\/sl_avatar_Daniel-150x150.jpg","url":"https:\/\/sergiolapegue.com\/site\/wp-content\/uploads\/2021\/04\/sl_avatar_Daniel-150x150.jpg","contentUrl":"https:\/\/sergiolapegue.com\/site\/wp-content\/uploads\/2021\/04\/sl_avatar_Daniel-150x150.jpg","caption":"Daniel E. Monta\u00f1a"},"sameAs":["https:\/\/facebook.com\/danielernesto.montana","https:\/\/instagram.com\/daniel_montana1961","https:\/\/x.com\/https:\/\/twitter.com\/daner_004"],"url":"https:\/\/sergiolapegue.com\/site\/author\/daniel\/"}]}},"_links":{"self":[{"href":"https:\/\/sergiolapegue.com\/site\/wp-json\/wp\/v2\/posts\/20156","targetHints":{"allow":["GET"]}}],"collection":[{"href":"https:\/\/sergiolapegue.com\/site\/wp-json\/wp\/v2\/posts"}],"about":[{"href":"https:\/\/sergiolapegue.com\/site\/wp-json\/wp\/v2\/types\/post"}],"author":[{"embeddable":true,"href":"https:\/\/sergiolapegue.com\/site\/wp-json\/wp\/v2\/users\/3"}],"replies":[{"embeddable":true,"href":"https:\/\/sergiolapegue.com\/site\/wp-json\/wp\/v2\/comments?post=20156"}],"version-history":[{"count":1,"href":"https:\/\/sergiolapegue.com\/site\/wp-json\/wp\/v2\/posts\/20156\/revisions"}],"predecessor-version":[{"id":20161,"href":"https:\/\/sergiolapegue.com\/site\/wp-json\/wp\/v2\/posts\/20156\/revisions\/20161"}],"wp:featuredmedia":[{"embeddable":true,"href":"https:\/\/sergiolapegue.com\/site\/wp-json\/wp\/v2\/media\/20160"}],"wp:attachment":[{"href":"https:\/\/sergiolapegue.com\/site\/wp-json\/wp\/v2\/media?parent=20156"}],"wp:term":[{"taxonomy":"category","embeddable":true,"href":"https:\/\/sergiolapegue.com\/site\/wp-json\/wp\/v2\/categories?post=20156"},{"taxonomy":"post_tag","embeddable":true,"href":"https:\/\/sergiolapegue.com\/site\/wp-json\/wp\/v2\/tags?post=20156"}],"curies":[{"name":"wp","href":"https:\/\/api.w.org\/{rel}","templated":true}]}}