{"id":20074,"date":"2025-01-02T09:00:00","date_gmt":"2025-01-02T12:00:00","guid":{"rendered":"https:\/\/sergiolapegue.com\/site\/?p=20074"},"modified":"2024-12-31T02:45:17","modified_gmt":"2024-12-31T05:45:17","slug":"paquito-la-cabeza-contra-el-suelo-2","status":"publish","type":"post","link":"https:\/\/sergiolapegue.com\/site\/2025\/01\/02\/paquito-la-cabeza-contra-el-suelo-2\/","title":{"rendered":"PAQUITO (LA CABEZA CONTRA EL SUELO)"},"content":{"rendered":"\n<p>A partir del 09 de enero sube a escena \u201cPaquito (La cabeza contra el suelo), de Natalia Casielles, sobre una idea original de Juanse Rausch el cual es el director de la obra y cuenta con las actuaciones de Nicol\u00e1s Martin, Maiamar Abrodos, Luc\u00eda Ad\u00fariz Bravo y Mat\u00edas L\u00f3pez Barrios.<\/p>\n\n\n\n<p>Las funciones ser\u00e1n los d\u00edas jueves en el Teatro Metropolitan.<\/p>\n\n\n\n<p><strong>NOMINACIONES<\/strong><strong><\/strong><\/p>\n\n\n\n<p><strong>Premios Teatro del Mundo:<\/strong> Direcci\u00f3n, Actrices, Creaci\u00f3n musical, Adaptaci\u00f3n teatral, Vestuario, escenograf\u00eda.<\/p>\n\n\n\n<p><strong>Premios Mar\u00eda Guerrero:<\/strong> Direcci\u00f3n, Actuaci\u00f3n revelaci\u00f3n, Actuaci\u00f3n de reparto, Adaptaci\u00f3n, Vestuario.<\/p>\n\n\n\n<p><strong>Premios Teatro del Mundo:<\/strong> Luc\u00eda Ad\u00fariz (Actriz) y Juanse Rausch (Direcci\u00f3n)<\/p>\n\n\n\n<p><strong>Premios Mar\u00eda Guerrero:<\/strong> Luc\u00eda Ad\u00fariz (Actuaci\u00f3n de reparto) y Nicol\u00e1s Mart\u00edn (Actuaci\u00f3n revelaci\u00f3n)<\/p>\n\n\n\n<figure class=\"wp-block-image size-large\"><img loading=\"lazy\" decoding=\"async\" width=\"1024\" height=\"683\" src=\"https:\/\/sergiolapegue.com\/site\/wp-content\/uploads\/2024\/12\/Paquito-la-cabeza-contra-el-suelo-2-1024x683.jpg\" alt=\"\" class=\"wp-image-20075\" srcset=\"https:\/\/sergiolapegue.com\/site\/wp-content\/uploads\/2024\/12\/Paquito-la-cabeza-contra-el-suelo-2-1024x683.jpg 1024w, https:\/\/sergiolapegue.com\/site\/wp-content\/uploads\/2024\/12\/Paquito-la-cabeza-contra-el-suelo-2-300x200.jpg 300w, https:\/\/sergiolapegue.com\/site\/wp-content\/uploads\/2024\/12\/Paquito-la-cabeza-contra-el-suelo-2-768x512.jpg 768w, https:\/\/sergiolapegue.com\/site\/wp-content\/uploads\/2024\/12\/Paquito-la-cabeza-contra-el-suelo-2-1536x1024.jpg 1536w, https:\/\/sergiolapegue.com\/site\/wp-content\/uploads\/2024\/12\/Paquito-la-cabeza-contra-el-suelo-2-2048x1365.jpg 2048w, https:\/\/sergiolapegue.com\/site\/wp-content\/uploads\/2024\/12\/Paquito-la-cabeza-contra-el-suelo-2-630x420.jpg 630w, https:\/\/sergiolapegue.com\/site\/wp-content\/uploads\/2024\/12\/Paquito-la-cabeza-contra-el-suelo-2-696x464.jpg 696w, https:\/\/sergiolapegue.com\/site\/wp-content\/uploads\/2024\/12\/Paquito-la-cabeza-contra-el-suelo-2-1068x712.jpg 1068w, https:\/\/sergiolapegue.com\/site\/wp-content\/uploads\/2024\/12\/Paquito-la-cabeza-contra-el-suelo-2-1920x1280.jpg 1920w\" sizes=\"auto, (max-width: 1024px) 100vw, 1024px\" \/><\/figure>\n\n\n\n<p><strong>SINOPSIS<\/strong><\/p>\n\n\n\n<p>Paco Jaumandreu realiza su gran acto de magia: aparecer ante nuestros ojos. Trae consigo a sus fantasmas que recorren su cabeza como una pasarela.&nbsp;<\/p>\n\n\n\n<p>Canciones, recuerdos imposibles, n\u00fameros de caf\u00e9-concert, estrellas de la escena nacional, efem\u00e9rides in\u00e9ditas, escenas hilvanadas por el hilo de la memoria.&nbsp;<\/p>\n\n\n\n<p>Paco Jaumandreu est\u00e1 de vuelta y de vuelta de todo para hablar en primera persona, poner su cabeza contra el suelo y en un grito desesperado exigir ternura.<\/p>\n\n\n\n<figure class=\"wp-block-image size-large is-resized\"><img loading=\"lazy\" decoding=\"async\" width=\"683\" height=\"1024\" src=\"https:\/\/sergiolapegue.com\/site\/wp-content\/uploads\/2024\/12\/Paquito-la-cabeza-contra-el-suelo-3-683x1024.jpg\" alt=\"\" class=\"wp-image-20076\" style=\"width:695px;height:auto\" srcset=\"https:\/\/sergiolapegue.com\/site\/wp-content\/uploads\/2024\/12\/Paquito-la-cabeza-contra-el-suelo-3-683x1024.jpg 683w, https:\/\/sergiolapegue.com\/site\/wp-content\/uploads\/2024\/12\/Paquito-la-cabeza-contra-el-suelo-3-200x300.jpg 200w, https:\/\/sergiolapegue.com\/site\/wp-content\/uploads\/2024\/12\/Paquito-la-cabeza-contra-el-suelo-3-768x1152.jpg 768w, https:\/\/sergiolapegue.com\/site\/wp-content\/uploads\/2024\/12\/Paquito-la-cabeza-contra-el-suelo-3-1024x1536.jpg 1024w, https:\/\/sergiolapegue.com\/site\/wp-content\/uploads\/2024\/12\/Paquito-la-cabeza-contra-el-suelo-3-1365x2048.jpg 1365w, https:\/\/sergiolapegue.com\/site\/wp-content\/uploads\/2024\/12\/Paquito-la-cabeza-contra-el-suelo-3-280x420.jpg 280w, https:\/\/sergiolapegue.com\/site\/wp-content\/uploads\/2024\/12\/Paquito-la-cabeza-contra-el-suelo-3-696x1044.jpg 696w, https:\/\/sergiolapegue.com\/site\/wp-content\/uploads\/2024\/12\/Paquito-la-cabeza-contra-el-suelo-3-1068x1602.jpg 1068w, https:\/\/sergiolapegue.com\/site\/wp-content\/uploads\/2024\/12\/Paquito-la-cabeza-contra-el-suelo-3-1920x2880.jpg 1920w, https:\/\/sergiolapegue.com\/site\/wp-content\/uploads\/2024\/12\/Paquito-la-cabeza-contra-el-suelo-3-scaled.jpg 1707w\" sizes=\"auto, (max-width: 683px) 100vw, 683px\" \/><\/figure>\n\n\n\n<p><strong>FICHA T\u00c9CNICA \u2013 ART\u00cdSTICA<\/strong><\/p>\n\n\n\n<p><strong>Dramaturgia:&nbsp;<\/strong>Natalia Casielles<\/p>\n\n\n\n<p><strong>Idea original:<\/strong>&nbsp;Juanse Rausch<\/p>\n\n\n\n<p><strong>Act\u00faan:<\/strong> Nicol\u00e1s Martin \u2013 Maiamar Abrodos \u2013 Luc\u00eda Ad\u00fariz Bravo \u2013 Mat\u00edas L\u00f3pez Barrios<\/p>\n\n\n\n<p><strong>Artistas invitados durante enero:<\/strong> Paola Medrano\/Mariano Saborido<\/p>\n\n\n\n<p><strong>Pianista:&nbsp;<\/strong>Sebasti\u00e1n Sonenblum<\/p>\n\n\n\n<p><strong>Letras de canciones:&nbsp;<\/strong>Teo L\u00f3pez Puccio, Natalia Casielles, Juanse Rausch<\/p>\n\n\n\n<p><strong>Composici\u00f3n musical:<\/strong>&nbsp;Teo L\u00f3pez Puccio<\/p>\n\n\n\n<p><strong>Direcci\u00f3n musical:&nbsp;<\/strong>Dino P\u00e9rez<\/p>\n\n\n\n<p><strong>Dise\u00f1o de vestuario<\/strong>: Lara Sol Gaudini<\/p>\n\n\n\n<p><strong>Dise\u00f1o de iluminaci\u00f3n:<\/strong>&nbsp;Facundo David<\/p>\n\n\n\n<p><strong>Dise\u00f1o de escenograf\u00eda:<\/strong>&nbsp;Laura Copertino y Marcos Di Liscia<\/p>\n\n\n\n<p><strong>Adaptaci\u00f3n de escenograf\u00eda:&nbsp;<\/strong>Laura Copertino y Carmen Auzmendi<\/p>\n\n\n\n<p><strong>Coreograf\u00eda:&nbsp;<\/strong>Mijal Katzowicz<\/p>\n\n\n\n<p><strong>Asistencia t\u00e9cnica:&nbsp;<\/strong>Lola L\u00f3pez Menalled\/ Jhonatan C\u00e9spedes Roncalla<\/p>\n\n\n\n<p><strong>Dise\u00f1o gr\u00e1fico:<\/strong>&nbsp;Mart\u00edn Gorricho<\/p>\n\n\n\n<p><strong>Adaptaciones gr\u00e1ficas<\/strong>: Karina Hern\u00e1ndez<\/p>\n\n\n\n<p><strong>Fotos:<\/strong>&nbsp;Irish Suarez<\/p>\n\n\n\n<p><strong>Redes:<\/strong>&nbsp;Borias comunicaci\u00f3n<\/p>\n\n\n\n<p><strong>Prensa y comunicaci\u00f3n:<\/strong>&nbsp;Varas Otero&nbsp;<\/p>\n\n\n\n<p><strong>Coproducci\u00f3n:&nbsp;<\/strong>N\u00dcNproduce<\/p>\n\n\n\n<p><strong>Producci\u00f3n:&nbsp;<\/strong>Alejandra Menalled<\/p>\n\n\n\n<p><strong>Direcci\u00f3n<a>:<\/a><\/strong>&nbsp;Juanse Rausch<\/p>\n\n\n\n<p><strong>Instagram:<\/strong> @paquito_lacabezacontraelsuelo<\/p>\n\n\n\n<p><strong>Categor\u00eda:<\/strong> Musical \u2013 Comedia musical<\/p>\n\n\n\n<figure class=\"wp-block-image size-large\"><img loading=\"lazy\" decoding=\"async\" width=\"1024\" height=\"683\" src=\"https:\/\/sergiolapegue.com\/site\/wp-content\/uploads\/2024\/12\/Paquito-la-cabeza-contra-el-suelo-1-1024x683.jpg\" alt=\"\" class=\"wp-image-20077\" srcset=\"https:\/\/sergiolapegue.com\/site\/wp-content\/uploads\/2024\/12\/Paquito-la-cabeza-contra-el-suelo-1-1024x683.jpg 1024w, https:\/\/sergiolapegue.com\/site\/wp-content\/uploads\/2024\/12\/Paquito-la-cabeza-contra-el-suelo-1-300x200.jpg 300w, https:\/\/sergiolapegue.com\/site\/wp-content\/uploads\/2024\/12\/Paquito-la-cabeza-contra-el-suelo-1-768x512.jpg 768w, https:\/\/sergiolapegue.com\/site\/wp-content\/uploads\/2024\/12\/Paquito-la-cabeza-contra-el-suelo-1-1536x1024.jpg 1536w, https:\/\/sergiolapegue.com\/site\/wp-content\/uploads\/2024\/12\/Paquito-la-cabeza-contra-el-suelo-1-630x420.jpg 630w, https:\/\/sergiolapegue.com\/site\/wp-content\/uploads\/2024\/12\/Paquito-la-cabeza-contra-el-suelo-1-696x464.jpg 696w, https:\/\/sergiolapegue.com\/site\/wp-content\/uploads\/2024\/12\/Paquito-la-cabeza-contra-el-suelo-1-1068x712.jpg 1068w, https:\/\/sergiolapegue.com\/site\/wp-content\/uploads\/2024\/12\/Paquito-la-cabeza-contra-el-suelo-1-1920x1280.jpg 1920w, https:\/\/sergiolapegue.com\/site\/wp-content\/uploads\/2024\/12\/Paquito-la-cabeza-contra-el-suelo-1.jpg 2048w\" sizes=\"auto, (max-width: 1024px) 100vw, 1024px\" \/><\/figure>\n\n\n\n<p><strong>TEATRO METROPOLITAN <\/strong><strong><\/strong><\/p>\n\n\n\n<p>Av. Corrientes 1343 \u2013 Capital Federal \u2013 Buenos Aires \u2013 Argentina<\/p>\n\n\n\n<p>Tel\u00e9fono: 5277-0500<\/p>\n\n\n\n<p>Entradas: Desde $ 20.500 hasta $ 22.500 \u2013 en boleter\u00eda o por Plateanet<\/p>\n\n\n\n<p>Funciones: Jueves 20:15 horas \u2013 Desde el 09\/01\/2025<\/p>\n\n\n\n<p>Gracias Mercedes Otero por acercarnos la gacetilla de prensa de este espect\u00e1culo.<\/p>\n\n\n\n<p><strong>SOBRE LA OBRA<\/strong><\/p>\n\n\n\n<p>&#8220;Paquito (La cabeza contra el suelo)&#8221; se constituye como el intento de reconstrucci\u00f3n de una vida: la vida de Paco Jamandreu. Marica, dise\u00f1ador, modisto, cr\u00edtico, personaje p\u00fablico, performer, escritor. Paco es recordado por ser quien visti\u00f3 a Eva Per\u00f3n, sin embargo y m\u00e1s all\u00e1 de este v\u00ednculo esencial, hay mucho m\u00e1s para descubrir en la historia de este personaje.&nbsp;<\/p>\n\n\n\n<p>En este universo imaginario, similar a paisajes po\u00e9ticos de Puig, Perlongher y La Noy, Paco regresa: est\u00e1 de vuelta. Regresa y consigo trae a sus fantasmas: sus t\u00edas, sus amantes, sus modelos, las an\u00e9cdotas, los shows, a Evita. La ternura se introduce en el v\u00ednculo de Paco con Isabel Sarli, Fanny Navarro, Azucena Maizani y Evita: esa relaci\u00f3n de la loca con las amigas, que se constituye en alianza queer. Al darles lugar en su historia, Paco reconstruye sus an\u00e9cdotas, sus tristezas y sus potencias. Esas alianzas son las que permiten atravesar el dolor de la soledad obligatoria, esa \u201cnubecita de humo violeta\u201d como la nombra Paco, que lo ahoga cada vez que un chongo-amante lo abandona para cumplir con el mandato heterosexual de la familia y los hijos. Para hablar en primera persona, para mariconear un poco m\u00e1s, para contar su historia, para exigir ternura: Paco vuelve.&nbsp;<\/p>\n\n\n\n<p>Todo esto ocurre en la gran cabeza de Paquito: un teatrito-pasarela, escenario de g\u00e9neros menores que, con canciones y m\u00fasica en vivo, se propone reivindicar una vida.<\/p>\n\n\n\n<p><strong>SOBRE EL DIRECTOR<\/strong><\/p>\n\n\n\n<p>Juanse Rausch es director, investigador, docente. Licenciado en Direcci\u00f3n Esc\u00e9nica (UNA). Egresado de la carrera de Direcci\u00f3n Esc\u00e9nica de \u00d3pera del ISA del Teatro Col\u00f3n. Curs\u00f3 estudios de actuaci\u00f3n, direcci\u00f3n esc\u00e9nica y danza. Becario Doctoral del CONICET y doctorando en Historia y Teor\u00eda de las Artes (UBA). Sus \u00faltimas creaciones esc\u00e9nicas fueron Paquito (la cabeza contra el suelo), Saraos Uranistas, Viento Blanco (codirecci\u00f3n con Valeria Lois sobre un texto de Santiago Loza).<\/p>\n\n\n\n<p><\/p>\n","protected":false},"excerpt":{"rendered":"<p>A partir del 09 de enero sube a escena \u201cPaquito (La cabeza contra el suelo), de Natalia Casielles, sobre una idea original de Juanse Rausch el cual es el director de la obra y cuenta con las actuaciones de Nicol\u00e1s Martin, Maiamar Abrodos, Luc\u00eda Ad\u00fariz Bravo y Mat\u00edas L\u00f3pez Barrios. Las funciones ser\u00e1n los d\u00edas [&hellip;]<\/p>\n","protected":false},"author":3,"featured_media":20078,"comment_status":"open","ping_status":"closed","sticky":false,"template":"","format":"standard","meta":{"footnotes":""},"categories":[34,35],"tags":[],"class_list":{"0":"post-20074","1":"post","2":"type-post","3":"status-publish","4":"format-standard","5":"has-post-thumbnail","7":"category-arte","8":"category-teatro"},"yoast_head":"<!-- This site is optimized with the Yoast SEO plugin v27.4 - https:\/\/yoast.com\/product\/yoast-seo-wordpress\/ -->\n<title>PAQUITO (LA CABEZA CONTRA EL SUELO) - Sergio Lapegue<\/title>\n<meta name=\"robots\" content=\"index, follow, max-snippet:-1, max-image-preview:large, max-video-preview:-1\" \/>\n<link rel=\"canonical\" href=\"https:\/\/sergiolapegue.com\/site\/2025\/01\/02\/paquito-la-cabeza-contra-el-suelo-2\/\" \/>\n<meta property=\"og:locale\" content=\"es_ES\" \/>\n<meta property=\"og:type\" content=\"article\" \/>\n<meta property=\"og:title\" content=\"PAQUITO (LA CABEZA CONTRA EL SUELO) - Sergio Lapegue\" \/>\n<meta property=\"og:description\" content=\"A partir del 09 de enero sube a escena \u201cPaquito (La cabeza contra el suelo), de Natalia Casielles, sobre una idea original de Juanse Rausch el cual es el director de la obra y cuenta con las actuaciones de Nicol\u00e1s Martin, Maiamar Abrodos, Luc\u00eda Ad\u00fariz Bravo y Mat\u00edas L\u00f3pez Barrios. Las funciones ser\u00e1n los d\u00edas [&hellip;]\" \/>\n<meta property=\"og:url\" content=\"https:\/\/sergiolapegue.com\/site\/2025\/01\/02\/paquito-la-cabeza-contra-el-suelo-2\/\" \/>\n<meta property=\"og:site_name\" content=\"Sergio Lapegue\" \/>\n<meta property=\"article:publisher\" content=\"https:\/\/facebook.com\/sergiolapegue\" \/>\n<meta property=\"article:author\" content=\"https:\/\/facebook.com\/danielernesto.montana\" \/>\n<meta property=\"article:published_time\" content=\"2025-01-02T12:00:00+00:00\" \/>\n<meta property=\"og:image\" content=\"https:\/\/sergiolapegue.com\/site\/wp-content\/uploads\/2024\/12\/Paquito-la-cabeza-contra-el-suelo.jpg\" \/>\n\t<meta property=\"og:image:width\" content=\"1080\" \/>\n\t<meta property=\"og:image:height\" content=\"1350\" \/>\n\t<meta property=\"og:image:type\" content=\"image\/jpeg\" \/>\n<meta name=\"author\" content=\"Daniel E. Monta\u00f1a\" \/>\n<meta name=\"twitter:card\" content=\"summary_large_image\" \/>\n<meta name=\"twitter:creator\" content=\"@https:\/\/twitter.com\/daner_004\" \/>\n<meta name=\"twitter:site\" content=\"@sergiolapegue\" \/>\n<meta name=\"twitter:label1\" content=\"Escrito por\" \/>\n\t<meta name=\"twitter:data1\" content=\"Daniel E. Monta\u00f1a\" \/>\n\t<meta name=\"twitter:label2\" content=\"Tiempo de lectura\" \/>\n\t<meta name=\"twitter:data2\" content=\"4 minutos\" \/>\n<script type=\"application\/ld+json\" class=\"yoast-schema-graph\">{\"@context\":\"https:\\\/\\\/schema.org\",\"@graph\":[{\"@type\":\"Article\",\"@id\":\"https:\\\/\\\/sergiolapegue.com\\\/site\\\/2025\\\/01\\\/02\\\/paquito-la-cabeza-contra-el-suelo-2\\\/#article\",\"isPartOf\":{\"@id\":\"https:\\\/\\\/sergiolapegue.com\\\/site\\\/2025\\\/01\\\/02\\\/paquito-la-cabeza-contra-el-suelo-2\\\/\"},\"author\":{\"name\":\"Daniel E. Monta\u00f1a\",\"@id\":\"https:\\\/\\\/sergiolapegue.com\\\/site\\\/#\\\/schema\\\/person\\\/9198e7dbab43c6d74d0fd5399af7c3cd\"},\"headline\":\"PAQUITO (LA CABEZA CONTRA EL SUELO)\",\"datePublished\":\"2025-01-02T12:00:00+00:00\",\"mainEntityOfPage\":{\"@id\":\"https:\\\/\\\/sergiolapegue.com\\\/site\\\/2025\\\/01\\\/02\\\/paquito-la-cabeza-contra-el-suelo-2\\\/\"},\"wordCount\":782,\"commentCount\":0,\"publisher\":{\"@id\":\"https:\\\/\\\/sergiolapegue.com\\\/site\\\/#\\\/schema\\\/person\\\/083aeceeb0734cd166779ea6c0551a37\"},\"image\":{\"@id\":\"https:\\\/\\\/sergiolapegue.com\\\/site\\\/2025\\\/01\\\/02\\\/paquito-la-cabeza-contra-el-suelo-2\\\/#primaryimage\"},\"thumbnailUrl\":\"https:\\\/\\\/sergiolapegue.com\\\/site\\\/wp-content\\\/uploads\\\/2024\\\/12\\\/Paquito-la-cabeza-contra-el-suelo.jpg\",\"articleSection\":[\"Arte\",\"Teatro\"],\"inLanguage\":\"es-AR\",\"potentialAction\":[{\"@type\":\"CommentAction\",\"name\":\"Comment\",\"target\":[\"https:\\\/\\\/sergiolapegue.com\\\/site\\\/2025\\\/01\\\/02\\\/paquito-la-cabeza-contra-el-suelo-2\\\/#respond\"]}]},{\"@type\":\"WebPage\",\"@id\":\"https:\\\/\\\/sergiolapegue.com\\\/site\\\/2025\\\/01\\\/02\\\/paquito-la-cabeza-contra-el-suelo-2\\\/\",\"url\":\"https:\\\/\\\/sergiolapegue.com\\\/site\\\/2025\\\/01\\\/02\\\/paquito-la-cabeza-contra-el-suelo-2\\\/\",\"name\":\"PAQUITO (LA CABEZA CONTRA EL SUELO) - Sergio Lapegue\",\"isPartOf\":{\"@id\":\"https:\\\/\\\/sergiolapegue.com\\\/site\\\/#website\"},\"primaryImageOfPage\":{\"@id\":\"https:\\\/\\\/sergiolapegue.com\\\/site\\\/2025\\\/01\\\/02\\\/paquito-la-cabeza-contra-el-suelo-2\\\/#primaryimage\"},\"image\":{\"@id\":\"https:\\\/\\\/sergiolapegue.com\\\/site\\\/2025\\\/01\\\/02\\\/paquito-la-cabeza-contra-el-suelo-2\\\/#primaryimage\"},\"thumbnailUrl\":\"https:\\\/\\\/sergiolapegue.com\\\/site\\\/wp-content\\\/uploads\\\/2024\\\/12\\\/Paquito-la-cabeza-contra-el-suelo.jpg\",\"datePublished\":\"2025-01-02T12:00:00+00:00\",\"breadcrumb\":{\"@id\":\"https:\\\/\\\/sergiolapegue.com\\\/site\\\/2025\\\/01\\\/02\\\/paquito-la-cabeza-contra-el-suelo-2\\\/#breadcrumb\"},\"inLanguage\":\"es-AR\",\"potentialAction\":[{\"@type\":\"ReadAction\",\"target\":[\"https:\\\/\\\/sergiolapegue.com\\\/site\\\/2025\\\/01\\\/02\\\/paquito-la-cabeza-contra-el-suelo-2\\\/\"]}]},{\"@type\":\"ImageObject\",\"inLanguage\":\"es-AR\",\"@id\":\"https:\\\/\\\/sergiolapegue.com\\\/site\\\/2025\\\/01\\\/02\\\/paquito-la-cabeza-contra-el-suelo-2\\\/#primaryimage\",\"url\":\"https:\\\/\\\/sergiolapegue.com\\\/site\\\/wp-content\\\/uploads\\\/2024\\\/12\\\/Paquito-la-cabeza-contra-el-suelo.jpg\",\"contentUrl\":\"https:\\\/\\\/sergiolapegue.com\\\/site\\\/wp-content\\\/uploads\\\/2024\\\/12\\\/Paquito-la-cabeza-contra-el-suelo.jpg\",\"width\":1080,\"height\":1350},{\"@type\":\"BreadcrumbList\",\"@id\":\"https:\\\/\\\/sergiolapegue.com\\\/site\\\/2025\\\/01\\\/02\\\/paquito-la-cabeza-contra-el-suelo-2\\\/#breadcrumb\",\"itemListElement\":[{\"@type\":\"ListItem\",\"position\":1,\"name\":\"Inicio\",\"item\":\"https:\\\/\\\/sergiolapegue.com\\\/site\\\/\"},{\"@type\":\"ListItem\",\"position\":2,\"name\":\"PAQUITO (LA CABEZA CONTRA EL SUELO)\"}]},{\"@type\":\"WebSite\",\"@id\":\"https:\\\/\\\/sergiolapegue.com\\\/site\\\/#website\",\"url\":\"https:\\\/\\\/sergiolapegue.com\\\/site\\\/\",\"name\":\"Sergio Lapegue\",\"description\":\"Periodista\",\"publisher\":{\"@id\":\"https:\\\/\\\/sergiolapegue.com\\\/site\\\/#\\\/schema\\\/person\\\/083aeceeb0734cd166779ea6c0551a37\"},\"potentialAction\":[{\"@type\":\"SearchAction\",\"target\":{\"@type\":\"EntryPoint\",\"urlTemplate\":\"https:\\\/\\\/sergiolapegue.com\\\/site\\\/?s={search_term_string}\"},\"query-input\":{\"@type\":\"PropertyValueSpecification\",\"valueRequired\":true,\"valueName\":\"search_term_string\"}}],\"inLanguage\":\"es-AR\"},{\"@type\":[\"Person\",\"Organization\"],\"@id\":\"https:\\\/\\\/sergiolapegue.com\\\/site\\\/#\\\/schema\\\/person\\\/083aeceeb0734cd166779ea6c0551a37\",\"name\":\"Sergio Lapegue\",\"image\":{\"@type\":\"ImageObject\",\"inLanguage\":\"es-AR\",\"@id\":\"https:\\\/\\\/sergiolapegue.com\\\/site\\\/wp-content\\\/uploads\\\/2021\\\/04\\\/logo_header-1.png\",\"url\":\"https:\\\/\\\/sergiolapegue.com\\\/site\\\/wp-content\\\/uploads\\\/2021\\\/04\\\/logo_header-1.png\",\"contentUrl\":\"https:\\\/\\\/sergiolapegue.com\\\/site\\\/wp-content\\\/uploads\\\/2021\\\/04\\\/logo_header-1.png\",\"width\":272,\"height\":90,\"caption\":\"Sergio Lapegue\"},\"logo\":{\"@id\":\"https:\\\/\\\/sergiolapegue.com\\\/site\\\/wp-content\\\/uploads\\\/2021\\\/04\\\/logo_header-1.png\"},\"sameAs\":[\"https:\\\/\\\/facebook.com\\\/sergiolapegue\",\"https:\\\/\\\/instagram.com\\\/sergiolapegue\",\"https:\\\/\\\/x.com\\\/https:\\\/\\\/twitter.com\\\/sergiolapegue\"]},{\"@type\":\"Person\",\"@id\":\"https:\\\/\\\/sergiolapegue.com\\\/site\\\/#\\\/schema\\\/person\\\/9198e7dbab43c6d74d0fd5399af7c3cd\",\"name\":\"Daniel E. Monta\u00f1a\",\"image\":{\"@type\":\"ImageObject\",\"inLanguage\":\"es-AR\",\"@id\":\"https:\\\/\\\/sergiolapegue.com\\\/site\\\/wp-content\\\/uploads\\\/2021\\\/04\\\/sl_avatar_Daniel-150x150.jpg\",\"url\":\"https:\\\/\\\/sergiolapegue.com\\\/site\\\/wp-content\\\/uploads\\\/2021\\\/04\\\/sl_avatar_Daniel-150x150.jpg\",\"contentUrl\":\"https:\\\/\\\/sergiolapegue.com\\\/site\\\/wp-content\\\/uploads\\\/2021\\\/04\\\/sl_avatar_Daniel-150x150.jpg\",\"caption\":\"Daniel E. Monta\u00f1a\"},\"sameAs\":[\"https:\\\/\\\/facebook.com\\\/danielernesto.montana\",\"https:\\\/\\\/instagram.com\\\/daniel_montana1961\",\"https:\\\/\\\/x.com\\\/https:\\\/\\\/twitter.com\\\/daner_004\"],\"url\":\"https:\\\/\\\/sergiolapegue.com\\\/site\\\/author\\\/daniel\\\/\"}]}<\/script>\n<!-- \/ Yoast SEO plugin. -->","yoast_head_json":{"title":"PAQUITO (LA CABEZA CONTRA EL SUELO) - Sergio Lapegue","robots":{"index":"index","follow":"follow","max-snippet":"max-snippet:-1","max-image-preview":"max-image-preview:large","max-video-preview":"max-video-preview:-1"},"canonical":"https:\/\/sergiolapegue.com\/site\/2025\/01\/02\/paquito-la-cabeza-contra-el-suelo-2\/","og_locale":"es_ES","og_type":"article","og_title":"PAQUITO (LA CABEZA CONTRA EL SUELO) - Sergio Lapegue","og_description":"A partir del 09 de enero sube a escena \u201cPaquito (La cabeza contra el suelo), de Natalia Casielles, sobre una idea original de Juanse Rausch el cual es el director de la obra y cuenta con las actuaciones de Nicol\u00e1s Martin, Maiamar Abrodos, Luc\u00eda Ad\u00fariz Bravo y Mat\u00edas L\u00f3pez Barrios. Las funciones ser\u00e1n los d\u00edas [&hellip;]","og_url":"https:\/\/sergiolapegue.com\/site\/2025\/01\/02\/paquito-la-cabeza-contra-el-suelo-2\/","og_site_name":"Sergio Lapegue","article_publisher":"https:\/\/facebook.com\/sergiolapegue","article_author":"https:\/\/facebook.com\/danielernesto.montana","article_published_time":"2025-01-02T12:00:00+00:00","og_image":[{"width":1080,"height":1350,"url":"https:\/\/sergiolapegue.com\/site\/wp-content\/uploads\/2024\/12\/Paquito-la-cabeza-contra-el-suelo.jpg","type":"image\/jpeg"}],"author":"Daniel E. Monta\u00f1a","twitter_card":"summary_large_image","twitter_creator":"@https:\/\/twitter.com\/daner_004","twitter_site":"@sergiolapegue","twitter_misc":{"Escrito por":"Daniel E. Monta\u00f1a","Tiempo de lectura":"4 minutos"},"schema":{"@context":"https:\/\/schema.org","@graph":[{"@type":"Article","@id":"https:\/\/sergiolapegue.com\/site\/2025\/01\/02\/paquito-la-cabeza-contra-el-suelo-2\/#article","isPartOf":{"@id":"https:\/\/sergiolapegue.com\/site\/2025\/01\/02\/paquito-la-cabeza-contra-el-suelo-2\/"},"author":{"name":"Daniel E. Monta\u00f1a","@id":"https:\/\/sergiolapegue.com\/site\/#\/schema\/person\/9198e7dbab43c6d74d0fd5399af7c3cd"},"headline":"PAQUITO (LA CABEZA CONTRA EL SUELO)","datePublished":"2025-01-02T12:00:00+00:00","mainEntityOfPage":{"@id":"https:\/\/sergiolapegue.com\/site\/2025\/01\/02\/paquito-la-cabeza-contra-el-suelo-2\/"},"wordCount":782,"commentCount":0,"publisher":{"@id":"https:\/\/sergiolapegue.com\/site\/#\/schema\/person\/083aeceeb0734cd166779ea6c0551a37"},"image":{"@id":"https:\/\/sergiolapegue.com\/site\/2025\/01\/02\/paquito-la-cabeza-contra-el-suelo-2\/#primaryimage"},"thumbnailUrl":"https:\/\/sergiolapegue.com\/site\/wp-content\/uploads\/2024\/12\/Paquito-la-cabeza-contra-el-suelo.jpg","articleSection":["Arte","Teatro"],"inLanguage":"es-AR","potentialAction":[{"@type":"CommentAction","name":"Comment","target":["https:\/\/sergiolapegue.com\/site\/2025\/01\/02\/paquito-la-cabeza-contra-el-suelo-2\/#respond"]}]},{"@type":"WebPage","@id":"https:\/\/sergiolapegue.com\/site\/2025\/01\/02\/paquito-la-cabeza-contra-el-suelo-2\/","url":"https:\/\/sergiolapegue.com\/site\/2025\/01\/02\/paquito-la-cabeza-contra-el-suelo-2\/","name":"PAQUITO (LA CABEZA CONTRA EL SUELO) - Sergio Lapegue","isPartOf":{"@id":"https:\/\/sergiolapegue.com\/site\/#website"},"primaryImageOfPage":{"@id":"https:\/\/sergiolapegue.com\/site\/2025\/01\/02\/paquito-la-cabeza-contra-el-suelo-2\/#primaryimage"},"image":{"@id":"https:\/\/sergiolapegue.com\/site\/2025\/01\/02\/paquito-la-cabeza-contra-el-suelo-2\/#primaryimage"},"thumbnailUrl":"https:\/\/sergiolapegue.com\/site\/wp-content\/uploads\/2024\/12\/Paquito-la-cabeza-contra-el-suelo.jpg","datePublished":"2025-01-02T12:00:00+00:00","breadcrumb":{"@id":"https:\/\/sergiolapegue.com\/site\/2025\/01\/02\/paquito-la-cabeza-contra-el-suelo-2\/#breadcrumb"},"inLanguage":"es-AR","potentialAction":[{"@type":"ReadAction","target":["https:\/\/sergiolapegue.com\/site\/2025\/01\/02\/paquito-la-cabeza-contra-el-suelo-2\/"]}]},{"@type":"ImageObject","inLanguage":"es-AR","@id":"https:\/\/sergiolapegue.com\/site\/2025\/01\/02\/paquito-la-cabeza-contra-el-suelo-2\/#primaryimage","url":"https:\/\/sergiolapegue.com\/site\/wp-content\/uploads\/2024\/12\/Paquito-la-cabeza-contra-el-suelo.jpg","contentUrl":"https:\/\/sergiolapegue.com\/site\/wp-content\/uploads\/2024\/12\/Paquito-la-cabeza-contra-el-suelo.jpg","width":1080,"height":1350},{"@type":"BreadcrumbList","@id":"https:\/\/sergiolapegue.com\/site\/2025\/01\/02\/paquito-la-cabeza-contra-el-suelo-2\/#breadcrumb","itemListElement":[{"@type":"ListItem","position":1,"name":"Inicio","item":"https:\/\/sergiolapegue.com\/site\/"},{"@type":"ListItem","position":2,"name":"PAQUITO (LA CABEZA CONTRA EL SUELO)"}]},{"@type":"WebSite","@id":"https:\/\/sergiolapegue.com\/site\/#website","url":"https:\/\/sergiolapegue.com\/site\/","name":"Sergio Lapegue","description":"Periodista","publisher":{"@id":"https:\/\/sergiolapegue.com\/site\/#\/schema\/person\/083aeceeb0734cd166779ea6c0551a37"},"potentialAction":[{"@type":"SearchAction","target":{"@type":"EntryPoint","urlTemplate":"https:\/\/sergiolapegue.com\/site\/?s={search_term_string}"},"query-input":{"@type":"PropertyValueSpecification","valueRequired":true,"valueName":"search_term_string"}}],"inLanguage":"es-AR"},{"@type":["Person","Organization"],"@id":"https:\/\/sergiolapegue.com\/site\/#\/schema\/person\/083aeceeb0734cd166779ea6c0551a37","name":"Sergio Lapegue","image":{"@type":"ImageObject","inLanguage":"es-AR","@id":"https:\/\/sergiolapegue.com\/site\/wp-content\/uploads\/2021\/04\/logo_header-1.png","url":"https:\/\/sergiolapegue.com\/site\/wp-content\/uploads\/2021\/04\/logo_header-1.png","contentUrl":"https:\/\/sergiolapegue.com\/site\/wp-content\/uploads\/2021\/04\/logo_header-1.png","width":272,"height":90,"caption":"Sergio Lapegue"},"logo":{"@id":"https:\/\/sergiolapegue.com\/site\/wp-content\/uploads\/2021\/04\/logo_header-1.png"},"sameAs":["https:\/\/facebook.com\/sergiolapegue","https:\/\/instagram.com\/sergiolapegue","https:\/\/x.com\/https:\/\/twitter.com\/sergiolapegue"]},{"@type":"Person","@id":"https:\/\/sergiolapegue.com\/site\/#\/schema\/person\/9198e7dbab43c6d74d0fd5399af7c3cd","name":"Daniel E. Monta\u00f1a","image":{"@type":"ImageObject","inLanguage":"es-AR","@id":"https:\/\/sergiolapegue.com\/site\/wp-content\/uploads\/2021\/04\/sl_avatar_Daniel-150x150.jpg","url":"https:\/\/sergiolapegue.com\/site\/wp-content\/uploads\/2021\/04\/sl_avatar_Daniel-150x150.jpg","contentUrl":"https:\/\/sergiolapegue.com\/site\/wp-content\/uploads\/2021\/04\/sl_avatar_Daniel-150x150.jpg","caption":"Daniel E. Monta\u00f1a"},"sameAs":["https:\/\/facebook.com\/danielernesto.montana","https:\/\/instagram.com\/daniel_montana1961","https:\/\/x.com\/https:\/\/twitter.com\/daner_004"],"url":"https:\/\/sergiolapegue.com\/site\/author\/daniel\/"}]}},"_links":{"self":[{"href":"https:\/\/sergiolapegue.com\/site\/wp-json\/wp\/v2\/posts\/20074","targetHints":{"allow":["GET"]}}],"collection":[{"href":"https:\/\/sergiolapegue.com\/site\/wp-json\/wp\/v2\/posts"}],"about":[{"href":"https:\/\/sergiolapegue.com\/site\/wp-json\/wp\/v2\/types\/post"}],"author":[{"embeddable":true,"href":"https:\/\/sergiolapegue.com\/site\/wp-json\/wp\/v2\/users\/3"}],"replies":[{"embeddable":true,"href":"https:\/\/sergiolapegue.com\/site\/wp-json\/wp\/v2\/comments?post=20074"}],"version-history":[{"count":1,"href":"https:\/\/sergiolapegue.com\/site\/wp-json\/wp\/v2\/posts\/20074\/revisions"}],"predecessor-version":[{"id":20079,"href":"https:\/\/sergiolapegue.com\/site\/wp-json\/wp\/v2\/posts\/20074\/revisions\/20079"}],"wp:featuredmedia":[{"embeddable":true,"href":"https:\/\/sergiolapegue.com\/site\/wp-json\/wp\/v2\/media\/20078"}],"wp:attachment":[{"href":"https:\/\/sergiolapegue.com\/site\/wp-json\/wp\/v2\/media?parent=20074"}],"wp:term":[{"taxonomy":"category","embeddable":true,"href":"https:\/\/sergiolapegue.com\/site\/wp-json\/wp\/v2\/categories?post=20074"},{"taxonomy":"post_tag","embeddable":true,"href":"https:\/\/sergiolapegue.com\/site\/wp-json\/wp\/v2\/tags?post=20074"}],"curies":[{"name":"wp","href":"https:\/\/api.w.org\/{rel}","templated":true}]}}