{"id":20067,"date":"2025-01-02T01:00:00","date_gmt":"2025-01-02T04:00:00","guid":{"rendered":"https:\/\/sergiolapegue.com\/site\/?p=20067"},"modified":"2024-12-31T00:51:59","modified_gmt":"2024-12-31T03:51:59","slug":"minache-cosa-sei-tributo-a-la-gran-cantante-italiana","status":"publish","type":"post","link":"https:\/\/sergiolapegue.com\/site\/2025\/01\/02\/minache-cosa-sei-tributo-a-la-gran-cantante-italiana\/","title":{"rendered":"\u201cMINA\u201d\u2026CHE COSA SEI?!? TRIBUTO A LA GRAN CANTANTE ITALIANA"},"content":{"rendered":"\n<p>A pedido del p\u00fablico y por localidades agotadas \u201cMina\u2026 Che cosa sei?!?\u201d Se presenta durante el verano en el Teatro El Nacional Sancor Seguros.<\/p>\n\n\n\n<p>&#8220;Mina&#8230;che cosa sei?!?&#8221;&nbsp;protagonizada por&nbsp;Elena Roger&nbsp;con la participaci\u00f3n especial de&nbsp;Diego Reinhold, la direcci\u00f3n musical de Gaby Goldman y la direcci\u00f3n&nbsp;general de Valeria Ambrosio&nbsp;extiende su temporada en la cartelera teatral porte\u00f1a y regresa al teatro donde se estren\u00f3 veinte a\u00f1os atr\u00e1s.<\/p>\n\n\n\n<p>Este inolvidable espect\u00e1culo rinde tributo a la cantante italiana&nbsp;Mina Mazzini&nbsp;recorriendo su amplio repertorio desde los a\u00f1os 60 hasta la actualidad con temas tan populares como&nbsp;<em>&#8220;Se piange, se ridi&#8221;, &#8220;Parole, parole&#8221;<\/em>&nbsp;o &#8220;<em>Un anno d\u00b4amore&#8221;<\/em>.&nbsp; A trav\u00e9s del humor y la dramatizaci\u00f3n, Elena Roger y Diego Reinhold, invitan a transitar distintas emociones generadas por estas extraordinarias canciones acompa\u00f1ados por la gran banda en vivo integrada por Gaby Goldman (piano), Javier L\u00f3pez del Carril (guitarras), Lucas Gonz\u00e1lez Yancamil (bajo), Osvaldo Tabilo (bater\u00eda), Christine Brebes (viol\u00edn).<\/p>\n\n\n\n<figure class=\"wp-block-image size-large\"><img loading=\"lazy\" decoding=\"async\" width=\"1024\" height=\"683\" src=\"https:\/\/sergiolapegue.com\/site\/wp-content\/uploads\/2024\/12\/Mina.Che-cosa-sei-2-1024x683.jpg\" alt=\"\" class=\"wp-image-20068\" srcset=\"https:\/\/sergiolapegue.com\/site\/wp-content\/uploads\/2024\/12\/Mina.Che-cosa-sei-2-1024x683.jpg 1024w, https:\/\/sergiolapegue.com\/site\/wp-content\/uploads\/2024\/12\/Mina.Che-cosa-sei-2-300x200.jpg 300w, https:\/\/sergiolapegue.com\/site\/wp-content\/uploads\/2024\/12\/Mina.Che-cosa-sei-2-768x512.jpg 768w, https:\/\/sergiolapegue.com\/site\/wp-content\/uploads\/2024\/12\/Mina.Che-cosa-sei-2-1536x1024.jpg 1536w, https:\/\/sergiolapegue.com\/site\/wp-content\/uploads\/2024\/12\/Mina.Che-cosa-sei-2-2048x1365.jpg 2048w, https:\/\/sergiolapegue.com\/site\/wp-content\/uploads\/2024\/12\/Mina.Che-cosa-sei-2-630x420.jpg 630w, https:\/\/sergiolapegue.com\/site\/wp-content\/uploads\/2024\/12\/Mina.Che-cosa-sei-2-696x464.jpg 696w, https:\/\/sergiolapegue.com\/site\/wp-content\/uploads\/2024\/12\/Mina.Che-cosa-sei-2-1068x712.jpg 1068w, https:\/\/sergiolapegue.com\/site\/wp-content\/uploads\/2024\/12\/Mina.Che-cosa-sei-2-1920x1280.jpg 1920w\" sizes=\"auto, (max-width: 1024px) 100vw, 1024px\" \/><\/figure>\n\n\n\n<p><strong>Acerca de Mina, che cosa sei?!?<\/strong><\/p>\n\n\n\n<p>Mina, che cosa sei?!? surgi\u00f3 en el 2003 de la inquietud art\u00edstica de Elena Roger y Valeria Ambrosio por hacer un espect\u00e1culo que las una y vincule con los or\u00edgenes de sus ancestros.&nbsp; A este juego se sumaron Gaby Goldman, Diego Reinhold y la incipiente productora AUTOBOMBO IDEAS FACTORY y as\u00ed es como nace Mina, che cosa sei?!?&nbsp;<\/p>\n\n\n\n<p>Luego de 20 a\u00f1os la intenci\u00f3n de volver a escena es para reunirse y celebrar la inocencia y energ\u00eda del comienzo de sus carreras. Con la misma banda en vivo y el mismo equipo creativo reunidos para esta ocasi\u00f3n tan especial.<\/p>\n\n\n\n<p>Este espect\u00e1culo se estren\u00f3 en Buenos Aires en el a\u00f1o 2003 haciendo exitosas temporadas en el 2004 y 2005 con Elena Roger y Diego Reinhold.&nbsp;<\/p>\n\n\n\n<p>En el 2006 realiz\u00f3 una gira en Italia con Ivana Rossi y Dan Breitman por las ciudades de Milano, Bologna, Torino, G\u00e9nova y N\u00e1poli.<\/p>\n\n\n\n<figure class=\"wp-block-image size-large\"><img loading=\"lazy\" decoding=\"async\" width=\"1024\" height=\"683\" src=\"https:\/\/sergiolapegue.com\/site\/wp-content\/uploads\/2024\/12\/Mina.Che-cosa-sei-4-1024x683.jpg\" alt=\"\" class=\"wp-image-20069\" srcset=\"https:\/\/sergiolapegue.com\/site\/wp-content\/uploads\/2024\/12\/Mina.Che-cosa-sei-4-1024x683.jpg 1024w, https:\/\/sergiolapegue.com\/site\/wp-content\/uploads\/2024\/12\/Mina.Che-cosa-sei-4-300x200.jpg 300w, https:\/\/sergiolapegue.com\/site\/wp-content\/uploads\/2024\/12\/Mina.Che-cosa-sei-4-768x512.jpg 768w, https:\/\/sergiolapegue.com\/site\/wp-content\/uploads\/2024\/12\/Mina.Che-cosa-sei-4-1536x1024.jpg 1536w, https:\/\/sergiolapegue.com\/site\/wp-content\/uploads\/2024\/12\/Mina.Che-cosa-sei-4-2048x1365.jpg 2048w, https:\/\/sergiolapegue.com\/site\/wp-content\/uploads\/2024\/12\/Mina.Che-cosa-sei-4-630x420.jpg 630w, https:\/\/sergiolapegue.com\/site\/wp-content\/uploads\/2024\/12\/Mina.Che-cosa-sei-4-696x464.jpg 696w, https:\/\/sergiolapegue.com\/site\/wp-content\/uploads\/2024\/12\/Mina.Che-cosa-sei-4-1068x712.jpg 1068w, https:\/\/sergiolapegue.com\/site\/wp-content\/uploads\/2024\/12\/Mina.Che-cosa-sei-4-1920x1280.jpg 1920w\" sizes=\"auto, (max-width: 1024px) 100vw, 1024px\" \/><\/figure>\n\n\n\n<p><strong>ALGUNOS PREMIOS Y DISTINCIONES<\/strong><strong><\/strong><\/p>\n\n\n\n<p>Mina&#8230; che cosa sei &#8211; Premio Clar\u00edn &#8220;Mejor Musical&#8221; 2003\/ 2004<\/p>\n\n\n\n<p>Elena Roger Premio ACE &#8220;Mejor Actriz de Musical&#8221; 2003\/ 2004<\/p>\n\n\n\n<p>Valeria Ambrosio Premio ACE &#8220;Mejor Direcci\u00f3n&#8221; 2003\/ 2004<\/p>\n\n\n\n<p>Diego Reinhold Premio ACE &#8220;Mejor Actor de Musical&#8221; 2003\/2004<\/p>\n\n\n\n<p>Sandro Puj\u00eda Premio ACE &#8220;Mejor Iluminaci\u00f3n&#8221; 2003\/ 2004<\/p>\n\n\n\n<figure class=\"wp-block-image size-large\"><img loading=\"lazy\" decoding=\"async\" width=\"1024\" height=\"683\" src=\"https:\/\/sergiolapegue.com\/site\/wp-content\/uploads\/2024\/12\/Mina.Che-cosa-sei-5-1024x683.jpg\" alt=\"\" class=\"wp-image-20070\" srcset=\"https:\/\/sergiolapegue.com\/site\/wp-content\/uploads\/2024\/12\/Mina.Che-cosa-sei-5-1024x683.jpg 1024w, https:\/\/sergiolapegue.com\/site\/wp-content\/uploads\/2024\/12\/Mina.Che-cosa-sei-5-300x200.jpg 300w, https:\/\/sergiolapegue.com\/site\/wp-content\/uploads\/2024\/12\/Mina.Che-cosa-sei-5-768x512.jpg 768w, https:\/\/sergiolapegue.com\/site\/wp-content\/uploads\/2024\/12\/Mina.Che-cosa-sei-5-1536x1024.jpg 1536w, https:\/\/sergiolapegue.com\/site\/wp-content\/uploads\/2024\/12\/Mina.Che-cosa-sei-5-2048x1365.jpg 2048w, https:\/\/sergiolapegue.com\/site\/wp-content\/uploads\/2024\/12\/Mina.Che-cosa-sei-5-630x420.jpg 630w, https:\/\/sergiolapegue.com\/site\/wp-content\/uploads\/2024\/12\/Mina.Che-cosa-sei-5-696x464.jpg 696w, https:\/\/sergiolapegue.com\/site\/wp-content\/uploads\/2024\/12\/Mina.Che-cosa-sei-5-1068x712.jpg 1068w, https:\/\/sergiolapegue.com\/site\/wp-content\/uploads\/2024\/12\/Mina.Che-cosa-sei-5-1920x1280.jpg 1920w\" sizes=\"auto, (max-width: 1024px) 100vw, 1024px\" \/><\/figure>\n\n\n\n<p><strong>FICHA T\u00c9CNICO ART\u00cdSTICA<\/strong><\/p>\n\n\n\n<p><strong>Libro:<\/strong> Elena Roger \u2013 Valeria Ambrosio<\/p>\n\n\n\n<p><strong>Elenco: <\/strong>Elena Roger<\/p>\n\n\n\n<p>\u00a0\u00a0\u00a0\u00a0\u00a0\u00a0\u00a0\u00a0 \u00a0\u00a0\u00a0 Diego Reinhold\u00a0<\/p>\n\n\n\n<p><strong>M\u00fasicos:<\/strong> Gaby Goldman \u2013 Piano<\/p>\n\n\n\n<p>\u00a0\u00a0\u00a0\u00a0\u00a0\u00a0\u00a0\u00a0\u00a0 \u00a0\u00a0\u00a0\u00a0 Javier L\u00f3pez del Carril \u2013 Guitarra el\u00e9ctrica y ac\u00fastica<\/p>\n\n\n\n<p>\u00a0\u00a0\u00a0\u00a0\u00a0\u00a0\u00a0\u00a0\u00a0\u00a0\u00a0\u00a0\u00a0\u00a0 Lucas Gonz\u00e1lez Yancamil \u2013 Bajo<\/p>\n\n\n\n<p>\u00a0\u00a0\u00a0\u00a0\u00a0\u00a0\u00a0\u00a0\u00a0\u00a0\u00a0\u00a0\u00a0\u00a0 Osvaldo Tabilo \u2013 Bater\u00eda<\/p>\n\n\n\n<p>\u00a0\u00a0\u00a0\u00a0\u00a0\u00a0\u00a0\u00a0\u00a0\u00a0\u00a0\u00a0\u00a0\u00a0 Christine Brebes \u2013 Viol\u00edn\u00a0\u00a0<\/p>\n\n\n\n<p><strong>Direcci\u00f3n musical:<\/strong> Gaby Goldman<\/p>\n\n\n\n<p><strong>Dise\u00f1o de escenograf\u00eda:<\/strong> Ana Repetto<\/p>\n\n\n\n<p><strong>Dise\u00f1o de vestuario original:<\/strong> Julio Cesar \u2013 Mat\u00edas Begni<\/p>\n\n\n\n<p><strong>Adaptaci\u00f3n y realizaci\u00f3n de vestuario:<\/strong> Manuel Gonz\u00e1lez<\/p>\n\n\n\n<p><strong>Dise\u00f1o de peinados:<\/strong> Alejandro Granado<\/p>\n\n\n\n<p><strong>Dise\u00f1o de luces:<\/strong> Sandro Pujia<\/p>\n\n\n\n<p><strong>Dise\u00f1o de sonido:<\/strong> Rodrigo Lavecchia<\/p>\n\n\n\n<p><strong>Dise\u00f1o de video original:<\/strong> Hern\u00e1n Rego<\/p>\n\n\n\n<p><strong>Dise\u00f1o gr\u00e1fico original:<\/strong> Ariel Bagnato \u2013 Tresveinte<\/p>\n\n\n\n<p><strong>Prensa &amp; comunicaci\u00f3n:<\/strong> Varas Otero<\/p>\n\n\n\n<p><strong>Stage manager:<\/strong> Leonardo Gaetani<\/p>\n\n\n\n<p><strong>Producci\u00f3n t\u00e9cnica:<\/strong> Christian Aguilera \/ Sergio Costessich<\/p>\n\n\n\n<p><strong>Producci\u00f3n ejecutiva:<\/strong> Mercedes Otero<\/p>\n\n\n\n<p><strong>Direcci\u00f3n de producci\u00f3n:<\/strong> Mariana Correa \/ Sebasti\u00e1n Arcos<\/p>\n\n\n\n<p><strong>Producci\u00f3n general:<\/strong> Adri\u00e1n Suar &#8211; Preludio Producciones<\/p>\n\n\n\n<p><strong>Direcci\u00f3n general:<\/strong> Valeria Ambrosio<\/p>\n\n\n\n<p><strong>Duraci\u00f3n:<\/strong> 80 minutos<\/p>\n\n\n\n<p><strong>Clasificaci\u00f3n:<\/strong> Teatro \u2013 Presencial \u2013 Musical \u2013 Comedia Musical<\/p>\n\n\n\n<figure class=\"wp-block-image size-large\"><img loading=\"lazy\" decoding=\"async\" width=\"1024\" height=\"683\" src=\"https:\/\/sergiolapegue.com\/site\/wp-content\/uploads\/2024\/12\/Mina.Che-cosa-sei-6-1024x683.jpg\" alt=\"\" class=\"wp-image-20071\" srcset=\"https:\/\/sergiolapegue.com\/site\/wp-content\/uploads\/2024\/12\/Mina.Che-cosa-sei-6-1024x683.jpg 1024w, https:\/\/sergiolapegue.com\/site\/wp-content\/uploads\/2024\/12\/Mina.Che-cosa-sei-6-300x200.jpg 300w, https:\/\/sergiolapegue.com\/site\/wp-content\/uploads\/2024\/12\/Mina.Che-cosa-sei-6-768x512.jpg 768w, https:\/\/sergiolapegue.com\/site\/wp-content\/uploads\/2024\/12\/Mina.Che-cosa-sei-6-1536x1024.jpg 1536w, https:\/\/sergiolapegue.com\/site\/wp-content\/uploads\/2024\/12\/Mina.Che-cosa-sei-6-2048x1365.jpg 2048w, https:\/\/sergiolapegue.com\/site\/wp-content\/uploads\/2024\/12\/Mina.Che-cosa-sei-6-630x420.jpg 630w, https:\/\/sergiolapegue.com\/site\/wp-content\/uploads\/2024\/12\/Mina.Che-cosa-sei-6-696x464.jpg 696w, https:\/\/sergiolapegue.com\/site\/wp-content\/uploads\/2024\/12\/Mina.Che-cosa-sei-6-1068x712.jpg 1068w, https:\/\/sergiolapegue.com\/site\/wp-content\/uploads\/2024\/12\/Mina.Che-cosa-sei-6-1920x1280.jpg 1920w\" sizes=\"auto, (max-width: 1024px) 100vw, 1024px\" \/><\/figure>\n\n\n\n<p><strong>TEATRO EL NACIONAL SANCOR SEGUROS <\/strong><strong><\/strong><\/p>\n\n\n\n<p>Av. Corrientes 960 \u2013 Capital Federal \u2013 Buenos Aires \u2013 Argentina<\/p>\n\n\n\n<p>Tel\u00e9fono: 4326-4218 \u2013 Web: <a href=\"http:\/\/www.elnacionalsancorseguros.com\">http:\/\/www.elnacionalsancorseguros.com<\/a><\/p>\n\n\n\n<p>Entradas: Desde $ 26.000 hasta $ 32.000 \u2013 en boleter\u00eda del teatro o por Plateanet<\/p>\n\n\n\n<p>Funciones: Jueves 20:30 horas \u2013 Del 09\/01\/2025 al 06\/03\/2025<\/p>\n\n\n\n<p>\u00a0\u00a0\u00a0\u00a0\u00a0\u00a0\u00a0\u00a0\u00a0\u00a0 \u00a0\u00a0\u00a0\u00a0\u00a0 Viernes 20:30 horas \u2013 Del 10\/01\/2025 al 07\/03\/2025<\/p>\n\n\n\n<p>\u00a0\u00a0\u00a0\u00a0\u00a0\u00a0\u00a0\u00a0\u00a0\u00a0\u00a0\u00a0\u00a0\u00a0\u00a0\u00a0 S\u00e1bado 20:30 horas \u2013 Del 11\/01\/2025 al 08\/03\/2025 \u00a0<\/p>\n\n\n\n<p>\u00a0\u00a0\u00a0\u00a0\u00a0\u00a0\u00a0\u00a0\u00a0\u00a0\u00a0\u00a0\u00a0\u00a0\u00a0\u00a0 Domingo 18:00 horas \u2013 Del 12\/01\/2025 al 09\/03\/2025<\/p>\n\n\n\n<p>Gracias Mercedes Otero por hacernos llegar la gacetilla de prensa de este maravilloso espect\u00e1culo.<\/p>\n\n\n\n<p><\/p>\n","protected":false},"excerpt":{"rendered":"<p>A pedido del p\u00fablico y por localidades agotadas \u201cMina\u2026 Che cosa sei?!?\u201d Se presenta durante el verano en el Teatro El Nacional Sancor Seguros. &#8220;Mina&#8230;che cosa sei?!?&#8221;&nbsp;protagonizada por&nbsp;Elena Roger&nbsp;con la participaci\u00f3n especial de&nbsp;Diego Reinhold, la direcci\u00f3n musical de Gaby Goldman y la direcci\u00f3n&nbsp;general de Valeria Ambrosio&nbsp;extiende su temporada en la cartelera teatral porte\u00f1a y regresa [&hellip;]<\/p>\n","protected":false},"author":3,"featured_media":20072,"comment_status":"open","ping_status":"closed","sticky":false,"template":"","format":"standard","meta":{"footnotes":""},"categories":[34,35],"tags":[],"class_list":{"0":"post-20067","1":"post","2":"type-post","3":"status-publish","4":"format-standard","5":"has-post-thumbnail","7":"category-arte","8":"category-teatro"},"yoast_head":"<!-- This site is optimized with the Yoast SEO plugin v27.4 - https:\/\/yoast.com\/product\/yoast-seo-wordpress\/ -->\n<title>\u201cMINA\u201d\u2026CHE COSA SEI?!? TRIBUTO A LA GRAN CANTANTE ITALIANA - Sergio Lapegue<\/title>\n<meta name=\"robots\" content=\"index, follow, max-snippet:-1, max-image-preview:large, max-video-preview:-1\" \/>\n<link rel=\"canonical\" href=\"https:\/\/sergiolapegue.com\/site\/2025\/01\/02\/minache-cosa-sei-tributo-a-la-gran-cantante-italiana\/\" \/>\n<meta property=\"og:locale\" content=\"es_ES\" \/>\n<meta property=\"og:type\" content=\"article\" \/>\n<meta property=\"og:title\" content=\"\u201cMINA\u201d\u2026CHE COSA SEI?!? TRIBUTO A LA GRAN CANTANTE ITALIANA - Sergio Lapegue\" \/>\n<meta property=\"og:description\" content=\"A pedido del p\u00fablico y por localidades agotadas \u201cMina\u2026 Che cosa sei?!?\u201d Se presenta durante el verano en el Teatro El Nacional Sancor Seguros. &#8220;Mina&#8230;che cosa sei?!?&#8221;&nbsp;protagonizada por&nbsp;Elena Roger&nbsp;con la participaci\u00f3n especial de&nbsp;Diego Reinhold, la direcci\u00f3n musical de Gaby Goldman y la direcci\u00f3n&nbsp;general de Valeria Ambrosio&nbsp;extiende su temporada en la cartelera teatral porte\u00f1a y regresa [&hellip;]\" \/>\n<meta property=\"og:url\" content=\"https:\/\/sergiolapegue.com\/site\/2025\/01\/02\/minache-cosa-sei-tributo-a-la-gran-cantante-italiana\/\" \/>\n<meta property=\"og:site_name\" content=\"Sergio Lapegue\" \/>\n<meta property=\"article:publisher\" content=\"https:\/\/facebook.com\/sergiolapegue\" \/>\n<meta property=\"article:author\" content=\"https:\/\/facebook.com\/danielernesto.montana\" \/>\n<meta property=\"article:published_time\" content=\"2025-01-02T04:00:00+00:00\" \/>\n<meta property=\"og:image\" content=\"https:\/\/sergiolapegue.com\/site\/wp-content\/uploads\/2024\/12\/Mina.Che-cosa-sei.jpg\" \/>\n\t<meta property=\"og:image:width\" content=\"753\" \/>\n\t<meta property=\"og:image:height\" content=\"548\" \/>\n\t<meta property=\"og:image:type\" content=\"image\/jpeg\" \/>\n<meta name=\"author\" content=\"Daniel E. Monta\u00f1a\" \/>\n<meta name=\"twitter:card\" content=\"summary_large_image\" \/>\n<meta name=\"twitter:creator\" content=\"@https:\/\/twitter.com\/daner_004\" \/>\n<meta name=\"twitter:site\" content=\"@sergiolapegue\" \/>\n<meta name=\"twitter:label1\" content=\"Escrito por\" \/>\n\t<meta name=\"twitter:data1\" content=\"Daniel E. Monta\u00f1a\" \/>\n\t<meta name=\"twitter:label2\" content=\"Tiempo de lectura\" \/>\n\t<meta name=\"twitter:data2\" content=\"4 minutos\" \/>\n<script type=\"application\/ld+json\" class=\"yoast-schema-graph\">{\"@context\":\"https:\\\/\\\/schema.org\",\"@graph\":[{\"@type\":\"Article\",\"@id\":\"https:\\\/\\\/sergiolapegue.com\\\/site\\\/2025\\\/01\\\/02\\\/minache-cosa-sei-tributo-a-la-gran-cantante-italiana\\\/#article\",\"isPartOf\":{\"@id\":\"https:\\\/\\\/sergiolapegue.com\\\/site\\\/2025\\\/01\\\/02\\\/minache-cosa-sei-tributo-a-la-gran-cantante-italiana\\\/\"},\"author\":{\"name\":\"Daniel E. Monta\u00f1a\",\"@id\":\"https:\\\/\\\/sergiolapegue.com\\\/site\\\/#\\\/schema\\\/person\\\/9198e7dbab43c6d74d0fd5399af7c3cd\"},\"headline\":\"\u201cMINA\u201d\u2026CHE COSA SEI?!? TRIBUTO A LA GRAN CANTANTE ITALIANA\",\"datePublished\":\"2025-01-02T04:00:00+00:00\",\"mainEntityOfPage\":{\"@id\":\"https:\\\/\\\/sergiolapegue.com\\\/site\\\/2025\\\/01\\\/02\\\/minache-cosa-sei-tributo-a-la-gran-cantante-italiana\\\/\"},\"wordCount\":631,\"commentCount\":0,\"publisher\":{\"@id\":\"https:\\\/\\\/sergiolapegue.com\\\/site\\\/#\\\/schema\\\/person\\\/083aeceeb0734cd166779ea6c0551a37\"},\"image\":{\"@id\":\"https:\\\/\\\/sergiolapegue.com\\\/site\\\/2025\\\/01\\\/02\\\/minache-cosa-sei-tributo-a-la-gran-cantante-italiana\\\/#primaryimage\"},\"thumbnailUrl\":\"https:\\\/\\\/sergiolapegue.com\\\/site\\\/wp-content\\\/uploads\\\/2024\\\/12\\\/Mina.Che-cosa-sei.jpg\",\"articleSection\":[\"Arte\",\"Teatro\"],\"inLanguage\":\"es-AR\",\"potentialAction\":[{\"@type\":\"CommentAction\",\"name\":\"Comment\",\"target\":[\"https:\\\/\\\/sergiolapegue.com\\\/site\\\/2025\\\/01\\\/02\\\/minache-cosa-sei-tributo-a-la-gran-cantante-italiana\\\/#respond\"]}]},{\"@type\":\"WebPage\",\"@id\":\"https:\\\/\\\/sergiolapegue.com\\\/site\\\/2025\\\/01\\\/02\\\/minache-cosa-sei-tributo-a-la-gran-cantante-italiana\\\/\",\"url\":\"https:\\\/\\\/sergiolapegue.com\\\/site\\\/2025\\\/01\\\/02\\\/minache-cosa-sei-tributo-a-la-gran-cantante-italiana\\\/\",\"name\":\"\u201cMINA\u201d\u2026CHE COSA SEI?!? TRIBUTO A LA GRAN CANTANTE ITALIANA - Sergio Lapegue\",\"isPartOf\":{\"@id\":\"https:\\\/\\\/sergiolapegue.com\\\/site\\\/#website\"},\"primaryImageOfPage\":{\"@id\":\"https:\\\/\\\/sergiolapegue.com\\\/site\\\/2025\\\/01\\\/02\\\/minache-cosa-sei-tributo-a-la-gran-cantante-italiana\\\/#primaryimage\"},\"image\":{\"@id\":\"https:\\\/\\\/sergiolapegue.com\\\/site\\\/2025\\\/01\\\/02\\\/minache-cosa-sei-tributo-a-la-gran-cantante-italiana\\\/#primaryimage\"},\"thumbnailUrl\":\"https:\\\/\\\/sergiolapegue.com\\\/site\\\/wp-content\\\/uploads\\\/2024\\\/12\\\/Mina.Che-cosa-sei.jpg\",\"datePublished\":\"2025-01-02T04:00:00+00:00\",\"breadcrumb\":{\"@id\":\"https:\\\/\\\/sergiolapegue.com\\\/site\\\/2025\\\/01\\\/02\\\/minache-cosa-sei-tributo-a-la-gran-cantante-italiana\\\/#breadcrumb\"},\"inLanguage\":\"es-AR\",\"potentialAction\":[{\"@type\":\"ReadAction\",\"target\":[\"https:\\\/\\\/sergiolapegue.com\\\/site\\\/2025\\\/01\\\/02\\\/minache-cosa-sei-tributo-a-la-gran-cantante-italiana\\\/\"]}]},{\"@type\":\"ImageObject\",\"inLanguage\":\"es-AR\",\"@id\":\"https:\\\/\\\/sergiolapegue.com\\\/site\\\/2025\\\/01\\\/02\\\/minache-cosa-sei-tributo-a-la-gran-cantante-italiana\\\/#primaryimage\",\"url\":\"https:\\\/\\\/sergiolapegue.com\\\/site\\\/wp-content\\\/uploads\\\/2024\\\/12\\\/Mina.Che-cosa-sei.jpg\",\"contentUrl\":\"https:\\\/\\\/sergiolapegue.com\\\/site\\\/wp-content\\\/uploads\\\/2024\\\/12\\\/Mina.Che-cosa-sei.jpg\",\"width\":753,\"height\":548},{\"@type\":\"BreadcrumbList\",\"@id\":\"https:\\\/\\\/sergiolapegue.com\\\/site\\\/2025\\\/01\\\/02\\\/minache-cosa-sei-tributo-a-la-gran-cantante-italiana\\\/#breadcrumb\",\"itemListElement\":[{\"@type\":\"ListItem\",\"position\":1,\"name\":\"Inicio\",\"item\":\"https:\\\/\\\/sergiolapegue.com\\\/site\\\/\"},{\"@type\":\"ListItem\",\"position\":2,\"name\":\"\u201cMINA\u201d\u2026CHE COSA SEI?!? TRIBUTO A LA GRAN CANTANTE ITALIANA\"}]},{\"@type\":\"WebSite\",\"@id\":\"https:\\\/\\\/sergiolapegue.com\\\/site\\\/#website\",\"url\":\"https:\\\/\\\/sergiolapegue.com\\\/site\\\/\",\"name\":\"Sergio Lapegue\",\"description\":\"Periodista\",\"publisher\":{\"@id\":\"https:\\\/\\\/sergiolapegue.com\\\/site\\\/#\\\/schema\\\/person\\\/083aeceeb0734cd166779ea6c0551a37\"},\"potentialAction\":[{\"@type\":\"SearchAction\",\"target\":{\"@type\":\"EntryPoint\",\"urlTemplate\":\"https:\\\/\\\/sergiolapegue.com\\\/site\\\/?s={search_term_string}\"},\"query-input\":{\"@type\":\"PropertyValueSpecification\",\"valueRequired\":true,\"valueName\":\"search_term_string\"}}],\"inLanguage\":\"es-AR\"},{\"@type\":[\"Person\",\"Organization\"],\"@id\":\"https:\\\/\\\/sergiolapegue.com\\\/site\\\/#\\\/schema\\\/person\\\/083aeceeb0734cd166779ea6c0551a37\",\"name\":\"Sergio Lapegue\",\"image\":{\"@type\":\"ImageObject\",\"inLanguage\":\"es-AR\",\"@id\":\"https:\\\/\\\/sergiolapegue.com\\\/site\\\/wp-content\\\/uploads\\\/2021\\\/04\\\/logo_header-1.png\",\"url\":\"https:\\\/\\\/sergiolapegue.com\\\/site\\\/wp-content\\\/uploads\\\/2021\\\/04\\\/logo_header-1.png\",\"contentUrl\":\"https:\\\/\\\/sergiolapegue.com\\\/site\\\/wp-content\\\/uploads\\\/2021\\\/04\\\/logo_header-1.png\",\"width\":272,\"height\":90,\"caption\":\"Sergio Lapegue\"},\"logo\":{\"@id\":\"https:\\\/\\\/sergiolapegue.com\\\/site\\\/wp-content\\\/uploads\\\/2021\\\/04\\\/logo_header-1.png\"},\"sameAs\":[\"https:\\\/\\\/facebook.com\\\/sergiolapegue\",\"https:\\\/\\\/instagram.com\\\/sergiolapegue\",\"https:\\\/\\\/x.com\\\/https:\\\/\\\/twitter.com\\\/sergiolapegue\"]},{\"@type\":\"Person\",\"@id\":\"https:\\\/\\\/sergiolapegue.com\\\/site\\\/#\\\/schema\\\/person\\\/9198e7dbab43c6d74d0fd5399af7c3cd\",\"name\":\"Daniel E. Monta\u00f1a\",\"image\":{\"@type\":\"ImageObject\",\"inLanguage\":\"es-AR\",\"@id\":\"https:\\\/\\\/sergiolapegue.com\\\/site\\\/wp-content\\\/uploads\\\/2021\\\/04\\\/sl_avatar_Daniel-150x150.jpg\",\"url\":\"https:\\\/\\\/sergiolapegue.com\\\/site\\\/wp-content\\\/uploads\\\/2021\\\/04\\\/sl_avatar_Daniel-150x150.jpg\",\"contentUrl\":\"https:\\\/\\\/sergiolapegue.com\\\/site\\\/wp-content\\\/uploads\\\/2021\\\/04\\\/sl_avatar_Daniel-150x150.jpg\",\"caption\":\"Daniel E. Monta\u00f1a\"},\"sameAs\":[\"https:\\\/\\\/facebook.com\\\/danielernesto.montana\",\"https:\\\/\\\/instagram.com\\\/daniel_montana1961\",\"https:\\\/\\\/x.com\\\/https:\\\/\\\/twitter.com\\\/daner_004\"],\"url\":\"https:\\\/\\\/sergiolapegue.com\\\/site\\\/author\\\/daniel\\\/\"}]}<\/script>\n<!-- \/ Yoast SEO plugin. -->","yoast_head_json":{"title":"\u201cMINA\u201d\u2026CHE COSA SEI?!? TRIBUTO A LA GRAN CANTANTE ITALIANA - Sergio Lapegue","robots":{"index":"index","follow":"follow","max-snippet":"max-snippet:-1","max-image-preview":"max-image-preview:large","max-video-preview":"max-video-preview:-1"},"canonical":"https:\/\/sergiolapegue.com\/site\/2025\/01\/02\/minache-cosa-sei-tributo-a-la-gran-cantante-italiana\/","og_locale":"es_ES","og_type":"article","og_title":"\u201cMINA\u201d\u2026CHE COSA SEI?!? TRIBUTO A LA GRAN CANTANTE ITALIANA - Sergio Lapegue","og_description":"A pedido del p\u00fablico y por localidades agotadas \u201cMina\u2026 Che cosa sei?!?\u201d Se presenta durante el verano en el Teatro El Nacional Sancor Seguros. &#8220;Mina&#8230;che cosa sei?!?&#8221;&nbsp;protagonizada por&nbsp;Elena Roger&nbsp;con la participaci\u00f3n especial de&nbsp;Diego Reinhold, la direcci\u00f3n musical de Gaby Goldman y la direcci\u00f3n&nbsp;general de Valeria Ambrosio&nbsp;extiende su temporada en la cartelera teatral porte\u00f1a y regresa [&hellip;]","og_url":"https:\/\/sergiolapegue.com\/site\/2025\/01\/02\/minache-cosa-sei-tributo-a-la-gran-cantante-italiana\/","og_site_name":"Sergio Lapegue","article_publisher":"https:\/\/facebook.com\/sergiolapegue","article_author":"https:\/\/facebook.com\/danielernesto.montana","article_published_time":"2025-01-02T04:00:00+00:00","og_image":[{"width":753,"height":548,"url":"https:\/\/sergiolapegue.com\/site\/wp-content\/uploads\/2024\/12\/Mina.Che-cosa-sei.jpg","type":"image\/jpeg"}],"author":"Daniel E. Monta\u00f1a","twitter_card":"summary_large_image","twitter_creator":"@https:\/\/twitter.com\/daner_004","twitter_site":"@sergiolapegue","twitter_misc":{"Escrito por":"Daniel E. Monta\u00f1a","Tiempo de lectura":"4 minutos"},"schema":{"@context":"https:\/\/schema.org","@graph":[{"@type":"Article","@id":"https:\/\/sergiolapegue.com\/site\/2025\/01\/02\/minache-cosa-sei-tributo-a-la-gran-cantante-italiana\/#article","isPartOf":{"@id":"https:\/\/sergiolapegue.com\/site\/2025\/01\/02\/minache-cosa-sei-tributo-a-la-gran-cantante-italiana\/"},"author":{"name":"Daniel E. Monta\u00f1a","@id":"https:\/\/sergiolapegue.com\/site\/#\/schema\/person\/9198e7dbab43c6d74d0fd5399af7c3cd"},"headline":"\u201cMINA\u201d\u2026CHE COSA SEI?!? TRIBUTO A LA GRAN CANTANTE ITALIANA","datePublished":"2025-01-02T04:00:00+00:00","mainEntityOfPage":{"@id":"https:\/\/sergiolapegue.com\/site\/2025\/01\/02\/minache-cosa-sei-tributo-a-la-gran-cantante-italiana\/"},"wordCount":631,"commentCount":0,"publisher":{"@id":"https:\/\/sergiolapegue.com\/site\/#\/schema\/person\/083aeceeb0734cd166779ea6c0551a37"},"image":{"@id":"https:\/\/sergiolapegue.com\/site\/2025\/01\/02\/minache-cosa-sei-tributo-a-la-gran-cantante-italiana\/#primaryimage"},"thumbnailUrl":"https:\/\/sergiolapegue.com\/site\/wp-content\/uploads\/2024\/12\/Mina.Che-cosa-sei.jpg","articleSection":["Arte","Teatro"],"inLanguage":"es-AR","potentialAction":[{"@type":"CommentAction","name":"Comment","target":["https:\/\/sergiolapegue.com\/site\/2025\/01\/02\/minache-cosa-sei-tributo-a-la-gran-cantante-italiana\/#respond"]}]},{"@type":"WebPage","@id":"https:\/\/sergiolapegue.com\/site\/2025\/01\/02\/minache-cosa-sei-tributo-a-la-gran-cantante-italiana\/","url":"https:\/\/sergiolapegue.com\/site\/2025\/01\/02\/minache-cosa-sei-tributo-a-la-gran-cantante-italiana\/","name":"\u201cMINA\u201d\u2026CHE COSA SEI?!? TRIBUTO A LA GRAN CANTANTE ITALIANA - Sergio Lapegue","isPartOf":{"@id":"https:\/\/sergiolapegue.com\/site\/#website"},"primaryImageOfPage":{"@id":"https:\/\/sergiolapegue.com\/site\/2025\/01\/02\/minache-cosa-sei-tributo-a-la-gran-cantante-italiana\/#primaryimage"},"image":{"@id":"https:\/\/sergiolapegue.com\/site\/2025\/01\/02\/minache-cosa-sei-tributo-a-la-gran-cantante-italiana\/#primaryimage"},"thumbnailUrl":"https:\/\/sergiolapegue.com\/site\/wp-content\/uploads\/2024\/12\/Mina.Che-cosa-sei.jpg","datePublished":"2025-01-02T04:00:00+00:00","breadcrumb":{"@id":"https:\/\/sergiolapegue.com\/site\/2025\/01\/02\/minache-cosa-sei-tributo-a-la-gran-cantante-italiana\/#breadcrumb"},"inLanguage":"es-AR","potentialAction":[{"@type":"ReadAction","target":["https:\/\/sergiolapegue.com\/site\/2025\/01\/02\/minache-cosa-sei-tributo-a-la-gran-cantante-italiana\/"]}]},{"@type":"ImageObject","inLanguage":"es-AR","@id":"https:\/\/sergiolapegue.com\/site\/2025\/01\/02\/minache-cosa-sei-tributo-a-la-gran-cantante-italiana\/#primaryimage","url":"https:\/\/sergiolapegue.com\/site\/wp-content\/uploads\/2024\/12\/Mina.Che-cosa-sei.jpg","contentUrl":"https:\/\/sergiolapegue.com\/site\/wp-content\/uploads\/2024\/12\/Mina.Che-cosa-sei.jpg","width":753,"height":548},{"@type":"BreadcrumbList","@id":"https:\/\/sergiolapegue.com\/site\/2025\/01\/02\/minache-cosa-sei-tributo-a-la-gran-cantante-italiana\/#breadcrumb","itemListElement":[{"@type":"ListItem","position":1,"name":"Inicio","item":"https:\/\/sergiolapegue.com\/site\/"},{"@type":"ListItem","position":2,"name":"\u201cMINA\u201d\u2026CHE COSA SEI?!? TRIBUTO A LA GRAN CANTANTE ITALIANA"}]},{"@type":"WebSite","@id":"https:\/\/sergiolapegue.com\/site\/#website","url":"https:\/\/sergiolapegue.com\/site\/","name":"Sergio Lapegue","description":"Periodista","publisher":{"@id":"https:\/\/sergiolapegue.com\/site\/#\/schema\/person\/083aeceeb0734cd166779ea6c0551a37"},"potentialAction":[{"@type":"SearchAction","target":{"@type":"EntryPoint","urlTemplate":"https:\/\/sergiolapegue.com\/site\/?s={search_term_string}"},"query-input":{"@type":"PropertyValueSpecification","valueRequired":true,"valueName":"search_term_string"}}],"inLanguage":"es-AR"},{"@type":["Person","Organization"],"@id":"https:\/\/sergiolapegue.com\/site\/#\/schema\/person\/083aeceeb0734cd166779ea6c0551a37","name":"Sergio Lapegue","image":{"@type":"ImageObject","inLanguage":"es-AR","@id":"https:\/\/sergiolapegue.com\/site\/wp-content\/uploads\/2021\/04\/logo_header-1.png","url":"https:\/\/sergiolapegue.com\/site\/wp-content\/uploads\/2021\/04\/logo_header-1.png","contentUrl":"https:\/\/sergiolapegue.com\/site\/wp-content\/uploads\/2021\/04\/logo_header-1.png","width":272,"height":90,"caption":"Sergio Lapegue"},"logo":{"@id":"https:\/\/sergiolapegue.com\/site\/wp-content\/uploads\/2021\/04\/logo_header-1.png"},"sameAs":["https:\/\/facebook.com\/sergiolapegue","https:\/\/instagram.com\/sergiolapegue","https:\/\/x.com\/https:\/\/twitter.com\/sergiolapegue"]},{"@type":"Person","@id":"https:\/\/sergiolapegue.com\/site\/#\/schema\/person\/9198e7dbab43c6d74d0fd5399af7c3cd","name":"Daniel E. Monta\u00f1a","image":{"@type":"ImageObject","inLanguage":"es-AR","@id":"https:\/\/sergiolapegue.com\/site\/wp-content\/uploads\/2021\/04\/sl_avatar_Daniel-150x150.jpg","url":"https:\/\/sergiolapegue.com\/site\/wp-content\/uploads\/2021\/04\/sl_avatar_Daniel-150x150.jpg","contentUrl":"https:\/\/sergiolapegue.com\/site\/wp-content\/uploads\/2021\/04\/sl_avatar_Daniel-150x150.jpg","caption":"Daniel E. Monta\u00f1a"},"sameAs":["https:\/\/facebook.com\/danielernesto.montana","https:\/\/instagram.com\/daniel_montana1961","https:\/\/x.com\/https:\/\/twitter.com\/daner_004"],"url":"https:\/\/sergiolapegue.com\/site\/author\/daniel\/"}]}},"_links":{"self":[{"href":"https:\/\/sergiolapegue.com\/site\/wp-json\/wp\/v2\/posts\/20067","targetHints":{"allow":["GET"]}}],"collection":[{"href":"https:\/\/sergiolapegue.com\/site\/wp-json\/wp\/v2\/posts"}],"about":[{"href":"https:\/\/sergiolapegue.com\/site\/wp-json\/wp\/v2\/types\/post"}],"author":[{"embeddable":true,"href":"https:\/\/sergiolapegue.com\/site\/wp-json\/wp\/v2\/users\/3"}],"replies":[{"embeddable":true,"href":"https:\/\/sergiolapegue.com\/site\/wp-json\/wp\/v2\/comments?post=20067"}],"version-history":[{"count":1,"href":"https:\/\/sergiolapegue.com\/site\/wp-json\/wp\/v2\/posts\/20067\/revisions"}],"predecessor-version":[{"id":20073,"href":"https:\/\/sergiolapegue.com\/site\/wp-json\/wp\/v2\/posts\/20067\/revisions\/20073"}],"wp:featuredmedia":[{"embeddable":true,"href":"https:\/\/sergiolapegue.com\/site\/wp-json\/wp\/v2\/media\/20072"}],"wp:attachment":[{"href":"https:\/\/sergiolapegue.com\/site\/wp-json\/wp\/v2\/media?parent=20067"}],"wp:term":[{"taxonomy":"category","embeddable":true,"href":"https:\/\/sergiolapegue.com\/site\/wp-json\/wp\/v2\/categories?post=20067"},{"taxonomy":"post_tag","embeddable":true,"href":"https:\/\/sergiolapegue.com\/site\/wp-json\/wp\/v2\/tags?post=20067"}],"curies":[{"name":"wp","href":"https:\/\/api.w.org\/{rel}","templated":true}]}}