{"id":19948,"date":"2024-12-24T09:00:00","date_gmt":"2024-12-24T12:00:00","guid":{"rendered":"https:\/\/sergiolapegue.com\/site\/?p=19948"},"modified":"2024-12-21T01:51:15","modified_gmt":"2024-12-21T04:51:15","slug":"se-les-entrego-una-placa-a-los-fundadores-del-teatro-picadero","status":"publish","type":"post","link":"https:\/\/sergiolapegue.com\/site\/2024\/12\/24\/se-les-entrego-una-placa-a-los-fundadores-del-teatro-picadero\/","title":{"rendered":"SE LES ENTREG\u00d3 UNA PLACA A\u00a0LOS FUNDADORES DEL TEATRO PICADERO"},"content":{"rendered":"\n<p>El lunes 2 de diciembre el Secretario de Cultura de la Naci\u00f3n, Leonardo Cifelli, hizo&nbsp;&nbsp;entrega de una placa de distinci\u00f3n a Guadalupe Noble y Antonio M\u00f3naco por su destacada&nbsp;&nbsp;trayectoria y aporte a la cultura y en su discurso destac\u00f3: \u201cEl Teatro del Picadero fue un&nbsp;&nbsp;precursor para su \u00e9poca, un espacio diferente que naci\u00f3 como un refugio de arte diverso y&nbsp;&nbsp;plural\u201d, &#8220;La historia argentina ha tardado en reconocerlo, pero todo llega en su tiempo, as\u00ed&nbsp;&nbsp;que es un honor para m\u00ed ser quien los reconozca por su trayectoria y su aporte a la cultura&nbsp;&nbsp;de nuestro pa\u00eds\u201d.&nbsp;<\/p>\n\n\n\n<p>Durante la ceremonia en el Auditorio 513 del Palacio Libertad, Guadalupe Noble ley\u00f3 su art\u00edculo sobre la historia y el nacimiento del Teatro del Picadero publicado en el Diario Clar\u00edn y se proyect\u00f3 un corto documental con la realizaci\u00f3n audiovisual de Gracia Bergesi y Fernando Bergami y render en 3D de Juan Ignacio Klocker.<\/p>\n\n\n\n<p>Luego, en un panel moderado por Tencha Sagastiz\u00e1bal y junto a Guadalupe Noble, Antonio M\u00f3naco rememor\u00f3 la inauguraci\u00f3n del Teatro del Picadero, acontecida hace 44 a\u00f1os, el 21nde julio de 1980.&nbsp;&nbsp;\u201cYo llevo grabada a fuego esta historia por muchas razones, de todas esas razones, algunas son bell\u00edsimas, otras son crueles, me quedo con las bell\u00edsimas, que son las que enriquecen\u201d.&nbsp;&nbsp;Sin embargo, no me permitir\u00e9 olvidar las crueles, porque de ellas tambi\u00e9n se aprende\u201d.&nbsp;<\/p>\n\n\n\n<p>Recordaron a esos j\u00f3venes del Grupo Reuni\u00f3n, que en el querido espacio de trabajo de la&nbsp;calle Camargo, construido \u201ca pulm\u00f3n\u201d por ellos mismos, comenzaron a gestar la creaci\u00f3n de un espect\u00e1culo que les permitiera expresarse con la libertad, la fuerza y la sinceridad,&nbsp;&nbsp;que todo proyecto art\u00edstico merece. Y con el proyecto en plena etapa de desarrollo,&nbsp;&nbsp;entienden que el espect\u00e1culo en gestaci\u00f3n requiere un espacio teatral distinto; no convencional. As\u00ed es que descubren un antiguo y hermoso espacio, antigua f\u00e1brica de buj\u00edas, en la cortada Rauch, hoy Pasaje Santos Disc\u00e9polo, a metros de las avenidas Corrientes y Callao. All\u00ed cobra forma lo que ser\u00eda El Teatro del Picadero, llamado as\u00ed en homenaje al circo de los Podest\u00e1, donde naci\u00f3 el teatro argentino. Y ah\u00ed se alberg\u00f3 ese sue\u00f1o de gente de teatro independiente, con una nueva actitud frente al hecho teatral, sin las urgencias del teatro comercial, ni las presiones del teatro oficial.<\/p>\n\n\n\n<figure class=\"wp-block-image size-full is-resized\"><img loading=\"lazy\" decoding=\"async\" width=\"600\" height=\"418\" src=\"https:\/\/sergiolapegue.com\/site\/wp-content\/uploads\/2024\/12\/Se-entrgo-una-placa-al-Teatro-Picadero-1.jpeg\" alt=\"\" class=\"wp-image-19949\" style=\"width:696px;height:auto\" srcset=\"https:\/\/sergiolapegue.com\/site\/wp-content\/uploads\/2024\/12\/Se-entrgo-una-placa-al-Teatro-Picadero-1.jpeg 600w, https:\/\/sergiolapegue.com\/site\/wp-content\/uploads\/2024\/12\/Se-entrgo-una-placa-al-Teatro-Picadero-1-300x209.jpeg 300w\" sizes=\"auto, (max-width: 600px) 100vw, 600px\" \/><\/figure>\n\n\n\n<p>La obra con la que se inaugur\u00f3 se llam\u00f3 \u00a8La otra versi\u00f3n o el jard\u00edn de las delicias&#8221;; la sala proyectada por el arquitecto y escen\u00f3grafo Gast\u00f3n Breyer, pod\u00eda ser armada de seis maneras diferentes, seg\u00fan la necesidad de cada puesta teatral, y sin ataduras a estructuras pre-condicionantes, tal cual ven\u00eda reclamando, desde hac\u00eda tiempo, la escena independiente.&nbsp;<\/p>\n\n\n\n<p>La vida de esta sala fue breve por un giro del destino al sufrir un atentado con una bomba incendiaria que lo destruy\u00f3 completamente. Fue sin embargo muy pr\u00f3spera por la ebullici\u00f3n cultural que se vivi\u00f3 en ella. Adem\u00e1s del Grupo Reuni\u00f3n, pasaron por el escenario ciclos musicales con Litto Nebbia, Dino Saluzzi, Carola y Carlos Cutaia,&nbsp;&nbsp;Marilina Ross y el Cuarteto Zupay entre otros. Y en las temporadas teatrales Los Volatineros con su director Francisco Javier, Rubens Correa, Pepe Soriano, Jorge Marrale,&nbsp;&nbsp;Luisina Brando e Inda Ledesma fueron tambi\u00e9n de la partida.<\/p>\n\n\n\n<p>En julio de 1981 se estren\u00f3 un proyecto art\u00edstico y pol\u00edticamente tan potente y tan riesgoso como fue Teatro Abierto, una experiencia teatral \u00fanica y exitosa que explica el porqu\u00e9 de la bomba que puso fin al desarrollo de ese sue\u00f1o art\u00edstico y humano del aquel Teatro del Picadero el d\u00eda el 6 de agosto de 1981. Cabe consignar que cuando Osvaldo Drag\u00fan propuso la incipiente idea, el proyecto contaba con s\u00f3lo cinco autores. As\u00ed, M\u00f3naco se convirti\u00f3 en el primer director de ese ciclo. Y de la misma manera Guadalupe Noble,&nbsp;&nbsp;habiendo sido corresponsable de la decisi\u00f3n de aceptar la programaci\u00f3n de ese ciclo, fue la primera en inscribirse como actriz. En la evocaci\u00f3n de toda esa experiencia, durante el corto documental que muestra a gran parte de los actores miembros del Grupo Reuni\u00f3n,&nbsp;&nbsp;donde cada una expresa en breves pero entra\u00f1ables palabras lo que signific\u00f3 esa historia,&nbsp;&nbsp;desde el paso inicial en 1977 hasta el fat\u00eddico 6 de agosto de 1981, Tencha de Sagastiz\u00e1bal dice: \u201cHubo dos bombas. Una fue la bomba de los militares y otra fue la bomba de los propios compa\u00f1eros que no reconstruyeron el Picadero cuando se cerr\u00f3 el primer ciclo de Teatro Abierto con esa promesa. Y con una posibilidad real de hacerlo.\u201d Y ya en su exposici\u00f3n \u201cen vivo\u201d Antonio M\u00f3naco recuerda que concluido el ciclo Teatro Abierto,&nbsp;&nbsp;donde Guadalupe tambi\u00e9n se desempe\u00f1aba como actriz, debi\u00f3 irse del pa\u00eds y lo dej\u00f3, en su calidad de socio, como representante pleno de la SRL propietaria del Teatro del Picadero,&nbsp;&nbsp;para tomar las decisiones que considerara apropiadas. As\u00ed es que en diciembre de 1981 es convocado a una asamblea de Teatro Abierto, con el fin de considerar la reconstrucci\u00f3n prometida. Y efectivamente, en la sala de ARGENTORES donde no hab\u00eda menos de ciento cincuenta personas, le ofrecieron que el Teatro de Picadero se reconstruir\u00eda, y se formar\u00eda una nueva sociedad propietaria del Teatro, donde \u00e9l tendr\u00eda el 49% de las acciones, y Teatro Abierto tendr\u00eda el 51% de las acciones. Era evidente que la intenci\u00f3n era, no solo adue\u00f1arse indebidamente de m\u00e1s de la mitad del Picadero, sino tambi\u00e9n tener la Direcci\u00f3n Art\u00edstica, que hasta ese momento hab\u00eda ejercido M\u00f3naco. Ofreci\u00f3 entonces invertir los t\u00e9rminos. Tener \u00e9l el 51% y que Teatro Abierto, en representaci\u00f3n de la masa an\u00f3nima que pon\u00eda la plata de la colecta para la reconstrucci\u00f3n, tuviese el 49%. La lamentable asamblea termin\u00f3 con que pensar\u00edan una nueva propuesta y lo volver\u00edan a llamar.<\/p>\n\n\n\n<p>Y ya en abril de 1982, momento en que M\u00f3naco acababa de radicarse en Mar del Plata, fue citado a un bar de Bs. As. donde dos compa\u00f1eros, en representaci\u00f3n de Teatro Abierto, le dijeron que, teniendo en cuenta que hab\u00eda pasado ya mucho tiempo desde la bomba, y ya era impensable una compa\u00f1\u00eda que reuniera el dinero necesario para la reconstrucci\u00f3n,&nbsp;&nbsp;buscar\u00edan entre las peque\u00f1as salas que estaban a punto de cerrar por sus penurias econ\u00f3micas, procurando que \u00e9l tomara alguna. M\u00f3naco no acept\u00f3 y, a partir de ese momento, tanto Guadalupe Noble como M\u00f3naco fueron borrados de la historia de Teatro Abierto.<\/p>\n\n\n\n<p>Gracias Tommy Pashkus Agencia por hacernos llegar la gacetilla con toda la informaci\u00f3n de la placa que se entreg\u00f3 a los fundadores del Teatro Picadero.<\/p>\n\n\n\n<p><\/p>\n","protected":false},"excerpt":{"rendered":"<p>El lunes 2 de diciembre el Secretario de Cultura de la Naci\u00f3n, Leonardo Cifelli, hizo&nbsp;&nbsp;entrega de una placa de distinci\u00f3n a Guadalupe Noble y Antonio M\u00f3naco por su destacada&nbsp;&nbsp;trayectoria y aporte a la cultura y en su discurso destac\u00f3: \u201cEl Teatro del Picadero fue un&nbsp;&nbsp;precursor para su \u00e9poca, un espacio diferente que naci\u00f3 como un [&hellip;]<\/p>\n","protected":false},"author":3,"featured_media":19950,"comment_status":"open","ping_status":"closed","sticky":false,"template":"","format":"standard","meta":{"footnotes":""},"categories":[34,35],"tags":[],"class_list":{"0":"post-19948","1":"post","2":"type-post","3":"status-publish","4":"format-standard","5":"has-post-thumbnail","7":"category-arte","8":"category-teatro"},"yoast_head":"<!-- This site is optimized with the Yoast SEO plugin v27.4 - https:\/\/yoast.com\/product\/yoast-seo-wordpress\/ -->\n<title>SE LES ENTREG\u00d3 UNA PLACA A\u00a0LOS FUNDADORES DEL TEATRO PICADERO - Sergio Lapegue<\/title>\n<meta name=\"robots\" content=\"index, follow, max-snippet:-1, max-image-preview:large, max-video-preview:-1\" \/>\n<link rel=\"canonical\" href=\"https:\/\/sergiolapegue.com\/site\/2024\/12\/24\/se-les-entrego-una-placa-a-los-fundadores-del-teatro-picadero\/\" \/>\n<meta property=\"og:locale\" content=\"es_ES\" \/>\n<meta property=\"og:type\" content=\"article\" \/>\n<meta property=\"og:title\" content=\"SE LES ENTREG\u00d3 UNA PLACA A\u00a0LOS FUNDADORES DEL TEATRO PICADERO - Sergio Lapegue\" \/>\n<meta property=\"og:description\" content=\"El lunes 2 de diciembre el Secretario de Cultura de la Naci\u00f3n, Leonardo Cifelli, hizo&nbsp;&nbsp;entrega de una placa de distinci\u00f3n a Guadalupe Noble y Antonio M\u00f3naco por su destacada&nbsp;&nbsp;trayectoria y aporte a la cultura y en su discurso destac\u00f3: \u201cEl Teatro del Picadero fue un&nbsp;&nbsp;precursor para su \u00e9poca, un espacio diferente que naci\u00f3 como un [&hellip;]\" \/>\n<meta property=\"og:url\" content=\"https:\/\/sergiolapegue.com\/site\/2024\/12\/24\/se-les-entrego-una-placa-a-los-fundadores-del-teatro-picadero\/\" \/>\n<meta property=\"og:site_name\" content=\"Sergio Lapegue\" \/>\n<meta property=\"article:publisher\" content=\"https:\/\/facebook.com\/sergiolapegue\" \/>\n<meta property=\"article:author\" content=\"https:\/\/facebook.com\/danielernesto.montana\" \/>\n<meta property=\"article:published_time\" content=\"2024-12-24T12:00:00+00:00\" \/>\n<meta property=\"og:image\" content=\"https:\/\/sergiolapegue.com\/site\/wp-content\/uploads\/2024\/12\/Se-entrgo-una-placa-al-Teatro-Picadero.jpeg\" \/>\n\t<meta property=\"og:image:width\" content=\"600\" \/>\n\t<meta property=\"og:image:height\" content=\"466\" \/>\n\t<meta property=\"og:image:type\" content=\"image\/jpeg\" \/>\n<meta name=\"author\" content=\"Daniel E. Monta\u00f1a\" \/>\n<meta name=\"twitter:card\" content=\"summary_large_image\" \/>\n<meta name=\"twitter:creator\" content=\"@https:\/\/twitter.com\/daner_004\" \/>\n<meta name=\"twitter:site\" content=\"@sergiolapegue\" \/>\n<meta name=\"twitter:label1\" content=\"Escrito por\" \/>\n\t<meta name=\"twitter:data1\" content=\"Daniel E. Monta\u00f1a\" \/>\n\t<meta name=\"twitter:label2\" content=\"Tiempo de lectura\" \/>\n\t<meta name=\"twitter:data2\" content=\"6 minutos\" \/>\n<script type=\"application\/ld+json\" class=\"yoast-schema-graph\">{\"@context\":\"https:\\\/\\\/schema.org\",\"@graph\":[{\"@type\":\"Article\",\"@id\":\"https:\\\/\\\/sergiolapegue.com\\\/site\\\/2024\\\/12\\\/24\\\/se-les-entrego-una-placa-a-los-fundadores-del-teatro-picadero\\\/#article\",\"isPartOf\":{\"@id\":\"https:\\\/\\\/sergiolapegue.com\\\/site\\\/2024\\\/12\\\/24\\\/se-les-entrego-una-placa-a-los-fundadores-del-teatro-picadero\\\/\"},\"author\":{\"name\":\"Daniel E. Monta\u00f1a\",\"@id\":\"https:\\\/\\\/sergiolapegue.com\\\/site\\\/#\\\/schema\\\/person\\\/9198e7dbab43c6d74d0fd5399af7c3cd\"},\"headline\":\"SE LES ENTREG\u00d3 UNA PLACA A\u00a0LOS FUNDADORES DEL TEATRO PICADERO\",\"datePublished\":\"2024-12-24T12:00:00+00:00\",\"mainEntityOfPage\":{\"@id\":\"https:\\\/\\\/sergiolapegue.com\\\/site\\\/2024\\\/12\\\/24\\\/se-les-entrego-una-placa-a-los-fundadores-del-teatro-picadero\\\/\"},\"wordCount\":1206,\"commentCount\":0,\"publisher\":{\"@id\":\"https:\\\/\\\/sergiolapegue.com\\\/site\\\/#\\\/schema\\\/person\\\/083aeceeb0734cd166779ea6c0551a37\"},\"image\":{\"@id\":\"https:\\\/\\\/sergiolapegue.com\\\/site\\\/2024\\\/12\\\/24\\\/se-les-entrego-una-placa-a-los-fundadores-del-teatro-picadero\\\/#primaryimage\"},\"thumbnailUrl\":\"https:\\\/\\\/sergiolapegue.com\\\/site\\\/wp-content\\\/uploads\\\/2024\\\/12\\\/Se-entrgo-una-placa-al-Teatro-Picadero.jpeg\",\"articleSection\":[\"Arte\",\"Teatro\"],\"inLanguage\":\"es-AR\",\"potentialAction\":[{\"@type\":\"CommentAction\",\"name\":\"Comment\",\"target\":[\"https:\\\/\\\/sergiolapegue.com\\\/site\\\/2024\\\/12\\\/24\\\/se-les-entrego-una-placa-a-los-fundadores-del-teatro-picadero\\\/#respond\"]}]},{\"@type\":\"WebPage\",\"@id\":\"https:\\\/\\\/sergiolapegue.com\\\/site\\\/2024\\\/12\\\/24\\\/se-les-entrego-una-placa-a-los-fundadores-del-teatro-picadero\\\/\",\"url\":\"https:\\\/\\\/sergiolapegue.com\\\/site\\\/2024\\\/12\\\/24\\\/se-les-entrego-una-placa-a-los-fundadores-del-teatro-picadero\\\/\",\"name\":\"SE LES ENTREG\u00d3 UNA PLACA A\u00a0LOS FUNDADORES DEL TEATRO PICADERO - Sergio Lapegue\",\"isPartOf\":{\"@id\":\"https:\\\/\\\/sergiolapegue.com\\\/site\\\/#website\"},\"primaryImageOfPage\":{\"@id\":\"https:\\\/\\\/sergiolapegue.com\\\/site\\\/2024\\\/12\\\/24\\\/se-les-entrego-una-placa-a-los-fundadores-del-teatro-picadero\\\/#primaryimage\"},\"image\":{\"@id\":\"https:\\\/\\\/sergiolapegue.com\\\/site\\\/2024\\\/12\\\/24\\\/se-les-entrego-una-placa-a-los-fundadores-del-teatro-picadero\\\/#primaryimage\"},\"thumbnailUrl\":\"https:\\\/\\\/sergiolapegue.com\\\/site\\\/wp-content\\\/uploads\\\/2024\\\/12\\\/Se-entrgo-una-placa-al-Teatro-Picadero.jpeg\",\"datePublished\":\"2024-12-24T12:00:00+00:00\",\"breadcrumb\":{\"@id\":\"https:\\\/\\\/sergiolapegue.com\\\/site\\\/2024\\\/12\\\/24\\\/se-les-entrego-una-placa-a-los-fundadores-del-teatro-picadero\\\/#breadcrumb\"},\"inLanguage\":\"es-AR\",\"potentialAction\":[{\"@type\":\"ReadAction\",\"target\":[\"https:\\\/\\\/sergiolapegue.com\\\/site\\\/2024\\\/12\\\/24\\\/se-les-entrego-una-placa-a-los-fundadores-del-teatro-picadero\\\/\"]}]},{\"@type\":\"ImageObject\",\"inLanguage\":\"es-AR\",\"@id\":\"https:\\\/\\\/sergiolapegue.com\\\/site\\\/2024\\\/12\\\/24\\\/se-les-entrego-una-placa-a-los-fundadores-del-teatro-picadero\\\/#primaryimage\",\"url\":\"https:\\\/\\\/sergiolapegue.com\\\/site\\\/wp-content\\\/uploads\\\/2024\\\/12\\\/Se-entrgo-una-placa-al-Teatro-Picadero.jpeg\",\"contentUrl\":\"https:\\\/\\\/sergiolapegue.com\\\/site\\\/wp-content\\\/uploads\\\/2024\\\/12\\\/Se-entrgo-una-placa-al-Teatro-Picadero.jpeg\",\"width\":600,\"height\":466},{\"@type\":\"BreadcrumbList\",\"@id\":\"https:\\\/\\\/sergiolapegue.com\\\/site\\\/2024\\\/12\\\/24\\\/se-les-entrego-una-placa-a-los-fundadores-del-teatro-picadero\\\/#breadcrumb\",\"itemListElement\":[{\"@type\":\"ListItem\",\"position\":1,\"name\":\"Inicio\",\"item\":\"https:\\\/\\\/sergiolapegue.com\\\/site\\\/\"},{\"@type\":\"ListItem\",\"position\":2,\"name\":\"SE LES ENTREG\u00d3 UNA PLACA A\u00a0LOS FUNDADORES DEL TEATRO PICADERO\"}]},{\"@type\":\"WebSite\",\"@id\":\"https:\\\/\\\/sergiolapegue.com\\\/site\\\/#website\",\"url\":\"https:\\\/\\\/sergiolapegue.com\\\/site\\\/\",\"name\":\"Sergio Lapegue\",\"description\":\"Periodista\",\"publisher\":{\"@id\":\"https:\\\/\\\/sergiolapegue.com\\\/site\\\/#\\\/schema\\\/person\\\/083aeceeb0734cd166779ea6c0551a37\"},\"potentialAction\":[{\"@type\":\"SearchAction\",\"target\":{\"@type\":\"EntryPoint\",\"urlTemplate\":\"https:\\\/\\\/sergiolapegue.com\\\/site\\\/?s={search_term_string}\"},\"query-input\":{\"@type\":\"PropertyValueSpecification\",\"valueRequired\":true,\"valueName\":\"search_term_string\"}}],\"inLanguage\":\"es-AR\"},{\"@type\":[\"Person\",\"Organization\"],\"@id\":\"https:\\\/\\\/sergiolapegue.com\\\/site\\\/#\\\/schema\\\/person\\\/083aeceeb0734cd166779ea6c0551a37\",\"name\":\"Sergio Lapegue\",\"image\":{\"@type\":\"ImageObject\",\"inLanguage\":\"es-AR\",\"@id\":\"https:\\\/\\\/sergiolapegue.com\\\/site\\\/wp-content\\\/uploads\\\/2021\\\/04\\\/logo_header-1.png\",\"url\":\"https:\\\/\\\/sergiolapegue.com\\\/site\\\/wp-content\\\/uploads\\\/2021\\\/04\\\/logo_header-1.png\",\"contentUrl\":\"https:\\\/\\\/sergiolapegue.com\\\/site\\\/wp-content\\\/uploads\\\/2021\\\/04\\\/logo_header-1.png\",\"width\":272,\"height\":90,\"caption\":\"Sergio Lapegue\"},\"logo\":{\"@id\":\"https:\\\/\\\/sergiolapegue.com\\\/site\\\/wp-content\\\/uploads\\\/2021\\\/04\\\/logo_header-1.png\"},\"sameAs\":[\"https:\\\/\\\/facebook.com\\\/sergiolapegue\",\"https:\\\/\\\/instagram.com\\\/sergiolapegue\",\"https:\\\/\\\/x.com\\\/https:\\\/\\\/twitter.com\\\/sergiolapegue\"]},{\"@type\":\"Person\",\"@id\":\"https:\\\/\\\/sergiolapegue.com\\\/site\\\/#\\\/schema\\\/person\\\/9198e7dbab43c6d74d0fd5399af7c3cd\",\"name\":\"Daniel E. Monta\u00f1a\",\"image\":{\"@type\":\"ImageObject\",\"inLanguage\":\"es-AR\",\"@id\":\"https:\\\/\\\/sergiolapegue.com\\\/site\\\/wp-content\\\/uploads\\\/2021\\\/04\\\/sl_avatar_Daniel-150x150.jpg\",\"url\":\"https:\\\/\\\/sergiolapegue.com\\\/site\\\/wp-content\\\/uploads\\\/2021\\\/04\\\/sl_avatar_Daniel-150x150.jpg\",\"contentUrl\":\"https:\\\/\\\/sergiolapegue.com\\\/site\\\/wp-content\\\/uploads\\\/2021\\\/04\\\/sl_avatar_Daniel-150x150.jpg\",\"caption\":\"Daniel E. Monta\u00f1a\"},\"sameAs\":[\"https:\\\/\\\/facebook.com\\\/danielernesto.montana\",\"https:\\\/\\\/instagram.com\\\/daniel_montana1961\",\"https:\\\/\\\/x.com\\\/https:\\\/\\\/twitter.com\\\/daner_004\"],\"url\":\"https:\\\/\\\/sergiolapegue.com\\\/site\\\/author\\\/daniel\\\/\"}]}<\/script>\n<!-- \/ Yoast SEO plugin. -->","yoast_head_json":{"title":"SE LES ENTREG\u00d3 UNA PLACA A\u00a0LOS FUNDADORES DEL TEATRO PICADERO - Sergio Lapegue","robots":{"index":"index","follow":"follow","max-snippet":"max-snippet:-1","max-image-preview":"max-image-preview:large","max-video-preview":"max-video-preview:-1"},"canonical":"https:\/\/sergiolapegue.com\/site\/2024\/12\/24\/se-les-entrego-una-placa-a-los-fundadores-del-teatro-picadero\/","og_locale":"es_ES","og_type":"article","og_title":"SE LES ENTREG\u00d3 UNA PLACA A\u00a0LOS FUNDADORES DEL TEATRO PICADERO - Sergio Lapegue","og_description":"El lunes 2 de diciembre el Secretario de Cultura de la Naci\u00f3n, Leonardo Cifelli, hizo&nbsp;&nbsp;entrega de una placa de distinci\u00f3n a Guadalupe Noble y Antonio M\u00f3naco por su destacada&nbsp;&nbsp;trayectoria y aporte a la cultura y en su discurso destac\u00f3: \u201cEl Teatro del Picadero fue un&nbsp;&nbsp;precursor para su \u00e9poca, un espacio diferente que naci\u00f3 como un [&hellip;]","og_url":"https:\/\/sergiolapegue.com\/site\/2024\/12\/24\/se-les-entrego-una-placa-a-los-fundadores-del-teatro-picadero\/","og_site_name":"Sergio Lapegue","article_publisher":"https:\/\/facebook.com\/sergiolapegue","article_author":"https:\/\/facebook.com\/danielernesto.montana","article_published_time":"2024-12-24T12:00:00+00:00","og_image":[{"width":600,"height":466,"url":"https:\/\/sergiolapegue.com\/site\/wp-content\/uploads\/2024\/12\/Se-entrgo-una-placa-al-Teatro-Picadero.jpeg","type":"image\/jpeg"}],"author":"Daniel E. Monta\u00f1a","twitter_card":"summary_large_image","twitter_creator":"@https:\/\/twitter.com\/daner_004","twitter_site":"@sergiolapegue","twitter_misc":{"Escrito por":"Daniel E. Monta\u00f1a","Tiempo de lectura":"6 minutos"},"schema":{"@context":"https:\/\/schema.org","@graph":[{"@type":"Article","@id":"https:\/\/sergiolapegue.com\/site\/2024\/12\/24\/se-les-entrego-una-placa-a-los-fundadores-del-teatro-picadero\/#article","isPartOf":{"@id":"https:\/\/sergiolapegue.com\/site\/2024\/12\/24\/se-les-entrego-una-placa-a-los-fundadores-del-teatro-picadero\/"},"author":{"name":"Daniel E. Monta\u00f1a","@id":"https:\/\/sergiolapegue.com\/site\/#\/schema\/person\/9198e7dbab43c6d74d0fd5399af7c3cd"},"headline":"SE LES ENTREG\u00d3 UNA PLACA A\u00a0LOS FUNDADORES DEL TEATRO PICADERO","datePublished":"2024-12-24T12:00:00+00:00","mainEntityOfPage":{"@id":"https:\/\/sergiolapegue.com\/site\/2024\/12\/24\/se-les-entrego-una-placa-a-los-fundadores-del-teatro-picadero\/"},"wordCount":1206,"commentCount":0,"publisher":{"@id":"https:\/\/sergiolapegue.com\/site\/#\/schema\/person\/083aeceeb0734cd166779ea6c0551a37"},"image":{"@id":"https:\/\/sergiolapegue.com\/site\/2024\/12\/24\/se-les-entrego-una-placa-a-los-fundadores-del-teatro-picadero\/#primaryimage"},"thumbnailUrl":"https:\/\/sergiolapegue.com\/site\/wp-content\/uploads\/2024\/12\/Se-entrgo-una-placa-al-Teatro-Picadero.jpeg","articleSection":["Arte","Teatro"],"inLanguage":"es-AR","potentialAction":[{"@type":"CommentAction","name":"Comment","target":["https:\/\/sergiolapegue.com\/site\/2024\/12\/24\/se-les-entrego-una-placa-a-los-fundadores-del-teatro-picadero\/#respond"]}]},{"@type":"WebPage","@id":"https:\/\/sergiolapegue.com\/site\/2024\/12\/24\/se-les-entrego-una-placa-a-los-fundadores-del-teatro-picadero\/","url":"https:\/\/sergiolapegue.com\/site\/2024\/12\/24\/se-les-entrego-una-placa-a-los-fundadores-del-teatro-picadero\/","name":"SE LES ENTREG\u00d3 UNA PLACA A\u00a0LOS FUNDADORES DEL TEATRO PICADERO - Sergio Lapegue","isPartOf":{"@id":"https:\/\/sergiolapegue.com\/site\/#website"},"primaryImageOfPage":{"@id":"https:\/\/sergiolapegue.com\/site\/2024\/12\/24\/se-les-entrego-una-placa-a-los-fundadores-del-teatro-picadero\/#primaryimage"},"image":{"@id":"https:\/\/sergiolapegue.com\/site\/2024\/12\/24\/se-les-entrego-una-placa-a-los-fundadores-del-teatro-picadero\/#primaryimage"},"thumbnailUrl":"https:\/\/sergiolapegue.com\/site\/wp-content\/uploads\/2024\/12\/Se-entrgo-una-placa-al-Teatro-Picadero.jpeg","datePublished":"2024-12-24T12:00:00+00:00","breadcrumb":{"@id":"https:\/\/sergiolapegue.com\/site\/2024\/12\/24\/se-les-entrego-una-placa-a-los-fundadores-del-teatro-picadero\/#breadcrumb"},"inLanguage":"es-AR","potentialAction":[{"@type":"ReadAction","target":["https:\/\/sergiolapegue.com\/site\/2024\/12\/24\/se-les-entrego-una-placa-a-los-fundadores-del-teatro-picadero\/"]}]},{"@type":"ImageObject","inLanguage":"es-AR","@id":"https:\/\/sergiolapegue.com\/site\/2024\/12\/24\/se-les-entrego-una-placa-a-los-fundadores-del-teatro-picadero\/#primaryimage","url":"https:\/\/sergiolapegue.com\/site\/wp-content\/uploads\/2024\/12\/Se-entrgo-una-placa-al-Teatro-Picadero.jpeg","contentUrl":"https:\/\/sergiolapegue.com\/site\/wp-content\/uploads\/2024\/12\/Se-entrgo-una-placa-al-Teatro-Picadero.jpeg","width":600,"height":466},{"@type":"BreadcrumbList","@id":"https:\/\/sergiolapegue.com\/site\/2024\/12\/24\/se-les-entrego-una-placa-a-los-fundadores-del-teatro-picadero\/#breadcrumb","itemListElement":[{"@type":"ListItem","position":1,"name":"Inicio","item":"https:\/\/sergiolapegue.com\/site\/"},{"@type":"ListItem","position":2,"name":"SE LES ENTREG\u00d3 UNA PLACA A\u00a0LOS FUNDADORES DEL TEATRO PICADERO"}]},{"@type":"WebSite","@id":"https:\/\/sergiolapegue.com\/site\/#website","url":"https:\/\/sergiolapegue.com\/site\/","name":"Sergio Lapegue","description":"Periodista","publisher":{"@id":"https:\/\/sergiolapegue.com\/site\/#\/schema\/person\/083aeceeb0734cd166779ea6c0551a37"},"potentialAction":[{"@type":"SearchAction","target":{"@type":"EntryPoint","urlTemplate":"https:\/\/sergiolapegue.com\/site\/?s={search_term_string}"},"query-input":{"@type":"PropertyValueSpecification","valueRequired":true,"valueName":"search_term_string"}}],"inLanguage":"es-AR"},{"@type":["Person","Organization"],"@id":"https:\/\/sergiolapegue.com\/site\/#\/schema\/person\/083aeceeb0734cd166779ea6c0551a37","name":"Sergio Lapegue","image":{"@type":"ImageObject","inLanguage":"es-AR","@id":"https:\/\/sergiolapegue.com\/site\/wp-content\/uploads\/2021\/04\/logo_header-1.png","url":"https:\/\/sergiolapegue.com\/site\/wp-content\/uploads\/2021\/04\/logo_header-1.png","contentUrl":"https:\/\/sergiolapegue.com\/site\/wp-content\/uploads\/2021\/04\/logo_header-1.png","width":272,"height":90,"caption":"Sergio Lapegue"},"logo":{"@id":"https:\/\/sergiolapegue.com\/site\/wp-content\/uploads\/2021\/04\/logo_header-1.png"},"sameAs":["https:\/\/facebook.com\/sergiolapegue","https:\/\/instagram.com\/sergiolapegue","https:\/\/x.com\/https:\/\/twitter.com\/sergiolapegue"]},{"@type":"Person","@id":"https:\/\/sergiolapegue.com\/site\/#\/schema\/person\/9198e7dbab43c6d74d0fd5399af7c3cd","name":"Daniel E. Monta\u00f1a","image":{"@type":"ImageObject","inLanguage":"es-AR","@id":"https:\/\/sergiolapegue.com\/site\/wp-content\/uploads\/2021\/04\/sl_avatar_Daniel-150x150.jpg","url":"https:\/\/sergiolapegue.com\/site\/wp-content\/uploads\/2021\/04\/sl_avatar_Daniel-150x150.jpg","contentUrl":"https:\/\/sergiolapegue.com\/site\/wp-content\/uploads\/2021\/04\/sl_avatar_Daniel-150x150.jpg","caption":"Daniel E. Monta\u00f1a"},"sameAs":["https:\/\/facebook.com\/danielernesto.montana","https:\/\/instagram.com\/daniel_montana1961","https:\/\/x.com\/https:\/\/twitter.com\/daner_004"],"url":"https:\/\/sergiolapegue.com\/site\/author\/daniel\/"}]}},"_links":{"self":[{"href":"https:\/\/sergiolapegue.com\/site\/wp-json\/wp\/v2\/posts\/19948","targetHints":{"allow":["GET"]}}],"collection":[{"href":"https:\/\/sergiolapegue.com\/site\/wp-json\/wp\/v2\/posts"}],"about":[{"href":"https:\/\/sergiolapegue.com\/site\/wp-json\/wp\/v2\/types\/post"}],"author":[{"embeddable":true,"href":"https:\/\/sergiolapegue.com\/site\/wp-json\/wp\/v2\/users\/3"}],"replies":[{"embeddable":true,"href":"https:\/\/sergiolapegue.com\/site\/wp-json\/wp\/v2\/comments?post=19948"}],"version-history":[{"count":1,"href":"https:\/\/sergiolapegue.com\/site\/wp-json\/wp\/v2\/posts\/19948\/revisions"}],"predecessor-version":[{"id":19951,"href":"https:\/\/sergiolapegue.com\/site\/wp-json\/wp\/v2\/posts\/19948\/revisions\/19951"}],"wp:featuredmedia":[{"embeddable":true,"href":"https:\/\/sergiolapegue.com\/site\/wp-json\/wp\/v2\/media\/19950"}],"wp:attachment":[{"href":"https:\/\/sergiolapegue.com\/site\/wp-json\/wp\/v2\/media?parent=19948"}],"wp:term":[{"taxonomy":"category","embeddable":true,"href":"https:\/\/sergiolapegue.com\/site\/wp-json\/wp\/v2\/categories?post=19948"},{"taxonomy":"post_tag","embeddable":true,"href":"https:\/\/sergiolapegue.com\/site\/wp-json\/wp\/v2\/tags?post=19948"}],"curies":[{"name":"wp","href":"https:\/\/api.w.org\/{rel}","templated":true}]}}