{"id":19907,"date":"2024-12-19T12:08:58","date_gmt":"2024-12-19T15:08:58","guid":{"rendered":"https:\/\/sergiolapegue.com\/site\/?p=19907"},"modified":"2024-12-17T12:12:13","modified_gmt":"2024-12-17T15:12:13","slug":"con-un-gran-espectaculo-y-a-pura-emocion-lito-vitale-y-juan-carlos-baglietto-coronaron-los-festejos-por-los-130-anos-de-amia","status":"publish","type":"post","link":"https:\/\/sergiolapegue.com\/site\/2024\/12\/19\/con-un-gran-espectaculo-y-a-pura-emocion-lito-vitale-y-juan-carlos-baglietto-coronaron-los-festejos-por-los-130-anos-de-amia\/","title":{"rendered":"Con un gran espect\u00e1culo y a pura emoci\u00f3n, Lito Vitale y Juan Carlos Baglietto coronaron los festejos por los 130 a\u00f1os de AMIA"},"content":{"rendered":"\n<p>Ovacionados por el p\u00fablico que se dio cita anoche en el auditorio de Pasteur 633, Lito Vitale y Juan Carlos Baglietto ofrecieron &#8220;Retrospectiva&#8221;, un espect\u00e1culo de alt\u00edsimo nivel, que coron\u00f3 el cierre de los festejos programados por los 130 a\u00f1os de AMIA.<\/p>\n\n\n\n<p>A sala llena, y con una notable puesta de luz y sonido, las obras de rock argentino, tango y folklore, de la inolvidable trova rosarina, que fueron magistralmente interpretadas por los artistas, dieron por resultado un show memorable, que se palpit\u00f3 con gran emoci\u00f3n.<\/p>\n\n\n\n<p>Acompa\u00f1ados en el escenario por sus hijos, Jano Vitale en bajo y Juli\u00e1n Baglietto en bater\u00eda, y el ensamble de brass &#8220;Vientos del Sur&#8221;,&nbsp; el espect\u00e1culo recorri\u00f3 un destacado cancionero que rescat\u00f3 lo esencial de la m\u00fasica popular argentina, y mostr\u00f3 la conexi\u00f3n profesional y personal de la dupla que lleva 33 a\u00f1os trabajando junta.<\/p>\n\n\n\n<p>En manos del presidente de AMIA, Amos Linetzky, y del secretario general, Gabriel Gorenstein, los artistas recibieron un reconocimiento por su trayectoria y por el inmenso aporte realizado a la cultura argentina a lo largo de todos estos a\u00f1os.<\/p>\n\n\n\n<p>&#8220;Queremos agradecerles de coraz\u00f3n, por deleitarnos con su m\u00fasica, pero no s\u00f3lo por eso, si no especialmente porque han estado siempre que los necesitamos, participando en nuestras&nbsp; acciones por memoria y reclamo de justicia que impulsamos desde la instituci\u00f3n, para denunciar la impunidad a\u00fan vigente por el atentado terrorista sufrido, aqu\u00ed mismo, el 18 de julio de 1994&#8221;, sostuvo el titular de la AMIA.<\/p>\n\n\n\n<figure class=\"wp-block-image size-large\"><img loading=\"lazy\" decoding=\"async\" width=\"1024\" height=\"683\" src=\"https:\/\/sergiolapegue.com\/site\/wp-content\/uploads\/2024\/12\/AMIA-2-1024x683.jpg\" alt=\"\" class=\"wp-image-19909\" srcset=\"https:\/\/sergiolapegue.com\/site\/wp-content\/uploads\/2024\/12\/AMIA-2-1024x683.jpg 1024w, https:\/\/sergiolapegue.com\/site\/wp-content\/uploads\/2024\/12\/AMIA-2-300x200.jpg 300w, https:\/\/sergiolapegue.com\/site\/wp-content\/uploads\/2024\/12\/AMIA-2-768x512.jpg 768w, https:\/\/sergiolapegue.com\/site\/wp-content\/uploads\/2024\/12\/AMIA-2-630x420.jpg 630w, https:\/\/sergiolapegue.com\/site\/wp-content\/uploads\/2024\/12\/AMIA-2-696x464.jpg 696w, https:\/\/sergiolapegue.com\/site\/wp-content\/uploads\/2024\/12\/AMIA-2-1068x713.jpg 1068w, https:\/\/sergiolapegue.com\/site\/wp-content\/uploads\/2024\/12\/AMIA-2.jpg 1400w\" sizes=\"auto, (max-width: 1024px) 100vw, 1024px\" \/><\/figure>\n\n\n\n<p>Luego del reconocimiento, Vitale y Baglietto cerraron el show con la emblem\u00e1tica canci\u00f3n de Le\u00f3n Gieco, &#8220;Pensar en nada&#8221;, que fue cantada de pie por el p\u00fablico. Entre las interpretaciones m\u00e1s aplaudidas, sobresalieron &#8220;Naranjo en flor&#8221;, &#8220;Pasional, &#8220;Carta de un l\u00e9on a otro&#8221;, &#8220;Mirta, de regreso&#8221;, &#8220;La vida es una moneda&#8221;, &#8220;Canci\u00f3n de Alicia en el pa\u00eds&#8221;, &#8220;En la ciudad de la furia&#8221;, &#8220;Par mil&#8221;, y &#8220;Jugo de tomate fr\u00edo&#8221;.<\/p>\n\n\n\n<p>En palabras de Flavia Zalcman, directora de AMIA Cultura, el espect\u00e1culo ofrecido ayer marc\u00f3 &#8220;el broche de oro&#8221; de los festejos por los 130 a\u00f1os de AMIA. &#8220;Nos llen\u00f3 de orgullo haber podido recibir en nuestra casa a dos grandes artistas, que protagonizaron un espect\u00e1culo de gran calidad&#8221;, expres\u00f3.<\/p>\n\n\n\n<p>Las celebraciones por el aniversario de la instituci\u00f3n, abarc\u00f3 una agenda especial que incluy\u00f3, entre otras presentaciones, el show de Nito Mestre, el espect\u00e1culo &#8220;Ra\u00edces&nbsp;y tradiciones: un recorrido musical a trav\u00e9s del&nbsp;klezmer&#8221;, y una oferta de cursos, conferencias y actividades, presenciales y virtuales, que convoc\u00f3 este a\u00f1o a m\u00e1s de cien mil participantes.<\/p>\n\n\n\n<figure class=\"wp-block-image size-large\"><img loading=\"lazy\" decoding=\"async\" width=\"1024\" height=\"683\" src=\"https:\/\/sergiolapegue.com\/site\/wp-content\/uploads\/2024\/12\/AMIA-1-1024x683.jpg\" alt=\"\" class=\"wp-image-19908\" srcset=\"https:\/\/sergiolapegue.com\/site\/wp-content\/uploads\/2024\/12\/AMIA-1-1024x683.jpg 1024w, https:\/\/sergiolapegue.com\/site\/wp-content\/uploads\/2024\/12\/AMIA-1-300x200.jpg 300w, https:\/\/sergiolapegue.com\/site\/wp-content\/uploads\/2024\/12\/AMIA-1-768x512.jpg 768w, https:\/\/sergiolapegue.com\/site\/wp-content\/uploads\/2024\/12\/AMIA-1-630x420.jpg 630w, https:\/\/sergiolapegue.com\/site\/wp-content\/uploads\/2024\/12\/AMIA-1-696x464.jpg 696w, https:\/\/sergiolapegue.com\/site\/wp-content\/uploads\/2024\/12\/AMIA-1.jpg 1050w\" sizes=\"auto, (max-width: 1024px) 100vw, 1024px\" \/><\/figure>\n","protected":false},"excerpt":{"rendered":"<p>Ovacionados por el p\u00fablico que se dio cita anoche en el auditorio de Pasteur 633, Lito Vitale y Juan Carlos Baglietto ofrecieron &#8220;Retrospectiva&#8221;, un espect\u00e1culo de alt\u00edsimo nivel, que coron\u00f3 el cierre de los festejos programados por los 130 a\u00f1os de AMIA. A sala llena, y con una notable puesta de luz y sonido, las [&hellip;]<\/p>\n","protected":false},"author":4,"featured_media":19910,"comment_status":"closed","ping_status":"closed","sticky":false,"template":"","format":"standard","meta":{"footnotes":""},"categories":[38],"tags":[683,4021,2742,3291,111,920,4023,302,4024,4022],"class_list":{"0":"post-19907","1":"post","2":"type-post","3":"status-publish","4":"format-standard","5":"has-post-thumbnail","7":"category-actualidad","8":"tag-amia","9":"tag-baglieto","10":"tag-espectaculo","11":"tag-festejo","12":"tag-musica","13":"tag-musico","14":"tag-notable","15":"tag-rock","16":"tag-tango","17":"tag-vitale"},"yoast_head":"<!-- This site is optimized with the Yoast SEO plugin v27.4 - https:\/\/yoast.com\/product\/yoast-seo-wordpress\/ -->\n<title>Con un gran espect\u00e1culo y a pura emoci\u00f3n, Lito Vitale y Juan Carlos Baglietto coronaron los festejos por los 130 a\u00f1os de AMIA - Sergio Lapegue<\/title>\n<meta name=\"robots\" content=\"index, follow, max-snippet:-1, max-image-preview:large, max-video-preview:-1\" \/>\n<link rel=\"canonical\" href=\"https:\/\/sergiolapegue.com\/site\/2024\/12\/19\/con-un-gran-espectaculo-y-a-pura-emocion-lito-vitale-y-juan-carlos-baglietto-coronaron-los-festejos-por-los-130-anos-de-amia\/\" \/>\n<meta property=\"og:locale\" content=\"es_ES\" \/>\n<meta property=\"og:type\" content=\"article\" \/>\n<meta property=\"og:title\" content=\"Con un gran espect\u00e1culo y a pura emoci\u00f3n, Lito Vitale y Juan Carlos Baglietto coronaron los festejos por los 130 a\u00f1os de AMIA - Sergio Lapegue\" \/>\n<meta property=\"og:description\" content=\"Ovacionados por el p\u00fablico que se dio cita anoche en el auditorio de Pasteur 633, Lito Vitale y Juan Carlos Baglietto ofrecieron &#8220;Retrospectiva&#8221;, un espect\u00e1culo de alt\u00edsimo nivel, que coron\u00f3 el cierre de los festejos programados por los 130 a\u00f1os de AMIA. A sala llena, y con una notable puesta de luz y sonido, las [&hellip;]\" \/>\n<meta property=\"og:url\" content=\"https:\/\/sergiolapegue.com\/site\/2024\/12\/19\/con-un-gran-espectaculo-y-a-pura-emocion-lito-vitale-y-juan-carlos-baglietto-coronaron-los-festejos-por-los-130-anos-de-amia\/\" \/>\n<meta property=\"og:site_name\" content=\"Sergio Lapegue\" \/>\n<meta property=\"article:publisher\" content=\"https:\/\/facebook.com\/sergiolapegue\" \/>\n<meta property=\"article:published_time\" content=\"2024-12-19T15:08:58+00:00\" \/>\n<meta property=\"og:image\" content=\"https:\/\/sergiolapegue.com\/site\/wp-content\/uploads\/2024\/12\/AMIA-3.jpg\" \/>\n\t<meta property=\"og:image:width\" content=\"1400\" \/>\n\t<meta property=\"og:image:height\" content=\"934\" \/>\n\t<meta property=\"og:image:type\" content=\"image\/jpeg\" \/>\n<meta name=\"author\" content=\"Leonardo Monta\u00f1a\" \/>\n<meta name=\"twitter:card\" content=\"summary_large_image\" \/>\n<meta name=\"twitter:creator\" content=\"@https:\/\/twitter.com\/soytoto81\" \/>\n<meta name=\"twitter:site\" content=\"@sergiolapegue\" \/>\n<meta name=\"twitter:label1\" content=\"Escrito por\" \/>\n\t<meta name=\"twitter:data1\" content=\"Leonardo Monta\u00f1a\" \/>\n\t<meta name=\"twitter:label2\" content=\"Tiempo de lectura\" \/>\n\t<meta name=\"twitter:data2\" content=\"3 minutos\" \/>\n<script type=\"application\/ld+json\" class=\"yoast-schema-graph\">{\"@context\":\"https:\\\/\\\/schema.org\",\"@graph\":[{\"@type\":\"Article\",\"@id\":\"https:\\\/\\\/sergiolapegue.com\\\/site\\\/2024\\\/12\\\/19\\\/con-un-gran-espectaculo-y-a-pura-emocion-lito-vitale-y-juan-carlos-baglietto-coronaron-los-festejos-por-los-130-anos-de-amia\\\/#article\",\"isPartOf\":{\"@id\":\"https:\\\/\\\/sergiolapegue.com\\\/site\\\/2024\\\/12\\\/19\\\/con-un-gran-espectaculo-y-a-pura-emocion-lito-vitale-y-juan-carlos-baglietto-coronaron-los-festejos-por-los-130-anos-de-amia\\\/\"},\"author\":{\"name\":\"Leonardo Monta\u00f1a\",\"@id\":\"https:\\\/\\\/sergiolapegue.com\\\/site\\\/#\\\/schema\\\/person\\\/00adf937d010c7f79a180dc4916a40e0\"},\"headline\":\"Con un gran espect\u00e1culo y a pura emoci\u00f3n, Lito Vitale y Juan Carlos Baglietto coronaron los festejos por los 130 a\u00f1os de AMIA\",\"datePublished\":\"2024-12-19T15:08:58+00:00\",\"mainEntityOfPage\":{\"@id\":\"https:\\\/\\\/sergiolapegue.com\\\/site\\\/2024\\\/12\\\/19\\\/con-un-gran-espectaculo-y-a-pura-emocion-lito-vitale-y-juan-carlos-baglietto-coronaron-los-festejos-por-los-130-anos-de-amia\\\/\"},\"wordCount\":477,\"publisher\":{\"@id\":\"https:\\\/\\\/sergiolapegue.com\\\/site\\\/#\\\/schema\\\/person\\\/083aeceeb0734cd166779ea6c0551a37\"},\"image\":{\"@id\":\"https:\\\/\\\/sergiolapegue.com\\\/site\\\/2024\\\/12\\\/19\\\/con-un-gran-espectaculo-y-a-pura-emocion-lito-vitale-y-juan-carlos-baglietto-coronaron-los-festejos-por-los-130-anos-de-amia\\\/#primaryimage\"},\"thumbnailUrl\":\"https:\\\/\\\/sergiolapegue.com\\\/site\\\/wp-content\\\/uploads\\\/2024\\\/12\\\/AMIA-3.jpg\",\"keywords\":[\"amia\",\"baglieto\",\"espectaculo\",\"festejo\",\"musica\",\"musico\",\"notable\",\"rock\",\"tango\",\"vitale\"],\"articleSection\":[\"Actualidad\"],\"inLanguage\":\"es-AR\"},{\"@type\":\"WebPage\",\"@id\":\"https:\\\/\\\/sergiolapegue.com\\\/site\\\/2024\\\/12\\\/19\\\/con-un-gran-espectaculo-y-a-pura-emocion-lito-vitale-y-juan-carlos-baglietto-coronaron-los-festejos-por-los-130-anos-de-amia\\\/\",\"url\":\"https:\\\/\\\/sergiolapegue.com\\\/site\\\/2024\\\/12\\\/19\\\/con-un-gran-espectaculo-y-a-pura-emocion-lito-vitale-y-juan-carlos-baglietto-coronaron-los-festejos-por-los-130-anos-de-amia\\\/\",\"name\":\"Con un gran espect\u00e1culo y a pura emoci\u00f3n, Lito Vitale y Juan Carlos Baglietto coronaron los festejos por los 130 a\u00f1os de AMIA - Sergio Lapegue\",\"isPartOf\":{\"@id\":\"https:\\\/\\\/sergiolapegue.com\\\/site\\\/#website\"},\"primaryImageOfPage\":{\"@id\":\"https:\\\/\\\/sergiolapegue.com\\\/site\\\/2024\\\/12\\\/19\\\/con-un-gran-espectaculo-y-a-pura-emocion-lito-vitale-y-juan-carlos-baglietto-coronaron-los-festejos-por-los-130-anos-de-amia\\\/#primaryimage\"},\"image\":{\"@id\":\"https:\\\/\\\/sergiolapegue.com\\\/site\\\/2024\\\/12\\\/19\\\/con-un-gran-espectaculo-y-a-pura-emocion-lito-vitale-y-juan-carlos-baglietto-coronaron-los-festejos-por-los-130-anos-de-amia\\\/#primaryimage\"},\"thumbnailUrl\":\"https:\\\/\\\/sergiolapegue.com\\\/site\\\/wp-content\\\/uploads\\\/2024\\\/12\\\/AMIA-3.jpg\",\"datePublished\":\"2024-12-19T15:08:58+00:00\",\"breadcrumb\":{\"@id\":\"https:\\\/\\\/sergiolapegue.com\\\/site\\\/2024\\\/12\\\/19\\\/con-un-gran-espectaculo-y-a-pura-emocion-lito-vitale-y-juan-carlos-baglietto-coronaron-los-festejos-por-los-130-anos-de-amia\\\/#breadcrumb\"},\"inLanguage\":\"es-AR\",\"potentialAction\":[{\"@type\":\"ReadAction\",\"target\":[\"https:\\\/\\\/sergiolapegue.com\\\/site\\\/2024\\\/12\\\/19\\\/con-un-gran-espectaculo-y-a-pura-emocion-lito-vitale-y-juan-carlos-baglietto-coronaron-los-festejos-por-los-130-anos-de-amia\\\/\"]}]},{\"@type\":\"ImageObject\",\"inLanguage\":\"es-AR\",\"@id\":\"https:\\\/\\\/sergiolapegue.com\\\/site\\\/2024\\\/12\\\/19\\\/con-un-gran-espectaculo-y-a-pura-emocion-lito-vitale-y-juan-carlos-baglietto-coronaron-los-festejos-por-los-130-anos-de-amia\\\/#primaryimage\",\"url\":\"https:\\\/\\\/sergiolapegue.com\\\/site\\\/wp-content\\\/uploads\\\/2024\\\/12\\\/AMIA-3.jpg\",\"contentUrl\":\"https:\\\/\\\/sergiolapegue.com\\\/site\\\/wp-content\\\/uploads\\\/2024\\\/12\\\/AMIA-3.jpg\",\"width\":1400,\"height\":934},{\"@type\":\"BreadcrumbList\",\"@id\":\"https:\\\/\\\/sergiolapegue.com\\\/site\\\/2024\\\/12\\\/19\\\/con-un-gran-espectaculo-y-a-pura-emocion-lito-vitale-y-juan-carlos-baglietto-coronaron-los-festejos-por-los-130-anos-de-amia\\\/#breadcrumb\",\"itemListElement\":[{\"@type\":\"ListItem\",\"position\":1,\"name\":\"Inicio\",\"item\":\"https:\\\/\\\/sergiolapegue.com\\\/site\\\/\"},{\"@type\":\"ListItem\",\"position\":2,\"name\":\"Con un gran espect\u00e1culo y a pura emoci\u00f3n, Lito Vitale y Juan Carlos Baglietto coronaron los festejos por los 130 a\u00f1os de AMIA\"}]},{\"@type\":\"WebSite\",\"@id\":\"https:\\\/\\\/sergiolapegue.com\\\/site\\\/#website\",\"url\":\"https:\\\/\\\/sergiolapegue.com\\\/site\\\/\",\"name\":\"Sergio Lapegue\",\"description\":\"Periodista\",\"publisher\":{\"@id\":\"https:\\\/\\\/sergiolapegue.com\\\/site\\\/#\\\/schema\\\/person\\\/083aeceeb0734cd166779ea6c0551a37\"},\"potentialAction\":[{\"@type\":\"SearchAction\",\"target\":{\"@type\":\"EntryPoint\",\"urlTemplate\":\"https:\\\/\\\/sergiolapegue.com\\\/site\\\/?s={search_term_string}\"},\"query-input\":{\"@type\":\"PropertyValueSpecification\",\"valueRequired\":true,\"valueName\":\"search_term_string\"}}],\"inLanguage\":\"es-AR\"},{\"@type\":[\"Person\",\"Organization\"],\"@id\":\"https:\\\/\\\/sergiolapegue.com\\\/site\\\/#\\\/schema\\\/person\\\/083aeceeb0734cd166779ea6c0551a37\",\"name\":\"Sergio Lapegue\",\"image\":{\"@type\":\"ImageObject\",\"inLanguage\":\"es-AR\",\"@id\":\"https:\\\/\\\/sergiolapegue.com\\\/site\\\/wp-content\\\/uploads\\\/2021\\\/04\\\/logo_header-1.png\",\"url\":\"https:\\\/\\\/sergiolapegue.com\\\/site\\\/wp-content\\\/uploads\\\/2021\\\/04\\\/logo_header-1.png\",\"contentUrl\":\"https:\\\/\\\/sergiolapegue.com\\\/site\\\/wp-content\\\/uploads\\\/2021\\\/04\\\/logo_header-1.png\",\"width\":272,\"height\":90,\"caption\":\"Sergio Lapegue\"},\"logo\":{\"@id\":\"https:\\\/\\\/sergiolapegue.com\\\/site\\\/wp-content\\\/uploads\\\/2021\\\/04\\\/logo_header-1.png\"},\"sameAs\":[\"https:\\\/\\\/facebook.com\\\/sergiolapegue\",\"https:\\\/\\\/instagram.com\\\/sergiolapegue\",\"https:\\\/\\\/x.com\\\/https:\\\/\\\/twitter.com\\\/sergiolapegue\"]},{\"@type\":\"Person\",\"@id\":\"https:\\\/\\\/sergiolapegue.com\\\/site\\\/#\\\/schema\\\/person\\\/00adf937d010c7f79a180dc4916a40e0\",\"name\":\"Leonardo Monta\u00f1a\",\"image\":{\"@type\":\"ImageObject\",\"inLanguage\":\"es-AR\",\"@id\":\"https:\\\/\\\/sergiolapegue.com\\\/site\\\/wp-content\\\/uploads\\\/2021\\\/04\\\/sl_avatar_Leonardo-150x150.jpg\",\"url\":\"https:\\\/\\\/sergiolapegue.com\\\/site\\\/wp-content\\\/uploads\\\/2021\\\/04\\\/sl_avatar_Leonardo-150x150.jpg\",\"contentUrl\":\"https:\\\/\\\/sergiolapegue.com\\\/site\\\/wp-content\\\/uploads\\\/2021\\\/04\\\/sl_avatar_Leonardo-150x150.jpg\",\"caption\":\"Leonardo Monta\u00f1a\"},\"sameAs\":[\"https:\\\/\\\/x.com\\\/https:\\\/\\\/twitter.com\\\/soytoto81\"],\"url\":\"https:\\\/\\\/sergiolapegue.com\\\/site\\\/author\\\/leonardo\\\/\"}]}<\/script>\n<!-- \/ Yoast SEO plugin. -->","yoast_head_json":{"title":"Con un gran espect\u00e1culo y a pura emoci\u00f3n, Lito Vitale y Juan Carlos Baglietto coronaron los festejos por los 130 a\u00f1os de AMIA - Sergio Lapegue","robots":{"index":"index","follow":"follow","max-snippet":"max-snippet:-1","max-image-preview":"max-image-preview:large","max-video-preview":"max-video-preview:-1"},"canonical":"https:\/\/sergiolapegue.com\/site\/2024\/12\/19\/con-un-gran-espectaculo-y-a-pura-emocion-lito-vitale-y-juan-carlos-baglietto-coronaron-los-festejos-por-los-130-anos-de-amia\/","og_locale":"es_ES","og_type":"article","og_title":"Con un gran espect\u00e1culo y a pura emoci\u00f3n, Lito Vitale y Juan Carlos Baglietto coronaron los festejos por los 130 a\u00f1os de AMIA - Sergio Lapegue","og_description":"Ovacionados por el p\u00fablico que se dio cita anoche en el auditorio de Pasteur 633, Lito Vitale y Juan Carlos Baglietto ofrecieron &#8220;Retrospectiva&#8221;, un espect\u00e1culo de alt\u00edsimo nivel, que coron\u00f3 el cierre de los festejos programados por los 130 a\u00f1os de AMIA. A sala llena, y con una notable puesta de luz y sonido, las [&hellip;]","og_url":"https:\/\/sergiolapegue.com\/site\/2024\/12\/19\/con-un-gran-espectaculo-y-a-pura-emocion-lito-vitale-y-juan-carlos-baglietto-coronaron-los-festejos-por-los-130-anos-de-amia\/","og_site_name":"Sergio Lapegue","article_publisher":"https:\/\/facebook.com\/sergiolapegue","article_published_time":"2024-12-19T15:08:58+00:00","og_image":[{"width":1400,"height":934,"url":"https:\/\/sergiolapegue.com\/site\/wp-content\/uploads\/2024\/12\/AMIA-3.jpg","type":"image\/jpeg"}],"author":"Leonardo Monta\u00f1a","twitter_card":"summary_large_image","twitter_creator":"@https:\/\/twitter.com\/soytoto81","twitter_site":"@sergiolapegue","twitter_misc":{"Escrito por":"Leonardo Monta\u00f1a","Tiempo de lectura":"3 minutos"},"schema":{"@context":"https:\/\/schema.org","@graph":[{"@type":"Article","@id":"https:\/\/sergiolapegue.com\/site\/2024\/12\/19\/con-un-gran-espectaculo-y-a-pura-emocion-lito-vitale-y-juan-carlos-baglietto-coronaron-los-festejos-por-los-130-anos-de-amia\/#article","isPartOf":{"@id":"https:\/\/sergiolapegue.com\/site\/2024\/12\/19\/con-un-gran-espectaculo-y-a-pura-emocion-lito-vitale-y-juan-carlos-baglietto-coronaron-los-festejos-por-los-130-anos-de-amia\/"},"author":{"name":"Leonardo Monta\u00f1a","@id":"https:\/\/sergiolapegue.com\/site\/#\/schema\/person\/00adf937d010c7f79a180dc4916a40e0"},"headline":"Con un gran espect\u00e1culo y a pura emoci\u00f3n, Lito Vitale y Juan Carlos Baglietto coronaron los festejos por los 130 a\u00f1os de AMIA","datePublished":"2024-12-19T15:08:58+00:00","mainEntityOfPage":{"@id":"https:\/\/sergiolapegue.com\/site\/2024\/12\/19\/con-un-gran-espectaculo-y-a-pura-emocion-lito-vitale-y-juan-carlos-baglietto-coronaron-los-festejos-por-los-130-anos-de-amia\/"},"wordCount":477,"publisher":{"@id":"https:\/\/sergiolapegue.com\/site\/#\/schema\/person\/083aeceeb0734cd166779ea6c0551a37"},"image":{"@id":"https:\/\/sergiolapegue.com\/site\/2024\/12\/19\/con-un-gran-espectaculo-y-a-pura-emocion-lito-vitale-y-juan-carlos-baglietto-coronaron-los-festejos-por-los-130-anos-de-amia\/#primaryimage"},"thumbnailUrl":"https:\/\/sergiolapegue.com\/site\/wp-content\/uploads\/2024\/12\/AMIA-3.jpg","keywords":["amia","baglieto","espectaculo","festejo","musica","musico","notable","rock","tango","vitale"],"articleSection":["Actualidad"],"inLanguage":"es-AR"},{"@type":"WebPage","@id":"https:\/\/sergiolapegue.com\/site\/2024\/12\/19\/con-un-gran-espectaculo-y-a-pura-emocion-lito-vitale-y-juan-carlos-baglietto-coronaron-los-festejos-por-los-130-anos-de-amia\/","url":"https:\/\/sergiolapegue.com\/site\/2024\/12\/19\/con-un-gran-espectaculo-y-a-pura-emocion-lito-vitale-y-juan-carlos-baglietto-coronaron-los-festejos-por-los-130-anos-de-amia\/","name":"Con un gran espect\u00e1culo y a pura emoci\u00f3n, Lito Vitale y Juan Carlos Baglietto coronaron los festejos por los 130 a\u00f1os de AMIA - Sergio Lapegue","isPartOf":{"@id":"https:\/\/sergiolapegue.com\/site\/#website"},"primaryImageOfPage":{"@id":"https:\/\/sergiolapegue.com\/site\/2024\/12\/19\/con-un-gran-espectaculo-y-a-pura-emocion-lito-vitale-y-juan-carlos-baglietto-coronaron-los-festejos-por-los-130-anos-de-amia\/#primaryimage"},"image":{"@id":"https:\/\/sergiolapegue.com\/site\/2024\/12\/19\/con-un-gran-espectaculo-y-a-pura-emocion-lito-vitale-y-juan-carlos-baglietto-coronaron-los-festejos-por-los-130-anos-de-amia\/#primaryimage"},"thumbnailUrl":"https:\/\/sergiolapegue.com\/site\/wp-content\/uploads\/2024\/12\/AMIA-3.jpg","datePublished":"2024-12-19T15:08:58+00:00","breadcrumb":{"@id":"https:\/\/sergiolapegue.com\/site\/2024\/12\/19\/con-un-gran-espectaculo-y-a-pura-emocion-lito-vitale-y-juan-carlos-baglietto-coronaron-los-festejos-por-los-130-anos-de-amia\/#breadcrumb"},"inLanguage":"es-AR","potentialAction":[{"@type":"ReadAction","target":["https:\/\/sergiolapegue.com\/site\/2024\/12\/19\/con-un-gran-espectaculo-y-a-pura-emocion-lito-vitale-y-juan-carlos-baglietto-coronaron-los-festejos-por-los-130-anos-de-amia\/"]}]},{"@type":"ImageObject","inLanguage":"es-AR","@id":"https:\/\/sergiolapegue.com\/site\/2024\/12\/19\/con-un-gran-espectaculo-y-a-pura-emocion-lito-vitale-y-juan-carlos-baglietto-coronaron-los-festejos-por-los-130-anos-de-amia\/#primaryimage","url":"https:\/\/sergiolapegue.com\/site\/wp-content\/uploads\/2024\/12\/AMIA-3.jpg","contentUrl":"https:\/\/sergiolapegue.com\/site\/wp-content\/uploads\/2024\/12\/AMIA-3.jpg","width":1400,"height":934},{"@type":"BreadcrumbList","@id":"https:\/\/sergiolapegue.com\/site\/2024\/12\/19\/con-un-gran-espectaculo-y-a-pura-emocion-lito-vitale-y-juan-carlos-baglietto-coronaron-los-festejos-por-los-130-anos-de-amia\/#breadcrumb","itemListElement":[{"@type":"ListItem","position":1,"name":"Inicio","item":"https:\/\/sergiolapegue.com\/site\/"},{"@type":"ListItem","position":2,"name":"Con un gran espect\u00e1culo y a pura emoci\u00f3n, Lito Vitale y Juan Carlos Baglietto coronaron los festejos por los 130 a\u00f1os de AMIA"}]},{"@type":"WebSite","@id":"https:\/\/sergiolapegue.com\/site\/#website","url":"https:\/\/sergiolapegue.com\/site\/","name":"Sergio Lapegue","description":"Periodista","publisher":{"@id":"https:\/\/sergiolapegue.com\/site\/#\/schema\/person\/083aeceeb0734cd166779ea6c0551a37"},"potentialAction":[{"@type":"SearchAction","target":{"@type":"EntryPoint","urlTemplate":"https:\/\/sergiolapegue.com\/site\/?s={search_term_string}"},"query-input":{"@type":"PropertyValueSpecification","valueRequired":true,"valueName":"search_term_string"}}],"inLanguage":"es-AR"},{"@type":["Person","Organization"],"@id":"https:\/\/sergiolapegue.com\/site\/#\/schema\/person\/083aeceeb0734cd166779ea6c0551a37","name":"Sergio Lapegue","image":{"@type":"ImageObject","inLanguage":"es-AR","@id":"https:\/\/sergiolapegue.com\/site\/wp-content\/uploads\/2021\/04\/logo_header-1.png","url":"https:\/\/sergiolapegue.com\/site\/wp-content\/uploads\/2021\/04\/logo_header-1.png","contentUrl":"https:\/\/sergiolapegue.com\/site\/wp-content\/uploads\/2021\/04\/logo_header-1.png","width":272,"height":90,"caption":"Sergio Lapegue"},"logo":{"@id":"https:\/\/sergiolapegue.com\/site\/wp-content\/uploads\/2021\/04\/logo_header-1.png"},"sameAs":["https:\/\/facebook.com\/sergiolapegue","https:\/\/instagram.com\/sergiolapegue","https:\/\/x.com\/https:\/\/twitter.com\/sergiolapegue"]},{"@type":"Person","@id":"https:\/\/sergiolapegue.com\/site\/#\/schema\/person\/00adf937d010c7f79a180dc4916a40e0","name":"Leonardo Monta\u00f1a","image":{"@type":"ImageObject","inLanguage":"es-AR","@id":"https:\/\/sergiolapegue.com\/site\/wp-content\/uploads\/2021\/04\/sl_avatar_Leonardo-150x150.jpg","url":"https:\/\/sergiolapegue.com\/site\/wp-content\/uploads\/2021\/04\/sl_avatar_Leonardo-150x150.jpg","contentUrl":"https:\/\/sergiolapegue.com\/site\/wp-content\/uploads\/2021\/04\/sl_avatar_Leonardo-150x150.jpg","caption":"Leonardo Monta\u00f1a"},"sameAs":["https:\/\/x.com\/https:\/\/twitter.com\/soytoto81"],"url":"https:\/\/sergiolapegue.com\/site\/author\/leonardo\/"}]}},"_links":{"self":[{"href":"https:\/\/sergiolapegue.com\/site\/wp-json\/wp\/v2\/posts\/19907","targetHints":{"allow":["GET"]}}],"collection":[{"href":"https:\/\/sergiolapegue.com\/site\/wp-json\/wp\/v2\/posts"}],"about":[{"href":"https:\/\/sergiolapegue.com\/site\/wp-json\/wp\/v2\/types\/post"}],"author":[{"embeddable":true,"href":"https:\/\/sergiolapegue.com\/site\/wp-json\/wp\/v2\/users\/4"}],"replies":[{"embeddable":true,"href":"https:\/\/sergiolapegue.com\/site\/wp-json\/wp\/v2\/comments?post=19907"}],"version-history":[{"count":1,"href":"https:\/\/sergiolapegue.com\/site\/wp-json\/wp\/v2\/posts\/19907\/revisions"}],"predecessor-version":[{"id":19911,"href":"https:\/\/sergiolapegue.com\/site\/wp-json\/wp\/v2\/posts\/19907\/revisions\/19911"}],"wp:featuredmedia":[{"embeddable":true,"href":"https:\/\/sergiolapegue.com\/site\/wp-json\/wp\/v2\/media\/19910"}],"wp:attachment":[{"href":"https:\/\/sergiolapegue.com\/site\/wp-json\/wp\/v2\/media?parent=19907"}],"wp:term":[{"taxonomy":"category","embeddable":true,"href":"https:\/\/sergiolapegue.com\/site\/wp-json\/wp\/v2\/categories?post=19907"},{"taxonomy":"post_tag","embeddable":true,"href":"https:\/\/sergiolapegue.com\/site\/wp-json\/wp\/v2\/tags?post=19907"}],"curies":[{"name":"wp","href":"https:\/\/api.w.org\/{rel}","templated":true}]}}