{"id":19652,"date":"2024-12-03T14:04:23","date_gmt":"2024-12-03T17:04:23","guid":{"rendered":"https:\/\/sergiolapegue.com\/site\/?p=19652"},"modified":"2024-12-03T14:04:55","modified_gmt":"2024-12-03T17:04:55","slug":"hit-astral-de-la-semana-marte-retrogrado","status":"publish","type":"post","link":"https:\/\/sergiolapegue.com\/site\/2024\/12\/03\/hit-astral-de-la-semana-marte-retrogrado\/","title":{"rendered":"HIT ASTRAL DE LA SEMANA: MARTE retr\u00f3grado"},"content":{"rendered":"\n<p>Esta semana tenemos Marte comienza su viaje retr\u00f2grado desde Leo a partir del 6 de diciembre hasta el 23 de febrero de 2025. Ser\u00e1n unas cuantas semanas de reflexi\u00f3n sobre temas como el deseo, la violencia y la voluntad.<\/p>\n\n\n\n<p>Marte retr\u00f3grado nos llevar\u00e1 a reflexionar sobre la figura del Guerrero y la forma en que luchamos por lo que queremos. Habr\u00e1 que estar atentos porque volcar\u00e0 su energ\u00eda hacia el interior, conect\u00e1ndonos con sentimientos de enojo o impotencia y tambi\u00e9n con heridas antiguas.&nbsp;<\/p>\n\n\n\n<p>Este tr\u00e1nsito puede sacar a la luz aspectos negativos del ego, inseguridad o miedo al fracaso. Lo cierto es que nos llevar\u00e1 a reflexionar sobre nuestra capacidad de liderazgo y la manera en que enfrentamos los desaf\u00edos que la vida nos presenta.&nbsp;<\/p>\n\n\n\n<p>La clave es pensar antes de actuar impulsivamente, evitar la violencia, y ser fieles a nuestros ideales para no perder la br\u00fajula de las batallas que valen la pena y las que no.<\/p>\n\n\n\n<p>Marte retro nos inspira a buscar un balance entre la ambici\u00f3n personal y el servicio a un prop\u00f3sito que sea colectivo.&nbsp;<\/p>\n\n\n\n<p><strong>SIGNOS DESTACADOS DE LA SEMANA: <\/strong>Los signos de fuego ser\u00e1n los m\u00e1s afectados sintiendo una desaceleraci\u00f3n y cierto fastidio. No se esfuercen energ\u00e9ticamente, descansen lo que necesiten y hagan cosas que les den placer para compensar el enojo.&nbsp;<\/p>\n\n\n\n<p><strong>FRASE GU\u00cdA PARA ESTA SEMANA: <\/strong>\u201cMedito sobre un volc\u00e1n.\u201d<\/p>\n\n\n\n<p><strong>ARCANOS ALIADOS DEL TAROT:&nbsp;<\/strong><\/p>\n\n\n\n<p><strong>5 DE BASTOS \/<\/strong> Esta carta te advierte sobre un tiempo de tensiones y luchas interiores que podr\u00e1n tener su correspondencia afuera. Eleg\u00ed muy bien qu\u00e9 peleas dar y cu\u00e1les no.<\/p>\n\n\n<div class=\"wp-block-image\">\n<figure class=\"aligncenter size-full is-resized\"><img loading=\"lazy\" decoding=\"async\" width=\"300\" height=\"298\" src=\"https:\/\/sergiolapegue.com\/site\/wp-content\/uploads\/2024\/12\/1.jpg\" alt=\"\" class=\"wp-image-19653\" style=\"width:405px;height:auto\" srcset=\"https:\/\/sergiolapegue.com\/site\/wp-content\/uploads\/2024\/12\/1.jpg 300w, https:\/\/sergiolapegue.com\/site\/wp-content\/uploads\/2024\/12\/1-150x150.jpg 150w\" sizes=\"auto, (max-width: 300px) 100vw, 300px\" \/><\/figure>\n<\/div>\n\n\n<p><strong>PREDICCIONES:<\/strong><\/p>\n\n\n\n<p><strong>SIGNOS DE FUEGO #ARIES #LEO #SAGITARIO<\/strong><\/p>\n\n\n\n<p>Podr\u00edan sentir frustraci\u00f3n si los esfuerzos por destacarse no alcanzan<\/p>\n\n\n\n<p>Eviten la ira si sienten que su orgullo es herido.&nbsp;<\/p>\n\n\n\n<p>Trabajen en la paciencia y dediquen tiempo a actividades creativas como escribir, bailar o pintar para liberar la tensi\u00f3n.<\/p>\n\n\n\n<p><strong>SIGNOS DE TIERRA #TAURO #VIRGO #CAPRICORNIO<\/strong><\/p>\n\n\n\n<p>Pueden tener la sensaci\u00f3n de estar siendo menos productivos.<\/p>\n\n\n\n<p>No se ofusquen y practiquen la gratitud por los logros que ya tienen.<\/p>\n\n\n\n<p>Tomen consciencia de c\u00f3mo manejan los conflictos en el trabajo o en la familia. Y eviten conductas pasivo-agresivas.<\/p>\n\n\n\n<p><strong>SIGNOS DE AIRE #G\u00c9MINIS #LIBRA #ACUARIO<\/strong><\/p>\n\n\n\n<p>Este tr\u00e1nsito les invita a revaluar c\u00f3mo comunican los deseos y necesidades.<\/p>\n\n\n\n<p>Cuiden las palabras en las discusiones; podr\u00edan ser percibidas como m\u00e1s agresivas de lo que intentas transmitir.<\/p>\n\n\n\n<p>Practiquen la escucha activa sin querer tener siempre la \u00faltima palabra.<\/p>\n\n\n\n<p><strong>SIGNOS DE AGUA #C\u00c1NCER #ESCORPIO #PISCIS<\/strong><\/p>\n\n\n\n<p>Este tr\u00e1nsito les ense\u00f1a a gestionar las emociones intensas.&nbsp;<\/p>\n\n\n\n<p>Momento para replantearse c\u00f3mo lidian con la pasi\u00f3n y la vulnerabilidad.<\/p>\n\n\n\n<p>Cuiden que el enojo reprimido no salga de forma explosiva.<\/p>\n\n\n\n<p>Respiren tres veces antes de actuar.<\/p>\n","protected":false},"excerpt":{"rendered":"<p>Esta semana tenemos Marte comienza su viaje retr\u00f2grado desde Leo a partir del 6 de diciembre hasta el 23 de febrero de 2025. Ser\u00e1n unas cuantas semanas de reflexi\u00f3n sobre temas como el deseo, la violencia y la voluntad. Marte retr\u00f3grado nos llevar\u00e1 a reflexionar sobre la figura del Guerrero y la forma en que [&hellip;]<\/p>\n","protected":false},"author":9,"featured_media":19654,"comment_status":"closed","ping_status":"closed","sticky":false,"template":"","format":"standard","meta":{"footnotes":""},"categories":[2901],"tags":[1130,3983,3144,3181,3020,2920,2905,631,1146,3982],"class_list":{"0":"post-19652","1":"post","2":"type-post","3":"status-publish","4":"format-standard","5":"has-post-thumbnail","7":"category-astrotarot","8":"tag-astrologia","9":"tag-astrot","10":"tag-deseo","11":"tag-liderazgo","12":"tag-marte","13":"tag-signo","14":"tag-tarot","15":"tag-transito","16":"tag-violencia","17":"tag-voluntad"},"yoast_head":"<!-- This site is optimized with the Yoast SEO plugin v27.4 - https:\/\/yoast.com\/product\/yoast-seo-wordpress\/ -->\n<title>HIT ASTRAL DE LA SEMANA: MARTE retr\u00f3grado - Sergio Lapegue<\/title>\n<meta name=\"robots\" content=\"index, follow, max-snippet:-1, max-image-preview:large, max-video-preview:-1\" \/>\n<link rel=\"canonical\" href=\"https:\/\/sergiolapegue.com\/site\/2024\/12\/03\/hit-astral-de-la-semana-marte-retrogrado\/\" \/>\n<meta property=\"og:locale\" content=\"es_ES\" \/>\n<meta property=\"og:type\" content=\"article\" \/>\n<meta property=\"og:title\" content=\"HIT ASTRAL DE LA SEMANA: MARTE retr\u00f3grado - Sergio Lapegue\" \/>\n<meta property=\"og:description\" content=\"Esta semana tenemos Marte comienza su viaje retr\u00f2grado desde Leo a partir del 6 de diciembre hasta el 23 de febrero de 2025. Ser\u00e1n unas cuantas semanas de reflexi\u00f3n sobre temas como el deseo, la violencia y la voluntad. Marte retr\u00f3grado nos llevar\u00e1 a reflexionar sobre la figura del Guerrero y la forma en que [&hellip;]\" \/>\n<meta property=\"og:url\" content=\"https:\/\/sergiolapegue.com\/site\/2024\/12\/03\/hit-astral-de-la-semana-marte-retrogrado\/\" \/>\n<meta property=\"og:site_name\" content=\"Sergio Lapegue\" \/>\n<meta property=\"article:publisher\" content=\"https:\/\/facebook.com\/sergiolapegue\" \/>\n<meta property=\"article:published_time\" content=\"2024-12-03T17:04:23+00:00\" \/>\n<meta property=\"article:modified_time\" content=\"2024-12-03T17:04:55+00:00\" \/>\n<meta property=\"og:image\" content=\"https:\/\/sergiolapegue.com\/site\/wp-content\/uploads\/2024\/12\/2.jpg\" \/>\n\t<meta property=\"og:image:width\" content=\"626\" \/>\n\t<meta property=\"og:image:height\" content=\"626\" \/>\n\t<meta property=\"og:image:type\" content=\"image\/jpeg\" \/>\n<meta name=\"author\" content=\"Victoria Garc\u00eda Garcilazo\" \/>\n<meta name=\"twitter:card\" content=\"summary_large_image\" \/>\n<meta name=\"twitter:site\" content=\"@sergiolapegue\" \/>\n<meta name=\"twitter:label1\" content=\"Escrito por\" \/>\n\t<meta name=\"twitter:data1\" content=\"Victoria Garc\u00eda Garcilazo\" \/>\n\t<meta name=\"twitter:label2\" content=\"Tiempo de lectura\" \/>\n\t<meta name=\"twitter:data2\" content=\"3 minutos\" \/>\n<script type=\"application\/ld+json\" class=\"yoast-schema-graph\">{\"@context\":\"https:\\\/\\\/schema.org\",\"@graph\":[{\"@type\":\"Article\",\"@id\":\"https:\\\/\\\/sergiolapegue.com\\\/site\\\/2024\\\/12\\\/03\\\/hit-astral-de-la-semana-marte-retrogrado\\\/#article\",\"isPartOf\":{\"@id\":\"https:\\\/\\\/sergiolapegue.com\\\/site\\\/2024\\\/12\\\/03\\\/hit-astral-de-la-semana-marte-retrogrado\\\/\"},\"author\":{\"name\":\"Victoria Garc\u00eda Garcilazo\",\"@id\":\"https:\\\/\\\/sergiolapegue.com\\\/site\\\/#\\\/schema\\\/person\\\/038a19a76176d528a1a27ac17e18af68\"},\"headline\":\"HIT ASTRAL DE LA SEMANA: MARTE retr\u00f3grado\",\"datePublished\":\"2024-12-03T17:04:23+00:00\",\"dateModified\":\"2024-12-03T17:04:55+00:00\",\"mainEntityOfPage\":{\"@id\":\"https:\\\/\\\/sergiolapegue.com\\\/site\\\/2024\\\/12\\\/03\\\/hit-astral-de-la-semana-marte-retrogrado\\\/\"},\"wordCount\":486,\"publisher\":{\"@id\":\"https:\\\/\\\/sergiolapegue.com\\\/site\\\/#\\\/schema\\\/person\\\/083aeceeb0734cd166779ea6c0551a37\"},\"image\":{\"@id\":\"https:\\\/\\\/sergiolapegue.com\\\/site\\\/2024\\\/12\\\/03\\\/hit-astral-de-la-semana-marte-retrogrado\\\/#primaryimage\"},\"thumbnailUrl\":\"https:\\\/\\\/sergiolapegue.com\\\/site\\\/wp-content\\\/uploads\\\/2024\\\/12\\\/2.jpg\",\"keywords\":[\"astrologia\",\"astrot\",\"deseo\",\"liderazgo\",\"marte\",\"signo\",\"tarot\",\"transito\",\"violencia\",\"voluntad\"],\"articleSection\":[\"Astrotarot\"],\"inLanguage\":\"es-AR\"},{\"@type\":\"WebPage\",\"@id\":\"https:\\\/\\\/sergiolapegue.com\\\/site\\\/2024\\\/12\\\/03\\\/hit-astral-de-la-semana-marte-retrogrado\\\/\",\"url\":\"https:\\\/\\\/sergiolapegue.com\\\/site\\\/2024\\\/12\\\/03\\\/hit-astral-de-la-semana-marte-retrogrado\\\/\",\"name\":\"HIT ASTRAL DE LA SEMANA: MARTE retr\u00f3grado - Sergio Lapegue\",\"isPartOf\":{\"@id\":\"https:\\\/\\\/sergiolapegue.com\\\/site\\\/#website\"},\"primaryImageOfPage\":{\"@id\":\"https:\\\/\\\/sergiolapegue.com\\\/site\\\/2024\\\/12\\\/03\\\/hit-astral-de-la-semana-marte-retrogrado\\\/#primaryimage\"},\"image\":{\"@id\":\"https:\\\/\\\/sergiolapegue.com\\\/site\\\/2024\\\/12\\\/03\\\/hit-astral-de-la-semana-marte-retrogrado\\\/#primaryimage\"},\"thumbnailUrl\":\"https:\\\/\\\/sergiolapegue.com\\\/site\\\/wp-content\\\/uploads\\\/2024\\\/12\\\/2.jpg\",\"datePublished\":\"2024-12-03T17:04:23+00:00\",\"dateModified\":\"2024-12-03T17:04:55+00:00\",\"breadcrumb\":{\"@id\":\"https:\\\/\\\/sergiolapegue.com\\\/site\\\/2024\\\/12\\\/03\\\/hit-astral-de-la-semana-marte-retrogrado\\\/#breadcrumb\"},\"inLanguage\":\"es-AR\",\"potentialAction\":[{\"@type\":\"ReadAction\",\"target\":[\"https:\\\/\\\/sergiolapegue.com\\\/site\\\/2024\\\/12\\\/03\\\/hit-astral-de-la-semana-marte-retrogrado\\\/\"]}]},{\"@type\":\"ImageObject\",\"inLanguage\":\"es-AR\",\"@id\":\"https:\\\/\\\/sergiolapegue.com\\\/site\\\/2024\\\/12\\\/03\\\/hit-astral-de-la-semana-marte-retrogrado\\\/#primaryimage\",\"url\":\"https:\\\/\\\/sergiolapegue.com\\\/site\\\/wp-content\\\/uploads\\\/2024\\\/12\\\/2.jpg\",\"contentUrl\":\"https:\\\/\\\/sergiolapegue.com\\\/site\\\/wp-content\\\/uploads\\\/2024\\\/12\\\/2.jpg\",\"width\":626,\"height\":626},{\"@type\":\"BreadcrumbList\",\"@id\":\"https:\\\/\\\/sergiolapegue.com\\\/site\\\/2024\\\/12\\\/03\\\/hit-astral-de-la-semana-marte-retrogrado\\\/#breadcrumb\",\"itemListElement\":[{\"@type\":\"ListItem\",\"position\":1,\"name\":\"Inicio\",\"item\":\"https:\\\/\\\/sergiolapegue.com\\\/site\\\/\"},{\"@type\":\"ListItem\",\"position\":2,\"name\":\"HIT ASTRAL DE LA SEMANA: MARTE retr\u00f3grado\"}]},{\"@type\":\"WebSite\",\"@id\":\"https:\\\/\\\/sergiolapegue.com\\\/site\\\/#website\",\"url\":\"https:\\\/\\\/sergiolapegue.com\\\/site\\\/\",\"name\":\"Sergio Lapegue\",\"description\":\"Periodista\",\"publisher\":{\"@id\":\"https:\\\/\\\/sergiolapegue.com\\\/site\\\/#\\\/schema\\\/person\\\/083aeceeb0734cd166779ea6c0551a37\"},\"potentialAction\":[{\"@type\":\"SearchAction\",\"target\":{\"@type\":\"EntryPoint\",\"urlTemplate\":\"https:\\\/\\\/sergiolapegue.com\\\/site\\\/?s={search_term_string}\"},\"query-input\":{\"@type\":\"PropertyValueSpecification\",\"valueRequired\":true,\"valueName\":\"search_term_string\"}}],\"inLanguage\":\"es-AR\"},{\"@type\":[\"Person\",\"Organization\"],\"@id\":\"https:\\\/\\\/sergiolapegue.com\\\/site\\\/#\\\/schema\\\/person\\\/083aeceeb0734cd166779ea6c0551a37\",\"name\":\"Sergio Lapegue\",\"image\":{\"@type\":\"ImageObject\",\"inLanguage\":\"es-AR\",\"@id\":\"https:\\\/\\\/sergiolapegue.com\\\/site\\\/wp-content\\\/uploads\\\/2021\\\/04\\\/logo_header-1.png\",\"url\":\"https:\\\/\\\/sergiolapegue.com\\\/site\\\/wp-content\\\/uploads\\\/2021\\\/04\\\/logo_header-1.png\",\"contentUrl\":\"https:\\\/\\\/sergiolapegue.com\\\/site\\\/wp-content\\\/uploads\\\/2021\\\/04\\\/logo_header-1.png\",\"width\":272,\"height\":90,\"caption\":\"Sergio Lapegue\"},\"logo\":{\"@id\":\"https:\\\/\\\/sergiolapegue.com\\\/site\\\/wp-content\\\/uploads\\\/2021\\\/04\\\/logo_header-1.png\"},\"sameAs\":[\"https:\\\/\\\/facebook.com\\\/sergiolapegue\",\"https:\\\/\\\/instagram.com\\\/sergiolapegue\",\"https:\\\/\\\/x.com\\\/https:\\\/\\\/twitter.com\\\/sergiolapegue\"]},{\"@type\":\"Person\",\"@id\":\"https:\\\/\\\/sergiolapegue.com\\\/site\\\/#\\\/schema\\\/person\\\/038a19a76176d528a1a27ac17e18af68\",\"name\":\"Victoria Garc\u00eda Garcilazo\",\"image\":{\"@type\":\"ImageObject\",\"inLanguage\":\"es-AR\",\"@id\":\"https:\\\/\\\/sergiolapegue.com\\\/site\\\/wp-content\\\/uploads\\\/2025\\\/12\\\/victoriaGarciaGarcilazo-150x150.jpg\",\"url\":\"https:\\\/\\\/sergiolapegue.com\\\/site\\\/wp-content\\\/uploads\\\/2025\\\/12\\\/victoriaGarciaGarcilazo-150x150.jpg\",\"contentUrl\":\"https:\\\/\\\/sergiolapegue.com\\\/site\\\/wp-content\\\/uploads\\\/2025\\\/12\\\/victoriaGarciaGarcilazo-150x150.jpg\",\"caption\":\"Victoria Garc\u00eda Garcilazo\"},\"sameAs\":[\"https:\\\/\\\/lavictoriadevenus.com\\\/\",\"https:\\\/\\\/www.instagram.com\\\/lavictoriadevenus\\\/\",\"https:\\\/\\\/www.youtube.com\\\/channel\\\/UCPAWzfQij6wJRHSTN5wi3Mg\"],\"url\":\"https:\\\/\\\/sergiolapegue.com\\\/site\\\/author\\\/victoria\\\/\"}]}<\/script>\n<!-- \/ Yoast SEO plugin. -->","yoast_head_json":{"title":"HIT ASTRAL DE LA SEMANA: MARTE retr\u00f3grado - Sergio Lapegue","robots":{"index":"index","follow":"follow","max-snippet":"max-snippet:-1","max-image-preview":"max-image-preview:large","max-video-preview":"max-video-preview:-1"},"canonical":"https:\/\/sergiolapegue.com\/site\/2024\/12\/03\/hit-astral-de-la-semana-marte-retrogrado\/","og_locale":"es_ES","og_type":"article","og_title":"HIT ASTRAL DE LA SEMANA: MARTE retr\u00f3grado - Sergio Lapegue","og_description":"Esta semana tenemos Marte comienza su viaje retr\u00f2grado desde Leo a partir del 6 de diciembre hasta el 23 de febrero de 2025. Ser\u00e1n unas cuantas semanas de reflexi\u00f3n sobre temas como el deseo, la violencia y la voluntad. Marte retr\u00f3grado nos llevar\u00e1 a reflexionar sobre la figura del Guerrero y la forma en que [&hellip;]","og_url":"https:\/\/sergiolapegue.com\/site\/2024\/12\/03\/hit-astral-de-la-semana-marte-retrogrado\/","og_site_name":"Sergio Lapegue","article_publisher":"https:\/\/facebook.com\/sergiolapegue","article_published_time":"2024-12-03T17:04:23+00:00","article_modified_time":"2024-12-03T17:04:55+00:00","og_image":[{"width":626,"height":626,"url":"https:\/\/sergiolapegue.com\/site\/wp-content\/uploads\/2024\/12\/2.jpg","type":"image\/jpeg"}],"author":"Victoria Garc\u00eda Garcilazo","twitter_card":"summary_large_image","twitter_site":"@sergiolapegue","twitter_misc":{"Escrito por":"Victoria Garc\u00eda Garcilazo","Tiempo de lectura":"3 minutos"},"schema":{"@context":"https:\/\/schema.org","@graph":[{"@type":"Article","@id":"https:\/\/sergiolapegue.com\/site\/2024\/12\/03\/hit-astral-de-la-semana-marte-retrogrado\/#article","isPartOf":{"@id":"https:\/\/sergiolapegue.com\/site\/2024\/12\/03\/hit-astral-de-la-semana-marte-retrogrado\/"},"author":{"name":"Victoria Garc\u00eda Garcilazo","@id":"https:\/\/sergiolapegue.com\/site\/#\/schema\/person\/038a19a76176d528a1a27ac17e18af68"},"headline":"HIT ASTRAL DE LA SEMANA: MARTE retr\u00f3grado","datePublished":"2024-12-03T17:04:23+00:00","dateModified":"2024-12-03T17:04:55+00:00","mainEntityOfPage":{"@id":"https:\/\/sergiolapegue.com\/site\/2024\/12\/03\/hit-astral-de-la-semana-marte-retrogrado\/"},"wordCount":486,"publisher":{"@id":"https:\/\/sergiolapegue.com\/site\/#\/schema\/person\/083aeceeb0734cd166779ea6c0551a37"},"image":{"@id":"https:\/\/sergiolapegue.com\/site\/2024\/12\/03\/hit-astral-de-la-semana-marte-retrogrado\/#primaryimage"},"thumbnailUrl":"https:\/\/sergiolapegue.com\/site\/wp-content\/uploads\/2024\/12\/2.jpg","keywords":["astrologia","astrot","deseo","liderazgo","marte","signo","tarot","transito","violencia","voluntad"],"articleSection":["Astrotarot"],"inLanguage":"es-AR"},{"@type":"WebPage","@id":"https:\/\/sergiolapegue.com\/site\/2024\/12\/03\/hit-astral-de-la-semana-marte-retrogrado\/","url":"https:\/\/sergiolapegue.com\/site\/2024\/12\/03\/hit-astral-de-la-semana-marte-retrogrado\/","name":"HIT ASTRAL DE LA SEMANA: MARTE retr\u00f3grado - Sergio Lapegue","isPartOf":{"@id":"https:\/\/sergiolapegue.com\/site\/#website"},"primaryImageOfPage":{"@id":"https:\/\/sergiolapegue.com\/site\/2024\/12\/03\/hit-astral-de-la-semana-marte-retrogrado\/#primaryimage"},"image":{"@id":"https:\/\/sergiolapegue.com\/site\/2024\/12\/03\/hit-astral-de-la-semana-marte-retrogrado\/#primaryimage"},"thumbnailUrl":"https:\/\/sergiolapegue.com\/site\/wp-content\/uploads\/2024\/12\/2.jpg","datePublished":"2024-12-03T17:04:23+00:00","dateModified":"2024-12-03T17:04:55+00:00","breadcrumb":{"@id":"https:\/\/sergiolapegue.com\/site\/2024\/12\/03\/hit-astral-de-la-semana-marte-retrogrado\/#breadcrumb"},"inLanguage":"es-AR","potentialAction":[{"@type":"ReadAction","target":["https:\/\/sergiolapegue.com\/site\/2024\/12\/03\/hit-astral-de-la-semana-marte-retrogrado\/"]}]},{"@type":"ImageObject","inLanguage":"es-AR","@id":"https:\/\/sergiolapegue.com\/site\/2024\/12\/03\/hit-astral-de-la-semana-marte-retrogrado\/#primaryimage","url":"https:\/\/sergiolapegue.com\/site\/wp-content\/uploads\/2024\/12\/2.jpg","contentUrl":"https:\/\/sergiolapegue.com\/site\/wp-content\/uploads\/2024\/12\/2.jpg","width":626,"height":626},{"@type":"BreadcrumbList","@id":"https:\/\/sergiolapegue.com\/site\/2024\/12\/03\/hit-astral-de-la-semana-marte-retrogrado\/#breadcrumb","itemListElement":[{"@type":"ListItem","position":1,"name":"Inicio","item":"https:\/\/sergiolapegue.com\/site\/"},{"@type":"ListItem","position":2,"name":"HIT ASTRAL DE LA SEMANA: MARTE retr\u00f3grado"}]},{"@type":"WebSite","@id":"https:\/\/sergiolapegue.com\/site\/#website","url":"https:\/\/sergiolapegue.com\/site\/","name":"Sergio Lapegue","description":"Periodista","publisher":{"@id":"https:\/\/sergiolapegue.com\/site\/#\/schema\/person\/083aeceeb0734cd166779ea6c0551a37"},"potentialAction":[{"@type":"SearchAction","target":{"@type":"EntryPoint","urlTemplate":"https:\/\/sergiolapegue.com\/site\/?s={search_term_string}"},"query-input":{"@type":"PropertyValueSpecification","valueRequired":true,"valueName":"search_term_string"}}],"inLanguage":"es-AR"},{"@type":["Person","Organization"],"@id":"https:\/\/sergiolapegue.com\/site\/#\/schema\/person\/083aeceeb0734cd166779ea6c0551a37","name":"Sergio Lapegue","image":{"@type":"ImageObject","inLanguage":"es-AR","@id":"https:\/\/sergiolapegue.com\/site\/wp-content\/uploads\/2021\/04\/logo_header-1.png","url":"https:\/\/sergiolapegue.com\/site\/wp-content\/uploads\/2021\/04\/logo_header-1.png","contentUrl":"https:\/\/sergiolapegue.com\/site\/wp-content\/uploads\/2021\/04\/logo_header-1.png","width":272,"height":90,"caption":"Sergio Lapegue"},"logo":{"@id":"https:\/\/sergiolapegue.com\/site\/wp-content\/uploads\/2021\/04\/logo_header-1.png"},"sameAs":["https:\/\/facebook.com\/sergiolapegue","https:\/\/instagram.com\/sergiolapegue","https:\/\/x.com\/https:\/\/twitter.com\/sergiolapegue"]},{"@type":"Person","@id":"https:\/\/sergiolapegue.com\/site\/#\/schema\/person\/038a19a76176d528a1a27ac17e18af68","name":"Victoria Garc\u00eda Garcilazo","image":{"@type":"ImageObject","inLanguage":"es-AR","@id":"https:\/\/sergiolapegue.com\/site\/wp-content\/uploads\/2025\/12\/victoriaGarciaGarcilazo-150x150.jpg","url":"https:\/\/sergiolapegue.com\/site\/wp-content\/uploads\/2025\/12\/victoriaGarciaGarcilazo-150x150.jpg","contentUrl":"https:\/\/sergiolapegue.com\/site\/wp-content\/uploads\/2025\/12\/victoriaGarciaGarcilazo-150x150.jpg","caption":"Victoria Garc\u00eda Garcilazo"},"sameAs":["https:\/\/lavictoriadevenus.com\/","https:\/\/www.instagram.com\/lavictoriadevenus\/","https:\/\/www.youtube.com\/channel\/UCPAWzfQij6wJRHSTN5wi3Mg"],"url":"https:\/\/sergiolapegue.com\/site\/author\/victoria\/"}]}},"_links":{"self":[{"href":"https:\/\/sergiolapegue.com\/site\/wp-json\/wp\/v2\/posts\/19652","targetHints":{"allow":["GET"]}}],"collection":[{"href":"https:\/\/sergiolapegue.com\/site\/wp-json\/wp\/v2\/posts"}],"about":[{"href":"https:\/\/sergiolapegue.com\/site\/wp-json\/wp\/v2\/types\/post"}],"author":[{"embeddable":true,"href":"https:\/\/sergiolapegue.com\/site\/wp-json\/wp\/v2\/users\/9"}],"replies":[{"embeddable":true,"href":"https:\/\/sergiolapegue.com\/site\/wp-json\/wp\/v2\/comments?post=19652"}],"version-history":[{"count":1,"href":"https:\/\/sergiolapegue.com\/site\/wp-json\/wp\/v2\/posts\/19652\/revisions"}],"predecessor-version":[{"id":19655,"href":"https:\/\/sergiolapegue.com\/site\/wp-json\/wp\/v2\/posts\/19652\/revisions\/19655"}],"wp:featuredmedia":[{"embeddable":true,"href":"https:\/\/sergiolapegue.com\/site\/wp-json\/wp\/v2\/media\/19654"}],"wp:attachment":[{"href":"https:\/\/sergiolapegue.com\/site\/wp-json\/wp\/v2\/media?parent=19652"}],"wp:term":[{"taxonomy":"category","embeddable":true,"href":"https:\/\/sergiolapegue.com\/site\/wp-json\/wp\/v2\/categories?post=19652"},{"taxonomy":"post_tag","embeddable":true,"href":"https:\/\/sergiolapegue.com\/site\/wp-json\/wp\/v2\/tags?post=19652"}],"curies":[{"name":"wp","href":"https:\/\/api.w.org\/{rel}","templated":true}]}}