{"id":19524,"date":"2024-12-08T09:22:00","date_gmt":"2024-12-08T12:22:00","guid":{"rendered":"https:\/\/sergiolapegue.com\/site\/?p=19524"},"modified":"2024-11-25T14:28:44","modified_gmt":"2024-11-25T17:28:44","slug":"geoturismo-en-esquel-un-viaje-a-la-historia-de-la-tierra-en-patagonia","status":"publish","type":"post","link":"https:\/\/sergiolapegue.com\/site\/2024\/12\/08\/geoturismo-en-esquel-un-viaje-a-la-historia-de-la-tierra-en-patagonia\/","title":{"rendered":"Geoturismo en Esquel: Un viaje a la historia de la tierra en Patagonia"},"content":{"rendered":"\n<p><strong>En un entorno natural de extraordinaria belleza y riqueza geol\u00f3gica, Esquel se prepara para liderar el geoturismo en Argentina, uniendo el conocimiento acad\u00e9mico con la oferta tur\u00edstica local. Esta iniciativa busca no solo atraer visitantes, sino tambi\u00e9n educar sobre la geodiversidad y promover la conservaci\u00f3n del medio ambiente, generando un impacto positivo en la comunidad y en la econom\u00eda regional.<\/strong><\/p>\n\n\n\n<p><strong>El Contexto del Geoturismo en Esquel<\/strong><\/p>\n\n\n\n<p>El geoturismo es&nbsp;un tipo de turismo basado en la provisi\u00f3n de facilidades y servicios de interpretaci\u00f3n que permite a los turistas incorporar conocimiento para el entendimiento de la geolog\u00eda y la geomorfolog\u00eda de un sitio o regi\u00f3n.&nbsp;&nbsp;En Esquel, la riqueza geol\u00f3gica del entorno, sumada a sus paisajes impactantes, presenta una oportunidad \u00fanica para desarrollar esta modalidad tur\u00edstica.<\/p>\n\n\n\n<p>La propuesta de geoturismo en Esquel se enmarca dentro de un esfuerzo m\u00e1s amplio que busca integrar a diferentes actores: turistas, acad\u00e9micos, gu\u00edas de turismo, autoridades locales y prestadores de servicios. Esta colaboraci\u00f3n es esencial para garantizar que el desarrollo de actividades tur\u00edsticas sea sostenible y que responda a las necesidades de la comunidad local. La articulaci\u00f3n entre el sector acad\u00e9mico y el tur\u00edstico no solo enriquece la oferta, sino que tambi\u00e9n permite una mejor comprensi\u00f3n y conservaci\u00f3n de los recursos naturales.<\/p>\n\n\n<div class=\"wp-block-image\">\n<figure class=\"aligncenter size-large is-resized\"><img loading=\"lazy\" decoding=\"async\" width=\"576\" height=\"1024\" src=\"https:\/\/sergiolapegue.com\/site\/wp-content\/uploads\/2024\/11\/Taller-geoturismo-576x1024.jpg\" alt=\"\" class=\"wp-image-19525\" style=\"width:460px;height:auto\" srcset=\"https:\/\/sergiolapegue.com\/site\/wp-content\/uploads\/2024\/11\/Taller-geoturismo-576x1024.jpg 576w, https:\/\/sergiolapegue.com\/site\/wp-content\/uploads\/2024\/11\/Taller-geoturismo-169x300.jpg 169w, https:\/\/sergiolapegue.com\/site\/wp-content\/uploads\/2024\/11\/Taller-geoturismo-236x420.jpg 236w, https:\/\/sergiolapegue.com\/site\/wp-content\/uploads\/2024\/11\/Taller-geoturismo-696x1237.jpg 696w, https:\/\/sergiolapegue.com\/site\/wp-content\/uploads\/2024\/11\/Taller-geoturismo.jpg 720w\" sizes=\"auto, (max-width: 576px) 100vw, 576px\" \/><\/figure>\n<\/div>\n\n\n<p><strong>La Articulaci\u00f3n entre Sector Acad\u00e9mico y Tur\u00edstico<\/strong><\/p>\n\n\n\n<p>La colaboraci\u00f3n entre acad\u00e9micos y operadores tur\u00edsticos es fundamental por varias razones. En primer lugar, los acad\u00e9micos aportan un bagaje de conocimiento t\u00e9cnico y cient\u00edfico que es esencial para facilitar la interpretaci\u00f3n e incorporaci\u00f3n de informaci\u00f3n geol\u00f3gica en el terreno. Su&nbsp;<em>expertise<\/em>&nbsp;permite no solo el dise\u00f1o de programas educativos efectivos, sino tambi\u00e9n la creaci\u00f3n de materiales informativos que pueden ser utilizados por gu\u00edas y operadores tur\u00edsticos. Esto garantiza que la informaci\u00f3n ofrecida a los visitantes sea precisa, actualizada y relevante.<\/p>\n\n\n\n<p>Por otro lado, los operadores tur\u00edsticos tienen un conocimiento profundo de las necesidades y preferencias de los turistas. Su experiencia en el campo permite adaptar las propuestas acad\u00e9micas a las expectativas del p\u00fablico, creando as\u00ed experiencias m\u00e1s atractivas. Esta retroalimentaci\u00f3n es invaluable para desarrollar programas que no s\u00f3lo informen, sino que tambi\u00e9n entretengan y cautiven a los visitantes.<\/p>\n\n\n\n<p>Adem\u00e1s, la colaboraci\u00f3n entre ambos sectores promueve un enfoque interdisciplinario que enriquece el producto tur\u00edstico. Si bien el geoturismo le otorga una mayor centralidad a la geolog\u00eda; tambi\u00e9n propone la incorporaci\u00f3n de otros componentes del ambiente como los arqueol\u00f3gicos, los culturales e hist\u00f3ricos. La integraci\u00f3n de diferentes miradas disciplinares permite construir narrativas m\u00e1s completas y atractivas, que enriquecen la experiencia del visitante y fomentan un mayor inter\u00e9s en la conservaci\u00f3n de los recursos naturales. En efecto, la pr\u00e1ctica geotur\u00edstica se convierte en una herramienta fundamental para la divulgaci\u00f3n cient\u00edfica y tambi\u00e9n para la geoconservaci\u00f3n: no se puede cuidar lo que no se conoce.&nbsp;<\/p>\n\n\n\n<figure class=\"wp-block-image size-large\"><img loading=\"lazy\" decoding=\"async\" width=\"1024\" height=\"768\" src=\"https:\/\/sergiolapegue.com\/site\/wp-content\/uploads\/2024\/11\/Taller-Geoturismo2-1024x768.jpg\" alt=\"\" class=\"wp-image-19526\" srcset=\"https:\/\/sergiolapegue.com\/site\/wp-content\/uploads\/2024\/11\/Taller-Geoturismo2-1024x768.jpg 1024w, https:\/\/sergiolapegue.com\/site\/wp-content\/uploads\/2024\/11\/Taller-Geoturismo2-300x225.jpg 300w, https:\/\/sergiolapegue.com\/site\/wp-content\/uploads\/2024\/11\/Taller-Geoturismo2-768x576.jpg 768w, https:\/\/sergiolapegue.com\/site\/wp-content\/uploads\/2024\/11\/Taller-Geoturismo2-560x420.jpg 560w, https:\/\/sergiolapegue.com\/site\/wp-content\/uploads\/2024\/11\/Taller-Geoturismo2-80x60.jpg 80w, https:\/\/sergiolapegue.com\/site\/wp-content\/uploads\/2024\/11\/Taller-Geoturismo2-696x522.jpg 696w, https:\/\/sergiolapegue.com\/site\/wp-content\/uploads\/2024\/11\/Taller-Geoturismo2-1068x801.jpg 1068w, https:\/\/sergiolapegue.com\/site\/wp-content\/uploads\/2024\/11\/Taller-Geoturismo2.jpg 1280w\" sizes=\"auto, (max-width: 1024px) 100vw, 1024px\" \/><\/figure>\n\n\n\n<p><strong>La Propuesta de Geoturismo en Esquel<\/strong><\/p>\n\n\n\n<p>La propuesta de geoturismo en Esquel se est\u00e1 desarrollando en la actualidad a trav\u00e9s de un curso intensivo de campo, el GeoTUR ESQUEL. Este tiene como objetivo capacitar en geolog\u00eda en general y en la geolog\u00eda de los alrededores de Esquel en particular a turistas, gu\u00edas, docentes de carreras afines y pobladores en general.&nbsp;&nbsp;<\/p>\n\n\n\n<p>El curso se estructura y se dicta en los alrededores de Esquel a lo largo de un circuito que conecta sitios de inter\u00e9s geol\u00f3gico. Estos incluyen afloramientos rocosos, geoformas y puntos panor\u00e1micos que, independientemente de su valor est\u00e9tico, son valiosos por su significado cient\u00edfico y su potencial did\u00e1ctico. Los ge\u00f3logos y ge\u00f3logas que desarrollan esta propuesta docente en esta inmensa y bell\u00edsima aula al aire libre utilizan lenguaje accesible y comprensible para un p\u00fablico sin formaci\u00f3n en geolog\u00eda.<\/p>\n\n\n\n<p>El geoturismo es novedoso en Argentina y tambi\u00e9n a nivel global y constituye una actividad econ\u00f3mica con capacidad de poner en valor recursos invisibilizados o subestimados. Por otro lado, asumiendo que el conocimiento lleva al cuidado al capacitar a los visitantes sobre la importancia de la geolog\u00eda y su rol en los sistemas naturales, se logra fomentar una mayor y mejor conciencia ambiental. La preservaci\u00f3n de los recursos naturales es esencial para garantizar que las futuras generaciones puedan disfrutar de la belleza y el valor cient\u00edfico de la regi\u00f3n.<\/p>\n\n\n\n<p>La ejecuci\u00f3n exitosa del GeoTUR ESQUEL (con tres ediciones hasta la fecha) permite formular, para el futuro inmediato (febrero\/marzo del 2025), un proyecto geotur\u00edstico m\u00e1s ambicioso que conecta los valles de Esquel y 16 de Octubre, en el ambiente cordillerano, con el valle medio del R\u00edo Chubut y la caldera Piedra Parada, en sectores extraandinos. Este \u00faltimo sitio, un ic\u00f3nico destino, reconocido por sus singulares caracter\u00edsticas geol\u00f3gicas, se convertir\u00e1, sin dudas, en un pilar fundamental del geoturismo local, atrayendo a visitantes de diversas partes del pa\u00eds y del extranjero.<\/p>\n\n\n<div class=\"wp-block-image\">\n<figure class=\"aligncenter size-large is-resized\"><img loading=\"lazy\" decoding=\"async\" width=\"683\" height=\"1024\" src=\"https:\/\/sergiolapegue.com\/site\/wp-content\/uploads\/2024\/11\/PIEDRA-PARADA-12-3-1-683x1024.jpg\" alt=\"\" class=\"wp-image-19528\" style=\"width:430px;height:auto\" srcset=\"https:\/\/sergiolapegue.com\/site\/wp-content\/uploads\/2024\/11\/PIEDRA-PARADA-12-3-1-683x1024.jpg 683w, https:\/\/sergiolapegue.com\/site\/wp-content\/uploads\/2024\/11\/PIEDRA-PARADA-12-3-1-200x300.jpg 200w, https:\/\/sergiolapegue.com\/site\/wp-content\/uploads\/2024\/11\/PIEDRA-PARADA-12-3-1-768x1152.jpg 768w, https:\/\/sergiolapegue.com\/site\/wp-content\/uploads\/2024\/11\/PIEDRA-PARADA-12-3-1-1024x1536.jpg 1024w, https:\/\/sergiolapegue.com\/site\/wp-content\/uploads\/2024\/11\/PIEDRA-PARADA-12-3-1-1365x2048.jpg 1365w, https:\/\/sergiolapegue.com\/site\/wp-content\/uploads\/2024\/11\/PIEDRA-PARADA-12-3-1-280x420.jpg 280w, https:\/\/sergiolapegue.com\/site\/wp-content\/uploads\/2024\/11\/PIEDRA-PARADA-12-3-1-696x1044.jpg 696w, https:\/\/sergiolapegue.com\/site\/wp-content\/uploads\/2024\/11\/PIEDRA-PARADA-12-3-1-1068x1602.jpg 1068w, https:\/\/sergiolapegue.com\/site\/wp-content\/uploads\/2024\/11\/PIEDRA-PARADA-12-3-1-1920x2880.jpg 1920w, https:\/\/sergiolapegue.com\/site\/wp-content\/uploads\/2024\/11\/PIEDRA-PARADA-12-3-1-scaled.jpg 1707w\" sizes=\"auto, (max-width: 683px) 100vw, 683px\" \/><\/figure>\n<\/div>\n\n\n<p><strong>Piedra Parada: Un Monumento Viviente A La Historia De La Tierra<\/strong><\/p>\n\n\n\n<p>La Piedra Parada es un monolito impresionante, de 240 m de altura, que se alza en el medio del valle del R\u00edo Chubut, formando parte de una antigua caldera volc\u00e1nica. Este elemento del paisaje no solo es visualmente impactante, sino que tambi\u00e9n posee un valor geotur\u00edstico significativo. Integrar la Piedra Parada y el resto de los elementos de la caldera en un circuito que conecte e integre los numerosos sitios de inter\u00e9s geol\u00f3gico que yacen entre esta localidad y Esquel permitir\u00e1 a los visitantes conocer una historia geol\u00f3gica que incluye desde antiguas explosiones volc\u00e1nicas as\u00ed como los restos del paisaje labrado por los glaciares en tiempos geol\u00f3gicos mucho m\u00e1s recientes.<\/p>\n\n\n\n<p>Las actividades en la Piedra Parada pueden incluir senderismo, escalada y visitas guiadas, donde los turistas podr\u00e1n aprender sobre la formaci\u00f3n y evoluci\u00f3n de este singular paisaje. La propuesta busca no solo atraer a los amantes de la naturaleza, sino tambi\u00e9n a aquellos interesados en la ciencia y la historia geol\u00f3gica, enriqueciendo a\u00fan m\u00e1s la oferta tur\u00edstica de Esquel y la regi\u00f3n.<\/p>\n\n\n\n<figure class=\"wp-block-image size-large\"><img loading=\"lazy\" decoding=\"async\" width=\"1024\" height=\"683\" src=\"https:\/\/sergiolapegue.com\/site\/wp-content\/uploads\/2024\/11\/DSC05835-1024x683.jpg\" alt=\"\" class=\"wp-image-19529\" srcset=\"https:\/\/sergiolapegue.com\/site\/wp-content\/uploads\/2024\/11\/DSC05835-1024x683.jpg 1024w, https:\/\/sergiolapegue.com\/site\/wp-content\/uploads\/2024\/11\/DSC05835-300x200.jpg 300w, https:\/\/sergiolapegue.com\/site\/wp-content\/uploads\/2024\/11\/DSC05835-768x512.jpg 768w, https:\/\/sergiolapegue.com\/site\/wp-content\/uploads\/2024\/11\/DSC05835-1536x1024.jpg 1536w, https:\/\/sergiolapegue.com\/site\/wp-content\/uploads\/2024\/11\/DSC05835-2048x1365.jpg 2048w, https:\/\/sergiolapegue.com\/site\/wp-content\/uploads\/2024\/11\/DSC05835-630x420.jpg 630w, https:\/\/sergiolapegue.com\/site\/wp-content\/uploads\/2024\/11\/DSC05835-696x464.jpg 696w, https:\/\/sergiolapegue.com\/site\/wp-content\/uploads\/2024\/11\/DSC05835-1068x712.jpg 1068w, https:\/\/sergiolapegue.com\/site\/wp-content\/uploads\/2024\/11\/DSC05835-1920x1280.jpg 1920w\" sizes=\"auto, (max-width: 1024px) 100vw, 1024px\" \/><\/figure>\n\n\n\n<p><strong>El Eco de una Erupci\u00f3n Milenaria<\/strong><\/p>\n\n\n\n<p>Pocos sitios desaf\u00edan al geoturismo como la caldera de Piedra Parada. \u00bfD\u00f3nde est\u00e1 la caldera? \u00bfEs posible ver la caldera, en su totalidad, en el campo? \u00bfQu\u00e9 elementos geol\u00f3gicos y c\u00f3mo los relaciono para demostrar que, efectivamente, ese paisaje se corresponde con los restos de una caldera volc\u00e1nica? \u00bfHay posibilidades de qu\u00e9 un evento volc\u00e1nico catastr\u00f3fico como el que origin\u00f3 la caldera de Piedra Parada se repita en tiempos cercanos? \u00bfPor qu\u00e9? \u00bfQu\u00e9 es, geol\u00f3gicamente hablando la Piedra Parada? \u00bfC\u00f3mo se relacion\u00f3 con la mega explosi\u00f3n que dio lugar a la caldera? \u00bfC\u00f3mo nos posiciona con respecto a los procesos geol\u00f3gicos y a la naturaleza en general la presencia de la caldera PP en el medio de la Patagonia extraandina?&nbsp;<\/p>\n\n\n\n<p>Hace m\u00e1s de 50 millones de a\u00f1os, una erupci\u00f3n volc\u00e1nica monumental dio forma a lo que hoy es la caldera Piedra Parada. Esta estructura gigante, de 25 kil\u00f3metros de di\u00e1metro, por donde se extruyeron grandes vol\u00famenes de magma, afect\u00f3 la regi\u00f3n cubri\u00e9ndola de fuego y lava. Al cesar la furia volc\u00e1nica, la erosi\u00f3n del r\u00edo model\u00f3 esta formaci\u00f3n \u00fanica, creando un paisaje que parece no haber cambiado desde que la lava se enfri\u00f3. En sus rocas multicolores, de tonos que van desde el amarillo vibrante hasta el rojo oscuro, se pueden leer las huellas de aquellos d\u00edas de furia y fuego, preservadas en el mismo lugar donde se originaron.<\/p>\n\n\n\n<p>En un recorrido por el ca\u00f1ad\u00f3n de la buitrera, el paisaje cambia como una paleta de colores en movimiento. Las paredes de piedra, que superan los 150 metros de altura, se van estrechando mientras avanzamos por el sendero. En sus fauces, la vida persiste: las bandurrias, los tuc\u00faqueres y el c\u00f3ndor andino, aves que hacen del ca\u00f1ad\u00f3n su refugio. Aqu\u00ed, el viento parece llevar consigo historias antiguas, mientras los chinchillones, roedores simp\u00e1ticos y curiosos, se asoman entre las rocas, como si observaran al visitante con la misma curiosidad que este les dedica.<\/p>\n\n\n\n<figure class=\"wp-block-gallery has-nested-images columns-default is-cropped wp-block-gallery-1 is-layout-flex wp-block-gallery-is-layout-flex\">\n<figure class=\"wp-block-image size-large\"><img loading=\"lazy\" decoding=\"async\" width=\"1024\" height=\"576\" data-id=\"19530\" src=\"https:\/\/sergiolapegue.com\/site\/wp-content\/uploads\/2024\/11\/PIEDRA-PARADA-16-3-1024x576.jpg\" alt=\"\" class=\"wp-image-19530\" srcset=\"https:\/\/sergiolapegue.com\/site\/wp-content\/uploads\/2024\/11\/PIEDRA-PARADA-16-3-1024x576.jpg 1024w, https:\/\/sergiolapegue.com\/site\/wp-content\/uploads\/2024\/11\/PIEDRA-PARADA-16-3-300x169.jpg 300w, https:\/\/sergiolapegue.com\/site\/wp-content\/uploads\/2024\/11\/PIEDRA-PARADA-16-3-768x432.jpg 768w, https:\/\/sergiolapegue.com\/site\/wp-content\/uploads\/2024\/11\/PIEDRA-PARADA-16-3-1536x864.jpg 1536w, https:\/\/sergiolapegue.com\/site\/wp-content\/uploads\/2024\/11\/PIEDRA-PARADA-16-3-2048x1152.jpg 2048w, https:\/\/sergiolapegue.com\/site\/wp-content\/uploads\/2024\/11\/PIEDRA-PARADA-16-3-747x420.jpg 747w, https:\/\/sergiolapegue.com\/site\/wp-content\/uploads\/2024\/11\/PIEDRA-PARADA-16-3-696x392.jpg 696w, https:\/\/sergiolapegue.com\/site\/wp-content\/uploads\/2024\/11\/PIEDRA-PARADA-16-3-1068x601.jpg 1068w, https:\/\/sergiolapegue.com\/site\/wp-content\/uploads\/2024\/11\/PIEDRA-PARADA-16-3-1920x1080.jpg 1920w\" sizes=\"auto, (max-width: 1024px) 100vw, 1024px\" \/><figcaption class=\"wp-element-caption\">DCIM\\100MEDIA\\DJI_0834.JPG<\/figcaption><\/figure>\n\n\n\n<figure class=\"wp-block-image size-large\"><img loading=\"lazy\" decoding=\"async\" width=\"1024\" height=\"683\" data-id=\"19537\" src=\"https:\/\/sergiolapegue.com\/site\/wp-content\/uploads\/2024\/11\/PIEDRA-PARADA-20-2-1-1024x683.jpg\" alt=\"\" class=\"wp-image-19537\" srcset=\"https:\/\/sergiolapegue.com\/site\/wp-content\/uploads\/2024\/11\/PIEDRA-PARADA-20-2-1-1024x683.jpg 1024w, https:\/\/sergiolapegue.com\/site\/wp-content\/uploads\/2024\/11\/PIEDRA-PARADA-20-2-1-300x200.jpg 300w, https:\/\/sergiolapegue.com\/site\/wp-content\/uploads\/2024\/11\/PIEDRA-PARADA-20-2-1-768x512.jpg 768w, https:\/\/sergiolapegue.com\/site\/wp-content\/uploads\/2024\/11\/PIEDRA-PARADA-20-2-1-1536x1024.jpg 1536w, https:\/\/sergiolapegue.com\/site\/wp-content\/uploads\/2024\/11\/PIEDRA-PARADA-20-2-1-2048x1365.jpg 2048w, https:\/\/sergiolapegue.com\/site\/wp-content\/uploads\/2024\/11\/PIEDRA-PARADA-20-2-1-630x420.jpg 630w, https:\/\/sergiolapegue.com\/site\/wp-content\/uploads\/2024\/11\/PIEDRA-PARADA-20-2-1-696x464.jpg 696w, https:\/\/sergiolapegue.com\/site\/wp-content\/uploads\/2024\/11\/PIEDRA-PARADA-20-2-1-1068x712.jpg 1068w, https:\/\/sergiolapegue.com\/site\/wp-content\/uploads\/2024\/11\/PIEDRA-PARADA-20-2-1-1920x1280.jpg 1920w\" sizes=\"auto, (max-width: 1024px) 100vw, 1024px\" \/><\/figure>\n\n\n\n<figure class=\"wp-block-image size-large\"><img loading=\"lazy\" decoding=\"async\" width=\"1024\" height=\"683\" data-id=\"19538\" src=\"https:\/\/sergiolapegue.com\/site\/wp-content\/uploads\/2024\/11\/DSC05762-1-1024x683.jpg\" alt=\"\" class=\"wp-image-19538\" srcset=\"https:\/\/sergiolapegue.com\/site\/wp-content\/uploads\/2024\/11\/DSC05762-1-1024x683.jpg 1024w, https:\/\/sergiolapegue.com\/site\/wp-content\/uploads\/2024\/11\/DSC05762-1-300x200.jpg 300w, https:\/\/sergiolapegue.com\/site\/wp-content\/uploads\/2024\/11\/DSC05762-1-768x512.jpg 768w, https:\/\/sergiolapegue.com\/site\/wp-content\/uploads\/2024\/11\/DSC05762-1-1536x1024.jpg 1536w, https:\/\/sergiolapegue.com\/site\/wp-content\/uploads\/2024\/11\/DSC05762-1-2048x1365.jpg 2048w, https:\/\/sergiolapegue.com\/site\/wp-content\/uploads\/2024\/11\/DSC05762-1-630x420.jpg 630w, https:\/\/sergiolapegue.com\/site\/wp-content\/uploads\/2024\/11\/DSC05762-1-696x464.jpg 696w, https:\/\/sergiolapegue.com\/site\/wp-content\/uploads\/2024\/11\/DSC05762-1-1068x712.jpg 1068w, https:\/\/sergiolapegue.com\/site\/wp-content\/uploads\/2024\/11\/DSC05762-1-1920x1280.jpg 1920w\" sizes=\"auto, (max-width: 1024px) 100vw, 1024px\" \/><\/figure>\n<\/figure>\n","protected":false},"excerpt":{"rendered":"<p>En un entorno natural de extraordinaria belleza y riqueza geol\u00f3gica, Esquel se prepara para liderar el geoturismo en Argentina, uniendo el conocimiento acad\u00e9mico con la oferta tur\u00edstica local. Esta iniciativa busca no solo atraer visitantes, sino tambi\u00e9n educar sobre la geodiversidad y promover la conservaci\u00f3n del medio ambiente, generando un impacto positivo en la comunidad [&hellip;]<\/p>\n","protected":false},"author":4,"featured_media":19539,"comment_status":"closed","ping_status":"closed","sticky":false,"template":"","format":"standard","meta":{"footnotes":""},"categories":[59],"tags":[89,2316,1991,3794,3969,256,526,386,88,545],"class_list":{"0":"post-19524","1":"post","2":"type-post","3":"status-publish","4":"format-standard","5":"has-post-thumbnail","7":"category-turismo","8":"tag-argentina","9":"tag-belleza","10":"tag-economia","11":"tag-esquel","12":"tag-geoturismo","13":"tag-historia","14":"tag-patagonia","15":"tag-region","16":"tag-turismo","17":"tag-viaje"},"yoast_head":"<!-- This site is optimized with the Yoast SEO plugin v27.4 - https:\/\/yoast.com\/product\/yoast-seo-wordpress\/ -->\n<title>Geoturismo en Esquel: Un viaje a la historia de la tierra en Patagonia - Sergio Lapegue<\/title>\n<meta name=\"robots\" content=\"index, follow, max-snippet:-1, max-image-preview:large, max-video-preview:-1\" \/>\n<link rel=\"canonical\" href=\"https:\/\/sergiolapegue.com\/site\/2024\/12\/08\/geoturismo-en-esquel-un-viaje-a-la-historia-de-la-tierra-en-patagonia\/\" \/>\n<meta property=\"og:locale\" content=\"es_ES\" \/>\n<meta property=\"og:type\" content=\"article\" \/>\n<meta property=\"og:title\" content=\"Geoturismo en Esquel: Un viaje a la historia de la tierra en Patagonia - Sergio Lapegue\" \/>\n<meta property=\"og:description\" content=\"En un entorno natural de extraordinaria belleza y riqueza geol\u00f3gica, Esquel se prepara para liderar el geoturismo en Argentina, uniendo el conocimiento acad\u00e9mico con la oferta tur\u00edstica local. Esta iniciativa busca no solo atraer visitantes, sino tambi\u00e9n educar sobre la geodiversidad y promover la conservaci\u00f3n del medio ambiente, generando un impacto positivo en la comunidad [&hellip;]\" \/>\n<meta property=\"og:url\" content=\"https:\/\/sergiolapegue.com\/site\/2024\/12\/08\/geoturismo-en-esquel-un-viaje-a-la-historia-de-la-tierra-en-patagonia\/\" \/>\n<meta property=\"og:site_name\" content=\"Sergio Lapegue\" \/>\n<meta property=\"article:publisher\" content=\"https:\/\/facebook.com\/sergiolapegue\" \/>\n<meta property=\"article:published_time\" content=\"2024-12-08T12:22:00+00:00\" \/>\n<meta property=\"og:image\" content=\"https:\/\/sergiolapegue.com\/site\/wp-content\/uploads\/2024\/11\/unnamed-4.jpg\" \/>\n\t<meta property=\"og:image:width\" content=\"844\" \/>\n\t<meta property=\"og:image:height\" content=\"563\" \/>\n\t<meta property=\"og:image:type\" content=\"image\/jpeg\" \/>\n<meta name=\"author\" content=\"Leonardo Monta\u00f1a\" \/>\n<meta name=\"twitter:card\" content=\"summary_large_image\" \/>\n<meta name=\"twitter:creator\" content=\"@https:\/\/twitter.com\/soytoto81\" \/>\n<meta name=\"twitter:site\" content=\"@sergiolapegue\" \/>\n<meta name=\"twitter:label1\" content=\"Escrito por\" \/>\n\t<meta name=\"twitter:data1\" content=\"Leonardo Monta\u00f1a\" \/>\n\t<meta name=\"twitter:label2\" content=\"Tiempo de lectura\" \/>\n\t<meta name=\"twitter:data2\" content=\"8 minutos\" \/>\n<script type=\"application\/ld+json\" class=\"yoast-schema-graph\">{\"@context\":\"https:\\\/\\\/schema.org\",\"@graph\":[{\"@type\":\"Article\",\"@id\":\"https:\\\/\\\/sergiolapegue.com\\\/site\\\/2024\\\/12\\\/08\\\/geoturismo-en-esquel-un-viaje-a-la-historia-de-la-tierra-en-patagonia\\\/#article\",\"isPartOf\":{\"@id\":\"https:\\\/\\\/sergiolapegue.com\\\/site\\\/2024\\\/12\\\/08\\\/geoturismo-en-esquel-un-viaje-a-la-historia-de-la-tierra-en-patagonia\\\/\"},\"author\":{\"name\":\"Leonardo Monta\u00f1a\",\"@id\":\"https:\\\/\\\/sergiolapegue.com\\\/site\\\/#\\\/schema\\\/person\\\/00adf937d010c7f79a180dc4916a40e0\"},\"headline\":\"Geoturismo en Esquel: Un viaje a la historia de la tierra en Patagonia\",\"datePublished\":\"2024-12-08T12:22:00+00:00\",\"mainEntityOfPage\":{\"@id\":\"https:\\\/\\\/sergiolapegue.com\\\/site\\\/2024\\\/12\\\/08\\\/geoturismo-en-esquel-un-viaje-a-la-historia-de-la-tierra-en-patagonia\\\/\"},\"wordCount\":1454,\"publisher\":{\"@id\":\"https:\\\/\\\/sergiolapegue.com\\\/site\\\/#\\\/schema\\\/person\\\/083aeceeb0734cd166779ea6c0551a37\"},\"image\":{\"@id\":\"https:\\\/\\\/sergiolapegue.com\\\/site\\\/2024\\\/12\\\/08\\\/geoturismo-en-esquel-un-viaje-a-la-historia-de-la-tierra-en-patagonia\\\/#primaryimage\"},\"thumbnailUrl\":\"https:\\\/\\\/sergiolapegue.com\\\/site\\\/wp-content\\\/uploads\\\/2024\\\/11\\\/unnamed-4.jpg\",\"keywords\":[\"argentina\",\"belleza\",\"economia\",\"esquel\",\"geoturismo\",\"historia\",\"patagonia\",\"region\",\"turismo\",\"VIAJE\"],\"articleSection\":[\"Turismo\"],\"inLanguage\":\"es-AR\"},{\"@type\":\"WebPage\",\"@id\":\"https:\\\/\\\/sergiolapegue.com\\\/site\\\/2024\\\/12\\\/08\\\/geoturismo-en-esquel-un-viaje-a-la-historia-de-la-tierra-en-patagonia\\\/\",\"url\":\"https:\\\/\\\/sergiolapegue.com\\\/site\\\/2024\\\/12\\\/08\\\/geoturismo-en-esquel-un-viaje-a-la-historia-de-la-tierra-en-patagonia\\\/\",\"name\":\"Geoturismo en Esquel: Un viaje a la historia de la tierra en Patagonia - Sergio Lapegue\",\"isPartOf\":{\"@id\":\"https:\\\/\\\/sergiolapegue.com\\\/site\\\/#website\"},\"primaryImageOfPage\":{\"@id\":\"https:\\\/\\\/sergiolapegue.com\\\/site\\\/2024\\\/12\\\/08\\\/geoturismo-en-esquel-un-viaje-a-la-historia-de-la-tierra-en-patagonia\\\/#primaryimage\"},\"image\":{\"@id\":\"https:\\\/\\\/sergiolapegue.com\\\/site\\\/2024\\\/12\\\/08\\\/geoturismo-en-esquel-un-viaje-a-la-historia-de-la-tierra-en-patagonia\\\/#primaryimage\"},\"thumbnailUrl\":\"https:\\\/\\\/sergiolapegue.com\\\/site\\\/wp-content\\\/uploads\\\/2024\\\/11\\\/unnamed-4.jpg\",\"datePublished\":\"2024-12-08T12:22:00+00:00\",\"breadcrumb\":{\"@id\":\"https:\\\/\\\/sergiolapegue.com\\\/site\\\/2024\\\/12\\\/08\\\/geoturismo-en-esquel-un-viaje-a-la-historia-de-la-tierra-en-patagonia\\\/#breadcrumb\"},\"inLanguage\":\"es-AR\",\"potentialAction\":[{\"@type\":\"ReadAction\",\"target\":[\"https:\\\/\\\/sergiolapegue.com\\\/site\\\/2024\\\/12\\\/08\\\/geoturismo-en-esquel-un-viaje-a-la-historia-de-la-tierra-en-patagonia\\\/\"]}]},{\"@type\":\"ImageObject\",\"inLanguage\":\"es-AR\",\"@id\":\"https:\\\/\\\/sergiolapegue.com\\\/site\\\/2024\\\/12\\\/08\\\/geoturismo-en-esquel-un-viaje-a-la-historia-de-la-tierra-en-patagonia\\\/#primaryimage\",\"url\":\"https:\\\/\\\/sergiolapegue.com\\\/site\\\/wp-content\\\/uploads\\\/2024\\\/11\\\/unnamed-4.jpg\",\"contentUrl\":\"https:\\\/\\\/sergiolapegue.com\\\/site\\\/wp-content\\\/uploads\\\/2024\\\/11\\\/unnamed-4.jpg\",\"width\":844,\"height\":563},{\"@type\":\"BreadcrumbList\",\"@id\":\"https:\\\/\\\/sergiolapegue.com\\\/site\\\/2024\\\/12\\\/08\\\/geoturismo-en-esquel-un-viaje-a-la-historia-de-la-tierra-en-patagonia\\\/#breadcrumb\",\"itemListElement\":[{\"@type\":\"ListItem\",\"position\":1,\"name\":\"Inicio\",\"item\":\"https:\\\/\\\/sergiolapegue.com\\\/site\\\/\"},{\"@type\":\"ListItem\",\"position\":2,\"name\":\"Geoturismo en Esquel: Un viaje a la historia de la tierra en Patagonia\"}]},{\"@type\":\"WebSite\",\"@id\":\"https:\\\/\\\/sergiolapegue.com\\\/site\\\/#website\",\"url\":\"https:\\\/\\\/sergiolapegue.com\\\/site\\\/\",\"name\":\"Sergio Lapegue\",\"description\":\"Periodista\",\"publisher\":{\"@id\":\"https:\\\/\\\/sergiolapegue.com\\\/site\\\/#\\\/schema\\\/person\\\/083aeceeb0734cd166779ea6c0551a37\"},\"potentialAction\":[{\"@type\":\"SearchAction\",\"target\":{\"@type\":\"EntryPoint\",\"urlTemplate\":\"https:\\\/\\\/sergiolapegue.com\\\/site\\\/?s={search_term_string}\"},\"query-input\":{\"@type\":\"PropertyValueSpecification\",\"valueRequired\":true,\"valueName\":\"search_term_string\"}}],\"inLanguage\":\"es-AR\"},{\"@type\":[\"Person\",\"Organization\"],\"@id\":\"https:\\\/\\\/sergiolapegue.com\\\/site\\\/#\\\/schema\\\/person\\\/083aeceeb0734cd166779ea6c0551a37\",\"name\":\"Sergio Lapegue\",\"image\":{\"@type\":\"ImageObject\",\"inLanguage\":\"es-AR\",\"@id\":\"https:\\\/\\\/sergiolapegue.com\\\/site\\\/wp-content\\\/uploads\\\/2021\\\/04\\\/logo_header-1.png\",\"url\":\"https:\\\/\\\/sergiolapegue.com\\\/site\\\/wp-content\\\/uploads\\\/2021\\\/04\\\/logo_header-1.png\",\"contentUrl\":\"https:\\\/\\\/sergiolapegue.com\\\/site\\\/wp-content\\\/uploads\\\/2021\\\/04\\\/logo_header-1.png\",\"width\":272,\"height\":90,\"caption\":\"Sergio Lapegue\"},\"logo\":{\"@id\":\"https:\\\/\\\/sergiolapegue.com\\\/site\\\/wp-content\\\/uploads\\\/2021\\\/04\\\/logo_header-1.png\"},\"sameAs\":[\"https:\\\/\\\/facebook.com\\\/sergiolapegue\",\"https:\\\/\\\/instagram.com\\\/sergiolapegue\",\"https:\\\/\\\/x.com\\\/https:\\\/\\\/twitter.com\\\/sergiolapegue\"]},{\"@type\":\"Person\",\"@id\":\"https:\\\/\\\/sergiolapegue.com\\\/site\\\/#\\\/schema\\\/person\\\/00adf937d010c7f79a180dc4916a40e0\",\"name\":\"Leonardo Monta\u00f1a\",\"image\":{\"@type\":\"ImageObject\",\"inLanguage\":\"es-AR\",\"@id\":\"https:\\\/\\\/sergiolapegue.com\\\/site\\\/wp-content\\\/uploads\\\/2021\\\/04\\\/sl_avatar_Leonardo-150x150.jpg\",\"url\":\"https:\\\/\\\/sergiolapegue.com\\\/site\\\/wp-content\\\/uploads\\\/2021\\\/04\\\/sl_avatar_Leonardo-150x150.jpg\",\"contentUrl\":\"https:\\\/\\\/sergiolapegue.com\\\/site\\\/wp-content\\\/uploads\\\/2021\\\/04\\\/sl_avatar_Leonardo-150x150.jpg\",\"caption\":\"Leonardo Monta\u00f1a\"},\"sameAs\":[\"https:\\\/\\\/x.com\\\/https:\\\/\\\/twitter.com\\\/soytoto81\"],\"url\":\"https:\\\/\\\/sergiolapegue.com\\\/site\\\/author\\\/leonardo\\\/\"}]}<\/script>\n<!-- \/ Yoast SEO plugin. -->","yoast_head_json":{"title":"Geoturismo en Esquel: Un viaje a la historia de la tierra en Patagonia - Sergio Lapegue","robots":{"index":"index","follow":"follow","max-snippet":"max-snippet:-1","max-image-preview":"max-image-preview:large","max-video-preview":"max-video-preview:-1"},"canonical":"https:\/\/sergiolapegue.com\/site\/2024\/12\/08\/geoturismo-en-esquel-un-viaje-a-la-historia-de-la-tierra-en-patagonia\/","og_locale":"es_ES","og_type":"article","og_title":"Geoturismo en Esquel: Un viaje a la historia de la tierra en Patagonia - Sergio Lapegue","og_description":"En un entorno natural de extraordinaria belleza y riqueza geol\u00f3gica, Esquel se prepara para liderar el geoturismo en Argentina, uniendo el conocimiento acad\u00e9mico con la oferta tur\u00edstica local. Esta iniciativa busca no solo atraer visitantes, sino tambi\u00e9n educar sobre la geodiversidad y promover la conservaci\u00f3n del medio ambiente, generando un impacto positivo en la comunidad [&hellip;]","og_url":"https:\/\/sergiolapegue.com\/site\/2024\/12\/08\/geoturismo-en-esquel-un-viaje-a-la-historia-de-la-tierra-en-patagonia\/","og_site_name":"Sergio Lapegue","article_publisher":"https:\/\/facebook.com\/sergiolapegue","article_published_time":"2024-12-08T12:22:00+00:00","og_image":[{"width":844,"height":563,"url":"https:\/\/sergiolapegue.com\/site\/wp-content\/uploads\/2024\/11\/unnamed-4.jpg","type":"image\/jpeg"}],"author":"Leonardo Monta\u00f1a","twitter_card":"summary_large_image","twitter_creator":"@https:\/\/twitter.com\/soytoto81","twitter_site":"@sergiolapegue","twitter_misc":{"Escrito por":"Leonardo Monta\u00f1a","Tiempo de lectura":"8 minutos"},"schema":{"@context":"https:\/\/schema.org","@graph":[{"@type":"Article","@id":"https:\/\/sergiolapegue.com\/site\/2024\/12\/08\/geoturismo-en-esquel-un-viaje-a-la-historia-de-la-tierra-en-patagonia\/#article","isPartOf":{"@id":"https:\/\/sergiolapegue.com\/site\/2024\/12\/08\/geoturismo-en-esquel-un-viaje-a-la-historia-de-la-tierra-en-patagonia\/"},"author":{"name":"Leonardo Monta\u00f1a","@id":"https:\/\/sergiolapegue.com\/site\/#\/schema\/person\/00adf937d010c7f79a180dc4916a40e0"},"headline":"Geoturismo en Esquel: Un viaje a la historia de la tierra en Patagonia","datePublished":"2024-12-08T12:22:00+00:00","mainEntityOfPage":{"@id":"https:\/\/sergiolapegue.com\/site\/2024\/12\/08\/geoturismo-en-esquel-un-viaje-a-la-historia-de-la-tierra-en-patagonia\/"},"wordCount":1454,"publisher":{"@id":"https:\/\/sergiolapegue.com\/site\/#\/schema\/person\/083aeceeb0734cd166779ea6c0551a37"},"image":{"@id":"https:\/\/sergiolapegue.com\/site\/2024\/12\/08\/geoturismo-en-esquel-un-viaje-a-la-historia-de-la-tierra-en-patagonia\/#primaryimage"},"thumbnailUrl":"https:\/\/sergiolapegue.com\/site\/wp-content\/uploads\/2024\/11\/unnamed-4.jpg","keywords":["argentina","belleza","economia","esquel","geoturismo","historia","patagonia","region","turismo","VIAJE"],"articleSection":["Turismo"],"inLanguage":"es-AR"},{"@type":"WebPage","@id":"https:\/\/sergiolapegue.com\/site\/2024\/12\/08\/geoturismo-en-esquel-un-viaje-a-la-historia-de-la-tierra-en-patagonia\/","url":"https:\/\/sergiolapegue.com\/site\/2024\/12\/08\/geoturismo-en-esquel-un-viaje-a-la-historia-de-la-tierra-en-patagonia\/","name":"Geoturismo en Esquel: Un viaje a la historia de la tierra en Patagonia - Sergio Lapegue","isPartOf":{"@id":"https:\/\/sergiolapegue.com\/site\/#website"},"primaryImageOfPage":{"@id":"https:\/\/sergiolapegue.com\/site\/2024\/12\/08\/geoturismo-en-esquel-un-viaje-a-la-historia-de-la-tierra-en-patagonia\/#primaryimage"},"image":{"@id":"https:\/\/sergiolapegue.com\/site\/2024\/12\/08\/geoturismo-en-esquel-un-viaje-a-la-historia-de-la-tierra-en-patagonia\/#primaryimage"},"thumbnailUrl":"https:\/\/sergiolapegue.com\/site\/wp-content\/uploads\/2024\/11\/unnamed-4.jpg","datePublished":"2024-12-08T12:22:00+00:00","breadcrumb":{"@id":"https:\/\/sergiolapegue.com\/site\/2024\/12\/08\/geoturismo-en-esquel-un-viaje-a-la-historia-de-la-tierra-en-patagonia\/#breadcrumb"},"inLanguage":"es-AR","potentialAction":[{"@type":"ReadAction","target":["https:\/\/sergiolapegue.com\/site\/2024\/12\/08\/geoturismo-en-esquel-un-viaje-a-la-historia-de-la-tierra-en-patagonia\/"]}]},{"@type":"ImageObject","inLanguage":"es-AR","@id":"https:\/\/sergiolapegue.com\/site\/2024\/12\/08\/geoturismo-en-esquel-un-viaje-a-la-historia-de-la-tierra-en-patagonia\/#primaryimage","url":"https:\/\/sergiolapegue.com\/site\/wp-content\/uploads\/2024\/11\/unnamed-4.jpg","contentUrl":"https:\/\/sergiolapegue.com\/site\/wp-content\/uploads\/2024\/11\/unnamed-4.jpg","width":844,"height":563},{"@type":"BreadcrumbList","@id":"https:\/\/sergiolapegue.com\/site\/2024\/12\/08\/geoturismo-en-esquel-un-viaje-a-la-historia-de-la-tierra-en-patagonia\/#breadcrumb","itemListElement":[{"@type":"ListItem","position":1,"name":"Inicio","item":"https:\/\/sergiolapegue.com\/site\/"},{"@type":"ListItem","position":2,"name":"Geoturismo en Esquel: Un viaje a la historia de la tierra en Patagonia"}]},{"@type":"WebSite","@id":"https:\/\/sergiolapegue.com\/site\/#website","url":"https:\/\/sergiolapegue.com\/site\/","name":"Sergio Lapegue","description":"Periodista","publisher":{"@id":"https:\/\/sergiolapegue.com\/site\/#\/schema\/person\/083aeceeb0734cd166779ea6c0551a37"},"potentialAction":[{"@type":"SearchAction","target":{"@type":"EntryPoint","urlTemplate":"https:\/\/sergiolapegue.com\/site\/?s={search_term_string}"},"query-input":{"@type":"PropertyValueSpecification","valueRequired":true,"valueName":"search_term_string"}}],"inLanguage":"es-AR"},{"@type":["Person","Organization"],"@id":"https:\/\/sergiolapegue.com\/site\/#\/schema\/person\/083aeceeb0734cd166779ea6c0551a37","name":"Sergio Lapegue","image":{"@type":"ImageObject","inLanguage":"es-AR","@id":"https:\/\/sergiolapegue.com\/site\/wp-content\/uploads\/2021\/04\/logo_header-1.png","url":"https:\/\/sergiolapegue.com\/site\/wp-content\/uploads\/2021\/04\/logo_header-1.png","contentUrl":"https:\/\/sergiolapegue.com\/site\/wp-content\/uploads\/2021\/04\/logo_header-1.png","width":272,"height":90,"caption":"Sergio Lapegue"},"logo":{"@id":"https:\/\/sergiolapegue.com\/site\/wp-content\/uploads\/2021\/04\/logo_header-1.png"},"sameAs":["https:\/\/facebook.com\/sergiolapegue","https:\/\/instagram.com\/sergiolapegue","https:\/\/x.com\/https:\/\/twitter.com\/sergiolapegue"]},{"@type":"Person","@id":"https:\/\/sergiolapegue.com\/site\/#\/schema\/person\/00adf937d010c7f79a180dc4916a40e0","name":"Leonardo Monta\u00f1a","image":{"@type":"ImageObject","inLanguage":"es-AR","@id":"https:\/\/sergiolapegue.com\/site\/wp-content\/uploads\/2021\/04\/sl_avatar_Leonardo-150x150.jpg","url":"https:\/\/sergiolapegue.com\/site\/wp-content\/uploads\/2021\/04\/sl_avatar_Leonardo-150x150.jpg","contentUrl":"https:\/\/sergiolapegue.com\/site\/wp-content\/uploads\/2021\/04\/sl_avatar_Leonardo-150x150.jpg","caption":"Leonardo Monta\u00f1a"},"sameAs":["https:\/\/x.com\/https:\/\/twitter.com\/soytoto81"],"url":"https:\/\/sergiolapegue.com\/site\/author\/leonardo\/"}]}},"_links":{"self":[{"href":"https:\/\/sergiolapegue.com\/site\/wp-json\/wp\/v2\/posts\/19524","targetHints":{"allow":["GET"]}}],"collection":[{"href":"https:\/\/sergiolapegue.com\/site\/wp-json\/wp\/v2\/posts"}],"about":[{"href":"https:\/\/sergiolapegue.com\/site\/wp-json\/wp\/v2\/types\/post"}],"author":[{"embeddable":true,"href":"https:\/\/sergiolapegue.com\/site\/wp-json\/wp\/v2\/users\/4"}],"replies":[{"embeddable":true,"href":"https:\/\/sergiolapegue.com\/site\/wp-json\/wp\/v2\/comments?post=19524"}],"version-history":[{"count":1,"href":"https:\/\/sergiolapegue.com\/site\/wp-json\/wp\/v2\/posts\/19524\/revisions"}],"predecessor-version":[{"id":19542,"href":"https:\/\/sergiolapegue.com\/site\/wp-json\/wp\/v2\/posts\/19524\/revisions\/19542"}],"wp:featuredmedia":[{"embeddable":true,"href":"https:\/\/sergiolapegue.com\/site\/wp-json\/wp\/v2\/media\/19539"}],"wp:attachment":[{"href":"https:\/\/sergiolapegue.com\/site\/wp-json\/wp\/v2\/media?parent=19524"}],"wp:term":[{"taxonomy":"category","embeddable":true,"href":"https:\/\/sergiolapegue.com\/site\/wp-json\/wp\/v2\/categories?post=19524"},{"taxonomy":"post_tag","embeddable":true,"href":"https:\/\/sergiolapegue.com\/site\/wp-json\/wp\/v2\/tags?post=19524"}],"curies":[{"name":"wp","href":"https:\/\/api.w.org\/{rel}","templated":true}]}}