{"id":19415,"date":"2024-11-20T13:00:00","date_gmt":"2024-11-20T16:00:00","guid":{"rendered":"https:\/\/sergiolapegue.com\/site\/?p=19415"},"modified":"2024-11-19T01:37:48","modified_gmt":"2024-11-19T04:37:48","slug":"musica-teatral-en-el-auditorio-del-csmmf","status":"publish","type":"post","link":"https:\/\/sergiolapegue.com\/site\/2024\/11\/20\/musica-teatral-en-el-auditorio-del-csmmf\/","title":{"rendered":"M\u00daSICA TEATRAL EN EL AUDITORIO DEL CSMMF"},"content":{"rendered":"\n<p>El s\u00e1bado 30 de noviembre, los integrantes del Taller de \u00d3pera del Conservatorio Superior de M\u00fasica Manuel de Falla, representar\u00e1n de Wolfgang Amadeus Mozart y libreto de Gottlieb Stephanie, la \u00f3pera c\u00f3mica Der Schauspieldirektor (El empresario); en el Auditorio de la Sede Central de nuestra Casa de Estudios, ubicada en el 3\u00b0 piso de Gallo 238 de la Ciudad Aut\u00f3noma de Buenos Aires. La direcci\u00f3n musical est\u00e1 a cargo de Rita Casamajor, la direcci\u00f3n esc\u00e9nica es de Diego Cos\u00edn y acompa\u00f1a al piano, Guadalupe Mroue.<\/p>\n\n\n\n<p><strong>Cantantes:<\/strong> Luciano Allievi, Tadeo Claa, Gabriel Gomory, Anabela Montes, Gabriela Ojeda Silva, Roc\u00edo Olaya Bola\u00f1os, Guadalupe S\u00e1nchez, Clara Seiref.<\/p>\n\n\n\n<p><strong>M\u00fasicos:<\/strong><strong><\/strong><\/p>\n\n\n\n<p>Clarinetes: Miguel Barile, Donella Angi\u00f3, Julio Urretavizcaya, Camila Chierzi, Sue Rojas Vidal<\/p>\n\n\n\n<p>Clarinete bajo: Nicol\u00e1s Viera<\/p>\n\n\n\n<p>Ensamble de Clarinetes CSMMF: Profesora Griselda Giannini<\/p>\n\n\n\n<p>Direcci\u00f3n de Ensamble de Clarinetes CSMMF: Ezequiel Saracco<\/p>\n\n\n\n<p>C\u00e1tedra de Arreglos y Transcripciones: Profesor Hern\u00e1n Qu\u00edntela<\/p>\n\n\n\n<p>Arreglos musicales: Lorenzo Demartin, Neo Adri\u00e1n Gonz\u00e1lez, Roc\u00edo Quinteros. Colaboraci\u00f3n: Daiana Villanueva Miller<\/p>\n\n\n\n<figure class=\"wp-block-image size-full\"><img loading=\"lazy\" decoding=\"async\" width=\"727\" height=\"209\" src=\"https:\/\/sergiolapegue.com\/site\/wp-content\/uploads\/2024\/11\/Concierto-Conservatorio-Manuel-de-Falla-1.png\" alt=\"\" class=\"wp-image-19416\" srcset=\"https:\/\/sergiolapegue.com\/site\/wp-content\/uploads\/2024\/11\/Concierto-Conservatorio-Manuel-de-Falla-1.png 727w, https:\/\/sergiolapegue.com\/site\/wp-content\/uploads\/2024\/11\/Concierto-Conservatorio-Manuel-de-Falla-1-300x86.png 300w, https:\/\/sergiolapegue.com\/site\/wp-content\/uploads\/2024\/11\/Concierto-Conservatorio-Manuel-de-Falla-1-696x200.png 696w\" sizes=\"auto, (max-width: 727px) 100vw, 727px\" \/><\/figure>\n\n\n\n<p><strong>AUDITORIO DE LA SEDE CENTRAL DEL CSMMF<\/strong><\/p>\n\n\n\n<p>Gallo 238 3\u00b0 Piso \u2013 Capital Federal \u2013 Buenos Aires \u2013 Argentina<\/p>\n\n\n\n<p>Tel\u00e9fono: 4865-9005 al 9008<\/p>\n\n\n\n<p>Entrada: Libre y gratuita \u2013 Hasta completar la capacidad del Auditorio<\/p>\n\n\n\n<p>Funci\u00f3n: S\u00e1bado 30 de Noviembre \u2013 17:00 horas<\/p>\n\n\n\n<p>Gracias al Conservatorio Superior de M\u00fasica Manuel de Falla por enviarnos la gacetilla de prensa de este Taller de \u00d3pera.<\/p>\n","protected":false},"excerpt":{"rendered":"<p>El s\u00e1bado 30 de noviembre, los integrantes del Taller de \u00d3pera del Conservatorio Superior de M\u00fasica Manuel de Falla, representar\u00e1n de Wolfgang Amadeus Mozart y libreto de Gottlieb Stephanie, la \u00f3pera c\u00f3mica Der Schauspieldirektor (El empresario); en el Auditorio de la Sede Central de nuestra Casa de Estudios, ubicada en el 3\u00b0 piso de Gallo [&hellip;]<\/p>\n","protected":false},"author":3,"featured_media":19417,"comment_status":"open","ping_status":"closed","sticky":false,"template":"","format":"standard","meta":{"footnotes":""},"categories":[34,35],"tags":[],"class_list":{"0":"post-19415","1":"post","2":"type-post","3":"status-publish","4":"format-standard","5":"has-post-thumbnail","7":"category-arte","8":"category-teatro"},"yoast_head":"<!-- This site is optimized with the Yoast SEO plugin v27.4 - https:\/\/yoast.com\/product\/yoast-seo-wordpress\/ -->\n<title>M\u00daSICA TEATRAL EN EL AUDITORIO DEL CSMMF - Sergio Lapegue<\/title>\n<meta name=\"robots\" content=\"index, follow, max-snippet:-1, max-image-preview:large, max-video-preview:-1\" \/>\n<link rel=\"canonical\" href=\"https:\/\/sergiolapegue.com\/site\/2024\/11\/20\/musica-teatral-en-el-auditorio-del-csmmf\/\" \/>\n<meta property=\"og:locale\" content=\"es_ES\" \/>\n<meta property=\"og:type\" content=\"article\" \/>\n<meta property=\"og:title\" content=\"M\u00daSICA TEATRAL EN EL AUDITORIO DEL CSMMF - Sergio Lapegue\" \/>\n<meta property=\"og:description\" content=\"El s\u00e1bado 30 de noviembre, los integrantes del Taller de \u00d3pera del Conservatorio Superior de M\u00fasica Manuel de Falla, representar\u00e1n de Wolfgang Amadeus Mozart y libreto de Gottlieb Stephanie, la \u00f3pera c\u00f3mica Der Schauspieldirektor (El empresario); en el Auditorio de la Sede Central de nuestra Casa de Estudios, ubicada en el 3\u00b0 piso de Gallo [&hellip;]\" \/>\n<meta property=\"og:url\" content=\"https:\/\/sergiolapegue.com\/site\/2024\/11\/20\/musica-teatral-en-el-auditorio-del-csmmf\/\" \/>\n<meta property=\"og:site_name\" content=\"Sergio Lapegue\" \/>\n<meta property=\"article:publisher\" content=\"https:\/\/facebook.com\/sergiolapegue\" \/>\n<meta property=\"article:author\" content=\"https:\/\/facebook.com\/danielernesto.montana\" \/>\n<meta property=\"article:published_time\" content=\"2024-11-20T16:00:00+00:00\" \/>\n<meta property=\"og:image\" content=\"https:\/\/sergiolapegue.com\/site\/wp-content\/uploads\/2024\/11\/Musica-teatral-en-el-auditorio-del-CSMMF.png\" \/>\n\t<meta property=\"og:image:width\" content=\"564\" \/>\n\t<meta property=\"og:image:height\" content=\"570\" \/>\n\t<meta property=\"og:image:type\" content=\"image\/png\" \/>\n<meta name=\"author\" content=\"Daniel E. Monta\u00f1a\" \/>\n<meta name=\"twitter:card\" content=\"summary_large_image\" \/>\n<meta name=\"twitter:creator\" content=\"@https:\/\/twitter.com\/daner_004\" \/>\n<meta name=\"twitter:site\" content=\"@sergiolapegue\" \/>\n<meta name=\"twitter:label1\" content=\"Escrito por\" \/>\n\t<meta name=\"twitter:data1\" content=\"Daniel E. Monta\u00f1a\" \/>\n\t<meta name=\"twitter:label2\" content=\"Tiempo de lectura\" \/>\n\t<meta name=\"twitter:data2\" content=\"2 minutos\" \/>\n<script type=\"application\/ld+json\" class=\"yoast-schema-graph\">{\"@context\":\"https:\\\/\\\/schema.org\",\"@graph\":[{\"@type\":\"Article\",\"@id\":\"https:\\\/\\\/sergiolapegue.com\\\/site\\\/2024\\\/11\\\/20\\\/musica-teatral-en-el-auditorio-del-csmmf\\\/#article\",\"isPartOf\":{\"@id\":\"https:\\\/\\\/sergiolapegue.com\\\/site\\\/2024\\\/11\\\/20\\\/musica-teatral-en-el-auditorio-del-csmmf\\\/\"},\"author\":{\"name\":\"Daniel E. Monta\u00f1a\",\"@id\":\"https:\\\/\\\/sergiolapegue.com\\\/site\\\/#\\\/schema\\\/person\\\/9198e7dbab43c6d74d0fd5399af7c3cd\"},\"headline\":\"M\u00daSICA TEATRAL EN EL AUDITORIO DEL CSMMF\",\"datePublished\":\"2024-11-20T16:00:00+00:00\",\"mainEntityOfPage\":{\"@id\":\"https:\\\/\\\/sergiolapegue.com\\\/site\\\/2024\\\/11\\\/20\\\/musica-teatral-en-el-auditorio-del-csmmf\\\/\"},\"wordCount\":241,\"commentCount\":0,\"publisher\":{\"@id\":\"https:\\\/\\\/sergiolapegue.com\\\/site\\\/#\\\/schema\\\/person\\\/083aeceeb0734cd166779ea6c0551a37\"},\"image\":{\"@id\":\"https:\\\/\\\/sergiolapegue.com\\\/site\\\/2024\\\/11\\\/20\\\/musica-teatral-en-el-auditorio-del-csmmf\\\/#primaryimage\"},\"thumbnailUrl\":\"https:\\\/\\\/sergiolapegue.com\\\/site\\\/wp-content\\\/uploads\\\/2024\\\/11\\\/Musica-teatral-en-el-auditorio-del-CSMMF.png\",\"articleSection\":[\"Arte\",\"Teatro\"],\"inLanguage\":\"es-AR\",\"potentialAction\":[{\"@type\":\"CommentAction\",\"name\":\"Comment\",\"target\":[\"https:\\\/\\\/sergiolapegue.com\\\/site\\\/2024\\\/11\\\/20\\\/musica-teatral-en-el-auditorio-del-csmmf\\\/#respond\"]}]},{\"@type\":\"WebPage\",\"@id\":\"https:\\\/\\\/sergiolapegue.com\\\/site\\\/2024\\\/11\\\/20\\\/musica-teatral-en-el-auditorio-del-csmmf\\\/\",\"url\":\"https:\\\/\\\/sergiolapegue.com\\\/site\\\/2024\\\/11\\\/20\\\/musica-teatral-en-el-auditorio-del-csmmf\\\/\",\"name\":\"M\u00daSICA TEATRAL EN EL AUDITORIO DEL CSMMF - Sergio Lapegue\",\"isPartOf\":{\"@id\":\"https:\\\/\\\/sergiolapegue.com\\\/site\\\/#website\"},\"primaryImageOfPage\":{\"@id\":\"https:\\\/\\\/sergiolapegue.com\\\/site\\\/2024\\\/11\\\/20\\\/musica-teatral-en-el-auditorio-del-csmmf\\\/#primaryimage\"},\"image\":{\"@id\":\"https:\\\/\\\/sergiolapegue.com\\\/site\\\/2024\\\/11\\\/20\\\/musica-teatral-en-el-auditorio-del-csmmf\\\/#primaryimage\"},\"thumbnailUrl\":\"https:\\\/\\\/sergiolapegue.com\\\/site\\\/wp-content\\\/uploads\\\/2024\\\/11\\\/Musica-teatral-en-el-auditorio-del-CSMMF.png\",\"datePublished\":\"2024-11-20T16:00:00+00:00\",\"breadcrumb\":{\"@id\":\"https:\\\/\\\/sergiolapegue.com\\\/site\\\/2024\\\/11\\\/20\\\/musica-teatral-en-el-auditorio-del-csmmf\\\/#breadcrumb\"},\"inLanguage\":\"es-AR\",\"potentialAction\":[{\"@type\":\"ReadAction\",\"target\":[\"https:\\\/\\\/sergiolapegue.com\\\/site\\\/2024\\\/11\\\/20\\\/musica-teatral-en-el-auditorio-del-csmmf\\\/\"]}]},{\"@type\":\"ImageObject\",\"inLanguage\":\"es-AR\",\"@id\":\"https:\\\/\\\/sergiolapegue.com\\\/site\\\/2024\\\/11\\\/20\\\/musica-teatral-en-el-auditorio-del-csmmf\\\/#primaryimage\",\"url\":\"https:\\\/\\\/sergiolapegue.com\\\/site\\\/wp-content\\\/uploads\\\/2024\\\/11\\\/Musica-teatral-en-el-auditorio-del-CSMMF.png\",\"contentUrl\":\"https:\\\/\\\/sergiolapegue.com\\\/site\\\/wp-content\\\/uploads\\\/2024\\\/11\\\/Musica-teatral-en-el-auditorio-del-CSMMF.png\",\"width\":564,\"height\":570},{\"@type\":\"BreadcrumbList\",\"@id\":\"https:\\\/\\\/sergiolapegue.com\\\/site\\\/2024\\\/11\\\/20\\\/musica-teatral-en-el-auditorio-del-csmmf\\\/#breadcrumb\",\"itemListElement\":[{\"@type\":\"ListItem\",\"position\":1,\"name\":\"Inicio\",\"item\":\"https:\\\/\\\/sergiolapegue.com\\\/site\\\/\"},{\"@type\":\"ListItem\",\"position\":2,\"name\":\"M\u00daSICA TEATRAL EN EL AUDITORIO DEL CSMMF\"}]},{\"@type\":\"WebSite\",\"@id\":\"https:\\\/\\\/sergiolapegue.com\\\/site\\\/#website\",\"url\":\"https:\\\/\\\/sergiolapegue.com\\\/site\\\/\",\"name\":\"Sergio Lapegue\",\"description\":\"Periodista\",\"publisher\":{\"@id\":\"https:\\\/\\\/sergiolapegue.com\\\/site\\\/#\\\/schema\\\/person\\\/083aeceeb0734cd166779ea6c0551a37\"},\"potentialAction\":[{\"@type\":\"SearchAction\",\"target\":{\"@type\":\"EntryPoint\",\"urlTemplate\":\"https:\\\/\\\/sergiolapegue.com\\\/site\\\/?s={search_term_string}\"},\"query-input\":{\"@type\":\"PropertyValueSpecification\",\"valueRequired\":true,\"valueName\":\"search_term_string\"}}],\"inLanguage\":\"es-AR\"},{\"@type\":[\"Person\",\"Organization\"],\"@id\":\"https:\\\/\\\/sergiolapegue.com\\\/site\\\/#\\\/schema\\\/person\\\/083aeceeb0734cd166779ea6c0551a37\",\"name\":\"Sergio Lapegue\",\"image\":{\"@type\":\"ImageObject\",\"inLanguage\":\"es-AR\",\"@id\":\"https:\\\/\\\/sergiolapegue.com\\\/site\\\/wp-content\\\/uploads\\\/2021\\\/04\\\/logo_header-1.png\",\"url\":\"https:\\\/\\\/sergiolapegue.com\\\/site\\\/wp-content\\\/uploads\\\/2021\\\/04\\\/logo_header-1.png\",\"contentUrl\":\"https:\\\/\\\/sergiolapegue.com\\\/site\\\/wp-content\\\/uploads\\\/2021\\\/04\\\/logo_header-1.png\",\"width\":272,\"height\":90,\"caption\":\"Sergio Lapegue\"},\"logo\":{\"@id\":\"https:\\\/\\\/sergiolapegue.com\\\/site\\\/wp-content\\\/uploads\\\/2021\\\/04\\\/logo_header-1.png\"},\"sameAs\":[\"https:\\\/\\\/facebook.com\\\/sergiolapegue\",\"https:\\\/\\\/instagram.com\\\/sergiolapegue\",\"https:\\\/\\\/x.com\\\/https:\\\/\\\/twitter.com\\\/sergiolapegue\"]},{\"@type\":\"Person\",\"@id\":\"https:\\\/\\\/sergiolapegue.com\\\/site\\\/#\\\/schema\\\/person\\\/9198e7dbab43c6d74d0fd5399af7c3cd\",\"name\":\"Daniel E. Monta\u00f1a\",\"image\":{\"@type\":\"ImageObject\",\"inLanguage\":\"es-AR\",\"@id\":\"https:\\\/\\\/sergiolapegue.com\\\/site\\\/wp-content\\\/uploads\\\/2021\\\/04\\\/sl_avatar_Daniel-150x150.jpg\",\"url\":\"https:\\\/\\\/sergiolapegue.com\\\/site\\\/wp-content\\\/uploads\\\/2021\\\/04\\\/sl_avatar_Daniel-150x150.jpg\",\"contentUrl\":\"https:\\\/\\\/sergiolapegue.com\\\/site\\\/wp-content\\\/uploads\\\/2021\\\/04\\\/sl_avatar_Daniel-150x150.jpg\",\"caption\":\"Daniel E. Monta\u00f1a\"},\"sameAs\":[\"https:\\\/\\\/facebook.com\\\/danielernesto.montana\",\"https:\\\/\\\/instagram.com\\\/daniel_montana1961\",\"https:\\\/\\\/x.com\\\/https:\\\/\\\/twitter.com\\\/daner_004\"],\"url\":\"https:\\\/\\\/sergiolapegue.com\\\/site\\\/author\\\/daniel\\\/\"}]}<\/script>\n<!-- \/ Yoast SEO plugin. -->","yoast_head_json":{"title":"M\u00daSICA TEATRAL EN EL AUDITORIO DEL CSMMF - Sergio Lapegue","robots":{"index":"index","follow":"follow","max-snippet":"max-snippet:-1","max-image-preview":"max-image-preview:large","max-video-preview":"max-video-preview:-1"},"canonical":"https:\/\/sergiolapegue.com\/site\/2024\/11\/20\/musica-teatral-en-el-auditorio-del-csmmf\/","og_locale":"es_ES","og_type":"article","og_title":"M\u00daSICA TEATRAL EN EL AUDITORIO DEL CSMMF - Sergio Lapegue","og_description":"El s\u00e1bado 30 de noviembre, los integrantes del Taller de \u00d3pera del Conservatorio Superior de M\u00fasica Manuel de Falla, representar\u00e1n de Wolfgang Amadeus Mozart y libreto de Gottlieb Stephanie, la \u00f3pera c\u00f3mica Der Schauspieldirektor (El empresario); en el Auditorio de la Sede Central de nuestra Casa de Estudios, ubicada en el 3\u00b0 piso de Gallo [&hellip;]","og_url":"https:\/\/sergiolapegue.com\/site\/2024\/11\/20\/musica-teatral-en-el-auditorio-del-csmmf\/","og_site_name":"Sergio Lapegue","article_publisher":"https:\/\/facebook.com\/sergiolapegue","article_author":"https:\/\/facebook.com\/danielernesto.montana","article_published_time":"2024-11-20T16:00:00+00:00","og_image":[{"width":564,"height":570,"url":"https:\/\/sergiolapegue.com\/site\/wp-content\/uploads\/2024\/11\/Musica-teatral-en-el-auditorio-del-CSMMF.png","type":"image\/png"}],"author":"Daniel E. Monta\u00f1a","twitter_card":"summary_large_image","twitter_creator":"@https:\/\/twitter.com\/daner_004","twitter_site":"@sergiolapegue","twitter_misc":{"Escrito por":"Daniel E. Monta\u00f1a","Tiempo de lectura":"2 minutos"},"schema":{"@context":"https:\/\/schema.org","@graph":[{"@type":"Article","@id":"https:\/\/sergiolapegue.com\/site\/2024\/11\/20\/musica-teatral-en-el-auditorio-del-csmmf\/#article","isPartOf":{"@id":"https:\/\/sergiolapegue.com\/site\/2024\/11\/20\/musica-teatral-en-el-auditorio-del-csmmf\/"},"author":{"name":"Daniel E. Monta\u00f1a","@id":"https:\/\/sergiolapegue.com\/site\/#\/schema\/person\/9198e7dbab43c6d74d0fd5399af7c3cd"},"headline":"M\u00daSICA TEATRAL EN EL AUDITORIO DEL CSMMF","datePublished":"2024-11-20T16:00:00+00:00","mainEntityOfPage":{"@id":"https:\/\/sergiolapegue.com\/site\/2024\/11\/20\/musica-teatral-en-el-auditorio-del-csmmf\/"},"wordCount":241,"commentCount":0,"publisher":{"@id":"https:\/\/sergiolapegue.com\/site\/#\/schema\/person\/083aeceeb0734cd166779ea6c0551a37"},"image":{"@id":"https:\/\/sergiolapegue.com\/site\/2024\/11\/20\/musica-teatral-en-el-auditorio-del-csmmf\/#primaryimage"},"thumbnailUrl":"https:\/\/sergiolapegue.com\/site\/wp-content\/uploads\/2024\/11\/Musica-teatral-en-el-auditorio-del-CSMMF.png","articleSection":["Arte","Teatro"],"inLanguage":"es-AR","potentialAction":[{"@type":"CommentAction","name":"Comment","target":["https:\/\/sergiolapegue.com\/site\/2024\/11\/20\/musica-teatral-en-el-auditorio-del-csmmf\/#respond"]}]},{"@type":"WebPage","@id":"https:\/\/sergiolapegue.com\/site\/2024\/11\/20\/musica-teatral-en-el-auditorio-del-csmmf\/","url":"https:\/\/sergiolapegue.com\/site\/2024\/11\/20\/musica-teatral-en-el-auditorio-del-csmmf\/","name":"M\u00daSICA TEATRAL EN EL AUDITORIO DEL CSMMF - Sergio Lapegue","isPartOf":{"@id":"https:\/\/sergiolapegue.com\/site\/#website"},"primaryImageOfPage":{"@id":"https:\/\/sergiolapegue.com\/site\/2024\/11\/20\/musica-teatral-en-el-auditorio-del-csmmf\/#primaryimage"},"image":{"@id":"https:\/\/sergiolapegue.com\/site\/2024\/11\/20\/musica-teatral-en-el-auditorio-del-csmmf\/#primaryimage"},"thumbnailUrl":"https:\/\/sergiolapegue.com\/site\/wp-content\/uploads\/2024\/11\/Musica-teatral-en-el-auditorio-del-CSMMF.png","datePublished":"2024-11-20T16:00:00+00:00","breadcrumb":{"@id":"https:\/\/sergiolapegue.com\/site\/2024\/11\/20\/musica-teatral-en-el-auditorio-del-csmmf\/#breadcrumb"},"inLanguage":"es-AR","potentialAction":[{"@type":"ReadAction","target":["https:\/\/sergiolapegue.com\/site\/2024\/11\/20\/musica-teatral-en-el-auditorio-del-csmmf\/"]}]},{"@type":"ImageObject","inLanguage":"es-AR","@id":"https:\/\/sergiolapegue.com\/site\/2024\/11\/20\/musica-teatral-en-el-auditorio-del-csmmf\/#primaryimage","url":"https:\/\/sergiolapegue.com\/site\/wp-content\/uploads\/2024\/11\/Musica-teatral-en-el-auditorio-del-CSMMF.png","contentUrl":"https:\/\/sergiolapegue.com\/site\/wp-content\/uploads\/2024\/11\/Musica-teatral-en-el-auditorio-del-CSMMF.png","width":564,"height":570},{"@type":"BreadcrumbList","@id":"https:\/\/sergiolapegue.com\/site\/2024\/11\/20\/musica-teatral-en-el-auditorio-del-csmmf\/#breadcrumb","itemListElement":[{"@type":"ListItem","position":1,"name":"Inicio","item":"https:\/\/sergiolapegue.com\/site\/"},{"@type":"ListItem","position":2,"name":"M\u00daSICA TEATRAL EN EL AUDITORIO DEL CSMMF"}]},{"@type":"WebSite","@id":"https:\/\/sergiolapegue.com\/site\/#website","url":"https:\/\/sergiolapegue.com\/site\/","name":"Sergio Lapegue","description":"Periodista","publisher":{"@id":"https:\/\/sergiolapegue.com\/site\/#\/schema\/person\/083aeceeb0734cd166779ea6c0551a37"},"potentialAction":[{"@type":"SearchAction","target":{"@type":"EntryPoint","urlTemplate":"https:\/\/sergiolapegue.com\/site\/?s={search_term_string}"},"query-input":{"@type":"PropertyValueSpecification","valueRequired":true,"valueName":"search_term_string"}}],"inLanguage":"es-AR"},{"@type":["Person","Organization"],"@id":"https:\/\/sergiolapegue.com\/site\/#\/schema\/person\/083aeceeb0734cd166779ea6c0551a37","name":"Sergio Lapegue","image":{"@type":"ImageObject","inLanguage":"es-AR","@id":"https:\/\/sergiolapegue.com\/site\/wp-content\/uploads\/2021\/04\/logo_header-1.png","url":"https:\/\/sergiolapegue.com\/site\/wp-content\/uploads\/2021\/04\/logo_header-1.png","contentUrl":"https:\/\/sergiolapegue.com\/site\/wp-content\/uploads\/2021\/04\/logo_header-1.png","width":272,"height":90,"caption":"Sergio Lapegue"},"logo":{"@id":"https:\/\/sergiolapegue.com\/site\/wp-content\/uploads\/2021\/04\/logo_header-1.png"},"sameAs":["https:\/\/facebook.com\/sergiolapegue","https:\/\/instagram.com\/sergiolapegue","https:\/\/x.com\/https:\/\/twitter.com\/sergiolapegue"]},{"@type":"Person","@id":"https:\/\/sergiolapegue.com\/site\/#\/schema\/person\/9198e7dbab43c6d74d0fd5399af7c3cd","name":"Daniel E. Monta\u00f1a","image":{"@type":"ImageObject","inLanguage":"es-AR","@id":"https:\/\/sergiolapegue.com\/site\/wp-content\/uploads\/2021\/04\/sl_avatar_Daniel-150x150.jpg","url":"https:\/\/sergiolapegue.com\/site\/wp-content\/uploads\/2021\/04\/sl_avatar_Daniel-150x150.jpg","contentUrl":"https:\/\/sergiolapegue.com\/site\/wp-content\/uploads\/2021\/04\/sl_avatar_Daniel-150x150.jpg","caption":"Daniel E. Monta\u00f1a"},"sameAs":["https:\/\/facebook.com\/danielernesto.montana","https:\/\/instagram.com\/daniel_montana1961","https:\/\/x.com\/https:\/\/twitter.com\/daner_004"],"url":"https:\/\/sergiolapegue.com\/site\/author\/daniel\/"}]}},"_links":{"self":[{"href":"https:\/\/sergiolapegue.com\/site\/wp-json\/wp\/v2\/posts\/19415","targetHints":{"allow":["GET"]}}],"collection":[{"href":"https:\/\/sergiolapegue.com\/site\/wp-json\/wp\/v2\/posts"}],"about":[{"href":"https:\/\/sergiolapegue.com\/site\/wp-json\/wp\/v2\/types\/post"}],"author":[{"embeddable":true,"href":"https:\/\/sergiolapegue.com\/site\/wp-json\/wp\/v2\/users\/3"}],"replies":[{"embeddable":true,"href":"https:\/\/sergiolapegue.com\/site\/wp-json\/wp\/v2\/comments?post=19415"}],"version-history":[{"count":1,"href":"https:\/\/sergiolapegue.com\/site\/wp-json\/wp\/v2\/posts\/19415\/revisions"}],"predecessor-version":[{"id":19418,"href":"https:\/\/sergiolapegue.com\/site\/wp-json\/wp\/v2\/posts\/19415\/revisions\/19418"}],"wp:featuredmedia":[{"embeddable":true,"href":"https:\/\/sergiolapegue.com\/site\/wp-json\/wp\/v2\/media\/19417"}],"wp:attachment":[{"href":"https:\/\/sergiolapegue.com\/site\/wp-json\/wp\/v2\/media?parent=19415"}],"wp:term":[{"taxonomy":"category","embeddable":true,"href":"https:\/\/sergiolapegue.com\/site\/wp-json\/wp\/v2\/categories?post=19415"},{"taxonomy":"post_tag","embeddable":true,"href":"https:\/\/sergiolapegue.com\/site\/wp-json\/wp\/v2\/tags?post=19415"}],"curies":[{"name":"wp","href":"https:\/\/api.w.org\/{rel}","templated":true}]}}