{"id":19322,"date":"2024-11-22T09:40:00","date_gmt":"2024-11-22T12:40:00","guid":{"rendered":"https:\/\/sergiolapegue.com\/site\/?p=19322"},"modified":"2024-11-15T14:45:09","modified_gmt":"2024-11-15T17:45:09","slug":"preparate-se-viene-el-festival-del-libro-y-la-cultura","status":"publish","type":"post","link":"https:\/\/sergiolapegue.com\/site\/2024\/11\/22\/preparate-se-viene-el-festival-del-libro-y-la-cultura\/","title":{"rendered":"Preparate, se viene el Festival del Libro y la Cultura"},"content":{"rendered":"\n<p>Los d\u00edas <strong>29, 30 de noviembre y 1 de diciembre<\/strong>, la ciudad de Chacabuco ser\u00e1 escenario de la <strong>segunda edici\u00f3n del Festival del Libro y la Cultura<\/strong>, que ofrecer\u00e1 m\u00e1s de 30 actividades entre talleres, charlas, shows y propuestas interactivas. Organizado por <strong>Pretextos y La Posta<\/strong>, se realizar\u00e1 en <strong>La Squadra Sum<\/strong> (Padre Doglia y 12 de Febrero).<\/p>\n\n\n\n<p>Con el acompa\u00f1amiento de la <strong>Municipalidad de Chacabuco<\/strong> y el patrocinio de empresas locales, regionales y nacionales, el festival promete <strong>tres d\u00edas llenos de propuestas<\/strong> culturales para aprender, disfrutar y compartir.<\/p>\n\n\n\n<p><strong>Te esperamos con:<\/strong><\/p>\n\n\n\n<ul class=\"wp-block-list\">\n<li><strong>Talleres creativos, actividades sorprendentes y charlas inspiradoras<\/strong><\/li>\n\n\n\n<li>Un <strong>espacio de juegos de mesa<\/strong> auspiciado por marcas nacionales y dise\u00f1adores argentinos<\/li>\n\n\n\n<li><strong>Stands de editoriales<\/strong>, donde encontrar\u00e1s las \u00faltimas novedades en libros y juegos de mesa<\/li>\n\n\n\n<li>Un <strong>patio gastron\u00f3mico<\/strong> para relajarse y disfrutar de exquisitos sabores locales, junto con un <strong>sector de descanso<\/strong> ideal para desconectar<\/li>\n\n\n\n<li>Una <strong>zona de parkour<\/strong> para los peque\u00f1os<\/li>\n<\/ul>\n\n\n\n<figure class=\"wp-block-gallery has-nested-images columns-default is-cropped wp-block-gallery-1 is-layout-flex wp-block-gallery-is-layout-flex\">\n<figure class=\"wp-block-image size-large\"><img loading=\"lazy\" decoding=\"async\" width=\"1024\" height=\"682\" data-id=\"19324\" src=\"https:\/\/sergiolapegue.com\/site\/wp-content\/uploads\/2024\/11\/Festival-del-Libro-y-la-Cultura-3-1024x682.jpeg\" alt=\"\" class=\"wp-image-19324\" srcset=\"https:\/\/sergiolapegue.com\/site\/wp-content\/uploads\/2024\/11\/Festival-del-Libro-y-la-Cultura-3-1024x682.jpeg 1024w, https:\/\/sergiolapegue.com\/site\/wp-content\/uploads\/2024\/11\/Festival-del-Libro-y-la-Cultura-3-300x200.jpeg 300w, https:\/\/sergiolapegue.com\/site\/wp-content\/uploads\/2024\/11\/Festival-del-Libro-y-la-Cultura-3-768x512.jpeg 768w, https:\/\/sergiolapegue.com\/site\/wp-content\/uploads\/2024\/11\/Festival-del-Libro-y-la-Cultura-3-1536x1023.jpeg 1536w, https:\/\/sergiolapegue.com\/site\/wp-content\/uploads\/2024\/11\/Festival-del-Libro-y-la-Cultura-3-630x420.jpeg 630w, https:\/\/sergiolapegue.com\/site\/wp-content\/uploads\/2024\/11\/Festival-del-Libro-y-la-Cultura-3-696x464.jpeg 696w, https:\/\/sergiolapegue.com\/site\/wp-content\/uploads\/2024\/11\/Festival-del-Libro-y-la-Cultura-3-1068x712.jpeg 1068w, https:\/\/sergiolapegue.com\/site\/wp-content\/uploads\/2024\/11\/Festival-del-Libro-y-la-Cultura-3.jpeg 1600w\" sizes=\"auto, (max-width: 1024px) 100vw, 1024px\" \/><\/figure>\n\n\n\n<figure class=\"wp-block-image size-large\"><img loading=\"lazy\" decoding=\"async\" width=\"1024\" height=\"683\" data-id=\"19326\" src=\"https:\/\/sergiolapegue.com\/site\/wp-content\/uploads\/2024\/11\/Festival-del-Libro-y-la-Cultura-5-1024x683.jpg\" alt=\"\" class=\"wp-image-19326\" srcset=\"https:\/\/sergiolapegue.com\/site\/wp-content\/uploads\/2024\/11\/Festival-del-Libro-y-la-Cultura-5-1024x683.jpg 1024w, https:\/\/sergiolapegue.com\/site\/wp-content\/uploads\/2024\/11\/Festival-del-Libro-y-la-Cultura-5-300x200.jpg 300w, https:\/\/sergiolapegue.com\/site\/wp-content\/uploads\/2024\/11\/Festival-del-Libro-y-la-Cultura-5-768x512.jpg 768w, https:\/\/sergiolapegue.com\/site\/wp-content\/uploads\/2024\/11\/Festival-del-Libro-y-la-Cultura-5-1536x1024.jpg 1536w, https:\/\/sergiolapegue.com\/site\/wp-content\/uploads\/2024\/11\/Festival-del-Libro-y-la-Cultura-5-2048x1365.jpg 2048w, https:\/\/sergiolapegue.com\/site\/wp-content\/uploads\/2024\/11\/Festival-del-Libro-y-la-Cultura-5-630x420.jpg 630w, https:\/\/sergiolapegue.com\/site\/wp-content\/uploads\/2024\/11\/Festival-del-Libro-y-la-Cultura-5-696x464.jpg 696w, https:\/\/sergiolapegue.com\/site\/wp-content\/uploads\/2024\/11\/Festival-del-Libro-y-la-Cultura-5-1068x712.jpg 1068w, https:\/\/sergiolapegue.com\/site\/wp-content\/uploads\/2024\/11\/Festival-del-Libro-y-la-Cultura-5-1920x1280.jpg 1920w\" sizes=\"auto, (max-width: 1024px) 100vw, 1024px\" \/><\/figure>\n\n\n\n<figure class=\"wp-block-image size-large\"><img loading=\"lazy\" decoding=\"async\" width=\"1024\" height=\"683\" data-id=\"19332\" src=\"https:\/\/sergiolapegue.com\/site\/wp-content\/uploads\/2024\/11\/Festival-del-Libro-y-la-Cultura-12-1024x683.jpg\" alt=\"\" class=\"wp-image-19332\" srcset=\"https:\/\/sergiolapegue.com\/site\/wp-content\/uploads\/2024\/11\/Festival-del-Libro-y-la-Cultura-12-1024x683.jpg 1024w, https:\/\/sergiolapegue.com\/site\/wp-content\/uploads\/2024\/11\/Festival-del-Libro-y-la-Cultura-12-300x200.jpg 300w, https:\/\/sergiolapegue.com\/site\/wp-content\/uploads\/2024\/11\/Festival-del-Libro-y-la-Cultura-12-768x512.jpg 768w, https:\/\/sergiolapegue.com\/site\/wp-content\/uploads\/2024\/11\/Festival-del-Libro-y-la-Cultura-12-1536x1024.jpg 1536w, https:\/\/sergiolapegue.com\/site\/wp-content\/uploads\/2024\/11\/Festival-del-Libro-y-la-Cultura-12-2048x1365.jpg 2048w, https:\/\/sergiolapegue.com\/site\/wp-content\/uploads\/2024\/11\/Festival-del-Libro-y-la-Cultura-12-630x420.jpg 630w, https:\/\/sergiolapegue.com\/site\/wp-content\/uploads\/2024\/11\/Festival-del-Libro-y-la-Cultura-12-696x464.jpg 696w, https:\/\/sergiolapegue.com\/site\/wp-content\/uploads\/2024\/11\/Festival-del-Libro-y-la-Cultura-12-1068x712.jpg 1068w, https:\/\/sergiolapegue.com\/site\/wp-content\/uploads\/2024\/11\/Festival-del-Libro-y-la-Cultura-12-1920x1280.jpg 1920w\" sizes=\"auto, (max-width: 1024px) 100vw, 1024px\" \/><\/figure>\n\n\n\n<figure class=\"wp-block-image size-large\"><img loading=\"lazy\" decoding=\"async\" width=\"1024\" height=\"683\" data-id=\"19331\" src=\"https:\/\/sergiolapegue.com\/site\/wp-content\/uploads\/2024\/11\/Festival-del-Libro-y-la-Cultura-10-1024x683.jpg\" alt=\"\" class=\"wp-image-19331\" srcset=\"https:\/\/sergiolapegue.com\/site\/wp-content\/uploads\/2024\/11\/Festival-del-Libro-y-la-Cultura-10-1024x683.jpg 1024w, https:\/\/sergiolapegue.com\/site\/wp-content\/uploads\/2024\/11\/Festival-del-Libro-y-la-Cultura-10-300x200.jpg 300w, https:\/\/sergiolapegue.com\/site\/wp-content\/uploads\/2024\/11\/Festival-del-Libro-y-la-Cultura-10-768x512.jpg 768w, https:\/\/sergiolapegue.com\/site\/wp-content\/uploads\/2024\/11\/Festival-del-Libro-y-la-Cultura-10-1536x1024.jpg 1536w, https:\/\/sergiolapegue.com\/site\/wp-content\/uploads\/2024\/11\/Festival-del-Libro-y-la-Cultura-10-2048x1365.jpg 2048w, https:\/\/sergiolapegue.com\/site\/wp-content\/uploads\/2024\/11\/Festival-del-Libro-y-la-Cultura-10-630x420.jpg 630w, https:\/\/sergiolapegue.com\/site\/wp-content\/uploads\/2024\/11\/Festival-del-Libro-y-la-Cultura-10-696x464.jpg 696w, https:\/\/sergiolapegue.com\/site\/wp-content\/uploads\/2024\/11\/Festival-del-Libro-y-la-Cultura-10-1068x712.jpg 1068w, https:\/\/sergiolapegue.com\/site\/wp-content\/uploads\/2024\/11\/Festival-del-Libro-y-la-Cultura-10-1920x1280.jpg 1920w\" sizes=\"auto, (max-width: 1024px) 100vw, 1024px\" \/><\/figure>\n\n\n\n<figure class=\"wp-block-image size-large\"><img loading=\"lazy\" decoding=\"async\" width=\"1024\" height=\"683\" data-id=\"19330\" src=\"https:\/\/sergiolapegue.com\/site\/wp-content\/uploads\/2024\/11\/Festival-del-Libro-y-la-Cultura-14-1024x683.jpg\" alt=\"\" class=\"wp-image-19330\" srcset=\"https:\/\/sergiolapegue.com\/site\/wp-content\/uploads\/2024\/11\/Festival-del-Libro-y-la-Cultura-14-1024x683.jpg 1024w, https:\/\/sergiolapegue.com\/site\/wp-content\/uploads\/2024\/11\/Festival-del-Libro-y-la-Cultura-14-300x200.jpg 300w, https:\/\/sergiolapegue.com\/site\/wp-content\/uploads\/2024\/11\/Festival-del-Libro-y-la-Cultura-14-768x512.jpg 768w, https:\/\/sergiolapegue.com\/site\/wp-content\/uploads\/2024\/11\/Festival-del-Libro-y-la-Cultura-14-1536x1025.jpg 1536w, https:\/\/sergiolapegue.com\/site\/wp-content\/uploads\/2024\/11\/Festival-del-Libro-y-la-Cultura-14-2048x1367.jpg 2048w, https:\/\/sergiolapegue.com\/site\/wp-content\/uploads\/2024\/11\/Festival-del-Libro-y-la-Cultura-14-629x420.jpg 629w, https:\/\/sergiolapegue.com\/site\/wp-content\/uploads\/2024\/11\/Festival-del-Libro-y-la-Cultura-14-696x464.jpg 696w, https:\/\/sergiolapegue.com\/site\/wp-content\/uploads\/2024\/11\/Festival-del-Libro-y-la-Cultura-14-1068x713.jpg 1068w, https:\/\/sergiolapegue.com\/site\/wp-content\/uploads\/2024\/11\/Festival-del-Libro-y-la-Cultura-14-1920x1281.jpg 1920w\" sizes=\"auto, (max-width: 1024px) 100vw, 1024px\" \/><\/figure>\n\n\n\n<figure class=\"wp-block-image size-large\"><img loading=\"lazy\" decoding=\"async\" width=\"1024\" height=\"683\" data-id=\"19325\" src=\"https:\/\/sergiolapegue.com\/site\/wp-content\/uploads\/2024\/11\/imagenes-festival-seleccion1-1024x683.jpg\" alt=\"\" class=\"wp-image-19325\" srcset=\"https:\/\/sergiolapegue.com\/site\/wp-content\/uploads\/2024\/11\/imagenes-festival-seleccion1-1024x683.jpg 1024w, https:\/\/sergiolapegue.com\/site\/wp-content\/uploads\/2024\/11\/imagenes-festival-seleccion1-300x200.jpg 300w, https:\/\/sergiolapegue.com\/site\/wp-content\/uploads\/2024\/11\/imagenes-festival-seleccion1-768x512.jpg 768w, https:\/\/sergiolapegue.com\/site\/wp-content\/uploads\/2024\/11\/imagenes-festival-seleccion1-1536x1024.jpg 1536w, https:\/\/sergiolapegue.com\/site\/wp-content\/uploads\/2024\/11\/imagenes-festival-seleccion1-630x420.jpg 630w, https:\/\/sergiolapegue.com\/site\/wp-content\/uploads\/2024\/11\/imagenes-festival-seleccion1-696x464.jpg 696w, https:\/\/sergiolapegue.com\/site\/wp-content\/uploads\/2024\/11\/imagenes-festival-seleccion1-1068x712.jpg 1068w, https:\/\/sergiolapegue.com\/site\/wp-content\/uploads\/2024\/11\/imagenes-festival-seleccion1-1920x1280.jpg 1920w, https:\/\/sergiolapegue.com\/site\/wp-content\/uploads\/2024\/11\/imagenes-festival-seleccion1.jpg 2048w\" sizes=\"auto, (max-width: 1024px) 100vw, 1024px\" \/><\/figure>\n\n\n\n<figure class=\"wp-block-image size-large\"><img loading=\"lazy\" decoding=\"async\" width=\"1024\" height=\"768\" data-id=\"19327\" src=\"https:\/\/sergiolapegue.com\/site\/wp-content\/uploads\/2024\/11\/imagenes-festival-seleccion9-1024x768.jpg\" alt=\"\" class=\"wp-image-19327\" srcset=\"https:\/\/sergiolapegue.com\/site\/wp-content\/uploads\/2024\/11\/imagenes-festival-seleccion9-1024x768.jpg 1024w, https:\/\/sergiolapegue.com\/site\/wp-content\/uploads\/2024\/11\/imagenes-festival-seleccion9-300x225.jpg 300w, https:\/\/sergiolapegue.com\/site\/wp-content\/uploads\/2024\/11\/imagenes-festival-seleccion9-768x576.jpg 768w, https:\/\/sergiolapegue.com\/site\/wp-content\/uploads\/2024\/11\/imagenes-festival-seleccion9-560x420.jpg 560w, https:\/\/sergiolapegue.com\/site\/wp-content\/uploads\/2024\/11\/imagenes-festival-seleccion9-80x60.jpg 80w, https:\/\/sergiolapegue.com\/site\/wp-content\/uploads\/2024\/11\/imagenes-festival-seleccion9-696x522.jpg 696w, https:\/\/sergiolapegue.com\/site\/wp-content\/uploads\/2024\/11\/imagenes-festival-seleccion9-1068x801.jpg 1068w, https:\/\/sergiolapegue.com\/site\/wp-content\/uploads\/2024\/11\/imagenes-festival-seleccion9.jpg 1280w\" sizes=\"auto, (max-width: 1024px) 100vw, 1024px\" \/><\/figure>\n\n\n\n<figure class=\"wp-block-image size-large\"><img loading=\"lazy\" decoding=\"async\" width=\"1024\" height=\"683\" data-id=\"19328\" src=\"https:\/\/sergiolapegue.com\/site\/wp-content\/uploads\/2024\/11\/imagenes-festival-seleccion12-1024x683.jpg\" alt=\"\" class=\"wp-image-19328\" srcset=\"https:\/\/sergiolapegue.com\/site\/wp-content\/uploads\/2024\/11\/imagenes-festival-seleccion12-1024x683.jpg 1024w, https:\/\/sergiolapegue.com\/site\/wp-content\/uploads\/2024\/11\/imagenes-festival-seleccion12-300x200.jpg 300w, https:\/\/sergiolapegue.com\/site\/wp-content\/uploads\/2024\/11\/imagenes-festival-seleccion12-768x512.jpg 768w, https:\/\/sergiolapegue.com\/site\/wp-content\/uploads\/2024\/11\/imagenes-festival-seleccion12-1536x1024.jpg 1536w, https:\/\/sergiolapegue.com\/site\/wp-content\/uploads\/2024\/11\/imagenes-festival-seleccion12-630x420.jpg 630w, https:\/\/sergiolapegue.com\/site\/wp-content\/uploads\/2024\/11\/imagenes-festival-seleccion12-696x464.jpg 696w, https:\/\/sergiolapegue.com\/site\/wp-content\/uploads\/2024\/11\/imagenes-festival-seleccion12-1068x712.jpg 1068w, https:\/\/sergiolapegue.com\/site\/wp-content\/uploads\/2024\/11\/imagenes-festival-seleccion12-1920x1280.jpg 1920w, https:\/\/sergiolapegue.com\/site\/wp-content\/uploads\/2024\/11\/imagenes-festival-seleccion12.jpg 2048w\" sizes=\"auto, (max-width: 1024px) 100vw, 1024px\" \/><\/figure>\n\n\n\n<figure class=\"wp-block-image size-large\"><img loading=\"lazy\" decoding=\"async\" width=\"724\" height=\"1024\" data-id=\"19329\" src=\"https:\/\/sergiolapegue.com\/site\/wp-content\/uploads\/2024\/11\/A4-Color-724x1024.jpg\" alt=\"\" class=\"wp-image-19329\" srcset=\"https:\/\/sergiolapegue.com\/site\/wp-content\/uploads\/2024\/11\/A4-Color-724x1024.jpg 724w, https:\/\/sergiolapegue.com\/site\/wp-content\/uploads\/2024\/11\/A4-Color-212x300.jpg 212w, https:\/\/sergiolapegue.com\/site\/wp-content\/uploads\/2024\/11\/A4-Color-768x1086.jpg 768w, https:\/\/sergiolapegue.com\/site\/wp-content\/uploads\/2024\/11\/A4-Color-1086x1536.jpg 1086w, https:\/\/sergiolapegue.com\/site\/wp-content\/uploads\/2024\/11\/A4-Color-1448x2048.jpg 1448w, https:\/\/sergiolapegue.com\/site\/wp-content\/uploads\/2024\/11\/A4-Color-297x420.jpg 297w, https:\/\/sergiolapegue.com\/site\/wp-content\/uploads\/2024\/11\/A4-Color-696x984.jpg 696w, https:\/\/sergiolapegue.com\/site\/wp-content\/uploads\/2024\/11\/A4-Color-1068x1510.jpg 1068w, https:\/\/sergiolapegue.com\/site\/wp-content\/uploads\/2024\/11\/A4-Color-1920x2715.jpg 1920w, https:\/\/sergiolapegue.com\/site\/wp-content\/uploads\/2024\/11\/A4-Color-scaled.jpg 1811w\" sizes=\"auto, (max-width: 724px) 100vw, 724px\" \/><\/figure>\n<\/figure>\n\n\n\n<p><strong>Adem\u00e1s, no te pierdas:<\/strong><\/p>\n\n\n\n<ul class=\"wp-block-list\">\n<li><strong>Descuentos exclusivos en libros<\/strong> para estudiantes y docentes<\/li>\n\n\n\n<li><strong>Capacitaciones especializadas<\/strong> para mediadores culturales, talleristas y profesionales<\/li>\n\n\n\n<li><strong>M\u00fasica en vivo y arte urbano<\/strong>, que le dar\u00e1n un toque vibrante al festival<\/li>\n\n\n\n<li><strong>Torneos de rompecabezas<\/strong> y actividades de <strong>pintura colectiva<\/strong><\/li>\n\n\n\n<li><strong>Shows imperdibles<\/strong> para toda la familia<\/li>\n<\/ul>\n\n\n\n<p>La <strong>entrada es libre y gratuita<\/strong>. No se suspende por lluvia.<\/p>\n\n\n\n<p>M\u00e1s informaci\u00f3n: <a href=\"http:\/\/pretextos.laposta.ar\" target=\"_blank\" rel=\"noreferrer noopener\">pretextos.laposta.ar<\/a><\/p>\n\n\n\n<figure class=\"wp-block-video\"><video height=\"1080\" style=\"aspect-ratio: 1080 \/ 1080;\" width=\"1080\" controls src=\"https:\/\/sergiolapegue.com\/site\/wp-content\/uploads\/2024\/11\/2o-Festival-del-Libro-y-la-Cultura-1-1-con-logos.mp4\"><\/video><\/figure>\n","protected":false},"excerpt":{"rendered":"<p>Los d\u00edas 29, 30 de noviembre y 1 de diciembre, la ciudad de Chacabuco ser\u00e1 escenario de la segunda edici\u00f3n del Festival del Libro y la Cultura, que ofrecer\u00e1 m\u00e1s de 30 actividades entre talleres, charlas, shows y propuestas interactivas. Organizado por Pretextos y La Posta, se realizar\u00e1 en La Squadra Sum (Padre Doglia y [&hellip;]<\/p>\n","protected":false},"author":10,"featured_media":19333,"comment_status":"closed","ping_status":"closed","sticky":false,"template":"","format":"standard","meta":{"footnotes":""},"categories":[3238],"tags":[3952,1252,1358,696,818,821,515,1085],"class_list":{"0":"post-19322","1":"post","2":"type-post","3":"status-publish","4":"format-standard","5":"has-post-thumbnail","7":"category-juegos-de-mesa","8":"tag-chacabuco","9":"tag-cultura","10":"tag-festival","11":"tag-gastronomia","12":"tag-juegos","13":"tag-juegos-de-mesa","14":"tag-lectura","15":"tag-libro"},"yoast_head":"<!-- This site is optimized with the Yoast SEO plugin v27.4 - https:\/\/yoast.com\/product\/yoast-seo-wordpress\/ -->\n<title>Preparate, se viene el Festival del Libro y la Cultura - Sergio Lapegue<\/title>\n<meta name=\"robots\" content=\"index, follow, max-snippet:-1, max-image-preview:large, max-video-preview:-1\" \/>\n<link rel=\"canonical\" href=\"https:\/\/sergiolapegue.com\/site\/2024\/11\/22\/preparate-se-viene-el-festival-del-libro-y-la-cultura\/\" \/>\n<meta property=\"og:locale\" content=\"es_ES\" \/>\n<meta property=\"og:type\" content=\"article\" \/>\n<meta property=\"og:title\" content=\"Preparate, se viene el Festival del Libro y la Cultura - Sergio Lapegue\" \/>\n<meta property=\"og:description\" content=\"Los d\u00edas 29, 30 de noviembre y 1 de diciembre, la ciudad de Chacabuco ser\u00e1 escenario de la segunda edici\u00f3n del Festival del Libro y la Cultura, que ofrecer\u00e1 m\u00e1s de 30 actividades entre talleres, charlas, shows y propuestas interactivas. Organizado por Pretextos y La Posta, se realizar\u00e1 en La Squadra Sum (Padre Doglia y [&hellip;]\" \/>\n<meta property=\"og:url\" content=\"https:\/\/sergiolapegue.com\/site\/2024\/11\/22\/preparate-se-viene-el-festival-del-libro-y-la-cultura\/\" \/>\n<meta property=\"og:site_name\" content=\"Sergio Lapegue\" \/>\n<meta property=\"article:publisher\" content=\"https:\/\/facebook.com\/sergiolapegue\" \/>\n<meta property=\"article:published_time\" content=\"2024-11-22T12:40:00+00:00\" \/>\n<meta property=\"og:image\" content=\"https:\/\/sergiolapegue.com\/site\/wp-content\/uploads\/2024\/11\/5.-1080x1350-1.png\" \/>\n\t<meta property=\"og:image:width\" content=\"1080\" \/>\n\t<meta property=\"og:image:height\" content=\"1350\" \/>\n\t<meta property=\"og:image:type\" content=\"image\/png\" \/>\n<meta name=\"author\" content=\"Modo Juego\" \/>\n<meta name=\"twitter:card\" content=\"summary_large_image\" \/>\n<meta name=\"twitter:site\" content=\"@sergiolapegue\" \/>\n<meta name=\"twitter:label1\" content=\"Escrito por\" \/>\n\t<meta name=\"twitter:data1\" content=\"Modo Juego\" \/>\n\t<meta name=\"twitter:label2\" content=\"Tiempo de lectura\" \/>\n\t<meta name=\"twitter:data2\" content=\"3 minutos\" \/>\n<script type=\"application\/ld+json\" class=\"yoast-schema-graph\">{\"@context\":\"https:\\\/\\\/schema.org\",\"@graph\":[{\"@type\":\"Article\",\"@id\":\"https:\\\/\\\/sergiolapegue.com\\\/site\\\/2024\\\/11\\\/22\\\/preparate-se-viene-el-festival-del-libro-y-la-cultura\\\/#article\",\"isPartOf\":{\"@id\":\"https:\\\/\\\/sergiolapegue.com\\\/site\\\/2024\\\/11\\\/22\\\/preparate-se-viene-el-festival-del-libro-y-la-cultura\\\/\"},\"author\":{\"name\":\"Modo Juego\",\"@id\":\"https:\\\/\\\/sergiolapegue.com\\\/site\\\/#\\\/schema\\\/person\\\/ca52f2c5acd553ce2d15120afc3fddbc\"},\"headline\":\"Preparate, se viene el Festival del Libro y la Cultura\",\"datePublished\":\"2024-11-22T12:40:00+00:00\",\"mainEntityOfPage\":{\"@id\":\"https:\\\/\\\/sergiolapegue.com\\\/site\\\/2024\\\/11\\\/22\\\/preparate-se-viene-el-festival-del-libro-y-la-cultura\\\/\"},\"wordCount\":236,\"publisher\":{\"@id\":\"https:\\\/\\\/sergiolapegue.com\\\/site\\\/#\\\/schema\\\/person\\\/083aeceeb0734cd166779ea6c0551a37\"},\"image\":{\"@id\":\"https:\\\/\\\/sergiolapegue.com\\\/site\\\/2024\\\/11\\\/22\\\/preparate-se-viene-el-festival-del-libro-y-la-cultura\\\/#primaryimage\"},\"thumbnailUrl\":\"https:\\\/\\\/sergiolapegue.com\\\/site\\\/wp-content\\\/uploads\\\/2024\\\/11\\\/5.-1080x1350-1.png\",\"keywords\":[\"chacabuco\",\"cultura\",\"festival\",\"gastronomia\",\"juegos\",\"juegos de mesa\",\"lectura\",\"libro\"],\"articleSection\":[\"Juegos de mesa\"],\"inLanguage\":\"es-AR\"},{\"@type\":\"WebPage\",\"@id\":\"https:\\\/\\\/sergiolapegue.com\\\/site\\\/2024\\\/11\\\/22\\\/preparate-se-viene-el-festival-del-libro-y-la-cultura\\\/\",\"url\":\"https:\\\/\\\/sergiolapegue.com\\\/site\\\/2024\\\/11\\\/22\\\/preparate-se-viene-el-festival-del-libro-y-la-cultura\\\/\",\"name\":\"Preparate, se viene el Festival del Libro y la Cultura - Sergio Lapegue\",\"isPartOf\":{\"@id\":\"https:\\\/\\\/sergiolapegue.com\\\/site\\\/#website\"},\"primaryImageOfPage\":{\"@id\":\"https:\\\/\\\/sergiolapegue.com\\\/site\\\/2024\\\/11\\\/22\\\/preparate-se-viene-el-festival-del-libro-y-la-cultura\\\/#primaryimage\"},\"image\":{\"@id\":\"https:\\\/\\\/sergiolapegue.com\\\/site\\\/2024\\\/11\\\/22\\\/preparate-se-viene-el-festival-del-libro-y-la-cultura\\\/#primaryimage\"},\"thumbnailUrl\":\"https:\\\/\\\/sergiolapegue.com\\\/site\\\/wp-content\\\/uploads\\\/2024\\\/11\\\/5.-1080x1350-1.png\",\"datePublished\":\"2024-11-22T12:40:00+00:00\",\"breadcrumb\":{\"@id\":\"https:\\\/\\\/sergiolapegue.com\\\/site\\\/2024\\\/11\\\/22\\\/preparate-se-viene-el-festival-del-libro-y-la-cultura\\\/#breadcrumb\"},\"inLanguage\":\"es-AR\",\"potentialAction\":[{\"@type\":\"ReadAction\",\"target\":[\"https:\\\/\\\/sergiolapegue.com\\\/site\\\/2024\\\/11\\\/22\\\/preparate-se-viene-el-festival-del-libro-y-la-cultura\\\/\"]}]},{\"@type\":\"ImageObject\",\"inLanguage\":\"es-AR\",\"@id\":\"https:\\\/\\\/sergiolapegue.com\\\/site\\\/2024\\\/11\\\/22\\\/preparate-se-viene-el-festival-del-libro-y-la-cultura\\\/#primaryimage\",\"url\":\"https:\\\/\\\/sergiolapegue.com\\\/site\\\/wp-content\\\/uploads\\\/2024\\\/11\\\/5.-1080x1350-1.png\",\"contentUrl\":\"https:\\\/\\\/sergiolapegue.com\\\/site\\\/wp-content\\\/uploads\\\/2024\\\/11\\\/5.-1080x1350-1.png\",\"width\":1080,\"height\":1350},{\"@type\":\"BreadcrumbList\",\"@id\":\"https:\\\/\\\/sergiolapegue.com\\\/site\\\/2024\\\/11\\\/22\\\/preparate-se-viene-el-festival-del-libro-y-la-cultura\\\/#breadcrumb\",\"itemListElement\":[{\"@type\":\"ListItem\",\"position\":1,\"name\":\"Inicio\",\"item\":\"https:\\\/\\\/sergiolapegue.com\\\/site\\\/\"},{\"@type\":\"ListItem\",\"position\":2,\"name\":\"Preparate, se viene el Festival del Libro y la Cultura\"}]},{\"@type\":\"WebSite\",\"@id\":\"https:\\\/\\\/sergiolapegue.com\\\/site\\\/#website\",\"url\":\"https:\\\/\\\/sergiolapegue.com\\\/site\\\/\",\"name\":\"Sergio Lapegue\",\"description\":\"Periodista\",\"publisher\":{\"@id\":\"https:\\\/\\\/sergiolapegue.com\\\/site\\\/#\\\/schema\\\/person\\\/083aeceeb0734cd166779ea6c0551a37\"},\"potentialAction\":[{\"@type\":\"SearchAction\",\"target\":{\"@type\":\"EntryPoint\",\"urlTemplate\":\"https:\\\/\\\/sergiolapegue.com\\\/site\\\/?s={search_term_string}\"},\"query-input\":{\"@type\":\"PropertyValueSpecification\",\"valueRequired\":true,\"valueName\":\"search_term_string\"}}],\"inLanguage\":\"es-AR\"},{\"@type\":[\"Person\",\"Organization\"],\"@id\":\"https:\\\/\\\/sergiolapegue.com\\\/site\\\/#\\\/schema\\\/person\\\/083aeceeb0734cd166779ea6c0551a37\",\"name\":\"Sergio Lapegue\",\"image\":{\"@type\":\"ImageObject\",\"inLanguage\":\"es-AR\",\"@id\":\"https:\\\/\\\/sergiolapegue.com\\\/site\\\/wp-content\\\/uploads\\\/2021\\\/04\\\/logo_header-1.png\",\"url\":\"https:\\\/\\\/sergiolapegue.com\\\/site\\\/wp-content\\\/uploads\\\/2021\\\/04\\\/logo_header-1.png\",\"contentUrl\":\"https:\\\/\\\/sergiolapegue.com\\\/site\\\/wp-content\\\/uploads\\\/2021\\\/04\\\/logo_header-1.png\",\"width\":272,\"height\":90,\"caption\":\"Sergio Lapegue\"},\"logo\":{\"@id\":\"https:\\\/\\\/sergiolapegue.com\\\/site\\\/wp-content\\\/uploads\\\/2021\\\/04\\\/logo_header-1.png\"},\"sameAs\":[\"https:\\\/\\\/facebook.com\\\/sergiolapegue\",\"https:\\\/\\\/instagram.com\\\/sergiolapegue\",\"https:\\\/\\\/x.com\\\/https:\\\/\\\/twitter.com\\\/sergiolapegue\"]},{\"@type\":\"Person\",\"@id\":\"https:\\\/\\\/sergiolapegue.com\\\/site\\\/#\\\/schema\\\/person\\\/ca52f2c5acd553ce2d15120afc3fddbc\",\"name\":\"Modo Juego\",\"image\":{\"@type\":\"ImageObject\",\"inLanguage\":\"es-AR\",\"@id\":\"https:\\\/\\\/sergiolapegue.com\\\/site\\\/wp-content\\\/uploads\\\/2024\\\/01\\\/modojuego-150x150.png\",\"url\":\"https:\\\/\\\/sergiolapegue.com\\\/site\\\/wp-content\\\/uploads\\\/2024\\\/01\\\/modojuego-150x150.png\",\"contentUrl\":\"https:\\\/\\\/sergiolapegue.com\\\/site\\\/wp-content\\\/uploads\\\/2024\\\/01\\\/modojuego-150x150.png\",\"caption\":\"Modo Juego\"},\"sameAs\":[\"https:\\\/\\\/www.instagram.com\\\/modojuegook\\\/\",\"https:\\\/\\\/www.youtube.com\\\/channel\\\/UC7M35mUIKtKKzoBTL5sFPcA\"],\"url\":\"https:\\\/\\\/sergiolapegue.com\\\/site\\\/author\\\/modojuego\\\/\"}]}<\/script>\n<!-- \/ Yoast SEO plugin. -->","yoast_head_json":{"title":"Preparate, se viene el Festival del Libro y la Cultura - Sergio Lapegue","robots":{"index":"index","follow":"follow","max-snippet":"max-snippet:-1","max-image-preview":"max-image-preview:large","max-video-preview":"max-video-preview:-1"},"canonical":"https:\/\/sergiolapegue.com\/site\/2024\/11\/22\/preparate-se-viene-el-festival-del-libro-y-la-cultura\/","og_locale":"es_ES","og_type":"article","og_title":"Preparate, se viene el Festival del Libro y la Cultura - Sergio Lapegue","og_description":"Los d\u00edas 29, 30 de noviembre y 1 de diciembre, la ciudad de Chacabuco ser\u00e1 escenario de la segunda edici\u00f3n del Festival del Libro y la Cultura, que ofrecer\u00e1 m\u00e1s de 30 actividades entre talleres, charlas, shows y propuestas interactivas. Organizado por Pretextos y La Posta, se realizar\u00e1 en La Squadra Sum (Padre Doglia y [&hellip;]","og_url":"https:\/\/sergiolapegue.com\/site\/2024\/11\/22\/preparate-se-viene-el-festival-del-libro-y-la-cultura\/","og_site_name":"Sergio Lapegue","article_publisher":"https:\/\/facebook.com\/sergiolapegue","article_published_time":"2024-11-22T12:40:00+00:00","og_image":[{"width":1080,"height":1350,"url":"https:\/\/sergiolapegue.com\/site\/wp-content\/uploads\/2024\/11\/5.-1080x1350-1.png","type":"image\/png"}],"author":"Modo Juego","twitter_card":"summary_large_image","twitter_site":"@sergiolapegue","twitter_misc":{"Escrito por":"Modo Juego","Tiempo de lectura":"3 minutos"},"schema":{"@context":"https:\/\/schema.org","@graph":[{"@type":"Article","@id":"https:\/\/sergiolapegue.com\/site\/2024\/11\/22\/preparate-se-viene-el-festival-del-libro-y-la-cultura\/#article","isPartOf":{"@id":"https:\/\/sergiolapegue.com\/site\/2024\/11\/22\/preparate-se-viene-el-festival-del-libro-y-la-cultura\/"},"author":{"name":"Modo Juego","@id":"https:\/\/sergiolapegue.com\/site\/#\/schema\/person\/ca52f2c5acd553ce2d15120afc3fddbc"},"headline":"Preparate, se viene el Festival del Libro y la Cultura","datePublished":"2024-11-22T12:40:00+00:00","mainEntityOfPage":{"@id":"https:\/\/sergiolapegue.com\/site\/2024\/11\/22\/preparate-se-viene-el-festival-del-libro-y-la-cultura\/"},"wordCount":236,"publisher":{"@id":"https:\/\/sergiolapegue.com\/site\/#\/schema\/person\/083aeceeb0734cd166779ea6c0551a37"},"image":{"@id":"https:\/\/sergiolapegue.com\/site\/2024\/11\/22\/preparate-se-viene-el-festival-del-libro-y-la-cultura\/#primaryimage"},"thumbnailUrl":"https:\/\/sergiolapegue.com\/site\/wp-content\/uploads\/2024\/11\/5.-1080x1350-1.png","keywords":["chacabuco","cultura","festival","gastronomia","juegos","juegos de mesa","lectura","libro"],"articleSection":["Juegos de mesa"],"inLanguage":"es-AR"},{"@type":"WebPage","@id":"https:\/\/sergiolapegue.com\/site\/2024\/11\/22\/preparate-se-viene-el-festival-del-libro-y-la-cultura\/","url":"https:\/\/sergiolapegue.com\/site\/2024\/11\/22\/preparate-se-viene-el-festival-del-libro-y-la-cultura\/","name":"Preparate, se viene el Festival del Libro y la Cultura - Sergio Lapegue","isPartOf":{"@id":"https:\/\/sergiolapegue.com\/site\/#website"},"primaryImageOfPage":{"@id":"https:\/\/sergiolapegue.com\/site\/2024\/11\/22\/preparate-se-viene-el-festival-del-libro-y-la-cultura\/#primaryimage"},"image":{"@id":"https:\/\/sergiolapegue.com\/site\/2024\/11\/22\/preparate-se-viene-el-festival-del-libro-y-la-cultura\/#primaryimage"},"thumbnailUrl":"https:\/\/sergiolapegue.com\/site\/wp-content\/uploads\/2024\/11\/5.-1080x1350-1.png","datePublished":"2024-11-22T12:40:00+00:00","breadcrumb":{"@id":"https:\/\/sergiolapegue.com\/site\/2024\/11\/22\/preparate-se-viene-el-festival-del-libro-y-la-cultura\/#breadcrumb"},"inLanguage":"es-AR","potentialAction":[{"@type":"ReadAction","target":["https:\/\/sergiolapegue.com\/site\/2024\/11\/22\/preparate-se-viene-el-festival-del-libro-y-la-cultura\/"]}]},{"@type":"ImageObject","inLanguage":"es-AR","@id":"https:\/\/sergiolapegue.com\/site\/2024\/11\/22\/preparate-se-viene-el-festival-del-libro-y-la-cultura\/#primaryimage","url":"https:\/\/sergiolapegue.com\/site\/wp-content\/uploads\/2024\/11\/5.-1080x1350-1.png","contentUrl":"https:\/\/sergiolapegue.com\/site\/wp-content\/uploads\/2024\/11\/5.-1080x1350-1.png","width":1080,"height":1350},{"@type":"BreadcrumbList","@id":"https:\/\/sergiolapegue.com\/site\/2024\/11\/22\/preparate-se-viene-el-festival-del-libro-y-la-cultura\/#breadcrumb","itemListElement":[{"@type":"ListItem","position":1,"name":"Inicio","item":"https:\/\/sergiolapegue.com\/site\/"},{"@type":"ListItem","position":2,"name":"Preparate, se viene el Festival del Libro y la Cultura"}]},{"@type":"WebSite","@id":"https:\/\/sergiolapegue.com\/site\/#website","url":"https:\/\/sergiolapegue.com\/site\/","name":"Sergio Lapegue","description":"Periodista","publisher":{"@id":"https:\/\/sergiolapegue.com\/site\/#\/schema\/person\/083aeceeb0734cd166779ea6c0551a37"},"potentialAction":[{"@type":"SearchAction","target":{"@type":"EntryPoint","urlTemplate":"https:\/\/sergiolapegue.com\/site\/?s={search_term_string}"},"query-input":{"@type":"PropertyValueSpecification","valueRequired":true,"valueName":"search_term_string"}}],"inLanguage":"es-AR"},{"@type":["Person","Organization"],"@id":"https:\/\/sergiolapegue.com\/site\/#\/schema\/person\/083aeceeb0734cd166779ea6c0551a37","name":"Sergio Lapegue","image":{"@type":"ImageObject","inLanguage":"es-AR","@id":"https:\/\/sergiolapegue.com\/site\/wp-content\/uploads\/2021\/04\/logo_header-1.png","url":"https:\/\/sergiolapegue.com\/site\/wp-content\/uploads\/2021\/04\/logo_header-1.png","contentUrl":"https:\/\/sergiolapegue.com\/site\/wp-content\/uploads\/2021\/04\/logo_header-1.png","width":272,"height":90,"caption":"Sergio Lapegue"},"logo":{"@id":"https:\/\/sergiolapegue.com\/site\/wp-content\/uploads\/2021\/04\/logo_header-1.png"},"sameAs":["https:\/\/facebook.com\/sergiolapegue","https:\/\/instagram.com\/sergiolapegue","https:\/\/x.com\/https:\/\/twitter.com\/sergiolapegue"]},{"@type":"Person","@id":"https:\/\/sergiolapegue.com\/site\/#\/schema\/person\/ca52f2c5acd553ce2d15120afc3fddbc","name":"Modo Juego","image":{"@type":"ImageObject","inLanguage":"es-AR","@id":"https:\/\/sergiolapegue.com\/site\/wp-content\/uploads\/2024\/01\/modojuego-150x150.png","url":"https:\/\/sergiolapegue.com\/site\/wp-content\/uploads\/2024\/01\/modojuego-150x150.png","contentUrl":"https:\/\/sergiolapegue.com\/site\/wp-content\/uploads\/2024\/01\/modojuego-150x150.png","caption":"Modo Juego"},"sameAs":["https:\/\/www.instagram.com\/modojuegook\/","https:\/\/www.youtube.com\/channel\/UC7M35mUIKtKKzoBTL5sFPcA"],"url":"https:\/\/sergiolapegue.com\/site\/author\/modojuego\/"}]}},"_links":{"self":[{"href":"https:\/\/sergiolapegue.com\/site\/wp-json\/wp\/v2\/posts\/19322","targetHints":{"allow":["GET"]}}],"collection":[{"href":"https:\/\/sergiolapegue.com\/site\/wp-json\/wp\/v2\/posts"}],"about":[{"href":"https:\/\/sergiolapegue.com\/site\/wp-json\/wp\/v2\/types\/post"}],"author":[{"embeddable":true,"href":"https:\/\/sergiolapegue.com\/site\/wp-json\/wp\/v2\/users\/10"}],"replies":[{"embeddable":true,"href":"https:\/\/sergiolapegue.com\/site\/wp-json\/wp\/v2\/comments?post=19322"}],"version-history":[{"count":1,"href":"https:\/\/sergiolapegue.com\/site\/wp-json\/wp\/v2\/posts\/19322\/revisions"}],"predecessor-version":[{"id":19334,"href":"https:\/\/sergiolapegue.com\/site\/wp-json\/wp\/v2\/posts\/19322\/revisions\/19334"}],"wp:featuredmedia":[{"embeddable":true,"href":"https:\/\/sergiolapegue.com\/site\/wp-json\/wp\/v2\/media\/19333"}],"wp:attachment":[{"href":"https:\/\/sergiolapegue.com\/site\/wp-json\/wp\/v2\/media?parent=19322"}],"wp:term":[{"taxonomy":"category","embeddable":true,"href":"https:\/\/sergiolapegue.com\/site\/wp-json\/wp\/v2\/categories?post=19322"},{"taxonomy":"post_tag","embeddable":true,"href":"https:\/\/sergiolapegue.com\/site\/wp-json\/wp\/v2\/tags?post=19322"}],"curies":[{"name":"wp","href":"https:\/\/api.w.org\/{rel}","templated":true}]}}