{"id":19306,"date":"2024-11-21T09:06:00","date_gmt":"2024-11-21T12:06:00","guid":{"rendered":"https:\/\/sergiolapegue.com\/site\/?p=19306"},"modified":"2024-11-15T12:09:32","modified_gmt":"2024-11-15T15:09:32","slug":"mas-de-2-millones-de-argentinos-podrian-tener-epoc-y-no-lo-saben","status":"publish","type":"post","link":"https:\/\/sergiolapegue.com\/site\/2024\/11\/21\/mas-de-2-millones-de-argentinos-podrian-tener-epoc-y-no-lo-saben\/","title":{"rendered":"M\u00e1s de 2 millones de argentinos podr\u00edan tener EPOC y no lo saben"},"content":{"rendered":"\n<p>Tener EPOC es padecer una enfermedad de lenta progresi\u00f3n que tiene como s\u00edntoma caracter\u00edstico la falta de aire. Este s\u00edntoma se manifiesta inicialmente ante mayores esfuerzos, como correr el colectivo o subir escaleras y luego ante tareas cotidianas, como tender la ropa o salir a caminar. Adicionalmente, se trata de una afecci\u00f3n de elevada prevalencia y constituye la tercera causa de muerte a nivel mundial. La detecci\u00f3n temprana y el manejo adecuado son claves en la evoluci\u00f3n de los pacientes.<\/p>\n\n\n\n<p>La causa principal de la EPOC es el tabaquismo, por eso es tan importante que quienes fuman o fueron fumadores se realicen estudios diagn\u00f3sticos. El desarrollo de la enfermedad, en menor medida, puede estar relacionada a otros factores de exposici\u00f3n ambiental como el humo de le\u00f1a o exposici\u00f3n a t\u00f3xicos inhalatorios laborales, a enfermedades respiratorias adquiridas durante el desarrollo y a factores gen\u00e9ticos.<\/p>\n\n\n\n<p>Si bien la EPOC posee tratamiento, a\u00fan no tiene cura; por ello, todas las medidas posibles de prevenci\u00f3n adquieren una gran importancia. La detecci\u00f3n temprana de la enfermedad ante los primeros s\u00edntomas facilita su manejo, evitando la progresi\u00f3n a etapas avanzadas en las que la calidad de vida del paciente se ve especialmente limitada. De la misma manera, detectar a personas en riesgo de desarrollar la enfermedad constituye una medida a\u00fan m\u00e1s efectiva, ya que la EPOC una vez presente, tiene un curso progresivo a lo largo del tiempo.<\/p>\n\n\n\n<p><strong>Una enfermedad de muchos, un diagn\u00f3stico de pocos, una oportunidad para todos<\/strong><br>A nivel poblacional, y considerando tanto la realidad nacional como global, el mayor problema que se presenta con esta enfermedad es lo que llamamos subdiagn\u00f3stico. Es decir, la persona que tiene EPOC y no lo sabe. En nuestro pa\u00eds, seg\u00fan el estudio epidemiol\u00f3gico EPOC.AR, dicha tasa supera el 70%. De esta manera, de cada 10 personas que padecen la enfermedad, al menos 7 no est\u00e1n diagnosticadas. Trasladando este porcentaje a las cifras del \u00faltimo censo nacional, habr\u00eda en Argentina m\u00e1s de 2.100.000 de personas con EPOC y sin diagn\u00f3stico.<\/p>\n\n\n\n<p>En este contexto, la Asociaci\u00f3n Argentina de Medicina Respiratoria (AAMR), junto con la Sociedad de Tisiolog\u00eda y Neumonolog\u00eda de la Provincia de Buenos Aires (STNBA), se unieron para lanzar este a\u00f1o una campa\u00f1a para incrementar el diagn\u00f3stico y para la detecci\u00f3n temprana de la enfermedad bajo el slogan: &#8220;Podr\u00eda ser EPOC&#8221;.<\/p>\n\n\n\n<p>En la misma, se refuerzan las propuestas de las diferentes gu\u00edas cient\u00edficas, estimulando a realizar una espirometr\u00eda para su diagn\u00f3stico. Una persona con s\u00edntomas respiratorios (falta de aire de cualquier intensidad, tos o percepci\u00f3n de ruidos durante su respiraci\u00f3n) o sin ellos (asintom\u00e1tica) pero con factores de riesgo (por ejemplo, que fuma o que haya fumado) deber\u00eda consultar a su m\u00e9dico y realizarse ese estudio.<\/p>\n\n\n\n<figure class=\"wp-block-image size-full is-style-rounded\"><img decoding=\"async\" src=\"https:\/\/sergiolapegue.com\/site\/wp-content\/uploads\/2021\/11\/EPOC02.jpg\" alt=\"\" class=\"wp-image-2568\"\/><\/figure>\n\n\n\n<p><strong>\u00bfTe hiciste una espirometr\u00eda?<\/strong><br>Si te falta el aire al realizar cualquier actividad (sea ante grandes esfuerzos o tareas cotidianas), si ten\u00e9s tos, si fum\u00e1s o fumaste aunque no tengas s\u00edntomas, si est\u00e1s expuesto a alg\u00fan grado de contaminaci\u00f3n del ambiente, consult\u00e1 a tu m\u00e9dico y realiz\u00e1 una espirometr\u00eda.<\/p>\n\n\n\n<p>La espirometr\u00eda es una prueba que mide la cantidad de aire que una persona puede inhalar y exhalar, as\u00ed como la velocidad con la que lo hace. Es el pilar diagn\u00f3stico de la EPOC y permite conocer la funci\u00f3n pulmonar de cualquier persona, comparando con los valores esperados para su edad, g\u00e9nero y contextura.<\/p>\n\n\n\n<p><strong>Es una prueba indolora y no invasiva. Durante el estudio solo se te pedir\u00e1 que soples a trav\u00e9s de una boquilla, siguiendo las instrucciones del t\u00e9cnico o m\u00e9dico. La prueba dura solo unos pocos minutos.<\/strong><\/p>\n\n\n\n<p>Si el estudio confirma la presencia de EPOC, la medicina respiratoria cuenta, en la actualidad, con buenos y eficaces tratamientos para su manejo tanto farmacol\u00f3gicos como no farmacol\u00f3gicos. Entre los primeros, varias opciones de tratamiento inhalatorio que su m\u00e9dico podr\u00eda prescribir de ser necesario. Entre los segundos, diversas medidas cuyos pilares son la actividad f\u00edsica y rehabilitaci\u00f3n respiratoria, la educaci\u00f3n y la prevenci\u00f3n.<\/p>\n\n\n\n<p>La Asociaci\u00f3n Argentina de Medicina Respiratoria (AAMR) y la Sociedad de Tisiolog\u00eda y Neumonolog\u00eda de la Provincia de Buenos Aires (STNBA) contin\u00faan trabajando con firmeza en disminuir la exposici\u00f3n a los factores de riesgo que puedan afectar la salud respiratoria de la poblaci\u00f3n.<\/p>\n\n\n\n<p><strong>Dejar de fumar (o evitar iniciar el consumo de cigarrillo u otros humos) es prioridad en esta direcci\u00f3n, m\u00e1s all\u00e1 de otras acciones que transitamos en la construcci\u00f3n de una mejor salud ambiental.&nbsp;<\/strong>Trabajemos juntos en la prevenci\u00f3n y la detecci\u00f3n temprana de la enfermedad.<\/p>\n\n\n\n<figure class=\"wp-block-image size-full is-style-rounded\"><img loading=\"lazy\" decoding=\"async\" width=\"800\" height=\"533\" src=\"https:\/\/sergiolapegue.com\/site\/wp-content\/uploads\/2024\/11\/epoc01.png\" alt=\"\" class=\"wp-image-19307\" srcset=\"https:\/\/sergiolapegue.com\/site\/wp-content\/uploads\/2024\/11\/epoc01.png 800w, https:\/\/sergiolapegue.com\/site\/wp-content\/uploads\/2024\/11\/epoc01-300x200.png 300w, https:\/\/sergiolapegue.com\/site\/wp-content\/uploads\/2024\/11\/epoc01-768x512.png 768w, https:\/\/sergiolapegue.com\/site\/wp-content\/uploads\/2024\/11\/epoc01-630x420.png 630w, https:\/\/sergiolapegue.com\/site\/wp-content\/uploads\/2024\/11\/epoc01-696x464.png 696w\" sizes=\"auto, (max-width: 800px) 100vw, 800px\" \/><\/figure>\n","protected":false},"excerpt":{"rendered":"<p>Tener EPOC es padecer una enfermedad de lenta progresi\u00f3n que tiene como s\u00edntoma caracter\u00edstico la falta de aire. Este s\u00edntoma se manifiesta inicialmente ante mayores esfuerzos, como correr el colectivo o subir escaleras y luego ante tareas cotidianas, como tender la ropa o salir a caminar. Adicionalmente, se trata de una afecci\u00f3n de elevada prevalencia [&hellip;]<\/p>\n","protected":false},"author":4,"featured_media":0,"comment_status":"closed","ping_status":"closed","sticky":false,"template":"","format":"standard","meta":{"footnotes":""},"categories":[40],"tags":[249,157,210,3949,566,3723],"class_list":{"0":"post-19306","1":"post","2":"type-post","3":"status-publish","4":"format-standard","6":"category-salud","7":"tag-diagnostico","8":"tag-enfermedad","9":"tag-epoc","10":"tag-espirometria","11":"tag-fumar","12":"tag-sintoma"},"yoast_head":"<!-- This site is optimized with the Yoast SEO plugin v27.5 - https:\/\/yoast.com\/product\/yoast-seo-wordpress\/ -->\n<title>M\u00e1s de 2 millones de argentinos podr\u00edan tener EPOC y no lo saben - Sergio Lapegue<\/title>\n<meta name=\"robots\" content=\"index, follow, max-snippet:-1, max-image-preview:large, max-video-preview:-1\" \/>\n<link rel=\"canonical\" href=\"https:\/\/sergiolapegue.com\/site\/2024\/11\/21\/mas-de-2-millones-de-argentinos-podrian-tener-epoc-y-no-lo-saben\/\" \/>\n<meta property=\"og:locale\" content=\"es_ES\" \/>\n<meta property=\"og:type\" content=\"article\" \/>\n<meta property=\"og:title\" content=\"M\u00e1s de 2 millones de argentinos podr\u00edan tener EPOC y no lo saben - Sergio Lapegue\" \/>\n<meta property=\"og:description\" content=\"Tener EPOC es padecer una enfermedad de lenta progresi\u00f3n que tiene como s\u00edntoma caracter\u00edstico la falta de aire. Este s\u00edntoma se manifiesta inicialmente ante mayores esfuerzos, como correr el colectivo o subir escaleras y luego ante tareas cotidianas, como tender la ropa o salir a caminar. Adicionalmente, se trata de una afecci\u00f3n de elevada prevalencia [&hellip;]\" \/>\n<meta property=\"og:url\" content=\"https:\/\/sergiolapegue.com\/site\/2024\/11\/21\/mas-de-2-millones-de-argentinos-podrian-tener-epoc-y-no-lo-saben\/\" \/>\n<meta property=\"og:site_name\" content=\"Sergio Lapegue\" \/>\n<meta property=\"article:publisher\" content=\"https:\/\/facebook.com\/sergiolapegue\" \/>\n<meta property=\"article:published_time\" content=\"2024-11-21T12:06:00+00:00\" \/>\n<meta property=\"og:image\" content=\"https:\/\/sergiolapegue.com\/site\/wp-content\/uploads\/2022\/11\/epoc01.jpg\" \/>\n\t<meta property=\"og:image:width\" content=\"900\" \/>\n\t<meta property=\"og:image:height\" content=\"721\" \/>\n\t<meta property=\"og:image:type\" content=\"image\/jpeg\" \/>\n<meta name=\"author\" content=\"Leonardo Monta\u00f1a\" \/>\n<meta name=\"twitter:card\" content=\"summary_large_image\" \/>\n<meta name=\"twitter:creator\" content=\"@https:\/\/twitter.com\/soytoto81\" \/>\n<meta name=\"twitter:site\" content=\"@sergiolapegue\" \/>\n<meta name=\"twitter:label1\" content=\"Escrito por\" \/>\n\t<meta name=\"twitter:data1\" content=\"Leonardo Monta\u00f1a\" \/>\n\t<meta name=\"twitter:label2\" content=\"Tiempo de lectura\" \/>\n\t<meta name=\"twitter:data2\" content=\"4 minutos\" \/>\n<script type=\"application\/ld+json\" class=\"yoast-schema-graph\">{\"@context\":\"https:\\\/\\\/schema.org\",\"@graph\":[{\"@type\":\"Article\",\"@id\":\"https:\\\/\\\/sergiolapegue.com\\\/site\\\/2024\\\/11\\\/21\\\/mas-de-2-millones-de-argentinos-podrian-tener-epoc-y-no-lo-saben\\\/#article\",\"isPartOf\":{\"@id\":\"https:\\\/\\\/sergiolapegue.com\\\/site\\\/2024\\\/11\\\/21\\\/mas-de-2-millones-de-argentinos-podrian-tener-epoc-y-no-lo-saben\\\/\"},\"author\":{\"name\":\"Leonardo Monta\u00f1a\",\"@id\":\"https:\\\/\\\/sergiolapegue.com\\\/site\\\/#\\\/schema\\\/person\\\/00adf937d010c7f79a180dc4916a40e0\"},\"headline\":\"M\u00e1s de 2 millones de argentinos podr\u00edan tener EPOC y no lo saben\",\"datePublished\":\"2024-11-21T12:06:00+00:00\",\"mainEntityOfPage\":{\"@id\":\"https:\\\/\\\/sergiolapegue.com\\\/site\\\/2024\\\/11\\\/21\\\/mas-de-2-millones-de-argentinos-podrian-tener-epoc-y-no-lo-saben\\\/\"},\"wordCount\":832,\"publisher\":{\"@id\":\"https:\\\/\\\/sergiolapegue.com\\\/site\\\/#\\\/schema\\\/person\\\/083aeceeb0734cd166779ea6c0551a37\"},\"image\":{\"@id\":\"https:\\\/\\\/sergiolapegue.com\\\/site\\\/2024\\\/11\\\/21\\\/mas-de-2-millones-de-argentinos-podrian-tener-epoc-y-no-lo-saben\\\/#primaryimage\"},\"thumbnailUrl\":\"https:\\\/\\\/sergiolapegue.com\\\/site\\\/wp-content\\\/uploads\\\/2021\\\/11\\\/EPOC02.jpg\",\"keywords\":[\"diagnostico\",\"enfermedad\",\"epoc\",\"espirometria\",\"fumar\",\"sintoma\"],\"articleSection\":[\"Salud\"],\"inLanguage\":\"es-AR\"},{\"@type\":\"WebPage\",\"@id\":\"https:\\\/\\\/sergiolapegue.com\\\/site\\\/2024\\\/11\\\/21\\\/mas-de-2-millones-de-argentinos-podrian-tener-epoc-y-no-lo-saben\\\/\",\"url\":\"https:\\\/\\\/sergiolapegue.com\\\/site\\\/2024\\\/11\\\/21\\\/mas-de-2-millones-de-argentinos-podrian-tener-epoc-y-no-lo-saben\\\/\",\"name\":\"M\u00e1s de 2 millones de argentinos podr\u00edan tener EPOC y no lo saben - Sergio Lapegue\",\"isPartOf\":{\"@id\":\"https:\\\/\\\/sergiolapegue.com\\\/site\\\/#website\"},\"primaryImageOfPage\":{\"@id\":\"https:\\\/\\\/sergiolapegue.com\\\/site\\\/2024\\\/11\\\/21\\\/mas-de-2-millones-de-argentinos-podrian-tener-epoc-y-no-lo-saben\\\/#primaryimage\"},\"image\":{\"@id\":\"https:\\\/\\\/sergiolapegue.com\\\/site\\\/2024\\\/11\\\/21\\\/mas-de-2-millones-de-argentinos-podrian-tener-epoc-y-no-lo-saben\\\/#primaryimage\"},\"thumbnailUrl\":\"https:\\\/\\\/sergiolapegue.com\\\/site\\\/wp-content\\\/uploads\\\/2021\\\/11\\\/EPOC02.jpg\",\"datePublished\":\"2024-11-21T12:06:00+00:00\",\"breadcrumb\":{\"@id\":\"https:\\\/\\\/sergiolapegue.com\\\/site\\\/2024\\\/11\\\/21\\\/mas-de-2-millones-de-argentinos-podrian-tener-epoc-y-no-lo-saben\\\/#breadcrumb\"},\"inLanguage\":\"es-AR\",\"potentialAction\":[{\"@type\":\"ReadAction\",\"target\":[\"https:\\\/\\\/sergiolapegue.com\\\/site\\\/2024\\\/11\\\/21\\\/mas-de-2-millones-de-argentinos-podrian-tener-epoc-y-no-lo-saben\\\/\"]}]},{\"@type\":\"ImageObject\",\"inLanguage\":\"es-AR\",\"@id\":\"https:\\\/\\\/sergiolapegue.com\\\/site\\\/2024\\\/11\\\/21\\\/mas-de-2-millones-de-argentinos-podrian-tener-epoc-y-no-lo-saben\\\/#primaryimage\",\"url\":\"\",\"contentUrl\":\"\"},{\"@type\":\"BreadcrumbList\",\"@id\":\"https:\\\/\\\/sergiolapegue.com\\\/site\\\/2024\\\/11\\\/21\\\/mas-de-2-millones-de-argentinos-podrian-tener-epoc-y-no-lo-saben\\\/#breadcrumb\",\"itemListElement\":[{\"@type\":\"ListItem\",\"position\":1,\"name\":\"Inicio\",\"item\":\"https:\\\/\\\/sergiolapegue.com\\\/site\\\/\"},{\"@type\":\"ListItem\",\"position\":2,\"name\":\"M\u00e1s de 2 millones de argentinos podr\u00edan tener EPOC y no lo saben\"}]},{\"@type\":\"WebSite\",\"@id\":\"https:\\\/\\\/sergiolapegue.com\\\/site\\\/#website\",\"url\":\"https:\\\/\\\/sergiolapegue.com\\\/site\\\/\",\"name\":\"Sergio Lapegue\",\"description\":\"Periodista\",\"publisher\":{\"@id\":\"https:\\\/\\\/sergiolapegue.com\\\/site\\\/#\\\/schema\\\/person\\\/083aeceeb0734cd166779ea6c0551a37\"},\"potentialAction\":[{\"@type\":\"SearchAction\",\"target\":{\"@type\":\"EntryPoint\",\"urlTemplate\":\"https:\\\/\\\/sergiolapegue.com\\\/site\\\/?s={search_term_string}\"},\"query-input\":{\"@type\":\"PropertyValueSpecification\",\"valueRequired\":true,\"valueName\":\"search_term_string\"}}],\"inLanguage\":\"es-AR\"},{\"@type\":[\"Person\",\"Organization\"],\"@id\":\"https:\\\/\\\/sergiolapegue.com\\\/site\\\/#\\\/schema\\\/person\\\/083aeceeb0734cd166779ea6c0551a37\",\"name\":\"Sergio Lapegue\",\"image\":{\"@type\":\"ImageObject\",\"inLanguage\":\"es-AR\",\"@id\":\"https:\\\/\\\/sergiolapegue.com\\\/site\\\/wp-content\\\/uploads\\\/2021\\\/04\\\/logo_header-1.png\",\"url\":\"https:\\\/\\\/sergiolapegue.com\\\/site\\\/wp-content\\\/uploads\\\/2021\\\/04\\\/logo_header-1.png\",\"contentUrl\":\"https:\\\/\\\/sergiolapegue.com\\\/site\\\/wp-content\\\/uploads\\\/2021\\\/04\\\/logo_header-1.png\",\"width\":272,\"height\":90,\"caption\":\"Sergio Lapegue\"},\"logo\":{\"@id\":\"https:\\\/\\\/sergiolapegue.com\\\/site\\\/wp-content\\\/uploads\\\/2021\\\/04\\\/logo_header-1.png\"},\"sameAs\":[\"https:\\\/\\\/facebook.com\\\/sergiolapegue\",\"https:\\\/\\\/instagram.com\\\/sergiolapegue\",\"https:\\\/\\\/x.com\\\/https:\\\/\\\/twitter.com\\\/sergiolapegue\"]},{\"@type\":\"Person\",\"@id\":\"https:\\\/\\\/sergiolapegue.com\\\/site\\\/#\\\/schema\\\/person\\\/00adf937d010c7f79a180dc4916a40e0\",\"name\":\"Leonardo Monta\u00f1a\",\"image\":{\"@type\":\"ImageObject\",\"inLanguage\":\"es-AR\",\"@id\":\"https:\\\/\\\/sergiolapegue.com\\\/site\\\/wp-content\\\/uploads\\\/2021\\\/04\\\/sl_avatar_Leonardo-150x150.jpg\",\"url\":\"https:\\\/\\\/sergiolapegue.com\\\/site\\\/wp-content\\\/uploads\\\/2021\\\/04\\\/sl_avatar_Leonardo-150x150.jpg\",\"contentUrl\":\"https:\\\/\\\/sergiolapegue.com\\\/site\\\/wp-content\\\/uploads\\\/2021\\\/04\\\/sl_avatar_Leonardo-150x150.jpg\",\"caption\":\"Leonardo Monta\u00f1a\"},\"sameAs\":[\"https:\\\/\\\/x.com\\\/https:\\\/\\\/twitter.com\\\/soytoto81\"],\"url\":\"https:\\\/\\\/sergiolapegue.com\\\/site\\\/author\\\/leonardo\\\/\"}]}<\/script>\n<!-- \/ Yoast SEO plugin. -->","yoast_head_json":{"title":"M\u00e1s de 2 millones de argentinos podr\u00edan tener EPOC y no lo saben - Sergio Lapegue","robots":{"index":"index","follow":"follow","max-snippet":"max-snippet:-1","max-image-preview":"max-image-preview:large","max-video-preview":"max-video-preview:-1"},"canonical":"https:\/\/sergiolapegue.com\/site\/2024\/11\/21\/mas-de-2-millones-de-argentinos-podrian-tener-epoc-y-no-lo-saben\/","og_locale":"es_ES","og_type":"article","og_title":"M\u00e1s de 2 millones de argentinos podr\u00edan tener EPOC y no lo saben - Sergio Lapegue","og_description":"Tener EPOC es padecer una enfermedad de lenta progresi\u00f3n que tiene como s\u00edntoma caracter\u00edstico la falta de aire. Este s\u00edntoma se manifiesta inicialmente ante mayores esfuerzos, como correr el colectivo o subir escaleras y luego ante tareas cotidianas, como tender la ropa o salir a caminar. Adicionalmente, se trata de una afecci\u00f3n de elevada prevalencia [&hellip;]","og_url":"https:\/\/sergiolapegue.com\/site\/2024\/11\/21\/mas-de-2-millones-de-argentinos-podrian-tener-epoc-y-no-lo-saben\/","og_site_name":"Sergio Lapegue","article_publisher":"https:\/\/facebook.com\/sergiolapegue","article_published_time":"2024-11-21T12:06:00+00:00","og_image":[{"width":900,"height":721,"url":"https:\/\/sergiolapegue.com\/site\/wp-content\/uploads\/2022\/11\/epoc01.jpg","type":"image\/jpeg"}],"author":"Leonardo Monta\u00f1a","twitter_card":"summary_large_image","twitter_creator":"@https:\/\/twitter.com\/soytoto81","twitter_site":"@sergiolapegue","twitter_misc":{"Escrito por":"Leonardo Monta\u00f1a","Tiempo de lectura":"4 minutos"},"schema":{"@context":"https:\/\/schema.org","@graph":[{"@type":"Article","@id":"https:\/\/sergiolapegue.com\/site\/2024\/11\/21\/mas-de-2-millones-de-argentinos-podrian-tener-epoc-y-no-lo-saben\/#article","isPartOf":{"@id":"https:\/\/sergiolapegue.com\/site\/2024\/11\/21\/mas-de-2-millones-de-argentinos-podrian-tener-epoc-y-no-lo-saben\/"},"author":{"name":"Leonardo Monta\u00f1a","@id":"https:\/\/sergiolapegue.com\/site\/#\/schema\/person\/00adf937d010c7f79a180dc4916a40e0"},"headline":"M\u00e1s de 2 millones de argentinos podr\u00edan tener EPOC y no lo saben","datePublished":"2024-11-21T12:06:00+00:00","mainEntityOfPage":{"@id":"https:\/\/sergiolapegue.com\/site\/2024\/11\/21\/mas-de-2-millones-de-argentinos-podrian-tener-epoc-y-no-lo-saben\/"},"wordCount":832,"publisher":{"@id":"https:\/\/sergiolapegue.com\/site\/#\/schema\/person\/083aeceeb0734cd166779ea6c0551a37"},"image":{"@id":"https:\/\/sergiolapegue.com\/site\/2024\/11\/21\/mas-de-2-millones-de-argentinos-podrian-tener-epoc-y-no-lo-saben\/#primaryimage"},"thumbnailUrl":"https:\/\/sergiolapegue.com\/site\/wp-content\/uploads\/2021\/11\/EPOC02.jpg","keywords":["diagnostico","enfermedad","epoc","espirometria","fumar","sintoma"],"articleSection":["Salud"],"inLanguage":"es-AR"},{"@type":"WebPage","@id":"https:\/\/sergiolapegue.com\/site\/2024\/11\/21\/mas-de-2-millones-de-argentinos-podrian-tener-epoc-y-no-lo-saben\/","url":"https:\/\/sergiolapegue.com\/site\/2024\/11\/21\/mas-de-2-millones-de-argentinos-podrian-tener-epoc-y-no-lo-saben\/","name":"M\u00e1s de 2 millones de argentinos podr\u00edan tener EPOC y no lo saben - Sergio Lapegue","isPartOf":{"@id":"https:\/\/sergiolapegue.com\/site\/#website"},"primaryImageOfPage":{"@id":"https:\/\/sergiolapegue.com\/site\/2024\/11\/21\/mas-de-2-millones-de-argentinos-podrian-tener-epoc-y-no-lo-saben\/#primaryimage"},"image":{"@id":"https:\/\/sergiolapegue.com\/site\/2024\/11\/21\/mas-de-2-millones-de-argentinos-podrian-tener-epoc-y-no-lo-saben\/#primaryimage"},"thumbnailUrl":"https:\/\/sergiolapegue.com\/site\/wp-content\/uploads\/2021\/11\/EPOC02.jpg","datePublished":"2024-11-21T12:06:00+00:00","breadcrumb":{"@id":"https:\/\/sergiolapegue.com\/site\/2024\/11\/21\/mas-de-2-millones-de-argentinos-podrian-tener-epoc-y-no-lo-saben\/#breadcrumb"},"inLanguage":"es-AR","potentialAction":[{"@type":"ReadAction","target":["https:\/\/sergiolapegue.com\/site\/2024\/11\/21\/mas-de-2-millones-de-argentinos-podrian-tener-epoc-y-no-lo-saben\/"]}]},{"@type":"ImageObject","inLanguage":"es-AR","@id":"https:\/\/sergiolapegue.com\/site\/2024\/11\/21\/mas-de-2-millones-de-argentinos-podrian-tener-epoc-y-no-lo-saben\/#primaryimage","url":"","contentUrl":""},{"@type":"BreadcrumbList","@id":"https:\/\/sergiolapegue.com\/site\/2024\/11\/21\/mas-de-2-millones-de-argentinos-podrian-tener-epoc-y-no-lo-saben\/#breadcrumb","itemListElement":[{"@type":"ListItem","position":1,"name":"Inicio","item":"https:\/\/sergiolapegue.com\/site\/"},{"@type":"ListItem","position":2,"name":"M\u00e1s de 2 millones de argentinos podr\u00edan tener EPOC y no lo saben"}]},{"@type":"WebSite","@id":"https:\/\/sergiolapegue.com\/site\/#website","url":"https:\/\/sergiolapegue.com\/site\/","name":"Sergio Lapegue","description":"Periodista","publisher":{"@id":"https:\/\/sergiolapegue.com\/site\/#\/schema\/person\/083aeceeb0734cd166779ea6c0551a37"},"potentialAction":[{"@type":"SearchAction","target":{"@type":"EntryPoint","urlTemplate":"https:\/\/sergiolapegue.com\/site\/?s={search_term_string}"},"query-input":{"@type":"PropertyValueSpecification","valueRequired":true,"valueName":"search_term_string"}}],"inLanguage":"es-AR"},{"@type":["Person","Organization"],"@id":"https:\/\/sergiolapegue.com\/site\/#\/schema\/person\/083aeceeb0734cd166779ea6c0551a37","name":"Sergio Lapegue","image":{"@type":"ImageObject","inLanguage":"es-AR","@id":"https:\/\/sergiolapegue.com\/site\/wp-content\/uploads\/2021\/04\/logo_header-1.png","url":"https:\/\/sergiolapegue.com\/site\/wp-content\/uploads\/2021\/04\/logo_header-1.png","contentUrl":"https:\/\/sergiolapegue.com\/site\/wp-content\/uploads\/2021\/04\/logo_header-1.png","width":272,"height":90,"caption":"Sergio Lapegue"},"logo":{"@id":"https:\/\/sergiolapegue.com\/site\/wp-content\/uploads\/2021\/04\/logo_header-1.png"},"sameAs":["https:\/\/facebook.com\/sergiolapegue","https:\/\/instagram.com\/sergiolapegue","https:\/\/x.com\/https:\/\/twitter.com\/sergiolapegue"]},{"@type":"Person","@id":"https:\/\/sergiolapegue.com\/site\/#\/schema\/person\/00adf937d010c7f79a180dc4916a40e0","name":"Leonardo Monta\u00f1a","image":{"@type":"ImageObject","inLanguage":"es-AR","@id":"https:\/\/sergiolapegue.com\/site\/wp-content\/uploads\/2021\/04\/sl_avatar_Leonardo-150x150.jpg","url":"https:\/\/sergiolapegue.com\/site\/wp-content\/uploads\/2021\/04\/sl_avatar_Leonardo-150x150.jpg","contentUrl":"https:\/\/sergiolapegue.com\/site\/wp-content\/uploads\/2021\/04\/sl_avatar_Leonardo-150x150.jpg","caption":"Leonardo Monta\u00f1a"},"sameAs":["https:\/\/x.com\/https:\/\/twitter.com\/soytoto81"],"url":"https:\/\/sergiolapegue.com\/site\/author\/leonardo\/"}]}},"_links":{"self":[{"href":"https:\/\/sergiolapegue.com\/site\/wp-json\/wp\/v2\/posts\/19306","targetHints":{"allow":["GET"]}}],"collection":[{"href":"https:\/\/sergiolapegue.com\/site\/wp-json\/wp\/v2\/posts"}],"about":[{"href":"https:\/\/sergiolapegue.com\/site\/wp-json\/wp\/v2\/types\/post"}],"author":[{"embeddable":true,"href":"https:\/\/sergiolapegue.com\/site\/wp-json\/wp\/v2\/users\/4"}],"replies":[{"embeddable":true,"href":"https:\/\/sergiolapegue.com\/site\/wp-json\/wp\/v2\/comments?post=19306"}],"version-history":[{"count":1,"href":"https:\/\/sergiolapegue.com\/site\/wp-json\/wp\/v2\/posts\/19306\/revisions"}],"predecessor-version":[{"id":19308,"href":"https:\/\/sergiolapegue.com\/site\/wp-json\/wp\/v2\/posts\/19306\/revisions\/19308"}],"wp:attachment":[{"href":"https:\/\/sergiolapegue.com\/site\/wp-json\/wp\/v2\/media?parent=19306"}],"wp:term":[{"taxonomy":"category","embeddable":true,"href":"https:\/\/sergiolapegue.com\/site\/wp-json\/wp\/v2\/categories?post=19306"},{"taxonomy":"post_tag","embeddable":true,"href":"https:\/\/sergiolapegue.com\/site\/wp-json\/wp\/v2\/tags?post=19306"}],"curies":[{"name":"wp","href":"https:\/\/api.w.org\/{rel}","templated":true}]}}