{"id":19204,"date":"2024-11-12T01:00:00","date_gmt":"2024-11-12T04:00:00","guid":{"rendered":"https:\/\/sergiolapegue.com\/site\/?p=19204"},"modified":"2024-11-11T01:35:45","modified_gmt":"2024-11-11T04:35:45","slug":"el-cumple-de-la-juli","status":"publish","type":"post","link":"https:\/\/sergiolapegue.com\/site\/2024\/11\/12\/el-cumple-de-la-juli\/","title":{"rendered":"EL CUMPLE DE LA JULI"},"content":{"rendered":"\n<p>Desde el 9 de noviembre se presenta en Teatro Multiescena CPM la obra \u201cEl cumple de la Juli\u201d, con dramaturgia y direcci\u00f3n de Pablo Ocanto y la actuaciones de Yovanny Duran, Tom\u00e1s Mussini, Ludmi Soledad, Cami Cortese, Ariel Garc\u00eda, Guillermo Guilarte, Juan Suasnabar, Alejandro Galviz Barajas, Rodri Pinella, Male Carrera, Julieta Lafonte, Nahuel Gonz\u00e1lez y In\u00e9s Fern\u00e1ndez Cabral.<\/p>\n\n\n\n<p>Las funciones son los s\u00e1bados de noviembre a las 20:00 horas.<\/p>\n\n\n\n<figure class=\"wp-block-image size-large\"><img loading=\"lazy\" decoding=\"async\" width=\"1024\" height=\"409\" src=\"https:\/\/sergiolapegue.com\/site\/wp-content\/uploads\/2024\/11\/El-cumple-de-la-Juli-1-1024x409.jpg\" alt=\"\" class=\"wp-image-19205\" srcset=\"https:\/\/sergiolapegue.com\/site\/wp-content\/uploads\/2024\/11\/El-cumple-de-la-Juli-1-1024x409.jpg 1024w, https:\/\/sergiolapegue.com\/site\/wp-content\/uploads\/2024\/11\/El-cumple-de-la-Juli-1-300x120.jpg 300w, https:\/\/sergiolapegue.com\/site\/wp-content\/uploads\/2024\/11\/El-cumple-de-la-Juli-1-768x307.jpg 768w, https:\/\/sergiolapegue.com\/site\/wp-content\/uploads\/2024\/11\/El-cumple-de-la-Juli-1-1536x614.jpg 1536w, https:\/\/sergiolapegue.com\/site\/wp-content\/uploads\/2024\/11\/El-cumple-de-la-Juli-1-1051x420.jpg 1051w, https:\/\/sergiolapegue.com\/site\/wp-content\/uploads\/2024\/11\/El-cumple-de-la-Juli-1-696x278.jpg 696w, https:\/\/sergiolapegue.com\/site\/wp-content\/uploads\/2024\/11\/El-cumple-de-la-Juli-1-1068x427.jpg 1068w, https:\/\/sergiolapegue.com\/site\/wp-content\/uploads\/2024\/11\/El-cumple-de-la-Juli-1.jpg 1899w\" sizes=\"auto, (max-width: 1024px) 100vw, 1024px\" \/><\/figure>\n\n\n\n<p><strong>SINOPSIS<\/strong><\/p>\n\n\n\n<p>Est\u00e1n todos invitados al cumple la Juli, un cumple muy &#8220;particular&#8221;, que con la familia basta, y uno que otro amigo del barrio que se llega sin invitaci\u00f3n. Y ustedes; si, ustedes ser\u00e1n parte de esta gran celebraci\u00f3n. Conocer\u00e1n a La Luisa, la Roberta, a Lola y su chup\u00f3n, obvio que la Juli tambi\u00e9n estar\u00e1, al igual que Rafael y su borrachera cotidiana. Veni, veni y disfruta de una hora llena de sorpresas y mucha gente que no se banca entre s\u00ed. Una comedia muy bizarra. Sera una celebraci\u00f3n inolvidable!, venite perri, esta re cheta la celebraci\u00f3n.<\/p>\n\n\n\n<figure class=\"wp-block-image size-large\"><img loading=\"lazy\" decoding=\"async\" width=\"1024\" height=\"407\" src=\"https:\/\/sergiolapegue.com\/site\/wp-content\/uploads\/2024\/11\/El-cumple-de-la-Juli-2-1024x407.jpg\" alt=\"\" class=\"wp-image-19206\" srcset=\"https:\/\/sergiolapegue.com\/site\/wp-content\/uploads\/2024\/11\/El-cumple-de-la-Juli-2-1024x407.jpg 1024w, https:\/\/sergiolapegue.com\/site\/wp-content\/uploads\/2024\/11\/El-cumple-de-la-Juli-2-300x119.jpg 300w, https:\/\/sergiolapegue.com\/site\/wp-content\/uploads\/2024\/11\/El-cumple-de-la-Juli-2-768x305.jpg 768w, https:\/\/sergiolapegue.com\/site\/wp-content\/uploads\/2024\/11\/El-cumple-de-la-Juli-2-1536x610.jpg 1536w, https:\/\/sergiolapegue.com\/site\/wp-content\/uploads\/2024\/11\/El-cumple-de-la-Juli-2-1057x420.jpg 1057w, https:\/\/sergiolapegue.com\/site\/wp-content\/uploads\/2024\/11\/El-cumple-de-la-Juli-2-696x276.jpg 696w, https:\/\/sergiolapegue.com\/site\/wp-content\/uploads\/2024\/11\/El-cumple-de-la-Juli-2-1068x424.jpg 1068w, https:\/\/sergiolapegue.com\/site\/wp-content\/uploads\/2024\/11\/El-cumple-de-la-Juli-2.jpg 1906w\" sizes=\"auto, (max-width: 1024px) 100vw, 1024px\" \/><\/figure>\n\n\n\n<p><strong>FICHA T\u00c9CNICO ART\u00cdSTICA <\/strong><strong><\/strong><\/p>\n\n\n\n<p><strong>Dramaturgia:<\/strong> Pablo Ocanto<\/p>\n\n\n\n<p><strong>Elenco:<\/strong> Yovanny Duran \u2013 Tom\u00e1s Mussini \u2013 Ludmi Soledad \u2013 Cami Cortese \u2013 Ariel Garc\u00eda \u2013 Guillermo Guilarte \u2013 Juan Suasnabar \u2013 Alejandro Galviz Barajas \u2013 Rodri Pinella \u2013 Male Carrera \u2013 Julieta Lafonte \u2013 Nahuel Gonz\u00e1lez \u2013 In\u00e9s Fern\u00e1ndez Cabral<\/p>\n\n\n\n<p><strong>Dise\u00f1o gr\u00e1fico:<\/strong> Arts y Dise\u00f1os<\/p>\n\n\n\n<p><strong>Coordinaci\u00f3n de producci\u00f3n:<\/strong> Leonardo Ram\u00edrez<\/p>\n\n\n\n<p><strong>Asistencia t\u00e9cnica:<\/strong> Daniela Bravo y Ann Noguera<\/p>\n\n\n\n<p><strong>Direcci\u00f3n general:<\/strong> Pablo Ocanto<\/p>\n\n\n\n<p><strong>Duraci\u00f3n:<\/strong> 60 minutos<\/p>\n\n\n\n<p><strong>Clasificaci\u00f3n:<\/strong> Teatro \u2013 Presencial \u2013 ATP \u2013 Comedia<\/p>\n\n\n\n<figure class=\"wp-block-image size-large\"><img loading=\"lazy\" decoding=\"async\" width=\"1024\" height=\"422\" src=\"https:\/\/sergiolapegue.com\/site\/wp-content\/uploads\/2024\/11\/El-cumple-de-la-Juli-3-1024x422.jpg\" alt=\"\" class=\"wp-image-19207\" srcset=\"https:\/\/sergiolapegue.com\/site\/wp-content\/uploads\/2024\/11\/El-cumple-de-la-Juli-3-1024x422.jpg 1024w, https:\/\/sergiolapegue.com\/site\/wp-content\/uploads\/2024\/11\/El-cumple-de-la-Juli-3-300x124.jpg 300w, https:\/\/sergiolapegue.com\/site\/wp-content\/uploads\/2024\/11\/El-cumple-de-la-Juli-3-768x317.jpg 768w, https:\/\/sergiolapegue.com\/site\/wp-content\/uploads\/2024\/11\/El-cumple-de-la-Juli-3-1536x633.jpg 1536w, https:\/\/sergiolapegue.com\/site\/wp-content\/uploads\/2024\/11\/El-cumple-de-la-Juli-3-1018x420.jpg 1018w, https:\/\/sergiolapegue.com\/site\/wp-content\/uploads\/2024\/11\/El-cumple-de-la-Juli-3-696x287.jpg 696w, https:\/\/sergiolapegue.com\/site\/wp-content\/uploads\/2024\/11\/El-cumple-de-la-Juli-3-1068x440.jpg 1068w, https:\/\/sergiolapegue.com\/site\/wp-content\/uploads\/2024\/11\/El-cumple-de-la-Juli-3.jpg 1901w\" sizes=\"auto, (max-width: 1024px) 100vw, 1024px\" \/><\/figure>\n\n\n\n<p><strong>TEATRO MULTIESCENA CPM<\/strong><strong><\/strong><\/p>\n\n\n\n<p>Av. Corrientes 1764 \u2013 Capital Federal \u2013 Buenos Aires \u2013 Argentina<\/p>\n\n\n\n<p>Tel\u00e9fono: 5235-3643<\/p>\n\n\n\n<p>Entradas: $ 12.000 \u2013 en boleter\u00eda del teatro o por Plateanet<\/p>\n\n\n\n<p>Funciones: S\u00e1bados 20:00 horas \u2013 Del 09\/11\/2024 al 30\/11\/2024<\/p>\n\n\n\n<p>Gracias Pablo Ocanto por hacernos llegar la gacetilla de prensa de este espect\u00e1culo.<\/p>\n","protected":false},"excerpt":{"rendered":"<p>Desde el 9 de noviembre se presenta en Teatro Multiescena CPM la obra \u201cEl cumple de la Juli\u201d, con dramaturgia y direcci\u00f3n de Pablo Ocanto y la actuaciones de Yovanny Duran, Tom\u00e1s Mussini, Ludmi Soledad, Cami Cortese, Ariel Garc\u00eda, Guillermo Guilarte, Juan Suasnabar, Alejandro Galviz Barajas, Rodri Pinella, Male Carrera, Julieta Lafonte, Nahuel Gonz\u00e1lez y [&hellip;]<\/p>\n","protected":false},"author":3,"featured_media":19208,"comment_status":"open","ping_status":"closed","sticky":false,"template":"","format":"standard","meta":{"footnotes":""},"categories":[34,35],"tags":[],"class_list":{"0":"post-19204","1":"post","2":"type-post","3":"status-publish","4":"format-standard","5":"has-post-thumbnail","7":"category-arte","8":"category-teatro"},"yoast_head":"<!-- This site is optimized with the Yoast SEO plugin v27.4 - https:\/\/yoast.com\/product\/yoast-seo-wordpress\/ -->\n<title>EL CUMPLE DE LA JULI - Sergio Lapegue<\/title>\n<meta name=\"robots\" content=\"index, follow, max-snippet:-1, max-image-preview:large, max-video-preview:-1\" \/>\n<link rel=\"canonical\" href=\"https:\/\/sergiolapegue.com\/site\/2024\/11\/12\/el-cumple-de-la-juli\/\" \/>\n<meta property=\"og:locale\" content=\"es_ES\" \/>\n<meta property=\"og:type\" content=\"article\" \/>\n<meta property=\"og:title\" content=\"EL CUMPLE DE LA JULI - Sergio Lapegue\" \/>\n<meta property=\"og:description\" content=\"Desde el 9 de noviembre se presenta en Teatro Multiescena CPM la obra \u201cEl cumple de la Juli\u201d, con dramaturgia y direcci\u00f3n de Pablo Ocanto y la actuaciones de Yovanny Duran, Tom\u00e1s Mussini, Ludmi Soledad, Cami Cortese, Ariel Garc\u00eda, Guillermo Guilarte, Juan Suasnabar, Alejandro Galviz Barajas, Rodri Pinella, Male Carrera, Julieta Lafonte, Nahuel Gonz\u00e1lez y [&hellip;]\" \/>\n<meta property=\"og:url\" content=\"https:\/\/sergiolapegue.com\/site\/2024\/11\/12\/el-cumple-de-la-juli\/\" \/>\n<meta property=\"og:site_name\" content=\"Sergio Lapegue\" \/>\n<meta property=\"article:publisher\" content=\"https:\/\/facebook.com\/sergiolapegue\" \/>\n<meta property=\"article:author\" content=\"https:\/\/facebook.com\/danielernesto.montana\" \/>\n<meta property=\"article:published_time\" content=\"2024-11-12T04:00:00+00:00\" \/>\n<meta property=\"og:image\" content=\"https:\/\/sergiolapegue.com\/site\/wp-content\/uploads\/2024\/11\/El-cumple-de-la-Juli.jpg\" \/>\n\t<meta property=\"og:image:width\" content=\"1440\" \/>\n\t<meta property=\"og:image:height\" content=\"1799\" \/>\n\t<meta property=\"og:image:type\" content=\"image\/jpeg\" \/>\n<meta name=\"author\" content=\"Daniel E. Monta\u00f1a\" \/>\n<meta name=\"twitter:card\" content=\"summary_large_image\" \/>\n<meta name=\"twitter:creator\" content=\"@https:\/\/twitter.com\/daner_004\" \/>\n<meta name=\"twitter:site\" content=\"@sergiolapegue\" \/>\n<meta name=\"twitter:label1\" content=\"Escrito por\" \/>\n\t<meta name=\"twitter:data1\" content=\"Daniel E. Monta\u00f1a\" \/>\n\t<meta name=\"twitter:label2\" content=\"Tiempo de lectura\" \/>\n\t<meta name=\"twitter:data2\" content=\"3 minutos\" \/>\n<script type=\"application\/ld+json\" class=\"yoast-schema-graph\">{\"@context\":\"https:\\\/\\\/schema.org\",\"@graph\":[{\"@type\":\"Article\",\"@id\":\"https:\\\/\\\/sergiolapegue.com\\\/site\\\/2024\\\/11\\\/12\\\/el-cumple-de-la-juli\\\/#article\",\"isPartOf\":{\"@id\":\"https:\\\/\\\/sergiolapegue.com\\\/site\\\/2024\\\/11\\\/12\\\/el-cumple-de-la-juli\\\/\"},\"author\":{\"name\":\"Daniel E. Monta\u00f1a\",\"@id\":\"https:\\\/\\\/sergiolapegue.com\\\/site\\\/#\\\/schema\\\/person\\\/9198e7dbab43c6d74d0fd5399af7c3cd\"},\"headline\":\"EL CUMPLE DE LA JULI\",\"datePublished\":\"2024-11-12T04:00:00+00:00\",\"mainEntityOfPage\":{\"@id\":\"https:\\\/\\\/sergiolapegue.com\\\/site\\\/2024\\\/11\\\/12\\\/el-cumple-de-la-juli\\\/\"},\"wordCount\":308,\"commentCount\":0,\"publisher\":{\"@id\":\"https:\\\/\\\/sergiolapegue.com\\\/site\\\/#\\\/schema\\\/person\\\/083aeceeb0734cd166779ea6c0551a37\"},\"image\":{\"@id\":\"https:\\\/\\\/sergiolapegue.com\\\/site\\\/2024\\\/11\\\/12\\\/el-cumple-de-la-juli\\\/#primaryimage\"},\"thumbnailUrl\":\"https:\\\/\\\/sergiolapegue.com\\\/site\\\/wp-content\\\/uploads\\\/2024\\\/11\\\/El-cumple-de-la-Juli.jpg\",\"articleSection\":[\"Arte\",\"Teatro\"],\"inLanguage\":\"es-AR\",\"potentialAction\":[{\"@type\":\"CommentAction\",\"name\":\"Comment\",\"target\":[\"https:\\\/\\\/sergiolapegue.com\\\/site\\\/2024\\\/11\\\/12\\\/el-cumple-de-la-juli\\\/#respond\"]}]},{\"@type\":\"WebPage\",\"@id\":\"https:\\\/\\\/sergiolapegue.com\\\/site\\\/2024\\\/11\\\/12\\\/el-cumple-de-la-juli\\\/\",\"url\":\"https:\\\/\\\/sergiolapegue.com\\\/site\\\/2024\\\/11\\\/12\\\/el-cumple-de-la-juli\\\/\",\"name\":\"EL CUMPLE DE LA JULI - Sergio Lapegue\",\"isPartOf\":{\"@id\":\"https:\\\/\\\/sergiolapegue.com\\\/site\\\/#website\"},\"primaryImageOfPage\":{\"@id\":\"https:\\\/\\\/sergiolapegue.com\\\/site\\\/2024\\\/11\\\/12\\\/el-cumple-de-la-juli\\\/#primaryimage\"},\"image\":{\"@id\":\"https:\\\/\\\/sergiolapegue.com\\\/site\\\/2024\\\/11\\\/12\\\/el-cumple-de-la-juli\\\/#primaryimage\"},\"thumbnailUrl\":\"https:\\\/\\\/sergiolapegue.com\\\/site\\\/wp-content\\\/uploads\\\/2024\\\/11\\\/El-cumple-de-la-Juli.jpg\",\"datePublished\":\"2024-11-12T04:00:00+00:00\",\"breadcrumb\":{\"@id\":\"https:\\\/\\\/sergiolapegue.com\\\/site\\\/2024\\\/11\\\/12\\\/el-cumple-de-la-juli\\\/#breadcrumb\"},\"inLanguage\":\"es-AR\",\"potentialAction\":[{\"@type\":\"ReadAction\",\"target\":[\"https:\\\/\\\/sergiolapegue.com\\\/site\\\/2024\\\/11\\\/12\\\/el-cumple-de-la-juli\\\/\"]}]},{\"@type\":\"ImageObject\",\"inLanguage\":\"es-AR\",\"@id\":\"https:\\\/\\\/sergiolapegue.com\\\/site\\\/2024\\\/11\\\/12\\\/el-cumple-de-la-juli\\\/#primaryimage\",\"url\":\"https:\\\/\\\/sergiolapegue.com\\\/site\\\/wp-content\\\/uploads\\\/2024\\\/11\\\/El-cumple-de-la-Juli.jpg\",\"contentUrl\":\"https:\\\/\\\/sergiolapegue.com\\\/site\\\/wp-content\\\/uploads\\\/2024\\\/11\\\/El-cumple-de-la-Juli.jpg\",\"width\":1440,\"height\":1799},{\"@type\":\"BreadcrumbList\",\"@id\":\"https:\\\/\\\/sergiolapegue.com\\\/site\\\/2024\\\/11\\\/12\\\/el-cumple-de-la-juli\\\/#breadcrumb\",\"itemListElement\":[{\"@type\":\"ListItem\",\"position\":1,\"name\":\"Inicio\",\"item\":\"https:\\\/\\\/sergiolapegue.com\\\/site\\\/\"},{\"@type\":\"ListItem\",\"position\":2,\"name\":\"EL CUMPLE DE LA JULI\"}]},{\"@type\":\"WebSite\",\"@id\":\"https:\\\/\\\/sergiolapegue.com\\\/site\\\/#website\",\"url\":\"https:\\\/\\\/sergiolapegue.com\\\/site\\\/\",\"name\":\"Sergio Lapegue\",\"description\":\"Periodista\",\"publisher\":{\"@id\":\"https:\\\/\\\/sergiolapegue.com\\\/site\\\/#\\\/schema\\\/person\\\/083aeceeb0734cd166779ea6c0551a37\"},\"potentialAction\":[{\"@type\":\"SearchAction\",\"target\":{\"@type\":\"EntryPoint\",\"urlTemplate\":\"https:\\\/\\\/sergiolapegue.com\\\/site\\\/?s={search_term_string}\"},\"query-input\":{\"@type\":\"PropertyValueSpecification\",\"valueRequired\":true,\"valueName\":\"search_term_string\"}}],\"inLanguage\":\"es-AR\"},{\"@type\":[\"Person\",\"Organization\"],\"@id\":\"https:\\\/\\\/sergiolapegue.com\\\/site\\\/#\\\/schema\\\/person\\\/083aeceeb0734cd166779ea6c0551a37\",\"name\":\"Sergio Lapegue\",\"image\":{\"@type\":\"ImageObject\",\"inLanguage\":\"es-AR\",\"@id\":\"https:\\\/\\\/sergiolapegue.com\\\/site\\\/wp-content\\\/uploads\\\/2021\\\/04\\\/logo_header-1.png\",\"url\":\"https:\\\/\\\/sergiolapegue.com\\\/site\\\/wp-content\\\/uploads\\\/2021\\\/04\\\/logo_header-1.png\",\"contentUrl\":\"https:\\\/\\\/sergiolapegue.com\\\/site\\\/wp-content\\\/uploads\\\/2021\\\/04\\\/logo_header-1.png\",\"width\":272,\"height\":90,\"caption\":\"Sergio Lapegue\"},\"logo\":{\"@id\":\"https:\\\/\\\/sergiolapegue.com\\\/site\\\/wp-content\\\/uploads\\\/2021\\\/04\\\/logo_header-1.png\"},\"sameAs\":[\"https:\\\/\\\/facebook.com\\\/sergiolapegue\",\"https:\\\/\\\/instagram.com\\\/sergiolapegue\",\"https:\\\/\\\/x.com\\\/https:\\\/\\\/twitter.com\\\/sergiolapegue\"]},{\"@type\":\"Person\",\"@id\":\"https:\\\/\\\/sergiolapegue.com\\\/site\\\/#\\\/schema\\\/person\\\/9198e7dbab43c6d74d0fd5399af7c3cd\",\"name\":\"Daniel E. Monta\u00f1a\",\"image\":{\"@type\":\"ImageObject\",\"inLanguage\":\"es-AR\",\"@id\":\"https:\\\/\\\/sergiolapegue.com\\\/site\\\/wp-content\\\/uploads\\\/2021\\\/04\\\/sl_avatar_Daniel-150x150.jpg\",\"url\":\"https:\\\/\\\/sergiolapegue.com\\\/site\\\/wp-content\\\/uploads\\\/2021\\\/04\\\/sl_avatar_Daniel-150x150.jpg\",\"contentUrl\":\"https:\\\/\\\/sergiolapegue.com\\\/site\\\/wp-content\\\/uploads\\\/2021\\\/04\\\/sl_avatar_Daniel-150x150.jpg\",\"caption\":\"Daniel E. Monta\u00f1a\"},\"sameAs\":[\"https:\\\/\\\/facebook.com\\\/danielernesto.montana\",\"https:\\\/\\\/instagram.com\\\/daniel_montana1961\",\"https:\\\/\\\/x.com\\\/https:\\\/\\\/twitter.com\\\/daner_004\"],\"url\":\"https:\\\/\\\/sergiolapegue.com\\\/site\\\/author\\\/daniel\\\/\"}]}<\/script>\n<!-- \/ Yoast SEO plugin. -->","yoast_head_json":{"title":"EL CUMPLE DE LA JULI - Sergio Lapegue","robots":{"index":"index","follow":"follow","max-snippet":"max-snippet:-1","max-image-preview":"max-image-preview:large","max-video-preview":"max-video-preview:-1"},"canonical":"https:\/\/sergiolapegue.com\/site\/2024\/11\/12\/el-cumple-de-la-juli\/","og_locale":"es_ES","og_type":"article","og_title":"EL CUMPLE DE LA JULI - Sergio Lapegue","og_description":"Desde el 9 de noviembre se presenta en Teatro Multiescena CPM la obra \u201cEl cumple de la Juli\u201d, con dramaturgia y direcci\u00f3n de Pablo Ocanto y la actuaciones de Yovanny Duran, Tom\u00e1s Mussini, Ludmi Soledad, Cami Cortese, Ariel Garc\u00eda, Guillermo Guilarte, Juan Suasnabar, Alejandro Galviz Barajas, Rodri Pinella, Male Carrera, Julieta Lafonte, Nahuel Gonz\u00e1lez y [&hellip;]","og_url":"https:\/\/sergiolapegue.com\/site\/2024\/11\/12\/el-cumple-de-la-juli\/","og_site_name":"Sergio Lapegue","article_publisher":"https:\/\/facebook.com\/sergiolapegue","article_author":"https:\/\/facebook.com\/danielernesto.montana","article_published_time":"2024-11-12T04:00:00+00:00","og_image":[{"width":1440,"height":1799,"url":"https:\/\/sergiolapegue.com\/site\/wp-content\/uploads\/2024\/11\/El-cumple-de-la-Juli.jpg","type":"image\/jpeg"}],"author":"Daniel E. Monta\u00f1a","twitter_card":"summary_large_image","twitter_creator":"@https:\/\/twitter.com\/daner_004","twitter_site":"@sergiolapegue","twitter_misc":{"Escrito por":"Daniel E. Monta\u00f1a","Tiempo de lectura":"3 minutos"},"schema":{"@context":"https:\/\/schema.org","@graph":[{"@type":"Article","@id":"https:\/\/sergiolapegue.com\/site\/2024\/11\/12\/el-cumple-de-la-juli\/#article","isPartOf":{"@id":"https:\/\/sergiolapegue.com\/site\/2024\/11\/12\/el-cumple-de-la-juli\/"},"author":{"name":"Daniel E. Monta\u00f1a","@id":"https:\/\/sergiolapegue.com\/site\/#\/schema\/person\/9198e7dbab43c6d74d0fd5399af7c3cd"},"headline":"EL CUMPLE DE LA JULI","datePublished":"2024-11-12T04:00:00+00:00","mainEntityOfPage":{"@id":"https:\/\/sergiolapegue.com\/site\/2024\/11\/12\/el-cumple-de-la-juli\/"},"wordCount":308,"commentCount":0,"publisher":{"@id":"https:\/\/sergiolapegue.com\/site\/#\/schema\/person\/083aeceeb0734cd166779ea6c0551a37"},"image":{"@id":"https:\/\/sergiolapegue.com\/site\/2024\/11\/12\/el-cumple-de-la-juli\/#primaryimage"},"thumbnailUrl":"https:\/\/sergiolapegue.com\/site\/wp-content\/uploads\/2024\/11\/El-cumple-de-la-Juli.jpg","articleSection":["Arte","Teatro"],"inLanguage":"es-AR","potentialAction":[{"@type":"CommentAction","name":"Comment","target":["https:\/\/sergiolapegue.com\/site\/2024\/11\/12\/el-cumple-de-la-juli\/#respond"]}]},{"@type":"WebPage","@id":"https:\/\/sergiolapegue.com\/site\/2024\/11\/12\/el-cumple-de-la-juli\/","url":"https:\/\/sergiolapegue.com\/site\/2024\/11\/12\/el-cumple-de-la-juli\/","name":"EL CUMPLE DE LA JULI - Sergio Lapegue","isPartOf":{"@id":"https:\/\/sergiolapegue.com\/site\/#website"},"primaryImageOfPage":{"@id":"https:\/\/sergiolapegue.com\/site\/2024\/11\/12\/el-cumple-de-la-juli\/#primaryimage"},"image":{"@id":"https:\/\/sergiolapegue.com\/site\/2024\/11\/12\/el-cumple-de-la-juli\/#primaryimage"},"thumbnailUrl":"https:\/\/sergiolapegue.com\/site\/wp-content\/uploads\/2024\/11\/El-cumple-de-la-Juli.jpg","datePublished":"2024-11-12T04:00:00+00:00","breadcrumb":{"@id":"https:\/\/sergiolapegue.com\/site\/2024\/11\/12\/el-cumple-de-la-juli\/#breadcrumb"},"inLanguage":"es-AR","potentialAction":[{"@type":"ReadAction","target":["https:\/\/sergiolapegue.com\/site\/2024\/11\/12\/el-cumple-de-la-juli\/"]}]},{"@type":"ImageObject","inLanguage":"es-AR","@id":"https:\/\/sergiolapegue.com\/site\/2024\/11\/12\/el-cumple-de-la-juli\/#primaryimage","url":"https:\/\/sergiolapegue.com\/site\/wp-content\/uploads\/2024\/11\/El-cumple-de-la-Juli.jpg","contentUrl":"https:\/\/sergiolapegue.com\/site\/wp-content\/uploads\/2024\/11\/El-cumple-de-la-Juli.jpg","width":1440,"height":1799},{"@type":"BreadcrumbList","@id":"https:\/\/sergiolapegue.com\/site\/2024\/11\/12\/el-cumple-de-la-juli\/#breadcrumb","itemListElement":[{"@type":"ListItem","position":1,"name":"Inicio","item":"https:\/\/sergiolapegue.com\/site\/"},{"@type":"ListItem","position":2,"name":"EL CUMPLE DE LA JULI"}]},{"@type":"WebSite","@id":"https:\/\/sergiolapegue.com\/site\/#website","url":"https:\/\/sergiolapegue.com\/site\/","name":"Sergio Lapegue","description":"Periodista","publisher":{"@id":"https:\/\/sergiolapegue.com\/site\/#\/schema\/person\/083aeceeb0734cd166779ea6c0551a37"},"potentialAction":[{"@type":"SearchAction","target":{"@type":"EntryPoint","urlTemplate":"https:\/\/sergiolapegue.com\/site\/?s={search_term_string}"},"query-input":{"@type":"PropertyValueSpecification","valueRequired":true,"valueName":"search_term_string"}}],"inLanguage":"es-AR"},{"@type":["Person","Organization"],"@id":"https:\/\/sergiolapegue.com\/site\/#\/schema\/person\/083aeceeb0734cd166779ea6c0551a37","name":"Sergio Lapegue","image":{"@type":"ImageObject","inLanguage":"es-AR","@id":"https:\/\/sergiolapegue.com\/site\/wp-content\/uploads\/2021\/04\/logo_header-1.png","url":"https:\/\/sergiolapegue.com\/site\/wp-content\/uploads\/2021\/04\/logo_header-1.png","contentUrl":"https:\/\/sergiolapegue.com\/site\/wp-content\/uploads\/2021\/04\/logo_header-1.png","width":272,"height":90,"caption":"Sergio Lapegue"},"logo":{"@id":"https:\/\/sergiolapegue.com\/site\/wp-content\/uploads\/2021\/04\/logo_header-1.png"},"sameAs":["https:\/\/facebook.com\/sergiolapegue","https:\/\/instagram.com\/sergiolapegue","https:\/\/x.com\/https:\/\/twitter.com\/sergiolapegue"]},{"@type":"Person","@id":"https:\/\/sergiolapegue.com\/site\/#\/schema\/person\/9198e7dbab43c6d74d0fd5399af7c3cd","name":"Daniel E. Monta\u00f1a","image":{"@type":"ImageObject","inLanguage":"es-AR","@id":"https:\/\/sergiolapegue.com\/site\/wp-content\/uploads\/2021\/04\/sl_avatar_Daniel-150x150.jpg","url":"https:\/\/sergiolapegue.com\/site\/wp-content\/uploads\/2021\/04\/sl_avatar_Daniel-150x150.jpg","contentUrl":"https:\/\/sergiolapegue.com\/site\/wp-content\/uploads\/2021\/04\/sl_avatar_Daniel-150x150.jpg","caption":"Daniel E. Monta\u00f1a"},"sameAs":["https:\/\/facebook.com\/danielernesto.montana","https:\/\/instagram.com\/daniel_montana1961","https:\/\/x.com\/https:\/\/twitter.com\/daner_004"],"url":"https:\/\/sergiolapegue.com\/site\/author\/daniel\/"}]}},"_links":{"self":[{"href":"https:\/\/sergiolapegue.com\/site\/wp-json\/wp\/v2\/posts\/19204","targetHints":{"allow":["GET"]}}],"collection":[{"href":"https:\/\/sergiolapegue.com\/site\/wp-json\/wp\/v2\/posts"}],"about":[{"href":"https:\/\/sergiolapegue.com\/site\/wp-json\/wp\/v2\/types\/post"}],"author":[{"embeddable":true,"href":"https:\/\/sergiolapegue.com\/site\/wp-json\/wp\/v2\/users\/3"}],"replies":[{"embeddable":true,"href":"https:\/\/sergiolapegue.com\/site\/wp-json\/wp\/v2\/comments?post=19204"}],"version-history":[{"count":1,"href":"https:\/\/sergiolapegue.com\/site\/wp-json\/wp\/v2\/posts\/19204\/revisions"}],"predecessor-version":[{"id":19209,"href":"https:\/\/sergiolapegue.com\/site\/wp-json\/wp\/v2\/posts\/19204\/revisions\/19209"}],"wp:featuredmedia":[{"embeddable":true,"href":"https:\/\/sergiolapegue.com\/site\/wp-json\/wp\/v2\/media\/19208"}],"wp:attachment":[{"href":"https:\/\/sergiolapegue.com\/site\/wp-json\/wp\/v2\/media?parent=19204"}],"wp:term":[{"taxonomy":"category","embeddable":true,"href":"https:\/\/sergiolapegue.com\/site\/wp-json\/wp\/v2\/categories?post=19204"},{"taxonomy":"post_tag","embeddable":true,"href":"https:\/\/sergiolapegue.com\/site\/wp-json\/wp\/v2\/tags?post=19204"}],"curies":[{"name":"wp","href":"https:\/\/api.w.org\/{rel}","templated":true}]}}