{"id":19172,"date":"2024-11-10T01:00:00","date_gmt":"2024-11-10T04:00:00","guid":{"rendered":"https:\/\/sergiolapegue.com\/site\/?p=19172"},"modified":"2024-11-09T03:33:41","modified_gmt":"2024-11-09T06:33:41","slug":"el-ausente-o-memorias-de-la-fiebre","status":"publish","type":"post","link":"https:\/\/sergiolapegue.com\/site\/2024\/11\/10\/el-ausente-o-memorias-de-la-fiebre\/","title":{"rendered":"EL AUSENTE O MEMORIAS DE LA FIEBRE"},"content":{"rendered":"\n<p>Desde Tucum\u00e1n llega a Buenos Aires la obra \u201cEl ausente o memorias de la fiebre\u201d, escrita y dirigida por V\u00edctor Hugo Cort\u00e9s y las actuaciones de Dany Ar\u00e1oz Tapia, Natalia Yapura, Fernando R\u00edos y Alejandro Villagra. La pieza nos habla sobre la vida y las ideas del principal pr\u00f3cer civil tucumano Juan Bautista Alberdi, la misma esta coproducida por el Ente Cultural de Tucum\u00e1n y el grupo de Teatro Independiente La Jirafa.<\/p>\n\n\n\n<figure class=\"wp-block-image size-full is-resized\"><img loading=\"lazy\" decoding=\"async\" width=\"480\" height=\"640\" src=\"https:\/\/sergiolapegue.com\/site\/wp-content\/uploads\/2024\/11\/El-ausente-o-memorias-de-la-fiebre-1.jpg\" alt=\"\" class=\"wp-image-19173\" style=\"width:696px;height:auto\" srcset=\"https:\/\/sergiolapegue.com\/site\/wp-content\/uploads\/2024\/11\/El-ausente-o-memorias-de-la-fiebre-1.jpg 480w, https:\/\/sergiolapegue.com\/site\/wp-content\/uploads\/2024\/11\/El-ausente-o-memorias-de-la-fiebre-1-225x300.jpg 225w, https:\/\/sergiolapegue.com\/site\/wp-content\/uploads\/2024\/11\/El-ausente-o-memorias-de-la-fiebre-1-315x420.jpg 315w\" sizes=\"auto, (max-width: 480px) 100vw, 480px\" \/><\/figure>\n\n\n\n<p><strong>SINOPSIS<\/strong><\/p>\n\n\n\n<p>El espect\u00e1culo aborda los \u00faltimos d\u00edas que Juan Bautista Alberdi \u2013 desde su condici\u00f3n de padre fundador de la patria, primer revisionista hist\u00f3rico y autor del libro que inspir\u00f3 la Constituci\u00f3n Argentina \u2013&nbsp;vivi\u00f3 en una habitaci\u00f3n parisina en el a\u00f1o 1884,&nbsp;con la sola compa\u00f1\u00eda de Angelina, su ama de llaves.&nbsp;<\/p>\n\n\n\n<p>Enfermo, en los delirios de la fiebre, nuestro pr\u00f3cer es interpelado por los personajes de su s\u00e1tira teatral El Gigante Amapolas,&nbsp;con cuyo protagonista, su archienemigo Juan Manuel de Rosas, -el gigante del t\u00edtulo-, mantiene un largo soliloquio.&nbsp;<\/p>\n\n\n\n<figure class=\"wp-block-image size-full is-resized\"><img loading=\"lazy\" decoding=\"async\" width=\"640\" height=\"605\" src=\"https:\/\/sergiolapegue.com\/site\/wp-content\/uploads\/2024\/11\/El-ausente-o-memorias-de-la-fiebre-2.jpg\" alt=\"\" class=\"wp-image-19174\" style=\"width:696px;height:auto\" srcset=\"https:\/\/sergiolapegue.com\/site\/wp-content\/uploads\/2024\/11\/El-ausente-o-memorias-de-la-fiebre-2.jpg 640w, https:\/\/sergiolapegue.com\/site\/wp-content\/uploads\/2024\/11\/El-ausente-o-memorias-de-la-fiebre-2-300x284.jpg 300w, https:\/\/sergiolapegue.com\/site\/wp-content\/uploads\/2024\/11\/El-ausente-o-memorias-de-la-fiebre-2-444x420.jpg 444w\" sizes=\"auto, (max-width: 640px) 100vw, 640px\" \/><\/figure>\n\n\n\n<p><strong>FICHA T\u00c9CNICO ART\u00cdSTICA<\/strong><\/p>\n\n\n\n<p><strong>Autor\u00eda:<\/strong> V\u00edctor Hugo Cort\u00e9s<\/p>\n\n\n\n<p><strong>Act\u00faan:<\/strong> Dany Ar\u00e1oz Tapia como Juan Bautista Alberdi<\/p>\n\n\n\n<p>\u00a0\u00a0\u00a0\u00a0\u00a0 \u00a0\u00a0\u00a0 \u00a0\u00a0\u00a0\u00a0Natalia Yapura como Mar\u00eda<\/p>\n\n\n\n<p>\u00a0\u00a0\u00a0\u00a0\u00a0 \u00a0\u00a0\u00a0\u00a0\u00a0\u00a0\u00a0\u00a0Fernando R\u00edos como Francisquillo, el tambor<\/p>\n\n\n\n<p>\u00a0\u00a0\u00a0\u00a0\u00a0\u00a0 \u00a0\u00a0\u00a0\u00a0\u00a0\u00a0\u00a0Alejandro Villagra como el Oficial Federal<\/p>\n\n\n\n<p><strong>Log\u00edstica:<\/strong> Juan Ignacio Sandoval<\/p>\n\n\n\n<p><strong>Operaci\u00f3n t\u00e9cnica:<\/strong> Pila Armella<\/p>\n\n\n\n<p><strong>Direcci\u00f3n:<\/strong> V\u00edctor Hugo Cort\u00e9s<\/p>\n\n\n\n<p><strong>Web:<\/strong> <a href=\"http:\/\/elausenteomemoriasdelafiebre.blogspot.com\">http:\/\/elausenteomemoriasdelafiebre.blogspot.com<\/a><\/p>\n\n\n\n<p><strong>Duraci\u00f3n:<\/strong> 60 minutos<\/p>\n\n\n\n<p><strong>Clasificaci\u00f3n:<\/strong> Teatro \u2013 Presencial \u2013 Adultos<\/p>\n\n\n\n<figure class=\"wp-block-image size-full\"><img loading=\"lazy\" decoding=\"async\" width=\"640\" height=\"360\" src=\"https:\/\/sergiolapegue.com\/site\/wp-content\/uploads\/2024\/11\/El-ausente-o-memorias-de-la-fiebre-3.jpg\" alt=\"\" class=\"wp-image-19175\" srcset=\"https:\/\/sergiolapegue.com\/site\/wp-content\/uploads\/2024\/11\/El-ausente-o-memorias-de-la-fiebre-3.jpg 640w, https:\/\/sergiolapegue.com\/site\/wp-content\/uploads\/2024\/11\/El-ausente-o-memorias-de-la-fiebre-3-300x169.jpg 300w\" sizes=\"auto, (max-width: 640px) 100vw, 640px\" \/><\/figure>\n\n\n\n<p><strong>ESPACIO TUCUM\u00c1N<\/strong><\/p>\n\n\n\n<p>Suipacha 140 \u2013 Capital Federal \u2013 Buenos Aires \u2013 Argentina<\/p>\n\n\n\n<p>Reservas: 03815011170<\/p>\n\n\n\n<p>Entradas: $ 8.000 \u2013 a trav\u00e9s de <a href=\"https:\/\/www.alternativateatral.com\/obra92869-el-ausente-o-memorias-de-la-fiebre\" target=\"_blank\" rel=\"noreferrer noopener\">Informaci\u00f3n en Alternativateatral<\/a><\/p>\n\n\n\n<p>Funciones: Martes 12 de Noviembre \u2013 19:30 horas<\/p>\n\n\n\n<p>\u00a0\u00a0\u00a0\u00a0\u00a0\u00a0\u00a0\u00a0\u00a0\u00a0\u00a0\u00a0 \u00a0\u00a0\u00a0 Mi\u00e9rcoles 13 de Noviembre \u2013 19:30 horas<\/p>\n\n\n\n<p>Gracias Sonia Novello por hacernos llegar la gacetilla de prensa del estreno de este espect\u00e1culo en Capital Federal.<\/p>\n\n\n\n<p><\/p>\n","protected":false},"excerpt":{"rendered":"<p>Desde Tucum\u00e1n llega a Buenos Aires la obra \u201cEl ausente o memorias de la fiebre\u201d, escrita y dirigida por V\u00edctor Hugo Cort\u00e9s y las actuaciones de Dany Ar\u00e1oz Tapia, Natalia Yapura, Fernando R\u00edos y Alejandro Villagra. La pieza nos habla sobre la vida y las ideas del principal pr\u00f3cer civil tucumano Juan Bautista Alberdi, la [&hellip;]<\/p>\n","protected":false},"author":3,"featured_media":19176,"comment_status":"open","ping_status":"closed","sticky":false,"template":"","format":"standard","meta":{"footnotes":""},"categories":[34,35],"tags":[],"class_list":{"0":"post-19172","1":"post","2":"type-post","3":"status-publish","4":"format-standard","5":"has-post-thumbnail","7":"category-arte","8":"category-teatro"},"yoast_head":"<!-- This site is optimized with the Yoast SEO plugin v27.4 - https:\/\/yoast.com\/product\/yoast-seo-wordpress\/ -->\n<title>EL AUSENTE O MEMORIAS DE LA FIEBRE - Sergio Lapegue<\/title>\n<meta name=\"robots\" content=\"index, follow, max-snippet:-1, max-image-preview:large, max-video-preview:-1\" \/>\n<link rel=\"canonical\" href=\"https:\/\/sergiolapegue.com\/site\/2024\/11\/10\/el-ausente-o-memorias-de-la-fiebre\/\" \/>\n<meta property=\"og:locale\" content=\"es_ES\" \/>\n<meta property=\"og:type\" content=\"article\" \/>\n<meta property=\"og:title\" content=\"EL AUSENTE O MEMORIAS DE LA FIEBRE - Sergio Lapegue\" \/>\n<meta property=\"og:description\" content=\"Desde Tucum\u00e1n llega a Buenos Aires la obra \u201cEl ausente o memorias de la fiebre\u201d, escrita y dirigida por V\u00edctor Hugo Cort\u00e9s y las actuaciones de Dany Ar\u00e1oz Tapia, Natalia Yapura, Fernando R\u00edos y Alejandro Villagra. La pieza nos habla sobre la vida y las ideas del principal pr\u00f3cer civil tucumano Juan Bautista Alberdi, la [&hellip;]\" \/>\n<meta property=\"og:url\" content=\"https:\/\/sergiolapegue.com\/site\/2024\/11\/10\/el-ausente-o-memorias-de-la-fiebre\/\" \/>\n<meta property=\"og:site_name\" content=\"Sergio Lapegue\" \/>\n<meta property=\"article:publisher\" content=\"https:\/\/facebook.com\/sergiolapegue\" \/>\n<meta property=\"article:author\" content=\"https:\/\/facebook.com\/danielernesto.montana\" \/>\n<meta property=\"article:published_time\" content=\"2024-11-10T04:00:00+00:00\" \/>\n<meta property=\"og:image\" content=\"https:\/\/sergiolapegue.com\/site\/wp-content\/uploads\/2024\/11\/El-ausente-o-memorias-de-la-fiebre.jpg\" \/>\n\t<meta property=\"og:image:width\" content=\"360\" \/>\n\t<meta property=\"og:image:height\" content=\"640\" \/>\n\t<meta property=\"og:image:type\" content=\"image\/jpeg\" \/>\n<meta name=\"author\" content=\"Daniel E. Monta\u00f1a\" \/>\n<meta name=\"twitter:card\" content=\"summary_large_image\" \/>\n<meta name=\"twitter:creator\" content=\"@https:\/\/twitter.com\/daner_004\" \/>\n<meta name=\"twitter:site\" content=\"@sergiolapegue\" \/>\n<meta name=\"twitter:label1\" content=\"Escrito por\" \/>\n\t<meta name=\"twitter:data1\" content=\"Daniel E. Monta\u00f1a\" \/>\n\t<meta name=\"twitter:label2\" content=\"Tiempo de lectura\" \/>\n\t<meta name=\"twitter:data2\" content=\"3 minutos\" \/>\n<script type=\"application\/ld+json\" class=\"yoast-schema-graph\">{\"@context\":\"https:\\\/\\\/schema.org\",\"@graph\":[{\"@type\":\"Article\",\"@id\":\"https:\\\/\\\/sergiolapegue.com\\\/site\\\/2024\\\/11\\\/10\\\/el-ausente-o-memorias-de-la-fiebre\\\/#article\",\"isPartOf\":{\"@id\":\"https:\\\/\\\/sergiolapegue.com\\\/site\\\/2024\\\/11\\\/10\\\/el-ausente-o-memorias-de-la-fiebre\\\/\"},\"author\":{\"name\":\"Daniel E. Monta\u00f1a\",\"@id\":\"https:\\\/\\\/sergiolapegue.com\\\/site\\\/#\\\/schema\\\/person\\\/9198e7dbab43c6d74d0fd5399af7c3cd\"},\"headline\":\"EL AUSENTE O MEMORIAS DE LA FIEBRE\",\"datePublished\":\"2024-11-10T04:00:00+00:00\",\"mainEntityOfPage\":{\"@id\":\"https:\\\/\\\/sergiolapegue.com\\\/site\\\/2024\\\/11\\\/10\\\/el-ausente-o-memorias-de-la-fiebre\\\/\"},\"wordCount\":309,\"commentCount\":0,\"publisher\":{\"@id\":\"https:\\\/\\\/sergiolapegue.com\\\/site\\\/#\\\/schema\\\/person\\\/083aeceeb0734cd166779ea6c0551a37\"},\"image\":{\"@id\":\"https:\\\/\\\/sergiolapegue.com\\\/site\\\/2024\\\/11\\\/10\\\/el-ausente-o-memorias-de-la-fiebre\\\/#primaryimage\"},\"thumbnailUrl\":\"https:\\\/\\\/sergiolapegue.com\\\/site\\\/wp-content\\\/uploads\\\/2024\\\/11\\\/El-ausente-o-memorias-de-la-fiebre.jpg\",\"articleSection\":[\"Arte\",\"Teatro\"],\"inLanguage\":\"es-AR\",\"potentialAction\":[{\"@type\":\"CommentAction\",\"name\":\"Comment\",\"target\":[\"https:\\\/\\\/sergiolapegue.com\\\/site\\\/2024\\\/11\\\/10\\\/el-ausente-o-memorias-de-la-fiebre\\\/#respond\"]}]},{\"@type\":\"WebPage\",\"@id\":\"https:\\\/\\\/sergiolapegue.com\\\/site\\\/2024\\\/11\\\/10\\\/el-ausente-o-memorias-de-la-fiebre\\\/\",\"url\":\"https:\\\/\\\/sergiolapegue.com\\\/site\\\/2024\\\/11\\\/10\\\/el-ausente-o-memorias-de-la-fiebre\\\/\",\"name\":\"EL AUSENTE O MEMORIAS DE LA FIEBRE - Sergio Lapegue\",\"isPartOf\":{\"@id\":\"https:\\\/\\\/sergiolapegue.com\\\/site\\\/#website\"},\"primaryImageOfPage\":{\"@id\":\"https:\\\/\\\/sergiolapegue.com\\\/site\\\/2024\\\/11\\\/10\\\/el-ausente-o-memorias-de-la-fiebre\\\/#primaryimage\"},\"image\":{\"@id\":\"https:\\\/\\\/sergiolapegue.com\\\/site\\\/2024\\\/11\\\/10\\\/el-ausente-o-memorias-de-la-fiebre\\\/#primaryimage\"},\"thumbnailUrl\":\"https:\\\/\\\/sergiolapegue.com\\\/site\\\/wp-content\\\/uploads\\\/2024\\\/11\\\/El-ausente-o-memorias-de-la-fiebre.jpg\",\"datePublished\":\"2024-11-10T04:00:00+00:00\",\"breadcrumb\":{\"@id\":\"https:\\\/\\\/sergiolapegue.com\\\/site\\\/2024\\\/11\\\/10\\\/el-ausente-o-memorias-de-la-fiebre\\\/#breadcrumb\"},\"inLanguage\":\"es-AR\",\"potentialAction\":[{\"@type\":\"ReadAction\",\"target\":[\"https:\\\/\\\/sergiolapegue.com\\\/site\\\/2024\\\/11\\\/10\\\/el-ausente-o-memorias-de-la-fiebre\\\/\"]}]},{\"@type\":\"ImageObject\",\"inLanguage\":\"es-AR\",\"@id\":\"https:\\\/\\\/sergiolapegue.com\\\/site\\\/2024\\\/11\\\/10\\\/el-ausente-o-memorias-de-la-fiebre\\\/#primaryimage\",\"url\":\"https:\\\/\\\/sergiolapegue.com\\\/site\\\/wp-content\\\/uploads\\\/2024\\\/11\\\/El-ausente-o-memorias-de-la-fiebre.jpg\",\"contentUrl\":\"https:\\\/\\\/sergiolapegue.com\\\/site\\\/wp-content\\\/uploads\\\/2024\\\/11\\\/El-ausente-o-memorias-de-la-fiebre.jpg\",\"width\":360,\"height\":640},{\"@type\":\"BreadcrumbList\",\"@id\":\"https:\\\/\\\/sergiolapegue.com\\\/site\\\/2024\\\/11\\\/10\\\/el-ausente-o-memorias-de-la-fiebre\\\/#breadcrumb\",\"itemListElement\":[{\"@type\":\"ListItem\",\"position\":1,\"name\":\"Inicio\",\"item\":\"https:\\\/\\\/sergiolapegue.com\\\/site\\\/\"},{\"@type\":\"ListItem\",\"position\":2,\"name\":\"EL AUSENTE O MEMORIAS DE LA FIEBRE\"}]},{\"@type\":\"WebSite\",\"@id\":\"https:\\\/\\\/sergiolapegue.com\\\/site\\\/#website\",\"url\":\"https:\\\/\\\/sergiolapegue.com\\\/site\\\/\",\"name\":\"Sergio Lapegue\",\"description\":\"Periodista\",\"publisher\":{\"@id\":\"https:\\\/\\\/sergiolapegue.com\\\/site\\\/#\\\/schema\\\/person\\\/083aeceeb0734cd166779ea6c0551a37\"},\"potentialAction\":[{\"@type\":\"SearchAction\",\"target\":{\"@type\":\"EntryPoint\",\"urlTemplate\":\"https:\\\/\\\/sergiolapegue.com\\\/site\\\/?s={search_term_string}\"},\"query-input\":{\"@type\":\"PropertyValueSpecification\",\"valueRequired\":true,\"valueName\":\"search_term_string\"}}],\"inLanguage\":\"es-AR\"},{\"@type\":[\"Person\",\"Organization\"],\"@id\":\"https:\\\/\\\/sergiolapegue.com\\\/site\\\/#\\\/schema\\\/person\\\/083aeceeb0734cd166779ea6c0551a37\",\"name\":\"Sergio Lapegue\",\"image\":{\"@type\":\"ImageObject\",\"inLanguage\":\"es-AR\",\"@id\":\"https:\\\/\\\/sergiolapegue.com\\\/site\\\/wp-content\\\/uploads\\\/2021\\\/04\\\/logo_header-1.png\",\"url\":\"https:\\\/\\\/sergiolapegue.com\\\/site\\\/wp-content\\\/uploads\\\/2021\\\/04\\\/logo_header-1.png\",\"contentUrl\":\"https:\\\/\\\/sergiolapegue.com\\\/site\\\/wp-content\\\/uploads\\\/2021\\\/04\\\/logo_header-1.png\",\"width\":272,\"height\":90,\"caption\":\"Sergio Lapegue\"},\"logo\":{\"@id\":\"https:\\\/\\\/sergiolapegue.com\\\/site\\\/wp-content\\\/uploads\\\/2021\\\/04\\\/logo_header-1.png\"},\"sameAs\":[\"https:\\\/\\\/facebook.com\\\/sergiolapegue\",\"https:\\\/\\\/instagram.com\\\/sergiolapegue\",\"https:\\\/\\\/x.com\\\/https:\\\/\\\/twitter.com\\\/sergiolapegue\"]},{\"@type\":\"Person\",\"@id\":\"https:\\\/\\\/sergiolapegue.com\\\/site\\\/#\\\/schema\\\/person\\\/9198e7dbab43c6d74d0fd5399af7c3cd\",\"name\":\"Daniel E. Monta\u00f1a\",\"image\":{\"@type\":\"ImageObject\",\"inLanguage\":\"es-AR\",\"@id\":\"https:\\\/\\\/sergiolapegue.com\\\/site\\\/wp-content\\\/uploads\\\/2021\\\/04\\\/sl_avatar_Daniel-150x150.jpg\",\"url\":\"https:\\\/\\\/sergiolapegue.com\\\/site\\\/wp-content\\\/uploads\\\/2021\\\/04\\\/sl_avatar_Daniel-150x150.jpg\",\"contentUrl\":\"https:\\\/\\\/sergiolapegue.com\\\/site\\\/wp-content\\\/uploads\\\/2021\\\/04\\\/sl_avatar_Daniel-150x150.jpg\",\"caption\":\"Daniel E. Monta\u00f1a\"},\"sameAs\":[\"https:\\\/\\\/facebook.com\\\/danielernesto.montana\",\"https:\\\/\\\/instagram.com\\\/daniel_montana1961\",\"https:\\\/\\\/x.com\\\/https:\\\/\\\/twitter.com\\\/daner_004\"],\"url\":\"https:\\\/\\\/sergiolapegue.com\\\/site\\\/author\\\/daniel\\\/\"}]}<\/script>\n<!-- \/ Yoast SEO plugin. -->","yoast_head_json":{"title":"EL AUSENTE O MEMORIAS DE LA FIEBRE - Sergio Lapegue","robots":{"index":"index","follow":"follow","max-snippet":"max-snippet:-1","max-image-preview":"max-image-preview:large","max-video-preview":"max-video-preview:-1"},"canonical":"https:\/\/sergiolapegue.com\/site\/2024\/11\/10\/el-ausente-o-memorias-de-la-fiebre\/","og_locale":"es_ES","og_type":"article","og_title":"EL AUSENTE O MEMORIAS DE LA FIEBRE - Sergio Lapegue","og_description":"Desde Tucum\u00e1n llega a Buenos Aires la obra \u201cEl ausente o memorias de la fiebre\u201d, escrita y dirigida por V\u00edctor Hugo Cort\u00e9s y las actuaciones de Dany Ar\u00e1oz Tapia, Natalia Yapura, Fernando R\u00edos y Alejandro Villagra. La pieza nos habla sobre la vida y las ideas del principal pr\u00f3cer civil tucumano Juan Bautista Alberdi, la [&hellip;]","og_url":"https:\/\/sergiolapegue.com\/site\/2024\/11\/10\/el-ausente-o-memorias-de-la-fiebre\/","og_site_name":"Sergio Lapegue","article_publisher":"https:\/\/facebook.com\/sergiolapegue","article_author":"https:\/\/facebook.com\/danielernesto.montana","article_published_time":"2024-11-10T04:00:00+00:00","og_image":[{"width":360,"height":640,"url":"https:\/\/sergiolapegue.com\/site\/wp-content\/uploads\/2024\/11\/El-ausente-o-memorias-de-la-fiebre.jpg","type":"image\/jpeg"}],"author":"Daniel E. Monta\u00f1a","twitter_card":"summary_large_image","twitter_creator":"@https:\/\/twitter.com\/daner_004","twitter_site":"@sergiolapegue","twitter_misc":{"Escrito por":"Daniel E. Monta\u00f1a","Tiempo de lectura":"3 minutos"},"schema":{"@context":"https:\/\/schema.org","@graph":[{"@type":"Article","@id":"https:\/\/sergiolapegue.com\/site\/2024\/11\/10\/el-ausente-o-memorias-de-la-fiebre\/#article","isPartOf":{"@id":"https:\/\/sergiolapegue.com\/site\/2024\/11\/10\/el-ausente-o-memorias-de-la-fiebre\/"},"author":{"name":"Daniel E. Monta\u00f1a","@id":"https:\/\/sergiolapegue.com\/site\/#\/schema\/person\/9198e7dbab43c6d74d0fd5399af7c3cd"},"headline":"EL AUSENTE O MEMORIAS DE LA FIEBRE","datePublished":"2024-11-10T04:00:00+00:00","mainEntityOfPage":{"@id":"https:\/\/sergiolapegue.com\/site\/2024\/11\/10\/el-ausente-o-memorias-de-la-fiebre\/"},"wordCount":309,"commentCount":0,"publisher":{"@id":"https:\/\/sergiolapegue.com\/site\/#\/schema\/person\/083aeceeb0734cd166779ea6c0551a37"},"image":{"@id":"https:\/\/sergiolapegue.com\/site\/2024\/11\/10\/el-ausente-o-memorias-de-la-fiebre\/#primaryimage"},"thumbnailUrl":"https:\/\/sergiolapegue.com\/site\/wp-content\/uploads\/2024\/11\/El-ausente-o-memorias-de-la-fiebre.jpg","articleSection":["Arte","Teatro"],"inLanguage":"es-AR","potentialAction":[{"@type":"CommentAction","name":"Comment","target":["https:\/\/sergiolapegue.com\/site\/2024\/11\/10\/el-ausente-o-memorias-de-la-fiebre\/#respond"]}]},{"@type":"WebPage","@id":"https:\/\/sergiolapegue.com\/site\/2024\/11\/10\/el-ausente-o-memorias-de-la-fiebre\/","url":"https:\/\/sergiolapegue.com\/site\/2024\/11\/10\/el-ausente-o-memorias-de-la-fiebre\/","name":"EL AUSENTE O MEMORIAS DE LA FIEBRE - Sergio Lapegue","isPartOf":{"@id":"https:\/\/sergiolapegue.com\/site\/#website"},"primaryImageOfPage":{"@id":"https:\/\/sergiolapegue.com\/site\/2024\/11\/10\/el-ausente-o-memorias-de-la-fiebre\/#primaryimage"},"image":{"@id":"https:\/\/sergiolapegue.com\/site\/2024\/11\/10\/el-ausente-o-memorias-de-la-fiebre\/#primaryimage"},"thumbnailUrl":"https:\/\/sergiolapegue.com\/site\/wp-content\/uploads\/2024\/11\/El-ausente-o-memorias-de-la-fiebre.jpg","datePublished":"2024-11-10T04:00:00+00:00","breadcrumb":{"@id":"https:\/\/sergiolapegue.com\/site\/2024\/11\/10\/el-ausente-o-memorias-de-la-fiebre\/#breadcrumb"},"inLanguage":"es-AR","potentialAction":[{"@type":"ReadAction","target":["https:\/\/sergiolapegue.com\/site\/2024\/11\/10\/el-ausente-o-memorias-de-la-fiebre\/"]}]},{"@type":"ImageObject","inLanguage":"es-AR","@id":"https:\/\/sergiolapegue.com\/site\/2024\/11\/10\/el-ausente-o-memorias-de-la-fiebre\/#primaryimage","url":"https:\/\/sergiolapegue.com\/site\/wp-content\/uploads\/2024\/11\/El-ausente-o-memorias-de-la-fiebre.jpg","contentUrl":"https:\/\/sergiolapegue.com\/site\/wp-content\/uploads\/2024\/11\/El-ausente-o-memorias-de-la-fiebre.jpg","width":360,"height":640},{"@type":"BreadcrumbList","@id":"https:\/\/sergiolapegue.com\/site\/2024\/11\/10\/el-ausente-o-memorias-de-la-fiebre\/#breadcrumb","itemListElement":[{"@type":"ListItem","position":1,"name":"Inicio","item":"https:\/\/sergiolapegue.com\/site\/"},{"@type":"ListItem","position":2,"name":"EL AUSENTE O MEMORIAS DE LA FIEBRE"}]},{"@type":"WebSite","@id":"https:\/\/sergiolapegue.com\/site\/#website","url":"https:\/\/sergiolapegue.com\/site\/","name":"Sergio Lapegue","description":"Periodista","publisher":{"@id":"https:\/\/sergiolapegue.com\/site\/#\/schema\/person\/083aeceeb0734cd166779ea6c0551a37"},"potentialAction":[{"@type":"SearchAction","target":{"@type":"EntryPoint","urlTemplate":"https:\/\/sergiolapegue.com\/site\/?s={search_term_string}"},"query-input":{"@type":"PropertyValueSpecification","valueRequired":true,"valueName":"search_term_string"}}],"inLanguage":"es-AR"},{"@type":["Person","Organization"],"@id":"https:\/\/sergiolapegue.com\/site\/#\/schema\/person\/083aeceeb0734cd166779ea6c0551a37","name":"Sergio Lapegue","image":{"@type":"ImageObject","inLanguage":"es-AR","@id":"https:\/\/sergiolapegue.com\/site\/wp-content\/uploads\/2021\/04\/logo_header-1.png","url":"https:\/\/sergiolapegue.com\/site\/wp-content\/uploads\/2021\/04\/logo_header-1.png","contentUrl":"https:\/\/sergiolapegue.com\/site\/wp-content\/uploads\/2021\/04\/logo_header-1.png","width":272,"height":90,"caption":"Sergio Lapegue"},"logo":{"@id":"https:\/\/sergiolapegue.com\/site\/wp-content\/uploads\/2021\/04\/logo_header-1.png"},"sameAs":["https:\/\/facebook.com\/sergiolapegue","https:\/\/instagram.com\/sergiolapegue","https:\/\/x.com\/https:\/\/twitter.com\/sergiolapegue"]},{"@type":"Person","@id":"https:\/\/sergiolapegue.com\/site\/#\/schema\/person\/9198e7dbab43c6d74d0fd5399af7c3cd","name":"Daniel E. Monta\u00f1a","image":{"@type":"ImageObject","inLanguage":"es-AR","@id":"https:\/\/sergiolapegue.com\/site\/wp-content\/uploads\/2021\/04\/sl_avatar_Daniel-150x150.jpg","url":"https:\/\/sergiolapegue.com\/site\/wp-content\/uploads\/2021\/04\/sl_avatar_Daniel-150x150.jpg","contentUrl":"https:\/\/sergiolapegue.com\/site\/wp-content\/uploads\/2021\/04\/sl_avatar_Daniel-150x150.jpg","caption":"Daniel E. Monta\u00f1a"},"sameAs":["https:\/\/facebook.com\/danielernesto.montana","https:\/\/instagram.com\/daniel_montana1961","https:\/\/x.com\/https:\/\/twitter.com\/daner_004"],"url":"https:\/\/sergiolapegue.com\/site\/author\/daniel\/"}]}},"_links":{"self":[{"href":"https:\/\/sergiolapegue.com\/site\/wp-json\/wp\/v2\/posts\/19172","targetHints":{"allow":["GET"]}}],"collection":[{"href":"https:\/\/sergiolapegue.com\/site\/wp-json\/wp\/v2\/posts"}],"about":[{"href":"https:\/\/sergiolapegue.com\/site\/wp-json\/wp\/v2\/types\/post"}],"author":[{"embeddable":true,"href":"https:\/\/sergiolapegue.com\/site\/wp-json\/wp\/v2\/users\/3"}],"replies":[{"embeddable":true,"href":"https:\/\/sergiolapegue.com\/site\/wp-json\/wp\/v2\/comments?post=19172"}],"version-history":[{"count":1,"href":"https:\/\/sergiolapegue.com\/site\/wp-json\/wp\/v2\/posts\/19172\/revisions"}],"predecessor-version":[{"id":19177,"href":"https:\/\/sergiolapegue.com\/site\/wp-json\/wp\/v2\/posts\/19172\/revisions\/19177"}],"wp:featuredmedia":[{"embeddable":true,"href":"https:\/\/sergiolapegue.com\/site\/wp-json\/wp\/v2\/media\/19176"}],"wp:attachment":[{"href":"https:\/\/sergiolapegue.com\/site\/wp-json\/wp\/v2\/media?parent=19172"}],"wp:term":[{"taxonomy":"category","embeddable":true,"href":"https:\/\/sergiolapegue.com\/site\/wp-json\/wp\/v2\/categories?post=19172"},{"taxonomy":"post_tag","embeddable":true,"href":"https:\/\/sergiolapegue.com\/site\/wp-json\/wp\/v2\/tags?post=19172"}],"curies":[{"name":"wp","href":"https:\/\/api.w.org\/{rel}","templated":true}]}}