{"id":19121,"date":"2024-11-08T17:00:00","date_gmt":"2024-11-08T20:00:00","guid":{"rendered":"https:\/\/sergiolapegue.com\/site\/?p=19121"},"modified":"2024-11-08T01:05:11","modified_gmt":"2024-11-08T04:05:11","slug":"la-compania-fragiem-realizara-una-unica-funcion-en-caba-de-ku","status":"publish","type":"post","link":"https:\/\/sergiolapegue.com\/site\/2024\/11\/08\/la-compania-fragiem-realizara-una-unica-funcion-en-caba-de-ku\/","title":{"rendered":"LA COMPA\u00d1\u00cdA FRAGIEM REALIZAR\u00c1 UNA \u00daNICA FUNCION EN CABA DE K\u016a"},"content":{"rendered":"\n<p>La Compa\u00f1\u00eda Fragiem realizara una \u00fanica funci\u00f3n en CABA con su espect\u00e1culo K\u016a, se presentar\u00e1n el d\u00eda 17 de noviembre a las 20:00 horas en el Teatro El Cubo.<\/p>\n\n\n\n<p>K\u016a&nbsp;es un espect\u00e1culo de acrobacia y danza que invita a conocer una comunidad conectada por el movimiento.<\/p>\n\n\n\n<p>El principal atractivo que tiene esta puesta es una inmensa estructura en forma de cubo, en la que ocurren impactantes actos acrob\u00e1ticos, generando momentos de tensi\u00f3n, adrenalina y vibraci\u00f3n que se reflejan en el espectador con un sube y baja de emociones.<\/p>\n\n\n\n<figure class=\"wp-block-image size-large\"><img loading=\"lazy\" decoding=\"async\" width=\"1024\" height=\"683\" src=\"https:\/\/sergiolapegue.com\/site\/wp-content\/uploads\/2024\/11\/La-compania-Fragiem-realizara-una-unica-funcion-en-caba-de-ku-5-1024x683.jpg\" alt=\"\" class=\"wp-image-19124\" srcset=\"https:\/\/sergiolapegue.com\/site\/wp-content\/uploads\/2024\/11\/La-compania-Fragiem-realizara-una-unica-funcion-en-caba-de-ku-5-1024x683.jpg 1024w, https:\/\/sergiolapegue.com\/site\/wp-content\/uploads\/2024\/11\/La-compania-Fragiem-realizara-una-unica-funcion-en-caba-de-ku-5-300x200.jpg 300w, https:\/\/sergiolapegue.com\/site\/wp-content\/uploads\/2024\/11\/La-compania-Fragiem-realizara-una-unica-funcion-en-caba-de-ku-5-768x512.jpg 768w, https:\/\/sergiolapegue.com\/site\/wp-content\/uploads\/2024\/11\/La-compania-Fragiem-realizara-una-unica-funcion-en-caba-de-ku-5-1536x1024.jpg 1536w, https:\/\/sergiolapegue.com\/site\/wp-content\/uploads\/2024\/11\/La-compania-Fragiem-realizara-una-unica-funcion-en-caba-de-ku-5-2048x1365.jpg 2048w, https:\/\/sergiolapegue.com\/site\/wp-content\/uploads\/2024\/11\/La-compania-Fragiem-realizara-una-unica-funcion-en-caba-de-ku-5-630x420.jpg 630w, https:\/\/sergiolapegue.com\/site\/wp-content\/uploads\/2024\/11\/La-compania-Fragiem-realizara-una-unica-funcion-en-caba-de-ku-5-696x464.jpg 696w, https:\/\/sergiolapegue.com\/site\/wp-content\/uploads\/2024\/11\/La-compania-Fragiem-realizara-una-unica-funcion-en-caba-de-ku-5-1068x712.jpg 1068w, https:\/\/sergiolapegue.com\/site\/wp-content\/uploads\/2024\/11\/La-compania-Fragiem-realizara-una-unica-funcion-en-caba-de-ku-5-1920x1280.jpg 1920w\" sizes=\"auto, (max-width: 1024px) 100vw, 1024px\" \/><\/figure>\n\n\n\n<p>La obra es adem\u00e1s una experiencia visual \u00fanica, que incluye originales elementos lum\u00ednicos, vibrantes colores en los vestuarios, maquillajes y peinados imponentes y una m\u00fasica que acompa\u00f1a en forma exacta y precisa cada movimiento, cada acci\u00f3n.<\/p>\n\n\n\n<p>K\u016a&nbsp;es la quinta obra de la compa\u00f1\u00eda&nbsp;FRAGIEM, que llega desde La Plata para sorprender al p\u00fablico local, subiendo la apuesta teatral a un nuevo nivel y&nbsp;combinando la danza y la acrobacia con el uso de recursos innovadores.<\/p>\n\n\n\n<p>En la vor\u00e1gine nocturna, se enciende KU. Una comunidad conectada por el movimiento, que transita momentos de euforia, tensi\u00f3n y adrenalina. Una versi\u00f3n del futuro con vistas del pasado. KU busca la vibraci\u00f3n, la precisi\u00f3n y el impacto.<br>KU es la quinta obra de la compa\u00f1\u00eda FRAGIEM que sube la apuesta esc\u00e9nica a otro nivel. Combinando la danza y la acrobacia con el uso de recursos innovadores.<\/p>\n\n\n\n<p><strong>PALABRAS DE LOS DIRECTORES<\/strong><\/p>\n\n\n\n<p>\u201c\u00a1Estamos muy felices de llevar nuestro espect\u00e1culo a Capital Federal por primera vez!<\/p>\n\n\n\n<p>Les aseguramos que van a ver un show de alt\u00edsimo nivel, con una mega producci\u00f3n y grandes artistas en escena, diferente a todo. Se van a sorprender.<\/p>\n\n\n\n<p>\u00a1Los esperamos!\u201d \u2013 <strong>Gina y Franco<\/strong><\/p>\n\n\n\n<figure class=\"wp-block-embed is-type-video is-provider-youtube wp-block-embed-youtube wp-embed-aspect-16-9 wp-has-aspect-ratio\"><div class=\"wp-block-embed__wrapper\">\n<iframe loading=\"lazy\" title=\"KU 2024 NUEVA TEMPORADA\" width=\"696\" height=\"392\" src=\"https:\/\/www.youtube.com\/embed\/EQKqKNfZoLo?feature=oembed\" frameborder=\"0\" allow=\"accelerometer; autoplay; clipboard-write; encrypted-media; gyroscope; picture-in-picture; web-share\" referrerpolicy=\"strict-origin-when-cross-origin\" allowfullscreen><\/iframe>\n<\/div><\/figure>\n\n\n\n<p><strong>FICHA T\u00c9CNICO ART\u00cdSTICA <\/strong><\/p>\n\n\n\n<p><strong>Act\u00faan:<\/strong> Santiago Verde \u2013 Sabrina Acosta \u2013 Candela Arrieta \u2013 Yamila Asad \u2013 Carola Chiodini \u2013 Mat\u00edas Dami\u00e1n Hadzinicolau \u2013 Emiliana Echave \u2013 Mar\u00eda Elena Riddick \u2013 Santiago Est\u00e9vez Nogueira \u2013 Camila Girardi \u2013 Juan Ignacio Bendrame \u2013 Florencia Jeannotegui \u2013 Franco Laplagne \u2013 Sebasti\u00e1n Lofeudo \u2013 Eliana Mallea \u2013 Giannina Moglia \u2013 Florencia Ricci \u2013 Laura Vilaltella<\/p>\n\n\n\n<p><strong>Escenograf\u00eda:<\/strong> Ver\u00f3nica G\u00f3mes Toresani&nbsp; &nbsp;&nbsp;<\/p>\n\n\n\n<p><strong>Dise\u00f1o de vestuario:<\/strong> Marianela Bartolotta<\/p>\n\n\n\n<p><strong>Realizaci\u00f3n de vestuario:<\/strong> Marianela Bartolotta<\/p>\n\n\n\n<p><strong>Comunicaci\u00f3n:<\/strong>&nbsp;@agwprensaydesarrollo<\/p>\n\n\n\n<p><strong>Producci\u00f3n:<\/strong> Fragiem<\/p>\n\n\n\n<p><strong>Direcci\u00f3n:<\/strong> Franco Laplagne \u2013 Gina Maltagliati<\/p>\n\n\n\n<p><strong>Web:<\/strong>&nbsp;<a href=\"https:\/\/www.instagram.com\/fragiem\/\" target=\"_blank\" rel=\"noreferrer noopener\">https:\/\/www.instagram.com\/fragiem\/<\/a><\/p>\n\n\n\n<p><strong>Duraci\u00f3n:<\/strong> 50 minutos<\/p>\n\n\n\n<p><strong>Clasificaciones:<\/strong>&nbsp;Circo, Danza, Presencial, Adultos<\/p>\n\n\n\n<figure class=\"wp-block-image size-large\"><img loading=\"lazy\" decoding=\"async\" width=\"1024\" height=\"683\" src=\"https:\/\/sergiolapegue.com\/site\/wp-content\/uploads\/2024\/11\/La-compania-Fragiem-realizara-una-unica-funcion-en-caba-de-ku-2-1024x683.jpg\" alt=\"\" class=\"wp-image-19122\" srcset=\"https:\/\/sergiolapegue.com\/site\/wp-content\/uploads\/2024\/11\/La-compania-Fragiem-realizara-una-unica-funcion-en-caba-de-ku-2-1024x683.jpg 1024w, https:\/\/sergiolapegue.com\/site\/wp-content\/uploads\/2024\/11\/La-compania-Fragiem-realizara-una-unica-funcion-en-caba-de-ku-2-300x200.jpg 300w, https:\/\/sergiolapegue.com\/site\/wp-content\/uploads\/2024\/11\/La-compania-Fragiem-realizara-una-unica-funcion-en-caba-de-ku-2-768x512.jpg 768w, https:\/\/sergiolapegue.com\/site\/wp-content\/uploads\/2024\/11\/La-compania-Fragiem-realizara-una-unica-funcion-en-caba-de-ku-2-1536x1024.jpg 1536w, https:\/\/sergiolapegue.com\/site\/wp-content\/uploads\/2024\/11\/La-compania-Fragiem-realizara-una-unica-funcion-en-caba-de-ku-2-2048x1365.jpg 2048w, https:\/\/sergiolapegue.com\/site\/wp-content\/uploads\/2024\/11\/La-compania-Fragiem-realizara-una-unica-funcion-en-caba-de-ku-2-630x420.jpg 630w, https:\/\/sergiolapegue.com\/site\/wp-content\/uploads\/2024\/11\/La-compania-Fragiem-realizara-una-unica-funcion-en-caba-de-ku-2-696x464.jpg 696w, https:\/\/sergiolapegue.com\/site\/wp-content\/uploads\/2024\/11\/La-compania-Fragiem-realizara-una-unica-funcion-en-caba-de-ku-2-1068x712.jpg 1068w, https:\/\/sergiolapegue.com\/site\/wp-content\/uploads\/2024\/11\/La-compania-Fragiem-realizara-una-unica-funcion-en-caba-de-ku-2-1920x1280.jpg 1920w\" sizes=\"auto, (max-width: 1024px) 100vw, 1024px\" \/><\/figure>\n\n\n\n<p><strong>TEATRO EL CUBO<\/strong><\/p>\n\n\n\n<p>Zelaya 3053 \u2013 Capital Federal \u2013 Buenos Aires \u2013 Argentina<\/p>\n\n\n\n<p>Tel\u00e9fono: 4963-2568 \u2013 Web: <a href=\"http:\/\/www.cuboabasto.com.ar\">http:\/\/www.cuboabasto.com.ar<\/a><\/p>\n\n\n\n<p>Entradas: $ 12.000 \u2013 en boleter\u00eda del teatro o por Alternativa Teatral<\/p>\n\n\n\n<p>Funci\u00f3n: Domingo 17 de Noviembre \u2013 20:00 horas<\/p>\n\n\n\n<p>Gracias Alejandra Waisblat de AGW Prensa y Desarrollo por acercarnos la gacetilla de prensa de este espect\u00e1culo.<\/p>\n\n\n\n<p><\/p>\n\n\n\n<figure class=\"wp-block-image size-large\"><img loading=\"lazy\" decoding=\"async\" width=\"1024\" height=\"683\" src=\"https:\/\/sergiolapegue.com\/site\/wp-content\/uploads\/2024\/11\/La-compania-Fragiem-realizara-una-unica-funcion-en-caba-de-ku-4-1024x683.jpg\" alt=\"\" class=\"wp-image-19123\" srcset=\"https:\/\/sergiolapegue.com\/site\/wp-content\/uploads\/2024\/11\/La-compania-Fragiem-realizara-una-unica-funcion-en-caba-de-ku-4-1024x683.jpg 1024w, https:\/\/sergiolapegue.com\/site\/wp-content\/uploads\/2024\/11\/La-compania-Fragiem-realizara-una-unica-funcion-en-caba-de-ku-4-300x200.jpg 300w, https:\/\/sergiolapegue.com\/site\/wp-content\/uploads\/2024\/11\/La-compania-Fragiem-realizara-una-unica-funcion-en-caba-de-ku-4-768x512.jpg 768w, https:\/\/sergiolapegue.com\/site\/wp-content\/uploads\/2024\/11\/La-compania-Fragiem-realizara-una-unica-funcion-en-caba-de-ku-4-1536x1024.jpg 1536w, https:\/\/sergiolapegue.com\/site\/wp-content\/uploads\/2024\/11\/La-compania-Fragiem-realizara-una-unica-funcion-en-caba-de-ku-4-2048x1365.jpg 2048w, https:\/\/sergiolapegue.com\/site\/wp-content\/uploads\/2024\/11\/La-compania-Fragiem-realizara-una-unica-funcion-en-caba-de-ku-4-630x420.jpg 630w, https:\/\/sergiolapegue.com\/site\/wp-content\/uploads\/2024\/11\/La-compania-Fragiem-realizara-una-unica-funcion-en-caba-de-ku-4-696x464.jpg 696w, https:\/\/sergiolapegue.com\/site\/wp-content\/uploads\/2024\/11\/La-compania-Fragiem-realizara-una-unica-funcion-en-caba-de-ku-4-1068x712.jpg 1068w, https:\/\/sergiolapegue.com\/site\/wp-content\/uploads\/2024\/11\/La-compania-Fragiem-realizara-una-unica-funcion-en-caba-de-ku-4-1920x1280.jpg 1920w\" sizes=\"auto, (max-width: 1024px) 100vw, 1024px\" \/><\/figure>\n\n\n\n<p><strong>SOBRE LOS DIRECTORES<\/strong><\/p>\n\n\n\n<p><strong>GINA MALTAGLIATI<\/strong><\/p>\n\n\n\n<p>De la ciudad de La Plata.<\/p>\n\n\n\n<p>Es bailarina, directora, acr\u00f3bata a\u00e9rea y core\u00f3grafa.<\/p>\n\n\n\n<p>Formada en danza contempor\u00e1nea, danza cl\u00e1sica y danza jazz.<\/p>\n\n\n\n<p>Egresada del taller IPP del estudio Pei Mei.<\/p>\n\n\n\n<p>Form\u00f3 parte de la compa\u00f1\u00eda Calle 46 de Danza Contempor\u00e1nea durante 6 a\u00f1os.<\/p>\n\n\n\n<p>Actualmente trabaja como profesora de danzas y sigue su formaci\u00f3n en estudios de danza en Buenos Aires.<\/p>\n\n\n\n<p>En el a\u00f1o 2016 crea la compa\u00f1\u00eda Fragiem, la que contin\u00faa dirigiendo.<\/p>\n\n\n\n<p>En 2019 -junto a Franco Laplagne- conforma la productora art\u00edstica &#8220;Fragiem Producciones&#8221;.<\/p>\n\n\n\n<p>Desde el a\u00f1o 2021 forma parte del equipo de direcci\u00f3n de la compa\u00f1\u00eda de teatro musical &#8220;Fusionarte&#8221;, de la ciudad de La Plata.<\/p>\n\n\n\n<p><strong>FRANCO LAPLAGNE<\/strong><\/p>\n\n\n\n<p>Es actor, bailar\u00edn, acr\u00f3bata y director.<\/p>\n\n\n\n<p>A los 9 a\u00f1os comenz\u00f3 a estudiar actuaci\u00f3n, buceando en el estilo \u201cabsurdo\u201d, y a los 14 incursion\u00f3 en circo, de manera autodidacta.<\/p>\n\n\n\n<p>A los 19 a\u00f1os gan\u00f3 una beca para integrar la Formaci\u00f3n Avanzada en Artes del Circo del Circo Social del Sur en CABA.<\/p>\n\n\n\n<p>Fue parte de la compa\u00f1\u00eda Calle 46 de Danza Contempor\u00e1nea durante 5 a\u00f1os.&nbsp;<\/p>\n\n\n\n<p>En 2016 crea la compa\u00f1\u00eda Fragiem, que contin\u00faa dirigiendo en la actualidad. Ese mismo a\u00f1o se sum\u00f3 a la compa\u00f1\u00eda actoral Humor\u00edsimas.<\/p>\n\n\n\n<p>En 2019 -junto a Gina Maltagliati- conforma la productora art\u00edstica<\/p>\n\n\n\n<p>\u201cFragiem Producciones\u201d.<\/p>\n\n\n\n<p>Desde el a\u00f1o 2021 forma parte del equipo de direcci\u00f3n de la compa\u00f1\u00eda de teatro musical &#8220;Fusionarte&#8221;, de la ciudad de La Plata.<\/p>\n\n\n\n<p>IG @fragiem<\/p>\n\n\n\n<p>YouTube Fragiem<\/p>\n\n\n\n<p><\/p>\n","protected":false},"excerpt":{"rendered":"<p>La Compa\u00f1\u00eda Fragiem realizara una \u00fanica funci\u00f3n en CABA con su espect\u00e1culo K\u016a, se presentar\u00e1n el d\u00eda 17 de noviembre a las 20:00 horas en el Teatro El Cubo. K\u016a&nbsp;es un espect\u00e1culo de acrobacia y danza que invita a conocer una comunidad conectada por el movimiento. El principal atractivo que tiene esta puesta es una [&hellip;]<\/p>\n","protected":false},"author":3,"featured_media":19125,"comment_status":"open","ping_status":"closed","sticky":false,"template":"","format":"standard","meta":{"footnotes":""},"categories":[34],"tags":[],"class_list":{"0":"post-19121","1":"post","2":"type-post","3":"status-publish","4":"format-standard","5":"has-post-thumbnail","7":"category-arte"},"yoast_head":"<!-- This site is optimized with the Yoast SEO plugin v27.5 - https:\/\/yoast.com\/product\/yoast-seo-wordpress\/ -->\n<title>LA COMPA\u00d1\u00cdA FRAGIEM REALIZAR\u00c1 UNA \u00daNICA FUNCION EN CABA DE K\u016a - Sergio Lapegue<\/title>\n<meta name=\"robots\" content=\"index, follow, max-snippet:-1, max-image-preview:large, max-video-preview:-1\" \/>\n<link rel=\"canonical\" href=\"https:\/\/sergiolapegue.com\/site\/2024\/11\/08\/la-compania-fragiem-realizara-una-unica-funcion-en-caba-de-ku\/\" \/>\n<meta property=\"og:locale\" content=\"es_ES\" \/>\n<meta property=\"og:type\" content=\"article\" \/>\n<meta property=\"og:title\" content=\"LA COMPA\u00d1\u00cdA FRAGIEM REALIZAR\u00c1 UNA \u00daNICA FUNCION EN CABA DE K\u016a - Sergio Lapegue\" \/>\n<meta property=\"og:description\" content=\"La Compa\u00f1\u00eda Fragiem realizara una \u00fanica funci\u00f3n en CABA con su espect\u00e1culo K\u016a, se presentar\u00e1n el d\u00eda 17 de noviembre a las 20:00 horas en el Teatro El Cubo. K\u016a&nbsp;es un espect\u00e1culo de acrobacia y danza que invita a conocer una comunidad conectada por el movimiento. El principal atractivo que tiene esta puesta es una [&hellip;]\" \/>\n<meta property=\"og:url\" content=\"https:\/\/sergiolapegue.com\/site\/2024\/11\/08\/la-compania-fragiem-realizara-una-unica-funcion-en-caba-de-ku\/\" \/>\n<meta property=\"og:site_name\" content=\"Sergio Lapegue\" \/>\n<meta property=\"article:publisher\" content=\"https:\/\/facebook.com\/sergiolapegue\" \/>\n<meta property=\"article:author\" content=\"https:\/\/facebook.com\/danielernesto.montana\" \/>\n<meta property=\"article:published_time\" content=\"2024-11-08T20:00:00+00:00\" \/>\n<meta property=\"og:image\" content=\"https:\/\/sergiolapegue.com\/site\/wp-content\/uploads\/2024\/11\/La-compania-Fragiem-realizara-una-unica-funcion-en-caba-de-ku.jpg\" \/>\n\t<meta property=\"og:image:width\" content=\"1080\" \/>\n\t<meta property=\"og:image:height\" content=\"1080\" \/>\n\t<meta property=\"og:image:type\" content=\"image\/jpeg\" \/>\n<meta name=\"author\" content=\"Daniel E. Monta\u00f1a\" \/>\n<meta name=\"twitter:card\" content=\"summary_large_image\" \/>\n<meta name=\"twitter:creator\" content=\"@https:\/\/twitter.com\/daner_004\" \/>\n<meta name=\"twitter:site\" content=\"@sergiolapegue\" \/>\n<meta name=\"twitter:label1\" content=\"Escrito por\" \/>\n\t<meta name=\"twitter:data1\" content=\"Daniel E. Monta\u00f1a\" \/>\n\t<meta name=\"twitter:label2\" content=\"Tiempo de lectura\" \/>\n\t<meta name=\"twitter:data2\" content=\"4 minutos\" \/>\n<script type=\"application\/ld+json\" class=\"yoast-schema-graph\">{\"@context\":\"https:\\\/\\\/schema.org\",\"@graph\":[{\"@type\":\"Article\",\"@id\":\"https:\\\/\\\/sergiolapegue.com\\\/site\\\/2024\\\/11\\\/08\\\/la-compania-fragiem-realizara-una-unica-funcion-en-caba-de-ku\\\/#article\",\"isPartOf\":{\"@id\":\"https:\\\/\\\/sergiolapegue.com\\\/site\\\/2024\\\/11\\\/08\\\/la-compania-fragiem-realizara-una-unica-funcion-en-caba-de-ku\\\/\"},\"author\":{\"name\":\"Daniel E. Monta\u00f1a\",\"@id\":\"https:\\\/\\\/sergiolapegue.com\\\/site\\\/#\\\/schema\\\/person\\\/9198e7dbab43c6d74d0fd5399af7c3cd\"},\"headline\":\"LA COMPA\u00d1\u00cdA FRAGIEM REALIZAR\u00c1 UNA \u00daNICA FUNCION EN CABA DE K\u016a\",\"datePublished\":\"2024-11-08T20:00:00+00:00\",\"mainEntityOfPage\":{\"@id\":\"https:\\\/\\\/sergiolapegue.com\\\/site\\\/2024\\\/11\\\/08\\\/la-compania-fragiem-realizara-una-unica-funcion-en-caba-de-ku\\\/\"},\"wordCount\":744,\"commentCount\":0,\"publisher\":{\"@id\":\"https:\\\/\\\/sergiolapegue.com\\\/site\\\/#\\\/schema\\\/person\\\/083aeceeb0734cd166779ea6c0551a37\"},\"image\":{\"@id\":\"https:\\\/\\\/sergiolapegue.com\\\/site\\\/2024\\\/11\\\/08\\\/la-compania-fragiem-realizara-una-unica-funcion-en-caba-de-ku\\\/#primaryimage\"},\"thumbnailUrl\":\"https:\\\/\\\/sergiolapegue.com\\\/site\\\/wp-content\\\/uploads\\\/2024\\\/11\\\/La-compania-Fragiem-realizara-una-unica-funcion-en-caba-de-ku.jpg\",\"articleSection\":[\"Arte\"],\"inLanguage\":\"es-AR\",\"potentialAction\":[{\"@type\":\"CommentAction\",\"name\":\"Comment\",\"target\":[\"https:\\\/\\\/sergiolapegue.com\\\/site\\\/2024\\\/11\\\/08\\\/la-compania-fragiem-realizara-una-unica-funcion-en-caba-de-ku\\\/#respond\"]}]},{\"@type\":\"WebPage\",\"@id\":\"https:\\\/\\\/sergiolapegue.com\\\/site\\\/2024\\\/11\\\/08\\\/la-compania-fragiem-realizara-una-unica-funcion-en-caba-de-ku\\\/\",\"url\":\"https:\\\/\\\/sergiolapegue.com\\\/site\\\/2024\\\/11\\\/08\\\/la-compania-fragiem-realizara-una-unica-funcion-en-caba-de-ku\\\/\",\"name\":\"LA COMPA\u00d1\u00cdA FRAGIEM REALIZAR\u00c1 UNA \u00daNICA FUNCION EN CABA DE K\u016a - Sergio Lapegue\",\"isPartOf\":{\"@id\":\"https:\\\/\\\/sergiolapegue.com\\\/site\\\/#website\"},\"primaryImageOfPage\":{\"@id\":\"https:\\\/\\\/sergiolapegue.com\\\/site\\\/2024\\\/11\\\/08\\\/la-compania-fragiem-realizara-una-unica-funcion-en-caba-de-ku\\\/#primaryimage\"},\"image\":{\"@id\":\"https:\\\/\\\/sergiolapegue.com\\\/site\\\/2024\\\/11\\\/08\\\/la-compania-fragiem-realizara-una-unica-funcion-en-caba-de-ku\\\/#primaryimage\"},\"thumbnailUrl\":\"https:\\\/\\\/sergiolapegue.com\\\/site\\\/wp-content\\\/uploads\\\/2024\\\/11\\\/La-compania-Fragiem-realizara-una-unica-funcion-en-caba-de-ku.jpg\",\"datePublished\":\"2024-11-08T20:00:00+00:00\",\"breadcrumb\":{\"@id\":\"https:\\\/\\\/sergiolapegue.com\\\/site\\\/2024\\\/11\\\/08\\\/la-compania-fragiem-realizara-una-unica-funcion-en-caba-de-ku\\\/#breadcrumb\"},\"inLanguage\":\"es-AR\",\"potentialAction\":[{\"@type\":\"ReadAction\",\"target\":[\"https:\\\/\\\/sergiolapegue.com\\\/site\\\/2024\\\/11\\\/08\\\/la-compania-fragiem-realizara-una-unica-funcion-en-caba-de-ku\\\/\"]}]},{\"@type\":\"ImageObject\",\"inLanguage\":\"es-AR\",\"@id\":\"https:\\\/\\\/sergiolapegue.com\\\/site\\\/2024\\\/11\\\/08\\\/la-compania-fragiem-realizara-una-unica-funcion-en-caba-de-ku\\\/#primaryimage\",\"url\":\"https:\\\/\\\/sergiolapegue.com\\\/site\\\/wp-content\\\/uploads\\\/2024\\\/11\\\/La-compania-Fragiem-realizara-una-unica-funcion-en-caba-de-ku.jpg\",\"contentUrl\":\"https:\\\/\\\/sergiolapegue.com\\\/site\\\/wp-content\\\/uploads\\\/2024\\\/11\\\/La-compania-Fragiem-realizara-una-unica-funcion-en-caba-de-ku.jpg\",\"width\":1080,\"height\":1080},{\"@type\":\"BreadcrumbList\",\"@id\":\"https:\\\/\\\/sergiolapegue.com\\\/site\\\/2024\\\/11\\\/08\\\/la-compania-fragiem-realizara-una-unica-funcion-en-caba-de-ku\\\/#breadcrumb\",\"itemListElement\":[{\"@type\":\"ListItem\",\"position\":1,\"name\":\"Inicio\",\"item\":\"https:\\\/\\\/sergiolapegue.com\\\/site\\\/\"},{\"@type\":\"ListItem\",\"position\":2,\"name\":\"LA COMPA\u00d1\u00cdA FRAGIEM REALIZAR\u00c1 UNA \u00daNICA FUNCION EN CABA DE K\u016a\"}]},{\"@type\":\"WebSite\",\"@id\":\"https:\\\/\\\/sergiolapegue.com\\\/site\\\/#website\",\"url\":\"https:\\\/\\\/sergiolapegue.com\\\/site\\\/\",\"name\":\"Sergio Lapegue\",\"description\":\"Periodista\",\"publisher\":{\"@id\":\"https:\\\/\\\/sergiolapegue.com\\\/site\\\/#\\\/schema\\\/person\\\/083aeceeb0734cd166779ea6c0551a37\"},\"potentialAction\":[{\"@type\":\"SearchAction\",\"target\":{\"@type\":\"EntryPoint\",\"urlTemplate\":\"https:\\\/\\\/sergiolapegue.com\\\/site\\\/?s={search_term_string}\"},\"query-input\":{\"@type\":\"PropertyValueSpecification\",\"valueRequired\":true,\"valueName\":\"search_term_string\"}}],\"inLanguage\":\"es-AR\"},{\"@type\":[\"Person\",\"Organization\"],\"@id\":\"https:\\\/\\\/sergiolapegue.com\\\/site\\\/#\\\/schema\\\/person\\\/083aeceeb0734cd166779ea6c0551a37\",\"name\":\"Sergio Lapegue\",\"image\":{\"@type\":\"ImageObject\",\"inLanguage\":\"es-AR\",\"@id\":\"https:\\\/\\\/sergiolapegue.com\\\/site\\\/wp-content\\\/uploads\\\/2021\\\/04\\\/logo_header-1.png\",\"url\":\"https:\\\/\\\/sergiolapegue.com\\\/site\\\/wp-content\\\/uploads\\\/2021\\\/04\\\/logo_header-1.png\",\"contentUrl\":\"https:\\\/\\\/sergiolapegue.com\\\/site\\\/wp-content\\\/uploads\\\/2021\\\/04\\\/logo_header-1.png\",\"width\":272,\"height\":90,\"caption\":\"Sergio Lapegue\"},\"logo\":{\"@id\":\"https:\\\/\\\/sergiolapegue.com\\\/site\\\/wp-content\\\/uploads\\\/2021\\\/04\\\/logo_header-1.png\"},\"sameAs\":[\"https:\\\/\\\/facebook.com\\\/sergiolapegue\",\"https:\\\/\\\/instagram.com\\\/sergiolapegue\",\"https:\\\/\\\/x.com\\\/https:\\\/\\\/twitter.com\\\/sergiolapegue\"]},{\"@type\":\"Person\",\"@id\":\"https:\\\/\\\/sergiolapegue.com\\\/site\\\/#\\\/schema\\\/person\\\/9198e7dbab43c6d74d0fd5399af7c3cd\",\"name\":\"Daniel E. Monta\u00f1a\",\"image\":{\"@type\":\"ImageObject\",\"inLanguage\":\"es-AR\",\"@id\":\"https:\\\/\\\/sergiolapegue.com\\\/site\\\/wp-content\\\/uploads\\\/2021\\\/04\\\/sl_avatar_Daniel-150x150.jpg\",\"url\":\"https:\\\/\\\/sergiolapegue.com\\\/site\\\/wp-content\\\/uploads\\\/2021\\\/04\\\/sl_avatar_Daniel-150x150.jpg\",\"contentUrl\":\"https:\\\/\\\/sergiolapegue.com\\\/site\\\/wp-content\\\/uploads\\\/2021\\\/04\\\/sl_avatar_Daniel-150x150.jpg\",\"caption\":\"Daniel E. Monta\u00f1a\"},\"sameAs\":[\"https:\\\/\\\/facebook.com\\\/danielernesto.montana\",\"https:\\\/\\\/instagram.com\\\/daniel_montana1961\",\"https:\\\/\\\/x.com\\\/https:\\\/\\\/twitter.com\\\/daner_004\"],\"url\":\"https:\\\/\\\/sergiolapegue.com\\\/site\\\/author\\\/daniel\\\/\"}]}<\/script>\n<!-- \/ Yoast SEO plugin. -->","yoast_head_json":{"title":"LA COMPA\u00d1\u00cdA FRAGIEM REALIZAR\u00c1 UNA \u00daNICA FUNCION EN CABA DE K\u016a - Sergio Lapegue","robots":{"index":"index","follow":"follow","max-snippet":"max-snippet:-1","max-image-preview":"max-image-preview:large","max-video-preview":"max-video-preview:-1"},"canonical":"https:\/\/sergiolapegue.com\/site\/2024\/11\/08\/la-compania-fragiem-realizara-una-unica-funcion-en-caba-de-ku\/","og_locale":"es_ES","og_type":"article","og_title":"LA COMPA\u00d1\u00cdA FRAGIEM REALIZAR\u00c1 UNA \u00daNICA FUNCION EN CABA DE K\u016a - Sergio Lapegue","og_description":"La Compa\u00f1\u00eda Fragiem realizara una \u00fanica funci\u00f3n en CABA con su espect\u00e1culo K\u016a, se presentar\u00e1n el d\u00eda 17 de noviembre a las 20:00 horas en el Teatro El Cubo. K\u016a&nbsp;es un espect\u00e1culo de acrobacia y danza que invita a conocer una comunidad conectada por el movimiento. El principal atractivo que tiene esta puesta es una [&hellip;]","og_url":"https:\/\/sergiolapegue.com\/site\/2024\/11\/08\/la-compania-fragiem-realizara-una-unica-funcion-en-caba-de-ku\/","og_site_name":"Sergio Lapegue","article_publisher":"https:\/\/facebook.com\/sergiolapegue","article_author":"https:\/\/facebook.com\/danielernesto.montana","article_published_time":"2024-11-08T20:00:00+00:00","og_image":[{"width":1080,"height":1080,"url":"https:\/\/sergiolapegue.com\/site\/wp-content\/uploads\/2024\/11\/La-compania-Fragiem-realizara-una-unica-funcion-en-caba-de-ku.jpg","type":"image\/jpeg"}],"author":"Daniel E. Monta\u00f1a","twitter_card":"summary_large_image","twitter_creator":"@https:\/\/twitter.com\/daner_004","twitter_site":"@sergiolapegue","twitter_misc":{"Escrito por":"Daniel E. Monta\u00f1a","Tiempo de lectura":"4 minutos"},"schema":{"@context":"https:\/\/schema.org","@graph":[{"@type":"Article","@id":"https:\/\/sergiolapegue.com\/site\/2024\/11\/08\/la-compania-fragiem-realizara-una-unica-funcion-en-caba-de-ku\/#article","isPartOf":{"@id":"https:\/\/sergiolapegue.com\/site\/2024\/11\/08\/la-compania-fragiem-realizara-una-unica-funcion-en-caba-de-ku\/"},"author":{"name":"Daniel E. Monta\u00f1a","@id":"https:\/\/sergiolapegue.com\/site\/#\/schema\/person\/9198e7dbab43c6d74d0fd5399af7c3cd"},"headline":"LA COMPA\u00d1\u00cdA FRAGIEM REALIZAR\u00c1 UNA \u00daNICA FUNCION EN CABA DE K\u016a","datePublished":"2024-11-08T20:00:00+00:00","mainEntityOfPage":{"@id":"https:\/\/sergiolapegue.com\/site\/2024\/11\/08\/la-compania-fragiem-realizara-una-unica-funcion-en-caba-de-ku\/"},"wordCount":744,"commentCount":0,"publisher":{"@id":"https:\/\/sergiolapegue.com\/site\/#\/schema\/person\/083aeceeb0734cd166779ea6c0551a37"},"image":{"@id":"https:\/\/sergiolapegue.com\/site\/2024\/11\/08\/la-compania-fragiem-realizara-una-unica-funcion-en-caba-de-ku\/#primaryimage"},"thumbnailUrl":"https:\/\/sergiolapegue.com\/site\/wp-content\/uploads\/2024\/11\/La-compania-Fragiem-realizara-una-unica-funcion-en-caba-de-ku.jpg","articleSection":["Arte"],"inLanguage":"es-AR","potentialAction":[{"@type":"CommentAction","name":"Comment","target":["https:\/\/sergiolapegue.com\/site\/2024\/11\/08\/la-compania-fragiem-realizara-una-unica-funcion-en-caba-de-ku\/#respond"]}]},{"@type":"WebPage","@id":"https:\/\/sergiolapegue.com\/site\/2024\/11\/08\/la-compania-fragiem-realizara-una-unica-funcion-en-caba-de-ku\/","url":"https:\/\/sergiolapegue.com\/site\/2024\/11\/08\/la-compania-fragiem-realizara-una-unica-funcion-en-caba-de-ku\/","name":"LA COMPA\u00d1\u00cdA FRAGIEM REALIZAR\u00c1 UNA \u00daNICA FUNCION EN CABA DE K\u016a - Sergio Lapegue","isPartOf":{"@id":"https:\/\/sergiolapegue.com\/site\/#website"},"primaryImageOfPage":{"@id":"https:\/\/sergiolapegue.com\/site\/2024\/11\/08\/la-compania-fragiem-realizara-una-unica-funcion-en-caba-de-ku\/#primaryimage"},"image":{"@id":"https:\/\/sergiolapegue.com\/site\/2024\/11\/08\/la-compania-fragiem-realizara-una-unica-funcion-en-caba-de-ku\/#primaryimage"},"thumbnailUrl":"https:\/\/sergiolapegue.com\/site\/wp-content\/uploads\/2024\/11\/La-compania-Fragiem-realizara-una-unica-funcion-en-caba-de-ku.jpg","datePublished":"2024-11-08T20:00:00+00:00","breadcrumb":{"@id":"https:\/\/sergiolapegue.com\/site\/2024\/11\/08\/la-compania-fragiem-realizara-una-unica-funcion-en-caba-de-ku\/#breadcrumb"},"inLanguage":"es-AR","potentialAction":[{"@type":"ReadAction","target":["https:\/\/sergiolapegue.com\/site\/2024\/11\/08\/la-compania-fragiem-realizara-una-unica-funcion-en-caba-de-ku\/"]}]},{"@type":"ImageObject","inLanguage":"es-AR","@id":"https:\/\/sergiolapegue.com\/site\/2024\/11\/08\/la-compania-fragiem-realizara-una-unica-funcion-en-caba-de-ku\/#primaryimage","url":"https:\/\/sergiolapegue.com\/site\/wp-content\/uploads\/2024\/11\/La-compania-Fragiem-realizara-una-unica-funcion-en-caba-de-ku.jpg","contentUrl":"https:\/\/sergiolapegue.com\/site\/wp-content\/uploads\/2024\/11\/La-compania-Fragiem-realizara-una-unica-funcion-en-caba-de-ku.jpg","width":1080,"height":1080},{"@type":"BreadcrumbList","@id":"https:\/\/sergiolapegue.com\/site\/2024\/11\/08\/la-compania-fragiem-realizara-una-unica-funcion-en-caba-de-ku\/#breadcrumb","itemListElement":[{"@type":"ListItem","position":1,"name":"Inicio","item":"https:\/\/sergiolapegue.com\/site\/"},{"@type":"ListItem","position":2,"name":"LA COMPA\u00d1\u00cdA FRAGIEM REALIZAR\u00c1 UNA \u00daNICA FUNCION EN CABA DE K\u016a"}]},{"@type":"WebSite","@id":"https:\/\/sergiolapegue.com\/site\/#website","url":"https:\/\/sergiolapegue.com\/site\/","name":"Sergio Lapegue","description":"Periodista","publisher":{"@id":"https:\/\/sergiolapegue.com\/site\/#\/schema\/person\/083aeceeb0734cd166779ea6c0551a37"},"potentialAction":[{"@type":"SearchAction","target":{"@type":"EntryPoint","urlTemplate":"https:\/\/sergiolapegue.com\/site\/?s={search_term_string}"},"query-input":{"@type":"PropertyValueSpecification","valueRequired":true,"valueName":"search_term_string"}}],"inLanguage":"es-AR"},{"@type":["Person","Organization"],"@id":"https:\/\/sergiolapegue.com\/site\/#\/schema\/person\/083aeceeb0734cd166779ea6c0551a37","name":"Sergio Lapegue","image":{"@type":"ImageObject","inLanguage":"es-AR","@id":"https:\/\/sergiolapegue.com\/site\/wp-content\/uploads\/2021\/04\/logo_header-1.png","url":"https:\/\/sergiolapegue.com\/site\/wp-content\/uploads\/2021\/04\/logo_header-1.png","contentUrl":"https:\/\/sergiolapegue.com\/site\/wp-content\/uploads\/2021\/04\/logo_header-1.png","width":272,"height":90,"caption":"Sergio Lapegue"},"logo":{"@id":"https:\/\/sergiolapegue.com\/site\/wp-content\/uploads\/2021\/04\/logo_header-1.png"},"sameAs":["https:\/\/facebook.com\/sergiolapegue","https:\/\/instagram.com\/sergiolapegue","https:\/\/x.com\/https:\/\/twitter.com\/sergiolapegue"]},{"@type":"Person","@id":"https:\/\/sergiolapegue.com\/site\/#\/schema\/person\/9198e7dbab43c6d74d0fd5399af7c3cd","name":"Daniel E. Monta\u00f1a","image":{"@type":"ImageObject","inLanguage":"es-AR","@id":"https:\/\/sergiolapegue.com\/site\/wp-content\/uploads\/2021\/04\/sl_avatar_Daniel-150x150.jpg","url":"https:\/\/sergiolapegue.com\/site\/wp-content\/uploads\/2021\/04\/sl_avatar_Daniel-150x150.jpg","contentUrl":"https:\/\/sergiolapegue.com\/site\/wp-content\/uploads\/2021\/04\/sl_avatar_Daniel-150x150.jpg","caption":"Daniel E. Monta\u00f1a"},"sameAs":["https:\/\/facebook.com\/danielernesto.montana","https:\/\/instagram.com\/daniel_montana1961","https:\/\/x.com\/https:\/\/twitter.com\/daner_004"],"url":"https:\/\/sergiolapegue.com\/site\/author\/daniel\/"}]}},"_links":{"self":[{"href":"https:\/\/sergiolapegue.com\/site\/wp-json\/wp\/v2\/posts\/19121","targetHints":{"allow":["GET"]}}],"collection":[{"href":"https:\/\/sergiolapegue.com\/site\/wp-json\/wp\/v2\/posts"}],"about":[{"href":"https:\/\/sergiolapegue.com\/site\/wp-json\/wp\/v2\/types\/post"}],"author":[{"embeddable":true,"href":"https:\/\/sergiolapegue.com\/site\/wp-json\/wp\/v2\/users\/3"}],"replies":[{"embeddable":true,"href":"https:\/\/sergiolapegue.com\/site\/wp-json\/wp\/v2\/comments?post=19121"}],"version-history":[{"count":1,"href":"https:\/\/sergiolapegue.com\/site\/wp-json\/wp\/v2\/posts\/19121\/revisions"}],"predecessor-version":[{"id":19126,"href":"https:\/\/sergiolapegue.com\/site\/wp-json\/wp\/v2\/posts\/19121\/revisions\/19126"}],"wp:featuredmedia":[{"embeddable":true,"href":"https:\/\/sergiolapegue.com\/site\/wp-json\/wp\/v2\/media\/19125"}],"wp:attachment":[{"href":"https:\/\/sergiolapegue.com\/site\/wp-json\/wp\/v2\/media?parent=19121"}],"wp:term":[{"taxonomy":"category","embeddable":true,"href":"https:\/\/sergiolapegue.com\/site\/wp-json\/wp\/v2\/categories?post=19121"},{"taxonomy":"post_tag","embeddable":true,"href":"https:\/\/sergiolapegue.com\/site\/wp-json\/wp\/v2\/tags?post=19121"}],"curies":[{"name":"wp","href":"https:\/\/api.w.org\/{rel}","templated":true}]}}